{"id":10001,"date":"2023-08-07T09:45:26","date_gmt":"2023-08-07T12:45:26","guid":{"rendered":"https:\/\/www.grupomedcof.com.br\/blog\/?p=10001"},"modified":"2024-12-03T17:19:57","modified_gmt":"2024-12-03T20:19:57","slug":"revise-sobre-os-principais-marcadores-tumorais-e-gabarite-na-prova-de-residencia","status":"publish","type":"post","link":"https:\/\/www.grupomedcof.com.br\/blog\/revise-sobre-os-principais-marcadores-tumorais-e-gabarite-na-prova-de-residencia\/","title":{"rendered":"Revise sobre os principais marcadores tumorais e gabarite na prova de resid\u00eancia!"},"content":{"rendered":"<div id=\"ez-toc-container\" class=\"ez-toc-v2_0_74 counter-hierarchy ez-toc-counter ez-toc-transparent ez-toc-container-direction\">\n<div class=\"ez-toc-title-container\">\n<p class=\"ez-toc-title\" style=\"cursor:inherit\">Sum\u00e1rio<\/p>\n<span class=\"ez-toc-title-toggle\"><a href=\"#\" class=\"ez-toc-pull-right ez-toc-btn ez-toc-btn-xs ez-toc-btn-default ez-toc-toggle\" aria-label=\"Alternar tabela de conte\u00fado\"><span class=\"ez-toc-js-icon-con\"><span class=\"\"><span class=\"eztoc-hide\" style=\"display:none;\">Toggle<\/span><span class=\"ez-toc-icon-toggle-span\"><svg style=\"fill: #999;color:#999\" xmlns=\"http:\/\/www.w3.org\/2000\/svg\" class=\"list-377408\" width=\"20px\" height=\"20px\" viewBox=\"0 0 24 24\" fill=\"none\"><path d=\"M6 6H4v2h2V6zm14 0H8v2h12V6zM4 11h2v2H4v-2zm16 0H8v2h12v-2zM4 16h2v2H4v-2zm16 0H8v2h12v-2z\" fill=\"currentColor\"><\/path><\/svg><svg style=\"fill: #999;color:#999\" class=\"arrow-unsorted-368013\" xmlns=\"http:\/\/www.w3.org\/2000\/svg\" width=\"10px\" height=\"10px\" viewBox=\"0 0 24 24\" version=\"1.2\" baseProfile=\"tiny\"><path d=\"M18.2 9.3l-6.2-6.3-6.2 6.3c-.2.2-.3.4-.3.7s.1.5.3.7c.2.2.4.3.7.3h11c.3 0 .5-.1.7-.3.2-.2.3-.5.3-.7s-.1-.5-.3-.7zM5.8 14.7l6.2 6.3 6.2-6.3c.2-.2.3-.5.3-.7s-.1-.5-.3-.7c-.2-.2-.4-.3-.7-.3h-11c-.3 0-.5.1-.7.3-.2.2-.3.5-.3.7s.1.5.3.7z\"\/><\/svg><\/span><\/span><\/span><\/a><\/span><\/div>\n<nav><ul class='ez-toc-list ez-toc-list-level-1 ' ><li class='ez-toc-page-1 ez-toc-heading-level-2'><a class=\"ez-toc-link ez-toc-heading-1\" href=\"https:\/\/www.grupomedcof.com.br\/blog\/revise-sobre-os-principais-marcadores-tumorais-e-gabarite-na-prova-de-residencia\/#Uso_dos_marcadores_tumorais\" >Uso dos marcadores tumorais<\/a><ul class='ez-toc-list-level-3' ><li class='ez-toc-heading-level-3'><a class=\"ez-toc-link ez-toc-heading-2\" href=\"https:\/\/www.grupomedcof.com.br\/blog\/revise-sobre-os-principais-marcadores-tumorais-e-gabarite-na-prova-de-residencia\/#Limitacoes\" >Limita\u00e7\u00f5es<\/a><\/li><\/ul><\/li><li class='ez-toc-page-1 ez-toc-heading-level-2'><a class=\"ez-toc-link ez-toc-heading-3\" href=\"https:\/\/www.grupomedcof.com.br\/blog\/revise-sobre-os-principais-marcadores-tumorais-e-gabarite-na-prova-de-residencia\/#Principais_marcadores_tumorais_mais_utilizados_na_pratica_clinica\" >Principais marcadores tumorais mais utilizados na pr\u00e1tica cl\u00ednica<\/a><\/li><li class='ez-toc-page-1 ez-toc-heading-level-2'><a class=\"ez-toc-link ez-toc-heading-4\" href=\"https:\/\/www.grupomedcof.com.br\/blog\/revise-sobre-os-principais-marcadores-tumorais-e-gabarite-na-prova-de-residencia\/#Raio-X_da_Prova_Pratica\" >Raio-X da Prova Pr\u00e1tica<\/a><\/li><\/ul><\/nav><\/div>\n<p><img loading=\"lazy\" decoding=\"async\" width=\"800\" height=\"450\" src=\"https:\/\/www.grupomedcof.com.br\/blog\/wp-content\/uploads\/2023\/08\/Blog-MedCof-2023-08-07T092608.602-1024x576.png\" alt=\"principais marcadores tumorais, marcador tumoral ca 125, marcadores tumorais tabela, marcador tumoral, marcador tumoral ca 19 9, marcador tumoral ca 15 3,\" srcset=\"https:\/\/www.grupomedcof.com.br\/blog\/wp-content\/uploads\/2023\/08\/Blog-MedCof-2023-08-07T092608.602-1024x576.png 1024w, https:\/\/www.grupomedcof.com.br\/blog\/wp-content\/uploads\/2023\/08\/Blog-MedCof-2023-08-07T092608.602-300x169.png 300w, https:\/\/www.grupomedcof.com.br\/blog\/wp-content\/uploads\/2023\/08\/Blog-MedCof-2023-08-07T092608.602-768x432.png 768w, https:\/\/www.grupomedcof.com.br\/blog\/wp-content\/uploads\/2023\/08\/Blog-MedCof-2023-08-07T092608.602-1536x864.png 1536w, https:\/\/www.grupomedcof.com.br\/blog\/wp-content\/uploads\/2023\/08\/Blog-MedCof-2023-08-07T092608.602-2048x1152.png 2048w\" sizes=\"auto, (max-width: 800px) 100vw, 800px\" \/>\t\t\t\t\t\t\t\t\t\t\t\t\t\t\t<\/p>\n<p>Voc\u00ea conhece os<b> principais marcadores tumorais <\/b>cobrados na prova de resid\u00eancia m\u00e9dica? Ent\u00e3o leia esse post e n\u00e3o erre mais nenhuma quest\u00e3o sobre esse tema!<\/p>\n<h4>\n\t\t\t\tSaiba mais\t\t\t<\/h4>\n<p>\t\t\t\t\t\t\t\t\t\t\t\t\t\t\t<img loading=\"lazy\" decoding=\"async\" width=\"800\" height=\"101\" src=\"https:\/\/www.grupomedcof.com.br\/blog\/wp-content\/uploads\/2023\/08\/Blog-MedCof-2023-08-03T161059.764-1024x129.png\" alt=\"raio x da prova pr\u00e1tica, medcof residencia medica, curso Intensivo para Resid\u00eancia M\u00e9dica, curso para resid\u00eancia m\u00e9dica, medcof reta final dominada, reta final dominada, aulas medcof,\" srcset=\"https:\/\/www.grupomedcof.com.br\/blog\/wp-content\/uploads\/2023\/08\/Blog-MedCof-2023-08-03T161059.764-1024x129.png 1024w, https:\/\/www.grupomedcof.com.br\/blog\/wp-content\/uploads\/2023\/08\/Blog-MedCof-2023-08-03T161059.764-300x38.png 300w, https:\/\/www.grupomedcof.com.br\/blog\/wp-content\/uploads\/2023\/08\/Blog-MedCof-2023-08-03T161059.764-768x97.png 768w, https:\/\/www.grupomedcof.com.br\/blog\/wp-content\/uploads\/2023\/08\/Blog-MedCof-2023-08-03T161059.764-1536x194.png 1536w, https:\/\/www.grupomedcof.com.br\/blog\/wp-content\/uploads\/2023\/08\/Blog-MedCof-2023-08-03T161059.764-2048x258.png 2048w\" sizes=\"auto, (max-width: 800px) 100vw, 800px\" \/>\t\t\t\t\t\t\t\t\t\t\t\t\t\t\t<\/p>\n<h2><span class=\"ez-toc-section\" id=\"Uso_dos_marcadores_tumorais\"><\/span><strong>Uso dos marcadores tumorais<\/strong><span class=\"ez-toc-section-end\"><\/span><\/h2>\n<p>O rastreio de c\u00e2ncer desempenha um papel crucial na detec\u00e7\u00e3o precoce e tratamento de v\u00e1rias doen\u00e7as malignas. Marcadores tumorais s\u00e3o subst\u00e2ncias end\u00f3genas produzidas por c\u00e9lulas cancer\u00edgenas ou liberadas na corrente sangu\u00ednea em resposta ao crescimento do c\u00e2ncer.<\/p>\n<p>\u00a0<\/p>\n<p>Desse modo, o uso de marcadores pode servir como ferramenta de aux\u00edlio na triagem, diagn\u00f3stico, progn\u00f3stico e seguimento de pacientes em resposta ao tratamento do c\u00e2ncer.<\/p>\n<p>Sendo assim, a utiliza\u00e7\u00e3o pode ocorrer para:<\/p>\n<ul style=\"font-size: 16px; background-color: rgb(255, 255, 255);\">\n<li style=\"font-size: 16px;\">Rastreamento de diversos tipos de neoplasias;<\/li>\n<li style=\"font-size: 16px;\">Auxiliam no diagn\u00f3stico e estadiamento;<\/li>\n<li style=\"font-size: 16px;\">Alguns deles s\u00e3o utilizados na estimativa do progn\u00f3stico;<\/li>\n<li style=\"font-size: 16px;\">Monitoramento de resposta ao tratamento;<\/li>\n<li style=\"font-size: 16px;\">Investiga\u00e7\u00e3o de recidivas ou met\u00e1stases;<\/li>\n<\/ul>\n<h3 style=\"font-family: Poppins, sans-serif; color: #7a7a7a;\"><span class=\"ez-toc-section\" id=\"Limitacoes\"><\/span><strong>Limita\u00e7\u00f5es<\/strong><span class=\"ez-toc-section-end\"><\/span><\/h3>\n<p>Muitos marcadores tumorais n\u00e3o possuem uma especificidade alta, al\u00e9m de outras patologias poderem falsear o exame, ao aumentar a s\u00edntese de marcadores tumorais, principalmente diante de condi\u00e7\u00f5es inflamat\u00f3rias sist\u00eamicas.<\/p>\n<p>\u00a0<\/p>\n<p>Por isso, o uso cl\u00ednico dos marcadores tumorais deve seguir um racioc\u00ednio cl\u00ednico sempre adicionando informa\u00e7\u00f5es complementares.<\/p>\n<p>\t\t\t\t\t\t\t\t\t\t\t\t\t\t\t\t<a href=\"https:\/\/www.grupomedcof.com.br\/hands-on-curso\/\" target=\"_blank\" rel=\"noopener\"><br \/>\n\t\t\t\t\t\t\t<img loading=\"lazy\" decoding=\"async\" width=\"800\" height=\"101\" src=\"https:\/\/www.grupomedcof.com.br\/blog\/wp-content\/uploads\/2023\/08\/Blog-MedCof-2023-08-03T155030.071-1024x129.png\" alt=\"medcof residencia medica, curso Intensivo para Resid\u00eancia M\u00e9dica, curso para resid\u00eancia m\u00e9dica, medcof reta final dominada, reta final dominada, aulas medcof,\" srcset=\"https:\/\/www.grupomedcof.com.br\/blog\/wp-content\/uploads\/2023\/08\/Blog-MedCof-2023-08-03T155030.071-1024x129.png 1024w, https:\/\/www.grupomedcof.com.br\/blog\/wp-content\/uploads\/2023\/08\/Blog-MedCof-2023-08-03T155030.071-300x38.png 300w, https:\/\/www.grupomedcof.com.br\/blog\/wp-content\/uploads\/2023\/08\/Blog-MedCof-2023-08-03T155030.071-768x97.png 768w, https:\/\/www.grupomedcof.com.br\/blog\/wp-content\/uploads\/2023\/08\/Blog-MedCof-2023-08-03T155030.071-1536x193.png 1536w, https:\/\/www.grupomedcof.com.br\/blog\/wp-content\/uploads\/2023\/08\/Blog-MedCof-2023-08-03T155030.071-2048x258.png 2048w\" sizes=\"auto, (max-width: 800px) 100vw, 800px\" \/>\t\t\t\t\t\t\t\t<\/a><\/p>\n<h2><span class=\"ez-toc-section\" id=\"Principais_marcadores_tumorais_mais_utilizados_na_pratica_clinica\"><\/span><strong>Principais marcadores tumorais mais utilizados na pr\u00e1tica cl\u00ednica<\/strong><span class=\"ez-toc-section-end\"><\/span><\/h2>\n<p>Por fim, veja abaixo os principais marcadores tumorais utilizados e os tumores relacionados a eles:<\/p>\n<table>\n<thead>\n<tr>\n<th>Marcador Tumoral<\/th>\n<th>Tumores relacionados<\/th>\n<\/tr>\n<\/thead>\n<tbody>\n<tr>\n<td>Ant\u00edgeno carcinoembrion\u00e1rio (CEA)<\/td>\n<td>C\u00e2ncer colorretal e ovariano (mucinoso)<\/td>\n<\/tr>\n<tr>\n<td>CA-125<\/td>\n<td>C\u00e2ncer ovariano (epitelial)<\/td>\n<\/tr>\n<tr>\n<td>Alfafetoprote\u00edna (AFP)<\/td>\n<td>C\u00e2ncer de f\u00edgado, c\u00e2ncer testicular, tumores de c\u00e9lulas germinativas.<\/td>\n<\/tr>\n<tr>\n<td>Gonadotrofina cori\u00f4nica humana (hCG)<\/td>\n<td>Doen\u00e7a trofobl\u00e1stica gestacional, c\u00e2ncer testicular, coriocarcinoma uterino, carcinoma embrion\u00e1rio, poliembriomas, tumor de c\u00e9lulas mistas.<\/td>\n<\/tr>\n<tr>\n<td>CA 19-9<\/td>\n<td>C\u00e2ncer de p\u00e2ncreas, c\u00e2ncer de vias biliares e c\u00e2ncer colorretal.<\/td>\n<\/tr>\n<tr>\n<td>CA 15-3<\/td>\n<td>C\u00e2ncer de mama<\/td>\n<\/tr>\n<tr>\n<td>CA 27.29<\/td>\n<td>C\u00e2ncer de mama<\/td>\n<\/tr>\n<tr>\n<td>CA 72-4<\/td>\n<td>C\u00e2ncer de est\u00f4mago e adenocarcinoma de ov\u00e1rio (mucinoso)<\/td>\n<\/tr>\n<tr>\n<td>Tireoglobulina<\/td>\n<td>C\u00e2ncer de tireoide<\/td>\n<\/tr>\n<tr>\n<td>Calcitonina<\/td>\n<td>C\u00e2ncer medular de tireoide<\/td>\n<\/tr>\n<tr>\n<td>AFP-L3<\/td>\n<td>Carcinoma hepatocelular<\/td>\n<\/tr>\n<tr>\n<td>HE4<\/td>\n<td>C\u00e2ncer ovariano<\/td>\n<\/tr>\n<tr>\n<td>Beta-2-microglobulina (B2M)<\/td>\n<td>Mieloma m\u00faltiplo, leucemia linfoc\u00edtica cr\u00f4nica<\/td>\n<\/tr>\n<tr>\n<td>Ant\u00edgeno prost\u00e1tico espec\u00edfico (PSA)<\/td>\n<td>C\u00e2ncer de pr\u00f3stata<\/td>\n<\/tr>\n<tr>\n<td>Fosfatase \u00e1cida prost\u00e1tica (PAP)<\/td>\n<td>C\u00e2ncer de pr\u00f3stata<\/td>\n<\/tr>\n<\/tbody>\n<\/table>\n<h2><span class=\"ez-toc-section\" id=\"Raio-X_da_Prova_Pratica\"><\/span><strong>Raio-X da Prova Pr\u00e1tica<\/strong><span class=\"ez-toc-section-end\"><\/span><\/h2>\n<p>Se voc\u00ea pensa em prestar as provas de resid\u00eancia m\u00e9dica de institui\u00e7\u00f5es como o IAMSPE, USP-RP, SCM-SP, Einstein e UNIFESP, ent\u00e3o precisa<a href=\"https:\/\/www.grupomedcof.com.br\/hands-on-curso\/\" target=\"_blank\" rel=\"noopener\">\u00a0<strong>estar pronto para as\u00a0provas pr\u00e1ticas<\/strong><\/a><strong>!<\/strong> Elas ir\u00e3o compor uma parte importante da sua nota, portanto, n\u00e3o deixe a oportunidade da aprova\u00e7\u00e3o passar!<\/p>\n<p>\u00a0<\/p>\n<p>Foi para<strong style=\"color: var( --e-global-color-text ); font-family: var( --e-global-typography-text-font-family ), Sans-serif;\"><a href=\"https:\/\/www.grupomedcof.com.br\/blog\/dicas-para-provas-praticas-de-residencia-medica\/\" target=\"_blank\" rel=\"noopener\"> garantir a sua prepara\u00e7\u00e3o<\/a><\/strong> que fizemos o\u00a0<strong style=\"color: var( --e-global-color-text ); font-family: var( --e-global-typography-text-font-family ), Sans-serif;\">Raio-X da Prova Pr\u00e1tica<\/strong>, uma semana de lives em que traremos os nossos alunos aprovados nas principais resid\u00eancias que possuem provas pr\u00e1ticas em seus processos seletivos.<\/p>\n","protected":false},"excerpt":{"rendered":"<p>Voc\u00ea conhece os principais marcadores tumorais cobrados na prova de resid\u00eancia m\u00e9dica? Ent\u00e3o leia esse post e n\u00e3o erre mais nenhuma quest\u00e3o sobre esse tema! Saiba mais Uso dos marcadores tumorais O rastreio de c\u00e2ncer desempenha um papel crucial na detec\u00e7\u00e3o precoce e tratamento de v\u00e1rias doen\u00e7as malignas. Marcadores tumorais s\u00e3o subst\u00e2ncias end\u00f3genas produzidas por [&hellip;]<\/p>\n","protected":false},"author":10,"featured_media":10004,"comment_status":"open","ping_status":"open","sticky":false,"template":"","format":"standard","meta":{"footnotes":""},"categories":[115,74],"tags":[210,112,117,68],"ppma_author":[3613],"class_list":{"0":"post-10001","1":"post","2":"type-post","3":"status-publish","4":"format-standard","5":"has-post-thumbnail","7":"category-clinica-medica","8":"category-oncologia","9":"tag-clinica-medica","10":"tag-oncologia","11":"tag-provas-de-residencia","12":"tag-residencia-medica"},"yoast_head":"<!-- This site is optimized with the Yoast SEO Premium plugin v24.3 (Yoast SEO v27.4) - https:\/\/yoast.com\/product\/yoast-seo-premium-wordpress\/ -->\n<title>Revise sobre os principais marcadores tumorais e gabarite na prova de resid\u00eancia! - Blog de Medcof: conte\u00fados, editais, revalida e mais!<\/title>\n<meta name=\"description\" content=\"Principais marcadores tumorais: O rastreio de c\u00e2ncer desempenha um papel crucial na detec\u00e7\u00e3o precoce e tratamento de v\u00e1rias doen\u00e7as malignas.\" \/>\n<meta name=\"robots\" content=\"index, follow, max-snippet:-1, max-image-preview:large, max-video-preview:-1\" \/>\n<link rel=\"canonical\" href=\"https:\/\/www.grupomedcof.com.br\/blog\/revise-sobre-os-principais-marcadores-tumorais-e-gabarite-na-prova-de-residencia\/\" \/>\n<meta property=\"og:locale\" content=\"pt_BR\" \/>\n<meta property=\"og:type\" content=\"article\" \/>\n<meta property=\"og:title\" content=\"Revise sobre os principais marcadores tumorais e gabarite na prova de resid\u00eancia!\" \/>\n<meta property=\"og:description\" content=\"Principais marcadores tumorais: O rastreio de c\u00e2ncer desempenha um papel crucial na detec\u00e7\u00e3o precoce e tratamento de v\u00e1rias doen\u00e7as malignas.\" \/>\n<meta property=\"og:url\" content=\"https:\/\/www.grupomedcof.com.br\/blog\/revise-sobre-os-principais-marcadores-tumorais-e-gabarite-na-prova-de-residencia\/\" \/>\n<meta property=\"og:site_name\" content=\"Blog de Medcof: conte\u00fados, editais, revalida e mais!\" \/>\n<meta property=\"article:publisher\" content=\"https:\/\/www.facebook.com\/MedCofQbank\/\" \/>\n<meta property=\"article:published_time\" content=\"2023-08-07T12:45:26+00:00\" \/>\n<meta property=\"article:modified_time\" content=\"2024-12-03T20:19:57+00:00\" \/>\n<meta property=\"og:image\" content=\"https:\/\/www.grupomedcof.com.br\/blog\/wp-content\/uploads\/2023\/08\/Blog-MedCof-2023-08-07T092544.137-1024x576.png\" \/>\n\t<meta property=\"og:image:width\" content=\"1024\" \/>\n\t<meta property=\"og:image:height\" content=\"576\" \/>\n\t<meta property=\"og:image:type\" content=\"image\/png\" \/>\n<meta name=\"author\" content=\"Grupo MedCof\" \/>\n<meta name=\"twitter:card\" content=\"summary_large_image\" \/>\n<meta name=\"twitter:label1\" content=\"Escrito por\" \/>\n\t<meta name=\"twitter:data1\" content=\"Grupo MedCof\" \/>\n\t<meta name=\"twitter:label2\" content=\"Est. tempo de leitura\" \/>\n\t<meta name=\"twitter:data2\" content=\"6 minutos\" \/>\n<script type=\"application\/ld+json\" class=\"yoast-schema-graph\">{\"@context\":\"https:\\\/\\\/schema.org\",\"@graph\":[{\"@type\":\"Article\",\"@id\":\"https:\\\/\\\/www.grupomedcof.com.br\\\/blog\\\/revise-sobre-os-principais-marcadores-tumorais-e-gabarite-na-prova-de-residencia\\\/#article\",\"isPartOf\":{\"@id\":\"https:\\\/\\\/www.grupomedcof.com.br\\\/blog\\\/revise-sobre-os-principais-marcadores-tumorais-e-gabarite-na-prova-de-residencia\\\/\"},\"author\":{\"name\":\"Grupo MedCof\",\"@id\":\"https:\\\/\\\/www.grupomedcof.com.br\\\/blog\\\/#\\\/schema\\\/person\\\/5e56a3921255c01181f3d8c20d53f9c0\"},\"headline\":\"Revise sobre os principais marcadores tumorais e gabarite na prova de resid\u00eancia!\",\"datePublished\":\"2023-08-07T12:45:26+00:00\",\"dateModified\":\"2024-12-03T20:19:57+00:00\",\"mainEntityOfPage\":{\"@id\":\"https:\\\/\\\/www.grupomedcof.com.br\\\/blog\\\/revise-sobre-os-principais-marcadores-tumorais-e-gabarite-na-prova-de-residencia\\\/\"},\"wordCount\":501,\"commentCount\":0,\"publisher\":{\"@id\":\"https:\\\/\\\/www.grupomedcof.com.br\\\/blog\\\/#organization\"},\"image\":{\"@id\":\"https:\\\/\\\/www.grupomedcof.com.br\\\/blog\\\/revise-sobre-os-principais-marcadores-tumorais-e-gabarite-na-prova-de-residencia\\\/#primaryimage\"},\"thumbnailUrl\":\"https:\\\/\\\/www.grupomedcof.com.br\\\/blog\\\/wp-content\\\/uploads\\\/2023\\\/08\\\/Blog-MedCof-2023-08-07T092544.137.png\",\"keywords\":[\"Cl\u00ednica M\u00e9dica\",\"Oncologia\",\"Provas de Resid\u00eancia\",\"Resid\u00eancia M\u00e9dica\"],\"articleSection\":[\"Cl\u00ednica M\u00e9dica\",\"Oncologia\"],\"inLanguage\":\"pt-BR\"},{\"@type\":\"WebPage\",\"@id\":\"https:\\\/\\\/www.grupomedcof.com.br\\\/blog\\\/revise-sobre-os-principais-marcadores-tumorais-e-gabarite-na-prova-de-residencia\\\/\",\"url\":\"https:\\\/\\\/www.grupomedcof.com.br\\\/blog\\\/revise-sobre-os-principais-marcadores-tumorais-e-gabarite-na-prova-de-residencia\\\/\",\"name\":\"Revise sobre os principais marcadores tumorais e gabarite na prova de resid\u00eancia! - Blog de Medcof: conte\u00fados, editais, revalida e mais!\",\"isPartOf\":{\"@id\":\"https:\\\/\\\/www.grupomedcof.com.br\\\/blog\\\/#website\"},\"primaryImageOfPage\":{\"@id\":\"https:\\\/\\\/www.grupomedcof.com.br\\\/blog\\\/revise-sobre-os-principais-marcadores-tumorais-e-gabarite-na-prova-de-residencia\\\/#primaryimage\"},\"image\":{\"@id\":\"https:\\\/\\\/www.grupomedcof.com.br\\\/blog\\\/revise-sobre-os-principais-marcadores-tumorais-e-gabarite-na-prova-de-residencia\\\/#primaryimage\"},\"thumbnailUrl\":\"https:\\\/\\\/www.grupomedcof.com.br\\\/blog\\\/wp-content\\\/uploads\\\/2023\\\/08\\\/Blog-MedCof-2023-08-07T092544.137.png\",\"datePublished\":\"2023-08-07T12:45:26+00:00\",\"dateModified\":\"2024-12-03T20:19:57+00:00\",\"description\":\"Principais marcadores tumorais: O rastreio de c\u00e2ncer desempenha um papel crucial na detec\u00e7\u00e3o precoce e tratamento de v\u00e1rias doen\u00e7as malignas.\",\"breadcrumb\":{\"@id\":\"https:\\\/\\\/www.grupomedcof.com.br\\\/blog\\\/revise-sobre-os-principais-marcadores-tumorais-e-gabarite-na-prova-de-residencia\\\/#breadcrumb\"},\"inLanguage\":\"pt-BR\",\"potentialAction\":[{\"@type\":\"ReadAction\",\"target\":[\"https:\\\/\\\/www.grupomedcof.com.br\\\/blog\\\/revise-sobre-os-principais-marcadores-tumorais-e-gabarite-na-prova-de-residencia\\\/\"]}]},{\"@type\":\"ImageObject\",\"inLanguage\":\"pt-BR\",\"@id\":\"https:\\\/\\\/www.grupomedcof.com.br\\\/blog\\\/revise-sobre-os-principais-marcadores-tumorais-e-gabarite-na-prova-de-residencia\\\/#primaryimage\",\"url\":\"https:\\\/\\\/www.grupomedcof.com.br\\\/blog\\\/wp-content\\\/uploads\\\/2023\\\/08\\\/Blog-MedCof-2023-08-07T092544.137.png\",\"contentUrl\":\"https:\\\/\\\/www.grupomedcof.com.br\\\/blog\\\/wp-content\\\/uploads\\\/2023\\\/08\\\/Blog-MedCof-2023-08-07T092544.137.png\",\"width\":2560,\"height\":1440,\"caption\":\"Principais marcadores tumorais: O rastreio de c\u00e2ncer desempenha um papel crucial na detec\u00e7\u00e3o precoce e tratamento de v\u00e1rias doen\u00e7as malignas.\"},{\"@type\":\"BreadcrumbList\",\"@id\":\"https:\\\/\\\/www.grupomedcof.com.br\\\/blog\\\/revise-sobre-os-principais-marcadores-tumorais-e-gabarite-na-prova-de-residencia\\\/#breadcrumb\",\"itemListElement\":[{\"@type\":\"ListItem\",\"position\":1,\"name\":\"In\u00edcio\",\"item\":\"https:\\\/\\\/www.grupomedcof.com.br\\\/blog\\\/\"},{\"@type\":\"ListItem\",\"position\":2,\"name\":\"Revise sobre os principais marcadores tumorais e gabarite na prova de resid\u00eancia!\"}]},{\"@type\":\"WebSite\",\"@id\":\"https:\\\/\\\/www.grupomedcof.com.br\\\/blog\\\/#website\",\"url\":\"https:\\\/\\\/www.grupomedcof.com.br\\\/blog\\\/\",\"name\":\"Blog de Medcof: conte\u00fados, editais, revalida e mais!\",\"description\":\"Acesso o blog de MedCof! Seu portal de conte\u00fados sobre resid\u00eancia m\u00e9dica, an\u00e1lise e editais e muito mais. Clique e confira!\",\"publisher\":{\"@id\":\"https:\\\/\\\/www.grupomedcof.com.br\\\/blog\\\/#organization\"},\"alternateName\":\"Blog de Medcof: conte\u00fados, editais, revalida e mais!\",\"potentialAction\":[{\"@type\":\"SearchAction\",\"target\":{\"@type\":\"EntryPoint\",\"urlTemplate\":\"https:\\\/\\\/www.grupomedcof.com.br\\\/blog\\\/?s={search_term_string}\"},\"query-input\":{\"@type\":\"PropertyValueSpecification\",\"valueRequired\":true,\"valueName\":\"search_term_string\"}}],\"inLanguage\":\"pt-BR\"},{\"@type\":\"Organization\",\"@id\":\"https:\\\/\\\/www.grupomedcof.com.br\\\/blog\\\/#organization\",\"name\":\"Grupo MedCof\",\"url\":\"https:\\\/\\\/www.grupomedcof.com.br\\\/blog\\\/\",\"logo\":{\"@type\":\"ImageObject\",\"inLanguage\":\"pt-BR\",\"@id\":\"https:\\\/\\\/www.grupomedcof.com.br\\\/blog\\\/#\\\/schema\\\/logo\\\/image\\\/\",\"url\":\"https:\\\/\\\/www.grupomedcof.com.br\\\/blog\\\/wp-content\\\/uploads\\\/2022\\\/01\\\/logo-medcof.png\",\"contentUrl\":\"https:\\\/\\\/www.grupomedcof.com.br\\\/blog\\\/wp-content\\\/uploads\\\/2022\\\/01\\\/logo-medcof.png\",\"width\":768,\"height\":269,\"caption\":\"Grupo MedCof\"},\"image\":{\"@id\":\"https:\\\/\\\/www.grupomedcof.com.br\\\/blog\\\/#\\\/schema\\\/logo\\\/image\\\/\"},\"sameAs\":[\"https:\\\/\\\/www.facebook.com\\\/MedCofQbank\\\/\",\"https:\\\/\\\/www.instagram.com\\\/grupomedcof\\\/\",\"https:\\\/\\\/br.linkedin.com\\\/company\\\/medcof\",\"https:\\\/\\\/www.youtube.com\\\/channel\\\/UCdHMuOHKICxcHwecxN8P-AA\"]},{\"@type\":\"Person\",\"@id\":\"https:\\\/\\\/www.grupomedcof.com.br\\\/blog\\\/#\\\/schema\\\/person\\\/5e56a3921255c01181f3d8c20d53f9c0\",\"name\":\"Grupo MedCof\",\"image\":{\"@type\":\"ImageObject\",\"inLanguage\":\"pt-BR\",\"@id\":\"https:\\\/\\\/www.grupomedcof.com.br\\\/blog\\\/wp-content\\\/uploads\\\/2023\\\/04\\\/cropped-cropped-cropped-cropped-logo-96x96.png28585d174f19c23095510da5f63bc127\",\"url\":\"https:\\\/\\\/www.grupomedcof.com.br\\\/blog\\\/wp-content\\\/uploads\\\/2023\\\/04\\\/cropped-cropped-cropped-cropped-logo-96x96.png\",\"contentUrl\":\"https:\\\/\\\/www.grupomedcof.com.br\\\/blog\\\/wp-content\\\/uploads\\\/2023\\\/04\\\/cropped-cropped-cropped-cropped-logo-96x96.png\",\"caption\":\"Grupo MedCof\"},\"description\":\"Tendo aulas baseadas em quest\u00f5es, + de 115 subespecialistas dispon\u00edveis e uma metodologia \u00fanica, voc\u00ea pode se juntar ao nosso time que conta com mais de 10 mil ...\",\"url\":\"https:\\\/\\\/www.grupomedcof.com.br\\\/blog\\\/author\\\/grupo-medcof\\\/\"}]}<\/script>\n<!-- \/ Yoast SEO Premium plugin. -->","yoast_head_json":{"title":"Revise sobre os principais marcadores tumorais e gabarite na prova de resid\u00eancia! - Blog de Medcof: conte\u00fados, editais, revalida e mais!","description":"Principais marcadores tumorais: O rastreio de c\u00e2ncer desempenha um papel crucial na detec\u00e7\u00e3o precoce e tratamento de v\u00e1rias doen\u00e7as malignas.","robots":{"index":"index","follow":"follow","max-snippet":"max-snippet:-1","max-image-preview":"max-image-preview:large","max-video-preview":"max-video-preview:-1"},"canonical":"https:\/\/www.grupomedcof.com.br\/blog\/revise-sobre-os-principais-marcadores-tumorais-e-gabarite-na-prova-de-residencia\/","og_locale":"pt_BR","og_type":"article","og_title":"Revise sobre os principais marcadores tumorais e gabarite na prova de resid\u00eancia!","og_description":"Principais marcadores tumorais: O rastreio de c\u00e2ncer desempenha um papel crucial na detec\u00e7\u00e3o precoce e tratamento de v\u00e1rias doen\u00e7as malignas.","og_url":"https:\/\/www.grupomedcof.com.br\/blog\/revise-sobre-os-principais-marcadores-tumorais-e-gabarite-na-prova-de-residencia\/","og_site_name":"Blog de Medcof: conte\u00fados, editais, revalida e mais!","article_publisher":"https:\/\/www.facebook.com\/MedCofQbank\/","article_published_time":"2023-08-07T12:45:26+00:00","article_modified_time":"2024-12-03T20:19:57+00:00","og_image":[{"width":1024,"height":576,"url":"https:\/\/www.grupomedcof.com.br\/blog\/wp-content\/uploads\/2023\/08\/Blog-MedCof-2023-08-07T092544.137-1024x576.png","type":"image\/png"}],"author":"Grupo MedCof","twitter_card":"summary_large_image","twitter_misc":{"Escrito por":"Grupo MedCof","Est. tempo de leitura":"6 minutos"},"schema":{"@context":"https:\/\/schema.org","@graph":[{"@type":"Article","@id":"https:\/\/www.grupomedcof.com.br\/blog\/revise-sobre-os-principais-marcadores-tumorais-e-gabarite-na-prova-de-residencia\/#article","isPartOf":{"@id":"https:\/\/www.grupomedcof.com.br\/blog\/revise-sobre-os-principais-marcadores-tumorais-e-gabarite-na-prova-de-residencia\/"},"author":{"name":"Grupo MedCof","@id":"https:\/\/www.grupomedcof.com.br\/blog\/#\/schema\/person\/5e56a3921255c01181f3d8c20d53f9c0"},"headline":"Revise sobre os principais marcadores tumorais e gabarite na prova de resid\u00eancia!","datePublished":"2023-08-07T12:45:26+00:00","dateModified":"2024-12-03T20:19:57+00:00","mainEntityOfPage":{"@id":"https:\/\/www.grupomedcof.com.br\/blog\/revise-sobre-os-principais-marcadores-tumorais-e-gabarite-na-prova-de-residencia\/"},"wordCount":501,"commentCount":0,"publisher":{"@id":"https:\/\/www.grupomedcof.com.br\/blog\/#organization"},"image":{"@id":"https:\/\/www.grupomedcof.com.br\/blog\/revise-sobre-os-principais-marcadores-tumorais-e-gabarite-na-prova-de-residencia\/#primaryimage"},"thumbnailUrl":"https:\/\/www.grupomedcof.com.br\/blog\/wp-content\/uploads\/2023\/08\/Blog-MedCof-2023-08-07T092544.137.png","keywords":["Cl\u00ednica M\u00e9dica","Oncologia","Provas de Resid\u00eancia","Resid\u00eancia M\u00e9dica"],"articleSection":["Cl\u00ednica M\u00e9dica","Oncologia"],"inLanguage":"pt-BR"},{"@type":"WebPage","@id":"https:\/\/www.grupomedcof.com.br\/blog\/revise-sobre-os-principais-marcadores-tumorais-e-gabarite-na-prova-de-residencia\/","url":"https:\/\/www.grupomedcof.com.br\/blog\/revise-sobre-os-principais-marcadores-tumorais-e-gabarite-na-prova-de-residencia\/","name":"Revise sobre os principais marcadores tumorais e gabarite na prova de resid\u00eancia! - Blog de Medcof: conte\u00fados, editais, revalida e mais!","isPartOf":{"@id":"https:\/\/www.grupomedcof.com.br\/blog\/#website"},"primaryImageOfPage":{"@id":"https:\/\/www.grupomedcof.com.br\/blog\/revise-sobre-os-principais-marcadores-tumorais-e-gabarite-na-prova-de-residencia\/#primaryimage"},"image":{"@id":"https:\/\/www.grupomedcof.com.br\/blog\/revise-sobre-os-principais-marcadores-tumorais-e-gabarite-na-prova-de-residencia\/#primaryimage"},"thumbnailUrl":"https:\/\/www.grupomedcof.com.br\/blog\/wp-content\/uploads\/2023\/08\/Blog-MedCof-2023-08-07T092544.137.png","datePublished":"2023-08-07T12:45:26+00:00","dateModified":"2024-12-03T20:19:57+00:00","description":"Principais marcadores tumorais: O rastreio de c\u00e2ncer desempenha um papel crucial na detec\u00e7\u00e3o precoce e tratamento de v\u00e1rias doen\u00e7as malignas.","breadcrumb":{"@id":"https:\/\/www.grupomedcof.com.br\/blog\/revise-sobre-os-principais-marcadores-tumorais-e-gabarite-na-prova-de-residencia\/#breadcrumb"},"inLanguage":"pt-BR","potentialAction":[{"@type":"ReadAction","target":["https:\/\/www.grupomedcof.com.br\/blog\/revise-sobre-os-principais-marcadores-tumorais-e-gabarite-na-prova-de-residencia\/"]}]},{"@type":"ImageObject","inLanguage":"pt-BR","@id":"https:\/\/www.grupomedcof.com.br\/blog\/revise-sobre-os-principais-marcadores-tumorais-e-gabarite-na-prova-de-residencia\/#primaryimage","url":"https:\/\/www.grupomedcof.com.br\/blog\/wp-content\/uploads\/2023\/08\/Blog-MedCof-2023-08-07T092544.137.png","contentUrl":"https:\/\/www.grupomedcof.com.br\/blog\/wp-content\/uploads\/2023\/08\/Blog-MedCof-2023-08-07T092544.137.png","width":2560,"height":1440,"caption":"Principais marcadores tumorais: O rastreio de c\u00e2ncer desempenha um papel crucial na detec\u00e7\u00e3o precoce e tratamento de v\u00e1rias doen\u00e7as malignas."},{"@type":"BreadcrumbList","@id":"https:\/\/www.grupomedcof.com.br\/blog\/revise-sobre-os-principais-marcadores-tumorais-e-gabarite-na-prova-de-residencia\/#breadcrumb","itemListElement":[{"@type":"ListItem","position":1,"name":"In\u00edcio","item":"https:\/\/www.grupomedcof.com.br\/blog\/"},{"@type":"ListItem","position":2,"name":"Revise sobre os principais marcadores tumorais e gabarite na prova de resid\u00eancia!"}]},{"@type":"WebSite","@id":"https:\/\/www.grupomedcof.com.br\/blog\/#website","url":"https:\/\/www.grupomedcof.com.br\/blog\/","name":"Blog de Medcof: conte\u00fados, editais, revalida e mais!","description":"Acesso o blog de MedCof! Seu portal de conte\u00fados sobre resid\u00eancia m\u00e9dica, an\u00e1lise e editais e muito mais. Clique e confira!","publisher":{"@id":"https:\/\/www.grupomedcof.com.br\/blog\/#organization"},"alternateName":"Blog de Medcof: conte\u00fados, editais, revalida e mais!","potentialAction":[{"@type":"SearchAction","target":{"@type":"EntryPoint","urlTemplate":"https:\/\/www.grupomedcof.com.br\/blog\/?s={search_term_string}"},"query-input":{"@type":"PropertyValueSpecification","valueRequired":true,"valueName":"search_term_string"}}],"inLanguage":"pt-BR"},{"@type":"Organization","@id":"https:\/\/www.grupomedcof.com.br\/blog\/#organization","name":"Grupo MedCof","url":"https:\/\/www.grupomedcof.com.br\/blog\/","logo":{"@type":"ImageObject","inLanguage":"pt-BR","@id":"https:\/\/www.grupomedcof.com.br\/blog\/#\/schema\/logo\/image\/","url":"https:\/\/www.grupomedcof.com.br\/blog\/wp-content\/uploads\/2022\/01\/logo-medcof.png","contentUrl":"https:\/\/www.grupomedcof.com.br\/blog\/wp-content\/uploads\/2022\/01\/logo-medcof.png","width":768,"height":269,"caption":"Grupo MedCof"},"image":{"@id":"https:\/\/www.grupomedcof.com.br\/blog\/#\/schema\/logo\/image\/"},"sameAs":["https:\/\/www.facebook.com\/MedCofQbank\/","https:\/\/www.instagram.com\/grupomedcof\/","https:\/\/br.linkedin.com\/company\/medcof","https:\/\/www.youtube.com\/channel\/UCdHMuOHKICxcHwecxN8P-AA"]},{"@type":"Person","@id":"https:\/\/www.grupomedcof.com.br\/blog\/#\/schema\/person\/5e56a3921255c01181f3d8c20d53f9c0","name":"Grupo MedCof","image":{"@type":"ImageObject","inLanguage":"pt-BR","@id":"https:\/\/www.grupomedcof.com.br\/blog\/wp-content\/uploads\/2023\/04\/cropped-cropped-cropped-cropped-logo-96x96.png28585d174f19c23095510da5f63bc127","url":"https:\/\/www.grupomedcof.com.br\/blog\/wp-content\/uploads\/2023\/04\/cropped-cropped-cropped-cropped-logo-96x96.png","contentUrl":"https:\/\/www.grupomedcof.com.br\/blog\/wp-content\/uploads\/2023\/04\/cropped-cropped-cropped-cropped-logo-96x96.png","caption":"Grupo MedCof"},"description":"Tendo aulas baseadas em quest\u00f5es, + de 115 subespecialistas dispon\u00edveis e uma metodologia \u00fanica, voc\u00ea pode se juntar ao nosso time que conta com mais de 10 mil ...","url":"https:\/\/www.grupomedcof.com.br\/blog\/author\/grupo-medcof\/"}]}},"authors":[{"term_id":3613,"user_id":10,"is_guest":0,"slug":"grupo-medcof","display_name":"Grupo MedCof","avatar_url":"https:\/\/www.grupomedcof.com.br\/blog\/wp-content\/uploads\/2023\/04\/cropped-cropped-cropped-cropped-logo-96x96.png","0":null,"1":"","2":"","3":"","4":"","5":"","6":"","7":"","8":""}],"_links":{"self":[{"href":"https:\/\/www.grupomedcof.com.br\/blog\/wp-json\/wp\/v2\/posts\/10001","targetHints":{"allow":["GET"]}}],"collection":[{"href":"https:\/\/www.grupomedcof.com.br\/blog\/wp-json\/wp\/v2\/posts"}],"about":[{"href":"https:\/\/www.grupomedcof.com.br\/blog\/wp-json\/wp\/v2\/types\/post"}],"author":[{"embeddable":true,"href":"https:\/\/www.grupomedcof.com.br\/blog\/wp-json\/wp\/v2\/users\/10"}],"replies":[{"embeddable":true,"href":"https:\/\/www.grupomedcof.com.br\/blog\/wp-json\/wp\/v2\/comments?post=10001"}],"version-history":[{"count":0,"href":"https:\/\/www.grupomedcof.com.br\/blog\/wp-json\/wp\/v2\/posts\/10001\/revisions"}],"wp:featuredmedia":[{"embeddable":true,"href":"https:\/\/www.grupomedcof.com.br\/blog\/wp-json\/wp\/v2\/media\/10004"}],"wp:attachment":[{"href":"https:\/\/www.grupomedcof.com.br\/blog\/wp-json\/wp\/v2\/media?parent=10001"}],"wp:term":[{"taxonomy":"category","embeddable":true,"href":"https:\/\/www.grupomedcof.com.br\/blog\/wp-json\/wp\/v2\/categories?post=10001"},{"taxonomy":"post_tag","embeddable":true,"href":"https:\/\/www.grupomedcof.com.br\/blog\/wp-json\/wp\/v2\/tags?post=10001"},{"taxonomy":"author","embeddable":true,"href":"https:\/\/www.grupomedcof.com.br\/blog\/wp-json\/wp\/v2\/ppma_author?post=10001"}],"curies":[{"name":"wp","href":"https:\/\/api.w.org\/{rel}","templated":true}]}}