{"id":10061,"date":"2023-08-08T10:32:01","date_gmt":"2023-08-08T13:32:01","guid":{"rendered":"https:\/\/www.grupomedcof.com.br\/blog\/?p=10061"},"modified":"2023-08-08T10:32:01","modified_gmt":"2023-08-08T13:32:01","slug":"enare-2023-2024-publicado-edital-para-residencia-medica","status":"publish","type":"post","link":"https:\/\/www.grupomedcof.com.br\/blog\/enare-2023-2024-publicado-edital-para-residencia-medica\/","title":{"rendered":"ENARE 2023\/2024: Publicado edital para resid\u00eancia m\u00e9dica"},"content":{"rendered":"<div id=\"ez-toc-container\" class=\"ez-toc-v2_0_74 counter-hierarchy ez-toc-counter ez-toc-transparent ez-toc-container-direction\">\n<div class=\"ez-toc-title-container\">\n<p class=\"ez-toc-title\" style=\"cursor:inherit\">Sum\u00e1rio<\/p>\n<span class=\"ez-toc-title-toggle\"><a href=\"#\" class=\"ez-toc-pull-right ez-toc-btn ez-toc-btn-xs ez-toc-btn-default ez-toc-toggle\" aria-label=\"Alternar tabela de conte\u00fado\"><span class=\"ez-toc-js-icon-con\"><span class=\"\"><span class=\"eztoc-hide\" style=\"display:none;\">Toggle<\/span><span class=\"ez-toc-icon-toggle-span\"><svg style=\"fill: #999;color:#999\" xmlns=\"http:\/\/www.w3.org\/2000\/svg\" class=\"list-377408\" width=\"20px\" height=\"20px\" viewBox=\"0 0 24 24\" fill=\"none\"><path d=\"M6 6H4v2h2V6zm14 0H8v2h12V6zM4 11h2v2H4v-2zm16 0H8v2h12v-2zM4 16h2v2H4v-2zm16 0H8v2h12v-2z\" fill=\"currentColor\"><\/path><\/svg><svg style=\"fill: #999;color:#999\" class=\"arrow-unsorted-368013\" xmlns=\"http:\/\/www.w3.org\/2000\/svg\" width=\"10px\" height=\"10px\" viewBox=\"0 0 24 24\" version=\"1.2\" baseProfile=\"tiny\"><path d=\"M18.2 9.3l-6.2-6.3-6.2 6.3c-.2.2-.3.4-.3.7s.1.5.3.7c.2.2.4.3.7.3h11c.3 0 .5-.1.7-.3.2-.2.3-.5.3-.7s-.1-.5-.3-.7zM5.8 14.7l6.2 6.3 6.2-6.3c.2-.2.3-.5.3-.7s-.1-.5-.3-.7c-.2-.2-.4-.3-.7-.3h-11c-.3 0-.5.1-.7.3-.2.2-.3.5-.3.7s.1.5.3.7z\"\/><\/svg><\/span><\/span><\/span><\/a><\/span><\/div>\n<nav><ul class='ez-toc-list ez-toc-list-level-1 ' ><li class='ez-toc-page-1 ez-toc-heading-level-2'><a class=\"ez-toc-link ez-toc-heading-1\" href=\"https:\/\/www.grupomedcof.com.br\/blog\/enare-2023-2024-publicado-edital-para-residencia-medica\/#ENARE_20232024_Publicado_edital_para_residencia_medica\" >ENARE 2023\/2024: Publicado edital para resid\u00eancia m\u00e9dica<\/a><\/li><li class='ez-toc-page-1 ez-toc-heading-level-2'><a class=\"ez-toc-link ez-toc-heading-2\" href=\"https:\/\/www.grupomedcof.com.br\/blog\/enare-2023-2024-publicado-edital-para-residencia-medica\/#ENARE_20232024\" >ENARE 2023\/2024<\/a><\/li><li class='ez-toc-page-1 ez-toc-heading-level-2'><a class=\"ez-toc-link ez-toc-heading-3\" href=\"https:\/\/www.grupomedcof.com.br\/blog\/enare-2023-2024-publicado-edital-para-residencia-medica\/#Prova_Objetiva_ENARE_20232024\" >Prova Objetiva: ENARE 2023\/2024<\/a><\/li><li class='ez-toc-page-1 ez-toc-heading-level-2'><a class=\"ez-toc-link ez-toc-heading-4\" href=\"https:\/\/www.grupomedcof.com.br\/blog\/enare-2023-2024-publicado-edital-para-residencia-medica\/#ENARE_20232024_Locais_de_aplicacao\" >ENARE 2023\/2024: Locais de aplica\u00e7\u00e3o<\/a><\/li><li class='ez-toc-page-1 ez-toc-heading-level-2'><a class=\"ez-toc-link ez-toc-heading-5\" href=\"https:\/\/www.grupomedcof.com.br\/blog\/enare-2023-2024-publicado-edital-para-residencia-medica\/#ENARE_20232024_Analise_Curricular\" >ENARE 2023\/2024: An\u00e1lise Curricular<\/a><\/li><li class='ez-toc-page-1 ez-toc-heading-level-2'><a class=\"ez-toc-link ez-toc-heading-6\" href=\"https:\/\/www.grupomedcof.com.br\/blog\/enare-2023-2024-publicado-edital-para-residencia-medica\/#Escolha_da_Instituicao\" >Escolha da\u00a0Institui\u00e7\u00e3o<\/a><\/li><li class='ez-toc-page-1 ez-toc-heading-level-2'><a class=\"ez-toc-link ez-toc-heading-7\" href=\"https:\/\/www.grupomedcof.com.br\/blog\/enare-2023-2024-publicado-edital-para-residencia-medica\/#Cronograma_ENARE_20232024\" >Cronograma ENARE 2023\/2024<\/a><\/li><li class='ez-toc-page-1 ez-toc-heading-level-2'><a class=\"ez-toc-link ez-toc-heading-8\" href=\"https:\/\/www.grupomedcof.com.br\/blog\/enare-2023-2024-publicado-edital-para-residencia-medica\/#Raio-X_da_Prova_Pratica\" >Raio-X da Prova Pr\u00e1tica<\/a><\/li><\/ul><\/nav><\/div>\n<p><img loading=\"lazy\" decoding=\"async\" width=\"800\" height=\"450\" src=\"https:\/\/www.grupomedcof.com.br\/blog\/wp-content\/uploads\/2023\/08\/Blog-MedCof-2023-08-08T100852.226-1024x576.png\" alt=\"enare resid\u00eancia, edital do enare, data prova enare, prova enare, enare inscricao, enare edital, enare inscri\u00e7\u00f5es, enare ebserh, enare, enare 2024, edital enare 2024, vagas enare 2024, cronograma enare 2024,\" srcset=\"https:\/\/www.grupomedcof.com.br\/blog\/wp-content\/uploads\/2023\/08\/Blog-MedCof-2023-08-08T100852.226-1024x576.png 1024w, https:\/\/www.grupomedcof.com.br\/blog\/wp-content\/uploads\/2023\/08\/Blog-MedCof-2023-08-08T100852.226-300x169.png 300w, https:\/\/www.grupomedcof.com.br\/blog\/wp-content\/uploads\/2023\/08\/Blog-MedCof-2023-08-08T100852.226-768x432.png 768w, https:\/\/www.grupomedcof.com.br\/blog\/wp-content\/uploads\/2023\/08\/Blog-MedCof-2023-08-08T100852.226-1536x864.png 1536w, https:\/\/www.grupomedcof.com.br\/blog\/wp-content\/uploads\/2023\/08\/Blog-MedCof-2023-08-08T100852.226-2048x1152.png 2048w\" sizes=\"auto, (max-width: 800px) 100vw, 800px\" \/>\t\t\t\t\t\t\t\t\t\t\t\t\t\t\t<\/p>\n<p><strong>ENARE 2023\/2024:<\/strong> Publicado edital com informa\u00e7\u00f5es do processo seletivo para resid\u00eancia m\u00e9dica.<\/p>\n<h4>\n\t\t\t\tLeia a seguir\t\t\t<\/h4>\n<h2 style=\"\"><span class=\"ez-toc-section\" id=\"ENARE_20232024_Publicado_edital_para_residencia_medica\"><\/span><b>ENARE 2023\/2024: Publicado edital para resid\u00eancia m\u00e9dica<\/b><br \/><span class=\"ez-toc-section-end\"><\/span><\/h2>\n<p>Ontem, 07 de agosto de 2023, o ENARE divulgou<strong><a href=\"https:\/\/enare.ebserh.gov.br\/site-enare\/concurso.jsp?id=567\" target=\"_blank\" rel=\"nofollow noopener\">&nbsp;em seu site<\/a>&nbsp;<\/strong>o edital de abertura para a 4\u00aa edi\u00e7\u00e3o do seu processo seletivo para resid\u00eancia m\u00e9dica. Ao todo,<strong> ofertam-se 3.151 vagas<\/strong> para as quais os interessado poder\u00e3o se inscrever entre os dias <strong>23 de agosto e 14 de setembro<\/strong> mediante o pagamento da<strong> taxa de R$ 310,00 .<\/strong><\/p>\n<p><strong>&nbsp;<\/strong><\/p>\n<p>Organizado pela Ebserh (Empresa Brasileira de Servi\u00e7os Hospitalares) e com o Instituto AOCP como banca organizadora, o processo seletivo do ENARE 2023\/2024 contar\u00e1 com duas fases avaliativas. A primeira fase ser\u00e1 uma prova objetiva que ter\u00e1 aplica\u00e7\u00e3o no dia 29 de outubro, j\u00e1 a segunda fase consiste na an\u00e1lise curricular.<\/p>\n<\/p>\n<p>Vai participar do ENARE 2024 e quer saber mais detalhes desta edi\u00e7\u00e3o? Ent\u00e3o leia este texto na \u00edntegra!<\/p>\n<p>\t\t\t\t\t\t\t\t\t\t\t\t\t\t\t<img loading=\"lazy\" decoding=\"async\" width=\"800\" height=\"101\" src=\"https:\/\/www.grupomedcof.com.br\/blog\/wp-content\/uploads\/2023\/08\/Blog-MedCof-2023-08-03T161059.764-1024x129.png\" alt=\"raio x da prova pr\u00e1tica, medcof residencia medica, curso Intensivo para Resid\u00eancia M\u00e9dica, curso para resid\u00eancia m\u00e9dica, medcof reta final dominada, reta final dominada, aulas medcof,\" srcset=\"https:\/\/www.grupomedcof.com.br\/blog\/wp-content\/uploads\/2023\/08\/Blog-MedCof-2023-08-03T161059.764-1024x129.png 1024w, https:\/\/www.grupomedcof.com.br\/blog\/wp-content\/uploads\/2023\/08\/Blog-MedCof-2023-08-03T161059.764-300x38.png 300w, https:\/\/www.grupomedcof.com.br\/blog\/wp-content\/uploads\/2023\/08\/Blog-MedCof-2023-08-03T161059.764-768x97.png 768w, https:\/\/www.grupomedcof.com.br\/blog\/wp-content\/uploads\/2023\/08\/Blog-MedCof-2023-08-03T161059.764-1536x194.png 1536w, https:\/\/www.grupomedcof.com.br\/blog\/wp-content\/uploads\/2023\/08\/Blog-MedCof-2023-08-03T161059.764-2048x258.png 2048w\" sizes=\"auto, (max-width: 800px) 100vw, 800px\" \/>\t\t\t\t\t\t\t\t\t\t\t\t\t\t\t<\/p>\n<h2 style=\"font-family: Poppins, sans-serif; color: #7a7a7a;\"><span class=\"ez-toc-section\" id=\"ENARE_20232024\"><\/span>ENARE 2023\/2024<span class=\"ez-toc-section-end\"><\/span><\/h2>\n<p>S\u00e3o <strong>mais de 90 institui\u00e7\u00f5es participantes<\/strong> distribu\u00eddas entre os estados brasileiros, sendo que das vagas dispon\u00edveis, 2.198 s\u00e3o para os programas de Acesso Direto, 560 para Pr\u00e9-Requisito, 346 para \u00c1reas de Atua\u00e7\u00e3o e 39 para Anos Adicionais. Na se\u00e7\u00e3o<strong>\u00a0<\/strong><a href=\"https:\/\/enare.ebserh.gov.br\/site-enare\/vagas-area-medica-table.jsp?a=a&amp;idLink=7911\" target=\"_blank\" rel=\"nofollow noopener\"><strong>Vagas \u00c1rea M\u00e9dica<\/strong>,<\/a>\u00a0voc\u00ea pode ver todas as institui\u00e7\u00f5es e vagas ofertadas.<\/p>\n<p>\u00a0<\/p>\n<p>Ainda<strong>\u00a0<\/strong><a href=\"https:\/\/institutoaocp.org.br\/\/concursos\/arquivos\/ed_abert_medica_enare23.pdf?\" target=\"_blank\" rel=\"nofollow noopener\"><strong>de acordo com o edital<\/strong><\/a>, as institui\u00e7\u00f5es que possu\u00edrem 5 ou mais vagas, ter\u00e3o 10% reservado para a candidatos PcDs. Al\u00e9m disso, nos programas tiverem a partir de 3 vagas ter\u00e3o 20% destinadas para os candidatos autodeclarados negros. No edital, voc\u00ea poder\u00e1 ver na \u00edntegra os procedimentos necess\u00e1rios para solicita\u00e7\u00e3o e comprova\u00e7\u00e3o para preenchimento da vaga.<\/p>\n<p>\u00a0<\/p>\n<p>Ademais, para os candidatos que desejam solicitar a<strong> isen\u00e7\u00e3o da taxa de inscri\u00e7\u00e3o<\/strong>, o pedido dever\u00e1 ocorrer entre os dias <strong>23 e 28 de agosto de 2023<\/strong> (at\u00e9 \u00e0s 18h).<\/p>\n<h2 style=\"font-family: Poppins, sans-serif; color: #7a7a7a;\"><span class=\"ez-toc-section\" id=\"Prova_Objetiva_ENARE_20232024\"><\/span>Prova Objetiva: ENARE 2023\/2024<span class=\"ez-toc-section-end\"><\/span><\/h2>\n<p>Como dito anteriormente, a<b>\u00a0prova objetiva do ENARE<\/b>\u00a0ser\u00e1 aplicada no dia<strong> 29 de outubro de 2023 e com dura\u00e7\u00e3o de 4 horas<\/strong>. Assim, por ser de car\u00e1ter classificat\u00f3rio e eliminat\u00f3rio, constituir\u00e1<strong> 90% da nota final<\/strong>, sendo que para se classificar os candidatos dever\u00e3o obter o m\u00ednimo de 50% de acertos.<\/p>\n<p>\u00a0<\/p>\n<p>Desse modo, na prova objetiva dos programas de\u00a0Acesso Direto\u00a0haver\u00e3o 100 quest\u00f5es (1 ponto cada) de m\u00faltipla escolha com uma alternativa correta entre as cinco poss\u00edveis. Dividas entre as 5 grandes \u00e1reas m\u00e9dicas, haver\u00e3o 20 quest\u00f5es referentes \u00e0 Cl\u00ednica M\u00e9dica, Cirurgia Geral, Pediatria, Obstetr\u00edcia e Ginecologia e Medicina Preventiva e Social.<\/p>\n<p>\u00a0<\/p>\n<p>Entretanto, para os programas que exigem\u00a0Pr\u00e9-Requisito, a prova objetiva ter\u00e1 80 quest\u00f5es (1,25 ponto cada) de m\u00faltipla escolha abordando os temas referentes ao requisito exigido.<\/p>\n<p>\t\t\t<a href=\"https:\/\/institutoaocp.org.br\/\/concursos\/arquivos\/anexoI_cha_medica_enare23.pdf?\" target=\"_blank\" rel=\"nofollow noopener\"><br \/>\n\t\t\t\t\t\tMatrizes de compet\u00eancias para a prova<br \/>\n\t\t\t\t\t<\/a><br \/>\n\t\t\t\t\t\t\t\t\t\t\t\t\t\t\t\t<a href=\"https:\/\/www.grupomedcof.com.br\/blog\/qbank-medcof\/\" target=\"_blank\" rel=\"noopener\"><br \/>\n\t\t\t\t\t\t\t<img loading=\"lazy\" decoding=\"async\" width=\"800\" height=\"128\" src=\"https:\/\/www.grupomedcof.com.br\/blog\/wp-content\/uploads\/2023\/07\/Blog-MedCof-2023-07-06T091657.858-1024x164.png\" alt=\"medcof qbank, medcof aulas, grupo medcof, aulas medcof, qbank, banco de questoes medcof, medcof banco de questoes\" srcset=\"https:\/\/www.grupomedcof.com.br\/blog\/wp-content\/uploads\/2023\/07\/Blog-MedCof-2023-07-06T091657.858-1024x164.png 1024w, https:\/\/www.grupomedcof.com.br\/blog\/wp-content\/uploads\/2023\/07\/Blog-MedCof-2023-07-06T091657.858-300x48.png 300w, https:\/\/www.grupomedcof.com.br\/blog\/wp-content\/uploads\/2023\/07\/Blog-MedCof-2023-07-06T091657.858-768x123.png 768w, https:\/\/www.grupomedcof.com.br\/blog\/wp-content\/uploads\/2023\/07\/Blog-MedCof-2023-07-06T091657.858-1536x246.png 1536w, https:\/\/www.grupomedcof.com.br\/blog\/wp-content\/uploads\/2023\/07\/Blog-MedCof-2023-07-06T091657.858-2048x327.png 2048w\" sizes=\"auto, (max-width: 800px) 100vw, 800px\" \/>\t\t\t\t\t\t\t\t<\/a><\/p>\n<h2><span class=\"ez-toc-section\" id=\"ENARE_20232024_Locais_de_aplicacao\"><\/span><strong>ENARE 2023\/2024: Locais de aplica\u00e7\u00e3o<\/strong><span class=\"ez-toc-section-end\"><\/span><\/h2>\n<p>De acordo com o edital de abertura, a aplica\u00e7\u00e3o da prova objetiva ocorrer\u00e1 nas capitais e nas cidades a seguir:<\/p>\n<table>\n<thead>\n<tr>\n<th>Cidade<\/th>\n<th data-align=\"center\">Estado<\/th>\n<\/tr>\n<\/thead>\n<tbody>\n<tr>\n<td>Aracaju<\/td>\n<td data-align=\"center\">SE<\/td>\n<\/tr>\n<tr>\n<td>Aragua\u00edna<\/td>\n<td data-align=\"center\">TO<\/td>\n<\/tr>\n<tr>\n<td>Bel\u00e9m<\/td>\n<td data-align=\"center\">PA<\/td>\n<\/tr>\n<tr>\n<td>Belo Horizonte<\/td>\n<td data-align=\"center\">MG<\/td>\n<\/tr>\n<tr>\n<td>Boa Vista<\/td>\n<td data-align=\"center\">RR<\/td>\n<\/tr>\n<tr>\n<td>Bras\u00edlia<\/td>\n<td data-align=\"center\">DF<\/td>\n<\/tr>\n<tr>\n<td>Cachoeiro De Itapemirim<\/td>\n<td data-align=\"center\">ES<\/td>\n<\/tr>\n<tr>\n<td>Cajazeiras<\/td>\n<td data-align=\"center\">PB<\/td>\n<\/tr>\n<tr>\n<td>Campina Grande<\/td>\n<td data-align=\"center\">PB<\/td>\n<\/tr>\n<tr>\n<td>Campinas<\/td>\n<td data-align=\"center\">SP<\/td>\n<\/tr>\n<tr>\n<td>Campo Grande<\/td>\n<td data-align=\"center\">MS<\/td>\n<\/tr>\n<tr>\n<td>Cascavel<\/td>\n<td data-align=\"center\">PR<\/td>\n<\/tr>\n<tr>\n<td>Cuiab\u00e1<\/td>\n<td data-align=\"center\">MT<\/td>\n<\/tr>\n<tr>\n<td>Curitiba<\/td>\n<td data-align=\"center\">PR<\/td>\n<\/tr>\n<tr>\n<td>Dourados<\/td>\n<td data-align=\"center\">MS<\/td>\n<\/tr>\n<tr>\n<td>Florian\u00f3polis<\/td>\n<td data-align=\"center\">SC<\/td>\n<\/tr>\n<tr>\n<td>Fortaleza<\/td>\n<td data-align=\"center\">CE<\/td>\n<\/tr>\n<tr>\n<td>Goi\u00e2nia<\/td>\n<td data-align=\"center\">GO<\/td>\n<\/tr>\n<tr>\n<td>Guarapuava<\/td>\n<td data-align=\"center\">PR<\/td>\n<\/tr>\n<tr>\n<td>Imperatriz<\/td>\n<td data-align=\"center\">MA<\/td>\n<\/tr>\n<tr>\n<td>Jaragu\u00e1 do Sul<\/td>\n<td data-align=\"center\">SC<\/td>\n<\/tr>\n<tr>\n<td>Jo\u00e3o Pessoa<\/td>\n<td data-align=\"center\">PB<\/td>\n<\/tr>\n<tr>\n<td>Juiz de Fora<\/td>\n<td data-align=\"center\">MG<\/td>\n<\/tr>\n<tr>\n<td>Londrina<\/td>\n<td data-align=\"center\">PR<\/td>\n<\/tr>\n<tr>\n<td>Macap\u00e1<\/td>\n<td data-align=\"center\">AP<\/td>\n<\/tr>\n<tr>\n<td>Macei\u00f3<\/td>\n<td data-align=\"center\">AL<\/td>\n<\/tr>\n<tr>\n<td>Manaus<\/td>\n<td data-align=\"center\">AM<\/td>\n<\/tr>\n<\/tbody>\n<\/table>\n<table>\n<thead>\n<tr>\n<th>Cidade<\/th>\n<th data-align=\"center\">Estado<\/th>\n<\/tr>\n<\/thead>\n<tbody>\n<tr>\n<td>Montes Claros<\/td>\n<td data-align=\"center\">MG<\/td>\n<\/tr>\n<tr>\n<td>Natal<\/td>\n<td data-align=\"center\">RN<\/td>\n<\/tr>\n<tr>\n<td>Niter\u00f3i<\/td>\n<td data-align=\"center\">RJ<\/td>\n<\/tr>\n<tr>\n<td>Palmas<\/td>\n<td data-align=\"center\">TO<\/td>\n<\/tr>\n<tr>\n<td>Passo Fundo<\/td>\n<td data-align=\"center\">RS<\/td>\n<\/tr>\n<tr>\n<td>Pato Branco<\/td>\n<td data-align=\"center\">RS<\/td>\n<\/tr>\n<tr>\n<td>Patos de Minas<\/td>\n<td data-align=\"center\">MG<\/td>\n<\/tr>\n<tr>\n<td>Pelotas<\/td>\n<td data-align=\"center\">RS<\/td>\n<\/tr>\n<tr>\n<td>Petrolina<\/td>\n<td data-align=\"center\">PE<\/td>\n<\/tr>\n<tr>\n<td>Porto Alegre<\/td>\n<td data-align=\"center\">\u00a0RS<\/td>\n<\/tr>\n<tr>\n<td>Porto Velho<\/td>\n<td data-align=\"center\">RO<\/td>\n<\/tr>\n<tr>\n<td>Recife<\/td>\n<td data-align=\"center\">PE<\/td>\n<\/tr>\n<tr>\n<td>Rio Branco<\/td>\n<td data-align=\"center\">AC<\/td>\n<\/tr>\n<tr>\n<td>Rio de Janeiro<\/td>\n<td data-align=\"center\">RJ<\/td>\n<\/tr>\n<tr>\n<td>Salvador<\/td>\n<td data-align=\"center\">BA<\/td>\n<\/tr>\n<tr>\n<td>Santa Cruz<\/td>\n<td data-align=\"center\">RN<\/td>\n<\/tr>\n<tr>\n<td>S\u00e3o Carlos<\/td>\n<td data-align=\"center\">SP<\/td>\n<\/tr>\n<tr>\n<td>S\u00e3o Lu\u00eds<\/td>\n<td data-align=\"center\">MA<\/td>\n<\/tr>\n<tr>\n<td>S\u00e3o Paulo<\/td>\n<td data-align=\"center\">SP<\/td>\n<\/tr>\n<tr>\n<td>Sinop<\/td>\n<td data-align=\"center\">MT<\/td>\n<\/tr>\n<tr>\n<td>Sorocaba<\/td>\n<td data-align=\"center\">SP<\/td>\n<\/tr>\n<tr>\n<td>Teresina<\/td>\n<td data-align=\"center\">PI<\/td>\n<\/tr>\n<tr>\n<td>Uberaba<\/td>\n<td data-align=\"center\">MG<\/td>\n<\/tr>\n<tr>\n<td>Uberl\u00e2ndia<\/td>\n<td data-align=\"center\">MG<\/td>\n<\/tr>\n<tr>\n<td>Vit\u00f3ria<\/td>\n<td data-align=\"center\">ES<\/td>\n<\/tr>\n<tr>\n<td>Votuporanga<\/td>\n<td data-align=\"center\">SP<\/td>\n<\/tr>\n<\/tbody>\n<\/table>\n<p>\t\t\t\t\t\t\t\t\t\t\t\t\t\t\t\t<a href=\"https:\/\/www.grupomedcof.com.br\/hands-on-curso\/\" target=\"_blank\" rel=\"noopener\"><br \/>\n\t\t\t\t\t\t\t<img loading=\"lazy\" decoding=\"async\" width=\"800\" height=\"101\" src=\"https:\/\/www.grupomedcof.com.br\/blog\/wp-content\/uploads\/2023\/08\/Blog-MedCof-2023-08-03T155030.071-1024x129.png\" alt=\"medcof residencia medica, curso Intensivo para Resid\u00eancia M\u00e9dica, curso para resid\u00eancia m\u00e9dica, medcof reta final dominada, reta final dominada, aulas medcof,\" srcset=\"https:\/\/www.grupomedcof.com.br\/blog\/wp-content\/uploads\/2023\/08\/Blog-MedCof-2023-08-03T155030.071-1024x129.png 1024w, https:\/\/www.grupomedcof.com.br\/blog\/wp-content\/uploads\/2023\/08\/Blog-MedCof-2023-08-03T155030.071-300x38.png 300w, https:\/\/www.grupomedcof.com.br\/blog\/wp-content\/uploads\/2023\/08\/Blog-MedCof-2023-08-03T155030.071-768x97.png 768w, https:\/\/www.grupomedcof.com.br\/blog\/wp-content\/uploads\/2023\/08\/Blog-MedCof-2023-08-03T155030.071-1536x193.png 1536w, https:\/\/www.grupomedcof.com.br\/blog\/wp-content\/uploads\/2023\/08\/Blog-MedCof-2023-08-03T155030.071-2048x258.png 2048w\" sizes=\"auto, (max-width: 800px) 100vw, 800px\" \/>\t\t\t\t\t\t\t\t<\/a><\/p>\n<h2 style=\"font-family: Poppins, sans-serif; color: #7a7a7a;\"><span class=\"ez-toc-section\" id=\"ENARE_20232024_Analise_Curricular\"><\/span>ENARE 2023\/2024: An\u00e1lise Curricular<span class=\"ez-toc-section-end\"><\/span><\/h2>\n<p>Compondo os 10% restantes da nota final, a an\u00e1lise curricular ser\u00e1 aplicada para os candidatos aprovados na 1\u00aa etapa. Assim, eles ter\u00e3o entre os dias<strong> 23 de agosto \u00e0 15 de outubro para o envio dos documentos e preenchimento do formul\u00e1rio<\/strong> conforme especificado no edital, ou seja durante o per\u00edodo de inscri\u00e7\u00e3o.<\/p>\n<p>\u00a0<\/p>\n<p>Dessa forma, ap\u00f3s a divulga\u00e7\u00e3o do resultado preliminar no dia 06 de dezembro, os candidatos poder\u00e3o solicitar <strong>recursos, caso necess\u00e1rio, entre os dias 07 e 08 dezembro.<\/strong><\/p>\n<p>\u00a0<\/p>\n<p>Por fim, a publica\u00e7\u00e3o do resultado da nota da an\u00e1lise curricular mais a <strong>nota final do processo seletivo do ENARE 2023\/2024<\/strong> ocorrer\u00e1 no dia <strong>20 de dezembro de 2023.<\/strong><\/p>\n<h2 style=\"font-family: Poppins, sans-serif; color: #7a7a7a;\"><span class=\"ez-toc-section\" id=\"Escolha_da_Instituicao\"><\/span><strong>Escolha da\u00a0Institui\u00e7\u00e3o<\/strong><span class=\"ez-toc-section-end\"><\/span><\/h2>\n<p>Segundo o documento de abertura do processo seletivo, os candidatos ter\u00e3o 3 oportunidades para a escolha das vagas para resid\u00eancia m\u00e9dica.<\/p>\n<p>1\u00aa oportunidade:\u00a0Durante a inscri\u00e7\u00e3o, podendo alterar a escolha at\u00e9 o fim do prazo. Para tal, o preenchimento das vagas acontecer\u00e1 diariamente \u00e0s 0h. Entretanto, \u00e9 importante ressaltar que ap\u00f3s preenchimento da vaga na 1\u00aa oportunidade, o candidato n\u00e3o poder\u00e1 participar da 2\u00aa.<\/p>\n<p>2\u00aa oportunidade:\u00a0Para os candidatos n\u00e3o classificado no n\u00famero de vagas anteriormente poder\u00e1 escolher dentre as vagas ainda n\u00e3o preenchidas, com tanto que n\u00e3o estejam reservadas. Assim, caso ele n\u00e3o preencha a vaga, ele poder\u00e1 participar do cadastro reserva da institui\u00e7\u00e3o escolhida.<\/p>\n<p>3\u00aa e \u00faltima oportunidade:\u00a0Apenas para a institui\u00e7\u00e3o com vaga(s) dispon\u00edvel(is), que n\u00e3o tenha o cadastro de reserva e que solicite a abertura do per\u00edodo, Desse modo, o candidato, caso n\u00e3o se classifique dentro do n\u00famero de vagas ofertadas, poder\u00e1 escolher dentre as vagas n\u00e3o preenchidas do programa escolhido no ato da inscri\u00e7\u00e3o e participar do cadastro de reserva da nova institui\u00e7\u00e3o escolhida.<\/p>\n<h2 style=\"font-family: Poppins, sans-serif; color: #7a7a7a;\"><span class=\"ez-toc-section\" id=\"Cronograma_ENARE_20232024\"><\/span>Cronograma ENARE 2023\/2024<span class=\"ez-toc-section-end\"><\/span><\/h2>\n<p>Por fim, veja o<a href=\"https:\/\/institutoaocp.org.br\/\/concursos\/arquivos\/anexoIII_cronog_medica_enare23.pdf?\"target=\"_blank\"rel=\"nofollow\">\u00a0cronograma<\/a>\u00a0com as principais datas contidas no edital.<\/p>\n<ul style=\"font-size: 16px; background-color: #ffffff;\">\n<li style=\"font-size: 16px;\">Isen\u00e7\u00e3o:\u00a023 a 28\/08\/2023<\/li>\n<li style=\"font-size: 16px;\">Per\u00edodo de Inscri\u00e7\u00e3o:\u00a023\/08 a 14\/09\/2023<\/li>\n<li style=\"font-size: 16px;\">Envio dos documentos para An\u00e1lise Curricular (2\u00aa etapa):\u00a023\/08 \u00e0 15\/09\/2023<\/li>\n<li style=\"font-size: 16px;\">Prova Objetiva (1\u00aa etapa):\u00a029\/10\/2023<\/li>\n<li style=\"font-size: 16px;\">Gabarito preliminar:\u00a030\/10\/2023<\/li>\n<li style=\"font-size: 16px;\">Recursos:\u00a031\/140 a 01\/11\/2023<\/li>\n<li style=\"font-size: 16px;\">Resultado final da 1\u00aa etapa e preliminar da 2\u00aa:\u00a006\/12\/2023<\/li>\n<li style=\"font-size: 16px;\">Recursos:\u00a007 e 08\/12\/2023<\/li>\n<li style=\"font-size: 16px;\">Nota Final e Classifica\u00e7\u00e3o Geral:\u00a020\/12\/2023<\/li>\n<li style=\"font-size: 16px;\">1\u00aa oportunidade:\u00a022 a 26\/01\/2024<\/li>\n<li style=\"font-size: 16px;\">2\u00aa oportunidade:\u00a026 a 27\/02\/2024<\/li>\n<li style=\"font-size: 16px;\">3\u00aa oportunidade:\u00a014\/03\/2024<\/li>\n<li style=\"font-size: 16px;\">Matr\u00edculas:\u00a0A partir de 15\/03\/2024 \u00e0 31\/03\/2024<\/li>\n<\/ul>\n<h2><span class=\"ez-toc-section\" id=\"Raio-X_da_Prova_Pratica\"><\/span><strong style=\"color: inherit; font-family: inherit; font-size: 2rem;\">Raio-X da Prova Pr\u00e1tica<\/strong><span class=\"ez-toc-section-end\"><\/span><\/h2>\n<p>Se o seu objetivo esse ano n\u00e3o \u00e9 o ENARE e voc\u00ea pensa em prestar as provas de resid\u00eancia m\u00e9dica de institui\u00e7\u00f5es como o IAMSPE, USP-RP, SCM-SP, Einstein e UNIFESP, ent\u00e3o precisa<a href=\"https:\/\/www.grupomedcof.com.br\/hands-on-curso\/\" target=\"_blank\" rel=\"noopener\">\u00a0<strong>estar pronto para as\u00a0provas pr\u00e1ticas<\/strong><\/a><strong>!<\/strong>\u00a0Elas ir\u00e3o compor uma parte importante da sua nota, portanto, n\u00e3o deixe a oportunidade da aprova\u00e7\u00e3o passar!<\/p>\n<p>\u00a0<\/p>\n<p>Foi para<strong><a href=\"https:\/\/www.grupomedcof.com.br\/blog\/dicas-para-provas-praticas-de-residencia-medica\/\" target=\"_blank\" rel=\"noopener\">\u00a0garantir a sua prepara\u00e7\u00e3o<\/a><\/strong>\u00a0que fizemos o\u00a0<strong>Raio-X da Prova Pr\u00e1tica<\/strong>, uma semana de lives em que traremos os nossos alunos aprovados nas principais resid\u00eancias que possuem provas pr\u00e1ticas em seus processos seletivos.<\/p>\n<p>https:\/\/www.youtube.com\/watch?v=3X98o86LeWQ<\/p>\n","protected":false},"excerpt":{"rendered":"<p>O Exame Nacional de Resid\u00eancia (ENARE) divulgou os editais para o processo seletivo para resid\u00eancia m\u00e9dica de 2023\/2024.<\/p>\n","protected":false},"author":6,"featured_media":10064,"comment_status":"open","ping_status":"open","sticky":false,"template":"","format":"standard","meta":{"footnotes":""},"categories":[10,174],"tags":[29,93,117,68],"ppma_author":[3609],"class_list":{"0":"post-10061","1":"post","2":"type-post","3":"status-publish","4":"format-standard","5":"has-post-thumbnail","7":"category-raio-x-editais","8":"category-residencia-medica","9":"tag-enare","10":"tag-especialidades-medicas","11":"tag-provas-de-residencia","12":"tag-residencia-medica"},"yoast_head":"<!-- This site is optimized with the Yoast SEO Premium plugin v24.3 (Yoast SEO v27.4) - https:\/\/yoast.com\/product\/yoast-seo-premium-wordpress\/ -->\n<title>ENARE 2023\/2024: Publicado edital para resid\u00eancia m\u00e9dica - Blog de Medcof: conte\u00fados, editais, revalida e mais!<\/title>\n<meta name=\"description\" content=\"O Exame Nacional de Resid\u00eancia (ENARE) publicou os editais para o processo seletivo para resid\u00eancia m\u00e9dica de 2023\/2024.\" \/>\n<meta name=\"robots\" content=\"index, follow, max-snippet:-1, max-image-preview:large, max-video-preview:-1\" \/>\n<link rel=\"canonical\" href=\"https:\/\/www.grupomedcof.com.br\/blog\/enare-2023-2024-publicado-edital-para-residencia-medica\/\" \/>\n<meta property=\"og:locale\" content=\"pt_BR\" \/>\n<meta property=\"og:type\" content=\"article\" \/>\n<meta property=\"og:title\" content=\"ENARE 2023\/2024: Publicado edital para resid\u00eancia m\u00e9dica\" \/>\n<meta property=\"og:description\" content=\"O Exame Nacional de Resid\u00eancia (ENARE) publicou os editais para o processo seletivo para resid\u00eancia m\u00e9dica de 2023\/2024.\" \/>\n<meta property=\"og:url\" content=\"https:\/\/www.grupomedcof.com.br\/blog\/enare-2023-2024-publicado-edital-para-residencia-medica\/\" \/>\n<meta property=\"og:site_name\" content=\"Blog de Medcof: conte\u00fados, editais, revalida e mais!\" \/>\n<meta property=\"article:publisher\" content=\"https:\/\/www.facebook.com\/MedCofQbank\/\" \/>\n<meta property=\"article:published_time\" content=\"2023-08-08T13:32:01+00:00\" \/>\n<meta property=\"og:image\" content=\"https:\/\/www.grupomedcof.com.br\/blog\/wp-content\/uploads\/2023\/08\/Blog-MedCof-2023-08-08T100852.226-1024x576.png\" \/>\n\t<meta property=\"og:image:width\" content=\"1024\" \/>\n\t<meta property=\"og:image:height\" content=\"576\" \/>\n\t<meta property=\"og:image:type\" content=\"image\/png\" \/>\n<meta name=\"author\" content=\"J\u00falia Moreira\" \/>\n<meta name=\"twitter:card\" content=\"summary_large_image\" \/>\n<meta name=\"twitter:label1\" content=\"Escrito por\" \/>\n\t<meta name=\"twitter:data1\" content=\"J\u00falia Moreira\" \/>\n\t<meta name=\"twitter:label2\" content=\"Est. tempo de leitura\" \/>\n\t<meta name=\"twitter:data2\" content=\"10 minutos\" \/>\n<script type=\"application\/ld+json\" class=\"yoast-schema-graph\">{\"@context\":\"https:\\\/\\\/schema.org\",\"@graph\":[{\"@type\":\"Article\",\"@id\":\"https:\\\/\\\/www.grupomedcof.com.br\\\/blog\\\/enare-2023-2024-publicado-edital-para-residencia-medica\\\/#article\",\"isPartOf\":{\"@id\":\"https:\\\/\\\/www.grupomedcof.com.br\\\/blog\\\/enare-2023-2024-publicado-edital-para-residencia-medica\\\/\"},\"author\":{\"name\":\"J\u00falia Moreira\",\"@id\":\"https:\\\/\\\/www.grupomedcof.com.br\\\/blog\\\/#\\\/schema\\\/person\\\/1375e0ce724529d7a1d8156ea7f8ceaa\"},\"headline\":\"ENARE 2023\\\/2024: Publicado edital para resid\u00eancia m\u00e9dica\",\"datePublished\":\"2023-08-08T13:32:01+00:00\",\"mainEntityOfPage\":{\"@id\":\"https:\\\/\\\/www.grupomedcof.com.br\\\/blog\\\/enare-2023-2024-publicado-edital-para-residencia-medica\\\/\"},\"wordCount\":1108,\"commentCount\":3,\"publisher\":{\"@id\":\"https:\\\/\\\/www.grupomedcof.com.br\\\/blog\\\/#organization\"},\"image\":{\"@id\":\"https:\\\/\\\/www.grupomedcof.com.br\\\/blog\\\/enare-2023-2024-publicado-edital-para-residencia-medica\\\/#primaryimage\"},\"thumbnailUrl\":\"https:\\\/\\\/www.grupomedcof.com.br\\\/blog\\\/wp-content\\\/uploads\\\/2023\\\/08\\\/Blog-MedCof-2023-08-08T100852.226.png\",\"keywords\":[\"ENARE\",\"Especialidades m\u00e9dicas\",\"Provas de Resid\u00eancia\",\"Resid\u00eancia M\u00e9dica\"],\"articleSection\":[\"Raio-X Editais\",\"Resid\u00eancia m\u00e9dica: editais, resultados, temas quentes e mais\"],\"inLanguage\":\"pt-BR\"},{\"@type\":\"WebPage\",\"@id\":\"https:\\\/\\\/www.grupomedcof.com.br\\\/blog\\\/enare-2023-2024-publicado-edital-para-residencia-medica\\\/\",\"url\":\"https:\\\/\\\/www.grupomedcof.com.br\\\/blog\\\/enare-2023-2024-publicado-edital-para-residencia-medica\\\/\",\"name\":\"ENARE 2023\\\/2024: Publicado edital para resid\u00eancia m\u00e9dica - Blog de Medcof: conte\u00fados, editais, revalida e mais!\",\"isPartOf\":{\"@id\":\"https:\\\/\\\/www.grupomedcof.com.br\\\/blog\\\/#website\"},\"primaryImageOfPage\":{\"@id\":\"https:\\\/\\\/www.grupomedcof.com.br\\\/blog\\\/enare-2023-2024-publicado-edital-para-residencia-medica\\\/#primaryimage\"},\"image\":{\"@id\":\"https:\\\/\\\/www.grupomedcof.com.br\\\/blog\\\/enare-2023-2024-publicado-edital-para-residencia-medica\\\/#primaryimage\"},\"thumbnailUrl\":\"https:\\\/\\\/www.grupomedcof.com.br\\\/blog\\\/wp-content\\\/uploads\\\/2023\\\/08\\\/Blog-MedCof-2023-08-08T100852.226.png\",\"datePublished\":\"2023-08-08T13:32:01+00:00\",\"description\":\"O Exame Nacional de Resid\u00eancia (ENARE) publicou os editais para o processo seletivo para resid\u00eancia m\u00e9dica de 2023\\\/2024.\",\"breadcrumb\":{\"@id\":\"https:\\\/\\\/www.grupomedcof.com.br\\\/blog\\\/enare-2023-2024-publicado-edital-para-residencia-medica\\\/#breadcrumb\"},\"inLanguage\":\"pt-BR\",\"potentialAction\":[{\"@type\":\"ReadAction\",\"target\":[\"https:\\\/\\\/www.grupomedcof.com.br\\\/blog\\\/enare-2023-2024-publicado-edital-para-residencia-medica\\\/\"]}]},{\"@type\":\"ImageObject\",\"inLanguage\":\"pt-BR\",\"@id\":\"https:\\\/\\\/www.grupomedcof.com.br\\\/blog\\\/enare-2023-2024-publicado-edital-para-residencia-medica\\\/#primaryimage\",\"url\":\"https:\\\/\\\/www.grupomedcof.com.br\\\/blog\\\/wp-content\\\/uploads\\\/2023\\\/08\\\/Blog-MedCof-2023-08-08T100852.226.png\",\"contentUrl\":\"https:\\\/\\\/www.grupomedcof.com.br\\\/blog\\\/wp-content\\\/uploads\\\/2023\\\/08\\\/Blog-MedCof-2023-08-08T100852.226.png\",\"width\":2560,\"height\":1440,\"caption\":\"O Exame Nacional de Resid\u00eancia (ENARE) divulgou os editais para o processo seletivo para resid\u00eancia m\u00e9dica de 2023\\\/2024.\"},{\"@type\":\"BreadcrumbList\",\"@id\":\"https:\\\/\\\/www.grupomedcof.com.br\\\/blog\\\/enare-2023-2024-publicado-edital-para-residencia-medica\\\/#breadcrumb\",\"itemListElement\":[{\"@type\":\"ListItem\",\"position\":1,\"name\":\"In\u00edcio\",\"item\":\"https:\\\/\\\/www.grupomedcof.com.br\\\/blog\\\/\"},{\"@type\":\"ListItem\",\"position\":2,\"name\":\"ENARE 2023\\\/2024: Publicado edital para resid\u00eancia m\u00e9dica\"}]},{\"@type\":\"WebSite\",\"@id\":\"https:\\\/\\\/www.grupomedcof.com.br\\\/blog\\\/#website\",\"url\":\"https:\\\/\\\/www.grupomedcof.com.br\\\/blog\\\/\",\"name\":\"Blog de Medcof: conte\u00fados, editais, revalida e mais!\",\"description\":\"Acesso o blog de MedCof! Seu portal de conte\u00fados sobre resid\u00eancia m\u00e9dica, an\u00e1lise e editais e muito mais. Clique e confira!\",\"publisher\":{\"@id\":\"https:\\\/\\\/www.grupomedcof.com.br\\\/blog\\\/#organization\"},\"alternateName\":\"Blog de Medcof: conte\u00fados, editais, revalida e mais!\",\"potentialAction\":[{\"@type\":\"SearchAction\",\"target\":{\"@type\":\"EntryPoint\",\"urlTemplate\":\"https:\\\/\\\/www.grupomedcof.com.br\\\/blog\\\/?s={search_term_string}\"},\"query-input\":{\"@type\":\"PropertyValueSpecification\",\"valueRequired\":true,\"valueName\":\"search_term_string\"}}],\"inLanguage\":\"pt-BR\"},{\"@type\":\"Organization\",\"@id\":\"https:\\\/\\\/www.grupomedcof.com.br\\\/blog\\\/#organization\",\"name\":\"Grupo MedCof\",\"url\":\"https:\\\/\\\/www.grupomedcof.com.br\\\/blog\\\/\",\"logo\":{\"@type\":\"ImageObject\",\"inLanguage\":\"pt-BR\",\"@id\":\"https:\\\/\\\/www.grupomedcof.com.br\\\/blog\\\/#\\\/schema\\\/logo\\\/image\\\/\",\"url\":\"https:\\\/\\\/www.grupomedcof.com.br\\\/blog\\\/wp-content\\\/uploads\\\/2022\\\/01\\\/logo-medcof.png\",\"contentUrl\":\"https:\\\/\\\/www.grupomedcof.com.br\\\/blog\\\/wp-content\\\/uploads\\\/2022\\\/01\\\/logo-medcof.png\",\"width\":768,\"height\":269,\"caption\":\"Grupo MedCof\"},\"image\":{\"@id\":\"https:\\\/\\\/www.grupomedcof.com.br\\\/blog\\\/#\\\/schema\\\/logo\\\/image\\\/\"},\"sameAs\":[\"https:\\\/\\\/www.facebook.com\\\/MedCofQbank\\\/\",\"https:\\\/\\\/www.instagram.com\\\/grupomedcof\\\/\",\"https:\\\/\\\/br.linkedin.com\\\/company\\\/medcof\",\"https:\\\/\\\/www.youtube.com\\\/channel\\\/UCdHMuOHKICxcHwecxN8P-AA\"]},{\"@type\":\"Person\",\"@id\":\"https:\\\/\\\/www.grupomedcof.com.br\\\/blog\\\/#\\\/schema\\\/person\\\/1375e0ce724529d7a1d8156ea7f8ceaa\",\"name\":\"J\u00falia Moreira\",\"image\":{\"@type\":\"ImageObject\",\"inLanguage\":\"pt-BR\",\"@id\":\"https:\\\/\\\/www.grupomedcof.com.br\\\/blog\\\/wp-content\\\/uploads\\\/2024\\\/12\\\/cropped-Captura-de-tela-2023-12-15-094946-96x96.png6a0083ac34a0445de97d55fae63a4a41\",\"url\":\"https:\\\/\\\/www.grupomedcof.com.br\\\/blog\\\/wp-content\\\/uploads\\\/2024\\\/12\\\/cropped-Captura-de-tela-2023-12-15-094946-96x96.png\",\"contentUrl\":\"https:\\\/\\\/www.grupomedcof.com.br\\\/blog\\\/wp-content\\\/uploads\\\/2024\\\/12\\\/cropped-Captura-de-tela-2023-12-15-094946-96x96.png\",\"caption\":\"J\u00falia Moreira\"},\"description\":\"Estudante do 8\u00ba semestre de Jornalismo na ECA-USP, f\u00e3 de filmes de terror e m\u00fasica popular sul-coreana.\",\"sameAs\":[\"https:\\\/\\\/www.grupomedcof.com.br\\\/\"],\"url\":\"https:\\\/\\\/www.grupomedcof.com.br\\\/blog\\\/author\\\/julia\\\/\"}]}<\/script>\n<!-- \/ Yoast SEO Premium plugin. -->","yoast_head_json":{"title":"ENARE 2023\/2024: Publicado edital para resid\u00eancia m\u00e9dica - Blog de Medcof: conte\u00fados, editais, revalida e mais!","description":"O Exame Nacional de Resid\u00eancia (ENARE) publicou os editais para o processo seletivo para resid\u00eancia m\u00e9dica de 2023\/2024.","robots":{"index":"index","follow":"follow","max-snippet":"max-snippet:-1","max-image-preview":"max-image-preview:large","max-video-preview":"max-video-preview:-1"},"canonical":"https:\/\/www.grupomedcof.com.br\/blog\/enare-2023-2024-publicado-edital-para-residencia-medica\/","og_locale":"pt_BR","og_type":"article","og_title":"ENARE 2023\/2024: Publicado edital para resid\u00eancia m\u00e9dica","og_description":"O Exame Nacional de Resid\u00eancia (ENARE) publicou os editais para o processo seletivo para resid\u00eancia m\u00e9dica de 2023\/2024.","og_url":"https:\/\/www.grupomedcof.com.br\/blog\/enare-2023-2024-publicado-edital-para-residencia-medica\/","og_site_name":"Blog de Medcof: conte\u00fados, editais, revalida e mais!","article_publisher":"https:\/\/www.facebook.com\/MedCofQbank\/","article_published_time":"2023-08-08T13:32:01+00:00","og_image":[{"width":1024,"height":576,"url":"https:\/\/www.grupomedcof.com.br\/blog\/wp-content\/uploads\/2023\/08\/Blog-MedCof-2023-08-08T100852.226-1024x576.png","type":"image\/png"}],"author":"J\u00falia Moreira","twitter_card":"summary_large_image","twitter_misc":{"Escrito por":"J\u00falia Moreira","Est. tempo de leitura":"10 minutos"},"schema":{"@context":"https:\/\/schema.org","@graph":[{"@type":"Article","@id":"https:\/\/www.grupomedcof.com.br\/blog\/enare-2023-2024-publicado-edital-para-residencia-medica\/#article","isPartOf":{"@id":"https:\/\/www.grupomedcof.com.br\/blog\/enare-2023-2024-publicado-edital-para-residencia-medica\/"},"author":{"name":"J\u00falia Moreira","@id":"https:\/\/www.grupomedcof.com.br\/blog\/#\/schema\/person\/1375e0ce724529d7a1d8156ea7f8ceaa"},"headline":"ENARE 2023\/2024: Publicado edital para resid\u00eancia m\u00e9dica","datePublished":"2023-08-08T13:32:01+00:00","mainEntityOfPage":{"@id":"https:\/\/www.grupomedcof.com.br\/blog\/enare-2023-2024-publicado-edital-para-residencia-medica\/"},"wordCount":1108,"commentCount":3,"publisher":{"@id":"https:\/\/www.grupomedcof.com.br\/blog\/#organization"},"image":{"@id":"https:\/\/www.grupomedcof.com.br\/blog\/enare-2023-2024-publicado-edital-para-residencia-medica\/#primaryimage"},"thumbnailUrl":"https:\/\/www.grupomedcof.com.br\/blog\/wp-content\/uploads\/2023\/08\/Blog-MedCof-2023-08-08T100852.226.png","keywords":["ENARE","Especialidades m\u00e9dicas","Provas de Resid\u00eancia","Resid\u00eancia M\u00e9dica"],"articleSection":["Raio-X Editais","Resid\u00eancia m\u00e9dica: editais, resultados, temas quentes e mais"],"inLanguage":"pt-BR"},{"@type":"WebPage","@id":"https:\/\/www.grupomedcof.com.br\/blog\/enare-2023-2024-publicado-edital-para-residencia-medica\/","url":"https:\/\/www.grupomedcof.com.br\/blog\/enare-2023-2024-publicado-edital-para-residencia-medica\/","name":"ENARE 2023\/2024: Publicado edital para resid\u00eancia m\u00e9dica - Blog de Medcof: conte\u00fados, editais, revalida e mais!","isPartOf":{"@id":"https:\/\/www.grupomedcof.com.br\/blog\/#website"},"primaryImageOfPage":{"@id":"https:\/\/www.grupomedcof.com.br\/blog\/enare-2023-2024-publicado-edital-para-residencia-medica\/#primaryimage"},"image":{"@id":"https:\/\/www.grupomedcof.com.br\/blog\/enare-2023-2024-publicado-edital-para-residencia-medica\/#primaryimage"},"thumbnailUrl":"https:\/\/www.grupomedcof.com.br\/blog\/wp-content\/uploads\/2023\/08\/Blog-MedCof-2023-08-08T100852.226.png","datePublished":"2023-08-08T13:32:01+00:00","description":"O Exame Nacional de Resid\u00eancia (ENARE) publicou os editais para o processo seletivo para resid\u00eancia m\u00e9dica de 2023\/2024.","breadcrumb":{"@id":"https:\/\/www.grupomedcof.com.br\/blog\/enare-2023-2024-publicado-edital-para-residencia-medica\/#breadcrumb"},"inLanguage":"pt-BR","potentialAction":[{"@type":"ReadAction","target":["https:\/\/www.grupomedcof.com.br\/blog\/enare-2023-2024-publicado-edital-para-residencia-medica\/"]}]},{"@type":"ImageObject","inLanguage":"pt-BR","@id":"https:\/\/www.grupomedcof.com.br\/blog\/enare-2023-2024-publicado-edital-para-residencia-medica\/#primaryimage","url":"https:\/\/www.grupomedcof.com.br\/blog\/wp-content\/uploads\/2023\/08\/Blog-MedCof-2023-08-08T100852.226.png","contentUrl":"https:\/\/www.grupomedcof.com.br\/blog\/wp-content\/uploads\/2023\/08\/Blog-MedCof-2023-08-08T100852.226.png","width":2560,"height":1440,"caption":"O Exame Nacional de Resid\u00eancia (ENARE) divulgou os editais para o processo seletivo para resid\u00eancia m\u00e9dica de 2023\/2024."},{"@type":"BreadcrumbList","@id":"https:\/\/www.grupomedcof.com.br\/blog\/enare-2023-2024-publicado-edital-para-residencia-medica\/#breadcrumb","itemListElement":[{"@type":"ListItem","position":1,"name":"In\u00edcio","item":"https:\/\/www.grupomedcof.com.br\/blog\/"},{"@type":"ListItem","position":2,"name":"ENARE 2023\/2024: Publicado edital para resid\u00eancia m\u00e9dica"}]},{"@type":"WebSite","@id":"https:\/\/www.grupomedcof.com.br\/blog\/#website","url":"https:\/\/www.grupomedcof.com.br\/blog\/","name":"Blog de Medcof: conte\u00fados, editais, revalida e mais!","description":"Acesso o blog de MedCof! Seu portal de conte\u00fados sobre resid\u00eancia m\u00e9dica, an\u00e1lise e editais e muito mais. Clique e confira!","publisher":{"@id":"https:\/\/www.grupomedcof.com.br\/blog\/#organization"},"alternateName":"Blog de Medcof: conte\u00fados, editais, revalida e mais!","potentialAction":[{"@type":"SearchAction","target":{"@type":"EntryPoint","urlTemplate":"https:\/\/www.grupomedcof.com.br\/blog\/?s={search_term_string}"},"query-input":{"@type":"PropertyValueSpecification","valueRequired":true,"valueName":"search_term_string"}}],"inLanguage":"pt-BR"},{"@type":"Organization","@id":"https:\/\/www.grupomedcof.com.br\/blog\/#organization","name":"Grupo MedCof","url":"https:\/\/www.grupomedcof.com.br\/blog\/","logo":{"@type":"ImageObject","inLanguage":"pt-BR","@id":"https:\/\/www.grupomedcof.com.br\/blog\/#\/schema\/logo\/image\/","url":"https:\/\/www.grupomedcof.com.br\/blog\/wp-content\/uploads\/2022\/01\/logo-medcof.png","contentUrl":"https:\/\/www.grupomedcof.com.br\/blog\/wp-content\/uploads\/2022\/01\/logo-medcof.png","width":768,"height":269,"caption":"Grupo MedCof"},"image":{"@id":"https:\/\/www.grupomedcof.com.br\/blog\/#\/schema\/logo\/image\/"},"sameAs":["https:\/\/www.facebook.com\/MedCofQbank\/","https:\/\/www.instagram.com\/grupomedcof\/","https:\/\/br.linkedin.com\/company\/medcof","https:\/\/www.youtube.com\/channel\/UCdHMuOHKICxcHwecxN8P-AA"]},{"@type":"Person","@id":"https:\/\/www.grupomedcof.com.br\/blog\/#\/schema\/person\/1375e0ce724529d7a1d8156ea7f8ceaa","name":"J\u00falia Moreira","image":{"@type":"ImageObject","inLanguage":"pt-BR","@id":"https:\/\/www.grupomedcof.com.br\/blog\/wp-content\/uploads\/2024\/12\/cropped-Captura-de-tela-2023-12-15-094946-96x96.png6a0083ac34a0445de97d55fae63a4a41","url":"https:\/\/www.grupomedcof.com.br\/blog\/wp-content\/uploads\/2024\/12\/cropped-Captura-de-tela-2023-12-15-094946-96x96.png","contentUrl":"https:\/\/www.grupomedcof.com.br\/blog\/wp-content\/uploads\/2024\/12\/cropped-Captura-de-tela-2023-12-15-094946-96x96.png","caption":"J\u00falia Moreira"},"description":"Estudante do 8\u00ba semestre de Jornalismo na ECA-USP, f\u00e3 de filmes de terror e m\u00fasica popular sul-coreana.","sameAs":["https:\/\/www.grupomedcof.com.br\/"],"url":"https:\/\/www.grupomedcof.com.br\/blog\/author\/julia\/"}]}},"authors":[{"term_id":3609,"user_id":6,"is_guest":0,"slug":"julia","display_name":"J\u00falia Moreira","avatar_url":"https:\/\/www.grupomedcof.com.br\/blog\/wp-content\/uploads\/2024\/12\/cropped-Captura-de-tela-2023-12-15-094946-96x96.png","0":null,"1":"","2":"","3":"","4":"","5":"","6":"","7":"","8":""}],"_links":{"self":[{"href":"https:\/\/www.grupomedcof.com.br\/blog\/wp-json\/wp\/v2\/posts\/10061","targetHints":{"allow":["GET"]}}],"collection":[{"href":"https:\/\/www.grupomedcof.com.br\/blog\/wp-json\/wp\/v2\/posts"}],"about":[{"href":"https:\/\/www.grupomedcof.com.br\/blog\/wp-json\/wp\/v2\/types\/post"}],"author":[{"embeddable":true,"href":"https:\/\/www.grupomedcof.com.br\/blog\/wp-json\/wp\/v2\/users\/6"}],"replies":[{"embeddable":true,"href":"https:\/\/www.grupomedcof.com.br\/blog\/wp-json\/wp\/v2\/comments?post=10061"}],"version-history":[{"count":0,"href":"https:\/\/www.grupomedcof.com.br\/blog\/wp-json\/wp\/v2\/posts\/10061\/revisions"}],"wp:featuredmedia":[{"embeddable":true,"href":"https:\/\/www.grupomedcof.com.br\/blog\/wp-json\/wp\/v2\/media\/10064"}],"wp:attachment":[{"href":"https:\/\/www.grupomedcof.com.br\/blog\/wp-json\/wp\/v2\/media?parent=10061"}],"wp:term":[{"taxonomy":"category","embeddable":true,"href":"https:\/\/www.grupomedcof.com.br\/blog\/wp-json\/wp\/v2\/categories?post=10061"},{"taxonomy":"post_tag","embeddable":true,"href":"https:\/\/www.grupomedcof.com.br\/blog\/wp-json\/wp\/v2\/tags?post=10061"},{"taxonomy":"author","embeddable":true,"href":"https:\/\/www.grupomedcof.com.br\/blog\/wp-json\/wp\/v2\/ppma_author?post=10061"}],"curies":[{"name":"wp","href":"https:\/\/api.w.org\/{rel}","templated":true}]}}