{"id":1008,"date":"2022-05-05T17:39:16","date_gmt":"2022-05-05T20:39:16","guid":{"rendered":"https:\/\/www.grupomedcof.com.br\/blog\/?p=1008"},"modified":"2022-05-05T17:39:16","modified_gmt":"2022-05-05T20:39:16","slug":"hipocrates-pai-da-medicina","status":"publish","type":"post","link":"https:\/\/www.grupomedcof.com.br\/blog\/hipocrates-pai-da-medicina\/","title":{"rendered":"Hip\u00f3crates \u2013 O Pai da Medicina Ocidental"},"content":{"rendered":"<p><img loading=\"lazy\" decoding=\"async\" class=\"aligncenter size-full wp-image-1020\" src=\"https:\/\/www.grupomedcof.com.br\/blog\/wp-content\/uploads\/2022\/05\/hipocrates-460-.-c.-Banner-para-blogue-1.png\" alt=\"hip\u00f3crates pai da medicina\" width=\"2240\" height=\"1260\" srcset=\"https:\/\/www.grupomedcof.com.br\/blog\/wp-content\/uploads\/2022\/05\/hipocrates-460-.-c.-Banner-para-blogue-1.png 2240w, https:\/\/www.grupomedcof.com.br\/blog\/wp-content\/uploads\/2022\/05\/hipocrates-460-.-c.-Banner-para-blogue-1-300x169.png 300w, https:\/\/www.grupomedcof.com.br\/blog\/wp-content\/uploads\/2022\/05\/hipocrates-460-.-c.-Banner-para-blogue-1-1024x576.png 1024w, https:\/\/www.grupomedcof.com.br\/blog\/wp-content\/uploads\/2022\/05\/hipocrates-460-.-c.-Banner-para-blogue-1-768x432.png 768w, https:\/\/www.grupomedcof.com.br\/blog\/wp-content\/uploads\/2022\/05\/hipocrates-460-.-c.-Banner-para-blogue-1-1536x864.png 1536w, https:\/\/www.grupomedcof.com.br\/blog\/wp-content\/uploads\/2022\/05\/hipocrates-460-.-c.-Banner-para-blogue-1-2048x1152.png 2048w\" sizes=\"auto, (max-width: 2240px) 100vw, 2240px\" \/><\/p>\n<p>&nbsp;<\/p>\n<p>&nbsp;<\/p>\n<h4>Quem foi Hip\u00f3crates?<\/h4>\n<p>Hip\u00f3crates nasceu por volta do ano 460 a.C. na Ilha de Kos, uma das ilhas gregas do Dodecaneso, localizado no leste do mar Egeu. Seus pais eram Her\u00e1clides e Fenareta, descendentes de Ascl\u00e9pio, o Deus grego da medicina e dono do cajado presente no s\u00edmbolo da profiss\u00e3o.<\/p>\n<p>Sua fam\u00edlia possu\u00eda grande prest\u00edgio e se dedicou \u00e0 pr\u00e1tica da medicina e da magia durante muitas gera\u00e7\u00f5es. Por\u00e9m Hip\u00f3crates rejeitava a supersti\u00e7\u00e3o e as pr\u00e1ticas m\u00e1gicas e se dedicou ao caminho cient\u00edfico baseado na observa\u00e7\u00e3o cl\u00ednica, relacionando diversas doen\u00e7as aos fatores clim\u00e1ticos, alimentares e ao ambiente que cercava os pacientes, por isso \u00e9 conhecido como o \u201cpai da medicina\u201d.<\/p>\n<p>&nbsp;<\/p>\n<p><img loading=\"lazy\" decoding=\"async\" class=\"aligncenter wp-image-1013\" src=\"https:\/\/www.grupomedcof.com.br\/blog\/wp-content\/uploads\/2022\/05\/Post-do-instagram-de-citacao-frase-cimento-queimado-escultura-grega-1024x1024.png\" alt=\"hip\u00f3crates\" width=\"600\" height=\"600\" srcset=\"https:\/\/www.grupomedcof.com.br\/blog\/wp-content\/uploads\/2022\/05\/Post-do-instagram-de-citacao-frase-cimento-queimado-escultura-grega-1024x1024.png 1024w, https:\/\/www.grupomedcof.com.br\/blog\/wp-content\/uploads\/2022\/05\/Post-do-instagram-de-citacao-frase-cimento-queimado-escultura-grega-300x300.png 300w, https:\/\/www.grupomedcof.com.br\/blog\/wp-content\/uploads\/2022\/05\/Post-do-instagram-de-citacao-frase-cimento-queimado-escultura-grega-150x150.png 150w, https:\/\/www.grupomedcof.com.br\/blog\/wp-content\/uploads\/2022\/05\/Post-do-instagram-de-citacao-frase-cimento-queimado-escultura-grega-768x768.png 768w, https:\/\/www.grupomedcof.com.br\/blog\/wp-content\/uploads\/2022\/05\/Post-do-instagram-de-citacao-frase-cimento-queimado-escultura-grega.png 1080w\" sizes=\"auto, (max-width: 600px) 100vw, 600px\" \/><\/p>\n<p>&nbsp;<\/p>\n<p>&nbsp;<\/p>\n<h4>Atividades m\u00e9dicas<\/h4>\n<p>Por volta de 430-429 a.C., a fama de Hip\u00f3crates come\u00e7ou a se espalhar devido ao momento que Atenas vivia com uma peste que estava arrasando sua popula\u00e7\u00e3o. Ap\u00f3s observar que os artes\u00e3os, obrigados a se manterem pr\u00f3ximos ao fogo devido \u00e0 profiss\u00e3o, pareciam imunes \u00e0 doen\u00e7a, Hip\u00f3crates ordenou que fossem acesas fogueiras por toda a cidade, dando fim \u00e0 epidemia.<\/p>\n<p>Entre seus conceitos terap\u00eauticos, realizou tamb\u00e9m a diferencia\u00e7\u00e3o entre sintomas e doen\u00e7as, detalhando que os sintomas eram somente as manifesta\u00e7\u00f5es exteriores de algo que ocorria internamente no organismo.<\/p>\n<p>O m\u00e9dico grego foi tamb\u00e9m o precursor da ectoscopia, onde \u00e9 feito o primeiro contato com o paciente para avalia\u00e7\u00e3o e obten\u00e7\u00e3o dos dados gerais, visto que ele dispensava grande aten\u00e7\u00e3o \u00e0 apar\u00eancia dos olhos e pele, temperatura corporal, entre outros aspectos. Al\u00e9m disso, Hip\u00f3crates insistia na import\u00e2ncia de realizar anota\u00e7\u00f5es di\u00e1rias a respeito do progresso do doente.<\/p>\n<p>A evolu\u00e7\u00e3o da medicina mostrou que Hip\u00f3crates estava correto em muitos de seus conceitos, embora outros tantos elementos anat\u00f4micos e fisiol\u00f3gicos fossem incorretos, como a <em>Teoria dos quatro humores corporais<\/em>. Por\u00e9m h\u00e1 de se considerar que, na \u00e9poca, a disseca\u00e7\u00e3o era considerada um tabu, o que dificultava o estudo fiel do corpo humano, tendo este que ser restrito \u00e0 observa\u00e7\u00e3o da evolu\u00e7\u00e3o dos diagn\u00f3sticos dos pacientes.<\/p>\n<p>&nbsp;<\/p>\n<p>&nbsp;<\/p>\n<h4>Teoria dos quatro humores corporais<\/h4>\n<p>Em seu tratado \u201c<em>Da Natureza do Homem\u201d<\/em>, Hip\u00f3crates desenvolveu a tese de que o corpo humano era composto por quatro humores (l\u00edquidos corporais) correspondentes a cada uma das esta\u00e7\u00f5es do ano e que, portanto, diminu\u00edam ou aumentavam conforme essas esta\u00e7\u00f5es:<\/p>\n<ol>\n<li>Fleuma \u2013 fria e \u00famida, predominante no inverno;<\/li>\n<li>Sangue \u2013 quente e \u00famido, predominante na primavera;<\/li>\n<li>Bile amarela \u2013 quente e seca, predominante no ver\u00e3o;<\/li>\n<li>Bile negra \u2013 fria e seca, predominante no outono.<\/li>\n<\/ol>\n<p>Esses humores eram os respons\u00e1veis por manter o corpo humano saud\u00e1vel, quando estavam em equil\u00edbrio, ou por ocasionar algum tipo de doen\u00e7a, quando havia falta ou excesso de um deles ou quando um deles se separava no corpo e n\u00e3o voltava a se unir aos demais. Para manter este equil\u00edbrio, o paciente deveria modificar seu regime de acordo com a esta\u00e7\u00e3o do ano.<\/p>\n<p>&nbsp;<\/p>\n<p>&nbsp;<\/p>\n<h4>Juramento de Hip\u00f3crates<\/h4>\n<p>Diz-se que Hip\u00f3crates foi quem elaborou o rigoroso c\u00f3digo de \u00e9tica que at\u00e9 hoje \u00e9 repetido pelos m\u00e9dicos ao se formarem. No entanto, n\u00e3o h\u00e1 consenso sobre sua autoria, pois alguns estudiosos afirmam que o Juramento de Hip\u00f3crates foi escrito tempos depois de sua morte.<\/p>\n<p>&nbsp;<\/p>\n<blockquote>\n<p style=\"text-align: center;\">&#8220;Juro por Apolo, m\u00e9dico, por Escul\u00e1pio, por Hig\u00e9ia e Panac\u00e9ia,<\/p>\n<p style=\"text-align: center;\">por todos os deuses e deusas tomados como testemunhas,<\/p>\n<p style=\"text-align: center;\">que cumprirei, no limite de minhas for\u00e7as e capacidade,<\/p>\n<p style=\"text-align: center;\">o seguinte juramento e compromisso: colocarei meu mestre no n\u00edvel dos meus pais,<\/p>\n<p style=\"text-align: center;\">dividirei com ele o meu haver e proverei \u00e0s suas necessidades,<\/p>\n<p style=\"text-align: center;\">quando for o caso. Terei seus filhos como irm\u00e3os e lhes ensinarei a medicina,<\/p>\n<p style=\"text-align: center;\">se o desejarem, sem remunera\u00e7\u00e3o ou recompensa.<\/p>\n<p style=\"text-align: center;\">Por preceitos, li\u00e7\u00f5es orais e todo outro meio de instru\u00e7\u00e3o,<\/p>\n<p style=\"text-align: center;\">transmitirei o conhecimento dessa arte a meus filhos,<\/p>\n<p style=\"text-align: center;\">aos filhos do meu mestre e a disc\u00edpulos ligados por compromisso<\/p>\n<p style=\"text-align: center;\">e juramento segundo as leis da medicina mas a ningu\u00e9m mais.<\/p>\n<p style=\"text-align: center;\">Seguirei o regime que for mais ben\u00e9fico para os doentes,<\/p>\n<p style=\"text-align: center;\">segundo minhas luzes e meu crit\u00e9rio, abstendo-me de todo mal<\/p>\n<p style=\"text-align: center;\">e injusti\u00e7a. N\u00e3o administrarei veneno a quem quer que me pe\u00e7a,<\/p>\n<p style=\"text-align: center;\">nem tomarei a iniciativa de sugerir seu uso; da mesma forma,<\/p>\n<p style=\"text-align: center;\">n\u00e3o darei a mulher alguma pess\u00e1rio abortivo. Viverei minha vida<\/p>\n<p style=\"text-align: center;\">e exercerei minha arte na pureza e na inoc\u00eancia. N\u00e3o praticarei opera\u00e7\u00f5es<\/p>\n<p style=\"text-align: center;\">para extra\u00e7\u00e3o de c\u00e1lculo, deixando-as aos que disso se ocupam.<\/p>\n<p style=\"text-align: center;\">Entrarei nas casas para o bem dos enfermos, preservando-me<\/p>\n<p style=\"text-align: center;\">de qualquer ato volunt\u00e1rio de maldade e corrup\u00e7\u00e3o, sobretudo<\/p>\n<p style=\"text-align: center;\">da sedu\u00e7\u00e3o de mulheres e rapazes, livres ou escravos. No exerc\u00edcio da<\/p>\n<p style=\"text-align: center;\">minha arte ou fora dele, silenciarei sobre tudo o que vir e ouvir em sociedade e<\/p>\n<p style=\"text-align: center;\">que n\u00e3o precise tornar-se p\u00fablico, considerando sempre a discri\u00e7\u00e3o como<\/p>\n<p style=\"text-align: center;\">um dever. Que me seja dado gozar da vida e da profiss\u00e3o,<\/p>\n<p style=\"text-align: center;\">honrado entre os homens, se bem cumprir este voto; se o<\/p>\n<p style=\"text-align: center;\">violar e perjurar, que tenha a sorte adversa&#8221;.<\/p>\n<\/blockquote>\n<p>&nbsp;<\/p>\n<p>&nbsp;<\/p>\n<p>&nbsp;<\/p>\n<p>&nbsp;<\/p>\n<p>&nbsp;<\/p>\n<h5>Refer\u00eancias bibliogr\u00e1ficas:<\/h5>\n<p><em>RODRIGUES, Cleiton. <strong>Humores e Temperamentos: considera\u00e7\u00f5es sobre a teoria hipocr\u00e1tica.<\/strong> Revista P\u00e1ginas de Filosofia, v. 9, n. 2, p. 109-120, jul.-dez. 2020.<\/em><\/p>\n<p><em>FIOCRUZ. <strong>Hip\u00f3crates.\u00a0<\/strong><\/em><\/p>\n<p><em>ALTMAN, Max. <strong>Hoje na Hist\u00f3ria: 370 a.C. \u2013 Morre Hip\u00f3crates, considerado o &#8220;pai da Medicina&#8221;.<\/strong> Revista Hist\u00f3ria, Ci\u00eancias, Sa\u00fade \u2013 Manguinhos. Casa Oswaldo Cruz. <\/em><\/p>\n<p>&nbsp;<\/p>\n<p>&nbsp;<\/p>\n<p>&nbsp;<\/p>\n<p><em>Leia tamb\u00e9m:<\/em><\/p>\n<ul>\n<li><span style=\"color: #0000ff;\"><a style=\"color: #0000ff;\" href=\"https:\/\/www.grupomedcof.com.br\/blog\/refluxo-gastroesofagico-infantil-fisiologico-vs-patologico\/\">Refluxo gastroesof\u00e1gico infantil: fisiol\u00f3gico vs patol\u00f3gico<\/a><\/span><\/li>\n<li><span style=\"color: #0000ff;\"><a style=\"color: #0000ff;\" href=\"https:\/\/www.grupomedcof.com.br\/blog\/raio-x-residencia-medica-famerp-2022\/\">Raio-X: Resid\u00eancia M\u00e9dica FAMERP 2022.\u00a0<\/a><\/span><\/li>\n<\/ul>\n<p>&nbsp;<\/p>\n<p>Confira nosso <a href=\"https:\/\/www.youtube.com\/channel\/UCdHMuOHKICxcHwecxN8P-AA\"><span style=\"color: #0000ff;\">canal do YouTube<\/span><\/a> com aulas gratuitas e quest\u00f5es comentadas das provas mais concorridas!<\/p>\n<p>&nbsp;<\/p>\n<p>&nbsp;<\/p>\n<p>&nbsp;<\/p>\n","protected":false},"excerpt":{"rendered":"<p>&nbsp; &nbsp; Quem foi Hip\u00f3crates? Hip\u00f3crates nasceu por volta do ano 460 a.C. na Ilha de Kos, uma das ilhas gregas do Dodecaneso, localizado no leste do mar Egeu. Seus pais eram Her\u00e1clides e Fenareta, descendentes de Ascl\u00e9pio, o Deus grego da medicina e dono do cajado presente no s\u00edmbolo da profiss\u00e3o. Sua fam\u00edlia possu\u00eda [&hellip;]<\/p>\n","protected":false},"author":2,"featured_media":1020,"comment_status":"open","ping_status":"open","sticky":false,"template":"","format":"standard","meta":{"footnotes":""},"categories":[21],"tags":[63,61,62],"ppma_author":[3612],"class_list":{"0":"post-1008","1":"post","2":"type-post","3":"status-publish","4":"format-standard","5":"has-post-thumbnail","7":"category-historia-cultura-comportamento","8":"tag-figuras-historicas-da-medicina","9":"tag-hipocrates","10":"tag-pai-da-medicina"},"yoast_head":"<!-- This site is optimized with the Yoast SEO Premium plugin v24.3 (Yoast SEO v27.4) - https:\/\/yoast.com\/product\/yoast-seo-premium-wordpress\/ -->\n<title>Hip\u00f3crates \u2013 O Pai da Medicina Ocidental - Blog de Medcof: conte\u00fados, editais, revalida e mais!<\/title>\n<meta name=\"description\" content=\"Hip\u00f3crates nasceu por volta do ano 460 a.C. na Ilha de Kos, uma das ilhas gregas do Dodecaneso, localizado no leste do mar Egeu.\" \/>\n<meta name=\"robots\" content=\"index, follow, max-snippet:-1, max-image-preview:large, max-video-preview:-1\" \/>\n<link rel=\"canonical\" href=\"https:\/\/www.grupomedcof.com.br\/blog\/hipocrates-pai-da-medicina\/\" \/>\n<meta property=\"og:locale\" content=\"pt_BR\" \/>\n<meta property=\"og:type\" content=\"article\" \/>\n<meta property=\"og:title\" content=\"Hip\u00f3crates \u2013 O Pai da Medicina Ocidental\" \/>\n<meta property=\"og:description\" content=\"Hip\u00f3crates nasceu por volta do ano 460 a.C. na Ilha de Kos, uma das ilhas gregas do Dodecaneso, localizado no leste do mar Egeu.\" \/>\n<meta property=\"og:url\" content=\"https:\/\/www.grupomedcof.com.br\/blog\/hipocrates-pai-da-medicina\/\" \/>\n<meta property=\"og:site_name\" content=\"Blog de Medcof: conte\u00fados, editais, revalida e mais!\" \/>\n<meta property=\"article:publisher\" content=\"https:\/\/www.facebook.com\/MedCofQbank\/\" \/>\n<meta property=\"article:published_time\" content=\"2022-05-05T20:39:16+00:00\" \/>\n<meta property=\"og:image\" content=\"https:\/\/www.grupomedcof.com.br\/blog\/wp-content\/uploads\/2022\/05\/hipocrates-460-.-c.-Banner-para-blogue-1-1024x576.png\" \/>\n\t<meta property=\"og:image:width\" content=\"1024\" \/>\n\t<meta property=\"og:image:height\" content=\"576\" \/>\n\t<meta property=\"og:image:type\" content=\"image\/png\" \/>\n<meta name=\"author\" content=\"Patr\u00edcia Oliveira\" \/>\n<meta name=\"twitter:card\" content=\"summary_large_image\" \/>\n<meta name=\"twitter:label1\" content=\"Escrito por\" \/>\n\t<meta name=\"twitter:data1\" content=\"Patr\u00edcia Oliveira\" \/>\n\t<meta name=\"twitter:label2\" content=\"Est. tempo de leitura\" \/>\n\t<meta name=\"twitter:data2\" content=\"6 minutos\" \/>\n<script type=\"application\/ld+json\" class=\"yoast-schema-graph\">{\"@context\":\"https:\\\/\\\/schema.org\",\"@graph\":[{\"@type\":\"Article\",\"@id\":\"https:\\\/\\\/www.grupomedcof.com.br\\\/blog\\\/hipocrates-pai-da-medicina\\\/#article\",\"isPartOf\":{\"@id\":\"https:\\\/\\\/www.grupomedcof.com.br\\\/blog\\\/hipocrates-pai-da-medicina\\\/\"},\"author\":{\"name\":\"Patr\u00edcia Oliveira\",\"@id\":\"https:\\\/\\\/www.grupomedcof.com.br\\\/blog\\\/#\\\/schema\\\/person\\\/7a655db4c3da9796e0166bf55a9ea53a\"},\"headline\":\"Hip\u00f3crates \u2013 O Pai da Medicina Ocidental\",\"datePublished\":\"2022-05-05T20:39:16+00:00\",\"mainEntityOfPage\":{\"@id\":\"https:\\\/\\\/www.grupomedcof.com.br\\\/blog\\\/hipocrates-pai-da-medicina\\\/\"},\"wordCount\":1003,\"commentCount\":0,\"publisher\":{\"@id\":\"https:\\\/\\\/www.grupomedcof.com.br\\\/blog\\\/#organization\"},\"image\":{\"@id\":\"https:\\\/\\\/www.grupomedcof.com.br\\\/blog\\\/hipocrates-pai-da-medicina\\\/#primaryimage\"},\"thumbnailUrl\":\"https:\\\/\\\/www.grupomedcof.com.br\\\/blog\\\/wp-content\\\/uploads\\\/2022\\\/05\\\/hipocrates-460-.-c.-Banner-para-blogue-1.png\",\"keywords\":[\"Figuras Hist\u00f3ricas da Medicina\",\"Hip\u00f3crates\",\"Pai da Medicina\"],\"articleSection\":[\"Hist\u00f3ria\\\/Cultura\\\/Comportamento\"],\"inLanguage\":\"pt-BR\"},{\"@type\":\"WebPage\",\"@id\":\"https:\\\/\\\/www.grupomedcof.com.br\\\/blog\\\/hipocrates-pai-da-medicina\\\/\",\"url\":\"https:\\\/\\\/www.grupomedcof.com.br\\\/blog\\\/hipocrates-pai-da-medicina\\\/\",\"name\":\"Hip\u00f3crates \u2013 O Pai da Medicina Ocidental - Blog de Medcof: conte\u00fados, editais, revalida e mais!\",\"isPartOf\":{\"@id\":\"https:\\\/\\\/www.grupomedcof.com.br\\\/blog\\\/#website\"},\"primaryImageOfPage\":{\"@id\":\"https:\\\/\\\/www.grupomedcof.com.br\\\/blog\\\/hipocrates-pai-da-medicina\\\/#primaryimage\"},\"image\":{\"@id\":\"https:\\\/\\\/www.grupomedcof.com.br\\\/blog\\\/hipocrates-pai-da-medicina\\\/#primaryimage\"},\"thumbnailUrl\":\"https:\\\/\\\/www.grupomedcof.com.br\\\/blog\\\/wp-content\\\/uploads\\\/2022\\\/05\\\/hipocrates-460-.-c.-Banner-para-blogue-1.png\",\"datePublished\":\"2022-05-05T20:39:16+00:00\",\"description\":\"Hip\u00f3crates nasceu por volta do ano 460 a.C. na Ilha de Kos, uma das ilhas gregas do Dodecaneso, localizado no leste do mar Egeu.\",\"breadcrumb\":{\"@id\":\"https:\\\/\\\/www.grupomedcof.com.br\\\/blog\\\/hipocrates-pai-da-medicina\\\/#breadcrumb\"},\"inLanguage\":\"pt-BR\",\"potentialAction\":[{\"@type\":\"ReadAction\",\"target\":[\"https:\\\/\\\/www.grupomedcof.com.br\\\/blog\\\/hipocrates-pai-da-medicina\\\/\"]}]},{\"@type\":\"ImageObject\",\"inLanguage\":\"pt-BR\",\"@id\":\"https:\\\/\\\/www.grupomedcof.com.br\\\/blog\\\/hipocrates-pai-da-medicina\\\/#primaryimage\",\"url\":\"https:\\\/\\\/www.grupomedcof.com.br\\\/blog\\\/wp-content\\\/uploads\\\/2022\\\/05\\\/hipocrates-460-.-c.-Banner-para-blogue-1.png\",\"contentUrl\":\"https:\\\/\\\/www.grupomedcof.com.br\\\/blog\\\/wp-content\\\/uploads\\\/2022\\\/05\\\/hipocrates-460-.-c.-Banner-para-blogue-1.png\",\"width\":2240,\"height\":1260,\"caption\":\"hip\u00f3crates pai da medicina\"},{\"@type\":\"BreadcrumbList\",\"@id\":\"https:\\\/\\\/www.grupomedcof.com.br\\\/blog\\\/hipocrates-pai-da-medicina\\\/#breadcrumb\",\"itemListElement\":[{\"@type\":\"ListItem\",\"position\":1,\"name\":\"In\u00edcio\",\"item\":\"https:\\\/\\\/www.grupomedcof.com.br\\\/blog\\\/\"},{\"@type\":\"ListItem\",\"position\":2,\"name\":\"Hip\u00f3crates \u2013 O Pai da Medicina Ocidental\"}]},{\"@type\":\"WebSite\",\"@id\":\"https:\\\/\\\/www.grupomedcof.com.br\\\/blog\\\/#website\",\"url\":\"https:\\\/\\\/www.grupomedcof.com.br\\\/blog\\\/\",\"name\":\"Blog de Medcof: conte\u00fados, editais, revalida e mais!\",\"description\":\"Acesso o blog de MedCof! Seu portal de conte\u00fados sobre resid\u00eancia m\u00e9dica, an\u00e1lise e editais e muito mais. Clique e confira!\",\"publisher\":{\"@id\":\"https:\\\/\\\/www.grupomedcof.com.br\\\/blog\\\/#organization\"},\"alternateName\":\"Blog de Medcof: conte\u00fados, editais, revalida e mais!\",\"potentialAction\":[{\"@type\":\"SearchAction\",\"target\":{\"@type\":\"EntryPoint\",\"urlTemplate\":\"https:\\\/\\\/www.grupomedcof.com.br\\\/blog\\\/?s={search_term_string}\"},\"query-input\":{\"@type\":\"PropertyValueSpecification\",\"valueRequired\":true,\"valueName\":\"search_term_string\"}}],\"inLanguage\":\"pt-BR\"},{\"@type\":\"Organization\",\"@id\":\"https:\\\/\\\/www.grupomedcof.com.br\\\/blog\\\/#organization\",\"name\":\"Grupo MedCof\",\"url\":\"https:\\\/\\\/www.grupomedcof.com.br\\\/blog\\\/\",\"logo\":{\"@type\":\"ImageObject\",\"inLanguage\":\"pt-BR\",\"@id\":\"https:\\\/\\\/www.grupomedcof.com.br\\\/blog\\\/#\\\/schema\\\/logo\\\/image\\\/\",\"url\":\"https:\\\/\\\/www.grupomedcof.com.br\\\/blog\\\/wp-content\\\/uploads\\\/2022\\\/01\\\/logo-medcof.png\",\"contentUrl\":\"https:\\\/\\\/www.grupomedcof.com.br\\\/blog\\\/wp-content\\\/uploads\\\/2022\\\/01\\\/logo-medcof.png\",\"width\":768,\"height\":269,\"caption\":\"Grupo MedCof\"},\"image\":{\"@id\":\"https:\\\/\\\/www.grupomedcof.com.br\\\/blog\\\/#\\\/schema\\\/logo\\\/image\\\/\"},\"sameAs\":[\"https:\\\/\\\/www.facebook.com\\\/MedCofQbank\\\/\",\"https:\\\/\\\/www.instagram.com\\\/grupomedcof\\\/\",\"https:\\\/\\\/br.linkedin.com\\\/company\\\/medcof\",\"https:\\\/\\\/www.youtube.com\\\/channel\\\/UCdHMuOHKICxcHwecxN8P-AA\"]},{\"@type\":\"Person\",\"@id\":\"https:\\\/\\\/www.grupomedcof.com.br\\\/blog\\\/#\\\/schema\\\/person\\\/7a655db4c3da9796e0166bf55a9ea53a\",\"name\":\"Patr\u00edcia Oliveira\",\"image\":{\"@type\":\"ImageObject\",\"inLanguage\":\"pt-BR\",\"@id\":\"https:\\\/\\\/www.grupomedcof.com.br\\\/blog\\\/wp-content\\\/uploads\\\/2022\\\/03\\\/furacao-96x96.png19e0d43e5696aaa42a3bb896953b331f\",\"url\":\"https:\\\/\\\/www.grupomedcof.com.br\\\/blog\\\/wp-content\\\/uploads\\\/2022\\\/03\\\/furacao-96x96.png\",\"contentUrl\":\"https:\\\/\\\/www.grupomedcof.com.br\\\/blog\\\/wp-content\\\/uploads\\\/2022\\\/03\\\/furacao-96x96.png\",\"caption\":\"Patr\u00edcia Oliveira\"},\"sameAs\":[\"https:\\\/\\\/www.grupomedcof.com.br\\\/\"],\"url\":\"https:\\\/\\\/www.grupomedcof.com.br\\\/blog\\\/author\\\/patricia\\\/\"}]}<\/script>\n<!-- \/ Yoast SEO Premium plugin. -->","yoast_head_json":{"title":"Hip\u00f3crates \u2013 O Pai da Medicina Ocidental - Blog de Medcof: conte\u00fados, editais, revalida e mais!","description":"Hip\u00f3crates nasceu por volta do ano 460 a.C. na Ilha de Kos, uma das ilhas gregas do Dodecaneso, localizado no leste do mar Egeu.","robots":{"index":"index","follow":"follow","max-snippet":"max-snippet:-1","max-image-preview":"max-image-preview:large","max-video-preview":"max-video-preview:-1"},"canonical":"https:\/\/www.grupomedcof.com.br\/blog\/hipocrates-pai-da-medicina\/","og_locale":"pt_BR","og_type":"article","og_title":"Hip\u00f3crates \u2013 O Pai da Medicina Ocidental","og_description":"Hip\u00f3crates nasceu por volta do ano 460 a.C. na Ilha de Kos, uma das ilhas gregas do Dodecaneso, localizado no leste do mar Egeu.","og_url":"https:\/\/www.grupomedcof.com.br\/blog\/hipocrates-pai-da-medicina\/","og_site_name":"Blog de Medcof: conte\u00fados, editais, revalida e mais!","article_publisher":"https:\/\/www.facebook.com\/MedCofQbank\/","article_published_time":"2022-05-05T20:39:16+00:00","og_image":[{"width":1024,"height":576,"url":"https:\/\/www.grupomedcof.com.br\/blog\/wp-content\/uploads\/2022\/05\/hipocrates-460-.-c.-Banner-para-blogue-1-1024x576.png","type":"image\/png"}],"author":"Patr\u00edcia Oliveira","twitter_card":"summary_large_image","twitter_misc":{"Escrito por":"Patr\u00edcia Oliveira","Est. tempo de leitura":"6 minutos"},"schema":{"@context":"https:\/\/schema.org","@graph":[{"@type":"Article","@id":"https:\/\/www.grupomedcof.com.br\/blog\/hipocrates-pai-da-medicina\/#article","isPartOf":{"@id":"https:\/\/www.grupomedcof.com.br\/blog\/hipocrates-pai-da-medicina\/"},"author":{"name":"Patr\u00edcia Oliveira","@id":"https:\/\/www.grupomedcof.com.br\/blog\/#\/schema\/person\/7a655db4c3da9796e0166bf55a9ea53a"},"headline":"Hip\u00f3crates \u2013 O Pai da Medicina Ocidental","datePublished":"2022-05-05T20:39:16+00:00","mainEntityOfPage":{"@id":"https:\/\/www.grupomedcof.com.br\/blog\/hipocrates-pai-da-medicina\/"},"wordCount":1003,"commentCount":0,"publisher":{"@id":"https:\/\/www.grupomedcof.com.br\/blog\/#organization"},"image":{"@id":"https:\/\/www.grupomedcof.com.br\/blog\/hipocrates-pai-da-medicina\/#primaryimage"},"thumbnailUrl":"https:\/\/www.grupomedcof.com.br\/blog\/wp-content\/uploads\/2022\/05\/hipocrates-460-.-c.-Banner-para-blogue-1.png","keywords":["Figuras Hist\u00f3ricas da Medicina","Hip\u00f3crates","Pai da Medicina"],"articleSection":["Hist\u00f3ria\/Cultura\/Comportamento"],"inLanguage":"pt-BR"},{"@type":"WebPage","@id":"https:\/\/www.grupomedcof.com.br\/blog\/hipocrates-pai-da-medicina\/","url":"https:\/\/www.grupomedcof.com.br\/blog\/hipocrates-pai-da-medicina\/","name":"Hip\u00f3crates \u2013 O Pai da Medicina Ocidental - Blog de Medcof: conte\u00fados, editais, revalida e mais!","isPartOf":{"@id":"https:\/\/www.grupomedcof.com.br\/blog\/#website"},"primaryImageOfPage":{"@id":"https:\/\/www.grupomedcof.com.br\/blog\/hipocrates-pai-da-medicina\/#primaryimage"},"image":{"@id":"https:\/\/www.grupomedcof.com.br\/blog\/hipocrates-pai-da-medicina\/#primaryimage"},"thumbnailUrl":"https:\/\/www.grupomedcof.com.br\/blog\/wp-content\/uploads\/2022\/05\/hipocrates-460-.-c.-Banner-para-blogue-1.png","datePublished":"2022-05-05T20:39:16+00:00","description":"Hip\u00f3crates nasceu por volta do ano 460 a.C. na Ilha de Kos, uma das ilhas gregas do Dodecaneso, localizado no leste do mar Egeu.","breadcrumb":{"@id":"https:\/\/www.grupomedcof.com.br\/blog\/hipocrates-pai-da-medicina\/#breadcrumb"},"inLanguage":"pt-BR","potentialAction":[{"@type":"ReadAction","target":["https:\/\/www.grupomedcof.com.br\/blog\/hipocrates-pai-da-medicina\/"]}]},{"@type":"ImageObject","inLanguage":"pt-BR","@id":"https:\/\/www.grupomedcof.com.br\/blog\/hipocrates-pai-da-medicina\/#primaryimage","url":"https:\/\/www.grupomedcof.com.br\/blog\/wp-content\/uploads\/2022\/05\/hipocrates-460-.-c.-Banner-para-blogue-1.png","contentUrl":"https:\/\/www.grupomedcof.com.br\/blog\/wp-content\/uploads\/2022\/05\/hipocrates-460-.-c.-Banner-para-blogue-1.png","width":2240,"height":1260,"caption":"hip\u00f3crates pai da medicina"},{"@type":"BreadcrumbList","@id":"https:\/\/www.grupomedcof.com.br\/blog\/hipocrates-pai-da-medicina\/#breadcrumb","itemListElement":[{"@type":"ListItem","position":1,"name":"In\u00edcio","item":"https:\/\/www.grupomedcof.com.br\/blog\/"},{"@type":"ListItem","position":2,"name":"Hip\u00f3crates \u2013 O Pai da Medicina Ocidental"}]},{"@type":"WebSite","@id":"https:\/\/www.grupomedcof.com.br\/blog\/#website","url":"https:\/\/www.grupomedcof.com.br\/blog\/","name":"Blog de Medcof: conte\u00fados, editais, revalida e mais!","description":"Acesso o blog de MedCof! Seu portal de conte\u00fados sobre resid\u00eancia m\u00e9dica, an\u00e1lise e editais e muito mais. Clique e confira!","publisher":{"@id":"https:\/\/www.grupomedcof.com.br\/blog\/#organization"},"alternateName":"Blog de Medcof: conte\u00fados, editais, revalida e mais!","potentialAction":[{"@type":"SearchAction","target":{"@type":"EntryPoint","urlTemplate":"https:\/\/www.grupomedcof.com.br\/blog\/?s={search_term_string}"},"query-input":{"@type":"PropertyValueSpecification","valueRequired":true,"valueName":"search_term_string"}}],"inLanguage":"pt-BR"},{"@type":"Organization","@id":"https:\/\/www.grupomedcof.com.br\/blog\/#organization","name":"Grupo MedCof","url":"https:\/\/www.grupomedcof.com.br\/blog\/","logo":{"@type":"ImageObject","inLanguage":"pt-BR","@id":"https:\/\/www.grupomedcof.com.br\/blog\/#\/schema\/logo\/image\/","url":"https:\/\/www.grupomedcof.com.br\/blog\/wp-content\/uploads\/2022\/01\/logo-medcof.png","contentUrl":"https:\/\/www.grupomedcof.com.br\/blog\/wp-content\/uploads\/2022\/01\/logo-medcof.png","width":768,"height":269,"caption":"Grupo MedCof"},"image":{"@id":"https:\/\/www.grupomedcof.com.br\/blog\/#\/schema\/logo\/image\/"},"sameAs":["https:\/\/www.facebook.com\/MedCofQbank\/","https:\/\/www.instagram.com\/grupomedcof\/","https:\/\/br.linkedin.com\/company\/medcof","https:\/\/www.youtube.com\/channel\/UCdHMuOHKICxcHwecxN8P-AA"]},{"@type":"Person","@id":"https:\/\/www.grupomedcof.com.br\/blog\/#\/schema\/person\/7a655db4c3da9796e0166bf55a9ea53a","name":"Patr\u00edcia Oliveira","image":{"@type":"ImageObject","inLanguage":"pt-BR","@id":"https:\/\/www.grupomedcof.com.br\/blog\/wp-content\/uploads\/2022\/03\/furacao-96x96.png19e0d43e5696aaa42a3bb896953b331f","url":"https:\/\/www.grupomedcof.com.br\/blog\/wp-content\/uploads\/2022\/03\/furacao-96x96.png","contentUrl":"https:\/\/www.grupomedcof.com.br\/blog\/wp-content\/uploads\/2022\/03\/furacao-96x96.png","caption":"Patr\u00edcia Oliveira"},"sameAs":["https:\/\/www.grupomedcof.com.br\/"],"url":"https:\/\/www.grupomedcof.com.br\/blog\/author\/patricia\/"}]}},"authors":[{"term_id":3612,"user_id":2,"is_guest":0,"slug":"patricia","display_name":"Patr\u00edcia Oliveira","avatar_url":"https:\/\/www.grupomedcof.com.br\/blog\/wp-content\/uploads\/2022\/03\/furacao-96x96.png","0":null,"1":"","2":"","3":"","4":"","5":"","6":"","7":"","8":""}],"_links":{"self":[{"href":"https:\/\/www.grupomedcof.com.br\/blog\/wp-json\/wp\/v2\/posts\/1008","targetHints":{"allow":["GET"]}}],"collection":[{"href":"https:\/\/www.grupomedcof.com.br\/blog\/wp-json\/wp\/v2\/posts"}],"about":[{"href":"https:\/\/www.grupomedcof.com.br\/blog\/wp-json\/wp\/v2\/types\/post"}],"author":[{"embeddable":true,"href":"https:\/\/www.grupomedcof.com.br\/blog\/wp-json\/wp\/v2\/users\/2"}],"replies":[{"embeddable":true,"href":"https:\/\/www.grupomedcof.com.br\/blog\/wp-json\/wp\/v2\/comments?post=1008"}],"version-history":[{"count":0,"href":"https:\/\/www.grupomedcof.com.br\/blog\/wp-json\/wp\/v2\/posts\/1008\/revisions"}],"wp:featuredmedia":[{"embeddable":true,"href":"https:\/\/www.grupomedcof.com.br\/blog\/wp-json\/wp\/v2\/media\/1020"}],"wp:attachment":[{"href":"https:\/\/www.grupomedcof.com.br\/blog\/wp-json\/wp\/v2\/media?parent=1008"}],"wp:term":[{"taxonomy":"category","embeddable":true,"href":"https:\/\/www.grupomedcof.com.br\/blog\/wp-json\/wp\/v2\/categories?post=1008"},{"taxonomy":"post_tag","embeddable":true,"href":"https:\/\/www.grupomedcof.com.br\/blog\/wp-json\/wp\/v2\/tags?post=1008"},{"taxonomy":"author","embeddable":true,"href":"https:\/\/www.grupomedcof.com.br\/blog\/wp-json\/wp\/v2\/ppma_author?post=1008"}],"curies":[{"name":"wp","href":"https:\/\/api.w.org\/{rel}","templated":true}]}}