{"id":10194,"date":"2025-09-17T13:49:31","date_gmt":"2025-09-17T16:49:31","guid":{"rendered":"https:\/\/www.grupomedcof.com.br\/blog\/?p=10194"},"modified":"2025-09-17T13:49:33","modified_gmt":"2025-09-17T16:49:33","slug":"edital-residencia-medica-ufes","status":"publish","type":"post","link":"https:\/\/www.grupomedcof.com.br\/blog\/edital-residencia-medica-ufes\/","title":{"rendered":"Resid\u00eancia M\u00e9dica UFES 2025\/2026: institui\u00e7\u00e3o adere ao processo seletivo do ENARE"},"content":{"rendered":"<div id=\"ez-toc-container\" class=\"ez-toc-v2_0_74 counter-hierarchy ez-toc-counter ez-toc-transparent ez-toc-container-direction\">\n<div class=\"ez-toc-title-container\">\n<p class=\"ez-toc-title\" style=\"cursor:inherit\">Sum\u00e1rio<\/p>\n<span class=\"ez-toc-title-toggle\"><a href=\"#\" class=\"ez-toc-pull-right ez-toc-btn ez-toc-btn-xs ez-toc-btn-default ez-toc-toggle\" aria-label=\"Alternar tabela de conte\u00fado\"><span class=\"ez-toc-js-icon-con\"><span class=\"\"><span class=\"eztoc-hide\" style=\"display:none;\">Toggle<\/span><span class=\"ez-toc-icon-toggle-span\"><svg style=\"fill: #999;color:#999\" xmlns=\"http:\/\/www.w3.org\/2000\/svg\" class=\"list-377408\" width=\"20px\" height=\"20px\" viewBox=\"0 0 24 24\" fill=\"none\"><path d=\"M6 6H4v2h2V6zm14 0H8v2h12V6zM4 11h2v2H4v-2zm16 0H8v2h12v-2zM4 16h2v2H4v-2zm16 0H8v2h12v-2z\" fill=\"currentColor\"><\/path><\/svg><svg style=\"fill: #999;color:#999\" class=\"arrow-unsorted-368013\" xmlns=\"http:\/\/www.w3.org\/2000\/svg\" width=\"10px\" height=\"10px\" viewBox=\"0 0 24 24\" version=\"1.2\" baseProfile=\"tiny\"><path d=\"M18.2 9.3l-6.2-6.3-6.2 6.3c-.2.2-.3.4-.3.7s.1.5.3.7c.2.2.4.3.7.3h11c.3 0 .5-.1.7-.3.2-.2.3-.5.3-.7s-.1-.5-.3-.7zM5.8 14.7l6.2 6.3 6.2-6.3c.2-.2.3-.5.3-.7s-.1-.5-.3-.7c-.2-.2-.4-.3-.7-.3h-11c-.3 0-.5.1-.7.3-.2.2-.3.5-.3.7s.1.5.3.7z\"\/><\/svg><\/span><\/span><\/span><\/a><\/span><\/div>\n<nav><ul class='ez-toc-list ez-toc-list-level-1 ' ><li class='ez-toc-page-1 ez-toc-heading-level-2'><a class=\"ez-toc-link ez-toc-heading-1\" href=\"https:\/\/www.grupomedcof.com.br\/blog\/edital-residencia-medica-ufes\/#Adesao_da_UFES_no_ENARE_20252026\" >Ades\u00e3o da UFES no ENARE 2025\/2026<\/a><\/li><li class='ez-toc-page-1 ez-toc-heading-level-2'><a class=\"ez-toc-link ez-toc-heading-2\" href=\"https:\/\/www.grupomedcof.com.br\/blog\/edital-residencia-medica-ufes\/#Principais_informacoes_selecao_ENARE_20252026\" >Principais informa\u00e7\u00f5es sele\u00e7\u00e3o ENARE 2025\/2026<\/a><ul class='ez-toc-list-level-3' ><li class='ez-toc-heading-level-3'><a class=\"ez-toc-link ez-toc-heading-3\" href=\"https:\/\/www.grupomedcof.com.br\/blog\/edital-residencia-medica-ufes\/#Inscricoes_ENAREEnamed_20252026\" >Inscri\u00e7\u00f5es ENARE\/Enamed 2025\/2026<\/a><\/li><li class='ez-toc-page-1 ez-toc-heading-level-3'><a class=\"ez-toc-link ez-toc-heading-4\" href=\"https:\/\/www.grupomedcof.com.br\/blog\/edital-residencia-medica-ufes\/#Prova_Objetiva_ENAREEnamed_20252026\" >Prova Objetiva ENARE\/Enamed 2025\/2026<\/a><\/li><li class='ez-toc-page-1 ez-toc-heading-level-3'><a class=\"ez-toc-link ez-toc-heading-5\" href=\"https:\/\/www.grupomedcof.com.br\/blog\/edital-residencia-medica-ufes\/#Vagas_UFES_no_ENARE_20252026\" >Vagas UFES no ENARE 2025\/2026<\/a><\/li><\/ul><\/li><li class='ez-toc-page-1 ez-toc-heading-level-2'><a class=\"ez-toc-link ez-toc-heading-6\" href=\"https:\/\/www.grupomedcof.com.br\/blog\/edital-residencia-medica-ufes\/#Como_foi_a_selecao_anterior_da_UFES\" >Como foi a sele\u00e7\u00e3o anterior da UFES?<\/a><\/li><li class='ez-toc-page-1 ez-toc-heading-level-2'><a class=\"ez-toc-link ez-toc-heading-7\" href=\"https:\/\/www.grupomedcof.com.br\/blog\/edital-residencia-medica-ufes\/#Aprovacao_na_residencia_Vem_com_a_MedCof\" >Aprova\u00e7\u00e3o na resid\u00eancia? Vem com a MedCof!<\/a><\/li><\/ul><\/nav><\/div>\n\n<figure class=\"wp-block-image size-large\"><img loading=\"lazy\" decoding=\"async\" width=\"1024\" height=\"576\" src=\"https:\/\/www.grupomedcof.com.br\/blog\/wp-content\/uploads\/2023\/08\/Modelo-instituicoes-80-1024x576.png\" alt=\"Imagem cont\u00e9m a logo da UFES\" class=\"wp-image-28833\" srcset=\"https:\/\/www.grupomedcof.com.br\/blog\/wp-content\/uploads\/2023\/08\/Modelo-instituicoes-80-1024x576.png 1024w, https:\/\/www.grupomedcof.com.br\/blog\/wp-content\/uploads\/2023\/08\/Modelo-instituicoes-80-300x169.png 300w, https:\/\/www.grupomedcof.com.br\/blog\/wp-content\/uploads\/2023\/08\/Modelo-instituicoes-80-768x432.png 768w, https:\/\/www.grupomedcof.com.br\/blog\/wp-content\/uploads\/2023\/08\/Modelo-instituicoes-80-1536x864.png 1536w, https:\/\/www.grupomedcof.com.br\/blog\/wp-content\/uploads\/2023\/08\/Modelo-instituicoes-80-2048x1152.png 2048w, https:\/\/www.grupomedcof.com.br\/blog\/wp-content\/uploads\/2023\/08\/Modelo-instituicoes-80-747x420.png 747w, https:\/\/www.grupomedcof.com.br\/blog\/wp-content\/uploads\/2023\/08\/Modelo-instituicoes-80-150x84.png 150w, https:\/\/www.grupomedcof.com.br\/blog\/wp-content\/uploads\/2023\/08\/Modelo-instituicoes-80-696x392.png 696w, https:\/\/www.grupomedcof.com.br\/blog\/wp-content\/uploads\/2023\/08\/Modelo-instituicoes-80-1068x601.png 1068w, https:\/\/www.grupomedcof.com.br\/blog\/wp-content\/uploads\/2023\/08\/Modelo-instituicoes-80-1920x1080.png 1920w\" sizes=\"auto, (max-width: 1024px) 100vw, 1024px\" \/><\/figure>\n\n\n\n<p>Ap\u00f3s abrir a sele\u00e7\u00e3o para segunda entrada de resid\u00eancia m\u00e9dica, a <strong>Universidade Federal do Esp\u00edrito Santo<\/strong> (UFES) far\u00e1 parte do <strong>processo seletivo do ENARE 2025\/2026.<\/strong> Veja as principais informa\u00e7\u00f5es aqui!<\/p>\n\n\n\n<h2 class=\"wp-block-heading\" id=\"h-adesao-da-ufes-no-enare-2025-2026\"><span class=\"ez-toc-section\" id=\"Adesao_da_UFES_no_ENARE_20252026\"><\/span><strong><strong>Ades\u00e3o da UFES no ENARE 2025\/2026<\/strong><\/strong><span class=\"ez-toc-section-end\"><\/span><\/h2>\n\n\n\n<p>De acordo com um comunicado emitido no <a href=\"https:\/\/residenciamedica.ufes.br\/coreme\" target=\"_blank\" rel=\"noreferrer noopener\">site da institui\u00e7\u00e3o<\/a>, a sele\u00e7\u00e3o da UFES ser\u00e1 por meio do ENARE 2025\/2026. <\/p>\n\n\n\n<figure class=\"wp-block-image size-full\"><img loading=\"lazy\" decoding=\"async\" width=\"776\" height=\"415\" src=\"https:\/\/www.grupomedcof.com.br\/blog\/wp-content\/uploads\/2025\/08\/image-14-1.png\" alt=\"\" class=\"wp-image-37859\" srcset=\"https:\/\/www.grupomedcof.com.br\/blog\/wp-content\/uploads\/2025\/08\/image-14-1.png 776w, https:\/\/www.grupomedcof.com.br\/blog\/wp-content\/uploads\/2025\/08\/image-14-1-300x160.png 300w, https:\/\/www.grupomedcof.com.br\/blog\/wp-content\/uploads\/2025\/08\/image-14-1-768x411.png 768w, https:\/\/www.grupomedcof.com.br\/blog\/wp-content\/uploads\/2025\/08\/image-14-1-150x80.png 150w, https:\/\/www.grupomedcof.com.br\/blog\/wp-content\/uploads\/2025\/08\/image-14-1-696x372.png 696w\" sizes=\"auto, (max-width: 776px) 100vw, 776px\" \/><\/figure>\n\n\n\n<p>Dessa forma, reunimos as <strong>principais informa\u00e7\u00f5es do edital do ENARE 2025\/2026<\/strong> para voc\u00ea se preparar! <\/p>\n\n\n\n<figure class=\"wp-block-image size-large\"><a href=\"https:\/\/www.grupomedcof.com.br\/cofletters\/\"><img loading=\"lazy\" decoding=\"async\" width=\"1024\" height=\"320\" src=\"https:\/\/www.grupomedcof.com.br\/blog\/wp-content\/uploads\/2025\/02\/Banner-MedCof-Plus-2200x460-11-1024x320.png\" alt=\"\" class=\"wp-image-33723\" srcset=\"https:\/\/www.grupomedcof.com.br\/blog\/wp-content\/uploads\/2025\/02\/Banner-MedCof-Plus-2200x460-11-1024x320.png 1024w, https:\/\/www.grupomedcof.com.br\/blog\/wp-content\/uploads\/2025\/02\/Banner-MedCof-Plus-2200x460-11-300x94.png 300w, https:\/\/www.grupomedcof.com.br\/blog\/wp-content\/uploads\/2025\/02\/Banner-MedCof-Plus-2200x460-11-768x240.png 768w, https:\/\/www.grupomedcof.com.br\/blog\/wp-content\/uploads\/2025\/02\/Banner-MedCof-Plus-2200x460-11-1536x480.png 1536w, https:\/\/www.grupomedcof.com.br\/blog\/wp-content\/uploads\/2025\/02\/Banner-MedCof-Plus-2200x460-11-2048x640.png 2048w, https:\/\/www.grupomedcof.com.br\/blog\/wp-content\/uploads\/2025\/02\/Banner-MedCof-Plus-2200x460-11-1343x420.png 1343w, https:\/\/www.grupomedcof.com.br\/blog\/wp-content\/uploads\/2025\/02\/Banner-MedCof-Plus-2200x460-11-150x47.png 150w, https:\/\/www.grupomedcof.com.br\/blog\/wp-content\/uploads\/2025\/02\/Banner-MedCof-Plus-2200x460-11-696x218.png 696w, https:\/\/www.grupomedcof.com.br\/blog\/wp-content\/uploads\/2025\/02\/Banner-MedCof-Plus-2200x460-11-1068x334.png 1068w, https:\/\/www.grupomedcof.com.br\/blog\/wp-content\/uploads\/2025\/02\/Banner-MedCof-Plus-2200x460-11-1920x600.png 1920w\" sizes=\"auto, (max-width: 1024px) 100vw, 1024px\" \/><\/a><\/figure>\n\n\n\n<h2 class=\"wp-block-heading\" id=\"h-principais-informacoes-selecao-enare-2025-2026\"><span class=\"ez-toc-section\" id=\"Principais_informacoes_selecao_ENARE_20252026\"><\/span><strong>Principais informa\u00e7\u00f5es sele\u00e7\u00e3o ENARE 2025\/2026<\/strong><span class=\"ez-toc-section-end\"><\/span><\/h2>\n\n\n\n<h3 class=\"wp-block-heading\" id=\"h-inscricoes-enare-enamed-2025-2026\"><span class=\"ez-toc-section\" id=\"Inscricoes_ENAREEnamed_20252026\"><\/span><strong>Inscri\u00e7\u00f5es ENARE\/Enamed 2025\/2026<\/strong><span class=\"ez-toc-section-end\"><\/span><\/h3>\n\n\n\n<p>Inicialmente, as <a href=\"https:\/\/www.grupomedcof.com.br\/blog\/data-para-inscricoes-enare\/\" target=\"_blank\" rel=\"noreferrer noopener\">inscri\u00e7\u00f5es<\/a> ocorreriam entre os dias<strong>&nbsp;07 e 18 de julho<\/strong>, com taxa no valor de<strong>&nbsp;R$ 330,00.<\/strong>&nbsp;Por\u00e9m, a Ebserh divulgou uma retifica\u00e7\u00e3o prorrogando as inscri\u00e7\u00f5es para o dia&nbsp;<strong>30 de julho de 2025.<\/strong><\/p>\n\n\n\n<p>Vale lembrar que para os candidatos \u00e0s vagas de&nbsp;<strong>Acesso Direto<\/strong>, o edital exigia que a&nbsp;<strong>inscri\u00e7\u00e3o pr\u00e9via no<a href=\"https:\/\/www.grupomedcof.com.br\/blog\/enamed\/\">&nbsp;<\/a><strong><a href=\"https:\/\/www.grupomedcof.com.br\/blog\/enamed\/\" target=\"_blank\" rel=\"noreferrer noopener\">Enamed<\/a><\/strong><\/strong>&nbsp;estivesse&nbsp;<strong>devidamente conclu\u00edda<\/strong>&nbsp;para inscri\u00e7\u00e3o no Enare.&nbsp;<\/p>\n\n\n\n<h3 class=\"wp-block-heading\" id=\"h-prova-objetiva-enare-enamed-2025-2026\"><span class=\"ez-toc-section\" id=\"Prova_Objetiva_ENAREEnamed_20252026\"><\/span><strong>Prova Objetiva ENARE\/Enamed 2025\/2026<\/strong><span class=\"ez-toc-section-end\"><\/span><\/h3>\n\n\n\n<p>Assim, a pr\u00f3xima etapa ser\u00e1 a aplica\u00e7\u00e3o da prova objetiva, no dia <strong>19 de outubro de 2025.<\/strong> <\/p>\n\n\n\n<p>Para os candidatos de Acesso Direto (Enamed), a prova ser\u00e1 aplicada pelo <strong>Instituto Nacional de Pesquisas Educacionais An\u00edsio Teixeira (INEP)<\/strong>. J\u00e1 para os candidatos de Pr\u00e9-Requisito, a prova ser\u00e1 de responsabilidade da <strong>Funda\u00e7\u00e3o Get\u00falio Vargas (FGV).<\/strong><\/p>\n\n\n\n<h3 class=\"wp-block-heading\" id=\"h-vagas-ufes-no-enare-2025-2026\"><span class=\"ez-toc-section\" id=\"Vagas_UFES_no_ENARE_20252026\"><\/span><strong>Vagas UFES no ENARE 2025\/2026<\/strong><span class=\"ez-toc-section-end\"><\/span><\/h3>\n\n\n\n<p>Nesta edi\u00e7\u00e3o, o ENARE est\u00e1 ofertando <strong>mais de 6 mil vagas entre as 198 institui\u00e7\u00f5es<\/strong>, <a href=\"https:\/\/www.grupomedcof.com.br\/blog\/recordes-enare\/\" target=\"_blank\" rel=\"noreferrer noopener\">superando o recorde anterior. <\/a>Sendo assim, veja as vagas da UFES no processo seletivo do ENARE:<\/p>\n\n\n\n<figure class=\"wp-block-table\"><table class=\"has-fixed-layout\"><tbody><tr><td><strong>Especialidades<\/strong><\/td><td><strong>Vagas<\/strong><\/td><\/tr><tr><td>Cl\u00ednica M\u00e9dica<\/td><td>13<\/td><\/tr><tr><td>Anestesiologia<\/td><td>3<\/td><\/tr><tr><td>Cirurgia Geral<\/td><td>8<\/td><\/tr><tr><td>Dermatologia<\/td><td>2<\/td><\/tr><tr><td>Ginecologia e Obstetr\u00edcia<\/td><td>5<\/td><\/tr><tr><td>Infectologia<\/td><td>2<\/td><\/tr><tr><td>Medicina de Fam\u00edlia e Comunidade<\/td><td>3<\/td><\/tr><tr><td>Medicina Intensiva<\/td><td>3<\/td><\/tr><tr><td>Neurologia<\/td><td>2<\/td><\/tr><tr><td>Oftalmologia<\/td><td>3<\/td><\/tr><tr><td>Patologia<\/td><td>2<\/td><\/tr><tr><td>Pediatria<\/td><td>4<\/td><\/tr><tr><td>Radiologia e Diagn\u00f3stico por Imagem<\/td><td>4<\/td><\/tr><tr><td>Cardiologia<\/td><td>4<\/td><\/tr><tr><td>Cirurgia do Aparelho Digestivo<\/td><td>3<\/td><\/tr><tr><td>Cirurgia Vascular<\/td><td>2<\/td><\/tr><tr><td>Gastroenterologia<\/td><td>4<\/td><\/tr><tr><td>Geriatria<\/td><td>4<\/td><\/tr><tr><td>Hematologia e Hemoterapia<\/td><td>2<\/td><\/tr><tr><td>Mastologia<\/td><td>2<\/td><\/tr><tr><td>Nefrologia<\/td><td>3<\/td><\/tr><tr><td>Reumatologia<\/td><td>3<\/td><\/tr><tr><td>Urologia<\/td><td>3<\/td><\/tr><tr><td>Endoscopia Digestiva<\/td><td>2<\/td><\/tr><tr><td>Hepatologia<\/td><td>1<\/td><\/tr><tr><td>Neonatologia<\/td><td>3<\/td><\/tr><tr><td>Ultrassonografia em Ginecologia e Obstetr\u00edcia<\/td><td>1<\/td><\/tr><tr><td>Cirurgia do Aparelho Digestivo em Transplante de F\u00edgado \u2013 R4<\/td><td>1<\/td><\/tr><tr><td>Gastroenterologia R3 \u2013 Com \u00eanfase em doen\u00e7as do f\u00edgado<\/td><td>1<\/td><\/tr><\/tbody><\/table><\/figure>\n\n\n\n<div class=\"wp-block-buttons is-content-justification-center is-layout-flex wp-container-core-buttons-is-layout-16018d1d wp-block-buttons-is-layout-flex\">\n<div class=\"wp-block-button\"><a class=\"wp-block-button__link wp-element-button\" href=\"https:\/\/www.grupomedcof.com.br\/blog\/enare-vagas\/\" target=\"_blank\" rel=\"noreferrer noopener\">Confira aqui todas as vagas do ENARE!<\/a><\/div>\n<\/div>\n\n\n\n<p><strong><a href=\"https:\/\/www.grupomedcof.com.br\/blog\/edital-enare-publicado\/#Principais_mudancasv\" target=\"_blank\" rel=\"noreferrer noopener\">Confira todas as informa\u00e7\u00f5es do processo seletivo do ENARE 2025\/2026!<\/a><\/strong><\/p>\n\n\n\n<figure class=\"wp-block-image size-large\"><a href=\"https:\/\/www.reclameaqui.com.br\/premio\/\" target=\"_blank\" rel=\" noreferrer noopener\"><img loading=\"lazy\" decoding=\"async\" width=\"1024\" height=\"320\" src=\"https:\/\/www.grupomedcof.com.br\/blog\/wp-content\/uploads\/2024\/12\/Banner-MedCof-Plus-2200x460-17-1024x320.png\" alt=\"\" class=\"wp-image-37761\" srcset=\"https:\/\/www.grupomedcof.com.br\/blog\/wp-content\/uploads\/2024\/12\/Banner-MedCof-Plus-2200x460-17-1024x320.png 1024w, https:\/\/www.grupomedcof.com.br\/blog\/wp-content\/uploads\/2024\/12\/Banner-MedCof-Plus-2200x460-17-300x94.png 300w, https:\/\/www.grupomedcof.com.br\/blog\/wp-content\/uploads\/2024\/12\/Banner-MedCof-Plus-2200x460-17-768x240.png 768w, https:\/\/www.grupomedcof.com.br\/blog\/wp-content\/uploads\/2024\/12\/Banner-MedCof-Plus-2200x460-17-1536x480.png 1536w, https:\/\/www.grupomedcof.com.br\/blog\/wp-content\/uploads\/2024\/12\/Banner-MedCof-Plus-2200x460-17-1344x420.png 1344w, https:\/\/www.grupomedcof.com.br\/blog\/wp-content\/uploads\/2024\/12\/Banner-MedCof-Plus-2200x460-17-150x47.png 150w, https:\/\/www.grupomedcof.com.br\/blog\/wp-content\/uploads\/2024\/12\/Banner-MedCof-Plus-2200x460-17-696x218.png 696w, https:\/\/www.grupomedcof.com.br\/blog\/wp-content\/uploads\/2024\/12\/Banner-MedCof-Plus-2200x460-17-1068x334.png 1068w, https:\/\/www.grupomedcof.com.br\/blog\/wp-content\/uploads\/2024\/12\/Banner-MedCof-Plus-2200x460-17.png 1600w\" sizes=\"auto, (max-width: 1024px) 100vw, 1024px\" \/><\/a><\/figure>\n\n\n\n<h2 class=\"wp-block-heading\" id=\"h-como-foi-a-selecao-anterior-da-ufes\"><span class=\"ez-toc-section\" id=\"Como_foi_a_selecao_anterior_da_UFES\"><\/span><strong>Como foi a sele\u00e7\u00e3o anterior da UFES?<\/strong><span class=\"ez-toc-section-end\"><\/span><\/h2>\n\n\n\n<p>Dando in\u00edcio a sele\u00e7\u00e3o da <strong>UFES 2024\/2025, <\/strong>o <strong>edital foi publicado<\/strong> no dia <strong>16 de agosto de 2024<\/strong>, ofertando <strong>83 vagas.<\/strong> Os candidatos puderam se inscrever mediante pagamento da taxa de <strong>R$500,00,<\/strong> entre os dias <strong>2 e 15 de setembro<\/strong>.<\/p>\n\n\n\n<p>Assim, os participantes foram avaliados por meio de uma <strong>prova objetiva<\/strong>, uma <strong>prova pr\u00e1tica<\/strong> e a <strong>an\u00e1lise curricular.<\/strong> <\/p>\n\n\n\n<p>A prova objetiva ocorreu no dia <strong>03 de novembro<\/strong>, com <strong>50 quest\u00f5es<\/strong> de m\u00faltipla escolha e 2 horas para resolu\u00e7\u00e3o. J\u00e1 a prova pr\u00e1tica e a an\u00e1lise curricular, ocorreram no dia <strong>06 de dezembro de 2024.<\/strong><\/p>\n\n\n\n<p>O <strong>resultado final<\/strong> foi divulgado a partir de <strong>24 de janeiro de 2025<\/strong>, para a realiza\u00e7\u00e3o das <strong>matr\u00edculas dos aprovados<\/strong> entre os dias <strong>27 e 31<\/strong> do mesmo m\u00eas.<\/p>\n\n\n\n<h2 class=\"wp-block-heading\" id=\"aprova\u00e7\u00e3o-na-resid\u00eancia-vem-com-a-medcof\"><span class=\"ez-toc-section\" id=\"Aprovacao_na_residencia_Vem_com_a_MedCof\"><\/span><strong>Aprova\u00e7\u00e3o na resid\u00eancia? Vem com a MedCof!<\/strong><span class=\"ez-toc-section-end\"><\/span><\/h2>\n\n\n\n<p>Quer alcan\u00e7ar a aprova\u00e7\u00e3o na resid\u00eancia m\u00e9dica? Ent\u00e3o seja um\u00a0<a href=\"https:\/\/www.grupomedcof.com.br\/home\/\"><strong>MedCofer<\/strong><\/a>! Aqui te ajudaremos na busca da aprova\u00e7\u00e3o com conte\u00fados de qualidade e uma metodologia que j\u00e1 aprovou mais de <strong>20 mil residentes no pa\u00eds!<\/strong> Por fim, acesse o nosso<a href=\"https:\/\/www.youtube.com\/@GrupoMedcof\/featured\">\u00a0<strong>canal do youtube\u00a0<\/strong><\/a>para ver o nosso material.<\/p>\n\n\n\n<figure class=\"wp-block-embed is-type-video is-provider-youtube wp-block-embed-youtube wp-embed-aspect-16-9 wp-has-aspect-ratio\"><div class=\"wp-block-embed__wrapper\">\n<div class=\"youtube-embed\" data-video_id=\"q8ZRbSsmmyw\"><iframe loading=\"lazy\" title=\"Corre\u00e7\u00e3o UFES R1 2025 - Gabarito Prova de Resid\u00eancia M\u00e9dica UFES 2025 R1 Acesso Direto\" width=\"696\" height=\"392\" src=\"https:\/\/www.youtube.com\/embed\/q8ZRbSsmmyw?feature=oembed&#038;enablejsapi=1\" frameborder=\"0\" allow=\"accelerometer; autoplay; clipboard-write; encrypted-media; gyroscope; picture-in-picture; web-share\" referrerpolicy=\"strict-origin-when-cross-origin\" allowfullscreen><\/iframe><\/div>\n<\/div><\/figure>\n","protected":false},"excerpt":{"rendered":"<p>A\u00a0Universidade Federal do Esp\u00edrito Santo (UFES) aderiu ao processo seletivo do ENARE 2025\/2026. Confira as informa\u00e7\u00f5es e n\u00e3o perca os prazos!<\/p>\n","protected":false},"author":20,"featured_media":28833,"comment_status":"open","ping_status":"open","sticky":false,"template":"","format":"standard","meta":{"footnotes":""},"categories":[2023],"tags":[245,1568,29,117,68,255],"ppma_author":[3616],"class_list":{"0":"post-10194","1":"post","2":"type-post","3":"status-publish","4":"format-standard","5":"has-post-thumbnail","7":"category-editais","8":"tag-acesso-direto","9":"tag-edital","10":"tag-enare","11":"tag-provas-de-residencia","12":"tag-residencia-medica","13":"tag-ufes"},"yoast_head":"<!-- This site is optimized with the Yoast SEO Premium plugin v24.3 (Yoast SEO v27.4) - https:\/\/yoast.com\/product\/yoast-seo-premium-wordpress\/ -->\n<title>Resid\u00eancia M\u00e9dica UFES 2025\/2026: institui\u00e7\u00e3o adere ao processo seletivo do ENARE - Blog de Medcof: conte\u00fados, editais, revalida e mais!<\/title>\n<meta name=\"description\" content=\"A\u00a0Universidade Federal do Esp\u00edrito Santo (UFES) aderiu ao processo seletivo do ENARE 2025\/2026. Confira as informa\u00e7\u00f5es e n\u00e3o perca os prazos!\" \/>\n<meta name=\"robots\" content=\"index, follow, max-snippet:-1, max-image-preview:large, max-video-preview:-1\" \/>\n<link rel=\"canonical\" href=\"https:\/\/www.grupomedcof.com.br\/blog\/edital-residencia-medica-ufes\/\" \/>\n<meta property=\"og:locale\" content=\"pt_BR\" \/>\n<meta property=\"og:type\" content=\"article\" \/>\n<meta property=\"og:title\" content=\"Resid\u00eancia M\u00e9dica UFES 2025\/2026: institui\u00e7\u00e3o adere ao processo seletivo do ENARE\" \/>\n<meta property=\"og:description\" content=\"A\u00a0Universidade Federal do Esp\u00edrito Santo (UFES) aderiu ao processo seletivo do ENARE 2025\/2026. Confira as informa\u00e7\u00f5es e n\u00e3o perca os prazos!\" \/>\n<meta property=\"og:url\" content=\"https:\/\/www.grupomedcof.com.br\/blog\/edital-residencia-medica-ufes\/\" \/>\n<meta property=\"og:site_name\" content=\"Blog de Medcof: conte\u00fados, editais, revalida e mais!\" \/>\n<meta property=\"article:publisher\" content=\"https:\/\/www.facebook.com\/MedCofQbank\/\" \/>\n<meta property=\"article:published_time\" content=\"2025-09-17T16:49:31+00:00\" \/>\n<meta property=\"article:modified_time\" content=\"2025-09-17T16:49:33+00:00\" \/>\n<meta property=\"og:image\" content=\"https:\/\/www.grupomedcof.com.br\/blog\/wp-content\/uploads\/2023\/08\/Modelo-instituicoes-80.png\" \/>\n\t<meta property=\"og:image:width\" content=\"2560\" \/>\n\t<meta property=\"og:image:height\" content=\"1440\" \/>\n\t<meta property=\"og:image:type\" content=\"image\/png\" \/>\n<meta name=\"author\" content=\"Leila Menzel\" \/>\n<meta name=\"twitter:card\" content=\"summary_large_image\" \/>\n<meta name=\"twitter:label1\" content=\"Escrito por\" \/>\n\t<meta name=\"twitter:data1\" content=\"Leila Menzel\" \/>\n\t<meta name=\"twitter:label2\" content=\"Est. tempo de leitura\" \/>\n\t<meta name=\"twitter:data2\" content=\"4 minutos\" \/>\n<script type=\"application\/ld+json\" class=\"yoast-schema-graph\">{\"@context\":\"https:\\\/\\\/schema.org\",\"@graph\":[{\"@type\":\"Article\",\"@id\":\"https:\\\/\\\/www.grupomedcof.com.br\\\/blog\\\/edital-residencia-medica-ufes\\\/#article\",\"isPartOf\":{\"@id\":\"https:\\\/\\\/www.grupomedcof.com.br\\\/blog\\\/edital-residencia-medica-ufes\\\/\"},\"author\":{\"name\":\"Leila Menzel\",\"@id\":\"https:\\\/\\\/www.grupomedcof.com.br\\\/blog\\\/#\\\/schema\\\/person\\\/9a44c2184a836bf5ae6967fdb3a1451e\"},\"headline\":\"Resid\u00eancia M\u00e9dica UFES 2025\\\/2026: institui\u00e7\u00e3o adere ao processo seletivo do ENARE\",\"datePublished\":\"2025-09-17T16:49:31+00:00\",\"dateModified\":\"2025-09-17T16:49:33+00:00\",\"mainEntityOfPage\":{\"@id\":\"https:\\\/\\\/www.grupomedcof.com.br\\\/blog\\\/edital-residencia-medica-ufes\\\/\"},\"wordCount\":569,\"commentCount\":2,\"publisher\":{\"@id\":\"https:\\\/\\\/www.grupomedcof.com.br\\\/blog\\\/#organization\"},\"image\":{\"@id\":\"https:\\\/\\\/www.grupomedcof.com.br\\\/blog\\\/edital-residencia-medica-ufes\\\/#primaryimage\"},\"thumbnailUrl\":\"https:\\\/\\\/www.grupomedcof.com.br\\\/blog\\\/wp-content\\\/uploads\\\/2023\\\/08\\\/Modelo-instituicoes-80.png\",\"keywords\":[\"Acesso Direto\",\"Edital\",\"ENARE\",\"Provas de Resid\u00eancia\",\"Resid\u00eancia M\u00e9dica\",\"UFES\"],\"articleSection\":[\"Editais\"],\"inLanguage\":\"pt-BR\"},{\"@type\":\"WebPage\",\"@id\":\"https:\\\/\\\/www.grupomedcof.com.br\\\/blog\\\/edital-residencia-medica-ufes\\\/\",\"url\":\"https:\\\/\\\/www.grupomedcof.com.br\\\/blog\\\/edital-residencia-medica-ufes\\\/\",\"name\":\"Resid\u00eancia M\u00e9dica UFES 2025\\\/2026: institui\u00e7\u00e3o adere ao processo seletivo do ENARE - Blog de Medcof: conte\u00fados, editais, revalida e mais!\",\"isPartOf\":{\"@id\":\"https:\\\/\\\/www.grupomedcof.com.br\\\/blog\\\/#website\"},\"primaryImageOfPage\":{\"@id\":\"https:\\\/\\\/www.grupomedcof.com.br\\\/blog\\\/edital-residencia-medica-ufes\\\/#primaryimage\"},\"image\":{\"@id\":\"https:\\\/\\\/www.grupomedcof.com.br\\\/blog\\\/edital-residencia-medica-ufes\\\/#primaryimage\"},\"thumbnailUrl\":\"https:\\\/\\\/www.grupomedcof.com.br\\\/blog\\\/wp-content\\\/uploads\\\/2023\\\/08\\\/Modelo-instituicoes-80.png\",\"datePublished\":\"2025-09-17T16:49:31+00:00\",\"dateModified\":\"2025-09-17T16:49:33+00:00\",\"description\":\"A\u00a0Universidade Federal do Esp\u00edrito Santo (UFES) aderiu ao processo seletivo do ENARE 2025\\\/2026. Confira as informa\u00e7\u00f5es e n\u00e3o perca os prazos!\",\"breadcrumb\":{\"@id\":\"https:\\\/\\\/www.grupomedcof.com.br\\\/blog\\\/edital-residencia-medica-ufes\\\/#breadcrumb\"},\"inLanguage\":\"pt-BR\",\"potentialAction\":[{\"@type\":\"ReadAction\",\"target\":[\"https:\\\/\\\/www.grupomedcof.com.br\\\/blog\\\/edital-residencia-medica-ufes\\\/\"]}]},{\"@type\":\"ImageObject\",\"inLanguage\":\"pt-BR\",\"@id\":\"https:\\\/\\\/www.grupomedcof.com.br\\\/blog\\\/edital-residencia-medica-ufes\\\/#primaryimage\",\"url\":\"https:\\\/\\\/www.grupomedcof.com.br\\\/blog\\\/wp-content\\\/uploads\\\/2023\\\/08\\\/Modelo-instituicoes-80.png\",\"contentUrl\":\"https:\\\/\\\/www.grupomedcof.com.br\\\/blog\\\/wp-content\\\/uploads\\\/2023\\\/08\\\/Modelo-instituicoes-80.png\",\"width\":2560,\"height\":1440,\"caption\":\"Imagem cont\u00e9m a logo da UFES\"},{\"@type\":\"BreadcrumbList\",\"@id\":\"https:\\\/\\\/www.grupomedcof.com.br\\\/blog\\\/edital-residencia-medica-ufes\\\/#breadcrumb\",\"itemListElement\":[{\"@type\":\"ListItem\",\"position\":1,\"name\":\"In\u00edcio\",\"item\":\"https:\\\/\\\/www.grupomedcof.com.br\\\/blog\\\/\"},{\"@type\":\"ListItem\",\"position\":2,\"name\":\"Resid\u00eancia M\u00e9dica UFES 2025\\\/2026: institui\u00e7\u00e3o adere ao processo seletivo do ENARE\"}]},{\"@type\":\"WebSite\",\"@id\":\"https:\\\/\\\/www.grupomedcof.com.br\\\/blog\\\/#website\",\"url\":\"https:\\\/\\\/www.grupomedcof.com.br\\\/blog\\\/\",\"name\":\"Blog de Medcof: conte\u00fados, editais, revalida e mais!\",\"description\":\"Acesso o blog de MedCof! Seu portal de conte\u00fados sobre resid\u00eancia m\u00e9dica, an\u00e1lise e editais e muito mais. Clique e confira!\",\"publisher\":{\"@id\":\"https:\\\/\\\/www.grupomedcof.com.br\\\/blog\\\/#organization\"},\"alternateName\":\"Blog de Medcof: conte\u00fados, editais, revalida e mais!\",\"potentialAction\":[{\"@type\":\"SearchAction\",\"target\":{\"@type\":\"EntryPoint\",\"urlTemplate\":\"https:\\\/\\\/www.grupomedcof.com.br\\\/blog\\\/?s={search_term_string}\"},\"query-input\":{\"@type\":\"PropertyValueSpecification\",\"valueRequired\":true,\"valueName\":\"search_term_string\"}}],\"inLanguage\":\"pt-BR\"},{\"@type\":\"Organization\",\"@id\":\"https:\\\/\\\/www.grupomedcof.com.br\\\/blog\\\/#organization\",\"name\":\"Grupo MedCof\",\"url\":\"https:\\\/\\\/www.grupomedcof.com.br\\\/blog\\\/\",\"logo\":{\"@type\":\"ImageObject\",\"inLanguage\":\"pt-BR\",\"@id\":\"https:\\\/\\\/www.grupomedcof.com.br\\\/blog\\\/#\\\/schema\\\/logo\\\/image\\\/\",\"url\":\"https:\\\/\\\/www.grupomedcof.com.br\\\/blog\\\/wp-content\\\/uploads\\\/2022\\\/01\\\/logo-medcof.png\",\"contentUrl\":\"https:\\\/\\\/www.grupomedcof.com.br\\\/blog\\\/wp-content\\\/uploads\\\/2022\\\/01\\\/logo-medcof.png\",\"width\":768,\"height\":269,\"caption\":\"Grupo MedCof\"},\"image\":{\"@id\":\"https:\\\/\\\/www.grupomedcof.com.br\\\/blog\\\/#\\\/schema\\\/logo\\\/image\\\/\"},\"sameAs\":[\"https:\\\/\\\/www.facebook.com\\\/MedCofQbank\\\/\",\"https:\\\/\\\/www.instagram.com\\\/grupomedcof\\\/\",\"https:\\\/\\\/br.linkedin.com\\\/company\\\/medcof\",\"https:\\\/\\\/www.youtube.com\\\/channel\\\/UCdHMuOHKICxcHwecxN8P-AA\"]},{\"@type\":\"Person\",\"@id\":\"https:\\\/\\\/www.grupomedcof.com.br\\\/blog\\\/#\\\/schema\\\/person\\\/9a44c2184a836bf5ae6967fdb3a1451e\",\"name\":\"Leila Menzel\",\"image\":{\"@type\":\"ImageObject\",\"inLanguage\":\"pt-BR\",\"@id\":\"https:\\\/\\\/www.grupomedcof.com.br\\\/blog\\\/wp-content\\\/uploads\\\/2025\\\/09\\\/cropped-eu-96x96.jpeg19a74936d997c0a8b3031618467fa1d0\",\"url\":\"https:\\\/\\\/www.grupomedcof.com.br\\\/blog\\\/wp-content\\\/uploads\\\/2025\\\/09\\\/cropped-eu-96x96.jpeg\",\"contentUrl\":\"https:\\\/\\\/www.grupomedcof.com.br\\\/blog\\\/wp-content\\\/uploads\\\/2025\\\/09\\\/cropped-eu-96x96.jpeg\",\"caption\":\"Leila Menzel\"},\"description\":\"Estudante do 6\u00b0 semestre de jornalismo, amo e escrevo poesias e viajo em livros de romances clich\u00eas.\",\"url\":\"https:\\\/\\\/www.grupomedcof.com.br\\\/blog\\\/author\\\/leila-menzel\\\/\"}]}<\/script>\n<!-- \/ Yoast SEO Premium plugin. -->","yoast_head_json":{"title":"Resid\u00eancia M\u00e9dica UFES 2025\/2026: institui\u00e7\u00e3o adere ao processo seletivo do ENARE - Blog de Medcof: conte\u00fados, editais, revalida e mais!","description":"A\u00a0Universidade Federal do Esp\u00edrito Santo (UFES) aderiu ao processo seletivo do ENARE 2025\/2026. Confira as informa\u00e7\u00f5es e n\u00e3o perca os prazos!","robots":{"index":"index","follow":"follow","max-snippet":"max-snippet:-1","max-image-preview":"max-image-preview:large","max-video-preview":"max-video-preview:-1"},"canonical":"https:\/\/www.grupomedcof.com.br\/blog\/edital-residencia-medica-ufes\/","og_locale":"pt_BR","og_type":"article","og_title":"Resid\u00eancia M\u00e9dica UFES 2025\/2026: institui\u00e7\u00e3o adere ao processo seletivo do ENARE","og_description":"A\u00a0Universidade Federal do Esp\u00edrito Santo (UFES) aderiu ao processo seletivo do ENARE 2025\/2026. Confira as informa\u00e7\u00f5es e n\u00e3o perca os prazos!","og_url":"https:\/\/www.grupomedcof.com.br\/blog\/edital-residencia-medica-ufes\/","og_site_name":"Blog de Medcof: conte\u00fados, editais, revalida e mais!","article_publisher":"https:\/\/www.facebook.com\/MedCofQbank\/","article_published_time":"2025-09-17T16:49:31+00:00","article_modified_time":"2025-09-17T16:49:33+00:00","og_image":[{"width":2560,"height":1440,"url":"https:\/\/www.grupomedcof.com.br\/blog\/wp-content\/uploads\/2023\/08\/Modelo-instituicoes-80.png","type":"image\/png"}],"author":"Leila Menzel","twitter_card":"summary_large_image","twitter_misc":{"Escrito por":"Leila Menzel","Est. tempo de leitura":"4 minutos"},"schema":{"@context":"https:\/\/schema.org","@graph":[{"@type":"Article","@id":"https:\/\/www.grupomedcof.com.br\/blog\/edital-residencia-medica-ufes\/#article","isPartOf":{"@id":"https:\/\/www.grupomedcof.com.br\/blog\/edital-residencia-medica-ufes\/"},"author":{"name":"Leila Menzel","@id":"https:\/\/www.grupomedcof.com.br\/blog\/#\/schema\/person\/9a44c2184a836bf5ae6967fdb3a1451e"},"headline":"Resid\u00eancia M\u00e9dica UFES 2025\/2026: institui\u00e7\u00e3o adere ao processo seletivo do ENARE","datePublished":"2025-09-17T16:49:31+00:00","dateModified":"2025-09-17T16:49:33+00:00","mainEntityOfPage":{"@id":"https:\/\/www.grupomedcof.com.br\/blog\/edital-residencia-medica-ufes\/"},"wordCount":569,"commentCount":2,"publisher":{"@id":"https:\/\/www.grupomedcof.com.br\/blog\/#organization"},"image":{"@id":"https:\/\/www.grupomedcof.com.br\/blog\/edital-residencia-medica-ufes\/#primaryimage"},"thumbnailUrl":"https:\/\/www.grupomedcof.com.br\/blog\/wp-content\/uploads\/2023\/08\/Modelo-instituicoes-80.png","keywords":["Acesso Direto","Edital","ENARE","Provas de Resid\u00eancia","Resid\u00eancia M\u00e9dica","UFES"],"articleSection":["Editais"],"inLanguage":"pt-BR"},{"@type":"WebPage","@id":"https:\/\/www.grupomedcof.com.br\/blog\/edital-residencia-medica-ufes\/","url":"https:\/\/www.grupomedcof.com.br\/blog\/edital-residencia-medica-ufes\/","name":"Resid\u00eancia M\u00e9dica UFES 2025\/2026: institui\u00e7\u00e3o adere ao processo seletivo do ENARE - Blog de Medcof: conte\u00fados, editais, revalida e mais!","isPartOf":{"@id":"https:\/\/www.grupomedcof.com.br\/blog\/#website"},"primaryImageOfPage":{"@id":"https:\/\/www.grupomedcof.com.br\/blog\/edital-residencia-medica-ufes\/#primaryimage"},"image":{"@id":"https:\/\/www.grupomedcof.com.br\/blog\/edital-residencia-medica-ufes\/#primaryimage"},"thumbnailUrl":"https:\/\/www.grupomedcof.com.br\/blog\/wp-content\/uploads\/2023\/08\/Modelo-instituicoes-80.png","datePublished":"2025-09-17T16:49:31+00:00","dateModified":"2025-09-17T16:49:33+00:00","description":"A\u00a0Universidade Federal do Esp\u00edrito Santo (UFES) aderiu ao processo seletivo do ENARE 2025\/2026. Confira as informa\u00e7\u00f5es e n\u00e3o perca os prazos!","breadcrumb":{"@id":"https:\/\/www.grupomedcof.com.br\/blog\/edital-residencia-medica-ufes\/#breadcrumb"},"inLanguage":"pt-BR","potentialAction":[{"@type":"ReadAction","target":["https:\/\/www.grupomedcof.com.br\/blog\/edital-residencia-medica-ufes\/"]}]},{"@type":"ImageObject","inLanguage":"pt-BR","@id":"https:\/\/www.grupomedcof.com.br\/blog\/edital-residencia-medica-ufes\/#primaryimage","url":"https:\/\/www.grupomedcof.com.br\/blog\/wp-content\/uploads\/2023\/08\/Modelo-instituicoes-80.png","contentUrl":"https:\/\/www.grupomedcof.com.br\/blog\/wp-content\/uploads\/2023\/08\/Modelo-instituicoes-80.png","width":2560,"height":1440,"caption":"Imagem cont\u00e9m a logo da UFES"},{"@type":"BreadcrumbList","@id":"https:\/\/www.grupomedcof.com.br\/blog\/edital-residencia-medica-ufes\/#breadcrumb","itemListElement":[{"@type":"ListItem","position":1,"name":"In\u00edcio","item":"https:\/\/www.grupomedcof.com.br\/blog\/"},{"@type":"ListItem","position":2,"name":"Resid\u00eancia M\u00e9dica UFES 2025\/2026: institui\u00e7\u00e3o adere ao processo seletivo do ENARE"}]},{"@type":"WebSite","@id":"https:\/\/www.grupomedcof.com.br\/blog\/#website","url":"https:\/\/www.grupomedcof.com.br\/blog\/","name":"Blog de Medcof: conte\u00fados, editais, revalida e mais!","description":"Acesso o blog de MedCof! Seu portal de conte\u00fados sobre resid\u00eancia m\u00e9dica, an\u00e1lise e editais e muito mais. Clique e confira!","publisher":{"@id":"https:\/\/www.grupomedcof.com.br\/blog\/#organization"},"alternateName":"Blog de Medcof: conte\u00fados, editais, revalida e mais!","potentialAction":[{"@type":"SearchAction","target":{"@type":"EntryPoint","urlTemplate":"https:\/\/www.grupomedcof.com.br\/blog\/?s={search_term_string}"},"query-input":{"@type":"PropertyValueSpecification","valueRequired":true,"valueName":"search_term_string"}}],"inLanguage":"pt-BR"},{"@type":"Organization","@id":"https:\/\/www.grupomedcof.com.br\/blog\/#organization","name":"Grupo MedCof","url":"https:\/\/www.grupomedcof.com.br\/blog\/","logo":{"@type":"ImageObject","inLanguage":"pt-BR","@id":"https:\/\/www.grupomedcof.com.br\/blog\/#\/schema\/logo\/image\/","url":"https:\/\/www.grupomedcof.com.br\/blog\/wp-content\/uploads\/2022\/01\/logo-medcof.png","contentUrl":"https:\/\/www.grupomedcof.com.br\/blog\/wp-content\/uploads\/2022\/01\/logo-medcof.png","width":768,"height":269,"caption":"Grupo MedCof"},"image":{"@id":"https:\/\/www.grupomedcof.com.br\/blog\/#\/schema\/logo\/image\/"},"sameAs":["https:\/\/www.facebook.com\/MedCofQbank\/","https:\/\/www.instagram.com\/grupomedcof\/","https:\/\/br.linkedin.com\/company\/medcof","https:\/\/www.youtube.com\/channel\/UCdHMuOHKICxcHwecxN8P-AA"]},{"@type":"Person","@id":"https:\/\/www.grupomedcof.com.br\/blog\/#\/schema\/person\/9a44c2184a836bf5ae6967fdb3a1451e","name":"Leila Menzel","image":{"@type":"ImageObject","inLanguage":"pt-BR","@id":"https:\/\/www.grupomedcof.com.br\/blog\/wp-content\/uploads\/2025\/09\/cropped-eu-96x96.jpeg19a74936d997c0a8b3031618467fa1d0","url":"https:\/\/www.grupomedcof.com.br\/blog\/wp-content\/uploads\/2025\/09\/cropped-eu-96x96.jpeg","contentUrl":"https:\/\/www.grupomedcof.com.br\/blog\/wp-content\/uploads\/2025\/09\/cropped-eu-96x96.jpeg","caption":"Leila Menzel"},"description":"Estudante do 6\u00b0 semestre de jornalismo, amo e escrevo poesias e viajo em livros de romances clich\u00eas.","url":"https:\/\/www.grupomedcof.com.br\/blog\/author\/leila-menzel\/"}]}},"authors":[{"term_id":3616,"user_id":20,"is_guest":0,"slug":"leila-menzel","display_name":"Leila Menzel","avatar_url":"https:\/\/www.grupomedcof.com.br\/blog\/wp-content\/uploads\/2025\/09\/cropped-eu-96x96.jpeg","0":null,"1":"","2":"","3":"","4":"","5":"","6":"","7":"","8":""}],"_links":{"self":[{"href":"https:\/\/www.grupomedcof.com.br\/blog\/wp-json\/wp\/v2\/posts\/10194","targetHints":{"allow":["GET"]}}],"collection":[{"href":"https:\/\/www.grupomedcof.com.br\/blog\/wp-json\/wp\/v2\/posts"}],"about":[{"href":"https:\/\/www.grupomedcof.com.br\/blog\/wp-json\/wp\/v2\/types\/post"}],"author":[{"embeddable":true,"href":"https:\/\/www.grupomedcof.com.br\/blog\/wp-json\/wp\/v2\/users\/20"}],"replies":[{"embeddable":true,"href":"https:\/\/www.grupomedcof.com.br\/blog\/wp-json\/wp\/v2\/comments?post=10194"}],"version-history":[{"count":1,"href":"https:\/\/www.grupomedcof.com.br\/blog\/wp-json\/wp\/v2\/posts\/10194\/revisions"}],"predecessor-version":[{"id":37869,"href":"https:\/\/www.grupomedcof.com.br\/blog\/wp-json\/wp\/v2\/posts\/10194\/revisions\/37869"}],"wp:featuredmedia":[{"embeddable":true,"href":"https:\/\/www.grupomedcof.com.br\/blog\/wp-json\/wp\/v2\/media\/28833"}],"wp:attachment":[{"href":"https:\/\/www.grupomedcof.com.br\/blog\/wp-json\/wp\/v2\/media?parent=10194"}],"wp:term":[{"taxonomy":"category","embeddable":true,"href":"https:\/\/www.grupomedcof.com.br\/blog\/wp-json\/wp\/v2\/categories?post=10194"},{"taxonomy":"post_tag","embeddable":true,"href":"https:\/\/www.grupomedcof.com.br\/blog\/wp-json\/wp\/v2\/tags?post=10194"},{"taxonomy":"author","embeddable":true,"href":"https:\/\/www.grupomedcof.com.br\/blog\/wp-json\/wp\/v2\/ppma_author?post=10194"}],"curies":[{"name":"wp","href":"https:\/\/api.w.org\/{rel}","templated":true}]}}