{"id":10294,"date":"2023-08-11T15:22:49","date_gmt":"2023-08-11T18:22:49","guid":{"rendered":"https:\/\/www.grupomedcof.com.br\/blog\/?p=10294"},"modified":"2025-05-16T11:48:19","modified_gmt":"2025-05-16T14:48:19","slug":"sindrome-mao-pe-boca-diagnostico-e-tratamento","status":"publish","type":"post","link":"https:\/\/www.grupomedcof.com.br\/blog\/sindrome-mao-pe-boca-diagnostico-e-tratamento\/","title":{"rendered":"Doen\u00e7a m\u00e3o-p\u00e9-boca: causas, sintomas, diagn\u00f3stico e tratamento"},"content":{"rendered":"<div id=\"ez-toc-container\" class=\"ez-toc-v2_0_74 counter-hierarchy ez-toc-counter ez-toc-transparent ez-toc-container-direction\">\n<div class=\"ez-toc-title-container\">\n<p class=\"ez-toc-title\" style=\"cursor:inherit\">Sum\u00e1rio<\/p>\n<span class=\"ez-toc-title-toggle\"><a href=\"#\" class=\"ez-toc-pull-right ez-toc-btn ez-toc-btn-xs ez-toc-btn-default ez-toc-toggle\" aria-label=\"Alternar tabela de conte\u00fado\"><span class=\"ez-toc-js-icon-con\"><span class=\"\"><span class=\"eztoc-hide\" style=\"display:none;\">Toggle<\/span><span class=\"ez-toc-icon-toggle-span\"><svg style=\"fill: #999;color:#999\" xmlns=\"http:\/\/www.w3.org\/2000\/svg\" class=\"list-377408\" width=\"20px\" height=\"20px\" viewBox=\"0 0 24 24\" fill=\"none\"><path d=\"M6 6H4v2h2V6zm14 0H8v2h12V6zM4 11h2v2H4v-2zm16 0H8v2h12v-2zM4 16h2v2H4v-2zm16 0H8v2h12v-2z\" fill=\"currentColor\"><\/path><\/svg><svg style=\"fill: #999;color:#999\" class=\"arrow-unsorted-368013\" xmlns=\"http:\/\/www.w3.org\/2000\/svg\" width=\"10px\" height=\"10px\" viewBox=\"0 0 24 24\" version=\"1.2\" baseProfile=\"tiny\"><path d=\"M18.2 9.3l-6.2-6.3-6.2 6.3c-.2.2-.3.4-.3.7s.1.5.3.7c.2.2.4.3.7.3h11c.3 0 .5-.1.7-.3.2-.2.3-.5.3-.7s-.1-.5-.3-.7zM5.8 14.7l6.2 6.3 6.2-6.3c.2-.2.3-.5.3-.7s-.1-.5-.3-.7c-.2-.2-.4-.3-.7-.3h-11c-.3 0-.5.1-.7.3-.2.2-.3.5-.3.7s.1.5.3.7z\"\/><\/svg><\/span><\/span><\/span><\/a><\/span><\/div>\n<nav><ul class='ez-toc-list ez-toc-list-level-1 ' ><li class='ez-toc-page-1 ez-toc-heading-level-2'><a class=\"ez-toc-link ez-toc-heading-1\" href=\"https:\/\/www.grupomedcof.com.br\/blog\/sindrome-mao-pe-boca-diagnostico-e-tratamento\/#Causas_da_doenca_mao-pe-boca\" >Causas da doen\u00e7a m\u00e3o-p\u00e9-boca<\/a><\/li><li class='ez-toc-page-1 ez-toc-heading-level-2'><a class=\"ez-toc-link ez-toc-heading-2\" href=\"https:\/\/www.grupomedcof.com.br\/blog\/sindrome-mao-pe-boca-diagnostico-e-tratamento\/#Como_ocorre_a_transmissao_da_doenca_mao-pe-boca\" >Como ocorre a transmiss\u00e3o da doen\u00e7a m\u00e3o-p\u00e9-boca?<\/a><\/li><li class='ez-toc-page-1 ez-toc-heading-level-2'><a class=\"ez-toc-link ez-toc-heading-3\" href=\"https:\/\/www.grupomedcof.com.br\/blog\/sindrome-mao-pe-boca-diagnostico-e-tratamento\/#Sintomas_da_doenca_mao-pe-boca\" >Sintomas da doen\u00e7a m\u00e3o-p\u00e9-boca<\/a><\/li><li class='ez-toc-page-1 ez-toc-heading-level-2'><a class=\"ez-toc-link ez-toc-heading-4\" href=\"https:\/\/www.grupomedcof.com.br\/blog\/sindrome-mao-pe-boca-diagnostico-e-tratamento\/#Diagnostico_da_doenca_mao-pe-boca\" >Diagn\u00f3stico da doen\u00e7a m\u00e3o-p\u00e9-boca<\/a><\/li><li class='ez-toc-page-1 ez-toc-heading-level-2'><a class=\"ez-toc-link ez-toc-heading-5\" href=\"https:\/\/www.grupomedcof.com.br\/blog\/sindrome-mao-pe-boca-diagnostico-e-tratamento\/#Tratamentos_da_doenca_mao-pe-boca\" >Tratamentos da doen\u00e7a m\u00e3o-p\u00e9-boca<\/a><\/li><li class='ez-toc-page-1 ez-toc-heading-level-2'><a class=\"ez-toc-link ez-toc-heading-6\" href=\"https:\/\/www.grupomedcof.com.br\/blog\/sindrome-mao-pe-boca-diagnostico-e-tratamento\/#Prevencao_da_doenca_mao-pe-boca\" >Preven\u00e7\u00e3o da doen\u00e7a m\u00e3o-p\u00e9-boca<\/a><\/li><li class='ez-toc-page-1 ez-toc-heading-level-2'><a class=\"ez-toc-link ez-toc-heading-7\" href=\"https:\/\/www.grupomedcof.com.br\/blog\/sindrome-mao-pe-boca-diagnostico-e-tratamento\/#Conheca_mais_sobre_a_doenca_mao-pe-boca_com_MedCof\" >Conhe\u00e7a mais sobre a doen\u00e7a m\u00e3o-p\u00e9-boca com MedCof!<\/a><\/li><\/ul><\/nav><\/div>\n\n<p>A <strong>doen\u00e7a m\u00e3o-p\u00e9-boca<\/strong> \u00e9 uma <strong>infec\u00e7\u00e3o viral contagiosa<\/strong> que atinge principalmente <strong>crian\u00e7as pequenas<\/strong>, causando febre, feridas na boca e manchas nas m\u00e3os e p\u00e9s. Apesar de inc\u00f4moda, costuma ser leve e tem cura espont\u00e2nea em poucos dias.<\/p>\n\n\n\n<p><img loading=\"lazy\" decoding=\"async\" sizes=\"auto, (max-width: 800px) 100vw, 800px\" srcset=\"https:\/\/www.grupomedcof.com.br\/blog\/wp-content\/uploads\/2023\/08\/Blog-MedCof-2023-08-11T121313.518-1024x576.png 1024w, https:\/\/www.grupomedcof.com.br\/blog\/wp-content\/uploads\/2023\/08\/Blog-MedCof-2023-08-11T121313.518-300x169.png 300w, https:\/\/www.grupomedcof.com.br\/blog\/wp-content\/uploads\/2023\/08\/Blog-MedCof-2023-08-11T121313.518-768x432.png 768w, https:\/\/www.grupomedcof.com.br\/blog\/wp-content\/uploads\/2023\/08\/Blog-MedCof-2023-08-11T121313.518-1536x864.png 1536w, https:\/\/www.grupomedcof.com.br\/blog\/wp-content\/uploads\/2023\/08\/Blog-MedCof-2023-08-11T121313.518-2048x1152.png 2048w\" width=\"800\" height=\"450\" src=\"https:\/\/www.grupomedcof.com.br\/blog\/wp-content\/uploads\/2023\/08\/Blog-MedCof-2023-08-11T121313.518-1024x576.png\" alt=\"sindrome pe mao e boca, s\u00edndrome m\u00e3o p\u00e9 boca tratamento, s\u00edndrome m\u00e3o-p\u00e9-boca tratamento, s\u00edndrome m\u00e3o-p\u00e9-boca, s\u00edndrome de p\u00e9 m\u00e3o e boca , s\u00edndrome p\u00e9 m\u00e3o boca\"><br><\/p>\n\n\n\n<h2 class=\"wp-block-heading\" id=\"h-causas-da-doenca-mao-pe-boca\"><span class=\"ez-toc-section\" id=\"Causas_da_doenca_mao-pe-boca\"><\/span><strong>Causas da doen\u00e7a m\u00e3o-p\u00e9-boca<\/strong><span class=\"ez-toc-section-end\"><\/span><\/h2>\n\n\n\n<p>A principal causa da doen\u00e7a m\u00e3o-p\u00e9-boca \u00e9 o <strong>v\u00edrus <em>Coxsackie A16<\/em><\/strong>, pertencente \u00e0 fam\u00edlia dos <strong>enterov\u00edrus<\/strong>. Em alguns casos, outros v\u00edrus como o <strong><em>Enterov\u00edrus 71<\/em><\/strong> tamb\u00e9m podem estar envolvidos, especialmente em <strong>quadros mais graves<\/strong>.<\/p>\n\n\n\n<p>A infec\u00e7\u00e3o tem uma <strong>sazonalidade marcada<\/strong>, sendo mais comum nos <strong>meses mais quentes e \u00famidos<\/strong>, especialmente entre <strong>primavera<\/strong> e <strong>ver\u00e3o<\/strong>, quando a circula\u00e7\u00e3o desses v\u00edrus aumenta.<\/p>\n\n\n\n<h2 class=\"wp-block-heading\"><span class=\"ez-toc-section\" id=\"Como_ocorre_a_transmissao_da_doenca_mao-pe-boca\"><\/span><strong>Como ocorre a transmiss\u00e3o da doen\u00e7a m\u00e3o-p\u00e9-boca?<\/strong><span class=\"ez-toc-section-end\"><\/span><\/h2>\n\n\n\n<p>A transmiss\u00e3o acontece, principalmente, por <strong>via fecal-oral<\/strong>, ou seja, pelo contato com secre\u00e7\u00f5es do trato digestivo eliminadas nas fezes. No entanto, h\u00e1 outras formas de cont\u00e1gio:<\/p>\n\n\n\n<ul class=\"wp-block-list\">\n<li>Contato direto com saliva, secre\u00e7\u00f5es nasais ou ves\u00edculas da pele;<\/li>\n\n\n\n<li>Toque em superf\u00edcies e objetos contaminados;<\/li>\n\n\n\n<li>Compartilhamento de brinquedos, copos e utens\u00edlios;<\/li>\n\n\n\n<li>Alimentos contaminados com part\u00edculas virais.<\/li>\n<\/ul>\n\n\n\n<p>Por isso, a doen\u00e7a <strong>se espalha com facilidade<\/strong>, principalmente em ambientes com <strong>grande circula\u00e7\u00e3o de crian\u00e7as<\/strong>.<\/p>\n\n\n\n<h2 class=\"wp-block-heading\"><span class=\"ez-toc-section\" id=\"Sintomas_da_doenca_mao-pe-boca\"><\/span><strong>Sintomas da doen\u00e7a m\u00e3o-p\u00e9-boca<\/strong><span class=\"ez-toc-section-end\"><\/span><\/h2>\n\n\n\n<p>Os <strong>sintomas mais comuns<\/strong> incluem:<\/p>\n\n\n\n<ul class=\"wp-block-list\">\n<li>Febre moderada a alta no in\u00edcio do quadro;<\/li>\n\n\n\n<li>Mal-estar geral, irritabilidade e dor de garganta;<\/li>\n\n\n\n<li>Les\u00f5es doloridas na boca, que dificultam a alimenta\u00e7\u00e3o;<\/li>\n\n\n\n<li>Manchas vermelhas com pequenas ves\u00edculas nas palmas das m\u00e3os, solas dos p\u00e9s e, em alguns casos, nas n\u00e1degas e joelhos.<\/li>\n<\/ul>\n\n\n\n<p>Em ambientes como creches e escolas, os surtos s\u00e3o frequentes, j\u00e1 que o v\u00edrus se espalha rapidamente entre as crian\u00e7as.<\/p>\n\n\n\n<h2 class=\"wp-block-heading\"><span class=\"ez-toc-section\" id=\"Diagnostico_da_doenca_mao-pe-boca\"><\/span><strong>Diagn\u00f3stico da doen\u00e7a m\u00e3o-p\u00e9-boca<\/strong><span class=\"ez-toc-section-end\"><\/span><\/h2>\n\n\n\n<p>O diagn\u00f3stico \u00e9, na maioria das vezes, <strong>cl\u00ednico<\/strong>, baseado na <strong>avalia\u00e7\u00e3o dos sintomas<\/strong> e das <strong>les\u00f5es t\u00edpicas na boca, m\u00e3os e p\u00e9s<\/strong>. O profissional de sa\u00fade, especializado em <a href=\"https:\/\/www.grupomedcof.com.br\/blog\/pediatria\/\"><strong>pediatria<\/strong><\/a> ou <a href=\"https:\/\/www.grupomedcof.com.br\/blog\/dermatologia\/\"><strong>dermatologia<\/strong><\/a>, examina a <strong>distribui\u00e7\u00e3o<\/strong> e o <strong>aspecto das les\u00f5es<\/strong>, al\u00e9m de considerar a <strong>idade da crian\u00e7a<\/strong> e o <strong>contexto epidemiol\u00f3gico<\/strong>.<\/p>\n\n\n\n<p>Em<strong> casos at\u00edpicos<\/strong> ou com <strong>sintomas prolongados<\/strong>, podem ser solicitados exames laboratoriais, como <strong>sorologia ou testes de PCR<\/strong>, para confirmar o agente viral.<\/p>\n\n\n\n<h2 class=\"wp-block-heading\"><span class=\"ez-toc-section\" id=\"Tratamentos_da_doenca_mao-pe-boca\"><\/span><strong>Tratamentos da doen\u00e7a m\u00e3o-p\u00e9-boca<\/strong><span class=\"ez-toc-section-end\"><\/span><\/h2>\n\n\n\n<p>N\u00e3o existe um <strong>tratamento espec\u00edfico<\/strong> contra o v\u00edrus causador da doen\u00e7a m\u00e3o-p\u00e9-boca. O foco \u00e9 no <strong>al\u00edvio dos sintomas<\/strong>, com medidas como:<\/p>\n\n\n\n<ul class=\"wp-block-list\">\n<li>Antit\u00e9rmicos e analg\u00e9sicos para controlar febre e dor;<\/li>\n\n\n\n<li>Hidrata\u00e7\u00e3o adequada, principalmente se houver dificuldade para ingerir l\u00edquidos;<\/li>\n\n\n\n<li>Alimenta\u00e7\u00e3o fria e leve, para reduzir o desconforto nas \u00falceras bucais.<\/li>\n<\/ul>\n\n\n\n<p>Geralmente, os sintomas desaparecem em <strong>7 a 10 dias<\/strong> e n\u00e3o h\u00e1 necessidade de antibi\u00f3ticos ou antivirais na maioria dos casos.<\/p>\n\n\n\n<h2 class=\"wp-block-heading\"><span class=\"ez-toc-section\" id=\"Prevencao_da_doenca_mao-pe-boca\"><\/span><strong>Preven\u00e7\u00e3o da doen\u00e7a m\u00e3o-p\u00e9-boca<\/strong><span class=\"ez-toc-section-end\"><\/span><\/h2>\n\n\n\n<p>A preven\u00e7\u00e3o \u00e9 baseada em <strong>medidas de higiene rigorosas<\/strong>, especialmente em <strong>ambientes infantis<\/strong>. Algumas estrat\u00e9gias eficazes incluem:<\/p>\n\n\n\n<ul class=\"wp-block-list\">\n<li>Lavar as m\u00e3os frequentemente, especialmente ap\u00f3s trocar fraldas ou auxiliar no banheiro;<\/li>\n\n\n\n<li>Limpar e desinfectar brinquedos, mesas e objetos compartilhados;<\/li>\n\n\n\n<li>Evitar o contato de crian\u00e7as doentes com outras at\u00e9 o desaparecimento das les\u00f5es;<\/li>\n\n\n\n<li>Estimular boas pr\u00e1ticas de higiene entre os profissionais de creches e escolas.<\/li>\n<\/ul>\n\n\n\n<p>Essas a\u00e7\u00f5es ajudam a <strong>controlar surtos<\/strong> e <strong>reduzir a propaga\u00e7\u00e3o do v\u00edrus<\/strong>.<\/p>\n\n\n\n<h2 class=\"wp-block-heading\"><span class=\"ez-toc-section\" id=\"Conheca_mais_sobre_a_doenca_mao-pe-boca_com_MedCof\"><\/span><strong>Conhe\u00e7a mais sobre a doen\u00e7a m\u00e3o-p\u00e9-boca com MedCof!<\/strong><span class=\"ez-toc-section-end\"><\/span><\/h2>\n\n\n\n<p>Quer alcan\u00e7ar a aprova\u00e7\u00e3o nas provas de resid\u00eancia m\u00e9dica? Ent\u00e3o voc\u00ea precisa <a href=\"https:\/\/www.grupomedcof.com.br\/home\/?page=sobre-nos\"><strong>conhecer<\/strong><\/a> o <strong>Grupo MedCof<\/strong>!<\/p>\n\n\n\n<p>Sendo um <a href=\"https:\/\/www.grupomedcof.com.br\/home\/\"><strong>MedCofer<\/strong><\/a>, te ajudaremos na busca da aprova\u00e7\u00e3o com conte\u00fados de qualidade e uma metodologia que j\u00e1 aprovou mais de 10 mil residentes no pa\u00eds!<\/p>\n\n\n\n<figure class=\"wp-block-embed is-type-video is-provider-youtube wp-block-embed-youtube wp-embed-aspect-16-9 wp-has-aspect-ratio\"><div class=\"wp-block-embed__wrapper\">\n<iframe loading=\"lazy\" title=\"SingularCast T2 Ep.08 - A jornada de aprova\u00e7\u00e3o em Pediatria com Dra. Giulia Micali\" width=\"696\" height=\"392\" src=\"https:\/\/www.youtube.com\/embed\/GDoloXDKxr8?feature=oembed\" frameborder=\"0\" allow=\"accelerometer; autoplay; clipboard-write; encrypted-media; gyroscope; picture-in-picture; web-share\" referrerpolicy=\"strict-origin-when-cross-origin\" allowfullscreen><\/iframe>\n<\/div><\/figure>\n","protected":false},"excerpt":{"rendered":"<p>Entenda o que \u00e9 a doen\u00e7a m\u00e3o-p\u00e9-boca, seus sintomas, como \u00e9 feito o diagn\u00f3stico e quais os tratamentos. Descubra como ocorre a transmiss\u00e3o e como prevenir.<\/p>\n","protected":false},"author":10,"featured_media":10296,"comment_status":"open","ping_status":"open","sticky":false,"template":"","format":"standard","meta":{"footnotes":""},"categories":[120],"tags":[109,117,108],"ppma_author":[3613],"class_list":{"0":"post-10294","1":"post","2":"type-post","3":"status-publish","4":"format-standard","5":"has-post-thumbnail","7":"category-pediatria","8":"tag-pediatria","9":"tag-provas-de-residencia","10":"tag-residencia-em-pediatria"},"yoast_head":"<!-- This site is optimized with the Yoast SEO Premium plugin v24.3 (Yoast SEO v27.4) - https:\/\/yoast.com\/product\/yoast-seo-premium-wordpress\/ -->\n<title>Doen\u00e7a m\u00e3o-p\u00e9-boca: saiba os sintomas, causas e tratamentos<\/title>\n<meta name=\"description\" content=\"Entenda o que \u00e9 a doen\u00e7a m\u00e3o-p\u00e9-boca, seus sintomas, como \u00e9 feito o diagn\u00f3stico e quais os tratamentos. Descubra como ocorre a transmiss\u00e3o e como prevenir.\" \/>\n<meta name=\"robots\" content=\"index, follow, max-snippet:-1, max-image-preview:large, max-video-preview:-1\" \/>\n<link rel=\"canonical\" href=\"https:\/\/www.grupomedcof.com.br\/blog\/sindrome-mao-pe-boca-diagnostico-e-tratamento\/\" \/>\n<meta property=\"og:locale\" content=\"pt_BR\" \/>\n<meta property=\"og:type\" content=\"article\" \/>\n<meta property=\"og:title\" content=\"Doen\u00e7a m\u00e3o-p\u00e9-boca: causas, sintomas, diagn\u00f3stico e tratamento\" \/>\n<meta property=\"og:description\" content=\"Entenda o que \u00e9 a doen\u00e7a m\u00e3o-p\u00e9-boca, seus sintomas, como \u00e9 feito o diagn\u00f3stico e quais os tratamentos. Descubra como ocorre a transmiss\u00e3o e como prevenir.\" \/>\n<meta property=\"og:url\" content=\"https:\/\/www.grupomedcof.com.br\/blog\/sindrome-mao-pe-boca-diagnostico-e-tratamento\/\" \/>\n<meta property=\"og:site_name\" content=\"Blog de Medcof: conte\u00fados, editais, revalida e mais!\" \/>\n<meta property=\"article:publisher\" content=\"https:\/\/www.facebook.com\/MedCofQbank\/\" \/>\n<meta property=\"article:published_time\" content=\"2023-08-11T18:22:49+00:00\" \/>\n<meta property=\"article:modified_time\" content=\"2025-05-16T14:48:19+00:00\" \/>\n<meta property=\"og:image\" content=\"https:\/\/www.grupomedcof.com.br\/blog\/wp-content\/uploads\/2023\/08\/Blog-MedCof-2023-08-11T121041.985-1024x576.png\" \/>\n\t<meta property=\"og:image:width\" content=\"1024\" \/>\n\t<meta property=\"og:image:height\" content=\"576\" \/>\n\t<meta property=\"og:image:type\" content=\"image\/png\" \/>\n<meta name=\"author\" content=\"Grupo MedCof\" \/>\n<meta name=\"twitter:card\" content=\"summary_large_image\" \/>\n<meta name=\"twitter:label1\" content=\"Escrito por\" \/>\n\t<meta name=\"twitter:data1\" content=\"Grupo MedCof\" \/>\n\t<meta name=\"twitter:label2\" content=\"Est. tempo de leitura\" \/>\n\t<meta name=\"twitter:data2\" content=\"4 minutos\" \/>\n<script type=\"application\/ld+json\" class=\"yoast-schema-graph\">{\"@context\":\"https:\\\/\\\/schema.org\",\"@graph\":[{\"@type\":\"Article\",\"@id\":\"https:\\\/\\\/www.grupomedcof.com.br\\\/blog\\\/sindrome-mao-pe-boca-diagnostico-e-tratamento\\\/#article\",\"isPartOf\":{\"@id\":\"https:\\\/\\\/www.grupomedcof.com.br\\\/blog\\\/sindrome-mao-pe-boca-diagnostico-e-tratamento\\\/\"},\"author\":{\"name\":\"Grupo MedCof\",\"@id\":\"https:\\\/\\\/www.grupomedcof.com.br\\\/blog\\\/#\\\/schema\\\/person\\\/5e56a3921255c01181f3d8c20d53f9c0\"},\"headline\":\"Doen\u00e7a m\u00e3o-p\u00e9-boca: causas, sintomas, diagn\u00f3stico e tratamento\",\"datePublished\":\"2023-08-11T18:22:49+00:00\",\"dateModified\":\"2025-05-16T14:48:19+00:00\",\"mainEntityOfPage\":{\"@id\":\"https:\\\/\\\/www.grupomedcof.com.br\\\/blog\\\/sindrome-mao-pe-boca-diagnostico-e-tratamento\\\/\"},\"wordCount\":648,\"commentCount\":0,\"publisher\":{\"@id\":\"https:\\\/\\\/www.grupomedcof.com.br\\\/blog\\\/#organization\"},\"image\":{\"@id\":\"https:\\\/\\\/www.grupomedcof.com.br\\\/blog\\\/sindrome-mao-pe-boca-diagnostico-e-tratamento\\\/#primaryimage\"},\"thumbnailUrl\":\"https:\\\/\\\/www.grupomedcof.com.br\\\/blog\\\/wp-content\\\/uploads\\\/2023\\\/08\\\/Blog-MedCof-2023-08-11T121041.985.png\",\"keywords\":[\"Pediatria\",\"Provas de Resid\u00eancia\",\"Resid\u00eancia em Pediatria\"],\"articleSection\":[\"Pediatria\"],\"inLanguage\":\"pt-BR\"},{\"@type\":\"WebPage\",\"@id\":\"https:\\\/\\\/www.grupomedcof.com.br\\\/blog\\\/sindrome-mao-pe-boca-diagnostico-e-tratamento\\\/\",\"url\":\"https:\\\/\\\/www.grupomedcof.com.br\\\/blog\\\/sindrome-mao-pe-boca-diagnostico-e-tratamento\\\/\",\"name\":\"Doen\u00e7a m\u00e3o-p\u00e9-boca: saiba os sintomas, causas e tratamentos\",\"isPartOf\":{\"@id\":\"https:\\\/\\\/www.grupomedcof.com.br\\\/blog\\\/#website\"},\"primaryImageOfPage\":{\"@id\":\"https:\\\/\\\/www.grupomedcof.com.br\\\/blog\\\/sindrome-mao-pe-boca-diagnostico-e-tratamento\\\/#primaryimage\"},\"image\":{\"@id\":\"https:\\\/\\\/www.grupomedcof.com.br\\\/blog\\\/sindrome-mao-pe-boca-diagnostico-e-tratamento\\\/#primaryimage\"},\"thumbnailUrl\":\"https:\\\/\\\/www.grupomedcof.com.br\\\/blog\\\/wp-content\\\/uploads\\\/2023\\\/08\\\/Blog-MedCof-2023-08-11T121041.985.png\",\"datePublished\":\"2023-08-11T18:22:49+00:00\",\"dateModified\":\"2025-05-16T14:48:19+00:00\",\"description\":\"Entenda o que \u00e9 a doen\u00e7a m\u00e3o-p\u00e9-boca, seus sintomas, como \u00e9 feito o diagn\u00f3stico e quais os tratamentos. Descubra como ocorre a transmiss\u00e3o e como prevenir.\",\"breadcrumb\":{\"@id\":\"https:\\\/\\\/www.grupomedcof.com.br\\\/blog\\\/sindrome-mao-pe-boca-diagnostico-e-tratamento\\\/#breadcrumb\"},\"inLanguage\":\"pt-BR\",\"potentialAction\":[{\"@type\":\"ReadAction\",\"target\":[\"https:\\\/\\\/www.grupomedcof.com.br\\\/blog\\\/sindrome-mao-pe-boca-diagnostico-e-tratamento\\\/\"]}]},{\"@type\":\"ImageObject\",\"inLanguage\":\"pt-BR\",\"@id\":\"https:\\\/\\\/www.grupomedcof.com.br\\\/blog\\\/sindrome-mao-pe-boca-diagnostico-e-tratamento\\\/#primaryimage\",\"url\":\"https:\\\/\\\/www.grupomedcof.com.br\\\/blog\\\/wp-content\\\/uploads\\\/2023\\\/08\\\/Blog-MedCof-2023-08-11T121041.985.png\",\"contentUrl\":\"https:\\\/\\\/www.grupomedcof.com.br\\\/blog\\\/wp-content\\\/uploads\\\/2023\\\/08\\\/Blog-MedCof-2023-08-11T121041.985.png\",\"width\":2560,\"height\":1440,\"caption\":\"S\u00edndrome m\u00e3o-p\u00e9-boca diagn\u00f3stico e tratamento: ap\u00f3s ver sobre a an\u00e1lise cl\u00ednica em adultos, hoje vamos relembrar como fechar o diagn\u00f3stico...\"},{\"@type\":\"BreadcrumbList\",\"@id\":\"https:\\\/\\\/www.grupomedcof.com.br\\\/blog\\\/sindrome-mao-pe-boca-diagnostico-e-tratamento\\\/#breadcrumb\",\"itemListElement\":[{\"@type\":\"ListItem\",\"position\":1,\"name\":\"In\u00edcio\",\"item\":\"https:\\\/\\\/www.grupomedcof.com.br\\\/blog\\\/\"},{\"@type\":\"ListItem\",\"position\":2,\"name\":\"Doen\u00e7a m\u00e3o-p\u00e9-boca: causas, sintomas, diagn\u00f3stico e tratamento\"}]},{\"@type\":\"WebSite\",\"@id\":\"https:\\\/\\\/www.grupomedcof.com.br\\\/blog\\\/#website\",\"url\":\"https:\\\/\\\/www.grupomedcof.com.br\\\/blog\\\/\",\"name\":\"Blog de Medcof: conte\u00fados, editais, revalida e mais!\",\"description\":\"Acesso o blog de MedCof! Seu portal de conte\u00fados sobre resid\u00eancia m\u00e9dica, an\u00e1lise e editais e muito mais. Clique e confira!\",\"publisher\":{\"@id\":\"https:\\\/\\\/www.grupomedcof.com.br\\\/blog\\\/#organization\"},\"alternateName\":\"Blog de Medcof: conte\u00fados, editais, revalida e mais!\",\"potentialAction\":[{\"@type\":\"SearchAction\",\"target\":{\"@type\":\"EntryPoint\",\"urlTemplate\":\"https:\\\/\\\/www.grupomedcof.com.br\\\/blog\\\/?s={search_term_string}\"},\"query-input\":{\"@type\":\"PropertyValueSpecification\",\"valueRequired\":true,\"valueName\":\"search_term_string\"}}],\"inLanguage\":\"pt-BR\"},{\"@type\":\"Organization\",\"@id\":\"https:\\\/\\\/www.grupomedcof.com.br\\\/blog\\\/#organization\",\"name\":\"Grupo MedCof\",\"url\":\"https:\\\/\\\/www.grupomedcof.com.br\\\/blog\\\/\",\"logo\":{\"@type\":\"ImageObject\",\"inLanguage\":\"pt-BR\",\"@id\":\"https:\\\/\\\/www.grupomedcof.com.br\\\/blog\\\/#\\\/schema\\\/logo\\\/image\\\/\",\"url\":\"https:\\\/\\\/www.grupomedcof.com.br\\\/blog\\\/wp-content\\\/uploads\\\/2022\\\/01\\\/logo-medcof.png\",\"contentUrl\":\"https:\\\/\\\/www.grupomedcof.com.br\\\/blog\\\/wp-content\\\/uploads\\\/2022\\\/01\\\/logo-medcof.png\",\"width\":768,\"height\":269,\"caption\":\"Grupo MedCof\"},\"image\":{\"@id\":\"https:\\\/\\\/www.grupomedcof.com.br\\\/blog\\\/#\\\/schema\\\/logo\\\/image\\\/\"},\"sameAs\":[\"https:\\\/\\\/www.facebook.com\\\/MedCofQbank\\\/\",\"https:\\\/\\\/www.instagram.com\\\/grupomedcof\\\/\",\"https:\\\/\\\/br.linkedin.com\\\/company\\\/medcof\",\"https:\\\/\\\/www.youtube.com\\\/channel\\\/UCdHMuOHKICxcHwecxN8P-AA\"]},{\"@type\":\"Person\",\"@id\":\"https:\\\/\\\/www.grupomedcof.com.br\\\/blog\\\/#\\\/schema\\\/person\\\/5e56a3921255c01181f3d8c20d53f9c0\",\"name\":\"Grupo MedCof\",\"image\":{\"@type\":\"ImageObject\",\"inLanguage\":\"pt-BR\",\"@id\":\"https:\\\/\\\/www.grupomedcof.com.br\\\/blog\\\/wp-content\\\/uploads\\\/2023\\\/04\\\/cropped-cropped-cropped-cropped-logo-96x96.png28585d174f19c23095510da5f63bc127\",\"url\":\"https:\\\/\\\/www.grupomedcof.com.br\\\/blog\\\/wp-content\\\/uploads\\\/2023\\\/04\\\/cropped-cropped-cropped-cropped-logo-96x96.png\",\"contentUrl\":\"https:\\\/\\\/www.grupomedcof.com.br\\\/blog\\\/wp-content\\\/uploads\\\/2023\\\/04\\\/cropped-cropped-cropped-cropped-logo-96x96.png\",\"caption\":\"Grupo MedCof\"},\"description\":\"Tendo aulas baseadas em quest\u00f5es, + de 115 subespecialistas dispon\u00edveis e uma metodologia \u00fanica, voc\u00ea pode se juntar ao nosso time que conta com mais de 10 mil ...\",\"url\":\"https:\\\/\\\/www.grupomedcof.com.br\\\/blog\\\/author\\\/grupo-medcof\\\/\"}]}<\/script>\n<!-- \/ Yoast SEO Premium plugin. -->","yoast_head_json":{"title":"Doen\u00e7a m\u00e3o-p\u00e9-boca: saiba os sintomas, causas e tratamentos","description":"Entenda o que \u00e9 a doen\u00e7a m\u00e3o-p\u00e9-boca, seus sintomas, como \u00e9 feito o diagn\u00f3stico e quais os tratamentos. Descubra como ocorre a transmiss\u00e3o e como prevenir.","robots":{"index":"index","follow":"follow","max-snippet":"max-snippet:-1","max-image-preview":"max-image-preview:large","max-video-preview":"max-video-preview:-1"},"canonical":"https:\/\/www.grupomedcof.com.br\/blog\/sindrome-mao-pe-boca-diagnostico-e-tratamento\/","og_locale":"pt_BR","og_type":"article","og_title":"Doen\u00e7a m\u00e3o-p\u00e9-boca: causas, sintomas, diagn\u00f3stico e tratamento","og_description":"Entenda o que \u00e9 a doen\u00e7a m\u00e3o-p\u00e9-boca, seus sintomas, como \u00e9 feito o diagn\u00f3stico e quais os tratamentos. Descubra como ocorre a transmiss\u00e3o e como prevenir.","og_url":"https:\/\/www.grupomedcof.com.br\/blog\/sindrome-mao-pe-boca-diagnostico-e-tratamento\/","og_site_name":"Blog de Medcof: conte\u00fados, editais, revalida e mais!","article_publisher":"https:\/\/www.facebook.com\/MedCofQbank\/","article_published_time":"2023-08-11T18:22:49+00:00","article_modified_time":"2025-05-16T14:48:19+00:00","og_image":[{"width":1024,"height":576,"url":"https:\/\/www.grupomedcof.com.br\/blog\/wp-content\/uploads\/2023\/08\/Blog-MedCof-2023-08-11T121041.985-1024x576.png","type":"image\/png"}],"author":"Grupo MedCof","twitter_card":"summary_large_image","twitter_misc":{"Escrito por":"Grupo MedCof","Est. tempo de leitura":"4 minutos"},"schema":{"@context":"https:\/\/schema.org","@graph":[{"@type":"Article","@id":"https:\/\/www.grupomedcof.com.br\/blog\/sindrome-mao-pe-boca-diagnostico-e-tratamento\/#article","isPartOf":{"@id":"https:\/\/www.grupomedcof.com.br\/blog\/sindrome-mao-pe-boca-diagnostico-e-tratamento\/"},"author":{"name":"Grupo MedCof","@id":"https:\/\/www.grupomedcof.com.br\/blog\/#\/schema\/person\/5e56a3921255c01181f3d8c20d53f9c0"},"headline":"Doen\u00e7a m\u00e3o-p\u00e9-boca: causas, sintomas, diagn\u00f3stico e tratamento","datePublished":"2023-08-11T18:22:49+00:00","dateModified":"2025-05-16T14:48:19+00:00","mainEntityOfPage":{"@id":"https:\/\/www.grupomedcof.com.br\/blog\/sindrome-mao-pe-boca-diagnostico-e-tratamento\/"},"wordCount":648,"commentCount":0,"publisher":{"@id":"https:\/\/www.grupomedcof.com.br\/blog\/#organization"},"image":{"@id":"https:\/\/www.grupomedcof.com.br\/blog\/sindrome-mao-pe-boca-diagnostico-e-tratamento\/#primaryimage"},"thumbnailUrl":"https:\/\/www.grupomedcof.com.br\/blog\/wp-content\/uploads\/2023\/08\/Blog-MedCof-2023-08-11T121041.985.png","keywords":["Pediatria","Provas de Resid\u00eancia","Resid\u00eancia em Pediatria"],"articleSection":["Pediatria"],"inLanguage":"pt-BR"},{"@type":"WebPage","@id":"https:\/\/www.grupomedcof.com.br\/blog\/sindrome-mao-pe-boca-diagnostico-e-tratamento\/","url":"https:\/\/www.grupomedcof.com.br\/blog\/sindrome-mao-pe-boca-diagnostico-e-tratamento\/","name":"Doen\u00e7a m\u00e3o-p\u00e9-boca: saiba os sintomas, causas e tratamentos","isPartOf":{"@id":"https:\/\/www.grupomedcof.com.br\/blog\/#website"},"primaryImageOfPage":{"@id":"https:\/\/www.grupomedcof.com.br\/blog\/sindrome-mao-pe-boca-diagnostico-e-tratamento\/#primaryimage"},"image":{"@id":"https:\/\/www.grupomedcof.com.br\/blog\/sindrome-mao-pe-boca-diagnostico-e-tratamento\/#primaryimage"},"thumbnailUrl":"https:\/\/www.grupomedcof.com.br\/blog\/wp-content\/uploads\/2023\/08\/Blog-MedCof-2023-08-11T121041.985.png","datePublished":"2023-08-11T18:22:49+00:00","dateModified":"2025-05-16T14:48:19+00:00","description":"Entenda o que \u00e9 a doen\u00e7a m\u00e3o-p\u00e9-boca, seus sintomas, como \u00e9 feito o diagn\u00f3stico e quais os tratamentos. Descubra como ocorre a transmiss\u00e3o e como prevenir.","breadcrumb":{"@id":"https:\/\/www.grupomedcof.com.br\/blog\/sindrome-mao-pe-boca-diagnostico-e-tratamento\/#breadcrumb"},"inLanguage":"pt-BR","potentialAction":[{"@type":"ReadAction","target":["https:\/\/www.grupomedcof.com.br\/blog\/sindrome-mao-pe-boca-diagnostico-e-tratamento\/"]}]},{"@type":"ImageObject","inLanguage":"pt-BR","@id":"https:\/\/www.grupomedcof.com.br\/blog\/sindrome-mao-pe-boca-diagnostico-e-tratamento\/#primaryimage","url":"https:\/\/www.grupomedcof.com.br\/blog\/wp-content\/uploads\/2023\/08\/Blog-MedCof-2023-08-11T121041.985.png","contentUrl":"https:\/\/www.grupomedcof.com.br\/blog\/wp-content\/uploads\/2023\/08\/Blog-MedCof-2023-08-11T121041.985.png","width":2560,"height":1440,"caption":"S\u00edndrome m\u00e3o-p\u00e9-boca diagn\u00f3stico e tratamento: ap\u00f3s ver sobre a an\u00e1lise cl\u00ednica em adultos, hoje vamos relembrar como fechar o diagn\u00f3stico..."},{"@type":"BreadcrumbList","@id":"https:\/\/www.grupomedcof.com.br\/blog\/sindrome-mao-pe-boca-diagnostico-e-tratamento\/#breadcrumb","itemListElement":[{"@type":"ListItem","position":1,"name":"In\u00edcio","item":"https:\/\/www.grupomedcof.com.br\/blog\/"},{"@type":"ListItem","position":2,"name":"Doen\u00e7a m\u00e3o-p\u00e9-boca: causas, sintomas, diagn\u00f3stico e tratamento"}]},{"@type":"WebSite","@id":"https:\/\/www.grupomedcof.com.br\/blog\/#website","url":"https:\/\/www.grupomedcof.com.br\/blog\/","name":"Blog de Medcof: conte\u00fados, editais, revalida e mais!","description":"Acesso o blog de MedCof! Seu portal de conte\u00fados sobre resid\u00eancia m\u00e9dica, an\u00e1lise e editais e muito mais. Clique e confira!","publisher":{"@id":"https:\/\/www.grupomedcof.com.br\/blog\/#organization"},"alternateName":"Blog de Medcof: conte\u00fados, editais, revalida e mais!","potentialAction":[{"@type":"SearchAction","target":{"@type":"EntryPoint","urlTemplate":"https:\/\/www.grupomedcof.com.br\/blog\/?s={search_term_string}"},"query-input":{"@type":"PropertyValueSpecification","valueRequired":true,"valueName":"search_term_string"}}],"inLanguage":"pt-BR"},{"@type":"Organization","@id":"https:\/\/www.grupomedcof.com.br\/blog\/#organization","name":"Grupo MedCof","url":"https:\/\/www.grupomedcof.com.br\/blog\/","logo":{"@type":"ImageObject","inLanguage":"pt-BR","@id":"https:\/\/www.grupomedcof.com.br\/blog\/#\/schema\/logo\/image\/","url":"https:\/\/www.grupomedcof.com.br\/blog\/wp-content\/uploads\/2022\/01\/logo-medcof.png","contentUrl":"https:\/\/www.grupomedcof.com.br\/blog\/wp-content\/uploads\/2022\/01\/logo-medcof.png","width":768,"height":269,"caption":"Grupo MedCof"},"image":{"@id":"https:\/\/www.grupomedcof.com.br\/blog\/#\/schema\/logo\/image\/"},"sameAs":["https:\/\/www.facebook.com\/MedCofQbank\/","https:\/\/www.instagram.com\/grupomedcof\/","https:\/\/br.linkedin.com\/company\/medcof","https:\/\/www.youtube.com\/channel\/UCdHMuOHKICxcHwecxN8P-AA"]},{"@type":"Person","@id":"https:\/\/www.grupomedcof.com.br\/blog\/#\/schema\/person\/5e56a3921255c01181f3d8c20d53f9c0","name":"Grupo MedCof","image":{"@type":"ImageObject","inLanguage":"pt-BR","@id":"https:\/\/www.grupomedcof.com.br\/blog\/wp-content\/uploads\/2023\/04\/cropped-cropped-cropped-cropped-logo-96x96.png28585d174f19c23095510da5f63bc127","url":"https:\/\/www.grupomedcof.com.br\/blog\/wp-content\/uploads\/2023\/04\/cropped-cropped-cropped-cropped-logo-96x96.png","contentUrl":"https:\/\/www.grupomedcof.com.br\/blog\/wp-content\/uploads\/2023\/04\/cropped-cropped-cropped-cropped-logo-96x96.png","caption":"Grupo MedCof"},"description":"Tendo aulas baseadas em quest\u00f5es, + de 115 subespecialistas dispon\u00edveis e uma metodologia \u00fanica, voc\u00ea pode se juntar ao nosso time que conta com mais de 10 mil ...","url":"https:\/\/www.grupomedcof.com.br\/blog\/author\/grupo-medcof\/"}]}},"authors":[{"term_id":3613,"user_id":10,"is_guest":0,"slug":"grupo-medcof","display_name":"Grupo MedCof","avatar_url":"https:\/\/www.grupomedcof.com.br\/blog\/wp-content\/uploads\/2023\/04\/cropped-cropped-cropped-cropped-logo-96x96.png","0":null,"1":"","2":"","3":"","4":"","5":"","6":"","7":"","8":""}],"_links":{"self":[{"href":"https:\/\/www.grupomedcof.com.br\/blog\/wp-json\/wp\/v2\/posts\/10294","targetHints":{"allow":["GET"]}}],"collection":[{"href":"https:\/\/www.grupomedcof.com.br\/blog\/wp-json\/wp\/v2\/posts"}],"about":[{"href":"https:\/\/www.grupomedcof.com.br\/blog\/wp-json\/wp\/v2\/types\/post"}],"author":[{"embeddable":true,"href":"https:\/\/www.grupomedcof.com.br\/blog\/wp-json\/wp\/v2\/users\/10"}],"replies":[{"embeddable":true,"href":"https:\/\/www.grupomedcof.com.br\/blog\/wp-json\/wp\/v2\/comments?post=10294"}],"version-history":[{"count":1,"href":"https:\/\/www.grupomedcof.com.br\/blog\/wp-json\/wp\/v2\/posts\/10294\/revisions"}],"predecessor-version":[{"id":35808,"href":"https:\/\/www.grupomedcof.com.br\/blog\/wp-json\/wp\/v2\/posts\/10294\/revisions\/35808"}],"wp:featuredmedia":[{"embeddable":true,"href":"https:\/\/www.grupomedcof.com.br\/blog\/wp-json\/wp\/v2\/media\/10296"}],"wp:attachment":[{"href":"https:\/\/www.grupomedcof.com.br\/blog\/wp-json\/wp\/v2\/media?parent=10294"}],"wp:term":[{"taxonomy":"category","embeddable":true,"href":"https:\/\/www.grupomedcof.com.br\/blog\/wp-json\/wp\/v2\/categories?post=10294"},{"taxonomy":"post_tag","embeddable":true,"href":"https:\/\/www.grupomedcof.com.br\/blog\/wp-json\/wp\/v2\/tags?post=10294"},{"taxonomy":"author","embeddable":true,"href":"https:\/\/www.grupomedcof.com.br\/blog\/wp-json\/wp\/v2\/ppma_author?post=10294"}],"curies":[{"name":"wp","href":"https:\/\/api.w.org\/{rel}","templated":true}]}}