{"id":10503,"date":"2025-05-15T17:11:42","date_gmt":"2025-05-15T20:11:42","guid":{"rendered":"https:\/\/www.grupomedcof.com.br\/blog\/?p=10503"},"modified":"2025-05-15T10:24:31","modified_gmt":"2025-05-15T13:24:31","slug":"hidradenite-supurativa-diagnostico-e-classificacao","status":"publish","type":"post","link":"https:\/\/www.grupomedcof.com.br\/blog\/hidradenite-supurativa-diagnostico-e-classificacao\/","title":{"rendered":"Hidradenite supurativa: o que \u00e9, diagn\u00f3stico e classifica\u00e7\u00e3o"},"content":{"rendered":"<div id=\"ez-toc-container\" class=\"ez-toc-v2_0_74 counter-hierarchy ez-toc-counter ez-toc-transparent ez-toc-container-direction\">\n<div class=\"ez-toc-title-container\">\n<p class=\"ez-toc-title\" style=\"cursor:inherit\">Sum\u00e1rio<\/p>\n<span class=\"ez-toc-title-toggle\"><a href=\"#\" class=\"ez-toc-pull-right ez-toc-btn ez-toc-btn-xs ez-toc-btn-default ez-toc-toggle\" aria-label=\"Alternar tabela de conte\u00fado\"><span class=\"ez-toc-js-icon-con\"><span class=\"\"><span class=\"eztoc-hide\" style=\"display:none;\">Toggle<\/span><span class=\"ez-toc-icon-toggle-span\"><svg style=\"fill: #999;color:#999\" xmlns=\"http:\/\/www.w3.org\/2000\/svg\" class=\"list-377408\" width=\"20px\" height=\"20px\" viewBox=\"0 0 24 24\" fill=\"none\"><path d=\"M6 6H4v2h2V6zm14 0H8v2h12V6zM4 11h2v2H4v-2zm16 0H8v2h12v-2zM4 16h2v2H4v-2zm16 0H8v2h12v-2z\" fill=\"currentColor\"><\/path><\/svg><svg style=\"fill: #999;color:#999\" class=\"arrow-unsorted-368013\" xmlns=\"http:\/\/www.w3.org\/2000\/svg\" width=\"10px\" height=\"10px\" viewBox=\"0 0 24 24\" version=\"1.2\" baseProfile=\"tiny\"><path d=\"M18.2 9.3l-6.2-6.3-6.2 6.3c-.2.2-.3.4-.3.7s.1.5.3.7c.2.2.4.3.7.3h11c.3 0 .5-.1.7-.3.2-.2.3-.5.3-.7s-.1-.5-.3-.7zM5.8 14.7l6.2 6.3 6.2-6.3c.2-.2.3-.5.3-.7s-.1-.5-.3-.7c-.2-.2-.4-.3-.7-.3h-11c-.3 0-.5.1-.7.3-.2.2-.3.5-.3.7s.1.5.3.7z\"\/><\/svg><\/span><\/span><\/span><\/a><\/span><\/div>\n<nav><ul class='ez-toc-list ez-toc-list-level-1 ' ><li class='ez-toc-page-1 ez-toc-heading-level-2'><a class=\"ez-toc-link ez-toc-heading-1\" href=\"https:\/\/www.grupomedcof.com.br\/blog\/hidradenite-supurativa-diagnostico-e-classificacao\/#Causas_e_fatores_de_risco_da_hidradenite_supurativa\" >Causas e fatores de risco da hidradenite supurativa<\/a><\/li><li class='ez-toc-page-1 ez-toc-heading-level-2'><a class=\"ez-toc-link ez-toc-heading-2\" href=\"https:\/\/www.grupomedcof.com.br\/blog\/hidradenite-supurativa-diagnostico-e-classificacao\/#Classificacao_da_hidradenite_supurativa\" >Classifica\u00e7\u00e3o da hidradenite supurativa<\/a><ul class='ez-toc-list-level-3' ><li class='ez-toc-heading-level-3'><a class=\"ez-toc-link ez-toc-heading-3\" href=\"https:\/\/www.grupomedcof.com.br\/blog\/hidradenite-supurativa-diagnostico-e-classificacao\/#Estagios_de_Hurley\" >Est\u00e1gios de Hurley<\/a><\/li><li class='ez-toc-page-1 ez-toc-heading-level-3'><a class=\"ez-toc-link ez-toc-heading-4\" href=\"https:\/\/www.grupomedcof.com.br\/blog\/hidradenite-supurativa-diagnostico-e-classificacao\/#International_Hidradenitis_Suppurativa_Severity_Score_System_IHS4\" >International Hidradenitis Suppurativa Severity Score System (IHS4)<\/a><\/li><\/ul><\/li><li class='ez-toc-page-1 ez-toc-heading-level-2'><a class=\"ez-toc-link ez-toc-heading-5\" href=\"https:\/\/www.grupomedcof.com.br\/blog\/hidradenite-supurativa-diagnostico-e-classificacao\/#Sintomas_da_hidradenite_supurativa\" >Sintomas da hidradenite supurativa<\/a><\/li><li class='ez-toc-page-1 ez-toc-heading-level-2'><a class=\"ez-toc-link ez-toc-heading-6\" href=\"https:\/\/www.grupomedcof.com.br\/blog\/hidradenite-supurativa-diagnostico-e-classificacao\/#Diagnostico_da_hidradenite_supurativa\" >Diagn\u00f3stico da hidradenite supurativa<\/a><ul class='ez-toc-list-level-3' ><li class='ez-toc-heading-level-3'><a class=\"ez-toc-link ez-toc-heading-7\" href=\"https:\/\/www.grupomedcof.com.br\/blog\/hidradenite-supurativa-diagnostico-e-classificacao\/#Criterios_Clinicos\" >Crit\u00e9rios Cl\u00ednicos<\/a><\/li><li class='ez-toc-page-1 ez-toc-heading-level-3'><a class=\"ez-toc-link ez-toc-heading-8\" href=\"https:\/\/www.grupomedcof.com.br\/blog\/hidradenite-supurativa-diagnostico-e-classificacao\/#Exames_Complementares\" >Exames Complementares<\/a><\/li><\/ul><\/li><li class='ez-toc-page-1 ez-toc-heading-level-2'><a class=\"ez-toc-link ez-toc-heading-9\" href=\"https:\/\/www.grupomedcof.com.br\/blog\/hidradenite-supurativa-diagnostico-e-classificacao\/#Tratamento_da_hidradenite_supurativa_de_acordo_com_o_estagio\" >Tratamento da hidradenite supurativa de acordo com o est\u00e1gio<\/a><ul class='ez-toc-list-level-3' ><li class='ez-toc-heading-level-3'><a class=\"ez-toc-link ez-toc-heading-10\" href=\"https:\/\/www.grupomedcof.com.br\/blog\/hidradenite-supurativa-diagnostico-e-classificacao\/#Tratamento_no_Estagio_I_de_Hurley\" >Tratamento no Est\u00e1gio I de Hurley<\/a><\/li><li class='ez-toc-page-1 ez-toc-heading-level-3'><a class=\"ez-toc-link ez-toc-heading-11\" href=\"https:\/\/www.grupomedcof.com.br\/blog\/hidradenite-supurativa-diagnostico-e-classificacao\/#Tratamento_no_Estagio_II_de_Hurley\" >Tratamento no Est\u00e1gio II de Hurley<\/a><\/li><li class='ez-toc-page-1 ez-toc-heading-level-3'><a class=\"ez-toc-link ez-toc-heading-12\" href=\"https:\/\/www.grupomedcof.com.br\/blog\/hidradenite-supurativa-diagnostico-e-classificacao\/#Tratamento_no_Estagio_III_de_Hurley\" >Tratamento no Est\u00e1gio III de Hurley<\/a><\/li><\/ul><\/li><li class='ez-toc-page-1 ez-toc-heading-level-2'><a class=\"ez-toc-link ez-toc-heading-13\" href=\"https:\/\/www.grupomedcof.com.br\/blog\/hidradenite-supurativa-diagnostico-e-classificacao\/#Saiba_mais_sobre_hidradenite_supurativa_com_MedCof\" >Saiba mais sobre hidradenite supurativa com MedCof!<\/a><\/li><\/ul><\/nav><\/div>\n\n<figure class=\"wp-block-image size-large\"><img loading=\"lazy\" decoding=\"async\" width=\"1024\" height=\"576\" src=\"https:\/\/www.grupomedcof.com.br\/blog\/wp-content\/uploads\/2023\/08\/Blog-MedCof-2025-05-15T101000.167-1024x576.jpg\" alt=\"\" class=\"wp-image-35767\" srcset=\"https:\/\/www.grupomedcof.com.br\/blog\/wp-content\/uploads\/2023\/08\/Blog-MedCof-2025-05-15T101000.167-1024x576.jpg 1024w, https:\/\/www.grupomedcof.com.br\/blog\/wp-content\/uploads\/2023\/08\/Blog-MedCof-2025-05-15T101000.167-300x169.jpg 300w, https:\/\/www.grupomedcof.com.br\/blog\/wp-content\/uploads\/2023\/08\/Blog-MedCof-2025-05-15T101000.167-768x432.jpg 768w, https:\/\/www.grupomedcof.com.br\/blog\/wp-content\/uploads\/2023\/08\/Blog-MedCof-2025-05-15T101000.167-1536x864.jpg 1536w, https:\/\/www.grupomedcof.com.br\/blog\/wp-content\/uploads\/2023\/08\/Blog-MedCof-2025-05-15T101000.167-747x420.jpg 747w, https:\/\/www.grupomedcof.com.br\/blog\/wp-content\/uploads\/2023\/08\/Blog-MedCof-2025-05-15T101000.167-150x84.jpg 150w, https:\/\/www.grupomedcof.com.br\/blog\/wp-content\/uploads\/2023\/08\/Blog-MedCof-2025-05-15T101000.167-696x392.jpg 696w, https:\/\/www.grupomedcof.com.br\/blog\/wp-content\/uploads\/2023\/08\/Blog-MedCof-2025-05-15T101000.167-1068x601.jpg 1068w, https:\/\/www.grupomedcof.com.br\/blog\/wp-content\/uploads\/2023\/08\/Blog-MedCof-2025-05-15T101000.167.jpg 1920w\" sizes=\"auto, (max-width: 1024px) 100vw, 1024px\" \/><figcaption class=\"wp-element-caption\">Imagem: Canva.<\/figcaption><\/figure>\n\n\n\n<p>A <strong>hidradenite supurativa<\/strong> \u00e9 uma doen\u00e7a inflamat\u00f3ria cr\u00f4nica da pele caracterizada pela <strong>forma\u00e7\u00e3o recorrente de n\u00f3dulos dolorosos, abscessos, f\u00edstulas e cicatrizes, <\/strong>geralmente localizada em \u00e1reas com dobras, como axilas, virilhas, regi\u00e3o gl\u00fatea e embaixo dos seios.\u00a0<\/p>\n\n\n\n<p>Essa condi\u00e7\u00e3o afeta os <strong>fol\u00edculos pilosos<\/strong> e pode comprometer significativamente a qualidade de vida dos pacientes devido \u00e0 dor, desconforto e impacto emocional.<\/p>\n\n\n\n<h2 class=\"wp-block-heading\" id=\"h-causas-e-fatores-de-risco-da-hidradenite-supurativa\"><span class=\"ez-toc-section\" id=\"Causas_e_fatores_de_risco_da_hidradenite_supurativa\"><\/span><strong>Causas e fatores de risco da hidradenite supurativa<\/strong><span class=\"ez-toc-section-end\"><\/span><\/h2>\n\n\n\n<p>As <strong>causas exatas <\/strong>da hidradenite supurativa <strong>ainda n\u00e3o s\u00e3o totalmente compreendidas. <\/strong>Sabe-se que n<strong>\u00e3o se trata de uma infec\u00e7\u00e3o contagiosa ou de m\u00e1 higiene<\/strong>, e sim de uma <strong>condi\u00e7\u00e3o inflamat\u00f3ria dos fol\u00edculos pilosos.<\/strong><\/p>\n\n\n\n<p>Entre as principais teorias, destaca-se a <strong>obstru\u00e7\u00e3o dos fol\u00edculos pilosos, <\/strong>que leva \u00e0 <strong>inflama\u00e7\u00e3o cr\u00f4nica e ao surgimento de <\/strong><a href=\"https:\/\/www.grupomedcof.com.br\/blog\/dermatologia\/\"><strong>les\u00f5es na pele<\/strong>.<\/a> Altera\u00e7\u00f5es imunol\u00f3gicas e fatores gen\u00e9ticos tamb\u00e9m podem estar envolvidos no desenvolvimento da doen\u00e7a.<\/p>\n\n\n\n<p>Alguns fatores de risco est\u00e3o bem estabelecidos, como a <strong>obesidade, o tabagismo e hist\u00f3rico familiar da condi\u00e7\u00e3o.<\/strong> Al\u00e9m disso, <strong>a hidradenite \u00e9 mais comum em mulheres jovens<\/strong> e tende a se manifestar ap\u00f3s a puberdade.<\/p>\n\n\n\n<p><strong>Horm\u00f4nios, estresse e doen\u00e7as metab\u00f3licas<\/strong>, como resist\u00eancia \u00e0 insulina, podem influenciar o aparecimento ou agravamento da hidradenite supurativa. O acompanhamento m\u00e9dico especializado \u00e9 fundamental para o controle dos sintomas e orienta\u00e7\u00e3o personalizada.<\/p>\n\n\n\n<h2 class=\"wp-block-heading\" id=\"h-classificacao-da-hidradenite-supurativa\"><span class=\"ez-toc-section\" id=\"Classificacao_da_hidradenite_supurativa\"><\/span><strong>Classifica\u00e7\u00e3o da hidradenite supurativa<\/strong><span class=\"ez-toc-section-end\"><\/span><\/h2>\n\n\n\n<p>Para garantir um diagn\u00f3stico preciso e direcionar o tratamento adequado, existem dois sistemas principais de classifica\u00e7\u00e3o: <strong>Est\u00e1gios de Hurley <\/strong>e o I<strong>nternational Hidradenitis Suppurativa Severity Score System (IHS4).<\/strong><\/p>\n\n\n\n<h3 class=\"wp-block-heading\" id=\"h-estagios-de-hurley\"><span class=\"ez-toc-section\" id=\"Estagios_de_Hurley\"><\/span><strong>Est\u00e1gios de Hurley<\/strong><span class=\"ez-toc-section-end\"><\/span><\/h3>\n\n\n\n<p>Essa \u00e9 a classifica\u00e7\u00e3o cl\u00ednica mais tradicional e simples para a HS, muito utilizada no dia a dia para avalia\u00e7\u00e3o do quadro e direcionamento do tratamento:<\/p>\n\n\n\n<ul class=\"wp-block-list\">\n<li><strong>Est\u00e1gio I:<\/strong> Abscesso(s) \u00fanico ou m\u00faltiplos, por\u00e9m sem forma\u00e7\u00e3o de f\u00edstulas ou cicatrizes. Les\u00f5es s\u00e3o isoladas, geralmente h\u00e1 pouca dor, e as \u00e1reas afetadas podem alternar entre per\u00edodos de inflama\u00e7\u00e3o e remiss\u00e3o;<\/li>\n\n\n\n<li><strong>Est\u00e1gio II:<\/strong> Abscessos recorrentes, \u00fanicos ou m\u00faltiplos, separados, mas j\u00e1 com presen\u00e7a de f\u00edstulas (canais sob a pele que drenam pus) e cicatrizes. As les\u00f5es podem ser mais dolorosas e o processo inflamat\u00f3rio tende a se repetir nas mesmas regi\u00f5es;<\/li>\n\n\n\n<li><strong>Est\u00e1gio II:<\/strong> Exist\u00eancia de v\u00e1rias f\u00edstulas interconectadas e abscessos, formando \u00e1reas extensas de inflama\u00e7\u00e3o cr\u00f4nica, podendo comprometer de maneira significativa a qualidade de vida do paciente. A pele fica endurecida, espessa e h\u00e1 destrui\u00e7\u00e3o tecidual importante.<\/li>\n<\/ul>\n\n\n\n<h3 class=\"wp-block-heading\" id=\"h-international-hidradenitis-suppurativa-severity-score-system-ihs4\"><span class=\"ez-toc-section\" id=\"International_Hidradenitis_Suppurativa_Severity_Score_System_IHS4\"><\/span><strong>International Hidradenitis Suppurativa Severity Score System (IHS4)<\/strong><span class=\"ez-toc-section-end\"><\/span><\/h3>\n\n\n\n<p>\u00c9 um<strong> sistema de pontua\u00e7\u00e3o criado para avaliar objetivamente a gravidade da HS,<\/strong> permitindo acompanhamento evolutivo e an\u00e1lise de resposta ao tratamento. Funciona assim:<\/p>\n\n\n\n<p>Cada les\u00e3o inflamat\u00f3ria ativa recebe uma pontua\u00e7\u00e3o:<\/p>\n\n\n\n<ul class=\"wp-block-list\">\n<li>N\u00f3dulo inflamat\u00f3rio = 1 ponto cada<\/li>\n\n\n\n<li>Abscesso = 2 pontos cada<\/li>\n\n\n\n<li>F\u00edstula = 4 pontos cada<\/li>\n\n\n\n<li>C\u00e1lculo do Score IHS4:<\/li>\n\n\n\n<li>IHS4 = (n\u00famero de n\u00f3dulos) x 1 + (n\u00famero de abscessos) x 2 + (n\u00famero de f\u00edstulas) x 4<\/li>\n<\/ul>\n\n\n\n<p><strong>Interpreta\u00e7\u00e3o da pontua\u00e7\u00e3o:<\/strong><\/p>\n\n\n\n<ul class=\"wp-block-list\">\n<li>Leve: Menos de 3 pontos;<\/li>\n\n\n\n<li>Moderada: 4 a 10 pontos;<\/li>\n\n\n\n<li>Grave: 11 pontos ou mais.<\/li>\n<\/ul>\n\n\n\n<h2 class=\"wp-block-heading\" id=\"h-sintomas-da-hidradenite-supurativa\"><span class=\"ez-toc-section\" id=\"Sintomas_da_hidradenite_supurativa\"><\/span><strong>Sintomas da hidradenite supurativa<\/strong><span class=\"ez-toc-section-end\"><\/span><\/h2>\n\n\n\n<ul class=\"wp-block-list\">\n<li>Caro\u00e7os dolorosos sob a pele (n\u00f3dulos ou p\u00e1pulas);<\/li>\n\n\n\n<li>Abscessos recorrentes (bolhas de pus inchadas e doloridas);<\/li>\n\n\n\n<li>Pontos de drenagem com presen\u00e7a de pus ou sangue;<\/li>\n\n\n\n<li>Odor desagrad\u00e1vel devido \u00e0 secre\u00e7\u00e3o nas les\u00f5es;<\/li>\n\n\n\n<li>Cicatrizes e fibrose (espessamento da pele);<\/li>\n\n\n\n<li>T\u00faneis subcut\u00e2neos (f\u00edstulas que ligam diferentes les\u00f5es sob a pele);<\/li>\n\n\n\n<li>Coceira, ardor ou desconforto nas regi\u00f5es afetadas;<\/li>\n\n\n\n<li>Les\u00f5es normalmente localizadas nas axilas, virilha, n\u00e1degas, parte interna das coxas e sob as mamas;<\/li>\n\n\n\n<li>Dificuldade de cicatriza\u00e7\u00e3o das les\u00f5es;<\/li>\n\n\n\n<li>Limita\u00e7\u00e3o de movimento (em casos graves, devido \u00e0 dor e inflama\u00e7\u00e3o).<\/li>\n<\/ul>\n\n\n\n<h2 class=\"wp-block-heading\" id=\"h-diagnostico-da-hidradenite-supurativa\"><span class=\"ez-toc-section\" id=\"Diagnostico_da_hidradenite_supurativa\"><\/span><strong>Diagn\u00f3stico da hidradenite supurativa<\/strong><span class=\"ez-toc-section-end\"><\/span><\/h2>\n\n\n\n<p>O diagn\u00f3stico da hidradenite supurativa \u00e9 <strong>cl\u00ednico,<\/strong> feito principalmente pela <strong>avalia\u00e7\u00e3o dos sintomas e do hist\u00f3rico do paciente. <\/strong>N\u00e3o existe um exame laboratorial espec\u00edfico para confirmar a HS, mas exames podem ser usados para <strong>descartar outras doen\u00e7as e avaliar poss\u00edveis complica\u00e7\u00f5es<\/strong>. Veja abaixo como todo o processo \u00e9 realizado:<\/p>\n\n\n\n<h3 class=\"wp-block-heading\" id=\"h-criterios-clinicos\"><span class=\"ez-toc-section\" id=\"Criterios_Clinicos\"><\/span><strong>Crit\u00e9rios Cl\u00ednicos<\/strong><span class=\"ez-toc-section-end\"><\/span><\/h3>\n\n\n\n<p>Para ser considerada HS, o paciente geralmente apresenta:<\/p>\n\n\n\n<ul class=\"wp-block-list\">\n<li><strong>Les\u00f5es t\u00edpicas: <\/strong>N\u00f3dulos dolorosos, abscessos recorrentes, f\u00edstulas, cicatrizes, frequentemente em \u00e1reas espec\u00edficas (axilas, virilha, n\u00e1degas, regi\u00e3o inframam\u00e1ria).<\/li>\n\n\n\n<li><strong>Recorr\u00eancia:<\/strong> As les\u00f5es aparecem repetidamente, com per\u00edodos de melhora e piora.<\/li>\n\n\n\n<li><strong>Localiza\u00e7\u00e3o caracter\u00edstica: <\/strong>\u00c1reas intertriginosas (onde a pele se dobra) s\u00e3o mais acometidas.<\/li>\n<\/ul>\n\n\n\n<p><strong>Tr\u00edade diagn\u00f3stica:<\/strong><\/p>\n\n\n\n<ol class=\"wp-block-list\">\n<li>Tipos de les\u00f5es compat\u00edveis.<\/li>\n\n\n\n<li>Recorr\u00eancia dos quadros.<\/li>\n\n\n\n<li>Localiza\u00e7\u00f5es t\u00edpicas.<\/li>\n<\/ol>\n\n\n\n<h3 class=\"wp-block-heading\" id=\"h-exames-complementares\"><span class=\"ez-toc-section\" id=\"Exames_Complementares\"><\/span><strong>Exames Complementares<\/strong><span class=\"ez-toc-section-end\"><\/span><\/h3>\n\n\n\n<p>Embora o diagn\u00f3stico seja essencialmente cl\u00ednico, alguns exames podem ser \u00fateis para:<\/p>\n\n\n\n<ul class=\"wp-block-list\">\n<li>Afastar outras doen\u00e7as;<\/li>\n\n\n\n<li>Avaliar extens\u00e3o ou complica\u00e7\u00f5es;<\/li>\n\n\n\n<li>Auxiliar em casos at\u00edpicos.<\/li>\n<\/ul>\n\n\n\n<p>Exames que podem ser solicitados:<\/p>\n\n\n\n<ul class=\"wp-block-list\">\n<li><strong>Ultrassonografia:<\/strong> avaliar a extens\u00e3o das les\u00f5es, presen\u00e7a de f\u00edstulas ou cole\u00e7\u00f5es profundas.<\/li>\n\n\n\n<li><strong>Resson\u00e2ncia magn\u00e9tica:<\/strong> em casos graves ou complexos, para mapear trajetos de f\u00edstulas e abscessos profundos.<\/li>\n\n\n\n<li><strong>Cultura de secre\u00e7\u00e3o:<\/strong> quando h\u00e1 infec\u00e7\u00e3o secund\u00e1ria importante, para identificar o agente infeccioso.<\/li>\n\n\n\n<li><strong>Exames laboratoriais:<\/strong> hemograma, glicemia, fun\u00e7\u00e3o renal e hep\u00e1tica \u2013 para rastrear complica\u00e7\u00f5es em quadros graves ou avaliar comorbidades.<\/li>\n\n\n\n<li><strong>Bi\u00f3psia de pele:<\/strong> raramente necess\u00e1ria. Indicada apenas quando h\u00e1 d\u00favida diagn\u00f3stica ou suspeita de neoplasias.<\/li>\n<\/ul>\n\n\n\n<p>Al\u00e9m disso, \u00e9 importante ressaltar que diversas condi\u00e7\u00f5es podem se assemelhar \u00e0 hidradenite supurativa como:<\/p>\n\n\n\n<ul class=\"wp-block-list\">\n<li><strong>Furunculose\/fur\u00fanculos: <\/strong>Les\u00f5es isoladas, geralmente sem f\u00edstulas cr\u00f4nicas ou cicatrizes, localizadas fora de \u00e1reas t\u00edpicas de HS.<\/li>\n\n\n\n<li><strong>Carb\u00fanculo:<\/strong> Abscesso grande, \u00fanico, com sa\u00edda de pus por m\u00faltiplos pontos, normalmente sem recorr\u00eancia.<\/li>\n\n\n\n<li><strong>Abscesso simples:<\/strong> Epis\u00f3dio \u00fanico, sem recorr\u00eancia, sem forma\u00e7\u00e3o de f\u00edstulas.<\/li>\n\n\n\n<li><strong>Celulite \/ erisipela:<\/strong> Processo infeccioso difuso da pele, n\u00e3o costuma formar n\u00f3dulos e f\u00edstulas t\u00edpicos de HS.<\/li>\n\n\n\n<li><strong>Acne conglobata: <\/strong>Les\u00f5es extensas e m\u00faltiplas, mas em geral acomete face, t\u00f3rax e costas (diferente da localiza\u00e7\u00e3o cl\u00e1ssica de HS).<\/li>\n\n\n\n<li><strong>Doen\u00e7a de Crohn perianal<\/strong>: Pode cursar com f\u00edstulas e abscessos na regi\u00e3o ano-retal \u2014 \u00e9 importante avaliar outros sintomas gastrointestinais.<\/li>\n\n\n\n<li><strong>Linfadenite:<\/strong> Inflama\u00e7\u00e3o dos linfonodos, normalmente sem abscessos profundos ou f\u00edstulas.<\/li>\n\n\n\n<li><strong>Foliculite:<\/strong> Inflama\u00e7\u00e3o limitada ao fol\u00edculo piloso, normalmente menos dolorosa e n\u00e3o cicatriza.<\/li>\n<\/ul>\n\n\n\n<figure class=\"wp-block-image size-large\"><a href=\"https:\/\/www.grupomedcof.com.br\/cofletters\/\" target=\"_blank\" rel=\" noreferrer noopener\"><img loading=\"lazy\" decoding=\"async\" width=\"1024\" height=\"320\" src=\"https:\/\/www.grupomedcof.com.br\/blog\/wp-content\/uploads\/2025\/02\/Banner-MedCof-Plus-2200x460-11-1024x320.png\" alt=\"\" class=\"wp-image-33723\" srcset=\"https:\/\/www.grupomedcof.com.br\/blog\/wp-content\/uploads\/2025\/02\/Banner-MedCof-Plus-2200x460-11-1024x320.png 1024w, https:\/\/www.grupomedcof.com.br\/blog\/wp-content\/uploads\/2025\/02\/Banner-MedCof-Plus-2200x460-11-300x94.png 300w, https:\/\/www.grupomedcof.com.br\/blog\/wp-content\/uploads\/2025\/02\/Banner-MedCof-Plus-2200x460-11-768x240.png 768w, https:\/\/www.grupomedcof.com.br\/blog\/wp-content\/uploads\/2025\/02\/Banner-MedCof-Plus-2200x460-11-1536x480.png 1536w, https:\/\/www.grupomedcof.com.br\/blog\/wp-content\/uploads\/2025\/02\/Banner-MedCof-Plus-2200x460-11-2048x640.png 2048w, https:\/\/www.grupomedcof.com.br\/blog\/wp-content\/uploads\/2025\/02\/Banner-MedCof-Plus-2200x460-11-1343x420.png 1343w, https:\/\/www.grupomedcof.com.br\/blog\/wp-content\/uploads\/2025\/02\/Banner-MedCof-Plus-2200x460-11-150x47.png 150w, https:\/\/www.grupomedcof.com.br\/blog\/wp-content\/uploads\/2025\/02\/Banner-MedCof-Plus-2200x460-11-696x218.png 696w, https:\/\/www.grupomedcof.com.br\/blog\/wp-content\/uploads\/2025\/02\/Banner-MedCof-Plus-2200x460-11-1068x334.png 1068w, https:\/\/www.grupomedcof.com.br\/blog\/wp-content\/uploads\/2025\/02\/Banner-MedCof-Plus-2200x460-11-1920x600.png 1920w\" sizes=\"auto, (max-width: 1024px) 100vw, 1024px\" \/><\/a><\/figure>\n\n\n\n<h2 class=\"wp-block-heading\" id=\"h-tratamento-da-hidradenite-supurativa-de-acordo-com-o-estagio\"><span class=\"ez-toc-section\" id=\"Tratamento_da_hidradenite_supurativa_de_acordo_com_o_estagio\"><\/span><strong>Tratamento da hidradenite supurativa de acordo com o est\u00e1gio<\/strong><span class=\"ez-toc-section-end\"><\/span><\/h2>\n\n\n\n<p>O<strong> tratamento da hidradenite supurativa (HS)<\/strong> deve ser individualizado conforme o est\u00e1gio da doen\u00e7a, de acordo com a classifica\u00e7\u00e3o de Hurley. As op\u00e7\u00f5es terap\u00eauticas variam desde <strong>medidas t\u00f3picas e antibi\u00f3ticos nos est\u00e1gios iniciais<\/strong> at\u00e9 <strong>interven\u00e7\u00f5es cir\u00fargicas e tratamentos combinados em casos mais avan\u00e7ados.<\/strong>&nbsp;<\/p>\n\n\n\n<p>Abaixo, detalhamos as principais alternativas para cada est\u00e1gio:<\/p>\n\n\n\n<h3 class=\"wp-block-heading\" id=\"h-tratamento-no-estagio-i-de-hurley\"><span class=\"ez-toc-section\" id=\"Tratamento_no_Estagio_I_de_Hurley\"><\/span><strong>Tratamento no Est\u00e1gio I de Hurley<\/strong><span class=\"ez-toc-section-end\"><\/span><\/h3>\n\n\n\n<p>No est\u00e1gio I, as les\u00f5es s\u00e3o geralmente <strong>abscessos isolados<\/strong> e sem forma\u00e7\u00e3o de trajetos fistulosos ou cicatrizes extensas.<\/p>\n\n\n\n<p>Principais op\u00e7\u00f5es de tratamento:<\/p>\n\n\n\n<ul class=\"wp-block-list\">\n<li><strong>Cuidados locais: <\/strong>Higiene adequada, evitar atrito, uso de roupas largas e evitar depila\u00e7\u00e3o\/agentes irritantes.<\/li>\n\n\n\n<li><strong>Antibi\u00f3ticos t\u00f3picos:<\/strong> Clindamicina 1% em gel \u00e9 frequentemente utilizada, aplicada duas vezes ao dia.<\/li>\n\n\n\n<li><strong>Antibi\u00f3ticos sist\u00eamicos:<\/strong> Em casos de m\u00faltiplas les\u00f5es ou falha dos t\u00f3picos, pode-se considerar tetraciclinas (como doxiciclina ou minociclina) por 2 a 3 meses.<\/li>\n\n\n\n<li><strong>Anti-inflamat\u00f3rios t\u00f3picos:<\/strong> Em alguns casos, corticoides t\u00f3picos de baixa pot\u00eancia podem ser associados para reduzir a inflama\u00e7\u00e3o.<\/li>\n\n\n\n<li><strong>Preven\u00e7\u00e3o:<\/strong> Orienta\u00e7\u00f5es quanto \u00e0 perda de peso, interrup\u00e7\u00e3o do tabagismo e controle de doen\u00e7as associadas, como diabetes e obesidade.<\/li>\n\n\n\n<li><strong>Outras op\u00e7\u00f5es: <\/strong>Terapias com retinoides t\u00f3picos ou terapia hormonal em casos selecionados (sob orienta\u00e7\u00e3o m\u00e9dica).<\/li>\n<\/ul>\n\n\n\n<h3 class=\"wp-block-heading\" id=\"h-tratamento-no-estagio-ii-de-hurley\"><span class=\"ez-toc-section\" id=\"Tratamento_no_Estagio_II_de_Hurley\"><\/span><strong>Tratamento no Est\u00e1gio II de Hurley<\/strong><span class=\"ez-toc-section-end\"><\/span><\/h3>\n\n\n\n<p>Paciente com HS est\u00e1gio II apresentam <strong>abscessos recorrentes, trajetos fistulosos e cicatrizes,<\/strong> por\u00e9m menos extensas.<\/p>\n\n\n\n<p>Principais op\u00e7\u00f5es de tratamento:<\/p>\n\n\n\n<ul class=\"wp-block-list\">\n<li><strong>Antibi\u00f3ticos sist\u00eamicos:<\/strong> Uso prolongado de antibi\u00f3ticos sist\u00eamicos (tetraciclinas, clindamicina + rifampicina, ou doxiciclina) pode ser necess\u00e1rio por semanas a meses.<\/li>\n\n\n\n<li><strong>Procedimentos locais:<\/strong> Drenagem de abscessos e desbridamento limitado para aliviar o desconforto e remover tecido infectado.<\/li>\n\n\n\n<li><strong>Terapias hormonais:<\/strong> Pode-se considerar o uso de antiandrog\u00eanicos, anticoncepcionais orais, especialmente em mulheres com padr\u00e3o hormonal relacionado.<\/li>\n\n\n\n<li><strong>Corticoides intralesionais:<\/strong> Inje\u00e7\u00e3o local para diminuir a inflama\u00e7\u00e3o de n\u00f3dulos inflamados.<\/li>\n\n\n\n<li><strong>Retinoides orais: <\/strong>Isotretino\u00edna ou acitretina podem ser considerados em casos selecionados.<\/li>\n\n\n\n<li><strong>Imunossupressores\/biol\u00f3gicos:<\/strong> Para casos refrat\u00e1rios, pode-se cogitar adalimumabe ou outros agentes biol\u00f3gicos, sempre sob supervis\u00e3o m\u00e9dica especializada.<\/li>\n\n\n\n<li><strong>Cuidados adjuvantes:<\/strong> Continua\u00e7\u00e3o das orienta\u00e7\u00f5es comportamentais e acompanhamento regular.<\/li>\n<\/ul>\n\n\n\n<h3 class=\"wp-block-heading\" id=\"h-tratamento-no-estagio-iii-de-hurley\"><span class=\"ez-toc-section\" id=\"Tratamento_no_Estagio_III_de_Hurley\"><\/span><strong>Tratamento no Est\u00e1gio III de Hurley<\/strong><span class=\"ez-toc-section-end\"><\/span><\/h3>\n\n\n\n<p>O est\u00e1gio III corresponde ao <strong>quadro mais severo<\/strong>, com <strong>m\u00faltiplos abscessos interconectados,<\/strong> <strong>trajetos fistulosos amplos <\/strong>e <strong>cicatrizes extensas.<\/strong><\/p>\n\n\n\n<p>Principais op\u00e7\u00f5es de tratamento:<\/p>\n\n\n\n<ul class=\"wp-block-list\">\n<li><strong>Cirurgia: <\/strong>\u00c9 frequentemente indicada e pode envolver excis\u00e3o ampla das \u00e1reas acometidas, seguido de fechamento por segunda inten\u00e7\u00e3o, enxertos ou retalhos cut\u00e2neos.<\/li>\n\n\n\n<li><strong>Terapias combinadas:<\/strong> Uso de antibi\u00f3ticos sist\u00eamicos e agentes biol\u00f3gicos (como adalimumabe) associados ao tratamento cir\u00fargico.<\/li>\n\n\n\n<li><strong>Drenagem e desbridamento extensos:<\/strong> Necess\u00e1rios em situa\u00e7\u00f5es de infec\u00e7\u00e3o aguda ou abscessos volumosos.<\/li>\n\n\n\n<li><strong>Suporte multidisciplinar:<\/strong> Envolvimento de dermatologista, cirurgi\u00e3o pl\u00e1stico e outras especialidades conforme a necessidade.<\/li>\n\n\n\n<li><strong>Outras abordagens:<\/strong> Radioterapia em casos excepcionais selecionados, pain management e suporte psicol\u00f3gico devido ao impacto emocional da doen\u00e7a.<\/li>\n<\/ul>\n\n\n\n<h2 class=\"wp-block-heading\" id=\"h-saiba-mais-sobre-hidradenite-supurativa-com-medcof\"><span class=\"ez-toc-section\" id=\"Saiba_mais_sobre_hidradenite_supurativa_com_MedCof\"><\/span><strong>Saiba mais sobre hidradenite supurativa com MedCof!<\/strong><span class=\"ez-toc-section-end\"><\/span><\/h2>\n\n\n\n<p>A <strong>hidradenite supurativa<\/strong> pode impactar profundamente a qualidade de vida, mas voc\u00ea n\u00e3o est\u00e1 sozinho nessa jornada: o <a href=\"https:\/\/www.grupomedcof.com.br\/home\/?page=sobre-nos\">Grupo MedCof<\/a> vai te ajudar a entender tudo sobre o assunto! Com aulas, simulados, cofcards e fichas-resumo, voc\u00ea estar\u00e1 preparado para qualquer assunto relacionado! <a href=\"https:\/\/www.grupomedcof.com.br\/home\/\">Seja um MedCofer agora mesmo.<\/a><\/p>\n\n\n\n<figure class=\"wp-block-embed is-type-video is-provider-youtube wp-block-embed-youtube wp-embed-aspect-16-9 wp-has-aspect-ratio\"><div class=\"wp-block-embed__wrapper\">\n<div class=\"youtube-embed\" data-video_id=\"AQQu8doDIy8\"><iframe loading=\"lazy\" title=\"SingularCast T2 Ep.33 - Conhecendo Seu Mentor: Luca Lamana\" width=\"696\" height=\"392\" src=\"https:\/\/www.youtube.com\/embed\/AQQu8doDIy8?feature=oembed&#038;enablejsapi=1\" frameborder=\"0\" allow=\"accelerometer; autoplay; clipboard-write; encrypted-media; gyroscope; picture-in-picture; web-share\" referrerpolicy=\"strict-origin-when-cross-origin\" allowfullscreen><\/iframe><\/div>\n<\/div><\/figure>\n","protected":false},"excerpt":{"rendered":"<p>Entenda o que \u00e9 a hidradenite supurativa, seus sintomas e como \u00e9 feito o diagn\u00f3stico. Conhe\u00e7a os tratamentos feitos em cada est\u00e1gio. Confira!<\/p>\n","protected":false},"author":20,"featured_media":35767,"comment_status":"open","ping_status":"open","sticky":false,"template":"","format":"standard","meta":{"footnotes":""},"categories":[203],"tags":[2900,2898,2899],"ppma_author":[3616],"class_list":{"0":"post-10503","1":"post","2":"type-post","3":"status-publish","4":"format-standard","5":"has-post-thumbnail","7":"category-dermatologia","8":"tag-classificacao-de-hurley","9":"tag-hidradenite-supurativa","10":"tag-hs"},"yoast_head":"<!-- This site is optimized with the Yoast SEO Premium plugin v24.3 (Yoast SEO v27.4) - https:\/\/yoast.com\/product\/yoast-seo-premium-wordpress\/ -->\n<title>Hidradenite supurativa: saiba os sintomas e como tratar<\/title>\n<meta name=\"description\" content=\"Entenda o que \u00e9 a hidradenite supurativa, seus sintomas e como \u00e9 feito o diagn\u00f3stico. Conhe\u00e7a os tratamentos feitos em cada est\u00e1gio. Confira!\" \/>\n<meta name=\"robots\" content=\"index, follow, max-snippet:-1, max-image-preview:large, max-video-preview:-1\" \/>\n<link rel=\"canonical\" href=\"https:\/\/www.grupomedcof.com.br\/blog\/hidradenite-supurativa-diagnostico-e-classificacao\/\" \/>\n<meta property=\"og:locale\" content=\"pt_BR\" \/>\n<meta property=\"og:type\" content=\"article\" \/>\n<meta property=\"og:title\" content=\"Hidradenite supurativa: o que \u00e9, diagn\u00f3stico e classifica\u00e7\u00e3o\" \/>\n<meta property=\"og:description\" content=\"Entenda o que \u00e9 a hidradenite supurativa, seus sintomas e como \u00e9 feito o diagn\u00f3stico. Conhe\u00e7a os tratamentos feitos em cada est\u00e1gio. Confira!\" \/>\n<meta property=\"og:url\" content=\"https:\/\/www.grupomedcof.com.br\/blog\/hidradenite-supurativa-diagnostico-e-classificacao\/\" \/>\n<meta property=\"og:site_name\" content=\"Blog de Medcof: conte\u00fados, editais, revalida e mais!\" \/>\n<meta property=\"article:publisher\" content=\"https:\/\/www.facebook.com\/MedCofQbank\/\" \/>\n<meta property=\"article:published_time\" content=\"2025-05-15T20:11:42+00:00\" \/>\n<meta property=\"og:image\" content=\"https:\/\/www.grupomedcof.com.br\/blog\/wp-content\/uploads\/2023\/08\/Blog-MedCof-2025-05-15T101000.167.jpg\" \/>\n\t<meta property=\"og:image:width\" content=\"1920\" \/>\n\t<meta property=\"og:image:height\" content=\"1080\" \/>\n\t<meta property=\"og:image:type\" content=\"image\/jpeg\" \/>\n<meta name=\"author\" content=\"Leila Menzel\" \/>\n<meta name=\"twitter:card\" content=\"summary_large_image\" \/>\n<meta name=\"twitter:label1\" content=\"Escrito por\" \/>\n\t<meta name=\"twitter:data1\" content=\"Leila Menzel\" \/>\n\t<meta name=\"twitter:label2\" content=\"Est. tempo de leitura\" \/>\n\t<meta name=\"twitter:data2\" content=\"9 minutos\" \/>\n<script type=\"application\/ld+json\" class=\"yoast-schema-graph\">{\"@context\":\"https:\\\/\\\/schema.org\",\"@graph\":[{\"@type\":\"Article\",\"@id\":\"https:\\\/\\\/www.grupomedcof.com.br\\\/blog\\\/hidradenite-supurativa-diagnostico-e-classificacao\\\/#article\",\"isPartOf\":{\"@id\":\"https:\\\/\\\/www.grupomedcof.com.br\\\/blog\\\/hidradenite-supurativa-diagnostico-e-classificacao\\\/\"},\"author\":{\"name\":\"Leila Menzel\",\"@id\":\"https:\\\/\\\/www.grupomedcof.com.br\\\/blog\\\/#\\\/schema\\\/person\\\/9a44c2184a836bf5ae6967fdb3a1451e\"},\"headline\":\"Hidradenite supurativa: o que \u00e9, diagn\u00f3stico e classifica\u00e7\u00e3o\",\"datePublished\":\"2025-05-15T20:11:42+00:00\",\"mainEntityOfPage\":{\"@id\":\"https:\\\/\\\/www.grupomedcof.com.br\\\/blog\\\/hidradenite-supurativa-diagnostico-e-classificacao\\\/\"},\"wordCount\":1642,\"commentCount\":1,\"publisher\":{\"@id\":\"https:\\\/\\\/www.grupomedcof.com.br\\\/blog\\\/#organization\"},\"image\":{\"@id\":\"https:\\\/\\\/www.grupomedcof.com.br\\\/blog\\\/hidradenite-supurativa-diagnostico-e-classificacao\\\/#primaryimage\"},\"thumbnailUrl\":\"https:\\\/\\\/www.grupomedcof.com.br\\\/blog\\\/wp-content\\\/uploads\\\/2023\\\/08\\\/Blog-MedCof-2025-05-15T101000.167.jpg\",\"keywords\":[\"Classifica\u00e7\u00e3o de Hurley\",\"Hidradenite Supurativa\",\"HS\"],\"articleSection\":[\"Dermatologia\"],\"inLanguage\":\"pt-BR\"},{\"@type\":\"WebPage\",\"@id\":\"https:\\\/\\\/www.grupomedcof.com.br\\\/blog\\\/hidradenite-supurativa-diagnostico-e-classificacao\\\/\",\"url\":\"https:\\\/\\\/www.grupomedcof.com.br\\\/blog\\\/hidradenite-supurativa-diagnostico-e-classificacao\\\/\",\"name\":\"Hidradenite supurativa: saiba os sintomas e como tratar\",\"isPartOf\":{\"@id\":\"https:\\\/\\\/www.grupomedcof.com.br\\\/blog\\\/#website\"},\"primaryImageOfPage\":{\"@id\":\"https:\\\/\\\/www.grupomedcof.com.br\\\/blog\\\/hidradenite-supurativa-diagnostico-e-classificacao\\\/#primaryimage\"},\"image\":{\"@id\":\"https:\\\/\\\/www.grupomedcof.com.br\\\/blog\\\/hidradenite-supurativa-diagnostico-e-classificacao\\\/#primaryimage\"},\"thumbnailUrl\":\"https:\\\/\\\/www.grupomedcof.com.br\\\/blog\\\/wp-content\\\/uploads\\\/2023\\\/08\\\/Blog-MedCof-2025-05-15T101000.167.jpg\",\"datePublished\":\"2025-05-15T20:11:42+00:00\",\"description\":\"Entenda o que \u00e9 a hidradenite supurativa, seus sintomas e como \u00e9 feito o diagn\u00f3stico. Conhe\u00e7a os tratamentos feitos em cada est\u00e1gio. Confira!\",\"breadcrumb\":{\"@id\":\"https:\\\/\\\/www.grupomedcof.com.br\\\/blog\\\/hidradenite-supurativa-diagnostico-e-classificacao\\\/#breadcrumb\"},\"inLanguage\":\"pt-BR\",\"potentialAction\":[{\"@type\":\"ReadAction\",\"target\":[\"https:\\\/\\\/www.grupomedcof.com.br\\\/blog\\\/hidradenite-supurativa-diagnostico-e-classificacao\\\/\"]}]},{\"@type\":\"ImageObject\",\"inLanguage\":\"pt-BR\",\"@id\":\"https:\\\/\\\/www.grupomedcof.com.br\\\/blog\\\/hidradenite-supurativa-diagnostico-e-classificacao\\\/#primaryimage\",\"url\":\"https:\\\/\\\/www.grupomedcof.com.br\\\/blog\\\/wp-content\\\/uploads\\\/2023\\\/08\\\/Blog-MedCof-2025-05-15T101000.167.jpg\",\"contentUrl\":\"https:\\\/\\\/www.grupomedcof.com.br\\\/blog\\\/wp-content\\\/uploads\\\/2023\\\/08\\\/Blog-MedCof-2025-05-15T101000.167.jpg\",\"width\":1920,\"height\":1080,\"caption\":\"Imagem: Canva.\"},{\"@type\":\"BreadcrumbList\",\"@id\":\"https:\\\/\\\/www.grupomedcof.com.br\\\/blog\\\/hidradenite-supurativa-diagnostico-e-classificacao\\\/#breadcrumb\",\"itemListElement\":[{\"@type\":\"ListItem\",\"position\":1,\"name\":\"In\u00edcio\",\"item\":\"https:\\\/\\\/www.grupomedcof.com.br\\\/blog\\\/\"},{\"@type\":\"ListItem\",\"position\":2,\"name\":\"Hidradenite supurativa: o que \u00e9, diagn\u00f3stico e classifica\u00e7\u00e3o\"}]},{\"@type\":\"WebSite\",\"@id\":\"https:\\\/\\\/www.grupomedcof.com.br\\\/blog\\\/#website\",\"url\":\"https:\\\/\\\/www.grupomedcof.com.br\\\/blog\\\/\",\"name\":\"Blog de Medcof: conte\u00fados, editais, revalida e mais!\",\"description\":\"Acesso o blog de MedCof! Seu portal de conte\u00fados sobre resid\u00eancia m\u00e9dica, an\u00e1lise e editais e muito mais. Clique e confira!\",\"publisher\":{\"@id\":\"https:\\\/\\\/www.grupomedcof.com.br\\\/blog\\\/#organization\"},\"alternateName\":\"Blog de Medcof: conte\u00fados, editais, revalida e mais!\",\"potentialAction\":[{\"@type\":\"SearchAction\",\"target\":{\"@type\":\"EntryPoint\",\"urlTemplate\":\"https:\\\/\\\/www.grupomedcof.com.br\\\/blog\\\/?s={search_term_string}\"},\"query-input\":{\"@type\":\"PropertyValueSpecification\",\"valueRequired\":true,\"valueName\":\"search_term_string\"}}],\"inLanguage\":\"pt-BR\"},{\"@type\":\"Organization\",\"@id\":\"https:\\\/\\\/www.grupomedcof.com.br\\\/blog\\\/#organization\",\"name\":\"Grupo MedCof\",\"url\":\"https:\\\/\\\/www.grupomedcof.com.br\\\/blog\\\/\",\"logo\":{\"@type\":\"ImageObject\",\"inLanguage\":\"pt-BR\",\"@id\":\"https:\\\/\\\/www.grupomedcof.com.br\\\/blog\\\/#\\\/schema\\\/logo\\\/image\\\/\",\"url\":\"https:\\\/\\\/www.grupomedcof.com.br\\\/blog\\\/wp-content\\\/uploads\\\/2022\\\/01\\\/logo-medcof.png\",\"contentUrl\":\"https:\\\/\\\/www.grupomedcof.com.br\\\/blog\\\/wp-content\\\/uploads\\\/2022\\\/01\\\/logo-medcof.png\",\"width\":768,\"height\":269,\"caption\":\"Grupo MedCof\"},\"image\":{\"@id\":\"https:\\\/\\\/www.grupomedcof.com.br\\\/blog\\\/#\\\/schema\\\/logo\\\/image\\\/\"},\"sameAs\":[\"https:\\\/\\\/www.facebook.com\\\/MedCofQbank\\\/\",\"https:\\\/\\\/www.instagram.com\\\/grupomedcof\\\/\",\"https:\\\/\\\/br.linkedin.com\\\/company\\\/medcof\",\"https:\\\/\\\/www.youtube.com\\\/channel\\\/UCdHMuOHKICxcHwecxN8P-AA\"]},{\"@type\":\"Person\",\"@id\":\"https:\\\/\\\/www.grupomedcof.com.br\\\/blog\\\/#\\\/schema\\\/person\\\/9a44c2184a836bf5ae6967fdb3a1451e\",\"name\":\"Leila Menzel\",\"image\":{\"@type\":\"ImageObject\",\"inLanguage\":\"pt-BR\",\"@id\":\"https:\\\/\\\/www.grupomedcof.com.br\\\/blog\\\/wp-content\\\/uploads\\\/2025\\\/09\\\/cropped-eu-96x96.jpeg19a74936d997c0a8b3031618467fa1d0\",\"url\":\"https:\\\/\\\/www.grupomedcof.com.br\\\/blog\\\/wp-content\\\/uploads\\\/2025\\\/09\\\/cropped-eu-96x96.jpeg\",\"contentUrl\":\"https:\\\/\\\/www.grupomedcof.com.br\\\/blog\\\/wp-content\\\/uploads\\\/2025\\\/09\\\/cropped-eu-96x96.jpeg\",\"caption\":\"Leila Menzel\"},\"description\":\"Estudante do 6\u00b0 semestre de jornalismo, amo e escrevo poesias e viajo em livros de romances clich\u00eas.\",\"url\":\"https:\\\/\\\/www.grupomedcof.com.br\\\/blog\\\/author\\\/leila-menzel\\\/\"}]}<\/script>\n<!-- \/ Yoast SEO Premium plugin. -->","yoast_head_json":{"title":"Hidradenite supurativa: saiba os sintomas e como tratar","description":"Entenda o que \u00e9 a hidradenite supurativa, seus sintomas e como \u00e9 feito o diagn\u00f3stico. Conhe\u00e7a os tratamentos feitos em cada est\u00e1gio. Confira!","robots":{"index":"index","follow":"follow","max-snippet":"max-snippet:-1","max-image-preview":"max-image-preview:large","max-video-preview":"max-video-preview:-1"},"canonical":"https:\/\/www.grupomedcof.com.br\/blog\/hidradenite-supurativa-diagnostico-e-classificacao\/","og_locale":"pt_BR","og_type":"article","og_title":"Hidradenite supurativa: o que \u00e9, diagn\u00f3stico e classifica\u00e7\u00e3o","og_description":"Entenda o que \u00e9 a hidradenite supurativa, seus sintomas e como \u00e9 feito o diagn\u00f3stico. Conhe\u00e7a os tratamentos feitos em cada est\u00e1gio. Confira!","og_url":"https:\/\/www.grupomedcof.com.br\/blog\/hidradenite-supurativa-diagnostico-e-classificacao\/","og_site_name":"Blog de Medcof: conte\u00fados, editais, revalida e mais!","article_publisher":"https:\/\/www.facebook.com\/MedCofQbank\/","article_published_time":"2025-05-15T20:11:42+00:00","og_image":[{"width":1920,"height":1080,"url":"https:\/\/www.grupomedcof.com.br\/blog\/wp-content\/uploads\/2023\/08\/Blog-MedCof-2025-05-15T101000.167.jpg","type":"image\/jpeg"}],"author":"Leila Menzel","twitter_card":"summary_large_image","twitter_misc":{"Escrito por":"Leila Menzel","Est. tempo de leitura":"9 minutos"},"schema":{"@context":"https:\/\/schema.org","@graph":[{"@type":"Article","@id":"https:\/\/www.grupomedcof.com.br\/blog\/hidradenite-supurativa-diagnostico-e-classificacao\/#article","isPartOf":{"@id":"https:\/\/www.grupomedcof.com.br\/blog\/hidradenite-supurativa-diagnostico-e-classificacao\/"},"author":{"name":"Leila Menzel","@id":"https:\/\/www.grupomedcof.com.br\/blog\/#\/schema\/person\/9a44c2184a836bf5ae6967fdb3a1451e"},"headline":"Hidradenite supurativa: o que \u00e9, diagn\u00f3stico e classifica\u00e7\u00e3o","datePublished":"2025-05-15T20:11:42+00:00","mainEntityOfPage":{"@id":"https:\/\/www.grupomedcof.com.br\/blog\/hidradenite-supurativa-diagnostico-e-classificacao\/"},"wordCount":1642,"commentCount":1,"publisher":{"@id":"https:\/\/www.grupomedcof.com.br\/blog\/#organization"},"image":{"@id":"https:\/\/www.grupomedcof.com.br\/blog\/hidradenite-supurativa-diagnostico-e-classificacao\/#primaryimage"},"thumbnailUrl":"https:\/\/www.grupomedcof.com.br\/blog\/wp-content\/uploads\/2023\/08\/Blog-MedCof-2025-05-15T101000.167.jpg","keywords":["Classifica\u00e7\u00e3o de Hurley","Hidradenite Supurativa","HS"],"articleSection":["Dermatologia"],"inLanguage":"pt-BR"},{"@type":"WebPage","@id":"https:\/\/www.grupomedcof.com.br\/blog\/hidradenite-supurativa-diagnostico-e-classificacao\/","url":"https:\/\/www.grupomedcof.com.br\/blog\/hidradenite-supurativa-diagnostico-e-classificacao\/","name":"Hidradenite supurativa: saiba os sintomas e como tratar","isPartOf":{"@id":"https:\/\/www.grupomedcof.com.br\/blog\/#website"},"primaryImageOfPage":{"@id":"https:\/\/www.grupomedcof.com.br\/blog\/hidradenite-supurativa-diagnostico-e-classificacao\/#primaryimage"},"image":{"@id":"https:\/\/www.grupomedcof.com.br\/blog\/hidradenite-supurativa-diagnostico-e-classificacao\/#primaryimage"},"thumbnailUrl":"https:\/\/www.grupomedcof.com.br\/blog\/wp-content\/uploads\/2023\/08\/Blog-MedCof-2025-05-15T101000.167.jpg","datePublished":"2025-05-15T20:11:42+00:00","description":"Entenda o que \u00e9 a hidradenite supurativa, seus sintomas e como \u00e9 feito o diagn\u00f3stico. Conhe\u00e7a os tratamentos feitos em cada est\u00e1gio. Confira!","breadcrumb":{"@id":"https:\/\/www.grupomedcof.com.br\/blog\/hidradenite-supurativa-diagnostico-e-classificacao\/#breadcrumb"},"inLanguage":"pt-BR","potentialAction":[{"@type":"ReadAction","target":["https:\/\/www.grupomedcof.com.br\/blog\/hidradenite-supurativa-diagnostico-e-classificacao\/"]}]},{"@type":"ImageObject","inLanguage":"pt-BR","@id":"https:\/\/www.grupomedcof.com.br\/blog\/hidradenite-supurativa-diagnostico-e-classificacao\/#primaryimage","url":"https:\/\/www.grupomedcof.com.br\/blog\/wp-content\/uploads\/2023\/08\/Blog-MedCof-2025-05-15T101000.167.jpg","contentUrl":"https:\/\/www.grupomedcof.com.br\/blog\/wp-content\/uploads\/2023\/08\/Blog-MedCof-2025-05-15T101000.167.jpg","width":1920,"height":1080,"caption":"Imagem: Canva."},{"@type":"BreadcrumbList","@id":"https:\/\/www.grupomedcof.com.br\/blog\/hidradenite-supurativa-diagnostico-e-classificacao\/#breadcrumb","itemListElement":[{"@type":"ListItem","position":1,"name":"In\u00edcio","item":"https:\/\/www.grupomedcof.com.br\/blog\/"},{"@type":"ListItem","position":2,"name":"Hidradenite supurativa: o que \u00e9, diagn\u00f3stico e classifica\u00e7\u00e3o"}]},{"@type":"WebSite","@id":"https:\/\/www.grupomedcof.com.br\/blog\/#website","url":"https:\/\/www.grupomedcof.com.br\/blog\/","name":"Blog de Medcof: conte\u00fados, editais, revalida e mais!","description":"Acesso o blog de MedCof! Seu portal de conte\u00fados sobre resid\u00eancia m\u00e9dica, an\u00e1lise e editais e muito mais. Clique e confira!","publisher":{"@id":"https:\/\/www.grupomedcof.com.br\/blog\/#organization"},"alternateName":"Blog de Medcof: conte\u00fados, editais, revalida e mais!","potentialAction":[{"@type":"SearchAction","target":{"@type":"EntryPoint","urlTemplate":"https:\/\/www.grupomedcof.com.br\/blog\/?s={search_term_string}"},"query-input":{"@type":"PropertyValueSpecification","valueRequired":true,"valueName":"search_term_string"}}],"inLanguage":"pt-BR"},{"@type":"Organization","@id":"https:\/\/www.grupomedcof.com.br\/blog\/#organization","name":"Grupo MedCof","url":"https:\/\/www.grupomedcof.com.br\/blog\/","logo":{"@type":"ImageObject","inLanguage":"pt-BR","@id":"https:\/\/www.grupomedcof.com.br\/blog\/#\/schema\/logo\/image\/","url":"https:\/\/www.grupomedcof.com.br\/blog\/wp-content\/uploads\/2022\/01\/logo-medcof.png","contentUrl":"https:\/\/www.grupomedcof.com.br\/blog\/wp-content\/uploads\/2022\/01\/logo-medcof.png","width":768,"height":269,"caption":"Grupo MedCof"},"image":{"@id":"https:\/\/www.grupomedcof.com.br\/blog\/#\/schema\/logo\/image\/"},"sameAs":["https:\/\/www.facebook.com\/MedCofQbank\/","https:\/\/www.instagram.com\/grupomedcof\/","https:\/\/br.linkedin.com\/company\/medcof","https:\/\/www.youtube.com\/channel\/UCdHMuOHKICxcHwecxN8P-AA"]},{"@type":"Person","@id":"https:\/\/www.grupomedcof.com.br\/blog\/#\/schema\/person\/9a44c2184a836bf5ae6967fdb3a1451e","name":"Leila Menzel","image":{"@type":"ImageObject","inLanguage":"pt-BR","@id":"https:\/\/www.grupomedcof.com.br\/blog\/wp-content\/uploads\/2025\/09\/cropped-eu-96x96.jpeg19a74936d997c0a8b3031618467fa1d0","url":"https:\/\/www.grupomedcof.com.br\/blog\/wp-content\/uploads\/2025\/09\/cropped-eu-96x96.jpeg","contentUrl":"https:\/\/www.grupomedcof.com.br\/blog\/wp-content\/uploads\/2025\/09\/cropped-eu-96x96.jpeg","caption":"Leila Menzel"},"description":"Estudante do 6\u00b0 semestre de jornalismo, amo e escrevo poesias e viajo em livros de romances clich\u00eas.","url":"https:\/\/www.grupomedcof.com.br\/blog\/author\/leila-menzel\/"}]}},"authors":[{"term_id":3616,"user_id":20,"is_guest":0,"slug":"leila-menzel","display_name":"Leila Menzel","avatar_url":"https:\/\/www.grupomedcof.com.br\/blog\/wp-content\/uploads\/2025\/09\/cropped-eu-96x96.jpeg","0":null,"1":"","2":"","3":"","4":"","5":"","6":"","7":"","8":""}],"_links":{"self":[{"href":"https:\/\/www.grupomedcof.com.br\/blog\/wp-json\/wp\/v2\/posts\/10503","targetHints":{"allow":["GET"]}}],"collection":[{"href":"https:\/\/www.grupomedcof.com.br\/blog\/wp-json\/wp\/v2\/posts"}],"about":[{"href":"https:\/\/www.grupomedcof.com.br\/blog\/wp-json\/wp\/v2\/types\/post"}],"author":[{"embeddable":true,"href":"https:\/\/www.grupomedcof.com.br\/blog\/wp-json\/wp\/v2\/users\/20"}],"replies":[{"embeddable":true,"href":"https:\/\/www.grupomedcof.com.br\/blog\/wp-json\/wp\/v2\/comments?post=10503"}],"version-history":[{"count":2,"href":"https:\/\/www.grupomedcof.com.br\/blog\/wp-json\/wp\/v2\/posts\/10503\/revisions"}],"predecessor-version":[{"id":35769,"href":"https:\/\/www.grupomedcof.com.br\/blog\/wp-json\/wp\/v2\/posts\/10503\/revisions\/35769"}],"wp:featuredmedia":[{"embeddable":true,"href":"https:\/\/www.grupomedcof.com.br\/blog\/wp-json\/wp\/v2\/media\/35767"}],"wp:attachment":[{"href":"https:\/\/www.grupomedcof.com.br\/blog\/wp-json\/wp\/v2\/media?parent=10503"}],"wp:term":[{"taxonomy":"category","embeddable":true,"href":"https:\/\/www.grupomedcof.com.br\/blog\/wp-json\/wp\/v2\/categories?post=10503"},{"taxonomy":"post_tag","embeddable":true,"href":"https:\/\/www.grupomedcof.com.br\/blog\/wp-json\/wp\/v2\/tags?post=10503"},{"taxonomy":"author","embeddable":true,"href":"https:\/\/www.grupomedcof.com.br\/blog\/wp-json\/wp\/v2\/ppma_author?post=10503"}],"curies":[{"name":"wp","href":"https:\/\/api.w.org\/{rel}","templated":true}]}}