{"id":10553,"date":"2023-08-17T14:16:10","date_gmt":"2023-08-17T17:16:10","guid":{"rendered":"https:\/\/www.grupomedcof.com.br\/blog\/?p=10553"},"modified":"2023-08-17T14:16:10","modified_gmt":"2023-08-17T17:16:10","slug":"residencia-medica-a-c-camargo-2024-edital-publicado","status":"publish","type":"post","link":"https:\/\/www.grupomedcof.com.br\/blog\/residencia-medica-a-c-camargo-2024-edital-publicado\/","title":{"rendered":"Resid\u00eancia M\u00e9dica A.C Camargo 2024: Edital publicado"},"content":{"rendered":"<div id=\"ez-toc-container\" class=\"ez-toc-v2_0_74 counter-hierarchy ez-toc-counter ez-toc-transparent ez-toc-container-direction\">\n<div class=\"ez-toc-title-container\">\n<p class=\"ez-toc-title\" style=\"cursor:inherit\">Sum\u00e1rio<\/p>\n<span class=\"ez-toc-title-toggle\"><a href=\"#\" class=\"ez-toc-pull-right ez-toc-btn ez-toc-btn-xs ez-toc-btn-default ez-toc-toggle\" aria-label=\"Alternar tabela de conte\u00fado\"><span class=\"ez-toc-js-icon-con\"><span class=\"\"><span class=\"eztoc-hide\" style=\"display:none;\">Toggle<\/span><span class=\"ez-toc-icon-toggle-span\"><svg style=\"fill: #999;color:#999\" xmlns=\"http:\/\/www.w3.org\/2000\/svg\" class=\"list-377408\" width=\"20px\" height=\"20px\" viewBox=\"0 0 24 24\" fill=\"none\"><path d=\"M6 6H4v2h2V6zm14 0H8v2h12V6zM4 11h2v2H4v-2zm16 0H8v2h12v-2zM4 16h2v2H4v-2zm16 0H8v2h12v-2z\" fill=\"currentColor\"><\/path><\/svg><svg style=\"fill: #999;color:#999\" class=\"arrow-unsorted-368013\" xmlns=\"http:\/\/www.w3.org\/2000\/svg\" width=\"10px\" height=\"10px\" viewBox=\"0 0 24 24\" version=\"1.2\" baseProfile=\"tiny\"><path d=\"M18.2 9.3l-6.2-6.3-6.2 6.3c-.2.2-.3.4-.3.7s.1.5.3.7c.2.2.4.3.7.3h11c.3 0 .5-.1.7-.3.2-.2.3-.5.3-.7s-.1-.5-.3-.7zM5.8 14.7l6.2 6.3 6.2-6.3c.2-.2.3-.5.3-.7s-.1-.5-.3-.7c-.2-.2-.4-.3-.7-.3h-11c-.3 0-.5.1-.7.3-.2.2-.3.5-.3.7s.1.5.3.7z\"\/><\/svg><\/span><\/span><\/span><\/a><\/span><\/div>\n<nav><ul class='ez-toc-list ez-toc-list-level-1 ' ><li class='ez-toc-page-1 ez-toc-heading-level-2'><a class=\"ez-toc-link ez-toc-heading-1\" href=\"https:\/\/www.grupomedcof.com.br\/blog\/residencia-medica-a-c-camargo-2024-edital-publicado\/#Residencia_Medica_AC_Camargo_2024_Edital_publicado\" >Resid\u00eancia M\u00e9dica A.C Camargo 2024: Edital publicado<\/a><\/li><li class='ez-toc-page-1 ez-toc-heading-level-2'><a class=\"ez-toc-link ez-toc-heading-2\" href=\"https:\/\/www.grupomedcof.com.br\/blog\/residencia-medica-a-c-camargo-2024-edital-publicado\/#Residencia_Medica_AC_Camargo_2024_Processo_seletivo\" >Resid\u00eancia M\u00e9dica A.C Camargo 2024: Processo seletivo<\/a><\/li><li class='ez-toc-page-1 ez-toc-heading-level-2'><a class=\"ez-toc-link ez-toc-heading-3\" href=\"https:\/\/www.grupomedcof.com.br\/blog\/residencia-medica-a-c-camargo-2024-edital-publicado\/#Prova_Objetiva\" >Prova Objetiva<\/a><\/li><li class='ez-toc-page-1 ez-toc-heading-level-2'><a class=\"ez-toc-link ez-toc-heading-4\" href=\"https:\/\/www.grupomedcof.com.br\/blog\/residencia-medica-a-c-camargo-2024-edital-publicado\/#Prova_Pratica_e_Analise_Curricular\" >Prova Pr\u00e1tica e An\u00e1lise Curricular<\/a><ul class='ez-toc-list-level-3' ><li class='ez-toc-heading-level-3'><a class=\"ez-toc-link ez-toc-heading-5\" href=\"https:\/\/www.grupomedcof.com.br\/blog\/residencia-medica-a-c-camargo-2024-edital-publicado\/#Resultado_Final\" >Resultado Final<\/a><\/li><\/ul><\/li><li class='ez-toc-page-1 ez-toc-heading-level-2'><a class=\"ez-toc-link ez-toc-heading-6\" href=\"https:\/\/www.grupomedcof.com.br\/blog\/residencia-medica-a-c-camargo-2024-edital-publicado\/#Residencia_Medica_AC_Camargo_2024_Cronograma\" >Resid\u00eancia M\u00e9dica A.C Camargo 2024: Cronograma<\/a><\/li><li class='ez-toc-page-1 ez-toc-heading-level-2'><a class=\"ez-toc-link ez-toc-heading-7\" href=\"https:\/\/www.grupomedcof.com.br\/blog\/residencia-medica-a-c-camargo-2024-edital-publicado\/#Raio-X_da_Prova_Pratica\" >Raio-X da Prova Pr\u00e1tica<\/a><\/li><\/ul><\/nav><\/div>\n<p><img loading=\"lazy\" decoding=\"async\" width=\"800\" height=\"450\" src=\"https:\/\/www.grupomedcof.com.br\/blog\/wp-content\/uploads\/2023\/08\/Blog-MedCof-2023-08-17T135815.953-1024x576.png\" alt=\"resid\u00eancia m\u00e9dica ac camargo 2024, vagas residencia medica ac camargo, a.c. camargo vagas, ac camargo residencia, A.C Camargo Cancer Center, resid\u00eancia m\u00e9dica A c camargo, ac camargo antonio prudente,vagas hospital ac camargo,\" srcset=\"https:\/\/www.grupomedcof.com.br\/blog\/wp-content\/uploads\/2023\/08\/Blog-MedCof-2023-08-17T135815.953-1024x576.png 1024w, https:\/\/www.grupomedcof.com.br\/blog\/wp-content\/uploads\/2023\/08\/Blog-MedCof-2023-08-17T135815.953-300x169.png 300w, https:\/\/www.grupomedcof.com.br\/blog\/wp-content\/uploads\/2023\/08\/Blog-MedCof-2023-08-17T135815.953-768x432.png 768w, https:\/\/www.grupomedcof.com.br\/blog\/wp-content\/uploads\/2023\/08\/Blog-MedCof-2023-08-17T135815.953-1536x864.png 1536w, https:\/\/www.grupomedcof.com.br\/blog\/wp-content\/uploads\/2023\/08\/Blog-MedCof-2023-08-17T135815.953-2048x1152.png 2048w\" sizes=\"auto, (max-width: 800px) 100vw, 800px\" \/>\t\t\t\t\t\t\t\t\t\t\t\t\t\t\t<\/p>\n<p>O <b>A.C Camargo Cancer Center<\/b> publicou edital com vagas para resid\u00eancia m\u00e9dica em 2024.<\/p>\n<h4>\n\t\t\t\tVeja a seguir\t\t\t<\/h4>\n<h2 style=\"font-family: Poppins, sans-serif; color: #7a7a7a;\"><span class=\"ez-toc-section\" id=\"Residencia_Medica_AC_Camargo_2024_Edital_publicado\"><\/span>Resid\u00eancia M\u00e9dica A.C Camargo 2024: Edital publicado<span class=\"ez-toc-section-end\"><\/span><\/h2>\n<p>De acordo com o\u00a0<a href=\"https:\/\/documento.vunesp.com.br\/documento\/stream\/NDcxODY2Ng%3d%3d\" target=\"_blank\" rel=\"nofollow noopener\">edital dispon\u00edvel<\/a>\u00a0no site da Funda\u00e7\u00e3o Vunesp, o A.C Camargo oferecer\u00e1\u00a02 vagas para a resid\u00eancia m\u00e9dica em Cirurgia Cabe\u00e7a e Pesco\u00e7o. Desse modo, os candidatos interessados dever\u00e3o se inscrever entre os dias <strong>01 de setembro e 31 de outubro<\/strong>, mediante o preenchimento do formul\u00e1rio de inscri\u00e7\u00e3o e o pagamento da taxa no valor de <strong>R$ 610,00.<\/strong><\/p>\n<p>\u00a0<\/p>\n<p>Al\u00e9m disso, o pagamento do boleto poder\u00e1 ocorrer at\u00e9 o dia <strong>01 de novembro<\/strong>.\u00a0Ademais, aqueles que necessitarem da <strong>isen\u00e7\u00e3o<\/strong> da taxa, o prazo para solicita\u00e7\u00e3o ser\u00e1 entre os dias <strong>01 e 04 de setembro.<\/strong><\/p>\n<p>\t\t\t\t\t\t\t\t\t\t\t\t\t\t\t\t<a href=\"https:\/\/www.grupomedcof.com.br\/reta-final-dominada-links\/\" target=\"_blank\" rel=\"noopener\"><br \/>\n\t\t\t\t\t\t\t<img loading=\"lazy\" decoding=\"async\" width=\"800\" height=\"130\" src=\"https:\/\/www.grupomedcof.com.br\/blog\/wp-content\/uploads\/2023\/08\/Blog-MedCof-2023-08-03T121639.017-1024x166.png\" alt=\"medcof residencia medica, curso Intensivo para Resid\u00eancia M\u00e9dica, curso para resid\u00eancia m\u00e9dica, medcof reta final dominada, reta final dominada, aulas medcof,\" srcset=\"https:\/\/www.grupomedcof.com.br\/blog\/wp-content\/uploads\/2023\/08\/Blog-MedCof-2023-08-03T121639.017-1024x166.png 1024w, https:\/\/www.grupomedcof.com.br\/blog\/wp-content\/uploads\/2023\/08\/Blog-MedCof-2023-08-03T121639.017-300x49.png 300w, https:\/\/www.grupomedcof.com.br\/blog\/wp-content\/uploads\/2023\/08\/Blog-MedCof-2023-08-03T121639.017-768x125.png 768w, https:\/\/www.grupomedcof.com.br\/blog\/wp-content\/uploads\/2023\/08\/Blog-MedCof-2023-08-03T121639.017-1536x249.png 1536w, https:\/\/www.grupomedcof.com.br\/blog\/wp-content\/uploads\/2023\/08\/Blog-MedCof-2023-08-03T121639.017-2048x332.png 2048w\" sizes=\"auto, (max-width: 800px) 100vw, 800px\" \/>\t\t\t\t\t\t\t\t<\/a><\/p>\n<h2 style=\"font-family: Poppins, sans-serif; color: #7a7a7a;\"><span class=\"ez-toc-section\" id=\"Residencia_Medica_AC_Camargo_2024_Processo_seletivo\"><\/span>Resid\u00eancia M\u00e9dica A.C Camargo 2024: Processo seletivo<span class=\"ez-toc-section-end\"><\/span><\/h2>\n<p>De acordo com o edital, o processo seletivo do A.C Camargo contar\u00e1 com <strong>duas fases avaliativas<\/strong>, uma prova objetiva e uma prova te\u00f3rico-pr\u00e1tica com an\u00e1lise curricular, todas presencialmente. Dessa forma, com a nota da prova objetiva valendo de 0 a 10, apenas prosseguir\u00e3o para a pr\u00f3xima fase os candidatos que obtiverem o <strong>m\u00ednimo de 50% de acertos<\/strong>. Sendo assim, veja a seguir a composi\u00e7\u00e3o de cada etapa.<\/p>\n<h2 style=\"font-family: Poppins, sans-serif; color: #7a7a7a;\"><span class=\"ez-toc-section\" id=\"Prova_Objetiva\"><\/span>Prova Objetiva<span class=\"ez-toc-section-end\"><\/span><\/h2>\n<p>De car\u00e1ter eliminat\u00f3rio e classificat\u00f3rio, a aplica\u00e7\u00e3o da prova objetiva ser\u00e1 na cidade de S\u00e3o Paulo no dia <strong>09 de dezembro de 2023<\/strong>. Al\u00e9m disso, os candidatos as vagas do A.C Camargo 2024 ter\u00e3o at\u00e9 3 horas para revolver<strong> 50 quest\u00f5es de m\u00faltipla escolha<\/strong>, abordando os seguintes conte\u00fados:<\/p>\n<p>\u00a0<\/p>\n<ul style=\"font-size: 16px; background-color: #ffffff;\">\n<li style=\"font-size: 16px;\"><strong>Cirurgia Geral:<\/strong> 25 quest\u00f5es<\/li>\n<li style=\"font-size: 16px;\"><strong>Otorrinolaringologia:<\/strong> 25 quest\u00f5es<\/li>\n<\/ul>\n<p>\u00a0<\/p>\n<p>As demais informa\u00e7\u00f5es sobre o local exato de aplica\u00e7\u00e3o e hor\u00e1rio de in\u00edcio estar\u00e3o no<strong> edital de convoca\u00e7\u00e3o<\/strong> com publica\u00e7\u00e3o prevista para o dia<strong> 01 de dezembro de 2023.<\/strong><\/p>\n<p>\t\t\t\t\t\t\t\t\t\t\t\t\t\t\t\t<a href=\"https:\/\/www.grupomedcof.com.br\/hands-on-curso\/\" target=\"_blank\" rel=\"noopener\"><br \/>\n\t\t\t\t\t\t\t<img loading=\"lazy\" decoding=\"async\" width=\"800\" height=\"101\" src=\"https:\/\/www.grupomedcof.com.br\/blog\/wp-content\/uploads\/2023\/08\/Blog-MedCof-2023-08-03T155030.071-1024x129.png\" alt=\"medcof residencia medica, curso Intensivo para Resid\u00eancia M\u00e9dica, curso para resid\u00eancia m\u00e9dica, medcof reta final dominada, reta final dominada, aulas medcof,\" srcset=\"https:\/\/www.grupomedcof.com.br\/blog\/wp-content\/uploads\/2023\/08\/Blog-MedCof-2023-08-03T155030.071-1024x129.png 1024w, https:\/\/www.grupomedcof.com.br\/blog\/wp-content\/uploads\/2023\/08\/Blog-MedCof-2023-08-03T155030.071-300x38.png 300w, https:\/\/www.grupomedcof.com.br\/blog\/wp-content\/uploads\/2023\/08\/Blog-MedCof-2023-08-03T155030.071-768x97.png 768w, https:\/\/www.grupomedcof.com.br\/blog\/wp-content\/uploads\/2023\/08\/Blog-MedCof-2023-08-03T155030.071-1536x193.png 1536w, https:\/\/www.grupomedcof.com.br\/blog\/wp-content\/uploads\/2023\/08\/Blog-MedCof-2023-08-03T155030.071-2048x258.png 2048w\" sizes=\"auto, (max-width: 800px) 100vw, 800px\" \/>\t\t\t\t\t\t\t\t<\/a><\/p>\n<h2 style=\"font-family: Poppins, sans-serif; color: #7a7a7a;\"><span class=\"ez-toc-section\" id=\"Prova_Pratica_e_Analise_Curricular\"><\/span>Prova Pr\u00e1tica e An\u00e1lise Curricular<span class=\"ez-toc-section-end\"><\/span><\/h2>\n<p>Com a divulga\u00e7\u00e3o dos candidatos convocados para a 2\u00aa etapa ocorrendo no dia 10 de janeiro de 2024, tanto a\u00a0prova pr\u00e1tica quanto a an\u00e1lise curricular acontecer\u00e3o no dia 19 de janeiro de 2024.\u00a0Desse modo, a fase se dividir\u00e1 em\u00a0duas fases, veja a seguir como ser\u00e1 cada uma delas:<\/p>\n<p>\u00a0<\/p>\n<p>Prova te\u00f3rico-pr\u00e1tica (1\u00aa etapa):\u00a0Com 4 quest\u00f5es discursivas\/dissertativas de casos cl\u00ednicos, os candidatos dever\u00e3o analisar imagens de exames radiol\u00f3gicos ou endosc\u00f3picos<\/p>\n<p>\u00a0<\/p>\n<p>Argui\u00e7\u00e3o e an\u00e1lise curricular (2\u00aa etapa):\u00a0Com a documenta\u00e7\u00e3o enviada previamente, at\u00e9 o dia 10 de janeiro de 2024 atrav\u00e9s do site da institui\u00e7\u00e3o, tanto a an\u00e1lise quanto a entrevista ser\u00e3o presenciais. Assim, na entrevista o candidato ter\u00e1 sua capacidade de comunica\u00e7\u00e3o e argumenta\u00e7\u00e3o, dinamismo , habilidade de trabalhar em grupo, bem como foco no paciente e humaniza\u00e7\u00e3o. Al\u00e9m disso, na an\u00e1lise ser\u00e3o considerados:<\/p>\n<table>\n<thead>\n<tr>\n<th>Crit\u00e9rios<\/th>\n<th data-align=\"center\">Descritivos<\/th>\n<th data-align=\"center\">Valores m\u00e1ximos<\/th>\n<\/tr>\n<\/thead>\n<tbody>\n<tr>\n<td>1<\/td>\n<td data-align=\"center\">Est\u00e1gio extracurricular<\/td>\n<td data-align=\"center\">1,50<\/td>\n<\/tr>\n<tr>\n<td>2<\/td>\n<td data-align=\"center\">Organiza\u00e7\u00e3o de eventos cient\u00edficos<\/td>\n<td data-align=\"center\">1,00<\/td>\n<\/tr>\n<tr>\n<td>3<\/td>\n<td data-align=\"center\">Participa\u00e7\u00e3o em eventos cient\u00edficos como ouvinte<\/td>\n<td data-align=\"center\">1,00<\/td>\n<\/tr>\n<tr>\n<td>4<\/td>\n<td data-align=\"center\">Apresenta\u00e7\u00e3o em eventos cient\u00edficos 1<\/td>\n<td data-align=\"center\">1,00<\/td>\n<\/tr>\n<tr>\n<td>5<\/td>\n<td data-align=\"center\">Inicia\u00e7\u00e3o cient\u00edfica<\/td>\n<td data-align=\"center\">2,00<\/td>\n<\/tr>\n<tr>\n<td>6<\/td>\n<td data-align=\"center\">Artigos publicados<\/td>\n<td data-align=\"center\">2,00<\/td>\n<\/tr>\n<tr>\n<td>7<\/td>\n<td data-align=\"center\">Monitoria, ligas acad\u00eamicas e atividades de extens\u00e3o<br \/>universit\u00e1ria vinculadas \u00e0 institui\u00e7\u00e3o de ensino<\/td>\n<td data-align=\"center\">1,50<\/td>\n<\/tr>\n<tr>\n<td><strong>TOTAL<\/strong><\/td>\n<td data-align=\"center\">&nbsp;<\/td>\n<td data-align=\"center\">10,00<\/td>\n<\/tr>\n<\/tbody>\n<\/table>\n<p>\t\t\t\t\t\t\t\t\t\t\t\t\t\t\t\t<a href=\"https:\/\/www.grupomedcof.com.br\/blog\/qbank-medcof\/\" target=\"_blank\" rel=\"noopener\"><br \/>\n\t\t\t\t\t\t\t<img loading=\"lazy\" decoding=\"async\" width=\"800\" height=\"128\" src=\"https:\/\/www.grupomedcof.com.br\/blog\/wp-content\/uploads\/2023\/07\/Blog-MedCof-2023-07-06T091657.858-1024x164.png\" alt=\"medcof qbank, medcof aulas, grupo medcof, aulas medcof, qbank, banco de questoes medcof, medcof banco de questoes\" srcset=\"https:\/\/www.grupomedcof.com.br\/blog\/wp-content\/uploads\/2023\/07\/Blog-MedCof-2023-07-06T091657.858-1024x164.png 1024w, https:\/\/www.grupomedcof.com.br\/blog\/wp-content\/uploads\/2023\/07\/Blog-MedCof-2023-07-06T091657.858-300x48.png 300w, https:\/\/www.grupomedcof.com.br\/blog\/wp-content\/uploads\/2023\/07\/Blog-MedCof-2023-07-06T091657.858-768x123.png 768w, https:\/\/www.grupomedcof.com.br\/blog\/wp-content\/uploads\/2023\/07\/Blog-MedCof-2023-07-06T091657.858-1536x246.png 1536w, https:\/\/www.grupomedcof.com.br\/blog\/wp-content\/uploads\/2023\/07\/Blog-MedCof-2023-07-06T091657.858-2048x327.png 2048w\" sizes=\"auto, (max-width: 800px) 100vw, 800px\" \/>\t\t\t\t\t\t\t\t<\/a><\/p>\n<h3><span class=\"ez-toc-section\" id=\"Resultado_Final\"><\/span><strong>Resultado Final<\/strong><span class=\"ez-toc-section-end\"><\/span><\/h3>\n<p>Por fim, ap\u00f3s os devidos prazos de publica\u00e7\u00e3o e de recursos , a divulga\u00e7\u00e3o do resultado final do processo seletivo para resid\u00eancia m\u00e9dica do A.C Camargo 2024 ser\u00e1 no dia<strong> 30 de janeiro de 2024.<\/strong> Ademais, ser\u00e1 levado em conta o seguinte c\u00e1lculo:<\/p>\n<p>\u00a0<\/p>\n<table>\n<thead>\n<tr>\n<th>Fases<\/th>\n<th data-align=\"center\">Provas<\/th>\n<th data-align=\"center\">Pesos<\/th>\n<\/tr>\n<\/thead>\n<tbody>\n<tr>\n<td>1\u00aa fase<\/td>\n<td data-align=\"center\">Prova Objetiva<\/td>\n<td data-align=\"center\">6<\/td>\n<\/tr>\n<tr>\n<td>2\u00aa fase<\/td>\n<td data-align=\"center\">\n<p>Prova Te\u00f3rico-Pr\u00e1tica<\/p>\n<p>An\u00e1lise objetiva documental<\/p>\n<\/td>\n<td data-align=\"center\">\n<p>3<\/p>\n<p>1<\/p>\n<\/td>\n<\/tr>\n<\/tbody>\n<\/table>\n<p>[(Prova objetiva de conhecimento da 1\u00aa fase X 6)+(Prova te\u00f3rico-pr\u00e1tica X 3)+(An\u00e1lise objetiva documental e Entrevista X 1)] \/10.<\/p>\n<h2 style=\"font-family: Poppins, sans-serif; color: rgb(122, 122, 122);\"><span class=\"ez-toc-section\" id=\"Residencia_Medica_AC_Camargo_2024_Cronograma\"><\/span>Resid\u00eancia M\u00e9dica A.C Camargo 2024: Cronograma<span class=\"ez-toc-section-end\"><\/span><\/h2>\n<ul style=\"font-size: 16px; background-color: rgb(255, 255, 255);\">\n<li style=\"font-size: 16px;\">Isen\u00e7\u00e3o:&nbsp;01 a 04\/09\/2023<\/li>\n<li style=\"font-size: 16px;\">Resultado:&nbsp;17\/10\/2023<\/li>\n<li style=\"font-size: 16px;\">Recursos:&nbsp;17 a 18\/09\/2023<\/li>\n<li style=\"font-size: 16px;\">Inscri\u00e7\u00f5es:&nbsp;01\/09 a 31\/10\/2023<\/li>\n<li style=\"font-size: 16px;\">Vencimento do boleto:&nbsp;01\/11\/2023<\/li>\n<li style=\"font-size: 16px;\">Local de prova:&nbsp;01\/12\/2023<\/li>\n<li style=\"font-size: 16px;\">Prova Objetiva:&nbsp;09\/12\/2023<\/li>\n<li style=\"font-size: 16px;\">Gabarito:&nbsp;11\/12\/2023<\/li>\n<li style=\"font-size: 16px;\">Recursos:&nbsp;11 a 12\/12\/2023<\/li>\n<li style=\"font-size: 16px;\">Convocados para a 2\u00aa fase:&nbsp;10\/01\/2024<\/li>\n<li style=\"font-size: 16px;\">Envio dos documentos:&nbsp;10 a 14\/01\/2024<\/li>\n<li style=\"font-size: 16px;\">2\u00aa fase:&nbsp;19\/01\/2024<\/li>\n<li style=\"font-size: 16px;\">Resultado preliminar:&nbsp;23\/01\/2024<\/li>\n<li style=\"font-size: 16px;\">Recursos:&nbsp;23 a 25\/01\/2024<\/li>\n<li style=\"font-size: 16px;\">Resultado Final:&nbsp;30\/01\/2024<\/li>\n<li style=\"font-size: 16px;\">Matr\u00edculas:&nbsp;01 a 03\/02\/2024<\/li>\n<li style=\"font-size: 16px;\">Convoca\u00e7\u00e3o de suplentes: at\u00e9&nbsp;13\/03\/2024<\/li>\n<li style=\"font-size: 16px;\">In\u00edcio das atividades:&nbsp;01\/03\/2024<\/li>\n<\/ul>\n<h2 style=\"font-family: Poppins, sans-serif; color: #7a7a7a;\"><span class=\"ez-toc-section\" id=\"Raio-X_da_Prova_Pratica\"><\/span>Raio-X da Prova Pr\u00e1tica<span class=\"ez-toc-section-end\"><\/span><\/h2>\n<p>Se voc\u00ea pensa em prestar as provas de resid\u00eancia m\u00e9dica de institui\u00e7\u00f5es como o IAMSPE, USP-RP, SCM-SP, Einstein e UNIFESP, ent\u00e3o precisa<a href=\"https:\/\/www.grupomedcof.com.br\/hands-on-curso\/\" target=\"_blank\" rel=\"noopener\">&nbsp;<strong>estar pronto para as&nbsp;provas pr\u00e1ticas<\/strong><\/a><strong>!<\/strong>&nbsp;Elas ir\u00e3o compor uma parte importante da sua nota, portanto, n\u00e3o deixe a oportunidade da aprova\u00e7\u00e3o passar!<\/p>\n<p>Foi para<strong><a href=\"https:\/\/www.grupomedcof.com.br\/blog\/dicas-para-provas-praticas-de-residencia-medica\/\" target=\"_blank\" rel=\"noopener\">&nbsp;garantir a sua prepara\u00e7\u00e3o<\/a>&nbsp;<\/strong>que fizemos o&nbsp;Raio-X da Prova Pr\u00e1tica, uma semana de lives em que traremos os nossos alunos aprovados nas principais resid\u00eancias que possuem provas pr\u00e1ticas em seus processos seletivos.<\/p>\n<p>&nbsp;https:\/\/www.youtube.com\/watch?v=YLuZ1q7JqJQ<\/p>\n","protected":false},"excerpt":{"rendered":"<p>De acordo com o edital dispon\u00edvel no site da Funda\u00e7\u00e3o Vunesp, o A.C Camargo oferecer\u00e1 2 vagas para a resid\u00eancia m\u00e9dica em Cirurgia Cabe\u00e7a e Pesco\u00e7o. <\/p>\n","protected":false},"author":6,"featured_media":10556,"comment_status":"open","ping_status":"open","sticky":false,"template":"","format":"standard","meta":{"footnotes":""},"categories":[10,174],"tags":[249,160,117,68],"ppma_author":[3609],"class_list":{"0":"post-10553","1":"post","2":"type-post","3":"status-publish","4":"format-standard","5":"has-post-thumbnail","7":"category-raio-x-editais","8":"category-residencia-medica","9":"tag-cirurgia-cabeca-e-pescoco","10":"tag-especialidades-cirurgicas","11":"tag-provas-de-residencia","12":"tag-residencia-medica"},"yoast_head":"<!-- This site is optimized with the Yoast SEO Premium plugin v24.3 (Yoast SEO v27.4) - https:\/\/yoast.com\/product\/yoast-seo-premium-wordpress\/ -->\n<title>Resid\u00eancia M\u00e9dica A.C Camargo 2024: Edital publicado - Blog de Medcof: conte\u00fados, editais, revalida e mais!<\/title>\n<meta name=\"description\" content=\"O A.C Camargo Cancer Center publicou edital com vagas para resid\u00eancia m\u00e9dica em 2024. Assim, 2 vagas para a especialidade Cirurgia Cabe\u00e7a e..\" \/>\n<meta name=\"robots\" content=\"index, follow, max-snippet:-1, max-image-preview:large, max-video-preview:-1\" \/>\n<link rel=\"canonical\" href=\"https:\/\/www.grupomedcof.com.br\/blog\/residencia-medica-a-c-camargo-2024-edital-publicado\/\" \/>\n<meta property=\"og:locale\" content=\"pt_BR\" \/>\n<meta property=\"og:type\" content=\"article\" \/>\n<meta property=\"og:title\" content=\"Resid\u00eancia M\u00e9dica A.C Camargo 2024: Edital publicado\" \/>\n<meta property=\"og:description\" content=\"O A.C Camargo Cancer Center publicou edital com vagas para resid\u00eancia m\u00e9dica em 2024. Assim, 2 vagas para a especialidade Cirurgia Cabe\u00e7a e..\" \/>\n<meta property=\"og:url\" content=\"https:\/\/www.grupomedcof.com.br\/blog\/residencia-medica-a-c-camargo-2024-edital-publicado\/\" \/>\n<meta property=\"og:site_name\" content=\"Blog de Medcof: conte\u00fados, editais, revalida e mais!\" \/>\n<meta property=\"article:publisher\" content=\"https:\/\/www.facebook.com\/MedCofQbank\/\" \/>\n<meta property=\"article:published_time\" content=\"2023-08-17T17:16:10+00:00\" \/>\n<meta property=\"og:image\" content=\"https:\/\/www.grupomedcof.com.br\/blog\/wp-content\/uploads\/2023\/08\/Blog-MedCof-2023-08-17T135815.953-1024x576.png\" \/>\n\t<meta property=\"og:image:width\" content=\"1024\" \/>\n\t<meta property=\"og:image:height\" content=\"576\" \/>\n\t<meta property=\"og:image:type\" content=\"image\/png\" \/>\n<meta name=\"author\" content=\"J\u00falia Moreira\" \/>\n<meta name=\"twitter:card\" content=\"summary_large_image\" \/>\n<meta name=\"twitter:label1\" content=\"Escrito por\" \/>\n\t<meta name=\"twitter:data1\" content=\"J\u00falia Moreira\" \/>\n\t<meta name=\"twitter:label2\" content=\"Est. tempo de leitura\" \/>\n\t<meta name=\"twitter:data2\" content=\"8 minutos\" \/>\n<script type=\"application\/ld+json\" class=\"yoast-schema-graph\">{\"@context\":\"https:\\\/\\\/schema.org\",\"@graph\":[{\"@type\":\"Article\",\"@id\":\"https:\\\/\\\/www.grupomedcof.com.br\\\/blog\\\/residencia-medica-a-c-camargo-2024-edital-publicado\\\/#article\",\"isPartOf\":{\"@id\":\"https:\\\/\\\/www.grupomedcof.com.br\\\/blog\\\/residencia-medica-a-c-camargo-2024-edital-publicado\\\/\"},\"author\":{\"name\":\"J\u00falia Moreira\",\"@id\":\"https:\\\/\\\/www.grupomedcof.com.br\\\/blog\\\/#\\\/schema\\\/person\\\/1375e0ce724529d7a1d8156ea7f8ceaa\"},\"headline\":\"Resid\u00eancia M\u00e9dica A.C Camargo 2024: Edital publicado\",\"datePublished\":\"2023-08-17T17:16:10+00:00\",\"mainEntityOfPage\":{\"@id\":\"https:\\\/\\\/www.grupomedcof.com.br\\\/blog\\\/residencia-medica-a-c-camargo-2024-edital-publicado\\\/\"},\"wordCount\":794,\"commentCount\":1,\"publisher\":{\"@id\":\"https:\\\/\\\/www.grupomedcof.com.br\\\/blog\\\/#organization\"},\"image\":{\"@id\":\"https:\\\/\\\/www.grupomedcof.com.br\\\/blog\\\/residencia-medica-a-c-camargo-2024-edital-publicado\\\/#primaryimage\"},\"thumbnailUrl\":\"https:\\\/\\\/www.grupomedcof.com.br\\\/blog\\\/wp-content\\\/uploads\\\/2023\\\/08\\\/Blog-MedCof-2023-08-17T135815.953.png\",\"keywords\":[\"Cirurgia Cabe\u00e7a e Pesco\u00e7o\",\"Especialidades cir\u00fargicas\",\"Provas de Resid\u00eancia\",\"Resid\u00eancia M\u00e9dica\"],\"articleSection\":[\"Raio-X Editais\",\"Resid\u00eancia m\u00e9dica: editais, resultados, temas quentes e mais\"],\"inLanguage\":\"pt-BR\"},{\"@type\":\"WebPage\",\"@id\":\"https:\\\/\\\/www.grupomedcof.com.br\\\/blog\\\/residencia-medica-a-c-camargo-2024-edital-publicado\\\/\",\"url\":\"https:\\\/\\\/www.grupomedcof.com.br\\\/blog\\\/residencia-medica-a-c-camargo-2024-edital-publicado\\\/\",\"name\":\"Resid\u00eancia M\u00e9dica A.C Camargo 2024: Edital publicado - Blog de Medcof: conte\u00fados, editais, revalida e mais!\",\"isPartOf\":{\"@id\":\"https:\\\/\\\/www.grupomedcof.com.br\\\/blog\\\/#website\"},\"primaryImageOfPage\":{\"@id\":\"https:\\\/\\\/www.grupomedcof.com.br\\\/blog\\\/residencia-medica-a-c-camargo-2024-edital-publicado\\\/#primaryimage\"},\"image\":{\"@id\":\"https:\\\/\\\/www.grupomedcof.com.br\\\/blog\\\/residencia-medica-a-c-camargo-2024-edital-publicado\\\/#primaryimage\"},\"thumbnailUrl\":\"https:\\\/\\\/www.grupomedcof.com.br\\\/blog\\\/wp-content\\\/uploads\\\/2023\\\/08\\\/Blog-MedCof-2023-08-17T135815.953.png\",\"datePublished\":\"2023-08-17T17:16:10+00:00\",\"description\":\"O A.C Camargo Cancer Center publicou edital com vagas para resid\u00eancia m\u00e9dica em 2024. Assim, 2 vagas para a especialidade Cirurgia Cabe\u00e7a e..\",\"breadcrumb\":{\"@id\":\"https:\\\/\\\/www.grupomedcof.com.br\\\/blog\\\/residencia-medica-a-c-camargo-2024-edital-publicado\\\/#breadcrumb\"},\"inLanguage\":\"pt-BR\",\"potentialAction\":[{\"@type\":\"ReadAction\",\"target\":[\"https:\\\/\\\/www.grupomedcof.com.br\\\/blog\\\/residencia-medica-a-c-camargo-2024-edital-publicado\\\/\"]}]},{\"@type\":\"ImageObject\",\"inLanguage\":\"pt-BR\",\"@id\":\"https:\\\/\\\/www.grupomedcof.com.br\\\/blog\\\/residencia-medica-a-c-camargo-2024-edital-publicado\\\/#primaryimage\",\"url\":\"https:\\\/\\\/www.grupomedcof.com.br\\\/blog\\\/wp-content\\\/uploads\\\/2023\\\/08\\\/Blog-MedCof-2023-08-17T135815.953.png\",\"contentUrl\":\"https:\\\/\\\/www.grupomedcof.com.br\\\/blog\\\/wp-content\\\/uploads\\\/2023\\\/08\\\/Blog-MedCof-2023-08-17T135815.953.png\",\"width\":2560,\"height\":1440,\"caption\":\"O A.C Camargo Cancer Center publicou edital com vagas para resid\u00eancia m\u00e9dica em 2024. Assim, 2 vagas para a especialidade Cirurgia Cabe\u00e7a e..\"},{\"@type\":\"BreadcrumbList\",\"@id\":\"https:\\\/\\\/www.grupomedcof.com.br\\\/blog\\\/residencia-medica-a-c-camargo-2024-edital-publicado\\\/#breadcrumb\",\"itemListElement\":[{\"@type\":\"ListItem\",\"position\":1,\"name\":\"In\u00edcio\",\"item\":\"https:\\\/\\\/www.grupomedcof.com.br\\\/blog\\\/\"},{\"@type\":\"ListItem\",\"position\":2,\"name\":\"Resid\u00eancia M\u00e9dica A.C Camargo 2024: Edital publicado\"}]},{\"@type\":\"WebSite\",\"@id\":\"https:\\\/\\\/www.grupomedcof.com.br\\\/blog\\\/#website\",\"url\":\"https:\\\/\\\/www.grupomedcof.com.br\\\/blog\\\/\",\"name\":\"Blog de Medcof: conte\u00fados, editais, revalida e mais!\",\"description\":\"Acesso o blog de MedCof! Seu portal de conte\u00fados sobre resid\u00eancia m\u00e9dica, an\u00e1lise e editais e muito mais. Clique e confira!\",\"publisher\":{\"@id\":\"https:\\\/\\\/www.grupomedcof.com.br\\\/blog\\\/#organization\"},\"alternateName\":\"Blog de Medcof: conte\u00fados, editais, revalida e mais!\",\"potentialAction\":[{\"@type\":\"SearchAction\",\"target\":{\"@type\":\"EntryPoint\",\"urlTemplate\":\"https:\\\/\\\/www.grupomedcof.com.br\\\/blog\\\/?s={search_term_string}\"},\"query-input\":{\"@type\":\"PropertyValueSpecification\",\"valueRequired\":true,\"valueName\":\"search_term_string\"}}],\"inLanguage\":\"pt-BR\"},{\"@type\":\"Organization\",\"@id\":\"https:\\\/\\\/www.grupomedcof.com.br\\\/blog\\\/#organization\",\"name\":\"Grupo MedCof\",\"url\":\"https:\\\/\\\/www.grupomedcof.com.br\\\/blog\\\/\",\"logo\":{\"@type\":\"ImageObject\",\"inLanguage\":\"pt-BR\",\"@id\":\"https:\\\/\\\/www.grupomedcof.com.br\\\/blog\\\/#\\\/schema\\\/logo\\\/image\\\/\",\"url\":\"https:\\\/\\\/www.grupomedcof.com.br\\\/blog\\\/wp-content\\\/uploads\\\/2022\\\/01\\\/logo-medcof.png\",\"contentUrl\":\"https:\\\/\\\/www.grupomedcof.com.br\\\/blog\\\/wp-content\\\/uploads\\\/2022\\\/01\\\/logo-medcof.png\",\"width\":768,\"height\":269,\"caption\":\"Grupo MedCof\"},\"image\":{\"@id\":\"https:\\\/\\\/www.grupomedcof.com.br\\\/blog\\\/#\\\/schema\\\/logo\\\/image\\\/\"},\"sameAs\":[\"https:\\\/\\\/www.facebook.com\\\/MedCofQbank\\\/\",\"https:\\\/\\\/www.instagram.com\\\/grupomedcof\\\/\",\"https:\\\/\\\/br.linkedin.com\\\/company\\\/medcof\",\"https:\\\/\\\/www.youtube.com\\\/channel\\\/UCdHMuOHKICxcHwecxN8P-AA\"]},{\"@type\":\"Person\",\"@id\":\"https:\\\/\\\/www.grupomedcof.com.br\\\/blog\\\/#\\\/schema\\\/person\\\/1375e0ce724529d7a1d8156ea7f8ceaa\",\"name\":\"J\u00falia Moreira\",\"image\":{\"@type\":\"ImageObject\",\"inLanguage\":\"pt-BR\",\"@id\":\"https:\\\/\\\/www.grupomedcof.com.br\\\/blog\\\/wp-content\\\/uploads\\\/2024\\\/12\\\/cropped-Captura-de-tela-2023-12-15-094946-96x96.png6a0083ac34a0445de97d55fae63a4a41\",\"url\":\"https:\\\/\\\/www.grupomedcof.com.br\\\/blog\\\/wp-content\\\/uploads\\\/2024\\\/12\\\/cropped-Captura-de-tela-2023-12-15-094946-96x96.png\",\"contentUrl\":\"https:\\\/\\\/www.grupomedcof.com.br\\\/blog\\\/wp-content\\\/uploads\\\/2024\\\/12\\\/cropped-Captura-de-tela-2023-12-15-094946-96x96.png\",\"caption\":\"J\u00falia Moreira\"},\"description\":\"Estudante do 8\u00ba semestre de Jornalismo na ECA-USP, f\u00e3 de filmes de terror e m\u00fasica popular sul-coreana.\",\"sameAs\":[\"https:\\\/\\\/www.grupomedcof.com.br\\\/\"],\"url\":\"https:\\\/\\\/www.grupomedcof.com.br\\\/blog\\\/author\\\/julia\\\/\"}]}<\/script>\n<!-- \/ Yoast SEO Premium plugin. -->","yoast_head_json":{"title":"Resid\u00eancia M\u00e9dica A.C Camargo 2024: Edital publicado - Blog de Medcof: conte\u00fados, editais, revalida e mais!","description":"O A.C Camargo Cancer Center publicou edital com vagas para resid\u00eancia m\u00e9dica em 2024. Assim, 2 vagas para a especialidade Cirurgia Cabe\u00e7a e..","robots":{"index":"index","follow":"follow","max-snippet":"max-snippet:-1","max-image-preview":"max-image-preview:large","max-video-preview":"max-video-preview:-1"},"canonical":"https:\/\/www.grupomedcof.com.br\/blog\/residencia-medica-a-c-camargo-2024-edital-publicado\/","og_locale":"pt_BR","og_type":"article","og_title":"Resid\u00eancia M\u00e9dica A.C Camargo 2024: Edital publicado","og_description":"O A.C Camargo Cancer Center publicou edital com vagas para resid\u00eancia m\u00e9dica em 2024. Assim, 2 vagas para a especialidade Cirurgia Cabe\u00e7a e..","og_url":"https:\/\/www.grupomedcof.com.br\/blog\/residencia-medica-a-c-camargo-2024-edital-publicado\/","og_site_name":"Blog de Medcof: conte\u00fados, editais, revalida e mais!","article_publisher":"https:\/\/www.facebook.com\/MedCofQbank\/","article_published_time":"2023-08-17T17:16:10+00:00","og_image":[{"width":1024,"height":576,"url":"https:\/\/www.grupomedcof.com.br\/blog\/wp-content\/uploads\/2023\/08\/Blog-MedCof-2023-08-17T135815.953-1024x576.png","type":"image\/png"}],"author":"J\u00falia Moreira","twitter_card":"summary_large_image","twitter_misc":{"Escrito por":"J\u00falia Moreira","Est. tempo de leitura":"8 minutos"},"schema":{"@context":"https:\/\/schema.org","@graph":[{"@type":"Article","@id":"https:\/\/www.grupomedcof.com.br\/blog\/residencia-medica-a-c-camargo-2024-edital-publicado\/#article","isPartOf":{"@id":"https:\/\/www.grupomedcof.com.br\/blog\/residencia-medica-a-c-camargo-2024-edital-publicado\/"},"author":{"name":"J\u00falia Moreira","@id":"https:\/\/www.grupomedcof.com.br\/blog\/#\/schema\/person\/1375e0ce724529d7a1d8156ea7f8ceaa"},"headline":"Resid\u00eancia M\u00e9dica A.C Camargo 2024: Edital publicado","datePublished":"2023-08-17T17:16:10+00:00","mainEntityOfPage":{"@id":"https:\/\/www.grupomedcof.com.br\/blog\/residencia-medica-a-c-camargo-2024-edital-publicado\/"},"wordCount":794,"commentCount":1,"publisher":{"@id":"https:\/\/www.grupomedcof.com.br\/blog\/#organization"},"image":{"@id":"https:\/\/www.grupomedcof.com.br\/blog\/residencia-medica-a-c-camargo-2024-edital-publicado\/#primaryimage"},"thumbnailUrl":"https:\/\/www.grupomedcof.com.br\/blog\/wp-content\/uploads\/2023\/08\/Blog-MedCof-2023-08-17T135815.953.png","keywords":["Cirurgia Cabe\u00e7a e Pesco\u00e7o","Especialidades cir\u00fargicas","Provas de Resid\u00eancia","Resid\u00eancia M\u00e9dica"],"articleSection":["Raio-X Editais","Resid\u00eancia m\u00e9dica: editais, resultados, temas quentes e mais"],"inLanguage":"pt-BR"},{"@type":"WebPage","@id":"https:\/\/www.grupomedcof.com.br\/blog\/residencia-medica-a-c-camargo-2024-edital-publicado\/","url":"https:\/\/www.grupomedcof.com.br\/blog\/residencia-medica-a-c-camargo-2024-edital-publicado\/","name":"Resid\u00eancia M\u00e9dica A.C Camargo 2024: Edital publicado - Blog de Medcof: conte\u00fados, editais, revalida e mais!","isPartOf":{"@id":"https:\/\/www.grupomedcof.com.br\/blog\/#website"},"primaryImageOfPage":{"@id":"https:\/\/www.grupomedcof.com.br\/blog\/residencia-medica-a-c-camargo-2024-edital-publicado\/#primaryimage"},"image":{"@id":"https:\/\/www.grupomedcof.com.br\/blog\/residencia-medica-a-c-camargo-2024-edital-publicado\/#primaryimage"},"thumbnailUrl":"https:\/\/www.grupomedcof.com.br\/blog\/wp-content\/uploads\/2023\/08\/Blog-MedCof-2023-08-17T135815.953.png","datePublished":"2023-08-17T17:16:10+00:00","description":"O A.C Camargo Cancer Center publicou edital com vagas para resid\u00eancia m\u00e9dica em 2024. Assim, 2 vagas para a especialidade Cirurgia Cabe\u00e7a e..","breadcrumb":{"@id":"https:\/\/www.grupomedcof.com.br\/blog\/residencia-medica-a-c-camargo-2024-edital-publicado\/#breadcrumb"},"inLanguage":"pt-BR","potentialAction":[{"@type":"ReadAction","target":["https:\/\/www.grupomedcof.com.br\/blog\/residencia-medica-a-c-camargo-2024-edital-publicado\/"]}]},{"@type":"ImageObject","inLanguage":"pt-BR","@id":"https:\/\/www.grupomedcof.com.br\/blog\/residencia-medica-a-c-camargo-2024-edital-publicado\/#primaryimage","url":"https:\/\/www.grupomedcof.com.br\/blog\/wp-content\/uploads\/2023\/08\/Blog-MedCof-2023-08-17T135815.953.png","contentUrl":"https:\/\/www.grupomedcof.com.br\/blog\/wp-content\/uploads\/2023\/08\/Blog-MedCof-2023-08-17T135815.953.png","width":2560,"height":1440,"caption":"O A.C Camargo Cancer Center publicou edital com vagas para resid\u00eancia m\u00e9dica em 2024. Assim, 2 vagas para a especialidade Cirurgia Cabe\u00e7a e.."},{"@type":"BreadcrumbList","@id":"https:\/\/www.grupomedcof.com.br\/blog\/residencia-medica-a-c-camargo-2024-edital-publicado\/#breadcrumb","itemListElement":[{"@type":"ListItem","position":1,"name":"In\u00edcio","item":"https:\/\/www.grupomedcof.com.br\/blog\/"},{"@type":"ListItem","position":2,"name":"Resid\u00eancia M\u00e9dica A.C Camargo 2024: Edital publicado"}]},{"@type":"WebSite","@id":"https:\/\/www.grupomedcof.com.br\/blog\/#website","url":"https:\/\/www.grupomedcof.com.br\/blog\/","name":"Blog de Medcof: conte\u00fados, editais, revalida e mais!","description":"Acesso o blog de MedCof! Seu portal de conte\u00fados sobre resid\u00eancia m\u00e9dica, an\u00e1lise e editais e muito mais. Clique e confira!","publisher":{"@id":"https:\/\/www.grupomedcof.com.br\/blog\/#organization"},"alternateName":"Blog de Medcof: conte\u00fados, editais, revalida e mais!","potentialAction":[{"@type":"SearchAction","target":{"@type":"EntryPoint","urlTemplate":"https:\/\/www.grupomedcof.com.br\/blog\/?s={search_term_string}"},"query-input":{"@type":"PropertyValueSpecification","valueRequired":true,"valueName":"search_term_string"}}],"inLanguage":"pt-BR"},{"@type":"Organization","@id":"https:\/\/www.grupomedcof.com.br\/blog\/#organization","name":"Grupo MedCof","url":"https:\/\/www.grupomedcof.com.br\/blog\/","logo":{"@type":"ImageObject","inLanguage":"pt-BR","@id":"https:\/\/www.grupomedcof.com.br\/blog\/#\/schema\/logo\/image\/","url":"https:\/\/www.grupomedcof.com.br\/blog\/wp-content\/uploads\/2022\/01\/logo-medcof.png","contentUrl":"https:\/\/www.grupomedcof.com.br\/blog\/wp-content\/uploads\/2022\/01\/logo-medcof.png","width":768,"height":269,"caption":"Grupo MedCof"},"image":{"@id":"https:\/\/www.grupomedcof.com.br\/blog\/#\/schema\/logo\/image\/"},"sameAs":["https:\/\/www.facebook.com\/MedCofQbank\/","https:\/\/www.instagram.com\/grupomedcof\/","https:\/\/br.linkedin.com\/company\/medcof","https:\/\/www.youtube.com\/channel\/UCdHMuOHKICxcHwecxN8P-AA"]},{"@type":"Person","@id":"https:\/\/www.grupomedcof.com.br\/blog\/#\/schema\/person\/1375e0ce724529d7a1d8156ea7f8ceaa","name":"J\u00falia Moreira","image":{"@type":"ImageObject","inLanguage":"pt-BR","@id":"https:\/\/www.grupomedcof.com.br\/blog\/wp-content\/uploads\/2024\/12\/cropped-Captura-de-tela-2023-12-15-094946-96x96.png6a0083ac34a0445de97d55fae63a4a41","url":"https:\/\/www.grupomedcof.com.br\/blog\/wp-content\/uploads\/2024\/12\/cropped-Captura-de-tela-2023-12-15-094946-96x96.png","contentUrl":"https:\/\/www.grupomedcof.com.br\/blog\/wp-content\/uploads\/2024\/12\/cropped-Captura-de-tela-2023-12-15-094946-96x96.png","caption":"J\u00falia Moreira"},"description":"Estudante do 8\u00ba semestre de Jornalismo na ECA-USP, f\u00e3 de filmes de terror e m\u00fasica popular sul-coreana.","sameAs":["https:\/\/www.grupomedcof.com.br\/"],"url":"https:\/\/www.grupomedcof.com.br\/blog\/author\/julia\/"}]}},"authors":[{"term_id":3609,"user_id":6,"is_guest":0,"slug":"julia","display_name":"J\u00falia Moreira","avatar_url":"https:\/\/www.grupomedcof.com.br\/blog\/wp-content\/uploads\/2024\/12\/cropped-Captura-de-tela-2023-12-15-094946-96x96.png","0":null,"1":"","2":"","3":"","4":"","5":"","6":"","7":"","8":""}],"_links":{"self":[{"href":"https:\/\/www.grupomedcof.com.br\/blog\/wp-json\/wp\/v2\/posts\/10553","targetHints":{"allow":["GET"]}}],"collection":[{"href":"https:\/\/www.grupomedcof.com.br\/blog\/wp-json\/wp\/v2\/posts"}],"about":[{"href":"https:\/\/www.grupomedcof.com.br\/blog\/wp-json\/wp\/v2\/types\/post"}],"author":[{"embeddable":true,"href":"https:\/\/www.grupomedcof.com.br\/blog\/wp-json\/wp\/v2\/users\/6"}],"replies":[{"embeddable":true,"href":"https:\/\/www.grupomedcof.com.br\/blog\/wp-json\/wp\/v2\/comments?post=10553"}],"version-history":[{"count":0,"href":"https:\/\/www.grupomedcof.com.br\/blog\/wp-json\/wp\/v2\/posts\/10553\/revisions"}],"wp:featuredmedia":[{"embeddable":true,"href":"https:\/\/www.grupomedcof.com.br\/blog\/wp-json\/wp\/v2\/media\/10556"}],"wp:attachment":[{"href":"https:\/\/www.grupomedcof.com.br\/blog\/wp-json\/wp\/v2\/media?parent=10553"}],"wp:term":[{"taxonomy":"category","embeddable":true,"href":"https:\/\/www.grupomedcof.com.br\/blog\/wp-json\/wp\/v2\/categories?post=10553"},{"taxonomy":"post_tag","embeddable":true,"href":"https:\/\/www.grupomedcof.com.br\/blog\/wp-json\/wp\/v2\/tags?post=10553"},{"taxonomy":"author","embeddable":true,"href":"https:\/\/www.grupomedcof.com.br\/blog\/wp-json\/wp\/v2\/ppma_author?post=10553"}],"curies":[{"name":"wp","href":"https:\/\/api.w.org\/{rel}","templated":true}]}}