{"id":10734,"date":"2023-08-21T16:29:41","date_gmt":"2023-08-21T19:29:41","guid":{"rendered":"https:\/\/www.grupomedcof.com.br\/blog\/?p=10734"},"modified":"2023-08-21T16:29:41","modified_gmt":"2023-08-21T19:29:41","slug":"residencia-medica-amp-2023-2024-vagas-por-especialidade","status":"publish","type":"post","link":"https:\/\/www.grupomedcof.com.br\/blog\/residencia-medica-amp-2023-2024-vagas-por-especialidade\/","title":{"rendered":"Resid\u00eancia M\u00e9dica AMP 2023\/2024: Vagas por Especialidade"},"content":{"rendered":"<div id=\"ez-toc-container\" class=\"ez-toc-v2_0_74 counter-hierarchy ez-toc-counter ez-toc-transparent ez-toc-container-direction\">\n<div class=\"ez-toc-title-container\">\n<p class=\"ez-toc-title\" style=\"cursor:inherit\">Sum\u00e1rio<\/p>\n<span class=\"ez-toc-title-toggle\"><a href=\"#\" class=\"ez-toc-pull-right ez-toc-btn ez-toc-btn-xs ez-toc-btn-default ez-toc-toggle\" aria-label=\"Alternar tabela de conte\u00fado\"><span class=\"ez-toc-js-icon-con\"><span class=\"\"><span class=\"eztoc-hide\" style=\"display:none;\">Toggle<\/span><span class=\"ez-toc-icon-toggle-span\"><svg style=\"fill: #999;color:#999\" xmlns=\"http:\/\/www.w3.org\/2000\/svg\" class=\"list-377408\" width=\"20px\" height=\"20px\" viewBox=\"0 0 24 24\" fill=\"none\"><path d=\"M6 6H4v2h2V6zm14 0H8v2h12V6zM4 11h2v2H4v-2zm16 0H8v2h12v-2zM4 16h2v2H4v-2zm16 0H8v2h12v-2z\" fill=\"currentColor\"><\/path><\/svg><svg style=\"fill: #999;color:#999\" class=\"arrow-unsorted-368013\" xmlns=\"http:\/\/www.w3.org\/2000\/svg\" width=\"10px\" height=\"10px\" viewBox=\"0 0 24 24\" version=\"1.2\" baseProfile=\"tiny\"><path d=\"M18.2 9.3l-6.2-6.3-6.2 6.3c-.2.2-.3.4-.3.7s.1.5.3.7c.2.2.4.3.7.3h11c.3 0 .5-.1.7-.3.2-.2.3-.5.3-.7s-.1-.5-.3-.7zM5.8 14.7l6.2 6.3 6.2-6.3c.2-.2.3-.5.3-.7s-.1-.5-.3-.7c-.2-.2-.4-.3-.7-.3h-11c-.3 0-.5.1-.7.3-.2.2-.3.5-.3.7s.1.5.3.7z\"\/><\/svg><\/span><\/span><\/span><\/a><\/span><\/div>\n<nav><ul class='ez-toc-list ez-toc-list-level-1 ' ><li class='ez-toc-page-1 ez-toc-heading-level-2'><a class=\"ez-toc-link ez-toc-heading-1\" href=\"https:\/\/www.grupomedcof.com.br\/blog\/residencia-medica-amp-2023-2024-vagas-por-especialidade\/#Residencia_Medica_AMP_2024\" >Resid\u00eancia M\u00e9dica AMP 2024<\/a><\/li><li class='ez-toc-page-1 ez-toc-heading-level-2'><a class=\"ez-toc-link ez-toc-heading-2\" href=\"https:\/\/www.grupomedcof.com.br\/blog\/residencia-medica-amp-2023-2024-vagas-por-especialidade\/#Residencia_Medica_AMP_20232024_Vagas_por_Especialidade_de_Acesso_Direto\" >Resid\u00eancia M\u00e9dica AMP: 2023\/2024: Vagas por Especialidade de Acesso Direto<\/a><ul class='ez-toc-list-level-3' ><li class='ez-toc-heading-level-3'><a class=\"ez-toc-link ez-toc-heading-3\" href=\"https:\/\/www.grupomedcof.com.br\/blog\/residencia-medica-amp-2023-2024-vagas-por-especialidade\/#Anestesiologia_AMP_2024\" >Anestesiologia AMP 2024<\/a><\/li><li class='ez-toc-page-1 ez-toc-heading-level-3'><a class=\"ez-toc-link ez-toc-heading-4\" href=\"https:\/\/www.grupomedcof.com.br\/blog\/residencia-medica-amp-2023-2024-vagas-por-especialidade\/#Cirurgia_Cardiovascular\" >Cirurgia Cardiovascular\u00a0<\/a><\/li><li class='ez-toc-page-1 ez-toc-heading-level-3'><a class=\"ez-toc-link ez-toc-heading-5\" href=\"https:\/\/www.grupomedcof.com.br\/blog\/residencia-medica-amp-2023-2024-vagas-por-especialidade\/#Residencia_Medica_em_Cirurgia_Geral_AMP_2024\" >Resid\u00eancia M\u00e9dica em Cirurgia Geral AMP 2024<\/a><\/li><li class='ez-toc-page-1 ez-toc-heading-level-3'><a class=\"ez-toc-link ez-toc-heading-6\" href=\"https:\/\/www.grupomedcof.com.br\/blog\/residencia-medica-amp-2023-2024-vagas-por-especialidade\/#Clinica_Medica_AMP_2024\" >Cl\u00ednica M\u00e9dica AMP 2024<\/a><\/li><li class='ez-toc-page-1 ez-toc-heading-level-3'><a class=\"ez-toc-link ez-toc-heading-7\" href=\"https:\/\/www.grupomedcof.com.br\/blog\/residencia-medica-amp-2023-2024-vagas-por-especialidade\/#Dermatologia\" >Dermatologia\u00a0<\/a><\/li><li class='ez-toc-page-1 ez-toc-heading-level-3'><a class=\"ez-toc-link ez-toc-heading-8\" href=\"https:\/\/www.grupomedcof.com.br\/blog\/residencia-medica-amp-2023-2024-vagas-por-especialidade\/#Residencia_Medica_em_Ginecologia_e_Obstetricia_na_AMP_2024\" >Resid\u00eancia M\u00e9dica em Ginecologia e Obstetr\u00edcia na AMP 2024<\/a><\/li><li class='ez-toc-page-1 ez-toc-heading-level-3'><a class=\"ez-toc-link ez-toc-heading-9\" href=\"https:\/\/www.grupomedcof.com.br\/blog\/residencia-medica-amp-2023-2024-vagas-por-especialidade\/#Infectologia\" >Infectologia<\/a><\/li><li class='ez-toc-page-1 ez-toc-heading-level-3'><a class=\"ez-toc-link ez-toc-heading-10\" href=\"https:\/\/www.grupomedcof.com.br\/blog\/residencia-medica-amp-2023-2024-vagas-por-especialidade\/#Medicina_em_Emergencia_AMP_2024\" >Medicina em Emerg\u00eancia AMP 2024<\/a><\/li><li class='ez-toc-page-1 ez-toc-heading-level-3'><a class=\"ez-toc-link ez-toc-heading-11\" href=\"https:\/\/www.grupomedcof.com.br\/blog\/residencia-medica-amp-2023-2024-vagas-por-especialidade\/#Medicina_de_Familia_e_Comunidade\" >Medicina de Fam\u00edlia e Comunidade\u00a0<\/a><\/li><li class='ez-toc-page-1 ez-toc-heading-level-3'><a class=\"ez-toc-link ez-toc-heading-12\" href=\"https:\/\/www.grupomedcof.com.br\/blog\/residencia-medica-amp-2023-2024-vagas-por-especialidade\/#Residencia_em_Medicina_do_Trabalho_na_AMP_2024\" >Resid\u00eancia em Medicina do Trabalho na AMP 2024<\/a><\/li><li class='ez-toc-page-1 ez-toc-heading-level-3'><a class=\"ez-toc-link ez-toc-heading-13\" href=\"https:\/\/www.grupomedcof.com.br\/blog\/residencia-medica-amp-2023-2024-vagas-por-especialidade\/#Medicina_Intensiva\" >Medicina Intensiva<\/a><\/li><li class='ez-toc-page-1 ez-toc-heading-level-3'><a class=\"ez-toc-link ez-toc-heading-14\" href=\"https:\/\/www.grupomedcof.com.br\/blog\/residencia-medica-amp-2023-2024-vagas-por-especialidade\/#Neurocirurgia\" >Neurocirurgia\u00a0<\/a><\/li><li class='ez-toc-page-1 ez-toc-heading-level-3'><a class=\"ez-toc-link ez-toc-heading-15\" href=\"https:\/\/www.grupomedcof.com.br\/blog\/residencia-medica-amp-2023-2024-vagas-por-especialidade\/#Neurologia_AMP_2024\" >Neurologia AMP 2024<\/a><\/li><\/ul><\/li><li class='ez-toc-page-1 ez-toc-heading-level-2'><a class=\"ez-toc-link ez-toc-heading-16\" href=\"https:\/\/www.grupomedcof.com.br\/blog\/residencia-medica-amp-2023-2024-vagas-por-especialidade\/#Residencia_em_Oftalmologia_AMP_2024\" >Resid\u00eancia em Oftalmologia AMP 2024<\/a><ul class='ez-toc-list-level-3' ><li class='ez-toc-heading-level-3'><a class=\"ez-toc-link ez-toc-heading-17\" href=\"https:\/\/www.grupomedcof.com.br\/blog\/residencia-medica-amp-2023-2024-vagas-por-especialidade\/#Ortopedia_e_Traumatologia_AMP_2024\" >Ortopedia e Traumatologia AMP 2024<\/a><\/li><li class='ez-toc-page-1 ez-toc-heading-level-3'><a class=\"ez-toc-link ez-toc-heading-18\" href=\"https:\/\/www.grupomedcof.com.br\/blog\/residencia-medica-amp-2023-2024-vagas-por-especialidade\/#Otorrinolaringologia\" >Otorrinolaringologia<\/a><\/li><li class='ez-toc-page-1 ez-toc-heading-level-3'><a class=\"ez-toc-link ez-toc-heading-19\" href=\"https:\/\/www.grupomedcof.com.br\/blog\/residencia-medica-amp-2023-2024-vagas-por-especialidade\/#Patologia_AMP_2024\" >Patologia AMP 2024<\/a><\/li><li class='ez-toc-page-1 ez-toc-heading-level-3'><a class=\"ez-toc-link ez-toc-heading-20\" href=\"https:\/\/www.grupomedcof.com.br\/blog\/residencia-medica-amp-2023-2024-vagas-por-especialidade\/#Residencia_em_Pediatria_AMP_2024\" >Resid\u00eancia em Pediatria AMP 2024<\/a><\/li><li class='ez-toc-page-1 ez-toc-heading-level-3'><a class=\"ez-toc-link ez-toc-heading-21\" href=\"https:\/\/www.grupomedcof.com.br\/blog\/residencia-medica-amp-2023-2024-vagas-por-especialidade\/#Residencia_Medica_AMP_20232024_Vagas_por_Especialidade_%E2%80%93_Psiquiatria\" >Resid\u00eancia M\u00e9dica AMP 2023\/2024: Vagas por Especialidade &#8211; Psiquiatria<\/a><\/li><li class='ez-toc-page-1 ez-toc-heading-level-3'><a class=\"ez-toc-link ez-toc-heading-22\" href=\"https:\/\/www.grupomedcof.com.br\/blog\/residencia-medica-amp-2023-2024-vagas-por-especialidade\/#Radiologia_e_Diagnostico_por_Imagem_AMP_2024\" >Radiologia e Diagn\u00f3stico por Imagem AMP 2024<\/a><\/li><li class='ez-toc-page-1 ez-toc-heading-level-3'><a class=\"ez-toc-link ez-toc-heading-23\" href=\"https:\/\/www.grupomedcof.com.br\/blog\/residencia-medica-amp-2023-2024-vagas-por-especialidade\/#Radioterapia\" >Radioterapia<\/a><\/li><li class='ez-toc-page-1 ez-toc-heading-level-3'><a class=\"ez-toc-link ez-toc-heading-24\" href=\"https:\/\/www.grupomedcof.com.br\/blog\/residencia-medica-amp-2023-2024-vagas-por-especialidade\/#Residencia_Medica_AMP_20232024_Vagas_por_Especialidade_com_Pre-Requisito\" >Resid\u00eancia M\u00e9dica AMP 2023\/2024: Vagas por Especialidade com Pr\u00e9-Requisito<\/a><\/li><li class='ez-toc-page-1 ez-toc-heading-level-3'><a class=\"ez-toc-link ez-toc-heading-25\" href=\"https:\/\/www.grupomedcof.com.br\/blog\/residencia-medica-amp-2023-2024-vagas-por-especialidade\/#Cardiologia\" >Cardiologia<\/a><\/li><li class='ez-toc-page-1 ez-toc-heading-level-3'><a class=\"ez-toc-link ez-toc-heading-26\" href=\"https:\/\/www.grupomedcof.com.br\/blog\/residencia-medica-amp-2023-2024-vagas-por-especialidade\/#Cirurgia_Cranio-Maxilo-Facial\" >Cirurgia Cr\u00e2nio-Maxilo-Facial<\/a><\/li><li class='ez-toc-page-1 ez-toc-heading-level-3'><a class=\"ez-toc-link ez-toc-heading-27\" href=\"https:\/\/www.grupomedcof.com.br\/blog\/residencia-medica-amp-2023-2024-vagas-por-especialidade\/#Residencia_Cirurgia_do_Aparelho_Digestivo_AMP_2024\" >Resid\u00eancia Cirurgia do Aparelho Digestivo AMP 2024<\/a><\/li><li class='ez-toc-page-1 ez-toc-heading-level-3'><a class=\"ez-toc-link ez-toc-heading-28\" href=\"https:\/\/www.grupomedcof.com.br\/blog\/residencia-medica-amp-2023-2024-vagas-por-especialidade\/#Cirurgia_do_Trauma_AMP_2024\" >Cirurgia do Trauma AMP 2024<\/a><\/li><li class='ez-toc-page-1 ez-toc-heading-level-3'><a class=\"ez-toc-link ez-toc-heading-29\" href=\"https:\/\/www.grupomedcof.com.br\/blog\/residencia-medica-amp-2023-2024-vagas-por-especialidade\/#Residencia_de_Cirurgia_Oncologica_AMP_2024\" >Resid\u00eancia de Cirurgia Oncol\u00f3gica AMP 2024<\/a><\/li><li class='ez-toc-page-1 ez-toc-heading-level-3'><a class=\"ez-toc-link ez-toc-heading-30\" href=\"https:\/\/www.grupomedcof.com.br\/blog\/residencia-medica-amp-2023-2024-vagas-por-especialidade\/#Cirurgia_Plastica\" >Cirurgia Pl\u00e1stica\u00a0<\/a><\/li><li class='ez-toc-page-1 ez-toc-heading-level-3'><a class=\"ez-toc-link ez-toc-heading-31\" href=\"https:\/\/www.grupomedcof.com.br\/blog\/residencia-medica-amp-2023-2024-vagas-por-especialidade\/#Cirurgia_Toracica_AMP_2024\" >Cirurgia Tor\u00e1cica AMP 2024<\/a><\/li><li class='ez-toc-page-1 ez-toc-heading-level-3'><a class=\"ez-toc-link ez-toc-heading-32\" href=\"https:\/\/www.grupomedcof.com.br\/blog\/residencia-medica-amp-2023-2024-vagas-por-especialidade\/#Residencia_Cirurgia_Vascular_AMP_2024\" >Resid\u00eancia Cirurgia Vascular AMP 2024<\/a><\/li><li class='ez-toc-page-1 ez-toc-heading-level-3'><a class=\"ez-toc-link ez-toc-heading-33\" href=\"https:\/\/www.grupomedcof.com.br\/blog\/residencia-medica-amp-2023-2024-vagas-por-especialidade\/#Coloproctologia\" >Coloproctologia<\/a><\/li><li class='ez-toc-page-1 ez-toc-heading-level-3'><a class=\"ez-toc-link ez-toc-heading-34\" href=\"https:\/\/www.grupomedcof.com.br\/blog\/residencia-medica-amp-2023-2024-vagas-por-especialidade\/#Endocrinologia_e_Metabologia_AMP_2024\" >Endocrinologia e Metabologia AMP 2024<\/a><\/li><li class='ez-toc-page-1 ez-toc-heading-level-3'><a class=\"ez-toc-link ez-toc-heading-35\" href=\"https:\/\/www.grupomedcof.com.br\/blog\/residencia-medica-amp-2023-2024-vagas-por-especialidade\/#Residencia_em_Endoscopia_AMP_2024\" >Resid\u00eancia em Endoscopia AMP 2024<\/a><\/li><li class='ez-toc-page-1 ez-toc-heading-level-3'><a class=\"ez-toc-link ez-toc-heading-36\" href=\"https:\/\/www.grupomedcof.com.br\/blog\/residencia-medica-amp-2023-2024-vagas-por-especialidade\/#Gastroenterologia\" >Gastroenterologia<\/a><\/li><li class='ez-toc-page-1 ez-toc-heading-level-3'><a class=\"ez-toc-link ez-toc-heading-37\" href=\"https:\/\/www.grupomedcof.com.br\/blog\/residencia-medica-amp-2023-2024-vagas-por-especialidade\/#Residencia_Medica_AMP_20232024_Vagas_por_Especialidade_%E2%80%93_Geriatria\" >Resid\u00eancia M\u00e9dica AMP 2023\/2024: Vagas por Especialidade &#8211;\u00a0Geriatria<\/a><\/li><li class='ez-toc-page-1 ez-toc-heading-level-3'><a class=\"ez-toc-link ez-toc-heading-38\" href=\"https:\/\/www.grupomedcof.com.br\/blog\/residencia-medica-amp-2023-2024-vagas-por-especialidade\/#Hematologia_e_Hemoterapia_na_AMP_2024\" >Hematologia e Hemoterapia na AMP 2024<\/a><\/li><li class='ez-toc-page-1 ez-toc-heading-level-3'><a class=\"ez-toc-link ez-toc-heading-39\" href=\"https:\/\/www.grupomedcof.com.br\/blog\/residencia-medica-amp-2023-2024-vagas-por-especialidade\/#Mastologia\" >Mastologia<\/a><\/li><li class='ez-toc-page-1 ez-toc-heading-level-3'><a class=\"ez-toc-link ez-toc-heading-40\" href=\"https:\/\/www.grupomedcof.com.br\/blog\/residencia-medica-amp-2023-2024-vagas-por-especialidade\/#Residencia_de_Nefrologia_AMP_2024\" >Resid\u00eancia de Nefrologia AMP 2024<\/a><\/li><li class='ez-toc-page-1 ez-toc-heading-level-3'><a class=\"ez-toc-link ez-toc-heading-41\" href=\"https:\/\/www.grupomedcof.com.br\/blog\/residencia-medica-amp-2023-2024-vagas-por-especialidade\/#Oncologia_AMP_2024\" >Oncologia AMP 2024<\/a><\/li><li class='ez-toc-page-1 ez-toc-heading-level-3'><a class=\"ez-toc-link ez-toc-heading-42\" href=\"https:\/\/www.grupomedcof.com.br\/blog\/residencia-medica-amp-2023-2024-vagas-por-especialidade\/#Reumatologia\" >Reumatologia<\/a><\/li><li class='ez-toc-page-1 ez-toc-heading-level-3'><a class=\"ez-toc-link ez-toc-heading-43\" href=\"https:\/\/www.grupomedcof.com.br\/blog\/residencia-medica-amp-2023-2024-vagas-por-especialidade\/#Residencia_em_Urologia_AMP_2024\" >Resid\u00eancia em Urologia AMP 2024<\/a><\/li><\/ul><\/li><li class='ez-toc-page-1 ez-toc-heading-level-2'><a class=\"ez-toc-link ez-toc-heading-44\" href=\"https:\/\/www.grupomedcof.com.br\/blog\/residencia-medica-amp-2023-2024-vagas-por-especialidade\/#Residencia_Medica_AMP_20232024_Vagas_por_Especialidade_de_Areas_de_Atuacao\" >Resid\u00eancia M\u00e9dica AMP 2023\/2024: Vagas por Especialidade de \u00c1reas de Atua\u00e7\u00e3o<\/a><ul class='ez-toc-list-level-3' ><li class='ez-toc-heading-level-3'><a class=\"ez-toc-link ez-toc-heading-45\" href=\"https:\/\/www.grupomedcof.com.br\/blog\/residencia-medica-amp-2023-2024-vagas-por-especialidade\/#Medicina_Intensiva_Pediatrica_AMP_2024\" >Medicina Intensiva Pedi\u00e1trica AMP 2024<\/a><\/li><li class='ez-toc-page-1 ez-toc-heading-level-3'><a class=\"ez-toc-link ez-toc-heading-46\" href=\"https:\/\/www.grupomedcof.com.br\/blog\/residencia-medica-amp-2023-2024-vagas-por-especialidade\/#Residencia_Medicina_Paliativa_AMP_2024\" >Resid\u00eancia Medicina Paliativa AMP 2024<\/a><\/li><li class='ez-toc-page-1 ez-toc-heading-level-3'><a class=\"ez-toc-link ez-toc-heading-47\" href=\"https:\/\/www.grupomedcof.com.br\/blog\/residencia-medica-amp-2023-2024-vagas-por-especialidade\/#Residencia_Oncologia_Pediatrica_AMP_2024\" >Resid\u00eancia Oncologia Pedi\u00e1trica AMP 2024<\/a><\/li><li class='ez-toc-page-1 ez-toc-heading-level-3'><a class=\"ez-toc-link ez-toc-heading-48\" href=\"https:\/\/www.grupomedcof.com.br\/blog\/residencia-medica-amp-2023-2024-vagas-por-especialidade\/#Residencia_Medica_AMP_20232024_Vagas_por_especialidade_de_Anos_Adicionais\" >Resid\u00eancia M\u00e9dica AMP 2023\/2024: Vagas por especialidade de Anos Adicionais<\/a><\/li><\/ul><\/li><li class='ez-toc-page-1 ez-toc-heading-level-2'><a class=\"ez-toc-link ez-toc-heading-49\" href=\"https:\/\/www.grupomedcof.com.br\/blog\/residencia-medica-amp-2023-2024-vagas-por-especialidade\/#Conquiste_a_aprovacao\" >Conquiste a aprova\u00e7\u00e3o<\/a><\/li><\/ul><\/nav><\/div>\n<p><img loading=\"lazy\" decoding=\"async\" width=\"800\" height=\"450\" src=\"https:\/\/www.grupomedcof.com.br\/blog\/wp-content\/uploads\/2023\/08\/Blog-MedCof-2023-08-21T142610.965-1024x576.png\" alt=\"amp 2024, resid\u00eancia m\u00e9dica amp 2024, vagas amp 2024, resid\u00eancia amp 2024, amp 2023, amp residencia medica, residencia medica amp, amp residencia, amp resid\u00eancia m\u00e9dica, amp resid\u00eancia m\u00e9dica 2023, edital amp\" srcset=\"https:\/\/www.grupomedcof.com.br\/blog\/wp-content\/uploads\/2023\/08\/Blog-MedCof-2023-08-21T142610.965-1024x576.png 1024w, https:\/\/www.grupomedcof.com.br\/blog\/wp-content\/uploads\/2023\/08\/Blog-MedCof-2023-08-21T142610.965-300x169.png 300w, https:\/\/www.grupomedcof.com.br\/blog\/wp-content\/uploads\/2023\/08\/Blog-MedCof-2023-08-21T142610.965-768x432.png 768w, https:\/\/www.grupomedcof.com.br\/blog\/wp-content\/uploads\/2023\/08\/Blog-MedCof-2023-08-21T142610.965-1536x864.png 1536w, https:\/\/www.grupomedcof.com.br\/blog\/wp-content\/uploads\/2023\/08\/Blog-MedCof-2023-08-21T142610.965-2048x1152.png 2048w\" sizes=\"auto, (max-width: 800px) 100vw, 800px\" \/>\t\t\t\t\t\t\t\t\t\t\t\t\t\t\t<\/p>\n<p>Saiba as vagas para resid\u00eancia m\u00e9dica s\u00e3o ofertadas para cada especialidade do AMP 2024. S\u00e3o<strong> mais de 600 vagas<\/strong> distribu\u00eddas entre as <strong>39 institui\u00e7\u00f5es aderentes ao processo seletivo.<\/strong><\/p>\n<h4>\n\t\t\t\tVeja a seguir\t\t\t<\/h4>\n<h2 style=\"font-family: Poppins, sans-serif; color: #7a7a7a;\"><span class=\"ez-toc-section\" id=\"Residencia_Medica_AMP_2024\"><\/span>Resid\u00eancia M\u00e9dica AMP 2024<span class=\"ez-toc-section-end\"><\/span><\/h2>\n<p>O\u00a0<strong><a href=\"https:\/\/www.grupomedcof.com.br\/blog\/residencia-medica-amp-2023-2024-edital-publicado\/\" target=\"_blank\" rel=\"noopener\">edital de abertura<\/a><\/strong>\u00a0do processo seletivo da AMP 2024\u00a0 conta com as 39 institui\u00e7\u00f5es\u00a0que ofertam vagas para resid\u00eancia m\u00e9dica. Assim, de acordo com o\u00a0<a href=\"https:\/\/cms.amp.org.br\/arquivos\/bibliotecaarquivos\/edital-amp-2023_1692363588.pdf\" target=\"_blank\" rel=\"nofollow noopener\">documento<\/a>, as inscri\u00e7\u00f5es ocorrer\u00e3o entre os dias\u00a004 de setembro e 02 de outubro, mediante o preenchimento do formul\u00e1rio de inscri\u00e7\u00e3o e o pagamento da taxa de\u00a0R$ 550,00\u00a0acrescido da taxa da institui\u00e7\u00e3o escolhida.<br \/>\nAl\u00e9m disso, o processo seletivo da AMP 2023\/2024 ter\u00e1 duas fases avaliativas, uma prova objetiva e uma an\u00e1lise curricular.<br \/>\n\t\t\t\t\t\t\t\t\t\t\t\t\t\t\t\t<a href=\"https:\/\/www.grupomedcof.com.br\/reta-final-dominada-links\/\" target=\"_blank\" rel=\"noopener\"><br \/>\n\t\t\t\t\t\t\t<img loading=\"lazy\" decoding=\"async\" width=\"800\" height=\"130\" src=\"https:\/\/www.grupomedcof.com.br\/blog\/wp-content\/uploads\/2023\/08\/Blog-MedCof-2023-08-03T121639.017-1024x166.png\" alt=\"medcof residencia medica, curso Intensivo para Resid\u00eancia M\u00e9dica, curso para resid\u00eancia m\u00e9dica, medcof reta final dominada, reta final dominada, aulas medcof,\" srcset=\"https:\/\/www.grupomedcof.com.br\/blog\/wp-content\/uploads\/2023\/08\/Blog-MedCof-2023-08-03T121639.017-1024x166.png 1024w, https:\/\/www.grupomedcof.com.br\/blog\/wp-content\/uploads\/2023\/08\/Blog-MedCof-2023-08-03T121639.017-300x49.png 300w, https:\/\/www.grupomedcof.com.br\/blog\/wp-content\/uploads\/2023\/08\/Blog-MedCof-2023-08-03T121639.017-768x125.png 768w, https:\/\/www.grupomedcof.com.br\/blog\/wp-content\/uploads\/2023\/08\/Blog-MedCof-2023-08-03T121639.017-1536x249.png 1536w, https:\/\/www.grupomedcof.com.br\/blog\/wp-content\/uploads\/2023\/08\/Blog-MedCof-2023-08-03T121639.017-2048x332.png 2048w\" sizes=\"auto, (max-width: 800px) 100vw, 800px\" \/>\t\t\t\t\t\t\t\t<\/a><\/p>\n<h2><span class=\"ez-toc-section\" id=\"Residencia_Medica_AMP_20232024_Vagas_por_Especialidade_de_Acesso_Direto\"><\/span><strong>Resid\u00eancia M\u00e9dica AMP: 2023\/2024: Vagas por Especialidade de Acesso Direto<\/strong><span class=\"ez-toc-section-end\"><\/span><\/h2>\n<p>Al\u00e9m disso, atrav\u00e9s do<strong><a href=\"https:\/\/ucamp.org.br\/residencia-medica\" target=\"_blank\" rel=\"nofollow noopener\"> site da UCAMP<\/a><\/strong>, voc\u00ea tamb\u00e9m pode conferir o edital de cada institui\u00e7\u00e3o contendo o n\u00famero de vagas para cada especialidade. Mas, para polpar o seu tempo j\u00e1 temos estas informa\u00e7\u00f5es dispon\u00edveis logo abaixo:<\/p>\n<h3><span class=\"ez-toc-section\" id=\"Anestesiologia_AMP_2024\"><\/span><strong>Anestesiologia AMP 2024<\/strong><span class=\"ez-toc-section-end\"><\/span><\/h3>\n<p>De acordo com os editais dispon\u00edveis,\u00a0 19 institui\u00e7\u00f5es oferecem mais de 40 vagas para a resid\u00eancia m\u00e9dica de Anestesiologia.<\/p>\n<table>\n<thead>\n<tr>\n<th>Institui\u00e7\u00f5es<\/th>\n<th data-align=\"center\">N\u00ba Vagas<\/th>\n<\/tr>\n<\/thead>\n<tbody>\n<tr>\n<td>Associa\u00e7\u00e3o Beneficente de Sa\u00fade do Noroeste do Paran\u00e1 \u2013 NOROSPAR<\/td>\n<td data-align=\"center\">2<\/td>\n<\/tr>\n<tr>\n<td>Centro Universit\u00e1rio Ing\u00e1 \u2013 Uning\u00e1<\/td>\n<td data-align=\"center\">1<\/td>\n<\/tr>\n<tr>\n<td>Escola de Sa\u00fade P\u00fablica S\u00e3o Jos\u00e9 dos Pinhais<\/td>\n<td data-align=\"center\">2<\/td>\n<\/tr>\n<tr>\n<td>Sistema Integrada de Sa\u00fade do Norte do Paran\u00e1 \u2013 Hospital Center Cl\u00ednicas (SISNOR)<\/td>\n<td data-align=\"center\">2<\/td>\n<\/tr>\n<tr>\n<td>Hospital da Provid\u00eancia e Hospital da Provid\u00eancia Materno Infantil<\/td>\n<td data-align=\"center\">3<\/td>\n<\/tr>\n<tr>\n<td>Hospital Nossa Senhora das Gra\u00e7as<\/td>\n<td data-align=\"center\">3<\/td>\n<\/tr>\n<tr>\n<td>Hospital S\u00e3o Vicente de Paulo<\/td>\n<td data-align=\"center\">2<\/td>\n<\/tr>\n<tr>\n<td>Instituto de Neurologia de Curitiba (INC)<\/td>\n<td data-align=\"center\">2<\/td>\n<\/tr>\n<tr>\n<td>Hospital Filantr\u00f3pico Policl\u00ednica\/Instituto Policl\u00ednica de Pato Branco<\/td>\n<td data-align=\"center\">2<\/td>\n<\/tr>\n<tr>\n<td>Rede de Assist\u00eancia \u00e0 Sa\u00fade Metropolitana de Sarandi<\/td>\n<td data-align=\"center\">2<\/td>\n<\/tr>\n<tr>\n<td>Santa Casa de Ponta Grossa<\/td>\n<td data-align=\"center\">2<\/td>\n<\/tr>\n<tr>\n<td>Hospital do Trabalhador<\/td>\n<td data-align=\"center\">3<\/td>\n<\/tr>\n<tr>\n<td>Hospital Erasto Gaertner<\/td>\n<td data-align=\"center\">1<\/td>\n<\/tr>\n<tr>\n<td>Hospital Universit\u00e1rio Regional dos Campos Gerais \u2013 Wallace Thadeu de Mello e Silva<\/td>\n<td data-align=\"center\">1<\/td>\n<\/tr>\n<tr>\n<td>Instituto Nossa Senhora Aparecida<\/td>\n<td data-align=\"center\">2<\/td>\n<\/tr>\n<tr>\n<td>Irmandade da Santa Casa de Londrina<\/td>\n<td data-align=\"center\">5<\/td>\n<\/tr>\n<tr>\n<td>Hospital Evang\u00e9lico de Londrina<\/td>\n<td data-align=\"center\">4<\/td>\n<\/tr>\n<tr>\n<td>Hospital Evang\u00e9lico Mackenzie<\/td>\n<td data-align=\"center\">4<\/td>\n<\/tr>\n<tr>\n<td>Hospital Santa Casa de Curitiba<\/td>\n<td data-align=\"center\">4<\/td>\n<\/tr>\n<\/tbody>\n<\/table>\n<h3><span class=\"ez-toc-section\" id=\"Cirurgia_Cardiovascular\"><\/span><strong>Cirurgia Cardiovascular\u00a0<\/strong><span class=\"ez-toc-section-end\"><\/span><\/h3>\n<table>\n<thead>\n<tr>\n<th>Institui\u00e7\u00f5es<\/th>\n<th data-align=\"center\">N\u00ba Vagas<\/th>\n<\/tr>\n<\/thead>\n<tbody>\n<tr>\n<td>Hospital do Rocio<\/td>\n<td data-align=\"center\">1<\/td>\n<\/tr>\n<tr>\n<td>Hospital Evang\u00e9lico de Londrina<\/td>\n<td data-align=\"center\">2<\/td>\n<\/tr>\n<tr>\n<td>Instituto de Neurologia de Curitiba (INC)<\/td>\n<td data-align=\"center\">1<\/td>\n<\/tr>\n<tr>\n<td>Cruz Vermelha<\/td>\n<td data-align=\"center\">2<\/td>\n<\/tr>\n<tr>\n<td>Hospital Santa Casa de Curitiba<\/td>\n<td data-align=\"center\">2<\/td>\n<\/tr>\n<tr>\n<td>Instituto Nossa Senhora Aparecida<\/td>\n<td data-align=\"center\">1<\/td>\n<\/tr>\n<tr>\n<td>Irmandade da Santa Casa de Londrina<\/td>\n<td data-align=\"center\">2<\/td>\n<\/tr>\n<\/tbody>\n<\/table>\n<h3><span class=\"ez-toc-section\" id=\"Residencia_Medica_em_Cirurgia_Geral_AMP_2024\"><\/span><strong>Resid\u00eancia M\u00e9dica em Cirurgia Geral AMP 2024<\/strong><span class=\"ez-toc-section-end\"><\/span><\/h3>\n<p>Nesta edi\u00e7\u00e3o, 22 institui\u00e7\u00f5es ofertam quase 70 vagas para a especialidade de cirurgia geral, veja seguir:<\/p>\n<table>\n<thead>\n<tr>\n<th>Institui\u00e7\u00f5es<\/th>\n<th data-align=\"center\">N\u00ba Vagas<\/th>\n<\/tr>\n<\/thead>\n<tbody>\n<tr>\n<td>Rede de Assist\u00eancia \u00e0 Sa\u00fade Metropolitana de Sarandi<\/td>\n<td data-align=\"center\">2<\/td>\n<\/tr>\n<tr>\n<td>Associa\u00e7\u00e3o Beneficente S\u00e3o Francisco de Assis\u00a0 \u2013 ABESF (cemil)<\/td>\n<td data-align=\"center\">2<\/td>\n<\/tr>\n<tr>\n<td>Hospital da Provid\u00eancia e Hospital da Provid\u00eancia Materno Infantil<\/td>\n<td data-align=\"center\">2<\/td>\n<\/tr>\n<tr>\n<td>Hospital do C\u00e2ncer UOPECCAN de Umuarama<\/td>\n<td data-align=\"center\">2<\/td>\n<\/tr>\n<tr>\n<td>Hospital Nossa Senhora das Gra\u00e7as<\/td>\n<td data-align=\"center\">3<\/td>\n<\/tr>\n<tr>\n<td>Hospital S\u00e3o Vicente de Paulo<\/td>\n<td data-align=\"center\">2<\/td>\n<\/tr>\n<tr>\n<td>Hospital S\u00e3o Vicente<\/td>\n<td data-align=\"center\">1<\/td>\n<\/tr>\n<tr>\n<td>Santa Casa de Ponta Grossa<\/td>\n<td data-align=\"center\">3<\/td>\n<\/tr>\n<tr>\n<td>Universidade Estadual do Oeste do Paran\u00e1 \u2013 UNIOESTE Campus de Francisco Beltr\u00e3o<\/td>\n<td data-align=\"center\">3<\/td>\n<\/tr>\n<tr>\n<td>Associa\u00e7\u00e3o Beneficente de Sa\u00fade do Noroeste do Paran\u00e1 \u2013 NOROSPAR<\/td>\n<td data-align=\"center\">2<\/td>\n<\/tr>\n<tr>\n<td>Centro Universit\u00e1rio Ing\u00e1 \u2013 Uning\u00e1<\/td>\n<td data-align=\"center\">2<\/td>\n<\/tr>\n<tr>\n<td>Escola de Sa\u00fade P\u00fablica S\u00e3o Jos\u00e9 dos Pinhais<\/td>\n<td data-align=\"center\">3<\/td>\n<\/tr>\n<tr>\n<td>Cruz Vermelha<\/td>\n<td data-align=\"center\">2<\/td>\n<\/tr>\n<tr>\n<td>Hospital do Trabalhador<\/td>\n<td data-align=\"center\">6<\/td>\n<\/tr>\n<tr>\n<td>HOSPITAL EVANG\u00c9LICO DE LONDRINA<\/td>\n<td data-align=\"center\">2<\/td>\n<\/tr>\n<tr>\n<td>Hospital Evang\u00e9lico Mackenzie<\/td>\n<td data-align=\"center\">6<\/td>\n<\/tr>\n<tr>\n<td>Hospital Universit\u00e1rio Regional dos Campos Gerais \u2013 Wallace Thadeu de Mello e Silva<\/td>\n<td data-align=\"center\">3<\/td>\n<\/tr>\n<tr>\n<td>Hospital Filantr\u00f3pico Policl\u00ednica\/Instituto Policl\u00ednica de Pato Branco<\/td>\n<td data-align=\"center\">2<\/td>\n<\/tr>\n<tr>\n<td>Irmandade da Santa Casa de Londrina<\/td>\n<td data-align=\"center\">3<\/td>\n<\/tr>\n<tr>\n<td>Universidade Estadual do Oeste do Paran\u00e1 \u2013 UNIOESTE<\/td>\n<td data-align=\"center\">5<\/td>\n<\/tr>\n<tr>\n<td>Hospital Santa Casa de Curitiba<\/td>\n<td data-align=\"center\">5<\/td>\n<\/tr>\n<tr>\n<td>Hospital do Rocio<\/td>\n<td data-align=\"center\">7<\/td>\n<\/tr>\n<\/tbody>\n<\/table>\n<h3><span class=\"ez-toc-section\" id=\"Clinica_Medica_AMP_2024\"><\/span><strong>Cl\u00ednica M\u00e9dica AMP 2024<\/strong><span class=\"ez-toc-section-end\"><\/span><\/h3>\n<p>A Cl\u00ednica M\u00e9dica est\u00e1 ao lado de Cirurgia Geral entre as especialidades que mais ofertam vagas e que mais t\u00eam concorr\u00eancia. Sendo assim, no processo seletivo do AMP 2024 mais de 20 institui\u00e7\u00f5es ofertam juntas quase 80 vagas.<\/p>\n<table>\n<thead>\n<tr>\n<th>Institui\u00e7\u00f5es<\/th>\n<th data-align=\"center\">N\u00ba Vagas<\/th>\n<\/tr>\n<\/thead>\n<tbody>\n<tr>\n<td>Associa\u00e7\u00e3o Beneficente de Sa\u00fade do Noroeste do Paran\u00e1 \u2013 NOROSPAR<\/td>\n<td data-align=\"center\">2<\/td>\n<\/tr>\n<tr>\n<td>Centro Universit\u00e1rio Ing\u00e1 \u2013 Uning\u00e1<\/td>\n<td data-align=\"center\">2<\/td>\n<\/tr>\n<tr>\n<td>Escola de Sa\u00fade P\u00fablica S\u00e3o Jos\u00e9 dos Pinhais<\/td>\n<td data-align=\"center\">6<\/td>\n<\/tr>\n<tr>\n<td>Associa\u00e7\u00e3o Beneficente S\u00e3o Francisco de Assis \u2013 ABESF (Cemil)<\/td>\n<td data-align=\"center\">3<\/td>\n<\/tr>\n<tr>\n<td>Cruz Vermelha<\/td>\n<td data-align=\"center\">2<\/td>\n<\/tr>\n<tr>\n<td>Hospital da Provid\u00eancia e Hospital da Provid\u00eancia Materno Infantil<\/td>\n<td data-align=\"center\">3<\/td>\n<\/tr>\n<tr>\n<td>Hospital do C\u00e2ncer UOPECCAN de Umuarama<\/td>\n<td data-align=\"center\">2<\/td>\n<\/tr>\n<tr>\n<td>Hospital Nossa Senhora das Gra\u00e7as<\/td>\n<td data-align=\"center\">2<\/td>\n<\/tr>\n<tr>\n<td>Instituto Nossa Senhora Aparecida<\/td>\n<td data-align=\"center\">2<\/td>\n<\/tr>\n<tr>\n<td>Santa Casa de Ponta Grossa<\/td>\n<td data-align=\"center\">6<\/td>\n<\/tr>\n<tr>\n<td>Universidade Estadual do Oeste do Paran\u00e1 \u2013 UNIOESTE<\/td>\n<td data-align=\"center\">8<\/td>\n<\/tr>\n<tr>\n<td>Universidade Estadual do Oeste do Paran\u00e1 \u2013 UNIOESTE Campus de Francisco Beltr\u00e3o<\/td>\n<td data-align=\"center\">2<\/td>\n<\/tr>\n<tr>\n<td>Sistema Integrada de Sa\u00fade do Norte do Paran\u00e1 \u2013 Hospital Center Cl\u00ednicas (SISNOR)<\/td>\n<td data-align=\"center\">2<\/td>\n<\/tr>\n<tr>\n<td>Cruz Vermelha &#8211; Especializa\u00e7\u00e3o<\/td>\n<td data-align=\"center\">1<\/td>\n<\/tr>\n<tr>\n<td>Hospital Evang\u00e9lico de Londrina<\/td>\n<td data-align=\"center\">3<\/td>\n<\/tr>\n<tr>\n<td>Hospital Evang\u00e9lico Mackenzie<\/td>\n<td data-align=\"center\">7<\/td>\n<\/tr>\n<tr>\n<td>Hospital S\u00e3o Lucas de Pato Branco<\/td>\n<td data-align=\"center\">2<\/td>\n<\/tr>\n<tr>\n<td>Rede de Assist\u00eancia \u00e0 Sa\u00fade Metropolitana de Sarandi<\/td>\n<td data-align=\"center\">6<\/td>\n<\/tr>\n<tr>\n<td>Universidade Estadual do Centro-Oeste \u2013 UNICENTRO<\/td>\n<td data-align=\"center\">5<\/td>\n<\/tr>\n<tr>\n<td>Irmandade da Santa Casa de Londrina<\/td>\n<td data-align=\"center\">6<\/td>\n<\/tr>\n<tr>\n<td>Hospital Universit\u00e1rio Regional dos Campos Gerais \u2013 Wallace Thadeu de Mello e Silva<\/td>\n<td data-align=\"center\">4<\/td>\n<\/tr>\n<tr>\n<td>Hospital Filantr\u00f3pico Policl\u00ednica\/Instituto Policl\u00ednica de Pato Branco<\/td>\n<td data-align=\"center\">3<\/td>\n<\/tr>\n<\/tbody>\n<\/table>\n<h3><span class=\"ez-toc-section\" id=\"Dermatologia\"><\/span><strong>Dermatologia\u00a0<\/strong><span class=\"ez-toc-section-end\"><\/span><\/h3>\n<p>Se voc\u00ea pensa em concorrer a alguma vaga da resid\u00eancia em dermatologia, ent\u00e3o veja quais institui\u00e7\u00f5es est\u00e3o ofertando vagas para no processo seletivo da AMP 2024.<\/p>\n<table>\n<thead>\n<tr>\n<th>Institui\u00e7\u00f5es<\/th>\n<th data-align=\"center\">N\u00ba Vagas<\/th>\n<\/tr>\n<\/thead>\n<tbody>\n<tr>\n<td>Universidade Estadual do Paran\u00e1 \u2013 UNIOESTE<\/td>\n<td data-align=\"center\">1<\/td>\n<\/tr>\n<tr>\n<td>Hospital Santa Casa de Curitiba<\/td>\n<td data-align=\"center\">3<\/td>\n<\/tr>\n<tr>\n<td>Hospital Evang\u00e9lico Mackenzie<\/td>\n<td data-align=\"center\">1<\/td>\n<\/tr>\n<\/tbody>\n<\/table>\n<h3><span class=\"ez-toc-section\" id=\"Residencia_Medica_em_Ginecologia_e_Obstetricia_na_AMP_2024\"><\/span><strong>Resid\u00eancia M\u00e9dica em Ginecologia e Obstetr\u00edcia na AMP 2024<\/strong><span class=\"ez-toc-section-end\"><\/span><\/h3>\n<p>A especialidade de Ginecologia e Obstetr\u00edcia est\u00e1 entre as 5 grandes \u00e1reas m\u00e9dicas e pode servir de pr\u00e9-requisito para algumas subespecializa\u00e7\u00f5es. Portanto, se voc\u00ea quer se candidatar a alguma vaga dispon\u00edvel no processo seletivo do AMP 2024, veja abaixo as institui\u00e7\u00f5es dispon\u00edveis:<\/p>\n<table>\n<thead>\n<tr>\n<th>Institui\u00e7\u00f5es<\/th>\n<th data-align=\"center\">N\u00ba Vagas<\/th>\n<\/tr>\n<\/thead>\n<tbody>\n<tr>\n<td>Hospital Nossa Senhora das Gra\u00e7as<\/td>\n<td data-align=\"center\">5<\/td>\n<\/tr>\n<tr>\n<td>Hospital S\u00e3o Lucas de Pato Branco<\/td>\n<td data-align=\"center\">3<\/td>\n<\/tr>\n<tr>\n<td>Hospital S\u00e3o Vicente de Paulo<\/td>\n<td data-align=\"center\">2<\/td>\n<\/tr>\n<tr>\n<td>Associa\u00e7\u00e3o Beneficente de Sa\u00fade do Noroeste do Paran\u00e1 \u2013 NOROSPAR<\/td>\n<td data-align=\"center\">2<\/td>\n<\/tr>\n<tr>\n<td>Hospital do Trabalhador<\/td>\n<td data-align=\"center\">5<\/td>\n<\/tr>\n<tr>\n<td>HOSPITAL EVANG\u00c9LICO DE LONDRINA<\/td>\n<td data-align=\"center\">2<\/td>\n<\/tr>\n<tr>\n<td>Hospital Santa Br\u00edgida<\/td>\n<td data-align=\"center\">5<\/td>\n<\/tr>\n<tr>\n<td>Hospital Santa Casa de Curitiba<\/td>\n<td data-align=\"center\">4<\/td>\n<\/tr>\n<tr>\n<td>Hospital Universit\u00e1rio Regional dos Campos Gerais \u2013 Wallace Thadeu de Mello e Silva<\/td>\n<td data-align=\"center\">3<\/td>\n<\/tr>\n<tr>\n<td>Hospital Evang\u00e9lico Mackenzie<\/td>\n<td data-align=\"center\">7<\/td>\n<\/tr>\n<tr>\n<td>Hospital do Rocio<\/td>\n<td data-align=\"center\">2<\/td>\n<\/tr>\n<tr>\n<td>Escola de Sa\u00fade P\u00fablica S\u00e3o Jos\u00e9 dos Pinhais<\/td>\n<td data-align=\"center\">5<\/td>\n<\/tr>\n<tr>\n<td>Universidade Estadual do Oeste do Paran\u00e1\u00a0 \u2013 UNIOESTE<\/td>\n<td data-align=\"center\">4<\/td>\n<\/tr>\n<\/tbody>\n<\/table>\n<h3><span class=\"ez-toc-section\" id=\"Infectologia\"><\/span><strong>Infectologia<\/strong><span class=\"ez-toc-section-end\"><\/span><\/h3>\n<p>De acordo com os editais dispon\u00edveis no site da UCAMP, apenas duas institui\u00e7\u00f5es ofertam vagas para a especialidade de infectologia.<\/p>\n<table>\n<thead>\n<tr>\n<th>Institui\u00e7\u00f5es<\/th>\n<th data-align=\"center\">N\u00ba Vagas<\/th>\n<\/tr>\n<\/thead>\n<tbody>\n<tr>\n<td>Hospital Nossa Senhora das Gra\u00e7as<\/td>\n<td data-align=\"center\">2<\/td>\n<\/tr>\n<tr>\n<td>Hospital do Trabalhador<\/td>\n<td data-align=\"center\">2<\/td>\n<\/tr>\n<\/tbody>\n<\/table>\n<h3><span class=\"ez-toc-section\" id=\"Medicina_em_Emergencia_AMP_2024\"><\/span><strong>Medicina em Emerg\u00eancia AMP 2024<\/strong><span class=\"ez-toc-section-end\"><\/span><\/h3>\n<table>\n<thead>\n<tr>\n<th>Institui\u00e7\u00f5es<\/th>\n<th data-align=\"center\">N\u00ba Vagas<\/th>\n<\/tr>\n<\/thead>\n<tbody>\n<tr>\n<td>Cruz Vermelha<\/td>\n<td data-align=\"center\">4<\/td>\n<\/tr>\n<tr>\n<td>Universidade Estadual do Oeste do Paran\u00e1 \u2013 UNIOESTE<\/td>\n<td data-align=\"center\">2<\/td>\n<\/tr>\n<tr>\n<td>Hospital Santa Casa de Curitiba<\/td>\n<td data-align=\"center\">2<\/td>\n<\/tr>\n<\/tbody>\n<\/table>\n<h3><span class=\"ez-toc-section\" id=\"Medicina_de_Familia_e_Comunidade\"><\/span><strong>Medicina de Fam\u00edlia e Comunidade\u00a0<\/strong><span class=\"ez-toc-section-end\"><\/span><\/h3>\n<p>Segundo os editais, 5 institui\u00e7\u00f5es ofertam o total de 22 vagas para resid\u00eancia m\u00e9dica.<\/p>\n<table>\n<thead>\n<tr>\n<th>Institui\u00e7\u00f5es<\/th>\n<th data-align=\"center\">N\u00ba de vagas<\/th>\n<\/tr>\n<\/thead>\n<tbody>\n<tr>\n<td>Instituto Nossa Senhora Aparecida<\/td>\n<td data-align=\"center\">2<\/td>\n<\/tr>\n<tr>\n<td>Associa\u00e7\u00e3o Beneficente de Sa\u00fade do Noroeste do Paran\u00e1 \u2013 NOROSPAR<\/td>\n<td data-align=\"center\">5<\/td>\n<\/tr>\n<tr>\n<td>Centro Universit\u00e1rio Ing\u00e1 \u2013 Uning\u00e1<\/td>\n<td data-align=\"center\">1<\/td>\n<\/tr>\n<tr>\n<td>Escola de Sa\u00fade P\u00fablica S\u00e3o Jos\u00e9 dos Pinhais<\/td>\n<td data-align=\"center\">10<\/td>\n<\/tr>\n<tr>\n<td>Funda\u00e7\u00e3o de Sa\u00fade de Ponta Grossa<\/td>\n<td data-align=\"center\">4<\/td>\n<\/tr>\n<\/tbody>\n<\/table>\n<h3><span class=\"ez-toc-section\" id=\"Residencia_em_Medicina_do_Trabalho_na_AMP_2024\"><\/span><strong>Resid\u00eancia em Medicina do Trabalho na AMP 2024<\/strong><span class=\"ez-toc-section-end\"><\/span><\/h3>\n<p>De acordo com os editais dispon\u00edveis, apenas 1 institui\u00e7\u00e3o oferecer\u00e1 vagas para esta especialidade<\/p>\n<table>\n<thead>\n<tr>\n<th>Institui\u00e7\u00e3o<\/th>\n<th data-align=\"center\">N\u00ba de vagas<\/th>\n<\/tr>\n<\/thead>\n<tbody>\n<tr>\n<td>Hospital do Trabalhador<\/td>\n<td data-align=\"center\">2<\/td>\n<\/tr>\n<\/tbody>\n<\/table>\n<h3><span class=\"ez-toc-section\" id=\"Medicina_Intensiva\"><\/span><strong>Medicina Intensiva<\/strong><span class=\"ez-toc-section-end\"><\/span><\/h3>\n<p>Tem interesse na resid\u00eancia m\u00e9dica de Medicina Intensiva? Ent\u00e3o confira o n\u00famero de vagas dispon\u00edvel para cada institui\u00e7\u00e3o.<\/p>\n<table>\n<thead>\n<tr>\n<th>Institui\u00e7\u00f5es<\/th>\n<th data-align=\"center\">N\u00ba de vagas<\/th>\n<\/tr>\n<\/thead>\n<tbody>\n<tr>\n<td>Associa\u00e7\u00e3o Beneficente de Sa\u00fade do Noroeste do Paran\u00e1 \u2013 NOROSPAR<\/td>\n<td data-align=\"center\">1<\/td>\n<\/tr>\n<tr>\n<td>Centro Universit\u00e1rio Ing\u00e1 \u2013 Uning\u00e1<\/td>\n<td data-align=\"center\">1<\/td>\n<\/tr>\n<tr>\n<td>Sistema Integrada de Sa\u00fade do Norte do Paran\u00e1 \u2013 Hospital Center Cl\u00ednicas (SISNOR)<\/td>\n<td data-align=\"center\">2<\/td>\n<\/tr>\n<tr>\n<td>Hospital da Provid\u00eancia e Hospital da Provid\u00eancia Materno Infantil<\/td>\n<td data-align=\"center\">1<\/td>\n<\/tr>\n<tr>\n<td>Hospital do C\u00e2ncer UOPECCAN de Umuarama<\/td>\n<td data-align=\"center\">2<\/td>\n<\/tr>\n<tr>\n<td>HOSPITAL EVANG\u00c9LICO DE LONDRINA<\/td>\n<td data-align=\"center\">1<\/td>\n<\/tr>\n<tr>\n<td>Hospital Nossa Senhora das Gra\u00e7as<\/td>\n<td data-align=\"center\">2<\/td>\n<\/tr>\n<tr>\n<td>Hospital S\u00e3o Vicente de Paulo<\/td>\n<td data-align=\"center\">2<\/td>\n<\/tr>\n<tr>\n<td>Hospital Vita Curitiba<\/td>\n<td data-align=\"center\">2<\/td>\n<\/tr>\n<tr>\n<td>Santa Casa de Ponta Grossa<\/td>\n<td data-align=\"center\">2<\/td>\n<\/tr>\n<tr>\n<td>Hospital do Rocio<\/td>\n<td data-align=\"center\">4<\/td>\n<\/tr>\n<tr>\n<td>Cruz Vermelha<\/td>\n<td data-align=\"center\">2<\/td>\n<\/tr>\n<tr>\n<td>Hospital do Trabalhador<\/td>\n<td data-align=\"center\">4<\/td>\n<\/tr>\n<tr>\n<td>Hospital Erasto Gaertner<\/td>\n<td data-align=\"center\">1<\/td>\n<\/tr>\n<tr>\n<td>Hospital Evang\u00e9lico Mackenzie<\/td>\n<td data-align=\"center\">1<\/td>\n<\/tr>\n<tr>\n<td>Hospital Universit\u00e1rio Regional dos Campos Gerais \u2013 Wallace Thadeu de Mello e Silva<\/td>\n<td data-align=\"center\">2<\/td>\n<\/tr>\n<tr>\n<td>Rede de Assist\u00eancia \u00e0 Sa\u00fade Metropolitana de Sarandi<\/td>\n<td data-align=\"center\">3<\/td>\n<\/tr>\n<\/tbody>\n<\/table>\n<h3><span class=\"ez-toc-section\" id=\"Neurocirurgia\"><\/span><strong>Neurocirurgia\u00a0<\/strong><span class=\"ez-toc-section-end\"><\/span><\/h3>\n<p>De acordo com o site da UCAMP, 8 institui\u00e7\u00f5es ofertam a soma de 12 vagas para a resid\u00eancia de Neurocirurgia. Al\u00e9m disso, no<strong><a href=\"https:\/\/www.youtube.com\/watch?v=7MDFqoX99os&amp;amp\" target=\"_blank\" rel=\"noopener\"> 9\u00ba epis\u00f3dio<\/a> <\/strong>do Podcast Papo de Residente, voc\u00ea pode saber mais sobre a especialidade e comparar coma experi\u00eancia em outras institui\u00e7\u00f5es.<\/p>\n<table>\n<thead>\n<tr>\n<th>Institui\u00e7\u00f5es<\/th>\n<th data-align=\"center\">N\u00ba de vagas<\/th>\n<\/tr>\n<\/thead>\n<tbody>\n<tr>\n<td>Instituto de Neurologia de Curitiba (INC)<\/td>\n<td data-align=\"center\">2<\/td>\n<\/tr>\n<tr>\n<td>Rede de Assist\u00eancia \u00e0 Sa\u00fade Metropolitana de Sarandi<\/td>\n<td data-align=\"center\">1<\/td>\n<\/tr>\n<tr>\n<td>Hospital Evang\u00e9lico de Londrina<\/td>\n<td data-align=\"center\">1<\/td>\n<\/tr>\n<tr>\n<td>Hospital Evang\u00e9lico Mackenzie<\/td>\n<td data-align=\"center\">2<\/td>\n<\/tr>\n<tr>\n<td>Irmandade da Santa Casa de Londrina<\/td>\n<td data-align=\"center\">2<\/td>\n<\/tr>\n<tr>\n<td>Santa Casa de Ponta Grossa<\/td>\n<td data-align=\"center\">1<\/td>\n<\/tr>\n<tr>\n<td>Universidade Estadual do Oeste do Paran\u00e1 &#8211;\u00a0 UNIOESTE<\/td>\n<td data-align=\"center\">1<\/td>\n<\/tr>\n<tr>\n<td>Hospital do Rocio<\/td>\n<td data-align=\"center\">2<\/td>\n<\/tr>\n<\/tbody>\n<\/table>\n<h3><span class=\"ez-toc-section\" id=\"Neurologia_AMP_2024\"><\/span><strong>Neurologia AMP 2024<\/strong><span class=\"ez-toc-section-end\"><\/span><\/h3>\n<p>Se voc\u00ea tem interesse na resid\u00eancia m\u00e9dica de neurologia, ent\u00e3o confira as vagas dispon\u00edveis no processo seletivo da AMP 2024.<\/p>\n<table>\n<thead>\n<tr>\n<th>Institui\u00e7\u00f5es<\/th>\n<th data-align=\"center\">N\u00ba de vagas<\/th>\n<\/tr>\n<\/thead>\n<tbody>\n<tr>\n<td>Hospital Nossa Senhora das Gra\u00e7as<\/td>\n<td data-align=\"center\">2<\/td>\n<\/tr>\n<tr>\n<td>Instituto de Neurologia de Curitiba (INC)<\/td>\n<td data-align=\"center\">3<\/td>\n<\/tr>\n<tr>\n<td>Hospital do Rocio<\/td>\n<td data-align=\"center\">3<\/td>\n<\/tr>\n<tr>\n<td>Cruz Vermelha<\/td>\n<td data-align=\"center\">1<\/td>\n<\/tr>\n<tr>\n<td>Hospital Evang\u00e9lico de Londrina<\/td>\n<td data-align=\"center\">3<\/td>\n<\/tr>\n<tr>\n<td>Hospital Universit\u00e1rio Regional dos Campos Gerais \u2013 Wallace Thadeu de Mello e Silva<\/td>\n<td data-align=\"center\">2<\/td>\n<\/tr>\n<tr>\n<td>Santa Casa de Ponta Grossa<\/td>\n<td data-align=\"center\">1<\/td>\n<\/tr>\n<tr>\n<td>Irmandade da Santa Casa de Londrina<\/td>\n<td data-align=\"center\">2<\/td>\n<\/tr>\n<tr>\n<td>Hospital Evang\u00e9lico Mackenzie<\/td>\n<td data-align=\"center\">1<\/td>\n<\/tr>\n<\/tbody>\n<\/table>\n<h2><span class=\"ez-toc-section\" id=\"Residencia_em_Oftalmologia_AMP_2024\"><\/span><strong>Resid\u00eancia em Oftalmologia AMP 2024<\/strong><span class=\"ez-toc-section-end\"><\/span><\/h2>\n<p>Se vai concorrer a alguma vaga de oftalmologia, ent\u00e3o confira as vagas por especialidade da Resid\u00eancia M\u00e9dica AMP 2024:<\/p>\n<table>\n<thead>\n<tr>\n<th>Institui\u00e7\u00f5es<\/th>\n<th data-align=\"center\">N\u00ba de vagas<\/th>\n<\/tr>\n<\/thead>\n<tbody>\n<tr>\n<td>Hospital Santa Casa de Curitiba<\/td>\n<td data-align=\"center\">4<\/td>\n<\/tr>\n<tr>\n<td>Hospital Evang\u00e9lico Mackenzie<\/td>\n<td data-align=\"center\">3<\/td>\n<\/tr>\n<tr>\n<td>Hospital M\u00e9dicos de Olhos<\/td>\n<td data-align=\"center\">2<\/td>\n<\/tr>\n<\/tbody>\n<\/table>\n<h3><span class=\"ez-toc-section\" id=\"Ortopedia_e_Traumatologia_AMP_2024\"><\/span><strong>Ortopedia e Traumatologia AMP 2024<\/strong><span class=\"ez-toc-section-end\"><\/span><\/h3>\n<p>Ademais, para a resid\u00eancia de Ortopedia e Traumatologia, o processo seletivo da AMP 2024 conta com 13 institui\u00e7\u00f5es ofertando o total de 40 vagas.<\/p>\n<table>\n<thead>\n<tr>\n<th>Institui\u00e7\u00f5es<\/th>\n<th data-align=\"center\">N\u00ba de vagas<\/th>\n<\/tr>\n<\/thead>\n<tbody>\n<tr>\n<td>Associa\u00e7\u00e3o Beneficente de Sa\u00fade do Noroeste do Paran\u00e1 \u2013 NOROSPAR<\/td>\n<td data-align=\"center\">2<\/td>\n<\/tr>\n<tr>\n<td>Sistema Integrada de Sa\u00fade do Norte do Paran\u00e1 \u2013 Hospital Center Cl\u00ednicas (SISNOR)<\/td>\n<td data-align=\"center\">2<\/td>\n<\/tr>\n<tr>\n<td>HOSPITAL EVANG\u00c9LICO DE LONDRINA<\/td>\n<td data-align=\"center\">4<\/td>\n<\/tr>\n<tr>\n<td>Hospital XV<\/td>\n<td data-align=\"center\">4<\/td>\n<\/tr>\n<tr>\n<td>Rede de Assist\u00eancia \u00e0 Sa\u00fade Metropolitana de Sarandi<\/td>\n<td data-align=\"center\">4<\/td>\n<\/tr>\n<tr>\n<td>Hospital do Rocio<\/td>\n<td data-align=\"center\">2<\/td>\n<\/tr>\n<tr>\n<td>Hospital do Trabalhador<\/td>\n<td data-align=\"center\">4<\/td>\n<\/tr>\n<tr>\n<td>Hospital Universit\u00e1rio Regional dos Campos Gerais \u2013 Wallace Thadeu de Mello e Silva<\/td>\n<td data-align=\"center\">2<\/td>\n<\/tr>\n<tr>\n<td>UNIVERSIDADE ESTADUAL DO OESTE DO PARAN\u00c1 \u2013 UNIOESTE<\/td>\n<td data-align=\"center\">3<\/td>\n<\/tr>\n<tr>\n<td>Hospital Santa Casa de Curitiba<\/td>\n<td data-align=\"center\">4<\/td>\n<\/tr>\n<tr>\n<td>Hospital Evang\u00e9lico Mackenzie<\/td>\n<td data-align=\"center\">4<\/td>\n<\/tr>\n<tr>\n<td>Hospital Filantr\u00f3pico Policl\u00ednica\/INSTITUTO POLICL\u00cdNICA DE PATO BRANCO<\/td>\n<td data-align=\"center\">2<\/td>\n<\/tr>\n<tr>\n<td>IRMANDADE DA SANTA CASA DE LONDRINA<\/td>\n<td data-align=\"center\">3<\/td>\n<\/tr>\n<\/tbody>\n<\/table>\n<h3><span class=\"ez-toc-section\" id=\"Otorrinolaringologia\"><\/span><strong>Otorrinolaringologia<\/strong><span class=\"ez-toc-section-end\"><\/span><\/h3>\n<p>Bem como oftalmologia, a resid\u00eancia de otorrinolaringologia conta com apenas 3 institui\u00e7\u00f5es dispon\u00edveis.<\/p>\n<table>\n<thead>\n<tr>\n<th>Institui\u00e7\u00f5es<\/th>\n<th data-align=\"center\">N\u00ba de vagas<\/th>\n<\/tr>\n<\/thead>\n<tbody>\n<tr>\n<td>Hospital Santa Casa de Curitiba<\/td>\n<td data-align=\"center\">2<\/td>\n<\/tr>\n<tr>\n<td>Hospital Universit\u00e1rio Regional dos Campos Gerais \u2013 Wallace Thadeu de Mello e Silva<\/td>\n<td data-align=\"center\">1<\/td>\n<\/tr>\n<tr>\n<td>Hospital Evang\u00e9lico Mackenzie<\/td>\n<td data-align=\"center\">2<\/td>\n<\/tr>\n<\/tbody>\n<\/table>\n<h3><span class=\"ez-toc-section\" id=\"Patologia_AMP_2024\"><\/span><strong>Patologia AMP 2024<\/strong><span class=\"ez-toc-section-end\"><\/span><\/h3>\n<table>\n<thead>\n<tr>\n<th>Institui\u00e7\u00f5es<\/th>\n<th data-align=\"center\">N\u00ba de Vagas<\/th>\n<\/tr>\n<\/thead>\n<tbody>\n<tr>\n<td>Hospital Erasto Gaertner<\/td>\n<td data-align=\"center\">1<\/td>\n<\/tr>\n<tr>\n<td>Hospital Evang\u00e9lico Mackenzie<\/td>\n<td data-align=\"center\">1<\/td>\n<\/tr>\n<\/tbody>\n<\/table>\n<h3><span class=\"ez-toc-section\" id=\"Residencia_em_Pediatria_AMP_2024\"><\/span><strong>Resid\u00eancia em Pediatria AMP 2024<\/strong><span class=\"ez-toc-section-end\"><\/span><\/h3>\n<p>De acordo com os editais, 10 institui\u00e7\u00f5es ofertam juntas mais de 30 vagas para a especialidade. Al\u00e9m disso, no<strong><a href=\"https:\/\/www.youtube.com\/watch?v=ezM4c41kprw&amp;\" target=\"_blank\" rel=\"noopener\"> 5\u00ba epis\u00f3dio<\/a><\/strong> do Papo de Residente\u00a0voc\u00ea poder\u00e1 saber mais detalhes sobre a resid\u00eancia de pediatria.<\/p>\n<table>\n<thead>\n<tr>\n<th>Institui\u00e7\u00f5es<\/th>\n<th data-align=\"center\">N\u00ba de vagas<\/th>\n<\/tr>\n<\/thead>\n<tbody>\n<tr>\n<td>Associa\u00e7\u00e3o Beneficente de Sa\u00fade do Noroeste do Paran\u00e1 \u2013 NOROSPAR<\/td>\n<td data-align=\"center\">4<\/td>\n<\/tr>\n<tr>\n<td>Escola de Sa\u00fade P\u00fablica S\u00e3o Jos\u00e9 dos Pinhais<\/td>\n<td data-align=\"center\">6<\/td>\n<\/tr>\n<tr>\n<td>Hospital da Provid\u00eancia e Hospital da Provid\u00eancia Materno Infantil<\/td>\n<td data-align=\"center\">3<\/td>\n<\/tr>\n<tr>\n<td>Hospital S\u00e3o Vicente de Paulo<\/td>\n<td data-align=\"center\">2<\/td>\n<\/tr>\n<tr>\n<td>Hospital Filantr\u00f3pico Policl\u00ednica\/INSTITUTO POLICL\u00cdNICA DE PATO BRANCO<\/td>\n<td data-align=\"center\">2<\/td>\n<\/tr>\n<tr>\n<td>UNIVERSIDADE ESTADUAL DO OESTE DO PARAN\u00c1 \u2013 UNIOESTE<\/td>\n<td data-align=\"center\">6<\/td>\n<\/tr>\n<tr>\n<td>Hospital S\u00e3o Lucas de Pato Branco<\/td>\n<td data-align=\"center\">2<\/td>\n<\/tr>\n<tr>\n<td>Hospital Universit\u00e1rio Regional dos Campos Gerais \u2013 Wallace Thadeu de Mello e Silva<\/td>\n<td data-align=\"center\">2<\/td>\n<\/tr>\n<tr>\n<td>Irmandade da Santa Casa de Londrina<\/td>\n<td data-align=\"center\">2<\/td>\n<\/tr>\n<tr>\n<td>Hospital Evang\u00e9lico Mackenzie<\/td>\n<td data-align=\"center\">8<\/td>\n<\/tr>\n<\/tbody>\n<\/table>\n<h3><span class=\"ez-toc-section\" id=\"Residencia_Medica_AMP_20232024_Vagas_por_Especialidade_%E2%80%93_Psiquiatria\"><\/span><b>Resid\u00eancia M\u00e9dica AMP 2023\/2024: Vagas por Especialidade &#8211; Psiquiatria<\/b><span class=\"ez-toc-section-end\"><\/span><\/h3>\n<p>Se vai concorrer a alguma vaga de psiquiatria, ent\u00e3o confira as vagas por especialidade da Resid\u00eancia M\u00e9dica AMP 2024:<\/p>\n<table>\n<thead>\n<tr>\n<th>Institui\u00e7\u00f5es<\/th>\n<th data-align=\"center\">N\u00ba de vagas<\/th>\n<\/tr>\n<\/thead>\n<tbody>\n<tr>\n<td>Escola de Sa\u00fade P\u00fablica S\u00e3o Jos\u00e9 dos Pinhais<\/td>\n<td data-align=\"center\">4<\/td>\n<\/tr>\n<tr>\n<td>Hospital Heidelberg<\/td>\n<td data-align=\"center\">6<\/td>\n<\/tr>\n<\/tbody>\n<\/table>\n<h3><span class=\"ez-toc-section\" id=\"Radiologia_e_Diagnostico_por_Imagem_AMP_2024\"><\/span><strong>Radiologia e Diagn\u00f3stico por Imagem AMP 2024<\/strong><span class=\"ez-toc-section-end\"><\/span><\/h3>\n<p>Ademais, especialidade de Radiologia e Diagn\u00f3stico por Imagem totaliza 27 vagas.<\/p>\n<table>\n<thead>\n<tr>\n<th>Institui\u00e7\u00f5es<\/th>\n<th data-align=\"center\">N\u00ba de Vagas<\/th>\n<\/tr>\n<\/thead>\n<tbody>\n<tr>\n<td>Hospital Evang\u00e9lico de Londrina<\/td>\n<td data-align=\"center\">3<\/td>\n<\/tr>\n<tr>\n<td>Cruz Vermelha<\/td>\n<td data-align=\"center\">1<\/td>\n<\/tr>\n<tr>\n<td>Sistema Integrada de Sa\u00fade do Norte do Paran\u00e1 \u2013 Hospital Center Cl\u00ednicas (SISNOR)<\/td>\n<td data-align=\"center\">2<\/td>\n<\/tr>\n<tr>\n<td>Hospital Nossa Senhora das Gra\u00e7as<\/td>\n<td data-align=\"center\">3<\/td>\n<\/tr>\n<tr>\n<td>Hospital S\u00e3o Vicente<\/td>\n<td data-align=\"center\">2<\/td>\n<\/tr>\n<tr>\n<td>Rede de Assist\u00eancia \u00e0 Sa\u00fade Metropolitana de Sarandi<\/td>\n<td data-align=\"center\">2<\/td>\n<\/tr>\n<tr>\n<td>Santa Casa de Ponta Grossa<\/td>\n<td data-align=\"center\">2<\/td>\n<\/tr>\n<tr>\n<td>Hospital do Rocio<\/td>\n<td data-align=\"center\">3<\/td>\n<\/tr>\n<tr>\n<td>Hospital Universit\u00e1rio Regional dos Campos Gerais \u2013 Wallace Thadeu de Mello e Silva<\/td>\n<td data-align=\"center\">2<\/td>\n<\/tr>\n<tr>\n<td>Hospital Santa Casa de Curitiba<\/td>\n<td data-align=\"center\">2<\/td>\n<\/tr>\n<tr>\n<td>Hospital Evang\u00e9lico Mackenzie<\/td>\n<td data-align=\"center\">2<\/td>\n<\/tr>\n<tr>\n<td>Irmandade da Santa Casa de Londrina<\/td>\n<td data-align=\"center\">3<\/td>\n<\/tr>\n<\/tbody>\n<\/table>\n<h3><span class=\"ez-toc-section\" id=\"Radioterapia\"><\/span><strong>Radioterapia<\/strong><span class=\"ez-toc-section-end\"><\/span><\/h3>\n<p>Por fim, finalizando os programas de Acesso Direto, a especialidade de Radioterapia conta com apenas 1 institui\u00e7\u00e3o ofertando vagas.<\/p>\n<table>\n<thead>\n<tr>\n<th>Institui\u00e7\u00e3o<\/th>\n<th data-align=\"center\">\u00a0N\u00ba de Vagas<\/th>\n<\/tr>\n<\/thead>\n<tbody>\n<tr>\n<td>Hospital Erasto Gaertner<\/td>\n<td data-align=\"center\">2<\/td>\n<\/tr>\n<\/tbody>\n<\/table>\n<p>\t\t\t\t\t\t\t\t\t\t\t\t\t\t\t\t<a href=\"https:\/\/www.grupomedcof.com.br\/blog\/qbank-medcof\/\" target=\"_blank\" rel=\"noopener\"><br \/>\n\t\t\t\t\t\t\t<img loading=\"lazy\" decoding=\"async\" width=\"800\" height=\"128\" src=\"https:\/\/www.grupomedcof.com.br\/blog\/wp-content\/uploads\/2023\/07\/Blog-MedCof-2023-07-06T091657.858-1024x164.png\" alt=\"medcof qbank, medcof aulas, grupo medcof, aulas medcof, qbank, banco de questoes medcof, medcof banco de questoes\" srcset=\"https:\/\/www.grupomedcof.com.br\/blog\/wp-content\/uploads\/2023\/07\/Blog-MedCof-2023-07-06T091657.858-1024x164.png 1024w, https:\/\/www.grupomedcof.com.br\/blog\/wp-content\/uploads\/2023\/07\/Blog-MedCof-2023-07-06T091657.858-300x48.png 300w, https:\/\/www.grupomedcof.com.br\/blog\/wp-content\/uploads\/2023\/07\/Blog-MedCof-2023-07-06T091657.858-768x123.png 768w, https:\/\/www.grupomedcof.com.br\/blog\/wp-content\/uploads\/2023\/07\/Blog-MedCof-2023-07-06T091657.858-1536x246.png 1536w, https:\/\/www.grupomedcof.com.br\/blog\/wp-content\/uploads\/2023\/07\/Blog-MedCof-2023-07-06T091657.858-2048x327.png 2048w\" sizes=\"auto, (max-width: 800px) 100vw, 800px\" \/>\t\t\t\t\t\t\t\t<\/a><\/p>\n<h3><span class=\"ez-toc-section\" id=\"Residencia_Medica_AMP_20232024_Vagas_por_Especialidade_com_Pre-Requisito\"><\/span><strong>Resid\u00eancia M\u00e9dica AMP 2023\/2024: Vagas por Especialidade com Pr\u00e9-Requisito<\/strong><span class=\"ez-toc-section-end\"><\/span><\/h3>\n<h3><span class=\"ez-toc-section\" id=\"Cardiologia\"><\/span><strong>Cardiologia<\/strong><span class=\"ez-toc-section-end\"><\/span><\/h3>\n<p>Se vai concorrer a alguma vaga de cardiologia, ent\u00e3o confira as vagas por especialidade da Resid\u00eancia M\u00e9dica AMP 2024:<\/p>\n<table>\n<thead>\n<tr>\n<th>Institui\u00e7\u00f5es<\/th>\n<th data-align=\"center\">N\u00ba de vagas<\/th>\n<\/tr>\n<\/thead>\n<tbody>\n<tr>\n<td>Hospital Cardiol\u00f3gico Costantini \u2013 Curitiba\/PR<\/td>\n<td data-align=\"center\">6<\/td>\n<\/tr>\n<tr>\n<td>Sistema Integrada de Sa\u00fade do Norte do Paran\u00e1 \u2013 Hospital Center Cl\u00ednicas (SISNOR)<\/td>\n<td data-align=\"center\">2<\/td>\n<\/tr>\n<tr>\n<td>Instituto de Neurologia de Curitiba (INC)<\/td>\n<td data-align=\"center\">2<\/td>\n<\/tr>\n<tr>\n<td>Cruz Vermelha<\/td>\n<td data-align=\"center\">2<\/td>\n<\/tr>\n<tr>\n<td>Hospital Evang\u00e9lico Mackenzie<\/td>\n<td data-align=\"center\">3<\/td>\n<\/tr>\n<tr>\n<td>Hospital Nossa Senhora das Gra\u00e7as<\/td>\n<td data-align=\"center\">1<\/td>\n<\/tr>\n<tr>\n<td>Hospital Santa Casa de Curitiba<\/td>\n<td data-align=\"center\">4<\/td>\n<\/tr>\n<tr>\n<td>Hospital S\u00e3o Vicente de Paulo<\/td>\n<td data-align=\"center\">4<\/td>\n<\/tr>\n<tr>\n<td>IRMANDADE DA SANTA CASA DE LONDRINA<\/td>\n<td data-align=\"center\">2<\/td>\n<\/tr>\n<tr>\n<td>UNIVERSIDADE ESTADUAL DO OESTE DO PARAN\u00c1 \u2013 UNIOESTE<\/td>\n<td data-align=\"center\">2<\/td>\n<\/tr>\n<tr>\n<td>Hospital Filantr\u00f3pico Policl\u00ednica\/INSTITUTO POLICL\u00cdNICA DE PATO BRANCO<\/td>\n<td data-align=\"center\">2<\/td>\n<\/tr>\n<\/tbody>\n<\/table>\n<h3><span class=\"ez-toc-section\" id=\"Cirurgia_Cranio-Maxilo-Facial\"><\/span><strong>Cirurgia Cr\u00e2nio-Maxilo-Facial<\/strong><span class=\"ez-toc-section-end\"><\/span><\/h3>\n<p>De acordo com os editais, apenas 1 institui\u00e7\u00e3o ofertar\u00e1 vagas para a resid\u00eancia de Cirurgia Cr\u00e2nio-Maxilo-Facial no processo seletivo da AMP 2024.<\/p>\n<table>\n<thead>\n<tr>\n<th>Institui\u00e7\u00e3o<\/th>\n<th data-align=\"center\">N\u00ba de vagas<\/th>\n<\/tr>\n<\/thead>\n<tbody>\n<tr>\n<td>Hospital do Trabalhador<\/td>\n<td data-align=\"center\">1<\/td>\n<\/tr>\n<\/tbody>\n<\/table>\n<h3><span class=\"ez-toc-section\" id=\"Residencia_Cirurgia_do_Aparelho_Digestivo_AMP_2024\"><\/span><strong>Resid\u00eancia Cirurgia do Aparelho Digestivo AMP 2024<\/strong><span class=\"ez-toc-section-end\"><\/span><\/h3>\n<p>Tem interesse na resid\u00eancia m\u00e9dica de CAD? Ent\u00e3o confira o n\u00famero de vagas dispon\u00edvel para cada institui\u00e7\u00e3o.<\/p>\n<table>\n<thead>\n<tr>\n<th>Institui\u00e7\u00f5es<\/th>\n<th data-align=\"center\">N\u00ba de vagas<\/th>\n<\/tr>\n<\/thead>\n<tbody>\n<tr>\n<td>Hospital Santa Casa de Curitiba<\/td>\n<td data-align=\"center\">2<\/td>\n<\/tr>\n<tr>\n<td>Hospital Evang\u00e9lico Mackenzie<\/td>\n<td data-align=\"center\">2<\/td>\n<\/tr>\n<tr>\n<td>Hospital Nossa Senhora das Gra\u00e7as<\/td>\n<td data-align=\"center\">2<\/td>\n<\/tr>\n<\/tbody>\n<\/table>\n<h3><span class=\"ez-toc-section\" id=\"Cirurgia_do_Trauma_AMP_2024\"><\/span><strong>Cirurgia do Trauma AMP 2024<\/strong><span class=\"ez-toc-section-end\"><\/span><\/h3>\n<p>Assim como a especialidade de Cirurgia Cr\u00e2nio-Maxilo Facial, a resid\u00eancia de Cirurgia do Trauma conta com apenas 1 institui\u00e7\u00e3o dispon\u00edvel.<\/p>\n<table>\n<thead>\n<tr>\n<th>Institui\u00e7\u00e3o<\/th>\n<th data-align=\"center\">N\u00ba de vagas<\/th>\n<\/tr>\n<\/thead>\n<tbody>\n<tr>\n<td>Hospital Evang\u00e9lico Mackenzie<\/td>\n<td data-align=\"center\">1<\/td>\n<\/tr>\n<\/tbody>\n<\/table>\n<h3><span class=\"ez-toc-section\" id=\"Residencia_de_Cirurgia_Oncologica_AMP_2024\"><\/span><strong>Resid\u00eancia de Cirurgia Oncol\u00f3gica AMP 2024<\/strong><span class=\"ez-toc-section-end\"><\/span><\/h3>\n<p>De acordo com o site da UCAMP,\u00a0 7 institui\u00e7\u00f5es ofertam juntas 14\u00a0 vagas no AMP 2024.<\/p>\n<table>\n<thead>\n<tr>\n<th>Institui\u00e7\u00f5es<\/th>\n<th data-align=\"center\">N\u00ba de vagas<\/th>\n<\/tr>\n<\/thead>\n<tbody>\n<tr>\n<td>Hospital do C\u00e2ncer UOPECCAN de Cascavel<\/td>\n<td data-align=\"center\">2<\/td>\n<\/tr>\n<tr>\n<td>Hospital do C\u00e2ncer de Londrina<\/td>\n<td data-align=\"center\">3<\/td>\n<\/tr>\n<tr>\n<td>Hospital Nossa Senhora das Gra\u00e7as<\/td>\n<td data-align=\"center\">1<\/td>\n<\/tr>\n<tr>\n<td>Hospital S\u00e3o Vicente<\/td>\n<td data-align=\"center\">1<\/td>\n<\/tr>\n<tr>\n<td>Santa Casa de Ponta Grossa<\/td>\n<td data-align=\"center\">1<\/td>\n<\/tr>\n<tr>\n<td>HOSPITAL ERASTO GAERTNER<\/td>\n<td data-align=\"center\">4<\/td>\n<\/tr>\n<tr>\n<td>Hospital do Rocio<\/td>\n<td data-align=\"center\">2<\/td>\n<\/tr>\n<\/tbody>\n<\/table>\n<h3><span class=\"ez-toc-section\" id=\"Cirurgia_Plastica\"><\/span><strong>Cirurgia Pl\u00e1stica\u00a0<\/strong><span class=\"ez-toc-section-end\"><\/span><\/h3>\n<p>Ademais a especialidade de Cirurgia Pl\u00e1stica conta com apenas 1 vaga no processo seletivo para resid\u00eancia m\u00e9dica da AMP 2024.<\/p>\n<table>\n<thead>\n<tr>\n<th>Institui\u00e7\u00e3o<\/th>\n<th data-align=\"center\">N\u00ba de vagas<\/th>\n<\/tr>\n<\/thead>\n<tbody>\n<tr>\n<td>Hospital Evang\u00e9lico Mackenzie<\/td>\n<td data-align=\"center\">1<\/td>\n<\/tr>\n<\/tbody>\n<\/table>\n<h3><span class=\"ez-toc-section\" id=\"Cirurgia_Toracica_AMP_2024\"><\/span><strong>Cirurgia Tor\u00e1cica AMP 2024<\/strong><span class=\"ez-toc-section-end\"><\/span><\/h3>\n<p>Se vai concorrer a alguma vaga de Cirurgia Tor\u00e1cica, ent\u00e3o confira as vagas por especialidade da Resid\u00eancia M\u00e9dica AMP 2024.<\/p>\n<table>\n<thead>\n<tr>\n<th>Institui\u00e7\u00f5es<\/th>\n<th data-align=\"center\">N\u00ba de vagas<\/th>\n<\/tr>\n<\/thead>\n<tbody>\n<tr>\n<td>Hospital Evang\u00e9lico Mackenzie<\/td>\n<td data-align=\"center\">1<\/td>\n<\/tr>\n<tr>\n<td>Hospital Nossa Senhora das Gra\u00e7as<\/td>\n<td data-align=\"center\">1<\/td>\n<\/tr>\n<tr>\n<td>Hospital do Rocio<\/td>\n<td data-align=\"center\">2<\/td>\n<\/tr>\n<\/tbody>\n<\/table>\n<h3><span class=\"ez-toc-section\" id=\"Residencia_Cirurgia_Vascular_AMP_2024\"><\/span><strong>Resid\u00eancia Cirurgia Vascular AMP 2024<\/strong><span class=\"ez-toc-section-end\"><\/span><\/h3>\n<p>Tem interesse na resid\u00eancia m\u00e9dica de Cirurgia Vascular? Ent\u00e3o confira o n\u00famero de vagas dispon\u00edvel para cada institui\u00e7\u00e3o.<\/p>\n<table>\n<thead>\n<tr>\n<th>Institui\u00e7\u00f5es<\/th>\n<th data-align=\"center\">N\u00ba de vagas<\/th>\n<\/tr>\n<\/thead>\n<tbody>\n<tr>\n<td>Hospital do Trabalhador<\/td>\n<td data-align=\"center\">1<\/td>\n<\/tr>\n<tr>\n<td>HOSPITAL EVANG\u00c9LICO DE LONDRINA<\/td>\n<td data-align=\"center\">1<\/td>\n<\/tr>\n<tr>\n<td>Hospital Evang\u00e9lico Mackenzie<\/td>\n<td data-align=\"center\">1<\/td>\n<\/tr>\n<tr>\n<td>Hospital Nossa Senhora das Gra\u00e7as<\/td>\n<td data-align=\"center\">1<\/td>\n<\/tr>\n<tr>\n<td>Hospital Santa Casa de Curitiba<\/td>\n<td data-align=\"center\">2<\/td>\n<\/tr>\n<tr>\n<td>Hospital Universit\u00e1rio Regional dos Campos Gerais \u2013 Wallace Thadeu de Mello e Silva<\/td>\n<td data-align=\"center\">1<\/td>\n<\/tr>\n<tr>\n<td>IRMANDADE DA SANTA CASA DE LONDRINA<\/td>\n<td data-align=\"center\">1<\/td>\n<\/tr>\n<tr>\n<td>Hospital do Rocio<\/td>\n<td data-align=\"center\">2<\/td>\n<\/tr>\n<\/tbody>\n<\/table>\n<h3><span class=\"ez-toc-section\" id=\"Coloproctologia\"><\/span><strong>Coloproctologia<\/strong><span class=\"ez-toc-section-end\"><\/span><\/h3>\n<table>\n<thead>\n<tr>\n<th>Institui\u00e7\u00e3o<\/th>\n<th data-align=\"center\">N\u00ba de vagas<\/th>\n<\/tr>\n<\/thead>\n<tbody>\n<tr>\n<td>Hospital Evang\u00e9lico Mackenzie<\/td>\n<td data-align=\"center\">1<\/td>\n<\/tr>\n<\/tbody>\n<\/table>\n<h3><span class=\"ez-toc-section\" id=\"Endocrinologia_e_Metabologia_AMP_2024\"><\/span><strong>Endocrinologia e Metabologia AMP 2024<\/strong><span class=\"ez-toc-section-end\"><\/span><\/h3>\n<table>\n<thead>\n<tr>\n<th>Institui\u00e7\u00e3o<\/th>\n<th data-align=\"center\">N\u00ba de vagas<\/th>\n<\/tr>\n<\/thead>\n<tbody>\n<tr>\n<td>Hospital Evang\u00e9lico Mackenzie<\/td>\n<td data-align=\"center\">1<\/td>\n<\/tr>\n<\/tbody>\n<\/table>\n<h3><span class=\"ez-toc-section\" id=\"Residencia_em_Endoscopia_AMP_2024\"><\/span><strong>Resid\u00eancia em Endoscopia AMP 2024<\/strong><span class=\"ez-toc-section-end\"><\/span><\/h3>\n<p>De acordo com o site da UCAMP,\u00a0 3 institui\u00e7\u00f5es ofertam juntas 3\u00a0 vagas no AMP 2024.<\/p>\n<table>\n<thead>\n<tr>\n<th>Institui\u00e7\u00f5es<\/th>\n<th data-align=\"center\">\u00a0N\u00ba de vagas<\/th>\n<\/tr>\n<\/thead>\n<tbody>\n<tr>\n<td>Hospital Nossa Senhora das Gra\u00e7as<\/td>\n<td data-align=\"center\">1<\/td>\n<\/tr>\n<tr>\n<td>Hospital Universit\u00e1rio Regional dos Campos Gerais \u2013 Wallace Thadeu de Mello e Silva<\/td>\n<td data-align=\"center\">1<\/td>\n<\/tr>\n<tr>\n<td>IRMANDADE DA SANTA CASA DE LONDRINA<\/td>\n<td data-align=\"center\">1<\/td>\n<\/tr>\n<\/tbody>\n<\/table>\n<h3><span class=\"ez-toc-section\" id=\"Gastroenterologia\"><\/span><strong>Gastroenterologia<\/strong><span class=\"ez-toc-section-end\"><\/span><\/h3>\n<table>\n<thead>\n<tr>\n<th>Institui\u00e7\u00e3o<\/th>\n<th data-align=\"center\">N\u00ba de vagas<\/th>\n<\/tr>\n<\/thead>\n<tbody>\n<tr>\n<td>Hospital Nossa Senhora das Gra\u00e7as<\/td>\n<td data-align=\"center\">2<\/td>\n<\/tr>\n<\/tbody>\n<\/table>\n<h3><span class=\"ez-toc-section\" id=\"Residencia_Medica_AMP_20232024_Vagas_por_Especialidade_%E2%80%93_Geriatria\"><\/span><strong>Resid\u00eancia M\u00e9dica AMP 2023\/2024: Vagas por Especialidade &#8211;\u00a0Geriatria<\/strong><span class=\"ez-toc-section-end\"><\/span><\/h3>\n<table>\n<thead>\n<tr>\n<th>Institui\u00e7\u00e3o<\/th>\n<th data-align=\"center\">N\u00ba de vagas<\/th>\n<\/tr>\n<\/thead>\n<tbody>\n<tr>\n<td>Hospital Santa Casa de Curitiba<\/td>\n<td data-align=\"center\">4<\/td>\n<\/tr>\n<\/tbody>\n<\/table>\n<h3><span class=\"ez-toc-section\" id=\"Hematologia_e_Hemoterapia_na_AMP_2024\"><\/span><strong>Hematologia e Hemoterapia na AMP 2024<\/strong><span class=\"ez-toc-section-end\"><\/span><\/h3>\n<p>Se vai concorrer a alguma vaga de Hematologia e Hemoterapia, ent\u00e3o confira as vagas por especialidade da Resid\u00eancia M\u00e9dica AMP 2024.<\/p>\n<table>\n<thead>\n<tr>\n<th>Institui\u00e7\u00f5es<\/th>\n<th data-align=\"center\">N\u00ba de vagas<\/th>\n<\/tr>\n<\/thead>\n<tbody>\n<tr>\n<td>Hospital Erasto Gaertner<\/td>\n<td data-align=\"center\">2<\/td>\n<\/tr>\n<tr>\n<td>Hospital Evang\u00e9lico Mackenzie<\/td>\n<td data-align=\"center\">1<\/td>\n<\/tr>\n<\/tbody>\n<\/table>\n<h3><span class=\"ez-toc-section\" id=\"Mastologia\"><\/span><strong>Mastologia<\/strong><span class=\"ez-toc-section-end\"><\/span><\/h3>\n<table>\n<thead>\n<tr>\n<th>Institui\u00e7\u00e3o<\/th>\n<th data-align=\"center\">N\u00ba de vagas<\/th>\n<\/tr>\n<\/thead>\n<tbody>\n<tr>\n<td>Hospital Nossa Senhora das Gra\u00e7as<\/td>\n<td data-align=\"center\">1<\/td>\n<\/tr>\n<\/tbody>\n<\/table>\n<h3><span class=\"ez-toc-section\" id=\"Residencia_de_Nefrologia_AMP_2024\"><\/span><strong>Resid\u00eancia de Nefrologia AMP 2024<\/strong><span class=\"ez-toc-section-end\"><\/span><\/h3>\n<p>Tem interesse na resid\u00eancia m\u00e9dica de Nefrologia? Ent\u00e3o confira o n\u00famero de vagas dispon\u00edvel para cada institui\u00e7\u00e3o.<\/p>\n<table>\n<thead>\n<tr>\n<th>Institui\u00e7\u00f5es<\/th>\n<th data-align=\"center\">N\u00ba de vagas<\/th>\n<\/tr>\n<\/thead>\n<tbody>\n<tr>\n<td>Hospital Evang\u00e9lico de Londrina<\/td>\n<td data-align=\"center\">2<\/td>\n<\/tr>\n<tr>\n<td>Hospital Evang\u00e9lico Mackenzie<\/td>\n<td data-align=\"center\">4<\/td>\n<\/tr>\n<tr>\n<td>Irmandade da Santa Casa de Londrina<\/td>\n<td data-align=\"center\">4<\/td>\n<\/tr>\n<tr>\n<td>Santa Casa de Ponta Grossa<\/td>\n<td data-align=\"center\">2<\/td>\n<\/tr>\n<\/tbody>\n<\/table>\n<h3><span class=\"ez-toc-section\" id=\"Oncologia_AMP_2024\"><\/span><strong>Oncologia AMP 2024<\/strong><span class=\"ez-toc-section-end\"><\/span><\/h3>\n<p>De acordo com o site da UCAMP,\u00a0 6 institui\u00e7\u00f5es ofertam juntas 10 vagas no AMP 2024.<\/p>\n<table>\n<thead>\n<tr>\n<th>Institui\u00e7\u00f5es<\/th>\n<th data-align=\"center\">N\u00ba de vagas<\/th>\n<\/tr>\n<\/thead>\n<tbody>\n<tr>\n<td>Hospital do C\u00e2ncer UOPECCAN de Cascavel<\/td>\n<td data-align=\"center\">2<\/td>\n<\/tr>\n<tr>\n<td>Hospital do C\u00e2ncer de Londrina<\/td>\n<td data-align=\"center\">2<\/td>\n<\/tr>\n<tr>\n<td>Hospital Erasto Gaertner<\/td>\n<td data-align=\"center\">3<\/td>\n<\/tr>\n<tr>\n<td>Hospital Nossa Senhora das Gra\u00e7as<\/td>\n<td data-align=\"center\">1<\/td>\n<\/tr>\n<tr>\n<td>Santa Casa de Ponta Grossa<\/td>\n<td data-align=\"center\">1<\/td>\n<\/tr>\n<tr>\n<td>Hospital Evang\u00e9lico Mackenzie<\/td>\n<td data-align=\"center\">1<\/td>\n<\/tr>\n<\/tbody>\n<\/table>\n<h3><span class=\"ez-toc-section\" id=\"Reumatologia\"><\/span><strong>Reumatologia<\/strong><span class=\"ez-toc-section-end\"><\/span><\/h3>\n<table>\n<thead>\n<tr>\n<th>Institui\u00e7\u00e3o<\/th>\n<th data-align=\"center\">N\u00ba de vagas<\/th>\n<\/tr>\n<\/thead>\n<tbody>\n<tr>\n<td>Hospital Evang\u00e9lico Mackenzie<\/td>\n<td data-align=\"center\">1<\/td>\n<\/tr>\n<\/tbody>\n<\/table>\n<h3><span class=\"ez-toc-section\" id=\"Residencia_em_Urologia_AMP_2024\"><\/span><strong>Resid\u00eancia em Urologia AMP 2024<\/strong><span class=\"ez-toc-section-end\"><\/span><\/h3>\n<p>Por fim, finalizando os programas com Pr\u00e9-Requisito, a especialidade de Urologia conta com 5 institui\u00e7\u00f5es ofertando vagas para a especialidade.<\/p>\n<table>\n<thead>\n<tr>\n<th>Institui\u00e7\u00f5es<\/th>\n<th data-align=\"center\">N\u00ba de vagas<\/th>\n<\/tr>\n<\/thead>\n<tbody>\n<tr>\n<td>Hospital Evang\u00e9lico EVANG\u00c9LICO DE LONDRINA<\/td>\n<td data-align=\"center\">2<\/td>\n<\/tr>\n<tr>\n<td>Hospital Nossa Senhora das Gra\u00e7as<\/td>\n<td data-align=\"center\">2<\/td>\n<\/tr>\n<tr>\n<td>Cruz Vermelha<\/td>\n<td data-align=\"center\">1<\/td>\n<\/tr>\n<tr>\n<td>Hospital Santa Casa de Curitiba<\/td>\n<td data-align=\"center\">2<\/td>\n<\/tr>\n<tr>\n<td>Hospital Evang\u00e9lico Mackenzie<\/td>\n<td data-align=\"center\">2<\/td>\n<\/tr>\n<\/tbody>\n<\/table>\n<p>\t\t\t\t\t\t\t\t\t\t\t\t\t\t\t\t<a href=\"https:\/\/www.grupomedcof.com.br\/hands-on-curso\/\" target=\"_blank\" rel=\"noopener\"><br \/>\n\t\t\t\t\t\t\t<img loading=\"lazy\" decoding=\"async\" width=\"800\" height=\"101\" src=\"https:\/\/www.grupomedcof.com.br\/blog\/wp-content\/uploads\/2023\/08\/Blog-MedCof-2023-08-03T155030.071-1024x129.png\" alt=\"medcof residencia medica, curso Intensivo para Resid\u00eancia M\u00e9dica, curso para resid\u00eancia m\u00e9dica, medcof reta final dominada, reta final dominada, aulas medcof,\" srcset=\"https:\/\/www.grupomedcof.com.br\/blog\/wp-content\/uploads\/2023\/08\/Blog-MedCof-2023-08-03T155030.071-1024x129.png 1024w, https:\/\/www.grupomedcof.com.br\/blog\/wp-content\/uploads\/2023\/08\/Blog-MedCof-2023-08-03T155030.071-300x38.png 300w, https:\/\/www.grupomedcof.com.br\/blog\/wp-content\/uploads\/2023\/08\/Blog-MedCof-2023-08-03T155030.071-768x97.png 768w, https:\/\/www.grupomedcof.com.br\/blog\/wp-content\/uploads\/2023\/08\/Blog-MedCof-2023-08-03T155030.071-1536x193.png 1536w, https:\/\/www.grupomedcof.com.br\/blog\/wp-content\/uploads\/2023\/08\/Blog-MedCof-2023-08-03T155030.071-2048x258.png 2048w\" sizes=\"auto, (max-width: 800px) 100vw, 800px\" \/>\t\t\t\t\t\t\t\t<\/a><\/p>\n<h2><span class=\"ez-toc-section\" id=\"Residencia_Medica_AMP_20232024_Vagas_por_Especialidade_de_Areas_de_Atuacao\"><\/span><strong>Resid\u00eancia M\u00e9dica AMP 2023\/2024: Vagas por Especialidade de \u00c1reas de Atua\u00e7\u00e3o<\/strong><span class=\"ez-toc-section-end\"><\/span><\/h2>\n<h3><span class=\"ez-toc-section\" id=\"Medicina_Intensiva_Pediatrica_AMP_2024\"><\/span><strong>Medicina Intensiva Pedi\u00e1trica AMP 2024<\/strong><span class=\"ez-toc-section-end\"><\/span><\/h3>\n<p>De acordo com o site da UCAMP,\u00a0 2 institui\u00e7\u00f5es ofertam juntas 2 vagas no AMP 2024.<\/p>\n<table>\n<thead>\n<tr>\n<th>Institui\u00e7\u00e3o<\/th>\n<th data-align=\"center\">\u00a0N\u00ba de vagas<\/th>\n<\/tr>\n<\/thead>\n<tbody>\n<tr>\n<td>Hospital Erasto Gaertner<\/td>\n<td data-align=\"center\">1<\/td>\n<\/tr>\n<tr>\n<td>Hospital Evang\u00e9lico Mackenzie<\/td>\n<td data-align=\"center\">1<\/td>\n<\/tr>\n<\/tbody>\n<\/table>\n<h3><span class=\"ez-toc-section\" id=\"Residencia_Medicina_Paliativa_AMP_2024\"><\/span><strong>Resid\u00eancia Medicina Paliativa AMP 2024<\/strong><span class=\"ez-toc-section-end\"><\/span><\/h3>\n<table>\n<thead>\n<tr>\n<th>Institui\u00e7\u00e3o<\/th>\n<th data-align=\"center\">N\u00ba de vagas<\/th>\n<\/tr>\n<\/thead>\n<tbody>\n<tr>\n<td>Hospital Erasto Gaertner<\/td>\n<td data-align=\"center\">1<\/td>\n<\/tr>\n<\/tbody>\n<\/table>\n<p><strong>Neonatologia AMP 2024<\/strong><\/p>\n<p>Tem interesse na resid\u00eancia m\u00e9dica de Neonatologia? Ent\u00e3o confira o n\u00famero de vagas dispon\u00edvel para cada institui\u00e7\u00e3o.<\/p>\n<table>\n<thead>\n<tr>\n<th>Institui\u00e7\u00f5es.<\/th>\n<th data-align=\"center\">N\u00ba de vagas<\/th>\n<\/tr>\n<\/thead>\n<tbody>\n<tr>\n<td>Associa\u00e7\u00e3o Beneficente de Sa\u00fade do Noroeste do Paran\u00e1 \u2013 NOROSPAR<\/td>\n<td data-align=\"center\">2<\/td>\n<\/tr>\n<tr>\n<td>Hospital Nossa Senhora das Gra\u00e7as<\/td>\n<td data-align=\"center\">3<\/td>\n<\/tr>\n<tr>\n<td>Hospital do Trabalhador<\/td>\n<td data-align=\"center\">1<\/td>\n<\/tr>\n<tr>\n<td>Hospital Evang\u00e9lico Mackenzie<\/td>\n<td data-align=\"center\">2<\/td>\n<\/tr>\n<\/tbody>\n<\/table>\n<h3><span class=\"ez-toc-section\" id=\"Residencia_Oncologia_Pediatrica_AMP_2024\"><\/span><strong>Resid\u00eancia Oncologia Pedi\u00e1trica AMP 2024<\/strong><span class=\"ez-toc-section-end\"><\/span><\/h3>\n<p>Por fim, finalizando os programas de \u00c1reas de Atua\u00e7\u00e3o, a especialidade de Oncologia Pedi\u00e1trica conta com apenas 1 institui\u00e7\u00e3o ofertando vagas para a especialidade.<\/p>\n<table>\n<thead>\n<tr>\n<th>Institui\u00e7\u00e3o<\/th>\n<th data-align=\"center\">N\u00ba de vagas<\/th>\n<\/tr>\n<\/thead>\n<tbody>\n<tr>\n<td>Hospital Erasto Gaertner<\/td>\n<td data-align=\"center\">2<\/td>\n<\/tr>\n<\/tbody>\n<\/table>\n<h3><span class=\"ez-toc-section\" id=\"Residencia_Medica_AMP_20232024_Vagas_por_especialidade_de_Anos_Adicionais\"><\/span><strong>Resid\u00eancia M\u00e9dica AMP 2023\/2024: Vagas por especialidade de Anos Adicionais<\/strong><span class=\"ez-toc-section-end\"><\/span><\/h3>\n<p>Ademais, para a especialidade de Cancerologia Pedi\u00e1trica, h\u00e1 apenas\u00a0 1 institui\u00e7\u00e3o no processo seletivo para resid\u00eancia m\u00e9dica da AMP 2024.<\/p>\n<table>\n<thead>\n<tr>\n<th>Institui\u00e7\u00e3o<\/th>\n<th data-align=\"center\">N\u00ba de vagas<\/th>\n<\/tr>\n<\/thead>\n<tbody>\n<tr>\n<td>Hospital Erasto Gaertner<\/td>\n<td data-align=\"center\">2<\/td>\n<\/tr>\n<\/tbody>\n<\/table>\n<h2><span class=\"ez-toc-section\" id=\"Conquiste_a_aprovacao\"><\/span><strong>Conquiste a aprova\u00e7\u00e3o<\/strong><span class=\"ez-toc-section-end\"><\/span><\/h2>\n<p>As provas de resid\u00eancia est\u00e3o cada vez mais perto! Se voc\u00ea quer<a style=\"background-color: #ffffff;\" href=\"https:\/\/www.grupomedcof.com.br\/blog\/presenca-da-medcof-nas-aprovacoes-em-residencia-medica-no-brasil\/\" target=\"_blank\" rel=\"noopener\"><b>\u00a0ser mais\u00a0um aprovado<\/b>\u00a0<\/a>nas melhores resid\u00eancias m\u00e9dicas do pa\u00eds, ent\u00e3o conhe\u00e7a o<b><a style=\"background-color: #ffffff;\" href=\"https:\/\/www.grupomedcof.com.br\/\" target=\"_blank\" rel=\"noopener\">\u00a0Grupo\u00a0MedCof<\/a>!\u00a0<\/b>Temos um cat\u00e1logo repleto de cursos que te guiar\u00e3o na jornada para as provas de Resid\u00eancia M\u00e9dica que ocorrer\u00e3o em 2023\/2024!<strong><br \/><\/strong><br \/>\n\t\t\t\t\t\t\t\t\t\t\t\t\t\t\t\t<a href=\"https:\/\/www.grupomedcof.com.br\/\" target=\"_blank\" rel=\"noopener\"><br \/>\n\t\t\t\t\t\t\t<img loading=\"lazy\" decoding=\"async\" width=\"800\" height=\"378\" src=\"https:\/\/www.grupomedcof.com.br\/blog\/wp-content\/uploads\/2023\/08\/Captura-de-tela-2023-08-16-103405-e1692192957450-1024x484.png\" alt=\"medcof residencia medica, curso Intensivo para Resid\u00eancia M\u00e9dica, curso para resid\u00eancia m\u00e9dica, medcof hiit, aulas medcof,\" srcset=\"https:\/\/www.grupomedcof.com.br\/blog\/wp-content\/uploads\/2023\/08\/Captura-de-tela-2023-08-16-103405-e1692192957450-1024x484.png 1024w, https:\/\/www.grupomedcof.com.br\/blog\/wp-content\/uploads\/2023\/08\/Captura-de-tela-2023-08-16-103405-e1692192957450-300x142.png 300w, https:\/\/www.grupomedcof.com.br\/blog\/wp-content\/uploads\/2023\/08\/Captura-de-tela-2023-08-16-103405-e1692192957450-768x363.png 768w, https:\/\/www.grupomedcof.com.br\/blog\/wp-content\/uploads\/2023\/08\/Captura-de-tela-2023-08-16-103405-e1692192957450.png 1145w\" sizes=\"auto, (max-width: 800px) 100vw, 800px\" \/>\t\t\t\t\t\t\t\t<\/a><\/p>\n","protected":false},"excerpt":{"rendered":"<p>Saiba as vagas para resid\u00eancia m\u00e9dica s\u00e3o ofertadas para cada especialidade do AMP 2024. S\u00e3o mais de 600 vagas distribu\u00eddas entre as 39 institui\u00e7\u00f5es aderentes ao processo seletivo.<\/p>\n","protected":false},"author":6,"featured_media":10783,"comment_status":"open","ping_status":"open","sticky":false,"template":"","format":"standard","meta":{"footnotes":""},"categories":[10,174],"tags":[254,117,68],"ppma_author":[3609],"class_list":{"0":"post-10734","1":"post","2":"type-post","3":"status-publish","4":"format-standard","5":"has-post-thumbnail","7":"category-raio-x-editais","8":"category-residencia-medica","9":"tag-amp","10":"tag-provas-de-residencia","11":"tag-residencia-medica"},"yoast_head":"<!-- This site is optimized with the Yoast SEO Premium plugin v24.3 (Yoast SEO v27.4) - https:\/\/yoast.com\/product\/yoast-seo-premium-wordpress\/ -->\n<title>Resid\u00eancia M\u00e9dica AMP 2023\/2024: Vagas por Especialidade - Blog de Medcof: conte\u00fados, editais, revalida e mais!<\/title>\n<meta name=\"description\" content=\"Saiba as vagas para resid\u00eancia m\u00e9dica s\u00e3o ofertadas para cada especialidade do AMP 2023\/ 2024. S\u00e3o mais de 600 vagas distribu\u00eddas entre...\" \/>\n<meta name=\"robots\" content=\"index, follow, max-snippet:-1, max-image-preview:large, max-video-preview:-1\" \/>\n<link rel=\"canonical\" href=\"https:\/\/www.grupomedcof.com.br\/blog\/residencia-medica-amp-2023-2024-vagas-por-especialidade\/\" \/>\n<meta property=\"og:locale\" content=\"pt_BR\" \/>\n<meta property=\"og:type\" content=\"article\" \/>\n<meta property=\"og:title\" content=\"Resid\u00eancia M\u00e9dica AMP 2023\/2024: Vagas por Especialidade\" \/>\n<meta property=\"og:description\" content=\"Saiba as vagas para resid\u00eancia m\u00e9dica s\u00e3o ofertadas para cada especialidade do AMP 2023\/ 2024. S\u00e3o mais de 600 vagas distribu\u00eddas entre...\" \/>\n<meta property=\"og:url\" content=\"https:\/\/www.grupomedcof.com.br\/blog\/residencia-medica-amp-2023-2024-vagas-por-especialidade\/\" \/>\n<meta property=\"og:site_name\" content=\"Blog de Medcof: conte\u00fados, editais, revalida e mais!\" \/>\n<meta property=\"article:publisher\" content=\"https:\/\/www.facebook.com\/MedCofQbank\/\" \/>\n<meta property=\"article:published_time\" content=\"2023-08-21T19:29:41+00:00\" \/>\n<meta property=\"og:image\" content=\"https:\/\/www.grupomedcof.com.br\/blog\/wp-content\/uploads\/2023\/08\/Blog-MedCof-2023-08-21T142610.965.png\" \/>\n\t<meta property=\"og:image:width\" content=\"2560\" \/>\n\t<meta property=\"og:image:height\" content=\"1440\" \/>\n\t<meta property=\"og:image:type\" content=\"image\/png\" \/>\n<meta name=\"author\" content=\"J\u00falia Moreira\" \/>\n<meta name=\"twitter:card\" content=\"summary_large_image\" \/>\n<meta name=\"twitter:label1\" content=\"Escrito por\" \/>\n\t<meta name=\"twitter:data1\" content=\"J\u00falia Moreira\" \/>\n<script type=\"application\/ld+json\" class=\"yoast-schema-graph\">{\"@context\":\"https:\\\/\\\/schema.org\",\"@graph\":[{\"@type\":\"Article\",\"@id\":\"https:\\\/\\\/www.grupomedcof.com.br\\\/blog\\\/residencia-medica-amp-2023-2024-vagas-por-especialidade\\\/#article\",\"isPartOf\":{\"@id\":\"https:\\\/\\\/www.grupomedcof.com.br\\\/blog\\\/residencia-medica-amp-2023-2024-vagas-por-especialidade\\\/\"},\"author\":{\"name\":\"J\u00falia Moreira\",\"@id\":\"https:\\\/\\\/www.grupomedcof.com.br\\\/blog\\\/#\\\/schema\\\/person\\\/1375e0ce724529d7a1d8156ea7f8ceaa\"},\"headline\":\"Resid\u00eancia M\u00e9dica AMP 2023\\\/2024: Vagas por Especialidade\",\"datePublished\":\"2023-08-21T19:29:41+00:00\",\"mainEntityOfPage\":{\"@id\":\"https:\\\/\\\/www.grupomedcof.com.br\\\/blog\\\/residencia-medica-amp-2023-2024-vagas-por-especialidade\\\/\"},\"wordCount\":3026,\"commentCount\":1,\"publisher\":{\"@id\":\"https:\\\/\\\/www.grupomedcof.com.br\\\/blog\\\/#organization\"},\"image\":{\"@id\":\"https:\\\/\\\/www.grupomedcof.com.br\\\/blog\\\/residencia-medica-amp-2023-2024-vagas-por-especialidade\\\/#primaryimage\"},\"thumbnailUrl\":\"https:\\\/\\\/www.grupomedcof.com.br\\\/blog\\\/wp-content\\\/uploads\\\/2023\\\/08\\\/Blog-MedCof-2023-08-21T142610.965.png\",\"keywords\":[\"AMP\",\"Provas de Resid\u00eancia\",\"Resid\u00eancia M\u00e9dica\"],\"articleSection\":[\"Raio-X Editais\",\"Resid\u00eancia m\u00e9dica: editais, resultados, temas quentes e mais\"],\"inLanguage\":\"pt-BR\"},{\"@type\":\"WebPage\",\"@id\":\"https:\\\/\\\/www.grupomedcof.com.br\\\/blog\\\/residencia-medica-amp-2023-2024-vagas-por-especialidade\\\/\",\"url\":\"https:\\\/\\\/www.grupomedcof.com.br\\\/blog\\\/residencia-medica-amp-2023-2024-vagas-por-especialidade\\\/\",\"name\":\"Resid\u00eancia M\u00e9dica AMP 2023\\\/2024: Vagas por Especialidade - Blog de Medcof: conte\u00fados, editais, revalida e mais!\",\"isPartOf\":{\"@id\":\"https:\\\/\\\/www.grupomedcof.com.br\\\/blog\\\/#website\"},\"primaryImageOfPage\":{\"@id\":\"https:\\\/\\\/www.grupomedcof.com.br\\\/blog\\\/residencia-medica-amp-2023-2024-vagas-por-especialidade\\\/#primaryimage\"},\"image\":{\"@id\":\"https:\\\/\\\/www.grupomedcof.com.br\\\/blog\\\/residencia-medica-amp-2023-2024-vagas-por-especialidade\\\/#primaryimage\"},\"thumbnailUrl\":\"https:\\\/\\\/www.grupomedcof.com.br\\\/blog\\\/wp-content\\\/uploads\\\/2023\\\/08\\\/Blog-MedCof-2023-08-21T142610.965.png\",\"datePublished\":\"2023-08-21T19:29:41+00:00\",\"description\":\"Saiba as vagas para resid\u00eancia m\u00e9dica s\u00e3o ofertadas para cada especialidade do AMP 2023\\\/ 2024. S\u00e3o mais de 600 vagas distribu\u00eddas entre...\",\"breadcrumb\":{\"@id\":\"https:\\\/\\\/www.grupomedcof.com.br\\\/blog\\\/residencia-medica-amp-2023-2024-vagas-por-especialidade\\\/#breadcrumb\"},\"inLanguage\":\"pt-BR\",\"potentialAction\":[{\"@type\":\"ReadAction\",\"target\":[\"https:\\\/\\\/www.grupomedcof.com.br\\\/blog\\\/residencia-medica-amp-2023-2024-vagas-por-especialidade\\\/\"]}]},{\"@type\":\"ImageObject\",\"inLanguage\":\"pt-BR\",\"@id\":\"https:\\\/\\\/www.grupomedcof.com.br\\\/blog\\\/residencia-medica-amp-2023-2024-vagas-por-especialidade\\\/#primaryimage\",\"url\":\"https:\\\/\\\/www.grupomedcof.com.br\\\/blog\\\/wp-content\\\/uploads\\\/2023\\\/08\\\/Blog-MedCof-2023-08-21T142610.965.png\",\"contentUrl\":\"https:\\\/\\\/www.grupomedcof.com.br\\\/blog\\\/wp-content\\\/uploads\\\/2023\\\/08\\\/Blog-MedCof-2023-08-21T142610.965.png\",\"width\":2560,\"height\":1440,\"caption\":\"Saiba as vagas para resid\u00eancia m\u00e9dica s\u00e3o ofertadas para cada especialidade do AMP 2023\\\/ 2024. S\u00e3o mais de 600 vagas distribu\u00eddas entre...\"},{\"@type\":\"BreadcrumbList\",\"@id\":\"https:\\\/\\\/www.grupomedcof.com.br\\\/blog\\\/residencia-medica-amp-2023-2024-vagas-por-especialidade\\\/#breadcrumb\",\"itemListElement\":[{\"@type\":\"ListItem\",\"position\":1,\"name\":\"In\u00edcio\",\"item\":\"https:\\\/\\\/www.grupomedcof.com.br\\\/blog\\\/\"},{\"@type\":\"ListItem\",\"position\":2,\"name\":\"Resid\u00eancia M\u00e9dica AMP 2023\\\/2024: Vagas por Especialidade\"}]},{\"@type\":\"WebSite\",\"@id\":\"https:\\\/\\\/www.grupomedcof.com.br\\\/blog\\\/#website\",\"url\":\"https:\\\/\\\/www.grupomedcof.com.br\\\/blog\\\/\",\"name\":\"Blog de Medcof: conte\u00fados, editais, revalida e mais!\",\"description\":\"Acesso o blog de MedCof! Seu portal de conte\u00fados sobre resid\u00eancia m\u00e9dica, an\u00e1lise e editais e muito mais. Clique e confira!\",\"publisher\":{\"@id\":\"https:\\\/\\\/www.grupomedcof.com.br\\\/blog\\\/#organization\"},\"alternateName\":\"Blog de Medcof: conte\u00fados, editais, revalida e mais!\",\"potentialAction\":[{\"@type\":\"SearchAction\",\"target\":{\"@type\":\"EntryPoint\",\"urlTemplate\":\"https:\\\/\\\/www.grupomedcof.com.br\\\/blog\\\/?s={search_term_string}\"},\"query-input\":{\"@type\":\"PropertyValueSpecification\",\"valueRequired\":true,\"valueName\":\"search_term_string\"}}],\"inLanguage\":\"pt-BR\"},{\"@type\":\"Organization\",\"@id\":\"https:\\\/\\\/www.grupomedcof.com.br\\\/blog\\\/#organization\",\"name\":\"Grupo MedCof\",\"url\":\"https:\\\/\\\/www.grupomedcof.com.br\\\/blog\\\/\",\"logo\":{\"@type\":\"ImageObject\",\"inLanguage\":\"pt-BR\",\"@id\":\"https:\\\/\\\/www.grupomedcof.com.br\\\/blog\\\/#\\\/schema\\\/logo\\\/image\\\/\",\"url\":\"https:\\\/\\\/www.grupomedcof.com.br\\\/blog\\\/wp-content\\\/uploads\\\/2022\\\/01\\\/logo-medcof.png\",\"contentUrl\":\"https:\\\/\\\/www.grupomedcof.com.br\\\/blog\\\/wp-content\\\/uploads\\\/2022\\\/01\\\/logo-medcof.png\",\"width\":768,\"height\":269,\"caption\":\"Grupo MedCof\"},\"image\":{\"@id\":\"https:\\\/\\\/www.grupomedcof.com.br\\\/blog\\\/#\\\/schema\\\/logo\\\/image\\\/\"},\"sameAs\":[\"https:\\\/\\\/www.facebook.com\\\/MedCofQbank\\\/\",\"https:\\\/\\\/www.instagram.com\\\/grupomedcof\\\/\",\"https:\\\/\\\/br.linkedin.com\\\/company\\\/medcof\",\"https:\\\/\\\/www.youtube.com\\\/channel\\\/UCdHMuOHKICxcHwecxN8P-AA\"]},{\"@type\":\"Person\",\"@id\":\"https:\\\/\\\/www.grupomedcof.com.br\\\/blog\\\/#\\\/schema\\\/person\\\/1375e0ce724529d7a1d8156ea7f8ceaa\",\"name\":\"J\u00falia Moreira\",\"image\":{\"@type\":\"ImageObject\",\"inLanguage\":\"pt-BR\",\"@id\":\"https:\\\/\\\/www.grupomedcof.com.br\\\/blog\\\/wp-content\\\/uploads\\\/2024\\\/12\\\/cropped-Captura-de-tela-2023-12-15-094946-96x96.png6a0083ac34a0445de97d55fae63a4a41\",\"url\":\"https:\\\/\\\/www.grupomedcof.com.br\\\/blog\\\/wp-content\\\/uploads\\\/2024\\\/12\\\/cropped-Captura-de-tela-2023-12-15-094946-96x96.png\",\"contentUrl\":\"https:\\\/\\\/www.grupomedcof.com.br\\\/blog\\\/wp-content\\\/uploads\\\/2024\\\/12\\\/cropped-Captura-de-tela-2023-12-15-094946-96x96.png\",\"caption\":\"J\u00falia Moreira\"},\"description\":\"Estudante do 8\u00ba semestre de Jornalismo na ECA-USP, f\u00e3 de filmes de terror e m\u00fasica popular sul-coreana.\",\"sameAs\":[\"https:\\\/\\\/www.grupomedcof.com.br\\\/\"],\"url\":\"https:\\\/\\\/www.grupomedcof.com.br\\\/blog\\\/author\\\/julia\\\/\"}]}<\/script>\n<!-- \/ Yoast SEO Premium plugin. -->","yoast_head_json":{"title":"Resid\u00eancia M\u00e9dica AMP 2023\/2024: Vagas por Especialidade - Blog de Medcof: conte\u00fados, editais, revalida e mais!","description":"Saiba as vagas para resid\u00eancia m\u00e9dica s\u00e3o ofertadas para cada especialidade do AMP 2023\/ 2024. S\u00e3o mais de 600 vagas distribu\u00eddas entre...","robots":{"index":"index","follow":"follow","max-snippet":"max-snippet:-1","max-image-preview":"max-image-preview:large","max-video-preview":"max-video-preview:-1"},"canonical":"https:\/\/www.grupomedcof.com.br\/blog\/residencia-medica-amp-2023-2024-vagas-por-especialidade\/","og_locale":"pt_BR","og_type":"article","og_title":"Resid\u00eancia M\u00e9dica AMP 2023\/2024: Vagas por Especialidade","og_description":"Saiba as vagas para resid\u00eancia m\u00e9dica s\u00e3o ofertadas para cada especialidade do AMP 2023\/ 2024. S\u00e3o mais de 600 vagas distribu\u00eddas entre...","og_url":"https:\/\/www.grupomedcof.com.br\/blog\/residencia-medica-amp-2023-2024-vagas-por-especialidade\/","og_site_name":"Blog de Medcof: conte\u00fados, editais, revalida e mais!","article_publisher":"https:\/\/www.facebook.com\/MedCofQbank\/","article_published_time":"2023-08-21T19:29:41+00:00","og_image":[{"width":2560,"height":1440,"url":"https:\/\/www.grupomedcof.com.br\/blog\/wp-content\/uploads\/2023\/08\/Blog-MedCof-2023-08-21T142610.965.png","type":"image\/png"}],"author":"J\u00falia Moreira","twitter_card":"summary_large_image","twitter_misc":{"Escrito por":"J\u00falia Moreira"},"schema":{"@context":"https:\/\/schema.org","@graph":[{"@type":"Article","@id":"https:\/\/www.grupomedcof.com.br\/blog\/residencia-medica-amp-2023-2024-vagas-por-especialidade\/#article","isPartOf":{"@id":"https:\/\/www.grupomedcof.com.br\/blog\/residencia-medica-amp-2023-2024-vagas-por-especialidade\/"},"author":{"name":"J\u00falia Moreira","@id":"https:\/\/www.grupomedcof.com.br\/blog\/#\/schema\/person\/1375e0ce724529d7a1d8156ea7f8ceaa"},"headline":"Resid\u00eancia M\u00e9dica AMP 2023\/2024: Vagas por Especialidade","datePublished":"2023-08-21T19:29:41+00:00","mainEntityOfPage":{"@id":"https:\/\/www.grupomedcof.com.br\/blog\/residencia-medica-amp-2023-2024-vagas-por-especialidade\/"},"wordCount":3026,"commentCount":1,"publisher":{"@id":"https:\/\/www.grupomedcof.com.br\/blog\/#organization"},"image":{"@id":"https:\/\/www.grupomedcof.com.br\/blog\/residencia-medica-amp-2023-2024-vagas-por-especialidade\/#primaryimage"},"thumbnailUrl":"https:\/\/www.grupomedcof.com.br\/blog\/wp-content\/uploads\/2023\/08\/Blog-MedCof-2023-08-21T142610.965.png","keywords":["AMP","Provas de Resid\u00eancia","Resid\u00eancia M\u00e9dica"],"articleSection":["Raio-X Editais","Resid\u00eancia m\u00e9dica: editais, resultados, temas quentes e mais"],"inLanguage":"pt-BR"},{"@type":"WebPage","@id":"https:\/\/www.grupomedcof.com.br\/blog\/residencia-medica-amp-2023-2024-vagas-por-especialidade\/","url":"https:\/\/www.grupomedcof.com.br\/blog\/residencia-medica-amp-2023-2024-vagas-por-especialidade\/","name":"Resid\u00eancia M\u00e9dica AMP 2023\/2024: Vagas por Especialidade - Blog de Medcof: conte\u00fados, editais, revalida e mais!","isPartOf":{"@id":"https:\/\/www.grupomedcof.com.br\/blog\/#website"},"primaryImageOfPage":{"@id":"https:\/\/www.grupomedcof.com.br\/blog\/residencia-medica-amp-2023-2024-vagas-por-especialidade\/#primaryimage"},"image":{"@id":"https:\/\/www.grupomedcof.com.br\/blog\/residencia-medica-amp-2023-2024-vagas-por-especialidade\/#primaryimage"},"thumbnailUrl":"https:\/\/www.grupomedcof.com.br\/blog\/wp-content\/uploads\/2023\/08\/Blog-MedCof-2023-08-21T142610.965.png","datePublished":"2023-08-21T19:29:41+00:00","description":"Saiba as vagas para resid\u00eancia m\u00e9dica s\u00e3o ofertadas para cada especialidade do AMP 2023\/ 2024. S\u00e3o mais de 600 vagas distribu\u00eddas entre...","breadcrumb":{"@id":"https:\/\/www.grupomedcof.com.br\/blog\/residencia-medica-amp-2023-2024-vagas-por-especialidade\/#breadcrumb"},"inLanguage":"pt-BR","potentialAction":[{"@type":"ReadAction","target":["https:\/\/www.grupomedcof.com.br\/blog\/residencia-medica-amp-2023-2024-vagas-por-especialidade\/"]}]},{"@type":"ImageObject","inLanguage":"pt-BR","@id":"https:\/\/www.grupomedcof.com.br\/blog\/residencia-medica-amp-2023-2024-vagas-por-especialidade\/#primaryimage","url":"https:\/\/www.grupomedcof.com.br\/blog\/wp-content\/uploads\/2023\/08\/Blog-MedCof-2023-08-21T142610.965.png","contentUrl":"https:\/\/www.grupomedcof.com.br\/blog\/wp-content\/uploads\/2023\/08\/Blog-MedCof-2023-08-21T142610.965.png","width":2560,"height":1440,"caption":"Saiba as vagas para resid\u00eancia m\u00e9dica s\u00e3o ofertadas para cada especialidade do AMP 2023\/ 2024. S\u00e3o mais de 600 vagas distribu\u00eddas entre..."},{"@type":"BreadcrumbList","@id":"https:\/\/www.grupomedcof.com.br\/blog\/residencia-medica-amp-2023-2024-vagas-por-especialidade\/#breadcrumb","itemListElement":[{"@type":"ListItem","position":1,"name":"In\u00edcio","item":"https:\/\/www.grupomedcof.com.br\/blog\/"},{"@type":"ListItem","position":2,"name":"Resid\u00eancia M\u00e9dica AMP 2023\/2024: Vagas por Especialidade"}]},{"@type":"WebSite","@id":"https:\/\/www.grupomedcof.com.br\/blog\/#website","url":"https:\/\/www.grupomedcof.com.br\/blog\/","name":"Blog de Medcof: conte\u00fados, editais, revalida e mais!","description":"Acesso o blog de MedCof! Seu portal de conte\u00fados sobre resid\u00eancia m\u00e9dica, an\u00e1lise e editais e muito mais. Clique e confira!","publisher":{"@id":"https:\/\/www.grupomedcof.com.br\/blog\/#organization"},"alternateName":"Blog de Medcof: conte\u00fados, editais, revalida e mais!","potentialAction":[{"@type":"SearchAction","target":{"@type":"EntryPoint","urlTemplate":"https:\/\/www.grupomedcof.com.br\/blog\/?s={search_term_string}"},"query-input":{"@type":"PropertyValueSpecification","valueRequired":true,"valueName":"search_term_string"}}],"inLanguage":"pt-BR"},{"@type":"Organization","@id":"https:\/\/www.grupomedcof.com.br\/blog\/#organization","name":"Grupo MedCof","url":"https:\/\/www.grupomedcof.com.br\/blog\/","logo":{"@type":"ImageObject","inLanguage":"pt-BR","@id":"https:\/\/www.grupomedcof.com.br\/blog\/#\/schema\/logo\/image\/","url":"https:\/\/www.grupomedcof.com.br\/blog\/wp-content\/uploads\/2022\/01\/logo-medcof.png","contentUrl":"https:\/\/www.grupomedcof.com.br\/blog\/wp-content\/uploads\/2022\/01\/logo-medcof.png","width":768,"height":269,"caption":"Grupo MedCof"},"image":{"@id":"https:\/\/www.grupomedcof.com.br\/blog\/#\/schema\/logo\/image\/"},"sameAs":["https:\/\/www.facebook.com\/MedCofQbank\/","https:\/\/www.instagram.com\/grupomedcof\/","https:\/\/br.linkedin.com\/company\/medcof","https:\/\/www.youtube.com\/channel\/UCdHMuOHKICxcHwecxN8P-AA"]},{"@type":"Person","@id":"https:\/\/www.grupomedcof.com.br\/blog\/#\/schema\/person\/1375e0ce724529d7a1d8156ea7f8ceaa","name":"J\u00falia Moreira","image":{"@type":"ImageObject","inLanguage":"pt-BR","@id":"https:\/\/www.grupomedcof.com.br\/blog\/wp-content\/uploads\/2024\/12\/cropped-Captura-de-tela-2023-12-15-094946-96x96.png6a0083ac34a0445de97d55fae63a4a41","url":"https:\/\/www.grupomedcof.com.br\/blog\/wp-content\/uploads\/2024\/12\/cropped-Captura-de-tela-2023-12-15-094946-96x96.png","contentUrl":"https:\/\/www.grupomedcof.com.br\/blog\/wp-content\/uploads\/2024\/12\/cropped-Captura-de-tela-2023-12-15-094946-96x96.png","caption":"J\u00falia Moreira"},"description":"Estudante do 8\u00ba semestre de Jornalismo na ECA-USP, f\u00e3 de filmes de terror e m\u00fasica popular sul-coreana.","sameAs":["https:\/\/www.grupomedcof.com.br\/"],"url":"https:\/\/www.grupomedcof.com.br\/blog\/author\/julia\/"}]}},"authors":[{"term_id":3609,"user_id":6,"is_guest":0,"slug":"julia","display_name":"J\u00falia Moreira","avatar_url":"https:\/\/www.grupomedcof.com.br\/blog\/wp-content\/uploads\/2024\/12\/cropped-Captura-de-tela-2023-12-15-094946-96x96.png","0":null,"1":"","2":"","3":"","4":"","5":"","6":"","7":"","8":""}],"_links":{"self":[{"href":"https:\/\/www.grupomedcof.com.br\/blog\/wp-json\/wp\/v2\/posts\/10734","targetHints":{"allow":["GET"]}}],"collection":[{"href":"https:\/\/www.grupomedcof.com.br\/blog\/wp-json\/wp\/v2\/posts"}],"about":[{"href":"https:\/\/www.grupomedcof.com.br\/blog\/wp-json\/wp\/v2\/types\/post"}],"author":[{"embeddable":true,"href":"https:\/\/www.grupomedcof.com.br\/blog\/wp-json\/wp\/v2\/users\/6"}],"replies":[{"embeddable":true,"href":"https:\/\/www.grupomedcof.com.br\/blog\/wp-json\/wp\/v2\/comments?post=10734"}],"version-history":[{"count":0,"href":"https:\/\/www.grupomedcof.com.br\/blog\/wp-json\/wp\/v2\/posts\/10734\/revisions"}],"wp:featuredmedia":[{"embeddable":true,"href":"https:\/\/www.grupomedcof.com.br\/blog\/wp-json\/wp\/v2\/media\/10783"}],"wp:attachment":[{"href":"https:\/\/www.grupomedcof.com.br\/blog\/wp-json\/wp\/v2\/media?parent=10734"}],"wp:term":[{"taxonomy":"category","embeddable":true,"href":"https:\/\/www.grupomedcof.com.br\/blog\/wp-json\/wp\/v2\/categories?post=10734"},{"taxonomy":"post_tag","embeddable":true,"href":"https:\/\/www.grupomedcof.com.br\/blog\/wp-json\/wp\/v2\/tags?post=10734"},{"taxonomy":"author","embeddable":true,"href":"https:\/\/www.grupomedcof.com.br\/blog\/wp-json\/wp\/v2\/ppma_author?post=10734"}],"curies":[{"name":"wp","href":"https:\/\/api.w.org\/{rel}","templated":true}]}}