{"id":1093,"date":"2022-06-01T12:00:30","date_gmt":"2022-06-01T15:00:30","guid":{"rendered":"https:\/\/www.grupomedcof.com.br\/blog\/?p=1093"},"modified":"2022-06-01T12:00:30","modified_gmt":"2022-06-01T15:00:30","slug":"dpoc-doenca-pulmonar-obstrutiva-cronica","status":"publish","type":"post","link":"https:\/\/www.grupomedcof.com.br\/blog\/dpoc-doenca-pulmonar-obstrutiva-cronica\/","title":{"rendered":"DPOC- Doen\u00e7a Pulmonar Obstrutiva Cr\u00f4nica"},"content":{"rendered":"<div id=\"ez-toc-container\" class=\"ez-toc-v2_0_74 counter-hierarchy ez-toc-counter ez-toc-transparent ez-toc-container-direction\">\n<div class=\"ez-toc-title-container\">\n<p class=\"ez-toc-title\" style=\"cursor:inherit\">Sum\u00e1rio<\/p>\n<span class=\"ez-toc-title-toggle\"><a href=\"#\" class=\"ez-toc-pull-right ez-toc-btn ez-toc-btn-xs ez-toc-btn-default ez-toc-toggle\" aria-label=\"Alternar tabela de conte\u00fado\"><span class=\"ez-toc-js-icon-con\"><span class=\"\"><span class=\"eztoc-hide\" style=\"display:none;\">Toggle<\/span><span class=\"ez-toc-icon-toggle-span\"><svg style=\"fill: #999;color:#999\" xmlns=\"http:\/\/www.w3.org\/2000\/svg\" class=\"list-377408\" width=\"20px\" height=\"20px\" viewBox=\"0 0 24 24\" fill=\"none\"><path d=\"M6 6H4v2h2V6zm14 0H8v2h12V6zM4 11h2v2H4v-2zm16 0H8v2h12v-2zM4 16h2v2H4v-2zm16 0H8v2h12v-2z\" fill=\"currentColor\"><\/path><\/svg><svg style=\"fill: #999;color:#999\" class=\"arrow-unsorted-368013\" xmlns=\"http:\/\/www.w3.org\/2000\/svg\" width=\"10px\" height=\"10px\" viewBox=\"0 0 24 24\" version=\"1.2\" baseProfile=\"tiny\"><path d=\"M18.2 9.3l-6.2-6.3-6.2 6.3c-.2.2-.3.4-.3.7s.1.5.3.7c.2.2.4.3.7.3h11c.3 0 .5-.1.7-.3.2-.2.3-.5.3-.7s-.1-.5-.3-.7zM5.8 14.7l6.2 6.3 6.2-6.3c.2-.2.3-.5.3-.7s-.1-.5-.3-.7c-.2-.2-.4-.3-.7-.3h-11c-.3 0-.5.1-.7.3-.2.2-.3.5-.3.7s.1.5.3.7z\"\/><\/svg><\/span><\/span><\/span><\/a><\/span><\/div>\n<nav><ul class='ez-toc-list ez-toc-list-level-1 ' ><li class='ez-toc-page-1 ez-toc-heading-level-3'><a class=\"ez-toc-link ez-toc-heading-1\" href=\"https:\/\/www.grupomedcof.com.br\/blog\/dpoc-doenca-pulmonar-obstrutiva-cronica\/#Definicao_de_DPOC\" >Defini\u00e7\u00e3o de DPOC<\/a><\/li><li class='ez-toc-page-1 ez-toc-heading-level-3'><a class=\"ez-toc-link ez-toc-heading-2\" href=\"https:\/\/www.grupomedcof.com.br\/blog\/dpoc-doenca-pulmonar-obstrutiva-cronica\/#Epidemiologia_e_fisiopatologia_da_doenca\" >Epidemiologia e fisiopatologia da doen\u00e7a<\/a><\/li><li class='ez-toc-page-1 ez-toc-heading-level-3'><a class=\"ez-toc-link ez-toc-heading-3\" href=\"https:\/\/www.grupomedcof.com.br\/blog\/dpoc-doenca-pulmonar-obstrutiva-cronica\/#Quadro_clinico_da_DPOC\" >Quadro cl\u00ednico da DPOC<\/a><\/li><li class='ez-toc-page-1 ez-toc-heading-level-3'><a class=\"ez-toc-link ez-toc-heading-4\" href=\"https:\/\/www.grupomedcof.com.br\/blog\/dpoc-doenca-pulmonar-obstrutiva-cronica\/#Diagnostico_da_doenca\" >Diagn\u00f3stico da doen\u00e7a<\/a><\/li><li class='ez-toc-page-1 ez-toc-heading-level-3'><a class=\"ez-toc-link ez-toc-heading-5\" href=\"https:\/\/www.grupomedcof.com.br\/blog\/dpoc-doenca-pulmonar-obstrutiva-cronica\/#Tratamento_da_DPOC\" >Tratamento da DPOC<\/a><\/li><\/ul><\/nav><\/div>\n<h3><span class=\"ez-toc-section\" id=\"Definicao_de_DPOC\"><\/span>Defini\u00e7\u00e3o de DPOC<span class=\"ez-toc-section-end\"><\/span><\/h3>\n<p>A doen\u00e7a pulmonar obstrutiva cr\u00f4nica &#8211; DPOC &#8211; \u00e9 caracterizada pela limita\u00e7\u00e3o cr\u00f4nica do fluxo a\u00e9reo que n\u00e3o \u00e9 poss\u00edvel de ser totalmente revertida e que geralmente evolui progressivamente para piora da fun\u00e7\u00e3o pulmonar e da qualidade de vida.<\/p>\n<p>&nbsp;<\/p>\n<p>Est\u00e1 associada a uma resposta inflamat\u00f3ria dos pulm\u00f5es \u00e0 inala\u00e7\u00e3o de part\u00edculas ou gases e, mesmo que o paciente se abstenha da exposi\u00e7\u00e3o aos fatores de risco, n\u00e3o \u00e9 poss\u00edvel parar completamente o curso natural da doen\u00e7a.<\/p>\n<p>&nbsp;<\/p>\n<p>&nbsp;<\/p>\n<h3><span class=\"ez-toc-section\" id=\"Epidemiologia_e_fisiopatologia_da_doenca\"><\/span>Epidemiologia e fisiopatologia da doen\u00e7a<span class=\"ez-toc-section-end\"><\/span><\/h3>\n<p>Trata-se de uma doen\u00e7a bastante prevalente, estima-se que seja a terceira maior causa de mortes no mundo e a sexta no Brasil. Al\u00e9m disso, \u00e9 uma doen\u00e7a que traz muita incapacidade f\u00edsica, de modo que traz impactos econ\u00f4micos e na sa\u00fade mental dos pacientes.<\/p>\n<p>&nbsp;<\/p>\n<p>A incid\u00eancia \u00e9 maior em homens que em mulheres, entretanto, provavelmente isso se associa a maior preval\u00eancia do uso de tabaco em homens que mulheres no passado, visto que o aumento do tabagismo em mulheres tem reduzido essa diferen\u00e7a.<\/p>\n<p>&nbsp;<\/p>\n<p>A DPOC \u00e9 uma doen\u00e7a multifatorial, pois h\u00e1 intera\u00e7\u00e3o de fatores ambientais e do hospedeiro. Entre os primeiros, temos a exposi\u00e7\u00e3o ao fator de risco ambiental, principalmente o fumo, entretanto h\u00e1 outros como poeira ocupacional, irritantes qu\u00edmicos e polui\u00e7\u00e3o intradomiciliar, como fog\u00e3o \u00e0 lenha.<\/p>\n<p>&nbsp;<\/p>\n<p>J\u00e1 em rela\u00e7\u00e3o ao hospedeiro, existem altera\u00e7\u00f5es gen\u00e9ticas relacionadas \u00e0 doen\u00e7a, como a defici\u00eancia de alfa-1-antitripsina, hiperresponsividade br\u00f4nquica, desnutri\u00e7\u00e3o, prematuridade, entre outros.<\/p>\n<p>&nbsp;<\/p>\n<p>No desenvolvimento da DPOC, ocorre a inflama\u00e7\u00e3o cr\u00f4nica de vias a\u00e9reas, par\u00eanquima e vasos pulmonares devido \u00e0 inala\u00e7\u00e3o de part\u00edculas e gases. Esse processo leva ao ac\u00famulo de macr\u00f3fagos, neutr\u00f3filos e linf\u00f3citos T que liberam mediadores inflamat\u00f3rios, como leucotrieno B4, IL-8, TNF-alfa, entre outros, que lesam as estruturas pulmonares, causando um processo de destrui\u00e7\u00e3o e repara\u00e7\u00e3o.<\/p>\n<p>&nbsp;<\/p>\n<p>Isso promove hipersecre\u00e7\u00e3o de muco e redu\u00e7\u00e3o da quantidade de c\u00edlios, remodelamento estrutural, com deposi\u00e7\u00e3o de col\u00e1geno e aumento da musculatura lisa, que promove a obstru\u00e7\u00e3o da via a\u00e9rea, e destrui\u00e7\u00e3o do par\u00eanquima pulmonar.<\/p>\n<p>&nbsp;<\/p>\n<p>&nbsp;<\/p>\n<h3><span class=\"ez-toc-section\" id=\"Quadro_clinico_da_DPOC\"><\/span>Quadro cl\u00ednico da DPOC<span class=\"ez-toc-section-end\"><\/span><\/h3>\n<p>Geralmente os sintomas da DPOC aparecem ap\u00f3s a perda importante da fun\u00e7\u00e3o pulmonar, com VEF1\u00a0 inferior a 50%. Na hist\u00f3ria cl\u00ednica t\u00edpica, h\u00e1 um paciente com exposi\u00e7\u00e3o a algum fator de risco, com tosse e expectora\u00e7\u00e3o cr\u00f4nicas e que passa a apresentar dispneia. Outros sintomas que podem surgir com a doen\u00e7a s\u00e3o sibil\u00e2ncia e sensa\u00e7\u00e3o de opress\u00e3o no t\u00f3rax. Em casos mais avan\u00e7ados, h\u00e1 emagrecimento e hiporexia.<\/p>\n<p>&nbsp;<\/p>\n<p>O exame f\u00edsico desses pacientes podem ser normais ou discretamente alterados, com aumento do di\u00e2metro anteroposterior do t\u00f3rax, redu\u00e7\u00e3o da expansibilidade pulmonar, estertores finos, entre outros achados n\u00e3o muito espec\u00edficos para a DPOC.<\/p>\n<h3><\/h3>\n<p>&nbsp;<\/p>\n<h3><span class=\"ez-toc-section\" id=\"Diagnostico_da_doenca\"><\/span>Diagn\u00f3stico da doen\u00e7a<span class=\"ez-toc-section-end\"><\/span><\/h3>\n<p>O diagn\u00f3stico da DPOC baseia-se na anamnese e exame f\u00edsico compat\u00edveis com a doen\u00e7a associados \u00e0 espirometria que comprove o quadro de obstru\u00e7\u00e3o n\u00e3o-revers\u00edvel ap\u00f3s uso de broncodilatador. Para isso, \u00e9 necess\u00e1rio que o exame comprove uma rela\u00e7\u00e3o VEF1 \/ CVF inferior a 70% ap\u00f3s broncodilata\u00e7\u00e3o.<\/p>\n<p>&nbsp;<\/p>\n<p>Podemos caracterizar a doen\u00e7a em est\u00e1gios de acordo com a limita\u00e7\u00e3o de fluxo a\u00e9reo, conforme o GOLD (Global Initiative For Chronic Obstructive Lung Disease), descritos abaixo:<\/p>\n<p>&nbsp;<\/p>\n<ol>\n<li>Gold 1: VEF1\/CVF &lt;70%; VEF1 p\u00f3s-broncodilatador maior ou igual a 80% do normal previsto, com ou sem sintomas cr\u00f4nicos;<\/li>\n<li>Gold 2: VEF1\/CVF &lt;70%; VEF1 p\u00f3s-broncodilatador maior ou igual a 50% e menor que 80% do normal previsto, com ou sem sintomas cr\u00f4nicos;<\/li>\n<li>Gold 3: VEF1\/CVF &lt;70%; VEF1 p\u00f3s-broncodilatador maior ou igual a 30% e menor que 50% do normal previsto, com ou sem sintomas cr\u00f4nicos; e<\/li>\n<li>Gold 4: VEF1\/CVF &lt;70%; VEF1 p\u00f3s-broncodilatador menor que 30% do normal previsto, VEF1 p\u00f3s-broncodilatador menor que 50% do normal previsto associada a insufici\u00eancia respirat\u00f3ria cr\u00f4nica (PaO2&lt; 60 mmHg em ar ambiente e no n\u00edvel do mar).<\/li>\n<\/ol>\n<p>&nbsp;<\/p>\n<p>Tamb\u00e9m \u00e9 poss\u00edvel classificar a DPOC de acordo com o risco de exacerba\u00e7\u00e3o e pelos sintomas, tendo por base o mMRC, que avalia o grau de dispneia do paciente, a avalia\u00e7\u00e3o CAT, an\u00e1lise que abrange o impacto dos sintomas na qualidade de vida do paciente, e o n\u00famero de exacerba\u00e7\u00f5es moderadas ou severas, conforme a tabela abaixo:<\/p>\n<p>&nbsp;<\/p>\n<table width=\"602\">\n<tbody>\n<tr>\n<td width=\"201\">&gt;2 exacerba\u00e7\u00f5es ou \u2265 1 com admiss\u00e3o hospitalar<\/td>\n<td width=\"201\">C<\/td>\n<td width=\"201\">D<\/td>\n<\/tr>\n<tr>\n<td width=\"201\">0 ou 1 exacerba\u00e7\u00e3o que n\u00e3o leve a admiss\u00e3o hospitalar<\/td>\n<td width=\"201\">A<\/td>\n<td width=\"201\">B<\/td>\n<\/tr>\n<tr>\n<td width=\"201\">&nbsp;<\/td>\n<td width=\"201\">mMRC 0-1<\/p>\n<p>CAT&lt;10<\/td>\n<td width=\"201\">mMRC \u2265 2<\/p>\n<p>CAT \u2265 10<\/td>\n<\/tr>\n<\/tbody>\n<\/table>\n<p>&nbsp;<\/p>\n<p>&nbsp;<\/p>\n<h3><span class=\"ez-toc-section\" id=\"Tratamento_da_DPOC\"><\/span>Tratamento da DPOC<span class=\"ez-toc-section-end\"><\/span><\/h3>\n<p>O tratamento da DPOC \u00e9 feito de acordo com o grupo no qual o paciente se encontra. As principais medica\u00e7\u00f5es utilizadas s\u00e3o os beta-2 agonistas de longa dura\u00e7\u00e3o (BALD) ou antagonistas muscar\u00ednicos de longa dura\u00e7\u00e3o (LAMA), que agem como broncodilatadores de longa dura\u00e7\u00e3o (LABA), beta-2 agonistas de curta dura\u00e7\u00e3o, que agem como broncodilatadores de curta dura\u00e7\u00e3o (SABA) e os corticoides inalat\u00f3rios.<\/p>\n<p>&nbsp;<\/p>\n<p>Para o Grupo A, recomenda-se o uso de de um LABA, associado a um SABA para resgate. J\u00e1 o Grupo B, o LABA e o SABA s\u00e3o de uso cont\u00ednuo, com reabilita\u00e7\u00e3o pulmonar. Em pacientes do grupo C, obrigatoriamente se usa LAMA com SABA e reabilita\u00e7\u00e3o pulmonar. J\u00e1 no grupo D, introduz-se o corticoide inalat\u00f3rio e avalia-se a necessidade de uso de oxigenoterapia, ventila\u00e7\u00e3o n\u00e3o invasiva e cirurgia, como redu\u00e7\u00e3o do volume pulmonar e transplante.<\/p>\n<p>&nbsp;<\/p>\n<p>Al\u00e9m disso, para todos os pacientes, independentemente do grupo, \u00e9 preciso evitar a exposi\u00e7\u00e3o aos fatores de risco, vacinar para influenza e pneumoc\u00f3cica e estimular a realiza\u00e7\u00e3o de atividades f\u00edsicas.<\/p>\n<p>&nbsp;<\/p>\n<p>&nbsp;<\/p>\n<p>&nbsp;<\/p>\n<p>&nbsp;<\/p>\n<p>Se inscreva no nosso\u00a0<span style=\"color: #0000ff;\"><a style=\"color: #0000ff;\" href=\"https:\/\/www.youtube.com\/channel\/UCdHMuOHKICxcHwecxN8P-AA\">canal do YouTube<\/a><\/span>\u00a0e confira nossos conte\u00fados de aulas, corre\u00e7\u00f5es de provas e muito mais para garantir sua aprova\u00e7\u00e3o na pr\u00f3xima resid\u00eancia m\u00e9dica!<\/p>\n<p>&nbsp;<\/p>\n<p>&nbsp;<\/p>\n<p>&nbsp;<\/p>\n<p><em>Leia tamb\u00e9m:<\/em><\/p>\n<ul>\n<li><span style=\"color: #0000ff;\"><a style=\"color: #0000ff;\" href=\"https:\/\/www.grupomedcof.com.br\/blog\/pneumocistose-saiba-mais\/\">Pneumocistose: saiba mais!<\/a><\/span><\/li>\n<li><span style=\"color: #0000ff;\"><a style=\"color: #0000ff;\" href=\"https:\/\/www.grupomedcof.com.br\/blog\/mieloma-multiplo-aprenda-mais-sobre\/\">Mieloma m\u00faltiplo: aprenda mais sobre!<\/a><\/span><\/li>\n<\/ul>\n<p>&nbsp;<\/p>\n<p>&nbsp;<\/p>\n<p>&nbsp;<\/p>\n","protected":false},"excerpt":{"rendered":"<p>Defini\u00e7\u00e3o de DPOC A doen\u00e7a pulmonar obstrutiva cr\u00f4nica &#8211; DPOC &#8211; \u00e9 caracterizada pela limita\u00e7\u00e3o cr\u00f4nica do fluxo a\u00e9reo que n\u00e3o \u00e9 poss\u00edvel de ser totalmente revertida e que geralmente evolui progressivamente para piora da fun\u00e7\u00e3o pulmonar e da qualidade de vida. &nbsp; Est\u00e1 associada a uma resposta inflamat\u00f3ria dos pulm\u00f5es \u00e0 inala\u00e7\u00e3o de part\u00edculas [&hellip;]<\/p>\n","protected":false},"author":2,"featured_media":1095,"comment_status":"open","ping_status":"open","sticky":false,"template":"","format":"standard","meta":{"footnotes":""},"categories":[19],"tags":[81],"ppma_author":[3612],"class_list":{"0":"post-1093","1":"post","2":"type-post","3":"status-publish","4":"format-standard","5":"has-post-thumbnail","7":"category-doencas-cardiopulmonares","8":"tag-dpoc"},"yoast_head":"<!-- This site is optimized with the Yoast SEO Premium plugin v24.3 (Yoast SEO v27.4) - https:\/\/yoast.com\/product\/yoast-seo-premium-wordpress\/ -->\n<title>DPOC- Doen\u00e7a Pulmonar Obstrutiva Cr\u00f4nica - Blog de Medcof: conte\u00fados, editais, revalida e mais!<\/title>\n<meta name=\"description\" content=\"A doen\u00e7a pulmonar obstrutiva cr\u00f4nica - DPOC - \u00e9 caracterizada pela limita\u00e7\u00e3o cr\u00f4nica do fluxo a\u00e9reo n\u00e3o poss\u00edvel de ser revertida.\" \/>\n<meta name=\"robots\" content=\"index, follow, max-snippet:-1, max-image-preview:large, max-video-preview:-1\" \/>\n<link rel=\"canonical\" href=\"https:\/\/www.grupomedcof.com.br\/blog\/dpoc-doenca-pulmonar-obstrutiva-cronica\/\" \/>\n<meta property=\"og:locale\" content=\"pt_BR\" \/>\n<meta property=\"og:type\" content=\"article\" \/>\n<meta property=\"og:title\" content=\"DPOC- Doen\u00e7a Pulmonar Obstrutiva Cr\u00f4nica\" \/>\n<meta property=\"og:description\" content=\"A doen\u00e7a pulmonar obstrutiva cr\u00f4nica - DPOC - \u00e9 caracterizada pela limita\u00e7\u00e3o cr\u00f4nica do fluxo a\u00e9reo n\u00e3o poss\u00edvel de ser revertida.\" \/>\n<meta property=\"og:url\" content=\"https:\/\/www.grupomedcof.com.br\/blog\/dpoc-doenca-pulmonar-obstrutiva-cronica\/\" \/>\n<meta property=\"og:site_name\" content=\"Blog de Medcof: conte\u00fados, editais, revalida e mais!\" \/>\n<meta property=\"article:publisher\" content=\"https:\/\/www.facebook.com\/MedCofQbank\/\" \/>\n<meta property=\"article:published_time\" content=\"2022-06-01T15:00:30+00:00\" \/>\n<meta property=\"og:image\" content=\"https:\/\/www.grupomedcof.com.br\/blog\/wp-content\/uploads\/2022\/05\/Design-sem-nome-3-1.png\" \/>\n\t<meta property=\"og:image:width\" content=\"2240\" \/>\n\t<meta property=\"og:image:height\" content=\"1260\" \/>\n\t<meta property=\"og:image:type\" content=\"image\/png\" \/>\n<meta name=\"author\" content=\"Patr\u00edcia Oliveira\" \/>\n<meta name=\"twitter:card\" content=\"summary_large_image\" \/>\n<meta name=\"twitter:label1\" content=\"Escrito por\" \/>\n\t<meta name=\"twitter:data1\" content=\"Patr\u00edcia Oliveira\" \/>\n\t<meta name=\"twitter:label2\" content=\"Est. tempo de leitura\" \/>\n\t<meta name=\"twitter:data2\" content=\"5 minutos\" \/>\n<script type=\"application\/ld+json\" class=\"yoast-schema-graph\">{\"@context\":\"https:\\\/\\\/schema.org\",\"@graph\":[{\"@type\":\"Article\",\"@id\":\"https:\\\/\\\/www.grupomedcof.com.br\\\/blog\\\/dpoc-doenca-pulmonar-obstrutiva-cronica\\\/#article\",\"isPartOf\":{\"@id\":\"https:\\\/\\\/www.grupomedcof.com.br\\\/blog\\\/dpoc-doenca-pulmonar-obstrutiva-cronica\\\/\"},\"author\":{\"name\":\"Patr\u00edcia Oliveira\",\"@id\":\"https:\\\/\\\/www.grupomedcof.com.br\\\/blog\\\/#\\\/schema\\\/person\\\/7a655db4c3da9796e0166bf55a9ea53a\"},\"headline\":\"DPOC- Doen\u00e7a Pulmonar Obstrutiva Cr\u00f4nica\",\"datePublished\":\"2022-06-01T15:00:30+00:00\",\"mainEntityOfPage\":{\"@id\":\"https:\\\/\\\/www.grupomedcof.com.br\\\/blog\\\/dpoc-doenca-pulmonar-obstrutiva-cronica\\\/\"},\"wordCount\":1061,\"commentCount\":1,\"publisher\":{\"@id\":\"https:\\\/\\\/www.grupomedcof.com.br\\\/blog\\\/#organization\"},\"image\":{\"@id\":\"https:\\\/\\\/www.grupomedcof.com.br\\\/blog\\\/dpoc-doenca-pulmonar-obstrutiva-cronica\\\/#primaryimage\"},\"thumbnailUrl\":\"https:\\\/\\\/www.grupomedcof.com.br\\\/blog\\\/wp-content\\\/uploads\\\/2022\\\/05\\\/Design-sem-nome-3-1.png\",\"keywords\":[\"DPOC\"],\"articleSection\":[\"Doen\u00e7as cardiopulmonares\"],\"inLanguage\":\"pt-BR\"},{\"@type\":\"WebPage\",\"@id\":\"https:\\\/\\\/www.grupomedcof.com.br\\\/blog\\\/dpoc-doenca-pulmonar-obstrutiva-cronica\\\/\",\"url\":\"https:\\\/\\\/www.grupomedcof.com.br\\\/blog\\\/dpoc-doenca-pulmonar-obstrutiva-cronica\\\/\",\"name\":\"DPOC- Doen\u00e7a Pulmonar Obstrutiva Cr\u00f4nica - Blog de Medcof: conte\u00fados, editais, revalida e mais!\",\"isPartOf\":{\"@id\":\"https:\\\/\\\/www.grupomedcof.com.br\\\/blog\\\/#website\"},\"primaryImageOfPage\":{\"@id\":\"https:\\\/\\\/www.grupomedcof.com.br\\\/blog\\\/dpoc-doenca-pulmonar-obstrutiva-cronica\\\/#primaryimage\"},\"image\":{\"@id\":\"https:\\\/\\\/www.grupomedcof.com.br\\\/blog\\\/dpoc-doenca-pulmonar-obstrutiva-cronica\\\/#primaryimage\"},\"thumbnailUrl\":\"https:\\\/\\\/www.grupomedcof.com.br\\\/blog\\\/wp-content\\\/uploads\\\/2022\\\/05\\\/Design-sem-nome-3-1.png\",\"datePublished\":\"2022-06-01T15:00:30+00:00\",\"description\":\"A doen\u00e7a pulmonar obstrutiva cr\u00f4nica - DPOC - \u00e9 caracterizada pela limita\u00e7\u00e3o cr\u00f4nica do fluxo a\u00e9reo n\u00e3o poss\u00edvel de ser revertida.\",\"breadcrumb\":{\"@id\":\"https:\\\/\\\/www.grupomedcof.com.br\\\/blog\\\/dpoc-doenca-pulmonar-obstrutiva-cronica\\\/#breadcrumb\"},\"inLanguage\":\"pt-BR\",\"potentialAction\":[{\"@type\":\"ReadAction\",\"target\":[\"https:\\\/\\\/www.grupomedcof.com.br\\\/blog\\\/dpoc-doenca-pulmonar-obstrutiva-cronica\\\/\"]}]},{\"@type\":\"ImageObject\",\"inLanguage\":\"pt-BR\",\"@id\":\"https:\\\/\\\/www.grupomedcof.com.br\\\/blog\\\/dpoc-doenca-pulmonar-obstrutiva-cronica\\\/#primaryimage\",\"url\":\"https:\\\/\\\/www.grupomedcof.com.br\\\/blog\\\/wp-content\\\/uploads\\\/2022\\\/05\\\/Design-sem-nome-3-1.png\",\"contentUrl\":\"https:\\\/\\\/www.grupomedcof.com.br\\\/blog\\\/wp-content\\\/uploads\\\/2022\\\/05\\\/Design-sem-nome-3-1.png\",\"width\":2240,\"height\":1260,\"caption\":\"dpoc\"},{\"@type\":\"BreadcrumbList\",\"@id\":\"https:\\\/\\\/www.grupomedcof.com.br\\\/blog\\\/dpoc-doenca-pulmonar-obstrutiva-cronica\\\/#breadcrumb\",\"itemListElement\":[{\"@type\":\"ListItem\",\"position\":1,\"name\":\"In\u00edcio\",\"item\":\"https:\\\/\\\/www.grupomedcof.com.br\\\/blog\\\/\"},{\"@type\":\"ListItem\",\"position\":2,\"name\":\"DPOC- Doen\u00e7a Pulmonar Obstrutiva Cr\u00f4nica\"}]},{\"@type\":\"WebSite\",\"@id\":\"https:\\\/\\\/www.grupomedcof.com.br\\\/blog\\\/#website\",\"url\":\"https:\\\/\\\/www.grupomedcof.com.br\\\/blog\\\/\",\"name\":\"Blog de Medcof: conte\u00fados, editais, revalida e mais!\",\"description\":\"Acesso o blog de MedCof! Seu portal de conte\u00fados sobre resid\u00eancia m\u00e9dica, an\u00e1lise e editais e muito mais. Clique e confira!\",\"publisher\":{\"@id\":\"https:\\\/\\\/www.grupomedcof.com.br\\\/blog\\\/#organization\"},\"alternateName\":\"Blog de Medcof: conte\u00fados, editais, revalida e mais!\",\"potentialAction\":[{\"@type\":\"SearchAction\",\"target\":{\"@type\":\"EntryPoint\",\"urlTemplate\":\"https:\\\/\\\/www.grupomedcof.com.br\\\/blog\\\/?s={search_term_string}\"},\"query-input\":{\"@type\":\"PropertyValueSpecification\",\"valueRequired\":true,\"valueName\":\"search_term_string\"}}],\"inLanguage\":\"pt-BR\"},{\"@type\":\"Organization\",\"@id\":\"https:\\\/\\\/www.grupomedcof.com.br\\\/blog\\\/#organization\",\"name\":\"Grupo MedCof\",\"url\":\"https:\\\/\\\/www.grupomedcof.com.br\\\/blog\\\/\",\"logo\":{\"@type\":\"ImageObject\",\"inLanguage\":\"pt-BR\",\"@id\":\"https:\\\/\\\/www.grupomedcof.com.br\\\/blog\\\/#\\\/schema\\\/logo\\\/image\\\/\",\"url\":\"https:\\\/\\\/www.grupomedcof.com.br\\\/blog\\\/wp-content\\\/uploads\\\/2022\\\/01\\\/logo-medcof.png\",\"contentUrl\":\"https:\\\/\\\/www.grupomedcof.com.br\\\/blog\\\/wp-content\\\/uploads\\\/2022\\\/01\\\/logo-medcof.png\",\"width\":768,\"height\":269,\"caption\":\"Grupo MedCof\"},\"image\":{\"@id\":\"https:\\\/\\\/www.grupomedcof.com.br\\\/blog\\\/#\\\/schema\\\/logo\\\/image\\\/\"},\"sameAs\":[\"https:\\\/\\\/www.facebook.com\\\/MedCofQbank\\\/\",\"https:\\\/\\\/www.instagram.com\\\/grupomedcof\\\/\",\"https:\\\/\\\/br.linkedin.com\\\/company\\\/medcof\",\"https:\\\/\\\/www.youtube.com\\\/channel\\\/UCdHMuOHKICxcHwecxN8P-AA\"]},{\"@type\":\"Person\",\"@id\":\"https:\\\/\\\/www.grupomedcof.com.br\\\/blog\\\/#\\\/schema\\\/person\\\/7a655db4c3da9796e0166bf55a9ea53a\",\"name\":\"Patr\u00edcia Oliveira\",\"image\":{\"@type\":\"ImageObject\",\"inLanguage\":\"pt-BR\",\"@id\":\"https:\\\/\\\/www.grupomedcof.com.br\\\/blog\\\/wp-content\\\/uploads\\\/2022\\\/03\\\/furacao-96x96.png19e0d43e5696aaa42a3bb896953b331f\",\"url\":\"https:\\\/\\\/www.grupomedcof.com.br\\\/blog\\\/wp-content\\\/uploads\\\/2022\\\/03\\\/furacao-96x96.png\",\"contentUrl\":\"https:\\\/\\\/www.grupomedcof.com.br\\\/blog\\\/wp-content\\\/uploads\\\/2022\\\/03\\\/furacao-96x96.png\",\"caption\":\"Patr\u00edcia Oliveira\"},\"sameAs\":[\"https:\\\/\\\/www.grupomedcof.com.br\\\/\"],\"url\":\"https:\\\/\\\/www.grupomedcof.com.br\\\/blog\\\/author\\\/patricia\\\/\"}]}<\/script>\n<!-- \/ Yoast SEO Premium plugin. -->","yoast_head_json":{"title":"DPOC- Doen\u00e7a Pulmonar Obstrutiva Cr\u00f4nica - Blog de Medcof: conte\u00fados, editais, revalida e mais!","description":"A doen\u00e7a pulmonar obstrutiva cr\u00f4nica - DPOC - \u00e9 caracterizada pela limita\u00e7\u00e3o cr\u00f4nica do fluxo a\u00e9reo n\u00e3o poss\u00edvel de ser revertida.","robots":{"index":"index","follow":"follow","max-snippet":"max-snippet:-1","max-image-preview":"max-image-preview:large","max-video-preview":"max-video-preview:-1"},"canonical":"https:\/\/www.grupomedcof.com.br\/blog\/dpoc-doenca-pulmonar-obstrutiva-cronica\/","og_locale":"pt_BR","og_type":"article","og_title":"DPOC- Doen\u00e7a Pulmonar Obstrutiva Cr\u00f4nica","og_description":"A doen\u00e7a pulmonar obstrutiva cr\u00f4nica - DPOC - \u00e9 caracterizada pela limita\u00e7\u00e3o cr\u00f4nica do fluxo a\u00e9reo n\u00e3o poss\u00edvel de ser revertida.","og_url":"https:\/\/www.grupomedcof.com.br\/blog\/dpoc-doenca-pulmonar-obstrutiva-cronica\/","og_site_name":"Blog de Medcof: conte\u00fados, editais, revalida e mais!","article_publisher":"https:\/\/www.facebook.com\/MedCofQbank\/","article_published_time":"2022-06-01T15:00:30+00:00","og_image":[{"width":2240,"height":1260,"url":"https:\/\/www.grupomedcof.com.br\/blog\/wp-content\/uploads\/2022\/05\/Design-sem-nome-3-1.png","type":"image\/png"}],"author":"Patr\u00edcia Oliveira","twitter_card":"summary_large_image","twitter_misc":{"Escrito por":"Patr\u00edcia Oliveira","Est. tempo de leitura":"5 minutos"},"schema":{"@context":"https:\/\/schema.org","@graph":[{"@type":"Article","@id":"https:\/\/www.grupomedcof.com.br\/blog\/dpoc-doenca-pulmonar-obstrutiva-cronica\/#article","isPartOf":{"@id":"https:\/\/www.grupomedcof.com.br\/blog\/dpoc-doenca-pulmonar-obstrutiva-cronica\/"},"author":{"name":"Patr\u00edcia Oliveira","@id":"https:\/\/www.grupomedcof.com.br\/blog\/#\/schema\/person\/7a655db4c3da9796e0166bf55a9ea53a"},"headline":"DPOC- Doen\u00e7a Pulmonar Obstrutiva Cr\u00f4nica","datePublished":"2022-06-01T15:00:30+00:00","mainEntityOfPage":{"@id":"https:\/\/www.grupomedcof.com.br\/blog\/dpoc-doenca-pulmonar-obstrutiva-cronica\/"},"wordCount":1061,"commentCount":1,"publisher":{"@id":"https:\/\/www.grupomedcof.com.br\/blog\/#organization"},"image":{"@id":"https:\/\/www.grupomedcof.com.br\/blog\/dpoc-doenca-pulmonar-obstrutiva-cronica\/#primaryimage"},"thumbnailUrl":"https:\/\/www.grupomedcof.com.br\/blog\/wp-content\/uploads\/2022\/05\/Design-sem-nome-3-1.png","keywords":["DPOC"],"articleSection":["Doen\u00e7as cardiopulmonares"],"inLanguage":"pt-BR"},{"@type":"WebPage","@id":"https:\/\/www.grupomedcof.com.br\/blog\/dpoc-doenca-pulmonar-obstrutiva-cronica\/","url":"https:\/\/www.grupomedcof.com.br\/blog\/dpoc-doenca-pulmonar-obstrutiva-cronica\/","name":"DPOC- Doen\u00e7a Pulmonar Obstrutiva Cr\u00f4nica - Blog de Medcof: conte\u00fados, editais, revalida e mais!","isPartOf":{"@id":"https:\/\/www.grupomedcof.com.br\/blog\/#website"},"primaryImageOfPage":{"@id":"https:\/\/www.grupomedcof.com.br\/blog\/dpoc-doenca-pulmonar-obstrutiva-cronica\/#primaryimage"},"image":{"@id":"https:\/\/www.grupomedcof.com.br\/blog\/dpoc-doenca-pulmonar-obstrutiva-cronica\/#primaryimage"},"thumbnailUrl":"https:\/\/www.grupomedcof.com.br\/blog\/wp-content\/uploads\/2022\/05\/Design-sem-nome-3-1.png","datePublished":"2022-06-01T15:00:30+00:00","description":"A doen\u00e7a pulmonar obstrutiva cr\u00f4nica - DPOC - \u00e9 caracterizada pela limita\u00e7\u00e3o cr\u00f4nica do fluxo a\u00e9reo n\u00e3o poss\u00edvel de ser revertida.","breadcrumb":{"@id":"https:\/\/www.grupomedcof.com.br\/blog\/dpoc-doenca-pulmonar-obstrutiva-cronica\/#breadcrumb"},"inLanguage":"pt-BR","potentialAction":[{"@type":"ReadAction","target":["https:\/\/www.grupomedcof.com.br\/blog\/dpoc-doenca-pulmonar-obstrutiva-cronica\/"]}]},{"@type":"ImageObject","inLanguage":"pt-BR","@id":"https:\/\/www.grupomedcof.com.br\/blog\/dpoc-doenca-pulmonar-obstrutiva-cronica\/#primaryimage","url":"https:\/\/www.grupomedcof.com.br\/blog\/wp-content\/uploads\/2022\/05\/Design-sem-nome-3-1.png","contentUrl":"https:\/\/www.grupomedcof.com.br\/blog\/wp-content\/uploads\/2022\/05\/Design-sem-nome-3-1.png","width":2240,"height":1260,"caption":"dpoc"},{"@type":"BreadcrumbList","@id":"https:\/\/www.grupomedcof.com.br\/blog\/dpoc-doenca-pulmonar-obstrutiva-cronica\/#breadcrumb","itemListElement":[{"@type":"ListItem","position":1,"name":"In\u00edcio","item":"https:\/\/www.grupomedcof.com.br\/blog\/"},{"@type":"ListItem","position":2,"name":"DPOC- Doen\u00e7a Pulmonar Obstrutiva Cr\u00f4nica"}]},{"@type":"WebSite","@id":"https:\/\/www.grupomedcof.com.br\/blog\/#website","url":"https:\/\/www.grupomedcof.com.br\/blog\/","name":"Blog de Medcof: conte\u00fados, editais, revalida e mais!","description":"Acesso o blog de MedCof! Seu portal de conte\u00fados sobre resid\u00eancia m\u00e9dica, an\u00e1lise e editais e muito mais. Clique e confira!","publisher":{"@id":"https:\/\/www.grupomedcof.com.br\/blog\/#organization"},"alternateName":"Blog de Medcof: conte\u00fados, editais, revalida e mais!","potentialAction":[{"@type":"SearchAction","target":{"@type":"EntryPoint","urlTemplate":"https:\/\/www.grupomedcof.com.br\/blog\/?s={search_term_string}"},"query-input":{"@type":"PropertyValueSpecification","valueRequired":true,"valueName":"search_term_string"}}],"inLanguage":"pt-BR"},{"@type":"Organization","@id":"https:\/\/www.grupomedcof.com.br\/blog\/#organization","name":"Grupo MedCof","url":"https:\/\/www.grupomedcof.com.br\/blog\/","logo":{"@type":"ImageObject","inLanguage":"pt-BR","@id":"https:\/\/www.grupomedcof.com.br\/blog\/#\/schema\/logo\/image\/","url":"https:\/\/www.grupomedcof.com.br\/blog\/wp-content\/uploads\/2022\/01\/logo-medcof.png","contentUrl":"https:\/\/www.grupomedcof.com.br\/blog\/wp-content\/uploads\/2022\/01\/logo-medcof.png","width":768,"height":269,"caption":"Grupo MedCof"},"image":{"@id":"https:\/\/www.grupomedcof.com.br\/blog\/#\/schema\/logo\/image\/"},"sameAs":["https:\/\/www.facebook.com\/MedCofQbank\/","https:\/\/www.instagram.com\/grupomedcof\/","https:\/\/br.linkedin.com\/company\/medcof","https:\/\/www.youtube.com\/channel\/UCdHMuOHKICxcHwecxN8P-AA"]},{"@type":"Person","@id":"https:\/\/www.grupomedcof.com.br\/blog\/#\/schema\/person\/7a655db4c3da9796e0166bf55a9ea53a","name":"Patr\u00edcia Oliveira","image":{"@type":"ImageObject","inLanguage":"pt-BR","@id":"https:\/\/www.grupomedcof.com.br\/blog\/wp-content\/uploads\/2022\/03\/furacao-96x96.png19e0d43e5696aaa42a3bb896953b331f","url":"https:\/\/www.grupomedcof.com.br\/blog\/wp-content\/uploads\/2022\/03\/furacao-96x96.png","contentUrl":"https:\/\/www.grupomedcof.com.br\/blog\/wp-content\/uploads\/2022\/03\/furacao-96x96.png","caption":"Patr\u00edcia Oliveira"},"sameAs":["https:\/\/www.grupomedcof.com.br\/"],"url":"https:\/\/www.grupomedcof.com.br\/blog\/author\/patricia\/"}]}},"authors":[{"term_id":3612,"user_id":2,"is_guest":0,"slug":"patricia","display_name":"Patr\u00edcia Oliveira","avatar_url":"https:\/\/www.grupomedcof.com.br\/blog\/wp-content\/uploads\/2022\/03\/furacao-96x96.png","0":null,"1":"","2":"","3":"","4":"","5":"","6":"","7":"","8":""}],"_links":{"self":[{"href":"https:\/\/www.grupomedcof.com.br\/blog\/wp-json\/wp\/v2\/posts\/1093","targetHints":{"allow":["GET"]}}],"collection":[{"href":"https:\/\/www.grupomedcof.com.br\/blog\/wp-json\/wp\/v2\/posts"}],"about":[{"href":"https:\/\/www.grupomedcof.com.br\/blog\/wp-json\/wp\/v2\/types\/post"}],"author":[{"embeddable":true,"href":"https:\/\/www.grupomedcof.com.br\/blog\/wp-json\/wp\/v2\/users\/2"}],"replies":[{"embeddable":true,"href":"https:\/\/www.grupomedcof.com.br\/blog\/wp-json\/wp\/v2\/comments?post=1093"}],"version-history":[{"count":0,"href":"https:\/\/www.grupomedcof.com.br\/blog\/wp-json\/wp\/v2\/posts\/1093\/revisions"}],"wp:featuredmedia":[{"embeddable":true,"href":"https:\/\/www.grupomedcof.com.br\/blog\/wp-json\/wp\/v2\/media\/1095"}],"wp:attachment":[{"href":"https:\/\/www.grupomedcof.com.br\/blog\/wp-json\/wp\/v2\/media?parent=1093"}],"wp:term":[{"taxonomy":"category","embeddable":true,"href":"https:\/\/www.grupomedcof.com.br\/blog\/wp-json\/wp\/v2\/categories?post=1093"},{"taxonomy":"post_tag","embeddable":true,"href":"https:\/\/www.grupomedcof.com.br\/blog\/wp-json\/wp\/v2\/tags?post=1093"},{"taxonomy":"author","embeddable":true,"href":"https:\/\/www.grupomedcof.com.br\/blog\/wp-json\/wp\/v2\/ppma_author?post=1093"}],"curies":[{"name":"wp","href":"https:\/\/api.w.org\/{rel}","templated":true}]}}