{"id":1116,"date":"2025-06-20T07:30:46","date_gmt":"2025-06-20T10:30:46","guid":{"rendered":"https:\/\/www.grupomedcof.com.br\/blog\/?p=1116"},"modified":"2025-06-20T07:30:48","modified_gmt":"2025-06-20T10:30:48","slug":"doenca-falciforme","status":"publish","type":"post","link":"https:\/\/www.grupomedcof.com.br\/blog\/doenca-falciforme\/","title":{"rendered":"Dia Mundial de Conscientiza\u00e7\u00e3o a Doen\u00e7a Falciforme"},"content":{"rendered":"<div id=\"ez-toc-container\" class=\"ez-toc-v2_0_74 counter-hierarchy ez-toc-counter ez-toc-transparent ez-toc-container-direction\">\n<div class=\"ez-toc-title-container\">\n<p class=\"ez-toc-title\" style=\"cursor:inherit\">Sum\u00e1rio<\/p>\n<span class=\"ez-toc-title-toggle\"><a href=\"#\" class=\"ez-toc-pull-right ez-toc-btn ez-toc-btn-xs ez-toc-btn-default ez-toc-toggle\" aria-label=\"Alternar tabela de conte\u00fado\"><span class=\"ez-toc-js-icon-con\"><span class=\"\"><span class=\"eztoc-hide\" style=\"display:none;\">Toggle<\/span><span class=\"ez-toc-icon-toggle-span\"><svg style=\"fill: #999;color:#999\" xmlns=\"http:\/\/www.w3.org\/2000\/svg\" class=\"list-377408\" width=\"20px\" height=\"20px\" viewBox=\"0 0 24 24\" fill=\"none\"><path d=\"M6 6H4v2h2V6zm14 0H8v2h12V6zM4 11h2v2H4v-2zm16 0H8v2h12v-2zM4 16h2v2H4v-2zm16 0H8v2h12v-2z\" fill=\"currentColor\"><\/path><\/svg><svg style=\"fill: #999;color:#999\" class=\"arrow-unsorted-368013\" xmlns=\"http:\/\/www.w3.org\/2000\/svg\" width=\"10px\" height=\"10px\" viewBox=\"0 0 24 24\" version=\"1.2\" baseProfile=\"tiny\"><path d=\"M18.2 9.3l-6.2-6.3-6.2 6.3c-.2.2-.3.4-.3.7s.1.5.3.7c.2.2.4.3.7.3h11c.3 0 .5-.1.7-.3.2-.2.3-.5.3-.7s-.1-.5-.3-.7zM5.8 14.7l6.2 6.3 6.2-6.3c.2-.2.3-.5.3-.7s-.1-.5-.3-.7c-.2-.2-.4-.3-.7-.3h-11c-.3 0-.5.1-.7.3-.2.2-.3.5-.3.7s.1.5.3.7z\"\/><\/svg><\/span><\/span><\/span><\/a><\/span><\/div>\n<nav><ul class='ez-toc-list ez-toc-list-level-1 ' ><li class='ez-toc-page-1 ez-toc-heading-level-2'><a class=\"ez-toc-link ez-toc-heading-1\" href=\"https:\/\/www.grupomedcof.com.br\/blog\/doenca-falciforme\/#O_que_e_a_Doenca_Falciforme\" >O que \u00e9 a Doen\u00e7a Falciforme?<\/a><\/li><li class='ez-toc-page-1 ez-toc-heading-level-2'><a class=\"ez-toc-link ez-toc-heading-2\" href=\"https:\/\/www.grupomedcof.com.br\/blog\/doenca-falciforme\/#Como_esta_o_Brasil_nos_numeros_de_casos\" >Como est\u00e1 o Brasil nos n\u00fameros de casos?\u00a0<\/a><\/li><li class='ez-toc-page-1 ez-toc-heading-level-2'><a class=\"ez-toc-link ez-toc-heading-3\" href=\"https:\/\/www.grupomedcof.com.br\/blog\/doenca-falciforme\/#Qual_a_Fisiopatologia_das_Manifestacoes_Clinicas\" >Qual a Fisiopatologia das Manifesta\u00e7\u00f5es Cl\u00ednicas?\u00a0<\/a><\/li><li class='ez-toc-page-1 ez-toc-heading-level-2'><a class=\"ez-toc-link ez-toc-heading-4\" href=\"https:\/\/www.grupomedcof.com.br\/blog\/doenca-falciforme\/#Quais_sao_as_Estrategias_de_Tratamento\" >Quais s\u00e3o as\u00a0 Estrat\u00e9gias de Tratamento?<\/a><\/li><li class='ez-toc-page-1 ez-toc-heading-level-2'><a class=\"ez-toc-link ez-toc-heading-5\" href=\"https:\/\/www.grupomedcof.com.br\/blog\/doenca-falciforme\/#A_Importancia_da_Atencao_Integral\" >A Import\u00e2ncia da Aten\u00e7\u00e3o Integral<\/a><\/li><li class='ez-toc-page-1 ez-toc-heading-level-2'><a class=\"ez-toc-link ez-toc-heading-6\" href=\"https:\/\/www.grupomedcof.com.br\/blog\/doenca-falciforme\/#Seja_um_MedCofer\" >Seja um MedCofer!<\/a><\/li><\/ul><\/nav><\/div>\n<div class=\"wp-block-image\">\n<figure class=\"aligncenter\"><img loading=\"lazy\" decoding=\"async\" width=\"1024\" height=\"576\" src=\"https:\/\/www.grupomedcof.com.br\/blog\/wp-content\/uploads\/2022\/06\/19-de-junho-1-1-1024x576.png\" alt=\"doen\u00e7a falciforme\" class=\"wp-image-1120\" srcset=\"https:\/\/www.grupomedcof.com.br\/blog\/wp-content\/uploads\/2022\/06\/19-de-junho-1-1-1024x576.png 1024w, https:\/\/www.grupomedcof.com.br\/blog\/wp-content\/uploads\/2022\/06\/19-de-junho-1-1-300x169.png 300w, https:\/\/www.grupomedcof.com.br\/blog\/wp-content\/uploads\/2022\/06\/19-de-junho-1-1-768x432.png 768w, https:\/\/www.grupomedcof.com.br\/blog\/wp-content\/uploads\/2022\/06\/19-de-junho-1-1-1536x864.png 1536w, https:\/\/www.grupomedcof.com.br\/blog\/wp-content\/uploads\/2022\/06\/19-de-junho-1-1-2048x1152.png 2048w\" sizes=\"auto, (max-width: 1024px) 100vw, 1024px\" \/><\/figure>\n<\/div>\n\n\n<p>No dia 19 de junho, celebramos o <strong>Dia Mundial de Conscientiza\u00e7\u00e3o da Doen\u00e7a Falciforme.<\/strong><\/p>\n\n\n\n<h2 class=\"wp-block-heading\" id=\"h-o-que-e-a-doenca-falciforme\"><span class=\"ez-toc-section\" id=\"O_que_e_a_Doenca_Falciforme\"><\/span><strong>O que \u00e9 a Doen\u00e7a Falciforme?<\/strong><span class=\"ez-toc-section-end\"><\/span><\/h2>\n\n\n\n<p>A Doen\u00e7a Falciforme \u00e9 um grupo de <strong>dist\u00farbios sangu\u00edneos heredit\u00e1rios<\/strong> caracterizados pela <strong>presen\u00e7a de hemoglobina S (Hb S) anormal<\/strong>. Essa hemoglobina defeituosa faz com que os gl\u00f3bulos vermelhos, que normalmente s\u00e3o redondos e flex\u00edveis, se tornem <strong>r\u00edgidos e em forma de foice<\/strong> (ou &#8220;falcizados&#8221;) sob certas condi\u00e7\u00f5es, como baixos n\u00edveis de oxig\u00eanio. Essa mudan\u00e7a de forma \u00e9 a raiz dos problemas associados \u00e0 doen\u00e7a.<\/p>\n\n\n\n<h2 class=\"wp-block-heading\" id=\"h-como-esta-o-brasil-nos-numeros-de-casos\"><span class=\"ez-toc-section\" id=\"Como_esta_o_Brasil_nos_numeros_de_casos\"><\/span><strong>Como est\u00e1 o Brasil nos n\u00fameros de casos?\u00a0<\/strong><span class=\"ez-toc-section-end\"><\/span><\/h2>\n\n\n\n<p>O Brasil possui uma das <strong>maiores popula\u00e7\u00f5es com Doen\u00e7a Falciforme no mundo<\/strong>, reflexo de sua hist\u00f3ria e miscigena\u00e7\u00e3o. Segundo dados do Minist\u00e9rio da Sa\u00fade, a preval\u00eancia estimada do gene S na popula\u00e7\u00e3o geral brasileira \u00e9 de aproximadamente <strong>4%<\/strong> (variando entre 2% e 8%). Entre afrodescendentes, essa taxa \u00e9 ainda maior, atingindo de <strong>6% a 10%.<\/strong><\/p>\n\n\n\n<p>A distribui\u00e7\u00e3o do gene S n\u00e3o \u00e9 uniforme no pa\u00eds, sendo <strong>mais prevalente nas regi\u00f5es<\/strong> <strong>Norte e Nordeste <\/strong>(6% a 10%) e menor nas regi\u00f5es Sul e Sudeste (2% a 3%).<br>Estima-se o nascimento de cerca de 3.500 novos casos de Anemia Falciforme (Hb SS) por ano no Brasil, com um total estimado de 25.000 a 30.000 casos vivendo com a doen\u00e7a. Esses n\u00fameros refor\u00e7am a <strong>import\u00e2ncia da DF como um problema de Sa\u00fade P\u00fablica.<\/strong><\/p>\n\n\n\n<ul class=\"wp-block-list\">\n<li><em><strong>Anemia:<\/strong><\/em> o ba\u00e7o, \u00f3rg\u00e3o respons\u00e1vel por reciclar as hem\u00e1cias, logo detecta as vers\u00f5es falcizadas e as destr\u00f3i, reduzindo o n\u00famero de hem\u00e1cias circulantes no sangue e podendo deixar a pessoa descorada.<\/li>\n\n\n\n<li><strong><em>Icter\u00edcia:<\/em><\/strong> a pele da pessoa fica amarelada. Isso acontece pois, quando as hem\u00e1cias s\u00e3o destru\u00eddas pelo ba\u00e7o, a degrada\u00e7\u00e3o do grupo heme leva \u00e0 libera\u00e7\u00e3o de bilirrubina em excesso, de forma que sua metaboliza\u00e7\u00e3o e excre\u00e7\u00e3o s\u00e3o insuficientes e ela se acumula na pele, deixando-a amarelada.<\/li>\n\n\n\n<li><strong><em>Crises de Dor:<\/em><\/strong> como as hem\u00e1cias alteradas n\u00e3o navegam t\u00e3o bem pelo sangue, certos tecidos podem receber menos oxig\u00eanio, o que dificulta que eles produzam energia. Isso danifica as c\u00e9lulas locais e gera dor intensa, muitas vezes na forma de crises desencadeadas por algum fator estressor (como frio extremo, desidrata\u00e7\u00e3o ou uma infec\u00e7\u00e3o). Uma manifesta\u00e7\u00e3o frequente \u00e9 a chamada s\u00edndrome tor\u00e1cica aguda, uma intensa dor no peito causada pela obstru\u00e7\u00e3o de vasos sangu\u00edneos dos pulm\u00f5es.<\/li>\n\n\n\n<li><strong><em>Crise do Sequestro Espl\u00eanico:<\/em> <\/strong>o termo \u201cespl\u00eanico\u201d diz respeito ao ba\u00e7o, \u00f3rg\u00e3o j\u00e1 mencionado. Em pacientes falciformes, o ba\u00e7o fica sobrecarregado ao tentar reciclar as hem\u00e1cias alteradas, gerando aumento progressivo do seu tamanho e reten\u00e7\u00e3o do sangue em seu interior. \u00c9 como se literalmente o ba\u00e7o estivesse \u201csequestrando\u201d o sangue. Com isso, menos sangue circula pelo corpo, e a pessoa pode entrar em choque (situa\u00e7\u00e3o muito grave e potencialmente fatal em que n\u00e3o h\u00e1 sangue suficiente chegando aos tecidos).<\/li>\n\n\n\n<li><em><strong>Insufici\u00eancia Renal:<\/strong><\/em> as hem\u00e1cias alteradas n\u00e3o conseguem passar por vasos sangu\u00edneos mais finos, e muitas vezes os obstruem. Isso pode ocorrer nos rins, prejudicando a sua fun\u00e7\u00e3o de filtrar o sangue. Se o paciente n\u00e3o receber tratamento adequado, seus rins podem deixar de funcionar com o passar do tempo, levando \u00e0 necessidade de realizar sess\u00f5es de hemodi\u00e1lise.<\/li>\n<\/ul>\n\n\n\n<h2 class=\"wp-block-heading\" id=\"h-qual-a-fisiopatologia-das-manifestacoes-clinicas\"><span class=\"ez-toc-section\" id=\"Qual_a_Fisiopatologia_das_Manifestacoes_Clinicas\"><\/span><strong>Qual a Fisiopatologia das Manifesta\u00e7\u00f5es Cl\u00ednicas?\u00a0<\/strong><span class=\"ez-toc-section-end\"><\/span><\/h2>\n\n\n\n<p>Podemos caracterizar a DF como uma <strong>doen\u00e7a inflamat\u00f3ria cr\u00f4nica permeada de epis\u00f3dios agudos clinicamente control\u00e1veis<\/strong>. A forma e rigidez dos gl\u00f3bulos vermelhos falcizados <strong>dificultam sua passagem pelos pequenos vasos sangu\u00edneos<\/strong>, levando a <strong>obstru\u00e7\u00f5es, isquemia e danos aos tecidos e \u00f3rg\u00e3os<\/strong>. Essa oclus\u00e3o vascular \u00e9 a base da &#8220;<strong>crise vaso-oclusiva&#8221;,<\/strong> a manifesta\u00e7\u00e3o mais caracter\u00edstica e dolorosa da doen\u00e7a.<\/p>\n\n\n\n<figure class=\"wp-block-image\"><img decoding=\"async\" src=\"https:\/\/lh7-rt.googleusercontent.com\/docsz\/AD_4nXfsvxNJ7ptwFgWHFIVaVg4BIE063KBSXFAiqxjUYSm3L25znU-oMq9SCy-zOKkdRjMCVTwDCJfPfluAtKAPh-BUecD6CJIAlGqhHzAgL-blK0CTfSiAqTvToYxWsN-uVGvuv1eZrA?key=sbLI0IDrraohJWtzKDkf_g\" alt=\"\"\/><figcaption class=\"wp-element-caption\">Ilustra\u00e7\u00e3o da obstru\u00e7\u00e3o de vasos devido ao formato falciforme do gl\u00f3bulo vermelho. Fonte: <a href=\"https:\/\/www.msdmanuals.com\/pt\/casa\/dist%C3%BArbios-do-sangue\/anemia\/anemia-falciforme\">https:\/\/www.msdmanuals.com\/pt\/casa\/dist%C3%BArbios-do-sangue\/anemia\/anemia-falciforme<\/a>\u00a0<\/figcaption><\/figure>\n\n\n\n<p>Outras complica\u00e7\u00f5es graves e frequentes incluem a <strong>S\u00edndrome Tor\u00e1cica Aguda (STA),<\/strong> que \u00e9 uma das principais <strong>causas de \u00f3bito em adolescentes e adultos jovens,<\/strong> e o <strong>Acidente Vascular Cerebral (AVC).<\/strong> O sequestro espl\u00eanico, especialmente em crian\u00e7as pequenas, tamb\u00e9m \u00e9 uma emerg\u00eancia que pode ser fatal se n\u00e3o reconhecida e tratada prontamente. Essas complica\u00e7\u00f5es destacam a <strong>complexidade da doen\u00e7a e a necessidade de vigil\u00e2ncia constante.<\/strong><\/p>\n\n\n\n<h2 class=\"wp-block-heading\" id=\"h-quais-sao-as-estrategias-de-tratamento\"><span class=\"ez-toc-section\" id=\"Quais_sao_as_Estrategias_de_Tratamento\"><\/span><strong>Quais s\u00e3o as\u00a0 Estrat\u00e9gias de Tratamento?<\/strong><span class=\"ez-toc-section-end\"><\/span><\/h2>\n\n\n\n<p>A hist\u00f3ria do manejo da Doen\u00e7a Falciforme no Brasil tem evolu\u00eddo significativamente, impulsionada por reivindica\u00e7\u00f5es sociais e pol\u00edticas p\u00fablicas. Um marco fundamental foi a inclus\u00e3o da <strong>triagem para hemoglobinopatias no Programa Nacional de Triagem Neonatal<\/strong> (PNTN) em 2001, por meio da Portaria n\u00ba 822\/01.<\/p>\n\n\n\n<p>Em 2001, mediante a Portaria no 822\/01 do Minist\u00e9rio da Sa\u00fade, foi criado o <strong>Programa Nacional de Triagem Neonatal (PNTN)<\/strong>, incluindo a triagem para as hemoglobinopatias.<\/p>\n\n\n\n<p>O diagn\u00f3stico precoce atrav\u00e9s do teste do pezinho e a pronta institui\u00e7\u00e3o de medidas profil\u00e1ticas, como <strong>vacina\u00e7\u00e3o e uso de penicilina profil\u00e1tica<\/strong>, foram essenciais para reduzir a mortalidade infantil nos primeiros anos de vida. A <strong>educa\u00e7\u00e3o de pais<\/strong> e cuidadores para reconhecer sinais precoces de complica\u00e7\u00f5es, como o sequestro espl\u00eanico, tamb\u00e9m desempenha um papel vital.<\/p>\n\n\n\n<p>O tratamento da DF \u00e9 <strong>multidisciplinar<\/strong> e focado na <strong>preven\u00e7\u00e3o de complica\u00e7\u00f5es<\/strong> e no <strong>manejo das crises agudas.<\/strong> A introdu\u00e7\u00e3o da <strong>hidroxiureia<\/strong> representou um grande avan\u00e7o, impactando positivamente a qualidade de vida dos pacientes ao reduzir a frequ\u00eancia de crises vaso-oclusivas, hospitaliza\u00e7\u00f5es e epis\u00f3dios de STA e, possivelmente, eventos neurol\u00f3gicos.<\/p>\n\n\n\n<p>As <strong>transfus\u00f5es de hem\u00e1cias<\/strong> s\u00e3o um recurso terap\u00eautico crucial, especialmente para prevenir ou tratar complica\u00e7\u00f5es graves como o AVC. Estudos como o <strong>STOP I<\/strong> (1998) demonstraram a efic\u00e1cia da transfus\u00e3o regular na redu\u00e7\u00e3o do risco de primeiro AVC em crian\u00e7as de alto risco, e o <strong>STOP II<\/strong> (2005) refor\u00e7ou a necessidade de manter o regime transfusional indefinidamente neste grupo.<\/p>\n\n\n\n<ol class=\"wp-block-list\">\n<li>&#8220;O estudo STOP I (1998) possibilitou a <strong>identifica\u00e7\u00e3o de crian\u00e7as com maior chance de evento cerebral agudo <\/strong>e reduziu a ocorr\u00eancia de AVC de 10% ao ano para menos de 1% ao ano.&#8221;<\/li>\n\n\n\n<li>O estudo STOP II <strong>demonstrou que n\u00e3o \u00e9 seguro parar as transfus\u00f5es em crian\u00e7as com elevado risco para AVC,<\/strong> concluindo, portanto, que as transfus\u00f5es devem ser mantidas indefinidamente neste grupo de pacientes.&#8221;<\/li>\n<\/ol>\n\n\n\n<figure class=\"wp-block-image\"><img decoding=\"async\" src=\"https:\/\/lh7-rt.googleusercontent.com\/docsz\/AD_4nXeogbNZ4zSpn8OJSxMd0gkx5Msb4Ayy1t0SbgdVlKOg-97iewDvRENXKwpIaMLnALVtgy1t1VPfJb3H7zAyPsF3fbAxY7nC5I9jbR0IfGyfUpTD7nVtiBCw9Bot--afXyPnJZ-aNw?key=sbLI0IDrraohJWtzKDkf_g\" alt=\"\"\/><figcaption class=\"wp-element-caption\">Exemplo de transfus\u00e3o de hem\u00e1cia para tratamento da Doen\u00e7a Falciforme. Fonte: <a href=\"https:\/\/pin.it\/EepCF3eh1\">https:\/\/pin.it\/EepCF3eh1<\/a>\u00a0<\/figcaption><\/figure>\n\n\n\n<p>No entanto, a transfus\u00e3o cr\u00f4nica acarreta o <strong>risco de sobrecarga de ferro<\/strong>, uma complica\u00e7\u00e3o que pode levar a danos card\u00edacos e hep\u00e1ticos. A <strong>quela\u00e7\u00e3o de ferro<\/strong>, com o uso de medicamentos como o <strong>deferasirox<\/strong> (aprovado no Brasil em 2006), torna-se, portanto, uma parte integral do tratamento para pacientes em regime transfusional regular.<\/p>\n\n\n\n<p>Mais recentemente, o <strong>transplante alog\u00eanico de c\u00e9lulas-tronco<\/strong> <strong>perif\u00e9ricas<\/strong> emerge como a <strong>\u00fanica op\u00e7\u00e3o terap\u00eautica com potencial de cura<\/strong>, sendo mais indicado para pacientes com doen\u00e7a grave nos primeiros anos de vida e que possuem um doador compat\u00edvel.<\/p>\n\n\n\n<h2 class=\"wp-block-heading\" id=\"h-a-importancia-da-atencao-integral\"><span class=\"ez-toc-section\" id=\"A_Importancia_da_Atencao_Integral\"><\/span><strong>A Import\u00e2ncia da Aten\u00e7\u00e3o Integral<\/strong><span class=\"ez-toc-section-end\"><\/span><\/h2>\n\n\n\n<p>A Portaria n\u00ba 1.391, de 16 de agosto de 2005, instituiu no <strong>\u00e2mbito do SUS as diretrizes para a Pol\u00edtica Nacional de Aten\u00e7\u00e3o Integral \u00e0s Pessoas com Doen\u00e7a Falciforme<\/strong> e outras <strong>Hemoglobinopatias<\/strong>. Essa pol\u00edtica busca garantir acesso amplo e igualit\u00e1rio \u00e0 sa\u00fade, desde a triagem neonatal at\u00e9 a preven\u00e7\u00e3o e tratamento de complica\u00e7\u00f5es, atrav\u00e9s de centros de refer\u00eancia especializados capazes de oferecer atendimento global, multidisciplinar e multiprofissional.<\/p>\n\n\n\n<p>Garantir essa aten\u00e7\u00e3o integral \u00e9 fundamental para <strong>aumentar a sobrevida e melhorar a qualidade de vida das pessoas com Doen\u00e7a Falciforme no Brasil.<\/strong> Lembre que a conscientiza\u00e7\u00e3o, a educa\u00e7\u00e3o e o acesso a servi\u00e7os de sa\u00fade de qualidade s\u00e3o pilares essenciais na jornada de quem vive com essa condi\u00e7\u00e3o.<\/p>\n\n\n\n<h2 class=\"wp-block-heading\"><span class=\"ez-toc-section\" id=\"Seja_um_MedCofer\"><\/span><strong>Seja um MedCofer!<\/strong><span class=\"ez-toc-section-end\"><\/span><\/h2>\n\n\n\n<p>Quer alcan\u00e7ar a aprova\u00e7\u00e3o nas provas de resid\u00eancia m\u00e9dica? Ent\u00e3o seja um&nbsp;<a href=\"https:\/\/www.grupomedcof.com.br\/home\/\" target=\"_blank\" rel=\"noreferrer noopener\"><strong>MedCofer<\/strong><\/a>! Aqui te ajudaremos na busca da aprova\u00e7\u00e3o com conte\u00fados de qualidade e uma metodologia que j\u00e1 aprovou mais de 10 mil residentes no pa\u00eds! Por fim, acesse o nosso<a href=\"https:\/\/www.youtube.com\/@GrupoMedcof\/featured\">&nbsp;<strong>canal do youtube&nbsp;<\/strong><\/a>para ver o nosso material.<\/p>\n\n\n\n<figure class=\"wp-block-embed is-type-video is-provider-youtube wp-block-embed-youtube wp-embed-aspect-16-9 wp-has-aspect-ratio\"><div class=\"wp-block-embed__wrapper\">\n<div class=\"youtube-embed\" data-video_id=\"9x1v1O024YQ\"><iframe loading=\"lazy\" title=\"Entendendo a Anemia Falciforme. Com Dra. J\u00falia Sion\" width=\"696\" height=\"392\" src=\"https:\/\/www.youtube.com\/embed\/9x1v1O024YQ?start=1&#038;feature=oembed\" frameborder=\"0\" allow=\"accelerometer; autoplay; clipboard-write; encrypted-media; gyroscope; picture-in-picture; web-share\" referrerpolicy=\"strict-origin-when-cross-origin\" allowfullscreen><\/iframe><\/div>\n<\/div><\/figure>\n","protected":false},"excerpt":{"rendered":"<p>No dia 19 de junho, celebramos o Dia Mundial de Conscientiza\u00e7\u00e3o da Doen\u00e7a Falciforme. Conhe\u00e7a mais sobre essa doen\u00e7a e seus sintomas!<\/p>\n","protected":false},"author":2,"featured_media":1120,"comment_status":"open","ping_status":"open","sticky":false,"template":"","format":"standard","meta":{"footnotes":""},"categories":[84],"tags":[85],"ppma_author":[3612],"class_list":{"0":"post-1116","1":"post","2":"type-post","3":"status-publish","4":"format-standard","5":"has-post-thumbnail","7":"category-doencas-sanguineas","8":"tag-doenca-falciforme"},"yoast_head":"<!-- This site is optimized with the Yoast SEO Premium plugin v24.3 (Yoast SEO v27.4) - https:\/\/yoast.com\/product\/yoast-seo-premium-wordpress\/ -->\n<title>Dia Mundial de Conscientiza\u00e7\u00e3o a Doen\u00e7a Falciforme - Blog de Medcof: conte\u00fados, editais, revalida e mais!<\/title>\n<meta name=\"description\" content=\"No dia 19 de junho, celebramos o Dia Mundial de Conscientiza\u00e7\u00e3o da Doen\u00e7a Falciforme. Conhe\u00e7a mais sobre essa doen\u00e7a e seus sintomas!\" \/>\n<meta name=\"robots\" content=\"index, follow, max-snippet:-1, max-image-preview:large, max-video-preview:-1\" \/>\n<link rel=\"canonical\" href=\"https:\/\/www.grupomedcof.com.br\/blog\/doenca-falciforme\/\" \/>\n<meta property=\"og:locale\" content=\"pt_BR\" \/>\n<meta property=\"og:type\" content=\"article\" \/>\n<meta property=\"og:title\" content=\"Dia Mundial de Conscientiza\u00e7\u00e3o a Doen\u00e7a Falciforme\" \/>\n<meta property=\"og:description\" content=\"No dia 19 de junho, celebramos o Dia Mundial de Conscientiza\u00e7\u00e3o da Doen\u00e7a Falciforme. Conhe\u00e7a mais sobre essa doen\u00e7a e seus sintomas!\" \/>\n<meta property=\"og:url\" content=\"https:\/\/www.grupomedcof.com.br\/blog\/doenca-falciforme\/\" \/>\n<meta property=\"og:site_name\" content=\"Blog de Medcof: conte\u00fados, editais, revalida e mais!\" \/>\n<meta property=\"article:publisher\" content=\"https:\/\/www.facebook.com\/MedCofQbank\/\" \/>\n<meta property=\"article:published_time\" content=\"2025-06-20T10:30:46+00:00\" \/>\n<meta property=\"article:modified_time\" content=\"2025-06-20T10:30:48+00:00\" \/>\n<meta property=\"og:image\" content=\"https:\/\/www.grupomedcof.com.br\/blog\/wp-content\/uploads\/2022\/06\/19-de-junho-1-1.png\" \/>\n\t<meta property=\"og:image:width\" content=\"2240\" \/>\n\t<meta property=\"og:image:height\" content=\"1260\" \/>\n\t<meta property=\"og:image:type\" content=\"image\/png\" \/>\n<meta name=\"author\" content=\"Patr\u00edcia Oliveira\" \/>\n<meta name=\"twitter:card\" content=\"summary_large_image\" \/>\n<meta name=\"twitter:label1\" content=\"Escrito por\" \/>\n\t<meta name=\"twitter:data1\" content=\"Patr\u00edcia Oliveira\" \/>\n\t<meta name=\"twitter:label2\" content=\"Est. tempo de leitura\" \/>\n\t<meta name=\"twitter:data2\" content=\"8 minutos\" \/>\n<script type=\"application\/ld+json\" class=\"yoast-schema-graph\">{\"@context\":\"https:\\\/\\\/schema.org\",\"@graph\":[{\"@type\":\"Article\",\"@id\":\"https:\\\/\\\/www.grupomedcof.com.br\\\/blog\\\/doenca-falciforme\\\/#article\",\"isPartOf\":{\"@id\":\"https:\\\/\\\/www.grupomedcof.com.br\\\/blog\\\/doenca-falciforme\\\/\"},\"author\":{\"name\":\"Patr\u00edcia Oliveira\",\"@id\":\"https:\\\/\\\/www.grupomedcof.com.br\\\/blog\\\/#\\\/schema\\\/person\\\/7a655db4c3da9796e0166bf55a9ea53a\"},\"headline\":\"Dia Mundial de Conscientiza\u00e7\u00e3o a Doen\u00e7a Falciforme\",\"datePublished\":\"2025-06-20T10:30:46+00:00\",\"dateModified\":\"2025-06-20T10:30:48+00:00\",\"mainEntityOfPage\":{\"@id\":\"https:\\\/\\\/www.grupomedcof.com.br\\\/blog\\\/doenca-falciforme\\\/\"},\"wordCount\":1430,\"commentCount\":0,\"publisher\":{\"@id\":\"https:\\\/\\\/www.grupomedcof.com.br\\\/blog\\\/#organization\"},\"image\":{\"@id\":\"https:\\\/\\\/www.grupomedcof.com.br\\\/blog\\\/doenca-falciforme\\\/#primaryimage\"},\"thumbnailUrl\":\"https:\\\/\\\/www.grupomedcof.com.br\\\/blog\\\/wp-content\\\/uploads\\\/2022\\\/06\\\/19-de-junho-1-1.png\",\"keywords\":[\"Doen\u00e7a Falciforme\"],\"articleSection\":[\"Doen\u00e7as Sangu\u00edneas\"],\"inLanguage\":\"pt-BR\"},{\"@type\":\"WebPage\",\"@id\":\"https:\\\/\\\/www.grupomedcof.com.br\\\/blog\\\/doenca-falciforme\\\/\",\"url\":\"https:\\\/\\\/www.grupomedcof.com.br\\\/blog\\\/doenca-falciforme\\\/\",\"name\":\"Dia Mundial de Conscientiza\u00e7\u00e3o a Doen\u00e7a Falciforme - Blog de Medcof: conte\u00fados, editais, revalida e mais!\",\"isPartOf\":{\"@id\":\"https:\\\/\\\/www.grupomedcof.com.br\\\/blog\\\/#website\"},\"primaryImageOfPage\":{\"@id\":\"https:\\\/\\\/www.grupomedcof.com.br\\\/blog\\\/doenca-falciforme\\\/#primaryimage\"},\"image\":{\"@id\":\"https:\\\/\\\/www.grupomedcof.com.br\\\/blog\\\/doenca-falciforme\\\/#primaryimage\"},\"thumbnailUrl\":\"https:\\\/\\\/www.grupomedcof.com.br\\\/blog\\\/wp-content\\\/uploads\\\/2022\\\/06\\\/19-de-junho-1-1.png\",\"datePublished\":\"2025-06-20T10:30:46+00:00\",\"dateModified\":\"2025-06-20T10:30:48+00:00\",\"description\":\"No dia 19 de junho, celebramos o Dia Mundial de Conscientiza\u00e7\u00e3o da Doen\u00e7a Falciforme. Conhe\u00e7a mais sobre essa doen\u00e7a e seus sintomas!\",\"breadcrumb\":{\"@id\":\"https:\\\/\\\/www.grupomedcof.com.br\\\/blog\\\/doenca-falciforme\\\/#breadcrumb\"},\"inLanguage\":\"pt-BR\",\"potentialAction\":[{\"@type\":\"ReadAction\",\"target\":[\"https:\\\/\\\/www.grupomedcof.com.br\\\/blog\\\/doenca-falciforme\\\/\"]}]},{\"@type\":\"ImageObject\",\"inLanguage\":\"pt-BR\",\"@id\":\"https:\\\/\\\/www.grupomedcof.com.br\\\/blog\\\/doenca-falciforme\\\/#primaryimage\",\"url\":\"https:\\\/\\\/www.grupomedcof.com.br\\\/blog\\\/wp-content\\\/uploads\\\/2022\\\/06\\\/19-de-junho-1-1.png\",\"contentUrl\":\"https:\\\/\\\/www.grupomedcof.com.br\\\/blog\\\/wp-content\\\/uploads\\\/2022\\\/06\\\/19-de-junho-1-1.png\",\"width\":2240,\"height\":1260,\"caption\":\"doen\u00e7a falciforme\"},{\"@type\":\"BreadcrumbList\",\"@id\":\"https:\\\/\\\/www.grupomedcof.com.br\\\/blog\\\/doenca-falciforme\\\/#breadcrumb\",\"itemListElement\":[{\"@type\":\"ListItem\",\"position\":1,\"name\":\"In\u00edcio\",\"item\":\"https:\\\/\\\/www.grupomedcof.com.br\\\/blog\\\/\"},{\"@type\":\"ListItem\",\"position\":2,\"name\":\"Dia Mundial de Conscientiza\u00e7\u00e3o a Doen\u00e7a Falciforme\"}]},{\"@type\":\"WebSite\",\"@id\":\"https:\\\/\\\/www.grupomedcof.com.br\\\/blog\\\/#website\",\"url\":\"https:\\\/\\\/www.grupomedcof.com.br\\\/blog\\\/\",\"name\":\"Blog de Medcof: conte\u00fados, editais, revalida e mais!\",\"description\":\"Acesso o blog de MedCof! Seu portal de conte\u00fados sobre resid\u00eancia m\u00e9dica, an\u00e1lise e editais e muito mais. Clique e confira!\",\"publisher\":{\"@id\":\"https:\\\/\\\/www.grupomedcof.com.br\\\/blog\\\/#organization\"},\"alternateName\":\"Blog de Medcof: conte\u00fados, editais, revalida e mais!\",\"potentialAction\":[{\"@type\":\"SearchAction\",\"target\":{\"@type\":\"EntryPoint\",\"urlTemplate\":\"https:\\\/\\\/www.grupomedcof.com.br\\\/blog\\\/?s={search_term_string}\"},\"query-input\":{\"@type\":\"PropertyValueSpecification\",\"valueRequired\":true,\"valueName\":\"search_term_string\"}}],\"inLanguage\":\"pt-BR\"},{\"@type\":\"Organization\",\"@id\":\"https:\\\/\\\/www.grupomedcof.com.br\\\/blog\\\/#organization\",\"name\":\"Grupo MedCof\",\"url\":\"https:\\\/\\\/www.grupomedcof.com.br\\\/blog\\\/\",\"logo\":{\"@type\":\"ImageObject\",\"inLanguage\":\"pt-BR\",\"@id\":\"https:\\\/\\\/www.grupomedcof.com.br\\\/blog\\\/#\\\/schema\\\/logo\\\/image\\\/\",\"url\":\"https:\\\/\\\/www.grupomedcof.com.br\\\/blog\\\/wp-content\\\/uploads\\\/2022\\\/01\\\/logo-medcof.png\",\"contentUrl\":\"https:\\\/\\\/www.grupomedcof.com.br\\\/blog\\\/wp-content\\\/uploads\\\/2022\\\/01\\\/logo-medcof.png\",\"width\":768,\"height\":269,\"caption\":\"Grupo MedCof\"},\"image\":{\"@id\":\"https:\\\/\\\/www.grupomedcof.com.br\\\/blog\\\/#\\\/schema\\\/logo\\\/image\\\/\"},\"sameAs\":[\"https:\\\/\\\/www.facebook.com\\\/MedCofQbank\\\/\",\"https:\\\/\\\/www.instagram.com\\\/grupomedcof\\\/\",\"https:\\\/\\\/br.linkedin.com\\\/company\\\/medcof\",\"https:\\\/\\\/www.youtube.com\\\/channel\\\/UCdHMuOHKICxcHwecxN8P-AA\"]},{\"@type\":\"Person\",\"@id\":\"https:\\\/\\\/www.grupomedcof.com.br\\\/blog\\\/#\\\/schema\\\/person\\\/7a655db4c3da9796e0166bf55a9ea53a\",\"name\":\"Patr\u00edcia Oliveira\",\"image\":{\"@type\":\"ImageObject\",\"inLanguage\":\"pt-BR\",\"@id\":\"https:\\\/\\\/www.grupomedcof.com.br\\\/blog\\\/wp-content\\\/uploads\\\/2022\\\/03\\\/furacao-96x96.png19e0d43e5696aaa42a3bb896953b331f\",\"url\":\"https:\\\/\\\/www.grupomedcof.com.br\\\/blog\\\/wp-content\\\/uploads\\\/2022\\\/03\\\/furacao-96x96.png\",\"contentUrl\":\"https:\\\/\\\/www.grupomedcof.com.br\\\/blog\\\/wp-content\\\/uploads\\\/2022\\\/03\\\/furacao-96x96.png\",\"caption\":\"Patr\u00edcia Oliveira\"},\"sameAs\":[\"https:\\\/\\\/www.grupomedcof.com.br\\\/\"],\"url\":\"https:\\\/\\\/www.grupomedcof.com.br\\\/blog\\\/author\\\/patricia\\\/\"}]}<\/script>\n<!-- \/ Yoast SEO Premium plugin. -->","yoast_head_json":{"title":"Dia Mundial de Conscientiza\u00e7\u00e3o a Doen\u00e7a Falciforme - Blog de Medcof: conte\u00fados, editais, revalida e mais!","description":"No dia 19 de junho, celebramos o Dia Mundial de Conscientiza\u00e7\u00e3o da Doen\u00e7a Falciforme. Conhe\u00e7a mais sobre essa doen\u00e7a e seus sintomas!","robots":{"index":"index","follow":"follow","max-snippet":"max-snippet:-1","max-image-preview":"max-image-preview:large","max-video-preview":"max-video-preview:-1"},"canonical":"https:\/\/www.grupomedcof.com.br\/blog\/doenca-falciforme\/","og_locale":"pt_BR","og_type":"article","og_title":"Dia Mundial de Conscientiza\u00e7\u00e3o a Doen\u00e7a Falciforme","og_description":"No dia 19 de junho, celebramos o Dia Mundial de Conscientiza\u00e7\u00e3o da Doen\u00e7a Falciforme. Conhe\u00e7a mais sobre essa doen\u00e7a e seus sintomas!","og_url":"https:\/\/www.grupomedcof.com.br\/blog\/doenca-falciforme\/","og_site_name":"Blog de Medcof: conte\u00fados, editais, revalida e mais!","article_publisher":"https:\/\/www.facebook.com\/MedCofQbank\/","article_published_time":"2025-06-20T10:30:46+00:00","article_modified_time":"2025-06-20T10:30:48+00:00","og_image":[{"width":2240,"height":1260,"url":"https:\/\/www.grupomedcof.com.br\/blog\/wp-content\/uploads\/2022\/06\/19-de-junho-1-1.png","type":"image\/png"}],"author":"Patr\u00edcia Oliveira","twitter_card":"summary_large_image","twitter_misc":{"Escrito por":"Patr\u00edcia Oliveira","Est. tempo de leitura":"8 minutos"},"schema":{"@context":"https:\/\/schema.org","@graph":[{"@type":"Article","@id":"https:\/\/www.grupomedcof.com.br\/blog\/doenca-falciforme\/#article","isPartOf":{"@id":"https:\/\/www.grupomedcof.com.br\/blog\/doenca-falciforme\/"},"author":{"name":"Patr\u00edcia Oliveira","@id":"https:\/\/www.grupomedcof.com.br\/blog\/#\/schema\/person\/7a655db4c3da9796e0166bf55a9ea53a"},"headline":"Dia Mundial de Conscientiza\u00e7\u00e3o a Doen\u00e7a Falciforme","datePublished":"2025-06-20T10:30:46+00:00","dateModified":"2025-06-20T10:30:48+00:00","mainEntityOfPage":{"@id":"https:\/\/www.grupomedcof.com.br\/blog\/doenca-falciforme\/"},"wordCount":1430,"commentCount":0,"publisher":{"@id":"https:\/\/www.grupomedcof.com.br\/blog\/#organization"},"image":{"@id":"https:\/\/www.grupomedcof.com.br\/blog\/doenca-falciforme\/#primaryimage"},"thumbnailUrl":"https:\/\/www.grupomedcof.com.br\/blog\/wp-content\/uploads\/2022\/06\/19-de-junho-1-1.png","keywords":["Doen\u00e7a Falciforme"],"articleSection":["Doen\u00e7as Sangu\u00edneas"],"inLanguage":"pt-BR"},{"@type":"WebPage","@id":"https:\/\/www.grupomedcof.com.br\/blog\/doenca-falciforme\/","url":"https:\/\/www.grupomedcof.com.br\/blog\/doenca-falciforme\/","name":"Dia Mundial de Conscientiza\u00e7\u00e3o a Doen\u00e7a Falciforme - Blog de Medcof: conte\u00fados, editais, revalida e mais!","isPartOf":{"@id":"https:\/\/www.grupomedcof.com.br\/blog\/#website"},"primaryImageOfPage":{"@id":"https:\/\/www.grupomedcof.com.br\/blog\/doenca-falciforme\/#primaryimage"},"image":{"@id":"https:\/\/www.grupomedcof.com.br\/blog\/doenca-falciforme\/#primaryimage"},"thumbnailUrl":"https:\/\/www.grupomedcof.com.br\/blog\/wp-content\/uploads\/2022\/06\/19-de-junho-1-1.png","datePublished":"2025-06-20T10:30:46+00:00","dateModified":"2025-06-20T10:30:48+00:00","description":"No dia 19 de junho, celebramos o Dia Mundial de Conscientiza\u00e7\u00e3o da Doen\u00e7a Falciforme. Conhe\u00e7a mais sobre essa doen\u00e7a e seus sintomas!","breadcrumb":{"@id":"https:\/\/www.grupomedcof.com.br\/blog\/doenca-falciforme\/#breadcrumb"},"inLanguage":"pt-BR","potentialAction":[{"@type":"ReadAction","target":["https:\/\/www.grupomedcof.com.br\/blog\/doenca-falciforme\/"]}]},{"@type":"ImageObject","inLanguage":"pt-BR","@id":"https:\/\/www.grupomedcof.com.br\/blog\/doenca-falciforme\/#primaryimage","url":"https:\/\/www.grupomedcof.com.br\/blog\/wp-content\/uploads\/2022\/06\/19-de-junho-1-1.png","contentUrl":"https:\/\/www.grupomedcof.com.br\/blog\/wp-content\/uploads\/2022\/06\/19-de-junho-1-1.png","width":2240,"height":1260,"caption":"doen\u00e7a falciforme"},{"@type":"BreadcrumbList","@id":"https:\/\/www.grupomedcof.com.br\/blog\/doenca-falciforme\/#breadcrumb","itemListElement":[{"@type":"ListItem","position":1,"name":"In\u00edcio","item":"https:\/\/www.grupomedcof.com.br\/blog\/"},{"@type":"ListItem","position":2,"name":"Dia Mundial de Conscientiza\u00e7\u00e3o a Doen\u00e7a Falciforme"}]},{"@type":"WebSite","@id":"https:\/\/www.grupomedcof.com.br\/blog\/#website","url":"https:\/\/www.grupomedcof.com.br\/blog\/","name":"Blog de Medcof: conte\u00fados, editais, revalida e mais!","description":"Acesso o blog de MedCof! Seu portal de conte\u00fados sobre resid\u00eancia m\u00e9dica, an\u00e1lise e editais e muito mais. Clique e confira!","publisher":{"@id":"https:\/\/www.grupomedcof.com.br\/blog\/#organization"},"alternateName":"Blog de Medcof: conte\u00fados, editais, revalida e mais!","potentialAction":[{"@type":"SearchAction","target":{"@type":"EntryPoint","urlTemplate":"https:\/\/www.grupomedcof.com.br\/blog\/?s={search_term_string}"},"query-input":{"@type":"PropertyValueSpecification","valueRequired":true,"valueName":"search_term_string"}}],"inLanguage":"pt-BR"},{"@type":"Organization","@id":"https:\/\/www.grupomedcof.com.br\/blog\/#organization","name":"Grupo MedCof","url":"https:\/\/www.grupomedcof.com.br\/blog\/","logo":{"@type":"ImageObject","inLanguage":"pt-BR","@id":"https:\/\/www.grupomedcof.com.br\/blog\/#\/schema\/logo\/image\/","url":"https:\/\/www.grupomedcof.com.br\/blog\/wp-content\/uploads\/2022\/01\/logo-medcof.png","contentUrl":"https:\/\/www.grupomedcof.com.br\/blog\/wp-content\/uploads\/2022\/01\/logo-medcof.png","width":768,"height":269,"caption":"Grupo MedCof"},"image":{"@id":"https:\/\/www.grupomedcof.com.br\/blog\/#\/schema\/logo\/image\/"},"sameAs":["https:\/\/www.facebook.com\/MedCofQbank\/","https:\/\/www.instagram.com\/grupomedcof\/","https:\/\/br.linkedin.com\/company\/medcof","https:\/\/www.youtube.com\/channel\/UCdHMuOHKICxcHwecxN8P-AA"]},{"@type":"Person","@id":"https:\/\/www.grupomedcof.com.br\/blog\/#\/schema\/person\/7a655db4c3da9796e0166bf55a9ea53a","name":"Patr\u00edcia Oliveira","image":{"@type":"ImageObject","inLanguage":"pt-BR","@id":"https:\/\/www.grupomedcof.com.br\/blog\/wp-content\/uploads\/2022\/03\/furacao-96x96.png19e0d43e5696aaa42a3bb896953b331f","url":"https:\/\/www.grupomedcof.com.br\/blog\/wp-content\/uploads\/2022\/03\/furacao-96x96.png","contentUrl":"https:\/\/www.grupomedcof.com.br\/blog\/wp-content\/uploads\/2022\/03\/furacao-96x96.png","caption":"Patr\u00edcia Oliveira"},"sameAs":["https:\/\/www.grupomedcof.com.br\/"],"url":"https:\/\/www.grupomedcof.com.br\/blog\/author\/patricia\/"}]}},"authors":[{"term_id":3612,"user_id":2,"is_guest":0,"slug":"patricia","display_name":"Patr\u00edcia Oliveira","avatar_url":"https:\/\/www.grupomedcof.com.br\/blog\/wp-content\/uploads\/2022\/03\/furacao-96x96.png","0":null,"1":"","2":"","3":"","4":"","5":"","6":"","7":"","8":""}],"_links":{"self":[{"href":"https:\/\/www.grupomedcof.com.br\/blog\/wp-json\/wp\/v2\/posts\/1116","targetHints":{"allow":["GET"]}}],"collection":[{"href":"https:\/\/www.grupomedcof.com.br\/blog\/wp-json\/wp\/v2\/posts"}],"about":[{"href":"https:\/\/www.grupomedcof.com.br\/blog\/wp-json\/wp\/v2\/types\/post"}],"author":[{"embeddable":true,"href":"https:\/\/www.grupomedcof.com.br\/blog\/wp-json\/wp\/v2\/users\/2"}],"replies":[{"embeddable":true,"href":"https:\/\/www.grupomedcof.com.br\/blog\/wp-json\/wp\/v2\/comments?post=1116"}],"version-history":[{"count":1,"href":"https:\/\/www.grupomedcof.com.br\/blog\/wp-json\/wp\/v2\/posts\/1116\/revisions"}],"predecessor-version":[{"id":36250,"href":"https:\/\/www.grupomedcof.com.br\/blog\/wp-json\/wp\/v2\/posts\/1116\/revisions\/36250"}],"wp:featuredmedia":[{"embeddable":true,"href":"https:\/\/www.grupomedcof.com.br\/blog\/wp-json\/wp\/v2\/media\/1120"}],"wp:attachment":[{"href":"https:\/\/www.grupomedcof.com.br\/blog\/wp-json\/wp\/v2\/media?parent=1116"}],"wp:term":[{"taxonomy":"category","embeddable":true,"href":"https:\/\/www.grupomedcof.com.br\/blog\/wp-json\/wp\/v2\/categories?post=1116"},{"taxonomy":"post_tag","embeddable":true,"href":"https:\/\/www.grupomedcof.com.br\/blog\/wp-json\/wp\/v2\/tags?post=1116"},{"taxonomy":"author","embeddable":true,"href":"https:\/\/www.grupomedcof.com.br\/blog\/wp-json\/wp\/v2\/ppma_author?post=1116"}],"curies":[{"name":"wp","href":"https:\/\/api.w.org\/{rel}","templated":true}]}}