{"id":1125,"date":"2025-06-21T08:10:10","date_gmt":"2025-06-21T11:10:10","guid":{"rendered":"https:\/\/www.grupomedcof.com.br\/blog\/?p=1125"},"modified":"2025-12-30T17:04:48","modified_gmt":"2025-12-30T20:04:48","slug":"esclerose-lateral-amiotrofica","status":"publish","type":"post","link":"https:\/\/www.grupomedcof.com.br\/blog\/esclerose-lateral-amiotrofica\/","title":{"rendered":"Esclerose Lateral Amiotr\u00f3fica: entenda mais e como identificar!"},"content":{"rendered":"<div id=\"ez-toc-container\" class=\"ez-toc-v2_0_74 counter-hierarchy ez-toc-counter ez-toc-transparent ez-toc-container-direction\">\n<div class=\"ez-toc-title-container\">\n<p class=\"ez-toc-title\" style=\"cursor:inherit\">Sum\u00e1rio<\/p>\n<span class=\"ez-toc-title-toggle\"><a href=\"#\" class=\"ez-toc-pull-right ez-toc-btn ez-toc-btn-xs ez-toc-btn-default ez-toc-toggle\" aria-label=\"Alternar tabela de conte\u00fado\"><span class=\"ez-toc-js-icon-con\"><span class=\"\"><span class=\"eztoc-hide\" style=\"display:none;\">Toggle<\/span><span class=\"ez-toc-icon-toggle-span\"><svg style=\"fill: #999;color:#999\" xmlns=\"http:\/\/www.w3.org\/2000\/svg\" class=\"list-377408\" width=\"20px\" height=\"20px\" viewBox=\"0 0 24 24\" fill=\"none\"><path d=\"M6 6H4v2h2V6zm14 0H8v2h12V6zM4 11h2v2H4v-2zm16 0H8v2h12v-2zM4 16h2v2H4v-2zm16 0H8v2h12v-2z\" fill=\"currentColor\"><\/path><\/svg><svg style=\"fill: #999;color:#999\" class=\"arrow-unsorted-368013\" xmlns=\"http:\/\/www.w3.org\/2000\/svg\" width=\"10px\" height=\"10px\" viewBox=\"0 0 24 24\" version=\"1.2\" baseProfile=\"tiny\"><path d=\"M18.2 9.3l-6.2-6.3-6.2 6.3c-.2.2-.3.4-.3.7s.1.5.3.7c.2.2.4.3.7.3h11c.3 0 .5-.1.7-.3.2-.2.3-.5.3-.7s-.1-.5-.3-.7zM5.8 14.7l6.2 6.3 6.2-6.3c.2-.2.3-.5.3-.7s-.1-.5-.3-.7c-.2-.2-.4-.3-.7-.3h-11c-.3 0-.5.1-.7.3-.2.2-.3.5-.3.7s.1.5.3.7z\"\/><\/svg><\/span><\/span><\/span><\/a><\/span><\/div>\n<nav><ul class='ez-toc-list ez-toc-list-level-1 ' ><li class='ez-toc-page-1 ez-toc-heading-level-2'><a class=\"ez-toc-link ez-toc-heading-1\" href=\"https:\/\/www.grupomedcof.com.br\/blog\/esclerose-lateral-amiotrofica\/#Como_reconhecer_a_ELA\" >Como reconhecer a ELA?<\/a><\/li><li class='ez-toc-page-1 ez-toc-heading-level-2'><a class=\"ez-toc-link ez-toc-heading-2\" href=\"https:\/\/www.grupomedcof.com.br\/blog\/esclerose-lateral-amiotrofica\/#O_Cenario_Brasileiro\" >O Cen\u00e1rio Brasileiro&nbsp;<\/a><\/li><li class='ez-toc-page-1 ez-toc-heading-level-2'><a class=\"ez-toc-link ez-toc-heading-3\" href=\"https:\/\/www.grupomedcof.com.br\/blog\/esclerose-lateral-amiotrofica\/#O_quadro_clinico_da_ELA\" >O quadro cl\u00ednico da ELA<\/a><\/li><li class='ez-toc-page-1 ez-toc-heading-level-2'><a class=\"ez-toc-link ez-toc-heading-4\" href=\"https:\/\/www.grupomedcof.com.br\/blog\/esclerose-lateral-amiotrofica\/#Diagnostico\" >Diagn\u00f3stico<\/a><\/li><li class='ez-toc-page-1 ez-toc-heading-level-2'><a class=\"ez-toc-link ez-toc-heading-5\" href=\"https:\/\/www.grupomedcof.com.br\/blog\/esclerose-lateral-amiotrofica\/#Abordagens_Terapeuticas\" >Abordagens Terap\u00eauticas<\/a><\/li><li class='ez-toc-page-1 ez-toc-heading-level-2'><a class=\"ez-toc-link ez-toc-heading-6\" href=\"https:\/\/www.grupomedcof.com.br\/blog\/esclerose-lateral-amiotrofica\/#Seja_um_MedCofer\" >Seja um MedCofer!<\/a><\/li><\/ul><\/nav><\/div>\n\n<figure class=\"wp-block-image size-large\"><img loading=\"lazy\" decoding=\"async\" width=\"1024\" height=\"576\" src=\"https:\/\/www.grupomedcof.com.br\/blog\/wp-content\/uploads\/2023\/05\/Blog-MedCof-8-1024x576.png\" alt=\"ela esclerose lateral amiotr\u00f3fica, primeiros sintomas de esclerose lateral amiotr\u00f3fica\" class=\"wp-image-7322\" srcset=\"https:\/\/www.grupomedcof.com.br\/blog\/wp-content\/uploads\/2023\/05\/Blog-MedCof-8-1024x576.png 1024w, https:\/\/www.grupomedcof.com.br\/blog\/wp-content\/uploads\/2023\/05\/Blog-MedCof-8-300x169.png 300w, https:\/\/www.grupomedcof.com.br\/blog\/wp-content\/uploads\/2023\/05\/Blog-MedCof-8-768x432.png 768w, https:\/\/www.grupomedcof.com.br\/blog\/wp-content\/uploads\/2023\/05\/Blog-MedCof-8-1536x864.png 1536w, https:\/\/www.grupomedcof.com.br\/blog\/wp-content\/uploads\/2023\/05\/Blog-MedCof-8-2048x1152.png 2048w\" sizes=\"auto, (max-width: 1024px) 100vw, 1024px\" \/><figcaption class=\"wp-element-caption\">Como identificar um caso de Esclerose Lateral Amiotr\u00f3fica (ELA)? Saiba os sintomas, tratamentos e diagn\u00f3stico da doen\u00e7a.<\/figcaption><\/figure>\n\n\n\n<p>A Esclerose Lateral Amiotr\u00f3fica (ELA) \u00e9 uma <strong>doen\u00e7a neurodegenerativa<\/strong> implac\u00e1vel que afeta os neur\u00f4nios motores, c\u00e9lulas nervosas respons\u00e1veis por <strong>controlar os movimentos volunt\u00e1rios dos m\u00fasculos.<\/strong>&nbsp;<\/p>\n\n\n\n<h2 class=\"wp-block-heading\"><span class=\"ez-toc-section\" id=\"Como_reconhecer_a_ELA\"><\/span><strong>Como reconhecer a ELA?<\/strong><span class=\"ez-toc-section-end\"><\/span><\/h2>\n\n\n\n<p>Ao lado de enfermidades como Parkinson e Alzheimer, a ELA figura entre as principais <strong>doen\u00e7as neurodegenerativas<\/strong>, representando um desafio significativo tanto para os pacientes quanto para a comunidade m\u00e9dica.&nbsp;<\/p>\n\n\n\n<p>A ELA pode ser caracterizada como uma <strong>doen\u00e7a do neur\u00f4nio motor (DNM)<\/strong> que leva \u00e0 <strong>degenera\u00e7\u00e3o progressiva do sistema motor <\/strong>em m\u00faltiplos n\u00edveis: bulbar, cervical, tor\u00e1cico e lombar.<\/p>\n\n\n\n<p>Para entender melhor o funcionamento dos neur\u00f4nios motores, vamos revisar os conceitos abaixo:<\/p>\n\n\n\n<ul class=\"wp-block-list\">\n<li><strong>Neur\u00f4nios Motores Superiores (NMS):<\/strong> Localizados na \u00e1rea motora do c\u00e9rebro (giro pr\u00e9-central), tamb\u00e9m conhecidos como primeiro neur\u00f4nio.\u00a0<\/li>\n\n\n\n<li><strong>Neur\u00f4nios Motores Inferiores (NMI):<\/strong> Situados no tronco cerebral e na por\u00e7\u00e3o anterior da medula espinhal, referidos como segundo neur\u00f4nio.<\/li>\n<\/ul>\n\n\n\n<figure class=\"wp-block-image\"><img decoding=\"async\" src=\"https:\/\/lh7-rt.googleusercontent.com\/docsz\/AD_4nXd1uzBSFxLXWoJtIMiQ8qY7e00n4HpqEQCTVttuV0QpF8fIjS0DhLAcrkA9xkmpCIx-ILhyKtJMuyfq6KaRnIrdfdolIWv5tJWG5uJCqoDShVWUnftHTOGy7DIz0OsTHzm1Gos3xQ?key=gYgacFu6rsMjA_rjiqhYJg\" alt=\"\"\/><figcaption class=\"wp-element-caption\">Representa\u00e7\u00e3o dos neur\u00f4nios motores inferiores e superiores. Fonte: Pinterest.<br><\/figcaption><\/figure>\n\n\n\n<p>A comunica\u00e7\u00e3o eficaz entre NMS e NMI \u00e9 essencial para a <strong>contra\u00e7\u00e3o muscular <\/strong>A comunica\u00e7\u00e3o eficaz entre NMS e NMI \u00e9 essencial para a <strong>contra\u00e7\u00e3o muscular volunt\u00e1ria<\/strong>. Os NMS enviam mensagens qu\u00edmicas <strong>(neurotransmissores)<\/strong> que regulam a atividade dos NMI.<\/p>\n\n\n\n<p>Os NMI no tronco cerebral ativam m\u00fasculos da <strong>face, boca, garganta e l\u00edngua (regi\u00e3o bulbar)<\/strong>, enquanto os NMI na medula espinhal controlam os m\u00fasculos volunt\u00e1rios do restante do corpo, incluindo <strong>membros, tronco, pesco\u00e7o e diafragma.<\/strong><\/p>\n\n\n\n<p>Na ELA, ocorre a degenera\u00e7\u00e3o tanto dos NMS quanto dos NMI. Acredita-se que, no momento do <strong>primeiro sintoma<\/strong>, uma <strong>perda significativa<\/strong> \u2013 mais de 80% \u2013 dos neur\u00f4nios motores <strong>j\u00e1 tenha ocorrido<\/strong>. Essa perda progressiva reflete-se nos achados cl\u00ednicos relacionados \u00e0 disfun\u00e7\u00e3o desses neur\u00f4nios em diferentes regi\u00f5es.<\/p>\n\n\n\n<h2 class=\"wp-block-heading\"><span class=\"ez-toc-section\" id=\"O_Cenario_Brasileiro\"><\/span><strong>O Cen\u00e1rio Brasileiro&nbsp;<\/strong><span class=\"ez-toc-section-end\"><\/span><\/h2>\n\n\n\n<p>O <strong>Protocolo de 2021<\/strong>, da Organiza\u00e7\u00e3o Mundial da Sa\u00fade,&nbsp; destaca a incid\u00eancia da ELA, mencionando que ela <strong>varia globalmente.<\/strong><\/p>\n\n\n\n<p>Sua incid\u00eancia na popula\u00e7\u00e3o \u00e9 heterog\u00eanea e varia de 0,73 a 1,89 casos por 100.000 pessoas ao ano no sul da \u00c1sia e no norte da Europa, respectivamente (1) (PMID: 27185810) (2,3). A <strong>idade \u00e9 o fator preditivo<\/strong> mais importante para a sua ocorr\u00eancia, sendo mais <strong>prevalente nos pacientes entre 55 e 75 anos de idade<\/strong>.<\/p>\n\n\n\n<p>A maioria dos casos (mais de 90%) \u00e9 <strong>espor\u00e1dica<\/strong>, enquanto uma menor porcentagem \u00e9 familiar, frequentemente com <strong>heran\u00e7a autoss\u00f4mica dominante.<\/strong><\/p>\n\n\n\n<h2 class=\"wp-block-heading\"><span class=\"ez-toc-section\" id=\"O_quadro_clinico_da_ELA\"><\/span><strong>O quadro cl\u00ednico da ELA<\/strong><span class=\"ez-toc-section-end\"><\/span><\/h2>\n\n\n\n<p>Os sintomas da ELA resultam diretamente da <strong>perda de neur\u00f4nios motores no c\u00f3rtex (<\/strong>NMS) e nos <strong>n\u00facleos do tronco encef\u00e1lico<\/strong> ou corno anterior da medula (NMI). Vamos ver um resumo dessas apresenta\u00e7\u00f5es:&nbsp;<\/p>\n\n\n\n<figure class=\"wp-block-table\"><table class=\"has-fixed-layout\"><tbody><tr><td><\/td><td>Neur\u00f4nio motor superior (NMS)<\/td><td>Neur\u00f4nio motor inferior (NMI)<\/td><\/tr><tr><td>Bulbar<\/td><td>Incontin\u00eancia emocional (choro e riso incontrol\u00e1veis)<\/td><td>Disartria fl\u00e1cida<\/td><\/tr><tr><td><\/td><td>Disartria esp\u00e1stica<\/td><td>Disfagia<\/td><\/tr><tr><td><\/td><td>Disfagia (especialmente fase oral)<\/td><td>Atrofia e fascicula\u00e7\u00f5es da l\u00edngua<\/td><\/tr><tr><td><\/td><td>Hiperreflexia (masseter, orbicular da boca, refluxo nauseoso exacerbado)&nbsp;<\/td><td><\/td><\/tr><tr><td>Espinhal<\/td><td>Hiperreflexia tendinosa<\/td><td>Fraqueza<\/td><\/tr><tr><td><\/td><td>Espasticidade<\/td><td>Atrofia muscular<\/td><\/tr><tr><td><\/td><td>Sinal de Babinsky<\/td><td>Fascicula\u00e7\u00f5es<\/td><\/tr><tr><td><\/td><td>Redu\u00e7\u00e3o da agilidade<\/td><td>C\u00e2imbras<\/td><\/tr><\/tbody><\/table><\/figure>\n\n\n\n<p>Al\u00e9m desses sinais e sintomas motores diretos, tamb\u00e9m temos achados cl\u00ednicos <strong>indiretamente relacionados \u00e0 doen\u00e7a<\/strong>, como <strong>altera\u00e7\u00f5es psicol\u00f3gicas e do sono<\/strong>, <strong>constipa\u00e7\u00e3o<\/strong>, <strong>sialorreia<\/strong> (excesso de saliva), <strong>espessamento de secre\u00e7\u00f5es mucosas<\/strong>, sintomas de <strong>hipoventila\u00e7\u00e3o cr\u00f4nica e dor<\/strong>.<\/p>\n\n\n\n<p>\u00c9 fundamental ressaltar que a disfun\u00e7\u00e3o sensitiva (perda de sensibilidade) \u00e9 considerada incompat\u00edvel com o diagn\u00f3stico de ELA, a menos que seja parte de outro <strong>dist\u00farbio subjacente<\/strong>. <strong>Altera\u00e7\u00f5es cognitivas<\/strong> podem ocorrer em at\u00e9 <strong>50% dos pacientes<\/strong>, e quadros de dem\u00eancia, embora incomuns, tendem a se assemelhar \u00e0 <strong>dem\u00eancia frontotemporal<\/strong>.<\/p>\n\n\n\n<p>O diagn\u00f3stico, especialmente em est\u00e1gios iniciais com sintomas focais, pode ser desafiador e <strong>exige a presen\u00e7a de sinais em m\u00faltiplas regi\u00f5es e investiga\u00e7\u00f5es seriadas<\/strong>. O tempo m\u00e9dio entre o in\u00edcio dos sintomas e a confirma\u00e7\u00e3o diagn\u00f3stica \u00e9 de aproximadamente <strong>10 a 13 meses<\/strong>.<\/p>\n\n\n\n<h2 class=\"wp-block-heading\"><span class=\"ez-toc-section\" id=\"Diagnostico\"><\/span><strong>Diagn\u00f3stico<\/strong><span class=\"ez-toc-section-end\"><\/span><\/h2>\n\n\n\n<p>O diagn\u00f3stico da ELA pode ser um desafio, pois <strong>os sintomas podem ser semelhantes a outras doen\u00e7as neurol\u00f3gicas<\/strong>. Dessa forma, um hist\u00f3rico m\u00e9dico completo e um exame neurol\u00f3gico detalhado s\u00e3o fundamentais para o diagn\u00f3stico.<\/p>\n\n\n\n<p>Pensando nisso, entre os crit\u00e9rios cl\u00ednicos utilizados para o diagn\u00f3stico da ELA, est\u00e3o os sinais de comprometimento dos neur\u00f4nios motores superiores e inferiores.<\/p>\n\n\n\n<p>Al\u00e9m disso, o diagn\u00f3stico \u00e9 realizado com base na <strong>progress\u00e3o dos sintomas ao longo do tempo<\/strong>, que tendem a se espalhar para outras \u00e1reas do corpo.&nbsp;<\/p>\n\n\n\n<p>Embora n\u00e3o haja um \u00fanico teste que possa confirmar completamente o diagn\u00f3stico, a <strong>resson\u00e2ncia magn\u00e9tica e a eletromiografia<\/strong> s\u00e3o comumente utilizadas para ajudar a confirmar a presen\u00e7a de comprometimento dos neur\u00f4nios motores.<\/p>\n\n\n\n<p>Ademais, outros exames laboratoriais e de imagem, bem como avalia\u00e7\u00f5es de fun\u00e7\u00e3o cognitiva, podem ser realizados para descartar outras condi\u00e7\u00f5es neurol\u00f3gicas que apresentam sintomas semelhantes \u00e0 ELA.<\/p>\n\n\n\n<h2 class=\"wp-block-heading\"><span class=\"ez-toc-section\" id=\"Abordagens_Terapeuticas\"><\/span><strong>Abordagens Terap\u00eauticas<\/strong><span class=\"ez-toc-section-end\"><\/span><\/h2>\n\n\n\n<p>O tratamento da ELA baseia-se em duas frentes principais: o <strong>tratamento espec\u00edfico<\/strong>, voltado para a modifica\u00e7\u00e3o do curso da doen\u00e7a, e o <strong>tratamento n\u00e3o medicamentoso<\/strong> e <strong>sintom\u00e1tico<\/strong>, focado na melhoria da qualidade de vida e no manejo das complica\u00e7\u00f5es.<\/p>\n\n\n\n<ol class=\"wp-block-list\">\n<li>\u00a0<strong>Tratamento Espec\u00edfico: O Papel do Riluzol<\/strong><\/li>\n<\/ol>\n\n\n\n<p>O Riluzol \u00e9, at\u00e9 agora, o \u00fanico medicamento com efic\u00e1cia comprovada e registro na ANVISA para o tratamento espec\u00edfico da ELA. V\u00e1rias outras terapias foram testadas, mas n\u00e3o demonstraram efic\u00e1cia modificadora da doen\u00e7a.<\/p>\n\n\n\n<p>O esquema de administra\u00e7\u00e3o do Riluzol \u00e9 <strong>de 50 mg, por via oral, a cada 12 horas<\/strong>, uma hora antes ou duas horas ap\u00f3s as refei\u00e7\u00f5es.<\/p>\n\n\n\n<p>Os benef\u00edcios esperados com o uso do Riluzol incluem uma leve melhora dos sintomas bulbares e da fun\u00e7\u00e3o dos membros, al\u00e9m de um aumento na sobrevida. O tempo de tratamento \u00e9 indeterminado e depende da tolerabilidade do paciente.<\/p>\n\n\n\n<p>\u00c9 crucial estar atento \u00e0s contraindica\u00e7\u00f5es do Riluzol, que incluem <strong>insufici\u00eancia renal ou hep\u00e1tica, <\/strong>outras doen\u00e7as graves ou <strong>incapacitantes<\/strong>, outras formas de doen\u00e7as do <strong>corno anterior medular, dem\u00eancia, dist\u00farbios visuais, auton\u00f4micos, esfincterianos, gravidez ou amamenta\u00e7\u00e3o, ventila\u00e7\u00e3o assistida e hipersensibilidade ao medicamento<\/strong>.<\/p>\n\n\n\n<p>O monitoramento do tratamento inclui a realiza\u00e7\u00e3o peri\u00f3dica de exames, como hemograma, plaquetas e enzimas hep\u00e1ticas.<\/p>\n\n\n\n<ol start=\"2\" class=\"wp-block-list\">\n<li><strong>Tratamento N\u00e3o Medicamentoso e Sintom\u00e1tico<\/strong><\/li>\n<\/ol>\n\n\n\n<p>Na aus\u00eancia de uma cura, o suporte n\u00e3o medicamentoso e o tratamento sintom\u00e1tico s\u00e3o a <strong>base do cuidado ao paciente com ELA<\/strong>, visando otimizar a qualidade de vida e a autonomia. \u00c9 evidente a import\u00e2ncia da equipe multidisciplinar e dos cuidados paliativos desde cedo&nbsp;<\/p>\n\n\n\n<ul class=\"wp-block-list\">\n<li>Suporte Ventilat\u00f3rio:A insufici\u00eancia respirat\u00f3ria \u00e9 a principal causa de morte na ELA. O suporte ventilat\u00f3rio, especialmente a ventila\u00e7\u00e3o n\u00e3o invasiva (VNI), \u00e9 a conduta terap\u00eautica n\u00e3o medicamentosa que mais aumenta a sobrevida e a qualidade de vida dos pacientes. Entre todas as condutas terap\u00eauticas n\u00e3o medicamentosas, o suporte ventilat\u00f3rio n\u00e3o invasivo, nas suas v\u00e1rias modalidades, \u00e9 a que mais aumenta a sobrevida e a qualidade de vida do paciente com ELA, sendo inclusive possivelmente superior ao uso de riluzol (22).<\/li>\n\n\n\n<li>Suporte Nutricional: A disfagia e a perda de peso s\u00e3o comuns e impactam a sobrevida. A orienta\u00e7\u00e3o nutricional precoce e a considera\u00e7\u00e3o de vias alternativas de alimenta\u00e7\u00e3o, como a Gastrostomia Endosc\u00f3pica Percut\u00e2nea (GEP), s\u00e3o cruciais. A GEP ajuda a manter o peso e melhora a qualidade de vida, sendo recomendada em est\u00e1gios iniciais ou conforme a progress\u00e3o da disfagia e a fun\u00e7\u00e3o respirat\u00f3ria (CVF em torno de 50% do predito).<\/li>\n\n\n\n<li>Suporte de Mobilidade e Acessibilidade: A fisioterapia motora visa otimizar fun\u00e7\u00f5es, prevenir complica\u00e7\u00f5es da imobilidade (contraturas, dor, constipa\u00e7\u00e3o) e maximizar a autonomia. Exerc\u00edcios leves s\u00e3o ben\u00e9ficos, mas exerc\u00edcios excessivos ou com carga devem ser evitados para n\u00e3o gerar fadiga ou acelerar a degenera\u00e7\u00e3o neuronal. O uso de \u00f3rteses e a adapta\u00e7\u00e3o para cadeiras de rodas, conforme a progress\u00e3o da doen\u00e7a, tamb\u00e9m s\u00e3o abordados como formas de auxiliar o paciente em suas atividades di\u00e1rias e deslocamento.<\/li>\n\n\n\n<li>Suporte de Comunica\u00e7\u00e3o: Dificuldades na fala (disartria, disfonia) s\u00e3o frequentes e impactam a comunica\u00e7\u00e3o. A atua\u00e7\u00e3o fonoaudiol\u00f3gica \u00e9 essencial desde o in\u00edcio para auxiliar na adapta\u00e7\u00e3o e, quando necess\u00e1rio, indicar recursos de Comunica\u00e7\u00e3o Suplementar e Alternativa (CSA). A perda da comunica\u00e7\u00e3o efetiva \u00e9 um dos piores aspectos da doen\u00e7a, levando a isolamento social e impacto psicol\u00f3gico. A avalia\u00e7\u00e3o e terapia fonoaudiol\u00f3gica ajudam a manter o paciente comunicativo.<\/li>\n\n\n\n<li>Suporte Multidisciplinar: O acompanhamento por uma equipe especializada (neurologista, pneumologista, gastroenterologista, enfermeiros, nutricionistas, fisioterapeutas, terapeutas ocupacionais, psic\u00f3logos, fonoaudi\u00f3logos, assistentes sociais) comprova-se associado a uma maior sobrevida (7 a 24 meses a mais) e melhor qualidade de vida.<\/li>\n\n\n\n<li>Atendimento Domiciliar: Conforme a doen\u00e7a progride e a mobilidade diminui, o atendimento domiciliar se torna uma op\u00e7\u00e3o terap\u00eautica importante, muitas vezes mais eficiente e com melhores resultados que interna\u00e7\u00f5es hospitalares. Sua miss\u00e3o \u00e9 melhorar a qualidade de vida, sobrevida, independ\u00eancia, autonomia e conforto psicol\u00f3gico do paciente.<\/li>\n<\/ul>\n\n\n\n<ol start=\"3\" class=\"wp-block-list\">\n<li><strong>Tratamento Medicamentoso Sintom\u00e1tico<\/strong><\/li>\n<\/ol>\n\n\n\n<p>Em resumo, podemos especificar o tratamento mais espec\u00edfico no quadro abaixo:<\/p>\n\n\n\n<figure class=\"wp-block-image\"><img decoding=\"async\" src=\"https:\/\/lh7-rt.googleusercontent.com\/docsz\/AD_4nXfSVuLd0SI8HwSUBuAYN5eaNuViL0v6pXkcwJ1S-O2dgTMEhNe6pOjoxmhj2x4fuCZP8dsmQtNwnBB2ZzahNcoASdbTdePgCwzu3V14gTFF1zeUBZLPSrQPB2SXVvje08F4BPo5pA?key=gYgacFu6rsMjA_rjiqhYJg\" alt=\"\"\/><figcaption class=\"wp-element-caption\">PROTOCOLO CL\u00cdNICO E DIRETRIZES TERAP\u00caUTICAS DA ESCLEROSE LATERAL AMIOTR\u00d3FICA. Fonte: Minist\u00e9rio da Sa\u00fade (2021).&nbsp;<\/figcaption><\/figure>\n\n\n\n<h2 class=\"wp-block-heading\"><span class=\"ez-toc-section\" id=\"Seja_um_MedCofer\"><\/span><strong>Seja um MedCofer!<\/strong><span class=\"ez-toc-section-end\"><\/span><\/h2>\n\n\n\n<p>Quer alcan\u00e7ar a aprova\u00e7\u00e3o nas provas de resid\u00eancia m\u00e9dica? Ent\u00e3o seja um\u00a0<a href=\"https:\/\/www.grupomedcof.com.br\/home\/\" target=\"_blank\" rel=\"noreferrer noopener\"><strong>MedCofer<\/strong><\/a>! Aqui te ajudaremos na busca da aprova\u00e7\u00e3o com conte\u00fados de qualidade e uma metodologia que j\u00e1 aprovou mais de 35 mil residentes no pa\u00eds! Por fim, acesse o nosso<a href=\"https:\/\/www.youtube.com\/@GrupoMedcof\/featured\">\u00a0<strong>canal do youtube\u00a0<\/strong><\/a>para ver o nosso material.<\/p>\n\n\n\n<figure class=\"wp-block-embed is-type-video is-provider-youtube wp-block-embed-youtube wp-embed-aspect-16-9 wp-has-aspect-ratio\"><div class=\"wp-block-embed__wrapper\">\n<div class=\"youtube-embed\" data-video_id=\"rokSm8mKNLE\"><iframe loading=\"lazy\" title=\"COFEXPRESS - Esclerose Lateral Amiotr\u00f3fica. Com Dr. Leonardo Bernardes\" width=\"696\" height=\"392\" src=\"https:\/\/www.youtube.com\/embed\/rokSm8mKNLE?feature=oembed&#038;enablejsapi=1\" frameborder=\"0\" allow=\"accelerometer; autoplay; clipboard-write; encrypted-media; gyroscope; picture-in-picture; web-share\" referrerpolicy=\"strict-origin-when-cross-origin\" allowfullscreen><\/iframe><\/div>\n<\/div><\/figure>\n","protected":false},"excerpt":{"rendered":"<p>A Esclerose Lateral Amiotr\u00f3fica \u00e9 uma das principais doen\u00e7as degenerativas do sistema nervoso. Conhe\u00e7a mais sobre essa doen\u00e7a!<\/p>\n","protected":false},"author":2,"featured_media":7322,"comment_status":"open","ping_status":"open","sticky":false,"template":"","format":"standard","meta":{"footnotes":""},"categories":[86],"tags":[87,88],"ppma_author":[3612],"class_list":{"0":"post-1125","1":"post","2":"type-post","3":"status-publish","4":"format-standard","5":"has-post-thumbnail","7":"category-doencas-neurodegenerativas","8":"tag-ela","9":"tag-esclerose-lateral-amiotrofica"},"yoast_head":"<!-- This site is optimized with the Yoast SEO Premium plugin v24.3 (Yoast SEO v27.4) - https:\/\/yoast.com\/product\/yoast-seo-premium-wordpress\/ -->\n<title>Esclerose Lateral Amiotr\u00f3fica: entenda mais! - Blog de Medcof<\/title>\n<meta name=\"description\" content=\"A Esclerose Lateral Amiotr\u00f3fica \u00e9 uma das principais doen\u00e7as degenerativas do sistema nervoso. Conhe\u00e7a mais sobre essa doen\u00e7a!\" \/>\n<meta name=\"robots\" content=\"index, follow, max-snippet:-1, max-image-preview:large, max-video-preview:-1\" \/>\n<link rel=\"canonical\" href=\"https:\/\/www.grupomedcof.com.br\/blog\/esclerose-lateral-amiotrofica\/\" \/>\n<meta property=\"og:locale\" content=\"pt_BR\" \/>\n<meta property=\"og:type\" content=\"article\" \/>\n<meta property=\"og:title\" content=\"Esclerose Lateral Amiotr\u00f3fica: entenda mais e como identificar!\" \/>\n<meta property=\"og:description\" content=\"A Esclerose Lateral Amiotr\u00f3fica \u00e9 uma das principais doen\u00e7as degenerativas do sistema nervoso. Conhe\u00e7a mais sobre essa doen\u00e7a!\" \/>\n<meta property=\"og:url\" content=\"https:\/\/www.grupomedcof.com.br\/blog\/esclerose-lateral-amiotrofica\/\" \/>\n<meta property=\"og:site_name\" content=\"Blog de Medcof: conte\u00fados, editais, revalida e mais!\" \/>\n<meta property=\"article:publisher\" content=\"https:\/\/www.facebook.com\/MedCofQbank\/\" \/>\n<meta property=\"article:published_time\" content=\"2025-06-21T11:10:10+00:00\" \/>\n<meta property=\"article:modified_time\" content=\"2025-12-30T20:04:48+00:00\" \/>\n<meta property=\"og:image\" content=\"https:\/\/www.grupomedcof.com.br\/blog\/wp-content\/uploads\/2023\/05\/Blog-MedCof-8-1024x576.png\" \/>\n\t<meta property=\"og:image:width\" content=\"1024\" \/>\n\t<meta property=\"og:image:height\" content=\"576\" \/>\n\t<meta property=\"og:image:type\" content=\"image\/png\" \/>\n<meta name=\"author\" content=\"Patr\u00edcia Oliveira\" \/>\n<meta name=\"twitter:card\" content=\"summary_large_image\" \/>\n<meta name=\"twitter:label1\" content=\"Escrito por\" \/>\n\t<meta name=\"twitter:data1\" content=\"Patr\u00edcia Oliveira\" \/>\n\t<meta name=\"twitter:label2\" content=\"Est. tempo de leitura\" \/>\n\t<meta name=\"twitter:data2\" content=\"9 minutos\" \/>\n<script type=\"application\/ld+json\" class=\"yoast-schema-graph\">{\"@context\":\"https:\\\/\\\/schema.org\",\"@graph\":[{\"@type\":\"Article\",\"@id\":\"https:\\\/\\\/www.grupomedcof.com.br\\\/blog\\\/esclerose-lateral-amiotrofica\\\/#article\",\"isPartOf\":{\"@id\":\"https:\\\/\\\/www.grupomedcof.com.br\\\/blog\\\/esclerose-lateral-amiotrofica\\\/\"},\"author\":{\"name\":\"Patr\u00edcia Oliveira\",\"@id\":\"https:\\\/\\\/www.grupomedcof.com.br\\\/blog\\\/#\\\/schema\\\/person\\\/7a655db4c3da9796e0166bf55a9ea53a\"},\"headline\":\"Esclerose Lateral Amiotr\u00f3fica: entenda mais e como identificar!\",\"datePublished\":\"2025-06-21T11:10:10+00:00\",\"dateModified\":\"2025-12-30T20:04:48+00:00\",\"mainEntityOfPage\":{\"@id\":\"https:\\\/\\\/www.grupomedcof.com.br\\\/blog\\\/esclerose-lateral-amiotrofica\\\/\"},\"wordCount\":1670,\"commentCount\":0,\"publisher\":{\"@id\":\"https:\\\/\\\/www.grupomedcof.com.br\\\/blog\\\/#organization\"},\"image\":{\"@id\":\"https:\\\/\\\/www.grupomedcof.com.br\\\/blog\\\/esclerose-lateral-amiotrofica\\\/#primaryimage\"},\"thumbnailUrl\":\"https:\\\/\\\/www.grupomedcof.com.br\\\/blog\\\/wp-content\\\/uploads\\\/2023\\\/05\\\/Blog-MedCof-8.png\",\"keywords\":[\"ELA\",\"Esclerose Lateral Amiotr\u00f3fica\"],\"articleSection\":[\"Doen\u00e7as Neurodegenerativas\"],\"inLanguage\":\"pt-BR\"},{\"@type\":\"WebPage\",\"@id\":\"https:\\\/\\\/www.grupomedcof.com.br\\\/blog\\\/esclerose-lateral-amiotrofica\\\/\",\"url\":\"https:\\\/\\\/www.grupomedcof.com.br\\\/blog\\\/esclerose-lateral-amiotrofica\\\/\",\"name\":\"Esclerose Lateral Amiotr\u00f3fica: entenda mais! - Blog de Medcof\",\"isPartOf\":{\"@id\":\"https:\\\/\\\/www.grupomedcof.com.br\\\/blog\\\/#website\"},\"primaryImageOfPage\":{\"@id\":\"https:\\\/\\\/www.grupomedcof.com.br\\\/blog\\\/esclerose-lateral-amiotrofica\\\/#primaryimage\"},\"image\":{\"@id\":\"https:\\\/\\\/www.grupomedcof.com.br\\\/blog\\\/esclerose-lateral-amiotrofica\\\/#primaryimage\"},\"thumbnailUrl\":\"https:\\\/\\\/www.grupomedcof.com.br\\\/blog\\\/wp-content\\\/uploads\\\/2023\\\/05\\\/Blog-MedCof-8.png\",\"datePublished\":\"2025-06-21T11:10:10+00:00\",\"dateModified\":\"2025-12-30T20:04:48+00:00\",\"description\":\"A Esclerose Lateral Amiotr\u00f3fica \u00e9 uma das principais doen\u00e7as degenerativas do sistema nervoso. Conhe\u00e7a mais sobre essa doen\u00e7a!\",\"breadcrumb\":{\"@id\":\"https:\\\/\\\/www.grupomedcof.com.br\\\/blog\\\/esclerose-lateral-amiotrofica\\\/#breadcrumb\"},\"inLanguage\":\"pt-BR\",\"potentialAction\":[{\"@type\":\"ReadAction\",\"target\":[\"https:\\\/\\\/www.grupomedcof.com.br\\\/blog\\\/esclerose-lateral-amiotrofica\\\/\"]}]},{\"@type\":\"ImageObject\",\"inLanguage\":\"pt-BR\",\"@id\":\"https:\\\/\\\/www.grupomedcof.com.br\\\/blog\\\/esclerose-lateral-amiotrofica\\\/#primaryimage\",\"url\":\"https:\\\/\\\/www.grupomedcof.com.br\\\/blog\\\/wp-content\\\/uploads\\\/2023\\\/05\\\/Blog-MedCof-8.png\",\"contentUrl\":\"https:\\\/\\\/www.grupomedcof.com.br\\\/blog\\\/wp-content\\\/uploads\\\/2023\\\/05\\\/Blog-MedCof-8.png\",\"width\":2560,\"height\":1440,\"caption\":\"Como identificar um caso de Esclerose Lateral Amiotr\u00f3fica (ELA)? Saiba os sintomas, tratamentos e diagn\u00f3stico da doen\u00e7a.\"},{\"@type\":\"BreadcrumbList\",\"@id\":\"https:\\\/\\\/www.grupomedcof.com.br\\\/blog\\\/esclerose-lateral-amiotrofica\\\/#breadcrumb\",\"itemListElement\":[{\"@type\":\"ListItem\",\"position\":1,\"name\":\"In\u00edcio\",\"item\":\"https:\\\/\\\/www.grupomedcof.com.br\\\/blog\\\/\"},{\"@type\":\"ListItem\",\"position\":2,\"name\":\"Esclerose Lateral Amiotr\u00f3fica: entenda mais e como identificar!\"}]},{\"@type\":\"WebSite\",\"@id\":\"https:\\\/\\\/www.grupomedcof.com.br\\\/blog\\\/#website\",\"url\":\"https:\\\/\\\/www.grupomedcof.com.br\\\/blog\\\/\",\"name\":\"Blog de Medcof: conte\u00fados, editais, revalida e mais!\",\"description\":\"Acesso o blog de MedCof! Seu portal de conte\u00fados sobre resid\u00eancia m\u00e9dica, an\u00e1lise e editais e muito mais. Clique e confira!\",\"publisher\":{\"@id\":\"https:\\\/\\\/www.grupomedcof.com.br\\\/blog\\\/#organization\"},\"alternateName\":\"Blog de Medcof: conte\u00fados, editais, revalida e mais!\",\"potentialAction\":[{\"@type\":\"SearchAction\",\"target\":{\"@type\":\"EntryPoint\",\"urlTemplate\":\"https:\\\/\\\/www.grupomedcof.com.br\\\/blog\\\/?s={search_term_string}\"},\"query-input\":{\"@type\":\"PropertyValueSpecification\",\"valueRequired\":true,\"valueName\":\"search_term_string\"}}],\"inLanguage\":\"pt-BR\"},{\"@type\":\"Organization\",\"@id\":\"https:\\\/\\\/www.grupomedcof.com.br\\\/blog\\\/#organization\",\"name\":\"Grupo MedCof\",\"url\":\"https:\\\/\\\/www.grupomedcof.com.br\\\/blog\\\/\",\"logo\":{\"@type\":\"ImageObject\",\"inLanguage\":\"pt-BR\",\"@id\":\"https:\\\/\\\/www.grupomedcof.com.br\\\/blog\\\/#\\\/schema\\\/logo\\\/image\\\/\",\"url\":\"https:\\\/\\\/www.grupomedcof.com.br\\\/blog\\\/wp-content\\\/uploads\\\/2022\\\/01\\\/logo-medcof.png\",\"contentUrl\":\"https:\\\/\\\/www.grupomedcof.com.br\\\/blog\\\/wp-content\\\/uploads\\\/2022\\\/01\\\/logo-medcof.png\",\"width\":768,\"height\":269,\"caption\":\"Grupo MedCof\"},\"image\":{\"@id\":\"https:\\\/\\\/www.grupomedcof.com.br\\\/blog\\\/#\\\/schema\\\/logo\\\/image\\\/\"},\"sameAs\":[\"https:\\\/\\\/www.facebook.com\\\/MedCofQbank\\\/\",\"https:\\\/\\\/www.instagram.com\\\/grupomedcof\\\/\",\"https:\\\/\\\/br.linkedin.com\\\/company\\\/medcof\",\"https:\\\/\\\/www.youtube.com\\\/channel\\\/UCdHMuOHKICxcHwecxN8P-AA\"]},{\"@type\":\"Person\",\"@id\":\"https:\\\/\\\/www.grupomedcof.com.br\\\/blog\\\/#\\\/schema\\\/person\\\/7a655db4c3da9796e0166bf55a9ea53a\",\"name\":\"Patr\u00edcia Oliveira\",\"image\":{\"@type\":\"ImageObject\",\"inLanguage\":\"pt-BR\",\"@id\":\"https:\\\/\\\/www.grupomedcof.com.br\\\/blog\\\/wp-content\\\/uploads\\\/2022\\\/03\\\/furacao-96x96.png19e0d43e5696aaa42a3bb896953b331f\",\"url\":\"https:\\\/\\\/www.grupomedcof.com.br\\\/blog\\\/wp-content\\\/uploads\\\/2022\\\/03\\\/furacao-96x96.png\",\"contentUrl\":\"https:\\\/\\\/www.grupomedcof.com.br\\\/blog\\\/wp-content\\\/uploads\\\/2022\\\/03\\\/furacao-96x96.png\",\"caption\":\"Patr\u00edcia Oliveira\"},\"sameAs\":[\"https:\\\/\\\/www.grupomedcof.com.br\\\/\"],\"url\":\"https:\\\/\\\/www.grupomedcof.com.br\\\/blog\\\/author\\\/patricia\\\/\"}]}<\/script>\n<!-- \/ Yoast SEO Premium plugin. -->","yoast_head_json":{"title":"Esclerose Lateral Amiotr\u00f3fica: entenda mais! - Blog de Medcof","description":"A Esclerose Lateral Amiotr\u00f3fica \u00e9 uma das principais doen\u00e7as degenerativas do sistema nervoso. Conhe\u00e7a mais sobre essa doen\u00e7a!","robots":{"index":"index","follow":"follow","max-snippet":"max-snippet:-1","max-image-preview":"max-image-preview:large","max-video-preview":"max-video-preview:-1"},"canonical":"https:\/\/www.grupomedcof.com.br\/blog\/esclerose-lateral-amiotrofica\/","og_locale":"pt_BR","og_type":"article","og_title":"Esclerose Lateral Amiotr\u00f3fica: entenda mais e como identificar!","og_description":"A Esclerose Lateral Amiotr\u00f3fica \u00e9 uma das principais doen\u00e7as degenerativas do sistema nervoso. Conhe\u00e7a mais sobre essa doen\u00e7a!","og_url":"https:\/\/www.grupomedcof.com.br\/blog\/esclerose-lateral-amiotrofica\/","og_site_name":"Blog de Medcof: conte\u00fados, editais, revalida e mais!","article_publisher":"https:\/\/www.facebook.com\/MedCofQbank\/","article_published_time":"2025-06-21T11:10:10+00:00","article_modified_time":"2025-12-30T20:04:48+00:00","og_image":[{"width":1024,"height":576,"url":"https:\/\/www.grupomedcof.com.br\/blog\/wp-content\/uploads\/2023\/05\/Blog-MedCof-8-1024x576.png","type":"image\/png"}],"author":"Patr\u00edcia Oliveira","twitter_card":"summary_large_image","twitter_misc":{"Escrito por":"Patr\u00edcia Oliveira","Est. tempo de leitura":"9 minutos"},"schema":{"@context":"https:\/\/schema.org","@graph":[{"@type":"Article","@id":"https:\/\/www.grupomedcof.com.br\/blog\/esclerose-lateral-amiotrofica\/#article","isPartOf":{"@id":"https:\/\/www.grupomedcof.com.br\/blog\/esclerose-lateral-amiotrofica\/"},"author":{"name":"Patr\u00edcia Oliveira","@id":"https:\/\/www.grupomedcof.com.br\/blog\/#\/schema\/person\/7a655db4c3da9796e0166bf55a9ea53a"},"headline":"Esclerose Lateral Amiotr\u00f3fica: entenda mais e como identificar!","datePublished":"2025-06-21T11:10:10+00:00","dateModified":"2025-12-30T20:04:48+00:00","mainEntityOfPage":{"@id":"https:\/\/www.grupomedcof.com.br\/blog\/esclerose-lateral-amiotrofica\/"},"wordCount":1670,"commentCount":0,"publisher":{"@id":"https:\/\/www.grupomedcof.com.br\/blog\/#organization"},"image":{"@id":"https:\/\/www.grupomedcof.com.br\/blog\/esclerose-lateral-amiotrofica\/#primaryimage"},"thumbnailUrl":"https:\/\/www.grupomedcof.com.br\/blog\/wp-content\/uploads\/2023\/05\/Blog-MedCof-8.png","keywords":["ELA","Esclerose Lateral Amiotr\u00f3fica"],"articleSection":["Doen\u00e7as Neurodegenerativas"],"inLanguage":"pt-BR"},{"@type":"WebPage","@id":"https:\/\/www.grupomedcof.com.br\/blog\/esclerose-lateral-amiotrofica\/","url":"https:\/\/www.grupomedcof.com.br\/blog\/esclerose-lateral-amiotrofica\/","name":"Esclerose Lateral Amiotr\u00f3fica: entenda mais! - Blog de Medcof","isPartOf":{"@id":"https:\/\/www.grupomedcof.com.br\/blog\/#website"},"primaryImageOfPage":{"@id":"https:\/\/www.grupomedcof.com.br\/blog\/esclerose-lateral-amiotrofica\/#primaryimage"},"image":{"@id":"https:\/\/www.grupomedcof.com.br\/blog\/esclerose-lateral-amiotrofica\/#primaryimage"},"thumbnailUrl":"https:\/\/www.grupomedcof.com.br\/blog\/wp-content\/uploads\/2023\/05\/Blog-MedCof-8.png","datePublished":"2025-06-21T11:10:10+00:00","dateModified":"2025-12-30T20:04:48+00:00","description":"A Esclerose Lateral Amiotr\u00f3fica \u00e9 uma das principais doen\u00e7as degenerativas do sistema nervoso. Conhe\u00e7a mais sobre essa doen\u00e7a!","breadcrumb":{"@id":"https:\/\/www.grupomedcof.com.br\/blog\/esclerose-lateral-amiotrofica\/#breadcrumb"},"inLanguage":"pt-BR","potentialAction":[{"@type":"ReadAction","target":["https:\/\/www.grupomedcof.com.br\/blog\/esclerose-lateral-amiotrofica\/"]}]},{"@type":"ImageObject","inLanguage":"pt-BR","@id":"https:\/\/www.grupomedcof.com.br\/blog\/esclerose-lateral-amiotrofica\/#primaryimage","url":"https:\/\/www.grupomedcof.com.br\/blog\/wp-content\/uploads\/2023\/05\/Blog-MedCof-8.png","contentUrl":"https:\/\/www.grupomedcof.com.br\/blog\/wp-content\/uploads\/2023\/05\/Blog-MedCof-8.png","width":2560,"height":1440,"caption":"Como identificar um caso de Esclerose Lateral Amiotr\u00f3fica (ELA)? Saiba os sintomas, tratamentos e diagn\u00f3stico da doen\u00e7a."},{"@type":"BreadcrumbList","@id":"https:\/\/www.grupomedcof.com.br\/blog\/esclerose-lateral-amiotrofica\/#breadcrumb","itemListElement":[{"@type":"ListItem","position":1,"name":"In\u00edcio","item":"https:\/\/www.grupomedcof.com.br\/blog\/"},{"@type":"ListItem","position":2,"name":"Esclerose Lateral Amiotr\u00f3fica: entenda mais e como identificar!"}]},{"@type":"WebSite","@id":"https:\/\/www.grupomedcof.com.br\/blog\/#website","url":"https:\/\/www.grupomedcof.com.br\/blog\/","name":"Blog de Medcof: conte\u00fados, editais, revalida e mais!","description":"Acesso o blog de MedCof! Seu portal de conte\u00fados sobre resid\u00eancia m\u00e9dica, an\u00e1lise e editais e muito mais. Clique e confira!","publisher":{"@id":"https:\/\/www.grupomedcof.com.br\/blog\/#organization"},"alternateName":"Blog de Medcof: conte\u00fados, editais, revalida e mais!","potentialAction":[{"@type":"SearchAction","target":{"@type":"EntryPoint","urlTemplate":"https:\/\/www.grupomedcof.com.br\/blog\/?s={search_term_string}"},"query-input":{"@type":"PropertyValueSpecification","valueRequired":true,"valueName":"search_term_string"}}],"inLanguage":"pt-BR"},{"@type":"Organization","@id":"https:\/\/www.grupomedcof.com.br\/blog\/#organization","name":"Grupo MedCof","url":"https:\/\/www.grupomedcof.com.br\/blog\/","logo":{"@type":"ImageObject","inLanguage":"pt-BR","@id":"https:\/\/www.grupomedcof.com.br\/blog\/#\/schema\/logo\/image\/","url":"https:\/\/www.grupomedcof.com.br\/blog\/wp-content\/uploads\/2022\/01\/logo-medcof.png","contentUrl":"https:\/\/www.grupomedcof.com.br\/blog\/wp-content\/uploads\/2022\/01\/logo-medcof.png","width":768,"height":269,"caption":"Grupo MedCof"},"image":{"@id":"https:\/\/www.grupomedcof.com.br\/blog\/#\/schema\/logo\/image\/"},"sameAs":["https:\/\/www.facebook.com\/MedCofQbank\/","https:\/\/www.instagram.com\/grupomedcof\/","https:\/\/br.linkedin.com\/company\/medcof","https:\/\/www.youtube.com\/channel\/UCdHMuOHKICxcHwecxN8P-AA"]},{"@type":"Person","@id":"https:\/\/www.grupomedcof.com.br\/blog\/#\/schema\/person\/7a655db4c3da9796e0166bf55a9ea53a","name":"Patr\u00edcia Oliveira","image":{"@type":"ImageObject","inLanguage":"pt-BR","@id":"https:\/\/www.grupomedcof.com.br\/blog\/wp-content\/uploads\/2022\/03\/furacao-96x96.png19e0d43e5696aaa42a3bb896953b331f","url":"https:\/\/www.grupomedcof.com.br\/blog\/wp-content\/uploads\/2022\/03\/furacao-96x96.png","contentUrl":"https:\/\/www.grupomedcof.com.br\/blog\/wp-content\/uploads\/2022\/03\/furacao-96x96.png","caption":"Patr\u00edcia Oliveira"},"sameAs":["https:\/\/www.grupomedcof.com.br\/"],"url":"https:\/\/www.grupomedcof.com.br\/blog\/author\/patricia\/"}]}},"authors":[{"term_id":3612,"user_id":2,"is_guest":0,"slug":"patricia","display_name":"Patr\u00edcia Oliveira","avatar_url":"https:\/\/www.grupomedcof.com.br\/blog\/wp-content\/uploads\/2022\/03\/furacao-96x96.png","0":null,"1":"","2":"","3":"","4":"","5":"","6":"","7":"","8":""}],"_links":{"self":[{"href":"https:\/\/www.grupomedcof.com.br\/blog\/wp-json\/wp\/v2\/posts\/1125","targetHints":{"allow":["GET"]}}],"collection":[{"href":"https:\/\/www.grupomedcof.com.br\/blog\/wp-json\/wp\/v2\/posts"}],"about":[{"href":"https:\/\/www.grupomedcof.com.br\/blog\/wp-json\/wp\/v2\/types\/post"}],"author":[{"embeddable":true,"href":"https:\/\/www.grupomedcof.com.br\/blog\/wp-json\/wp\/v2\/users\/2"}],"replies":[{"embeddable":true,"href":"https:\/\/www.grupomedcof.com.br\/blog\/wp-json\/wp\/v2\/comments?post=1125"}],"version-history":[{"count":3,"href":"https:\/\/www.grupomedcof.com.br\/blog\/wp-json\/wp\/v2\/posts\/1125\/revisions"}],"predecessor-version":[{"id":40504,"href":"https:\/\/www.grupomedcof.com.br\/blog\/wp-json\/wp\/v2\/posts\/1125\/revisions\/40504"}],"wp:featuredmedia":[{"embeddable":true,"href":"https:\/\/www.grupomedcof.com.br\/blog\/wp-json\/wp\/v2\/media\/7322"}],"wp:attachment":[{"href":"https:\/\/www.grupomedcof.com.br\/blog\/wp-json\/wp\/v2\/media?parent=1125"}],"wp:term":[{"taxonomy":"category","embeddable":true,"href":"https:\/\/www.grupomedcof.com.br\/blog\/wp-json\/wp\/v2\/categories?post=1125"},{"taxonomy":"post_tag","embeddable":true,"href":"https:\/\/www.grupomedcof.com.br\/blog\/wp-json\/wp\/v2\/tags?post=1125"},{"taxonomy":"author","embeddable":true,"href":"https:\/\/www.grupomedcof.com.br\/blog\/wp-json\/wp\/v2\/ppma_author?post=1125"}],"curies":[{"name":"wp","href":"https:\/\/api.w.org\/{rel}","templated":true}]}}