{"id":11250,"date":"2023-08-25T11:12:42","date_gmt":"2023-08-25T14:12:42","guid":{"rendered":"https:\/\/www.grupomedcof.com.br\/blog\/?p=11250"},"modified":"2023-08-25T11:12:42","modified_gmt":"2023-08-25T14:12:42","slug":"residencia-medica-unifeso-2024-edital-publicado","status":"publish","type":"post","link":"https:\/\/www.grupomedcof.com.br\/blog\/residencia-medica-unifeso-2024-edital-publicado\/","title":{"rendered":"Resid\u00eancia M\u00e9dica UNIFESO 2024: Edital publicado"},"content":{"rendered":"<div id=\"ez-toc-container\" class=\"ez-toc-v2_0_74 counter-hierarchy ez-toc-counter ez-toc-transparent ez-toc-container-direction\">\n<div class=\"ez-toc-title-container\">\n<p class=\"ez-toc-title\" style=\"cursor:inherit\">Sum\u00e1rio<\/p>\n<span class=\"ez-toc-title-toggle\"><a href=\"#\" class=\"ez-toc-pull-right ez-toc-btn ez-toc-btn-xs ez-toc-btn-default ez-toc-toggle\" aria-label=\"Alternar tabela de conte\u00fado\"><span class=\"ez-toc-js-icon-con\"><span class=\"\"><span class=\"eztoc-hide\" style=\"display:none;\">Toggle<\/span><span class=\"ez-toc-icon-toggle-span\"><svg style=\"fill: #999;color:#999\" xmlns=\"http:\/\/www.w3.org\/2000\/svg\" class=\"list-377408\" width=\"20px\" height=\"20px\" viewBox=\"0 0 24 24\" fill=\"none\"><path d=\"M6 6H4v2h2V6zm14 0H8v2h12V6zM4 11h2v2H4v-2zm16 0H8v2h12v-2zM4 16h2v2H4v-2zm16 0H8v2h12v-2z\" fill=\"currentColor\"><\/path><\/svg><svg style=\"fill: #999;color:#999\" class=\"arrow-unsorted-368013\" xmlns=\"http:\/\/www.w3.org\/2000\/svg\" width=\"10px\" height=\"10px\" viewBox=\"0 0 24 24\" version=\"1.2\" baseProfile=\"tiny\"><path d=\"M18.2 9.3l-6.2-6.3-6.2 6.3c-.2.2-.3.4-.3.7s.1.5.3.7c.2.2.4.3.7.3h11c.3 0 .5-.1.7-.3.2-.2.3-.5.3-.7s-.1-.5-.3-.7zM5.8 14.7l6.2 6.3 6.2-6.3c.2-.2.3-.5.3-.7s-.1-.5-.3-.7c-.2-.2-.4-.3-.7-.3h-11c-.3 0-.5.1-.7.3-.2.2-.3.5-.3.7s.1.5.3.7z\"\/><\/svg><\/span><\/span><\/span><\/a><\/span><\/div>\n<nav><ul class='ez-toc-list ez-toc-list-level-1 ' ><li class='ez-toc-page-1 ez-toc-heading-level-2'><a class=\"ez-toc-link ez-toc-heading-1\" href=\"https:\/\/www.grupomedcof.com.br\/blog\/residencia-medica-unifeso-2024-edital-publicado\/#Residencia_Medica_UNIFESO_2024_Edital_publicado\" >Resid\u00eancia M\u00e9dica UNIFESO 2024: Edital publicado<\/a><\/li><li class='ez-toc-page-1 ez-toc-heading-level-2'><a class=\"ez-toc-link ez-toc-heading-2\" href=\"https:\/\/www.grupomedcof.com.br\/blog\/residencia-medica-unifeso-2024-edital-publicado\/#Residencia_Medica_UNIFESO_2024_Vagas\" >Resid\u00eancia M\u00e9dica UNIFESO 2024: Vagas<\/a><\/li><li class='ez-toc-page-1 ez-toc-heading-level-2'><a class=\"ez-toc-link ez-toc-heading-3\" href=\"https:\/\/www.grupomedcof.com.br\/blog\/residencia-medica-unifeso-2024-edital-publicado\/#Processo_Seletivo_UNIFESO_2024\" >Processo Seletivo UNIFESO 2024<\/a><ul class='ez-toc-list-level-3' ><li class='ez-toc-heading-level-3'><a class=\"ez-toc-link ez-toc-heading-4\" href=\"https:\/\/www.grupomedcof.com.br\/blog\/residencia-medica-unifeso-2024-edital-publicado\/#Prova_Escrita_1a_etapa\" >Prova Escrita (1\u00aa etapa)<\/a><\/li><li class='ez-toc-page-1 ez-toc-heading-level-3'><a class=\"ez-toc-link ez-toc-heading-5\" href=\"https:\/\/www.grupomedcof.com.br\/blog\/residencia-medica-unifeso-2024-edital-publicado\/#Prova_Multimidia_e_Avaliacao_Curricular_2a_etapa\" >Prova Multim\u00eddia e Avalia\u00e7\u00e3o Curricular (2\u00aa etapa)<\/a><\/li><\/ul><\/li><li class='ez-toc-page-1 ez-toc-heading-level-2'><a class=\"ez-toc-link ez-toc-heading-6\" href=\"https:\/\/www.grupomedcof.com.br\/blog\/residencia-medica-unifeso-2024-edital-publicado\/#Prova_multimidia\" >Prova multim\u00eddia:<\/a><\/li><li class='ez-toc-page-1 ez-toc-heading-level-2'><a class=\"ez-toc-link ez-toc-heading-7\" href=\"https:\/\/www.grupomedcof.com.br\/blog\/residencia-medica-unifeso-2024-edital-publicado\/#Analise_Curricular\" >An\u00e1lise Curricular<\/a><\/li><li class='ez-toc-page-1 ez-toc-heading-level-2'><a class=\"ez-toc-link ez-toc-heading-8\" href=\"https:\/\/www.grupomedcof.com.br\/blog\/residencia-medica-unifeso-2024-edital-publicado\/#Resultado_Final\" >Resultado Final<\/a><\/li><li class='ez-toc-page-1 ez-toc-heading-level-2'><a class=\"ez-toc-link ez-toc-heading-9\" href=\"https:\/\/www.grupomedcof.com.br\/blog\/residencia-medica-unifeso-2024-edital-publicado\/#Residencia_Medica_UNIFESO_2024_Cronograma\" >Resid\u00eancia M\u00e9dica UNIFESO 2024: Cronograma<\/a><\/li><li class='ez-toc-page-1 ez-toc-heading-level-2'><a class=\"ez-toc-link ez-toc-heading-10\" href=\"https:\/\/www.grupomedcof.com.br\/blog\/residencia-medica-unifeso-2024-edital-publicado\/#Raio-X_da_Prova_Pratica\" >Raio-X da Prova Pr\u00e1tica<\/a><\/li><\/ul><\/nav><\/div>\n<p><img loading=\"lazy\" decoding=\"async\" width=\"800\" height=\"450\" src=\"https:\/\/www.grupomedcof.com.br\/blog\/wp-content\/uploads\/2023\/08\/Blog-MedCof-2023-08-25T105057.870-1024x576.png\" alt=\"unifeso 2024, residencia medica unifeso, resid\u00eancia m\u00e9dica unifeso 2024, resid\u00eancia m\u00e9dica unifeso, residencia medica unifeso vagas, unifeso residencia medica, resid\u00eancia m\u00e9dica unifeso 2024\" srcset=\"https:\/\/www.grupomedcof.com.br\/blog\/wp-content\/uploads\/2023\/08\/Blog-MedCof-2023-08-25T105057.870-1024x576.png 1024w, https:\/\/www.grupomedcof.com.br\/blog\/wp-content\/uploads\/2023\/08\/Blog-MedCof-2023-08-25T105057.870-300x169.png 300w, https:\/\/www.grupomedcof.com.br\/blog\/wp-content\/uploads\/2023\/08\/Blog-MedCof-2023-08-25T105057.870-768x432.png 768w, https:\/\/www.grupomedcof.com.br\/blog\/wp-content\/uploads\/2023\/08\/Blog-MedCof-2023-08-25T105057.870-1536x864.png 1536w, https:\/\/www.grupomedcof.com.br\/blog\/wp-content\/uploads\/2023\/08\/Blog-MedCof-2023-08-25T105057.870-2048x1152.png 2048w\" sizes=\"auto, (max-width: 800px) 100vw, 800px\" \/>\t\t\t\t\t\t\t\t\t\t\t\t\t\t\t<\/p>\n<p>O Centro Universit\u00e1rio da Funda\u00e7\u00e3o Educacional Serra dos \u00d3rg\u00e3os (UNIFESO) publicou o edital com vagas para resid\u00eancia m\u00e9dica em 2024. Dessa forma, os candidatos interessados poder\u00e3o se concorrer a uma das\u00a022 vagas\u00a0dispon\u00edveis entre os dias\u00a011 de setembro e 13 de outubro.<\/p>\n<h4>\n\t\t\t\tVeja a seguir\t\t\t<\/h4>\n<h2 style=\"font-family: Poppins, sans-serif; color: #7a7a7a;\"><span class=\"ez-toc-section\" id=\"Residencia_Medica_UNIFESO_2024_Edital_publicado\"><\/span>Resid\u00eancia M\u00e9dica UNIFESO 2024: Edital publicado<span class=\"ez-toc-section-end\"><\/span><\/h2>\n<p>De acordo com o<strong><a href=\"https:\/\/www.unifeso.edu.br\/cursos\/documentos\/8f5f4a79752d5e8066f72feff8031c6e.pdf\" target=\"_blank\" rel=\"nofollow noopener\">\u00a0edital publicado<\/a>\u00a0<\/strong>no site da institui\u00e7\u00e3o, as vagas para resid\u00eancia m\u00e9dica ser\u00e3o destinadas para o Hospital das Cl\u00ednicas de Teres\u00f3polis Constantino Ottaviano (<b>HCTCO<\/b>), sendo que 15 delas s\u00e3o provenientes do programa<strong>\u00a0<a href=\"https:\/\/www.grupomedcof.com.br\/blog\/pro-residencia-instituicoes-contempladas\/\" target=\"_blank\" rel=\"nofollow noopener\">Pr\u00f3-Resid\u00eancia<\/a>.<\/strong><\/p>\n<p><strong>\u00a0<\/strong><\/p>\n<p>Desse modo, durante os dias\u00a011 de setembro e 13 de outubr<b>o<\/b> os candidatos poder\u00e3o se inscrever para o processo seletivo, preenchendo devidamente o formul\u00e1rio de inscri\u00e7\u00e3o e efetuando o pagamento da taxa no valor de\u00a0R$ 300,00.<\/p>\n<p>\u00a0<\/p>\n<p>Ainda segundo a publica\u00e7\u00e3o, os\u00a0<strong>m\u00e9dicos estrangeiros ou brasileiros formados no exterior<\/strong> dever\u00e3o entregar pessoalmente ou por SEDEX c\u00f3pias autenticadas do diploma revalidado, bem como os demais documentos comprobat\u00f3rios especificados no edital.<\/p>\n<h2><span class=\"ez-toc-section\" id=\"Residencia_Medica_UNIFESO_2024_Vagas\"><\/span><strong style=\"color: inherit; font-family: inherit; font-size: 2rem;\">Resid\u00eancia M\u00e9dica UNIFESO 2024: Vagas<\/strong><span class=\"ez-toc-section-end\"><\/span><\/h2>\n<table>\n<thead>\n<tr>\n<th>Especialidades<\/th>\n<th data-align=\"center\">N\u00ba de vagas<\/th>\n<\/tr>\n<\/thead>\n<tbody>\n<tr>\n<td>Anestesiologia<\/td>\n<td data-align=\"center\">2<\/td>\n<\/tr>\n<tr>\n<td>Cirurgia Geral<\/td>\n<td data-align=\"center\">3<\/td>\n<\/tr>\n<tr>\n<td>Cl\u00ednica M\u00e9dica<\/td>\n<td data-align=\"center\">3<\/td>\n<\/tr>\n<tr>\n<td>Ginecologia e Obstetr\u00edcia<\/td>\n<td data-align=\"center\">3<\/td>\n<\/tr>\n<tr>\n<td>Medicina de Fam\u00edlia e Comunidade<\/td>\n<td data-align=\"center\">3<\/td>\n<\/tr>\n<tr>\n<td>Medicina Intensiva<\/td>\n<td data-align=\"center\">3<\/td>\n<\/tr>\n<tr>\n<td>Ortopedia e Traumatologia<\/td>\n<td data-align=\"center\">2<\/td>\n<\/tr>\n<tr>\n<td>Pediatria<\/td>\n<td data-align=\"center\">3<\/td>\n<\/tr>\n<\/tbody>\n<\/table>\n<p>\t\t\t\t\t\t\t\t\t\t\t\t\t\t\t\t<a href=\"https:\/\/www.grupomedcof.com.br\/blog\/qbank-medcof\/\" target=\"_blank\" rel=\"noopener\"><br \/>\n\t\t\t\t\t\t\t<img loading=\"lazy\" decoding=\"async\" width=\"800\" height=\"128\" src=\"https:\/\/www.grupomedcof.com.br\/blog\/wp-content\/uploads\/2023\/07\/Blog-MedCof-2023-07-06T091657.858-1024x164.png\" alt=\"medcof qbank, medcof aulas, grupo medcof, aulas medcof, qbank, banco de questoes medcof, medcof banco de questoes\" srcset=\"https:\/\/www.grupomedcof.com.br\/blog\/wp-content\/uploads\/2023\/07\/Blog-MedCof-2023-07-06T091657.858-1024x164.png 1024w, https:\/\/www.grupomedcof.com.br\/blog\/wp-content\/uploads\/2023\/07\/Blog-MedCof-2023-07-06T091657.858-300x48.png 300w, https:\/\/www.grupomedcof.com.br\/blog\/wp-content\/uploads\/2023\/07\/Blog-MedCof-2023-07-06T091657.858-768x123.png 768w, https:\/\/www.grupomedcof.com.br\/blog\/wp-content\/uploads\/2023\/07\/Blog-MedCof-2023-07-06T091657.858-1536x246.png 1536w, https:\/\/www.grupomedcof.com.br\/blog\/wp-content\/uploads\/2023\/07\/Blog-MedCof-2023-07-06T091657.858-2048x327.png 2048w\" sizes=\"auto, (max-width: 800px) 100vw, 800px\" \/>\t\t\t\t\t\t\t\t<\/a><\/p>\n<h2><span class=\"ez-toc-section\" id=\"Processo_Seletivo_UNIFESO_2024\"><\/span><strong>Processo Seletivo UNIFESO 2024<\/strong><span class=\"ez-toc-section-end\"><\/span><\/h2>\n<p>O processo seletivo para resid\u00eancia m\u00e9dica da UNIFESO 2024 contar\u00e1 com\u00a0duas fases avaliativas\u00a0somando o\u00a0m\u00e1ximo de mil pontos. Sendo assim, enquanto a primeira fase consiste na aplica\u00e7\u00e3o de suma\u00a0prova objetiva, a segunda se trata de uma\u00a0prova multim\u00eddia e avalia\u00e7\u00e3o curricular.\u00a0Veja a seguir os detalhes de cada avalia\u00e7\u00e3o.<strong><br \/><\/strong>\t\t<\/p>\n<h3><span class=\"ez-toc-section\" id=\"Prova_Escrita_1a_etapa\"><\/span><strong>Prova Escrita (1\u00aa etapa)<\/strong><span class=\"ez-toc-section-end\"><\/span><\/h3>\n<p>De acordo com o edital, a primeira fase acontecer\u00e1 no dia\u00a007 de novembro de 2023\u00a0a partir das 9 horas, no CAMPUS SEDE situado na Avenida Alberto Torres, n\u00ba 111 \u2013 Alto &#8211; Teres\u00f3polis\/RJ.<\/p>\n<p>\u00a0<\/p>\n<p>Neste dia, os candidatos enfrentar\u00e3o uma prova objetiva com\u00a0100 quest\u00f5es de m\u00faltipla escolha\u00a0sobre as cinco grandes \u00e1reas m\u00e9dicas. Dessa forma, por ser de car\u00e1ter eliminat\u00f3rio e classificat\u00f3rio, apenas ser\u00e3o aprovados os candidatos que obterem o\u00a0m\u00ednimo de 50% de acertos.\u00a0Al\u00e9m disso, esta fase ter\u00e1 peso de 50% na nota final, ou seja, a pontua\u00e7\u00e3o ser\u00e1 de at\u00e9 500 pontos.<\/p>\n<p>\t\t\t\t\t\t\t\t\t\t\t\t\t\t\t\t<a href=\"https:\/\/www.grupomedcof.com.br\/hands-on-curso\/\" target=\"_blank\" rel=\"noopener\"><br \/>\n\t\t\t\t\t\t\t<img loading=\"lazy\" decoding=\"async\" width=\"800\" height=\"101\" src=\"https:\/\/www.grupomedcof.com.br\/blog\/wp-content\/uploads\/2023\/08\/Blog-MedCof-2023-08-03T155030.071-1024x129.png\" alt=\"medcof residencia medica, curso Intensivo para Resid\u00eancia M\u00e9dica, curso para resid\u00eancia m\u00e9dica, medcof reta final dominada, reta final dominada, aulas medcof,\" srcset=\"https:\/\/www.grupomedcof.com.br\/blog\/wp-content\/uploads\/2023\/08\/Blog-MedCof-2023-08-03T155030.071-1024x129.png 1024w, https:\/\/www.grupomedcof.com.br\/blog\/wp-content\/uploads\/2023\/08\/Blog-MedCof-2023-08-03T155030.071-300x38.png 300w, https:\/\/www.grupomedcof.com.br\/blog\/wp-content\/uploads\/2023\/08\/Blog-MedCof-2023-08-03T155030.071-768x97.png 768w, https:\/\/www.grupomedcof.com.br\/blog\/wp-content\/uploads\/2023\/08\/Blog-MedCof-2023-08-03T155030.071-1536x193.png 1536w, https:\/\/www.grupomedcof.com.br\/blog\/wp-content\/uploads\/2023\/08\/Blog-MedCof-2023-08-03T155030.071-2048x258.png 2048w\" sizes=\"auto, (max-width: 800px) 100vw, 800px\" \/>\t\t\t\t\t\t\t\t<\/a><\/p>\n<h3 style=\"font-family: Poppins, sans-serif; color: #7a7a7a;\"><span class=\"ez-toc-section\" id=\"Prova_Multimidia_e_Avaliacao_Curricular_2a_etapa\"><\/span><strong>Prova Multim\u00eddia e Avalia\u00e7\u00e3o Curricular (2\u00aa etapa)<\/strong><span class=\"ez-toc-section-end\"><\/span><\/h3>\n<p>Ap\u00f3s os devidos per\u00edodos de divulga\u00e7\u00e3o e interposi\u00e7\u00e3o dos recursos, a segunda fase do processo seletivo para resid\u00eancia m\u00e9dica da UNIFESO 2024 ocorrer\u00e1 no dia <strong>21 de novembro de 2023.<\/strong><\/p>\n<p>\u00a0<\/p>\n<p>Assim, a convoca\u00e7\u00e3o para a prova pr\u00e1tica ocorrer\u00e1 somente para os candidatos aprovados na 1\u00aa fase e compor\u00e1 40% da nota final, enquanto a an\u00e1lise curricular compor\u00e1 os 10% restantes.<\/p>\n<h2 style=\"font-family: Poppins, sans-serif; color: #7a7a7a;\"><span class=\"ez-toc-section\" id=\"Prova_multimidia\"><\/span>Prova multim\u00eddia:<span class=\"ez-toc-section-end\"><\/span><\/h2>\n<p>Consistir\u00e1 na <strong>argui\u00e7\u00e3o dos casos selecionados<\/strong> com base nas \u00e1reas do conhecimento exigidas (valor m\u00e1ximo de 400 pontos).<\/p>\n<p>\u00a0<\/p>\n<p>\u00a0<\/p>\n<p>Ademais, <b>n\u00e3o haver\u00e1 uma convoca\u00e7\u00e3o espec\u00edfica para esta fase<\/b>. Portanto, os candidatos com nota satisfat\u00f3ria na fase anterior j\u00e1 est\u00e3o automaticamente convocados. Dessa forma, a data, local e hor\u00e1rio exatos ter\u00e3o publica\u00e7\u00e3o juntamente com o resultado da 1\u00aa fase.<\/p>\n<h2 style=\"font-family: Poppins, sans-serif; color: #7a7a7a;\"><span class=\"ez-toc-section\" id=\"Analise_Curricular\"><\/span>An\u00e1lise Curricular<span class=\"ez-toc-section-end\"><\/span><\/h2>\n<p>Ainda no dia<strong> 21 de novembro<\/strong>, os candidatos dever\u00e3o entregar presencialmente o <strong>Formul\u00e1rio de Avalia\u00e7\u00e3o Curricular<\/strong>, juntamente com as respectivas c\u00f3pias dos documentos comprobat\u00f3rios. Desse modo, o formul\u00e1rio estar\u00e1 dispon\u00edvel no mesmo per\u00edodo de divulga\u00e7\u00e3o dos resultados da 1\u00aa fase.<\/p>\n<p>\t\t\t\t\t\t\t\t\t\t\t\t\t\t\t\t<a href=\"https:\/\/open.spotify.com\/show\/3MyFcLlKhKequpHll6qpue?si=d0519b77e5c04e2d\" target=\"_blank\" rel=\"noopener\"><br \/>\n\t\t\t\t\t\t\t<img loading=\"lazy\" decoding=\"async\" width=\"800\" height=\"135\" src=\"https:\/\/www.grupomedcof.com.br\/blog\/wp-content\/uploads\/2023\/08\/Blog-MedCof-2023-08-10T144038.525-1024x173.png\" alt=\"medcof, medcof academy, hiit medcof, medcof derma, medcof hiit, medcof extensivo, medcof revalida\" srcset=\"https:\/\/www.grupomedcof.com.br\/blog\/wp-content\/uploads\/2023\/08\/Blog-MedCof-2023-08-10T144038.525-1024x173.png 1024w, https:\/\/www.grupomedcof.com.br\/blog\/wp-content\/uploads\/2023\/08\/Blog-MedCof-2023-08-10T144038.525-300x51.png 300w, https:\/\/www.grupomedcof.com.br\/blog\/wp-content\/uploads\/2023\/08\/Blog-MedCof-2023-08-10T144038.525-768x130.png 768w, https:\/\/www.grupomedcof.com.br\/blog\/wp-content\/uploads\/2023\/08\/Blog-MedCof-2023-08-10T144038.525-1536x259.png 1536w, https:\/\/www.grupomedcof.com.br\/blog\/wp-content\/uploads\/2023\/08\/Blog-MedCof-2023-08-10T144038.525-2048x345.png 2048w\" sizes=\"auto, (max-width: 800px) 100vw, 800px\" \/>\t\t\t\t\t\t\t\t<\/a><\/p>\n<h2 style=\"font-family: Poppins, sans-serif; color: #7a7a7a;\"><span class=\"ez-toc-section\" id=\"Resultado_Final\"><\/span>Resultado Final<span class=\"ez-toc-section-end\"><\/span><\/h2>\n<p>Por fim, ap\u00f3s os novos per\u00edodos de divulga\u00e7\u00e3o e recursos, o resultado final do processo seletivo para resid\u00eancia m\u00e9dica da UNIFESO 2024 ser\u00e1 no dia <strong>01 de dezembro de 2023<\/strong>. Al\u00e9m disso, em casos de empate, ser\u00e3o considerados os seguintes crit\u00e9rios:<\/p>\n<p>\u00a0<\/p>\n<ol style=\"font-size: 16px; background-color: #ffffff;\">\n<li style=\"font-size: 16px;\">maior n\u00famero de pontos na avalia\u00e7\u00e3o curricular. Persistindo o empate:<\/li>\n<li style=\"font-size: 16px;\">maior tempo de formado em anos completos. Persistindo o empate:<\/li>\n<li style=\"font-size: 16px;\">o candidato mais velho.<\/li>\n<\/ol>\n<h2 style=\"font-family: Poppins, sans-serif; color: rgb(122, 122, 122);\"><span class=\"ez-toc-section\" id=\"Residencia_Medica_UNIFESO_2024_Cronograma\"><\/span>Resid\u00eancia M\u00e9dica UNIFESO 2024: Cronograma<br \/><span class=\"ez-toc-section-end\"><\/span><\/h2>\n<ul style=\"font-size: 16px; background-color: rgb(255, 255, 255);\">\n<li style=\"font-size: 16px;\">Inscri\u00e7\u00f5es:&nbsp;11\/09 a 13\/10\/2023<\/li>\n<li style=\"font-size: 16px;\">Prova Objetiva (1\u00aa fase) e Gabarito Preliminar:&nbsp;07\/11\/2023<\/li>\n<li style=\"font-size: 16px;\">Recursos:&nbsp;08 a 09\/11\/2023<\/li>\n<li style=\"font-size: 16px;\">Resultado da 1\u00aa fase:&nbsp;14\/11\/2023<\/li>\n<li style=\"font-size: 16px;\">Prova Multim\u00eddia e Avalia\u00e7\u00e3o Curricular (2\u00aa fase) e Gabarito Preliminar:&nbsp;21\/11\/2023<\/li>\n<li style=\"font-size: 16px;\">Recursos:&nbsp;22 a 23\/11\/2023<\/li>\n<li style=\"font-size: 16px;\">Resultado da 2\u00aa fase e Classifica\u00e7\u00e3o Preliminar:&nbsp;28\/11\/2023<\/li>\n<li style=\"font-size: 16px;\">Resultado Final:&nbsp;01\/12\/2023<\/li>\n<li style=\"font-size: 16px;\">Exame admissional dos aprovados:&nbsp;06 e 07\/02\/2024<\/li>\n<li style=\"font-size: 16px;\">Matr\u00edcula:&nbsp;20 a 21\/02\/2024<\/li>\n<li style=\"font-size: 16px;\">In\u00edcio dos programas:&nbsp;01\/03\/2024<\/li>\n<\/ul>\n<h2><span class=\"ez-toc-section\" id=\"Raio-X_da_Prova_Pratica\"><\/span><strong>Raio-X da Prova Pr\u00e1tica<\/strong><span class=\"ez-toc-section-end\"><\/span><\/h2>\n<p>Se voc\u00ea pensa em prestar as provas de resid\u00eancia m\u00e9dica de institui\u00e7\u00f5es como o IAMSPE, USP-RP, SCM-SP, Einstein e UNIFESP, ent\u00e3o precisa<a href=\"https:\/\/www.grupomedcof.com.br\/hands-on-curso\/\" target=\"_blank\" rel=\"noopener\">\u00a0<strong>estar pronto para as\u00a0provas pr\u00e1ticas<\/strong><\/a><strong>!<\/strong>\u00a0Elas ir\u00e3o compor uma parte importante da sua nota, portanto, n\u00e3o deixe a oportunidade da aprova\u00e7\u00e3o passar!<\/p>\n<p>\u00a0<\/p>\n<p>Foi para<strong><a href=\"https:\/\/www.grupomedcof.com.br\/blog\/dicas-para-provas-praticas-de-residencia-medica\/\" target=\"_blank\" rel=\"noopener\">\u00a0garantir a sua prepara\u00e7\u00e3o<\/a>\u00a0<\/strong>que fizemos o\u00a0Raio-X da Prova Pr\u00e1tica, uma semana de lives em que traremos os nossos alunos aprovados nas principais resid\u00eancias que possuem provas pr\u00e1ticas em seus processos seletivos.<\/p>\n<p>https:\/\/www.youtube.com\/watch?v=7cbAsAHy5pA&#038;t=1727s<\/p>\n","protected":false},"excerpt":{"rendered":"<p>O Centro Universit\u00e1rio da Funda\u00e7\u00e3o Educacional Serra dos \u00d3rg\u00e3os (UNIFESO) publicou o edital com vagas para resid\u00eancia m\u00e9dica em 2024.<\/p>\n","protected":false},"author":6,"featured_media":11252,"comment_status":"open","ping_status":"open","sticky":false,"template":"","format":"standard","meta":{"footnotes":""},"categories":[10,174],"tags":[245,117,68],"ppma_author":[3609],"class_list":{"0":"post-11250","1":"post","2":"type-post","3":"status-publish","4":"format-standard","5":"has-post-thumbnail","7":"category-raio-x-editais","8":"category-residencia-medica","9":"tag-acesso-direto","10":"tag-provas-de-residencia","11":"tag-residencia-medica"},"yoast_head":"<!-- This site is optimized with the Yoast SEO Premium plugin v24.3 (Yoast SEO v27.4) - https:\/\/yoast.com\/product\/yoast-seo-premium-wordpress\/ -->\n<title>Resid\u00eancia M\u00e9dica UNIFESO 2024: Edital publicado - Blog de Medcof: conte\u00fados, editais, revalida e mais!<\/title>\n<meta name=\"description\" content=\"O Centro Universit\u00e1rio da Funda\u00e7\u00e3o Educacional Serra dos \u00d3rg\u00e3os (UNIFESO) publicou o edital com vagas para resid\u00eancia m\u00e9dica em 2024.\" \/>\n<meta name=\"robots\" content=\"index, follow, max-snippet:-1, max-image-preview:large, max-video-preview:-1\" \/>\n<link rel=\"canonical\" href=\"https:\/\/www.grupomedcof.com.br\/blog\/residencia-medica-unifeso-2024-edital-publicado\/\" \/>\n<meta property=\"og:locale\" content=\"pt_BR\" \/>\n<meta property=\"og:type\" content=\"article\" \/>\n<meta property=\"og:title\" content=\"Resid\u00eancia M\u00e9dica UNIFESO 2024: Edital publicado\" \/>\n<meta property=\"og:description\" content=\"O Centro Universit\u00e1rio da Funda\u00e7\u00e3o Educacional Serra dos \u00d3rg\u00e3os (UNIFESO) publicou o edital com vagas para resid\u00eancia m\u00e9dica em 2024.\" \/>\n<meta property=\"og:url\" content=\"https:\/\/www.grupomedcof.com.br\/blog\/residencia-medica-unifeso-2024-edital-publicado\/\" \/>\n<meta property=\"og:site_name\" content=\"Blog de Medcof: conte\u00fados, editais, revalida e mais!\" \/>\n<meta property=\"article:publisher\" content=\"https:\/\/www.facebook.com\/MedCofQbank\/\" \/>\n<meta property=\"article:published_time\" content=\"2023-08-25T14:12:42+00:00\" \/>\n<meta property=\"og:image\" content=\"https:\/\/www.grupomedcof.com.br\/blog\/wp-content\/uploads\/2023\/08\/Blog-MedCof-2023-08-25T105057.870-1024x576.png\" \/>\n\t<meta property=\"og:image:width\" content=\"1024\" \/>\n\t<meta property=\"og:image:height\" content=\"576\" \/>\n\t<meta property=\"og:image:type\" content=\"image\/png\" \/>\n<meta name=\"author\" content=\"J\u00falia Moreira\" \/>\n<meta name=\"twitter:card\" content=\"summary_large_image\" \/>\n<meta name=\"twitter:label1\" content=\"Escrito por\" \/>\n\t<meta name=\"twitter:data1\" content=\"J\u00falia Moreira\" \/>\n\t<meta name=\"twitter:label2\" content=\"Est. tempo de leitura\" \/>\n\t<meta name=\"twitter:data2\" content=\"8 minutos\" \/>\n<script type=\"application\/ld+json\" class=\"yoast-schema-graph\">{\"@context\":\"https:\\\/\\\/schema.org\",\"@graph\":[{\"@type\":\"Article\",\"@id\":\"https:\\\/\\\/www.grupomedcof.com.br\\\/blog\\\/residencia-medica-unifeso-2024-edital-publicado\\\/#article\",\"isPartOf\":{\"@id\":\"https:\\\/\\\/www.grupomedcof.com.br\\\/blog\\\/residencia-medica-unifeso-2024-edital-publicado\\\/\"},\"author\":{\"name\":\"J\u00falia Moreira\",\"@id\":\"https:\\\/\\\/www.grupomedcof.com.br\\\/blog\\\/#\\\/schema\\\/person\\\/1375e0ce724529d7a1d8156ea7f8ceaa\"},\"headline\":\"Resid\u00eancia M\u00e9dica UNIFESO 2024: Edital publicado\",\"datePublished\":\"2023-08-25T14:12:42+00:00\",\"mainEntityOfPage\":{\"@id\":\"https:\\\/\\\/www.grupomedcof.com.br\\\/blog\\\/residencia-medica-unifeso-2024-edital-publicado\\\/\"},\"wordCount\":816,\"commentCount\":1,\"publisher\":{\"@id\":\"https:\\\/\\\/www.grupomedcof.com.br\\\/blog\\\/#organization\"},\"image\":{\"@id\":\"https:\\\/\\\/www.grupomedcof.com.br\\\/blog\\\/residencia-medica-unifeso-2024-edital-publicado\\\/#primaryimage\"},\"thumbnailUrl\":\"https:\\\/\\\/www.grupomedcof.com.br\\\/blog\\\/wp-content\\\/uploads\\\/2023\\\/08\\\/Blog-MedCof-2023-08-25T105057.870.png\",\"keywords\":[\"Acesso Direto\",\"Provas de Resid\u00eancia\",\"Resid\u00eancia M\u00e9dica\"],\"articleSection\":[\"Raio-X Editais\",\"Resid\u00eancia m\u00e9dica: editais, resultados, temas quentes e mais\"],\"inLanguage\":\"pt-BR\"},{\"@type\":\"WebPage\",\"@id\":\"https:\\\/\\\/www.grupomedcof.com.br\\\/blog\\\/residencia-medica-unifeso-2024-edital-publicado\\\/\",\"url\":\"https:\\\/\\\/www.grupomedcof.com.br\\\/blog\\\/residencia-medica-unifeso-2024-edital-publicado\\\/\",\"name\":\"Resid\u00eancia M\u00e9dica UNIFESO 2024: Edital publicado - Blog de Medcof: conte\u00fados, editais, revalida e mais!\",\"isPartOf\":{\"@id\":\"https:\\\/\\\/www.grupomedcof.com.br\\\/blog\\\/#website\"},\"primaryImageOfPage\":{\"@id\":\"https:\\\/\\\/www.grupomedcof.com.br\\\/blog\\\/residencia-medica-unifeso-2024-edital-publicado\\\/#primaryimage\"},\"image\":{\"@id\":\"https:\\\/\\\/www.grupomedcof.com.br\\\/blog\\\/residencia-medica-unifeso-2024-edital-publicado\\\/#primaryimage\"},\"thumbnailUrl\":\"https:\\\/\\\/www.grupomedcof.com.br\\\/blog\\\/wp-content\\\/uploads\\\/2023\\\/08\\\/Blog-MedCof-2023-08-25T105057.870.png\",\"datePublished\":\"2023-08-25T14:12:42+00:00\",\"description\":\"O Centro Universit\u00e1rio da Funda\u00e7\u00e3o Educacional Serra dos \u00d3rg\u00e3os (UNIFESO) publicou o edital com vagas para resid\u00eancia m\u00e9dica em 2024.\",\"breadcrumb\":{\"@id\":\"https:\\\/\\\/www.grupomedcof.com.br\\\/blog\\\/residencia-medica-unifeso-2024-edital-publicado\\\/#breadcrumb\"},\"inLanguage\":\"pt-BR\",\"potentialAction\":[{\"@type\":\"ReadAction\",\"target\":[\"https:\\\/\\\/www.grupomedcof.com.br\\\/blog\\\/residencia-medica-unifeso-2024-edital-publicado\\\/\"]}]},{\"@type\":\"ImageObject\",\"inLanguage\":\"pt-BR\",\"@id\":\"https:\\\/\\\/www.grupomedcof.com.br\\\/blog\\\/residencia-medica-unifeso-2024-edital-publicado\\\/#primaryimage\",\"url\":\"https:\\\/\\\/www.grupomedcof.com.br\\\/blog\\\/wp-content\\\/uploads\\\/2023\\\/08\\\/Blog-MedCof-2023-08-25T105057.870.png\",\"contentUrl\":\"https:\\\/\\\/www.grupomedcof.com.br\\\/blog\\\/wp-content\\\/uploads\\\/2023\\\/08\\\/Blog-MedCof-2023-08-25T105057.870.png\",\"width\":2560,\"height\":1440,\"caption\":\"O Centro Universit\u00e1rio da Funda\u00e7\u00e3o Educacional Serra dos \u00d3rg\u00e3os (UNIFESO) publicou o edital com vagas para resid\u00eancia m\u00e9dica em 2024.\"},{\"@type\":\"BreadcrumbList\",\"@id\":\"https:\\\/\\\/www.grupomedcof.com.br\\\/blog\\\/residencia-medica-unifeso-2024-edital-publicado\\\/#breadcrumb\",\"itemListElement\":[{\"@type\":\"ListItem\",\"position\":1,\"name\":\"In\u00edcio\",\"item\":\"https:\\\/\\\/www.grupomedcof.com.br\\\/blog\\\/\"},{\"@type\":\"ListItem\",\"position\":2,\"name\":\"Resid\u00eancia M\u00e9dica UNIFESO 2024: Edital publicado\"}]},{\"@type\":\"WebSite\",\"@id\":\"https:\\\/\\\/www.grupomedcof.com.br\\\/blog\\\/#website\",\"url\":\"https:\\\/\\\/www.grupomedcof.com.br\\\/blog\\\/\",\"name\":\"Blog de Medcof: conte\u00fados, editais, revalida e mais!\",\"description\":\"Acesso o blog de MedCof! Seu portal de conte\u00fados sobre resid\u00eancia m\u00e9dica, an\u00e1lise e editais e muito mais. Clique e confira!\",\"publisher\":{\"@id\":\"https:\\\/\\\/www.grupomedcof.com.br\\\/blog\\\/#organization\"},\"alternateName\":\"Blog de Medcof: conte\u00fados, editais, revalida e mais!\",\"potentialAction\":[{\"@type\":\"SearchAction\",\"target\":{\"@type\":\"EntryPoint\",\"urlTemplate\":\"https:\\\/\\\/www.grupomedcof.com.br\\\/blog\\\/?s={search_term_string}\"},\"query-input\":{\"@type\":\"PropertyValueSpecification\",\"valueRequired\":true,\"valueName\":\"search_term_string\"}}],\"inLanguage\":\"pt-BR\"},{\"@type\":\"Organization\",\"@id\":\"https:\\\/\\\/www.grupomedcof.com.br\\\/blog\\\/#organization\",\"name\":\"Grupo MedCof\",\"url\":\"https:\\\/\\\/www.grupomedcof.com.br\\\/blog\\\/\",\"logo\":{\"@type\":\"ImageObject\",\"inLanguage\":\"pt-BR\",\"@id\":\"https:\\\/\\\/www.grupomedcof.com.br\\\/blog\\\/#\\\/schema\\\/logo\\\/image\\\/\",\"url\":\"https:\\\/\\\/www.grupomedcof.com.br\\\/blog\\\/wp-content\\\/uploads\\\/2022\\\/01\\\/logo-medcof.png\",\"contentUrl\":\"https:\\\/\\\/www.grupomedcof.com.br\\\/blog\\\/wp-content\\\/uploads\\\/2022\\\/01\\\/logo-medcof.png\",\"width\":768,\"height\":269,\"caption\":\"Grupo MedCof\"},\"image\":{\"@id\":\"https:\\\/\\\/www.grupomedcof.com.br\\\/blog\\\/#\\\/schema\\\/logo\\\/image\\\/\"},\"sameAs\":[\"https:\\\/\\\/www.facebook.com\\\/MedCofQbank\\\/\",\"https:\\\/\\\/www.instagram.com\\\/grupomedcof\\\/\",\"https:\\\/\\\/br.linkedin.com\\\/company\\\/medcof\",\"https:\\\/\\\/www.youtube.com\\\/channel\\\/UCdHMuOHKICxcHwecxN8P-AA\"]},{\"@type\":\"Person\",\"@id\":\"https:\\\/\\\/www.grupomedcof.com.br\\\/blog\\\/#\\\/schema\\\/person\\\/1375e0ce724529d7a1d8156ea7f8ceaa\",\"name\":\"J\u00falia Moreira\",\"image\":{\"@type\":\"ImageObject\",\"inLanguage\":\"pt-BR\",\"@id\":\"https:\\\/\\\/www.grupomedcof.com.br\\\/blog\\\/wp-content\\\/uploads\\\/2024\\\/12\\\/cropped-Captura-de-tela-2023-12-15-094946-96x96.png6a0083ac34a0445de97d55fae63a4a41\",\"url\":\"https:\\\/\\\/www.grupomedcof.com.br\\\/blog\\\/wp-content\\\/uploads\\\/2024\\\/12\\\/cropped-Captura-de-tela-2023-12-15-094946-96x96.png\",\"contentUrl\":\"https:\\\/\\\/www.grupomedcof.com.br\\\/blog\\\/wp-content\\\/uploads\\\/2024\\\/12\\\/cropped-Captura-de-tela-2023-12-15-094946-96x96.png\",\"caption\":\"J\u00falia Moreira\"},\"description\":\"Estudante do 8\u00ba semestre de Jornalismo na ECA-USP, f\u00e3 de filmes de terror e m\u00fasica popular sul-coreana.\",\"sameAs\":[\"https:\\\/\\\/www.grupomedcof.com.br\\\/\"],\"url\":\"https:\\\/\\\/www.grupomedcof.com.br\\\/blog\\\/author\\\/julia\\\/\"}]}<\/script>\n<!-- \/ Yoast SEO Premium plugin. -->","yoast_head_json":{"title":"Resid\u00eancia M\u00e9dica UNIFESO 2024: Edital publicado - Blog de Medcof: conte\u00fados, editais, revalida e mais!","description":"O Centro Universit\u00e1rio da Funda\u00e7\u00e3o Educacional Serra dos \u00d3rg\u00e3os (UNIFESO) publicou o edital com vagas para resid\u00eancia m\u00e9dica em 2024.","robots":{"index":"index","follow":"follow","max-snippet":"max-snippet:-1","max-image-preview":"max-image-preview:large","max-video-preview":"max-video-preview:-1"},"canonical":"https:\/\/www.grupomedcof.com.br\/blog\/residencia-medica-unifeso-2024-edital-publicado\/","og_locale":"pt_BR","og_type":"article","og_title":"Resid\u00eancia M\u00e9dica UNIFESO 2024: Edital publicado","og_description":"O Centro Universit\u00e1rio da Funda\u00e7\u00e3o Educacional Serra dos \u00d3rg\u00e3os (UNIFESO) publicou o edital com vagas para resid\u00eancia m\u00e9dica em 2024.","og_url":"https:\/\/www.grupomedcof.com.br\/blog\/residencia-medica-unifeso-2024-edital-publicado\/","og_site_name":"Blog de Medcof: conte\u00fados, editais, revalida e mais!","article_publisher":"https:\/\/www.facebook.com\/MedCofQbank\/","article_published_time":"2023-08-25T14:12:42+00:00","og_image":[{"width":1024,"height":576,"url":"https:\/\/www.grupomedcof.com.br\/blog\/wp-content\/uploads\/2023\/08\/Blog-MedCof-2023-08-25T105057.870-1024x576.png","type":"image\/png"}],"author":"J\u00falia Moreira","twitter_card":"summary_large_image","twitter_misc":{"Escrito por":"J\u00falia Moreira","Est. tempo de leitura":"8 minutos"},"schema":{"@context":"https:\/\/schema.org","@graph":[{"@type":"Article","@id":"https:\/\/www.grupomedcof.com.br\/blog\/residencia-medica-unifeso-2024-edital-publicado\/#article","isPartOf":{"@id":"https:\/\/www.grupomedcof.com.br\/blog\/residencia-medica-unifeso-2024-edital-publicado\/"},"author":{"name":"J\u00falia Moreira","@id":"https:\/\/www.grupomedcof.com.br\/blog\/#\/schema\/person\/1375e0ce724529d7a1d8156ea7f8ceaa"},"headline":"Resid\u00eancia M\u00e9dica UNIFESO 2024: Edital publicado","datePublished":"2023-08-25T14:12:42+00:00","mainEntityOfPage":{"@id":"https:\/\/www.grupomedcof.com.br\/blog\/residencia-medica-unifeso-2024-edital-publicado\/"},"wordCount":816,"commentCount":1,"publisher":{"@id":"https:\/\/www.grupomedcof.com.br\/blog\/#organization"},"image":{"@id":"https:\/\/www.grupomedcof.com.br\/blog\/residencia-medica-unifeso-2024-edital-publicado\/#primaryimage"},"thumbnailUrl":"https:\/\/www.grupomedcof.com.br\/blog\/wp-content\/uploads\/2023\/08\/Blog-MedCof-2023-08-25T105057.870.png","keywords":["Acesso Direto","Provas de Resid\u00eancia","Resid\u00eancia M\u00e9dica"],"articleSection":["Raio-X Editais","Resid\u00eancia m\u00e9dica: editais, resultados, temas quentes e mais"],"inLanguage":"pt-BR"},{"@type":"WebPage","@id":"https:\/\/www.grupomedcof.com.br\/blog\/residencia-medica-unifeso-2024-edital-publicado\/","url":"https:\/\/www.grupomedcof.com.br\/blog\/residencia-medica-unifeso-2024-edital-publicado\/","name":"Resid\u00eancia M\u00e9dica UNIFESO 2024: Edital publicado - Blog de Medcof: conte\u00fados, editais, revalida e mais!","isPartOf":{"@id":"https:\/\/www.grupomedcof.com.br\/blog\/#website"},"primaryImageOfPage":{"@id":"https:\/\/www.grupomedcof.com.br\/blog\/residencia-medica-unifeso-2024-edital-publicado\/#primaryimage"},"image":{"@id":"https:\/\/www.grupomedcof.com.br\/blog\/residencia-medica-unifeso-2024-edital-publicado\/#primaryimage"},"thumbnailUrl":"https:\/\/www.grupomedcof.com.br\/blog\/wp-content\/uploads\/2023\/08\/Blog-MedCof-2023-08-25T105057.870.png","datePublished":"2023-08-25T14:12:42+00:00","description":"O Centro Universit\u00e1rio da Funda\u00e7\u00e3o Educacional Serra dos \u00d3rg\u00e3os (UNIFESO) publicou o edital com vagas para resid\u00eancia m\u00e9dica em 2024.","breadcrumb":{"@id":"https:\/\/www.grupomedcof.com.br\/blog\/residencia-medica-unifeso-2024-edital-publicado\/#breadcrumb"},"inLanguage":"pt-BR","potentialAction":[{"@type":"ReadAction","target":["https:\/\/www.grupomedcof.com.br\/blog\/residencia-medica-unifeso-2024-edital-publicado\/"]}]},{"@type":"ImageObject","inLanguage":"pt-BR","@id":"https:\/\/www.grupomedcof.com.br\/blog\/residencia-medica-unifeso-2024-edital-publicado\/#primaryimage","url":"https:\/\/www.grupomedcof.com.br\/blog\/wp-content\/uploads\/2023\/08\/Blog-MedCof-2023-08-25T105057.870.png","contentUrl":"https:\/\/www.grupomedcof.com.br\/blog\/wp-content\/uploads\/2023\/08\/Blog-MedCof-2023-08-25T105057.870.png","width":2560,"height":1440,"caption":"O Centro Universit\u00e1rio da Funda\u00e7\u00e3o Educacional Serra dos \u00d3rg\u00e3os (UNIFESO) publicou o edital com vagas para resid\u00eancia m\u00e9dica em 2024."},{"@type":"BreadcrumbList","@id":"https:\/\/www.grupomedcof.com.br\/blog\/residencia-medica-unifeso-2024-edital-publicado\/#breadcrumb","itemListElement":[{"@type":"ListItem","position":1,"name":"In\u00edcio","item":"https:\/\/www.grupomedcof.com.br\/blog\/"},{"@type":"ListItem","position":2,"name":"Resid\u00eancia M\u00e9dica UNIFESO 2024: Edital publicado"}]},{"@type":"WebSite","@id":"https:\/\/www.grupomedcof.com.br\/blog\/#website","url":"https:\/\/www.grupomedcof.com.br\/blog\/","name":"Blog de Medcof: conte\u00fados, editais, revalida e mais!","description":"Acesso o blog de MedCof! Seu portal de conte\u00fados sobre resid\u00eancia m\u00e9dica, an\u00e1lise e editais e muito mais. Clique e confira!","publisher":{"@id":"https:\/\/www.grupomedcof.com.br\/blog\/#organization"},"alternateName":"Blog de Medcof: conte\u00fados, editais, revalida e mais!","potentialAction":[{"@type":"SearchAction","target":{"@type":"EntryPoint","urlTemplate":"https:\/\/www.grupomedcof.com.br\/blog\/?s={search_term_string}"},"query-input":{"@type":"PropertyValueSpecification","valueRequired":true,"valueName":"search_term_string"}}],"inLanguage":"pt-BR"},{"@type":"Organization","@id":"https:\/\/www.grupomedcof.com.br\/blog\/#organization","name":"Grupo MedCof","url":"https:\/\/www.grupomedcof.com.br\/blog\/","logo":{"@type":"ImageObject","inLanguage":"pt-BR","@id":"https:\/\/www.grupomedcof.com.br\/blog\/#\/schema\/logo\/image\/","url":"https:\/\/www.grupomedcof.com.br\/blog\/wp-content\/uploads\/2022\/01\/logo-medcof.png","contentUrl":"https:\/\/www.grupomedcof.com.br\/blog\/wp-content\/uploads\/2022\/01\/logo-medcof.png","width":768,"height":269,"caption":"Grupo MedCof"},"image":{"@id":"https:\/\/www.grupomedcof.com.br\/blog\/#\/schema\/logo\/image\/"},"sameAs":["https:\/\/www.facebook.com\/MedCofQbank\/","https:\/\/www.instagram.com\/grupomedcof\/","https:\/\/br.linkedin.com\/company\/medcof","https:\/\/www.youtube.com\/channel\/UCdHMuOHKICxcHwecxN8P-AA"]},{"@type":"Person","@id":"https:\/\/www.grupomedcof.com.br\/blog\/#\/schema\/person\/1375e0ce724529d7a1d8156ea7f8ceaa","name":"J\u00falia Moreira","image":{"@type":"ImageObject","inLanguage":"pt-BR","@id":"https:\/\/www.grupomedcof.com.br\/blog\/wp-content\/uploads\/2024\/12\/cropped-Captura-de-tela-2023-12-15-094946-96x96.png6a0083ac34a0445de97d55fae63a4a41","url":"https:\/\/www.grupomedcof.com.br\/blog\/wp-content\/uploads\/2024\/12\/cropped-Captura-de-tela-2023-12-15-094946-96x96.png","contentUrl":"https:\/\/www.grupomedcof.com.br\/blog\/wp-content\/uploads\/2024\/12\/cropped-Captura-de-tela-2023-12-15-094946-96x96.png","caption":"J\u00falia Moreira"},"description":"Estudante do 8\u00ba semestre de Jornalismo na ECA-USP, f\u00e3 de filmes de terror e m\u00fasica popular sul-coreana.","sameAs":["https:\/\/www.grupomedcof.com.br\/"],"url":"https:\/\/www.grupomedcof.com.br\/blog\/author\/julia\/"}]}},"authors":[{"term_id":3609,"user_id":6,"is_guest":0,"slug":"julia","display_name":"J\u00falia Moreira","avatar_url":"https:\/\/www.grupomedcof.com.br\/blog\/wp-content\/uploads\/2024\/12\/cropped-Captura-de-tela-2023-12-15-094946-96x96.png","0":null,"1":"","2":"","3":"","4":"","5":"","6":"","7":"","8":""}],"_links":{"self":[{"href":"https:\/\/www.grupomedcof.com.br\/blog\/wp-json\/wp\/v2\/posts\/11250","targetHints":{"allow":["GET"]}}],"collection":[{"href":"https:\/\/www.grupomedcof.com.br\/blog\/wp-json\/wp\/v2\/posts"}],"about":[{"href":"https:\/\/www.grupomedcof.com.br\/blog\/wp-json\/wp\/v2\/types\/post"}],"author":[{"embeddable":true,"href":"https:\/\/www.grupomedcof.com.br\/blog\/wp-json\/wp\/v2\/users\/6"}],"replies":[{"embeddable":true,"href":"https:\/\/www.grupomedcof.com.br\/blog\/wp-json\/wp\/v2\/comments?post=11250"}],"version-history":[{"count":0,"href":"https:\/\/www.grupomedcof.com.br\/blog\/wp-json\/wp\/v2\/posts\/11250\/revisions"}],"wp:featuredmedia":[{"embeddable":true,"href":"https:\/\/www.grupomedcof.com.br\/blog\/wp-json\/wp\/v2\/media\/11252"}],"wp:attachment":[{"href":"https:\/\/www.grupomedcof.com.br\/blog\/wp-json\/wp\/v2\/media?parent=11250"}],"wp:term":[{"taxonomy":"category","embeddable":true,"href":"https:\/\/www.grupomedcof.com.br\/blog\/wp-json\/wp\/v2\/categories?post=11250"},{"taxonomy":"post_tag","embeddable":true,"href":"https:\/\/www.grupomedcof.com.br\/blog\/wp-json\/wp\/v2\/tags?post=11250"},{"taxonomy":"author","embeddable":true,"href":"https:\/\/www.grupomedcof.com.br\/blog\/wp-json\/wp\/v2\/ppma_author?post=11250"}],"curies":[{"name":"wp","href":"https:\/\/api.w.org\/{rel}","templated":true}]}}