{"id":1129,"date":"2025-07-22T15:00:23","date_gmt":"2025-07-22T18:00:23","guid":{"rendered":"https:\/\/www.grupomedcof.com.br\/blog\/?p=1129"},"modified":"2025-12-22T11:29:37","modified_gmt":"2025-12-22T14:29:37","slug":"sarcoidose-saiba-mais-sobre","status":"publish","type":"post","link":"https:\/\/www.grupomedcof.com.br\/blog\/sarcoidose-saiba-mais-sobre\/","title":{"rendered":"Sarcoidose: saiba fisiopatologia, sintomas, diagn\u00f3stico e tratamento"},"content":{"rendered":"<div id=\"ez-toc-container\" class=\"ez-toc-v2_0_74 counter-hierarchy ez-toc-counter ez-toc-transparent ez-toc-container-direction\">\n<div class=\"ez-toc-title-container\">\n<p class=\"ez-toc-title\" style=\"cursor:inherit\">Sum\u00e1rio<\/p>\n<span class=\"ez-toc-title-toggle\"><a href=\"#\" class=\"ez-toc-pull-right ez-toc-btn ez-toc-btn-xs ez-toc-btn-default ez-toc-toggle\" aria-label=\"Alternar tabela de conte\u00fado\"><span class=\"ez-toc-js-icon-con\"><span class=\"\"><span class=\"eztoc-hide\" style=\"display:none;\">Toggle<\/span><span class=\"ez-toc-icon-toggle-span\"><svg style=\"fill: #999;color:#999\" xmlns=\"http:\/\/www.w3.org\/2000\/svg\" class=\"list-377408\" width=\"20px\" height=\"20px\" viewBox=\"0 0 24 24\" fill=\"none\"><path d=\"M6 6H4v2h2V6zm14 0H8v2h12V6zM4 11h2v2H4v-2zm16 0H8v2h12v-2zM4 16h2v2H4v-2zm16 0H8v2h12v-2z\" fill=\"currentColor\"><\/path><\/svg><svg style=\"fill: #999;color:#999\" class=\"arrow-unsorted-368013\" xmlns=\"http:\/\/www.w3.org\/2000\/svg\" width=\"10px\" height=\"10px\" viewBox=\"0 0 24 24\" version=\"1.2\" baseProfile=\"tiny\"><path d=\"M18.2 9.3l-6.2-6.3-6.2 6.3c-.2.2-.3.4-.3.7s.1.5.3.7c.2.2.4.3.7.3h11c.3 0 .5-.1.7-.3.2-.2.3-.5.3-.7s-.1-.5-.3-.7zM5.8 14.7l6.2 6.3 6.2-6.3c.2-.2.3-.5.3-.7s-.1-.5-.3-.7c-.2-.2-.4-.3-.7-.3h-11c-.3 0-.5.1-.7.3-.2.2-.3.5-.3.7s.1.5.3.7z\"\/><\/svg><\/span><\/span><\/span><\/a><\/span><\/div>\n<nav><ul class='ez-toc-list ez-toc-list-level-1 ' ><li class='ez-toc-page-1 ez-toc-heading-level-2'><a class=\"ez-toc-link ez-toc-heading-1\" href=\"https:\/\/www.grupomedcof.com.br\/blog\/sarcoidose-saiba-mais-sobre\/#Definicao_e_epidemiologia_da_sarcoidose\" >Defini\u00e7\u00e3o e epidemiologia da sarcoidose<\/a><\/li><li class='ez-toc-page-1 ez-toc-heading-level-2'><a class=\"ez-toc-link ez-toc-heading-2\" href=\"https:\/\/www.grupomedcof.com.br\/blog\/sarcoidose-saiba-mais-sobre\/#Etiologia_e_fisiopatologia_da_sarcoidose\" >Etiologia e fisiopatologia da sarcoidose<\/a><ul class='ez-toc-list-level-3' ><li class='ez-toc-heading-level-3'><a class=\"ez-toc-link ez-toc-heading-3\" href=\"https:\/\/www.grupomedcof.com.br\/blog\/sarcoidose-saiba-mais-sobre\/#Fatores_geneticos_e_ambientais\" >Fatores gen\u00e9ticos e ambientais<\/a><\/li><\/ul><\/li><li class='ez-toc-page-1 ez-toc-heading-level-2'><a class=\"ez-toc-link ez-toc-heading-4\" href=\"https:\/\/www.grupomedcof.com.br\/blog\/sarcoidose-saiba-mais-sobre\/#Principais_sintomas_da_sarcoidose\" >Principais sintomas da sarcoidose<\/a><ul class='ez-toc-list-level-3' ><li class='ez-toc-heading-level-3'><a class=\"ez-toc-link ez-toc-heading-5\" href=\"https:\/\/www.grupomedcof.com.br\/blog\/sarcoidose-saiba-mais-sobre\/#Sarcoidose_pulmonar\" >Sarcoidose pulmonar<\/a><\/li><li class='ez-toc-page-1 ez-toc-heading-level-3'><a class=\"ez-toc-link ez-toc-heading-6\" href=\"https:\/\/www.grupomedcof.com.br\/blog\/sarcoidose-saiba-mais-sobre\/#Sarcoidose_cutanea\" >Sarcoidose cut\u00e2nea<\/a><\/li><li class='ez-toc-page-1 ez-toc-heading-level-3'><a class=\"ez-toc-link ez-toc-heading-7\" href=\"https:\/\/www.grupomedcof.com.br\/blog\/sarcoidose-saiba-mais-sobre\/#Sarcoidose_ocular\" >Sarcoidose ocular<\/a><\/li><li class='ez-toc-page-1 ez-toc-heading-level-3'><a class=\"ez-toc-link ez-toc-heading-8\" href=\"https:\/\/www.grupomedcof.com.br\/blog\/sarcoidose-saiba-mais-sobre\/#Sarcoidose_cardiaca\" >Sarcoidose card\u00edaca<\/a><\/li><li class='ez-toc-page-1 ez-toc-heading-level-3'><a class=\"ez-toc-link ez-toc-heading-9\" href=\"https:\/\/www.grupomedcof.com.br\/blog\/sarcoidose-saiba-mais-sobre\/#Outras_manifestacoes_sistemicas\" >Outras manifesta\u00e7\u00f5es sist\u00eamicas<\/a><\/li><\/ul><\/li><li class='ez-toc-page-1 ez-toc-heading-level-2'><a class=\"ez-toc-link ez-toc-heading-10\" href=\"https:\/\/www.grupomedcof.com.br\/blog\/sarcoidose-saiba-mais-sobre\/#Causas_e_fatores_de_risco_da_sarcoidose\" >Causas e fatores de risco da sarcoidose<\/a><\/li><li class='ez-toc-page-1 ez-toc-heading-level-2'><a class=\"ez-toc-link ez-toc-heading-11\" href=\"https:\/\/www.grupomedcof.com.br\/blog\/sarcoidose-saiba-mais-sobre\/#Sindromes_especificas_na_sarcoidose\" >S\u00edndromes espec\u00edficas na sarcoidose<\/a><ul class='ez-toc-list-level-3' ><li class='ez-toc-heading-level-3'><a class=\"ez-toc-link ez-toc-heading-12\" href=\"https:\/\/www.grupomedcof.com.br\/blog\/sarcoidose-saiba-mais-sobre\/#Sindrome_de_Lofgren\" >S\u00edndrome de L\u00f6fgren<\/a><\/li><li class='ez-toc-page-1 ez-toc-heading-level-3'><a class=\"ez-toc-link ez-toc-heading-13\" href=\"https:\/\/www.grupomedcof.com.br\/blog\/sarcoidose-saiba-mais-sobre\/#Sindrome_de_Heerfordt\" >S\u00edndrome de Heerfordt<\/a><\/li><\/ul><\/li><li class='ez-toc-page-1 ez-toc-heading-level-2'><a class=\"ez-toc-link ez-toc-heading-14\" href=\"https:\/\/www.grupomedcof.com.br\/blog\/sarcoidose-saiba-mais-sobre\/#Diagnostico_da_sarcoidose\" >Diagn\u00f3stico da sarcoidose<\/a><ul class='ez-toc-list-level-3' ><li class='ez-toc-heading-level-3'><a class=\"ez-toc-link ez-toc-heading-15\" href=\"https:\/\/www.grupomedcof.com.br\/blog\/sarcoidose-saiba-mais-sobre\/#Exames_laboratoriais\" >Exames laboratoriais<\/a><\/li><li class='ez-toc-page-1 ez-toc-heading-level-3'><a class=\"ez-toc-link ez-toc-heading-16\" href=\"https:\/\/www.grupomedcof.com.br\/blog\/sarcoidose-saiba-mais-sobre\/#_Exames_de_imagem\" >&nbsp;Exames de imagem<\/a><\/li><\/ul><\/li><li class='ez-toc-page-1 ez-toc-heading-level-2'><a class=\"ez-toc-link ez-toc-heading-17\" href=\"https:\/\/www.grupomedcof.com.br\/blog\/sarcoidose-saiba-mais-sobre\/#Tratamento_da_sarcoidose\" >Tratamento da sarcoidose<\/a><ul class='ez-toc-list-level-3' ><li class='ez-toc-heading-level-3'><a class=\"ez-toc-link ez-toc-heading-18\" href=\"https:\/\/www.grupomedcof.com.br\/blog\/sarcoidose-saiba-mais-sobre\/#Corticosteroides\" >Corticosteroides<\/a><\/li><li class='ez-toc-page-1 ez-toc-heading-level-3'><a class=\"ez-toc-link ez-toc-heading-19\" href=\"https:\/\/www.grupomedcof.com.br\/blog\/sarcoidose-saiba-mais-sobre\/#Imunossupressores_e_agentes_poupadores_de_corticoides\" >Imunossupressores e agentes poupadores de corticoides<\/a><\/li><li class='ez-toc-page-1 ez-toc-heading-level-3'><a class=\"ez-toc-link ez-toc-heading-20\" href=\"https:\/\/www.grupomedcof.com.br\/blog\/sarcoidose-saiba-mais-sobre\/#Tratamento_das_manifestacoes_especificas\" >Tratamento das manifesta\u00e7\u00f5es espec\u00edficas<\/a><\/li><\/ul><\/li><li class='ez-toc-page-1 ez-toc-heading-level-2'><a class=\"ez-toc-link ez-toc-heading-21\" href=\"https:\/\/www.grupomedcof.com.br\/blog\/sarcoidose-saiba-mais-sobre\/#Prognostico_e_seguimento\" >Progn\u00f3stico e seguimento<\/a><\/li><li class='ez-toc-page-1 ez-toc-heading-level-2'><a class=\"ez-toc-link ez-toc-heading-22\" href=\"https:\/\/www.grupomedcof.com.br\/blog\/sarcoidose-saiba-mais-sobre\/#Como_a_MedCof_te_prepara_para_ser_um_medico_mais_completo\" >Como a MedCof te prepara para ser um m\u00e9dico mais completo?<\/a><\/li><\/ul><\/nav><\/div>\n\n<p id=\"h-\"><figure><img loading=\"lazy\" decoding=\"async\" class=\"aligncenter size-full wp-image-1130\" src=\"https:\/\/www.grupomedcof.com.br\/blog\/wp-content\/uploads\/2022\/06\/Sem-nome-Documento-A4-1-1.png\" alt=\"sarcoidose\" width=\"2240\" height=\"1260\" srcset=\"https:\/\/www.grupomedcof.com.br\/blog\/wp-content\/uploads\/2022\/06\/Sem-nome-Documento-A4-1-1.png 2240w, https:\/\/www.grupomedcof.com.br\/blog\/wp-content\/uploads\/2022\/06\/Sem-nome-Documento-A4-1-1-300x169.png 300w, https:\/\/www.grupomedcof.com.br\/blog\/wp-content\/uploads\/2022\/06\/Sem-nome-Documento-A4-1-1-1024x576.png 1024w, https:\/\/www.grupomedcof.com.br\/blog\/wp-content\/uploads\/2022\/06\/Sem-nome-Documento-A4-1-1-768x432.png 768w, https:\/\/www.grupomedcof.com.br\/blog\/wp-content\/uploads\/2022\/06\/Sem-nome-Documento-A4-1-1-1536x864.png 1536w, https:\/\/www.grupomedcof.com.br\/blog\/wp-content\/uploads\/2022\/06\/Sem-nome-Documento-A4-1-1-2048x1152.png 2048w\" sizes=\"auto, (max-width: 2240px) 100vw, 2240px\" \/><\/figure><\/p>\n\n\n\n<p>A<strong> sarcoidose <\/strong>\u00e9 uma doen\u00e7a inflamat\u00f3ria causada pela concentra\u00e7\u00e3o de granulomas (causando um processo chamado Granulomatosas) nos \u00f3rg\u00e3os do corpo humano, em especial no pulm\u00e3o.<\/p>\n\n\n\n<p>Essa condi\u00e7\u00e3o n\u00e3o possui uma causa evidente, e afeta uma popula\u00e7\u00e3o entre 20 e 40 anos. Ela pode estar relacionada a uma<strong> anormalidade no sistema imunol\u00f3gico e\/ou a fatores gen\u00e9ticos pr\u00e9-existentes no indiv\u00edduo.<\/strong><\/p>\n\n\n\n<h2 class=\"wp-block-heading\" id=\"h-definicao-e-epidemiologia-da-sarcoidose\"><span class=\"ez-toc-section\" id=\"Definicao_e_epidemiologia_da_sarcoidose\"><\/span><strong>Defini\u00e7\u00e3o e epidemiologia da sarcoidose<\/strong><span class=\"ez-toc-section-end\"><\/span><\/h2>\n\n\n\n<p>A sarcoidose \u00e9 uma <strong>doen\u00e7a granulomatosa sist\u00eamica<\/strong>, cuja origem \u00e9 desconhecida e acomete principalmente os pulm\u00f5es, entretanto pode afetar quaisquer outros \u00f3rg\u00e3os.<br>&nbsp;Est\u00e1 presente em todo o mundo, sendo que <strong>as mulheres s\u00e3o mais atingidas do que os homens.<\/strong> O pico de incid\u00eancia ocorre entre os <strong>20 e 30 anos de idade<\/strong>, por\u00e9m pode atingir crian\u00e7as e idosos.&nbsp; A incid\u00eancia varia conforme as popula\u00e7\u00f5es estudadas, podendo ser entre 2 a 40 casos para cada 100.000 habitantes a cada ano.<\/p>\n\n\n\n<h2 class=\"wp-block-heading\" id=\"h-etiologia-e-fisiopatologia-da-sarcoidose\"><span class=\"ez-toc-section\" id=\"Etiologia_e_fisiopatologia_da_sarcoidose\"><\/span><strong>Etiologia e fisiopatologia da sarcoidose<\/strong><span class=\"ez-toc-section-end\"><\/span><\/h2>\n\n\n\n<p>Ainda n\u00e3o se sabe a etiologia da sarcoidose, mas acredita-se que pode ser resultado de uma <strong>resposta inflamat\u00f3ria <\/strong>an\u00f4mala do sistema imunol\u00f3gico a ant\u00edgenos ambientais n\u00e3o identificados em indiv\u00edduos geneticamente suscet\u00edveis.&nbsp;<br>A fisiopatologia \u00e9 caracterizada pela<strong> forma\u00e7\u00e3o de granulomas n\u00e3o caseosos<\/strong> em um ou mais \u00f3rg\u00e3os, sendo os pulm\u00f5es e os g\u00e2nglios linf\u00e1ticos os mais afetados.&nbsp;&nbsp;<\/p>\n\n\n\n<h3 class=\"wp-block-heading\" id=\"h-fatores-geneticos-e-ambientais\"><span class=\"ez-toc-section\" id=\"Fatores_geneticos_e_ambientais\"><\/span><strong>Fatores gen\u00e9ticos e ambientais<\/strong><span class=\"ez-toc-section-end\"><\/span><\/h3>\n\n\n\n<p>Como mencionado, n\u00e3o se sabe a causa exata da sarcoidose, mas acredita-se que seja resultado da <strong>intera\u00e7\u00e3o entre fatores gen\u00e9ticos e ambientais que levam a uma resposta imunol\u00f3gica anormal do organismo.<\/strong> Podemos citar como exemplos de fatores ambientais:<\/p>\n\n\n\n<ul class=\"wp-block-list\">\n<li><strong>Exposi\u00e7\u00e3o ocupacional e ambiental:<\/strong> Exposi\u00e7\u00e3o a subst\u00e2ncias como pesticidas, mofo, poeiras org\u00e2nicas (pinho, p\u00f3len) e inorg\u00e2nicas (talco);<\/li>\n\n\n\n<li><strong>Profiss\u00f5es de risco: <\/strong>Bombeiros, cortadores de madeira, carteiros e mec\u00e2nicos s\u00e3o exemplos de profiss\u00f5es expostas \u00e0 poeiras ou outras subst\u00e2ncias.<\/li>\n<\/ul>\n\n\n\n<h2 class=\"wp-block-heading\" id=\"h-principais-sintomas-da-sarcoidose\"><span class=\"ez-toc-section\" id=\"Principais_sintomas_da_sarcoidose\"><\/span><strong>Principais sintomas da sarcoidose<\/strong><span class=\"ez-toc-section-end\"><\/span><\/h2>\n\n\n\n<p>Os <strong>sintomas da sarcoidose <\/strong>podem variar <strong>dependendo do \u00f3rg\u00e3o afetado<\/strong>, podendo ser <strong>aguda ou cr\u00f4nica.<\/strong> Cerca de <strong>um ter\u00e7o<\/strong> dos pacientes com sarcoidose s\u00e3o <strong>assintom\u00e1ticos <\/strong>com diagn\u00f3stico incidental, entretanto, aqueles que apresentam sinais da condi\u00e7\u00e3o geralmente relatam:<\/p>\n\n\n\n<ul class=\"wp-block-list\">\n<li>Fadiga;<\/li>\n\n\n\n<li>Astenia;<\/li>\n\n\n\n<li>Perda de peso;<\/li>\n\n\n\n<li>Febre baixa;<\/li>\n\n\n\n<li>Tosse seca.<\/li>\n<\/ul>\n\n\n\n<h3 class=\"wp-block-heading\" id=\"h-sarcoidose-pulmonar\"><span class=\"ez-toc-section\" id=\"Sarcoidose_pulmonar\"><\/span><strong>Sarcoidose pulmonar<\/strong><span class=\"ez-toc-section-end\"><\/span><\/h3>\n\n\n\n<p>A <strong>sarcoidose pulmonar <\/strong>\u00e9 uma doen\u00e7a inflamat\u00f3ria que afeta os pulm\u00f5es, gerando sintomas comuns como <strong>tosse seca, dispneia e desconforto tor\u00e1cico.<\/strong>&nbsp;<\/p>\n\n\n\n<p>A doen\u00e7a tamb\u00e9m inclui algumas <strong>altera\u00e7\u00f5es radiol\u00f3gicas t\u00edpicas<\/strong>, como a<strong> adenopatia hilar bilateral <\/strong>(aumento dos g\u00e2nglios linf\u00e1ticos nas regi\u00f5es do hilo pulmonar)e os <strong>infiltrados pulmonares<\/strong>, que s\u00e3o manifesta\u00e7\u00f5es comuns em<strong> 90% dos casos.&nbsp;<\/strong><\/p>\n\n\n\n<p>Al\u00e9m disso, a sarcoidose pulmonar possui 4 est\u00e1gios radiol\u00f3gicos, baseado na progress\u00e3o das altera\u00e7\u00f5es de radiografia do t\u00f3rax:<\/p>\n\n\n\n<ul class=\"wp-block-list\">\n<li><strong>Est\u00e1gio 0: <\/strong>Radiografia de t\u00f3rax normal, sem altera\u00e7\u00f5es;<\/li>\n\n\n\n<li><strong>Est\u00e1gio I: <\/strong>Linfadenopatia hilar e\/ou mediastinal bilateral, sem infiltrados pulmonares. A incid\u00eancia de remiss\u00e3o espont\u00e2nea \u00e9 alta (60-80%;<\/li>\n\n\n\n<li><strong>Est\u00e1gio II: <\/strong>Linfadenopatia hilar e\/ou mediastinal bilateral associada a infiltrados pulmonares, geralmente nos lobos superiores. A incid\u00eancia de remiss\u00e3o espont\u00e2nea \u00e9 moderada (50-65%);<\/li>\n\n\n\n<li><strong>Est\u00e1gio III: <\/strong>Infiltrados pulmonares, sem linfadenopatia hilar bilateral, podendo apresentar opacidades intersticiais difusas. A incid\u00eancia de remiss\u00e3o espont\u00e2nea \u00e9 menor (&lt;30%);<\/li>\n\n\n\n<li><strong>Est\u00e1gio IV:<\/strong> Fibrose pulmonar, indicando um est\u00e1gio mais avan\u00e7ado e irrevers\u00edvel da doen\u00e7a, com baixa ou nenhuma chance de remiss\u00e3o espont\u00e2nea.<\/li>\n<\/ul>\n\n\n\n<h3 class=\"wp-block-heading\" id=\"h-sarcoidose-cutanea\"><span class=\"ez-toc-section\" id=\"Sarcoidose_cutanea\"><\/span><strong>Sarcoidose cut\u00e2nea<\/strong><span class=\"ez-toc-section-end\"><\/span><\/h3>\n\n\n\n<p>Neste tipo, a <strong>sarcoidose cut\u00e2nea<\/strong> afeta a <strong>pele<\/strong> causando granulomas, podendo manifestar-se como<strong> incha\u00e7os, manchas ou feridas.<\/strong>&nbsp;<\/p>\n\n\n\n<p>As les\u00f5es mais comuns incluem o <strong>eritema nodoso e l\u00fapus p\u00e9rnio <\/strong>(les\u00f5es mais extensas e profundas)<strong>, <\/strong>associadas \u00e0<strong> doen\u00e7a sist\u00eamica cr\u00f4nica,<\/strong> com um progn\u00f3stico menos favor\u00e1vel em compara\u00e7\u00e3o com les\u00f5es mais superficiais e transit\u00f3rias. Ademais, existem outros tipos de les\u00f5es:<\/p>\n\n\n\n<ul class=\"wp-block-list\">\n<li><strong>Les\u00f5es em placas: <\/strong>S\u00e3o profundas e firmes e podem estar associadas a quadros pulmonares e uma maior chance de persistirem ao longo do tempo, deixando cicatrizes;<\/li>\n\n\n\n<li><strong>N\u00f3dulos subcut\u00e2neos: <\/strong>Protuber\u00e2ncias que podem variar de tamanho e localiza\u00e7\u00e3o na pele. \u00c9 uma manifesta\u00e7\u00e3o rara em alguns casos, que afeta principalmente as mulheres;<\/li>\n\n\n\n<li><strong>Altera\u00e7\u00f5es pigmentares: <\/strong>Pode ser notada a presen\u00e7a de hiperpigmenta\u00e7\u00e3o (manchas mais escuras) e hipopigmenta\u00e7\u00e3o (manchas menos escuras).<\/li>\n<\/ul>\n\n\n\n<h3 class=\"wp-block-heading\" id=\"h-sarcoidose-ocular\"><span class=\"ez-toc-section\" id=\"Sarcoidose_ocular\"><\/span><strong>Sarcoidose ocular<\/strong><span class=\"ez-toc-section-end\"><\/span><\/h3>\n\n\n\n<p>Na <strong>sarcoidose ocular<\/strong>, a manifesta\u00e7\u00e3o mais comum \u00e9 a <strong>uve\u00edte anterior<\/strong>, que causa vermelhid\u00e3o, inflama\u00e7\u00e3o e dor nos olhos. Al\u00e9m disso, tamb\u00e9m pode se manifestar como <strong>uve\u00edte posterior, conjuntivite e dacriocistite.&nbsp;<\/strong><\/p>\n\n\n\n<p>Contudo, a sarcoidose ocular pode apresentar diversas complica\u00e7\u00f5es que afetam a vis\u00e3o, como as <strong>sin\u00e9quias posteriores, catarata, glaucoma e edema macular. <\/strong>Por isso, \u00e9 importante manter o<strong> acompanhamento oftalmol\u00f3gico<\/strong> para o diagn\u00f3stico precoce, controle da inflama\u00e7\u00e3o e preven\u00e7\u00e3o da perda da vis\u00e3o.&nbsp;<\/p>\n\n\n\n<h3 class=\"wp-block-heading\" id=\"h-sarcoidose-cardiaca\"><span class=\"ez-toc-section\" id=\"Sarcoidose_cardiaca\"><\/span><strong>Sarcoidose card\u00edaca<\/strong><span class=\"ez-toc-section-end\"><\/span><\/h3>\n\n\n\n<p>Por fim, na sarcoidose card\u00edaca a doen\u00e7a afeta o cora\u00e7\u00e3o, podendo levar a<strong> arritmias, insufici\u00eancia card\u00edaca <\/strong>ou at\u00e9 mesmo a<strong> \u00f3bito. <\/strong>Os sintomas presentes na condi\u00e7\u00e3o s\u00e3o:<\/p>\n\n\n\n<ul class=\"wp-block-list\">\n<li>Palpita\u00e7\u00f5es;<\/li>\n\n\n\n<li>Dor no peito;<\/li>\n\n\n\n<li>Fadiga;<\/li>\n\n\n\n<li>Falta de ar;<\/li>\n\n\n\n<li>Incha\u00e7o nas pernas e tornozelos;<\/li>\n\n\n\n<li>Tonturas ou desmaios.<\/li>\n<\/ul>\n\n\n\n<p>O diagn\u00f3stico precoce \u00e9 importante, pois a<strong> mortalidade \u00e9 alta se n\u00e3o tratar a doen\u00e7a<\/strong>.<\/p>\n\n\n\n<h3 class=\"wp-block-heading\" id=\"h-outras-manifestacoes-sistemicas\"><span class=\"ez-toc-section\" id=\"Outras_manifestacoes_sistemicas\"><\/span><strong>Outras manifesta\u00e7\u00f5es sist\u00eamicas<\/strong><span class=\"ez-toc-section-end\"><\/span><\/h3>\n\n\n\n<p>Como mencionado, a sarcoidose pode afetar diversos \u00f3rg\u00e3os e tecidos, por isso \u00e9 comum que haja manifesta\u00e7\u00f5es no <strong>sistema nervoso central, articula\u00e7\u00f5es, rins<\/strong> e <strong>metabolismo do c\u00e1lcio<\/strong> (que eleva os n\u00edveis no sangue e urina, com riscos de forma\u00e7\u00e3o de c\u00e1lculos renais).<\/p>\n\n\n\n<p>Por esse motivo, o <strong>acompanhamento <\/strong><a href=\"https:\/\/www.grupomedcof.com.br\/blog\/55-especialidades-medicas\/\"><strong>m\u00e9dico<\/strong><\/a> \u00e9 indispens\u00e1vel para o diagn\u00f3stico, manejo e tratamento adequados.<\/p>\n\n\n\n<h2 class=\"wp-block-heading\" id=\"h-causas-e-fatores-de-risco-da-sarcoidose\"><span class=\"ez-toc-section\" id=\"Causas_e_fatores_de_risco_da_sarcoidose\"><\/span><strong>Causas e fatores de risco da sarcoidose<\/strong><span class=\"ez-toc-section-end\"><\/span><\/h2>\n\n\n\n<p>Sem uma causa exata para a doen\u00e7a, acredita-se que seja uma <strong>resposta inflamat\u00f3ria anormal do sistema imunol\u00f3gico <\/strong>a uma <strong>subst\u00e2ncia desconhecida, <\/strong>como fatores gen\u00e9ticos e agentes ambientais.&nbsp;<\/p>\n\n\n\n<p>Os fatores de risco podem incluir:<\/p>\n\n\n\n<ul class=\"wp-block-list\">\n<li>Predisposi\u00e7\u00e3o gen\u00e9tica;<\/li>\n\n\n\n<li>Idade (20 a 50 anos);<\/li>\n\n\n\n<li>Sexo feminino;<\/li>\n\n\n\n<li>Exposi\u00e7\u00e3o a certas subst\u00e2ncias.<\/li>\n<\/ul>\n\n\n\n<h2 class=\"wp-block-heading\" id=\"h-sindromes-especificas-na-sarcoidose\"><span class=\"ez-toc-section\" id=\"Sindromes_especificas_na_sarcoidose\"><\/span><strong>S\u00edndromes espec\u00edficas na sarcoidose<\/strong><span class=\"ez-toc-section-end\"><\/span><\/h2>\n\n\n\n<p>Al\u00e9m dos tipos comuns que listamos anteriormente, a sarcoidose tamb\u00e9m pode manifestar-se como <strong>s\u00edndromes espec\u00edficas.<\/strong><\/p>\n\n\n\n<h3 class=\"wp-block-heading\" id=\"h-sindrome-de-lofgren\"><span class=\"ez-toc-section\" id=\"Sindrome_de_Lofgren\"><\/span><strong>S\u00edndrome de L\u00f6fgren<\/strong><span class=\"ez-toc-section-end\"><\/span><\/h3>\n\n\n\n<p>A <strong>s\u00edndrome de Lofgren<\/strong> \u00e9 uma forma da sarcoidose caracterizada pela <strong>presen\u00e7a de eritema nodoso, artrite aguda e adenopatia hilar bilateral,<\/strong> e \u00e9 <strong>mais comum entre as mulheres.<\/strong><\/p>\n\n\n\n<p>A <strong>maioria dos casos se resolve espont\u00e2neamente <\/strong>dentro de meses ou um ano. O diagn\u00f3stico \u00e9 realizado com base nos sintomas que incluem:<\/p>\n\n\n\n<ul class=\"wp-block-list\">\n<li>Les\u00f5es avermelhadas na pele;<\/li>\n\n\n\n<li>Febre;<\/li>\n\n\n\n<li>Aumento dos linfonodos na regi\u00e3o pr\u00f3xima aos pulm\u00f5es;<\/li>\n\n\n\n<li>Mal-estar geral.<\/li>\n<\/ul>\n\n\n\n<h3 class=\"wp-block-heading\" id=\"h-sindrome-de-heerfordt\"><span class=\"ez-toc-section\" id=\"Sindrome_de_Heerfordt\"><\/span><strong>S\u00edndrome de Heerfordt<\/strong><span class=\"ez-toc-section-end\"><\/span><\/h3>\n\n\n\n<p>Tamb\u00e9m conhecida como <strong>febre uveoparotidea,<\/strong> \u00e9 outra forma da sarcoidose, caracterizada pela tr\u00edade:<\/p>\n\n\n\n<ul class=\"wp-block-list\">\n<li><strong>Parotidite: <\/strong>Incha\u00e7o das gl\u00e2ndulas par\u00f3tidas, localizadas na regi\u00e3o das bochechas, devido \u00e0 inflama\u00e7\u00e3o;<\/li>\n\n\n\n<li><strong>Uve\u00edte: <\/strong>Inflama\u00e7\u00e3o da \u00favea (camada do olho que inclui \u00edris, corpo ciliar e cor\u00f3ide), causando dor, vermelhid\u00e3o, vis\u00e3o turva e fotofobia;<\/li>\n\n\n\n<li><strong>Paralisia do nervo facial: <\/strong>Fraqueza ou paralisia de um lado do rosto devido ao comprometimento do nervo facial, que controla os m\u00fasculos faciais.<\/li>\n<\/ul>\n\n\n\n<p>O tratamento pode incluir:<\/p>\n\n\n\n<ul class=\"wp-block-list\">\n<li>Corticoster\u00f3ides;<\/li>\n\n\n\n<li>Medicamentos Imunossupressores;<\/li>\n\n\n\n<li>Tratamento de suporte.<\/li>\n<\/ul>\n\n\n\n<h2 class=\"wp-block-heading\" id=\"h-diagnostico-da-sarcoidose\"><span class=\"ez-toc-section\" id=\"Diagnostico_da_sarcoidose\"><\/span><strong>Diagn\u00f3stico da sarcoidose<\/strong><span class=\"ez-toc-section-end\"><\/span><\/h2>\n\n\n\n<p>O diagn\u00f3stico \u00e9 baseado em <strong>achados cl\u00ednicos, radiol\u00f3gicos e histopatol\u00f3gicos, <\/strong>investigando se o paciente teve alguma manifesta\u00e7\u00e3o de sarcoidose no passado.&nbsp; Durante a avalia\u00e7\u00e3o f\u00edsica, \u00e9 importante examinar detalhadamente os <strong>pulm\u00f5es, peles, olhos, cora\u00e7\u00e3o e f\u00edgado<\/strong> &#8211; \u00f3rg\u00e3os geralmente afetados pelos <strong>granulomas.&nbsp;<\/strong><\/p>\n\n\n\n<h3 class=\"wp-block-heading\" id=\"h-exames-laboratoriais\"><span class=\"ez-toc-section\" id=\"Exames_laboratoriais\"><\/span><strong>Exames laboratoriais<\/strong><span class=\"ez-toc-section-end\"><\/span><\/h3>\n\n\n\n<p>Para auxiliar o diagn\u00f3stico da sarcoidose, h\u00e1 uma <strong>s\u00e9rie de exames <\/strong>a serem realizados:<\/p>\n\n\n\n<ul class=\"wp-block-list\">\n<li><strong>Hemograma completo;<\/strong><\/li>\n\n\n\n<li><strong>Exames de fun\u00e7\u00e3o hep\u00e1tica e renal;<\/strong><\/li>\n\n\n\n<li><strong>N\u00edveis de c\u00e1lcio e vitamina D;<\/strong><\/li>\n\n\n\n<li><strong>Pesquisa de fungos no catarro.<\/strong><\/li>\n<\/ul>\n\n\n\n<h3 class=\"wp-block-heading\" id=\"h-exames-de-imagem\"><span class=\"ez-toc-section\" id=\"_Exames_de_imagem\"><\/span><strong>&nbsp;Exames de imagem<\/strong><span class=\"ez-toc-section-end\"><\/span><\/h3>\n\n\n\n<p>Tamb\u00e9m podem ser realizados <strong>exames de imagem<\/strong>, como:<\/p>\n\n\n\n<ul class=\"wp-block-list\">\n<li>Radiografia do t\u00f3rax;<\/li>\n\n\n\n<li>Tomografia Computadorizada de alta resolu\u00e7\u00e3o do t\u00f3rax;<\/li>\n\n\n\n<li>Resson\u00e2ncia Magn\u00e9tica Card\u00edaca;<\/li>\n\n\n\n<li>PET-CT (Tomografia por Emiss\u00e3o de P\u00f3sitrons com 18F-FDG.<\/li>\n<\/ul>\n\n\n\n<h2 class=\"wp-block-heading\" id=\"h-tratamento-da-sarcoidose\"><span class=\"ez-toc-section\" id=\"Tratamento_da_sarcoidose\"><\/span><strong>Tratamento da sarcoidose<\/strong><span class=\"ez-toc-section-end\"><\/span><\/h2>\n\n\n\n<figure class=\"wp-block-image size-full\"><img loading=\"lazy\" decoding=\"async\" width=\"421\" height=\"373\" src=\"https:\/\/www.grupomedcof.com.br\/blog\/wp-content\/uploads\/2022\/06\/image-1.jpeg\" alt=\"\" class=\"wp-image-36658\" srcset=\"https:\/\/www.grupomedcof.com.br\/blog\/wp-content\/uploads\/2022\/06\/image-1.jpeg 421w, https:\/\/www.grupomedcof.com.br\/blog\/wp-content\/uploads\/2022\/06\/image-1-300x266.jpeg 300w, https:\/\/www.grupomedcof.com.br\/blog\/wp-content\/uploads\/2022\/06\/image-1-150x133.jpeg 150w\" sizes=\"auto, (max-width: 421px) 100vw, 421px\" \/><figcaption class=\"wp-element-caption\">Fonte: Scielo Brasil<\/figcaption><\/figure>\n\n\n\n<p><strong>Nem todos pacientes precisam de tratamento<\/strong>, especialmente os <strong>assintom\u00e1ticos. <\/strong>Entretanto, a <strong>decis\u00e3o terap\u00eautica <\/strong>na sarcoidose deve<strong> levar em considera\u00e7\u00e3o o local acometido e os achados laboratoriais<\/strong>. O tratamento est\u00e1 indicado na presen\u00e7a de um ou mais itens abaixo:<\/p>\n\n\n\n<ul class=\"wp-block-list\">\n<li>Hipercalemia;<\/li>\n\n\n\n<li>Acometimento pulmonar \u2013 est\u00e1dios II e III;<\/li>\n\n\n\n<li>Acometimento card\u00edaco;<\/li>\n\n\n\n<li>Acometimento do sistema nervoso central (SNC);<\/li>\n\n\n\n<li>Acometimento dos olhos.<\/li>\n<\/ul>\n\n\n\n<h3 class=\"wp-block-heading\" id=\"h-corticosteroides\"><span class=\"ez-toc-section\" id=\"Corticosteroides\"><\/span><strong>Corticosteroides<\/strong><span class=\"ez-toc-section-end\"><\/span><\/h3>\n\n\n\n<p>Quase sempre a abordagem terap\u00eautica incluir\u00e1 <strong>corticosteroides<\/strong>, devendo avaliar a via de administra\u00e7\u00e3o mais adequada: pode ser <strong>cut\u00e2nea<\/strong> em <strong>caso de les\u00f5es cut\u00e2neas exclusivas<\/strong>, <strong>inalat\u00f3ria<\/strong> para <strong>pacientes sem manifesta\u00e7\u00f5es extrapulmonares<\/strong>, ou por <strong>col\u00edrio ocular,<\/strong> se houver <strong>les\u00f5es nos olhos<\/strong>.&nbsp;<\/p>\n\n\n\n<p>Eles podem ser administrados de maneira isolada ou associados ao corticosteroide, a fim de reduzir sua dosagem e as consequentes rea\u00e7\u00f5es adversas.<\/p>\n\n\n\n<h3 class=\"wp-block-heading\" id=\"h-imunossupressores-e-agentes-poupadores-de-corticoides\"><span class=\"ez-toc-section\" id=\"Imunossupressores_e_agentes_poupadores_de_corticoides\"><\/span><strong>Imunossupressores e agentes poupadores de corticoides<\/strong><span class=\"ez-toc-section-end\"><\/span><\/h3>\n\n\n\n<p>No tratamento da <strong>sarcoidose<\/strong>, os <strong>corticoides sist\u00eamicos<\/strong> (como a prednisona) s\u00e3o a primeira linha, principalmente em casos com envolvimento pulmonar sintom\u00e1tico, ocular, card\u00edaco ou neurol\u00f3gico.&nbsp;<\/p>\n\n\n\n<p>No entanto, quando h\u00e1 <strong>depend\u00eancia prolongada de corticoides<\/strong>, efeitos colaterais significativos ou <strong>falha terap\u00eautica<\/strong>, indicam-se agentes poupadores de corticoides como <strong>metotrexato<\/strong>, <strong>azatioprina<\/strong> e <strong>micofenolato de mofetila<\/strong>.&nbsp;<\/p>\n\n\n\n<p>O <strong>metotrexato<\/strong> \u00e9 o mais utilizado entre os imunossupressores, com boa resposta no acometimento pulmonar e cut\u00e2neo. A <strong>azatioprina<\/strong> pode ser usada como alternativa, especialmente em casos de intoler\u00e2ncia ao metotrexato, enquanto o <strong>micofenolato<\/strong> \u00e9 \u00fatil em formas extrapulmonares, como a neurossarcoidose.<\/p>\n\n\n\n<p>Esses f\u00e1rmacos exigem <strong>monitoramento regular<\/strong>. O metotrexato deve ser acompanhado tamb\u00e9m por suplementa\u00e7\u00e3o de \u00e1cido f\u00f3lico, e a TPMT pode ser dosada antes do uso de azatioprina para prever risco de mielotoxicidade.&nbsp;<\/p>\n\n\n\n<p>Assim, o in\u00edcio da terapia de segunda linha deve ser avaliado ap\u00f3s 3 a 6 meses de uso de corticoide sem resposta adequada ou com efeitos adversos relevantes.<\/p>\n\n\n\n<p>Nos casos <strong>refrat\u00e1rios<\/strong> \u00e0s terapias convencionais, especialmente em sarcoidose extrapulmonar grave (neurol\u00f3gica, card\u00edaca ou ocular), os <strong>agentes biol\u00f3gicos<\/strong> como o <strong>infliximabe<\/strong> (anti-TNF-\u03b1) t\u00eam mostrado bons resultados.&nbsp;<\/p>\n\n\n\n<p>S\u00e3o indicados quando h\u00e1 falha documentada dos imunossupressores e requerem triagem pr\u00e9via para tuberculose e hepatites. O infliximabe \u00e9 administrado por via endovenosa, com monitoramento para rea\u00e7\u00f5es infusionais e infec\u00e7\u00f5es oportunistas.<\/p>\n\n\n\n<h3 class=\"wp-block-heading\" id=\"h-tratamento-das-manifestacoes-especificas\"><span class=\"ez-toc-section\" id=\"Tratamento_das_manifestacoes_especificas\"><\/span><strong>Tratamento das manifesta\u00e7\u00f5es espec\u00edficas<\/strong><span class=\"ez-toc-section-end\"><\/span><\/h3>\n\n\n\n<p>O <strong>tratamento das manifesta\u00e7\u00f5es pulmonares<\/strong> da sarcoidose<strong> depende da gravidade. <\/strong>Os casos assintom\u00e1ticos ou com comprometimento leve podem ser <strong>apenas observados com acompanhamento cl\u00ednico e radiol\u00f3gico<\/strong>. J\u00e1 pacientes com sintomas persistentes, redu\u00e7\u00e3o da fun\u00e7\u00e3o pulmonar ou envolvimento parenquimatoso progressivo devem receber corticoides sist\u00eamicos, geralmente <strong>prednisona 20\u201340 mg\/dia<\/strong>, com desmame gradual. Em <strong>casos refrat\u00e1rios ou intoler\u00e2ncia ao corticoide<\/strong>, utilizam-se <strong>imunossupressores como metotrexato ou azatioprina.<\/strong><\/p>\n\n\n\n<p>Na<strong> sarcoidose card\u00edaca<\/strong>, o <strong>tratamento deve ser imediato<\/strong>, mesmo em casos assintom\u00e1ticos com achados relevantes em exames (como resson\u00e2ncia ou PET). <strong>Cortic\u00f3ides em dose plena s\u00e3o indicados, <\/strong>podendo ser<strong> associados a imunossupressores<\/strong> se houver falha terap\u00eautica.&nbsp;<\/p>\n\n\n\n<p><strong>Arritmias e bloqueios card\u00edacos<\/strong> podem exigir <strong>implante de marca-passo<\/strong> ou <strong>cardiodesfibrilador. <\/strong>As manifesta\u00e7\u00f5es cut\u00e2neas variam em gravidade: <strong>les\u00f5es leves <\/strong>podem ser tratadas com <strong>corticoides t\u00f3picos ou inje\u00e7\u00f5es intralesionais<\/strong>, enquanto <strong>formas disseminadas requerem terapia sist\u00eamica.&nbsp;<\/strong><\/p>\n\n\n\n<p>Para <strong>comprometimento ocular <\/strong>(uve\u00edtes, iridociclites), <strong>corticoides t\u00f3picos <\/strong>s\u00e3o primeira linha, mas <strong>casos graves ou posteriores<\/strong> podem exigir <strong>corticoides sist\u00eamicos e imunossupressores.<\/strong><\/p>\n\n\n\n<p>Uma complica\u00e7\u00e3o importante da sarcoidose \u00e9 a <strong>hipercalcemia,<\/strong> causada pelo <strong>aumento da produ\u00e7\u00e3o extrarrenal de 1,25(OH)\u2082-vitamina D pelos granulomas<\/strong>. O <strong>manejo<\/strong> inclui <strong>hidrata\u00e7\u00e3o vigorosa com solu\u00e7\u00e3o salina<\/strong>, poss\u00edvel uso de diur\u00e9ticos de al\u00e7a ap\u00f3s expans\u00e3o vol\u00eamica, e suspens\u00e3o da exposi\u00e7\u00e3o solar e do uso de vitamina D e c\u00e1lcio. Em <strong>casos persistentes ou graves,<\/strong> pode ser necess\u00e1rio o uso de <strong>corticoides, <\/strong>que suprimem a produ\u00e7\u00e3o de vitamina D ativa.<\/p>\n\n\n\n<h2 class=\"wp-block-heading\" id=\"h-prognostico-e-seguimento\"><span class=\"ez-toc-section\" id=\"Prognostico_e_seguimento\"><\/span><strong>Progn\u00f3stico e seguimento<\/strong><span class=\"ez-toc-section-end\"><\/span><\/h2>\n\n\n\n<p>O <strong>progn\u00f3stico da sarcoidose<\/strong> \u00e9 geralmente favor\u00e1vel, com resolu\u00e7\u00e3o espont\u00e2nea em at\u00e9 60% dos casos. No entanto, alguns fatores est\u00e3o associados a <strong>pior evolu\u00e7\u00e3o<\/strong>, como envolvimento card\u00edaco, neurol\u00f3gico ou ocular, sarcoidose pulmonar em est\u00e1gios avan\u00e7ados (fibr\u00f3tica), hipercalcemia persistente e doen\u00e7a cr\u00f4nica com necessidade prolongada de imunossupressores.&nbsp;<\/p>\n\n\n\n<p>O <strong>seguimento<\/strong> deve ser individualizado, mas geralmente inclui <strong>consultas a cada 3 a 6 meses<\/strong> nos primeiros anos, com avalia\u00e7\u00e3o cl\u00ednica, fun\u00e7\u00e3o pulmonar (espirometria e\/ou DLCO), radiografia de t\u00f3rax e exames laboratoriais (c\u00e1lcio s\u00e9rico e urin\u00e1rio, fun\u00e7\u00e3o renal e hep\u00e1tica). Em casos com envolvimento espec\u00edfico, devem ser inclu\u00eddas avalia\u00e7\u00f5es oftalmol\u00f3gica, cardiol\u00f3gica (ECG, Holter, ecocardiograma ou RM card\u00edaca) e neurol\u00f3gica conforme necess\u00e1rio.A <strong>qualidade de vida<\/strong> pode ser impactada por sintomas persistentes como fadiga, dispneia, dor cr\u00f4nica e limita\u00e7\u00f5es funcionais. Algumas medidas de suporte incluem <strong>reabilita\u00e7\u00e3o pulmonar<\/strong>, suporte psicol\u00f3gico, controle rigoroso de comorbidades e educa\u00e7\u00e3o do paciente sobre a doen\u00e7a.<\/p>\n\n\n\n<h2 class=\"wp-block-heading\" id=\"h-como-a-medcof-te-prepara-para-ser-um-medico-mais-completo\"><span class=\"ez-toc-section\" id=\"Como_a_MedCof_te_prepara_para_ser_um_medico_mais_completo\"><\/span><strong>Como a MedCof te prepara para ser um m\u00e9dico mais completo?<\/strong><span class=\"ez-toc-section-end\"><\/span><\/h2>\n\n\n\n<p>A<a href=\"https:\/\/www.grupomedcof.com.br\/home\/?page=sobre-nos\"> MedCof<\/a> vai al\u00e9m da prepara\u00e7\u00e3o para as<a href=\"https:\/\/www.grupomedcof.com.br\/home\/\"> provas<\/a>, oferecendo uma forma\u00e7\u00e3o s\u00f3lida nos pilares te\u00f3ricos, cl\u00ednicos e pr\u00e1ticos. Tudo o que cai na<a href=\"https:\/\/www.grupomedcof.com.br\/blog\/o-que-e-residencia-medica\/\"> resid\u00eancia<\/a> tamb\u00e9m \u00e9 essencial na vida m\u00e9dica real. Assim, voc\u00ea se torna um m\u00e9dico mais completo e confiante.<\/p>\n\n\n\n<figure class=\"wp-block-embed is-type-video is-provider-youtube wp-block-embed-youtube wp-embed-aspect-16-9 wp-has-aspect-ratio\"><div class=\"wp-block-embed__wrapper\">\n<div class=\"youtube-embed\" data-video_id=\"9LsZLiP80zs\"><iframe loading=\"lazy\" title=\"Desvendando as Infec\u00e7\u00f5es em Pacientes Imunossuprimidos. Com Dra. Jackie Palazzo\" width=\"696\" height=\"392\" src=\"https:\/\/www.youtube.com\/embed\/9LsZLiP80zs?start=8&#038;feature=oembed\" frameborder=\"0\" allow=\"accelerometer; autoplay; clipboard-write; encrypted-media; gyroscope; picture-in-picture; web-share\" referrerpolicy=\"strict-origin-when-cross-origin\" allowfullscreen><\/iframe><\/div>\n<\/div><\/figure>\n","protected":false},"excerpt":{"rendered":"<p>Entenda os principais sintomas da sarcoidose, m\u00e9todos de diagn\u00f3stico e principais causas. Descubra as op\u00e7\u00f5es de tratamento para este quadro cr\u00edtico.<\/p>\n","protected":false},"author":2,"featured_media":1130,"comment_status":"open","ping_status":"open","sticky":false,"template":"","format":"standard","meta":{"footnotes":""},"categories":[89],"tags":[90,3053,3054],"ppma_author":[3612],"class_list":{"0":"post-1129","1":"post","2":"type-post","3":"status-publish","4":"format-standard","5":"has-post-thumbnail","7":"category-pneumologia","8":"tag-sarcoidose","9":"tag-sindrome-de-heerfordt","10":"tag-sindrome-de-lofgren"},"yoast_head":"<!-- This site is optimized with the Yoast SEO Premium plugin v24.3 (Yoast SEO v27.4) - https:\/\/yoast.com\/product\/yoast-seo-premium-wordpress\/ -->\n<title>Sarcoidose: sintomas, causas, diagn\u00f3stico e tratamentos<\/title>\n<meta name=\"description\" content=\"Entenda os principais sintomas da sarcoidose, m\u00e9todos de diagn\u00f3stico e principais causas. Descubra as op\u00e7\u00f5es de tratamento para este quadro cr\u00edtico.\" \/>\n<meta name=\"robots\" content=\"index, follow, max-snippet:-1, max-image-preview:large, max-video-preview:-1\" \/>\n<link rel=\"canonical\" href=\"https:\/\/www.grupomedcof.com.br\/blog\/sarcoidose-saiba-mais-sobre\/\" \/>\n<meta property=\"og:locale\" content=\"pt_BR\" \/>\n<meta property=\"og:type\" content=\"article\" \/>\n<meta property=\"og:title\" content=\"Sarcoidose: saiba fisiopatologia, sintomas, diagn\u00f3stico e tratamento\" \/>\n<meta property=\"og:description\" content=\"Entenda os principais sintomas da sarcoidose, m\u00e9todos de diagn\u00f3stico e principais causas. Descubra as op\u00e7\u00f5es de tratamento para este quadro cr\u00edtico.\" \/>\n<meta property=\"og:url\" content=\"https:\/\/www.grupomedcof.com.br\/blog\/sarcoidose-saiba-mais-sobre\/\" \/>\n<meta property=\"og:site_name\" content=\"Blog de Medcof: conte\u00fados, editais, revalida e mais!\" \/>\n<meta property=\"article:publisher\" content=\"https:\/\/www.facebook.com\/MedCofQbank\/\" \/>\n<meta property=\"article:published_time\" content=\"2025-07-22T18:00:23+00:00\" \/>\n<meta property=\"article:modified_time\" content=\"2025-12-22T14:29:37+00:00\" \/>\n<meta property=\"og:image\" content=\"https:\/\/www.grupomedcof.com.br\/blog\/wp-content\/uploads\/2022\/06\/Sem-nome-Documento-A4-1-1.png\" \/>\n\t<meta property=\"og:image:width\" content=\"2240\" \/>\n\t<meta property=\"og:image:height\" content=\"1260\" \/>\n\t<meta property=\"og:image:type\" content=\"image\/png\" \/>\n<meta name=\"author\" content=\"Patr\u00edcia Oliveira\" \/>\n<meta name=\"twitter:card\" content=\"summary_large_image\" \/>\n<meta name=\"twitter:label1\" content=\"Escrito por\" \/>\n\t<meta name=\"twitter:data1\" content=\"Patr\u00edcia Oliveira\" \/>\n\t<meta name=\"twitter:label2\" content=\"Est. tempo de leitura\" \/>\n\t<meta name=\"twitter:data2\" content=\"12 minutos\" \/>\n<script type=\"application\/ld+json\" class=\"yoast-schema-graph\">{\"@context\":\"https:\\\/\\\/schema.org\",\"@graph\":[{\"@type\":\"Article\",\"@id\":\"https:\\\/\\\/www.grupomedcof.com.br\\\/blog\\\/sarcoidose-saiba-mais-sobre\\\/#article\",\"isPartOf\":{\"@id\":\"https:\\\/\\\/www.grupomedcof.com.br\\\/blog\\\/sarcoidose-saiba-mais-sobre\\\/\"},\"author\":{\"name\":\"Patr\u00edcia Oliveira\",\"@id\":\"https:\\\/\\\/www.grupomedcof.com.br\\\/blog\\\/#\\\/schema\\\/person\\\/7a655db4c3da9796e0166bf55a9ea53a\"},\"headline\":\"Sarcoidose: saiba fisiopatologia, sintomas, diagn\u00f3stico e tratamento\",\"datePublished\":\"2025-07-22T18:00:23+00:00\",\"dateModified\":\"2025-12-22T14:29:37+00:00\",\"mainEntityOfPage\":{\"@id\":\"https:\\\/\\\/www.grupomedcof.com.br\\\/blog\\\/sarcoidose-saiba-mais-sobre\\\/\"},\"wordCount\":2291,\"commentCount\":1,\"publisher\":{\"@id\":\"https:\\\/\\\/www.grupomedcof.com.br\\\/blog\\\/#organization\"},\"image\":{\"@id\":\"https:\\\/\\\/www.grupomedcof.com.br\\\/blog\\\/sarcoidose-saiba-mais-sobre\\\/#primaryimage\"},\"thumbnailUrl\":\"https:\\\/\\\/www.grupomedcof.com.br\\\/blog\\\/wp-content\\\/uploads\\\/2022\\\/06\\\/Sem-nome-Documento-A4-1-1.png\",\"keywords\":[\"Sarcoidose\",\"S\u00edndrome de Heerfordt\",\"S\u00edndrome de L\u00f6fgren\"],\"articleSection\":[\"Pneumologia\"],\"inLanguage\":\"pt-BR\"},{\"@type\":\"WebPage\",\"@id\":\"https:\\\/\\\/www.grupomedcof.com.br\\\/blog\\\/sarcoidose-saiba-mais-sobre\\\/\",\"url\":\"https:\\\/\\\/www.grupomedcof.com.br\\\/blog\\\/sarcoidose-saiba-mais-sobre\\\/\",\"name\":\"Sarcoidose: sintomas, causas, diagn\u00f3stico e tratamentos\",\"isPartOf\":{\"@id\":\"https:\\\/\\\/www.grupomedcof.com.br\\\/blog\\\/#website\"},\"primaryImageOfPage\":{\"@id\":\"https:\\\/\\\/www.grupomedcof.com.br\\\/blog\\\/sarcoidose-saiba-mais-sobre\\\/#primaryimage\"},\"image\":{\"@id\":\"https:\\\/\\\/www.grupomedcof.com.br\\\/blog\\\/sarcoidose-saiba-mais-sobre\\\/#primaryimage\"},\"thumbnailUrl\":\"https:\\\/\\\/www.grupomedcof.com.br\\\/blog\\\/wp-content\\\/uploads\\\/2022\\\/06\\\/Sem-nome-Documento-A4-1-1.png\",\"datePublished\":\"2025-07-22T18:00:23+00:00\",\"dateModified\":\"2025-12-22T14:29:37+00:00\",\"description\":\"Entenda os principais sintomas da sarcoidose, m\u00e9todos de diagn\u00f3stico e principais causas. Descubra as op\u00e7\u00f5es de tratamento para este quadro cr\u00edtico.\",\"breadcrumb\":{\"@id\":\"https:\\\/\\\/www.grupomedcof.com.br\\\/blog\\\/sarcoidose-saiba-mais-sobre\\\/#breadcrumb\"},\"inLanguage\":\"pt-BR\",\"potentialAction\":[{\"@type\":\"ReadAction\",\"target\":[\"https:\\\/\\\/www.grupomedcof.com.br\\\/blog\\\/sarcoidose-saiba-mais-sobre\\\/\"]}]},{\"@type\":\"ImageObject\",\"inLanguage\":\"pt-BR\",\"@id\":\"https:\\\/\\\/www.grupomedcof.com.br\\\/blog\\\/sarcoidose-saiba-mais-sobre\\\/#primaryimage\",\"url\":\"https:\\\/\\\/www.grupomedcof.com.br\\\/blog\\\/wp-content\\\/uploads\\\/2022\\\/06\\\/Sem-nome-Documento-A4-1-1.png\",\"contentUrl\":\"https:\\\/\\\/www.grupomedcof.com.br\\\/blog\\\/wp-content\\\/uploads\\\/2022\\\/06\\\/Sem-nome-Documento-A4-1-1.png\",\"width\":2240,\"height\":1260,\"caption\":\"sarcoidose\"},{\"@type\":\"BreadcrumbList\",\"@id\":\"https:\\\/\\\/www.grupomedcof.com.br\\\/blog\\\/sarcoidose-saiba-mais-sobre\\\/#breadcrumb\",\"itemListElement\":[{\"@type\":\"ListItem\",\"position\":1,\"name\":\"In\u00edcio\",\"item\":\"https:\\\/\\\/www.grupomedcof.com.br\\\/blog\\\/\"},{\"@type\":\"ListItem\",\"position\":2,\"name\":\"Sarcoidose: saiba fisiopatologia, sintomas, diagn\u00f3stico e tratamento\"}]},{\"@type\":\"WebSite\",\"@id\":\"https:\\\/\\\/www.grupomedcof.com.br\\\/blog\\\/#website\",\"url\":\"https:\\\/\\\/www.grupomedcof.com.br\\\/blog\\\/\",\"name\":\"Blog de Medcof: conte\u00fados, editais, revalida e mais!\",\"description\":\"Acesso o blog de MedCof! Seu portal de conte\u00fados sobre resid\u00eancia m\u00e9dica, an\u00e1lise e editais e muito mais. Clique e confira!\",\"publisher\":{\"@id\":\"https:\\\/\\\/www.grupomedcof.com.br\\\/blog\\\/#organization\"},\"alternateName\":\"Blog de Medcof: conte\u00fados, editais, revalida e mais!\",\"potentialAction\":[{\"@type\":\"SearchAction\",\"target\":{\"@type\":\"EntryPoint\",\"urlTemplate\":\"https:\\\/\\\/www.grupomedcof.com.br\\\/blog\\\/?s={search_term_string}\"},\"query-input\":{\"@type\":\"PropertyValueSpecification\",\"valueRequired\":true,\"valueName\":\"search_term_string\"}}],\"inLanguage\":\"pt-BR\"},{\"@type\":\"Organization\",\"@id\":\"https:\\\/\\\/www.grupomedcof.com.br\\\/blog\\\/#organization\",\"name\":\"Grupo MedCof\",\"url\":\"https:\\\/\\\/www.grupomedcof.com.br\\\/blog\\\/\",\"logo\":{\"@type\":\"ImageObject\",\"inLanguage\":\"pt-BR\",\"@id\":\"https:\\\/\\\/www.grupomedcof.com.br\\\/blog\\\/#\\\/schema\\\/logo\\\/image\\\/\",\"url\":\"https:\\\/\\\/www.grupomedcof.com.br\\\/blog\\\/wp-content\\\/uploads\\\/2022\\\/01\\\/logo-medcof.png\",\"contentUrl\":\"https:\\\/\\\/www.grupomedcof.com.br\\\/blog\\\/wp-content\\\/uploads\\\/2022\\\/01\\\/logo-medcof.png\",\"width\":768,\"height\":269,\"caption\":\"Grupo MedCof\"},\"image\":{\"@id\":\"https:\\\/\\\/www.grupomedcof.com.br\\\/blog\\\/#\\\/schema\\\/logo\\\/image\\\/\"},\"sameAs\":[\"https:\\\/\\\/www.facebook.com\\\/MedCofQbank\\\/\",\"https:\\\/\\\/www.instagram.com\\\/grupomedcof\\\/\",\"https:\\\/\\\/br.linkedin.com\\\/company\\\/medcof\",\"https:\\\/\\\/www.youtube.com\\\/channel\\\/UCdHMuOHKICxcHwecxN8P-AA\"]},{\"@type\":\"Person\",\"@id\":\"https:\\\/\\\/www.grupomedcof.com.br\\\/blog\\\/#\\\/schema\\\/person\\\/7a655db4c3da9796e0166bf55a9ea53a\",\"name\":\"Patr\u00edcia Oliveira\",\"image\":{\"@type\":\"ImageObject\",\"inLanguage\":\"pt-BR\",\"@id\":\"https:\\\/\\\/www.grupomedcof.com.br\\\/blog\\\/wp-content\\\/uploads\\\/2022\\\/03\\\/furacao-96x96.png19e0d43e5696aaa42a3bb896953b331f\",\"url\":\"https:\\\/\\\/www.grupomedcof.com.br\\\/blog\\\/wp-content\\\/uploads\\\/2022\\\/03\\\/furacao-96x96.png\",\"contentUrl\":\"https:\\\/\\\/www.grupomedcof.com.br\\\/blog\\\/wp-content\\\/uploads\\\/2022\\\/03\\\/furacao-96x96.png\",\"caption\":\"Patr\u00edcia Oliveira\"},\"sameAs\":[\"https:\\\/\\\/www.grupomedcof.com.br\\\/\"],\"url\":\"https:\\\/\\\/www.grupomedcof.com.br\\\/blog\\\/author\\\/patricia\\\/\"}]}<\/script>\n<!-- \/ Yoast SEO Premium plugin. -->","yoast_head_json":{"title":"Sarcoidose: sintomas, causas, diagn\u00f3stico e tratamentos","description":"Entenda os principais sintomas da sarcoidose, m\u00e9todos de diagn\u00f3stico e principais causas. Descubra as op\u00e7\u00f5es de tratamento para este quadro cr\u00edtico.","robots":{"index":"index","follow":"follow","max-snippet":"max-snippet:-1","max-image-preview":"max-image-preview:large","max-video-preview":"max-video-preview:-1"},"canonical":"https:\/\/www.grupomedcof.com.br\/blog\/sarcoidose-saiba-mais-sobre\/","og_locale":"pt_BR","og_type":"article","og_title":"Sarcoidose: saiba fisiopatologia, sintomas, diagn\u00f3stico e tratamento","og_description":"Entenda os principais sintomas da sarcoidose, m\u00e9todos de diagn\u00f3stico e principais causas. Descubra as op\u00e7\u00f5es de tratamento para este quadro cr\u00edtico.","og_url":"https:\/\/www.grupomedcof.com.br\/blog\/sarcoidose-saiba-mais-sobre\/","og_site_name":"Blog de Medcof: conte\u00fados, editais, revalida e mais!","article_publisher":"https:\/\/www.facebook.com\/MedCofQbank\/","article_published_time":"2025-07-22T18:00:23+00:00","article_modified_time":"2025-12-22T14:29:37+00:00","og_image":[{"width":2240,"height":1260,"url":"https:\/\/www.grupomedcof.com.br\/blog\/wp-content\/uploads\/2022\/06\/Sem-nome-Documento-A4-1-1.png","type":"image\/png"}],"author":"Patr\u00edcia Oliveira","twitter_card":"summary_large_image","twitter_misc":{"Escrito por":"Patr\u00edcia Oliveira","Est. tempo de leitura":"12 minutos"},"schema":{"@context":"https:\/\/schema.org","@graph":[{"@type":"Article","@id":"https:\/\/www.grupomedcof.com.br\/blog\/sarcoidose-saiba-mais-sobre\/#article","isPartOf":{"@id":"https:\/\/www.grupomedcof.com.br\/blog\/sarcoidose-saiba-mais-sobre\/"},"author":{"name":"Patr\u00edcia Oliveira","@id":"https:\/\/www.grupomedcof.com.br\/blog\/#\/schema\/person\/7a655db4c3da9796e0166bf55a9ea53a"},"headline":"Sarcoidose: saiba fisiopatologia, sintomas, diagn\u00f3stico e tratamento","datePublished":"2025-07-22T18:00:23+00:00","dateModified":"2025-12-22T14:29:37+00:00","mainEntityOfPage":{"@id":"https:\/\/www.grupomedcof.com.br\/blog\/sarcoidose-saiba-mais-sobre\/"},"wordCount":2291,"commentCount":1,"publisher":{"@id":"https:\/\/www.grupomedcof.com.br\/blog\/#organization"},"image":{"@id":"https:\/\/www.grupomedcof.com.br\/blog\/sarcoidose-saiba-mais-sobre\/#primaryimage"},"thumbnailUrl":"https:\/\/www.grupomedcof.com.br\/blog\/wp-content\/uploads\/2022\/06\/Sem-nome-Documento-A4-1-1.png","keywords":["Sarcoidose","S\u00edndrome de Heerfordt","S\u00edndrome de L\u00f6fgren"],"articleSection":["Pneumologia"],"inLanguage":"pt-BR"},{"@type":"WebPage","@id":"https:\/\/www.grupomedcof.com.br\/blog\/sarcoidose-saiba-mais-sobre\/","url":"https:\/\/www.grupomedcof.com.br\/blog\/sarcoidose-saiba-mais-sobre\/","name":"Sarcoidose: sintomas, causas, diagn\u00f3stico e tratamentos","isPartOf":{"@id":"https:\/\/www.grupomedcof.com.br\/blog\/#website"},"primaryImageOfPage":{"@id":"https:\/\/www.grupomedcof.com.br\/blog\/sarcoidose-saiba-mais-sobre\/#primaryimage"},"image":{"@id":"https:\/\/www.grupomedcof.com.br\/blog\/sarcoidose-saiba-mais-sobre\/#primaryimage"},"thumbnailUrl":"https:\/\/www.grupomedcof.com.br\/blog\/wp-content\/uploads\/2022\/06\/Sem-nome-Documento-A4-1-1.png","datePublished":"2025-07-22T18:00:23+00:00","dateModified":"2025-12-22T14:29:37+00:00","description":"Entenda os principais sintomas da sarcoidose, m\u00e9todos de diagn\u00f3stico e principais causas. Descubra as op\u00e7\u00f5es de tratamento para este quadro cr\u00edtico.","breadcrumb":{"@id":"https:\/\/www.grupomedcof.com.br\/blog\/sarcoidose-saiba-mais-sobre\/#breadcrumb"},"inLanguage":"pt-BR","potentialAction":[{"@type":"ReadAction","target":["https:\/\/www.grupomedcof.com.br\/blog\/sarcoidose-saiba-mais-sobre\/"]}]},{"@type":"ImageObject","inLanguage":"pt-BR","@id":"https:\/\/www.grupomedcof.com.br\/blog\/sarcoidose-saiba-mais-sobre\/#primaryimage","url":"https:\/\/www.grupomedcof.com.br\/blog\/wp-content\/uploads\/2022\/06\/Sem-nome-Documento-A4-1-1.png","contentUrl":"https:\/\/www.grupomedcof.com.br\/blog\/wp-content\/uploads\/2022\/06\/Sem-nome-Documento-A4-1-1.png","width":2240,"height":1260,"caption":"sarcoidose"},{"@type":"BreadcrumbList","@id":"https:\/\/www.grupomedcof.com.br\/blog\/sarcoidose-saiba-mais-sobre\/#breadcrumb","itemListElement":[{"@type":"ListItem","position":1,"name":"In\u00edcio","item":"https:\/\/www.grupomedcof.com.br\/blog\/"},{"@type":"ListItem","position":2,"name":"Sarcoidose: saiba fisiopatologia, sintomas, diagn\u00f3stico e tratamento"}]},{"@type":"WebSite","@id":"https:\/\/www.grupomedcof.com.br\/blog\/#website","url":"https:\/\/www.grupomedcof.com.br\/blog\/","name":"Blog de Medcof: conte\u00fados, editais, revalida e mais!","description":"Acesso o blog de MedCof! Seu portal de conte\u00fados sobre resid\u00eancia m\u00e9dica, an\u00e1lise e editais e muito mais. Clique e confira!","publisher":{"@id":"https:\/\/www.grupomedcof.com.br\/blog\/#organization"},"alternateName":"Blog de Medcof: conte\u00fados, editais, revalida e mais!","potentialAction":[{"@type":"SearchAction","target":{"@type":"EntryPoint","urlTemplate":"https:\/\/www.grupomedcof.com.br\/blog\/?s={search_term_string}"},"query-input":{"@type":"PropertyValueSpecification","valueRequired":true,"valueName":"search_term_string"}}],"inLanguage":"pt-BR"},{"@type":"Organization","@id":"https:\/\/www.grupomedcof.com.br\/blog\/#organization","name":"Grupo MedCof","url":"https:\/\/www.grupomedcof.com.br\/blog\/","logo":{"@type":"ImageObject","inLanguage":"pt-BR","@id":"https:\/\/www.grupomedcof.com.br\/blog\/#\/schema\/logo\/image\/","url":"https:\/\/www.grupomedcof.com.br\/blog\/wp-content\/uploads\/2022\/01\/logo-medcof.png","contentUrl":"https:\/\/www.grupomedcof.com.br\/blog\/wp-content\/uploads\/2022\/01\/logo-medcof.png","width":768,"height":269,"caption":"Grupo MedCof"},"image":{"@id":"https:\/\/www.grupomedcof.com.br\/blog\/#\/schema\/logo\/image\/"},"sameAs":["https:\/\/www.facebook.com\/MedCofQbank\/","https:\/\/www.instagram.com\/grupomedcof\/","https:\/\/br.linkedin.com\/company\/medcof","https:\/\/www.youtube.com\/channel\/UCdHMuOHKICxcHwecxN8P-AA"]},{"@type":"Person","@id":"https:\/\/www.grupomedcof.com.br\/blog\/#\/schema\/person\/7a655db4c3da9796e0166bf55a9ea53a","name":"Patr\u00edcia Oliveira","image":{"@type":"ImageObject","inLanguage":"pt-BR","@id":"https:\/\/www.grupomedcof.com.br\/blog\/wp-content\/uploads\/2022\/03\/furacao-96x96.png19e0d43e5696aaa42a3bb896953b331f","url":"https:\/\/www.grupomedcof.com.br\/blog\/wp-content\/uploads\/2022\/03\/furacao-96x96.png","contentUrl":"https:\/\/www.grupomedcof.com.br\/blog\/wp-content\/uploads\/2022\/03\/furacao-96x96.png","caption":"Patr\u00edcia Oliveira"},"sameAs":["https:\/\/www.grupomedcof.com.br\/"],"url":"https:\/\/www.grupomedcof.com.br\/blog\/author\/patricia\/"}]}},"authors":[{"term_id":3612,"user_id":2,"is_guest":0,"slug":"patricia","display_name":"Patr\u00edcia Oliveira","avatar_url":"https:\/\/www.grupomedcof.com.br\/blog\/wp-content\/uploads\/2022\/03\/furacao-96x96.png","0":null,"1":"","2":"","3":"","4":"","5":"","6":"","7":"","8":""}],"_links":{"self":[{"href":"https:\/\/www.grupomedcof.com.br\/blog\/wp-json\/wp\/v2\/posts\/1129","targetHints":{"allow":["GET"]}}],"collection":[{"href":"https:\/\/www.grupomedcof.com.br\/blog\/wp-json\/wp\/v2\/posts"}],"about":[{"href":"https:\/\/www.grupomedcof.com.br\/blog\/wp-json\/wp\/v2\/types\/post"}],"author":[{"embeddable":true,"href":"https:\/\/www.grupomedcof.com.br\/blog\/wp-json\/wp\/v2\/users\/2"}],"replies":[{"embeddable":true,"href":"https:\/\/www.grupomedcof.com.br\/blog\/wp-json\/wp\/v2\/comments?post=1129"}],"version-history":[{"count":2,"href":"https:\/\/www.grupomedcof.com.br\/blog\/wp-json\/wp\/v2\/posts\/1129\/revisions"}],"predecessor-version":[{"id":40367,"href":"https:\/\/www.grupomedcof.com.br\/blog\/wp-json\/wp\/v2\/posts\/1129\/revisions\/40367"}],"wp:featuredmedia":[{"embeddable":true,"href":"https:\/\/www.grupomedcof.com.br\/blog\/wp-json\/wp\/v2\/media\/1130"}],"wp:attachment":[{"href":"https:\/\/www.grupomedcof.com.br\/blog\/wp-json\/wp\/v2\/media?parent=1129"}],"wp:term":[{"taxonomy":"category","embeddable":true,"href":"https:\/\/www.grupomedcof.com.br\/blog\/wp-json\/wp\/v2\/categories?post=1129"},{"taxonomy":"post_tag","embeddable":true,"href":"https:\/\/www.grupomedcof.com.br\/blog\/wp-json\/wp\/v2\/tags?post=1129"},{"taxonomy":"author","embeddable":true,"href":"https:\/\/www.grupomedcof.com.br\/blog\/wp-json\/wp\/v2\/ppma_author?post=1129"}],"curies":[{"name":"wp","href":"https:\/\/api.w.org\/{rel}","templated":true}]}}