{"id":11615,"date":"2025-11-21T16:30:00","date_gmt":"2025-11-21T19:30:00","guid":{"rendered":"https:\/\/www.grupomedcof.com.br\/blog\/?p=11615"},"modified":"2026-04-24T10:45:04","modified_gmt":"2026-04-24T13:45:04","slug":"residencia-em-clinica-medica-tudo-o-que-voce-precisa-saber","status":"publish","type":"post","link":"https:\/\/www.grupomedcof.com.br\/blog\/residencia-em-clinica-medica-tudo-o-que-voce-precisa-saber\/","title":{"rendered":"Resid\u00eancia em Cl\u00ednica M\u00e9dica: tudo sobre o programa e carreira"},"content":{"rendered":"<div id=\"ez-toc-container\" class=\"ez-toc-v2_0_74 counter-hierarchy ez-toc-counter ez-toc-transparent ez-toc-container-direction\">\n<div class=\"ez-toc-title-container\">\n<p class=\"ez-toc-title\" style=\"cursor:inherit\">Sum\u00e1rio<\/p>\n<span class=\"ez-toc-title-toggle\"><a href=\"#\" class=\"ez-toc-pull-right ez-toc-btn ez-toc-btn-xs ez-toc-btn-default ez-toc-toggle\" aria-label=\"Alternar tabela de conte\u00fado\"><span class=\"ez-toc-js-icon-con\"><span class=\"\"><span class=\"eztoc-hide\" style=\"display:none;\">Toggle<\/span><span class=\"ez-toc-icon-toggle-span\"><svg style=\"fill: #999;color:#999\" xmlns=\"http:\/\/www.w3.org\/2000\/svg\" class=\"list-377408\" width=\"20px\" height=\"20px\" viewBox=\"0 0 24 24\" fill=\"none\"><path d=\"M6 6H4v2h2V6zm14 0H8v2h12V6zM4 11h2v2H4v-2zm16 0H8v2h12v-2zM4 16h2v2H4v-2zm16 0H8v2h12v-2z\" fill=\"currentColor\"><\/path><\/svg><svg style=\"fill: #999;color:#999\" class=\"arrow-unsorted-368013\" xmlns=\"http:\/\/www.w3.org\/2000\/svg\" width=\"10px\" height=\"10px\" viewBox=\"0 0 24 24\" version=\"1.2\" baseProfile=\"tiny\"><path d=\"M18.2 9.3l-6.2-6.3-6.2 6.3c-.2.2-.3.4-.3.7s.1.5.3.7c.2.2.4.3.7.3h11c.3 0 .5-.1.7-.3.2-.2.3-.5.3-.7s-.1-.5-.3-.7zM5.8 14.7l6.2 6.3 6.2-6.3c.2-.2.3-.5.3-.7s-.1-.5-.3-.7c-.2-.2-.4-.3-.7-.3h-11c-.3 0-.5.1-.7.3-.2.2-.3.5-.3.7s.1.5.3.7z\"\/><\/svg><\/span><\/span><\/span><\/a><\/span><\/div>\n<nav><ul class='ez-toc-list ez-toc-list-level-1 ' ><li class='ez-toc-page-1 ez-toc-heading-level-2'><a class=\"ez-toc-link ez-toc-heading-1\" href=\"https:\/\/www.grupomedcof.com.br\/blog\/residencia-em-clinica-medica-tudo-o-que-voce-precisa-saber\/#O_que_e_especialidade_em_Clinica_Medica\" >O que \u00e9 especialidade em Cl\u00ednica M\u00e9dica?<\/a><\/li><li class='ez-toc-page-1 ez-toc-heading-level-2'><a class=\"ez-toc-link ez-toc-heading-2\" href=\"https:\/\/www.grupomedcof.com.br\/blog\/residencia-em-clinica-medica-tudo-o-que-voce-precisa-saber\/#Objetivos_e_competencias_da_residencia\" >Objetivos e compet\u00eancias da resid\u00eancia<\/a><\/li><li class='ez-toc-page-1 ez-toc-heading-level-2'><a class=\"ez-toc-link ez-toc-heading-3\" href=\"https:\/\/www.grupomedcof.com.br\/blog\/residencia-em-clinica-medica-tudo-o-que-voce-precisa-saber\/#Residencia_medica_vs_especializacao_diferencas\" >Resid\u00eancia m\u00e9dica vs especializa\u00e7\u00e3o: diferen\u00e7as<\/a><\/li><li class='ez-toc-page-1 ez-toc-heading-level-2'><a class=\"ez-toc-link ez-toc-heading-4\" href=\"https:\/\/www.grupomedcof.com.br\/blog\/residencia-em-clinica-medica-tudo-o-que-voce-precisa-saber\/#Quanto_tempo_dura_residencia_em_Clinica_Medica\" >Quanto tempo dura resid\u00eancia em Cl\u00ednica M\u00e9dica?<\/a><\/li><li class='ez-toc-page-1 ez-toc-heading-level-2'><a class=\"ez-toc-link ez-toc-heading-5\" href=\"https:\/\/www.grupomedcof.com.br\/blog\/residencia-em-clinica-medica-tudo-o-que-voce-precisa-saber\/#R1_e_R2_atividades_por_ano\" >R1 e R2: atividades por ano<\/a><\/li><li class='ez-toc-page-1 ez-toc-heading-level-2'><a class=\"ez-toc-link ez-toc-heading-6\" href=\"https:\/\/www.grupomedcof.com.br\/blog\/residencia-em-clinica-medica-tudo-o-que-voce-precisa-saber\/#Divisao_entre_teoria_e_pratica\" >Divis\u00e3o entre teoria e pr\u00e1tica<\/a><\/li><li class='ez-toc-page-1 ez-toc-heading-level-2'><a class=\"ez-toc-link ez-toc-heading-7\" href=\"https:\/\/www.grupomedcof.com.br\/blog\/residencia-em-clinica-medica-tudo-o-que-voce-precisa-saber\/#R3_e_pre-requisito_para_subespecialidades\" >R3 e pr\u00e9-requisito para subespecialidades<\/a><\/li><li class='ez-toc-page-1 ez-toc-heading-level-2'><a class=\"ez-toc-link ez-toc-heading-8\" href=\"https:\/\/www.grupomedcof.com.br\/blog\/residencia-em-clinica-medica-tudo-o-que-voce-precisa-saber\/#Especialidades_que_exigem_Clinica_Medica\" >Especialidades que exigem Cl\u00ednica M\u00e9dica<\/a><\/li><li class='ez-toc-page-1 ez-toc-heading-level-2'><a class=\"ez-toc-link ez-toc-heading-9\" href=\"https:\/\/www.grupomedcof.com.br\/blog\/residencia-em-clinica-medica-tudo-o-que-voce-precisa-saber\/#Como_funciona_o_R3\" >Como funciona o R3<\/a><\/li><li class='ez-toc-page-1 ez-toc-heading-level-2'><a class=\"ez-toc-link ez-toc-heading-10\" href=\"https:\/\/www.grupomedcof.com.br\/blog\/residencia-em-clinica-medica-tudo-o-que-voce-precisa-saber\/#Rotina_do_residente_em_Clinica_Medica\" >Rotina do residente em Cl\u00ednica M\u00e9dica<\/a><\/li><li class='ez-toc-page-1 ez-toc-heading-level-2'><a class=\"ez-toc-link ez-toc-heading-11\" href=\"https:\/\/www.grupomedcof.com.br\/blog\/residencia-em-clinica-medica-tudo-o-que-voce-precisa-saber\/#Plantoes_ambulatorio_e_enfermaria\" >Plant\u00f5es, ambulat\u00f3rio e enfermaria<\/a><\/li><li class='ez-toc-page-1 ez-toc-heading-level-2'><a class=\"ez-toc-link ez-toc-heading-12\" href=\"https:\/\/www.grupomedcof.com.br\/blog\/residencia-em-clinica-medica-tudo-o-que-voce-precisa-saber\/#Atividades_academicas_e_cientificas\" >Atividades acad\u00eamicas e cient\u00edficas<\/a><\/li><li class='ez-toc-page-1 ez-toc-heading-level-2'><a class=\"ez-toc-link ez-toc-heading-13\" href=\"https:\/\/www.grupomedcof.com.br\/blog\/residencia-em-clinica-medica-tudo-o-que-voce-precisa-saber\/#Mercado_de_trabalho_e_remuneracao\" >Mercado de trabalho e remunera\u00e7\u00e3o<\/a><\/li><li class='ez-toc-page-1 ez-toc-heading-level-2'><a class=\"ez-toc-link ez-toc-heading-14\" href=\"https:\/\/www.grupomedcof.com.br\/blog\/residencia-em-clinica-medica-tudo-o-que-voce-precisa-saber\/#Media_salarial_por_regiao\" >M\u00e9dia salarial por regi\u00e3o<\/a><\/li><li class='ez-toc-page-1 ez-toc-heading-level-2'><a class=\"ez-toc-link ez-toc-heading-15\" href=\"https:\/\/www.grupomedcof.com.br\/blog\/residencia-em-clinica-medica-tudo-o-que-voce-precisa-saber\/#Areas_de_atuacao_do_clinico_geral\" >\u00c1reas de atua\u00e7\u00e3o do cl\u00ednico geral<\/a><\/li><li class='ez-toc-page-1 ez-toc-heading-level-2'><a class=\"ez-toc-link ez-toc-heading-16\" href=\"https:\/\/www.grupomedcof.com.br\/blog\/residencia-em-clinica-medica-tudo-o-que-voce-precisa-saber\/#Residencias_de_Clinica_Medica_mais_concorridas\" >Resid\u00eancias de Cl\u00ednica M\u00e9dica mais concorridas<\/a><\/li><li class='ez-toc-page-1 ez-toc-heading-level-2'><a class=\"ez-toc-link ez-toc-heading-17\" href=\"https:\/\/www.grupomedcof.com.br\/blog\/residencia-em-clinica-medica-tudo-o-que-voce-precisa-saber\/#Como_se_preparar_para_a_prova\" >Como se preparar para a prova?<\/a><\/li><li class='ez-toc-page-1 ez-toc-heading-level-2'><a class=\"ez-toc-link ez-toc-heading-18\" href=\"https:\/\/www.grupomedcof.com.br\/blog\/residencia-em-clinica-medica-tudo-o-que-voce-precisa-saber\/#Se_prepare_para_Residencia_em_Clinica_Medica_com_a_MedCof\" >Se prepare para Resid\u00eancia em Cl\u00ednica M\u00e9dica com a MedCof<\/a><\/li><\/ul><\/nav><\/div>\n\n<figure class=\"wp-block-image size-large\"><img loading=\"lazy\" decoding=\"async\" width=\"1024\" height=\"576\" src=\"https:\/\/www.grupomedcof.com.br\/blog\/wp-content\/uploads\/2023\/08\/Blog-MedCof-47-1024x576.png\" alt=\"m\u00e9dico cl\u00ednico geral, clinica m\u00e9dica, cl\u00ednica medica, clinica medica, cl\u00ednico geral\" class=\"wp-image-11739\" srcset=\"https:\/\/www.grupomedcof.com.br\/blog\/wp-content\/uploads\/2023\/08\/Blog-MedCof-47-1024x576.png 1024w, https:\/\/www.grupomedcof.com.br\/blog\/wp-content\/uploads\/2023\/08\/Blog-MedCof-47-300x169.png 300w, https:\/\/www.grupomedcof.com.br\/blog\/wp-content\/uploads\/2023\/08\/Blog-MedCof-47-768x432.png 768w, https:\/\/www.grupomedcof.com.br\/blog\/wp-content\/uploads\/2023\/08\/Blog-MedCof-47-1536x864.png 1536w, https:\/\/www.grupomedcof.com.br\/blog\/wp-content\/uploads\/2023\/08\/Blog-MedCof-47-2048x1152.png 2048w\" sizes=\"auto, (max-width: 1024px) 100vw, 1024px\" \/><\/figure>\n\n\n\n<p>A <strong>resid\u00eancia em Cl\u00ednica M\u00e9dica<\/strong> \u00e9 um programa de especializa\u00e7\u00e3o voltado \u00e0 forma\u00e7\u00e3o completa do m\u00e9dico no<strong> diagn\u00f3stico, tratamento e acompanhamento de doen\u00e7as em adultos.<\/strong>&nbsp;<\/p>\n\n\n\n<p>\u00c9 a especialidade com o<strong> maior n\u00famero de vagas e profissionais no Brasil<\/strong>, al\u00e9m de ser <strong>pr\u00e9-requisito para diversas \u00e1reas cl\u00ednicas,<\/strong> como Cardiologia, Endocrinologia e Gastroenterologia. Essa forma\u00e7\u00e3o \u00e9 a base essencial para quem deseja aprofundar-se em especialidades m\u00e9dicas mais espec\u00edficas.<\/p>\n\n\n\n<h2 class=\"wp-block-heading\" id=\"h-o-que-e-especialidade-em-clinica-medica\"><span class=\"ez-toc-section\" id=\"O_que_e_especialidade_em_Clinica_Medica\"><\/span><strong>O que \u00e9 especialidade em Cl\u00ednica M\u00e9dica?<\/strong><span class=\"ez-toc-section-end\"><\/span><\/h2>\n\n\n\n<p>A especialidade em Cl\u00ednica M\u00e9dica \u00e9 voltada ao <strong>cuidado integral do paciente adulto<\/strong>, com foco na <strong>preven\u00e7\u00e3o, diagn\u00f3stico e tratamento de doen\u00e7as n\u00e3o cir\u00fargicas. <\/strong>O residente se torna cl\u00ednico geral, capacitado para lidar com casos complexos e acompanhar o paciente de forma cont\u00ednua.&nbsp;<\/p>\n\n\n\n<p>Diferente do m\u00e9dico generalista, formado apenas na gradua\u00e7\u00e3o, o cl\u00ednico m\u00e9dico conclui uma resid\u00eancia de<strong> acesso direto<\/strong>, com dura\u00e7\u00e3o de dois anos e carga hor\u00e1ria de 60 horas semanais. Ap\u00f3s a forma\u00e7\u00e3o, pode atuar em <strong>ambulat\u00f3rios, emerg\u00eancias e enfermarias, <\/strong>sendo<strong> pe\u00e7a-chave no sistema de sa\u00fade.<\/strong><\/p>\n\n\n\n<h2 class=\"wp-block-heading\" id=\"h-objetivos-e-competencias-da-residencia\"><span class=\"ez-toc-section\" id=\"Objetivos_e_competencias_da_residencia\"><\/span><strong>Objetivos e compet\u00eancias da resid\u00eancia<\/strong><span class=\"ez-toc-section-end\"><\/span><\/h2>\n\n\n\n<p>Durante a resid\u00eancia em Cl\u00ednica M\u00e9dica, o m\u00e9dico desenvolve compet\u00eancias essenciais como vis\u00e3o integral do paciente, racioc\u00ednio cl\u00ednico amplo e capacidade de elaborar diagn\u00f3sticos diferenciais precisos.&nbsp;<\/p>\n\n\n\n<p>No aspecto pr\u00e1tico, o treinamento <strong>aprimora habilidades de anamnese detalhada, exame f\u00edsico completo e interpreta\u00e7\u00e3o cr\u00edtica de exames laboratoriais e de imagem.<\/strong> O bom cl\u00ednico \u00e9 curioso, atento e possui pensamento anal\u00edtico, mantendo-se em constante<strong> <\/strong><a href=\"https:\/\/www.grupomedcof.com.br\/blog\/atualizacoes-medicas\/\" target=\"_blank\" rel=\"noreferrer noopener\"><strong>atualiza\u00e7\u00e3o<\/strong><\/a><strong> cient\u00edfica.<\/strong>\u00a0<\/p>\n\n\n\n<p>Ao final da forma\u00e7\u00e3o, est\u00e1<strong> apto a lidar com doen\u00e7as agudas e cr\u00f4nicas <\/strong>que abrangem todas as especialidades cl\u00ednicas, atuando de forma resolutiva e humanizada.<\/p>\n\n\n\n<h2 class=\"wp-block-heading\" id=\"h-residencia-medica-vs-especializacao-diferencas\"><span class=\"ez-toc-section\" id=\"Residencia_medica_vs_especializacao_diferencas\"><\/span><strong>Resid\u00eancia m\u00e9dica vs especializa\u00e7\u00e3o: diferen\u00e7as<\/strong><span class=\"ez-toc-section-end\"><\/span><\/h2>\n\n\n\n<p>A resid\u00eancia m\u00e9dica \u00e9 um<strong> programa de treinamento reconhecido pelo MEC<\/strong>, com dura\u00e7\u00e3o m\u00e9dia de<strong> dois anos, <\/strong>carga hor\u00e1ria integral de <strong>60 horas semanais<\/strong> e <strong>bolsa remunerada.<\/strong>&nbsp;<\/p>\n\n\n\n<p>J\u00e1 a especializa\u00e7\u00e3o ou p\u00f3s-gradua\u00e7\u00e3o lato sensu \u00e9 um<strong> curso te\u00f3rico-pr\u00e1tico<\/strong>, geralmente de <strong>menor carga hor\u00e1ria e sem v\u00ednculo oficial com o sistema de resid\u00eancia.&nbsp;<\/strong><\/p>\n\n\n\n<p>Enquanto a<strong> resid\u00eancia \u00e9 ideal para quem busca forma\u00e7\u00e3o completa e pr\u00e1tica supervisionada<\/strong>, a <strong>especializa\u00e7\u00e3o pode ser indicada a m\u00e9dicos que desejam aprimorar conhecimentos em uma \u00e1rea espec\u00edfica<\/strong> sem seguir a carreira de especialista regulamentado.<\/p>\n\n\n\n<h2 class=\"wp-block-heading\" id=\"h-quanto-tempo-dura-residencia-em-clinica-medica\"><span class=\"ez-toc-section\" id=\"Quanto_tempo_dura_residencia_em_Clinica_Medica\"><\/span><strong>Quanto tempo dura resid\u00eancia em Cl\u00ednica M\u00e9dica?<\/strong><span class=\"ez-toc-section-end\"><\/span><\/h2>\n\n\n\n<p>A <a href=\"https:\/\/www.grupomedcof.com.br\/blog\/categorias\/residencia-medica\/\" target=\"_blank\" rel=\"noreferrer noopener\">resid\u00eancia<\/a> em Cl\u00ednica M\u00e9dica tem dura\u00e7\u00e3o de <strong>2 anos obrigat\u00f3rios<\/strong>, com carga hor\u00e1ria de <strong>60 horas semanais<\/strong>. O programa \u00e9 estruturado em <strong>rod\u00edzios por especialidades<\/strong>, intercalando <strong>plant\u00f5es, atendimentos ambulatoriais e atividades em enfermarias<\/strong>, proporcionando forma\u00e7\u00e3o ampla e pr\u00e1tica.\u00a0<\/p>\n\n\n\n<p>Entre os rod\u00edzios mais comuns est\u00e3o <strong>Cardiologia, Nefrologia, Geriatria, Pneumologia, UTI e Pronto-Socorro<\/strong>, geralmente com dura\u00e7\u00e3o de <strong>1 a 2 meses<\/strong> cada.<\/p>\n\n\n\n<h2 class=\"wp-block-heading\" id=\"h-r1-e-r2-atividades-por-ano\"><span class=\"ez-toc-section\" id=\"R1_e_R2_atividades_por_ano\"><\/span><strong>R1 e R2: atividades por ano<\/strong><span class=\"ez-toc-section-end\"><\/span><\/h2>\n\n\n\n<p>No <strong>R1 (primeiro ano)<\/strong>, o foco est\u00e1 nos fundamentos da Cl\u00ednica M\u00e9dica, com supervis\u00e3o pr\u00f3xima e rod\u00edzios b\u00e1sicos voltados ao desenvolvimento do racioc\u00ednio cl\u00ednico e dom\u00ednio das habilidades essenciais. J\u00e1 o <strong>R2 (segundo ano)<\/strong> traz maior autonomia e contato com subespecialidades, preparando o residente para a pr\u00e1tica independente e para seguir em \u00e1reas derivadas.&nbsp;<\/p>\n\n\n\n<p>As responsabilidades evoluem gradualmente, com o residente assumindo papel mais ativo na tomada de decis\u00f5es e condu\u00e7\u00e3o de casos complexos.<\/p>\n\n\n\n<h2 class=\"wp-block-heading\" id=\"h-divisao-entre-teoria-e-pratica\"><span class=\"ez-toc-section\" id=\"Divisao_entre_teoria_e_pratica\"><\/span><strong>Divis\u00e3o entre teoria e pr\u00e1tica<\/strong><span class=\"ez-toc-section-end\"><\/span><\/h2>\n\n\n\n<p>A forma\u00e7\u00e3o \u00e9 predominantemente pr\u00e1tica, com cerca de <strong>80% do tempo dedicado a atividades assistenciais<\/strong>, como plant\u00f5es, ambulat\u00f3rios, enfermarias e procedimentos, e <strong>20% voltado ao conte\u00fado te\u00f3rico<\/strong>.&nbsp;<\/p>\n\n\n\n<p>As atividades pr\u00e1ticas incluem atendimentos diretos, discuss\u00e3o de casos e execu\u00e7\u00e3o de t\u00e9cnicas m\u00e9dicas, enquanto a parte te\u00f3rica envolve <strong>aulas expositivas, journal clubs, estudos dirigidos e apresenta\u00e7\u00f5es cl\u00ednicas<\/strong>.&nbsp;<\/p>\n\n\n\n<p>Em m\u00e9dia, o residente participa de <strong>48 horas semanais de pr\u00e1tica<\/strong> e <strong>12 horas de atividades te\u00f3ricas<\/strong>, garantindo equil\u00edbrio entre aprendizado e aplica\u00e7\u00e3o.<\/p>\n\n\n\n<h2 class=\"wp-block-heading\" id=\"h-r3-e-pre-requisito-para-subespecialidades\"><span class=\"ez-toc-section\" id=\"R3_e_pre-requisito_para_subespecialidades\"><\/span><strong>R3 e pr\u00e9-requisito para subespecialidades<\/strong><span class=\"ez-toc-section-end\"><\/span><\/h2>\n\n\n\n<p>A resid\u00eancia em Cl\u00ednica M\u00e9dica \u00e9 <strong>pr\u00e9-requisito obrigat\u00f3rio<\/strong> para quase todas as especialidades cl\u00ednicas no Brasil, sendo a base da forma\u00e7\u00e3o m\u00e9dica continuada. As principais exce\u00e7\u00f5es s\u00e3o <strong>Dermatologia<\/strong> e <strong>Neurologia<\/strong>, que possuem <strong>acesso direto<\/strong>.&nbsp;<\/p>\n\n\n\n<p>Em algumas institui\u00e7\u00f5es, h\u00e1 ainda a possibilidade de cursar um <strong>R3 opcional<\/strong>, voltado ao <strong>aprofundamento de compet\u00eancias espec\u00edficas dentro da \u00e1rea.<\/strong><\/p>\n\n\n\n<h2 class=\"wp-block-heading\" id=\"h-especialidades-que-exigem-clinica-medica\"><span class=\"ez-toc-section\" id=\"Especialidades_que_exigem_Clinica_Medica\"><\/span><strong>Especialidades que exigem Cl\u00ednica M\u00e9dica<\/strong><span class=\"ez-toc-section-end\"><\/span><\/h2>\n\n\n\n<p>Mais de 12 especialidades exigem a conclus\u00e3o da Cl\u00ednica M\u00e9dica como pr\u00e9-requisito. Entre as principais est\u00e3o:&nbsp;<\/p>\n\n\n\n<ul class=\"wp-block-list\">\n<li><strong>Cardiologia;<\/strong><\/li>\n\n\n\n<li><strong>Gastroenterologia;<\/strong><\/li>\n\n\n\n<li><strong>Nefrologia;\u00a0<\/strong><\/li>\n\n\n\n<li><strong>Pneumologia;\u00a0<\/strong><\/li>\n\n\n\n<li><strong>Endocrinologia;\u00a0<\/strong><\/li>\n\n\n\n<li><strong>Geriatria;<\/strong><\/li>\n\n\n\n<li><strong>Reumatologia;<\/strong><\/li>\n\n\n\n<li><strong>Hematologia;<\/strong><\/li>\n\n\n\n<li><strong>Oncologia Cl\u00ednica;<\/strong><\/li>\n\n\n\n<li><strong>Medicina Intensiva;<\/strong><\/li>\n\n\n\n<li><strong>Infectologia<\/strong>.\u00a0<\/li>\n<\/ul>\n\n\n\n<p>Essas \u00e1reas demandam conhecimento s\u00f3lido em racioc\u00ednio cl\u00ednico e manejo de pacientes complexos, compet\u00eancias desenvolvidas ao longo da resid\u00eancia em Cl\u00ednica M\u00e9dica.<\/p>\n\n\n\n<h2 class=\"wp-block-heading\" id=\"h-como-funciona-o-r3\"><span class=\"ez-toc-section\" id=\"Como_funciona_o_R3\"><\/span><strong>Como funciona o R3<\/strong><span class=\"ez-toc-section-end\"><\/span><\/h2>\n\n\n\n<p>O <strong>R3<\/strong> \u00e9 um <strong>terceiro ano opcional<\/strong>, oferecido por algumas institui\u00e7\u00f5es, que visa aprofundar o aprendizado em \u00e1reas espec\u00edficas e proporcionar <strong>maior autonomia assistencial e de tomada de decis\u00e3o<\/strong>. Para ingressar, o m\u00e9dico precisa realizar uma <strong>nova sele\u00e7\u00e3o ou prova interna<\/strong>.&nbsp;<\/p>\n\n\n\n<p>Diferentemente do <strong>fellowship<\/strong>, que \u00e9 voltado a subespecialidades e ocorre ap\u00f3s a <a href=\"https:\/\/www.grupomedcof.com.br\/blog\/o-que-e-residencia-medica\/\" target=\"_blank\" rel=\"noreferrer noopener\">resid\u00eancia<\/a> completa, o <strong>R3 mant\u00e9m v\u00ednculo direto com o programa de Cl\u00ednica M\u00e9dica,<\/strong> funcionando como um <strong>est\u00e1gio avan\u00e7ado dentro da pr\u00f3pria especialidade.<\/strong><\/p>\n\n\n\n<h2 class=\"wp-block-heading\" id=\"h-rotina-do-residente-em-clinica-medica\"><span class=\"ez-toc-section\" id=\"Rotina_do_residente_em_Clinica_Medica\"><\/span><strong>Rotina do residente em Cl\u00ednica M\u00e9dica<\/strong><span class=\"ez-toc-section-end\"><\/span><\/h2>\n\n\n\n<p>O dia a dia do residente em Cl\u00ednica M\u00e9dica \u00e9 din\u00e2mico e desafiador, geralmente come\u00e7ando com <strong>rounds matinais<\/strong> e <strong>visitas aos pacientes<\/strong>, seguidos de <strong>discuss\u00f5es de caso e execu\u00e7\u00e3o de procedimentos<\/strong>.&nbsp;<\/p>\n\n\n\n<p>A semana \u00e9 distribu\u00edda entre <strong>plant\u00f5es, atividades ambulatoriais e acompanhamento em enfermarias<\/strong>, alternando entre pr\u00e1tica intensa e momentos de aprendizado te\u00f3rico.&nbsp;<\/p>\n\n\n\n<p>A carga hor\u00e1ria \u00e9 exigente, com <strong>noites de plant\u00e3o e decis\u00f5es cl\u00ednicas complexas<\/strong>, exigindo <strong>resili\u00eancia, gest\u00e3o de tempo e trabalho em equipe<\/strong>, habilidades essenciais que se consolidam ao longo da forma\u00e7\u00e3o.<\/p>\n\n\n\n<h2 class=\"wp-block-heading\" id=\"h-plantoes-ambulatorio-e-enfermaria\"><span class=\"ez-toc-section\" id=\"Plantoes_ambulatorio_e_enfermaria\"><\/span><strong>Plant\u00f5es, ambulat\u00f3rio e enfermaria<\/strong><span class=\"ez-toc-section-end\"><\/span><\/h2>\n\n\n\n<p>Nos <strong>plant\u00f5es<\/strong>, o residente atende emerg\u00eancias cl\u00ednicas, participa de reanima\u00e7\u00f5es e conduz casos agudos, com turnos que variam entre <strong>12 e 24 horas<\/strong>.&nbsp;<\/p>\n\n\n\n<p>No <strong>ambulat\u00f3rio<\/strong>, realiza <strong>consultas programadas<\/strong>, acompanha pacientes cr\u00f4nicos e aplica conceitos de <strong>medicina preventiva<\/strong>.&nbsp;<\/p>\n\n\n\n<p>J\u00e1 na <strong>enfermaria<\/strong>, \u00e9 respons\u00e1vel pelo <strong>manejo dos pacientes internados<\/strong>, acompanhando sua evolu\u00e7\u00e3o di\u00e1ria e conduzindo altas hospitalares. Em m\u00e9dia, o residente dedica <strong>cerca de 50% do tempo \u00e0 enfermaria<\/strong>, <strong>30% aos plant\u00f5es<\/strong> e <strong>20% ao ambulat\u00f3rio<\/strong>, dependendo da institui\u00e7\u00e3o.<\/p>\n\n\n\n<h2 class=\"wp-block-heading\" id=\"h-atividades-academicas-e-cientificas\"><span class=\"ez-toc-section\" id=\"Atividades_academicas_e_cientificas\"><\/span><strong>Atividades acad\u00eamicas e cient\u00edficas<\/strong><span class=\"ez-toc-section-end\"><\/span><\/h2>\n\n\n\n<p>Al\u00e9m da pr\u00e1tica assistencial, muitos programas incentivam o envolvimento em <strong>pesquisas, apresenta\u00e7\u00f5es em congressos e publica\u00e7\u00f5es de artigos cient\u00edficos<\/strong>. As atividades de ensino incluem <strong>journal clubs, discuss\u00f5es cl\u00ednicas e semin\u00e1rios<\/strong>, que aprimoram o racioc\u00ednio cient\u00edfico e a capacidade de comunica\u00e7\u00e3o m\u00e9dica.&nbsp;<\/p>\n\n\n\n<p>Embora n\u00e3o sejam obrigat\u00f3rias, essas experi\u00eancias s\u00e3o <strong>altamente recomendadas<\/strong>, pois <strong>enriquecem o curr\u00edculo<\/strong> e <strong>fortalecem o desenvolvimento<\/strong><a href=\"https:\/\/www.grupomedcof.com.br\/blog\/categorias\/prova-de-titulo\/\"><strong> profissional <\/strong><\/a><strong>e acad\u00eamico <\/strong>do futuro especialista.<\/p>\n\n\n\n<h2 class=\"wp-block-heading\" id=\"h-mercado-de-trabalho-e-remuneracao\"><span class=\"ez-toc-section\" id=\"Mercado_de_trabalho_e_remuneracao\"><\/span><strong>Mercado de trabalho e remunera\u00e7\u00e3o<\/strong><span class=\"ez-toc-section-end\"><\/span><\/h2>\n\n\n\n<p>O mercado para o m\u00e9dico formado em Cl\u00ednica M\u00e9dica \u00e9 <strong>amplo, diversificado e com alta empregabilidade<\/strong>, especialmente em <strong>concursos p\u00fablicos<\/strong> e institui\u00e7\u00f5es hospitalares. O profissional pode atuar em <strong>aten\u00e7\u00e3o prim\u00e1ria, emerg\u00eancias, hospitais, consult\u00f3rios, servi\u00e7o militar e medicina do trabalho<\/strong>, muitas vezes combinando m\u00faltiplos v\u00ednculos de trabalho.&nbsp;<\/p>\n\n\n\n<p>A crescente valoriza\u00e7\u00e3o da <strong>medicina preventiva e do acompanhamento cont\u00ednuo de pacientes cr\u00f4nicos<\/strong> refor\u00e7a ainda mais a demanda por cl\u00ednicos bem formados em todo o pa\u00eds.<\/p>\n\n\n\n<h2 class=\"wp-block-heading\" id=\"h-media-salarial-por-regiao\"><span class=\"ez-toc-section\" id=\"Media_salarial_por_regiao\"><\/span><strong>M\u00e9dia salarial por regi\u00e3o<\/strong><span class=\"ez-toc-section-end\"><\/span><\/h2>\n\n\n\n<p>A remunera\u00e7\u00e3o do cl\u00ednico m\u00e9dico varia conforme a <strong>regi\u00e3o, carga hor\u00e1ria e tipo de v\u00ednculo<\/strong>, com m\u00e9dia nacional entre <strong>R$8.000 e R$20.000 mensais<\/strong>.<\/p>\n\n\n\n<p>O <strong>Sudeste<\/strong> concentra os <strong>maiores sal\u00e1rios<\/strong>, seguido por <strong>Sul<\/strong> e <strong>Centro-Oeste<\/strong>; <strong>Nordeste<\/strong> e <strong>Norte<\/strong> costumam apresentar valores mais baixos, por\u00e9m com maior oferta de vagas p\u00fablicas.&nbsp;<\/p>\n\n\n\n<p>Al\u00e9m disso, o <strong>setor privado<\/strong> tende a pagar melhor, especialmente em plant\u00f5es e consult\u00f3rios, enquanto o <strong>setor p\u00fablico<\/strong> oferece estabilidade e benef\u00edcios. Segundo o <strong>piso salarial da Fenam<\/strong>, a remunera\u00e7\u00e3o m\u00ednima recomendada \u00e9 de <strong>R$17.742,78 para 20 horas semanais<\/strong>, e a maioria dos cl\u00ednicos atua em <strong>m\u00faltiplos v\u00ednculos<\/strong>, aumentando a renda total.<\/p>\n\n\n\n<h2 class=\"wp-block-heading\" id=\"h-areas-de-atuacao-do-clinico-geral\"><span class=\"ez-toc-section\" id=\"Areas_de_atuacao_do_clinico_geral\"><\/span><strong>\u00c1reas de atua\u00e7\u00e3o do cl\u00ednico geral<\/strong><span class=\"ez-toc-section-end\"><\/span><\/h2>\n\n\n\n<p>A versatilidade \u00e9 uma das maiores vantagens da <a href=\"https:\/\/www.grupomedcof.com.br\/blog\/55-especialidades-medicas\/\" target=\"_blank\" rel=\"noreferrer noopener\">Cl\u00ednica M\u00e9dica.<\/a> O profissional pode atuar em diversas frentes:<\/p>\n\n\n\n<ul class=\"wp-block-list\">\n<li><strong>Aten\u00e7\u00e3o prim\u00e1ria (UBS, ESF):<\/strong> acompanhamento cont\u00ednuo e integral de pacientes.<br><strong>Emerg\u00eancia hospitalar:<\/strong> atendimento a casos agudos e inst\u00e1veis.<\/li>\n\n\n\n<li><strong>Medicina interna\/diarista:<\/strong> cuidado de pacientes internados em enfermarias.<\/li>\n\n\n\n<li><strong>Consult\u00f3rio particular:<\/strong> manejo ambulatorial e medicina preventiva.<\/li>\n\n\n\n<li><strong>UTI (baixa e m\u00e9dia complexidade):<\/strong> suporte cl\u00ednico a pacientes cr\u00edticos.<\/li>\n\n\n\n<li><strong>Medicina do trabalho:<\/strong> avalia\u00e7\u00e3o e promo\u00e7\u00e3o da sa\u00fade ocupacional.<\/li>\n\n\n\n<li><strong>Servi\u00e7os periciais:<\/strong> per\u00edcias m\u00e9dicas e emiss\u00e3o de laudos t\u00e9cnicos.<\/li>\n\n\n\n<li><strong>Home care:<\/strong> atendimento domiciliar e acompanhamento de cr\u00f4nicos.<\/li>\n<\/ul>\n\n\n\n<p>Essa variedade de op\u00e7\u00f5es demonstra a <strong>amplitude e flexibilidade da carreira<\/strong>, permitindo ao cl\u00ednico adaptar sua atua\u00e7\u00e3o conforme interesses e oportunidades.<\/p>\n\n\n\n<h2 class=\"wp-block-heading\" id=\"h-residencias-de-clinica-medica-mais-concorridas\"><span class=\"ez-toc-section\" id=\"Residencias_de_Clinica_Medica_mais_concorridas\"><\/span><strong>Resid\u00eancias de Cl\u00ednica M\u00e9dica mais concorridas<\/strong><span class=\"ez-toc-section-end\"><\/span><\/h2>\n\n\n\n<p>Quer saber algumas das principais institui\u00e7\u00f5es que oferecem vagas para resid\u00eancia em cl\u00ednica m\u00e9dica? Ent\u00e3o veja a lista abaixo com as 5 institui\u00e7\u00f5es mais concorridas do Brasil.<\/p>\n\n\n\n<p>Em primeiro lugar fica o <strong>Hospital S\u00edrio-Liban\u00eas, <\/strong>que teve uma nota de corte consider\u00e1vel:<\/p>\n\n\n\n<ul class=\"wp-block-list\">\n<li>Vagas: 6<\/li>\n\n\n\n<li>Inscritos: 535<\/li>\n\n\n\n<li>Candidatos por vaga: 89,16<\/li>\n\n\n\n<li>Nota de corte: 820<\/li>\n<\/ul>\n\n\n\n<p>Do mesmo modo, os interessados na resid\u00eancia de cl\u00ednica m\u00e9dica da<strong> Secretaria de Estado de Sa\u00fade do Rio de Janeiro (SES-RJ)<\/strong> enfrentaram n\u00fameros altos:<\/p>\n\n\n\n<ul class=\"wp-block-list\">\n<li>Vagas: 4<\/li>\n\n\n\n<li>Inscritos: 344<\/li>\n\n\n\n<li>Candidatos por vaga: 86<\/li>\n\n\n\n<li>Nota de corte: 7,8<\/li>\n<\/ul>\n\n\n\n<p>Bem como a institui\u00e7\u00e3o que ocupa o 3\u00ba lugar da lista, o <strong>Hospital Nossa Senhora das Gra\u00e7as.<\/strong> Com o processo seletivo feito pela <strong>Associa\u00e7\u00e3o M\u00e9dica do Paran\u00e1 (AMP)<\/strong>, apenas 2 vagas estavam dispon\u00edveis, por isso, a concorr\u00eancia chegou perto de 60 candidatos por vaga:<\/p>\n\n\n\n<ul class=\"wp-block-list\">\n<li>Vagas: 2<\/li>\n\n\n\n<li>Inscritos: 114<\/li>\n\n\n\n<li>Candidatos por vaga: 57<\/li>\n\n\n\n<li>Nota de corte: 30<\/li>\n<\/ul>\n\n\n\n<p>Por fim, os hospitais vinculados ao <strong>Processo Seletivo Unificado de Minas Gerais (PSU-MG)<\/strong> apresentam uma concorr\u00eancia significativa para resid\u00eancia de cl\u00ednica m\u00e9dica, como o <strong>Hospital Mater Dei (Unidade Contorno)<\/strong> ocupando o 4\u00ba lugar:<\/p>\n\n\n\n<ul class=\"wp-block-list\">\n<li>Vagas: 5<\/li>\n\n\n\n<li>Inscritos: 279<\/li>\n\n\n\n<li>Candidatos por vaga: 55,8<\/li>\n\n\n\n<li>Nota de corte: 70,9<\/li>\n<\/ul>\n\n\n\n<p>Enquanto o <strong>Hospital Mater Dei (Unidade Santo Agostinho) <\/strong>est\u00e1 no 5\u00aa lugar:<\/p>\n\n\n\n<ul class=\"wp-block-list\">\n<li>Vagas: 4<\/li>\n\n\n\n<li>Inscritos: 220<\/li>\n\n\n\n<li>Candidatos por vaga: 55<\/li>\n\n\n\n<li>Nota de corte: 72,4<\/li>\n<\/ul>\n\n\n\n<h2 class=\"wp-block-heading\" id=\"h-como-se-preparar-para-a-prova\"><span class=\"ez-toc-section\" id=\"Como_se_preparar_para_a_prova\"><\/span><strong>Como se preparar para a prova?<\/strong><span class=\"ez-toc-section-end\"><\/span><\/h2>\n\n\n\n<p>A prepara\u00e7\u00e3o para a resid\u00eancia em Cl\u00ednica M\u00e9dica deve come\u00e7ar com anteced\u00eancia, idealmente entre <strong>12 e 18 meses antes da prova<\/strong>. O primeiro passo \u00e9 <strong>conhecer o edital e analisar provas anteriores<\/strong>, entendendo o perfil da banca e os temas mais cobrados. Um <strong>ciclo de <\/strong><a href=\"https:\/\/www.grupomedcof.com.br\/blog\/rotina-de-estudos-para-estudantes-de-medicina\/\" target=\"_blank\" rel=\"noreferrer noopener\"><strong>estudos<\/strong><\/a><strong> equilibrado<\/strong> deve incluir teoria, resolu\u00e7\u00e3o de quest\u00f5es e revis\u00f5es peri\u00f3dicas para fixar o conte\u00fado.\u00a0<\/p>\n\n\n\n<p>Al\u00e9m disso, <strong>atividades extracurriculares<\/strong>, como est\u00e1gios, monitorias e participa\u00e7\u00e3o em ligas acad\u00eamicas, fortalecem o <strong>curr\u00edculo Lattes<\/strong> e podem garantir <strong>pontos extras<\/strong> na sele\u00e7\u00e3o, aumentando as chances de aprova\u00e7\u00e3o.<\/p>\n\n\n\n<h2 class=\"wp-block-heading\" id=\"h-se-prepare-para-residencia-em-clinica-medica-com-a-medcof\"><span class=\"ez-toc-section\" id=\"Se_prepare_para_Residencia_em_Clinica_Medica_com_a_MedCof\"><\/span><strong>Se prepare para Resid\u00eancia em Cl\u00ednica M\u00e9dica com a MedCof<\/strong><span class=\"ez-toc-section-end\"><\/span><\/h2>\n\n\n\n<p>Passar na resid\u00eancia em Cl\u00ednica M\u00e9dica \u00e9 um grande desafio e a <a href=\"https:\/\/www.grupomedcof.com.br\/home\/sobre-nos\" target=\"_blank\" rel=\"noreferrer noopener\"><strong>MedCof<\/strong><\/a> \u00e9 a parceira ideal para tornar essa conquista poss\u00edvel!\u00a0 Com uma <strong>metodologia focada em provas<\/strong>, professores que s\u00e3o <strong>refer\u00eancia nacional<\/strong> e uma <strong>plataforma inteligente<\/strong> que adapta o estudo ao desempenho do aluno, a MedCof oferece uma prepara\u00e7\u00e3o completa e direcionada.\u00a0<\/p>\n\n\n\n<p>Nossos cursos re\u00fanem<strong> conte\u00fado atualizado, banco extenso de quest\u00f5es comentadas e simulados que reproduzem o formato das principais sele\u00e7\u00f5es do pa\u00eds<\/strong>. Com a <a href=\"https:\/\/www.grupomedcof.com.br\/home\/\" target=\"_blank\" rel=\"noreferrer noopener\">MedCof<\/a>, voc\u00ea estuda com efici\u00eancia, ganha confian\u00e7a e fica <strong>um passo \u00e0 frente na disputa pelas vagas mais concorridas<\/strong> em Cl\u00ednica M\u00e9dica.<\/p>\n\n\n\n<figure class=\"wp-block-embed is-type-video is-provider-youtube wp-block-embed-youtube wp-embed-aspect-4-3 wp-has-aspect-ratio\"><div class=\"wp-block-embed__wrapper\">\n<div class=\"youtube-embed\" data-video_id=\"Go-LMZwVCls\"><iframe loading=\"lazy\" title=\"SingularCast T2 Ep.68 - Live: Atualiza\u00e7\u00f5es e Temas Quentes em G.O\" width=\"696\" height=\"522\" src=\"https:\/\/www.youtube.com\/embed\/Go-LMZwVCls?feature=oembed&#038;enablejsapi=1\" frameborder=\"0\" allow=\"accelerometer; autoplay; clipboard-write; encrypted-media; gyroscope; picture-in-picture; web-share\" referrerpolicy=\"strict-origin-when-cross-origin\" allowfullscreen><\/iframe><\/div>\n<\/div><\/figure>\n","protected":false},"excerpt":{"rendered":"<p>Entenda como funciona a resid\u00eancia, \u00e1reas de atua\u00e7\u00e3o, dura\u00e7\u00e3o do programa e habilidades desenvolvidas. Tudo para sua decis\u00e3o de carreira na medicina.<\/p>\n","protected":false},"author":20,"featured_media":11739,"comment_status":"open","ping_status":"open","sticky":false,"template":"","format":"standard","meta":{"footnotes":""},"categories":[55,115],"tags":[210,68],"ppma_author":[3616],"class_list":{"0":"post-11615","1":"post","2":"type-post","3":"status-publish","4":"format-standard","5":"has-post-thumbnail","7":"category-carreira-medica","8":"category-clinica-medica","9":"tag-clinica-medica","10":"tag-residencia-medica"},"yoast_head":"<!-- This site is optimized with the Yoast SEO Premium plugin v24.3 (Yoast SEO v27.4) - https:\/\/yoast.com\/product\/yoast-seo-premium-wordpress\/ -->\n<title>Resid\u00eancia em Cl\u00ednica M\u00e9dica: Guia Completo da \u00c1rea | Medcof<\/title>\n<meta name=\"description\" content=\"Entenda como funciona a resid\u00eancia, \u00e1reas de atua\u00e7\u00e3o, dura\u00e7\u00e3o do programa e habilidades desenvolvidas. Tudo para sua decis\u00e3o de carreira na medicina.\" \/>\n<meta name=\"robots\" content=\"index, follow, max-snippet:-1, max-image-preview:large, max-video-preview:-1\" \/>\n<link rel=\"canonical\" href=\"https:\/\/www.grupomedcof.com.br\/blog\/residencia-em-clinica-medica-tudo-o-que-voce-precisa-saber\/\" \/>\n<meta property=\"og:locale\" content=\"pt_BR\" \/>\n<meta property=\"og:type\" content=\"article\" \/>\n<meta property=\"og:title\" content=\"Resid\u00eancia em Cl\u00ednica M\u00e9dica: tudo sobre o programa e carreira\" \/>\n<meta property=\"og:description\" content=\"Entenda como funciona a resid\u00eancia, \u00e1reas de atua\u00e7\u00e3o, dura\u00e7\u00e3o do programa e habilidades desenvolvidas. Tudo para sua decis\u00e3o de carreira na medicina.\" \/>\n<meta property=\"og:url\" content=\"https:\/\/www.grupomedcof.com.br\/blog\/residencia-em-clinica-medica-tudo-o-que-voce-precisa-saber\/\" \/>\n<meta property=\"og:site_name\" content=\"Blog de Medcof: conte\u00fados, editais, revalida e mais!\" \/>\n<meta property=\"article:publisher\" content=\"https:\/\/www.facebook.com\/MedCofQbank\/\" \/>\n<meta property=\"article:published_time\" content=\"2025-11-21T19:30:00+00:00\" \/>\n<meta property=\"article:modified_time\" content=\"2026-04-24T13:45:04+00:00\" \/>\n<meta property=\"og:image\" content=\"https:\/\/www.grupomedcof.com.br\/blog\/wp-content\/uploads\/2023\/08\/Blog-MedCof-47-1024x576.png\" \/>\n\t<meta property=\"og:image:width\" content=\"1024\" \/>\n\t<meta property=\"og:image:height\" content=\"576\" \/>\n\t<meta property=\"og:image:type\" content=\"image\/png\" \/>\n<meta name=\"author\" content=\"Leila Menzel\" \/>\n<meta name=\"twitter:card\" content=\"summary_large_image\" \/>\n<meta name=\"twitter:label1\" content=\"Escrito por\" \/>\n\t<meta name=\"twitter:data1\" content=\"Leila Menzel\" \/>\n\t<meta name=\"twitter:label2\" content=\"Est. tempo de leitura\" \/>\n\t<meta name=\"twitter:data2\" content=\"10 minutos\" \/>\n<script type=\"application\/ld+json\" class=\"yoast-schema-graph\">{\"@context\":\"https:\\\/\\\/schema.org\",\"@graph\":[{\"@type\":\"Article\",\"@id\":\"https:\\\/\\\/www.grupomedcof.com.br\\\/blog\\\/residencia-em-clinica-medica-tudo-o-que-voce-precisa-saber\\\/#article\",\"isPartOf\":{\"@id\":\"https:\\\/\\\/www.grupomedcof.com.br\\\/blog\\\/residencia-em-clinica-medica-tudo-o-que-voce-precisa-saber\\\/\"},\"author\":{\"name\":\"Leila Menzel\",\"@id\":\"https:\\\/\\\/www.grupomedcof.com.br\\\/blog\\\/#\\\/schema\\\/person\\\/9a44c2184a836bf5ae6967fdb3a1451e\"},\"headline\":\"Resid\u00eancia em Cl\u00ednica M\u00e9dica: tudo sobre o programa e carreira\",\"datePublished\":\"2025-11-21T19:30:00+00:00\",\"dateModified\":\"2026-04-24T13:45:04+00:00\",\"mainEntityOfPage\":{\"@id\":\"https:\\\/\\\/www.grupomedcof.com.br\\\/blog\\\/residencia-em-clinica-medica-tudo-o-que-voce-precisa-saber\\\/\"},\"wordCount\":2055,\"commentCount\":0,\"publisher\":{\"@id\":\"https:\\\/\\\/www.grupomedcof.com.br\\\/blog\\\/#organization\"},\"image\":{\"@id\":\"https:\\\/\\\/www.grupomedcof.com.br\\\/blog\\\/residencia-em-clinica-medica-tudo-o-que-voce-precisa-saber\\\/#primaryimage\"},\"thumbnailUrl\":\"https:\\\/\\\/www.grupomedcof.com.br\\\/blog\\\/wp-content\\\/uploads\\\/2023\\\/08\\\/Blog-MedCof-47.png\",\"keywords\":[\"Cl\u00ednica M\u00e9dica\",\"Resid\u00eancia M\u00e9dica\"],\"articleSection\":[\"Carreira M\u00e9dica\",\"Cl\u00ednica M\u00e9dica\"],\"inLanguage\":\"pt-BR\"},{\"@type\":\"WebPage\",\"@id\":\"https:\\\/\\\/www.grupomedcof.com.br\\\/blog\\\/residencia-em-clinica-medica-tudo-o-que-voce-precisa-saber\\\/\",\"url\":\"https:\\\/\\\/www.grupomedcof.com.br\\\/blog\\\/residencia-em-clinica-medica-tudo-o-que-voce-precisa-saber\\\/\",\"name\":\"Resid\u00eancia em Cl\u00ednica M\u00e9dica: Guia Completo da \u00c1rea | Medcof\",\"isPartOf\":{\"@id\":\"https:\\\/\\\/www.grupomedcof.com.br\\\/blog\\\/#website\"},\"primaryImageOfPage\":{\"@id\":\"https:\\\/\\\/www.grupomedcof.com.br\\\/blog\\\/residencia-em-clinica-medica-tudo-o-que-voce-precisa-saber\\\/#primaryimage\"},\"image\":{\"@id\":\"https:\\\/\\\/www.grupomedcof.com.br\\\/blog\\\/residencia-em-clinica-medica-tudo-o-que-voce-precisa-saber\\\/#primaryimage\"},\"thumbnailUrl\":\"https:\\\/\\\/www.grupomedcof.com.br\\\/blog\\\/wp-content\\\/uploads\\\/2023\\\/08\\\/Blog-MedCof-47.png\",\"datePublished\":\"2025-11-21T19:30:00+00:00\",\"dateModified\":\"2026-04-24T13:45:04+00:00\",\"description\":\"Entenda como funciona a resid\u00eancia, \u00e1reas de atua\u00e7\u00e3o, dura\u00e7\u00e3o do programa e habilidades desenvolvidas. Tudo para sua decis\u00e3o de carreira na medicina.\",\"breadcrumb\":{\"@id\":\"https:\\\/\\\/www.grupomedcof.com.br\\\/blog\\\/residencia-em-clinica-medica-tudo-o-que-voce-precisa-saber\\\/#breadcrumb\"},\"inLanguage\":\"pt-BR\",\"potentialAction\":[{\"@type\":\"ReadAction\",\"target\":[\"https:\\\/\\\/www.grupomedcof.com.br\\\/blog\\\/residencia-em-clinica-medica-tudo-o-que-voce-precisa-saber\\\/\"]}]},{\"@type\":\"ImageObject\",\"inLanguage\":\"pt-BR\",\"@id\":\"https:\\\/\\\/www.grupomedcof.com.br\\\/blog\\\/residencia-em-clinica-medica-tudo-o-que-voce-precisa-saber\\\/#primaryimage\",\"url\":\"https:\\\/\\\/www.grupomedcof.com.br\\\/blog\\\/wp-content\\\/uploads\\\/2023\\\/08\\\/Blog-MedCof-47.png\",\"contentUrl\":\"https:\\\/\\\/www.grupomedcof.com.br\\\/blog\\\/wp-content\\\/uploads\\\/2023\\\/08\\\/Blog-MedCof-47.png\",\"width\":2560,\"height\":1440,\"caption\":\"m\u00e9dico cl\u00ednico geral, clinica m\u00e9dica, cl\u00ednica medica, clinica medica, cl\u00ednico geral\"},{\"@type\":\"BreadcrumbList\",\"@id\":\"https:\\\/\\\/www.grupomedcof.com.br\\\/blog\\\/residencia-em-clinica-medica-tudo-o-que-voce-precisa-saber\\\/#breadcrumb\",\"itemListElement\":[{\"@type\":\"ListItem\",\"position\":1,\"name\":\"In\u00edcio\",\"item\":\"https:\\\/\\\/www.grupomedcof.com.br\\\/blog\\\/\"},{\"@type\":\"ListItem\",\"position\":2,\"name\":\"Resid\u00eancia em Cl\u00ednica M\u00e9dica: tudo sobre o programa e carreira\"}]},{\"@type\":\"WebSite\",\"@id\":\"https:\\\/\\\/www.grupomedcof.com.br\\\/blog\\\/#website\",\"url\":\"https:\\\/\\\/www.grupomedcof.com.br\\\/blog\\\/\",\"name\":\"Blog de Medcof: conte\u00fados, editais, revalida e mais!\",\"description\":\"Acesso o blog de MedCof! Seu portal de conte\u00fados sobre resid\u00eancia m\u00e9dica, an\u00e1lise e editais e muito mais. Clique e confira!\",\"publisher\":{\"@id\":\"https:\\\/\\\/www.grupomedcof.com.br\\\/blog\\\/#organization\"},\"alternateName\":\"Blog de Medcof: conte\u00fados, editais, revalida e mais!\",\"potentialAction\":[{\"@type\":\"SearchAction\",\"target\":{\"@type\":\"EntryPoint\",\"urlTemplate\":\"https:\\\/\\\/www.grupomedcof.com.br\\\/blog\\\/?s={search_term_string}\"},\"query-input\":{\"@type\":\"PropertyValueSpecification\",\"valueRequired\":true,\"valueName\":\"search_term_string\"}}],\"inLanguage\":\"pt-BR\"},{\"@type\":\"Organization\",\"@id\":\"https:\\\/\\\/www.grupomedcof.com.br\\\/blog\\\/#organization\",\"name\":\"Grupo MedCof\",\"url\":\"https:\\\/\\\/www.grupomedcof.com.br\\\/blog\\\/\",\"logo\":{\"@type\":\"ImageObject\",\"inLanguage\":\"pt-BR\",\"@id\":\"https:\\\/\\\/www.grupomedcof.com.br\\\/blog\\\/#\\\/schema\\\/logo\\\/image\\\/\",\"url\":\"https:\\\/\\\/www.grupomedcof.com.br\\\/blog\\\/wp-content\\\/uploads\\\/2022\\\/01\\\/logo-medcof.png\",\"contentUrl\":\"https:\\\/\\\/www.grupomedcof.com.br\\\/blog\\\/wp-content\\\/uploads\\\/2022\\\/01\\\/logo-medcof.png\",\"width\":768,\"height\":269,\"caption\":\"Grupo MedCof\"},\"image\":{\"@id\":\"https:\\\/\\\/www.grupomedcof.com.br\\\/blog\\\/#\\\/schema\\\/logo\\\/image\\\/\"},\"sameAs\":[\"https:\\\/\\\/www.facebook.com\\\/MedCofQbank\\\/\",\"https:\\\/\\\/www.instagram.com\\\/grupomedcof\\\/\",\"https:\\\/\\\/br.linkedin.com\\\/company\\\/medcof\",\"https:\\\/\\\/www.youtube.com\\\/channel\\\/UCdHMuOHKICxcHwecxN8P-AA\"]},{\"@type\":\"Person\",\"@id\":\"https:\\\/\\\/www.grupomedcof.com.br\\\/blog\\\/#\\\/schema\\\/person\\\/9a44c2184a836bf5ae6967fdb3a1451e\",\"name\":\"Leila Menzel\",\"image\":{\"@type\":\"ImageObject\",\"inLanguage\":\"pt-BR\",\"@id\":\"https:\\\/\\\/www.grupomedcof.com.br\\\/blog\\\/wp-content\\\/uploads\\\/2025\\\/09\\\/cropped-eu-96x96.jpeg19a74936d997c0a8b3031618467fa1d0\",\"url\":\"https:\\\/\\\/www.grupomedcof.com.br\\\/blog\\\/wp-content\\\/uploads\\\/2025\\\/09\\\/cropped-eu-96x96.jpeg\",\"contentUrl\":\"https:\\\/\\\/www.grupomedcof.com.br\\\/blog\\\/wp-content\\\/uploads\\\/2025\\\/09\\\/cropped-eu-96x96.jpeg\",\"caption\":\"Leila Menzel\"},\"description\":\"Estudante do 6\u00b0 semestre de jornalismo, amo e escrevo poesias e viajo em livros de romances clich\u00eas.\",\"url\":\"https:\\\/\\\/www.grupomedcof.com.br\\\/blog\\\/author\\\/leila-menzel\\\/\"}]}<\/script>\n<!-- \/ Yoast SEO Premium plugin. -->","yoast_head_json":{"title":"Resid\u00eancia em Cl\u00ednica M\u00e9dica: Guia Completo da \u00c1rea | Medcof","description":"Entenda como funciona a resid\u00eancia, \u00e1reas de atua\u00e7\u00e3o, dura\u00e7\u00e3o do programa e habilidades desenvolvidas. Tudo para sua decis\u00e3o de carreira na medicina.","robots":{"index":"index","follow":"follow","max-snippet":"max-snippet:-1","max-image-preview":"max-image-preview:large","max-video-preview":"max-video-preview:-1"},"canonical":"https:\/\/www.grupomedcof.com.br\/blog\/residencia-em-clinica-medica-tudo-o-que-voce-precisa-saber\/","og_locale":"pt_BR","og_type":"article","og_title":"Resid\u00eancia em Cl\u00ednica M\u00e9dica: tudo sobre o programa e carreira","og_description":"Entenda como funciona a resid\u00eancia, \u00e1reas de atua\u00e7\u00e3o, dura\u00e7\u00e3o do programa e habilidades desenvolvidas. Tudo para sua decis\u00e3o de carreira na medicina.","og_url":"https:\/\/www.grupomedcof.com.br\/blog\/residencia-em-clinica-medica-tudo-o-que-voce-precisa-saber\/","og_site_name":"Blog de Medcof: conte\u00fados, editais, revalida e mais!","article_publisher":"https:\/\/www.facebook.com\/MedCofQbank\/","article_published_time":"2025-11-21T19:30:00+00:00","article_modified_time":"2026-04-24T13:45:04+00:00","og_image":[{"width":1024,"height":576,"url":"https:\/\/www.grupomedcof.com.br\/blog\/wp-content\/uploads\/2023\/08\/Blog-MedCof-47-1024x576.png","type":"image\/png"}],"author":"Leila Menzel","twitter_card":"summary_large_image","twitter_misc":{"Escrito por":"Leila Menzel","Est. tempo de leitura":"10 minutos"},"schema":{"@context":"https:\/\/schema.org","@graph":[{"@type":"Article","@id":"https:\/\/www.grupomedcof.com.br\/blog\/residencia-em-clinica-medica-tudo-o-que-voce-precisa-saber\/#article","isPartOf":{"@id":"https:\/\/www.grupomedcof.com.br\/blog\/residencia-em-clinica-medica-tudo-o-que-voce-precisa-saber\/"},"author":{"name":"Leila Menzel","@id":"https:\/\/www.grupomedcof.com.br\/blog\/#\/schema\/person\/9a44c2184a836bf5ae6967fdb3a1451e"},"headline":"Resid\u00eancia em Cl\u00ednica M\u00e9dica: tudo sobre o programa e carreira","datePublished":"2025-11-21T19:30:00+00:00","dateModified":"2026-04-24T13:45:04+00:00","mainEntityOfPage":{"@id":"https:\/\/www.grupomedcof.com.br\/blog\/residencia-em-clinica-medica-tudo-o-que-voce-precisa-saber\/"},"wordCount":2055,"commentCount":0,"publisher":{"@id":"https:\/\/www.grupomedcof.com.br\/blog\/#organization"},"image":{"@id":"https:\/\/www.grupomedcof.com.br\/blog\/residencia-em-clinica-medica-tudo-o-que-voce-precisa-saber\/#primaryimage"},"thumbnailUrl":"https:\/\/www.grupomedcof.com.br\/blog\/wp-content\/uploads\/2023\/08\/Blog-MedCof-47.png","keywords":["Cl\u00ednica M\u00e9dica","Resid\u00eancia M\u00e9dica"],"articleSection":["Carreira M\u00e9dica","Cl\u00ednica M\u00e9dica"],"inLanguage":"pt-BR"},{"@type":"WebPage","@id":"https:\/\/www.grupomedcof.com.br\/blog\/residencia-em-clinica-medica-tudo-o-que-voce-precisa-saber\/","url":"https:\/\/www.grupomedcof.com.br\/blog\/residencia-em-clinica-medica-tudo-o-que-voce-precisa-saber\/","name":"Resid\u00eancia em Cl\u00ednica M\u00e9dica: Guia Completo da \u00c1rea | Medcof","isPartOf":{"@id":"https:\/\/www.grupomedcof.com.br\/blog\/#website"},"primaryImageOfPage":{"@id":"https:\/\/www.grupomedcof.com.br\/blog\/residencia-em-clinica-medica-tudo-o-que-voce-precisa-saber\/#primaryimage"},"image":{"@id":"https:\/\/www.grupomedcof.com.br\/blog\/residencia-em-clinica-medica-tudo-o-que-voce-precisa-saber\/#primaryimage"},"thumbnailUrl":"https:\/\/www.grupomedcof.com.br\/blog\/wp-content\/uploads\/2023\/08\/Blog-MedCof-47.png","datePublished":"2025-11-21T19:30:00+00:00","dateModified":"2026-04-24T13:45:04+00:00","description":"Entenda como funciona a resid\u00eancia, \u00e1reas de atua\u00e7\u00e3o, dura\u00e7\u00e3o do programa e habilidades desenvolvidas. Tudo para sua decis\u00e3o de carreira na medicina.","breadcrumb":{"@id":"https:\/\/www.grupomedcof.com.br\/blog\/residencia-em-clinica-medica-tudo-o-que-voce-precisa-saber\/#breadcrumb"},"inLanguage":"pt-BR","potentialAction":[{"@type":"ReadAction","target":["https:\/\/www.grupomedcof.com.br\/blog\/residencia-em-clinica-medica-tudo-o-que-voce-precisa-saber\/"]}]},{"@type":"ImageObject","inLanguage":"pt-BR","@id":"https:\/\/www.grupomedcof.com.br\/blog\/residencia-em-clinica-medica-tudo-o-que-voce-precisa-saber\/#primaryimage","url":"https:\/\/www.grupomedcof.com.br\/blog\/wp-content\/uploads\/2023\/08\/Blog-MedCof-47.png","contentUrl":"https:\/\/www.grupomedcof.com.br\/blog\/wp-content\/uploads\/2023\/08\/Blog-MedCof-47.png","width":2560,"height":1440,"caption":"m\u00e9dico cl\u00ednico geral, clinica m\u00e9dica, cl\u00ednica medica, clinica medica, cl\u00ednico geral"},{"@type":"BreadcrumbList","@id":"https:\/\/www.grupomedcof.com.br\/blog\/residencia-em-clinica-medica-tudo-o-que-voce-precisa-saber\/#breadcrumb","itemListElement":[{"@type":"ListItem","position":1,"name":"In\u00edcio","item":"https:\/\/www.grupomedcof.com.br\/blog\/"},{"@type":"ListItem","position":2,"name":"Resid\u00eancia em Cl\u00ednica M\u00e9dica: tudo sobre o programa e carreira"}]},{"@type":"WebSite","@id":"https:\/\/www.grupomedcof.com.br\/blog\/#website","url":"https:\/\/www.grupomedcof.com.br\/blog\/","name":"Blog de Medcof: conte\u00fados, editais, revalida e mais!","description":"Acesso o blog de MedCof! Seu portal de conte\u00fados sobre resid\u00eancia m\u00e9dica, an\u00e1lise e editais e muito mais. Clique e confira!","publisher":{"@id":"https:\/\/www.grupomedcof.com.br\/blog\/#organization"},"alternateName":"Blog de Medcof: conte\u00fados, editais, revalida e mais!","potentialAction":[{"@type":"SearchAction","target":{"@type":"EntryPoint","urlTemplate":"https:\/\/www.grupomedcof.com.br\/blog\/?s={search_term_string}"},"query-input":{"@type":"PropertyValueSpecification","valueRequired":true,"valueName":"search_term_string"}}],"inLanguage":"pt-BR"},{"@type":"Organization","@id":"https:\/\/www.grupomedcof.com.br\/blog\/#organization","name":"Grupo MedCof","url":"https:\/\/www.grupomedcof.com.br\/blog\/","logo":{"@type":"ImageObject","inLanguage":"pt-BR","@id":"https:\/\/www.grupomedcof.com.br\/blog\/#\/schema\/logo\/image\/","url":"https:\/\/www.grupomedcof.com.br\/blog\/wp-content\/uploads\/2022\/01\/logo-medcof.png","contentUrl":"https:\/\/www.grupomedcof.com.br\/blog\/wp-content\/uploads\/2022\/01\/logo-medcof.png","width":768,"height":269,"caption":"Grupo MedCof"},"image":{"@id":"https:\/\/www.grupomedcof.com.br\/blog\/#\/schema\/logo\/image\/"},"sameAs":["https:\/\/www.facebook.com\/MedCofQbank\/","https:\/\/www.instagram.com\/grupomedcof\/","https:\/\/br.linkedin.com\/company\/medcof","https:\/\/www.youtube.com\/channel\/UCdHMuOHKICxcHwecxN8P-AA"]},{"@type":"Person","@id":"https:\/\/www.grupomedcof.com.br\/blog\/#\/schema\/person\/9a44c2184a836bf5ae6967fdb3a1451e","name":"Leila Menzel","image":{"@type":"ImageObject","inLanguage":"pt-BR","@id":"https:\/\/www.grupomedcof.com.br\/blog\/wp-content\/uploads\/2025\/09\/cropped-eu-96x96.jpeg19a74936d997c0a8b3031618467fa1d0","url":"https:\/\/www.grupomedcof.com.br\/blog\/wp-content\/uploads\/2025\/09\/cropped-eu-96x96.jpeg","contentUrl":"https:\/\/www.grupomedcof.com.br\/blog\/wp-content\/uploads\/2025\/09\/cropped-eu-96x96.jpeg","caption":"Leila Menzel"},"description":"Estudante do 6\u00b0 semestre de jornalismo, amo e escrevo poesias e viajo em livros de romances clich\u00eas.","url":"https:\/\/www.grupomedcof.com.br\/blog\/author\/leila-menzel\/"}]}},"authors":[{"term_id":3616,"user_id":20,"is_guest":0,"slug":"leila-menzel","display_name":"Leila Menzel","avatar_url":"https:\/\/www.grupomedcof.com.br\/blog\/wp-content\/uploads\/2025\/09\/cropped-eu-96x96.jpeg","0":null,"1":"","2":"","3":"","4":"","5":"","6":"","7":"","8":""}],"_links":{"self":[{"href":"https:\/\/www.grupomedcof.com.br\/blog\/wp-json\/wp\/v2\/posts\/11615","targetHints":{"allow":["GET"]}}],"collection":[{"href":"https:\/\/www.grupomedcof.com.br\/blog\/wp-json\/wp\/v2\/posts"}],"about":[{"href":"https:\/\/www.grupomedcof.com.br\/blog\/wp-json\/wp\/v2\/types\/post"}],"author":[{"embeddable":true,"href":"https:\/\/www.grupomedcof.com.br\/blog\/wp-json\/wp\/v2\/users\/20"}],"replies":[{"embeddable":true,"href":"https:\/\/www.grupomedcof.com.br\/blog\/wp-json\/wp\/v2\/comments?post=11615"}],"version-history":[{"count":1,"href":"https:\/\/www.grupomedcof.com.br\/blog\/wp-json\/wp\/v2\/posts\/11615\/revisions"}],"predecessor-version":[{"id":39572,"href":"https:\/\/www.grupomedcof.com.br\/blog\/wp-json\/wp\/v2\/posts\/11615\/revisions\/39572"}],"wp:featuredmedia":[{"embeddable":true,"href":"https:\/\/www.grupomedcof.com.br\/blog\/wp-json\/wp\/v2\/media\/11739"}],"wp:attachment":[{"href":"https:\/\/www.grupomedcof.com.br\/blog\/wp-json\/wp\/v2\/media?parent=11615"}],"wp:term":[{"taxonomy":"category","embeddable":true,"href":"https:\/\/www.grupomedcof.com.br\/blog\/wp-json\/wp\/v2\/categories?post=11615"},{"taxonomy":"post_tag","embeddable":true,"href":"https:\/\/www.grupomedcof.com.br\/blog\/wp-json\/wp\/v2\/tags?post=11615"},{"taxonomy":"author","embeddable":true,"href":"https:\/\/www.grupomedcof.com.br\/blog\/wp-json\/wp\/v2\/ppma_author?post=11615"}],"curies":[{"name":"wp","href":"https:\/\/api.w.org\/{rel}","templated":true}]}}