{"id":11684,"date":"2023-08-30T11:21:40","date_gmt":"2023-08-30T14:21:40","guid":{"rendered":"https:\/\/www.grupomedcof.com.br\/blog\/?p=11684"},"modified":"2023-08-30T11:21:40","modified_gmt":"2023-08-30T14:21:40","slug":"residencia-medica-barretos-2024-edital-publicado","status":"publish","type":"post","link":"https:\/\/www.grupomedcof.com.br\/blog\/residencia-medica-barretos-2024-edital-publicado\/","title":{"rendered":"Resid\u00eancia M\u00e9dica Barretos 2024: Edital publicado"},"content":{"rendered":"<div id=\"ez-toc-container\" class=\"ez-toc-v2_0_74 counter-hierarchy ez-toc-counter ez-toc-transparent ez-toc-container-direction\">\n<div class=\"ez-toc-title-container\">\n<p class=\"ez-toc-title\" style=\"cursor:inherit\">Sum\u00e1rio<\/p>\n<span class=\"ez-toc-title-toggle\"><a href=\"#\" class=\"ez-toc-pull-right ez-toc-btn ez-toc-btn-xs ez-toc-btn-default ez-toc-toggle\" aria-label=\"Alternar tabela de conte\u00fado\"><span class=\"ez-toc-js-icon-con\"><span class=\"\"><span class=\"eztoc-hide\" style=\"display:none;\">Toggle<\/span><span class=\"ez-toc-icon-toggle-span\"><svg style=\"fill: #999;color:#999\" xmlns=\"http:\/\/www.w3.org\/2000\/svg\" class=\"list-377408\" width=\"20px\" height=\"20px\" viewBox=\"0 0 24 24\" fill=\"none\"><path d=\"M6 6H4v2h2V6zm14 0H8v2h12V6zM4 11h2v2H4v-2zm16 0H8v2h12v-2zM4 16h2v2H4v-2zm16 0H8v2h12v-2z\" fill=\"currentColor\"><\/path><\/svg><svg style=\"fill: #999;color:#999\" class=\"arrow-unsorted-368013\" xmlns=\"http:\/\/www.w3.org\/2000\/svg\" width=\"10px\" height=\"10px\" viewBox=\"0 0 24 24\" version=\"1.2\" baseProfile=\"tiny\"><path d=\"M18.2 9.3l-6.2-6.3-6.2 6.3c-.2.2-.3.4-.3.7s.1.5.3.7c.2.2.4.3.7.3h11c.3 0 .5-.1.7-.3.2-.2.3-.5.3-.7s-.1-.5-.3-.7zM5.8 14.7l6.2 6.3 6.2-6.3c.2-.2.3-.5.3-.7s-.1-.5-.3-.7c-.2-.2-.4-.3-.7-.3h-11c-.3 0-.5.1-.7.3-.2.2-.3.5-.3.7s.1.5.3.7z\"\/><\/svg><\/span><\/span><\/span><\/a><\/span><\/div>\n<nav><ul class='ez-toc-list ez-toc-list-level-1 ' ><li class='ez-toc-page-1 ez-toc-heading-level-2'><a class=\"ez-toc-link ez-toc-heading-1\" href=\"https:\/\/www.grupomedcof.com.br\/blog\/residencia-medica-barretos-2024-edital-publicado\/#Residencia_Medica_Barretos_2024_Edital_publicado\" >Resid\u00eancia M\u00e9dica Barretos 2024: Edital publicado<\/a><\/li><li class='ez-toc-page-1 ez-toc-heading-level-2'><a class=\"ez-toc-link ez-toc-heading-2\" href=\"https:\/\/www.grupomedcof.com.br\/blog\/residencia-medica-barretos-2024-edital-publicado\/#Processo_Seletivo_Hospital_Do_Amor\" >Processo Seletivo Hospital Do Amor<\/a><\/li><li class='ez-toc-page-1 ez-toc-heading-level-2'><a class=\"ez-toc-link ez-toc-heading-3\" href=\"https:\/\/www.grupomedcof.com.br\/blog\/residencia-medica-barretos-2024-edital-publicado\/#Residencia_Medica_Barretos_2024_Cronograma\" >Resid\u00eancia M\u00e9dica Barretos 2024:&nbsp;Cronograma<\/a><\/li><li class='ez-toc-page-1 ez-toc-heading-level-2'><a class=\"ez-toc-link ez-toc-heading-4\" href=\"https:\/\/www.grupomedcof.com.br\/blog\/residencia-medica-barretos-2024-edital-publicado\/#Conquiste_a_aprovacao_no_Hospital_de_Barretos\" >Conquiste a aprova\u00e7\u00e3o no Hospital de Barretos<\/a><\/li><\/ul><\/nav><\/div>\n<p><img loading=\"lazy\" decoding=\"async\" width=\"800\" height=\"450\" src=\"https:\/\/www.grupomedcof.com.br\/blog\/wp-content\/uploads\/2023\/08\/Blog-MedCof-2023-08-30T110059.935-1024x576.png\" alt=\"resid\u00eancia m\u00e9dica barretos 2024, resid\u00eancia m\u00e9dica hospital de barretos 2024, resid\u00eancia m\u00e9dica hospital de amor de barretos, hospital de amor barretos, hospital de amor de barretos, hospital de amor de barretos residencia\" srcset=\"https:\/\/www.grupomedcof.com.br\/blog\/wp-content\/uploads\/2023\/08\/Blog-MedCof-2023-08-30T110059.935-1024x576.png 1024w, https:\/\/www.grupomedcof.com.br\/blog\/wp-content\/uploads\/2023\/08\/Blog-MedCof-2023-08-30T110059.935-300x169.png 300w, https:\/\/www.grupomedcof.com.br\/blog\/wp-content\/uploads\/2023\/08\/Blog-MedCof-2023-08-30T110059.935-768x432.png 768w, https:\/\/www.grupomedcof.com.br\/blog\/wp-content\/uploads\/2023\/08\/Blog-MedCof-2023-08-30T110059.935-1536x864.png 1536w, https:\/\/www.grupomedcof.com.br\/blog\/wp-content\/uploads\/2023\/08\/Blog-MedCof-2023-08-30T110059.935-2048x1152.png 2048w\" sizes=\"auto, (max-width: 800px) 100vw, 800px\" \/>\t\t\t\t\t\t\t\t\t\t\t\t\t\t\t<\/p>\n<p>O <strong>Hospital do Amor de Barretos<\/strong>, integrante da Funda\u00e7\u00e3o Pio XII publicou o edital com <strong>10 vagas<\/strong> para resid\u00eancia m\u00e9dica em 2024.<\/p>\n<h4>\n\t\t\t\tLeia a seguir\t\t\t<\/h4>\n<h2 style=\"font-family: Poppins, sans-serif; color: #7a7a7a;\"><span class=\"ez-toc-section\" id=\"Residencia_Medica_Barretos_2024_Edital_publicado\"><\/span>Resid\u00eancia M\u00e9dica Barretos 2024: Edital publicado<span class=\"ez-toc-section-end\"><\/span><\/h2>\n<p>Publicado atrav\u00e9s da CONSESP, respons\u00e1vel pelo processo seletivo, o\u00a0<a href=\"https:\/\/sis.consesp.com.br\/site\/index.php?pg=concursos\/info&amp;codigo=4152\" target=\"_blank\" rel=\"noopener\"><strong>edital<\/strong><\/a>\u00a0disponibiliza\u00a010 vagas para a resid\u00eancia em Medicina de Fam\u00edlia e Comunidade. Assim, segundo o documento, os candidatos poder\u00e3o se inscrever entre os dias <strong>14 de setembro e 12 de novembro 2023<\/strong>, mediante o preenchimento do formul\u00e1rio de inscri\u00e7\u00e3o e o pagamento da taxa de\u00a0R$ 500,00.<\/p>\n<p>\u00a0<\/p>\n<p>Al\u00e9m disso, as solicita\u00e7\u00f5es para\u00a0isen\u00e7\u00e3o\u00a0da taxa ocorrer\u00e3o entre os dias\u00a014 e 17 de setembro.<\/p>\n<p>\t\t\t\t\t\t\t\t\t\t\t\t\t\t\t\t<a href=\"https:\/\/www.grupomedcof.com.br\/blog\/qbank-medcof\/\" target=\"_blank\" rel=\"noopener\"><br \/>\n\t\t\t\t\t\t\t<img loading=\"lazy\" decoding=\"async\" width=\"800\" height=\"128\" src=\"https:\/\/www.grupomedcof.com.br\/blog\/wp-content\/uploads\/2023\/07\/Blog-MedCof-2023-07-06T091657.858-1024x164.png\" alt=\"medcof qbank, medcof aulas, grupo medcof, aulas medcof, qbank, banco de questoes medcof, medcof banco de questoes\" srcset=\"https:\/\/www.grupomedcof.com.br\/blog\/wp-content\/uploads\/2023\/07\/Blog-MedCof-2023-07-06T091657.858-1024x164.png 1024w, https:\/\/www.grupomedcof.com.br\/blog\/wp-content\/uploads\/2023\/07\/Blog-MedCof-2023-07-06T091657.858-300x48.png 300w, https:\/\/www.grupomedcof.com.br\/blog\/wp-content\/uploads\/2023\/07\/Blog-MedCof-2023-07-06T091657.858-768x123.png 768w, https:\/\/www.grupomedcof.com.br\/blog\/wp-content\/uploads\/2023\/07\/Blog-MedCof-2023-07-06T091657.858-1536x246.png 1536w, https:\/\/www.grupomedcof.com.br\/blog\/wp-content\/uploads\/2023\/07\/Blog-MedCof-2023-07-06T091657.858-2048x327.png 2048w\" sizes=\"auto, (max-width: 800px) 100vw, 800px\" \/>\t\t\t\t\t\t\t\t<\/a><\/p>\n<h2 style=\"font-family: Poppins, sans-serif; color: #7a7a7a;\"><span class=\"ez-toc-section\" id=\"Processo_Seletivo_Hospital_Do_Amor\"><\/span>Processo Seletivo Hospital Do Amor<span class=\"ez-toc-section-end\"><\/span><\/h2>\n<p>O processo seletivo para resid\u00eancia m\u00e9dica do <strong>Hospital de Barretos<\/strong> <strong>2024<\/strong> contar\u00e1 com\u00a0duas fases avaliativas, uma prova objetiva e uma an\u00e1lise curricular.\u00a0 Dessa forma, tanto a aplica\u00e7\u00e3o da prova quanto a entrega dos documentos para an\u00e1lise acontecer\u00e3o no dia\u00a003 de dezembro de 2023,<\/p>\n<p>De acordo com o edital, a prova objetiva ter\u00e1\u00a050 quest\u00f5es de m\u00faltipla escolha, distribu\u00eddas entre as 5 grandes \u00e1reas m\u00e9dicas e <b>3 horas de dura\u00e7\u00e3o.<\/b><\/p>\n<p>Al\u00e9m disso, para defini\u00e7\u00e3o do <strong>Resultado da Prova<\/strong> ser\u00e1 efetuado o seguinte c\u00e1lculo: <strong>NPO=(90\/TQP)xNAP<\/strong>, onde:<\/p>\n<ul>\n<li><strong>NPO:<\/strong> Nota da Prova Objetiva<\/li>\n<li><strong>TQP:<\/strong> Total de Quest\u00f5es da Prova<\/li>\n<li><strong>NAP:<\/strong> N\u00famero de Acertos na Prova<\/li>\n<\/ul>\n<h2 style=\"font-family: Poppins, sans-serif; color: rgb(122, 122, 122);\"><span class=\"ez-toc-section\" id=\"Residencia_Medica_Barretos_2024_Cronograma\"><\/span>Resid\u00eancia M\u00e9dica Barretos 2024:&nbsp;Cronograma<span class=\"ez-toc-section-end\"><\/span><\/h2>\n<p>Por fim, confira as principais datas do processo seletivo:<\/p>\n<ul style=\"font-size: 16px; background-color: rgb(255, 255, 255);\">\n<li style=\"font-size: 16px;\">Inscri\u00e7\u00f5es:&nbsp;14\/09 a 1\/12\/2023<\/li>\n<li style=\"font-size: 16px;\">Isen\u00e7\u00e3o:&nbsp;14 a 17\/09\/2023<\/li>\n<li style=\"font-size: 16px;\">Prova objetiva e Entrega de documentos para an\u00e1lise:&nbsp;03\/12\/2023<\/li>\n<li style=\"font-size: 16px;\">Gabarito Preliminar:&nbsp;04\/12\/2023<\/li>\n<li style=\"font-size: 16px;\">Recursos:&nbsp;05 a 06\/12\/2023<\/li>\n<li style=\"font-size: 16px;\">Resultado Preliminar e dos recursos:&nbsp;04\/01\/2024<\/li>\n<li style=\"font-size: 16px;\">Recursos:&nbsp;05 a 06\/01\/2024<\/li>\n<li style=\"font-size: 16px;\">Resultado Final e Convoca\u00e7\u00e3o para matr\u00edcula:&nbsp;15\/01\/2024<\/li>\n<li style=\"font-size: 16px;\">Matr\u00edculas da 1\u00aa chamada:&nbsp;17 a 19\/01\/2024<\/li>\n<\/ul>\n<h2 style=\"font-family: Poppins, sans-serif; color: #7a7a7a;\"><span class=\"ez-toc-section\" id=\"Conquiste_a_aprovacao_no_Hospital_de_Barretos\"><\/span><strong>Conquiste a aprova\u00e7\u00e3o no Hospital de Barretos<\/strong><span class=\"ez-toc-section-end\"><\/span><\/h2>\n<p>As provas de resid\u00eancia est\u00e3o cada vez mais perto! Se voc\u00ea quer<a href=\"https:\/\/www.grupomedcof.com.br\/blog\/presenca-da-medcof-nas-aprovacoes-em-residencia-medica-no-brasil\/\" target=\"_blank\" rel=\"noopener\">\u00a0<strong>ser mais\u00a0um aprovado<\/strong>\u00a0<\/a>nas melhores resid\u00eancias m\u00e9dicas do pa\u00eds, ent\u00e3o conhe\u00e7a o<strong><a href=\"https:\/\/www.grupomedcof.com.br\/\" target=\"_blank\" rel=\"noopener\">\u00a0Grupo\u00a0MedCof<\/a>!<\/strong>\u00a0Temos um cat\u00e1logo repleto de cursos que te guiar\u00e3o na jornada para as provas de Resid\u00eancia M\u00e9dica que ocorrer\u00e3o em 2023\/2024!<\/p>\n<p>\t\t\t\t\t\t\t\t\t\t\t\t\t\t\t\t<a href=\"https:\/\/www.grupomedcof.com.br\/\" target=\"_blank\" rel=\"noopener\"><br \/>\n\t\t\t\t\t\t\t<img loading=\"lazy\" decoding=\"async\" width=\"800\" height=\"378\" src=\"https:\/\/www.grupomedcof.com.br\/blog\/wp-content\/uploads\/2023\/08\/Captura-de-tela-2023-08-16-103405-e1692192957450-1024x484.png\" alt=\"medcof residencia medica, curso Intensivo para Resid\u00eancia M\u00e9dica, curso para resid\u00eancia m\u00e9dica, medcof hiit, aulas medcof,\" srcset=\"https:\/\/www.grupomedcof.com.br\/blog\/wp-content\/uploads\/2023\/08\/Captura-de-tela-2023-08-16-103405-e1692192957450-1024x484.png 1024w, https:\/\/www.grupomedcof.com.br\/blog\/wp-content\/uploads\/2023\/08\/Captura-de-tela-2023-08-16-103405-e1692192957450-300x142.png 300w, https:\/\/www.grupomedcof.com.br\/blog\/wp-content\/uploads\/2023\/08\/Captura-de-tela-2023-08-16-103405-e1692192957450-768x363.png 768w, https:\/\/www.grupomedcof.com.br\/blog\/wp-content\/uploads\/2023\/08\/Captura-de-tela-2023-08-16-103405-e1692192957450.png 1145w\" sizes=\"auto, (max-width: 800px) 100vw, 800px\" \/>\t\t\t\t\t\t\t\t<\/a><\/p>\n","protected":false},"excerpt":{"rendered":"<p>O Hospital de Amor de Barretos, integrante da Funda\u00e7\u00e3o Pio XII publicou o edital com 10 vagas para resid\u00eancia m\u00e9dica em 2024.<\/p>\n","protected":false},"author":6,"featured_media":11685,"comment_status":"open","ping_status":"open","sticky":false,"template":"","format":"standard","meta":{"footnotes":""},"categories":[10,174],"tags":[245,117,68],"ppma_author":[3609],"class_list":{"0":"post-11684","1":"post","2":"type-post","3":"status-publish","4":"format-standard","5":"has-post-thumbnail","7":"category-raio-x-editais","8":"category-residencia-medica","9":"tag-acesso-direto","10":"tag-provas-de-residencia","11":"tag-residencia-medica"},"yoast_head":"<!-- This site is optimized with the Yoast SEO Premium plugin v24.3 (Yoast SEO v27.4) - https:\/\/yoast.com\/product\/yoast-seo-premium-wordpress\/ -->\n<title>Edital Resid\u00eancia M\u00e9dica no Hospital Amor de Barretos - Blog de Medcof: conte\u00fados, editais, revalida e mais!<\/title>\n<meta name=\"description\" content=\"O Hospital de Amor de Barretos, integrante da Funda\u00e7\u00e3o Pio XII publicou o edital com 10 vagas para resid\u00eancia m\u00e9dica em 2024.\" \/>\n<meta name=\"robots\" content=\"index, follow, max-snippet:-1, max-image-preview:large, max-video-preview:-1\" \/>\n<link rel=\"canonical\" href=\"https:\/\/www.grupomedcof.com.br\/blog\/residencia-medica-barretos-2024-edital-publicado\/\" \/>\n<meta property=\"og:locale\" content=\"pt_BR\" \/>\n<meta property=\"og:type\" content=\"article\" \/>\n<meta property=\"og:title\" content=\"Resid\u00eancia M\u00e9dica Barretos 2024: Edital publicado\" \/>\n<meta property=\"og:description\" content=\"O Hospital de Amor de Barretos, integrante da Funda\u00e7\u00e3o Pio XII publicou o edital com 10 vagas para resid\u00eancia m\u00e9dica em 2024.\" \/>\n<meta property=\"og:url\" content=\"https:\/\/www.grupomedcof.com.br\/blog\/residencia-medica-barretos-2024-edital-publicado\/\" \/>\n<meta property=\"og:site_name\" content=\"Blog de Medcof: conte\u00fados, editais, revalida e mais!\" \/>\n<meta property=\"article:publisher\" content=\"https:\/\/www.facebook.com\/MedCofQbank\/\" \/>\n<meta property=\"article:published_time\" content=\"2023-08-30T14:21:40+00:00\" \/>\n<meta property=\"og:image\" content=\"https:\/\/www.grupomedcof.com.br\/blog\/wp-content\/uploads\/2023\/08\/Blog-MedCof-2023-08-30T110059.935-1024x576.png\" \/>\n\t<meta property=\"og:image:width\" content=\"1024\" \/>\n\t<meta property=\"og:image:height\" content=\"576\" \/>\n\t<meta property=\"og:image:type\" content=\"image\/png\" \/>\n<meta name=\"author\" content=\"J\u00falia Moreira\" \/>\n<meta name=\"twitter:card\" content=\"summary_large_image\" \/>\n<meta name=\"twitter:label1\" content=\"Escrito por\" \/>\n\t<meta name=\"twitter:data1\" content=\"J\u00falia Moreira\" \/>\n\t<meta name=\"twitter:label2\" content=\"Est. tempo de leitura\" \/>\n\t<meta name=\"twitter:data2\" content=\"5 minutos\" \/>\n<script type=\"application\/ld+json\" class=\"yoast-schema-graph\">{\"@context\":\"https:\\\/\\\/schema.org\",\"@graph\":[{\"@type\":\"Article\",\"@id\":\"https:\\\/\\\/www.grupomedcof.com.br\\\/blog\\\/residencia-medica-barretos-2024-edital-publicado\\\/#article\",\"isPartOf\":{\"@id\":\"https:\\\/\\\/www.grupomedcof.com.br\\\/blog\\\/residencia-medica-barretos-2024-edital-publicado\\\/\"},\"author\":{\"name\":\"J\u00falia Moreira\",\"@id\":\"https:\\\/\\\/www.grupomedcof.com.br\\\/blog\\\/#\\\/schema\\\/person\\\/1375e0ce724529d7a1d8156ea7f8ceaa\"},\"headline\":\"Resid\u00eancia M\u00e9dica Barretos 2024: Edital publicado\",\"datePublished\":\"2023-08-30T14:21:40+00:00\",\"mainEntityOfPage\":{\"@id\":\"https:\\\/\\\/www.grupomedcof.com.br\\\/blog\\\/residencia-medica-barretos-2024-edital-publicado\\\/\"},\"wordCount\":369,\"commentCount\":2,\"publisher\":{\"@id\":\"https:\\\/\\\/www.grupomedcof.com.br\\\/blog\\\/#organization\"},\"image\":{\"@id\":\"https:\\\/\\\/www.grupomedcof.com.br\\\/blog\\\/residencia-medica-barretos-2024-edital-publicado\\\/#primaryimage\"},\"thumbnailUrl\":\"https:\\\/\\\/www.grupomedcof.com.br\\\/blog\\\/wp-content\\\/uploads\\\/2023\\\/08\\\/Blog-MedCof-2023-08-30T110059.935.png\",\"keywords\":[\"Acesso Direto\",\"Provas de Resid\u00eancia\",\"Resid\u00eancia M\u00e9dica\"],\"articleSection\":[\"Raio-X Editais\",\"Resid\u00eancia m\u00e9dica: editais, resultados, temas quentes e mais\"],\"inLanguage\":\"pt-BR\"},{\"@type\":\"WebPage\",\"@id\":\"https:\\\/\\\/www.grupomedcof.com.br\\\/blog\\\/residencia-medica-barretos-2024-edital-publicado\\\/\",\"url\":\"https:\\\/\\\/www.grupomedcof.com.br\\\/blog\\\/residencia-medica-barretos-2024-edital-publicado\\\/\",\"name\":\"Edital Resid\u00eancia M\u00e9dica no Hospital Amor de Barretos - Blog de Medcof: conte\u00fados, editais, revalida e mais!\",\"isPartOf\":{\"@id\":\"https:\\\/\\\/www.grupomedcof.com.br\\\/blog\\\/#website\"},\"primaryImageOfPage\":{\"@id\":\"https:\\\/\\\/www.grupomedcof.com.br\\\/blog\\\/residencia-medica-barretos-2024-edital-publicado\\\/#primaryimage\"},\"image\":{\"@id\":\"https:\\\/\\\/www.grupomedcof.com.br\\\/blog\\\/residencia-medica-barretos-2024-edital-publicado\\\/#primaryimage\"},\"thumbnailUrl\":\"https:\\\/\\\/www.grupomedcof.com.br\\\/blog\\\/wp-content\\\/uploads\\\/2023\\\/08\\\/Blog-MedCof-2023-08-30T110059.935.png\",\"datePublished\":\"2023-08-30T14:21:40+00:00\",\"description\":\"O Hospital de Amor de Barretos, integrante da Funda\u00e7\u00e3o Pio XII publicou o edital com 10 vagas para resid\u00eancia m\u00e9dica em 2024.\",\"breadcrumb\":{\"@id\":\"https:\\\/\\\/www.grupomedcof.com.br\\\/blog\\\/residencia-medica-barretos-2024-edital-publicado\\\/#breadcrumb\"},\"inLanguage\":\"pt-BR\",\"potentialAction\":[{\"@type\":\"ReadAction\",\"target\":[\"https:\\\/\\\/www.grupomedcof.com.br\\\/blog\\\/residencia-medica-barretos-2024-edital-publicado\\\/\"]}]},{\"@type\":\"ImageObject\",\"inLanguage\":\"pt-BR\",\"@id\":\"https:\\\/\\\/www.grupomedcof.com.br\\\/blog\\\/residencia-medica-barretos-2024-edital-publicado\\\/#primaryimage\",\"url\":\"https:\\\/\\\/www.grupomedcof.com.br\\\/blog\\\/wp-content\\\/uploads\\\/2023\\\/08\\\/Blog-MedCof-2023-08-30T110059.935.png\",\"contentUrl\":\"https:\\\/\\\/www.grupomedcof.com.br\\\/blog\\\/wp-content\\\/uploads\\\/2023\\\/08\\\/Blog-MedCof-2023-08-30T110059.935.png\",\"width\":2560,\"height\":1440,\"caption\":\"O Hospital de Amor de Barretos, integrante da Funda\u00e7\u00e3o Pio XII publicou o edital com 10 vagas para resid\u00eancia m\u00e9dica em 2024.\"},{\"@type\":\"BreadcrumbList\",\"@id\":\"https:\\\/\\\/www.grupomedcof.com.br\\\/blog\\\/residencia-medica-barretos-2024-edital-publicado\\\/#breadcrumb\",\"itemListElement\":[{\"@type\":\"ListItem\",\"position\":1,\"name\":\"In\u00edcio\",\"item\":\"https:\\\/\\\/www.grupomedcof.com.br\\\/blog\\\/\"},{\"@type\":\"ListItem\",\"position\":2,\"name\":\"Resid\u00eancia M\u00e9dica Barretos 2024: Edital publicado\"}]},{\"@type\":\"WebSite\",\"@id\":\"https:\\\/\\\/www.grupomedcof.com.br\\\/blog\\\/#website\",\"url\":\"https:\\\/\\\/www.grupomedcof.com.br\\\/blog\\\/\",\"name\":\"Blog de Medcof: conte\u00fados, editais, revalida e mais!\",\"description\":\"Acesso o blog de MedCof! Seu portal de conte\u00fados sobre resid\u00eancia m\u00e9dica, an\u00e1lise e editais e muito mais. Clique e confira!\",\"publisher\":{\"@id\":\"https:\\\/\\\/www.grupomedcof.com.br\\\/blog\\\/#organization\"},\"alternateName\":\"Blog de Medcof: conte\u00fados, editais, revalida e mais!\",\"potentialAction\":[{\"@type\":\"SearchAction\",\"target\":{\"@type\":\"EntryPoint\",\"urlTemplate\":\"https:\\\/\\\/www.grupomedcof.com.br\\\/blog\\\/?s={search_term_string}\"},\"query-input\":{\"@type\":\"PropertyValueSpecification\",\"valueRequired\":true,\"valueName\":\"search_term_string\"}}],\"inLanguage\":\"pt-BR\"},{\"@type\":\"Organization\",\"@id\":\"https:\\\/\\\/www.grupomedcof.com.br\\\/blog\\\/#organization\",\"name\":\"Grupo MedCof\",\"url\":\"https:\\\/\\\/www.grupomedcof.com.br\\\/blog\\\/\",\"logo\":{\"@type\":\"ImageObject\",\"inLanguage\":\"pt-BR\",\"@id\":\"https:\\\/\\\/www.grupomedcof.com.br\\\/blog\\\/#\\\/schema\\\/logo\\\/image\\\/\",\"url\":\"https:\\\/\\\/www.grupomedcof.com.br\\\/blog\\\/wp-content\\\/uploads\\\/2022\\\/01\\\/logo-medcof.png\",\"contentUrl\":\"https:\\\/\\\/www.grupomedcof.com.br\\\/blog\\\/wp-content\\\/uploads\\\/2022\\\/01\\\/logo-medcof.png\",\"width\":768,\"height\":269,\"caption\":\"Grupo MedCof\"},\"image\":{\"@id\":\"https:\\\/\\\/www.grupomedcof.com.br\\\/blog\\\/#\\\/schema\\\/logo\\\/image\\\/\"},\"sameAs\":[\"https:\\\/\\\/www.facebook.com\\\/MedCofQbank\\\/\",\"https:\\\/\\\/www.instagram.com\\\/grupomedcof\\\/\",\"https:\\\/\\\/br.linkedin.com\\\/company\\\/medcof\",\"https:\\\/\\\/www.youtube.com\\\/channel\\\/UCdHMuOHKICxcHwecxN8P-AA\"]},{\"@type\":\"Person\",\"@id\":\"https:\\\/\\\/www.grupomedcof.com.br\\\/blog\\\/#\\\/schema\\\/person\\\/1375e0ce724529d7a1d8156ea7f8ceaa\",\"name\":\"J\u00falia Moreira\",\"image\":{\"@type\":\"ImageObject\",\"inLanguage\":\"pt-BR\",\"@id\":\"https:\\\/\\\/www.grupomedcof.com.br\\\/blog\\\/wp-content\\\/uploads\\\/2024\\\/12\\\/cropped-Captura-de-tela-2023-12-15-094946-96x96.png6a0083ac34a0445de97d55fae63a4a41\",\"url\":\"https:\\\/\\\/www.grupomedcof.com.br\\\/blog\\\/wp-content\\\/uploads\\\/2024\\\/12\\\/cropped-Captura-de-tela-2023-12-15-094946-96x96.png\",\"contentUrl\":\"https:\\\/\\\/www.grupomedcof.com.br\\\/blog\\\/wp-content\\\/uploads\\\/2024\\\/12\\\/cropped-Captura-de-tela-2023-12-15-094946-96x96.png\",\"caption\":\"J\u00falia Moreira\"},\"description\":\"Estudante do 8\u00ba semestre de Jornalismo na ECA-USP, f\u00e3 de filmes de terror e m\u00fasica popular sul-coreana.\",\"sameAs\":[\"https:\\\/\\\/www.grupomedcof.com.br\\\/\"],\"url\":\"https:\\\/\\\/www.grupomedcof.com.br\\\/blog\\\/author\\\/julia\\\/\"}]}<\/script>\n<!-- \/ Yoast SEO Premium plugin. -->","yoast_head_json":{"title":"Edital Resid\u00eancia M\u00e9dica no Hospital Amor de Barretos - Blog de Medcof: conte\u00fados, editais, revalida e mais!","description":"O Hospital de Amor de Barretos, integrante da Funda\u00e7\u00e3o Pio XII publicou o edital com 10 vagas para resid\u00eancia m\u00e9dica em 2024.","robots":{"index":"index","follow":"follow","max-snippet":"max-snippet:-1","max-image-preview":"max-image-preview:large","max-video-preview":"max-video-preview:-1"},"canonical":"https:\/\/www.grupomedcof.com.br\/blog\/residencia-medica-barretos-2024-edital-publicado\/","og_locale":"pt_BR","og_type":"article","og_title":"Resid\u00eancia M\u00e9dica Barretos 2024: Edital publicado","og_description":"O Hospital de Amor de Barretos, integrante da Funda\u00e7\u00e3o Pio XII publicou o edital com 10 vagas para resid\u00eancia m\u00e9dica em 2024.","og_url":"https:\/\/www.grupomedcof.com.br\/blog\/residencia-medica-barretos-2024-edital-publicado\/","og_site_name":"Blog de Medcof: conte\u00fados, editais, revalida e mais!","article_publisher":"https:\/\/www.facebook.com\/MedCofQbank\/","article_published_time":"2023-08-30T14:21:40+00:00","og_image":[{"width":1024,"height":576,"url":"https:\/\/www.grupomedcof.com.br\/blog\/wp-content\/uploads\/2023\/08\/Blog-MedCof-2023-08-30T110059.935-1024x576.png","type":"image\/png"}],"author":"J\u00falia Moreira","twitter_card":"summary_large_image","twitter_misc":{"Escrito por":"J\u00falia Moreira","Est. tempo de leitura":"5 minutos"},"schema":{"@context":"https:\/\/schema.org","@graph":[{"@type":"Article","@id":"https:\/\/www.grupomedcof.com.br\/blog\/residencia-medica-barretos-2024-edital-publicado\/#article","isPartOf":{"@id":"https:\/\/www.grupomedcof.com.br\/blog\/residencia-medica-barretos-2024-edital-publicado\/"},"author":{"name":"J\u00falia Moreira","@id":"https:\/\/www.grupomedcof.com.br\/blog\/#\/schema\/person\/1375e0ce724529d7a1d8156ea7f8ceaa"},"headline":"Resid\u00eancia M\u00e9dica Barretos 2024: Edital publicado","datePublished":"2023-08-30T14:21:40+00:00","mainEntityOfPage":{"@id":"https:\/\/www.grupomedcof.com.br\/blog\/residencia-medica-barretos-2024-edital-publicado\/"},"wordCount":369,"commentCount":2,"publisher":{"@id":"https:\/\/www.grupomedcof.com.br\/blog\/#organization"},"image":{"@id":"https:\/\/www.grupomedcof.com.br\/blog\/residencia-medica-barretos-2024-edital-publicado\/#primaryimage"},"thumbnailUrl":"https:\/\/www.grupomedcof.com.br\/blog\/wp-content\/uploads\/2023\/08\/Blog-MedCof-2023-08-30T110059.935.png","keywords":["Acesso Direto","Provas de Resid\u00eancia","Resid\u00eancia M\u00e9dica"],"articleSection":["Raio-X Editais","Resid\u00eancia m\u00e9dica: editais, resultados, temas quentes e mais"],"inLanguage":"pt-BR"},{"@type":"WebPage","@id":"https:\/\/www.grupomedcof.com.br\/blog\/residencia-medica-barretos-2024-edital-publicado\/","url":"https:\/\/www.grupomedcof.com.br\/blog\/residencia-medica-barretos-2024-edital-publicado\/","name":"Edital Resid\u00eancia M\u00e9dica no Hospital Amor de Barretos - Blog de Medcof: conte\u00fados, editais, revalida e mais!","isPartOf":{"@id":"https:\/\/www.grupomedcof.com.br\/blog\/#website"},"primaryImageOfPage":{"@id":"https:\/\/www.grupomedcof.com.br\/blog\/residencia-medica-barretos-2024-edital-publicado\/#primaryimage"},"image":{"@id":"https:\/\/www.grupomedcof.com.br\/blog\/residencia-medica-barretos-2024-edital-publicado\/#primaryimage"},"thumbnailUrl":"https:\/\/www.grupomedcof.com.br\/blog\/wp-content\/uploads\/2023\/08\/Blog-MedCof-2023-08-30T110059.935.png","datePublished":"2023-08-30T14:21:40+00:00","description":"O Hospital de Amor de Barretos, integrante da Funda\u00e7\u00e3o Pio XII publicou o edital com 10 vagas para resid\u00eancia m\u00e9dica em 2024.","breadcrumb":{"@id":"https:\/\/www.grupomedcof.com.br\/blog\/residencia-medica-barretos-2024-edital-publicado\/#breadcrumb"},"inLanguage":"pt-BR","potentialAction":[{"@type":"ReadAction","target":["https:\/\/www.grupomedcof.com.br\/blog\/residencia-medica-barretos-2024-edital-publicado\/"]}]},{"@type":"ImageObject","inLanguage":"pt-BR","@id":"https:\/\/www.grupomedcof.com.br\/blog\/residencia-medica-barretos-2024-edital-publicado\/#primaryimage","url":"https:\/\/www.grupomedcof.com.br\/blog\/wp-content\/uploads\/2023\/08\/Blog-MedCof-2023-08-30T110059.935.png","contentUrl":"https:\/\/www.grupomedcof.com.br\/blog\/wp-content\/uploads\/2023\/08\/Blog-MedCof-2023-08-30T110059.935.png","width":2560,"height":1440,"caption":"O Hospital de Amor de Barretos, integrante da Funda\u00e7\u00e3o Pio XII publicou o edital com 10 vagas para resid\u00eancia m\u00e9dica em 2024."},{"@type":"BreadcrumbList","@id":"https:\/\/www.grupomedcof.com.br\/blog\/residencia-medica-barretos-2024-edital-publicado\/#breadcrumb","itemListElement":[{"@type":"ListItem","position":1,"name":"In\u00edcio","item":"https:\/\/www.grupomedcof.com.br\/blog\/"},{"@type":"ListItem","position":2,"name":"Resid\u00eancia M\u00e9dica Barretos 2024: Edital publicado"}]},{"@type":"WebSite","@id":"https:\/\/www.grupomedcof.com.br\/blog\/#website","url":"https:\/\/www.grupomedcof.com.br\/blog\/","name":"Blog de Medcof: conte\u00fados, editais, revalida e mais!","description":"Acesso o blog de MedCof! Seu portal de conte\u00fados sobre resid\u00eancia m\u00e9dica, an\u00e1lise e editais e muito mais. Clique e confira!","publisher":{"@id":"https:\/\/www.grupomedcof.com.br\/blog\/#organization"},"alternateName":"Blog de Medcof: conte\u00fados, editais, revalida e mais!","potentialAction":[{"@type":"SearchAction","target":{"@type":"EntryPoint","urlTemplate":"https:\/\/www.grupomedcof.com.br\/blog\/?s={search_term_string}"},"query-input":{"@type":"PropertyValueSpecification","valueRequired":true,"valueName":"search_term_string"}}],"inLanguage":"pt-BR"},{"@type":"Organization","@id":"https:\/\/www.grupomedcof.com.br\/blog\/#organization","name":"Grupo MedCof","url":"https:\/\/www.grupomedcof.com.br\/blog\/","logo":{"@type":"ImageObject","inLanguage":"pt-BR","@id":"https:\/\/www.grupomedcof.com.br\/blog\/#\/schema\/logo\/image\/","url":"https:\/\/www.grupomedcof.com.br\/blog\/wp-content\/uploads\/2022\/01\/logo-medcof.png","contentUrl":"https:\/\/www.grupomedcof.com.br\/blog\/wp-content\/uploads\/2022\/01\/logo-medcof.png","width":768,"height":269,"caption":"Grupo MedCof"},"image":{"@id":"https:\/\/www.grupomedcof.com.br\/blog\/#\/schema\/logo\/image\/"},"sameAs":["https:\/\/www.facebook.com\/MedCofQbank\/","https:\/\/www.instagram.com\/grupomedcof\/","https:\/\/br.linkedin.com\/company\/medcof","https:\/\/www.youtube.com\/channel\/UCdHMuOHKICxcHwecxN8P-AA"]},{"@type":"Person","@id":"https:\/\/www.grupomedcof.com.br\/blog\/#\/schema\/person\/1375e0ce724529d7a1d8156ea7f8ceaa","name":"J\u00falia Moreira","image":{"@type":"ImageObject","inLanguage":"pt-BR","@id":"https:\/\/www.grupomedcof.com.br\/blog\/wp-content\/uploads\/2024\/12\/cropped-Captura-de-tela-2023-12-15-094946-96x96.png6a0083ac34a0445de97d55fae63a4a41","url":"https:\/\/www.grupomedcof.com.br\/blog\/wp-content\/uploads\/2024\/12\/cropped-Captura-de-tela-2023-12-15-094946-96x96.png","contentUrl":"https:\/\/www.grupomedcof.com.br\/blog\/wp-content\/uploads\/2024\/12\/cropped-Captura-de-tela-2023-12-15-094946-96x96.png","caption":"J\u00falia Moreira"},"description":"Estudante do 8\u00ba semestre de Jornalismo na ECA-USP, f\u00e3 de filmes de terror e m\u00fasica popular sul-coreana.","sameAs":["https:\/\/www.grupomedcof.com.br\/"],"url":"https:\/\/www.grupomedcof.com.br\/blog\/author\/julia\/"}]}},"authors":[{"term_id":3609,"user_id":6,"is_guest":0,"slug":"julia","display_name":"J\u00falia Moreira","avatar_url":"https:\/\/www.grupomedcof.com.br\/blog\/wp-content\/uploads\/2024\/12\/cropped-Captura-de-tela-2023-12-15-094946-96x96.png","0":null,"1":"","2":"","3":"","4":"","5":"","6":"","7":"","8":""}],"_links":{"self":[{"href":"https:\/\/www.grupomedcof.com.br\/blog\/wp-json\/wp\/v2\/posts\/11684","targetHints":{"allow":["GET"]}}],"collection":[{"href":"https:\/\/www.grupomedcof.com.br\/blog\/wp-json\/wp\/v2\/posts"}],"about":[{"href":"https:\/\/www.grupomedcof.com.br\/blog\/wp-json\/wp\/v2\/types\/post"}],"author":[{"embeddable":true,"href":"https:\/\/www.grupomedcof.com.br\/blog\/wp-json\/wp\/v2\/users\/6"}],"replies":[{"embeddable":true,"href":"https:\/\/www.grupomedcof.com.br\/blog\/wp-json\/wp\/v2\/comments?post=11684"}],"version-history":[{"count":0,"href":"https:\/\/www.grupomedcof.com.br\/blog\/wp-json\/wp\/v2\/posts\/11684\/revisions"}],"wp:featuredmedia":[{"embeddable":true,"href":"https:\/\/www.grupomedcof.com.br\/blog\/wp-json\/wp\/v2\/media\/11685"}],"wp:attachment":[{"href":"https:\/\/www.grupomedcof.com.br\/blog\/wp-json\/wp\/v2\/media?parent=11684"}],"wp:term":[{"taxonomy":"category","embeddable":true,"href":"https:\/\/www.grupomedcof.com.br\/blog\/wp-json\/wp\/v2\/categories?post=11684"},{"taxonomy":"post_tag","embeddable":true,"href":"https:\/\/www.grupomedcof.com.br\/blog\/wp-json\/wp\/v2\/tags?post=11684"},{"taxonomy":"author","embeddable":true,"href":"https:\/\/www.grupomedcof.com.br\/blog\/wp-json\/wp\/v2\/ppma_author?post=11684"}],"curies":[{"name":"wp","href":"https:\/\/api.w.org\/{rel}","templated":true}]}}