{"id":11866,"date":"2023-08-31T14:17:21","date_gmt":"2023-08-31T17:17:21","guid":{"rendered":"https:\/\/www.grupomedcof.com.br\/blog\/?p=11866"},"modified":"2023-08-31T14:17:21","modified_gmt":"2023-08-31T17:17:21","slug":"residencia-medica-psu-go-2024-data-da-prova-confirmada","status":"publish","type":"post","link":"https:\/\/www.grupomedcof.com.br\/blog\/residencia-medica-psu-go-2024-data-da-prova-confirmada\/","title":{"rendered":"Prova PSU-GO 2024: Data confirmada"},"content":{"rendered":"<div id=\"ez-toc-container\" class=\"ez-toc-v2_0_74 counter-hierarchy ez-toc-counter ez-toc-transparent ez-toc-container-direction\">\n<div class=\"ez-toc-title-container\">\n<p class=\"ez-toc-title\" style=\"cursor:inherit\">Sum\u00e1rio<\/p>\n<span class=\"ez-toc-title-toggle\"><a href=\"#\" class=\"ez-toc-pull-right ez-toc-btn ez-toc-btn-xs ez-toc-btn-default ez-toc-toggle\" aria-label=\"Alternar tabela de conte\u00fado\"><span class=\"ez-toc-js-icon-con\"><span class=\"\"><span class=\"eztoc-hide\" style=\"display:none;\">Toggle<\/span><span class=\"ez-toc-icon-toggle-span\"><svg style=\"fill: #999;color:#999\" xmlns=\"http:\/\/www.w3.org\/2000\/svg\" class=\"list-377408\" width=\"20px\" height=\"20px\" viewBox=\"0 0 24 24\" fill=\"none\"><path d=\"M6 6H4v2h2V6zm14 0H8v2h12V6zM4 11h2v2H4v-2zm16 0H8v2h12v-2zM4 16h2v2H4v-2zm16 0H8v2h12v-2z\" fill=\"currentColor\"><\/path><\/svg><svg style=\"fill: #999;color:#999\" class=\"arrow-unsorted-368013\" xmlns=\"http:\/\/www.w3.org\/2000\/svg\" width=\"10px\" height=\"10px\" viewBox=\"0 0 24 24\" version=\"1.2\" baseProfile=\"tiny\"><path d=\"M18.2 9.3l-6.2-6.3-6.2 6.3c-.2.2-.3.4-.3.7s.1.5.3.7c.2.2.4.3.7.3h11c.3 0 .5-.1.7-.3.2-.2.3-.5.3-.7s-.1-.5-.3-.7zM5.8 14.7l6.2 6.3 6.2-6.3c.2-.2.3-.5.3-.7s-.1-.5-.3-.7c-.2-.2-.4-.3-.7-.3h-11c-.3 0-.5.1-.7.3-.2.2-.3.5-.3.7s.1.5.3.7z\"\/><\/svg><\/span><\/span><\/span><\/a><\/span><\/div>\n<nav><ul class='ez-toc-list ez-toc-list-level-1 ' ><li class='ez-toc-page-1 ez-toc-heading-level-2'><a class=\"ez-toc-link ez-toc-heading-1\" href=\"https:\/\/www.grupomedcof.com.br\/blog\/residencia-medica-psu-go-2024-data-da-prova-confirmada\/#Residencia_Medica_PSU-GO_2024\" >Resid\u00eancia M\u00e9dica PSU-GO 2024<\/a><\/li><li class='ez-toc-page-1 ez-toc-heading-level-2'><a class=\"ez-toc-link ez-toc-heading-2\" href=\"https:\/\/www.grupomedcof.com.br\/blog\/residencia-medica-psu-go-2024-data-da-prova-confirmada\/#Residencia_Medica_PSU-GO_2023\" >Resid\u00eancia M\u00e9dica PSU-GO 2023<\/a><ul class='ez-toc-list-level-3' ><li class='ez-toc-heading-level-3'><a class=\"ez-toc-link ez-toc-heading-3\" href=\"https:\/\/www.grupomedcof.com.br\/blog\/residencia-medica-psu-go-2024-data-da-prova-confirmada\/#Processo_Seletivo_PSU-GO\" >Processo Seletivo PSU-GO<\/a><\/li><li class='ez-toc-page-1 ez-toc-heading-level-3'><a class=\"ez-toc-link ez-toc-heading-4\" href=\"https:\/\/www.grupomedcof.com.br\/blog\/residencia-medica-psu-go-2024-data-da-prova-confirmada\/#Resultado_PSU-GO_2023\" >Resultado PSU-GO 2023<\/a><\/li><li class='ez-toc-page-1 ez-toc-heading-level-3'><a class=\"ez-toc-link ez-toc-heading-5\" href=\"https:\/\/www.grupomedcof.com.br\/blog\/residencia-medica-psu-go-2024-data-da-prova-confirmada\/#Nota_de_corte\" >Nota de corte<\/a><\/li><\/ul><\/li><li class='ez-toc-page-1 ez-toc-heading-level-2'><a class=\"ez-toc-link ez-toc-heading-6\" href=\"https:\/\/www.grupomedcof.com.br\/blog\/residencia-medica-psu-go-2024-data-da-prova-confirmada\/#Conquiste_a_aprovacao\" >Conquiste a aprova\u00e7\u00e3o<\/a><\/li><\/ul><\/nav><\/div>\n<p><img loading=\"lazy\" decoding=\"async\" width=\"800\" height=\"450\" src=\"https:\/\/www.grupomedcof.com.br\/blog\/wp-content\/uploads\/2023\/08\/Blog-MedCof-2023-08-31T121657.891-1024x576.png\" alt=\"psu go, resid\u00eancia m\u00e9dica psu go, cerem go, residencia medica psu go, psu go 2023, prova psu 2023, prova psu 2022, notas de corte psu 2022\" srcset=\"https:\/\/www.grupomedcof.com.br\/blog\/wp-content\/uploads\/2023\/08\/Blog-MedCof-2023-08-31T121657.891-1024x576.png 1024w, https:\/\/www.grupomedcof.com.br\/blog\/wp-content\/uploads\/2023\/08\/Blog-MedCof-2023-08-31T121657.891-300x169.png 300w, https:\/\/www.grupomedcof.com.br\/blog\/wp-content\/uploads\/2023\/08\/Blog-MedCof-2023-08-31T121657.891-768x432.png 768w, https:\/\/www.grupomedcof.com.br\/blog\/wp-content\/uploads\/2023\/08\/Blog-MedCof-2023-08-31T121657.891-1536x864.png 1536w, https:\/\/www.grupomedcof.com.br\/blog\/wp-content\/uploads\/2023\/08\/Blog-MedCof-2023-08-31T121657.891-2048x1152.png 2048w\" sizes=\"auto, (max-width: 800px) 100vw, 800px\" \/>\t\t\t\t\t\t\t\t\t\t\t\t\t\t\t<\/p>\n<p>AREMG divulgou a data para a prova de resid\u00eancia m\u00e9dica do PSU-GO 2024. Definida para o dia<strong> 19 de novembro de 2023<\/strong>, ela coincidir\u00e1 com os processos seletivos da AMRIGS e do SUS-BA.<\/p>\n<h4>\n\t\t\t\tVeja a seguir\t\t\t<\/h4>\n<h2 style=\"font-size: var(--wp--preset--font-size--large) !important;\"><span class=\"ez-toc-section\" id=\"Residencia_Medica_PSU-GO_2024\"><\/span>Resid\u00eancia M\u00e9dica PSU-GO 2024<span class=\"ez-toc-section-end\"><\/span><\/h2>\n<p>A Associa\u00e7\u00e3o de Apoio a Resid\u00eancia M\u00e9dica de Minas Gerais (AREMG) publicou atrav\u00e9s do seu<strong><a href=\"http:\/\/www.aremg.org.br\/detalhes-do-processo\/comunicado--data-da-prova-do-psu-goias-2024\/1487\" target=\"_blank\" rel=\"nofollow noopener\"> site oficial<\/a><\/strong> o comunicado confirmando a data de aplica\u00e7\u00e3o da prova objetiva do PSU-GO 2024 para o dia<strong> 19 de novembro de 2023.<\/strong><\/p>\n<p>\u00a0<\/p>\n<p>De acordo com o comunicado, o envio do Curr\u00edculo para an\u00e1lise na segunda etapa dever\u00e1 ocorrer no <strong>momento da inscri\u00e7\u00e3o<\/strong>. Assim, os demais detalhes sobre o processo seletivo estar\u00e3o presentes nos <strong>editais previstos para o m\u00eas de setembro.<\/strong><\/p>\n<p>\u00a0<\/p>\n<p>Mas, enquanto aguardamos mais informa\u00e7\u00f5es sobre esta edi\u00e7\u00e3o, que tal relembrarmos<strong> como foi o PSU-Go 2023?<\/strong><\/p>\n<p>\t\t\t\t\t\t\t\t\t\t\t\t\t\t\t\t<a href=\"https:\/\/www.grupomedcof.com.br\/blog\/qbank-medcof\/\" target=\"_blank\" rel=\"noopener\"><br \/>\n\t\t\t\t\t\t\t<img loading=\"lazy\" decoding=\"async\" width=\"800\" height=\"128\" src=\"https:\/\/www.grupomedcof.com.br\/blog\/wp-content\/uploads\/2023\/07\/Blog-MedCof-2023-07-06T091657.858-1024x164.png\" alt=\"medcof qbank, medcof aulas, grupo medcof, aulas medcof, qbank, banco de questoes medcof, medcof banco de questoes\" srcset=\"https:\/\/www.grupomedcof.com.br\/blog\/wp-content\/uploads\/2023\/07\/Blog-MedCof-2023-07-06T091657.858-1024x164.png 1024w, https:\/\/www.grupomedcof.com.br\/blog\/wp-content\/uploads\/2023\/07\/Blog-MedCof-2023-07-06T091657.858-300x48.png 300w, https:\/\/www.grupomedcof.com.br\/blog\/wp-content\/uploads\/2023\/07\/Blog-MedCof-2023-07-06T091657.858-768x123.png 768w, https:\/\/www.grupomedcof.com.br\/blog\/wp-content\/uploads\/2023\/07\/Blog-MedCof-2023-07-06T091657.858-1536x246.png 1536w, https:\/\/www.grupomedcof.com.br\/blog\/wp-content\/uploads\/2023\/07\/Blog-MedCof-2023-07-06T091657.858-2048x327.png 2048w\" sizes=\"auto, (max-width: 800px) 100vw, 800px\" \/>\t\t\t\t\t\t\t\t<\/a><\/p>\n<h2 style=\"font-size: var(--wp--preset--font-size--large) !important;\"><span class=\"ez-toc-section\" id=\"Residencia_Medica_PSU-GO_2023\"><\/span>Resid\u00eancia M\u00e9dica PSU-GO 2023<span class=\"ez-toc-section-end\"><\/span><\/h2>\n<p>Na\u00a0<a href=\"https:\/\/www.grupomedcof.com.br\/blog\/residencia-medica-psu-go-2023-2\/\" target=\"_blank\" rel=\"noopener\">\u00faltima edi\u00e7\u00e3o<\/a>\u00a0do processo seletivo para resid\u00eancia m\u00e9dica do PSU-GO,\u00a0\u00a0as 10 institui\u00e7\u00f5es participantes ofertaram\u00a0248 vagas\u00a0\u00a0para as quais\u00a0mais de 3 mil candidatos\u00a0se inscreveram. Sendo assim, as inscri\u00e7\u00f5es ocorreram entre os dias <b>20 de outubro 22 de novembro<\/b> de 2022 e as especialidades que registraram a maior concorr\u00eancia foram\u00a0Psiquiatria, com uma rela\u00e7\u00e3o candidato\/vagas de 37,0 e Otorrinolaringologia com 27,0.<\/p>\n<h3><span class=\"ez-toc-section\" id=\"Processo_Seletivo_PSU-GO\"><\/span><strong>Processo Seletivo PSU-GO<\/strong><span class=\"ez-toc-section-end\"><\/span><\/h3>\n<p>O processo seletivo conta com\u00a0duas fases avaliativas, uma prova objetiva valendo 90 pontos e uma An\u00e1lise Curricular valendo os 10 pontos restantes. Desse modo, os candidatos de Acesso Direto enfrentaram 100 quest\u00f5es divididas entre as 5 grandes \u00e1reas m\u00e9dicas. J\u00e1 os programas com pr\u00e9-requisito tiveram 50 quest\u00f5es de acordo com a especialidade escolhida. Ademais, para prosseguir para a segunda fase, o candidatos deveriam obter o<strong> m\u00ednimo de 50% de acertos na prova objetiva.<br \/><\/strong>\t\t<\/p>\n<h3><span class=\"ez-toc-section\" id=\"Resultado_PSU-GO_2023\"><\/span><strong>Resultado PSU-GO 2023<\/strong><span class=\"ez-toc-section-end\"><\/span><\/h3>\n<p>Ap\u00f3s a realiza\u00e7\u00e3o da<strong> prova objetiva no dia 11 de dezembro de 2022<\/strong> e da an\u00e1lise curricular com os devidos prazos de divulga\u00e7\u00e3o e interposi\u00e7\u00e3o dos recursos, o resultado final do processo seletivo foi publicado no dia <strong>27 de janeiro de 2023,<\/strong> juntamente com a primeira convoca\u00e7\u00e3o para matr\u00edcula. Ao todo, ocorreram 30 convoca\u00e7\u00f5es.<strong><br \/><\/strong>\t\t<\/p>\n<h3><span class=\"ez-toc-section\" id=\"Nota_de_corte\"><\/span><strong>Nota de corte<\/strong><span class=\"ez-toc-section-end\"><\/span><\/h3>\n<table>\n<thead>\n<tr>\n<th>Especialidades<\/th>\n<th>Nota de corte<\/th>\n<\/tr>\n<\/thead>\n<tbody>\n<tr>\n<td>Anestesiologia<\/td>\n<td>45,9<\/td>\n<\/tr>\n<tr>\n<td>Cardiologia<\/td>\n<td>45<\/td>\n<\/tr>\n<tr>\n<td>Cirurgia da M\u00e3o<\/td>\n<td>57,6<\/td>\n<\/tr>\n<tr>\n<td>Cirurgia de Cabe\u00e7a e Pesco\u00e7o<\/td>\n<td>68,4<\/td>\n<\/tr>\n<tr>\n<td>Cirurgia do Aparelho Digestivo<\/td>\n<td>52,2<\/td>\n<\/tr>\n<tr>\n<td>Cirurgia Geral<\/td>\n<td>45<\/td>\n<\/tr>\n<tr>\n<td>Cirurgia Oncol\u00f3gica<\/td>\n<td>55,8<\/td>\n<\/tr>\n<tr>\n<td>Cirurgia Pl\u00e1stica<\/td>\n<td>52,2<\/td>\n<\/tr>\n<tr>\n<td>Cirurgia Vascular<\/td>\n<td>50,4<\/td>\n<\/tr>\n<tr>\n<td>Cl\u00ednica M\u00e9dica<\/td>\n<td>45<\/td>\n<\/tr>\n<tr>\n<td>Coloproctologia<\/td>\n<td>57,6<\/td>\n<\/tr>\n<tr>\n<td>Dermatologia<\/td>\n<td>46,8<\/td>\n<\/tr>\n<tr>\n<td>Endocrinologia e Metabologia<\/td>\n<td>48,6<\/td>\n<\/tr>\n<tr>\n<td>Gastroenterologia<\/td>\n<td>55,8<\/td>\n<\/tr>\n<tr>\n<td>Gastroenterologia Pedi\u00e1trica<\/td>\n<td>50,4<\/td>\n<\/tr>\n<tr>\n<td>Hematologia e Hemoterapia<\/td>\n<td>52,2<\/td>\n<\/tr>\n<tr>\n<td>Infectologia<\/td>\n<td>54,9<\/td>\n<\/tr>\n<tr>\n<td>Mastologia<\/td>\n<td>54<\/td>\n<\/tr>\n<tr>\n<td>Medicina de Emerg\u00eancia<\/td>\n<td>60,3<\/td>\n<\/tr>\n<tr>\n<td>Medicina de Fam\u00edlia e Comunidade<\/td>\n<td>46,8<\/td>\n<\/tr>\n<tr>\n<td>Medicina do Adolescente<\/td>\n<td>50,4<\/td>\n<\/tr>\n<tr>\n<td>Medicina Intensiva<\/td>\n<td>45,9<\/td>\n<\/tr>\n<tr>\n<td>Medicina Intensiva Pedi\u00e1trica<\/td>\n<td>57,6<\/td>\n<\/tr>\n<tr>\n<td>Nefrologia<\/td>\n<td>52,2<\/td>\n<\/tr>\n<tr>\n<td>Nefrologia Pedi\u00e1trica<\/td>\n<td>63<\/td>\n<\/tr>\n<tr>\n<td>Neonatologia<\/td>\n<td>55,8<\/td>\n<\/tr>\n<tr>\n<td>Neurocirurgia<\/td>\n<td>54,9<\/td>\n<\/tr>\n<tr>\n<td>Neurologia<\/td>\n<td>51,3<\/td>\n<\/tr>\n<tr>\n<td>Obstetr\u00edcia e Ginecologia<\/td>\n<td>45<\/td>\n<\/tr>\n<tr>\n<td>Oftalmologia<\/td>\n<td>46,8<\/td>\n<\/tr>\n<tr>\n<td>Oncologia Cl\u00ednica<\/td>\n<td>46,8<\/td>\n<\/tr>\n<tr>\n<td>Ortopedia e Traumatologia<\/td>\n<td>45,9<\/td>\n<\/tr>\n<tr>\n<td>Otorrinolaringologia<\/td>\n<td>47,7<\/td>\n<\/tr>\n<tr>\n<td>Patologia<\/td>\n<td>51,3<\/td>\n<\/tr>\n<tr>\n<td>Pediatria<\/td>\n<td>45<\/td>\n<\/tr>\n<tr>\n<td>Pneumologia<\/td>\n<td>54<\/td>\n<\/tr>\n<tr>\n<td>Psiquiatria<\/td>\n<td>50,4<\/td>\n<\/tr>\n<tr>\n<td>Radiologia e Diagn\u00f3stico por Imagem<\/td>\n<td>49,5<\/td>\n<\/tr>\n<tr>\n<td>Radioterapia<\/td>\n<td>54<\/td>\n<\/tr>\n<tr>\n<td>Reprodu\u00e7\u00e3o Assistida<\/td>\n<td>73,8<\/td>\n<\/tr>\n<tr>\n<td>Reumatologia<\/td>\n<td>59,4<\/td>\n<\/tr>\n<tr>\n<td>Ultrassonografia em Ginecologia e Obstetr\u00edcia<\/td>\n<td>57,6<\/td>\n<\/tr>\n<tr>\n<td>Urologia<\/td>\n<td>52,2<\/td>\n<\/tr>\n<\/tbody>\n<\/table>\n<p>Nota de corte definida com base no \u00faltimo candidato de cada especialidade convocado para a 2\u00aa fase.<strong><br \/><\/strong><\/p>\n<h2 style=\"font-size: var(--wp--preset--font-size--large) !important;\"><span class=\"ez-toc-section\" id=\"Conquiste_a_aprovacao\"><\/span>Conquiste a aprova\u00e7\u00e3o<span class=\"ez-toc-section-end\"><\/span><\/h2>\n<p>As provas de resid\u00eancia est\u00e3o cada vez mais perto! Se voc\u00ea quer<a href=\"https:\/\/www.grupomedcof.com.br\/blog\/presenca-da-medcof-nas-aprovacoes-em-residencia-medica-no-brasil\/\" target=\"_blank\" rel=\"noreferrer noopener\">\u00a0ser<\/a>\u00a0<a href=\"https:\/\/www.grupomedcof.com.br\/blog\/presenca-da-medcof-nas-aprovacoes-em-residencia-medica-no-brasil\/\" target=\"_blank\" rel=\"noreferrer noopener\">aprovado\u00a0<\/a>nas melhores resid\u00eancias m\u00e9dicas do pa\u00eds, ent\u00e3o conhe\u00e7a o<a href=\"https:\/\/www.grupomedcof.com.br\/\" target=\"_blank\" rel=\"noreferrer noopener\">\u00a0Grupo\u00a0MedCof<\/a>!\u00a0Temos um cat\u00e1logo repleto de cursos que te guiar\u00e3o na jornada para as provas de Resid\u00eancia M\u00e9dica que ocorrer\u00e3o em 2023\/2024!<\/p>\n<p>\t\t\t\t\t\t\t\t\t\t\t\t\t\t\t\t<a href=\"https:\/\/www.grupomedcof.com.br\/\" target=\"_blank\" rel=\"noopener\"><br \/>\n\t\t\t\t\t\t\t<img loading=\"lazy\" decoding=\"async\" width=\"800\" height=\"378\" src=\"https:\/\/www.grupomedcof.com.br\/blog\/wp-content\/uploads\/2023\/08\/Captura-de-tela-2023-08-16-103405-e1692192957450-1024x484.png\" alt=\"medcof residencia medica, curso Intensivo para Resid\u00eancia M\u00e9dica, curso para resid\u00eancia m\u00e9dica, medcof hiit, aulas medcof,\" srcset=\"https:\/\/www.grupomedcof.com.br\/blog\/wp-content\/uploads\/2023\/08\/Captura-de-tela-2023-08-16-103405-e1692192957450-1024x484.png 1024w, https:\/\/www.grupomedcof.com.br\/blog\/wp-content\/uploads\/2023\/08\/Captura-de-tela-2023-08-16-103405-e1692192957450-300x142.png 300w, https:\/\/www.grupomedcof.com.br\/blog\/wp-content\/uploads\/2023\/08\/Captura-de-tela-2023-08-16-103405-e1692192957450-768x363.png 768w, https:\/\/www.grupomedcof.com.br\/blog\/wp-content\/uploads\/2023\/08\/Captura-de-tela-2023-08-16-103405-e1692192957450.png 1145w\" sizes=\"auto, (max-width: 800px) 100vw, 800px\" \/>\t\t\t\t\t\t\t\t<\/a><\/p>\n","protected":false},"excerpt":{"rendered":"<p>AREMG divulgou a data para a prova de resid\u00eancia m\u00e9dica do PSU-GO. Definida para o dia 19 de novembro de 2023, a prova objetiva<\/p>\n","protected":false},"author":6,"featured_media":11869,"comment_status":"open","ping_status":"open","sticky":false,"template":"","format":"standard","meta":{"footnotes":""},"categories":[174],"tags":[245,117,261,68],"ppma_author":[3609],"class_list":{"0":"post-11866","1":"post","2":"type-post","3":"status-publish","4":"format-standard","5":"has-post-thumbnail","7":"category-residencia-medica","8":"tag-acesso-direto","9":"tag-provas-de-residencia","10":"tag-psu-go","11":"tag-residencia-medica"},"yoast_head":"<!-- This site is optimized with the Yoast SEO Premium plugin v24.3 (Yoast SEO v27.4) - https:\/\/yoast.com\/product\/yoast-seo-premium-wordpress\/ -->\n<title>Prova PSU-GO 2024: Data confirmada - Blog de Medcof: conte\u00fados, editais, revalida e mais!<\/title>\n<meta name=\"description\" content=\"AREMG divulgou a data para a prova de resid\u00eancia m\u00e9dica do PSU-GO 2024. Definida para o dia 19 de novembro de 2023, a prova objetiva....\" \/>\n<meta name=\"robots\" content=\"index, follow, max-snippet:-1, max-image-preview:large, max-video-preview:-1\" \/>\n<link rel=\"canonical\" href=\"https:\/\/www.grupomedcof.com.br\/blog\/residencia-medica-psu-go-2024-data-da-prova-confirmada\/\" \/>\n<meta property=\"og:locale\" content=\"pt_BR\" \/>\n<meta property=\"og:type\" content=\"article\" \/>\n<meta property=\"og:title\" content=\"Prova PSU-GO 2024: Data confirmada\" \/>\n<meta property=\"og:description\" content=\"AREMG divulgou a data para a prova de resid\u00eancia m\u00e9dica do PSU-GO 2024. Definida para o dia 19 de novembro de 2023, a prova objetiva....\" \/>\n<meta property=\"og:url\" content=\"https:\/\/www.grupomedcof.com.br\/blog\/residencia-medica-psu-go-2024-data-da-prova-confirmada\/\" \/>\n<meta property=\"og:site_name\" content=\"Blog de Medcof: conte\u00fados, editais, revalida e mais!\" \/>\n<meta property=\"article:publisher\" content=\"https:\/\/www.facebook.com\/MedCofQbank\/\" \/>\n<meta property=\"article:published_time\" content=\"2023-08-31T17:17:21+00:00\" \/>\n<meta property=\"og:image\" content=\"https:\/\/www.grupomedcof.com.br\/blog\/wp-content\/uploads\/2023\/08\/Blog-MedCof-2023-08-31T121657.891-1024x576.png\" \/>\n\t<meta property=\"og:image:width\" content=\"1024\" \/>\n\t<meta property=\"og:image:height\" content=\"576\" \/>\n\t<meta property=\"og:image:type\" content=\"image\/png\" \/>\n<meta name=\"author\" content=\"J\u00falia Moreira\" \/>\n<meta name=\"twitter:card\" content=\"summary_large_image\" \/>\n<meta name=\"twitter:label1\" content=\"Escrito por\" \/>\n\t<meta name=\"twitter:data1\" content=\"J\u00falia Moreira\" \/>\n\t<meta name=\"twitter:label2\" content=\"Est. tempo de leitura\" \/>\n\t<meta name=\"twitter:data2\" content=\"7 minutos\" \/>\n<script type=\"application\/ld+json\" class=\"yoast-schema-graph\">{\"@context\":\"https:\\\/\\\/schema.org\",\"@graph\":[{\"@type\":\"Article\",\"@id\":\"https:\\\/\\\/www.grupomedcof.com.br\\\/blog\\\/residencia-medica-psu-go-2024-data-da-prova-confirmada\\\/#article\",\"isPartOf\":{\"@id\":\"https:\\\/\\\/www.grupomedcof.com.br\\\/blog\\\/residencia-medica-psu-go-2024-data-da-prova-confirmada\\\/\"},\"author\":{\"name\":\"J\u00falia Moreira\",\"@id\":\"https:\\\/\\\/www.grupomedcof.com.br\\\/blog\\\/#\\\/schema\\\/person\\\/1375e0ce724529d7a1d8156ea7f8ceaa\"},\"headline\":\"Prova PSU-GO 2024: Data confirmada\",\"datePublished\":\"2023-08-31T17:17:21+00:00\",\"mainEntityOfPage\":{\"@id\":\"https:\\\/\\\/www.grupomedcof.com.br\\\/blog\\\/residencia-medica-psu-go-2024-data-da-prova-confirmada\\\/\"},\"wordCount\":538,\"commentCount\":0,\"publisher\":{\"@id\":\"https:\\\/\\\/www.grupomedcof.com.br\\\/blog\\\/#organization\"},\"image\":{\"@id\":\"https:\\\/\\\/www.grupomedcof.com.br\\\/blog\\\/residencia-medica-psu-go-2024-data-da-prova-confirmada\\\/#primaryimage\"},\"thumbnailUrl\":\"https:\\\/\\\/www.grupomedcof.com.br\\\/blog\\\/wp-content\\\/uploads\\\/2023\\\/08\\\/Blog-MedCof-2023-08-31T121657.891.png\",\"keywords\":[\"Acesso Direto\",\"Provas de Resid\u00eancia\",\"PSU-GO\",\"Resid\u00eancia M\u00e9dica\"],\"articleSection\":[\"Resid\u00eancia m\u00e9dica: editais, resultados, temas quentes e mais\"],\"inLanguage\":\"pt-BR\"},{\"@type\":\"WebPage\",\"@id\":\"https:\\\/\\\/www.grupomedcof.com.br\\\/blog\\\/residencia-medica-psu-go-2024-data-da-prova-confirmada\\\/\",\"url\":\"https:\\\/\\\/www.grupomedcof.com.br\\\/blog\\\/residencia-medica-psu-go-2024-data-da-prova-confirmada\\\/\",\"name\":\"Prova PSU-GO 2024: Data confirmada - Blog de Medcof: conte\u00fados, editais, revalida e mais!\",\"isPartOf\":{\"@id\":\"https:\\\/\\\/www.grupomedcof.com.br\\\/blog\\\/#website\"},\"primaryImageOfPage\":{\"@id\":\"https:\\\/\\\/www.grupomedcof.com.br\\\/blog\\\/residencia-medica-psu-go-2024-data-da-prova-confirmada\\\/#primaryimage\"},\"image\":{\"@id\":\"https:\\\/\\\/www.grupomedcof.com.br\\\/blog\\\/residencia-medica-psu-go-2024-data-da-prova-confirmada\\\/#primaryimage\"},\"thumbnailUrl\":\"https:\\\/\\\/www.grupomedcof.com.br\\\/blog\\\/wp-content\\\/uploads\\\/2023\\\/08\\\/Blog-MedCof-2023-08-31T121657.891.png\",\"datePublished\":\"2023-08-31T17:17:21+00:00\",\"description\":\"AREMG divulgou a data para a prova de resid\u00eancia m\u00e9dica do PSU-GO 2024. Definida para o dia 19 de novembro de 2023, a prova objetiva....\",\"breadcrumb\":{\"@id\":\"https:\\\/\\\/www.grupomedcof.com.br\\\/blog\\\/residencia-medica-psu-go-2024-data-da-prova-confirmada\\\/#breadcrumb\"},\"inLanguage\":\"pt-BR\",\"potentialAction\":[{\"@type\":\"ReadAction\",\"target\":[\"https:\\\/\\\/www.grupomedcof.com.br\\\/blog\\\/residencia-medica-psu-go-2024-data-da-prova-confirmada\\\/\"]}]},{\"@type\":\"ImageObject\",\"inLanguage\":\"pt-BR\",\"@id\":\"https:\\\/\\\/www.grupomedcof.com.br\\\/blog\\\/residencia-medica-psu-go-2024-data-da-prova-confirmada\\\/#primaryimage\",\"url\":\"https:\\\/\\\/www.grupomedcof.com.br\\\/blog\\\/wp-content\\\/uploads\\\/2023\\\/08\\\/Blog-MedCof-2023-08-31T121657.891.png\",\"contentUrl\":\"https:\\\/\\\/www.grupomedcof.com.br\\\/blog\\\/wp-content\\\/uploads\\\/2023\\\/08\\\/Blog-MedCof-2023-08-31T121657.891.png\",\"width\":2560,\"height\":1440,\"caption\":\"AREMG divulgou a data para a prova de resid\u00eancia m\u00e9dica do PSU-GO 2024. Definida para o dia 19 de novembro de 2023, a prova objetiva....\"},{\"@type\":\"BreadcrumbList\",\"@id\":\"https:\\\/\\\/www.grupomedcof.com.br\\\/blog\\\/residencia-medica-psu-go-2024-data-da-prova-confirmada\\\/#breadcrumb\",\"itemListElement\":[{\"@type\":\"ListItem\",\"position\":1,\"name\":\"In\u00edcio\",\"item\":\"https:\\\/\\\/www.grupomedcof.com.br\\\/blog\\\/\"},{\"@type\":\"ListItem\",\"position\":2,\"name\":\"Prova PSU-GO 2024: Data confirmada\"}]},{\"@type\":\"WebSite\",\"@id\":\"https:\\\/\\\/www.grupomedcof.com.br\\\/blog\\\/#website\",\"url\":\"https:\\\/\\\/www.grupomedcof.com.br\\\/blog\\\/\",\"name\":\"Blog de Medcof: conte\u00fados, editais, revalida e mais!\",\"description\":\"Acesso o blog de MedCof! Seu portal de conte\u00fados sobre resid\u00eancia m\u00e9dica, an\u00e1lise e editais e muito mais. Clique e confira!\",\"publisher\":{\"@id\":\"https:\\\/\\\/www.grupomedcof.com.br\\\/blog\\\/#organization\"},\"alternateName\":\"Blog de Medcof: conte\u00fados, editais, revalida e mais!\",\"potentialAction\":[{\"@type\":\"SearchAction\",\"target\":{\"@type\":\"EntryPoint\",\"urlTemplate\":\"https:\\\/\\\/www.grupomedcof.com.br\\\/blog\\\/?s={search_term_string}\"},\"query-input\":{\"@type\":\"PropertyValueSpecification\",\"valueRequired\":true,\"valueName\":\"search_term_string\"}}],\"inLanguage\":\"pt-BR\"},{\"@type\":\"Organization\",\"@id\":\"https:\\\/\\\/www.grupomedcof.com.br\\\/blog\\\/#organization\",\"name\":\"Grupo MedCof\",\"url\":\"https:\\\/\\\/www.grupomedcof.com.br\\\/blog\\\/\",\"logo\":{\"@type\":\"ImageObject\",\"inLanguage\":\"pt-BR\",\"@id\":\"https:\\\/\\\/www.grupomedcof.com.br\\\/blog\\\/#\\\/schema\\\/logo\\\/image\\\/\",\"url\":\"https:\\\/\\\/www.grupomedcof.com.br\\\/blog\\\/wp-content\\\/uploads\\\/2022\\\/01\\\/logo-medcof.png\",\"contentUrl\":\"https:\\\/\\\/www.grupomedcof.com.br\\\/blog\\\/wp-content\\\/uploads\\\/2022\\\/01\\\/logo-medcof.png\",\"width\":768,\"height\":269,\"caption\":\"Grupo MedCof\"},\"image\":{\"@id\":\"https:\\\/\\\/www.grupomedcof.com.br\\\/blog\\\/#\\\/schema\\\/logo\\\/image\\\/\"},\"sameAs\":[\"https:\\\/\\\/www.facebook.com\\\/MedCofQbank\\\/\",\"https:\\\/\\\/www.instagram.com\\\/grupomedcof\\\/\",\"https:\\\/\\\/br.linkedin.com\\\/company\\\/medcof\",\"https:\\\/\\\/www.youtube.com\\\/channel\\\/UCdHMuOHKICxcHwecxN8P-AA\"]},{\"@type\":\"Person\",\"@id\":\"https:\\\/\\\/www.grupomedcof.com.br\\\/blog\\\/#\\\/schema\\\/person\\\/1375e0ce724529d7a1d8156ea7f8ceaa\",\"name\":\"J\u00falia Moreira\",\"image\":{\"@type\":\"ImageObject\",\"inLanguage\":\"pt-BR\",\"@id\":\"https:\\\/\\\/www.grupomedcof.com.br\\\/blog\\\/wp-content\\\/uploads\\\/2024\\\/12\\\/cropped-Captura-de-tela-2023-12-15-094946-96x96.png6a0083ac34a0445de97d55fae63a4a41\",\"url\":\"https:\\\/\\\/www.grupomedcof.com.br\\\/blog\\\/wp-content\\\/uploads\\\/2024\\\/12\\\/cropped-Captura-de-tela-2023-12-15-094946-96x96.png\",\"contentUrl\":\"https:\\\/\\\/www.grupomedcof.com.br\\\/blog\\\/wp-content\\\/uploads\\\/2024\\\/12\\\/cropped-Captura-de-tela-2023-12-15-094946-96x96.png\",\"caption\":\"J\u00falia Moreira\"},\"description\":\"Estudante do 8\u00ba semestre de Jornalismo na ECA-USP, f\u00e3 de filmes de terror e m\u00fasica popular sul-coreana.\",\"sameAs\":[\"https:\\\/\\\/www.grupomedcof.com.br\\\/\"],\"url\":\"https:\\\/\\\/www.grupomedcof.com.br\\\/blog\\\/author\\\/julia\\\/\"}]}<\/script>\n<!-- \/ Yoast SEO Premium plugin. -->","yoast_head_json":{"title":"Prova PSU-GO 2024: Data confirmada - Blog de Medcof: conte\u00fados, editais, revalida e mais!","description":"AREMG divulgou a data para a prova de resid\u00eancia m\u00e9dica do PSU-GO 2024. Definida para o dia 19 de novembro de 2023, a prova objetiva....","robots":{"index":"index","follow":"follow","max-snippet":"max-snippet:-1","max-image-preview":"max-image-preview:large","max-video-preview":"max-video-preview:-1"},"canonical":"https:\/\/www.grupomedcof.com.br\/blog\/residencia-medica-psu-go-2024-data-da-prova-confirmada\/","og_locale":"pt_BR","og_type":"article","og_title":"Prova PSU-GO 2024: Data confirmada","og_description":"AREMG divulgou a data para a prova de resid\u00eancia m\u00e9dica do PSU-GO 2024. Definida para o dia 19 de novembro de 2023, a prova objetiva....","og_url":"https:\/\/www.grupomedcof.com.br\/blog\/residencia-medica-psu-go-2024-data-da-prova-confirmada\/","og_site_name":"Blog de Medcof: conte\u00fados, editais, revalida e mais!","article_publisher":"https:\/\/www.facebook.com\/MedCofQbank\/","article_published_time":"2023-08-31T17:17:21+00:00","og_image":[{"width":1024,"height":576,"url":"https:\/\/www.grupomedcof.com.br\/blog\/wp-content\/uploads\/2023\/08\/Blog-MedCof-2023-08-31T121657.891-1024x576.png","type":"image\/png"}],"author":"J\u00falia Moreira","twitter_card":"summary_large_image","twitter_misc":{"Escrito por":"J\u00falia Moreira","Est. tempo de leitura":"7 minutos"},"schema":{"@context":"https:\/\/schema.org","@graph":[{"@type":"Article","@id":"https:\/\/www.grupomedcof.com.br\/blog\/residencia-medica-psu-go-2024-data-da-prova-confirmada\/#article","isPartOf":{"@id":"https:\/\/www.grupomedcof.com.br\/blog\/residencia-medica-psu-go-2024-data-da-prova-confirmada\/"},"author":{"name":"J\u00falia Moreira","@id":"https:\/\/www.grupomedcof.com.br\/blog\/#\/schema\/person\/1375e0ce724529d7a1d8156ea7f8ceaa"},"headline":"Prova PSU-GO 2024: Data confirmada","datePublished":"2023-08-31T17:17:21+00:00","mainEntityOfPage":{"@id":"https:\/\/www.grupomedcof.com.br\/blog\/residencia-medica-psu-go-2024-data-da-prova-confirmada\/"},"wordCount":538,"commentCount":0,"publisher":{"@id":"https:\/\/www.grupomedcof.com.br\/blog\/#organization"},"image":{"@id":"https:\/\/www.grupomedcof.com.br\/blog\/residencia-medica-psu-go-2024-data-da-prova-confirmada\/#primaryimage"},"thumbnailUrl":"https:\/\/www.grupomedcof.com.br\/blog\/wp-content\/uploads\/2023\/08\/Blog-MedCof-2023-08-31T121657.891.png","keywords":["Acesso Direto","Provas de Resid\u00eancia","PSU-GO","Resid\u00eancia M\u00e9dica"],"articleSection":["Resid\u00eancia m\u00e9dica: editais, resultados, temas quentes e mais"],"inLanguage":"pt-BR"},{"@type":"WebPage","@id":"https:\/\/www.grupomedcof.com.br\/blog\/residencia-medica-psu-go-2024-data-da-prova-confirmada\/","url":"https:\/\/www.grupomedcof.com.br\/blog\/residencia-medica-psu-go-2024-data-da-prova-confirmada\/","name":"Prova PSU-GO 2024: Data confirmada - Blog de Medcof: conte\u00fados, editais, revalida e mais!","isPartOf":{"@id":"https:\/\/www.grupomedcof.com.br\/blog\/#website"},"primaryImageOfPage":{"@id":"https:\/\/www.grupomedcof.com.br\/blog\/residencia-medica-psu-go-2024-data-da-prova-confirmada\/#primaryimage"},"image":{"@id":"https:\/\/www.grupomedcof.com.br\/blog\/residencia-medica-psu-go-2024-data-da-prova-confirmada\/#primaryimage"},"thumbnailUrl":"https:\/\/www.grupomedcof.com.br\/blog\/wp-content\/uploads\/2023\/08\/Blog-MedCof-2023-08-31T121657.891.png","datePublished":"2023-08-31T17:17:21+00:00","description":"AREMG divulgou a data para a prova de resid\u00eancia m\u00e9dica do PSU-GO 2024. Definida para o dia 19 de novembro de 2023, a prova objetiva....","breadcrumb":{"@id":"https:\/\/www.grupomedcof.com.br\/blog\/residencia-medica-psu-go-2024-data-da-prova-confirmada\/#breadcrumb"},"inLanguage":"pt-BR","potentialAction":[{"@type":"ReadAction","target":["https:\/\/www.grupomedcof.com.br\/blog\/residencia-medica-psu-go-2024-data-da-prova-confirmada\/"]}]},{"@type":"ImageObject","inLanguage":"pt-BR","@id":"https:\/\/www.grupomedcof.com.br\/blog\/residencia-medica-psu-go-2024-data-da-prova-confirmada\/#primaryimage","url":"https:\/\/www.grupomedcof.com.br\/blog\/wp-content\/uploads\/2023\/08\/Blog-MedCof-2023-08-31T121657.891.png","contentUrl":"https:\/\/www.grupomedcof.com.br\/blog\/wp-content\/uploads\/2023\/08\/Blog-MedCof-2023-08-31T121657.891.png","width":2560,"height":1440,"caption":"AREMG divulgou a data para a prova de resid\u00eancia m\u00e9dica do PSU-GO 2024. Definida para o dia 19 de novembro de 2023, a prova objetiva...."},{"@type":"BreadcrumbList","@id":"https:\/\/www.grupomedcof.com.br\/blog\/residencia-medica-psu-go-2024-data-da-prova-confirmada\/#breadcrumb","itemListElement":[{"@type":"ListItem","position":1,"name":"In\u00edcio","item":"https:\/\/www.grupomedcof.com.br\/blog\/"},{"@type":"ListItem","position":2,"name":"Prova PSU-GO 2024: Data confirmada"}]},{"@type":"WebSite","@id":"https:\/\/www.grupomedcof.com.br\/blog\/#website","url":"https:\/\/www.grupomedcof.com.br\/blog\/","name":"Blog de Medcof: conte\u00fados, editais, revalida e mais!","description":"Acesso o blog de MedCof! Seu portal de conte\u00fados sobre resid\u00eancia m\u00e9dica, an\u00e1lise e editais e muito mais. Clique e confira!","publisher":{"@id":"https:\/\/www.grupomedcof.com.br\/blog\/#organization"},"alternateName":"Blog de Medcof: conte\u00fados, editais, revalida e mais!","potentialAction":[{"@type":"SearchAction","target":{"@type":"EntryPoint","urlTemplate":"https:\/\/www.grupomedcof.com.br\/blog\/?s={search_term_string}"},"query-input":{"@type":"PropertyValueSpecification","valueRequired":true,"valueName":"search_term_string"}}],"inLanguage":"pt-BR"},{"@type":"Organization","@id":"https:\/\/www.grupomedcof.com.br\/blog\/#organization","name":"Grupo MedCof","url":"https:\/\/www.grupomedcof.com.br\/blog\/","logo":{"@type":"ImageObject","inLanguage":"pt-BR","@id":"https:\/\/www.grupomedcof.com.br\/blog\/#\/schema\/logo\/image\/","url":"https:\/\/www.grupomedcof.com.br\/blog\/wp-content\/uploads\/2022\/01\/logo-medcof.png","contentUrl":"https:\/\/www.grupomedcof.com.br\/blog\/wp-content\/uploads\/2022\/01\/logo-medcof.png","width":768,"height":269,"caption":"Grupo MedCof"},"image":{"@id":"https:\/\/www.grupomedcof.com.br\/blog\/#\/schema\/logo\/image\/"},"sameAs":["https:\/\/www.facebook.com\/MedCofQbank\/","https:\/\/www.instagram.com\/grupomedcof\/","https:\/\/br.linkedin.com\/company\/medcof","https:\/\/www.youtube.com\/channel\/UCdHMuOHKICxcHwecxN8P-AA"]},{"@type":"Person","@id":"https:\/\/www.grupomedcof.com.br\/blog\/#\/schema\/person\/1375e0ce724529d7a1d8156ea7f8ceaa","name":"J\u00falia Moreira","image":{"@type":"ImageObject","inLanguage":"pt-BR","@id":"https:\/\/www.grupomedcof.com.br\/blog\/wp-content\/uploads\/2024\/12\/cropped-Captura-de-tela-2023-12-15-094946-96x96.png6a0083ac34a0445de97d55fae63a4a41","url":"https:\/\/www.grupomedcof.com.br\/blog\/wp-content\/uploads\/2024\/12\/cropped-Captura-de-tela-2023-12-15-094946-96x96.png","contentUrl":"https:\/\/www.grupomedcof.com.br\/blog\/wp-content\/uploads\/2024\/12\/cropped-Captura-de-tela-2023-12-15-094946-96x96.png","caption":"J\u00falia Moreira"},"description":"Estudante do 8\u00ba semestre de Jornalismo na ECA-USP, f\u00e3 de filmes de terror e m\u00fasica popular sul-coreana.","sameAs":["https:\/\/www.grupomedcof.com.br\/"],"url":"https:\/\/www.grupomedcof.com.br\/blog\/author\/julia\/"}]}},"authors":[{"term_id":3609,"user_id":6,"is_guest":0,"slug":"julia","display_name":"J\u00falia Moreira","avatar_url":"https:\/\/www.grupomedcof.com.br\/blog\/wp-content\/uploads\/2024\/12\/cropped-Captura-de-tela-2023-12-15-094946-96x96.png","0":null,"1":"","2":"","3":"","4":"","5":"","6":"","7":"","8":""}],"_links":{"self":[{"href":"https:\/\/www.grupomedcof.com.br\/blog\/wp-json\/wp\/v2\/posts\/11866","targetHints":{"allow":["GET"]}}],"collection":[{"href":"https:\/\/www.grupomedcof.com.br\/blog\/wp-json\/wp\/v2\/posts"}],"about":[{"href":"https:\/\/www.grupomedcof.com.br\/blog\/wp-json\/wp\/v2\/types\/post"}],"author":[{"embeddable":true,"href":"https:\/\/www.grupomedcof.com.br\/blog\/wp-json\/wp\/v2\/users\/6"}],"replies":[{"embeddable":true,"href":"https:\/\/www.grupomedcof.com.br\/blog\/wp-json\/wp\/v2\/comments?post=11866"}],"version-history":[{"count":0,"href":"https:\/\/www.grupomedcof.com.br\/blog\/wp-json\/wp\/v2\/posts\/11866\/revisions"}],"wp:featuredmedia":[{"embeddable":true,"href":"https:\/\/www.grupomedcof.com.br\/blog\/wp-json\/wp\/v2\/media\/11869"}],"wp:attachment":[{"href":"https:\/\/www.grupomedcof.com.br\/blog\/wp-json\/wp\/v2\/media?parent=11866"}],"wp:term":[{"taxonomy":"category","embeddable":true,"href":"https:\/\/www.grupomedcof.com.br\/blog\/wp-json\/wp\/v2\/categories?post=11866"},{"taxonomy":"post_tag","embeddable":true,"href":"https:\/\/www.grupomedcof.com.br\/blog\/wp-json\/wp\/v2\/tags?post=11866"},{"taxonomy":"author","embeddable":true,"href":"https:\/\/www.grupomedcof.com.br\/blog\/wp-json\/wp\/v2\/ppma_author?post=11866"}],"curies":[{"name":"wp","href":"https:\/\/api.w.org\/{rel}","templated":true}]}}