{"id":12055,"date":"2023-09-04T17:02:21","date_gmt":"2023-09-04T20:02:21","guid":{"rendered":"https:\/\/www.grupomedcof.com.br\/blog\/?p=12055"},"modified":"2023-09-04T17:02:21","modified_gmt":"2023-09-04T20:02:21","slug":"surce-2024-vagas-por-instituicao","status":"publish","type":"post","link":"https:\/\/www.grupomedcof.com.br\/blog\/surce-2024-vagas-por-instituicao\/","title":{"rendered":"SURCE 2024: Vagas por institui\u00e7\u00e3o"},"content":{"rendered":"<div id=\"ez-toc-container\" class=\"ez-toc-v2_0_74 counter-hierarchy ez-toc-counter ez-toc-transparent ez-toc-container-direction\">\n<div class=\"ez-toc-title-container\">\n<p class=\"ez-toc-title\" style=\"cursor:inherit\">Sum\u00e1rio<\/p>\n<span class=\"ez-toc-title-toggle\"><a href=\"#\" class=\"ez-toc-pull-right ez-toc-btn ez-toc-btn-xs ez-toc-btn-default ez-toc-toggle\" aria-label=\"Alternar tabela de conte\u00fado\"><span class=\"ez-toc-js-icon-con\"><span class=\"\"><span class=\"eztoc-hide\" style=\"display:none;\">Toggle<\/span><span class=\"ez-toc-icon-toggle-span\"><svg style=\"fill: #999;color:#999\" xmlns=\"http:\/\/www.w3.org\/2000\/svg\" class=\"list-377408\" width=\"20px\" height=\"20px\" viewBox=\"0 0 24 24\" fill=\"none\"><path d=\"M6 6H4v2h2V6zm14 0H8v2h12V6zM4 11h2v2H4v-2zm16 0H8v2h12v-2zM4 16h2v2H4v-2zm16 0H8v2h12v-2z\" fill=\"currentColor\"><\/path><\/svg><svg style=\"fill: #999;color:#999\" class=\"arrow-unsorted-368013\" xmlns=\"http:\/\/www.w3.org\/2000\/svg\" width=\"10px\" height=\"10px\" viewBox=\"0 0 24 24\" version=\"1.2\" baseProfile=\"tiny\"><path d=\"M18.2 9.3l-6.2-6.3-6.2 6.3c-.2.2-.3.4-.3.7s.1.5.3.7c.2.2.4.3.7.3h11c.3 0 .5-.1.7-.3.2-.2.3-.5.3-.7s-.1-.5-.3-.7zM5.8 14.7l6.2 6.3 6.2-6.3c.2-.2.3-.5.3-.7s-.1-.5-.3-.7c-.2-.2-.4-.3-.7-.3h-11c-.3 0-.5.1-.7.3-.2.2-.3.5-.3.7s.1.5.3.7z\"\/><\/svg><\/span><\/span><\/span><\/a><\/span><\/div>\n<nav><ul class='ez-toc-list ez-toc-list-level-1 ' ><li class='ez-toc-page-1 ez-toc-heading-level-2'><a class=\"ez-toc-link ez-toc-heading-1\" href=\"https:\/\/www.grupomedcof.com.br\/blog\/surce-2024-vagas-por-instituicao\/#SURCE_2024_Vagas_por_Instituicao\" >SURCE 2024: Vagas por Institui\u00e7\u00e3o<\/a><ul class='ez-toc-list-level-3' ><li class='ez-toc-heading-level-3'><a class=\"ez-toc-link ez-toc-heading-2\" href=\"https:\/\/www.grupomedcof.com.br\/blog\/surce-2024-vagas-por-instituicao\/#Hospital_Universitario_Water_CantidioMaternidade_Escola_Assis_Chateaubriand_%E2%80%93_HUWCMEAC\" >Hospital Universit\u00e1rio Water Cant\u00eddio\/Maternidade Escola Assis Chateaubriand \u2013 HUWC\/MEAC<\/a><\/li><li class='ez-toc-page-1 ez-toc-heading-level-3'><a class=\"ez-toc-link ez-toc-heading-3\" href=\"https:\/\/www.grupomedcof.com.br\/blog\/surce-2024-vagas-por-instituicao\/#Santa_Casa_de_Misericordia_de_Sobral_%E2%80%93_SCMS\" >Santa Casa de Miseric\u00f3rdia de Sobral &#8211; SCMS<\/a><\/li><li class='ez-toc-page-1 ez-toc-heading-level-3'><a class=\"ez-toc-link ez-toc-heading-4\" href=\"https:\/\/www.grupomedcof.com.br\/blog\/surce-2024-vagas-por-instituicao\/#SURCE_2024_Vagas_por_Instituicao_%E2%80%93_Hospital_Geral_de_Fortaleza_%E2%80%93_HGF\" >SURCE 2024: Vagas por Institui\u00e7\u00e3o &#8211; Hospital Geral de Fortaleza &#8211; HGF<\/a><\/li><li class='ez-toc-page-1 ez-toc-heading-level-3'><a class=\"ez-toc-link ez-toc-heading-5\" href=\"https:\/\/www.grupomedcof.com.br\/blog\/surce-2024-vagas-por-instituicao\/#Instituto_Doutor_Jose_Frota_%E2%80%93_IJF\" >Instituto Doutor Jos\u00e9 Frota &#8211; IJF<\/a><\/li><li class='ez-toc-page-1 ez-toc-heading-level-3'><a class=\"ez-toc-link ez-toc-heading-6\" href=\"https:\/\/www.grupomedcof.com.br\/blog\/surce-2024-vagas-por-instituicao\/#SURCE_2024_Vagas_por_Instituicao_%E2%80%93_Hospital_de_Messejana_Sr_Carlos_Alberto_Studart_Gomes_%E2%80%93_HM\" >SURCE 2024: Vagas por Institui\u00e7\u00e3o &#8211; Hospital de Messejana Sr. Carlos Alberto Studart Gomes &#8211; HM<\/a><\/li><li class='ez-toc-page-1 ez-toc-heading-level-3'><a class=\"ez-toc-link ez-toc-heading-7\" href=\"https:\/\/www.grupomedcof.com.br\/blog\/surce-2024-vagas-por-instituicao\/#SURCE_2024_Vagas_por_Instituicao_%E2%80%93_Hospital_Geral_Waldemar_de_Alcantara_%E2%80%93_HGWA\" >SURCE 2024: Vagas por Institui\u00e7\u00e3o&nbsp;&#8211; Hospital Geral Waldemar de Alc\u00e2ntara &#8211; HGWA<\/a><\/li><li class='ez-toc-page-1 ez-toc-heading-level-3'><a class=\"ez-toc-link ez-toc-heading-8\" href=\"https:\/\/www.grupomedcof.com.br\/blog\/surce-2024-vagas-por-instituicao\/#SURCE_2024_Vagas_por_Instituicao_%E2%80%93_Hospital_Geral_Doutor_Cesar_Cals_%E2%80%93_HGCC\" >SURCE 2024: Vagas por Institui\u00e7\u00e3o &#8211; Hospital Geral Doutor C\u00e9sar Cals &#8211; HGCC<\/a><\/li><li class='ez-toc-page-1 ez-toc-heading-level-3'><a class=\"ez-toc-link ez-toc-heading-9\" href=\"https:\/\/www.grupomedcof.com.br\/blog\/surce-2024-vagas-por-instituicao\/#Escola_de_Saude_Publica_%E2%80%93_ESPREDE\" >Escola de Sa\u00fade P\u00fablica \u2013 ESP\/REDE<\/a><\/li><li class='ez-toc-page-1 ez-toc-heading-level-3'><a class=\"ez-toc-link ez-toc-heading-10\" href=\"https:\/\/www.grupomedcof.com.br\/blog\/surce-2024-vagas-por-instituicao\/#Escola_de_Saude_Publica_%E2%80%93_ESPREDEHGF\" >Escola de Sa\u00fade P\u00fablica \u2013 ESP\/REDE\/HGF<\/a><\/li><li class='ez-toc-page-1 ez-toc-heading-level-3'><a class=\"ez-toc-link ez-toc-heading-11\" href=\"https:\/\/www.grupomedcof.com.br\/blog\/surce-2024-vagas-por-instituicao\/#SURCE_2024_Vagas_por_Instituicao_%E2%80%93_Santa_Casa_Misericordia_de_Fortaleza_%E2%80%93_SCMF\" >SURCE 2024: Vagas por Institui\u00e7\u00e3o\u00a0&#8211; Santa Casa Miseric\u00f3rdia de Fortaleza &#8211; SCMF<\/a><\/li><li class='ez-toc-page-1 ez-toc-heading-level-3'><a class=\"ez-toc-link ez-toc-heading-12\" href=\"https:\/\/www.grupomedcof.com.br\/blog\/surce-2024-vagas-por-instituicao\/#Universidade_Federal_Cariri_%E2%80%93_UFCA\" >Universidade Federal Cariri &#8211; UFCA<\/a><\/li><li class='ez-toc-page-1 ez-toc-heading-level-3'><a class=\"ez-toc-link ez-toc-heading-13\" href=\"https:\/\/www.grupomedcof.com.br\/blog\/surce-2024-vagas-por-instituicao\/#Hospital_Regional_do_Ceara_%E2%80%93_HRC\" >Hospital Regional do Cear\u00e1 &#8211; HRC<\/a><\/li><li class='ez-toc-page-1 ez-toc-heading-level-3'><a class=\"ez-toc-link ez-toc-heading-14\" href=\"https:\/\/www.grupomedcof.com.br\/blog\/surce-2024-vagas-por-instituicao\/#UNINTA_%E2%80%93_Centro_Universitario_INTA\" >UNINTA \u2013 Centro Universit\u00e1rio INTA<\/a><\/li><li class='ez-toc-page-1 ez-toc-heading-level-3'><a class=\"ez-toc-link ez-toc-heading-15\" href=\"https:\/\/www.grupomedcof.com.br\/blog\/surce-2024-vagas-por-instituicao\/#Hospital_de_Brejo_Santo\" >Hospital de Brejo Santo<\/a><\/li><li class='ez-toc-page-1 ez-toc-heading-level-3'><a class=\"ez-toc-link ez-toc-heading-16\" href=\"https:\/\/www.grupomedcof.com.br\/blog\/surce-2024-vagas-por-instituicao\/#Hospital_da_Unimed\" >Hospital da Unimed<\/a><\/li><li class='ez-toc-page-1 ez-toc-heading-level-3'><a class=\"ez-toc-link ez-toc-heading-17\" href=\"https:\/\/www.grupomedcof.com.br\/blog\/surce-2024-vagas-por-instituicao\/#SURCE_2024_Vagas_por_Instituicao-_Hospital_Regional_Norte_%E2%80%93_Sobral\" >SURCE 2024: Vagas por Institui\u00e7\u00e3o- Hospital Regional Norte \u2013 Sobral<\/a><\/li><li class='ez-toc-page-1 ez-toc-heading-level-3'><a class=\"ez-toc-link ez-toc-heading-18\" href=\"https:\/\/www.grupomedcof.com.br\/blog\/surce-2024-vagas-por-instituicao\/#Centro_de_Referencia_Nacional_em_Dermatologia_Sanitaria_Dona_Libania\" >Centro de Refer\u00eancia Nacional em Dermatologia Sanit\u00e1ria Dona Lib\u00e2nia<\/a><\/li><li class='ez-toc-page-1 ez-toc-heading-level-3'><a class=\"ez-toc-link ez-toc-heading-19\" href=\"https:\/\/www.grupomedcof.com.br\/blog\/surce-2024-vagas-por-instituicao\/#Hospital_Sao_Jose_%E2%80%93_HSJ\" >Hospital S\u00e3o Jos\u00e9 &#8211; HSJ<\/a><\/li><li class='ez-toc-page-1 ez-toc-heading-level-3'><a class=\"ez-toc-link ez-toc-heading-20\" href=\"https:\/\/www.grupomedcof.com.br\/blog\/surce-2024-vagas-por-instituicao\/#Secretaria_Municipal_de_Saude_de_Fortaleza_%E2%80%93_SMS_Fortaleza\" >Secretaria Municipal de Sa\u00fade de Fortaleza \u2013 SMS Fortaleza<\/a><\/li><li class='ez-toc-page-1 ez-toc-heading-level-3'><a class=\"ez-toc-link ez-toc-heading-21\" href=\"https:\/\/www.grupomedcof.com.br\/blog\/surce-2024-vagas-por-instituicao\/#SURCE_2024_Vagas_por_Instituicao_%E2%80%93_Secretaria_Municipal_de_Sobral_%E2%80%93_SMS_Sobral\" >SURCE 2024: Vagas por Institui\u00e7\u00e3o\u00a0&#8211; Secretaria Municipal de Sobral \u2013 SMS Sobral<\/a><\/li><li class='ez-toc-page-1 ez-toc-heading-level-3'><a class=\"ez-toc-link ez-toc-heading-22\" href=\"https:\/\/www.grupomedcof.com.br\/blog\/surce-2024-vagas-por-instituicao\/#Fundacao_de_Ciencia_e_Pesquisa_Maria_Ione_Xerez_Vasconcelos_%E2%80%93_FUNCIPE\" >Funda\u00e7\u00e3o de Ci\u00eancia e Pesquisa Maria Ione Xerez Vasconcelos &#8211; FUNCIPE<\/a><\/li><li class='ez-toc-page-1 ez-toc-heading-level-3'><a class=\"ez-toc-link ez-toc-heading-23\" href=\"https:\/\/www.grupomedcof.com.br\/blog\/surce-2024-vagas-por-instituicao\/#Escola_de_Saude_Publica-Iguatu_%E2%80%93_ESPIGUATU\" >Escola de Sa\u00fade P\u00fablica-Iguatu \u2013 ESP\/IGUATU<\/a><\/li><li class='ez-toc-page-1 ez-toc-heading-level-3'><a class=\"ez-toc-link ez-toc-heading-24\" href=\"https:\/\/www.grupomedcof.com.br\/blog\/surce-2024-vagas-por-instituicao\/#SURCE_2024_Vagas_por_Instituicao-_Hospital_Infantil_Albert_Sabin_%E2%80%93_HIAS\" >SURCE 2024: Vagas por Institui\u00e7\u00e3o- Hospital Infantil Albert Sabin &#8211; HIAS<\/a><\/li><li class='ez-toc-page-1 ez-toc-heading-level-3'><a class=\"ez-toc-link ez-toc-heading-25\" href=\"https:\/\/www.grupomedcof.com.br\/blog\/surce-2024-vagas-por-instituicao\/#Hospital_De_Saude_Mental_Professor_Frota_Pinto_%E2%80%93_HSMM\" >Hospital De Sa\u00fade Mental Professor Frota Pinto &#8211; HSMM<\/a><\/li><li class='ez-toc-page-1 ez-toc-heading-level-3'><a class=\"ez-toc-link ez-toc-heading-26\" href=\"https:\/\/www.grupomedcof.com.br\/blog\/surce-2024-vagas-por-instituicao\/#SURCE_2024_Vagas_por_Instituicao-_Instituto_do_Cancer_do_Ceara_%E2%80%93_ICC\" >SURCE 2024: Vagas por Institui\u00e7\u00e3o- Instituto do C\u00e2ncer do Cear\u00e1 &#8211; ICC<\/a><\/li><li class='ez-toc-page-1 ez-toc-heading-level-3'><a class=\"ez-toc-link ez-toc-heading-27\" href=\"https:\/\/www.grupomedcof.com.br\/blog\/surce-2024-vagas-por-instituicao\/#Faculdade_Estacio_de_Caninde_%E2%80%93_Estacio_Caninde\" >Faculdade Est\u00e1cio de Canind\u00e9 &#8211; Est\u00e1cio Canind\u00e9<\/a><\/li><li class='ez-toc-page-1 ez-toc-heading-level-3'><a class=\"ez-toc-link ez-toc-heading-28\" href=\"https:\/\/www.grupomedcof.com.br\/blog\/surce-2024-vagas-por-instituicao\/#Centro_Universitario_Estacio_do_Ceara_%E2%80%93_Campus_Quixada\" >Centro Universit\u00e1rio Est\u00e1cio do Cear\u00e1 &#8211; Campus Quixad\u00e1<\/a><\/li><li class='ez-toc-page-1 ez-toc-heading-level-3'><a class=\"ez-toc-link ez-toc-heading-29\" href=\"https:\/\/www.grupomedcof.com.br\/blog\/surce-2024-vagas-por-instituicao\/#SURCE_2024_Vagas_por_Instituicao-_Universidade_de_Fortaleza_%E2%80%93_UNIFOR\" >SURCE 2024: Vagas por Institui\u00e7\u00e3o- Universidade de Fortaleza &#8211; UNIFOR<\/a><\/li><\/ul><\/li><li class='ez-toc-page-1 ez-toc-heading-level-2'><a class=\"ez-toc-link ez-toc-heading-30\" href=\"https:\/\/www.grupomedcof.com.br\/blog\/surce-2024-vagas-por-instituicao\/#Conquiste_a_aprovacao\" >Conquiste a aprova\u00e7\u00e3o<\/a><\/li><\/ul><\/nav><\/div>\n<img loading=\"lazy\" decoding=\"async\" width=\"800\" height=\"450\" src=\"https:\/\/www.grupomedcof.com.br\/blog\/wp-content\/uploads\/2023\/09\/Blog-MedCof-8-1024x576.png\" alt=\"surce, surce residencia medica 2023, surce residencia medica, surce 2024, surce 2023, surce 2024 vagas, vagas surce, surce 2024 vagas, surce 2023, edital surce,\" srcset=\"https:\/\/www.grupomedcof.com.br\/blog\/wp-content\/uploads\/2023\/09\/Blog-MedCof-8-1024x576.png 1024w, https:\/\/www.grupomedcof.com.br\/blog\/wp-content\/uploads\/2023\/09\/Blog-MedCof-8-300x169.png 300w, https:\/\/www.grupomedcof.com.br\/blog\/wp-content\/uploads\/2023\/09\/Blog-MedCof-8-768x432.png 768w, https:\/\/www.grupomedcof.com.br\/blog\/wp-content\/uploads\/2023\/09\/Blog-MedCof-8-1536x864.png 1536w, https:\/\/www.grupomedcof.com.br\/blog\/wp-content\/uploads\/2023\/09\/Blog-MedCof-8-2048x1152.png 2048w\" sizes=\"auto, (max-width: 800px) 100vw, 800px\" \/>\t\t\t\t\t\t\t\t\t\t\t\t\t\t\t\n\t\t<p>Veja a seguir a quantidade de vagas por institui\u00e7\u00e3o da SURCE 2024. De acordo com a publica\u00e7\u00e3o ser\u00e3o mais de<strong> 600 vagas dispon\u00edveis e 28 institui\u00e7\u00f5es participantes.<\/strong><\/p>\t\t\n\t\t\t<h4>\n\t\t\t\tVeja a seguir\t\t\t<\/h4>\n\t\t<h2 style=\"font-size: var(--wp--preset--font-size--large) !important;\"><span class=\"ez-toc-section\" id=\"SURCE_2024_Vagas_por_Instituicao\"><\/span>SURCE 2024: Vagas por Institui\u00e7\u00e3o<span class=\"ez-toc-section-end\"><\/span><\/h2>\n<p>Publicados atrav\u00e9s do<strong><a href=\"https:\/\/www.resmedceara.ufc.br\/ares\/processo_seletivo\/comunicado-extratos-dos-editais-psu-resmed-2024\"target=\"_blank\"> site do ARES<\/a><\/strong>, respons\u00e1vel pelo processo seletivo da SURCE 2024, cada edital conta com as respectivas vagas para os programas de Acesso Direto, Pr\u00e9-Requisito e Anos Adicionais.<\/p><h3><span class=\"ez-toc-section\" id=\"Hospital_Universitario_Water_CantidioMaternidade_Escola_Assis_Chateaubriand_%E2%80%93_HUWCMEAC\"><\/span><strong style=\"font-size: var(--wp--preset--font-size--medium); color: var( --e-global-color-text ); font-family: var( --e-global-typography-text-font-family ), Sans-serif;\">Hospital Universit\u00e1rio Water Cant\u00eddio\/Maternidade Escola Assis Chateaubriand \u2013 HUWC\/MEAC<\/strong><span class=\"ez-toc-section-end\"><\/span><\/h3>\n<p><!-- \/wp:post-content --><\/p>\n<p><!-- wp:paragraph --><\/p>\n<p>De acordo com extrato de edital para o Hospital Universit\u00e1rio Water Cant\u00eddio, a instiui\u00e7\u00e3o ofertar\u00e1<strong> 150 vagas<\/strong> na SURCE 2024.<\/p>\n<p><!-- \/wp:paragraph --><\/p>\n<p><!-- wp:table --><\/p>\n<p>\u00a0<\/p>\n<figure>\n<table>\n<thead>\n<tr>\n<th>Especialidades<\/th>\n<th>Vagas<\/th>\n<th>Reservadas<\/th>\n<\/tr>\n<\/thead>\n<tbody>\n<tr>\n<td>Anestesiologia<\/td>\n<td>5<\/td>\n<td>&#8211;<\/td>\n<\/tr>\n<tr>\n<td>Anestesiologia (R4) \u00e1rea de atua\u00e7\u00e3o dor<\/td>\n<td>1<\/td>\n<td>&#8211;<\/td>\n<\/tr>\n<tr>\n<td>Cardiologia<\/td>\n<td>2<\/td>\n<td>&#8211;<\/td>\n<\/tr>\n<tr>\n<td>Cardiologia (R3) ecocardiograma<\/td>\n<td>2<\/td>\n<td>&#8211;<\/td>\n<\/tr>\n<tr>\n<td>Cirurgia Geral<\/td>\n<td>3<\/td>\n<td>&#8211;<\/td>\n<\/tr>\n<tr>\n<td>Cirurgia de Cabe\u00e7a e Pesco\u00e7o<\/td>\n<td>1<\/td>\n<td>\u00a0<\/td>\n<\/tr>\n<tr>\n<td>Cirurgia do Aparelho Digestivo<\/td>\n<td>2<\/td>\n<td>\u00a0<\/td>\n<\/tr>\n<tr>\n<td>Cirurgia do Aparelho Digestivo<\/td>\n<td>2<\/td>\n<td>\u00a0<\/td>\n<\/tr>\n<tr>\n<td>Cirurgia Vascular<\/td>\n<td>2<\/td>\n<td>\u00a0<\/td>\n<\/tr>\n<tr>\n<td>Cirurgia Cr\u00e2nio-Maxilo-Facial (R3)<\/td>\n<td>1<\/td>\n<td>&#8211;<\/td>\n<\/tr>\n<tr>\n<td>Cirurgia do Aparelho Digestivo (R3) \u00e1rea de atua\u00e7\u00e3o<br \/>transplante de f\u00edgado<\/td>\n<td>1<\/td>\n<td>&#8211;<\/td>\n<\/tr>\n<tr>\n<td>Cirurgia Vascular (R3) \u00e1rea de atua\u00e7\u00e3o em ecografia vascular<br \/>com doppler<\/td>\n<td>2<\/td>\n<td>&#8211;<\/td>\n<\/tr>\n<tr>\n<td>Cl\u00ednica M\u00e9dica<\/td>\n<td>19<\/td>\n<td>1<\/td>\n<\/tr>\n<tr>\n<td>Cl\u00ednica M\u00e9dica (R3)<\/td>\n<td>2<\/td>\n<td>&#8211;<\/td>\n<\/tr>\n<tr>\n<td>Coloproctologia<\/td>\n<td>2<\/td>\n<td>&#8211;<\/td>\n<\/tr>\n<tr>\n<td>Dermatologia<\/td>\n<td>2<\/td>\n<td>&#8211;<\/td>\n<\/tr>\n<tr>\n<td>Endocrinologia<\/td>\n<td>4<\/td>\n<td>&#8211;<\/td>\n<\/tr>\n<tr>\n<td>Endocrinologia Pedi\u00e1trica (R3)<\/td>\n<td>2<\/td>\n<td>&#8211;<\/td>\n<\/tr>\n<tr>\n<td>Endoscopia<\/td>\n<td>1<\/td>\n<td>&#8211;<\/td>\n<\/tr>\n<tr>\n<td>Gastroenterologia<\/td>\n<td>3<\/td>\n<td>&#8211;<\/td>\n<\/tr>\n<tr>\n<td>Gastroenterologia (R3) \u00e1rea de atua\u00e7\u00e3o endoscopia digestiva<\/td>\n<td>1<\/td>\n<td>&#8211;<\/td>\n<\/tr>\n<tr>\n<td>Geriatria<\/td>\n<td>2<\/td>\n<td>&#8211;<\/td>\n<\/tr>\n<tr>\n<td>Hematologia e Hemoterapia<\/td>\n<td>4<\/td>\n<td>&#8211;<\/td>\n<\/tr>\n<tr>\n<td>Hematologia e Hemoterapia (R3) Transplante de Medula<br \/>\u00d3ssea<\/td>\n<td>2<\/td>\n<td>&#8211;<\/td>\n<\/tr>\n<tr>\n<td>Infectologia<\/td>\n<td>1<\/td>\n<td>&#8211;<\/td>\n<\/tr>\n<tr>\n<td>Mastologia<\/td>\n<td>2<\/td>\n<td>&#8211;<\/td>\n<\/tr>\n<tr>\n<td>Medicina de Fam\u00edlia e Comunidade<\/td>\n<td>7<\/td>\n<td>&#8211;<\/td>\n<\/tr>\n<tr>\n<td>Medicina de Fam\u00edlia e Comunidade (R3) &#8211; Medicina Paliativa<\/td>\n<td>4<\/td>\n<td>&#8211;<\/td>\n<\/tr>\n<tr>\n<td>Medicina do Sono<\/td>\n<td>1<\/td>\n<td>&#8211;<\/td>\n<\/tr>\n<tr>\n<td>Medicina Intensiva<\/td>\n<td>4<\/td>\n<td>&#8211;<\/td>\n<\/tr>\n<tr>\n<td>Medicina Intensiva (R3), \u00c1rea de Atua\u00e7\u00e3o em Nutri\u00e7\u00e3o<br \/>Enteral e Parentera<\/td>\n<td>1<\/td>\n<td>&#8211;<\/td>\n<\/tr>\n<tr>\n<td>Medicina Legal e Per\u00edcias M\u00e9dicas<\/td>\n<td>3<\/td>\n<td>&#8211;<\/td>\n<\/tr>\n<tr>\n<td>Nefrologia<\/td>\n<td>4<\/td>\n<td>&#8211;<\/td>\n<\/tr>\n<tr>\n<td>Neonatologia<\/td>\n<td>7<\/td>\n<td>&#8211;<\/td>\n<\/tr>\n<tr>\n<td>Neurologia<\/td>\n<td>4<\/td>\n<td>&#8211;<\/td>\n<\/tr>\n<tr>\n<td>Neurofisiologia Cl\u00ednica<\/td>\n<td>2<\/td>\n<td>\u00a0<\/td>\n<\/tr>\n<tr>\n<td>Obstetr\u00edcia e Ginecologia<\/td>\n<td>10<\/td>\n<td>&#8211;<\/td>\n<\/tr>\n<tr>\n<td>Obstetr\u00edcia e Ginecologia R4 &#8211; \u00c1rea de Atua\u00e7\u00e3o Medicina<br \/>Fetal<\/td>\n<td>1<\/td>\n<td>&#8211;<\/td>\n<\/tr>\n<tr>\n<td>Obstetr\u00edcia e Ginecologia R4 Endoscopia Ginecol\u00f3gica<\/td>\n<td>2<\/td>\n<td>&#8211;<\/td>\n<\/tr>\n<tr>\n<td>Otorrinolaringologia R4<\/td>\n<td>1<\/td>\n<td>&#8211;<\/td>\n<\/tr>\n<tr>\n<td>Oftalmologia<\/td>\n<td>2<\/td>\n<td>&#8211;<\/td>\n<\/tr>\n<tr>\n<td>Ortopedia e Traumatologia<\/td>\n<td>3<\/td>\n<td>&#8211;<\/td>\n<\/tr>\n<tr>\n<td>Otorrinolaringologia<\/td>\n<td>2<\/td>\n<td>&#8211;<\/td>\n<\/tr>\n<tr>\n<td>Patologia<\/td>\n<td>2<\/td>\n<td>1<\/td>\n<\/tr>\n<tr>\n<td>Pediatria<\/td>\n<td>10<\/td>\n<td>&#8211;<\/td>\n<\/tr>\n<tr>\n<td>Pneumologia<\/td>\n<td>1<\/td>\n<td>&#8211;<\/td>\n<\/tr>\n<tr>\n<td>Psiquiatria<\/td>\n<td>6<\/td>\n<td>&#8211;<\/td>\n<\/tr>\n<tr>\n<td>Psiquiatria da Inf\u00e2ncia e Adolesc\u00eancia (R4)<\/td>\n<td>2<\/td>\n<td>&#8211;<\/td>\n<\/tr>\n<tr>\n<td>Psiquiatria Forense<\/td>\n<td>1<\/td>\n<td>&#8211;<\/td>\n<\/tr>\n<tr>\n<td>Radiologia e Diagn\u00f3stico por Imagem<\/td>\n<td>3<\/td>\n<td>&#8211;<\/td>\n<\/tr>\n<tr>\n<td>Reumatologia<\/td>\n<td>2<\/td>\n<td>&#8211;<\/td>\n<\/tr>\n<tr>\n<td>Urologia<\/td>\n<td>2<\/td>\n<td>&#8211;<\/td>\n<\/tr>\n<\/tbody>\n<\/table>\n<\/figure><h3><span class=\"ez-toc-section\" id=\"Santa_Casa_de_Misericordia_de_Sobral_%E2%80%93_SCMS\"><\/span><strong>Santa Casa de Miseric\u00f3rdia de Sobral &#8211; SCMS<\/strong><span class=\"ez-toc-section-end\"><\/span><\/h3><p>De acordo com extrato de edital da SURCE 2024, a Santa Casa de Miseric\u00f3rdia de Sobral ofertar\u00e1<strong style=\"color: var( --e-global-color-text ); font-family: var( --e-global-typography-text-font-family ), Sans-serif; font-size: 16px;\"> 37 vagas para resid\u00eancia m\u00e9dica.<\/strong><\/p>\n<p><!-- \/wp:table --><\/p>\n<p><!-- wp:table --><\/p>\n<figure>\n<table>\n<thead>\n<tr>\n<th>Especialidades<\/th>\n<th>Vagas<\/th>\n<th>Reservadas<\/th>\n<\/tr>\n<\/thead>\n<tbody>\n<tr>\n<td>Anestesiologia<\/td>\n<td>2<\/td>\n<td>&#8211;<\/td>\n<\/tr>\n<tr>\n<td>Cardiologia<\/td>\n<td>2<\/td>\n<td>&#8211;<\/td>\n<\/tr>\n<tr>\n<td>Cirurgia Geral<\/td>\n<td>4<\/td>\n<td>&#8211;<\/td>\n<\/tr>\n<tr>\n<td>Cl\u00ednica M\u00e9dica<\/td>\n<td>9<\/td>\n<td>&#8211;<\/td>\n<\/tr>\n<tr>\n<td>Medicina Intensiva<\/td>\n<td>2<\/td>\n<td>&#8211;<\/td>\n<\/tr>\n<tr>\n<td>Medicina de Emerg\u00eancia<\/td>\n<td>3<\/td>\n<td>&#8211;<\/td>\n<\/tr>\n<tr>\n<td>Neonatologia<\/td>\n<td>4<\/td>\n<td>&#8211;<\/td>\n<\/tr>\n<tr>\n<td>Obstetr\u00edcia e Ginecologia<\/td>\n<td>5<\/td>\n<td>&#8211;<\/td>\n<\/tr>\n<tr>\n<td>Ortopedia e Traumatologia<\/td>\n<td>3<\/td>\n<td>&#8211;<\/td>\n<\/tr>\n<tr>\n<td>Pediatria<\/td>\n<td>3<\/td>\n<td>&#8211;<\/td>\n<\/tr>\n<\/tbody>\n<\/table>\n<\/figure>\t\t\n\t\t\t\t\t\t\t\t\t\t\t\t\t\t\t\t<a href=\"https:\/\/www.grupomedcof.com.br\/blog\/qbank-medcof\/\" target=\"_blank\" rel=\"noopener\">\n\t\t\t\t\t\t\t<img loading=\"lazy\" decoding=\"async\" width=\"800\" height=\"128\" src=\"https:\/\/www.grupomedcof.com.br\/blog\/wp-content\/uploads\/2023\/07\/Blog-MedCof-2023-07-06T091657.858-1024x164.png\" alt=\"medcof qbank, medcof aulas, grupo medcof, aulas medcof, qbank, banco de questoes medcof, medcof banco de questoes\" srcset=\"https:\/\/www.grupomedcof.com.br\/blog\/wp-content\/uploads\/2023\/07\/Blog-MedCof-2023-07-06T091657.858-1024x164.png 1024w, https:\/\/www.grupomedcof.com.br\/blog\/wp-content\/uploads\/2023\/07\/Blog-MedCof-2023-07-06T091657.858-300x48.png 300w, https:\/\/www.grupomedcof.com.br\/blog\/wp-content\/uploads\/2023\/07\/Blog-MedCof-2023-07-06T091657.858-768x123.png 768w, https:\/\/www.grupomedcof.com.br\/blog\/wp-content\/uploads\/2023\/07\/Blog-MedCof-2023-07-06T091657.858-1536x246.png 1536w, https:\/\/www.grupomedcof.com.br\/blog\/wp-content\/uploads\/2023\/07\/Blog-MedCof-2023-07-06T091657.858-2048x327.png 2048w\" sizes=\"auto, (max-width: 800px) 100vw, 800px\" \/>\t\t\t\t\t\t\t\t<\/a>\n\t\t<h3><span class=\"ez-toc-section\" id=\"SURCE_2024_Vagas_por_Instituicao_%E2%80%93_Hospital_Geral_de_Fortaleza_%E2%80%93_HGF\"><\/span><strong>SURCE 2024: Vagas por Institui\u00e7\u00e3o &#8211; Hospital Geral de Fortaleza &#8211; HGF<\/strong><span class=\"ez-toc-section-end\"><\/span><\/h3><p>De acordo com a publica\u00e7\u00e3o, o Hospital Geral de Fortaleza ofertar\u00e1<strong style=\"color: var( --e-global-color-text ); font-family: var( --e-global-typography-text-font-family ), Sans-serif; font-size: 16px;\"> mais de 100 vagas.<\/strong><\/p>\n<p><strong style=\"color: var( --e-global-color-text ); font-family: var( --e-global-typography-text-font-family ), Sans-serif; font-size: 16px;\">\u00a0<\/strong><\/p>\n<p><!-- \/wp:table --><\/p>\n<p><!-- wp:table --><\/p>\n<figure>\n<table>\n<thead>\n<tr>\n<th>Especialidades<\/th>\n<th>Vagas<\/th>\n<th>Reservadas<\/th>\n<\/tr>\n<\/thead>\n<tbody>\n<tr>\n<td>Anestesiologia<\/td>\n<td>8<\/td>\n<td>&#8211;<\/td>\n<\/tr>\n<tr>\n<td>Cirurgia Geral<\/td>\n<td>6<\/td>\n<td>1<\/td>\n<\/tr>\n<tr>\n<td>Cirurgia do Aparelho Digestivo<\/td>\n<td>2<\/td>\n<td>&#8211;<\/td>\n<\/tr>\n<tr>\n<td>Cirurgia Pl\u00e1stica<\/td>\n<td>2<\/td>\n<td>&#8211;<\/td>\n<\/tr>\n<tr>\n<td>Cirurgia Vascular<\/td>\n<td>2<\/td>\n<td>&#8211;<\/td>\n<\/tr>\n<tr>\n<td>Cl\u00ednica M\u00e9dica<\/td>\n<td>15<\/td>\n<td>1<\/td>\n<\/tr>\n<tr>\n<td>Cl\u00ednica M\u00e9dica (R3)<\/td>\n<td>3<\/td>\n<td>&#8211;<\/td>\n<\/tr>\n<tr>\n<td>Endocrinologia<\/td>\n<td>3<\/td>\n<td>&#8211;<\/td>\n<\/tr>\n<tr>\n<td>Endoscopia<\/td>\n<td>2<\/td>\n<td>&#8211;<\/td>\n<\/tr>\n<tr>\n<td>Gastroenterologia<\/td>\n<td>3<\/td>\n<td>&#8211;<\/td>\n<\/tr>\n<tr>\n<td>Gastroenterologia (R3) \u00e1rea de atua\u00e7\u00e3o endoscopia digestiva<\/td>\n<td>2<\/td>\n<td>&#8211;<\/td>\n<\/tr>\n<tr>\n<td>Mastologia<\/td>\n<td>2<\/td>\n<td>&#8211;<\/td>\n<\/tr>\n<tr>\n<td>Medicina Intensiva<\/td>\n<td>4<\/td>\n<td>1<\/td>\n<\/tr>\n<tr>\n<td>Nefrologia<\/td>\n<td>5<\/td>\n<td>&#8211;<\/td>\n<\/tr>\n<tr>\n<td>Neonatologia<\/td>\n<td>3<\/td>\n<td>&#8211;<\/td>\n<\/tr>\n<tr>\n<td>Neurocirurgia<\/td>\n<td>2<\/td>\n<td>&#8211;<\/td>\n<\/tr>\n<tr>\n<td>Neurofisiologia Cl\u00ednica<\/td>\n<td>&#8211;<\/td>\n<td>1<\/td>\n<\/tr>\n<tr>\n<td>Neurologia<\/td>\n<td>8<\/td>\n<td>&#8211;<\/td>\n<\/tr>\n<tr>\n<td>Neurologia R4<\/td>\n<td>3<\/td>\n<td>&#8211;<\/td>\n<\/tr>\n<tr>\n<td>Obstetr\u00edcia e Ginecologia<\/td>\n<td>5<\/td>\n<td>&#8211;<\/td>\n<\/tr>\n<tr>\n<td>Oftalmologia<\/td>\n<td>4<\/td>\n<td>&#8211;<\/td>\n<\/tr>\n<tr>\n<td>Oftalmologia (R3) Transplante de C\u00f3rnea<\/td>\n<td>1<\/td>\n<td>&#8211;<\/td>\n<\/tr>\n<tr>\n<td>Ortopedia e traumatologia<\/td>\n<td>3<\/td>\n<td>&#8211;<\/td>\n<\/tr>\n<tr>\n<td>Otorrinolaringologia<\/td>\n<td>3<\/td>\n<td>&#8211;<\/td>\n<\/tr>\n<tr>\n<td>Pediatria<\/td>\n<td>3<\/td>\n<td>&#8211;<\/td>\n<\/tr>\n<tr>\n<td>Reumatologia<\/td>\n<td>4<\/td>\n<td>&#8211;<\/td>\n<\/tr>\n<tr>\n<td>Reumatologia Pedi\u00e1trica (R3)<\/td>\n<td>1<\/td>\n<td>&#8211;<\/td>\n<\/tr>\n<tr>\n<td>Radiologia e diagn\u00f3stico por imagem<\/td>\n<td>6<\/td>\n<td>&#8211;<\/td>\n<\/tr>\n<tr>\n<td>Urologia<\/td>\n<td>2<\/td>\n<td>&#8211;<\/td>\n<\/tr>\n<\/tbody>\n<\/table>\n<\/figure><h3><span class=\"ez-toc-section\" id=\"Instituto_Doutor_Jose_Frota_%E2%80%93_IJF\"><\/span><strong>Instituto Doutor Jos\u00e9 Frota &#8211; IJF<\/strong><span class=\"ez-toc-section-end\"><\/span><\/h3><p style=\"font-size: var(--wp--preset--font-size--medium) !important;\">De acordo com extrato de edital para resid\u00eancia m\u00e9dica da SURCE 2024, o Instituto Doutor Jos\u00e9 Frota ofertar\u00e1 <strong style=\"color: var( --e-global-color-text ); font-family: var( --e-global-typography-text-font-family ), Sans-serif; font-size: 16px;\">27 vagas<\/strong> nesta edi\u00e7\u00e3o da SURCE.<\/p>\n<figure>\n<table style=\"width: 800px;\">\n<thead>\n<tr>\n<th style=\"border-top-color: rgba(128, 128, 128, 0.5);\">Especialidades<\/th>\n<th style=\"border-top-color: rgba(128, 128, 128, 0.5);\">Vagas<\/th>\n<th style=\"border-top-color: rgba(128, 128, 128, 0.5);\">Reservadas<\/th>\n<\/tr>\n<\/thead>\n<tbody>\n<tr>\n<td style=\"background-color: rgba(128, 128, 128, 0.07);\">Anestesiologia<\/td>\n<td style=\"background-color: rgba(128, 128, 128, 0.07);\">4<\/td>\n<td style=\"background-color: rgba(128, 128, 128, 0.07);\">&#8211;<\/td>\n<\/tr>\n<tr>\n<td>Cirurgia Geral<\/td>\n<td>4<\/td>\n<td>&#8211;<\/td>\n<\/tr>\n<tr>\n<td style=\"background-color: rgba(128, 128, 128, 0.07);\">Cirurgia Pl\u00e1stica<\/td>\n<td style=\"background-color: rgba(128, 128, 128, 0.07);\">2<\/td>\n<td style=\"background-color: rgba(128, 128, 128, 0.07);\">&#8211;<\/td>\n<\/tr>\n<tr>\n<td>Cirurgia Pl\u00e1stica (R4) &#8211; Ano adicional<\/td>\n<td>1<\/td>\n<td>&#8211;<\/td>\n<\/tr>\n<tr>\n<td style=\"background-color: rgba(128, 128, 128, 0.07);\">Medicina de Emerg\u00eancia<\/td>\n<td style=\"background-color: rgba(128, 128, 128, 0.07);\">3<\/td>\n<td style=\"background-color: rgba(128, 128, 128, 0.07);\">1<\/td>\n<\/tr>\n<tr>\n<td>Medicina Intensiva<\/td>\n<td>4<\/td>\n<td>&#8211;<\/td>\n<\/tr>\n<tr>\n<td style=\"background-color: rgba(128, 128, 128, 0.07);\">Neurocirurgia<\/td>\n<td style=\"background-color: rgba(128, 128, 128, 0.07);\">1<\/td>\n<td style=\"background-color: rgba(128, 128, 128, 0.07);\">&#8211;<\/td>\n<\/tr>\n<tr>\n<td>Ortopedia e Traumatologia<\/td>\n<td>7<\/td>\n<td>&#8211;<\/td>\n<\/tr>\n<tr>\n<td style=\"background-color: rgba(128, 128, 128, 0.07);\">Radiologia e Diagn\u00f3stico por Imagem<\/td>\n<td style=\"background-color: rgba(128, 128, 128, 0.07);\">1<\/td>\n<td style=\"background-color: rgba(128, 128, 128, 0.07);\">&#8211;<\/td>\n<\/tr>\n<\/tbody>\n<\/table>\n<\/figure><h3><span class=\"ez-toc-section\" id=\"SURCE_2024_Vagas_por_Instituicao_%E2%80%93_Hospital_de_Messejana_Sr_Carlos_Alberto_Studart_Gomes_%E2%80%93_HM\"><\/span><strong>SURCE 2024: Vagas por Institui\u00e7\u00e3o &#8211; Hospital de Messejana Sr. Carlos Alberto Studart Gomes &#8211; HM<\/strong><span class=\"ez-toc-section-end\"><\/span><\/h3><p>De acordo com extrato de edital, a Hospital de Messejana Dr. Carlos Alberto Studart Gomes disponibilizar\u00e1<strong style=\"color: var( --e-global-color-text ); font-family: var( --e-global-typography-text-font-family ), Sans-serif; font-size: 16px;\"> 25 vagas na SURCE 2024.<\/strong><\/p>\n<p><!-- \/wp:table --><\/p>\n<p><!-- wp:table --><\/p>\n<p>\u00a0<\/p>\n<figure>\n<table>\n<thead>\n<tr>\n<th>Especialidades<\/th>\n<th>Vagas<\/th>\n<th>Reservadas<\/th>\n<\/tr>\n<\/thead>\n<tbody>\n<tr>\n<td>Cardiologia<\/td>\n<td>10<\/td>\n<td>&#8211;<\/td>\n<\/tr>\n<tr>\n<td>Cardiologia (R3) ecocardiograma<\/td>\n<td>2<\/td>\n<td>&#8211;<\/td>\n<\/tr>\n<tr>\n<td>Cardiologia (R3) Hemodin\u00e2mica e cardiologia<br \/>intervencionista<\/td>\n<td>1<\/td>\n<td>&#8211;<\/td>\n<\/tr>\n<tr>\n<td>Cardiologia Pedi\u00e1trica<\/td>\n<td>2<\/td>\n<td>&#8211;<\/td>\n<\/tr>\n<tr>\n<td>Cirurgia Cardiovascular<\/td>\n<td>2<\/td>\n<td>&#8211;<\/td>\n<\/tr>\n<tr>\n<td>Cirurgia Tor\u00e1cica<\/td>\n<td>2<\/td>\n<td>&#8211;<\/td>\n<\/tr>\n<tr>\n<td>Medicina Intensiva<\/td>\n<td>2<\/td>\n<td>&#8211;<\/td>\n<\/tr>\n<tr>\n<td>Pneumologia<\/td>\n<td>4<\/td>\n<td>&#8211;<\/td>\n<\/tr>\n<\/tbody>\n<\/table>\n<\/figure><h3><span class=\"ez-toc-section\" id=\"SURCE_2024_Vagas_por_Instituicao_%E2%80%93_Hospital_Geral_Waldemar_de_Alcantara_%E2%80%93_HGWA\"><\/span><strong>SURCE 2024: Vagas por Institui\u00e7\u00e3o&nbsp;&#8211; Hospital Geral Waldemar de Alc\u00e2ntara &#8211; HGWA<\/strong><span class=\"ez-toc-section-end\"><\/span><\/h3>\n<p>De acordo com a publica\u00e7\u00e3o, o Hospital Geral Waldemar de Alc\u00e2ntara disponibilizar\u00e1<b> 29 vagas <\/b>na SURCE 2024.<\/p>\n<figure>\n<table style=\"width: 800px;\">\n<thead>\n<tr>\n<th style=\"border-top-color: rgba(128, 128, 128, 0.5);\">Especialidades<\/th>\n<th style=\"border-top-color: rgba(128, 128, 128, 0.5);\">Vagas<\/th>\n<th style=\"border-top-color: rgba(128, 128, 128, 0.5);\">Reservadas<\/th>\n<\/tr>\n<\/thead>\n<tbody>\n<tr>\n<td style=\"background-color: rgba(128, 128, 128, 0.07);\">Cirurgia Geral<\/td>\n<td style=\"background-color: rgba(128, 128, 128, 0.07);\">4<\/td>\n<td style=\"background-color: rgba(128, 128, 128, 0.07);\">&#8211;<\/td>\n<\/tr>\n<tr>\n<td>Cl\u00ednica M\u00e9dica<\/td>\n<td>15<\/td>\n<td>1<\/td>\n<\/tr>\n<tr>\n<td style=\"background-color: rgba(128, 128, 128, 0.07);\">Cl\u00ednica M\u00e9dica (R3)<\/td>\n<td style=\"background-color: rgba(128, 128, 128, 0.07);\">2<\/td>\n<td style=\"background-color: rgba(128, 128, 128, 0.07);\">&#8211;<\/td>\n<\/tr>\n<tr>\n<td>Medicina Intensiva Pedi\u00e1trica<\/td>\n<td>1<\/td>\n<td>&#8211;<\/td>\n<\/tr>\n<tr>\n<td style=\"background-color: rgba(128, 128, 128, 0.07);\">Neonatologia<\/td>\n<td style=\"background-color: rgba(128, 128, 128, 0.07);\">1<\/td>\n<td style=\"background-color: rgba(128, 128, 128, 0.07);\">&#8211;<\/td>\n<\/tr>\n<tr>\n<td>Pediatria<\/td>\n<td>6<\/td>\n<td>&#8211;<\/td>\n<\/tr>\n<\/tbody>\n<\/table>\n<\/figure>\t\t\n\t\t\t\t\t\t\t\t\t\t\t\t\t\t\t\t<a href=\"https:\/\/open.spotify.com\/show\/3MyFcLlKhKequpHll6qpue?si=d0519b77e5c04e2d\" target=\"_blank\" rel=\"noopener\">\n\t\t\t\t\t\t\t<img loading=\"lazy\" decoding=\"async\" width=\"800\" height=\"135\" src=\"https:\/\/www.grupomedcof.com.br\/blog\/wp-content\/uploads\/2023\/08\/Blog-MedCof-2023-08-10T144038.525-1024x173.png\" alt=\"medcof, medcof academy, hiit medcof, medcof derma, medcof hiit, medcof extensivo, medcof revalida\" srcset=\"https:\/\/www.grupomedcof.com.br\/blog\/wp-content\/uploads\/2023\/08\/Blog-MedCof-2023-08-10T144038.525-1024x173.png 1024w, https:\/\/www.grupomedcof.com.br\/blog\/wp-content\/uploads\/2023\/08\/Blog-MedCof-2023-08-10T144038.525-300x51.png 300w, https:\/\/www.grupomedcof.com.br\/blog\/wp-content\/uploads\/2023\/08\/Blog-MedCof-2023-08-10T144038.525-768x130.png 768w, https:\/\/www.grupomedcof.com.br\/blog\/wp-content\/uploads\/2023\/08\/Blog-MedCof-2023-08-10T144038.525-1536x259.png 1536w, https:\/\/www.grupomedcof.com.br\/blog\/wp-content\/uploads\/2023\/08\/Blog-MedCof-2023-08-10T144038.525-2048x345.png 2048w\" sizes=\"auto, (max-width: 800px) 100vw, 800px\" \/>\t\t\t\t\t\t\t\t<\/a>\n\t\t<h3><span class=\"ez-toc-section\" id=\"SURCE_2024_Vagas_por_Instituicao_%E2%80%93_Hospital_Geral_Doutor_Cesar_Cals_%E2%80%93_HGCC\"><\/span><strong>SURCE 2024: Vagas por Institui\u00e7\u00e3o &#8211; Hospital Geral Doutor C\u00e9sar Cals &#8211; HGCC<\/strong><span class=\"ez-toc-section-end\"><\/span><\/h3>\n<p><!-- \/wp:table --><\/p>\n<p><!-- wp:table --><\/p>\n<figure>\n<table>\n<thead>\n<tr>\n<th>Especialidades<\/th>\n<th>Vagas<\/th>\n<th>Reservadas<\/th>\n<\/tr>\n<\/thead>\n<tbody>\n<tr>\n<td>Cirurgia Geral<\/td>\n<td>3<\/td>\n<td>&#8211;<\/td>\n<\/tr>\n<tr>\n<td>Cl\u00ednica M\u00e9dica<\/td>\n<td>8<\/td>\n<td>&#8211;<\/td>\n<\/tr>\n<tr>\n<td>Cl\u00ednica M\u00e9dica (R3)<\/td>\n<td>1<\/td>\n<td>&#8211;<\/td>\n<\/tr>\n<tr>\n<td>Endoscopia<\/td>\n<td>1<\/td>\n<td>&#8211;<\/td>\n<\/tr>\n<tr>\n<td>Medicina Intensiva<\/td>\n<td>2<\/td>\n<td>&#8211;<\/td>\n<\/tr>\n<tr>\n<td>Obstetr\u00edcia e Ginecologia<\/td>\n<td>6<\/td>\n<td>&#8211;<\/td>\n<\/tr>\n<tr>\n<td>Obstetr\u00edcia e Ginecologia R4 &#8211; \u00c1rea de Atua\u00e7\u00e3o Medicina<br \/>Fetal<\/td>\n<td>1<\/td>\n<td>&#8211;<\/td>\n<\/tr>\n<tr>\n<td>Obstetr\u00edcia e Ginecologia R4 Endoscopia Ginecol\u00f3gica<\/td>\n<td>2<\/td>\n<td>&#8211;<\/td>\n<\/tr>\n<tr>\n<td>Pneumologia<\/td>\n<td>1<\/td>\n<td>&#8211;<\/td>\n<\/tr>\n<tr>\n<td>Reumatologia<\/td>\n<td>2<\/td>\n<td>&#8211;<\/td>\n<\/tr>\n<tr>\n<td>Urologia<\/td>\n<td>1<\/td>\n<td>&#8211;<\/td>\n<\/tr>\n<\/tbody>\n<\/table>\n<\/figure><h3><span class=\"ez-toc-section\" id=\"Escola_de_Saude_Publica_%E2%80%93_ESPREDE\"><\/span><strong>Escola de Sa\u00fade P\u00fablica \u2013 ESP\/REDE<\/strong><span class=\"ez-toc-section-end\"><\/span><\/h3>\n<figure>\n<table style=\"width: 800px;\">\n<thead>\n<tr>\n<th style=\"border-top-color: rgba(128, 128, 128, 0.5);\">Especialidades<\/th>\n<th style=\"border-top-color: rgba(128, 128, 128, 0.5);\">Vagas<\/th>\n<th style=\"border-top-color: rgba(128, 128, 128, 0.5);\">Reservadas<\/th>\n<\/tr>\n<\/thead>\n<tbody>\n<tr>\n<td style=\"background-color: rgba(128, 128, 128, 0.07);\">Administra\u00e7\u00e3o em Sa\u00fade<\/td>\n<td style=\"background-color: rgba(128, 128, 128, 0.07);\">2<\/td>\n<td style=\"background-color: rgba(128, 128, 128, 0.07);\">&#8211;<\/td>\n<\/tr>\n<tr>\n<td>Medicina de Fam\u00edlia e Comunidade<\/td>\n<td>10<\/td>\n<td>&#8211;<\/td>\n<\/tr>\n<tr>\n<td style=\"background-color: rgba(128, 128, 128, 0.07);\">Cirurgia Geral<\/td>\n<td style=\"background-color: rgba(128, 128, 128, 0.07);\">4<\/td>\n<td style=\"background-color: rgba(128, 128, 128, 0.07);\">&#8211;<\/td>\n<\/tr>\n<tr>\n<td>Medicina do Esporte<\/td>\n<td>1<\/td>\n<td>&#8211;<\/td>\n<\/tr>\n<tr>\n<td style=\"background-color: rgba(128, 128, 128, 0.07);\">Medicina de Emerg\u00eancia<\/td>\n<td style=\"background-color: rgba(128, 128, 128, 0.07);\">9<\/td>\n<td style=\"background-color: rgba(128, 128, 128, 0.07);\">&#8211;<\/td>\n<\/tr>\n<tr>\n<td>Neonatologia<\/td>\n<td>1<\/td>\n<td>&#8211;<\/td>\n<\/tr>\n<tr>\n<td style=\"background-color: rgba(128, 128, 128, 0.07);\">Obstetr\u00edcia e Ginecologia<\/td>\n<td style=\"background-color: rgba(128, 128, 128, 0.07);\">10<\/td>\n<td style=\"background-color: rgba(128, 128, 128, 0.07);\">&#8211;<\/td>\n<\/tr>\n<tr>\n<td>Pediatria<\/td>\n<td>8<\/td>\n<td>&#8211;<\/td>\n<\/tr>\n<\/tbody>\n<\/table>\n<\/figure><h3><span class=\"ez-toc-section\" id=\"Escola_de_Saude_Publica_%E2%80%93_ESPREDEHGF\"><\/span><strong>Escola de Sa\u00fade P\u00fablica \u2013 ESP\/REDE\/HGF<\/strong><span class=\"ez-toc-section-end\"><\/span><\/h3>\n<figure>\n<table style=\"width: 800px;\">\n<thead>\n<tr>\n<th style=\"border-top-color: rgba(128, 128, 128, 0.5);\">Especialidades<\/th>\n<th style=\"border-top-color: rgba(128, 128, 128, 0.5);\">Vagas<\/th>\n<th style=\"border-top-color: rgba(128, 128, 128, 0.5);\">Reservadas<\/th>\n<\/tr>\n<\/thead>\n<tbody>\n<tr>\n<td style=\"background-color: rgba(128, 128, 128, 0.07);\">Pediatria<\/td>\n<td style=\"background-color: rgba(128, 128, 128, 0.07);\">2<\/td>\n<td style=\"background-color: rgba(128, 128, 128, 0.07);\">&#8211;<\/td>\n<\/tr>\n<\/tbody>\n<\/table>\n<\/figure><h3><span class=\"ez-toc-section\" id=\"SURCE_2024_Vagas_por_Instituicao_%E2%80%93_Santa_Casa_Misericordia_de_Fortaleza_%E2%80%93_SCMF\"><\/span><strong>SURCE 2024: Vagas por Institui\u00e7\u00e3o\u00a0&#8211; Santa Casa Miseric\u00f3rdia de Fortaleza &#8211; SCMF<\/strong><span class=\"ez-toc-section-end\"><\/span><\/h3>\n<figure>\n<table style=\"width: 800px;\">\n<thead>\n<tr>\n<th style=\"border-top-color: rgba(128, 128, 128, 0.5);\">Especialidades<\/th>\n<th style=\"border-top-color: rgba(128, 128, 128, 0.5);\">Vagas<\/th>\n<th style=\"border-top-color: rgba(128, 128, 128, 0.5);\">Reservadas<\/th>\n<\/tr>\n<\/thead>\n<tbody>\n<tr>\n<td style=\"background-color: rgba(128, 128, 128, 0.07);\">Cirurgia Geral<\/td>\n<td style=\"background-color: rgba(128, 128, 128, 0.07);\">3<\/td>\n<td style=\"background-color: rgba(128, 128, 128, 0.07);\">&#8211;<\/td>\n<\/tr>\n<tr>\n<td>Cirurgia de Cabe\u00e7a e Pesco\u00e7o<\/td>\n<td>1<\/td>\n<td>&#8211;<\/td>\n<\/tr>\n<tr>\n<td style=\"background-color: rgba(128, 128, 128, 0.07);\">Coloproctologia<\/td>\n<td style=\"background-color: rgba(128, 128, 128, 0.07);\">2<\/td>\n<td style=\"background-color: rgba(128, 128, 128, 0.07);\">&#8211;<\/td>\n<\/tr>\n<tr>\n<td>Cl\u00ednica M\u00e9dica<\/td>\n<td>6<\/td>\n<td>&#8211;<\/td>\n<\/tr>\n<tr>\n<td style=\"background-color: rgba(128, 128, 128, 0.07);\">Urologia<\/td>\n<td style=\"background-color: rgba(128, 128, 128, 0.07);\">2<\/td>\n<td style=\"background-color: rgba(128, 128, 128, 0.07);\">&#8211;<\/td>\n<\/tr>\n<\/tbody>\n<\/table>\n<\/figure><h3><span class=\"ez-toc-section\" id=\"Universidade_Federal_Cariri_%E2%80%93_UFCA\"><\/span><strong>Universidade Federal Cariri &#8211; UFCA<\/strong><span class=\"ez-toc-section-end\"><\/span><\/h3>\n<figure>\n<table style=\"width: 800px;\">\n<thead>\n<tr>\n<th style=\"border-top-color: rgba(128, 128, 128, 0.5);\">Especialidades<\/th>\n<th style=\"border-top-color: rgba(128, 128, 128, 0.5);\">Vagas<\/th>\n<th style=\"border-top-color: rgba(128, 128, 128, 0.5);\">Reservadas<\/th>\n<\/tr>\n<\/thead>\n<tbody>\n<tr>\n<td style=\"background-color: rgba(128, 128, 128, 0.07);\">Cirurgia geral<\/td>\n<td style=\"background-color: rgba(128, 128, 128, 0.07);\">2<\/td>\n<td style=\"background-color: rgba(128, 128, 128, 0.07);\">&#8211;<\/td>\n<\/tr>\n<tr>\n<td>Cl\u00ednica m\u00e9dica<\/td>\n<td>6<\/td>\n<td>&#8211;<\/td>\n<\/tr>\n<tr>\n<td style=\"background-color: rgba(128, 128, 128, 0.07);\">Medicina de fam\u00edlia e comunidade<\/td>\n<td style=\"background-color: rgba(128, 128, 128, 0.07);\">2<\/td>\n<td style=\"background-color: rgba(128, 128, 128, 0.07);\">&#8211;<\/td>\n<\/tr>\n<tr>\n<td>Obstetr\u00edcia e ginecologia<\/td>\n<td>5<\/td>\n<td>&#8211;<\/td>\n<\/tr>\n<tr>\n<td style=\"background-color: rgba(128, 128, 128, 0.07);\">Ortopedia e traumatologia<\/td>\n<td style=\"background-color: rgba(128, 128, 128, 0.07);\">1<\/td>\n<td style=\"background-color: rgba(128, 128, 128, 0.07);\">&#8211;<\/td>\n<\/tr>\n<tr>\n<td>Patologia<\/td>\n<td>1<\/td>\n<td>&#8211;<\/td>\n<\/tr>\n<tr>\n<td style=\"background-color: rgba(128, 128, 128, 0.07);\">Pediatria<\/td>\n<td style=\"background-color: rgba(128, 128, 128, 0.07);\">4<\/td>\n<td style=\"background-color: rgba(128, 128, 128, 0.07);\">&#8211;<\/td>\n<\/tr>\n<\/tbody>\n<\/table>\n<\/figure>\t\t\n\t\t\t\t\t\t\t\t\t\t\t\t\t\t\t\t<a href=\"https:\/\/www.grupomedcof.com.br\/hands-on-curso\/\" target=\"_blank\" rel=\"noopener\">\n\t\t\t\t\t\t\t<img loading=\"lazy\" decoding=\"async\" width=\"800\" height=\"101\" src=\"https:\/\/www.grupomedcof.com.br\/blog\/wp-content\/uploads\/2023\/08\/Blog-MedCof-2023-08-03T155030.071-1024x129.png\" alt=\"medcof residencia medica, curso Intensivo para Resid\u00eancia M\u00e9dica, curso para resid\u00eancia m\u00e9dica, medcof reta final dominada, reta final dominada, aulas medcof,\" srcset=\"https:\/\/www.grupomedcof.com.br\/blog\/wp-content\/uploads\/2023\/08\/Blog-MedCof-2023-08-03T155030.071-1024x129.png 1024w, https:\/\/www.grupomedcof.com.br\/blog\/wp-content\/uploads\/2023\/08\/Blog-MedCof-2023-08-03T155030.071-300x38.png 300w, https:\/\/www.grupomedcof.com.br\/blog\/wp-content\/uploads\/2023\/08\/Blog-MedCof-2023-08-03T155030.071-768x97.png 768w, https:\/\/www.grupomedcof.com.br\/blog\/wp-content\/uploads\/2023\/08\/Blog-MedCof-2023-08-03T155030.071-1536x193.png 1536w, https:\/\/www.grupomedcof.com.br\/blog\/wp-content\/uploads\/2023\/08\/Blog-MedCof-2023-08-03T155030.071-2048x258.png 2048w\" sizes=\"auto, (max-width: 800px) 100vw, 800px\" \/>\t\t\t\t\t\t\t\t<\/a>\n\t\t<h3><span class=\"ez-toc-section\" id=\"Hospital_Regional_do_Ceara_%E2%80%93_HRC\"><\/span><strong>Hospital Regional do Cear\u00e1 &#8211; HRC<\/strong><span class=\"ez-toc-section-end\"><\/span><\/h3>\n<figure>\n<table style=\"width: 800px;\">\n<thead>\n<tr>\n<th style=\"border-top-color: rgba(128, 128, 128, 0.5);\">Especialidades<\/th>\n<th style=\"border-top-color: rgba(128, 128, 128, 0.5);\">Vagas<\/th>\n<th style=\"border-top-color: rgba(128, 128, 128, 0.5);\">Reservadas<\/th>\n<\/tr>\n<\/thead>\n<tbody>\n<tr>\n<td style=\"background-color: rgba(128, 128, 128, 0.07);\">Cirurgia geral<\/td>\n<td style=\"background-color: rgba(128, 128, 128, 0.07);\">4<\/td>\n<td style=\"background-color: rgba(128, 128, 128, 0.07);\">&#8211;<\/td>\n<\/tr>\n<tr>\n<td>Cl\u00ednica m\u00e9dica<\/td>\n<td>8<\/td>\n<td>&#8211;<\/td>\n<\/tr>\n<tr>\n<td style=\"background-color: rgba(128, 128, 128, 0.07);\">Radiologia e diagn\u00f3stico por imagem<\/td>\n<td style=\"background-color: rgba(128, 128, 128, 0.07);\">2<\/td>\n<td style=\"background-color: rgba(128, 128, 128, 0.07);\">&#8211;<\/td>\n<\/tr>\n<\/tbody>\n<\/table>\n<\/figure><h3><span class=\"ez-toc-section\" id=\"UNINTA_%E2%80%93_Centro_Universitario_INTA\"><\/span><strong>UNINTA \u2013 Centro Universit\u00e1rio INTA<\/strong><span class=\"ez-toc-section-end\"><\/span><\/h3>\n<figure>\n<table style=\"width: 800px;\">\n<thead>\n<tr>\n<th style=\"border-top-color: rgba(128, 128, 128, 0.5);\">Especialidades<\/th>\n<th style=\"border-top-color: rgba(128, 128, 128, 0.5);\">Vagas<\/th>\n<th style=\"border-top-color: rgba(128, 128, 128, 0.5);\">Reservadas<\/th>\n<\/tr>\n<\/thead>\n<tbody>\n<tr>\n<td style=\"background-color: rgba(128, 128, 128, 0.07);\">Cirurgia Geral<\/td>\n<td style=\"background-color: rgba(128, 128, 128, 0.07);\">2<\/td>\n<td style=\"background-color: rgba(128, 128, 128, 0.07);\">&#8211;<\/td>\n<\/tr>\n<tr>\n<td>Cl\u00ednica M\u00e9dica<\/td>\n<td>2<\/td>\n<td>&#8211;<\/td>\n<\/tr>\n<tr>\n<td style=\"background-color: rgba(128, 128, 128, 0.07);\">Medicina de Fam\u00edlia e Comunidade<\/td>\n<td style=\"background-color: rgba(128, 128, 128, 0.07);\">6<\/td>\n<td style=\"background-color: rgba(128, 128, 128, 0.07);\">&#8211;<\/td>\n<\/tr>\n<tr>\n<td>Medicina de Emerg\u00eancia<\/td>\n<td>4<\/td>\n<td>&#8211;<\/td>\n<\/tr>\n<\/tbody>\n<\/table>\n<\/figure><h3><span class=\"ez-toc-section\" id=\"Hospital_de_Brejo_Santo\"><\/span><strong>Hospital de Brejo Santo<\/strong><span class=\"ez-toc-section-end\"><\/span><\/h3>\n<p>\u00a0<\/p>\n<figure>\n<table style=\"width: 800px;\">\n<thead>\n<tr>\n<th style=\"border-top-color: rgba(128, 128, 128, 0.5);\">Especialidades<\/th>\n<th style=\"border-top-color: rgba(128, 128, 128, 0.5);\">Vagas<\/th>\n<th style=\"border-top-color: rgba(128, 128, 128, 0.5);\">Reservadas<\/th>\n<\/tr>\n<\/thead>\n<tbody>\n<tr>\n<td style=\"background-color: rgba(128, 128, 128, 0.07);\">Cirurgia geral<\/td>\n<td style=\"background-color: rgba(128, 128, 128, 0.07);\">4<\/td>\n<td style=\"background-color: rgba(128, 128, 128, 0.07);\">&#8211;<\/td>\n<\/tr>\n<\/tbody>\n<\/table>\n<\/figure><h3><span class=\"ez-toc-section\" id=\"Hospital_da_Unimed\"><\/span><strong>Hospital da Unimed<\/strong><span class=\"ez-toc-section-end\"><\/span><\/h3>\n<p>\u00a0<\/p>\n<figure>\n<table style=\"width: 800px;\">\n<thead>\n<tr>\n<th style=\"border-top-color: rgba(128, 128, 128, 0.5);\">Especialidades<\/th>\n<th style=\"border-top-color: rgba(128, 128, 128, 0.5);\">Vagas<\/th>\n<th style=\"border-top-color: rgba(128, 128, 128, 0.5);\">Reservadas<\/th>\n<\/tr>\n<\/thead>\n<tbody>\n<tr>\n<td style=\"background-color: rgba(128, 128, 128, 0.07);\">Cl\u00ednica m\u00e9dica<\/td>\n<td style=\"background-color: rgba(128, 128, 128, 0.07);\">2<\/td>\n<td style=\"background-color: rgba(128, 128, 128, 0.07);\">&#8211;<\/td>\n<\/tr>\n<tr>\n<td>Pediatria<\/td>\n<td>2<\/td>\n<td>&#8211;<\/td>\n<\/tr>\n<\/tbody>\n<\/table>\n<\/figure><h3><span class=\"ez-toc-section\" id=\"SURCE_2024_Vagas_por_Instituicao-_Hospital_Regional_Norte_%E2%80%93_Sobral\"><\/span><strong>SURCE 2024: Vagas por Institui\u00e7\u00e3o- Hospital Regional Norte \u2013 Sobral<\/strong><span class=\"ez-toc-section-end\"><\/span><\/h3>\n<p>\u00a0<\/p>\n<figure>\n<table style=\"width: 800px;\">\n<thead>\n<tr>\n<th style=\"border-top-color: rgba(128, 128, 128, 0.5);\">Especialidades<\/th>\n<th style=\"border-top-color: rgba(128, 128, 128, 0.5);\">Vagas<\/th>\n<th style=\"border-top-color: rgba(128, 128, 128, 0.5);\">Reservadas<\/th>\n<\/tr>\n<\/thead>\n<tbody>\n<tr>\n<td style=\"background-color: rgba(128, 128, 128, 0.07);\">Cl\u00ednica m\u00e9dica<\/td>\n<td style=\"background-color: rgba(128, 128, 128, 0.07);\">4<\/td>\n<td style=\"background-color: rgba(128, 128, 128, 0.07);\">&#8211;<\/td>\n<\/tr>\n<tr>\n<td>Medicina intensiva<\/td>\n<td>2<\/td>\n<td>&#8211;<\/td>\n<\/tr>\n<tr>\n<td style=\"background-color: rgba(128, 128, 128, 0.07);\">Obstetr\u00edcia e ginecologia<\/td>\n<td style=\"background-color: rgba(128, 128, 128, 0.07);\">2<\/td>\n<td style=\"background-color: rgba(128, 128, 128, 0.07);\">&#8211;<\/td>\n<\/tr>\n<tr>\n<td>Pediatria<\/td>\n<td>2<\/td>\n<td>&#8211;<\/td>\n<\/tr>\n<\/tbody>\n<\/table>\n<\/figure><h3><span class=\"ez-toc-section\" id=\"Centro_de_Referencia_Nacional_em_Dermatologia_Sanitaria_Dona_Libania\"><\/span><strong>Centro de Refer\u00eancia Nacional em Dermatologia Sanit\u00e1ria Dona Lib\u00e2nia<\/strong><span class=\"ez-toc-section-end\"><\/span><\/h3>\n<p>\u00a0<\/p>\n<figure>\n<table style=\"width: 800px;\">\n<thead>\n<tr>\n<th style=\"border-top-color: rgba(128, 128, 128, 0.5);\">Especialidades<\/th>\n<th style=\"border-top-color: rgba(128, 128, 128, 0.5);\">Vagas<\/th>\n<th style=\"border-top-color: rgba(128, 128, 128, 0.5);\">Reservadas<\/th>\n<\/tr>\n<\/thead>\n<tbody>\n<tr>\n<td style=\"background-color: rgba(128, 128, 128, 0.07);\">Dermatologia<\/td>\n<td style=\"background-color: rgba(128, 128, 128, 0.07);\">4<\/td>\n<td style=\"background-color: rgba(128, 128, 128, 0.07);\">&#8211;<\/td>\n<\/tr>\n<\/tbody>\n<\/table>\n<\/figure><h3><span class=\"ez-toc-section\" id=\"Hospital_Sao_Jose_%E2%80%93_HSJ\"><\/span><strong>Hospital S\u00e3o Jos\u00e9 &#8211; HSJ<\/strong><span class=\"ez-toc-section-end\"><\/span><\/h3>\n<figure>\n<table style=\"width: 800px;\">\n<thead>\n<tr>\n<th style=\"border-top-color: rgba(128, 128, 128, 0.5);\">Especialidades<\/th>\n<th style=\"border-top-color: rgba(128, 128, 128, 0.5);\">Vagas<\/th>\n<th style=\"border-top-color: rgba(128, 128, 128, 0.5);\">Reservadas<\/th>\n<\/tr>\n<\/thead>\n<tbody>\n<tr>\n<td style=\"background-color: rgba(128, 128, 128, 0.07);\">Infectologia<\/td>\n<td style=\"background-color: rgba(128, 128, 128, 0.07);\">4<\/td>\n<td style=\"background-color: rgba(128, 128, 128, 0.07);\">1<\/td>\n<\/tr>\n<\/tbody>\n<\/table>\n<\/figure>\t\t\n\t\t\t\t\t\t\t\t\t\t\t\t\t\t\t\t<a href=\"https:\/\/www.grupomedcof.com.br\/reta-final-dominada-links\/\" target=\"_blank\" rel=\"noopener\">\n\t\t\t\t\t\t\t<img loading=\"lazy\" decoding=\"async\" width=\"800\" height=\"130\" src=\"https:\/\/www.grupomedcof.com.br\/blog\/wp-content\/uploads\/2023\/08\/Blog-MedCof-2023-08-03T121639.017-1024x166.png\" alt=\"medcof residencia medica, curso Intensivo para Resid\u00eancia M\u00e9dica, curso para resid\u00eancia m\u00e9dica, medcof reta final dominada, reta final dominada, aulas medcof,\" srcset=\"https:\/\/www.grupomedcof.com.br\/blog\/wp-content\/uploads\/2023\/08\/Blog-MedCof-2023-08-03T121639.017-1024x166.png 1024w, https:\/\/www.grupomedcof.com.br\/blog\/wp-content\/uploads\/2023\/08\/Blog-MedCof-2023-08-03T121639.017-300x49.png 300w, https:\/\/www.grupomedcof.com.br\/blog\/wp-content\/uploads\/2023\/08\/Blog-MedCof-2023-08-03T121639.017-768x125.png 768w, https:\/\/www.grupomedcof.com.br\/blog\/wp-content\/uploads\/2023\/08\/Blog-MedCof-2023-08-03T121639.017-1536x249.png 1536w, https:\/\/www.grupomedcof.com.br\/blog\/wp-content\/uploads\/2023\/08\/Blog-MedCof-2023-08-03T121639.017-2048x332.png 2048w\" sizes=\"auto, (max-width: 800px) 100vw, 800px\" \/>\t\t\t\t\t\t\t\t<\/a>\n\t\t<h3><span class=\"ez-toc-section\" id=\"Secretaria_Municipal_de_Saude_de_Fortaleza_%E2%80%93_SMS_Fortaleza\"><\/span><strong>Secretaria Municipal de Sa\u00fade de Fortaleza \u2013 SMS Fortaleza<\/strong><span class=\"ez-toc-section-end\"><\/span><\/h3>\n<p>\u00a0<\/p>\n<figure>\n<table style=\"width: 800px;\">\n<thead>\n<tr>\n<th style=\"border-top-color: rgba(128, 128, 128, 0.5);\">Especialidades<\/th>\n<th style=\"border-top-color: rgba(128, 128, 128, 0.5);\">Vagas<\/th>\n<th style=\"border-top-color: rgba(128, 128, 128, 0.5);\">Reservadas<\/th>\n<\/tr>\n<\/thead>\n<tbody>\n<tr>\n<td style=\"background-color: rgba(128, 128, 128, 0.07);\">Medicina de fam\u00edlia e comunidade<\/td>\n<td style=\"background-color: rgba(128, 128, 128, 0.07);\">20<\/td>\n<td style=\"background-color: rgba(128, 128, 128, 0.07);\">&#8211;<\/td>\n<\/tr>\n<tr>\n<td>Neonatologia<\/td>\n<td>2<\/td>\n<td>&#8211;<\/td>\n<\/tr>\n<tr>\n<td style=\"background-color: rgba(128, 128, 128, 0.07);\">Obstetr\u00edcia e ginecologia<\/td>\n<td style=\"background-color: rgba(128, 128, 128, 0.07);\">1<\/td>\n<td style=\"background-color: rgba(128, 128, 128, 0.07);\">1<\/td>\n<\/tr>\n<tr>\n<td>Pediatria<\/td>\n<td>2<\/td>\n<td>&#8211;<\/td>\n<\/tr>\n<\/tbody>\n<\/table>\n<\/figure><h3><span class=\"ez-toc-section\" id=\"SURCE_2024_Vagas_por_Instituicao_%E2%80%93_Secretaria_Municipal_de_Sobral_%E2%80%93_SMS_Sobral\"><\/span><strong>SURCE 2024: Vagas por Institui\u00e7\u00e3o\u00a0&#8211; Secretaria Municipal de Sobral \u2013 SMS Sobral<\/strong><span class=\"ez-toc-section-end\"><\/span><\/h3>\n<p>\u00a0<\/p>\n<figure>\n<table style=\"width: 800px;\">\n<thead>\n<tr>\n<th style=\"border-top-color: rgba(128, 128, 128, 0.5);\">Especialidades<\/th>\n<th style=\"border-top-color: rgba(128, 128, 128, 0.5);\">Vagas<\/th>\n<th style=\"border-top-color: rgba(128, 128, 128, 0.5);\">Reservadas<\/th>\n<\/tr>\n<\/thead>\n<tbody>\n<tr>\n<td style=\"background-color: rgba(128, 128, 128, 0.07);\">Medicina de Fam\u00edlia e Comunidade<\/td>\n<td style=\"background-color: rgba(128, 128, 128, 0.07);\">4<\/td>\n<td style=\"background-color: rgba(128, 128, 128, 0.07);\">&#8211;<\/td>\n<\/tr>\n<tr>\n<td>Psiquiatria<\/td>\n<td>3<\/td>\n<td>&#8211;<\/td>\n<\/tr>\n<\/tbody>\n<\/table>\n<\/figure><h3><span class=\"ez-toc-section\" id=\"Fundacao_de_Ciencia_e_Pesquisa_Maria_Ione_Xerez_Vasconcelos_%E2%80%93_FUNCIPE\"><\/span><strong>Funda\u00e7\u00e3o de Ci\u00eancia e Pesquisa Maria Ione Xerez Vasconcelos &#8211; FUNCIPE<\/strong><span class=\"ez-toc-section-end\"><\/span><\/h3>\n<p>\u00a0<\/p>\n<figure>\n<table style=\"width: 800px;\">\n<thead>\n<tr>\n<th style=\"border-top-color: rgba(128, 128, 128, 0.5);\">Especialidades<\/th>\n<th style=\"border-top-color: rgba(128, 128, 128, 0.5);\">Vagas<\/th>\n<th style=\"border-top-color: rgba(128, 128, 128, 0.5);\">Reservadas<\/th>\n<\/tr>\n<\/thead>\n<tbody>\n<tr>\n<td style=\"background-color: rgba(128, 128, 128, 0.07);\">Oftalmologia<\/td>\n<td style=\"background-color: rgba(128, 128, 128, 0.07);\">2<\/td>\n<td style=\"background-color: rgba(128, 128, 128, 0.07);\">&#8211;<\/td>\n<\/tr>\n<\/tbody>\n<\/table>\n<\/figure><h3><span class=\"ez-toc-section\" id=\"Escola_de_Saude_Publica-Iguatu_%E2%80%93_ESPIGUATU\"><\/span><strong>Escola de Sa\u00fade P\u00fablica-Iguatu \u2013 ESP\/IGUATU<\/strong><span class=\"ez-toc-section-end\"><\/span><\/h3>\n<p>\u00a0<\/p>\n<figure>\n<table style=\"width: 800px;\">\n<thead>\n<tr>\n<th style=\"border-top-color: rgba(128, 128, 128, 0.5);\">Especialidades<\/th>\n<th style=\"border-top-color: rgba(128, 128, 128, 0.5);\">Vagas<\/th>\n<th style=\"border-top-color: rgba(128, 128, 128, 0.5);\">Reservadas<\/th>\n<\/tr>\n<\/thead>\n<tbody>\n<tr>\n<td style=\"background-color: rgba(128, 128, 128, 0.07);\">Psiquiatria<\/td>\n<td style=\"background-color: rgba(128, 128, 128, 0.07);\">3<\/td>\n<td style=\"background-color: rgba(128, 128, 128, 0.07);\">1<\/td>\n<\/tr>\n<\/tbody>\n<\/table>\n<\/figure><h3><span class=\"ez-toc-section\" id=\"SURCE_2024_Vagas_por_Instituicao-_Hospital_Infantil_Albert_Sabin_%E2%80%93_HIAS\"><\/span><strong>SURCE 2024: Vagas por Institui\u00e7\u00e3o- Hospital Infantil Albert Sabin &#8211; HIAS<\/strong><span class=\"ez-toc-section-end\"><\/span><\/h3>\n<p>\u00a0<\/p>\n<figure>\n<table style=\"width: 800px;\">\n<thead>\n<tr>\n<th style=\"border-top-color: rgba(128, 128, 128, 0.5);\">Especialidades<\/th>\n<th style=\"border-top-color: rgba(128, 128, 128, 0.5);\">Vagas<\/th>\n<th style=\"border-top-color: rgba(128, 128, 128, 0.5);\">Reservadas<\/th>\n<\/tr>\n<\/thead>\n<tbody>\n<tr>\n<td style=\"background-color: rgba(128, 128, 128, 0.07);\">Cancerologia Pedi\u00e1trica<\/td>\n<td style=\"background-color: rgba(128, 128, 128, 0.07);\">1<\/td>\n<td style=\"background-color: rgba(128, 128, 128, 0.07);\">&#8211;<\/td>\n<\/tr>\n<tr>\n<td>Cirurgia Pedi\u00e1trica<\/td>\n<td>2<\/td>\n<td>&#8211;<\/td>\n<\/tr>\n<tr>\n<td style=\"background-color: rgba(128, 128, 128, 0.07);\">Gastroenterologia Pedi\u00e1trica (R3)<\/td>\n<td style=\"background-color: rgba(128, 128, 128, 0.07);\">1<\/td>\n<td style=\"background-color: rgba(128, 128, 128, 0.07);\">\u00a0&#8211;<\/td>\n<\/tr>\n<tr>\n<td>Hematologia e Hemoterapia Pedi\u00e1trica (R3)<\/td>\n<td>1<\/td>\n<td>\u00a0&#8211;<\/td>\n<\/tr>\n<tr>\n<td style=\"background-color: rgba(128, 128, 128, 0.07);\">Medicina Intensiva Pedi\u00e1trica<\/td>\n<td style=\"background-color: rgba(128, 128, 128, 0.07);\">2<\/td>\n<td style=\"background-color: rgba(128, 128, 128, 0.07);\">\u00a0&#8211;<\/td>\n<\/tr>\n<tr>\n<td>Nefrologia Pedi\u00e1trica (R3)<\/td>\n<td>1<\/td>\n<td>\u00a0&#8211;<\/td>\n<\/tr>\n<tr>\n<td style=\"background-color: rgba(128, 128, 128, 0.07);\">Neonatologia<\/td>\n<td style=\"background-color: rgba(128, 128, 128, 0.07);\">4<\/td>\n<td style=\"background-color: rgba(128, 128, 128, 0.07);\">\u00a0&#8211;<\/td>\n<\/tr>\n<tr>\n<td>Pediatria<\/td>\n<td>12<\/td>\n<td>&#8211;<\/td>\n<\/tr>\n<tr>\n<td style=\"background-color: rgba(128, 128, 128, 0.07);\">Pneumologia Pedi\u00e1trica (R3)1<\/td>\n<td style=\"background-color: rgba(128, 128, 128, 0.07);\">1<\/td>\n<td style=\"background-color: rgba(128, 128, 128, 0.07);\">\u00a0&#8211;<\/td>\n<\/tr>\n<tr>\n<td>Ortopedia e Traumatologia<\/td>\n<td>1<\/td>\n<td>&#8211;<\/td>\n<\/tr>\n<tr>\n<td style=\"background-color: rgba(128, 128, 128, 0.07);\">Ortopedia e Traumatologia (R4)<\/td>\n<td style=\"background-color: rgba(128, 128, 128, 0.07);\">1<\/td>\n<td style=\"background-color: rgba(128, 128, 128, 0.07);\">\u00a0&#8211;<\/td>\n<\/tr>\n<\/tbody>\n<\/table>\n<\/figure>\t\t\n\t\t\t\t\t\t\t\t\t\t\t\t\t\t\t\t<a href=\"https:\/\/www.grupomedcof.com.br\/blog\/qbank-medcof\/\" target=\"_blank\" rel=\"noopener\">\n\t\t\t\t\t\t\t<img loading=\"lazy\" decoding=\"async\" width=\"800\" height=\"128\" src=\"https:\/\/www.grupomedcof.com.br\/blog\/wp-content\/uploads\/2023\/07\/Blog-MedCof-2023-07-06T091657.858-1024x164.png\" alt=\"medcof qbank, medcof aulas, grupo medcof, aulas medcof, qbank, banco de questoes medcof, medcof banco de questoes\" srcset=\"https:\/\/www.grupomedcof.com.br\/blog\/wp-content\/uploads\/2023\/07\/Blog-MedCof-2023-07-06T091657.858-1024x164.png 1024w, https:\/\/www.grupomedcof.com.br\/blog\/wp-content\/uploads\/2023\/07\/Blog-MedCof-2023-07-06T091657.858-300x48.png 300w, https:\/\/www.grupomedcof.com.br\/blog\/wp-content\/uploads\/2023\/07\/Blog-MedCof-2023-07-06T091657.858-768x123.png 768w, https:\/\/www.grupomedcof.com.br\/blog\/wp-content\/uploads\/2023\/07\/Blog-MedCof-2023-07-06T091657.858-1536x246.png 1536w, https:\/\/www.grupomedcof.com.br\/blog\/wp-content\/uploads\/2023\/07\/Blog-MedCof-2023-07-06T091657.858-2048x327.png 2048w\" sizes=\"auto, (max-width: 800px) 100vw, 800px\" \/>\t\t\t\t\t\t\t\t<\/a>\n\t\t<h3><span class=\"ez-toc-section\" id=\"Hospital_De_Saude_Mental_Professor_Frota_Pinto_%E2%80%93_HSMM\"><\/span><strong>Hospital De Sa\u00fade Mental Professor Frota Pinto &#8211; HSMM<\/strong><span class=\"ez-toc-section-end\"><\/span><\/h3>\n<p>\u00a0<\/p>\n<figure>\n<table style=\"width: 800px;\">\n<thead>\n<tr>\n<th style=\"border-top-color: rgba(128, 128, 128, 0.5);\">Especialidades<\/th>\n<th style=\"border-top-color: rgba(128, 128, 128, 0.5);\">Vagas<\/th>\n<th style=\"border-top-color: rgba(128, 128, 128, 0.5);\">Reservadas<\/th>\n<\/tr>\n<\/thead>\n<tbody>\n<tr>\n<td style=\"background-color: rgba(128, 128, 128, 0.07);\">Psiquiatria<\/td>\n<td style=\"background-color: rgba(128, 128, 128, 0.07);\">8<\/td>\n<td style=\"background-color: rgba(128, 128, 128, 0.07);\">2<\/td>\n<\/tr>\n<tr>\n<td>Psiquiatria da Inf\u00e2ncia e Adolesc\u00eancia (R4)<\/td>\n<td>2<\/td>\n<td>&#8211;<\/td>\n<\/tr>\n<\/tbody>\n<\/table>\n<\/figure><h3><span class=\"ez-toc-section\" id=\"SURCE_2024_Vagas_por_Instituicao-_Instituto_do_Cancer_do_Ceara_%E2%80%93_ICC\"><\/span><strong>SURCE 2024: Vagas por Institui\u00e7\u00e3o- Instituto do C\u00e2ncer do Cear\u00e1 &#8211; ICC<\/strong><span class=\"ez-toc-section-end\"><\/span><\/h3>\n<p>\u00a0<\/p>\n<figure>\n<table style=\"width: 800px;\">\n<thead>\n<tr>\n<th style=\"border-top-color: rgba(128, 128, 128, 0.5);\">Especialidades<\/th>\n<th style=\"border-top-color: rgba(128, 128, 128, 0.5);\">Vagas<\/th>\n<th style=\"border-top-color: rgba(128, 128, 128, 0.5);\">Reservadas<\/th>\n<\/tr>\n<\/thead>\n<tbody>\n<tr>\n<td style=\"background-color: rgba(128, 128, 128, 0.07);\">Cancerologia Cir\u00fargica<\/td>\n<td style=\"background-color: rgba(128, 128, 128, 0.07);\">3<\/td>\n<td style=\"background-color: rgba(128, 128, 128, 0.07);\">&#8211;<\/td>\n<\/tr>\n<tr>\n<td>Cancerologia Cl\u00ednica<\/td>\n<td>2<\/td>\n<td>&#8211;<\/td>\n<\/tr>\n<tr>\n<td style=\"background-color: rgba(128, 128, 128, 0.07);\">Cirurgia de Cabe\u00e7a e Pesco\u00e7o<\/td>\n<td style=\"background-color: rgba(128, 128, 128, 0.07);\">1<\/td>\n<td style=\"background-color: rgba(128, 128, 128, 0.07);\">&#8211;<\/td>\n<\/tr>\n<tr>\n<td>Cl\u00ednica M\u00e9dica<\/td>\n<td>2<\/td>\n<td>&#8211;<\/td>\n<\/tr>\n<tr>\n<td style=\"background-color: rgba(128, 128, 128, 0.07);\">Mastologia<\/td>\n<td style=\"background-color: rgba(128, 128, 128, 0.07);\">2<\/td>\n<td style=\"background-color: rgba(128, 128, 128, 0.07);\">&#8211;<\/td>\n<\/tr>\n<tr>\n<td>Patologia<\/td>\n<td>2<\/td>\n<td>&#8211;<\/td>\n<\/tr>\n<tr>\n<td style=\"background-color: rgba(128, 128, 128, 0.07);\">Radiologia e Diagn\u00f3stico por Imagem<\/td>\n<td style=\"background-color: rgba(128, 128, 128, 0.07);\">2<\/td>\n<td style=\"background-color: rgba(128, 128, 128, 0.07);\">&#8211;<\/td>\n<\/tr>\n<tr>\n<td>Radioterapia<\/td>\n<td>1<\/td>\n<td>&#8211;<\/td>\n<\/tr>\n<\/tbody>\n<\/table>\n<\/figure><h3><span class=\"ez-toc-section\" id=\"Faculdade_Estacio_de_Caninde_%E2%80%93_Estacio_Caninde\"><\/span><strong>Faculdade Est\u00e1cio de Canind\u00e9 &#8211; Est\u00e1cio Canind\u00e9<\/strong><span class=\"ez-toc-section-end\"><\/span><\/h3>\n<p>\u00a0<\/p>\n<figure>\n<table style=\"width: 800px;\">\n<thead>\n<tr>\n<th style=\"border-top-color: rgba(128, 128, 128, 0.5);\">Especialidades<\/th>\n<th style=\"border-top-color: rgba(128, 128, 128, 0.5);\">Vagas<\/th>\n<th style=\"border-top-color: rgba(128, 128, 128, 0.5);\">Reservadas<\/th>\n<\/tr>\n<\/thead>\n<tbody>\n<tr>\n<td style=\"background-color: rgba(128, 128, 128, 0.07);\">Cl\u00ednica M\u00e9dica<\/td>\n<td style=\"background-color: rgba(128, 128, 128, 0.07);\">1<\/td>\n<td style=\"background-color: rgba(128, 128, 128, 0.07);\">&#8211;<\/td>\n<\/tr>\n<tr>\n<td>Medicina de Fam\u00edlia e Comunidade<\/td>\n<td>5<\/td>\n<td>&#8211;<\/td>\n<\/tr>\n<\/tbody>\n<\/table>\n<\/figure><h3><span class=\"ez-toc-section\" id=\"Centro_Universitario_Estacio_do_Ceara_%E2%80%93_Campus_Quixada\"><\/span><strong>Centro Universit\u00e1rio Est\u00e1cio do Cear\u00e1 &#8211; Campus Quixad\u00e1<\/strong><span class=\"ez-toc-section-end\"><\/span><\/h3>\n<p>\u00a0<\/p>\n<figure>\n<table style=\"width: 800px;\">\n<thead>\n<tr>\n<th style=\"border-top-color: rgba(128, 128, 128, 0.5);\">Especialidades<\/th>\n<th style=\"border-top-color: rgba(128, 128, 128, 0.5);\">Vagas<\/th>\n<th style=\"border-top-color: rgba(128, 128, 128, 0.5);\">Reservadas<\/th>\n<\/tr>\n<\/thead>\n<tbody>\n<tr>\n<td style=\"background-color: rgba(128, 128, 128, 0.07);\">Cl\u00ednica M\u00e9dica<\/td>\n<td style=\"background-color: rgba(128, 128, 128, 0.07);\">3<\/td>\n<td style=\"background-color: rgba(128, 128, 128, 0.07);\">&#8211;<\/td>\n<\/tr>\n<tr>\n<td>Cirurgia Geral<\/td>\n<td>2<\/td>\n<td>&#8211;<\/td>\n<\/tr>\n<tr>\n<td style=\"background-color: rgba(128, 128, 128, 0.07);\">Obstetr\u00edcia e ginecologia<\/td>\n<td style=\"background-color: rgba(128, 128, 128, 0.07);\">2<\/td>\n<td style=\"background-color: rgba(128, 128, 128, 0.07);\">&#8211;<\/td>\n<\/tr>\n<tr>\n<td>Pediatria<\/td>\n<td>3<\/td>\n<td>&#8211;<\/td>\n<\/tr>\n<\/tbody>\n<\/table>\n<\/figure><h3><span class=\"ez-toc-section\" id=\"SURCE_2024_Vagas_por_Instituicao-_Universidade_de_Fortaleza_%E2%80%93_UNIFOR\"><\/span><strong>SURCE 2024: Vagas por Institui\u00e7\u00e3o- Universidade de Fortaleza &#8211; UNIFOR<\/strong><span class=\"ez-toc-section-end\"><\/span><\/h3>\n<figure>\n<table style=\"width: 800px;\">\n<thead>\n<tr>\n<th style=\"border-top-color: rgba(128, 128, 128, 0.5);\">Especialidades<\/th>\n<th style=\"border-top-color: rgba(128, 128, 128, 0.5);\">Vagas<\/th>\n<th style=\"border-top-color: rgba(128, 128, 128, 0.5);\">Reservadas<\/th>\n<\/tr>\n<\/thead>\n<tbody>\n<tr>\n<td style=\"background-color: rgba(128, 128, 128, 0.07);\">Geriatria<\/td>\n<td style=\"background-color: rgba(128, 128, 128, 0.07);\">2<\/td>\n<td style=\"background-color: rgba(128, 128, 128, 0.07);\">&#8211;<\/td>\n<\/tr>\n<\/tbody>\n<\/table>\n<\/figure><p><!-- wp:paragraph --><\/p>\n<p><!-- \/wp:paragraph --><\/p>\n<p><!-- wp:paragraph {\"fontSize\":\"medium\"} --><\/p>\n<p><!-- \/wp:paragraph --><\/p>\n<p><!-- wp:paragraph --><\/p>\n<p><!-- \/wp:paragraph --><\/p>\n<p><!-- wp:table --><\/p>\n<p><!-- \/wp:table --><\/p>\n<p><!-- wp:paragraph {\"fontSize\":\"medium\"} --><\/p>\n<p><!-- \/wp:paragraph --><\/p>\n<p><!-- wp:paragraph --><\/p>\n<p><!-- \/wp:paragraph --><\/p>\n<p><!-- wp:table --><\/p>\n<p><!-- \/wp:table --><\/p>\n<p><!-- wp:paragraph {\"fontSize\":\"medium\"} --><\/p>\n<p><!-- \/wp:paragraph --><\/p>\n<p><!-- wp:paragraph {\"fontSize\":\"medium\"} --><\/p>\n<p><!-- \/wp:paragraph --><\/p>\n<p><!-- wp:paragraph --><\/p>\n<p><!-- \/wp:paragraph --><\/p>\n<p><!-- wp:table --><\/p>\n<p><!-- \/wp:table --><\/p>\n<p><!-- wp:paragraph --><\/p>\n<p><!-- \/wp:paragraph --><\/p>\n<p><!-- wp:table --><\/p>\n<p><!-- \/wp:table --><\/p>\n<p><!-- wp:paragraph --><\/p>\n<p><!-- \/wp:paragraph --><\/p>\n<p><!-- wp:heading --><\/p>\n<h2 id=\"h-conquiste-a-aprovacao\"><span class=\"ez-toc-section\" id=\"Conquiste_a_aprovacao\"><\/span><strong>Conquiste a aprova\u00e7\u00e3o<\/strong><span class=\"ez-toc-section-end\"><\/span><\/h2>\n<p><!-- \/wp:heading --><\/p>\n<p><!-- wp:paragraph --><\/p>\n<p>As provas de resid\u00eancia m\u00e9dica est\u00e3o cada vez mais perto! Se voc\u00ea quer<a href=\"https:\/\/www.grupomedcof.com.br\/blog\/presenca-da-medcof-nas-aprovacoes-em-residencia-medica-no-brasil\/\" target=\"_blank\" rel=\"noreferrer noopener\">&nbsp;<strong>ser mais&nbsp;um aprovado<\/strong>&nbsp;<\/a>nas vagas das melhores institui\u00e7\u00f5es do pa\u00eds como a SURCE 2024, ent\u00e3o conhe\u00e7a o<strong><a href=\"https:\/\/www.grupomedcof.com.br\/\" target=\"_blank\" rel=\"noreferrer noopener\">&nbsp;Grupo&nbsp;MedCof<\/a>!&nbsp;<\/strong>Temos um cat\u00e1logo repleto de cursos que te guiar\u00e3o na jornada para as provas de Resid\u00eancia M\u00e9dica que ocorrer\u00e3o em 2023\/2024!<\/p>\n<p><!-- \/wp:paragraph --><\/p>\t\t\n\t\t\t\t\t\t\t\t\t\t\t\t\t\t\t\t<a href=\"https:\/\/www.grupomedcof.com.br\/\" target=\"_blank\" rel=\"noopener\">\n\t\t\t\t\t\t\t<img loading=\"lazy\" decoding=\"async\" width=\"800\" height=\"378\" src=\"https:\/\/www.grupomedcof.com.br\/blog\/wp-content\/uploads\/2023\/08\/Captura-de-tela-2023-08-16-103405-e1692192957450-1024x484.png\" alt=\"medcof residencia medica, curso Intensivo para Resid\u00eancia M\u00e9dica, curso para resid\u00eancia m\u00e9dica, medcof hiit, aulas medcof,\" srcset=\"https:\/\/www.grupomedcof.com.br\/blog\/wp-content\/uploads\/2023\/08\/Captura-de-tela-2023-08-16-103405-e1692192957450-1024x484.png 1024w, https:\/\/www.grupomedcof.com.br\/blog\/wp-content\/uploads\/2023\/08\/Captura-de-tela-2023-08-16-103405-e1692192957450-300x142.png 300w, https:\/\/www.grupomedcof.com.br\/blog\/wp-content\/uploads\/2023\/08\/Captura-de-tela-2023-08-16-103405-e1692192957450-768x363.png 768w, https:\/\/www.grupomedcof.com.br\/blog\/wp-content\/uploads\/2023\/08\/Captura-de-tela-2023-08-16-103405-e1692192957450.png 1145w\" sizes=\"auto, (max-width: 800px) 100vw, 800px\" \/>\t\t\t\t\t\t\t\t<\/a>","protected":false},"excerpt":{"rendered":"<p>Veja a seguir a quantidade de vagas por institui\u00e7\u00e3o da SURCE 2024. De acordo com a publica\u00e7\u00e3o ser\u00e3o mais de 600 vagas dispon\u00edveis e 28 institui\u00e7\u00f5es participantes.<\/p>\n","protected":false},"author":6,"featured_media":12146,"comment_status":"open","ping_status":"open","sticky":false,"template":"","format":"standard","meta":{"footnotes":""},"categories":[10,174],"tags":[93,117,68,252],"ppma_author":[3609],"class_list":{"0":"post-12055","1":"post","2":"type-post","3":"status-publish","4":"format-standard","5":"has-post-thumbnail","7":"category-raio-x-editais","8":"category-residencia-medica","9":"tag-especialidades-medicas","10":"tag-provas-de-residencia","11":"tag-residencia-medica","12":"tag-surce"},"yoast_head":"<!-- This site is optimized with the Yoast SEO Premium plugin v24.3 (Yoast SEO v27.4) - https:\/\/yoast.com\/product\/yoast-seo-premium-wordpress\/ -->\n<title>SURCE 2024: Vagas por institui\u00e7\u00e3o - Blog de Medcof: conte\u00fados, editais, revalida e mais!<\/title>\n<meta name=\"description\" content=\"Veja a seguir a quantidade de vagas por institui\u00e7\u00e3o da SURCE 2024. De acordo com a publica\u00e7\u00e3o ser\u00e3o mais de 600 vagas dispon\u00edveis e 28...\" \/>\n<meta name=\"robots\" content=\"index, follow, max-snippet:-1, max-image-preview:large, max-video-preview:-1\" \/>\n<link rel=\"canonical\" href=\"https:\/\/www.grupomedcof.com.br\/blog\/surce-2024-vagas-por-instituicao\/\" \/>\n<meta property=\"og:locale\" content=\"pt_BR\" \/>\n<meta property=\"og:type\" content=\"article\" \/>\n<meta property=\"og:title\" content=\"SURCE 2024: Vagas por institui\u00e7\u00e3o\" \/>\n<meta property=\"og:description\" content=\"Veja a seguir a quantidade de vagas por institui\u00e7\u00e3o da SURCE 2024. De acordo com a publica\u00e7\u00e3o ser\u00e3o mais de 600 vagas dispon\u00edveis e 28...\" \/>\n<meta property=\"og:url\" content=\"https:\/\/www.grupomedcof.com.br\/blog\/surce-2024-vagas-por-instituicao\/\" \/>\n<meta property=\"og:site_name\" content=\"Blog de Medcof: conte\u00fados, editais, revalida e mais!\" \/>\n<meta property=\"article:publisher\" content=\"https:\/\/www.facebook.com\/MedCofQbank\/\" \/>\n<meta property=\"article:published_time\" content=\"2023-09-04T20:02:21+00:00\" \/>\n<meta property=\"og:image\" content=\"https:\/\/www.grupomedcof.com.br\/blog\/wp-content\/uploads\/2023\/09\/Blog-MedCof-8.png\" \/>\n\t<meta property=\"og:image:width\" content=\"2560\" \/>\n\t<meta property=\"og:image:height\" content=\"1440\" \/>\n\t<meta property=\"og:image:type\" content=\"image\/png\" \/>\n<meta name=\"author\" content=\"J\u00falia Moreira\" \/>\n<meta name=\"twitter:card\" content=\"summary_large_image\" \/>\n<meta name=\"twitter:label1\" content=\"Escrito por\" \/>\n\t<meta name=\"twitter:data1\" content=\"J\u00falia Moreira\" \/>\n\t<meta name=\"twitter:label2\" content=\"Est. tempo de leitura\" \/>\n\t<meta name=\"twitter:data2\" content=\"12 minutos\" \/>\n<script type=\"application\/ld+json\" class=\"yoast-schema-graph\">{\"@context\":\"https:\\\/\\\/schema.org\",\"@graph\":[{\"@type\":\"Article\",\"@id\":\"https:\\\/\\\/www.grupomedcof.com.br\\\/blog\\\/surce-2024-vagas-por-instituicao\\\/#article\",\"isPartOf\":{\"@id\":\"https:\\\/\\\/www.grupomedcof.com.br\\\/blog\\\/surce-2024-vagas-por-instituicao\\\/\"},\"author\":{\"name\":\"J\u00falia Moreira\",\"@id\":\"https:\\\/\\\/www.grupomedcof.com.br\\\/blog\\\/#\\\/schema\\\/person\\\/1375e0ce724529d7a1d8156ea7f8ceaa\"},\"headline\":\"SURCE 2024: Vagas por institui\u00e7\u00e3o\",\"datePublished\":\"2023-09-04T20:02:21+00:00\",\"mainEntityOfPage\":{\"@id\":\"https:\\\/\\\/www.grupomedcof.com.br\\\/blog\\\/surce-2024-vagas-por-instituicao\\\/\"},\"wordCount\":1428,\"commentCount\":0,\"publisher\":{\"@id\":\"https:\\\/\\\/www.grupomedcof.com.br\\\/blog\\\/#organization\"},\"image\":{\"@id\":\"https:\\\/\\\/www.grupomedcof.com.br\\\/blog\\\/surce-2024-vagas-por-instituicao\\\/#primaryimage\"},\"thumbnailUrl\":\"https:\\\/\\\/www.grupomedcof.com.br\\\/blog\\\/wp-content\\\/uploads\\\/2023\\\/09\\\/Blog-MedCof-8.png\",\"keywords\":[\"Especialidades m\u00e9dicas\",\"Provas de Resid\u00eancia\",\"Resid\u00eancia M\u00e9dica\",\"SURCE\"],\"articleSection\":[\"Raio-X Editais\",\"Resid\u00eancia m\u00e9dica: editais, resultados, temas quentes e mais\"],\"inLanguage\":\"pt-BR\"},{\"@type\":\"WebPage\",\"@id\":\"https:\\\/\\\/www.grupomedcof.com.br\\\/blog\\\/surce-2024-vagas-por-instituicao\\\/\",\"url\":\"https:\\\/\\\/www.grupomedcof.com.br\\\/blog\\\/surce-2024-vagas-por-instituicao\\\/\",\"name\":\"SURCE 2024: Vagas por institui\u00e7\u00e3o - Blog de Medcof: conte\u00fados, editais, revalida e mais!\",\"isPartOf\":{\"@id\":\"https:\\\/\\\/www.grupomedcof.com.br\\\/blog\\\/#website\"},\"primaryImageOfPage\":{\"@id\":\"https:\\\/\\\/www.grupomedcof.com.br\\\/blog\\\/surce-2024-vagas-por-instituicao\\\/#primaryimage\"},\"image\":{\"@id\":\"https:\\\/\\\/www.grupomedcof.com.br\\\/blog\\\/surce-2024-vagas-por-instituicao\\\/#primaryimage\"},\"thumbnailUrl\":\"https:\\\/\\\/www.grupomedcof.com.br\\\/blog\\\/wp-content\\\/uploads\\\/2023\\\/09\\\/Blog-MedCof-8.png\",\"datePublished\":\"2023-09-04T20:02:21+00:00\",\"description\":\"Veja a seguir a quantidade de vagas por institui\u00e7\u00e3o da SURCE 2024. De acordo com a publica\u00e7\u00e3o ser\u00e3o mais de 600 vagas dispon\u00edveis e 28...\",\"breadcrumb\":{\"@id\":\"https:\\\/\\\/www.grupomedcof.com.br\\\/blog\\\/surce-2024-vagas-por-instituicao\\\/#breadcrumb\"},\"inLanguage\":\"pt-BR\",\"potentialAction\":[{\"@type\":\"ReadAction\",\"target\":[\"https:\\\/\\\/www.grupomedcof.com.br\\\/blog\\\/surce-2024-vagas-por-instituicao\\\/\"]}]},{\"@type\":\"ImageObject\",\"inLanguage\":\"pt-BR\",\"@id\":\"https:\\\/\\\/www.grupomedcof.com.br\\\/blog\\\/surce-2024-vagas-por-instituicao\\\/#primaryimage\",\"url\":\"https:\\\/\\\/www.grupomedcof.com.br\\\/blog\\\/wp-content\\\/uploads\\\/2023\\\/09\\\/Blog-MedCof-8.png\",\"contentUrl\":\"https:\\\/\\\/www.grupomedcof.com.br\\\/blog\\\/wp-content\\\/uploads\\\/2023\\\/09\\\/Blog-MedCof-8.png\",\"width\":2560,\"height\":1440,\"caption\":\"Veja a seguir a quantidade de vagas por institui\u00e7\u00e3o da SURCE 2024. De acordo com a publica\u00e7\u00e3o ser\u00e3o mais de 600 vagas dispon\u00edveis e 28...\"},{\"@type\":\"BreadcrumbList\",\"@id\":\"https:\\\/\\\/www.grupomedcof.com.br\\\/blog\\\/surce-2024-vagas-por-instituicao\\\/#breadcrumb\",\"itemListElement\":[{\"@type\":\"ListItem\",\"position\":1,\"name\":\"In\u00edcio\",\"item\":\"https:\\\/\\\/www.grupomedcof.com.br\\\/blog\\\/\"},{\"@type\":\"ListItem\",\"position\":2,\"name\":\"SURCE 2024: Vagas por institui\u00e7\u00e3o\"}]},{\"@type\":\"WebSite\",\"@id\":\"https:\\\/\\\/www.grupomedcof.com.br\\\/blog\\\/#website\",\"url\":\"https:\\\/\\\/www.grupomedcof.com.br\\\/blog\\\/\",\"name\":\"Blog de Medcof: conte\u00fados, editais, revalida e mais!\",\"description\":\"Acesso o blog de MedCof! Seu portal de conte\u00fados sobre resid\u00eancia m\u00e9dica, an\u00e1lise e editais e muito mais. Clique e confira!\",\"publisher\":{\"@id\":\"https:\\\/\\\/www.grupomedcof.com.br\\\/blog\\\/#organization\"},\"alternateName\":\"Blog de Medcof: conte\u00fados, editais, revalida e mais!\",\"potentialAction\":[{\"@type\":\"SearchAction\",\"target\":{\"@type\":\"EntryPoint\",\"urlTemplate\":\"https:\\\/\\\/www.grupomedcof.com.br\\\/blog\\\/?s={search_term_string}\"},\"query-input\":{\"@type\":\"PropertyValueSpecification\",\"valueRequired\":true,\"valueName\":\"search_term_string\"}}],\"inLanguage\":\"pt-BR\"},{\"@type\":\"Organization\",\"@id\":\"https:\\\/\\\/www.grupomedcof.com.br\\\/blog\\\/#organization\",\"name\":\"Grupo MedCof\",\"url\":\"https:\\\/\\\/www.grupomedcof.com.br\\\/blog\\\/\",\"logo\":{\"@type\":\"ImageObject\",\"inLanguage\":\"pt-BR\",\"@id\":\"https:\\\/\\\/www.grupomedcof.com.br\\\/blog\\\/#\\\/schema\\\/logo\\\/image\\\/\",\"url\":\"https:\\\/\\\/www.grupomedcof.com.br\\\/blog\\\/wp-content\\\/uploads\\\/2022\\\/01\\\/logo-medcof.png\",\"contentUrl\":\"https:\\\/\\\/www.grupomedcof.com.br\\\/blog\\\/wp-content\\\/uploads\\\/2022\\\/01\\\/logo-medcof.png\",\"width\":768,\"height\":269,\"caption\":\"Grupo MedCof\"},\"image\":{\"@id\":\"https:\\\/\\\/www.grupomedcof.com.br\\\/blog\\\/#\\\/schema\\\/logo\\\/image\\\/\"},\"sameAs\":[\"https:\\\/\\\/www.facebook.com\\\/MedCofQbank\\\/\",\"https:\\\/\\\/www.instagram.com\\\/grupomedcof\\\/\",\"https:\\\/\\\/br.linkedin.com\\\/company\\\/medcof\",\"https:\\\/\\\/www.youtube.com\\\/channel\\\/UCdHMuOHKICxcHwecxN8P-AA\"]},{\"@type\":\"Person\",\"@id\":\"https:\\\/\\\/www.grupomedcof.com.br\\\/blog\\\/#\\\/schema\\\/person\\\/1375e0ce724529d7a1d8156ea7f8ceaa\",\"name\":\"J\u00falia Moreira\",\"image\":{\"@type\":\"ImageObject\",\"inLanguage\":\"pt-BR\",\"@id\":\"https:\\\/\\\/www.grupomedcof.com.br\\\/blog\\\/wp-content\\\/uploads\\\/2024\\\/12\\\/cropped-Captura-de-tela-2023-12-15-094946-96x96.png6a0083ac34a0445de97d55fae63a4a41\",\"url\":\"https:\\\/\\\/www.grupomedcof.com.br\\\/blog\\\/wp-content\\\/uploads\\\/2024\\\/12\\\/cropped-Captura-de-tela-2023-12-15-094946-96x96.png\",\"contentUrl\":\"https:\\\/\\\/www.grupomedcof.com.br\\\/blog\\\/wp-content\\\/uploads\\\/2024\\\/12\\\/cropped-Captura-de-tela-2023-12-15-094946-96x96.png\",\"caption\":\"J\u00falia Moreira\"},\"description\":\"Estudante do 8\u00ba semestre de Jornalismo na ECA-USP, f\u00e3 de filmes de terror e m\u00fasica popular sul-coreana.\",\"sameAs\":[\"https:\\\/\\\/www.grupomedcof.com.br\\\/\"],\"url\":\"https:\\\/\\\/www.grupomedcof.com.br\\\/blog\\\/author\\\/julia\\\/\"}]}<\/script>\n<!-- \/ Yoast SEO Premium plugin. -->","yoast_head_json":{"title":"SURCE 2024: Vagas por institui\u00e7\u00e3o - Blog de Medcof: conte\u00fados, editais, revalida e mais!","description":"Veja a seguir a quantidade de vagas por institui\u00e7\u00e3o da SURCE 2024. De acordo com a publica\u00e7\u00e3o ser\u00e3o mais de 600 vagas dispon\u00edveis e 28...","robots":{"index":"index","follow":"follow","max-snippet":"max-snippet:-1","max-image-preview":"max-image-preview:large","max-video-preview":"max-video-preview:-1"},"canonical":"https:\/\/www.grupomedcof.com.br\/blog\/surce-2024-vagas-por-instituicao\/","og_locale":"pt_BR","og_type":"article","og_title":"SURCE 2024: Vagas por institui\u00e7\u00e3o","og_description":"Veja a seguir a quantidade de vagas por institui\u00e7\u00e3o da SURCE 2024. De acordo com a publica\u00e7\u00e3o ser\u00e3o mais de 600 vagas dispon\u00edveis e 28...","og_url":"https:\/\/www.grupomedcof.com.br\/blog\/surce-2024-vagas-por-instituicao\/","og_site_name":"Blog de Medcof: conte\u00fados, editais, revalida e mais!","article_publisher":"https:\/\/www.facebook.com\/MedCofQbank\/","article_published_time":"2023-09-04T20:02:21+00:00","og_image":[{"width":2560,"height":1440,"url":"https:\/\/www.grupomedcof.com.br\/blog\/wp-content\/uploads\/2023\/09\/Blog-MedCof-8.png","type":"image\/png"}],"author":"J\u00falia Moreira","twitter_card":"summary_large_image","twitter_misc":{"Escrito por":"J\u00falia Moreira","Est. tempo de leitura":"12 minutos"},"schema":{"@context":"https:\/\/schema.org","@graph":[{"@type":"Article","@id":"https:\/\/www.grupomedcof.com.br\/blog\/surce-2024-vagas-por-instituicao\/#article","isPartOf":{"@id":"https:\/\/www.grupomedcof.com.br\/blog\/surce-2024-vagas-por-instituicao\/"},"author":{"name":"J\u00falia Moreira","@id":"https:\/\/www.grupomedcof.com.br\/blog\/#\/schema\/person\/1375e0ce724529d7a1d8156ea7f8ceaa"},"headline":"SURCE 2024: Vagas por institui\u00e7\u00e3o","datePublished":"2023-09-04T20:02:21+00:00","mainEntityOfPage":{"@id":"https:\/\/www.grupomedcof.com.br\/blog\/surce-2024-vagas-por-instituicao\/"},"wordCount":1428,"commentCount":0,"publisher":{"@id":"https:\/\/www.grupomedcof.com.br\/blog\/#organization"},"image":{"@id":"https:\/\/www.grupomedcof.com.br\/blog\/surce-2024-vagas-por-instituicao\/#primaryimage"},"thumbnailUrl":"https:\/\/www.grupomedcof.com.br\/blog\/wp-content\/uploads\/2023\/09\/Blog-MedCof-8.png","keywords":["Especialidades m\u00e9dicas","Provas de Resid\u00eancia","Resid\u00eancia M\u00e9dica","SURCE"],"articleSection":["Raio-X Editais","Resid\u00eancia m\u00e9dica: editais, resultados, temas quentes e mais"],"inLanguage":"pt-BR"},{"@type":"WebPage","@id":"https:\/\/www.grupomedcof.com.br\/blog\/surce-2024-vagas-por-instituicao\/","url":"https:\/\/www.grupomedcof.com.br\/blog\/surce-2024-vagas-por-instituicao\/","name":"SURCE 2024: Vagas por institui\u00e7\u00e3o - Blog de Medcof: conte\u00fados, editais, revalida e mais!","isPartOf":{"@id":"https:\/\/www.grupomedcof.com.br\/blog\/#website"},"primaryImageOfPage":{"@id":"https:\/\/www.grupomedcof.com.br\/blog\/surce-2024-vagas-por-instituicao\/#primaryimage"},"image":{"@id":"https:\/\/www.grupomedcof.com.br\/blog\/surce-2024-vagas-por-instituicao\/#primaryimage"},"thumbnailUrl":"https:\/\/www.grupomedcof.com.br\/blog\/wp-content\/uploads\/2023\/09\/Blog-MedCof-8.png","datePublished":"2023-09-04T20:02:21+00:00","description":"Veja a seguir a quantidade de vagas por institui\u00e7\u00e3o da SURCE 2024. De acordo com a publica\u00e7\u00e3o ser\u00e3o mais de 600 vagas dispon\u00edveis e 28...","breadcrumb":{"@id":"https:\/\/www.grupomedcof.com.br\/blog\/surce-2024-vagas-por-instituicao\/#breadcrumb"},"inLanguage":"pt-BR","potentialAction":[{"@type":"ReadAction","target":["https:\/\/www.grupomedcof.com.br\/blog\/surce-2024-vagas-por-instituicao\/"]}]},{"@type":"ImageObject","inLanguage":"pt-BR","@id":"https:\/\/www.grupomedcof.com.br\/blog\/surce-2024-vagas-por-instituicao\/#primaryimage","url":"https:\/\/www.grupomedcof.com.br\/blog\/wp-content\/uploads\/2023\/09\/Blog-MedCof-8.png","contentUrl":"https:\/\/www.grupomedcof.com.br\/blog\/wp-content\/uploads\/2023\/09\/Blog-MedCof-8.png","width":2560,"height":1440,"caption":"Veja a seguir a quantidade de vagas por institui\u00e7\u00e3o da SURCE 2024. De acordo com a publica\u00e7\u00e3o ser\u00e3o mais de 600 vagas dispon\u00edveis e 28..."},{"@type":"BreadcrumbList","@id":"https:\/\/www.grupomedcof.com.br\/blog\/surce-2024-vagas-por-instituicao\/#breadcrumb","itemListElement":[{"@type":"ListItem","position":1,"name":"In\u00edcio","item":"https:\/\/www.grupomedcof.com.br\/blog\/"},{"@type":"ListItem","position":2,"name":"SURCE 2024: Vagas por institui\u00e7\u00e3o"}]},{"@type":"WebSite","@id":"https:\/\/www.grupomedcof.com.br\/blog\/#website","url":"https:\/\/www.grupomedcof.com.br\/blog\/","name":"Blog de Medcof: conte\u00fados, editais, revalida e mais!","description":"Acesso o blog de MedCof! Seu portal de conte\u00fados sobre resid\u00eancia m\u00e9dica, an\u00e1lise e editais e muito mais. Clique e confira!","publisher":{"@id":"https:\/\/www.grupomedcof.com.br\/blog\/#organization"},"alternateName":"Blog de Medcof: conte\u00fados, editais, revalida e mais!","potentialAction":[{"@type":"SearchAction","target":{"@type":"EntryPoint","urlTemplate":"https:\/\/www.grupomedcof.com.br\/blog\/?s={search_term_string}"},"query-input":{"@type":"PropertyValueSpecification","valueRequired":true,"valueName":"search_term_string"}}],"inLanguage":"pt-BR"},{"@type":"Organization","@id":"https:\/\/www.grupomedcof.com.br\/blog\/#organization","name":"Grupo MedCof","url":"https:\/\/www.grupomedcof.com.br\/blog\/","logo":{"@type":"ImageObject","inLanguage":"pt-BR","@id":"https:\/\/www.grupomedcof.com.br\/blog\/#\/schema\/logo\/image\/","url":"https:\/\/www.grupomedcof.com.br\/blog\/wp-content\/uploads\/2022\/01\/logo-medcof.png","contentUrl":"https:\/\/www.grupomedcof.com.br\/blog\/wp-content\/uploads\/2022\/01\/logo-medcof.png","width":768,"height":269,"caption":"Grupo MedCof"},"image":{"@id":"https:\/\/www.grupomedcof.com.br\/blog\/#\/schema\/logo\/image\/"},"sameAs":["https:\/\/www.facebook.com\/MedCofQbank\/","https:\/\/www.instagram.com\/grupomedcof\/","https:\/\/br.linkedin.com\/company\/medcof","https:\/\/www.youtube.com\/channel\/UCdHMuOHKICxcHwecxN8P-AA"]},{"@type":"Person","@id":"https:\/\/www.grupomedcof.com.br\/blog\/#\/schema\/person\/1375e0ce724529d7a1d8156ea7f8ceaa","name":"J\u00falia Moreira","image":{"@type":"ImageObject","inLanguage":"pt-BR","@id":"https:\/\/www.grupomedcof.com.br\/blog\/wp-content\/uploads\/2024\/12\/cropped-Captura-de-tela-2023-12-15-094946-96x96.png6a0083ac34a0445de97d55fae63a4a41","url":"https:\/\/www.grupomedcof.com.br\/blog\/wp-content\/uploads\/2024\/12\/cropped-Captura-de-tela-2023-12-15-094946-96x96.png","contentUrl":"https:\/\/www.grupomedcof.com.br\/blog\/wp-content\/uploads\/2024\/12\/cropped-Captura-de-tela-2023-12-15-094946-96x96.png","caption":"J\u00falia Moreira"},"description":"Estudante do 8\u00ba semestre de Jornalismo na ECA-USP, f\u00e3 de filmes de terror e m\u00fasica popular sul-coreana.","sameAs":["https:\/\/www.grupomedcof.com.br\/"],"url":"https:\/\/www.grupomedcof.com.br\/blog\/author\/julia\/"}]}},"authors":[{"term_id":3609,"user_id":6,"is_guest":0,"slug":"julia","display_name":"J\u00falia Moreira","avatar_url":"https:\/\/www.grupomedcof.com.br\/blog\/wp-content\/uploads\/2024\/12\/cropped-Captura-de-tela-2023-12-15-094946-96x96.png","0":null,"1":"","2":"","3":"","4":"","5":"","6":"","7":"","8":""}],"_links":{"self":[{"href":"https:\/\/www.grupomedcof.com.br\/blog\/wp-json\/wp\/v2\/posts\/12055","targetHints":{"allow":["GET"]}}],"collection":[{"href":"https:\/\/www.grupomedcof.com.br\/blog\/wp-json\/wp\/v2\/posts"}],"about":[{"href":"https:\/\/www.grupomedcof.com.br\/blog\/wp-json\/wp\/v2\/types\/post"}],"author":[{"embeddable":true,"href":"https:\/\/www.grupomedcof.com.br\/blog\/wp-json\/wp\/v2\/users\/6"}],"replies":[{"embeddable":true,"href":"https:\/\/www.grupomedcof.com.br\/blog\/wp-json\/wp\/v2\/comments?post=12055"}],"version-history":[{"count":0,"href":"https:\/\/www.grupomedcof.com.br\/blog\/wp-json\/wp\/v2\/posts\/12055\/revisions"}],"wp:featuredmedia":[{"embeddable":true,"href":"https:\/\/www.grupomedcof.com.br\/blog\/wp-json\/wp\/v2\/media\/12146"}],"wp:attachment":[{"href":"https:\/\/www.grupomedcof.com.br\/blog\/wp-json\/wp\/v2\/media?parent=12055"}],"wp:term":[{"taxonomy":"category","embeddable":true,"href":"https:\/\/www.grupomedcof.com.br\/blog\/wp-json\/wp\/v2\/categories?post=12055"},{"taxonomy":"post_tag","embeddable":true,"href":"https:\/\/www.grupomedcof.com.br\/blog\/wp-json\/wp\/v2\/tags?post=12055"},{"taxonomy":"author","embeddable":true,"href":"https:\/\/www.grupomedcof.com.br\/blog\/wp-json\/wp\/v2\/ppma_author?post=12055"}],"curies":[{"name":"wp","href":"https:\/\/api.w.org\/{rel}","templated":true}]}}