{"id":12061,"date":"2026-04-20T09:15:22","date_gmt":"2026-04-20T12:15:22","guid":{"rendered":"https:\/\/www.grupomedcof.com.br\/blog\/?p=12061"},"modified":"2026-04-20T09:15:24","modified_gmt":"2026-04-20T12:15:24","slug":"residencia-medica-scmbh","status":"publish","type":"post","link":"https:\/\/www.grupomedcof.com.br\/blog\/residencia-medica-scmbh\/","title":{"rendered":"Resid\u00eancia M\u00e9dica SCMBH 2025\/2026:  tudo sobre o processo seletivo!"},"content":{"rendered":"<div id=\"ez-toc-container\" class=\"ez-toc-v2_0_74 counter-hierarchy ez-toc-counter ez-toc-transparent ez-toc-container-direction\">\n<div class=\"ez-toc-title-container\">\n<p class=\"ez-toc-title\" style=\"cursor:inherit\">Sum\u00e1rio<\/p>\n<span class=\"ez-toc-title-toggle\"><a href=\"#\" class=\"ez-toc-pull-right ez-toc-btn ez-toc-btn-xs ez-toc-btn-default ez-toc-toggle\" aria-label=\"Alternar tabela de conte\u00fado\"><span class=\"ez-toc-js-icon-con\"><span class=\"\"><span class=\"eztoc-hide\" style=\"display:none;\">Toggle<\/span><span class=\"ez-toc-icon-toggle-span\"><svg style=\"fill: #999;color:#999\" xmlns=\"http:\/\/www.w3.org\/2000\/svg\" class=\"list-377408\" width=\"20px\" height=\"20px\" viewBox=\"0 0 24 24\" fill=\"none\"><path d=\"M6 6H4v2h2V6zm14 0H8v2h12V6zM4 11h2v2H4v-2zm16 0H8v2h12v-2zM4 16h2v2H4v-2zm16 0H8v2h12v-2z\" fill=\"currentColor\"><\/path><\/svg><svg style=\"fill: #999;color:#999\" class=\"arrow-unsorted-368013\" xmlns=\"http:\/\/www.w3.org\/2000\/svg\" width=\"10px\" height=\"10px\" viewBox=\"0 0 24 24\" version=\"1.2\" baseProfile=\"tiny\"><path d=\"M18.2 9.3l-6.2-6.3-6.2 6.3c-.2.2-.3.4-.3.7s.1.5.3.7c.2.2.4.3.7.3h11c.3 0 .5-.1.7-.3.2-.2.3-.5.3-.7s-.1-.5-.3-.7zM5.8 14.7l6.2 6.3 6.2-6.3c.2-.2.3-.5.3-.7s-.1-.5-.3-.7c-.2-.2-.4-.3-.7-.3h-11c-.3 0-.5.1-.7.3-.2.2-.3.5-.3.7s.1.5.3.7z\"\/><\/svg><\/span><\/span><\/span><\/a><\/span><\/div>\n<nav><ul class='ez-toc-list ez-toc-list-level-1 ' ><li class='ez-toc-page-1 ez-toc-heading-level-2'><a class=\"ez-toc-link ez-toc-heading-1\" href=\"https:\/\/www.grupomedcof.com.br\/blog\/residencia-medica-scmbh\/#Sobre_a_SCMBH\" >Sobre a SCMBH<\/a><\/li><li class='ez-toc-page-1 ez-toc-heading-level-2'><a class=\"ez-toc-link ez-toc-heading-2\" href=\"https:\/\/www.grupomedcof.com.br\/blog\/residencia-medica-scmbh\/#Criterios_de_selecao_e_etapas\" >Crit\u00e9rios de sele\u00e7\u00e3o e etapas<\/a><ul class='ez-toc-list-level-3' ><li class='ez-toc-heading-level-3'><a class=\"ez-toc-link ez-toc-heading-3\" href=\"https:\/\/www.grupomedcof.com.br\/blog\/residencia-medica-scmbh\/#Prova_Objetiva\" >Prova Objetiva<\/a><\/li><\/ul><\/li><li class='ez-toc-page-1 ez-toc-heading-level-2'><a class=\"ez-toc-link ez-toc-heading-4\" href=\"https:\/\/www.grupomedcof.com.br\/blog\/residencia-medica-scmbh\/#Vagas_disponiveis\" >Vagas dispon\u00edveis<\/a><\/li><li class='ez-toc-page-1 ez-toc-heading-level-2'><a class=\"ez-toc-link ez-toc-heading-5\" href=\"https:\/\/www.grupomedcof.com.br\/blog\/residencia-medica-scmbh\/#Gabaritos\" >Gabaritos<\/a><\/li><li class='ez-toc-page-1 ez-toc-heading-level-2'><a class=\"ez-toc-link ez-toc-heading-6\" href=\"https:\/\/www.grupomedcof.com.br\/blog\/residencia-medica-scmbh\/#Concorrencia_SCMBH_20252026\" >Concorr\u00eancia SCMBH 2025\/2026<\/a><\/li><li class='ez-toc-page-1 ez-toc-heading-level-2'><a class=\"ez-toc-link ez-toc-heading-7\" href=\"https:\/\/www.grupomedcof.com.br\/blog\/residencia-medica-scmbh\/#Cronograma_Santa_Casa_de_Belo_Horizonte_20252026\" >Cronograma Santa Casa de Belo Horizonte 2025\/2026<\/a><\/li><li class='ez-toc-page-1 ez-toc-heading-level-2'><a class=\"ez-toc-link ez-toc-heading-8\" href=\"https:\/\/www.grupomedcof.com.br\/blog\/residencia-medica-scmbh\/#Edital_SCMBH_2026\" >Edital SCMBH 2026<\/a><\/li><li class='ez-toc-page-1 ez-toc-heading-level-2'><a class=\"ez-toc-link ez-toc-heading-9\" href=\"https:\/\/www.grupomedcof.com.br\/blog\/residencia-medica-scmbh\/#Correcoes_das_provas_SCMBH_20252026\" >Corre\u00e7\u00f5es das provas SCMBH 2025\/2026<\/a><\/li><li class='ez-toc-page-1 ez-toc-heading-level-2'><a class=\"ez-toc-link ez-toc-heading-10\" href=\"https:\/\/www.grupomedcof.com.br\/blog\/residencia-medica-scmbh\/#Resultado_Definitivo_Prova_Objetiva\" >Resultado Definitivo Prova Objetiva<\/a><\/li><li class='ez-toc-page-1 ez-toc-heading-level-2'><a class=\"ez-toc-link ez-toc-heading-11\" href=\"https:\/\/www.grupomedcof.com.br\/blog\/residencia-medica-scmbh\/#Resultado_Final\" >Resultado Final<\/a><\/li><li class='ez-toc-page-1 ez-toc-heading-level-2'><a class=\"ez-toc-link ez-toc-heading-12\" href=\"https:\/\/www.grupomedcof.com.br\/blog\/residencia-medica-scmbh\/#Nota_de_corte_SCMBH_2026\" >Nota de corte SCMBH 2026<\/a><\/li><li class='ez-toc-page-1 ez-toc-heading-level-2'><a class=\"ez-toc-link ez-toc-heading-13\" href=\"https:\/\/www.grupomedcof.com.br\/blog\/residencia-medica-scmbh\/#Garanta_sua_vaga_na_residencia_medica_com_as_melhores_condicoes_do_ano\" >Garanta sua vaga na resid\u00eancia m\u00e9dica com as melhores condi\u00e7\u00f5es do ano!<\/a><\/li><\/ul><\/nav><\/div>\n\n<figure class=\"wp-block-image size-large\"><img loading=\"lazy\" decoding=\"async\" width=\"1024\" height=\"576\" src=\"https:\/\/www.grupomedcof.com.br\/blog\/wp-content\/uploads\/2024\/07\/Modelo-instituicoes-25-1024x576.png\" alt=\"\" class=\"wp-image-27972\" srcset=\"https:\/\/www.grupomedcof.com.br\/blog\/wp-content\/uploads\/2024\/07\/Modelo-instituicoes-25-1024x576.png 1024w, https:\/\/www.grupomedcof.com.br\/blog\/wp-content\/uploads\/2024\/07\/Modelo-instituicoes-25-300x169.png 300w, https:\/\/www.grupomedcof.com.br\/blog\/wp-content\/uploads\/2024\/07\/Modelo-instituicoes-25-768x432.png 768w, https:\/\/www.grupomedcof.com.br\/blog\/wp-content\/uploads\/2024\/07\/Modelo-instituicoes-25-1536x864.png 1536w, https:\/\/www.grupomedcof.com.br\/blog\/wp-content\/uploads\/2024\/07\/Modelo-instituicoes-25-2048x1152.png 2048w, https:\/\/www.grupomedcof.com.br\/blog\/wp-content\/uploads\/2024\/07\/Modelo-instituicoes-25-747x420.png 747w, https:\/\/www.grupomedcof.com.br\/blog\/wp-content\/uploads\/2024\/07\/Modelo-instituicoes-25-150x84.png 150w, https:\/\/www.grupomedcof.com.br\/blog\/wp-content\/uploads\/2024\/07\/Modelo-instituicoes-25-696x392.png 696w, https:\/\/www.grupomedcof.com.br\/blog\/wp-content\/uploads\/2024\/07\/Modelo-instituicoes-25-1068x601.png 1068w, https:\/\/www.grupomedcof.com.br\/blog\/wp-content\/uploads\/2024\/07\/Modelo-instituicoes-25-1920x1080.png 1920w\" sizes=\"auto, (max-width: 1024px) 100vw, 1024px\" \/><\/figure>\n\n\n\n<p>Confira agora todas as informa\u00e7\u00f5es sobre o Processo Seletivo da Santa Casa de Belo Horizonte de 2025\/2026!<\/p>\n\n\n\n<h2 class=\"wp-block-heading\" id=\"h-sobre-a-scmbh\"><span class=\"ez-toc-section\" id=\"Sobre_a_SCMBH\"><\/span><strong>Sobre a SCMBH<\/strong><span class=\"ez-toc-section-end\"><\/span><\/h2>\n\n\n\n<p>A Santa Casa BH foi fundada em 1899, quando Belo Horizonte ainda dava seus primeiros passos como capital de Minas Gerais. Em uma \u00e9poca em que n\u00e3o havia hospitais na cidade, a institui\u00e7\u00e3o foi fundada para atender \u00e0s necessidades de sa\u00fade da popula\u00e7\u00e3o, inicialmente operando em barracas.<\/p>\n\n\n\n<h2 class=\"wp-block-heading\" id=\"h-criterios-de-selecao-e-etapas\"><span class=\"ez-toc-section\" id=\"Criterios_de_selecao_e_etapas\"><\/span><strong>Crit\u00e9rios de sele\u00e7\u00e3o e etapas<\/strong><span class=\"ez-toc-section-end\"><\/span><\/h2>\n\n\n\n<p>De acordo com o <a href=\"https:\/\/www.grupomedcof.com.br\/blog\/edital-residencia-medica-scmbh\/\">ed<\/a><a href=\"https:\/\/www.grupomedcof.com.br\/blog\/edital-residencia-medica-scmbh\/\" target=\"_blank\" rel=\"noreferrer noopener\">i<\/a><a href=\"https:\/\/www.grupomedcof.com.br\/blog\/edital-residencia-medica-scmbh\/\">tal<\/a>, as inscri\u00e7\u00f5es para a sele\u00e7\u00e3o ocorreram entre os dias <strong>16 de setembro, \u00e0s 09h, e 10 de novembro de 2025, \u00e0s 17h<\/strong>. Al\u00e9m disso, os candidatos devem realizar o pagamento da taxa no valor de <strong>R$397,50<\/strong>&nbsp;(Cotista SISU e PROUNI) e<strong>&nbsp;R$795,00<\/strong>&nbsp;(demais candidatos).<\/p>\n\n\n\n<h3 class=\"wp-block-heading\" id=\"h-prova-objetiva\"><span class=\"ez-toc-section\" id=\"Prova_Objetiva\"><\/span><strong> Prova Objetiva<\/strong><span class=\"ez-toc-section-end\"><\/span><\/h3>\n\n\n\n<p>A prova objetiva teve aplica\u00e7\u00e3o no dia <strong>29 de novembro de 2025<\/strong>.<\/p>\n\n\n\n<p>Assim, as especialidades de <strong>Acesso Direto ter\u00e3o 04 horas para responder 75 quest\u00f5es<\/strong>, divididas igualmente entre as 5 grandes \u00e1reas m\u00e9dicas, ou seja, 15 cada. J\u00e1 para as especialidades com <strong>Pr\u00e9-Requisito<\/strong>, a prova teve <strong>03 horas de dura\u00e7\u00e3o<\/strong> e <strong>45 quest\u00f5es de acordo com o requisito exigido.<\/strong><\/p>\n\n\n\n<figure class=\"wp-block-image size-large\"><a href=\"https:\/\/www.grupomedcof.com.br\/cofletters\/?clientId=&amp;utm_campaign=newsletter&amp;utm_medium=banner&amp;utm_source=blog&amp;utm_content=inscricao#https:\/\/www.grupomedcof.com.br\/blog\/\" target=\"_blank\" rel=\" noreferrer noopener\"><img loading=\"lazy\" decoding=\"async\" width=\"1024\" height=\"320\" src=\"https:\/\/www.grupomedcof.com.br\/blog\/wp-content\/uploads\/2025\/02\/Banner-MedCof-Plus-2200x460-11-1024x320.png\" alt=\"\" class=\"wp-image-33723\" srcset=\"https:\/\/www.grupomedcof.com.br\/blog\/wp-content\/uploads\/2025\/02\/Banner-MedCof-Plus-2200x460-11-1024x320.png 1024w, https:\/\/www.grupomedcof.com.br\/blog\/wp-content\/uploads\/2025\/02\/Banner-MedCof-Plus-2200x460-11-300x94.png 300w, https:\/\/www.grupomedcof.com.br\/blog\/wp-content\/uploads\/2025\/02\/Banner-MedCof-Plus-2200x460-11-768x240.png 768w, https:\/\/www.grupomedcof.com.br\/blog\/wp-content\/uploads\/2025\/02\/Banner-MedCof-Plus-2200x460-11-1536x480.png 1536w, https:\/\/www.grupomedcof.com.br\/blog\/wp-content\/uploads\/2025\/02\/Banner-MedCof-Plus-2200x460-11-2048x640.png 2048w, https:\/\/www.grupomedcof.com.br\/blog\/wp-content\/uploads\/2025\/02\/Banner-MedCof-Plus-2200x460-11-1343x420.png 1343w, https:\/\/www.grupomedcof.com.br\/blog\/wp-content\/uploads\/2025\/02\/Banner-MedCof-Plus-2200x460-11-150x47.png 150w, https:\/\/www.grupomedcof.com.br\/blog\/wp-content\/uploads\/2025\/02\/Banner-MedCof-Plus-2200x460-11-696x218.png 696w, https:\/\/www.grupomedcof.com.br\/blog\/wp-content\/uploads\/2025\/02\/Banner-MedCof-Plus-2200x460-11-1068x334.png 1068w, https:\/\/www.grupomedcof.com.br\/blog\/wp-content\/uploads\/2025\/02\/Banner-MedCof-Plus-2200x460-11-1920x600.png 1920w\" sizes=\"auto, (max-width: 1024px) 100vw, 1024px\" \/><\/a><\/figure>\n\n\n\n<h2 class=\"wp-block-heading\" id=\"h-vagas-disponiveis\"><span class=\"ez-toc-section\" id=\"Vagas_disponiveis\"><\/span><strong>Vagas dispon\u00edveis<\/strong><span class=\"ez-toc-section-end\"><\/span><\/h2>\n\n\n\n<p>Ao todo, foram ofertadas 170 vagas, sendo <strong>104 para especialidades de acesso direto e 66 para programas com pr\u00e9-requisito<\/strong>.<\/p>\n\n\n\n<h4 class=\"wp-block-heading\" id=\"h-acesso-direto\"><strong>Acesso direto<\/strong><\/h4>\n\n\n\n<figure class=\"wp-block-table\"><table class=\"has-fixed-layout\"><thead><tr><th>Especialidade<\/th><th>Dura\u00e7\u00e3o<\/th><th>Vagas Totais<\/th><\/tr><\/thead><tbody><tr><td>Anestesiologia<\/td><td>3 anos<\/td><td>11<\/td><\/tr><tr><td>Cirurgia Cardiovascular<\/td><td>5 anos<\/td><td>2<\/td><\/tr><tr><td>Cirurgia Geral<\/td><td>3 anos<\/td><td>8<\/td><\/tr><tr><td>Cl\u00ednica M\u00e9dica<\/td><td>2 anos<\/td><td>24<\/td><\/tr><tr><td>Dermatologia<\/td><td>3 anos<\/td><td>4<\/td><\/tr><tr><td>Ginecologia e Obstetr\u00edcia<\/td><td>3 anos<\/td><td>7<\/td><\/tr><tr><td>Medicina Intensiva<\/td><td>3 anos<\/td><td>5<\/td><\/tr><tr><td>Neurocirurgia<\/td><td>5 anos<\/td><td>3<\/td><\/tr><tr><td>Neurologia<\/td><td>3 anos<\/td><td>3<\/td><\/tr><tr><td>Oftalmologia<\/td><td>3 anos<\/td><td>12<\/td><\/tr><tr><td>Ortopedia e Traumatologia<\/td><td>3 anos<\/td><td>5<\/td><\/tr><tr><td>Otorrinolaringologia<\/td><td>3 anos<\/td><td>2<\/td><\/tr><tr><td>Patologia<\/td><td>3 anos<\/td><td>1<\/td><\/tr><tr><td>Pediatria<\/td><td>3 anos<\/td><td>12<\/td><\/tr><tr><td>Radiologia e Diagn\u00f3stico por Imagem<\/td><td>3 anos<\/td><td>5<\/td><\/tr><\/tbody><\/table><\/figure>\n\n\n\n<p>*verificar no edital a distirubi\u00e7\u00e3o de vagas para a\u00e7\u00f5es afirmativas, de bolsas concedidas e\/ou para servi\u00e7o militar.<\/p>\n\n\n\n<h4 class=\"wp-block-heading\" id=\"h-pre-requisito\"><strong>Pr\u00e9-requisito<\/strong><\/h4>\n\n\n\n<figure class=\"wp-block-table\"><table class=\"has-fixed-layout\"><thead><tr><th>Especialidade<\/th><th>Dura\u00e7\u00e3o<\/th><th>Vagas Totais<\/th><\/tr><\/thead><tbody><tr><td>Cardiologia<\/td><td>2 anos<\/td><td>11<\/td><\/tr><tr><td>Cardiologia Pedi\u00e1trica<\/td><td>2 anos<\/td><td>2<\/td><\/tr><tr><td>Cirurgia de Cabe\u00e7a e Pesco\u00e7o<\/td><td>2 anos<\/td><td>1<\/td><\/tr><tr><td>Cirurgia da M\u00e3o<\/td><td>2 anos<\/td><td>2<\/td><\/tr><tr><td>Cirurgia Pedi\u00e1trica<\/td><td>3 anos<\/td><td>2<\/td><\/tr><tr><td>Cirurgia Pl\u00e1stica<\/td><td>3 anos<\/td><td>1<\/td><\/tr><tr><td>Cirurgia Tor\u00e1cica<\/td><td>2 anos<\/td><td>1<\/td><\/tr><tr><td>Cirurgia Vascular<\/td><td>2 anos<\/td><td>3<\/td><\/tr><tr><td>Coloproctologia<\/td><td>2 anos<\/td><td>2<\/td><\/tr><tr><td>Endocrinologia<\/td><td>2 anos<\/td><td>5<\/td><\/tr><tr><td>Gastroenterologia<\/td><td>2 anos<\/td><td>4<\/td><\/tr><tr><td>Mastologia<\/td><td>2 anos<\/td><td>2<\/td><\/tr><tr><td>Medicina Intensiva Pedi\u00e1trica<\/td><td>2 anos<\/td><td>4<\/td><\/tr><tr><td>Nefrologia<\/td><td>2 anos<\/td><td>6<\/td><\/tr><tr><td>Nefrologia Pedi\u00e1trica<\/td><td>2 anos<\/td><td>4<\/td><\/tr><tr><td>Neonatologia<\/td><td>2 anos<\/td><td>4<\/td><\/tr><tr><td>Oncologia Cl\u00ednica<\/td><td>3 anos<\/td><td>3<\/td><\/tr><tr><td>Oncologia Pedi\u00e1trica<\/td><td>2 anos<\/td><td>2<\/td><\/tr><tr><td>Pneumologia<\/td><td>2 anos<\/td><td>2<\/td><\/tr><tr><td>Reumatologia<\/td><td>2 anos<\/td><td>3<\/td><\/tr><tr><td>Urologia<\/td><td>3 anos<\/td><td>2<\/td><\/tr><\/tbody><\/table><\/figure>\n\n\n\n<h2 class=\"wp-block-heading\" id=\"h-gabaritos\"><span class=\"ez-toc-section\" id=\"Gabaritos\"><\/span><strong>Gabaritos<\/strong><span class=\"ez-toc-section-end\"><\/span><\/h2>\n\n\n\n<p>Ap\u00f3s a aplica\u00e7\u00e3o da prova objetiva acontecer no dia <strong>29 de novembro de 2025<\/strong>, o gabarito foi divulgado no dia seguinte, ou seja, <strong>30 de novembro.<\/strong> Logo, o per\u00edodo para recursos aconteceu do dia <strong>1\u00b0 ao dia 02 de dezembro de 2025<\/strong>, com a divulga\u00e7\u00e3o do gabarito definitivo saindo no dia 16 do mesmo m\u00eas.<\/p>\n\n\n\n<h2 class=\"wp-block-heading\" id=\"h-concorrencia-scmbh-2025-2026\"><span class=\"ez-toc-section\" id=\"Concorrencia_SCMBH_20252026\"><\/span><strong>Concorr\u00eancia SCMBH 2025\/2026<\/strong><span class=\"ez-toc-section-end\"><\/span><\/h2>\n\n\n\n<p>Nesta edi\u00e7\u00e3o, a SCMBH contou com <strong>&nbsp;4.842 candidatos<\/strong>&nbsp;inscritos no processo seletivo para&nbsp;<strong>170 vagas ofertadas<\/strong>, o que acarreta em uma<strong>&nbsp;rela\u00e7\u00e3o geral de 28,48 candidatos por vaga<\/strong>.&nbsp;<\/p>\n\n\n\n<p>A seguir, veja a rela\u00e7\u00e3o candidato\/vaga da Santa Casa de Belo Horizonte:<\/p>\n\n\n\n<figure class=\"wp-block-table\"><table class=\"has-fixed-layout\"><thead><tr><th>Especialidades<\/th><th>Vagas<\/th><th>Inscri\u00e7\u00f5es<\/th><th>Concorr\u00eancia<\/th><\/tr><\/thead><tbody><tr><td>Anestesiologia<\/td><td>11<\/td><td>576<\/td><td>52,36<\/td><\/tr><tr><td>Cirurgia Cardiovascular<\/td><td>2<\/td><td>31<\/td><td>15,50<\/td><\/tr><tr><td>Cirurgia Geral<\/td><td>8<\/td><td>533<\/td><td>66,62<\/td><\/tr><tr><td>Cl\u00ednica M\u00e9dica<\/td><td>24<\/td><td>770<\/td><td>32,08<\/td><\/tr><tr><td>Dermatologia<\/td><td>4<\/td><td>342<\/td><td>85,50<\/td><\/tr><tr><td>Ginecologia e Obstetr\u00edcia<\/td><td>7<\/td><td>449<\/td><td>64,14<\/td><\/tr><tr><td>Medicina Intensiva<\/td><td>5<\/td><td>42<\/td><td>8,40<\/td><\/tr><tr><td>Neurocirurgia<\/td><td>3<\/td><td>153<\/td><td>51,00<\/td><\/tr><tr><td>Neurologia<\/td><td>3<\/td><td>170<\/td><td>56,66<\/td><\/tr><tr><td>Oftalmologia<\/td><td>12<\/td><td>690<\/td><td>57,50<\/td><\/tr><tr><td>Ortopedia e Traumatologia<\/td><td>5<\/td><td>186<\/td><td>37,20<\/td><\/tr><tr><td>Otorrinolaringologia<\/td><td>2<\/td><td>205<\/td><td>102,50<\/td><\/tr><tr><td>Patologia<\/td><td>1<\/td><td>15<\/td><td>15,00<\/td><\/tr><tr><td>Pediatria<\/td><td>12<\/td><td>407<\/td><td>33,91<\/td><\/tr><tr><td>Radiologia e Diagn\u00f3stico por Imagem<\/td><td>5<\/td><td>199<\/td><td>39,80<\/td><\/tr><tr><td>Cardiologia<\/td><td>11<\/td><td>45<\/td><td>4,09<\/td><\/tr><tr><td>Cardiologia Pedi\u00e1trica<\/td><td>2<\/td><td>10<\/td><td>5,00<\/td><\/tr><tr><td>Cirurgia de Cabe\u00e7a e Pesco\u00e7o<\/td><td>1<\/td><td>2<\/td><td>2,00<\/td><\/tr><tr><td>Cirurgia da M\u00e3o<\/td><td>2<\/td><td>14<\/td><td>7,00<\/td><\/tr><tr><td>Cirurgia Pedi\u00e1trica<\/td><td>2<\/td><td>9<\/td><td>4,50<\/td><\/tr><tr><td>Cirurgia Pl\u00e1stica<\/td><td>1<\/td><td>68<\/td><td>68,00<\/td><\/tr><tr><td>Cirurgia Tor\u00e1cica<\/td><td>1<\/td><td>2<\/td><td>2,00<\/td><\/tr><tr><td>Cirurgia Vascular<\/td><td>3<\/td><td>17<\/td><td>5,66<\/td><\/tr><tr><td>Coloproctologia<\/td><td>2<\/td><td>24<\/td><td>12,00<\/td><\/tr><tr><td>Endocrinologia<\/td><td>5<\/td><td>87<\/td><td>17,40<\/td><\/tr><tr><td>Gastroenterologia<\/td><td>4<\/td><td>51<\/td><td>12,75<\/td><\/tr><tr><td>Mastologia<\/td><td>2<\/td><td>13<\/td><td>6,50<\/td><\/tr><tr><td>Medicina Intensiva Pedi\u00e1trica<\/td><td>4<\/td><td>8<\/td><td>2,00<\/td><\/tr><tr><td>Nefrologia<\/td><td>6<\/td><td>26<\/td><td>4,33<\/td><\/tr><tr><td>Nefrologia Pedi\u00e1trica<\/td><td>4<\/td><td>2<\/td><td>0,50<\/td><\/tr><tr><td>Neonatologia<\/td><td>4<\/td><td>6<\/td><td>1,50<\/td><\/tr><tr><td>Oncologia Cl\u00ednica<\/td><td>3<\/td><td>17<\/td><td>5,66<\/td><\/tr><tr><td>Oncologia Pedi\u00e1trica<\/td><td>2<\/td><td>3<\/td><td>1,50<\/td><\/tr><tr><td>Pneumologia<\/td><td>2<\/td><td>20<\/td><td>10,00<\/td><\/tr><tr><td>Reumatologia<\/td><td>3<\/td><td>24<\/td><td>8,00<\/td><\/tr><tr><td>Urologia<\/td><td>2<\/td><td>29<\/td><td>14,50<\/td><\/tr><\/tbody><\/table><\/figure>\n\n\n\n<h2 class=\"wp-block-heading\" id=\"h-cronograma-santa-casa-de-belo-horizonte-2025-2026\"><span class=\"ez-toc-section\" id=\"Cronograma_Santa_Casa_de_Belo_Horizonte_20252026\"><\/span><strong>Cronograma Santa Casa de Belo Horizonte 2025\/2026<\/strong><span class=\"ez-toc-section-end\"><\/span><\/h2>\n\n\n\n<figure class=\"wp-block-table\"><table class=\"has-fixed-layout\"><tbody><tr><td><strong>Per\u00edodo de Inscri\u00e7\u00f5es<\/strong><\/td><td>16\/09 a 10\/11\/2025<\/td><\/tr><tr><td><strong>Prova objetiva<\/strong><\/td><td>29\/11\/2025<\/td><\/tr><tr><td><strong>Gabarito Preliminar<\/strong><\/td><td>30\/11\/2025<\/td><\/tr><tr><td><strong>Interposi\u00e7\u00e3o de recurso contra quest\u00f5es da prova objetiva<\/strong><\/td><td>01\/12 e 02\/12\/2025<\/td><\/tr><tr><td><strong>Divulga\u00e7\u00e3o do gabarito definitivo e resultado preliminar da<br>totaliza\u00e7\u00e3o da prova objetiva<\/strong><\/td><td>16\/12\/2025<\/td><\/tr><tr><td><strong>Divulga\u00e7\u00e3o do resultado final<\/strong><\/td><td>14\/01\/2026<\/td><\/tr><tr><td><strong>In\u00edcio dos progrmas<\/strong><\/td><td>01\/03\/2026<\/td><\/tr><\/tbody><\/table><\/figure>\n\n\n\n<h2 class=\"wp-block-heading\" id=\"h-edital-scmbh-2026\"><span class=\"ez-toc-section\" id=\"Edital_SCMBH_2026\"><\/span><strong>Edital SCMBH 2026<\/strong><span class=\"ez-toc-section-end\"><\/span><\/h2>\n\n\n\n<p>Confira o edital da sele\u00e7\u00e3o atual:<\/p>\n\n\n\n<div class=\"wp-block-buttons is-layout-flex wp-block-buttons-is-layout-flex\">\n<div class=\"wp-block-button\"><a class=\"wp-block-button__link wp-element-button\" href=\"https:\/\/www.grupomedcof.com.br\/blog\/wp-content\/uploads\/2025\/07\/edital-SCM-BH-2026.pdf\" target=\"_blank\" rel=\"noreferrer noopener\">Edital SCMBH 2025\/2026<\/a><\/div>\n<\/div>\n\n\n\n<h2 class=\"wp-block-heading\" id=\"h-correcoes-das-provas-scmbh-2025-2026\"><span class=\"ez-toc-section\" id=\"Correcoes_das_provas_SCMBH_20252026\"><\/span><strong>Corre\u00e7\u00f5es das provas SCMBH 2025\/2026<\/strong><span class=\"ez-toc-section-end\"><\/span><\/h2>\n\n\n\n<p>Nossos professores estiveram ao vivo no canal no YouTube oficial do Grupo MedCof comentando todas as quest\u00f5es da prova da SCMBH.<\/p>\n\n\n\n<div class=\"wp-block-buttons is-layout-flex wp-block-buttons-is-layout-flex\">\n<div class=\"wp-block-button\"><a class=\"wp-block-button__link wp-element-button\" href=\"https:\/\/www.youtube.com\/watch?v=vqQU45F67BY\" target=\"_blank\" rel=\"noreferrer noopener\">R+ Cl\u00ednica M\u00e9dica<\/a><\/div>\n\n\n\n<div class=\"wp-block-button\"><a class=\"wp-block-button__link wp-element-button\" href=\"https:\/\/www.youtube.com\/watch?v=OCYhp6362fk\" target=\"_blank\" rel=\"noreferrer noopener\">R+ Cirurgia <\/a><\/div>\n<\/div>\n\n\n\n<h2 class=\"wp-block-heading\" id=\"h-resultado-definitivo-prova-objetiva\"><span class=\"ez-toc-section\" id=\"Resultado_Definitivo_Prova_Objetiva\"><\/span><strong>Resultado Definitivo Prova Objetiva<\/strong><span class=\"ez-toc-section-end\"><\/span><\/h2>\n\n\n\n<p>A divulga\u00e7\u00e3o do resultado definitivo da prova objetiva ocorreu no dia 22 de dezembro de 2025. <\/p>\n\n\n\n<div class=\"wp-block-buttons is-layout-flex wp-block-buttons-is-layout-flex\">\n<div class=\"wp-block-button\"><a class=\"wp-block-button__link wp-element-button\" href=\"https:\/\/www.grupomedcof.com.br\/blog\/wp-content\/uploads\/2025\/11\/Resultado-Prova-Objetiva-SCMBH_compressed.pdf\" target=\"_blank\" rel=\"noreferrer noopener\">Resultado Prova Objetiva<\/a><\/div>\n<\/div>\n\n\n\n<h2 class=\"wp-block-heading\" id=\"h-resultado-final\"><span class=\"ez-toc-section\" id=\"Resultado_Final\"><\/span><strong>Resultado Final<\/strong><span class=\"ez-toc-section-end\"><\/span><\/h2>\n\n\n\n<p>Seguindo o cronograma oficial, o resultado final foi disponibilizado no dia <strong>14 de janeiro de 2026<\/strong>, logo ap\u00f3s do per\u00edodo de recursos contra a classifica\u00e7\u00e3o final entre os dias 10 e 11.<\/p>\n\n\n\n<div data-wp-interactive=\"core\/file\" class=\"wp-block-file\"><object data-wp-bind--hidden=\"!state.hasPdfPreview\" hidden class=\"wp-block-file__embed\" data=\"https:\/\/www.grupomedcof.com.br\/blog\/wp-content\/uploads\/2025\/12\/Residencia-Medica-SCM-BH-2026-Resultado-Final-Apos-Recurso.pdf\" type=\"application\/pdf\" style=\"width:100%;height:600px\" aria-label=\"Incorporado de Resid\u00eancia M\u00e9dica SCM-BH 2026 - Resultado Final (Ap\u00f3s Recurso).\"><\/object><a id=\"wp-block-file--media-bb1d7269-2923-4dee-b7f1-3f47853c2a55\" href=\"https:\/\/www.grupomedcof.com.br\/blog\/wp-content\/uploads\/2025\/12\/Residencia-Medica-SCM-BH-2026-Resultado-Final-Apos-Recurso.pdf\">Resid\u00eancia M\u00e9dica SCM-BH 2026 &#8211; Resultado Final (Ap\u00f3s Recurso)<\/a><a href=\"https:\/\/www.grupomedcof.com.br\/blog\/wp-content\/uploads\/2025\/12\/Residencia-Medica-SCM-BH-2026-Resultado-Final-Apos-Recurso.pdf\" class=\"wp-block-file__button wp-element-button\" download aria-describedby=\"wp-block-file--media-bb1d7269-2923-4dee-b7f1-3f47853c2a55\">Baixar<\/a><\/div>\n\n\n\n<div class=\"wp-block-buttons is-layout-flex wp-block-buttons-is-layout-flex\">\n<div class=\"wp-block-button\"><a class=\"wp-block-button__link wp-element-button\" href=\"https:\/\/www.grupomedcof.com.br\/blog\/wp-content\/uploads\/2025\/12\/Residencia-Medica-SCM-BH-2026-CLASSIFICACAO-FINAL-Acoes-Afirmativas.pdf\" target=\"_blank\" rel=\"noreferrer noopener\">Classifica\u00e7\u00e3o Final (A\u00e7\u00f5es Afirmativas)<\/a><\/div>\n<\/div>\n\n\n\n<div class=\"wp-block-buttons is-layout-flex wp-block-buttons-is-layout-flex\">\n<div class=\"wp-block-button\"><a class=\"wp-block-button__link wp-element-button\" href=\"https:\/\/www.grupomedcof.com.br\/blog\/wp-content\/uploads\/2025\/12\/Residencia-Medica-SCM-BH-2026-CLASSIFICACAO-FINAL-Ampla-Concorrencia_compressed.pdf\" target=\"_blank\" rel=\"noreferrer noopener\">Classifica\u00e7\u00e3o Final (Ampla Concorr\u00eancia)<\/a><\/div>\n<\/div>\n\n\n\n<p>Por fim, a primeira chamada para as matr\u00edculas foi no dia 19 de janeiro de 2026.<\/p>\n\n\n\n<h2 class=\"wp-block-heading\" id=\"h-nota-de-corte-scmbh-2026\"><span class=\"ez-toc-section\" id=\"Nota_de_corte_SCMBH_2026\"><\/span><strong>Nota de corte SCMBH 2026<\/strong><span class=\"ez-toc-section-end\"><\/span><\/h2>\n\n\n\n<figure class=\"wp-block-table\"><table class=\"has-fixed-layout\"><thead><tr><th class=\"has-text-align-left\" data-align=\"left\">Especialidades<\/th><th class=\"has-text-align-left\" data-align=\"left\">Notas de corte 2024\/2025<\/th><th class=\"has-text-align-left\" data-align=\"left\">Notas de corte 2025\/2026<\/th><\/tr><\/thead><tbody><tr><td>Anestesiologia<\/td><td>79<\/td><td>79,2<\/td><\/tr><tr><td>Cirurgia Cardiovascular<\/td><td>69,6<\/td><td>73,2<\/td><\/tr><tr><td>Cirurgia Geral<\/td><td>78,55<\/td><td>79,2<\/td><\/tr><tr><td>Cl\u00ednica M\u00e9dica<\/td><td>78,5<\/td><td>78<\/td><\/tr><tr><td>Dermatologia<\/td><td>81,79<\/td><td>81,6<\/td><\/tr><tr><td>Ginecologia e Obstetr\u00edcia<\/td><td>79<\/td><td>79,2<\/td><\/tr><tr><td>Medicina Intensiva<\/td><td>71,05<\/td><td>73,2<\/td><\/tr><tr><td>Neurocirurgia<\/td><td>70,5<\/td><td>80,4<\/td><\/tr><tr><td>Neurologia<\/td><td>79,75<\/td><td>80,4<\/td><\/tr><tr><td>Oftalmologia<\/td><td>78,3<\/td><td>80,4<\/td><\/tr><tr><td>Ortopedia e Traumatologia<\/td><td>75,15<\/td><td>76,8<\/td><\/tr><tr><td>Otorrinolaringologia<\/td><td>79,5<\/td><td>82,8<\/td><\/tr><tr><td>Patologia<\/td><td>\u2013<\/td><td>78<\/td><\/tr><tr><td>Pediatria<\/td><td>76,4<\/td><td>75,6<\/td><\/tr><tr><td>Radiologia e Diagn\u00f3stico por Imagem<\/td><td>75,4<\/td><td>80,4<\/td><\/tr><tr><td>Cardiologia<\/td><td>53,75<\/td><td>72<\/td><\/tr><tr><td>Cardiologia Pedi\u00e1trica<\/td><td>59,75<\/td><td>83,6<\/td><\/tr><tr><td>Cirurgia de Cabe\u00e7a e Pesco\u00e7o<\/td><td>\u2013<\/td><td>56<\/td><\/tr><tr><td>Cirurgia da M\u00e3o<\/td><td>76,75<\/td><td>60<\/td><\/tr><tr><td>Cirurgia Pedi\u00e1trica<\/td><td>76<\/td><td>84<\/td><\/tr><tr><td>Cirurgia Pl\u00e1stica<\/td><td>93<\/td><td>90<\/td><\/tr><tr><td>Cirurgia Vascular<\/td><td>80,75<\/td><td>84<\/td><\/tr><tr><td>Cirurgia Tor\u00e1cica<\/td><td>83<\/td><td>80<\/td><\/tr><tr><td>Coloproctologia<\/td><td>89,35<\/td><td>86<\/td><\/tr><tr><td>Endocrinologia<\/td><td>66,5<\/td><td>84<\/td><\/tr><tr><td>Gastroenterologia<\/td><td>70,5<\/td><td>84<\/td><\/tr><tr><td>Mastologia<\/td><td>73,5<\/td><td>80<\/td><\/tr><tr><td>Medicina Intensiva Pedi\u00e1trica<\/td><td>81,5<\/td><td>72<\/td><\/tr><tr><td>Nefrologia<\/td><td>60<\/td><td>76<\/td><\/tr><tr><td>Nefrologia Pedi\u00e1trica<\/td><td>77,75<\/td><td>70<\/td><\/tr><tr><td>Neonatologia<\/td><td>76,5<\/td><td>76<\/td><\/tr><tr><td>Oncologia Cl\u00ednica<\/td><td>57,25<\/td><td>74<\/td><\/tr><tr><td>Oncologia Pedi\u00e1trica<\/td><td>81,5<\/td><td>72<\/td><\/tr><tr><td>Pneumologia<\/td><td>61,25<\/td><td>78<\/td><\/tr><tr><td>Reumatologia<\/td><td>67,5<\/td><td>84<\/td><\/tr><tr><td>Urologia<\/td><td>89,25<\/td><td>86<\/td><\/tr><\/tbody><\/table><\/figure>\n\n\n\n<p>Confira nosso <a href=\"https:\/\/www.grupomedcof.com.br\/blog\/residencia-medica-2024-2025-calendario-de-provas\/\"><strong>calend\u00e1rio de provas<\/strong><\/a> para ficar por dentro dos prazos! Al\u00e9m disso, veja as <a href=\"https:\/\/www.grupomedcof.com.br\/blog\/scmbh-2024-provas-similares\/\">provas similares<\/a> e <a href=\"https:\/\/www.grupomedcof.com.br\/blog\/scmbh-2024-temas-quentes\/\">temas quentes<\/a> para ficar preparado para a prova do SCMBH!<\/p>\n\n\n\n<h2 class=\"wp-block-heading\" id=\"h-garanta-sua-vaga-na-residencia-medica-com-as-melhores-condicoes-do-ano\"><span class=\"ez-toc-section\" id=\"Garanta_sua_vaga_na_residencia_medica_com_as_melhores_condicoes_do_ano\"><\/span><strong>Garanta sua vaga na resid\u00eancia m\u00e9dica com as melhores condi\u00e7\u00f5es do ano!<\/strong><span class=\"ez-toc-section-end\"><\/span><\/h2>\n\n\n\n<p>Se voc\u00ea quer conquistar a&nbsp;<strong>vaga de resid\u00eancia medica dos sonhos<\/strong>, o&nbsp;<strong>Extensivo 2.0 MedCof<\/strong>&nbsp;\u00e9 o caminho mais assertivo:&nbsp;<strong>m\u00e9todo direto ao ponto, rota de estudos para quem tem pouco tempo<\/strong>&nbsp;e o&nbsp;<strong>melhor hist\u00f3rico de aprova\u00e7\u00e3o do pa\u00eds.<\/strong>&nbsp;Garanta sua vaga agora com as melhores condi\u00e7\u00f5es do ano na&nbsp;<strong><a href=\"https:\/\/extensivo.grupomedcof.com.br\/\" target=\"_blank\" rel=\"noreferrer noopener\">Black November!<\/a><\/strong><\/p>\n\n\n\n<figure class=\"wp-block-embed is-type-video is-provider-youtube wp-block-embed-youtube wp-embed-aspect-16-9 wp-has-aspect-ratio\"><div class=\"wp-block-embed__wrapper\">\n <div class=\"youtube-embed\" data-video_id=\"8h8e6sGkdko\"><iframe loading=\"lazy\" title=\"Intensivo resid\u00eancia m\u00e9dica - MedCof HIIT Documento Confidencial\" width=\"696\" height=\"392\" src=\"https:\/\/www.youtube.com\/embed\/8h8e6sGkdko?feature=oembed&#038;enablejsapi=1\" frameborder=\"0\" allow=\"accelerometer; autoplay; clipboard-write; encrypted-media; gyroscope; picture-in-picture; web-share\" referrerpolicy=\"strict-origin-when-cross-origin\" allowfullscreen><\/iframe><\/div>\n<\/div><\/figure>\n","protected":false},"excerpt":{"rendered":"<p>Confira agora todas as informa\u00e7\u00f5es sobre o Processo Seletivo da Santa Casa de Belo Horizonte de 2026!<\/p>\n","protected":false},"author":20,"featured_media":27972,"comment_status":"open","ping_status":"open","sticky":false,"template":"","format":"standard","meta":{"footnotes":""},"categories":[10],"tags":[245,3351,117,68,262],"ppma_author":[3616],"class_list":{"0":"post-12061","1":"post","2":"type-post","3":"status-publish","4":"format-standard","5":"has-post-thumbnail","7":"category-raio-x-editais","8":"tag-acesso-direto","9":"tag-concorrencia-scmbh","10":"tag-provas-de-residencia","11":"tag-residencia-medica","12":"tag-scmbh"},"yoast_head":"<!-- This site is optimized with the Yoast SEO Premium plugin v24.3 (Yoast SEO v27.4) - https:\/\/yoast.com\/product\/yoast-seo-premium-wordpress\/ -->\n<title>Resid\u00eancia M\u00e9dica SCMBH: edital 2026, cronograma e mais<\/title>\n<meta name=\"description\" content=\"Confira agora todas as informa\u00e7\u00f5es sobre o Processo Seletivo da Santa Casa de Belo Horizonte de 2026! Acesse j\u00e1!\" \/>\n<meta name=\"robots\" content=\"index, follow, max-snippet:-1, max-image-preview:large, max-video-preview:-1\" \/>\n<link rel=\"canonical\" href=\"https:\/\/www.grupomedcof.com.br\/blog\/residencia-medica-scmbh\/\" \/>\n<meta property=\"og:locale\" content=\"pt_BR\" \/>\n<meta property=\"og:type\" content=\"article\" \/>\n<meta property=\"og:title\" content=\"Resid\u00eancia M\u00e9dica SCMBH 2025\/2026: tudo sobre o processo seletivo!\" \/>\n<meta property=\"og:description\" content=\"Confira agora todas as informa\u00e7\u00f5es sobre o Processo Seletivo da Santa Casa de Belo Horizonte de 2026! Acesse j\u00e1!\" \/>\n<meta property=\"og:url\" content=\"https:\/\/www.grupomedcof.com.br\/blog\/residencia-medica-scmbh\/\" \/>\n<meta property=\"og:site_name\" content=\"Blog de Medcof: conte\u00fados, editais, revalida e mais!\" \/>\n<meta property=\"article:publisher\" content=\"https:\/\/www.facebook.com\/MedCofQbank\/\" \/>\n<meta property=\"article:published_time\" content=\"2026-04-20T12:15:22+00:00\" \/>\n<meta property=\"article:modified_time\" content=\"2026-04-20T12:15:24+00:00\" \/>\n<meta property=\"og:image\" content=\"https:\/\/www.grupomedcof.com.br\/blog\/wp-content\/uploads\/2024\/07\/Modelo-instituicoes-25.png\" \/>\n\t<meta property=\"og:image:width\" content=\"2560\" \/>\n\t<meta property=\"og:image:height\" content=\"1440\" \/>\n\t<meta property=\"og:image:type\" content=\"image\/png\" \/>\n<meta name=\"author\" content=\"Leila Menzel\" \/>\n<meta name=\"twitter:card\" content=\"summary_large_image\" \/>\n<meta name=\"twitter:label1\" content=\"Escrito por\" \/>\n\t<meta name=\"twitter:data1\" content=\"Leila Menzel\" \/>\n\t<meta name=\"twitter:label2\" content=\"Est. tempo de leitura\" \/>\n\t<meta name=\"twitter:data2\" content=\"7 minutos\" \/>\n<script type=\"application\/ld+json\" class=\"yoast-schema-graph\">{\"@context\":\"https:\\\/\\\/schema.org\",\"@graph\":[{\"@type\":\"Article\",\"@id\":\"https:\\\/\\\/www.grupomedcof.com.br\\\/blog\\\/residencia-medica-scmbh\\\/#article\",\"isPartOf\":{\"@id\":\"https:\\\/\\\/www.grupomedcof.com.br\\\/blog\\\/residencia-medica-scmbh\\\/\"},\"author\":{\"name\":\"Leila Menzel\",\"@id\":\"https:\\\/\\\/www.grupomedcof.com.br\\\/blog\\\/#\\\/schema\\\/person\\\/9a44c2184a836bf5ae6967fdb3a1451e\"},\"headline\":\"Resid\u00eancia M\u00e9dica SCMBH 2025\\\/2026: tudo sobre o processo seletivo!\",\"datePublished\":\"2026-04-20T12:15:22+00:00\",\"dateModified\":\"2026-04-20T12:15:24+00:00\",\"mainEntityOfPage\":{\"@id\":\"https:\\\/\\\/www.grupomedcof.com.br\\\/blog\\\/residencia-medica-scmbh\\\/\"},\"wordCount\":956,\"commentCount\":3,\"publisher\":{\"@id\":\"https:\\\/\\\/www.grupomedcof.com.br\\\/blog\\\/#organization\"},\"image\":{\"@id\":\"https:\\\/\\\/www.grupomedcof.com.br\\\/blog\\\/residencia-medica-scmbh\\\/#primaryimage\"},\"thumbnailUrl\":\"https:\\\/\\\/www.grupomedcof.com.br\\\/blog\\\/wp-content\\\/uploads\\\/2024\\\/07\\\/Modelo-instituicoes-25.png\",\"keywords\":[\"Acesso Direto\",\"Concorr\u00eancia SCMBH\",\"Provas de Resid\u00eancia\",\"Resid\u00eancia M\u00e9dica\",\"SCMBH\"],\"articleSection\":[\"Raio-X Editais\"],\"inLanguage\":\"pt-BR\"},{\"@type\":\"WebPage\",\"@id\":\"https:\\\/\\\/www.grupomedcof.com.br\\\/blog\\\/residencia-medica-scmbh\\\/\",\"url\":\"https:\\\/\\\/www.grupomedcof.com.br\\\/blog\\\/residencia-medica-scmbh\\\/\",\"name\":\"Resid\u00eancia M\u00e9dica SCMBH: edital 2026, cronograma e mais\",\"isPartOf\":{\"@id\":\"https:\\\/\\\/www.grupomedcof.com.br\\\/blog\\\/#website\"},\"primaryImageOfPage\":{\"@id\":\"https:\\\/\\\/www.grupomedcof.com.br\\\/blog\\\/residencia-medica-scmbh\\\/#primaryimage\"},\"image\":{\"@id\":\"https:\\\/\\\/www.grupomedcof.com.br\\\/blog\\\/residencia-medica-scmbh\\\/#primaryimage\"},\"thumbnailUrl\":\"https:\\\/\\\/www.grupomedcof.com.br\\\/blog\\\/wp-content\\\/uploads\\\/2024\\\/07\\\/Modelo-instituicoes-25.png\",\"datePublished\":\"2026-04-20T12:15:22+00:00\",\"dateModified\":\"2026-04-20T12:15:24+00:00\",\"description\":\"Confira agora todas as informa\u00e7\u00f5es sobre o Processo Seletivo da Santa Casa de Belo Horizonte de 2026! Acesse j\u00e1!\",\"breadcrumb\":{\"@id\":\"https:\\\/\\\/www.grupomedcof.com.br\\\/blog\\\/residencia-medica-scmbh\\\/#breadcrumb\"},\"inLanguage\":\"pt-BR\",\"potentialAction\":[{\"@type\":\"ReadAction\",\"target\":[\"https:\\\/\\\/www.grupomedcof.com.br\\\/blog\\\/residencia-medica-scmbh\\\/\"]}]},{\"@type\":\"ImageObject\",\"inLanguage\":\"pt-BR\",\"@id\":\"https:\\\/\\\/www.grupomedcof.com.br\\\/blog\\\/residencia-medica-scmbh\\\/#primaryimage\",\"url\":\"https:\\\/\\\/www.grupomedcof.com.br\\\/blog\\\/wp-content\\\/uploads\\\/2024\\\/07\\\/Modelo-instituicoes-25.png\",\"contentUrl\":\"https:\\\/\\\/www.grupomedcof.com.br\\\/blog\\\/wp-content\\\/uploads\\\/2024\\\/07\\\/Modelo-instituicoes-25.png\",\"width\":2560,\"height\":1440},{\"@type\":\"BreadcrumbList\",\"@id\":\"https:\\\/\\\/www.grupomedcof.com.br\\\/blog\\\/residencia-medica-scmbh\\\/#breadcrumb\",\"itemListElement\":[{\"@type\":\"ListItem\",\"position\":1,\"name\":\"In\u00edcio\",\"item\":\"https:\\\/\\\/www.grupomedcof.com.br\\\/blog\\\/\"},{\"@type\":\"ListItem\",\"position\":2,\"name\":\"Resid\u00eancia M\u00e9dica SCMBH 2025\\\/2026: tudo sobre o processo seletivo!\"}]},{\"@type\":\"WebSite\",\"@id\":\"https:\\\/\\\/www.grupomedcof.com.br\\\/blog\\\/#website\",\"url\":\"https:\\\/\\\/www.grupomedcof.com.br\\\/blog\\\/\",\"name\":\"Blog de Medcof: conte\u00fados, editais, revalida e mais!\",\"description\":\"Acesso o blog de MedCof! Seu portal de conte\u00fados sobre resid\u00eancia m\u00e9dica, an\u00e1lise e editais e muito mais. Clique e confira!\",\"publisher\":{\"@id\":\"https:\\\/\\\/www.grupomedcof.com.br\\\/blog\\\/#organization\"},\"alternateName\":\"Blog de Medcof: conte\u00fados, editais, revalida e mais!\",\"potentialAction\":[{\"@type\":\"SearchAction\",\"target\":{\"@type\":\"EntryPoint\",\"urlTemplate\":\"https:\\\/\\\/www.grupomedcof.com.br\\\/blog\\\/?s={search_term_string}\"},\"query-input\":{\"@type\":\"PropertyValueSpecification\",\"valueRequired\":true,\"valueName\":\"search_term_string\"}}],\"inLanguage\":\"pt-BR\"},{\"@type\":\"Organization\",\"@id\":\"https:\\\/\\\/www.grupomedcof.com.br\\\/blog\\\/#organization\",\"name\":\"Grupo MedCof\",\"url\":\"https:\\\/\\\/www.grupomedcof.com.br\\\/blog\\\/\",\"logo\":{\"@type\":\"ImageObject\",\"inLanguage\":\"pt-BR\",\"@id\":\"https:\\\/\\\/www.grupomedcof.com.br\\\/blog\\\/#\\\/schema\\\/logo\\\/image\\\/\",\"url\":\"https:\\\/\\\/www.grupomedcof.com.br\\\/blog\\\/wp-content\\\/uploads\\\/2022\\\/01\\\/logo-medcof.png\",\"contentUrl\":\"https:\\\/\\\/www.grupomedcof.com.br\\\/blog\\\/wp-content\\\/uploads\\\/2022\\\/01\\\/logo-medcof.png\",\"width\":768,\"height\":269,\"caption\":\"Grupo MedCof\"},\"image\":{\"@id\":\"https:\\\/\\\/www.grupomedcof.com.br\\\/blog\\\/#\\\/schema\\\/logo\\\/image\\\/\"},\"sameAs\":[\"https:\\\/\\\/www.facebook.com\\\/MedCofQbank\\\/\",\"https:\\\/\\\/www.instagram.com\\\/grupomedcof\\\/\",\"https:\\\/\\\/br.linkedin.com\\\/company\\\/medcof\",\"https:\\\/\\\/www.youtube.com\\\/channel\\\/UCdHMuOHKICxcHwecxN8P-AA\"]},{\"@type\":\"Person\",\"@id\":\"https:\\\/\\\/www.grupomedcof.com.br\\\/blog\\\/#\\\/schema\\\/person\\\/9a44c2184a836bf5ae6967fdb3a1451e\",\"name\":\"Leila Menzel\",\"image\":{\"@type\":\"ImageObject\",\"inLanguage\":\"pt-BR\",\"@id\":\"https:\\\/\\\/www.grupomedcof.com.br\\\/blog\\\/wp-content\\\/uploads\\\/2025\\\/09\\\/cropped-eu-96x96.jpeg19a74936d997c0a8b3031618467fa1d0\",\"url\":\"https:\\\/\\\/www.grupomedcof.com.br\\\/blog\\\/wp-content\\\/uploads\\\/2025\\\/09\\\/cropped-eu-96x96.jpeg\",\"contentUrl\":\"https:\\\/\\\/www.grupomedcof.com.br\\\/blog\\\/wp-content\\\/uploads\\\/2025\\\/09\\\/cropped-eu-96x96.jpeg\",\"caption\":\"Leila Menzel\"},\"description\":\"Estudante do 6\u00b0 semestre de jornalismo, amo e escrevo poesias e viajo em livros de romances clich\u00eas.\",\"url\":\"https:\\\/\\\/www.grupomedcof.com.br\\\/blog\\\/author\\\/leila-menzel\\\/\"}]}<\/script>\n<!-- \/ Yoast SEO Premium plugin. -->","yoast_head_json":{"title":"Resid\u00eancia M\u00e9dica SCMBH: edital 2026, cronograma e mais","description":"Confira agora todas as informa\u00e7\u00f5es sobre o Processo Seletivo da Santa Casa de Belo Horizonte de 2026! Acesse j\u00e1!","robots":{"index":"index","follow":"follow","max-snippet":"max-snippet:-1","max-image-preview":"max-image-preview:large","max-video-preview":"max-video-preview:-1"},"canonical":"https:\/\/www.grupomedcof.com.br\/blog\/residencia-medica-scmbh\/","og_locale":"pt_BR","og_type":"article","og_title":"Resid\u00eancia M\u00e9dica SCMBH 2025\/2026: tudo sobre o processo seletivo!","og_description":"Confira agora todas as informa\u00e7\u00f5es sobre o Processo Seletivo da Santa Casa de Belo Horizonte de 2026! Acesse j\u00e1!","og_url":"https:\/\/www.grupomedcof.com.br\/blog\/residencia-medica-scmbh\/","og_site_name":"Blog de Medcof: conte\u00fados, editais, revalida e mais!","article_publisher":"https:\/\/www.facebook.com\/MedCofQbank\/","article_published_time":"2026-04-20T12:15:22+00:00","article_modified_time":"2026-04-20T12:15:24+00:00","og_image":[{"width":2560,"height":1440,"url":"https:\/\/www.grupomedcof.com.br\/blog\/wp-content\/uploads\/2024\/07\/Modelo-instituicoes-25.png","type":"image\/png"}],"author":"Leila Menzel","twitter_card":"summary_large_image","twitter_misc":{"Escrito por":"Leila Menzel","Est. tempo de leitura":"7 minutos"},"schema":{"@context":"https:\/\/schema.org","@graph":[{"@type":"Article","@id":"https:\/\/www.grupomedcof.com.br\/blog\/residencia-medica-scmbh\/#article","isPartOf":{"@id":"https:\/\/www.grupomedcof.com.br\/blog\/residencia-medica-scmbh\/"},"author":{"name":"Leila Menzel","@id":"https:\/\/www.grupomedcof.com.br\/blog\/#\/schema\/person\/9a44c2184a836bf5ae6967fdb3a1451e"},"headline":"Resid\u00eancia M\u00e9dica SCMBH 2025\/2026: tudo sobre o processo seletivo!","datePublished":"2026-04-20T12:15:22+00:00","dateModified":"2026-04-20T12:15:24+00:00","mainEntityOfPage":{"@id":"https:\/\/www.grupomedcof.com.br\/blog\/residencia-medica-scmbh\/"},"wordCount":956,"commentCount":3,"publisher":{"@id":"https:\/\/www.grupomedcof.com.br\/blog\/#organization"},"image":{"@id":"https:\/\/www.grupomedcof.com.br\/blog\/residencia-medica-scmbh\/#primaryimage"},"thumbnailUrl":"https:\/\/www.grupomedcof.com.br\/blog\/wp-content\/uploads\/2024\/07\/Modelo-instituicoes-25.png","keywords":["Acesso Direto","Concorr\u00eancia SCMBH","Provas de Resid\u00eancia","Resid\u00eancia M\u00e9dica","SCMBH"],"articleSection":["Raio-X Editais"],"inLanguage":"pt-BR"},{"@type":"WebPage","@id":"https:\/\/www.grupomedcof.com.br\/blog\/residencia-medica-scmbh\/","url":"https:\/\/www.grupomedcof.com.br\/blog\/residencia-medica-scmbh\/","name":"Resid\u00eancia M\u00e9dica SCMBH: edital 2026, cronograma e mais","isPartOf":{"@id":"https:\/\/www.grupomedcof.com.br\/blog\/#website"},"primaryImageOfPage":{"@id":"https:\/\/www.grupomedcof.com.br\/blog\/residencia-medica-scmbh\/#primaryimage"},"image":{"@id":"https:\/\/www.grupomedcof.com.br\/blog\/residencia-medica-scmbh\/#primaryimage"},"thumbnailUrl":"https:\/\/www.grupomedcof.com.br\/blog\/wp-content\/uploads\/2024\/07\/Modelo-instituicoes-25.png","datePublished":"2026-04-20T12:15:22+00:00","dateModified":"2026-04-20T12:15:24+00:00","description":"Confira agora todas as informa\u00e7\u00f5es sobre o Processo Seletivo da Santa Casa de Belo Horizonte de 2026! Acesse j\u00e1!","breadcrumb":{"@id":"https:\/\/www.grupomedcof.com.br\/blog\/residencia-medica-scmbh\/#breadcrumb"},"inLanguage":"pt-BR","potentialAction":[{"@type":"ReadAction","target":["https:\/\/www.grupomedcof.com.br\/blog\/residencia-medica-scmbh\/"]}]},{"@type":"ImageObject","inLanguage":"pt-BR","@id":"https:\/\/www.grupomedcof.com.br\/blog\/residencia-medica-scmbh\/#primaryimage","url":"https:\/\/www.grupomedcof.com.br\/blog\/wp-content\/uploads\/2024\/07\/Modelo-instituicoes-25.png","contentUrl":"https:\/\/www.grupomedcof.com.br\/blog\/wp-content\/uploads\/2024\/07\/Modelo-instituicoes-25.png","width":2560,"height":1440},{"@type":"BreadcrumbList","@id":"https:\/\/www.grupomedcof.com.br\/blog\/residencia-medica-scmbh\/#breadcrumb","itemListElement":[{"@type":"ListItem","position":1,"name":"In\u00edcio","item":"https:\/\/www.grupomedcof.com.br\/blog\/"},{"@type":"ListItem","position":2,"name":"Resid\u00eancia M\u00e9dica SCMBH 2025\/2026: tudo sobre o processo seletivo!"}]},{"@type":"WebSite","@id":"https:\/\/www.grupomedcof.com.br\/blog\/#website","url":"https:\/\/www.grupomedcof.com.br\/blog\/","name":"Blog de Medcof: conte\u00fados, editais, revalida e mais!","description":"Acesso o blog de MedCof! Seu portal de conte\u00fados sobre resid\u00eancia m\u00e9dica, an\u00e1lise e editais e muito mais. Clique e confira!","publisher":{"@id":"https:\/\/www.grupomedcof.com.br\/blog\/#organization"},"alternateName":"Blog de Medcof: conte\u00fados, editais, revalida e mais!","potentialAction":[{"@type":"SearchAction","target":{"@type":"EntryPoint","urlTemplate":"https:\/\/www.grupomedcof.com.br\/blog\/?s={search_term_string}"},"query-input":{"@type":"PropertyValueSpecification","valueRequired":true,"valueName":"search_term_string"}}],"inLanguage":"pt-BR"},{"@type":"Organization","@id":"https:\/\/www.grupomedcof.com.br\/blog\/#organization","name":"Grupo MedCof","url":"https:\/\/www.grupomedcof.com.br\/blog\/","logo":{"@type":"ImageObject","inLanguage":"pt-BR","@id":"https:\/\/www.grupomedcof.com.br\/blog\/#\/schema\/logo\/image\/","url":"https:\/\/www.grupomedcof.com.br\/blog\/wp-content\/uploads\/2022\/01\/logo-medcof.png","contentUrl":"https:\/\/www.grupomedcof.com.br\/blog\/wp-content\/uploads\/2022\/01\/logo-medcof.png","width":768,"height":269,"caption":"Grupo MedCof"},"image":{"@id":"https:\/\/www.grupomedcof.com.br\/blog\/#\/schema\/logo\/image\/"},"sameAs":["https:\/\/www.facebook.com\/MedCofQbank\/","https:\/\/www.instagram.com\/grupomedcof\/","https:\/\/br.linkedin.com\/company\/medcof","https:\/\/www.youtube.com\/channel\/UCdHMuOHKICxcHwecxN8P-AA"]},{"@type":"Person","@id":"https:\/\/www.grupomedcof.com.br\/blog\/#\/schema\/person\/9a44c2184a836bf5ae6967fdb3a1451e","name":"Leila Menzel","image":{"@type":"ImageObject","inLanguage":"pt-BR","@id":"https:\/\/www.grupomedcof.com.br\/blog\/wp-content\/uploads\/2025\/09\/cropped-eu-96x96.jpeg19a74936d997c0a8b3031618467fa1d0","url":"https:\/\/www.grupomedcof.com.br\/blog\/wp-content\/uploads\/2025\/09\/cropped-eu-96x96.jpeg","contentUrl":"https:\/\/www.grupomedcof.com.br\/blog\/wp-content\/uploads\/2025\/09\/cropped-eu-96x96.jpeg","caption":"Leila Menzel"},"description":"Estudante do 6\u00b0 semestre de jornalismo, amo e escrevo poesias e viajo em livros de romances clich\u00eas.","url":"https:\/\/www.grupomedcof.com.br\/blog\/author\/leila-menzel\/"}]}},"authors":[{"term_id":3616,"user_id":20,"is_guest":0,"slug":"leila-menzel","display_name":"Leila Menzel","avatar_url":"https:\/\/www.grupomedcof.com.br\/blog\/wp-content\/uploads\/2025\/09\/cropped-eu-96x96.jpeg","0":null,"1":"","2":"","3":"","4":"","5":"","6":"","7":"","8":""}],"_links":{"self":[{"href":"https:\/\/www.grupomedcof.com.br\/blog\/wp-json\/wp\/v2\/posts\/12061","targetHints":{"allow":["GET"]}}],"collection":[{"href":"https:\/\/www.grupomedcof.com.br\/blog\/wp-json\/wp\/v2\/posts"}],"about":[{"href":"https:\/\/www.grupomedcof.com.br\/blog\/wp-json\/wp\/v2\/types\/post"}],"author":[{"embeddable":true,"href":"https:\/\/www.grupomedcof.com.br\/blog\/wp-json\/wp\/v2\/users\/20"}],"replies":[{"embeddable":true,"href":"https:\/\/www.grupomedcof.com.br\/blog\/wp-json\/wp\/v2\/comments?post=12061"}],"version-history":[{"count":8,"href":"https:\/\/www.grupomedcof.com.br\/blog\/wp-json\/wp\/v2\/posts\/12061\/revisions"}],"predecessor-version":[{"id":43212,"href":"https:\/\/www.grupomedcof.com.br\/blog\/wp-json\/wp\/v2\/posts\/12061\/revisions\/43212"}],"wp:featuredmedia":[{"embeddable":true,"href":"https:\/\/www.grupomedcof.com.br\/blog\/wp-json\/wp\/v2\/media\/27972"}],"wp:attachment":[{"href":"https:\/\/www.grupomedcof.com.br\/blog\/wp-json\/wp\/v2\/media?parent=12061"}],"wp:term":[{"taxonomy":"category","embeddable":true,"href":"https:\/\/www.grupomedcof.com.br\/blog\/wp-json\/wp\/v2\/categories?post=12061"},{"taxonomy":"post_tag","embeddable":true,"href":"https:\/\/www.grupomedcof.com.br\/blog\/wp-json\/wp\/v2\/tags?post=12061"},{"taxonomy":"author","embeddable":true,"href":"https:\/\/www.grupomedcof.com.br\/blog\/wp-json\/wp\/v2\/ppma_author?post=12061"}],"curies":[{"name":"wp","href":"https:\/\/api.w.org\/{rel}","templated":true}]}}