{"id":12064,"date":"2023-09-04T15:37:30","date_gmt":"2023-09-04T18:37:30","guid":{"rendered":"https:\/\/www.grupomedcof.com.br\/blog\/?p=12064"},"modified":"2023-09-04T15:37:30","modified_gmt":"2023-09-04T18:37:30","slug":"veja-como-foi-o-ultimo-edital-de-residencia-no-albert-einstein-2023","status":"publish","type":"post","link":"https:\/\/www.grupomedcof.com.br\/blog\/veja-como-foi-o-ultimo-edital-de-residencia-no-albert-einstein-2023\/","title":{"rendered":"Veja como foi o \u00faltimo edital de resid\u00eancia no Hospital Israelita Albert Einstein 2023"},"content":{"rendered":"<div id=\"ez-toc-container\" class=\"ez-toc-v2_0_74 counter-hierarchy ez-toc-counter ez-toc-transparent ez-toc-container-direction\">\n<div class=\"ez-toc-title-container\">\n<p class=\"ez-toc-title\" style=\"cursor:inherit\">Sum\u00e1rio<\/p>\n<span class=\"ez-toc-title-toggle\"><a href=\"#\" class=\"ez-toc-pull-right ez-toc-btn ez-toc-btn-xs ez-toc-btn-default ez-toc-toggle\" aria-label=\"Alternar tabela de conte\u00fado\"><span class=\"ez-toc-js-icon-con\"><span class=\"\"><span class=\"eztoc-hide\" style=\"display:none;\">Toggle<\/span><span class=\"ez-toc-icon-toggle-span\"><svg style=\"fill: #999;color:#999\" xmlns=\"http:\/\/www.w3.org\/2000\/svg\" class=\"list-377408\" width=\"20px\" height=\"20px\" viewBox=\"0 0 24 24\" fill=\"none\"><path d=\"M6 6H4v2h2V6zm14 0H8v2h12V6zM4 11h2v2H4v-2zm16 0H8v2h12v-2zM4 16h2v2H4v-2zm16 0H8v2h12v-2z\" fill=\"currentColor\"><\/path><\/svg><svg style=\"fill: #999;color:#999\" class=\"arrow-unsorted-368013\" xmlns=\"http:\/\/www.w3.org\/2000\/svg\" width=\"10px\" height=\"10px\" viewBox=\"0 0 24 24\" version=\"1.2\" baseProfile=\"tiny\"><path d=\"M18.2 9.3l-6.2-6.3-6.2 6.3c-.2.2-.3.4-.3.7s.1.5.3.7c.2.2.4.3.7.3h11c.3 0 .5-.1.7-.3.2-.2.3-.5.3-.7s-.1-.5-.3-.7zM5.8 14.7l6.2 6.3 6.2-6.3c.2-.2.3-.5.3-.7s-.1-.5-.3-.7c-.2-.2-.4-.3-.7-.3h-11c-.3 0-.5.1-.7.3-.2.2-.3.5-.3.7s.1.5.3.7z\"\/><\/svg><\/span><\/span><\/span><\/a><\/span><\/div>\n<nav><ul class='ez-toc-list ez-toc-list-level-1 ' ><ul class='ez-toc-list-level-3' ><li class='ez-toc-heading-level-3'><a class=\"ez-toc-link ez-toc-heading-1\" href=\"https:\/\/www.grupomedcof.com.br\/blog\/veja-como-foi-o-ultimo-edital-de-residencia-no-albert-einstein-2023\/#Visao_Geral\" >Vis\u00e3o Geral<\/a><\/li><\/ul><\/li><li class='ez-toc-page-1 ez-toc-heading-level-2'><a class=\"ez-toc-link ez-toc-heading-2\" href=\"https:\/\/www.grupomedcof.com.br\/blog\/veja-como-foi-o-ultimo-edital-de-residencia-no-albert-einstein-2023\/#Nota_de_Corte\" >Nota de Corte<\/a><\/li><li class='ez-toc-page-1 ez-toc-heading-level-2'><a class=\"ez-toc-link ez-toc-heading-3\" href=\"https:\/\/www.grupomedcof.com.br\/blog\/veja-como-foi-o-ultimo-edital-de-residencia-no-albert-einstein-2023\/#Seja_aprovado_na_residencia_do_Einstein\" >Seja aprovado na resid\u00eancia do Einstein!<\/a><\/li><\/ul><\/nav><\/div>\n<img loading=\"lazy\" decoding=\"async\" width=\"800\" height=\"450\" src=\"https:\/\/www.grupomedcof.com.br\/blog\/wp-content\/uploads\/2023\/09\/Blog-MedCof-49-1024x576.png\" alt=\"resid\u00eancia albert einstein 2023, resid\u00eancia albert einstein, einstein resid\u00eancia m\u00e9dica 2023, resid\u00eancia m\u00e9dica einstein 2023, resid\u00eancia m\u00e9dica albert einstein 2023, hospital israelita albert einstein resid\u00eancia, hospital israelita albert einstein resid\u00eancia cirurgica, hiae resid\u00eancia m\u00e9dica 2023, nota corte resid\u00eancia medica hiae, nota de corte hiae resid\u00eancia\" srcset=\"https:\/\/www.grupomedcof.com.br\/blog\/wp-content\/uploads\/2023\/09\/Blog-MedCof-49-1024x576.png 1024w, https:\/\/www.grupomedcof.com.br\/blog\/wp-content\/uploads\/2023\/09\/Blog-MedCof-49-300x169.png 300w, https:\/\/www.grupomedcof.com.br\/blog\/wp-content\/uploads\/2023\/09\/Blog-MedCof-49-768x432.png 768w, https:\/\/www.grupomedcof.com.br\/blog\/wp-content\/uploads\/2023\/09\/Blog-MedCof-49-1536x864.png 1536w, https:\/\/www.grupomedcof.com.br\/blog\/wp-content\/uploads\/2023\/09\/Blog-MedCof-49-2048x1152.png 2048w\" sizes=\"auto, (max-width: 800px) 100vw, 800px\" \/>\t\t\t\t\t\t\t\t\t\t\t\t\t\t\t\n\t\t<p>Veja o resumo de como foi o edital da Resid\u00eancia M\u00e9dica no Hospital Israelita Albert Einstein 2023 e se prepare para a pr\u00f3xima prova!<\/p>\t\t\n\t\t\t<h4>\n\t\t\t\tResumo\t\t\t<\/h4>\n\t\t<p><\/p>\n<h3><span class=\"ez-toc-section\" id=\"Visao_Geral\"><\/span><strong>Vis\u00e3o Geral<\/strong><span class=\"ez-toc-section-end\"><\/span><\/h3>\n<p><\/p>\n<p>O Hospital Israelita Albert Einstein (HIAE) divulgou o <a href=\"https:\/\/www.concursosfcc.com.br\/concursos\/alber122\/alber122_edital_de_abertura_residencia_medica_09_09_2022.pdf\">edital<\/a> de sele\u00e7\u00e3o para os Programas de Resid\u00eancia M\u00e9dica 2023 no dia 09\/09\/22, uma sexta-feira.<\/p>\n<p>\u00a0<\/p>\n<p><\/p>\n<p>Assim, as inscri\u00e7\u00f5es foram do dia 21\/09 at\u00e9 21\/10\/2022, atrav\u00e9s do site da Funda\u00e7\u00e3o Carlos Chagas, com uma taxa de inscri\u00e7\u00e3o de R$ 700,00.<\/p>\n<p>\u00a0<\/p>\n<p><\/p>\n<p>O processo seletivo foi realizado em duas fases.\u00a0Na primeira fase os candidatos realizaram uma prova escrita objetiva, sob responsabilidade da Funda\u00e7\u00e3o Carlos Chagas, em 06\/11\/22<\/p>\n<ul>\n<li style=\"list-style-type: none;\">\n<ul><\/ul>\n<\/li>\n<\/ul>\n<ul>\n<li style=\"list-style-type: none;\">\n<ul>\n<li>\u00c1reas de Acesso Direto: prova composta por 75 quest\u00f5es de m\u00faltipla escolha abordando conte\u00fados das \u00e1reas de Cl\u00ednica M\u00e9dica, Cirurgia Geral, Pediatria, Ginecologia e Obstetr\u00edcia e Medicina Preventiva e Social, com dura\u00e7\u00e3o de 4 horas;<\/li>\n<\/ul>\n<\/li>\n<\/ul>\n<p><\/p>\n<ul>\n<li style=\"list-style-type: none;\">\n<ul>\n<li>Especialidades com Pr\u00e9-Requisito em Cl\u00ednica M\u00e9dica: prova composta por 50 quest\u00f5es de m\u00faltipla escolha abordando conte\u00fados de Cl\u00ednica M\u00e9dica, com dura\u00e7\u00e3o de 2h30;<\/li>\n<\/ul>\n<\/li>\n<\/ul>\n<p><\/p>\n<ul>\n<li style=\"list-style-type: none;\">\n<ul>\n<li>Especialidades com Pr\u00e9-requisito em Pediatria: prova composta por 50 quest\u00f5es de m\u00faltipla escolha abordando conte\u00fados de Pediatria, com dura\u00e7\u00e3o de 2h30;<\/li>\n<\/ul>\n<\/li>\n<\/ul>\n<p><\/p>\n<ul>\n<li style=\"list-style-type: none;\">\n<ul>\n<li>Especialidades com Pr\u00e9-requisito em Cirurgia Geral e \u00c1rea Cir\u00fargica B\u00e1sica: prova composta por 50 quest\u00f5es de m\u00faltipla escolha abordando conte\u00fados de Cirurgia Geral, com dura\u00e7\u00e3o de 2h30;<\/li>\n<\/ul>\n<\/li>\n<\/ul>\n<p><\/p>\n<ul>\n<li style=\"list-style-type: none;\">\n<ul>\n<li>Especialidades com Pr\u00e9-requisito em Hematologia e Hemoterapia: prova composta por 50 quest\u00f5es de m\u00faltipla escolha abordando conte\u00fados de Hematologia e Hemoterapia, com dura\u00e7\u00e3o de 2h30.<\/li>\n<\/ul>\n<\/li>\n<\/ul>\n<p><\/p>\n<p><\/p>\n<p><!-- \/wp:post-content --><\/p>\n<p><!-- \/wp:list --><!-- wp:list --><\/p>\n<ul>\n<li style=\"list-style-type: none;\">\n<ul><!-- wp:list-item --><\/ul>\n<\/li>\n<\/ul>\n<p>\u00a0<\/p>\n<p>Enquanto na segunda fase os concorrentes foram submetidos a prova pr\u00e1tica e entrevista\/an\u00e1lise do curriculum vitae, sob responsabilidade do HIAE. Para os Programas de Acesso Direto aconteceu nos dias 16, 20 e 22\/12\/22 e para os Programas com Pr\u00e9-requisitos, no dia 22\/12\/2022;<!-- wp:list --><\/p>\n<ul>\n<li style=\"list-style-type: none;\">\n<ul><!-- wp:list-item --><\/ul>\n<\/li>\n<\/ul>\n<ul>\n<li style=\"list-style-type: none;\">\n<ul>\n<li>Prova pr\u00e1tica composta pelos mesmos conte\u00fados da 1\u00aa fase, considerando a particularidade de cada programa;<\/li>\n<\/ul>\n<\/li>\n<\/ul>\n<p><!-- \/wp:list-item --><!-- wp:list-item --><\/p>\n<ul>\n<li style=\"list-style-type: none;\">\n<ul>\n<li>Programas de Acesso Direto: prova composta por 5 esta\u00e7\u00f5es cl\u00ednicas com 8 minutos de dura\u00e7\u00e3o cada; 2 esta\u00e7\u00f5es de habilidades, procedimentos diagn\u00f3sticos ou terap\u00eauticos, com 4 minutos cada e por uma entrevista com an\u00e1lise de curr\u00edculo, enviado previamente, com 8 minutos de dura\u00e7\u00e3o.<\/li>\n<li>Programas com Pr\u00e9-Requisito (com exce\u00e7\u00e3o do Programa de Resid\u00eancia M\u00e9dica em Transplante de Medula \u00d3ssea): prova composta por 5 esta\u00e7\u00f5es cl\u00ednicas com 8 minutos de dura\u00e7\u00e3o cada; 2 esta\u00e7\u00f5es de habilidades, procedimentos diagn\u00f3sticos ou terap\u00eauticos, com 4 minutos cada e por uma entrevista com an\u00e1lise de curr\u00edculo, enviado previamente, com 8 minutos de dura\u00e7\u00e3o.<\/li>\n<\/ul>\n<\/li>\n<\/ul>\n<p><!-- \/wp:list-item --><!-- wp:list-item --><\/p>\n<p><!-- \/wp:list-item --><\/p>\n<p><!-- \/wp:list --><!-- wp:heading --><\/p>\n<p><!-- \/wp:paragraph --><\/p>\t\t\n\t\t\t\t\t\t\t\t\t\t\t\t\t\t\t\t<a href=\"https:\/\/www.grupomedcof.com.br\/blog\/qbank-medcof\/\" target=\"_blank\" rel=\"noopener\">\n\t\t\t\t\t\t\t<img loading=\"lazy\" decoding=\"async\" width=\"800\" height=\"128\" src=\"https:\/\/www.grupomedcof.com.br\/blog\/wp-content\/uploads\/2023\/07\/Blog-MedCof-2023-07-06T091657.858-1024x164.png\" alt=\"medcof qbank, medcof aulas, grupo medcof, aulas medcof, qbank, banco de questoes medcof, medcof banco de questoes\" srcset=\"https:\/\/www.grupomedcof.com.br\/blog\/wp-content\/uploads\/2023\/07\/Blog-MedCof-2023-07-06T091657.858-1024x164.png 1024w, https:\/\/www.grupomedcof.com.br\/blog\/wp-content\/uploads\/2023\/07\/Blog-MedCof-2023-07-06T091657.858-300x48.png 300w, https:\/\/www.grupomedcof.com.br\/blog\/wp-content\/uploads\/2023\/07\/Blog-MedCof-2023-07-06T091657.858-768x123.png 768w, https:\/\/www.grupomedcof.com.br\/blog\/wp-content\/uploads\/2023\/07\/Blog-MedCof-2023-07-06T091657.858-1536x246.png 1536w, https:\/\/www.grupomedcof.com.br\/blog\/wp-content\/uploads\/2023\/07\/Blog-MedCof-2023-07-06T091657.858-2048x327.png 2048w\" sizes=\"auto, (max-width: 800px) 100vw, 800px\" \/>\t\t\t\t\t\t\t\t<\/a>\n\t\t<h2 id=\"h-nota-de-corte\"><span class=\"ez-toc-section\" id=\"Nota_de_Corte\"><\/span><strong>Nota de Corte<\/strong><span class=\"ez-toc-section-end\"><\/span><\/h2>\n<p>\u00a0<\/p>\n<p>O resultado final e a convoca\u00e7\u00e3o para a matr\u00edcula foram divulgados no dia 17\/01\/23 e diversos alunos da MedCof foram aprovados. Confira as notas de corte:<\/p>\n<p>\u00a0<\/p>\n<table>\n<thead>\n<tr>\n<td>Anestesiologia<\/td>\n<td>82.20<\/td>\n<\/tr>\n<\/thead>\n<tbody>\n<tr>\n<td>Cirurgia Geral<\/td>\n<td>82.33<\/td>\n<\/tr>\n<tr>\n<td>\n<p>Cl\u00ednica M\u00e9dica<\/p>\n<\/td>\n<td>80.57<\/td>\n<\/tr>\n<tr>\n<td>Ginecologia e Obstetr\u00edcia<\/td>\n<td>78.40<\/td>\n<\/tr>\n<tr>\n<td>Medicina de Fam\u00edlia e Comunidade<\/td>\n<td>69.30<\/td>\n<\/tr>\n<tr>\n<td>Neurologia<\/td>\n<td>80.74<\/td>\n<\/tr>\n<tr>\n<td>Ortopedia e Traumatologia<\/td>\n<td>78.10<\/td>\n<\/tr>\n<tr>\n<td>Patologia Cl\u00ednica e Medicina Laboratorial<\/td>\n<td>74.73<\/td>\n<\/tr>\n<tr>\n<td>Pediatria<\/td>\n<td>74.80<\/td>\n<\/tr>\n<tr>\n<td>Radiologia e Diagn\u00f3stico por Imagem<\/td>\n<td>76.80<\/td>\n<\/tr>\n<tr>\n<td>Medicina de Emerg\u00eancia<\/td>\n<td>72.83<\/td>\n<\/tr>\n<tr>\n<td>Medicina Intensiva<\/td>\n<td>81.80<\/td>\n<\/tr>\n<tr>\n<td>Oncologia Cl\u00ednica<\/td>\n<td>81.33<\/td>\n<\/tr>\n<tr>\n<td>Cardiologia<\/td>\n<td>82.40<\/td>\n<\/tr>\n<tr>\n<td>Geriatria<\/td>\n<td>84.33<\/td>\n<\/tr>\n<tr>\n<td>Hematologia e Hemoterapia<\/td>\n<td>83.87<\/td>\n<\/tr>\n<tr>\n<td>Nefrologia<\/td>\n<td>79.93<\/td>\n<\/tr>\n<tr>\n<td>Medicina Intensiva Pedi\u00e1trica<\/td>\n<td>77.77<\/td>\n<\/tr>\n<tr>\n<td>\n<p>Neonatologia<\/p>\n<\/td>\n<td>79.97<\/td>\n<\/tr>\n<tr>\n<td>Cirurgia Vascular<\/td>\n<td>84.57<\/td>\n<\/tr>\n<tr>\n<td>Urologia<\/td>\n<td>82.97<\/td>\n<\/tr>\n<tr>\n<td>Transplante de Medula \u00d3ssea<\/td>\n<td>65.00<\/td>\n<\/tr>\n<tr>\n<td>Psiquiatria<\/td>\n<td>77.27<\/td>\n<\/tr>\n<\/tbody>\n<\/table>\n<p>A MedCof se destacou na resid\u00eancia Einstein 2023 com 10 primeiros lugares. Nossos alunos alcan\u00e7aram o primeiro lugar em:<\/p>\n<ul>\n<li style=\"list-style-type: none;\">\n<ul>\n<li>Medicina Intensiva Pedi\u00e1trica;<\/li>\n<li>Cl\u00ednica M\u00e9dica;<\/li>\n<li>Medicina Intensiva;<\/li>\n<li>Urologia;<\/li>\n<li>Neurologia;<\/li>\n<li>Hematologia;<\/li>\n<li>Psiquiatria;<\/li>\n<li>Cirurgia Geral;<\/li>\n<li>Ginecologia e Obstetr\u00edcia;<\/li>\n<li>Nefrologia.<\/li>\n<\/ul>\n<\/li>\n<\/ul>\t\t\n\t\t<h2 id=\"h-seja-aprovado-na-residencia-do-einstein\"><span class=\"ez-toc-section\" id=\"Seja_aprovado_na_residencia_do_Einstein\"><\/span><strong>Seja aprovado na resid\u00eancia do Einstein!<\/strong><span class=\"ez-toc-section-end\"><\/span><\/h2>\n<p><!-- \/wp:heading --><!-- wp:paragraph --><\/p>\n<p>As provas de resid\u00eancia est\u00e3o cada vez mais perto! Se voc\u00ea quer <a href=\"https:\/\/www.grupomedcof.com.br\/blog\/presenca-da-medcof-nas-aprovacoes-em-residencia-medica-no-brasil\/\">ser mais um aprovado<\/a> nas melhores resid\u00eancias de cl\u00ednica m\u00e9dica do pa\u00eds, ent\u00e3o conhe\u00e7a o <a href=\"https:\/\/www.grupomedcof.com.br\/\">Grupo MedCof<\/a>! Temos um cat\u00e1logo repleto de cursos que te guiar\u00e3o na jornada para as provas de Resid\u00eancia M\u00e9dica que ocorrer\u00e3o em 2023\/2024!<\/p>\t\t\n\t\t\t\t\t\t\t\t\t\t\t\t\t\t\t\t<a href=\"https:\/\/www.grupomedcof.com.br\/\" target=\"_blank\" rel=\"noopener\">\n\t\t\t\t\t\t\t<img loading=\"lazy\" decoding=\"async\" width=\"800\" height=\"378\" src=\"https:\/\/www.grupomedcof.com.br\/blog\/wp-content\/uploads\/2023\/08\/Captura-de-tela-2023-08-16-103405-e1692192957450-1024x484.png\" alt=\"medcof residencia medica, curso Intensivo para Resid\u00eancia M\u00e9dica, curso para resid\u00eancia m\u00e9dica, medcof hiit, aulas medcof,\" srcset=\"https:\/\/www.grupomedcof.com.br\/blog\/wp-content\/uploads\/2023\/08\/Captura-de-tela-2023-08-16-103405-e1692192957450-1024x484.png 1024w, https:\/\/www.grupomedcof.com.br\/blog\/wp-content\/uploads\/2023\/08\/Captura-de-tela-2023-08-16-103405-e1692192957450-300x142.png 300w, https:\/\/www.grupomedcof.com.br\/blog\/wp-content\/uploads\/2023\/08\/Captura-de-tela-2023-08-16-103405-e1692192957450-768x363.png 768w, https:\/\/www.grupomedcof.com.br\/blog\/wp-content\/uploads\/2023\/08\/Captura-de-tela-2023-08-16-103405-e1692192957450.png 1145w\" sizes=\"auto, (max-width: 800px) 100vw, 800px\" \/>\t\t\t\t\t\t\t\t<\/a>","protected":false},"excerpt":{"rendered":"<p>Veja o resumo de como foi o edital da Resid\u00eancia M\u00e9dica no Hospital Israelita Albert Einstein 2023 e se prepare para a pr\u00f3xima prova!<\/p>\n","protected":false},"author":10,"featured_media":12065,"comment_status":"open","ping_status":"open","sticky":false,"template":"","format":"standard","meta":{"footnotes":""},"categories":[10],"tags":[92],"ppma_author":[3613],"class_list":{"0":"post-12064","1":"post","2":"type-post","3":"status-publish","4":"format-standard","5":"has-post-thumbnail","7":"category-raio-x-editais","8":"tag-raio-x-editais-2023"},"yoast_head":"<!-- This site is optimized with the Yoast SEO Premium plugin v24.3 (Yoast SEO v27.4) - https:\/\/yoast.com\/product\/yoast-seo-premium-wordpress\/ -->\n<title>Veja como foi o \u00faltimo edital de resid\u00eancia no Hospital Israelita Albert Einstein 2023 - Blog de Medcof: conte\u00fados, editais, revalida e mais!<\/title>\n<meta name=\"description\" content=\"Veja como foi o edital da resid\u00eancia m\u00e9dica no Hospital Israelita Albert Einstein 2023. O documento foi divulgado dois meses antes da prova\" \/>\n<meta name=\"robots\" content=\"index, follow, max-snippet:-1, max-image-preview:large, max-video-preview:-1\" \/>\n<link rel=\"canonical\" href=\"https:\/\/www.grupomedcof.com.br\/blog\/veja-como-foi-o-ultimo-edital-de-residencia-no-albert-einstein-2023\/\" \/>\n<meta property=\"og:locale\" content=\"pt_BR\" \/>\n<meta property=\"og:type\" content=\"article\" \/>\n<meta property=\"og:title\" content=\"Veja como foi o \u00faltimo edital de resid\u00eancia no Hospital Israelita Albert Einstein 2023\" \/>\n<meta property=\"og:description\" content=\"Veja como foi o edital da resid\u00eancia m\u00e9dica no Hospital Israelita Albert Einstein 2023. O documento foi divulgado dois meses antes da prova\" \/>\n<meta property=\"og:url\" content=\"https:\/\/www.grupomedcof.com.br\/blog\/veja-como-foi-o-ultimo-edital-de-residencia-no-albert-einstein-2023\/\" \/>\n<meta property=\"og:site_name\" content=\"Blog de Medcof: conte\u00fados, editais, revalida e mais!\" \/>\n<meta property=\"article:publisher\" content=\"https:\/\/www.facebook.com\/MedCofQbank\/\" \/>\n<meta property=\"article:published_time\" content=\"2023-09-04T18:37:30+00:00\" \/>\n<meta property=\"og:image\" content=\"https:\/\/www.grupomedcof.com.br\/blog\/wp-content\/uploads\/2023\/09\/Blog-MedCof-49.png\" \/>\n\t<meta property=\"og:image:width\" content=\"2560\" \/>\n\t<meta property=\"og:image:height\" content=\"1440\" \/>\n\t<meta property=\"og:image:type\" content=\"image\/png\" \/>\n<meta name=\"author\" content=\"Grupo MedCof\" \/>\n<meta name=\"twitter:card\" content=\"summary_large_image\" \/>\n<meta name=\"twitter:label1\" content=\"Escrito por\" \/>\n\t<meta name=\"twitter:data1\" content=\"Grupo MedCof\" \/>\n\t<meta name=\"twitter:label2\" content=\"Est. tempo de leitura\" \/>\n\t<meta name=\"twitter:data2\" content=\"7 minutos\" \/>\n<script type=\"application\/ld+json\" class=\"yoast-schema-graph\">{\"@context\":\"https:\\\/\\\/schema.org\",\"@graph\":[{\"@type\":\"Article\",\"@id\":\"https:\\\/\\\/www.grupomedcof.com.br\\\/blog\\\/veja-como-foi-o-ultimo-edital-de-residencia-no-albert-einstein-2023\\\/#article\",\"isPartOf\":{\"@id\":\"https:\\\/\\\/www.grupomedcof.com.br\\\/blog\\\/veja-como-foi-o-ultimo-edital-de-residencia-no-albert-einstein-2023\\\/\"},\"author\":{\"name\":\"Grupo MedCof\",\"@id\":\"https:\\\/\\\/www.grupomedcof.com.br\\\/blog\\\/#\\\/schema\\\/person\\\/5e56a3921255c01181f3d8c20d53f9c0\"},\"headline\":\"Veja como foi o \u00faltimo edital de resid\u00eancia no Hospital Israelita Albert Einstein 2023\",\"datePublished\":\"2023-09-04T18:37:30+00:00\",\"mainEntityOfPage\":{\"@id\":\"https:\\\/\\\/www.grupomedcof.com.br\\\/blog\\\/veja-como-foi-o-ultimo-edital-de-residencia-no-albert-einstein-2023\\\/\"},\"wordCount\":645,\"commentCount\":0,\"publisher\":{\"@id\":\"https:\\\/\\\/www.grupomedcof.com.br\\\/blog\\\/#organization\"},\"image\":{\"@id\":\"https:\\\/\\\/www.grupomedcof.com.br\\\/blog\\\/veja-como-foi-o-ultimo-edital-de-residencia-no-albert-einstein-2023\\\/#primaryimage\"},\"thumbnailUrl\":\"https:\\\/\\\/www.grupomedcof.com.br\\\/blog\\\/wp-content\\\/uploads\\\/2023\\\/09\\\/Blog-MedCof-49.png\",\"keywords\":[\"Raio-X Editais 2023\"],\"articleSection\":[\"Raio-X Editais\"],\"inLanguage\":\"pt-BR\"},{\"@type\":\"WebPage\",\"@id\":\"https:\\\/\\\/www.grupomedcof.com.br\\\/blog\\\/veja-como-foi-o-ultimo-edital-de-residencia-no-albert-einstein-2023\\\/\",\"url\":\"https:\\\/\\\/www.grupomedcof.com.br\\\/blog\\\/veja-como-foi-o-ultimo-edital-de-residencia-no-albert-einstein-2023\\\/\",\"name\":\"Veja como foi o \u00faltimo edital de resid\u00eancia no Hospital Israelita Albert Einstein 2023 - Blog de Medcof: conte\u00fados, editais, revalida e mais!\",\"isPartOf\":{\"@id\":\"https:\\\/\\\/www.grupomedcof.com.br\\\/blog\\\/#website\"},\"primaryImageOfPage\":{\"@id\":\"https:\\\/\\\/www.grupomedcof.com.br\\\/blog\\\/veja-como-foi-o-ultimo-edital-de-residencia-no-albert-einstein-2023\\\/#primaryimage\"},\"image\":{\"@id\":\"https:\\\/\\\/www.grupomedcof.com.br\\\/blog\\\/veja-como-foi-o-ultimo-edital-de-residencia-no-albert-einstein-2023\\\/#primaryimage\"},\"thumbnailUrl\":\"https:\\\/\\\/www.grupomedcof.com.br\\\/blog\\\/wp-content\\\/uploads\\\/2023\\\/09\\\/Blog-MedCof-49.png\",\"datePublished\":\"2023-09-04T18:37:30+00:00\",\"description\":\"Veja como foi o edital da resid\u00eancia m\u00e9dica no Hospital Israelita Albert Einstein 2023. O documento foi divulgado dois meses antes da prova\",\"breadcrumb\":{\"@id\":\"https:\\\/\\\/www.grupomedcof.com.br\\\/blog\\\/veja-como-foi-o-ultimo-edital-de-residencia-no-albert-einstein-2023\\\/#breadcrumb\"},\"inLanguage\":\"pt-BR\",\"potentialAction\":[{\"@type\":\"ReadAction\",\"target\":[\"https:\\\/\\\/www.grupomedcof.com.br\\\/blog\\\/veja-como-foi-o-ultimo-edital-de-residencia-no-albert-einstein-2023\\\/\"]}]},{\"@type\":\"ImageObject\",\"inLanguage\":\"pt-BR\",\"@id\":\"https:\\\/\\\/www.grupomedcof.com.br\\\/blog\\\/veja-como-foi-o-ultimo-edital-de-residencia-no-albert-einstein-2023\\\/#primaryimage\",\"url\":\"https:\\\/\\\/www.grupomedcof.com.br\\\/blog\\\/wp-content\\\/uploads\\\/2023\\\/09\\\/Blog-MedCof-49.png\",\"contentUrl\":\"https:\\\/\\\/www.grupomedcof.com.br\\\/blog\\\/wp-content\\\/uploads\\\/2023\\\/09\\\/Blog-MedCof-49.png\",\"width\":2560,\"height\":1440,\"caption\":\"resid\u00eancia albert einstein 2023, resid\u00eancia albert einstein, einstein resid\u00eancia m\u00e9dica 2023, resid\u00eancia m\u00e9dica einstein 2023, resid\u00eancia m\u00e9dica albert einstein 2023, hospital israelita albert einstein resid\u00eancia, hospital israelita albert einstein resid\u00eancia cirurgica, hiae resid\u00eancia m\u00e9dica 2023, nota corte resid\u00eancia medica hiae, nota de corte hiae resid\u00eancia\"},{\"@type\":\"BreadcrumbList\",\"@id\":\"https:\\\/\\\/www.grupomedcof.com.br\\\/blog\\\/veja-como-foi-o-ultimo-edital-de-residencia-no-albert-einstein-2023\\\/#breadcrumb\",\"itemListElement\":[{\"@type\":\"ListItem\",\"position\":1,\"name\":\"In\u00edcio\",\"item\":\"https:\\\/\\\/www.grupomedcof.com.br\\\/blog\\\/\"},{\"@type\":\"ListItem\",\"position\":2,\"name\":\"Veja como foi o \u00faltimo edital de resid\u00eancia no Hospital Israelita Albert Einstein 2023\"}]},{\"@type\":\"WebSite\",\"@id\":\"https:\\\/\\\/www.grupomedcof.com.br\\\/blog\\\/#website\",\"url\":\"https:\\\/\\\/www.grupomedcof.com.br\\\/blog\\\/\",\"name\":\"Blog de Medcof: conte\u00fados, editais, revalida e mais!\",\"description\":\"Acesso o blog de MedCof! Seu portal de conte\u00fados sobre resid\u00eancia m\u00e9dica, an\u00e1lise e editais e muito mais. Clique e confira!\",\"publisher\":{\"@id\":\"https:\\\/\\\/www.grupomedcof.com.br\\\/blog\\\/#organization\"},\"alternateName\":\"Blog de Medcof: conte\u00fados, editais, revalida e mais!\",\"potentialAction\":[{\"@type\":\"SearchAction\",\"target\":{\"@type\":\"EntryPoint\",\"urlTemplate\":\"https:\\\/\\\/www.grupomedcof.com.br\\\/blog\\\/?s={search_term_string}\"},\"query-input\":{\"@type\":\"PropertyValueSpecification\",\"valueRequired\":true,\"valueName\":\"search_term_string\"}}],\"inLanguage\":\"pt-BR\"},{\"@type\":\"Organization\",\"@id\":\"https:\\\/\\\/www.grupomedcof.com.br\\\/blog\\\/#organization\",\"name\":\"Grupo MedCof\",\"url\":\"https:\\\/\\\/www.grupomedcof.com.br\\\/blog\\\/\",\"logo\":{\"@type\":\"ImageObject\",\"inLanguage\":\"pt-BR\",\"@id\":\"https:\\\/\\\/www.grupomedcof.com.br\\\/blog\\\/#\\\/schema\\\/logo\\\/image\\\/\",\"url\":\"https:\\\/\\\/www.grupomedcof.com.br\\\/blog\\\/wp-content\\\/uploads\\\/2022\\\/01\\\/logo-medcof.png\",\"contentUrl\":\"https:\\\/\\\/www.grupomedcof.com.br\\\/blog\\\/wp-content\\\/uploads\\\/2022\\\/01\\\/logo-medcof.png\",\"width\":768,\"height\":269,\"caption\":\"Grupo MedCof\"},\"image\":{\"@id\":\"https:\\\/\\\/www.grupomedcof.com.br\\\/blog\\\/#\\\/schema\\\/logo\\\/image\\\/\"},\"sameAs\":[\"https:\\\/\\\/www.facebook.com\\\/MedCofQbank\\\/\",\"https:\\\/\\\/www.instagram.com\\\/grupomedcof\\\/\",\"https:\\\/\\\/br.linkedin.com\\\/company\\\/medcof\",\"https:\\\/\\\/www.youtube.com\\\/channel\\\/UCdHMuOHKICxcHwecxN8P-AA\"]},{\"@type\":\"Person\",\"@id\":\"https:\\\/\\\/www.grupomedcof.com.br\\\/blog\\\/#\\\/schema\\\/person\\\/5e56a3921255c01181f3d8c20d53f9c0\",\"name\":\"Grupo MedCof\",\"image\":{\"@type\":\"ImageObject\",\"inLanguage\":\"pt-BR\",\"@id\":\"https:\\\/\\\/www.grupomedcof.com.br\\\/blog\\\/wp-content\\\/uploads\\\/2023\\\/04\\\/cropped-cropped-cropped-cropped-logo-96x96.png28585d174f19c23095510da5f63bc127\",\"url\":\"https:\\\/\\\/www.grupomedcof.com.br\\\/blog\\\/wp-content\\\/uploads\\\/2023\\\/04\\\/cropped-cropped-cropped-cropped-logo-96x96.png\",\"contentUrl\":\"https:\\\/\\\/www.grupomedcof.com.br\\\/blog\\\/wp-content\\\/uploads\\\/2023\\\/04\\\/cropped-cropped-cropped-cropped-logo-96x96.png\",\"caption\":\"Grupo MedCof\"},\"description\":\"Tendo aulas baseadas em quest\u00f5es, + de 115 subespecialistas dispon\u00edveis e uma metodologia \u00fanica, voc\u00ea pode se juntar ao nosso time que conta com mais de 10 mil ...\",\"url\":\"https:\\\/\\\/www.grupomedcof.com.br\\\/blog\\\/author\\\/grupo-medcof\\\/\"}]}<\/script>\n<!-- \/ Yoast SEO Premium plugin. -->","yoast_head_json":{"title":"Veja como foi o \u00faltimo edital de resid\u00eancia no Hospital Israelita Albert Einstein 2023 - Blog de Medcof: conte\u00fados, editais, revalida e mais!","description":"Veja como foi o edital da resid\u00eancia m\u00e9dica no Hospital Israelita Albert Einstein 2023. O documento foi divulgado dois meses antes da prova","robots":{"index":"index","follow":"follow","max-snippet":"max-snippet:-1","max-image-preview":"max-image-preview:large","max-video-preview":"max-video-preview:-1"},"canonical":"https:\/\/www.grupomedcof.com.br\/blog\/veja-como-foi-o-ultimo-edital-de-residencia-no-albert-einstein-2023\/","og_locale":"pt_BR","og_type":"article","og_title":"Veja como foi o \u00faltimo edital de resid\u00eancia no Hospital Israelita Albert Einstein 2023","og_description":"Veja como foi o edital da resid\u00eancia m\u00e9dica no Hospital Israelita Albert Einstein 2023. O documento foi divulgado dois meses antes da prova","og_url":"https:\/\/www.grupomedcof.com.br\/blog\/veja-como-foi-o-ultimo-edital-de-residencia-no-albert-einstein-2023\/","og_site_name":"Blog de Medcof: conte\u00fados, editais, revalida e mais!","article_publisher":"https:\/\/www.facebook.com\/MedCofQbank\/","article_published_time":"2023-09-04T18:37:30+00:00","og_image":[{"width":2560,"height":1440,"url":"https:\/\/www.grupomedcof.com.br\/blog\/wp-content\/uploads\/2023\/09\/Blog-MedCof-49.png","type":"image\/png"}],"author":"Grupo MedCof","twitter_card":"summary_large_image","twitter_misc":{"Escrito por":"Grupo MedCof","Est. tempo de leitura":"7 minutos"},"schema":{"@context":"https:\/\/schema.org","@graph":[{"@type":"Article","@id":"https:\/\/www.grupomedcof.com.br\/blog\/veja-como-foi-o-ultimo-edital-de-residencia-no-albert-einstein-2023\/#article","isPartOf":{"@id":"https:\/\/www.grupomedcof.com.br\/blog\/veja-como-foi-o-ultimo-edital-de-residencia-no-albert-einstein-2023\/"},"author":{"name":"Grupo MedCof","@id":"https:\/\/www.grupomedcof.com.br\/blog\/#\/schema\/person\/5e56a3921255c01181f3d8c20d53f9c0"},"headline":"Veja como foi o \u00faltimo edital de resid\u00eancia no Hospital Israelita Albert Einstein 2023","datePublished":"2023-09-04T18:37:30+00:00","mainEntityOfPage":{"@id":"https:\/\/www.grupomedcof.com.br\/blog\/veja-como-foi-o-ultimo-edital-de-residencia-no-albert-einstein-2023\/"},"wordCount":645,"commentCount":0,"publisher":{"@id":"https:\/\/www.grupomedcof.com.br\/blog\/#organization"},"image":{"@id":"https:\/\/www.grupomedcof.com.br\/blog\/veja-como-foi-o-ultimo-edital-de-residencia-no-albert-einstein-2023\/#primaryimage"},"thumbnailUrl":"https:\/\/www.grupomedcof.com.br\/blog\/wp-content\/uploads\/2023\/09\/Blog-MedCof-49.png","keywords":["Raio-X Editais 2023"],"articleSection":["Raio-X Editais"],"inLanguage":"pt-BR"},{"@type":"WebPage","@id":"https:\/\/www.grupomedcof.com.br\/blog\/veja-como-foi-o-ultimo-edital-de-residencia-no-albert-einstein-2023\/","url":"https:\/\/www.grupomedcof.com.br\/blog\/veja-como-foi-o-ultimo-edital-de-residencia-no-albert-einstein-2023\/","name":"Veja como foi o \u00faltimo edital de resid\u00eancia no Hospital Israelita Albert Einstein 2023 - Blog de Medcof: conte\u00fados, editais, revalida e mais!","isPartOf":{"@id":"https:\/\/www.grupomedcof.com.br\/blog\/#website"},"primaryImageOfPage":{"@id":"https:\/\/www.grupomedcof.com.br\/blog\/veja-como-foi-o-ultimo-edital-de-residencia-no-albert-einstein-2023\/#primaryimage"},"image":{"@id":"https:\/\/www.grupomedcof.com.br\/blog\/veja-como-foi-o-ultimo-edital-de-residencia-no-albert-einstein-2023\/#primaryimage"},"thumbnailUrl":"https:\/\/www.grupomedcof.com.br\/blog\/wp-content\/uploads\/2023\/09\/Blog-MedCof-49.png","datePublished":"2023-09-04T18:37:30+00:00","description":"Veja como foi o edital da resid\u00eancia m\u00e9dica no Hospital Israelita Albert Einstein 2023. O documento foi divulgado dois meses antes da prova","breadcrumb":{"@id":"https:\/\/www.grupomedcof.com.br\/blog\/veja-como-foi-o-ultimo-edital-de-residencia-no-albert-einstein-2023\/#breadcrumb"},"inLanguage":"pt-BR","potentialAction":[{"@type":"ReadAction","target":["https:\/\/www.grupomedcof.com.br\/blog\/veja-como-foi-o-ultimo-edital-de-residencia-no-albert-einstein-2023\/"]}]},{"@type":"ImageObject","inLanguage":"pt-BR","@id":"https:\/\/www.grupomedcof.com.br\/blog\/veja-como-foi-o-ultimo-edital-de-residencia-no-albert-einstein-2023\/#primaryimage","url":"https:\/\/www.grupomedcof.com.br\/blog\/wp-content\/uploads\/2023\/09\/Blog-MedCof-49.png","contentUrl":"https:\/\/www.grupomedcof.com.br\/blog\/wp-content\/uploads\/2023\/09\/Blog-MedCof-49.png","width":2560,"height":1440,"caption":"resid\u00eancia albert einstein 2023, resid\u00eancia albert einstein, einstein resid\u00eancia m\u00e9dica 2023, resid\u00eancia m\u00e9dica einstein 2023, resid\u00eancia m\u00e9dica albert einstein 2023, hospital israelita albert einstein resid\u00eancia, hospital israelita albert einstein resid\u00eancia cirurgica, hiae resid\u00eancia m\u00e9dica 2023, nota corte resid\u00eancia medica hiae, nota de corte hiae resid\u00eancia"},{"@type":"BreadcrumbList","@id":"https:\/\/www.grupomedcof.com.br\/blog\/veja-como-foi-o-ultimo-edital-de-residencia-no-albert-einstein-2023\/#breadcrumb","itemListElement":[{"@type":"ListItem","position":1,"name":"In\u00edcio","item":"https:\/\/www.grupomedcof.com.br\/blog\/"},{"@type":"ListItem","position":2,"name":"Veja como foi o \u00faltimo edital de resid\u00eancia no Hospital Israelita Albert Einstein 2023"}]},{"@type":"WebSite","@id":"https:\/\/www.grupomedcof.com.br\/blog\/#website","url":"https:\/\/www.grupomedcof.com.br\/blog\/","name":"Blog de Medcof: conte\u00fados, editais, revalida e mais!","description":"Acesso o blog de MedCof! Seu portal de conte\u00fados sobre resid\u00eancia m\u00e9dica, an\u00e1lise e editais e muito mais. Clique e confira!","publisher":{"@id":"https:\/\/www.grupomedcof.com.br\/blog\/#organization"},"alternateName":"Blog de Medcof: conte\u00fados, editais, revalida e mais!","potentialAction":[{"@type":"SearchAction","target":{"@type":"EntryPoint","urlTemplate":"https:\/\/www.grupomedcof.com.br\/blog\/?s={search_term_string}"},"query-input":{"@type":"PropertyValueSpecification","valueRequired":true,"valueName":"search_term_string"}}],"inLanguage":"pt-BR"},{"@type":"Organization","@id":"https:\/\/www.grupomedcof.com.br\/blog\/#organization","name":"Grupo MedCof","url":"https:\/\/www.grupomedcof.com.br\/blog\/","logo":{"@type":"ImageObject","inLanguage":"pt-BR","@id":"https:\/\/www.grupomedcof.com.br\/blog\/#\/schema\/logo\/image\/","url":"https:\/\/www.grupomedcof.com.br\/blog\/wp-content\/uploads\/2022\/01\/logo-medcof.png","contentUrl":"https:\/\/www.grupomedcof.com.br\/blog\/wp-content\/uploads\/2022\/01\/logo-medcof.png","width":768,"height":269,"caption":"Grupo MedCof"},"image":{"@id":"https:\/\/www.grupomedcof.com.br\/blog\/#\/schema\/logo\/image\/"},"sameAs":["https:\/\/www.facebook.com\/MedCofQbank\/","https:\/\/www.instagram.com\/grupomedcof\/","https:\/\/br.linkedin.com\/company\/medcof","https:\/\/www.youtube.com\/channel\/UCdHMuOHKICxcHwecxN8P-AA"]},{"@type":"Person","@id":"https:\/\/www.grupomedcof.com.br\/blog\/#\/schema\/person\/5e56a3921255c01181f3d8c20d53f9c0","name":"Grupo MedCof","image":{"@type":"ImageObject","inLanguage":"pt-BR","@id":"https:\/\/www.grupomedcof.com.br\/blog\/wp-content\/uploads\/2023\/04\/cropped-cropped-cropped-cropped-logo-96x96.png28585d174f19c23095510da5f63bc127","url":"https:\/\/www.grupomedcof.com.br\/blog\/wp-content\/uploads\/2023\/04\/cropped-cropped-cropped-cropped-logo-96x96.png","contentUrl":"https:\/\/www.grupomedcof.com.br\/blog\/wp-content\/uploads\/2023\/04\/cropped-cropped-cropped-cropped-logo-96x96.png","caption":"Grupo MedCof"},"description":"Tendo aulas baseadas em quest\u00f5es, + de 115 subespecialistas dispon\u00edveis e uma metodologia \u00fanica, voc\u00ea pode se juntar ao nosso time que conta com mais de 10 mil ...","url":"https:\/\/www.grupomedcof.com.br\/blog\/author\/grupo-medcof\/"}]}},"authors":[{"term_id":3613,"user_id":10,"is_guest":0,"slug":"grupo-medcof","display_name":"Grupo MedCof","avatar_url":"https:\/\/www.grupomedcof.com.br\/blog\/wp-content\/uploads\/2023\/04\/cropped-cropped-cropped-cropped-logo-96x96.png","0":null,"1":"","2":"","3":"","4":"","5":"","6":"","7":"","8":""}],"_links":{"self":[{"href":"https:\/\/www.grupomedcof.com.br\/blog\/wp-json\/wp\/v2\/posts\/12064","targetHints":{"allow":["GET"]}}],"collection":[{"href":"https:\/\/www.grupomedcof.com.br\/blog\/wp-json\/wp\/v2\/posts"}],"about":[{"href":"https:\/\/www.grupomedcof.com.br\/blog\/wp-json\/wp\/v2\/types\/post"}],"author":[{"embeddable":true,"href":"https:\/\/www.grupomedcof.com.br\/blog\/wp-json\/wp\/v2\/users\/10"}],"replies":[{"embeddable":true,"href":"https:\/\/www.grupomedcof.com.br\/blog\/wp-json\/wp\/v2\/comments?post=12064"}],"version-history":[{"count":0,"href":"https:\/\/www.grupomedcof.com.br\/blog\/wp-json\/wp\/v2\/posts\/12064\/revisions"}],"wp:featuredmedia":[{"embeddable":true,"href":"https:\/\/www.grupomedcof.com.br\/blog\/wp-json\/wp\/v2\/media\/12065"}],"wp:attachment":[{"href":"https:\/\/www.grupomedcof.com.br\/blog\/wp-json\/wp\/v2\/media?parent=12064"}],"wp:term":[{"taxonomy":"category","embeddable":true,"href":"https:\/\/www.grupomedcof.com.br\/blog\/wp-json\/wp\/v2\/categories?post=12064"},{"taxonomy":"post_tag","embeddable":true,"href":"https:\/\/www.grupomedcof.com.br\/blog\/wp-json\/wp\/v2\/tags?post=12064"},{"taxonomy":"author","embeddable":true,"href":"https:\/\/www.grupomedcof.com.br\/blog\/wp-json\/wp\/v2\/ppma_author?post=12064"}],"curies":[{"name":"wp","href":"https:\/\/api.w.org\/{rel}","templated":true}]}}