{"id":12160,"date":"2023-09-05T10:06:19","date_gmt":"2023-09-05T13:06:19","guid":{"rendered":"https:\/\/www.grupomedcof.com.br\/blog\/?p=12160"},"modified":"2023-09-05T10:06:19","modified_gmt":"2023-09-05T13:06:19","slug":"edital-residencia-medica-einstein-2023-2024","status":"publish","type":"post","link":"https:\/\/www.grupomedcof.com.br\/blog\/edital-residencia-medica-einstein-2023-2024\/","title":{"rendered":"Edital Resid\u00eancia M\u00e9dica Einstein 2023\/2024"},"content":{"rendered":"<div id=\"ez-toc-container\" class=\"ez-toc-v2_0_74 counter-hierarchy ez-toc-counter ez-toc-transparent ez-toc-container-direction\">\n<div class=\"ez-toc-title-container\">\n<p class=\"ez-toc-title\" style=\"cursor:inherit\">Sum\u00e1rio<\/p>\n<span class=\"ez-toc-title-toggle\"><a href=\"#\" class=\"ez-toc-pull-right ez-toc-btn ez-toc-btn-xs ez-toc-btn-default ez-toc-toggle\" aria-label=\"Alternar tabela de conte\u00fado\"><span class=\"ez-toc-js-icon-con\"><span class=\"\"><span class=\"eztoc-hide\" style=\"display:none;\">Toggle<\/span><span class=\"ez-toc-icon-toggle-span\"><svg style=\"fill: #999;color:#999\" xmlns=\"http:\/\/www.w3.org\/2000\/svg\" class=\"list-377408\" width=\"20px\" height=\"20px\" viewBox=\"0 0 24 24\" fill=\"none\"><path d=\"M6 6H4v2h2V6zm14 0H8v2h12V6zM4 11h2v2H4v-2zm16 0H8v2h12v-2zM4 16h2v2H4v-2zm16 0H8v2h12v-2z\" fill=\"currentColor\"><\/path><\/svg><svg style=\"fill: #999;color:#999\" class=\"arrow-unsorted-368013\" xmlns=\"http:\/\/www.w3.org\/2000\/svg\" width=\"10px\" height=\"10px\" viewBox=\"0 0 24 24\" version=\"1.2\" baseProfile=\"tiny\"><path d=\"M18.2 9.3l-6.2-6.3-6.2 6.3c-.2.2-.3.4-.3.7s.1.5.3.7c.2.2.4.3.7.3h11c.3 0 .5-.1.7-.3.2-.2.3-.5.3-.7s-.1-.5-.3-.7zM5.8 14.7l6.2 6.3 6.2-6.3c.2-.2.3-.5.3-.7s-.1-.5-.3-.7c-.2-.2-.4-.3-.7-.3h-11c-.3 0-.5.1-.7.3-.2.2-.3.5-.3.7s.1.5.3.7z\"\/><\/svg><\/span><\/span><\/span><\/a><\/span><\/div>\n<nav><ul class='ez-toc-list ez-toc-list-level-1 ' ><li class='ez-toc-page-1 ez-toc-heading-level-2'><a class=\"ez-toc-link ez-toc-heading-1\" href=\"https:\/\/www.grupomedcof.com.br\/blog\/edital-residencia-medica-einstein-2023-2024\/#Edital_Residencia_Medica_Einstein_2024\" >Edital Resid\u00eancia M\u00e9dica Einstein 2024<\/a><\/li><li class='ez-toc-page-1 ez-toc-heading-level-2'><a class=\"ez-toc-link ez-toc-heading-2\" href=\"https:\/\/www.grupomedcof.com.br\/blog\/edital-residencia-medica-einstein-2023-2024\/#Vagas_HIAE_2024\" >Vagas HIAE 2024<\/a><\/li><li class='ez-toc-page-1 ez-toc-heading-level-2'><a class=\"ez-toc-link ez-toc-heading-3\" href=\"https:\/\/www.grupomedcof.com.br\/blog\/edital-residencia-medica-einstein-2023-2024\/#Processo_Seletivo_Albert_Einstein\" >Processo Seletivo Albert Einstein<\/a><ul class='ez-toc-list-level-3' ><li class='ez-toc-heading-level-3'><a class=\"ez-toc-link ez-toc-heading-4\" href=\"https:\/\/www.grupomedcof.com.br\/blog\/edital-residencia-medica-einstein-2023-2024\/#1a_Fase\" >1\u00aa Fase<\/a><\/li><li class='ez-toc-page-1 ez-toc-heading-level-3'><a class=\"ez-toc-link ez-toc-heading-5\" href=\"https:\/\/www.grupomedcof.com.br\/blog\/edital-residencia-medica-einstein-2023-2024\/#2a_fase\" >2\u00aa fase<\/a><\/li><\/ul><\/li><li class='ez-toc-page-1 ez-toc-heading-level-2'><a class=\"ez-toc-link ez-toc-heading-6\" href=\"https:\/\/www.grupomedcof.com.br\/blog\/edital-residencia-medica-einstein-2023-2024\/#Resultado_Einstein_20232024\" >Resultado Einstein 2023\/2024<\/a><\/li><li class='ez-toc-page-1 ez-toc-heading-level-2'><a class=\"ez-toc-link ez-toc-heading-7\" href=\"https:\/\/www.grupomedcof.com.br\/blog\/edital-residencia-medica-einstein-2023-2024\/#Cronograma_Residencia_Medica_Einstein_20232024\" >Cronograma Resid\u00eancia M\u00e9dica Einstein 2023\/2024&nbsp;<\/a><\/li><li class='ez-toc-page-1 ez-toc-heading-level-2'><a class=\"ez-toc-link ez-toc-heading-8\" href=\"https:\/\/www.grupomedcof.com.br\/blog\/edital-residencia-medica-einstein-2023-2024\/#Prova_Pratica_Albert_Einstein_HIAE\" >Prova Pr\u00e1tica Albert Einstein (HIAE)<\/a><\/li><li class='ez-toc-page-1 ez-toc-heading-level-2'><a class=\"ez-toc-link ez-toc-heading-9\" href=\"https:\/\/www.grupomedcof.com.br\/blog\/edital-residencia-medica-einstein-2023-2024\/#Raio-X_da_Prova_Pratica\" >Raio-X da Prova Pr\u00e1tica<\/a><\/li><\/ul><\/nav><\/div>\n<img loading=\"lazy\" decoding=\"async\" width=\"800\" height=\"450\" src=\"https:\/\/www.grupomedcof.com.br\/blog\/wp-content\/uploads\/2023\/09\/Blog-MedCof-9-1024x576.png\" alt=\"hospital albert einstein, HIAE 2023, HIAE 2024, edital einstein 2023, hiae residencia medica 2023, residencia medica albert einstein 2023, residencia albert einstein 2023, edital residencia einstein 2023, residencia einstein 2023, residencia medica einstein 2023, einstein residencia medica 2023, edital einstein residencia 2023, edital residencia medica einstein 2023\" srcset=\"https:\/\/www.grupomedcof.com.br\/blog\/wp-content\/uploads\/2023\/09\/Blog-MedCof-9-1024x576.png 1024w, https:\/\/www.grupomedcof.com.br\/blog\/wp-content\/uploads\/2023\/09\/Blog-MedCof-9-300x169.png 300w, https:\/\/www.grupomedcof.com.br\/blog\/wp-content\/uploads\/2023\/09\/Blog-MedCof-9-768x432.png 768w, https:\/\/www.grupomedcof.com.br\/blog\/wp-content\/uploads\/2023\/09\/Blog-MedCof-9-1536x864.png 1536w, https:\/\/www.grupomedcof.com.br\/blog\/wp-content\/uploads\/2023\/09\/Blog-MedCof-9-2048x1152.png 2048w\" sizes=\"auto, (max-width: 800px) 100vw, 800px\" \/>\t\t\t\t\t\t\t\t\t\t\t\t\t\t\t\n\t\t<p>A Funda\u00e7\u00e3o Carlos Chagas, respons\u00e1vel pelo processo seletivo para o<strong> Hospital Israelita Albert Einstein<\/strong> (HIAE), divulgou o edital para resid\u00eancia m\u00e9dica de 2023\/2024. Ao todo, s\u00e3o mais de\u00a099 vagas ofertadas.<\/p>\t\t\n\t\t\t<h4>\n\t\t\t\tSaiba mais\t\t\t<\/h4>\n\t\t<h2><span class=\"ez-toc-section\" id=\"Edital_Residencia_Medica_Einstein_2024\"><\/span><strong>Edital Resid\u00eancia M\u00e9dica Einstein 2024<\/strong><span class=\"ez-toc-section-end\"><\/span><\/h2>\n<p>&nbsp;<\/p>\n<p>Dispon\u00edvel atrav\u00e9s do site da Funda\u00e7\u00e3o Carlos Chagas, o\u00a0<a href=\"https:\/\/www.concursosfcc.com.br\/concursos\/alber123\/alber123_edital_de_abertura_residencia_medica_31_08_23_final.pdf\" target=\"_blank\" rel=\"noopener\">edital para resid\u00eancia m\u00e9dica\u00a0<\/a>do Einstein 2023\/2024 confirma as<a href=\"https:\/\/www.grupomedcof.com.br\/blog\/residencia-medica-albert-einstein-2023-2024-primeiras-informacoes\/\" target=\"_blank\" rel=\"noopener\">\u00a0primeiras informa\u00e7\u00f5es<\/a>\u00a0divulgadas anteriormente.<\/p>\n<p>&nbsp;<\/p>\n<p>Dessa forma, fica definido que as inscri\u00e7\u00f5es ocorrer\u00e3o entre os dias\u00a011 de setembro a 10 de outubro, mediante o preenchimento do formul\u00e1rio de inscri\u00e7\u00e3o e do pagamento da taxa no valor de\u00a0R$ 740,00. Entretanto, a solicita\u00e7\u00e3o de isen\u00e7\u00e3o da taxa ocorrer\u00e1 entre os dias 11 e 15 de setembro para os\u00a0candidatos que n\u00e3o puderem arcar com o custo da taxa.<\/p>\n<p>&nbsp;<\/p>\n<p>Al\u00e9m disso, reafirma-se a data de aplica\u00e7\u00e3o da\u00a0prova objetiva para o dia 29 de outubro\u00a0e das provas pr\u00e1ticas que acontecer\u00e3o entre os dias\u00a015 e 19 de dezembro para os programas de Acesso Direto\u00a0e no dia\u00a021\u00a0 para os programas com Pr\u00e9-Requisito.<\/p>\t\t\n\t\t\t\t\t\t\t\t\t\t\t\t\t\t\t\t<a href=\"https:\/\/www.grupomedcof.com.br\/blog\/qbank-medcof\/\" target=\"_blank\" rel=\"noopener\">\n\t\t\t\t\t\t\t<img loading=\"lazy\" decoding=\"async\" width=\"800\" height=\"128\" src=\"https:\/\/www.grupomedcof.com.br\/blog\/wp-content\/uploads\/2023\/07\/Blog-MedCof-2023-07-06T091657.858-1024x164.png\" alt=\"medcof qbank, medcof aulas, grupo medcof, aulas medcof, qbank, banco de questoes medcof, medcof banco de questoes\" srcset=\"https:\/\/www.grupomedcof.com.br\/blog\/wp-content\/uploads\/2023\/07\/Blog-MedCof-2023-07-06T091657.858-1024x164.png 1024w, https:\/\/www.grupomedcof.com.br\/blog\/wp-content\/uploads\/2023\/07\/Blog-MedCof-2023-07-06T091657.858-300x48.png 300w, https:\/\/www.grupomedcof.com.br\/blog\/wp-content\/uploads\/2023\/07\/Blog-MedCof-2023-07-06T091657.858-768x123.png 768w, https:\/\/www.grupomedcof.com.br\/blog\/wp-content\/uploads\/2023\/07\/Blog-MedCof-2023-07-06T091657.858-1536x246.png 1536w, https:\/\/www.grupomedcof.com.br\/blog\/wp-content\/uploads\/2023\/07\/Blog-MedCof-2023-07-06T091657.858-2048x327.png 2048w\" sizes=\"auto, (max-width: 800px) 100vw, 800px\" \/>\t\t\t\t\t\t\t\t<\/a>\n\t\t<h2><span class=\"ez-toc-section\" id=\"Vagas_HIAE_2024\"><\/span><strong>Vagas HIAE 2024<\/strong><span class=\"ez-toc-section-end\"><\/span><\/h2>\n<p><!-- \/wp:post-content --><\/p>\n<p><!-- wp:table --><\/p>\n<figure>\n<table>\n<thead>\n<tr>\n<th>Especialidade<\/th>\n<th>Vagas<\/th>\n<\/tr>\n<\/thead>\n<tbody>\n<tr>\n<td>Anestesiologia<\/td>\n<td>4<\/td>\n<\/tr>\n<tr>\n<td>Cirurgia Geral<\/td>\n<td>6<\/td>\n<\/tr>\n<tr>\n<td>Cl\u00ednica M\u00e9dica<\/td>\n<td>12<\/td>\n<\/tr>\n<tr>\n<td>Ginecologia e Obstetr\u00edcia*<\/td>\n<td>7<\/td>\n<\/tr>\n<tr>\n<td>Medicina de Fam\u00edlia e Comunidade<\/td>\n<td>10<\/td>\n<\/tr>\n<tr>\n<td>Medicina de Emerg\u00eancia<\/td>\n<td>6<\/td>\n<\/tr>\n<tr>\n<td>Medicina Intensiva<\/td>\n<td>5<\/td>\n<\/tr>\n<tr>\n<td>Neurologia<\/td>\n<td>3<\/td>\n<\/tr>\n<tr>\n<td>Ortopedia e Traumatologia*<\/td>\n<td>2<\/td>\n<\/tr>\n<tr>\n<td>Patologia Cl\u00ednica e Medicina Laboratorial<\/td>\n<td>1<\/td>\n<\/tr>\n<tr>\n<td>Pediatria<\/td>\n<td>8<\/td>\n<\/tr>\n<tr>\n<td>Radiologia e Diagn\u00f3stico por Imagem<\/td>\n<td>6<\/td>\n<\/tr>\n<tr>\n<td>Psiquiatria<\/td>\n<td>4<\/td>\n<\/tr>\n<tr>\n<td>Oncologia Cl\u00ednica<\/td>\n<td>4<\/td>\n<\/tr>\n<tr>\n<td>Hematologia e Hemoterapia<\/td>\n<td>3<\/td>\n<\/tr>\n<tr>\n<td>Cardiologia<\/td>\n<td>3<\/td>\n<\/tr>\n<tr>\n<td>Geriatria<\/td>\n<td>2<\/td>\n<\/tr>\n<tr>\n<td>Nefrologia<\/td>\n<td>3<\/td>\n<\/tr>\n<tr>\n<td>Neonatologia<\/td>\n<td>2<\/td>\n<\/tr>\n<tr>\n<td>Medicina Intensiva Pedi\u00e1trica<\/td>\n<td>2<\/td>\n<\/tr>\n<tr>\n<td>Ano Adicional em Transplante de Medula \u00d3ssea<\/td>\n<td>2<\/td>\n<\/tr>\n<tr>\n<td>Cirurgia Vascular<\/td>\n<td>2<\/td>\n<\/tr>\n<tr>\n<td>Urologia<\/td>\n<td>2<\/td>\n<\/tr>\n<\/tbody>\n<\/table>\n<\/figure><h2 id=\"h-processo-seletivo-albert-einstein\" style=\"font-family: Poppins, sans-serif; color: #7a7a7a;\"><span class=\"ez-toc-section\" id=\"Processo_Seletivo_Albert_Einstein\"><\/span><strong>Processo Seletivo Albert Einstein<\/strong><span class=\"ez-toc-section-end\"><\/span><\/h2>\n<p>Assim como nas\u00a0<a href=\"https:\/\/www.grupomedcof.com.br\/blog\/veja-como-foi-o-ultimo-edital-de-residencia-no-albert-einstein-2023\/\" target=\"_blank\" rel=\"noopener\">\u00faltimas edi\u00e7\u00f5es<\/a>,\u00a0o processo seletivo para resid\u00eancia m\u00e9dica do Albert Einstein de 2024 contar\u00e1 com duas fases avaliativas.<\/p>\n<p>&nbsp;<\/p>\n<h3><span class=\"ez-toc-section\" id=\"1a_Fase\"><\/span><strong>1\u00aa Fase<\/strong><span class=\"ez-toc-section-end\"><\/span><\/h3>\n<h4 id=\"h-prova-objetiva\" style=\"font-family: Poppins, sans-serif; color: #7a7a7a;\">Prova Objetiva<\/h4>\n<p>Com a aplica\u00e7\u00e3o no\u00a029 de outubro de 2023, a prova objetiva para resid\u00eancia m\u00e9dica do Einstein ter\u00e1 composi\u00e7\u00f5es diferentes a depender do programa escolhido, veja a seguir:<\/p>\n<p>&nbsp;<\/p>\n<p>Acesso Direto:\u00a075 quest\u00f5es de m\u00faltipla escolha divididas entre as 5 grandes \u00e1reas m\u00e9dicas e com 4 horas de dura\u00e7\u00e3o.<\/p>\n<p>&nbsp;<\/p>\n<p>Pr\u00e9-Requisito:\u00a050 quest\u00f5es de m\u00faltipla escolha de acordo com o pr\u00e9-requisito da especialidade escolhida e com dura\u00e7\u00e3o m\u00e1xima de 2 horas e 30 minutos.<\/p>\t\t\n\t\t\t\t\t\t\t\t\t\t\t\t\t\t\t\t<a href=\"https:\/\/www.grupomedcof.com.br\/hands-on-curso\/\" target=\"_blank\" rel=\"noopener\">\n\t\t\t\t\t\t\t<img loading=\"lazy\" decoding=\"async\" width=\"800\" height=\"101\" src=\"https:\/\/www.grupomedcof.com.br\/blog\/wp-content\/uploads\/2023\/08\/Blog-MedCof-2023-08-03T155030.071-1024x129.png\" alt=\"medcof residencia medica, curso Intensivo para Resid\u00eancia M\u00e9dica, curso para resid\u00eancia m\u00e9dica, medcof reta final dominada, reta final dominada, aulas medcof,\" srcset=\"https:\/\/www.grupomedcof.com.br\/blog\/wp-content\/uploads\/2023\/08\/Blog-MedCof-2023-08-03T155030.071-1024x129.png 1024w, https:\/\/www.grupomedcof.com.br\/blog\/wp-content\/uploads\/2023\/08\/Blog-MedCof-2023-08-03T155030.071-300x38.png 300w, https:\/\/www.grupomedcof.com.br\/blog\/wp-content\/uploads\/2023\/08\/Blog-MedCof-2023-08-03T155030.071-768x97.png 768w, https:\/\/www.grupomedcof.com.br\/blog\/wp-content\/uploads\/2023\/08\/Blog-MedCof-2023-08-03T155030.071-1536x193.png 1536w, https:\/\/www.grupomedcof.com.br\/blog\/wp-content\/uploads\/2023\/08\/Blog-MedCof-2023-08-03T155030.071-2048x258.png 2048w\" sizes=\"auto, (max-width: 800px) 100vw, 800px\" \/>\t\t\t\t\t\t\t\t<\/a>\n\t\t<h3 id=\"h-processo-seletivo-albert-einstein\" style=\"font-family: Poppins, sans-serif; color: #7a7a7a;\"><span class=\"ez-toc-section\" id=\"2a_fase\"><\/span><strong>2\u00aa fase<\/strong><span class=\"ez-toc-section-end\"><\/span><\/h3>\n<h4 id=\"h-prova-pratica\" style=\"font-family: Poppins, sans-serif; color: #7a7a7a;\"><strong>Prova Pr\u00e1tica<\/strong><\/h4>\n<p>Acesso Direto:\u00a0Abordando conte\u00fados das 5 grandes \u00e1reas m\u00e9dicas ser\u00e3o ao todo: 5 esta\u00e7\u00f5es cl\u00ednicas com 8 minutos cada e\u00a0 2 esta\u00e7\u00f5es de habilidades, procedimentos, diagn\u00f3sticos ou terap\u00eauticos, com 4 minutos cada.<\/p>\n<p>\u00a0<\/p>\n<p>Pr\u00e9-Requisito:\u00a0Com exce\u00e7\u00e3o do programa de Transplante de Medula \u00d3ssea, ser\u00e3o 5 esta\u00e7\u00f5es cl\u00ednicas com 8 minutos cada e 2 esta\u00e7\u00f5es de habilidades, procedimentos, diagn\u00f3sticos ou terap\u00eauticos, com 4 minutos cada.<\/p><h4 id=\"h-processo-seletivo-albert-einstein\" style=\"font-family: Poppins, sans-serif; color: #7a7a7a;\"><strong>An\u00e1lise Curricular<\/strong><\/h4>\n<p>Na segunda parte da segunda fase do processo seletivo do HIAE 2024, os candidatos ter\u00e3o os curr\u00edculos analisados. Dessa forma, os candidatos que obterem o<b> m\u00ednimo de 50 pontos na primeira fase,<\/b> receber\u00e3o um link por email, no qual dever\u00e1 ocorrer o envio <b>at\u00e9 o dia 08 de dezembro de 2023.<\/b><\/p>\n<p>&nbsp;<\/p>\n<p>Sendo assim, a banca avaliar\u00e1 os seguintes t\u00f3picos:<\/p>\n<figure>\n<table style=\"width: 800px;\">\n<thead>\n<tr>\n<th style=\"border-top-color: rgba(128, 128, 128, 0.5);\">Crit\u00e9rio Analisado<\/th>\n<th style=\"border-top-color: rgba(128, 128, 128, 0.5);\">Pontua\u00e7\u00e3o M\u00e1xima<\/th>\n<\/tr>\n<\/thead>\n<tbody>\n<tr>\n<td style=\"background-color: rgba(128, 128, 128, 0.07);\">Est\u00e1gios Acad\u00eamicos e Experi\u00eancia Cl\u00ednica<\/td>\n<td style=\"background-color: rgba(128, 128, 128, 0.07);\">30<\/td>\n<\/tr>\n<tr>\n<td>Produ\u00e7\u00e3o Cient\u00edfica<\/td>\n<td>40<\/td>\n<\/tr>\n<tr>\n<td style=\"background-color: rgba(128, 128, 128, 0.07);\">Atividades de Voluntariado<\/td>\n<td style=\"background-color: rgba(128, 128, 128, 0.07);\">30<\/td>\n<\/tr>\n<tr>\n<td>M\u00e1ximo de pontos<\/td>\n<td>100<\/td>\n<\/tr>\n<\/tbody>\n<\/table>\n<\/figure>\t\t\n\t\t\t\t\t\t\t\t\t\t\t\t\t\t\t\t<a href=\"https:\/\/open.spotify.com\/show\/3MyFcLlKhKequpHll6qpue?si=d0519b77e5c04e2d\" target=\"_blank\" rel=\"noopener\">\n\t\t\t\t\t\t\t<img loading=\"lazy\" decoding=\"async\" width=\"800\" height=\"135\" src=\"https:\/\/www.grupomedcof.com.br\/blog\/wp-content\/uploads\/2023\/08\/Blog-MedCof-2023-08-10T144038.525-1024x173.png\" alt=\"medcof, medcof academy, hiit medcof, medcof derma, medcof hiit, medcof extensivo, medcof revalida\" srcset=\"https:\/\/www.grupomedcof.com.br\/blog\/wp-content\/uploads\/2023\/08\/Blog-MedCof-2023-08-10T144038.525-1024x173.png 1024w, https:\/\/www.grupomedcof.com.br\/blog\/wp-content\/uploads\/2023\/08\/Blog-MedCof-2023-08-10T144038.525-300x51.png 300w, https:\/\/www.grupomedcof.com.br\/blog\/wp-content\/uploads\/2023\/08\/Blog-MedCof-2023-08-10T144038.525-768x130.png 768w, https:\/\/www.grupomedcof.com.br\/blog\/wp-content\/uploads\/2023\/08\/Blog-MedCof-2023-08-10T144038.525-1536x259.png 1536w, https:\/\/www.grupomedcof.com.br\/blog\/wp-content\/uploads\/2023\/08\/Blog-MedCof-2023-08-10T144038.525-2048x345.png 2048w\" sizes=\"auto, (max-width: 800px) 100vw, 800px\" \/>\t\t\t\t\t\t\t\t<\/a>\n\t\t<h2><span class=\"ez-toc-section\" id=\"Resultado_Einstein_20232024\"><\/span><strong>Resultado Einstein 2023\/2024<\/strong><span class=\"ez-toc-section-end\"><\/span><\/h2>\n<p>Por fim, ap\u00f3s os devidos prazos de publica\u00e7\u00e3o e interposi\u00e7\u00e3o dos recursos, a divulga\u00e7\u00e3o do resultado final juntamente com a convoca\u00e7\u00e3o para matr\u00edcula ocorrer\u00e1 no dia\u00a015 de janeiro de 2024.<\/p>\n<p>\u00a0<\/p>\n<p>Desse modo, para definir a classifica\u00e7\u00e3o os crit\u00e9rios ser\u00e3o:<\/p>\n<p>\u00a0<\/p>\n<p>C\u00e1lculo da nota por m\u00e9dia ponderada:\u00a0(Nota obtida na Prova Escrita Objetiva *0,5) + (Nota obtida na Prova Pr\u00e1tica *0,4) + (Nota obtida na An\u00e1lise de Curriculum Vitae *0,1) = Nota final do candidato habilitado<\/p>\n<p>\u00a0<\/p>\n<p><b>Em caso de Empate:<\/b><\/p>\n<p>1\u00ba Maior nota na Prova Pr\u00e1tica;<\/p>\n<p>2\u00ba Maior nota na an\u00e1lise de Curriculum Vitae;<br \/>3\u00ba Maior nota na Prova Escrita Objetiva (te\u00f3rica);<br \/>4\u00ba Maior idade, com privil\u00e9gio para o mais velho<\/p>\n\t\t<h2><span class=\"ez-toc-section\" id=\"Cronograma_Residencia_Medica_Einstein_20232024\"><\/span><strong>Cronograma Resid\u00eancia M\u00e9dica Einstein 2023\/2024<\/strong>&nbsp;<span class=\"ez-toc-section-end\"><\/span><\/h2>\t\t\n\t\t\t\t\t\t\t\t\t\t\t\t\t\t\t<img loading=\"lazy\" decoding=\"async\" width=\"800\" height=\"674\" src=\"https:\/\/www.grupomedcof.com.br\/blog\/wp-content\/uploads\/2023\/09\/Blog-MedCof-10-e1693921566614-1024x863.png\" alt=\"hospital albert einstein, HIAE 2023, HIAE 2024, edital einstein 2023, hiae residencia medica 2023, residencia medica albert einstein 2023, residencia albert einstein 2023, edital residencia einstein 2023, residencia einstein 2023, residencia medica einstein 2023, einstein residencia medica 2023, edital einstein residencia 2023, edital residencia medica einstein 2023\" srcset=\"https:\/\/www.grupomedcof.com.br\/blog\/wp-content\/uploads\/2023\/09\/Blog-MedCof-10-e1693921566614-1024x863.png 1024w, https:\/\/www.grupomedcof.com.br\/blog\/wp-content\/uploads\/2023\/09\/Blog-MedCof-10-e1693921566614-300x253.png 300w, https:\/\/www.grupomedcof.com.br\/blog\/wp-content\/uploads\/2023\/09\/Blog-MedCof-10-e1693921566614-768x648.png 768w, https:\/\/www.grupomedcof.com.br\/blog\/wp-content\/uploads\/2023\/09\/Blog-MedCof-10-e1693921566614-1536x1295.png 1536w, https:\/\/www.grupomedcof.com.br\/blog\/wp-content\/uploads\/2023\/09\/Blog-MedCof-10-e1693921566614.png 1703w\" sizes=\"auto, (max-width: 800px) 100vw, 800px\" \/>\t\t\t\t\t\t\t\t\t\t\t\t\t\t\t\n\t\t<h2 style=\"font-family: Poppins, sans-serif; color: #7a7a7a;\"><span class=\"ez-toc-section\" id=\"Prova_Pratica_Albert_Einstein_HIAE\"><\/span><strong>Prova Pr\u00e1tica Albert Einstein (HIAE)<\/strong><span class=\"ez-toc-section-end\"><\/span><\/h2>\n<p>Como dito anteriormente, o processo seletivo para resid\u00eancia m\u00e9dica do\u00a0Hospital Albert Einstein\u00a0conta tradicionalmente com a aplica\u00e7\u00e3o de uma prova pr\u00e1tica. Desse modo, al\u00e9m do que \u00e9 cobrado na primeira fase, voc\u00ea precisa saber\u00a0<a href=\"https:\/\/www.grupomedcof.com.br\/blog\/residencia-medica-provas-praticas\/\" target=\"_blank\" rel=\"noreferrer noopener\">o que o examinador espera de voc\u00ea<\/a>\u00a0durante a realiza\u00e7\u00e3o das esta\u00e7\u00f5es. Portanto, reunimos algumas\u00a0<a href=\"https:\/\/www.grupomedcof.com.br\/blog\/dicas-para-provas-praticas-de-residencia-medica\/\" target=\"_blank\" rel=\"noreferrer noopener\">dicas para prova\u00a0<\/a>que poder\u00e3o te ajudar na prepara\u00e7\u00e3o!<\/p>\t\t\n\t\t<h2 style=\"font-family: Poppins, sans-serif; color: #7a7a7a;\"><span class=\"ez-toc-section\" id=\"Raio-X_da_Prova_Pratica\"><\/span><strong>Raio-X da Prova Pr\u00e1tica<\/strong><span class=\"ez-toc-section-end\"><\/span><\/h2>\n<p>Al\u00e9m disso, foi pensando em<strong>\u00a0<a href=\"https:\/\/www.grupomedcof.com.br\/hands-on-curso\/\" target=\"_blank\" rel=\"noreferrer noopener\">garantir a sua\u00a0aprova\u00e7\u00e3o<\/a><\/strong>\u00a0que fizemos o\u00a0Raio-X da Prova Pr\u00e1tica, uma semana de lives em que traremos os nossos alunos aprovados nas principais resid\u00eancias que possuem provas pr\u00e1ticas em seus processos seletivos. No primeiro dia conversamos com as duas\u00a0alunas MedCoffers aprovadas na resid\u00eancia m\u00e9dica do Hospital Albert Einstein.<\/p>\t\t\n\t\t<div class=\"youtube-embed\" data-video_id=\"3X98o86LeWQ\"><iframe loading=\"lazy\" title=\"#1 Raio-X da Prova Pr\u00e1tica - Resid\u00eancia M\u00e9dica Albert Einstein (HIAE)\" width=\"696\" height=\"392\" src=\"https:\/\/www.youtube.com\/embed\/3X98o86LeWQ?feature=oembed&#038;enablejsapi=1\" frameborder=\"0\" allow=\"accelerometer; autoplay; clipboard-write; encrypted-media; gyroscope; picture-in-picture; web-share\" referrerpolicy=\"strict-origin-when-cross-origin\" allowfullscreen><\/iframe><\/div>","protected":false},"excerpt":{"rendered":"<p>A Funda\u00e7\u00e3o Carlos Chagas divulgou o edital para resid\u00eancia m\u00e9dica do Hospital Israelita Albert Einstein (HIAE) de 2023\/2024. <\/p>\n","protected":false},"author":6,"featured_media":12161,"comment_status":"open","ping_status":"open","sticky":false,"template":"","format":"standard","meta":{"footnotes":""},"categories":[10,174],"tags":[93,259,117,68],"ppma_author":[3609],"class_list":{"0":"post-12160","1":"post","2":"type-post","3":"status-publish","4":"format-standard","5":"has-post-thumbnail","7":"category-raio-x-editais","8":"category-residencia-medica","9":"tag-especialidades-medicas","10":"tag-hiae","11":"tag-provas-de-residencia","12":"tag-residencia-medica"},"yoast_head":"<!-- This site is optimized with the Yoast SEO Premium plugin v24.3 (Yoast SEO v27.4) - https:\/\/yoast.com\/product\/yoast-seo-premium-wordpress\/ -->\n<title>Edital Resid\u00eancia M\u00e9dica Einstein 2023\/2024 - Blog de Medcof: conte\u00fados, editais, revalida e mais!<\/title>\n<meta name=\"description\" content=\"A Funda\u00e7\u00e3o Carlos Chagas divulgou o edital para resid\u00eancia m\u00e9dica do Hospital Israelita Albert Einstein (HIAE) de 2023\/2024.\" \/>\n<meta name=\"robots\" content=\"index, follow, max-snippet:-1, max-image-preview:large, max-video-preview:-1\" \/>\n<link rel=\"canonical\" href=\"https:\/\/www.grupomedcof.com.br\/blog\/edital-residencia-medica-einstein-2023-2024\/\" \/>\n<meta property=\"og:locale\" content=\"pt_BR\" \/>\n<meta property=\"og:type\" content=\"article\" \/>\n<meta property=\"og:title\" content=\"Edital Resid\u00eancia M\u00e9dica Einstein 2023\/2024\" \/>\n<meta property=\"og:description\" content=\"A Funda\u00e7\u00e3o Carlos Chagas divulgou o edital para resid\u00eancia m\u00e9dica do Hospital Israelita Albert Einstein (HIAE) de 2023\/2024.\" \/>\n<meta property=\"og:url\" content=\"https:\/\/www.grupomedcof.com.br\/blog\/edital-residencia-medica-einstein-2023-2024\/\" \/>\n<meta property=\"og:site_name\" content=\"Blog de Medcof: conte\u00fados, editais, revalida e mais!\" \/>\n<meta property=\"article:publisher\" content=\"https:\/\/www.facebook.com\/MedCofQbank\/\" \/>\n<meta property=\"article:published_time\" content=\"2023-09-05T13:06:19+00:00\" \/>\n<meta property=\"og:image\" content=\"https:\/\/www.grupomedcof.com.br\/blog\/wp-content\/uploads\/2023\/09\/Blog-MedCof-9-1024x576.png\" \/>\n\t<meta property=\"og:image:width\" content=\"1024\" \/>\n\t<meta property=\"og:image:height\" content=\"576\" \/>\n\t<meta property=\"og:image:type\" content=\"image\/png\" \/>\n<meta name=\"author\" content=\"J\u00falia Moreira\" \/>\n<meta name=\"twitter:card\" content=\"summary_large_image\" \/>\n<meta name=\"twitter:label1\" content=\"Escrito por\" \/>\n\t<meta name=\"twitter:data1\" content=\"J\u00falia Moreira\" \/>\n\t<meta name=\"twitter:label2\" content=\"Est. tempo de leitura\" \/>\n\t<meta name=\"twitter:data2\" content=\"8 minutos\" \/>\n<script type=\"application\/ld+json\" class=\"yoast-schema-graph\">{\"@context\":\"https:\\\/\\\/schema.org\",\"@graph\":[{\"@type\":\"Article\",\"@id\":\"https:\\\/\\\/www.grupomedcof.com.br\\\/blog\\\/edital-residencia-medica-einstein-2023-2024\\\/#article\",\"isPartOf\":{\"@id\":\"https:\\\/\\\/www.grupomedcof.com.br\\\/blog\\\/edital-residencia-medica-einstein-2023-2024\\\/\"},\"author\":{\"name\":\"J\u00falia Moreira\",\"@id\":\"https:\\\/\\\/www.grupomedcof.com.br\\\/blog\\\/#\\\/schema\\\/person\\\/1375e0ce724529d7a1d8156ea7f8ceaa\"},\"headline\":\"Edital Resid\u00eancia M\u00e9dica Einstein 2023\\\/2024\",\"datePublished\":\"2023-09-05T13:06:19+00:00\",\"mainEntityOfPage\":{\"@id\":\"https:\\\/\\\/www.grupomedcof.com.br\\\/blog\\\/edital-residencia-medica-einstein-2023-2024\\\/\"},\"wordCount\":809,\"commentCount\":0,\"publisher\":{\"@id\":\"https:\\\/\\\/www.grupomedcof.com.br\\\/blog\\\/#organization\"},\"image\":{\"@id\":\"https:\\\/\\\/www.grupomedcof.com.br\\\/blog\\\/edital-residencia-medica-einstein-2023-2024\\\/#primaryimage\"},\"thumbnailUrl\":\"https:\\\/\\\/www.grupomedcof.com.br\\\/blog\\\/wp-content\\\/uploads\\\/2023\\\/09\\\/Blog-MedCof-9.png\",\"keywords\":[\"Especialidades m\u00e9dicas\",\"HIAE\",\"Provas de Resid\u00eancia\",\"Resid\u00eancia M\u00e9dica\"],\"articleSection\":[\"Raio-X Editais\",\"Resid\u00eancia m\u00e9dica: editais, resultados, temas quentes e mais\"],\"inLanguage\":\"pt-BR\"},{\"@type\":\"WebPage\",\"@id\":\"https:\\\/\\\/www.grupomedcof.com.br\\\/blog\\\/edital-residencia-medica-einstein-2023-2024\\\/\",\"url\":\"https:\\\/\\\/www.grupomedcof.com.br\\\/blog\\\/edital-residencia-medica-einstein-2023-2024\\\/\",\"name\":\"Edital Resid\u00eancia M\u00e9dica Einstein 2023\\\/2024 - Blog de Medcof: conte\u00fados, editais, revalida e mais!\",\"isPartOf\":{\"@id\":\"https:\\\/\\\/www.grupomedcof.com.br\\\/blog\\\/#website\"},\"primaryImageOfPage\":{\"@id\":\"https:\\\/\\\/www.grupomedcof.com.br\\\/blog\\\/edital-residencia-medica-einstein-2023-2024\\\/#primaryimage\"},\"image\":{\"@id\":\"https:\\\/\\\/www.grupomedcof.com.br\\\/blog\\\/edital-residencia-medica-einstein-2023-2024\\\/#primaryimage\"},\"thumbnailUrl\":\"https:\\\/\\\/www.grupomedcof.com.br\\\/blog\\\/wp-content\\\/uploads\\\/2023\\\/09\\\/Blog-MedCof-9.png\",\"datePublished\":\"2023-09-05T13:06:19+00:00\",\"description\":\"A Funda\u00e7\u00e3o Carlos Chagas divulgou o edital para resid\u00eancia m\u00e9dica do Hospital Israelita Albert Einstein (HIAE) de 2023\\\/2024.\",\"breadcrumb\":{\"@id\":\"https:\\\/\\\/www.grupomedcof.com.br\\\/blog\\\/edital-residencia-medica-einstein-2023-2024\\\/#breadcrumb\"},\"inLanguage\":\"pt-BR\",\"potentialAction\":[{\"@type\":\"ReadAction\",\"target\":[\"https:\\\/\\\/www.grupomedcof.com.br\\\/blog\\\/edital-residencia-medica-einstein-2023-2024\\\/\"]}]},{\"@type\":\"ImageObject\",\"inLanguage\":\"pt-BR\",\"@id\":\"https:\\\/\\\/www.grupomedcof.com.br\\\/blog\\\/edital-residencia-medica-einstein-2023-2024\\\/#primaryimage\",\"url\":\"https:\\\/\\\/www.grupomedcof.com.br\\\/blog\\\/wp-content\\\/uploads\\\/2023\\\/09\\\/Blog-MedCof-9.png\",\"contentUrl\":\"https:\\\/\\\/www.grupomedcof.com.br\\\/blog\\\/wp-content\\\/uploads\\\/2023\\\/09\\\/Blog-MedCof-9.png\",\"width\":2560,\"height\":1440,\"caption\":\"A Funda\u00e7\u00e3o Carlos Chagas divulgou o edital para resid\u00eancia m\u00e9dica do Hospital Israelita Albert Einstein (HIAE) de 2023\\\/2024.\"},{\"@type\":\"BreadcrumbList\",\"@id\":\"https:\\\/\\\/www.grupomedcof.com.br\\\/blog\\\/edital-residencia-medica-einstein-2023-2024\\\/#breadcrumb\",\"itemListElement\":[{\"@type\":\"ListItem\",\"position\":1,\"name\":\"In\u00edcio\",\"item\":\"https:\\\/\\\/www.grupomedcof.com.br\\\/blog\\\/\"},{\"@type\":\"ListItem\",\"position\":2,\"name\":\"Edital Resid\u00eancia M\u00e9dica Einstein 2023\\\/2024\"}]},{\"@type\":\"WebSite\",\"@id\":\"https:\\\/\\\/www.grupomedcof.com.br\\\/blog\\\/#website\",\"url\":\"https:\\\/\\\/www.grupomedcof.com.br\\\/blog\\\/\",\"name\":\"Blog de Medcof: conte\u00fados, editais, revalida e mais!\",\"description\":\"Acesso o blog de MedCof! Seu portal de conte\u00fados sobre resid\u00eancia m\u00e9dica, an\u00e1lise e editais e muito mais. Clique e confira!\",\"publisher\":{\"@id\":\"https:\\\/\\\/www.grupomedcof.com.br\\\/blog\\\/#organization\"},\"alternateName\":\"Blog de Medcof: conte\u00fados, editais, revalida e mais!\",\"potentialAction\":[{\"@type\":\"SearchAction\",\"target\":{\"@type\":\"EntryPoint\",\"urlTemplate\":\"https:\\\/\\\/www.grupomedcof.com.br\\\/blog\\\/?s={search_term_string}\"},\"query-input\":{\"@type\":\"PropertyValueSpecification\",\"valueRequired\":true,\"valueName\":\"search_term_string\"}}],\"inLanguage\":\"pt-BR\"},{\"@type\":\"Organization\",\"@id\":\"https:\\\/\\\/www.grupomedcof.com.br\\\/blog\\\/#organization\",\"name\":\"Grupo MedCof\",\"url\":\"https:\\\/\\\/www.grupomedcof.com.br\\\/blog\\\/\",\"logo\":{\"@type\":\"ImageObject\",\"inLanguage\":\"pt-BR\",\"@id\":\"https:\\\/\\\/www.grupomedcof.com.br\\\/blog\\\/#\\\/schema\\\/logo\\\/image\\\/\",\"url\":\"https:\\\/\\\/www.grupomedcof.com.br\\\/blog\\\/wp-content\\\/uploads\\\/2022\\\/01\\\/logo-medcof.png\",\"contentUrl\":\"https:\\\/\\\/www.grupomedcof.com.br\\\/blog\\\/wp-content\\\/uploads\\\/2022\\\/01\\\/logo-medcof.png\",\"width\":768,\"height\":269,\"caption\":\"Grupo MedCof\"},\"image\":{\"@id\":\"https:\\\/\\\/www.grupomedcof.com.br\\\/blog\\\/#\\\/schema\\\/logo\\\/image\\\/\"},\"sameAs\":[\"https:\\\/\\\/www.facebook.com\\\/MedCofQbank\\\/\",\"https:\\\/\\\/www.instagram.com\\\/grupomedcof\\\/\",\"https:\\\/\\\/br.linkedin.com\\\/company\\\/medcof\",\"https:\\\/\\\/www.youtube.com\\\/channel\\\/UCdHMuOHKICxcHwecxN8P-AA\"]},{\"@type\":\"Person\",\"@id\":\"https:\\\/\\\/www.grupomedcof.com.br\\\/blog\\\/#\\\/schema\\\/person\\\/1375e0ce724529d7a1d8156ea7f8ceaa\",\"name\":\"J\u00falia Moreira\",\"image\":{\"@type\":\"ImageObject\",\"inLanguage\":\"pt-BR\",\"@id\":\"https:\\\/\\\/www.grupomedcof.com.br\\\/blog\\\/wp-content\\\/uploads\\\/2024\\\/12\\\/cropped-Captura-de-tela-2023-12-15-094946-96x96.png6a0083ac34a0445de97d55fae63a4a41\",\"url\":\"https:\\\/\\\/www.grupomedcof.com.br\\\/blog\\\/wp-content\\\/uploads\\\/2024\\\/12\\\/cropped-Captura-de-tela-2023-12-15-094946-96x96.png\",\"contentUrl\":\"https:\\\/\\\/www.grupomedcof.com.br\\\/blog\\\/wp-content\\\/uploads\\\/2024\\\/12\\\/cropped-Captura-de-tela-2023-12-15-094946-96x96.png\",\"caption\":\"J\u00falia Moreira\"},\"description\":\"Estudante do 8\u00ba semestre de Jornalismo na ECA-USP, f\u00e3 de filmes de terror e m\u00fasica popular sul-coreana.\",\"sameAs\":[\"https:\\\/\\\/www.grupomedcof.com.br\\\/\"],\"url\":\"https:\\\/\\\/www.grupomedcof.com.br\\\/blog\\\/author\\\/julia\\\/\"}]}<\/script>\n<!-- \/ Yoast SEO Premium plugin. -->","yoast_head_json":{"title":"Edital Resid\u00eancia M\u00e9dica Einstein 2023\/2024 - Blog de Medcof: conte\u00fados, editais, revalida e mais!","description":"A Funda\u00e7\u00e3o Carlos Chagas divulgou o edital para resid\u00eancia m\u00e9dica do Hospital Israelita Albert Einstein (HIAE) de 2023\/2024.","robots":{"index":"index","follow":"follow","max-snippet":"max-snippet:-1","max-image-preview":"max-image-preview:large","max-video-preview":"max-video-preview:-1"},"canonical":"https:\/\/www.grupomedcof.com.br\/blog\/edital-residencia-medica-einstein-2023-2024\/","og_locale":"pt_BR","og_type":"article","og_title":"Edital Resid\u00eancia M\u00e9dica Einstein 2023\/2024","og_description":"A Funda\u00e7\u00e3o Carlos Chagas divulgou o edital para resid\u00eancia m\u00e9dica do Hospital Israelita Albert Einstein (HIAE) de 2023\/2024.","og_url":"https:\/\/www.grupomedcof.com.br\/blog\/edital-residencia-medica-einstein-2023-2024\/","og_site_name":"Blog de Medcof: conte\u00fados, editais, revalida e mais!","article_publisher":"https:\/\/www.facebook.com\/MedCofQbank\/","article_published_time":"2023-09-05T13:06:19+00:00","og_image":[{"width":1024,"height":576,"url":"https:\/\/www.grupomedcof.com.br\/blog\/wp-content\/uploads\/2023\/09\/Blog-MedCof-9-1024x576.png","type":"image\/png"}],"author":"J\u00falia Moreira","twitter_card":"summary_large_image","twitter_misc":{"Escrito por":"J\u00falia Moreira","Est. tempo de leitura":"8 minutos"},"schema":{"@context":"https:\/\/schema.org","@graph":[{"@type":"Article","@id":"https:\/\/www.grupomedcof.com.br\/blog\/edital-residencia-medica-einstein-2023-2024\/#article","isPartOf":{"@id":"https:\/\/www.grupomedcof.com.br\/blog\/edital-residencia-medica-einstein-2023-2024\/"},"author":{"name":"J\u00falia Moreira","@id":"https:\/\/www.grupomedcof.com.br\/blog\/#\/schema\/person\/1375e0ce724529d7a1d8156ea7f8ceaa"},"headline":"Edital Resid\u00eancia M\u00e9dica Einstein 2023\/2024","datePublished":"2023-09-05T13:06:19+00:00","mainEntityOfPage":{"@id":"https:\/\/www.grupomedcof.com.br\/blog\/edital-residencia-medica-einstein-2023-2024\/"},"wordCount":809,"commentCount":0,"publisher":{"@id":"https:\/\/www.grupomedcof.com.br\/blog\/#organization"},"image":{"@id":"https:\/\/www.grupomedcof.com.br\/blog\/edital-residencia-medica-einstein-2023-2024\/#primaryimage"},"thumbnailUrl":"https:\/\/www.grupomedcof.com.br\/blog\/wp-content\/uploads\/2023\/09\/Blog-MedCof-9.png","keywords":["Especialidades m\u00e9dicas","HIAE","Provas de Resid\u00eancia","Resid\u00eancia M\u00e9dica"],"articleSection":["Raio-X Editais","Resid\u00eancia m\u00e9dica: editais, resultados, temas quentes e mais"],"inLanguage":"pt-BR"},{"@type":"WebPage","@id":"https:\/\/www.grupomedcof.com.br\/blog\/edital-residencia-medica-einstein-2023-2024\/","url":"https:\/\/www.grupomedcof.com.br\/blog\/edital-residencia-medica-einstein-2023-2024\/","name":"Edital Resid\u00eancia M\u00e9dica Einstein 2023\/2024 - Blog de Medcof: conte\u00fados, editais, revalida e mais!","isPartOf":{"@id":"https:\/\/www.grupomedcof.com.br\/blog\/#website"},"primaryImageOfPage":{"@id":"https:\/\/www.grupomedcof.com.br\/blog\/edital-residencia-medica-einstein-2023-2024\/#primaryimage"},"image":{"@id":"https:\/\/www.grupomedcof.com.br\/blog\/edital-residencia-medica-einstein-2023-2024\/#primaryimage"},"thumbnailUrl":"https:\/\/www.grupomedcof.com.br\/blog\/wp-content\/uploads\/2023\/09\/Blog-MedCof-9.png","datePublished":"2023-09-05T13:06:19+00:00","description":"A Funda\u00e7\u00e3o Carlos Chagas divulgou o edital para resid\u00eancia m\u00e9dica do Hospital Israelita Albert Einstein (HIAE) de 2023\/2024.","breadcrumb":{"@id":"https:\/\/www.grupomedcof.com.br\/blog\/edital-residencia-medica-einstein-2023-2024\/#breadcrumb"},"inLanguage":"pt-BR","potentialAction":[{"@type":"ReadAction","target":["https:\/\/www.grupomedcof.com.br\/blog\/edital-residencia-medica-einstein-2023-2024\/"]}]},{"@type":"ImageObject","inLanguage":"pt-BR","@id":"https:\/\/www.grupomedcof.com.br\/blog\/edital-residencia-medica-einstein-2023-2024\/#primaryimage","url":"https:\/\/www.grupomedcof.com.br\/blog\/wp-content\/uploads\/2023\/09\/Blog-MedCof-9.png","contentUrl":"https:\/\/www.grupomedcof.com.br\/blog\/wp-content\/uploads\/2023\/09\/Blog-MedCof-9.png","width":2560,"height":1440,"caption":"A Funda\u00e7\u00e3o Carlos Chagas divulgou o edital para resid\u00eancia m\u00e9dica do Hospital Israelita Albert Einstein (HIAE) de 2023\/2024."},{"@type":"BreadcrumbList","@id":"https:\/\/www.grupomedcof.com.br\/blog\/edital-residencia-medica-einstein-2023-2024\/#breadcrumb","itemListElement":[{"@type":"ListItem","position":1,"name":"In\u00edcio","item":"https:\/\/www.grupomedcof.com.br\/blog\/"},{"@type":"ListItem","position":2,"name":"Edital Resid\u00eancia M\u00e9dica Einstein 2023\/2024"}]},{"@type":"WebSite","@id":"https:\/\/www.grupomedcof.com.br\/blog\/#website","url":"https:\/\/www.grupomedcof.com.br\/blog\/","name":"Blog de Medcof: conte\u00fados, editais, revalida e mais!","description":"Acesso o blog de MedCof! Seu portal de conte\u00fados sobre resid\u00eancia m\u00e9dica, an\u00e1lise e editais e muito mais. Clique e confira!","publisher":{"@id":"https:\/\/www.grupomedcof.com.br\/blog\/#organization"},"alternateName":"Blog de Medcof: conte\u00fados, editais, revalida e mais!","potentialAction":[{"@type":"SearchAction","target":{"@type":"EntryPoint","urlTemplate":"https:\/\/www.grupomedcof.com.br\/blog\/?s={search_term_string}"},"query-input":{"@type":"PropertyValueSpecification","valueRequired":true,"valueName":"search_term_string"}}],"inLanguage":"pt-BR"},{"@type":"Organization","@id":"https:\/\/www.grupomedcof.com.br\/blog\/#organization","name":"Grupo MedCof","url":"https:\/\/www.grupomedcof.com.br\/blog\/","logo":{"@type":"ImageObject","inLanguage":"pt-BR","@id":"https:\/\/www.grupomedcof.com.br\/blog\/#\/schema\/logo\/image\/","url":"https:\/\/www.grupomedcof.com.br\/blog\/wp-content\/uploads\/2022\/01\/logo-medcof.png","contentUrl":"https:\/\/www.grupomedcof.com.br\/blog\/wp-content\/uploads\/2022\/01\/logo-medcof.png","width":768,"height":269,"caption":"Grupo MedCof"},"image":{"@id":"https:\/\/www.grupomedcof.com.br\/blog\/#\/schema\/logo\/image\/"},"sameAs":["https:\/\/www.facebook.com\/MedCofQbank\/","https:\/\/www.instagram.com\/grupomedcof\/","https:\/\/br.linkedin.com\/company\/medcof","https:\/\/www.youtube.com\/channel\/UCdHMuOHKICxcHwecxN8P-AA"]},{"@type":"Person","@id":"https:\/\/www.grupomedcof.com.br\/blog\/#\/schema\/person\/1375e0ce724529d7a1d8156ea7f8ceaa","name":"J\u00falia Moreira","image":{"@type":"ImageObject","inLanguage":"pt-BR","@id":"https:\/\/www.grupomedcof.com.br\/blog\/wp-content\/uploads\/2024\/12\/cropped-Captura-de-tela-2023-12-15-094946-96x96.png6a0083ac34a0445de97d55fae63a4a41","url":"https:\/\/www.grupomedcof.com.br\/blog\/wp-content\/uploads\/2024\/12\/cropped-Captura-de-tela-2023-12-15-094946-96x96.png","contentUrl":"https:\/\/www.grupomedcof.com.br\/blog\/wp-content\/uploads\/2024\/12\/cropped-Captura-de-tela-2023-12-15-094946-96x96.png","caption":"J\u00falia Moreira"},"description":"Estudante do 8\u00ba semestre de Jornalismo na ECA-USP, f\u00e3 de filmes de terror e m\u00fasica popular sul-coreana.","sameAs":["https:\/\/www.grupomedcof.com.br\/"],"url":"https:\/\/www.grupomedcof.com.br\/blog\/author\/julia\/"}]}},"authors":[{"term_id":3609,"user_id":6,"is_guest":0,"slug":"julia","display_name":"J\u00falia Moreira","avatar_url":"https:\/\/www.grupomedcof.com.br\/blog\/wp-content\/uploads\/2024\/12\/cropped-Captura-de-tela-2023-12-15-094946-96x96.png","0":null,"1":"","2":"","3":"","4":"","5":"","6":"","7":"","8":""}],"_links":{"self":[{"href":"https:\/\/www.grupomedcof.com.br\/blog\/wp-json\/wp\/v2\/posts\/12160","targetHints":{"allow":["GET"]}}],"collection":[{"href":"https:\/\/www.grupomedcof.com.br\/blog\/wp-json\/wp\/v2\/posts"}],"about":[{"href":"https:\/\/www.grupomedcof.com.br\/blog\/wp-json\/wp\/v2\/types\/post"}],"author":[{"embeddable":true,"href":"https:\/\/www.grupomedcof.com.br\/blog\/wp-json\/wp\/v2\/users\/6"}],"replies":[{"embeddable":true,"href":"https:\/\/www.grupomedcof.com.br\/blog\/wp-json\/wp\/v2\/comments?post=12160"}],"version-history":[{"count":0,"href":"https:\/\/www.grupomedcof.com.br\/blog\/wp-json\/wp\/v2\/posts\/12160\/revisions"}],"wp:featuredmedia":[{"embeddable":true,"href":"https:\/\/www.grupomedcof.com.br\/blog\/wp-json\/wp\/v2\/media\/12161"}],"wp:attachment":[{"href":"https:\/\/www.grupomedcof.com.br\/blog\/wp-json\/wp\/v2\/media?parent=12160"}],"wp:term":[{"taxonomy":"category","embeddable":true,"href":"https:\/\/www.grupomedcof.com.br\/blog\/wp-json\/wp\/v2\/categories?post=12160"},{"taxonomy":"post_tag","embeddable":true,"href":"https:\/\/www.grupomedcof.com.br\/blog\/wp-json\/wp\/v2\/tags?post=12160"},{"taxonomy":"author","embeddable":true,"href":"https:\/\/www.grupomedcof.com.br\/blog\/wp-json\/wp\/v2\/ppma_author?post=12160"}],"curies":[{"name":"wp","href":"https:\/\/api.w.org\/{rel}","templated":true}]}}