{"id":12304,"date":"2026-01-27T08:46:20","date_gmt":"2026-01-27T11:46:20","guid":{"rendered":"https:\/\/www.grupomedcof.com.br\/blog\/?p=12304"},"modified":"2026-02-05T15:41:02","modified_gmt":"2026-02-05T18:41:02","slug":"edital-residencia-medica-ipsemg","status":"publish","type":"post","link":"https:\/\/www.grupomedcof.com.br\/blog\/edital-residencia-medica-ipsemg\/","title":{"rendered":"Resid\u00eancia M\u00e9dica IPSEMG 2025\/2026: veja o resultado final da sele\u00e7\u00e3o!"},"content":{"rendered":"<div id=\"ez-toc-container\" class=\"ez-toc-v2_0_74 counter-hierarchy ez-toc-counter ez-toc-transparent ez-toc-container-direction\">\n<div class=\"ez-toc-title-container\">\n<p class=\"ez-toc-title\" style=\"cursor:inherit\">Sum\u00e1rio<\/p>\n<span class=\"ez-toc-title-toggle\"><a href=\"#\" class=\"ez-toc-pull-right ez-toc-btn ez-toc-btn-xs ez-toc-btn-default ez-toc-toggle\" aria-label=\"Alternar tabela de conte\u00fado\"><span class=\"ez-toc-js-icon-con\"><span class=\"\"><span class=\"eztoc-hide\" style=\"display:none;\">Toggle<\/span><span class=\"ez-toc-icon-toggle-span\"><svg style=\"fill: #999;color:#999\" xmlns=\"http:\/\/www.w3.org\/2000\/svg\" class=\"list-377408\" width=\"20px\" height=\"20px\" viewBox=\"0 0 24 24\" fill=\"none\"><path d=\"M6 6H4v2h2V6zm14 0H8v2h12V6zM4 11h2v2H4v-2zm16 0H8v2h12v-2zM4 16h2v2H4v-2zm16 0H8v2h12v-2z\" fill=\"currentColor\"><\/path><\/svg><svg style=\"fill: #999;color:#999\" class=\"arrow-unsorted-368013\" xmlns=\"http:\/\/www.w3.org\/2000\/svg\" width=\"10px\" height=\"10px\" viewBox=\"0 0 24 24\" version=\"1.2\" baseProfile=\"tiny\"><path d=\"M18.2 9.3l-6.2-6.3-6.2 6.3c-.2.2-.3.4-.3.7s.1.5.3.7c.2.2.4.3.7.3h11c.3 0 .5-.1.7-.3.2-.2.3-.5.3-.7s-.1-.5-.3-.7zM5.8 14.7l6.2 6.3 6.2-6.3c.2-.2.3-.5.3-.7s-.1-.5-.3-.7c-.2-.2-.4-.3-.7-.3h-11c-.3 0-.5.1-.7.3-.2.2-.3.5-.3.7s.1.5.3.7z\"\/><\/svg><\/span><\/span><\/span><\/a><\/span><\/div>\n<nav><ul class='ez-toc-list ez-toc-list-level-1 ' ><li class='ez-toc-page-1 ez-toc-heading-level-2'><a class=\"ez-toc-link ez-toc-heading-1\" href=\"https:\/\/www.grupomedcof.com.br\/blog\/edital-residencia-medica-ipsemg\/#Sobre_o_IPSEMG\" >Sobre o IPSEMG<\/a><\/li><li class='ez-toc-page-1 ez-toc-heading-level-2'><a class=\"ez-toc-link ez-toc-heading-2\" href=\"https:\/\/www.grupomedcof.com.br\/blog\/edital-residencia-medica-ipsemg\/#Criterios_de_selecao_e_etapas\" >Crit\u00e9rios de sele\u00e7\u00e3o e etapas<\/a><ul class='ez-toc-list-level-3' ><li class='ez-toc-heading-level-3'><a class=\"ez-toc-link ez-toc-heading-3\" href=\"https:\/\/www.grupomedcof.com.br\/blog\/edital-residencia-medica-ipsemg\/#Inscricoes\" >Inscri\u00e7\u00f5es<\/a><\/li><li class='ez-toc-page-1 ez-toc-heading-level-3'><a class=\"ez-toc-link ez-toc-heading-4\" href=\"https:\/\/www.grupomedcof.com.br\/blog\/edital-residencia-medica-ipsemg\/#Prova_objetiva\" >Prova objetiva<\/a><\/li><li class='ez-toc-page-1 ez-toc-heading-level-3'><a class=\"ez-toc-link ez-toc-heading-5\" href=\"https:\/\/www.grupomedcof.com.br\/blog\/edital-residencia-medica-ipsemg\/#Analise_curricular\" >An\u00e1lise curricular<\/a><\/li><\/ul><\/li><li class='ez-toc-page-1 ez-toc-heading-level-2'><a class=\"ez-toc-link ez-toc-heading-6\" href=\"https:\/\/www.grupomedcof.com.br\/blog\/edital-residencia-medica-ipsemg\/#Vagas_disponiveis\" >Vagas dispon\u00edveis<\/a><ul class='ez-toc-list-level-3' ><li class='ez-toc-heading-level-3'><a class=\"ez-toc-link ez-toc-heading-7\" href=\"https:\/\/www.grupomedcof.com.br\/blog\/edital-residencia-medica-ipsemg\/#Acesso_Direto\" >Acesso Direto<\/a><\/li><li class='ez-toc-page-1 ez-toc-heading-level-3'><a class=\"ez-toc-link ez-toc-heading-8\" href=\"https:\/\/www.grupomedcof.com.br\/blog\/edital-residencia-medica-ipsemg\/#Pre-Requisito\" >Pr\u00e9-Requisito<\/a><\/li><\/ul><\/li><li class='ez-toc-page-1 ez-toc-heading-level-2'><a class=\"ez-toc-link ez-toc-heading-9\" href=\"https:\/\/www.grupomedcof.com.br\/blog\/edital-residencia-medica-ipsemg\/#Concorrencia_IPSEMG_20252026\" >Concorr\u00eancia IPSEMG 2025\/2026<\/a><ul class='ez-toc-list-level-3' ><li class='ez-toc-heading-level-3'><a class=\"ez-toc-link ez-toc-heading-10\" href=\"https:\/\/www.grupomedcof.com.br\/blog\/edital-residencia-medica-ipsemg\/#Acesso_Direto-2\" >Acesso Direto<\/a><\/li><li class='ez-toc-page-1 ez-toc-heading-level-3'><a class=\"ez-toc-link ez-toc-heading-11\" href=\"https:\/\/www.grupomedcof.com.br\/blog\/edital-residencia-medica-ipsemg\/#Pre-Requisito-2\" >Pr\u00e9-Requisito<\/a><\/li><\/ul><\/li><li class='ez-toc-page-1 ez-toc-heading-level-2'><a class=\"ez-toc-link ez-toc-heading-12\" href=\"https:\/\/www.grupomedcof.com.br\/blog\/edital-residencia-medica-ipsemg\/#Cronograma_IPSEMG_20252026\" >Cronograma IPSEMG 2025\/2026<\/a><\/li><li class='ez-toc-page-1 ez-toc-heading-level-2'><a class=\"ez-toc-link ez-toc-heading-13\" href=\"https:\/\/www.grupomedcof.com.br\/blog\/edital-residencia-medica-ipsemg\/#Edital_IPSEMG_2026\" >Edital IPSEMG 2026<\/a><\/li><li class='ez-toc-page-1 ez-toc-heading-level-2'><a class=\"ez-toc-link ez-toc-heading-14\" href=\"https:\/\/www.grupomedcof.com.br\/blog\/edital-residencia-medica-ipsemg\/#Resultado_Final_Prova_Objetiva_IPSEMG_2026\" >Resultado Final Prova Objetiva IPSEMG 2026<\/a><\/li><li class='ez-toc-page-1 ez-toc-heading-level-2'><a class=\"ez-toc-link ez-toc-heading-15\" href=\"https:\/\/www.grupomedcof.com.br\/blog\/edital-residencia-medica-ipsemg\/#Resultado_Final_IPSEMG_2026\" >Resultado Final IPSEMG 2026<\/a><\/li><li class='ez-toc-page-1 ez-toc-heading-level-2'><a class=\"ez-toc-link ez-toc-heading-16\" href=\"https:\/\/www.grupomedcof.com.br\/blog\/edital-residencia-medica-ipsemg\/#Seja_um_MedCofer\" >Seja um MedCofer!<\/a><\/li><\/ul><\/nav><\/div>\n\n<figure class=\"wp-block-image size-large\"><img loading=\"lazy\" decoding=\"async\" width=\"1024\" height=\"576\" src=\"https:\/\/www.grupomedcof.com.br\/blog\/wp-content\/uploads\/2023\/09\/Modelo-instituicoes-2024-09-04T160045.827-1024x576.png\" alt=\"\" class=\"wp-image-29524\" srcset=\"https:\/\/www.grupomedcof.com.br\/blog\/wp-content\/uploads\/2023\/09\/Modelo-instituicoes-2024-09-04T160045.827-1024x576.png 1024w, https:\/\/www.grupomedcof.com.br\/blog\/wp-content\/uploads\/2023\/09\/Modelo-instituicoes-2024-09-04T160045.827-300x169.png 300w, https:\/\/www.grupomedcof.com.br\/blog\/wp-content\/uploads\/2023\/09\/Modelo-instituicoes-2024-09-04T160045.827-768x432.png 768w, https:\/\/www.grupomedcof.com.br\/blog\/wp-content\/uploads\/2023\/09\/Modelo-instituicoes-2024-09-04T160045.827-1536x864.png 1536w, https:\/\/www.grupomedcof.com.br\/blog\/wp-content\/uploads\/2023\/09\/Modelo-instituicoes-2024-09-04T160045.827-2048x1152.png 2048w, https:\/\/www.grupomedcof.com.br\/blog\/wp-content\/uploads\/2023\/09\/Modelo-instituicoes-2024-09-04T160045.827-747x420.png 747w, https:\/\/www.grupomedcof.com.br\/blog\/wp-content\/uploads\/2023\/09\/Modelo-instituicoes-2024-09-04T160045.827-150x84.png 150w, https:\/\/www.grupomedcof.com.br\/blog\/wp-content\/uploads\/2023\/09\/Modelo-instituicoes-2024-09-04T160045.827-696x392.png 696w, https:\/\/www.grupomedcof.com.br\/blog\/wp-content\/uploads\/2023\/09\/Modelo-instituicoes-2024-09-04T160045.827-1068x601.png 1068w, https:\/\/www.grupomedcof.com.br\/blog\/wp-content\/uploads\/2023\/09\/Modelo-instituicoes-2024-09-04T160045.827-1920x1080.png 1920w\" sizes=\"auto, (max-width: 1024px) 100vw, 1024px\" \/><\/figure>\n\n\n\n<p>Confira as informa\u00e7\u00f5es do edital de 2025\/2026 do <strong>Instituto de Previd\u00eancia dos Servidores do Estado de Minas Gerais<\/strong> (IPSEMG): vagas, cronograma, processo seletivo e mais!<\/p>\n\n\n\n<h2 class=\"wp-block-heading\" id=\"h-sobre-o-ipsemg\"><span class=\"ez-toc-section\" id=\"Sobre_o_IPSEMG\"><\/span><strong>Sobre o IPSEMG<\/strong><span class=\"ez-toc-section-end\"><\/span><\/h2>\n\n\n\n<p>O<strong> <\/strong><a href=\"https:\/\/www.ipsemg.mg.gov.br\/paginas\/institucional\"><strong>IPSEMG<\/strong> <\/a>\u00e9 um instituto atuante como \u00f3rg\u00e3o respons\u00e1vel pelo amplo atendimento da sa\u00fade de seus benefici\u00e1rios, al\u00e9m da administra\u00e7\u00e3o da previd\u00eancia do servidor do estado de Minas Gerais.<\/p>\n\n\n\n<p>Possui como principal direcionamento a aten\u00e7\u00e3o \u00e0 sa\u00fade por meio de uma assist\u00eancia hospitalar, ambulatorial e odontol\u00f3gica, abrangendo todos os componentes nestes quesitos.<\/p>\n\n\n\n<h2 class=\"wp-block-heading\" id=\"h-criterios-de-selecao-e-etapas\"><span class=\"ez-toc-section\" id=\"Criterios_de_selecao_e_etapas\"><\/span><strong>Crit\u00e9rios de sele\u00e7\u00e3o e etapas<\/strong><span class=\"ez-toc-section-end\"><\/span><\/h2>\n\n\n\n<h3 class=\"wp-block-heading\" id=\"h-inscricoes\"><span class=\"ez-toc-section\" id=\"Inscricoes\"><\/span><strong>Inscri\u00e7\u00f5es<\/strong><span class=\"ez-toc-section-end\"><\/span><\/h3>\n\n\n\n<p>As inscri\u00e7\u00f5es <strong>estiveram abertas entre os dias 19 de setembro e 6 de novembro de 2025<\/strong>. Aqueles que desejaram participar, para efetivar assim a presen\u00e7a no processo seletivo, tiveram de pagar a taxa no valor de <strong>R$220,00<\/strong> at\u00e9 o dia 07 de novembro.<\/p>\n\n\n\n<p>As inscri\u00e7\u00f5es precisaram ser feitas, exclusivamente, de forma <em>online <\/em>por meio do <a href=\"http:\/\/www.access.org.br\/\">site da institui\u00e7\u00e3o<\/a>.<\/p>\n\n\n\n<h3 class=\"wp-block-heading\" id=\"h-prova-objetiva\"><span class=\"ez-toc-section\" id=\"Prova_objetiva\"><\/span><strong>Prova objetiva<\/strong><span class=\"ez-toc-section-end\"><\/span><\/h3>\n\n\n\n<p>Com a pontua\u00e7\u00e3o m\u00e1xima estabelecida em <strong>90 pontos<\/strong>, a <strong>prova objetiva<\/strong> foi aplicada no dia <strong>07 de dezembro de 2025<\/strong>.<\/p>\n\n\n\n<p>Os candidatos que selecionaram os programas de <strong>acesso direto<\/strong>, contaram com<strong> 100 quest\u00f5es de m\u00faltipla escolha <\/strong>ao todo, sendo estas distribu\u00eddas em temas das cinco grandes \u00e1reas m\u00e9dicas (<strong>Cirurgia Geral, Cl\u00ednica M\u00e9dica, Ginecologia e Obstetr\u00edcia, Medicina Preventiva e&nbsp;Pediatria<\/strong>).<\/p>\n\n\n\n<p>Para aqueles que selecionaram os programas de entrada com <strong>pr\u00e9-requisito<\/strong>, foram estabelecidas <strong>50 quest\u00f5es de m\u00faltipla escolha<\/strong>, abrangendo temas referentes \u00e0 especialidade escolhida.<\/p>\n\n\n\n<h3 class=\"wp-block-heading\" id=\"h-analise-curricular\"><span class=\"ez-toc-section\" id=\"Analise_curricular\"><\/span><strong>An\u00e1lise curricular<\/strong><span class=\"ez-toc-section-end\"><\/span><\/h3>\n\n\n\n<p>A segunda etapa do processo seletivo contabiliza <strong>10 pontos<\/strong> no total, complementando assim 100 pontos juntamente com a prova objetiva.<\/p>\n\n\n\n<p>Ser\u00e3o analisados somente os documentos dos candidatos que obtiveram uma pontua\u00e7\u00e3o suficiente na primeira fase do processo seletivo da IPSEMG, ou seja, aqueles que acertarem 50% da prova objetiva.<\/p>\n\n\n\n<p>Para a realiza\u00e7\u00e3o desta fase, os participantes precisaram enviar toda a documenta\u00e7\u00e3o exigida no per\u00edodo de inscri\u00e7\u00e3o do exame.<\/p>\n\n\n\n<h2 class=\"wp-block-heading\" id=\"h-vagas-disponiveis\"><span class=\"ez-toc-section\" id=\"Vagas_disponiveis\"><\/span><strong>Vagas dispon\u00edveis<\/strong><span class=\"ez-toc-section-end\"><\/span><\/h2>\n\n\n\n<p>Ao todo, a IPSEMG ofertou <strong>88 vagas<\/strong>. Confira:<\/p>\n\n\n\n<h3 class=\"wp-block-heading\" id=\"h-acesso-direto\"><span class=\"ez-toc-section\" id=\"Acesso_Direto\"><\/span><strong>Acesso Direto<\/strong><span class=\"ez-toc-section-end\"><\/span><\/h3>\n\n\n\n<figure class=\"wp-block-table\"><table class=\"has-fixed-layout\"><thead><tr><th><strong>Especialidade<\/strong>s<\/th><th><strong>Vagas<\/strong><\/th><\/tr><\/thead><tbody><tr><td>Anestesiologia<\/td><td>6<\/td><\/tr><tr><td>Cirurgia Geral<\/td><td>4<\/td><\/tr><tr><td>Cl\u00ednica M\u00e9dica<\/td><td>12<\/td><\/tr><tr><td>Ginecologia e Obstetr\u00edcia<\/td><td>6<\/td><\/tr><tr><td>Neurocirurgia<\/td><td>1<\/td><\/tr><tr><td>Neurologia<\/td><td>4<\/td><\/tr><tr><td>Oftalmologia<\/td><td>4<\/td><\/tr><tr><td>Ortopedia e Traumatologia<\/td><td>4<\/td><\/tr><tr><td>Otorrinolaringologia<\/td><td>1<\/td><\/tr><tr><td>Pediatria*<\/td><td>7<\/td><\/tr><tr><td>Psiquiatria<\/td><td>7<\/td><\/tr><tr><td>Radiologia e Diagn\u00f3stico por Imagem<\/td><td>2<\/td><\/tr><\/tbody><\/table><\/figure>\n\n\n\n<h3 class=\"wp-block-heading\" id=\"h-pre-requisito\"><span class=\"ez-toc-section\" id=\"Pre-Requisito\"><\/span><strong>Pr\u00e9-Requisito<\/strong><span class=\"ez-toc-section-end\"><\/span><\/h3>\n\n\n\n<figure class=\"wp-block-table\"><table class=\"has-fixed-layout\"><thead><tr><th><strong>Especialidade<\/strong>s<\/th><th><strong>Vagas<\/strong><\/th><\/tr><\/thead><tbody><tr><td>Cardiologia<\/td><td>2<\/td><\/tr><tr><td>Cirurgia do Aparelho Digestivo<\/td><td>2<\/td><\/tr><tr><td>Cirurgia Pl\u00e1stica<\/td><td>1<\/td><\/tr><tr><td>Cirurgia Tor\u00e1cica<\/td><td>1<\/td><\/tr><tr><td>Cirurgia Vascular<\/td><td>3<\/td><\/tr><tr><td>Coloproctologia<\/td><td>1<\/td><\/tr><tr><td>Ecocardiografia<\/td><td>1<\/td><\/tr><tr><td>Endocrinologia e Metabologia<\/td><td>2<\/td><\/tr><tr><td>Endoscopia Respirat\u00f3ria<\/td><td>1<\/td><\/tr><tr><td>Gastroenterologia<\/td><td>3<\/td><\/tr><tr><td>Geriatria<\/td><td>3<\/td><\/tr><tr><td>Mastologia<\/td><td>2<\/td><\/tr><tr><td>Medicina Intensiva Pedi\u00e1trica<\/td><td>1<\/td><\/tr><tr><td>Nefrologia<\/td><td>1<\/td><\/tr><tr><td>Nutrologia<\/td><td>2<\/td><\/tr><tr><td>Reumatologia<\/td><td>2<\/td><\/tr><tr><td>Urologia<\/td><td>2<\/td><\/tr><\/tbody><\/table><\/figure>\n\n\n\n<figure class=\"wp-block-image size-large\"><a href=\"https:\/\/www.grupomedcof.com.br\/cofletters\/\" target=\"_blank\" rel=\" noreferrer noopener\"><img loading=\"lazy\" decoding=\"async\" width=\"1024\" height=\"366\" src=\"https:\/\/www.grupomedcof.com.br\/blog\/wp-content\/uploads\/2024\/08\/Capa-Eventos-MedCof-Plus-14-4-1024x366.png\" alt=\"\" class=\"wp-image-29290\" srcset=\"https:\/\/www.grupomedcof.com.br\/blog\/wp-content\/uploads\/2024\/08\/Capa-Eventos-MedCof-Plus-14-4-1024x366.png 1024w, https:\/\/www.grupomedcof.com.br\/blog\/wp-content\/uploads\/2024\/08\/Capa-Eventos-MedCof-Plus-14-4-300x107.png 300w, https:\/\/www.grupomedcof.com.br\/blog\/wp-content\/uploads\/2024\/08\/Capa-Eventos-MedCof-Plus-14-4-768x275.png 768w, https:\/\/www.grupomedcof.com.br\/blog\/wp-content\/uploads\/2024\/08\/Capa-Eventos-MedCof-Plus-14-4-1536x549.png 1536w, https:\/\/www.grupomedcof.com.br\/blog\/wp-content\/uploads\/2024\/08\/Capa-Eventos-MedCof-Plus-14-4-2048x732.png 2048w, https:\/\/www.grupomedcof.com.br\/blog\/wp-content\/uploads\/2024\/08\/Capa-Eventos-MedCof-Plus-14-4-1174x420.png 1174w, https:\/\/www.grupomedcof.com.br\/blog\/wp-content\/uploads\/2024\/08\/Capa-Eventos-MedCof-Plus-14-4-150x54.png 150w, https:\/\/www.grupomedcof.com.br\/blog\/wp-content\/uploads\/2024\/08\/Capa-Eventos-MedCof-Plus-14-4-696x249.png 696w, https:\/\/www.grupomedcof.com.br\/blog\/wp-content\/uploads\/2024\/08\/Capa-Eventos-MedCof-Plus-14-4-1068x382.png 1068w, https:\/\/www.grupomedcof.com.br\/blog\/wp-content\/uploads\/2024\/08\/Capa-Eventos-MedCof-Plus-14-4-1920x687.png 1920w\" sizes=\"auto, (max-width: 1024px) 100vw, 1024px\" \/><\/a><\/figure>\n\n\n\n<h2 class=\"wp-block-heading\" id=\"h-concorrencia-ipsemg-2025-2026\"><span class=\"ez-toc-section\" id=\"Concorrencia_IPSEMG_20252026\"><\/span><strong>Concorr\u00eancia IPSEMG 2025\/2026<\/strong><span class=\"ez-toc-section-end\"><\/span><\/h2>\n\n\n\n<h3 class=\"wp-block-heading\" id=\"h-acesso-direto-0\"><span class=\"ez-toc-section\" id=\"Acesso_Direto-2\"><\/span><strong>Acesso Direto<\/strong><span class=\"ez-toc-section-end\"><\/span><\/h3>\n\n\n\n<figure class=\"wp-block-table\"><table class=\"has-fixed-layout\"><thead><tr><th>Especialidades<\/th><th>Vagas<\/th><th>Inscritos<\/th><th>Concorr\u00eancia<\/th><\/tr><\/thead><tbody><tr><td>Anestesiologia<\/td><td>6<\/td><td>481<\/td><td>80,16<\/td><\/tr><tr><td>Cirurgia Geral<\/td><td>4<\/td><td>434<\/td><td>108,5<\/td><\/tr><tr><td>Cl\u00ednica M\u00e9dica<\/td><td>12<\/td><td>701<\/td><td>58,41<\/td><\/tr><tr><td>Ginecologia e Obstetr\u00edcia<\/td><td>6<\/td><td>384<\/td><td>64<\/td><\/tr><tr><td>Neurocirurgia<\/td><td>1<\/td><td>57<\/td><td>57<\/td><\/tr><tr><td>Neurologia<\/td><td>4<\/td><td>229<\/td><td>57,25<\/td><\/tr><tr><td>Oftalmologia<\/td><td>4<\/td><td>374<\/td><td>93,50<\/td><\/tr><tr><td>Ortopedia e Traumatologia<\/td><td>4<\/td><td>160<\/td><td>40<\/td><\/tr><tr><td>Otorrinolaringologia<\/td><td>1<\/td><td>162<\/td><td>162<\/td><\/tr><tr><td>Pediatria<\/td><td>7<\/td><td>348<\/td><td>49,71<\/td><\/tr><tr><td>Psiquiatria<\/td><td>7<\/td><td>519<\/td><td>74,14<\/td><\/tr><tr><td>Radiologia e Diagn\u00f3stico por Imagem<\/td><td>2<\/td><td>158<\/td><td>79<\/td><\/tr><\/tbody><\/table><\/figure>\n\n\n\n<h3 class=\"wp-block-heading\" id=\"h-pre-requisito-0\"><span class=\"ez-toc-section\" id=\"Pre-Requisito-2\"><\/span><strong>Pr\u00e9-Requisito<\/strong><span class=\"ez-toc-section-end\"><\/span><\/h3>\n\n\n\n<figure class=\"wp-block-table\"><table class=\"has-fixed-layout\"><thead><tr><th>Especialidades<\/th><th>Vagas<\/th><th>Inscritos<\/th><th>Concorr\u00eancia<\/th><\/tr><\/thead><tbody><tr><td>Cardiologia<\/td><td>2<\/td><td>28<\/td><td>14<\/td><\/tr><tr><td>Cirurgia do Aparelho Digestivo<\/td><td>2<\/td><td>18<\/td><td>9<\/td><\/tr><tr><td>Cirurgia Pl\u00e1stica<\/td><td>1<\/td><td>42<\/td><td>42<\/td><\/tr><tr><td>Cirurgia Tor\u00e1cica<\/td><td>1<\/td><td>5<\/td><td>5<\/td><\/tr><tr><td>Cirurgia Vascular<\/td><td>3<\/td><td>25<\/td><td>8,33<\/td><\/tr><tr><td>Coloproctologia<\/td><td>1<\/td><td>13<\/td><td>13<\/td><\/tr><tr><td>Ecocardiografia<\/td><td>1<\/td><td>10<\/td><td>10<\/td><\/tr><tr><td>Endocrinologia e Metabologia<\/td><td>2<\/td><td>59<\/td><td>29,5<\/td><\/tr><tr><td>Endoscopia Respirat\u00f3ria<\/td><td>1<\/td><td>1<\/td><td>1<\/td><\/tr><tr><td>Gastroenterologia<\/td><td>3<\/td><td>62<\/td><td>20,66<\/td><\/tr><tr><td>Geriatria<\/td><td>3<\/td><td>48<\/td><td>16<\/td><\/tr><tr><td>Mastologia<\/td><td>2<\/td><td>11<\/td><td>5,50<\/td><\/tr><tr><td>Nefrologia<\/td><td>1<\/td><td>11<\/td><td>11<\/td><\/tr><tr><td>Nutrologia<\/td><td>2<\/td><td>8<\/td><td>4<\/td><\/tr><tr><td>Reumatologia<\/td><td>2<\/td><td>30<\/td><td>15<\/td><\/tr><tr><td>Urologia<\/td><td>2<\/td><td>36<\/td><td>18<\/td><\/tr><\/tbody><\/table><\/figure>\n\n\n\n<div class=\"wp-block-buttons is-layout-flex wp-block-buttons-is-layout-flex\">\n<div class=\"wp-block-button\"><a class=\"wp-block-button__link wp-element-button\" href=\"https:\/\/med.estrategia.com\/portal\/noticias\/ipsemg-divulga-concorrencia-de-selecao-para-residencia-medica-2026\/\" target=\"_blank\" rel=\"noreferrer noopener\">Concorr\u00eancia  IPSEMG<\/a><\/div>\n<\/div>\n\n\n\n<h2 class=\"wp-block-heading\" id=\"h-cronograma-ipsemg-2025-2026\"><span class=\"ez-toc-section\" id=\"Cronograma_IPSEMG_20252026\"><\/span><strong>Cronograma IPSEMG 2025\/2026<\/strong><span class=\"ez-toc-section-end\"><\/span><\/h2>\n\n\n\n<figure class=\"wp-block-table\"><table class=\"has-fixed-layout\"><tbody><tr><td><strong>Per\u00edodo das inscri\u00e7\u00f5es e envio do curr\u00edculo<\/strong><\/td><td><strong>19\/9 a 6\/11\/2025<\/strong><\/td><\/tr><tr><td><strong>Per\u00edodo para solicita\u00e7\u00e3o de isen\u00e7\u00e3o da taxa de inscri\u00e7\u00e3o<\/strong><\/td><td>19 a 25\/9\/2025<\/td><\/tr><tr><td><strong>Divulga\u00e7\u00e3o do resultado preliminar dos pedidos de isen\u00e7\u00e3o<\/strong><\/td><td>30\/09\/2025<\/td><\/tr><tr><td><strong>Prazo para interposi\u00e7\u00e3o de recurso contra o resultado preliminar dos pedidos de isen\u00e7\u00e3o da taxa de inscri\u00e7\u00e3o<\/strong><\/td><td>1 a 3\/10\/2025<\/td><\/tr><tr><td><strong>Divulga\u00e7\u00e3o do resultado definitivo dos pedidos de isen\u00e7\u00e3o da taxa de inscri\u00e7\u00e3o<\/strong><\/td><td>6\/10\/2025<\/td><\/tr><tr><td><strong>\u00daltimo dia para reimpress\u00e3o do DAE \u2013 Documento de Arrecada\u00e7\u00e3o Estadual e pagamento da taxa de inscri\u00e7\u00e3o<\/strong><\/td><td><strong>7\/11\/2025<\/strong><\/td><\/tr><tr><td><strong>Resultado preliminar da homologa\u00e7\u00e3o das inscri\u00e7\u00f5es<\/strong><\/td><td>17\/11\/2025<\/td><\/tr><tr><td><strong>Prazo para interposi\u00e7\u00e3o de recurso contra a homologa\u00e7\u00e3o das inscri\u00e7\u00f5es<\/strong><\/td><td>18 a 21\/11\/2025<\/td><\/tr><tr><td><strong>Resultado definitivo da homologa\u00e7\u00e3o das inscri\u00e7\u00f5es<\/strong><\/td><td>24\/11\/2025<\/td><\/tr><tr><td><strong>Divulga\u00e7\u00e3o dos locais de prova, por meio da disponibiliza\u00e7\u00e3o do cart\u00e3o de convoca\u00e7\u00e3o individual (comprovante de inscri\u00e7\u00e3o)<\/strong><\/td><td>1\/12\/2025<\/td><\/tr><tr><td><strong>Realiza\u00e7\u00e3o da prova geral de conhecimentos m\u00e9dicos<\/strong><\/td><td><strong>7\/12\/2025<\/strong><\/td><\/tr><tr><td><strong>Divulga\u00e7\u00e3o dos gabaritos preliminares da prova geral de conhecimentos m\u00e9dicos<\/strong><\/td><td>8\/12\/2025<\/td><\/tr><tr><td><strong>Prazo para interposi\u00e7\u00e3o de recurso contra os gabaritos preliminares da prova geral de conhecimentos m\u00e9dicos<\/strong><\/td><td>9 a 11\/12\/2025<\/td><\/tr><tr><td><strong>Divulga\u00e7\u00e3o dos gabaritos definitivos da prova geral de conhecimentos m\u00e9dicos<\/strong><\/td><td>16\/12\/2025<\/td><\/tr><tr><td><strong>Divulga\u00e7\u00e3o do resultado preliminar da prova geral de conhecimentos m\u00e9dicos<\/strong><\/td><td>16\/12\/2025<\/td><\/tr><tr><td><strong>Prazo para interposi\u00e7\u00e3o de recurso contra o resultado preliminar da prova geral de conhecimentos m\u00e9dicos<\/strong><\/td><td>17 a 19\/12\/2025<\/td><\/tr><tr><td><strong>Divulga\u00e7\u00e3o do resultado final da prova geral de conhecimentos m\u00e9dicos<\/strong><\/td><td>26\/12\/2025<\/td><\/tr><tr><td><strong>Divulga\u00e7\u00e3o do resultado preliminar da avalia\u00e7\u00e3o curricular<\/strong><\/td><td>5\/1\/2026<\/td><\/tr><tr><td><strong>Prazo para interposi\u00e7\u00e3o de recurso contra o resultado preliminar da avalia\u00e7\u00e3o curricular<\/strong><\/td><td>6 a 8\/1\/2026<\/td><\/tr><tr><td><strong>Divulga\u00e7\u00e3o do resultado final da avalia\u00e7\u00e3o curricular<\/strong><\/td><td>12\/1\/2026<\/td><\/tr><tr><td><strong>Divulga\u00e7\u00e3o do resultado final do processo seletivo e convoca\u00e7\u00e3o para a matr\u00edcula<\/strong><\/td><td>26\/1\/2026<\/td><\/tr><tr><td><strong>Confirma\u00e7\u00e3o de interesse ou desist\u00eancia dos aprovados e per\u00edodo para as matr\u00edculas<\/strong><\/td><td>2 a 4\/2\/2026<\/td><\/tr><\/tbody><\/table><\/figure>\n\n\n\n<h2 class=\"wp-block-heading\" id=\"h-edital-ipsemg-2026\"><span class=\"ez-toc-section\" id=\"Edital_IPSEMG_2026\"><\/span><strong>Edital IPSEMG 2026<\/strong><span class=\"ez-toc-section-end\"><\/span><\/h2>\n\n\n\n<div data-wp-interactive=\"core\/file\" class=\"wp-block-file\"><object data-wp-bind--hidden=\"!state.hasPdfPreview\" hidden class=\"wp-block-file__embed\" data=\"https:\/\/www.grupomedcof.com.br\/blog\/wp-content\/uploads\/2025\/07\/Edital-IPSEMG-2026.pdf\" type=\"application\/pdf\" style=\"width:100%;height:600px\" aria-label=\"Incorporado de Edital IPSEMG 2026.\"><\/object><a id=\"wp-block-file--media-23f867dc-7b5e-466c-bad8-11e098c8ade3\" href=\"https:\/\/www.grupomedcof.com.br\/blog\/wp-content\/uploads\/2025\/07\/Edital-IPSEMG-2026.pdf\">Edital IPSEMG 2026<\/a><a href=\"https:\/\/www.grupomedcof.com.br\/blog\/wp-content\/uploads\/2025\/07\/Edital-IPSEMG-2026.pdf\" class=\"wp-block-file__button wp-element-button\" download aria-describedby=\"wp-block-file--media-23f867dc-7b5e-466c-bad8-11e098c8ade3\">Baixar<\/a><\/div>\n\n\n\n<h2 class=\"wp-block-heading\" id=\"h-resultado-final-prova-objetiva-ipsemg-2026\"><span class=\"ez-toc-section\" id=\"Resultado_Final_Prova_Objetiva_IPSEMG_2026\"><\/span><strong>Resultado Final Prova Objetiva IPSEMG 2026<\/strong><span class=\"ez-toc-section-end\"><\/span><\/h2>\n\n\n\n<p>O resultado final foi publicado no dia 26 de dezembro e as pr\u00f3ximas etapas seguir\u00e3o com a divulga\u00e7\u00e3o do&nbsp;<strong>resultado preliminar da avalia\u00e7\u00e3o curricular<\/strong>, prevista para o dia&nbsp;<strong>5 de janeiro de 2026<\/strong>, e o per\u00edodo para a&nbsp;<strong>interposi\u00e7\u00e3o de recursos<\/strong>, que ocorrer\u00e1 de&nbsp;<strong>6 a 8 de janeiro de 2026<\/strong>.<\/p>\n\n\n\n<div class=\"wp-block-buttons is-layout-flex wp-block-buttons-is-layout-flex\">\n<div class=\"wp-block-button\"><a class=\"wp-block-button__link wp-element-button\" href=\"https:\/\/www.grupomedcof.com.br\/blog\/wp-content\/uploads\/2025\/11\/Resultado-Prova-Objetiva-IPSEMG-2026.pdf\" target=\"_blank\" rel=\"noreferrer noopener\">Resultado Prova Objetiva <\/a><\/div>\n<\/div>\n\n\n\n<h2 class=\"wp-block-heading\" id=\"h-resultado-final-ipsemg-2026\"><span class=\"ez-toc-section\" id=\"Resultado_Final_IPSEMG_2026\"><\/span><strong>Resultado Final IPSEMG 2026<\/strong><span class=\"ez-toc-section-end\"><\/span><\/h2>\n\n\n\n<p>O&nbsp;<strong>Instituto de Previd\u00eancia dos Servidores do Estado de Minas Gerais (IPSEMG)<\/strong> divulgou, no dia 26 de janeiro, o resultado definitivo do processo seletivo de resid\u00eancia m\u00e9dica.<\/p>\n\n\n\n<div class=\"wp-block-buttons is-layout-flex wp-block-buttons-is-layout-flex\">\n<div class=\"wp-block-button\"><a class=\"wp-block-button__link wp-element-button\" href=\"https:\/\/www.grupomedcof.com.br\/blog\/wp-content\/uploads\/2025\/12\/Resultado-Final-IPSEMG-2026.pdf\" target=\"_blank\" rel=\"noreferrer noopener\">Resultado Final IPSEMG 2026<\/a><\/div>\n<\/div>\n\n\n\n<p>O&nbsp;<strong>resultado final<\/strong>&nbsp;foi publicado seguindo a ordem decrescente de classifica\u00e7\u00e3o da&nbsp;<strong>soma final das notas&nbsp;<\/strong>da 1\u00aa e 2\u00aa etapa do seletivo. Em caso de empate,&nbsp;<strong>os crit\u00e9rios de desempate&nbsp;<\/strong>foram:<\/p>\n\n\n\n<ul class=\"wp-block-list\">\n<li>Candidato com idade igual ou superior a 60 anos;<\/li>\n\n\n\n<li>Maior nota na prova geral;<\/li>\n\n\n\n<li>Maior nota na avalia\u00e7\u00e3o curricular; e<\/li>\n\n\n\n<li>Maior idade.<\/li>\n<\/ul>\n\n\n\n<h2 class=\"wp-block-heading\" id=\"seja-um-medcofer\"><span class=\"ez-toc-section\" id=\"Seja_um_MedCofer\"><\/span><strong>Seja um MedCofer!<\/strong><span class=\"ez-toc-section-end\"><\/span><\/h2>\n\n\n\n<p>Quer alcan\u00e7ar a aprova\u00e7\u00e3o nas provas de resid\u00eancia m\u00e9dica? Ent\u00e3o seja um&nbsp;<a href=\"https:\/\/www.grupomedcof.com.br\/home\/\"><strong>MedCofer<\/strong><\/a>! Aqui te ajudaremos na busca da aprova\u00e7\u00e3o com conte\u00fados de qualidade e uma metodologia que j\u00e1 aprovou mais de 35 mil residentes no pa\u00eds! Por fim, acesse o nosso<a href=\"https:\/\/www.youtube.com\/@GrupoMedcof\/featured\">&nbsp;<strong>canal do youtube&nbsp;<\/strong><\/a>para ver o nosso material.<\/p>\n\n\n\n<figure class=\"wp-block-embed is-type-video is-provider-youtube wp-block-embed-youtube wp-embed-aspect-16-9 wp-has-aspect-ratio\"><div class=\"wp-block-embed__wrapper\">\n<div class=\"youtube-embed\" data-video_id=\"b77a3k14lEY\"><iframe loading=\"lazy\" title=\"Onboarding #01 | Boas Vindas\" width=\"696\" height=\"392\" src=\"https:\/\/www.youtube.com\/embed\/b77a3k14lEY?feature=oembed&#038;enablejsapi=1\" frameborder=\"0\" allow=\"accelerometer; autoplay; clipboard-write; encrypted-media; gyroscope; picture-in-picture; web-share\" referrerpolicy=\"strict-origin-when-cross-origin\" allowfullscreen><\/iframe><\/div>\n<\/div><\/figure>\n","protected":false},"excerpt":{"rendered":"<p>A resid\u00eancia m\u00e9dica do IPSEMG est\u00e1 com edital dispon\u00edvel! Garanta sua vaga e se prepare para um treinamento intensivo em um ambiente de alta qualidade.<\/p>\n","protected":false},"author":20,"featured_media":29524,"comment_status":"open","ping_status":"open","sticky":false,"template":"","format":"standard","meta":{"footnotes":""},"categories":[287,2023],"tags":[93,117,68],"ppma_author":[3616],"class_list":{"0":"post-12304","1":"post","2":"type-post","3":"status-publish","4":"format-standard","5":"has-post-thumbnail","7":"category-destaques-medcof","8":"category-editais","9":"tag-especialidades-medicas","10":"tag-provas-de-residencia","11":"tag-residencia-medica"},"yoast_head":"<!-- This site is optimized with the Yoast SEO Premium plugin v24.3 (Yoast SEO v27.5) - https:\/\/yoast.com\/product\/yoast-seo-premium-wordpress\/ -->\n<title>IPSEMG Resid\u00eancia M\u00e9dica: edital 2026, cronograma e mais<\/title>\n<meta name=\"description\" content=\"A resid\u00eancia m\u00e9dica do IPSEMG est\u00e1 com edital dispon\u00edvel! Garanta sua vaga e se prepare para um treinamento intensivo em um ambiente de alta qualidade.\" \/>\n<meta name=\"robots\" content=\"index, follow, max-snippet:-1, max-image-preview:large, max-video-preview:-1\" \/>\n<link rel=\"canonical\" href=\"https:\/\/www.grupomedcof.com.br\/blog\/edital-residencia-medica-ipsemg\/\" \/>\n<meta property=\"og:locale\" content=\"pt_BR\" \/>\n<meta property=\"og:type\" content=\"article\" \/>\n<meta property=\"og:title\" content=\"Resid\u00eancia M\u00e9dica IPSEMG 2025\/2026: veja o resultado final da sele\u00e7\u00e3o!\" \/>\n<meta property=\"og:description\" content=\"A resid\u00eancia m\u00e9dica do IPSEMG est\u00e1 com edital dispon\u00edvel! Garanta sua vaga e se prepare para um treinamento intensivo em um ambiente de alta qualidade.\" \/>\n<meta property=\"og:url\" content=\"https:\/\/www.grupomedcof.com.br\/blog\/edital-residencia-medica-ipsemg\/\" \/>\n<meta property=\"og:site_name\" content=\"Blog de Medcof: conte\u00fados, editais, revalida e mais!\" \/>\n<meta property=\"article:publisher\" content=\"https:\/\/www.facebook.com\/MedCofQbank\/\" \/>\n<meta property=\"article:published_time\" content=\"2026-01-27T11:46:20+00:00\" \/>\n<meta property=\"article:modified_time\" content=\"2026-02-05T18:41:02+00:00\" \/>\n<meta property=\"og:image\" content=\"https:\/\/www.grupomedcof.com.br\/blog\/wp-content\/uploads\/2023\/09\/Modelo-instituicoes-2024-09-04T160045.827.png\" \/>\n\t<meta property=\"og:image:width\" content=\"2560\" \/>\n\t<meta property=\"og:image:height\" content=\"1440\" \/>\n\t<meta property=\"og:image:type\" content=\"image\/png\" \/>\n<meta name=\"author\" content=\"Leila Menzel\" \/>\n<meta name=\"twitter:card\" content=\"summary_large_image\" \/>\n<meta name=\"twitter:label1\" content=\"Escrito por\" \/>\n\t<meta name=\"twitter:data1\" content=\"Leila Menzel\" \/>\n\t<meta name=\"twitter:label2\" content=\"Est. tempo de leitura\" \/>\n\t<meta name=\"twitter:data2\" content=\"6 minutos\" \/>\n<script type=\"application\/ld+json\" class=\"yoast-schema-graph\">{\"@context\":\"https:\\\/\\\/schema.org\",\"@graph\":[{\"@type\":\"Article\",\"@id\":\"https:\\\/\\\/www.grupomedcof.com.br\\\/blog\\\/edital-residencia-medica-ipsemg\\\/#article\",\"isPartOf\":{\"@id\":\"https:\\\/\\\/www.grupomedcof.com.br\\\/blog\\\/edital-residencia-medica-ipsemg\\\/\"},\"author\":{\"name\":\"Leila Menzel\",\"@id\":\"https:\\\/\\\/www.grupomedcof.com.br\\\/blog\\\/#\\\/schema\\\/person\\\/9a44c2184a836bf5ae6967fdb3a1451e\"},\"headline\":\"Resid\u00eancia M\u00e9dica IPSEMG 2025\\\/2026: veja o resultado final da sele\u00e7\u00e3o!\",\"datePublished\":\"2026-01-27T11:46:20+00:00\",\"dateModified\":\"2026-02-05T18:41:02+00:00\",\"mainEntityOfPage\":{\"@id\":\"https:\\\/\\\/www.grupomedcof.com.br\\\/blog\\\/edital-residencia-medica-ipsemg\\\/\"},\"wordCount\":1023,\"commentCount\":0,\"publisher\":{\"@id\":\"https:\\\/\\\/www.grupomedcof.com.br\\\/blog\\\/#organization\"},\"image\":{\"@id\":\"https:\\\/\\\/www.grupomedcof.com.br\\\/blog\\\/edital-residencia-medica-ipsemg\\\/#primaryimage\"},\"thumbnailUrl\":\"https:\\\/\\\/www.grupomedcof.com.br\\\/blog\\\/wp-content\\\/uploads\\\/2023\\\/09\\\/Modelo-instituicoes-2024-09-04T160045.827.png\",\"keywords\":[\"Especialidades m\u00e9dicas\",\"Provas de Resid\u00eancia\",\"Resid\u00eancia M\u00e9dica\"],\"articleSection\":[\"Destaques MedCof\",\"Editais\"],\"inLanguage\":\"pt-BR\"},{\"@type\":\"WebPage\",\"@id\":\"https:\\\/\\\/www.grupomedcof.com.br\\\/blog\\\/edital-residencia-medica-ipsemg\\\/\",\"url\":\"https:\\\/\\\/www.grupomedcof.com.br\\\/blog\\\/edital-residencia-medica-ipsemg\\\/\",\"name\":\"IPSEMG Resid\u00eancia M\u00e9dica: edital 2026, cronograma e mais\",\"isPartOf\":{\"@id\":\"https:\\\/\\\/www.grupomedcof.com.br\\\/blog\\\/#website\"},\"primaryImageOfPage\":{\"@id\":\"https:\\\/\\\/www.grupomedcof.com.br\\\/blog\\\/edital-residencia-medica-ipsemg\\\/#primaryimage\"},\"image\":{\"@id\":\"https:\\\/\\\/www.grupomedcof.com.br\\\/blog\\\/edital-residencia-medica-ipsemg\\\/#primaryimage\"},\"thumbnailUrl\":\"https:\\\/\\\/www.grupomedcof.com.br\\\/blog\\\/wp-content\\\/uploads\\\/2023\\\/09\\\/Modelo-instituicoes-2024-09-04T160045.827.png\",\"datePublished\":\"2026-01-27T11:46:20+00:00\",\"dateModified\":\"2026-02-05T18:41:02+00:00\",\"description\":\"A resid\u00eancia m\u00e9dica do IPSEMG est\u00e1 com edital dispon\u00edvel! Garanta sua vaga e se prepare para um treinamento intensivo em um ambiente de alta qualidade.\",\"breadcrumb\":{\"@id\":\"https:\\\/\\\/www.grupomedcof.com.br\\\/blog\\\/edital-residencia-medica-ipsemg\\\/#breadcrumb\"},\"inLanguage\":\"pt-BR\",\"potentialAction\":[{\"@type\":\"ReadAction\",\"target\":[\"https:\\\/\\\/www.grupomedcof.com.br\\\/blog\\\/edital-residencia-medica-ipsemg\\\/\"]}]},{\"@type\":\"ImageObject\",\"inLanguage\":\"pt-BR\",\"@id\":\"https:\\\/\\\/www.grupomedcof.com.br\\\/blog\\\/edital-residencia-medica-ipsemg\\\/#primaryimage\",\"url\":\"https:\\\/\\\/www.grupomedcof.com.br\\\/blog\\\/wp-content\\\/uploads\\\/2023\\\/09\\\/Modelo-instituicoes-2024-09-04T160045.827.png\",\"contentUrl\":\"https:\\\/\\\/www.grupomedcof.com.br\\\/blog\\\/wp-content\\\/uploads\\\/2023\\\/09\\\/Modelo-instituicoes-2024-09-04T160045.827.png\",\"width\":2560,\"height\":1440},{\"@type\":\"BreadcrumbList\",\"@id\":\"https:\\\/\\\/www.grupomedcof.com.br\\\/blog\\\/edital-residencia-medica-ipsemg\\\/#breadcrumb\",\"itemListElement\":[{\"@type\":\"ListItem\",\"position\":1,\"name\":\"In\u00edcio\",\"item\":\"https:\\\/\\\/www.grupomedcof.com.br\\\/blog\\\/\"},{\"@type\":\"ListItem\",\"position\":2,\"name\":\"Resid\u00eancia M\u00e9dica IPSEMG 2025\\\/2026: veja o resultado final da sele\u00e7\u00e3o!\"}]},{\"@type\":\"WebSite\",\"@id\":\"https:\\\/\\\/www.grupomedcof.com.br\\\/blog\\\/#website\",\"url\":\"https:\\\/\\\/www.grupomedcof.com.br\\\/blog\\\/\",\"name\":\"Blog de Medcof: conte\u00fados, editais, revalida e mais!\",\"description\":\"Acesso o blog de MedCof! Seu portal de conte\u00fados sobre resid\u00eancia m\u00e9dica, an\u00e1lise e editais e muito mais. Clique e confira!\",\"publisher\":{\"@id\":\"https:\\\/\\\/www.grupomedcof.com.br\\\/blog\\\/#organization\"},\"alternateName\":\"Blog de Medcof: conte\u00fados, editais, revalida e mais!\",\"potentialAction\":[{\"@type\":\"SearchAction\",\"target\":{\"@type\":\"EntryPoint\",\"urlTemplate\":\"https:\\\/\\\/www.grupomedcof.com.br\\\/blog\\\/?s={search_term_string}\"},\"query-input\":{\"@type\":\"PropertyValueSpecification\",\"valueRequired\":true,\"valueName\":\"search_term_string\"}}],\"inLanguage\":\"pt-BR\"},{\"@type\":\"Organization\",\"@id\":\"https:\\\/\\\/www.grupomedcof.com.br\\\/blog\\\/#organization\",\"name\":\"Grupo MedCof\",\"url\":\"https:\\\/\\\/www.grupomedcof.com.br\\\/blog\\\/\",\"logo\":{\"@type\":\"ImageObject\",\"inLanguage\":\"pt-BR\",\"@id\":\"https:\\\/\\\/www.grupomedcof.com.br\\\/blog\\\/#\\\/schema\\\/logo\\\/image\\\/\",\"url\":\"https:\\\/\\\/www.grupomedcof.com.br\\\/blog\\\/wp-content\\\/uploads\\\/2022\\\/01\\\/logo-medcof.png\",\"contentUrl\":\"https:\\\/\\\/www.grupomedcof.com.br\\\/blog\\\/wp-content\\\/uploads\\\/2022\\\/01\\\/logo-medcof.png\",\"width\":768,\"height\":269,\"caption\":\"Grupo MedCof\"},\"image\":{\"@id\":\"https:\\\/\\\/www.grupomedcof.com.br\\\/blog\\\/#\\\/schema\\\/logo\\\/image\\\/\"},\"sameAs\":[\"https:\\\/\\\/www.facebook.com\\\/MedCofQbank\\\/\",\"https:\\\/\\\/www.instagram.com\\\/grupomedcof\\\/\",\"https:\\\/\\\/br.linkedin.com\\\/company\\\/medcof\",\"https:\\\/\\\/www.youtube.com\\\/channel\\\/UCdHMuOHKICxcHwecxN8P-AA\"]},{\"@type\":\"Person\",\"@id\":\"https:\\\/\\\/www.grupomedcof.com.br\\\/blog\\\/#\\\/schema\\\/person\\\/9a44c2184a836bf5ae6967fdb3a1451e\",\"name\":\"Leila Menzel\",\"image\":{\"@type\":\"ImageObject\",\"inLanguage\":\"pt-BR\",\"@id\":\"https:\\\/\\\/www.grupomedcof.com.br\\\/blog\\\/wp-content\\\/uploads\\\/2025\\\/09\\\/cropped-eu-96x96.jpeg19a74936d997c0a8b3031618467fa1d0\",\"url\":\"https:\\\/\\\/www.grupomedcof.com.br\\\/blog\\\/wp-content\\\/uploads\\\/2025\\\/09\\\/cropped-eu-96x96.jpeg\",\"contentUrl\":\"https:\\\/\\\/www.grupomedcof.com.br\\\/blog\\\/wp-content\\\/uploads\\\/2025\\\/09\\\/cropped-eu-96x96.jpeg\",\"caption\":\"Leila Menzel\"},\"description\":\"Estudante do 6\u00b0 semestre de jornalismo, amo e escrevo poesias e viajo em livros de romances clich\u00eas.\",\"url\":\"https:\\\/\\\/www.grupomedcof.com.br\\\/blog\\\/author\\\/leila-menzel\\\/\"}]}<\/script>\n<!-- \/ Yoast SEO Premium plugin. -->","yoast_head_json":{"title":"IPSEMG Resid\u00eancia M\u00e9dica: edital 2026, cronograma e mais","description":"A resid\u00eancia m\u00e9dica do IPSEMG est\u00e1 com edital dispon\u00edvel! Garanta sua vaga e se prepare para um treinamento intensivo em um ambiente de alta qualidade.","robots":{"index":"index","follow":"follow","max-snippet":"max-snippet:-1","max-image-preview":"max-image-preview:large","max-video-preview":"max-video-preview:-1"},"canonical":"https:\/\/www.grupomedcof.com.br\/blog\/edital-residencia-medica-ipsemg\/","og_locale":"pt_BR","og_type":"article","og_title":"Resid\u00eancia M\u00e9dica IPSEMG 2025\/2026: veja o resultado final da sele\u00e7\u00e3o!","og_description":"A resid\u00eancia m\u00e9dica do IPSEMG est\u00e1 com edital dispon\u00edvel! Garanta sua vaga e se prepare para um treinamento intensivo em um ambiente de alta qualidade.","og_url":"https:\/\/www.grupomedcof.com.br\/blog\/edital-residencia-medica-ipsemg\/","og_site_name":"Blog de Medcof: conte\u00fados, editais, revalida e mais!","article_publisher":"https:\/\/www.facebook.com\/MedCofQbank\/","article_published_time":"2026-01-27T11:46:20+00:00","article_modified_time":"2026-02-05T18:41:02+00:00","og_image":[{"width":2560,"height":1440,"url":"https:\/\/www.grupomedcof.com.br\/blog\/wp-content\/uploads\/2023\/09\/Modelo-instituicoes-2024-09-04T160045.827.png","type":"image\/png"}],"author":"Leila Menzel","twitter_card":"summary_large_image","twitter_misc":{"Escrito por":"Leila Menzel","Est. tempo de leitura":"6 minutos"},"schema":{"@context":"https:\/\/schema.org","@graph":[{"@type":"Article","@id":"https:\/\/www.grupomedcof.com.br\/blog\/edital-residencia-medica-ipsemg\/#article","isPartOf":{"@id":"https:\/\/www.grupomedcof.com.br\/blog\/edital-residencia-medica-ipsemg\/"},"author":{"name":"Leila Menzel","@id":"https:\/\/www.grupomedcof.com.br\/blog\/#\/schema\/person\/9a44c2184a836bf5ae6967fdb3a1451e"},"headline":"Resid\u00eancia M\u00e9dica IPSEMG 2025\/2026: veja o resultado final da sele\u00e7\u00e3o!","datePublished":"2026-01-27T11:46:20+00:00","dateModified":"2026-02-05T18:41:02+00:00","mainEntityOfPage":{"@id":"https:\/\/www.grupomedcof.com.br\/blog\/edital-residencia-medica-ipsemg\/"},"wordCount":1023,"commentCount":0,"publisher":{"@id":"https:\/\/www.grupomedcof.com.br\/blog\/#organization"},"image":{"@id":"https:\/\/www.grupomedcof.com.br\/blog\/edital-residencia-medica-ipsemg\/#primaryimage"},"thumbnailUrl":"https:\/\/www.grupomedcof.com.br\/blog\/wp-content\/uploads\/2023\/09\/Modelo-instituicoes-2024-09-04T160045.827.png","keywords":["Especialidades m\u00e9dicas","Provas de Resid\u00eancia","Resid\u00eancia M\u00e9dica"],"articleSection":["Destaques MedCof","Editais"],"inLanguage":"pt-BR"},{"@type":"WebPage","@id":"https:\/\/www.grupomedcof.com.br\/blog\/edital-residencia-medica-ipsemg\/","url":"https:\/\/www.grupomedcof.com.br\/blog\/edital-residencia-medica-ipsemg\/","name":"IPSEMG Resid\u00eancia M\u00e9dica: edital 2026, cronograma e mais","isPartOf":{"@id":"https:\/\/www.grupomedcof.com.br\/blog\/#website"},"primaryImageOfPage":{"@id":"https:\/\/www.grupomedcof.com.br\/blog\/edital-residencia-medica-ipsemg\/#primaryimage"},"image":{"@id":"https:\/\/www.grupomedcof.com.br\/blog\/edital-residencia-medica-ipsemg\/#primaryimage"},"thumbnailUrl":"https:\/\/www.grupomedcof.com.br\/blog\/wp-content\/uploads\/2023\/09\/Modelo-instituicoes-2024-09-04T160045.827.png","datePublished":"2026-01-27T11:46:20+00:00","dateModified":"2026-02-05T18:41:02+00:00","description":"A resid\u00eancia m\u00e9dica do IPSEMG est\u00e1 com edital dispon\u00edvel! Garanta sua vaga e se prepare para um treinamento intensivo em um ambiente de alta qualidade.","breadcrumb":{"@id":"https:\/\/www.grupomedcof.com.br\/blog\/edital-residencia-medica-ipsemg\/#breadcrumb"},"inLanguage":"pt-BR","potentialAction":[{"@type":"ReadAction","target":["https:\/\/www.grupomedcof.com.br\/blog\/edital-residencia-medica-ipsemg\/"]}]},{"@type":"ImageObject","inLanguage":"pt-BR","@id":"https:\/\/www.grupomedcof.com.br\/blog\/edital-residencia-medica-ipsemg\/#primaryimage","url":"https:\/\/www.grupomedcof.com.br\/blog\/wp-content\/uploads\/2023\/09\/Modelo-instituicoes-2024-09-04T160045.827.png","contentUrl":"https:\/\/www.grupomedcof.com.br\/blog\/wp-content\/uploads\/2023\/09\/Modelo-instituicoes-2024-09-04T160045.827.png","width":2560,"height":1440},{"@type":"BreadcrumbList","@id":"https:\/\/www.grupomedcof.com.br\/blog\/edital-residencia-medica-ipsemg\/#breadcrumb","itemListElement":[{"@type":"ListItem","position":1,"name":"In\u00edcio","item":"https:\/\/www.grupomedcof.com.br\/blog\/"},{"@type":"ListItem","position":2,"name":"Resid\u00eancia M\u00e9dica IPSEMG 2025\/2026: veja o resultado final da sele\u00e7\u00e3o!"}]},{"@type":"WebSite","@id":"https:\/\/www.grupomedcof.com.br\/blog\/#website","url":"https:\/\/www.grupomedcof.com.br\/blog\/","name":"Blog de Medcof: conte\u00fados, editais, revalida e mais!","description":"Acesso o blog de MedCof! Seu portal de conte\u00fados sobre resid\u00eancia m\u00e9dica, an\u00e1lise e editais e muito mais. Clique e confira!","publisher":{"@id":"https:\/\/www.grupomedcof.com.br\/blog\/#organization"},"alternateName":"Blog de Medcof: conte\u00fados, editais, revalida e mais!","potentialAction":[{"@type":"SearchAction","target":{"@type":"EntryPoint","urlTemplate":"https:\/\/www.grupomedcof.com.br\/blog\/?s={search_term_string}"},"query-input":{"@type":"PropertyValueSpecification","valueRequired":true,"valueName":"search_term_string"}}],"inLanguage":"pt-BR"},{"@type":"Organization","@id":"https:\/\/www.grupomedcof.com.br\/blog\/#organization","name":"Grupo MedCof","url":"https:\/\/www.grupomedcof.com.br\/blog\/","logo":{"@type":"ImageObject","inLanguage":"pt-BR","@id":"https:\/\/www.grupomedcof.com.br\/blog\/#\/schema\/logo\/image\/","url":"https:\/\/www.grupomedcof.com.br\/blog\/wp-content\/uploads\/2022\/01\/logo-medcof.png","contentUrl":"https:\/\/www.grupomedcof.com.br\/blog\/wp-content\/uploads\/2022\/01\/logo-medcof.png","width":768,"height":269,"caption":"Grupo MedCof"},"image":{"@id":"https:\/\/www.grupomedcof.com.br\/blog\/#\/schema\/logo\/image\/"},"sameAs":["https:\/\/www.facebook.com\/MedCofQbank\/","https:\/\/www.instagram.com\/grupomedcof\/","https:\/\/br.linkedin.com\/company\/medcof","https:\/\/www.youtube.com\/channel\/UCdHMuOHKICxcHwecxN8P-AA"]},{"@type":"Person","@id":"https:\/\/www.grupomedcof.com.br\/blog\/#\/schema\/person\/9a44c2184a836bf5ae6967fdb3a1451e","name":"Leila Menzel","image":{"@type":"ImageObject","inLanguage":"pt-BR","@id":"https:\/\/www.grupomedcof.com.br\/blog\/wp-content\/uploads\/2025\/09\/cropped-eu-96x96.jpeg19a74936d997c0a8b3031618467fa1d0","url":"https:\/\/www.grupomedcof.com.br\/blog\/wp-content\/uploads\/2025\/09\/cropped-eu-96x96.jpeg","contentUrl":"https:\/\/www.grupomedcof.com.br\/blog\/wp-content\/uploads\/2025\/09\/cropped-eu-96x96.jpeg","caption":"Leila Menzel"},"description":"Estudante do 6\u00b0 semestre de jornalismo, amo e escrevo poesias e viajo em livros de romances clich\u00eas.","url":"https:\/\/www.grupomedcof.com.br\/blog\/author\/leila-menzel\/"}]}},"authors":[{"term_id":3616,"user_id":20,"is_guest":0,"slug":"leila-menzel","display_name":"Leila Menzel","avatar_url":"https:\/\/www.grupomedcof.com.br\/blog\/wp-content\/uploads\/2025\/09\/cropped-eu-96x96.jpeg","0":null,"1":"","2":"","3":"","4":"","5":"","6":"","7":"","8":""}],"_links":{"self":[{"href":"https:\/\/www.grupomedcof.com.br\/blog\/wp-json\/wp\/v2\/posts\/12304","targetHints":{"allow":["GET"]}}],"collection":[{"href":"https:\/\/www.grupomedcof.com.br\/blog\/wp-json\/wp\/v2\/posts"}],"about":[{"href":"https:\/\/www.grupomedcof.com.br\/blog\/wp-json\/wp\/v2\/types\/post"}],"author":[{"embeddable":true,"href":"https:\/\/www.grupomedcof.com.br\/blog\/wp-json\/wp\/v2\/users\/20"}],"replies":[{"embeddable":true,"href":"https:\/\/www.grupomedcof.com.br\/blog\/wp-json\/wp\/v2\/comments?post=12304"}],"version-history":[{"count":10,"href":"https:\/\/www.grupomedcof.com.br\/blog\/wp-json\/wp\/v2\/posts\/12304\/revisions"}],"predecessor-version":[{"id":41560,"href":"https:\/\/www.grupomedcof.com.br\/blog\/wp-json\/wp\/v2\/posts\/12304\/revisions\/41560"}],"wp:featuredmedia":[{"embeddable":true,"href":"https:\/\/www.grupomedcof.com.br\/blog\/wp-json\/wp\/v2\/media\/29524"}],"wp:attachment":[{"href":"https:\/\/www.grupomedcof.com.br\/blog\/wp-json\/wp\/v2\/media?parent=12304"}],"wp:term":[{"taxonomy":"category","embeddable":true,"href":"https:\/\/www.grupomedcof.com.br\/blog\/wp-json\/wp\/v2\/categories?post=12304"},{"taxonomy":"post_tag","embeddable":true,"href":"https:\/\/www.grupomedcof.com.br\/blog\/wp-json\/wp\/v2\/tags?post=12304"},{"taxonomy":"author","embeddable":true,"href":"https:\/\/www.grupomedcof.com.br\/blog\/wp-json\/wp\/v2\/ppma_author?post=12304"}],"curies":[{"name":"wp","href":"https:\/\/api.w.org\/{rel}","templated":true}]}}