{"id":12310,"date":"2023-09-06T13:46:43","date_gmt":"2023-09-06T16:46:43","guid":{"rendered":"https:\/\/www.grupomedcof.com.br\/blog\/?p=12310"},"modified":"2023-09-06T13:46:43","modified_gmt":"2023-09-06T16:46:43","slug":"pre-diabetes-veja-as-atualizacoes-de-2023-sobre-o-tratamento","status":"publish","type":"post","link":"https:\/\/www.grupomedcof.com.br\/blog\/pre-diabetes-veja-as-atualizacoes-de-2023-sobre-o-tratamento\/","title":{"rendered":"Pr\u00e9-diabetes: veja as atualiza\u00e7\u00f5es de 2023 sobre o tratamento"},"content":{"rendered":"<div id=\"ez-toc-container\" class=\"ez-toc-v2_0_74 counter-hierarchy ez-toc-counter ez-toc-transparent ez-toc-container-direction\">\n<div class=\"ez-toc-title-container\">\n<p class=\"ez-toc-title\" style=\"cursor:inherit\">Sum\u00e1rio<\/p>\n<span class=\"ez-toc-title-toggle\"><a href=\"#\" class=\"ez-toc-pull-right ez-toc-btn ez-toc-btn-xs ez-toc-btn-default ez-toc-toggle\" aria-label=\"Alternar tabela de conte\u00fado\"><span class=\"ez-toc-js-icon-con\"><span class=\"\"><span class=\"eztoc-hide\" style=\"display:none;\">Toggle<\/span><span class=\"ez-toc-icon-toggle-span\"><svg style=\"fill: #999;color:#999\" xmlns=\"http:\/\/www.w3.org\/2000\/svg\" class=\"list-377408\" width=\"20px\" height=\"20px\" viewBox=\"0 0 24 24\" fill=\"none\"><path d=\"M6 6H4v2h2V6zm14 0H8v2h12V6zM4 11h2v2H4v-2zm16 0H8v2h12v-2zM4 16h2v2H4v-2zm16 0H8v2h12v-2z\" fill=\"currentColor\"><\/path><\/svg><svg style=\"fill: #999;color:#999\" class=\"arrow-unsorted-368013\" xmlns=\"http:\/\/www.w3.org\/2000\/svg\" width=\"10px\" height=\"10px\" viewBox=\"0 0 24 24\" version=\"1.2\" baseProfile=\"tiny\"><path d=\"M18.2 9.3l-6.2-6.3-6.2 6.3c-.2.2-.3.4-.3.7s.1.5.3.7c.2.2.4.3.7.3h11c.3 0 .5-.1.7-.3.2-.2.3-.5.3-.7s-.1-.5-.3-.7zM5.8 14.7l6.2 6.3 6.2-6.3c.2-.2.3-.5.3-.7s-.1-.5-.3-.7c-.2-.2-.4-.3-.7-.3h-11c-.3 0-.5.1-.7.3-.2.2-.3.5-.3.7s.1.5.3.7z\"\/><\/svg><\/span><\/span><\/span><\/a><\/span><\/div>\n<nav><ul class='ez-toc-list ez-toc-list-level-1 ' ><li class='ez-toc-page-1 ez-toc-heading-level-2'><a class=\"ez-toc-link ez-toc-heading-1\" href=\"https:\/\/www.grupomedcof.com.br\/blog\/pre-diabetes-veja-as-atualizacoes-de-2023-sobre-o-tratamento\/#Definicao_de_pre-diabetes\" >Defini\u00e7\u00e3o de pr\u00e9-diabetes<\/a><\/li><li class='ez-toc-page-1 ez-toc-heading-level-2'><a class=\"ez-toc-link ez-toc-heading-2\" href=\"https:\/\/www.grupomedcof.com.br\/blog\/pre-diabetes-veja-as-atualizacoes-de-2023-sobre-o-tratamento\/#Tratamento_da_pre-diabetes\" >Tratamento da pr\u00e9-diabetes<\/a><\/li><li class='ez-toc-page-1 ez-toc-heading-level-2'><a class=\"ez-toc-link ez-toc-heading-3\" href=\"https:\/\/www.grupomedcof.com.br\/blog\/pre-diabetes-veja-as-atualizacoes-de-2023-sobre-o-tratamento\/#Pre-DM_SobrepesoObesidade\" >Pr\u00e9-DM + Sobrepeso\/Obesidade<\/a><\/li><li class='ez-toc-page-1 ez-toc-heading-level-2'><a class=\"ez-toc-link ez-toc-heading-4\" href=\"https:\/\/www.grupomedcof.com.br\/blog\/pre-diabetes-veja-as-atualizacoes-de-2023-sobre-o-tratamento\/#Quando_considerar_o_tratamento_farmacologico_com_Metformina\" >Quando considerar o tratamento farmacol\u00f3gico com Metformina?<\/a><\/li><li class='ez-toc-page-1 ez-toc-heading-level-2'><a class=\"ez-toc-link ez-toc-heading-5\" href=\"https:\/\/www.grupomedcof.com.br\/blog\/pre-diabetes-veja-as-atualizacoes-de-2023-sobre-o-tratamento\/#Historia_de_AVC_Resistencia_insulinica_Pre-Diabetes\" >Hist\u00f3ria de AVC + Resist\u00eancia insul\u00ednica + Pr\u00e9-Diabetes<\/a><\/li><li class='ez-toc-page-1 ez-toc-heading-level-2'><a class=\"ez-toc-link ez-toc-heading-6\" href=\"https:\/\/www.grupomedcof.com.br\/blog\/pre-diabetes-veja-as-atualizacoes-de-2023-sobre-o-tratamento\/#Atencao_para_as_Estatinas\" >Aten\u00e7\u00e3o para as Estatinas!<\/a><\/li><li class='ez-toc-page-1 ez-toc-heading-level-2'><a class=\"ez-toc-link ez-toc-heading-7\" href=\"https:\/\/www.grupomedcof.com.br\/blog\/pre-diabetes-veja-as-atualizacoes-de-2023-sobre-o-tratamento\/#Conquiste_a_aprovacao\" >Conquiste a aprova\u00e7\u00e3o<\/a><\/li><\/ul><\/nav><\/div>\n<img loading=\"lazy\" decoding=\"async\" width=\"800\" height=\"450\" src=\"https:\/\/www.grupomedcof.com.br\/blog\/wp-content\/uploads\/2023\/09\/Blog-MedCof-53-1024x576.png\" alt=\"pre diabetes, pre diabets, pre-diabetes, pre diabeticos, pre diabetica, pre diabetico, pr\u00e9 diab\u00e9tico, o que e pre diabetes, o que \u00e9 pr\u00e9 diabetes, glicemia pr\u00e9 diabetes, o que significa pr\u00e9 diabetes, o que significa pr\u00e9-diabetes, o que \u00e9 pr\u00e9-diabetes, pr\u00e9 diabetes glicose, tratamento para pr\u00e9 diabetes, pre diabetes tratamento, tratamento pr\u00e9 diabetes, como tratar pre diabetes, tratamentos para pr\u00e9-diabetes, como tratar a pr\u00e9 diabetes\" srcset=\"https:\/\/www.grupomedcof.com.br\/blog\/wp-content\/uploads\/2023\/09\/Blog-MedCof-53-1024x576.png 1024w, https:\/\/www.grupomedcof.com.br\/blog\/wp-content\/uploads\/2023\/09\/Blog-MedCof-53-300x169.png 300w, https:\/\/www.grupomedcof.com.br\/blog\/wp-content\/uploads\/2023\/09\/Blog-MedCof-53-768x432.png 768w, https:\/\/www.grupomedcof.com.br\/blog\/wp-content\/uploads\/2023\/09\/Blog-MedCof-53-1536x864.png 1536w, https:\/\/www.grupomedcof.com.br\/blog\/wp-content\/uploads\/2023\/09\/Blog-MedCof-53-2048x1152.png 2048w\" sizes=\"auto, (max-width: 800px) 100vw, 800px\" \/>\t\t\t\t\t\t\t\t\t\t\t\t\t\t\t\n\t\t<p>As diretrizes de 2023 da <b>American Diabetes Association (ADA)<\/b> e da Sociedade Brasileira de Diabetes trazem atualiza\u00e7\u00f5es para tratar a pr\u00e9-diabetes.<\/p>\t\t\n\t\t\t<h4>\n\t\t\t\tResumo\t\t\t<\/h4>\n\t\t<h2 id=\"h-definicao-de-pre-diabetes\"><span class=\"ez-toc-section\" id=\"Definicao_de_pre-diabetes\"><\/span><strong>Defini\u00e7\u00e3o de pr\u00e9-diabetes<\/strong><span class=\"ez-toc-section-end\"><\/span><\/h2>\n<p><!-- \/wp:post-content --><!-- wp:paragraph --><\/p>\n<p>A <strong>Pr\u00e9-Diabetes<\/strong> \u00e9 uma nomenclatura utilizada para definir uma condi\u00e7\u00e3o cl\u00ednica que a evolu\u00e7\u00e3o natural, ou seja, na aus\u00eancia de interven\u00e7\u00f5es, levar\u00e1 ao Diabetes propriamente dito e suas complica\u00e7\u00f5es.<\/p>\n<p>\u00a0<\/p>\n<p><!-- \/wp:paragraph --><!-- wp:paragraph --><\/p>\n<p>Definimos a Pr\u00e9-DM com uma <strong>Glicemia de Jejum 100-126 mg\/dl<\/strong> ou <strong>Glicemia duas horas ap\u00f3s o TOTG 140-200 mg\/dl<\/strong> ou <strong>Hemoglobina Glicada 5,7-6,5 %.<\/strong><\/p>\t\t\n\t\t<p><!-- wp:paragraph \/--><!-- wp:heading --><\/p>\n<p><!-- \/wp:heading --><!-- wp:heading --><\/p>\n<h2 id=\"h-tratamento-da-pre-diabetes\"><span class=\"ez-toc-section\" id=\"Tratamento_da_pre-diabetes\"><\/span><strong>Tratamento da pr\u00e9-diabetes<\/strong><span class=\"ez-toc-section-end\"><\/span><\/h2>\n<p><!-- \/wp:heading --><!-- wp:paragraph --><\/p>\n<p>O tratamento para indiv\u00edduos diagnosticados com pr\u00e9-diabetes \u00e9 interdisciplinar e integral, entendendo que apesar de n\u00e3o ter o Diabetes estabelecido, esse paciente j\u00e1 tem um risco de morte e eventos cardiovasculares maiores do que a popula\u00e7\u00e3o geral.<\/p>\n<p>\u00a0<\/p>\n<p><!-- \/wp:paragraph --><!-- wp:paragraph --><\/p>\n<p>Al\u00e9m disso, \u00e9 importante realizar a triagem e tratar condi\u00e7\u00f5es que aumentem o risco cardiovascular como Hipertens\u00e3o, tabagismo e dislipidemias.<\/p>\n<p><!-- \/wp:paragraph --><!-- wp:heading --><\/p>\n<p><!-- \/wp:heading --><!-- wp:heading --><\/p>\n<p><!-- \/wp:heading --><!-- wp:heading \/--><!-- wp:paragraph \/--><!-- wp:heading \/--><\/p>\t\t\n\t\t\t\t\t\t\t\t\t\t\t\t\t\t\t\t<a href=\"https:\/\/www.grupomedcof.com.br\/blog\/qbank-medcof\/\">\n\t\t\t\t\t\t\t<img loading=\"lazy\" decoding=\"async\" width=\"800\" height=\"128\" src=\"https:\/\/www.grupomedcof.com.br\/blog\/wp-content\/uploads\/2023\/07\/Blog-MedCof-2023-07-06T091657.858-1024x164.png\" alt=\"medcof qbank, medcof aulas, grupo medcof, aulas medcof, qbank, banco de questoes medcof, medcof banco de questoes\" srcset=\"https:\/\/www.grupomedcof.com.br\/blog\/wp-content\/uploads\/2023\/07\/Blog-MedCof-2023-07-06T091657.858-1024x164.png 1024w, https:\/\/www.grupomedcof.com.br\/blog\/wp-content\/uploads\/2023\/07\/Blog-MedCof-2023-07-06T091657.858-300x48.png 300w, https:\/\/www.grupomedcof.com.br\/blog\/wp-content\/uploads\/2023\/07\/Blog-MedCof-2023-07-06T091657.858-768x123.png 768w, https:\/\/www.grupomedcof.com.br\/blog\/wp-content\/uploads\/2023\/07\/Blog-MedCof-2023-07-06T091657.858-1536x246.png 1536w, https:\/\/www.grupomedcof.com.br\/blog\/wp-content\/uploads\/2023\/07\/Blog-MedCof-2023-07-06T091657.858-2048x327.png 2048w\" sizes=\"auto, (max-width: 800px) 100vw, 800px\" \/>\t\t\t\t\t\t\t\t<\/a>\n\t\t<h2 id=\"h-pre-dm-sobrepeso-obesidade\"><span class=\"ez-toc-section\" id=\"Pre-DM_SobrepesoObesidade\"><\/span><strong>Pr\u00e9-DM + Sobrepeso\/Obesidade<\/strong><span class=\"ez-toc-section-end\"><\/span><\/h2>\n<p><!-- \/wp:paragraph --><!-- wp:paragraph --><\/p>\n<p>Est\u00e1 recomendado para <strong>todos<\/strong> pacientes que tenham um IMC elevado associado ao Pr\u00e9-Diabetes <strong>mudan\u00e7as do estilo de vida<\/strong> para atingir e manter uma <strong>redu\u00e7\u00e3o de peso de pelo menos 7%<\/strong> por meio de uma <strong>dieta saud\u00e1vel<\/strong> e <strong>atividade f\u00edsica<\/strong> de intensidade moderada <strong>\u2265 150 min\/semana.<\/strong><\/p>\t\t\n\t\t<h2 id=\"h-quando-considerar-o-tratamento-farmacologico-cm-metformina\"><span class=\"ez-toc-section\" id=\"Quando_considerar_o_tratamento_farmacologico_com_Metformina\"><\/span><strong>Quando considerar o tratamento farmacol\u00f3gico com Metformina?<\/strong><span class=\"ez-toc-section-end\"><\/span><\/h2>\n<p>\u00a0<\/p>\n<ul>\n<li>Pacientes entre 25-59 anos de idade, com IMC \u2265 35 kg\/m2, glicemia de jejum \u2265 110 mg\/dL, HbA1c \u2265 6,0%<\/li>\n<\/ul>\n<ul>\n<li>Mulheres com hist\u00f3ria de Diabetes Mellitus Gestacional.<\/li>\n<\/ul>\t\t\n\t\t<h2 id=\"h-historia-de-avc-resistencia-insulinica-pre-diabetes\"><span class=\"ez-toc-section\" id=\"Historia_de_AVC_Resistencia_insulinica_Pre-Diabetes\"><\/span><strong>Hist\u00f3ria de AVC + Resist\u00eancia insul\u00ednica + Pr\u00e9-Diabetes<\/strong><span class=\"ez-toc-section-end\"><\/span><\/h2>\n<p><!-- \/wp:paragraph --><!-- wp:paragraph --><\/p>\n<p>Nesses pacientes a <strong>Pioglitazona<\/strong> \u00e9 uma possibilidade para <strong>diminuir o risco de acidente vascular cerebral ou infarto do mioc\u00e1rdio.<\/strong><\/p>\n<p><strong>\u00a0<\/strong><\/p>\n<p><!-- \/wp:paragraph --><!-- wp:paragraph --><\/p>\n<p><strong>Cuidado<\/strong>: A pioglitazona est\u00e1 associada ao aumento do risco de ganho de peso, edema e fraturas, portanto, caso seja indicada, prescrever em baixas doses.<\/p>\t\t\n\t\t\t\t\t\t\t\t\t\t\t\t\t\t\t<img loading=\"lazy\" decoding=\"async\" width=\"800\" height=\"83\" src=\"https:\/\/www.grupomedcof.com.br\/blog\/wp-content\/uploads\/2023\/09\/Blog-MedCof-55-e1694018746720-1024x106.png\" alt=\"pre diabetes, pre diabets, pre-diabetes, pre diabeticos, pre diabetica, pre diabetico, pr\u00e9 diab\u00e9tico, o que e pre diabetes, o que \u00e9 pr\u00e9 diabetes, glicemia pr\u00e9 diabetes, o que significa pr\u00e9 diabetes, o que significa pr\u00e9-diabetes, o que \u00e9 pr\u00e9-diabetes, pr\u00e9 diabetes glicose, tratamento para pr\u00e9 diabetes, pre diabetes tratamento, tratamento pr\u00e9 diabetes, como tratar pre diabetes, tratamentos para pr\u00e9-diabetes, como tratar a pr\u00e9 diabetes\" srcset=\"https:\/\/www.grupomedcof.com.br\/blog\/wp-content\/uploads\/2023\/09\/Blog-MedCof-55-e1694018746720-1024x106.png 1024w, https:\/\/www.grupomedcof.com.br\/blog\/wp-content\/uploads\/2023\/09\/Blog-MedCof-55-e1694018746720-300x31.png 300w, https:\/\/www.grupomedcof.com.br\/blog\/wp-content\/uploads\/2023\/09\/Blog-MedCof-55-e1694018746720-768x79.png 768w, https:\/\/www.grupomedcof.com.br\/blog\/wp-content\/uploads\/2023\/09\/Blog-MedCof-55-e1694018746720-1536x158.png 1536w, https:\/\/www.grupomedcof.com.br\/blog\/wp-content\/uploads\/2023\/09\/Blog-MedCof-55-e1694018746720-2048x211.png 2048w\" sizes=\"auto, (max-width: 800px) 100vw, 800px\" \/>\t\t\t\t\t\t\t\t\t\t\t\t\t\t\t\n\t\t<h2 id=\"h-atencao-para-as-estatinas\"><span class=\"ez-toc-section\" id=\"Atencao_para_as_Estatinas\"><\/span><strong>Aten\u00e7\u00e3o para as Estatinas!<\/strong><span class=\"ez-toc-section-end\"><\/span><\/h2>\n<p>\u00a0<\/p>\n<p><b>Terapia com estatina pode aumentar o risco de DM2 em pacientes de alto risco.<\/b><\/p>\n<p><b>\u00a0<\/b><\/p>\n<p>Nesses indiv\u00edduos, o status glic\u00eamico deve ser monitorado regularmente e as abordagens de preven\u00e7\u00e3o do diabetes devem ser refor\u00e7adas. Entretanto, a recomenda\u00e7\u00e3o \u00e9 que as estatinas n\u00e3o sejam descontinuadas no tratamento das dislipidemias.<\/p>\n<p>\u00a0<\/p>\n<p>Por fim, \u00e9 importante ressaltar que as diretrizes de 2023 enfatizam uma abordagem individualizada no tratamento da pr\u00e9-diabetes, levando em considera\u00e7\u00e3o as caracter\u00edsticas e prefer\u00eancias de cada paciente. O objetivo principal \u00e9 prevenir ou atrasar a progress\u00e3o para a diabetes tipo 2, reduzir o risco cardiovascular e melhorar a qualidade de vida.<\/p>\t\t\n\t\t<h2><span class=\"ez-toc-section\" id=\"Conquiste_a_aprovacao\"><\/span><strong>Conquiste a aprova\u00e7\u00e3o<\/strong><span class=\"ez-toc-section-end\"><\/span><\/h2>\n<p><!-- \/wp:paragraph --><!-- wp:paragraph --><\/p>\n<p>As provas de resid\u00eancia est\u00e3o cada vez mais perto! Se voc\u00ea quer<strong>\u00a0<a href=\"https:\/\/www.grupomedcof.com.br\/blog\/presenca-da-medcof-nas-aprovacoes-em-residencia-medica-no-brasil\/\" target=\"_blank\" rel=\"noreferrer noopener\">ser mais um aprovado<\/a><\/strong>\u00a0nas melhores resid\u00eancias m\u00e9dicas do pa\u00eds, ent\u00e3o conhe\u00e7a o\u00a0<strong><a href=\"https:\/\/www.grupomedcof.com.br\/\" target=\"_blank\" rel=\"noreferrer noopener\">Grupo MedCof<\/a>!<\/strong> Temos um cat\u00e1logo repleto de cursos que te guiar\u00e3o na jornada para as provas de Resid\u00eancia M\u00e9dica que ocorrer\u00e3o em 2023\/2024.<\/p>\t\t\n\t\t\t\t\t\t\t\t\t\t\t\t\t\t\t\t<a href=\"https:\/\/www.grupomedcof.com.br\/\" target=\"_blank\" rel=\"noopener\">\n\t\t\t\t\t\t\t<img loading=\"lazy\" decoding=\"async\" width=\"800\" height=\"378\" src=\"https:\/\/www.grupomedcof.com.br\/blog\/wp-content\/uploads\/2023\/08\/Captura-de-tela-2023-08-16-103405-e1692192957450-1024x484.png\" alt=\"medcof residencia medica, curso Intensivo para Resid\u00eancia M\u00e9dica, curso para resid\u00eancia m\u00e9dica, medcof hiit, aulas medcof,\" srcset=\"https:\/\/www.grupomedcof.com.br\/blog\/wp-content\/uploads\/2023\/08\/Captura-de-tela-2023-08-16-103405-e1692192957450-1024x484.png 1024w, https:\/\/www.grupomedcof.com.br\/blog\/wp-content\/uploads\/2023\/08\/Captura-de-tela-2023-08-16-103405-e1692192957450-300x142.png 300w, https:\/\/www.grupomedcof.com.br\/blog\/wp-content\/uploads\/2023\/08\/Captura-de-tela-2023-08-16-103405-e1692192957450-768x363.png 768w, https:\/\/www.grupomedcof.com.br\/blog\/wp-content\/uploads\/2023\/08\/Captura-de-tela-2023-08-16-103405-e1692192957450.png 1145w\" sizes=\"auto, (max-width: 800px) 100vw, 800px\" \/>\t\t\t\t\t\t\t\t<\/a>","protected":false},"excerpt":{"rendered":"<p>A pr\u00e9-diabetes \u00e9 uma condi\u00e7\u00e3o caracterizada por n\u00edveis de glicose no sangue mais elevados do que o normal, mas ainda n\u00e3o suficientemente altos para serem classificados como diabetes tipo 2. <\/p>\n","protected":false},"author":10,"featured_media":12328,"comment_status":"open","ping_status":"open","sticky":false,"template":"","format":"standard","meta":{"footnotes":""},"categories":[115,94],"tags":[210,236],"ppma_author":[3613],"class_list":{"0":"post-12310","1":"post","2":"type-post","3":"status-publish","4":"format-standard","5":"has-post-thumbnail","7":"category-clinica-medica","8":"category-endocrinologia","9":"tag-clinica-medica","10":"tag-endocrinologia"},"yoast_head":"<!-- This site is optimized with the Yoast SEO Premium plugin v24.3 (Yoast SEO v27.4) - https:\/\/yoast.com\/product\/yoast-seo-premium-wordpress\/ -->\n<title>Pr\u00e9-diabetes: veja as atualiza\u00e7\u00f5es de 2023 sobre o tratamento - Blog de Medcof: conte\u00fados, editais, revalida e mais!<\/title>\n<meta name=\"description\" content=\"As diretrizes de 2023 da American Diabetes Association (ADA) e da Sociedade Brasileira de Diabetes trazem novidades para tratar a pr\u00e9-diabetes\" \/>\n<meta name=\"robots\" content=\"index, follow, max-snippet:-1, max-image-preview:large, max-video-preview:-1\" \/>\n<link rel=\"canonical\" href=\"https:\/\/www.grupomedcof.com.br\/blog\/pre-diabetes-veja-as-atualizacoes-de-2023-sobre-o-tratamento\/\" \/>\n<meta property=\"og:locale\" content=\"pt_BR\" \/>\n<meta property=\"og:type\" content=\"article\" \/>\n<meta property=\"og:title\" content=\"Pr\u00e9-diabetes: veja as atualiza\u00e7\u00f5es de 2023 sobre o tratamento\" \/>\n<meta property=\"og:description\" content=\"As diretrizes de 2023 da American Diabetes Association (ADA) e da Sociedade Brasileira de Diabetes trazem novidades para tratar a pr\u00e9-diabetes\" \/>\n<meta property=\"og:url\" content=\"https:\/\/www.grupomedcof.com.br\/blog\/pre-diabetes-veja-as-atualizacoes-de-2023-sobre-o-tratamento\/\" \/>\n<meta property=\"og:site_name\" content=\"Blog de Medcof: conte\u00fados, editais, revalida e mais!\" \/>\n<meta property=\"article:publisher\" content=\"https:\/\/www.facebook.com\/MedCofQbank\/\" \/>\n<meta property=\"article:published_time\" content=\"2023-09-06T16:46:43+00:00\" \/>\n<meta property=\"og:image\" content=\"https:\/\/www.grupomedcof.com.br\/blog\/wp-content\/uploads\/2023\/09\/Blog-MedCof-54-1024x576.png\" \/>\n\t<meta property=\"og:image:width\" content=\"1024\" \/>\n\t<meta property=\"og:image:height\" content=\"576\" \/>\n\t<meta property=\"og:image:type\" content=\"image\/png\" \/>\n<meta name=\"author\" content=\"Grupo MedCof\" \/>\n<meta name=\"twitter:card\" content=\"summary_large_image\" \/>\n<meta name=\"twitter:label1\" content=\"Escrito por\" \/>\n\t<meta name=\"twitter:data1\" content=\"Grupo MedCof\" \/>\n\t<meta name=\"twitter:label2\" content=\"Est. tempo de leitura\" \/>\n\t<meta name=\"twitter:data2\" content=\"6 minutos\" \/>\n<script type=\"application\/ld+json\" class=\"yoast-schema-graph\">{\"@context\":\"https:\\\/\\\/schema.org\",\"@graph\":[{\"@type\":\"Article\",\"@id\":\"https:\\\/\\\/www.grupomedcof.com.br\\\/blog\\\/pre-diabetes-veja-as-atualizacoes-de-2023-sobre-o-tratamento\\\/#article\",\"isPartOf\":{\"@id\":\"https:\\\/\\\/www.grupomedcof.com.br\\\/blog\\\/pre-diabetes-veja-as-atualizacoes-de-2023-sobre-o-tratamento\\\/\"},\"author\":{\"name\":\"Grupo MedCof\",\"@id\":\"https:\\\/\\\/www.grupomedcof.com.br\\\/blog\\\/#\\\/schema\\\/person\\\/5e56a3921255c01181f3d8c20d53f9c0\"},\"headline\":\"Pr\u00e9-diabetes: veja as atualiza\u00e7\u00f5es de 2023 sobre o tratamento\",\"datePublished\":\"2023-09-06T16:46:43+00:00\",\"mainEntityOfPage\":{\"@id\":\"https:\\\/\\\/www.grupomedcof.com.br\\\/blog\\\/pre-diabetes-veja-as-atualizacoes-de-2023-sobre-o-tratamento\\\/\"},\"wordCount\":477,\"commentCount\":0,\"publisher\":{\"@id\":\"https:\\\/\\\/www.grupomedcof.com.br\\\/blog\\\/#organization\"},\"image\":{\"@id\":\"https:\\\/\\\/www.grupomedcof.com.br\\\/blog\\\/pre-diabetes-veja-as-atualizacoes-de-2023-sobre-o-tratamento\\\/#primaryimage\"},\"thumbnailUrl\":\"https:\\\/\\\/www.grupomedcof.com.br\\\/blog\\\/wp-content\\\/uploads\\\/2023\\\/09\\\/Blog-MedCof-54.png\",\"keywords\":[\"Cl\u00ednica M\u00e9dica\",\"Endocrinologia\"],\"articleSection\":[\"Cl\u00ednica M\u00e9dica\",\"Endocrinologia\"],\"inLanguage\":\"pt-BR\"},{\"@type\":\"WebPage\",\"@id\":\"https:\\\/\\\/www.grupomedcof.com.br\\\/blog\\\/pre-diabetes-veja-as-atualizacoes-de-2023-sobre-o-tratamento\\\/\",\"url\":\"https:\\\/\\\/www.grupomedcof.com.br\\\/blog\\\/pre-diabetes-veja-as-atualizacoes-de-2023-sobre-o-tratamento\\\/\",\"name\":\"Pr\u00e9-diabetes: veja as atualiza\u00e7\u00f5es de 2023 sobre o tratamento - Blog de Medcof: conte\u00fados, editais, revalida e mais!\",\"isPartOf\":{\"@id\":\"https:\\\/\\\/www.grupomedcof.com.br\\\/blog\\\/#website\"},\"primaryImageOfPage\":{\"@id\":\"https:\\\/\\\/www.grupomedcof.com.br\\\/blog\\\/pre-diabetes-veja-as-atualizacoes-de-2023-sobre-o-tratamento\\\/#primaryimage\"},\"image\":{\"@id\":\"https:\\\/\\\/www.grupomedcof.com.br\\\/blog\\\/pre-diabetes-veja-as-atualizacoes-de-2023-sobre-o-tratamento\\\/#primaryimage\"},\"thumbnailUrl\":\"https:\\\/\\\/www.grupomedcof.com.br\\\/blog\\\/wp-content\\\/uploads\\\/2023\\\/09\\\/Blog-MedCof-54.png\",\"datePublished\":\"2023-09-06T16:46:43+00:00\",\"description\":\"As diretrizes de 2023 da American Diabetes Association (ADA) e da Sociedade Brasileira de Diabetes trazem novidades para tratar a pr\u00e9-diabetes\",\"breadcrumb\":{\"@id\":\"https:\\\/\\\/www.grupomedcof.com.br\\\/blog\\\/pre-diabetes-veja-as-atualizacoes-de-2023-sobre-o-tratamento\\\/#breadcrumb\"},\"inLanguage\":\"pt-BR\",\"potentialAction\":[{\"@type\":\"ReadAction\",\"target\":[\"https:\\\/\\\/www.grupomedcof.com.br\\\/blog\\\/pre-diabetes-veja-as-atualizacoes-de-2023-sobre-o-tratamento\\\/\"]}]},{\"@type\":\"ImageObject\",\"inLanguage\":\"pt-BR\",\"@id\":\"https:\\\/\\\/www.grupomedcof.com.br\\\/blog\\\/pre-diabetes-veja-as-atualizacoes-de-2023-sobre-o-tratamento\\\/#primaryimage\",\"url\":\"https:\\\/\\\/www.grupomedcof.com.br\\\/blog\\\/wp-content\\\/uploads\\\/2023\\\/09\\\/Blog-MedCof-54.png\",\"contentUrl\":\"https:\\\/\\\/www.grupomedcof.com.br\\\/blog\\\/wp-content\\\/uploads\\\/2023\\\/09\\\/Blog-MedCof-54.png\",\"width\":2560,\"height\":1440,\"caption\":\"pre diabetes, pre diabets, pre-diabetes, pre diabeticos, pre diabetica, pre diabetico, pr\u00e9 diab\u00e9tico, o que e pre diabetes, o que \u00e9 pr\u00e9 diabetes, glicemia pr\u00e9 diabetes, o que significa pr\u00e9 diabetes, o que significa pr\u00e9-diabetes, o que \u00e9 pr\u00e9-diabetes, pr\u00e9 diabetes glicose, tratamento para pr\u00e9 diabetes, pre diabetes tratamento, tratamento pr\u00e9 diabetes, como tratar pre diabetes, tratamentos para pr\u00e9-diabetes, como tratar a pr\u00e9 diabetes\"},{\"@type\":\"BreadcrumbList\",\"@id\":\"https:\\\/\\\/www.grupomedcof.com.br\\\/blog\\\/pre-diabetes-veja-as-atualizacoes-de-2023-sobre-o-tratamento\\\/#breadcrumb\",\"itemListElement\":[{\"@type\":\"ListItem\",\"position\":1,\"name\":\"In\u00edcio\",\"item\":\"https:\\\/\\\/www.grupomedcof.com.br\\\/blog\\\/\"},{\"@type\":\"ListItem\",\"position\":2,\"name\":\"Pr\u00e9-diabetes: veja as atualiza\u00e7\u00f5es de 2023 sobre o tratamento\"}]},{\"@type\":\"WebSite\",\"@id\":\"https:\\\/\\\/www.grupomedcof.com.br\\\/blog\\\/#website\",\"url\":\"https:\\\/\\\/www.grupomedcof.com.br\\\/blog\\\/\",\"name\":\"Blog de Medcof: conte\u00fados, editais, revalida e mais!\",\"description\":\"Acesso o blog de MedCof! Seu portal de conte\u00fados sobre resid\u00eancia m\u00e9dica, an\u00e1lise e editais e muito mais. Clique e confira!\",\"publisher\":{\"@id\":\"https:\\\/\\\/www.grupomedcof.com.br\\\/blog\\\/#organization\"},\"alternateName\":\"Blog de Medcof: conte\u00fados, editais, revalida e mais!\",\"potentialAction\":[{\"@type\":\"SearchAction\",\"target\":{\"@type\":\"EntryPoint\",\"urlTemplate\":\"https:\\\/\\\/www.grupomedcof.com.br\\\/blog\\\/?s={search_term_string}\"},\"query-input\":{\"@type\":\"PropertyValueSpecification\",\"valueRequired\":true,\"valueName\":\"search_term_string\"}}],\"inLanguage\":\"pt-BR\"},{\"@type\":\"Organization\",\"@id\":\"https:\\\/\\\/www.grupomedcof.com.br\\\/blog\\\/#organization\",\"name\":\"Grupo MedCof\",\"url\":\"https:\\\/\\\/www.grupomedcof.com.br\\\/blog\\\/\",\"logo\":{\"@type\":\"ImageObject\",\"inLanguage\":\"pt-BR\",\"@id\":\"https:\\\/\\\/www.grupomedcof.com.br\\\/blog\\\/#\\\/schema\\\/logo\\\/image\\\/\",\"url\":\"https:\\\/\\\/www.grupomedcof.com.br\\\/blog\\\/wp-content\\\/uploads\\\/2022\\\/01\\\/logo-medcof.png\",\"contentUrl\":\"https:\\\/\\\/www.grupomedcof.com.br\\\/blog\\\/wp-content\\\/uploads\\\/2022\\\/01\\\/logo-medcof.png\",\"width\":768,\"height\":269,\"caption\":\"Grupo MedCof\"},\"image\":{\"@id\":\"https:\\\/\\\/www.grupomedcof.com.br\\\/blog\\\/#\\\/schema\\\/logo\\\/image\\\/\"},\"sameAs\":[\"https:\\\/\\\/www.facebook.com\\\/MedCofQbank\\\/\",\"https:\\\/\\\/www.instagram.com\\\/grupomedcof\\\/\",\"https:\\\/\\\/br.linkedin.com\\\/company\\\/medcof\",\"https:\\\/\\\/www.youtube.com\\\/channel\\\/UCdHMuOHKICxcHwecxN8P-AA\"]},{\"@type\":\"Person\",\"@id\":\"https:\\\/\\\/www.grupomedcof.com.br\\\/blog\\\/#\\\/schema\\\/person\\\/5e56a3921255c01181f3d8c20d53f9c0\",\"name\":\"Grupo MedCof\",\"image\":{\"@type\":\"ImageObject\",\"inLanguage\":\"pt-BR\",\"@id\":\"https:\\\/\\\/www.grupomedcof.com.br\\\/blog\\\/wp-content\\\/uploads\\\/2023\\\/04\\\/cropped-cropped-cropped-cropped-logo-96x96.png28585d174f19c23095510da5f63bc127\",\"url\":\"https:\\\/\\\/www.grupomedcof.com.br\\\/blog\\\/wp-content\\\/uploads\\\/2023\\\/04\\\/cropped-cropped-cropped-cropped-logo-96x96.png\",\"contentUrl\":\"https:\\\/\\\/www.grupomedcof.com.br\\\/blog\\\/wp-content\\\/uploads\\\/2023\\\/04\\\/cropped-cropped-cropped-cropped-logo-96x96.png\",\"caption\":\"Grupo MedCof\"},\"description\":\"Tendo aulas baseadas em quest\u00f5es, + de 115 subespecialistas dispon\u00edveis e uma metodologia \u00fanica, voc\u00ea pode se juntar ao nosso time que conta com mais de 10 mil ...\",\"url\":\"https:\\\/\\\/www.grupomedcof.com.br\\\/blog\\\/author\\\/grupo-medcof\\\/\"}]}<\/script>\n<!-- \/ Yoast SEO Premium plugin. -->","yoast_head_json":{"title":"Pr\u00e9-diabetes: veja as atualiza\u00e7\u00f5es de 2023 sobre o tratamento - Blog de Medcof: conte\u00fados, editais, revalida e mais!","description":"As diretrizes de 2023 da American Diabetes Association (ADA) e da Sociedade Brasileira de Diabetes trazem novidades para tratar a pr\u00e9-diabetes","robots":{"index":"index","follow":"follow","max-snippet":"max-snippet:-1","max-image-preview":"max-image-preview:large","max-video-preview":"max-video-preview:-1"},"canonical":"https:\/\/www.grupomedcof.com.br\/blog\/pre-diabetes-veja-as-atualizacoes-de-2023-sobre-o-tratamento\/","og_locale":"pt_BR","og_type":"article","og_title":"Pr\u00e9-diabetes: veja as atualiza\u00e7\u00f5es de 2023 sobre o tratamento","og_description":"As diretrizes de 2023 da American Diabetes Association (ADA) e da Sociedade Brasileira de Diabetes trazem novidades para tratar a pr\u00e9-diabetes","og_url":"https:\/\/www.grupomedcof.com.br\/blog\/pre-diabetes-veja-as-atualizacoes-de-2023-sobre-o-tratamento\/","og_site_name":"Blog de Medcof: conte\u00fados, editais, revalida e mais!","article_publisher":"https:\/\/www.facebook.com\/MedCofQbank\/","article_published_time":"2023-09-06T16:46:43+00:00","og_image":[{"width":1024,"height":576,"url":"https:\/\/www.grupomedcof.com.br\/blog\/wp-content\/uploads\/2023\/09\/Blog-MedCof-54-1024x576.png","type":"image\/png"}],"author":"Grupo MedCof","twitter_card":"summary_large_image","twitter_misc":{"Escrito por":"Grupo MedCof","Est. tempo de leitura":"6 minutos"},"schema":{"@context":"https:\/\/schema.org","@graph":[{"@type":"Article","@id":"https:\/\/www.grupomedcof.com.br\/blog\/pre-diabetes-veja-as-atualizacoes-de-2023-sobre-o-tratamento\/#article","isPartOf":{"@id":"https:\/\/www.grupomedcof.com.br\/blog\/pre-diabetes-veja-as-atualizacoes-de-2023-sobre-o-tratamento\/"},"author":{"name":"Grupo MedCof","@id":"https:\/\/www.grupomedcof.com.br\/blog\/#\/schema\/person\/5e56a3921255c01181f3d8c20d53f9c0"},"headline":"Pr\u00e9-diabetes: veja as atualiza\u00e7\u00f5es de 2023 sobre o tratamento","datePublished":"2023-09-06T16:46:43+00:00","mainEntityOfPage":{"@id":"https:\/\/www.grupomedcof.com.br\/blog\/pre-diabetes-veja-as-atualizacoes-de-2023-sobre-o-tratamento\/"},"wordCount":477,"commentCount":0,"publisher":{"@id":"https:\/\/www.grupomedcof.com.br\/blog\/#organization"},"image":{"@id":"https:\/\/www.grupomedcof.com.br\/blog\/pre-diabetes-veja-as-atualizacoes-de-2023-sobre-o-tratamento\/#primaryimage"},"thumbnailUrl":"https:\/\/www.grupomedcof.com.br\/blog\/wp-content\/uploads\/2023\/09\/Blog-MedCof-54.png","keywords":["Cl\u00ednica M\u00e9dica","Endocrinologia"],"articleSection":["Cl\u00ednica M\u00e9dica","Endocrinologia"],"inLanguage":"pt-BR"},{"@type":"WebPage","@id":"https:\/\/www.grupomedcof.com.br\/blog\/pre-diabetes-veja-as-atualizacoes-de-2023-sobre-o-tratamento\/","url":"https:\/\/www.grupomedcof.com.br\/blog\/pre-diabetes-veja-as-atualizacoes-de-2023-sobre-o-tratamento\/","name":"Pr\u00e9-diabetes: veja as atualiza\u00e7\u00f5es de 2023 sobre o tratamento - Blog de Medcof: conte\u00fados, editais, revalida e mais!","isPartOf":{"@id":"https:\/\/www.grupomedcof.com.br\/blog\/#website"},"primaryImageOfPage":{"@id":"https:\/\/www.grupomedcof.com.br\/blog\/pre-diabetes-veja-as-atualizacoes-de-2023-sobre-o-tratamento\/#primaryimage"},"image":{"@id":"https:\/\/www.grupomedcof.com.br\/blog\/pre-diabetes-veja-as-atualizacoes-de-2023-sobre-o-tratamento\/#primaryimage"},"thumbnailUrl":"https:\/\/www.grupomedcof.com.br\/blog\/wp-content\/uploads\/2023\/09\/Blog-MedCof-54.png","datePublished":"2023-09-06T16:46:43+00:00","description":"As diretrizes de 2023 da American Diabetes Association (ADA) e da Sociedade Brasileira de Diabetes trazem novidades para tratar a pr\u00e9-diabetes","breadcrumb":{"@id":"https:\/\/www.grupomedcof.com.br\/blog\/pre-diabetes-veja-as-atualizacoes-de-2023-sobre-o-tratamento\/#breadcrumb"},"inLanguage":"pt-BR","potentialAction":[{"@type":"ReadAction","target":["https:\/\/www.grupomedcof.com.br\/blog\/pre-diabetes-veja-as-atualizacoes-de-2023-sobre-o-tratamento\/"]}]},{"@type":"ImageObject","inLanguage":"pt-BR","@id":"https:\/\/www.grupomedcof.com.br\/blog\/pre-diabetes-veja-as-atualizacoes-de-2023-sobre-o-tratamento\/#primaryimage","url":"https:\/\/www.grupomedcof.com.br\/blog\/wp-content\/uploads\/2023\/09\/Blog-MedCof-54.png","contentUrl":"https:\/\/www.grupomedcof.com.br\/blog\/wp-content\/uploads\/2023\/09\/Blog-MedCof-54.png","width":2560,"height":1440,"caption":"pre diabetes, pre diabets, pre-diabetes, pre diabeticos, pre diabetica, pre diabetico, pr\u00e9 diab\u00e9tico, o que e pre diabetes, o que \u00e9 pr\u00e9 diabetes, glicemia pr\u00e9 diabetes, o que significa pr\u00e9 diabetes, o que significa pr\u00e9-diabetes, o que \u00e9 pr\u00e9-diabetes, pr\u00e9 diabetes glicose, tratamento para pr\u00e9 diabetes, pre diabetes tratamento, tratamento pr\u00e9 diabetes, como tratar pre diabetes, tratamentos para pr\u00e9-diabetes, como tratar a pr\u00e9 diabetes"},{"@type":"BreadcrumbList","@id":"https:\/\/www.grupomedcof.com.br\/blog\/pre-diabetes-veja-as-atualizacoes-de-2023-sobre-o-tratamento\/#breadcrumb","itemListElement":[{"@type":"ListItem","position":1,"name":"In\u00edcio","item":"https:\/\/www.grupomedcof.com.br\/blog\/"},{"@type":"ListItem","position":2,"name":"Pr\u00e9-diabetes: veja as atualiza\u00e7\u00f5es de 2023 sobre o tratamento"}]},{"@type":"WebSite","@id":"https:\/\/www.grupomedcof.com.br\/blog\/#website","url":"https:\/\/www.grupomedcof.com.br\/blog\/","name":"Blog de Medcof: conte\u00fados, editais, revalida e mais!","description":"Acesso o blog de MedCof! Seu portal de conte\u00fados sobre resid\u00eancia m\u00e9dica, an\u00e1lise e editais e muito mais. Clique e confira!","publisher":{"@id":"https:\/\/www.grupomedcof.com.br\/blog\/#organization"},"alternateName":"Blog de Medcof: conte\u00fados, editais, revalida e mais!","potentialAction":[{"@type":"SearchAction","target":{"@type":"EntryPoint","urlTemplate":"https:\/\/www.grupomedcof.com.br\/blog\/?s={search_term_string}"},"query-input":{"@type":"PropertyValueSpecification","valueRequired":true,"valueName":"search_term_string"}}],"inLanguage":"pt-BR"},{"@type":"Organization","@id":"https:\/\/www.grupomedcof.com.br\/blog\/#organization","name":"Grupo MedCof","url":"https:\/\/www.grupomedcof.com.br\/blog\/","logo":{"@type":"ImageObject","inLanguage":"pt-BR","@id":"https:\/\/www.grupomedcof.com.br\/blog\/#\/schema\/logo\/image\/","url":"https:\/\/www.grupomedcof.com.br\/blog\/wp-content\/uploads\/2022\/01\/logo-medcof.png","contentUrl":"https:\/\/www.grupomedcof.com.br\/blog\/wp-content\/uploads\/2022\/01\/logo-medcof.png","width":768,"height":269,"caption":"Grupo MedCof"},"image":{"@id":"https:\/\/www.grupomedcof.com.br\/blog\/#\/schema\/logo\/image\/"},"sameAs":["https:\/\/www.facebook.com\/MedCofQbank\/","https:\/\/www.instagram.com\/grupomedcof\/","https:\/\/br.linkedin.com\/company\/medcof","https:\/\/www.youtube.com\/channel\/UCdHMuOHKICxcHwecxN8P-AA"]},{"@type":"Person","@id":"https:\/\/www.grupomedcof.com.br\/blog\/#\/schema\/person\/5e56a3921255c01181f3d8c20d53f9c0","name":"Grupo MedCof","image":{"@type":"ImageObject","inLanguage":"pt-BR","@id":"https:\/\/www.grupomedcof.com.br\/blog\/wp-content\/uploads\/2023\/04\/cropped-cropped-cropped-cropped-logo-96x96.png28585d174f19c23095510da5f63bc127","url":"https:\/\/www.grupomedcof.com.br\/blog\/wp-content\/uploads\/2023\/04\/cropped-cropped-cropped-cropped-logo-96x96.png","contentUrl":"https:\/\/www.grupomedcof.com.br\/blog\/wp-content\/uploads\/2023\/04\/cropped-cropped-cropped-cropped-logo-96x96.png","caption":"Grupo MedCof"},"description":"Tendo aulas baseadas em quest\u00f5es, + de 115 subespecialistas dispon\u00edveis e uma metodologia \u00fanica, voc\u00ea pode se juntar ao nosso time que conta com mais de 10 mil ...","url":"https:\/\/www.grupomedcof.com.br\/blog\/author\/grupo-medcof\/"}]}},"authors":[{"term_id":3613,"user_id":10,"is_guest":0,"slug":"grupo-medcof","display_name":"Grupo MedCof","avatar_url":"https:\/\/www.grupomedcof.com.br\/blog\/wp-content\/uploads\/2023\/04\/cropped-cropped-cropped-cropped-logo-96x96.png","0":null,"1":"","2":"","3":"","4":"","5":"","6":"","7":"","8":""}],"_links":{"self":[{"href":"https:\/\/www.grupomedcof.com.br\/blog\/wp-json\/wp\/v2\/posts\/12310","targetHints":{"allow":["GET"]}}],"collection":[{"href":"https:\/\/www.grupomedcof.com.br\/blog\/wp-json\/wp\/v2\/posts"}],"about":[{"href":"https:\/\/www.grupomedcof.com.br\/blog\/wp-json\/wp\/v2\/types\/post"}],"author":[{"embeddable":true,"href":"https:\/\/www.grupomedcof.com.br\/blog\/wp-json\/wp\/v2\/users\/10"}],"replies":[{"embeddable":true,"href":"https:\/\/www.grupomedcof.com.br\/blog\/wp-json\/wp\/v2\/comments?post=12310"}],"version-history":[{"count":0,"href":"https:\/\/www.grupomedcof.com.br\/blog\/wp-json\/wp\/v2\/posts\/12310\/revisions"}],"wp:featuredmedia":[{"embeddable":true,"href":"https:\/\/www.grupomedcof.com.br\/blog\/wp-json\/wp\/v2\/media\/12328"}],"wp:attachment":[{"href":"https:\/\/www.grupomedcof.com.br\/blog\/wp-json\/wp\/v2\/media?parent=12310"}],"wp:term":[{"taxonomy":"category","embeddable":true,"href":"https:\/\/www.grupomedcof.com.br\/blog\/wp-json\/wp\/v2\/categories?post=12310"},{"taxonomy":"post_tag","embeddable":true,"href":"https:\/\/www.grupomedcof.com.br\/blog\/wp-json\/wp\/v2\/tags?post=12310"},{"taxonomy":"author","embeddable":true,"href":"https:\/\/www.grupomedcof.com.br\/blog\/wp-json\/wp\/v2\/ppma_author?post=12310"}],"curies":[{"name":"wp","href":"https:\/\/api.w.org\/{rel}","templated":true}]}}