{"id":12426,"date":"2023-09-11T11:11:18","date_gmt":"2023-09-11T14:11:18","guid":{"rendered":"https:\/\/www.grupomedcof.com.br\/blog\/?p=12426"},"modified":"2023-09-11T11:11:18","modified_gmt":"2023-09-11T14:11:18","slug":"edital-residencia-medica-surce-2024","status":"publish","type":"post","link":"https:\/\/www.grupomedcof.com.br\/blog\/edital-residencia-medica-surce-2024\/","title":{"rendered":"Edital Resid\u00eancia M\u00e9dica SURCE 2024"},"content":{"rendered":"<div id=\"ez-toc-container\" class=\"ez-toc-v2_0_74 counter-hierarchy ez-toc-counter ez-toc-transparent ez-toc-container-direction\">\n<div class=\"ez-toc-title-container\">\n<p class=\"ez-toc-title\" style=\"cursor:inherit\">Sum\u00e1rio<\/p>\n<span class=\"ez-toc-title-toggle\"><a href=\"#\" class=\"ez-toc-pull-right ez-toc-btn ez-toc-btn-xs ez-toc-btn-default ez-toc-toggle\" aria-label=\"Alternar tabela de conte\u00fado\"><span class=\"ez-toc-js-icon-con\"><span class=\"\"><span class=\"eztoc-hide\" style=\"display:none;\">Toggle<\/span><span class=\"ez-toc-icon-toggle-span\"><svg style=\"fill: #999;color:#999\" xmlns=\"http:\/\/www.w3.org\/2000\/svg\" class=\"list-377408\" width=\"20px\" height=\"20px\" viewBox=\"0 0 24 24\" fill=\"none\"><path d=\"M6 6H4v2h2V6zm14 0H8v2h12V6zM4 11h2v2H4v-2zm16 0H8v2h12v-2zM4 16h2v2H4v-2zm16 0H8v2h12v-2z\" fill=\"currentColor\"><\/path><\/svg><svg style=\"fill: #999;color:#999\" class=\"arrow-unsorted-368013\" xmlns=\"http:\/\/www.w3.org\/2000\/svg\" width=\"10px\" height=\"10px\" viewBox=\"0 0 24 24\" version=\"1.2\" baseProfile=\"tiny\"><path d=\"M18.2 9.3l-6.2-6.3-6.2 6.3c-.2.2-.3.4-.3.7s.1.5.3.7c.2.2.4.3.7.3h11c.3 0 .5-.1.7-.3.2-.2.3-.5.3-.7s-.1-.5-.3-.7zM5.8 14.7l6.2 6.3 6.2-6.3c.2-.2.3-.5.3-.7s-.1-.5-.3-.7c-.2-.2-.4-.3-.7-.3h-11c-.3 0-.5.1-.7.3-.2.2-.3.5-.3.7s.1.5.3.7z\"\/><\/svg><\/span><\/span><\/span><\/a><\/span><\/div>\n<nav><ul class='ez-toc-list ez-toc-list-level-1 ' ><li class='ez-toc-page-1 ez-toc-heading-level-2'><a class=\"ez-toc-link ez-toc-heading-1\" href=\"https:\/\/www.grupomedcof.com.br\/blog\/edital-residencia-medica-surce-2024\/#Edital_Residencia_Medica_SURCE_2024\" >Edital Resid\u00eancia M\u00e9dica SURCE 2024<\/a><\/li><li class='ez-toc-page-1 ez-toc-heading-level-2'><a class=\"ez-toc-link ez-toc-heading-2\" href=\"https:\/\/www.grupomedcof.com.br\/blog\/edital-residencia-medica-surce-2024\/#Edital_de_cada_programa\" >Edital de cada programa<\/a><\/li><li class='ez-toc-page-1 ez-toc-heading-level-2'><a class=\"ez-toc-link ez-toc-heading-3\" href=\"https:\/\/www.grupomedcof.com.br\/blog\/edital-residencia-medica-surce-2024\/#SURCE_2024_Instituicoes_participantes\" >SURCE 2024: Institui\u00e7\u00f5es participantes<\/a><\/li><li class='ez-toc-page-1 ez-toc-heading-level-2'><a class=\"ez-toc-link ez-toc-heading-4\" href=\"https:\/\/www.grupomedcof.com.br\/blog\/edital-residencia-medica-surce-2024\/#Cronograma_Residencia_Medica_SURCE_20232024\" >Cronograma Resid\u00eancia M\u00e9dica SURCE 2023\/2024<\/a><\/li><li class='ez-toc-page-1 ez-toc-heading-level-2'><a class=\"ez-toc-link ez-toc-heading-5\" href=\"https:\/\/www.grupomedcof.com.br\/blog\/edital-residencia-medica-surce-2024\/#Conquiste_a_aprovacao\" >Conquiste a aprova\u00e7\u00e3o<\/a><\/li><\/ul><\/nav><\/div>\n<img loading=\"lazy\" decoding=\"async\" width=\"800\" height=\"450\" src=\"https:\/\/www.grupomedcof.com.br\/blog\/wp-content\/uploads\/2023\/09\/Blog-MedCof-17-1024x576.png\" alt=\"ares resid\u00eancia 2023, ares residencia, surce 2023 edital, prova surce 2023, surce 2024, inscri\u00e7\u00e3o surce. surce residencia medica 2023, edital surce 2023, edital surce, surce, surce 2023, surce residencia medica, surce resid\u00eancia m\u00e9dica,\" srcset=\"https:\/\/www.grupomedcof.com.br\/blog\/wp-content\/uploads\/2023\/09\/Blog-MedCof-17-1024x576.png 1024w, https:\/\/www.grupomedcof.com.br\/blog\/wp-content\/uploads\/2023\/09\/Blog-MedCof-17-300x169.png 300w, https:\/\/www.grupomedcof.com.br\/blog\/wp-content\/uploads\/2023\/09\/Blog-MedCof-17-768x432.png 768w, https:\/\/www.grupomedcof.com.br\/blog\/wp-content\/uploads\/2023\/09\/Blog-MedCof-17-1536x864.png 1536w, https:\/\/www.grupomedcof.com.br\/blog\/wp-content\/uploads\/2023\/09\/Blog-MedCof-17-2048x1152.png 2048w\" sizes=\"auto, (max-width: 800px) 100vw, 800px\" \/>\t\t\t\t\t\t\t\t\t\t\t\t\t\t\t\n\t\t<p>Durante o feriado de 07 de setembro, a SURCE publicou o <strong>edital detalhado<\/strong> de cada programa de resid\u00eancia m\u00e9dica com ingresso em 2024. Assim, s\u00e3o <strong>652 vagas<\/strong> ofertadas com as inscri\u00e7\u00f5es ocorrendo entre os dias<strong> 04 e 10 de outubro\u00a0<\/strong><\/p>\t\t\n\t\t\t<h4>\n\t\t\t\tSaiba mais\t\t\t<\/h4>\n\t\t<h2 id=\"h-edital-residencia-medica-surce-2024\" style=\"font-family: Poppins, sans-serif; color: #7a7a7a;\"><span class=\"ez-toc-section\" id=\"Edital_Residencia_Medica_SURCE_2024\"><\/span><strong>Edital Resid\u00eancia M\u00e9dica SURCE 2024<\/strong><span class=\"ez-toc-section-end\"><\/span><\/h2>\n<p>Dispon\u00edveis atrav\u00e9s do site ARES, Apoio \u00e0s Resid\u00eancias em Sa\u00fade, respons\u00e1vel pelo processo seletivo, os <strong><a href=\"https:\/\/www.resmedceara.ufc.br\/ares\/processo-seletivo-resmed\" target=\"_blank&quot;rel=&quot;nofollow&quot;\" rel=\"noopener\">editais para cada programa<\/a>\u00a0<\/strong>de resid\u00eancia m\u00e9dica da SURCE detalham n\u00e3o apenas fases avaliativas como tamb\u00e9m confirmam algumas <strong><a href=\"https:\/\/www.grupomedcof.com.br\/blog\/prova-teorica-surce-2024-data-confirmada\/\" target=\"_blank\" rel=\"noopener\">informa\u00e7\u00f5es j\u00e1 divulgadas anteriormente.<\/a><\/strong><\/p>\n<p>\u00a0<\/p>\n<p>Dessa forma, com a taxa de inscri\u00e7\u00e3o definida em\u00a0R$ 300,00, os candidatos ainda poder\u00e3o solicitar a\u00a0isen\u00e7\u00e3o do valor entre os dias 11 e 12 deste m\u00eas.<\/p>\n<p>\u00a0<\/p>\n<p>Ademais, a SURCE 2024 contar\u00e1 com duas fases avaliativas sendo a primeira uma\u00a0prova objetiva no dia 02 de novembro, e a segunda uma an\u00e1lise curricular para aqueles que obterem o\u00a0m\u00ednimo de 50% de acertos na prova.<\/p>\t\t\n\t\t\t\t\t\t\t\t\t\t\t\t\t\t\t\t<a href=\"https:\/\/www.grupomedcof.com.br\/blog\/qbank-medcof\/\" target=\"_blank\" rel=\"noopener\">\n\t\t\t\t\t\t\t<img loading=\"lazy\" decoding=\"async\" width=\"800\" height=\"128\" src=\"https:\/\/www.grupomedcof.com.br\/blog\/wp-content\/uploads\/2023\/07\/Blog-MedCof-2023-07-06T091657.858-1024x164.png\" alt=\"medcof qbank, medcof aulas, grupo medcof, aulas medcof, qbank, banco de questoes medcof, medcof banco de questoes\" srcset=\"https:\/\/www.grupomedcof.com.br\/blog\/wp-content\/uploads\/2023\/07\/Blog-MedCof-2023-07-06T091657.858-1024x164.png 1024w, https:\/\/www.grupomedcof.com.br\/blog\/wp-content\/uploads\/2023\/07\/Blog-MedCof-2023-07-06T091657.858-300x48.png 300w, https:\/\/www.grupomedcof.com.br\/blog\/wp-content\/uploads\/2023\/07\/Blog-MedCof-2023-07-06T091657.858-768x123.png 768w, https:\/\/www.grupomedcof.com.br\/blog\/wp-content\/uploads\/2023\/07\/Blog-MedCof-2023-07-06T091657.858-1536x246.png 1536w, https:\/\/www.grupomedcof.com.br\/blog\/wp-content\/uploads\/2023\/07\/Blog-MedCof-2023-07-06T091657.858-2048x327.png 2048w\" sizes=\"auto, (max-width: 800px) 100vw, 800px\" \/>\t\t\t\t\t\t\t\t<\/a>\n\t\t<h2 id=\"h-editais-de-cada-programa\" style=\"font-family: Poppins, sans-serif; color: #7a7a7a;\"><span class=\"ez-toc-section\" id=\"Edital_de_cada_programa\"><\/span><strong>Edital de cada programa<\/strong><span class=\"ez-toc-section-end\"><\/span><\/h2>\n<p>Sendo assim, veja a seguir a composi\u00e7\u00e3o da 1\u00aa fase para cada programa:<\/p>\n<p>&nbsp;<\/p>\n<p><a href=\"https:\/\/www.resmedceara.ufc.br\/ares\/wp-content\/uploads\/2023\/09\/Edital-AD-060923-22h40_230906_225405.pdf\"target=\"_blank\"rel=\"nofollow\">Acesso direto<\/a>:\u00a0100 quest\u00f5es\u00a0divididas igualmente entre as 5 grandes \u00e1reas m\u00e9dicas, contabilizando 1 ponto cada e com tempo de resolu\u00e7\u00e3o de 4 horas;<\/p>\n<p>&nbsp;<\/p>\n<p><a href=\"https:\/\/www.resmedceara.ufc.br\/ares\/wp-content\/uploads\/2023\/09\/Edital-PR-060923-22h44_230906_225342.pdf\"target=\"_blank\"rel=\"nofollow\">Pr\u00e9-requisito:<\/a>\u00a040 quest\u00f5es\u00a0correspondentes \u00e0 \u00e1rea escolhida, 2,5 pontos cada e horas de dura\u00e7\u00e3o ;<\/p>\n<p><a href=\"https:\/\/www.resmedceara.ufc.br\/ares\/wp-content\/uploads\/2023\/09\/Edital-AA-060923-22h45_230906_225422.pdf\"target=\"_blank\"rel=\"nofollow\">\u00c1reas de Atua\u00e7\u00e3o e Anos Adicionais:<\/a>\u00a020 quest\u00f5es\u00a0correspondentes \u00e0 \u00e1rea de Pr\u00e9-Requisito escolhida, 5 pontos cada e 2 horas de dura\u00e7\u00e3o.<\/p>\t\t\n\t\t<h2 id=\"h-surce-2024-instituicoes-participantes\" style=\"font-family: Poppins, sans-serif; color: #7a7a7a;\"><span class=\"ez-toc-section\" id=\"SURCE_2024_Instituicoes_participantes\"><\/span><strong>SURCE 2024: Institui\u00e7\u00f5es participantes<\/strong><span class=\"ez-toc-section-end\"><\/span><\/h2>\n<p>Al\u00e9m das 28 institui\u00e7\u00f5es participantes, voc\u00ea tamb\u00e9m pode conferir quantas vagas h\u00e1 por<b> <a href=\"https:\/\/www.grupomedcof.com.br\/blog\/surce-2023-2024-vagas-e-instituicoes-participantes\/\" target=\"_blank\" rel=\"noopener\">especialidade<\/a><\/b>\u00a0e por\u00a0<b><a href=\"https:\/\/www.grupomedcof.com.br\/blog\/surce-2024-vagas-por-instituicao\/\" target=\"_blank\" rel=\"noopener\">institui\u00e7\u00e3o<\/a>\u00a0<\/b>atrav\u00e9s do nosso blog!<\/p>\t\t\n\t\t<ol style=\"font-size: 16px; background-color: rgb(255, 255, 255);\"><li style=\"font-size: 16px;\">Centro de Refer\u00eancia Nacional em Dermatologia Sanit\u00e1ria Dona Lib\u00e2nia<\/li><li style=\"font-size: 16px;\">Centro Universit\u00e1rio Est\u00e1cio do Cear\u00e1 \u2013 Campus Quixad\u00e1<\/li><li style=\"font-size: 16px;\">Escola de Sa\u00fade P\u00fablica \u2013 ESP-REDE<\/li><li style=\"font-size: 16px;\">Escola de Sa\u00fade P\u00fablica \u2013 ESP\/REDE\/HGF<\/li><li style=\"font-size: 16px;\">Escola de Sa\u00fade P\u00fablica-Iguatu \u2013 ESP\/IGUATU<\/li><li style=\"font-size: 16px;\">Faculdade Est\u00e1cio de Canind\u00e9 \u2013 Est\u00e1cio Canind\u00e9<\/li><li style=\"font-size: 16px;\">Funda\u00e7\u00e3o de Ci\u00eancia e Pesquisa Maria Ione Xerez Vasconcelos \u2013 FUNCIPE<\/li><li style=\"font-size: 16px;\">Hospital da Unimed<\/li><li style=\"font-size: 16px;\">Hospital de Brejo Santo<\/li><li style=\"font-size: 16px;\">Hospital de Messejana Dr. Carlos Alberto Studart Gomes \u2013 HM<\/li><li style=\"font-size: 16px;\">Hospital De Sa\u00fade Mental Professor Frota Pinto \u2013 HSMM<\/li><li style=\"font-size: 16px;\">Hospital Geral de Fortaleza \u2013 HGF<\/li><li style=\"font-size: 16px;\">Hospital Geral Doutor C\u00e9sar Cals \u2013 HGCC<\/li><li style=\"font-size: 16px;\">Hospital Geral Waldemar Alc\u00e2ntara<\/li><li style=\"font-size: 16px;\">Hospital Infantil Albert Sabin \u2013 HIAS<\/li><li style=\"font-size: 16px;\">Hospital Regional do Cear\u00e1 \u2013 HRC<\/li><li style=\"font-size: 16px;\">Hospital Regional Norte \u2013 Sobral<\/li><li style=\"font-size: 16px;\">Hospital S\u00e3o Jos\u00e9 \u2013 HSJ<\/li><li style=\"font-size: 16px;\">Hospital Universit\u00e1rio Water Cant\u00eddio\/Maternidade Escola Assis Chateaubriand \u2013 HUWC\/MEAC<\/li><li style=\"font-size: 16px;\">Instituto do C\u00e2ncer do Cear\u00e1 \u2013 ICC<\/li><li style=\"font-size: 16px;\">Instituto Doutor Jos\u00e9 Frota \u2013 IJF<\/li><li style=\"font-size: 16px;\">Santa Casa de Miseric\u00f3rdia de Fortaleza \u2013 SCMF<\/li><li style=\"font-size: 16px;\">Santa Casa de Miseric\u00f3rdia de Sobral \u2013 SCMS<\/li><li style=\"font-size: 16px;\">Secretaria Municipal de Sa\u00fade de Fortaleza \u2013 SMS Fortaleza<\/li><li style=\"font-size: 16px;\">Secretaria Municipal de Sobral \u2013 SMS Sobral<\/li><li style=\"font-size: 16px;\">UNINTA \u2013 Centro Universit\u00e1rio INTA<\/li><li style=\"font-size: 16px;\">Universidade de Fortaleza \u2013 UNIFOR<\/li><li style=\"font-size: 16px;\">Universidade Federal Cariri \u2013 UFCA<\/li><\/ol>\t\t\n\t\t\t\t\t\t\t\t\t\t\t\t\t\t\t\t<a href=\"https:\/\/www.grupomedcof.com.br\/hands-on-curso\/\" target=\"_blank\" rel=\"noopener\">\n\t\t\t\t\t\t\t<img loading=\"lazy\" decoding=\"async\" width=\"800\" height=\"101\" src=\"https:\/\/www.grupomedcof.com.br\/blog\/wp-content\/uploads\/2023\/08\/Blog-MedCof-2023-08-03T155030.071-1024x129.png\" alt=\"medcof residencia medica, curso Intensivo para Resid\u00eancia M\u00e9dica, curso para resid\u00eancia m\u00e9dica, medcof reta final dominada, reta final dominada, aulas medcof,\" srcset=\"https:\/\/www.grupomedcof.com.br\/blog\/wp-content\/uploads\/2023\/08\/Blog-MedCof-2023-08-03T155030.071-1024x129.png 1024w, https:\/\/www.grupomedcof.com.br\/blog\/wp-content\/uploads\/2023\/08\/Blog-MedCof-2023-08-03T155030.071-300x38.png 300w, https:\/\/www.grupomedcof.com.br\/blog\/wp-content\/uploads\/2023\/08\/Blog-MedCof-2023-08-03T155030.071-768x97.png 768w, https:\/\/www.grupomedcof.com.br\/blog\/wp-content\/uploads\/2023\/08\/Blog-MedCof-2023-08-03T155030.071-1536x193.png 1536w, https:\/\/www.grupomedcof.com.br\/blog\/wp-content\/uploads\/2023\/08\/Blog-MedCof-2023-08-03T155030.071-2048x258.png 2048w\" sizes=\"auto, (max-width: 800px) 100vw, 800px\" \/>\t\t\t\t\t\t\t\t<\/a>\n\t\t<h2 id=\"h-cronograma-residencia-medica-surce-2023-2024\" style=\"font-family: Poppins, sans-serif; color: #7a7a7a;\"><span class=\"ez-toc-section\" id=\"Cronograma_Residencia_Medica_SURCE_20232024\"><\/span><strong>Cronograma Resid\u00eancia M\u00e9dica SURCE 2023\/2024<\/strong><span class=\"ez-toc-section-end\"><\/span><\/h2>\n<p>Por fim, veja o cronograma com as principais datas do processo seletivo da Sele\u00e7\u00e3o Unificada para Resid\u00eancia M\u00e9dica do Estado do Cear\u00e1, a SURCE 2024:<\/p>\n<p><\/p>\n<ul>\n<li><b>Isen\u00e7\u00e3o:<\/b> 11 a 12\/09\/2023<\/li>\n<li><b>Inscri\u00e7\u00f5es: <\/b>04 a 10\/10\/2023<\/li>\n<li><b>Local de Prova: <\/b>30\/10\/2023<\/li>\n<li><b>Prova Objetiva e Gabarito preliminar: <\/b>02\/11\/2023<\/li>\n<li><b>Recursos: <\/b>03 a 06\/11\/2023<\/li>\n<li><b>Gabarito definitivo:<\/b> 14\/11\/2023<\/li>\n<li><b>Resultado Final da Prova Objetiva e Classificados para a 2\u00aa fase: <\/b>21\/11\/2023<\/li>\n<li><b>Envio dos documentos para an\u00e1lise: <\/b>22 a 29\/11\/2023<\/li>\n<li>Resultado preliminar da an\u00e1lise: 04\/01\/2024<\/li>\n<li>Recursos:&nbsp;05 a 08\/01\/2024<\/li>\n<li>Resultado Final da 2\u00aa fase:&nbsp;16\/01\/2024<\/li>\n<li>1\u00aa convoca\u00e7\u00e3o:&nbsp;19\/01\/2024<\/li>\n<li>Matr\u00edculas:&nbsp;30 a 31\/01\/2024<\/li>\n<li>In\u00edcio dos programas:&nbsp;01\/03\/2024<\/li>\n<\/ul>\t\t\n\t\t<p><\/p>\n<p><\/p>\n<p><\/p>\n<h2 class=\"wp-block-heading\"><span class=\"ez-toc-section\" id=\"Conquiste_a_aprovacao\"><\/span><strong style=\"color: inherit; font-family: inherit; font-size: 2rem;\">Conquiste a aprova\u00e7\u00e3o<\/strong><span class=\"ez-toc-section-end\"><\/span><\/h2>\n<p><\/p>\n<p><\/p>\n<p>As provas de resid\u00eancia m\u00e9dica est\u00e3o cada vez mais perto! Se voc\u00ea quer<a href=\"https:\/\/www.grupomedcof.com.br\/blog\/presenca-da-medcof-nas-aprovacoes-em-residencia-medica-no-brasil\/\" target=\"_blank\" rel=\"noreferrer noopener\">\u00a0<strong>ser mais\u00a0um aprovado<\/strong>\u00a0<\/a>nas vagas das melhores institui\u00e7\u00f5es do pa\u00eds, ent\u00e3o conhe\u00e7a o<strong><a href=\"https:\/\/www.grupomedcof.com.br\/\" target=\"_blank\" rel=\"noreferrer noopener\">\u00a0Grupo\u00a0MedCof<\/a>!\u00a0<\/strong>Temos um cat\u00e1logo repleto de cursos que te guiar\u00e3o na jornada para as provas de Resid\u00eancia M\u00e9dica que ocorrer\u00e3o em 2023\/2024!<\/p>\n<p><\/p>\t\t\n\t\t\t\t\t\t\t\t\t\t\t\t\t\t\t\t<a href=\"https:\/\/www.grupomedcof.com.br\/\" target=\"_blank\" rel=\"noopener\">\n\t\t\t\t\t\t\t<img loading=\"lazy\" decoding=\"async\" width=\"800\" height=\"378\" src=\"https:\/\/www.grupomedcof.com.br\/blog\/wp-content\/uploads\/2023\/08\/Captura-de-tela-2023-08-16-103405-e1692192957450-1024x484.png\" alt=\"medcof residencia medica, curso Intensivo para Resid\u00eancia M\u00e9dica, curso para resid\u00eancia m\u00e9dica, medcof hiit, aulas medcof,\" srcset=\"https:\/\/www.grupomedcof.com.br\/blog\/wp-content\/uploads\/2023\/08\/Captura-de-tela-2023-08-16-103405-e1692192957450-1024x484.png 1024w, https:\/\/www.grupomedcof.com.br\/blog\/wp-content\/uploads\/2023\/08\/Captura-de-tela-2023-08-16-103405-e1692192957450-300x142.png 300w, https:\/\/www.grupomedcof.com.br\/blog\/wp-content\/uploads\/2023\/08\/Captura-de-tela-2023-08-16-103405-e1692192957450-768x363.png 768w, https:\/\/www.grupomedcof.com.br\/blog\/wp-content\/uploads\/2023\/08\/Captura-de-tela-2023-08-16-103405-e1692192957450.png 1145w\" sizes=\"auto, (max-width: 800px) 100vw, 800px\" \/>\t\t\t\t\t\t\t\t<\/a>","protected":false},"excerpt":{"rendered":"<p>Durante o feriado de 07 de setembro, a SURCE publicou o edital detalhado de cada programa de resid\u00eancia m\u00e9dica com ingresso em 2024.<\/p>\n","protected":false},"author":6,"featured_media":12427,"comment_status":"open","ping_status":"open","sticky":false,"template":"","format":"standard","meta":{"footnotes":""},"categories":[10,174],"tags":[245,93,117,68,252],"ppma_author":[3609],"class_list":{"0":"post-12426","1":"post","2":"type-post","3":"status-publish","4":"format-standard","5":"has-post-thumbnail","7":"category-raio-x-editais","8":"category-residencia-medica","9":"tag-acesso-direto","10":"tag-especialidades-medicas","11":"tag-provas-de-residencia","12":"tag-residencia-medica","13":"tag-surce"},"yoast_head":"<!-- This site is optimized with the Yoast SEO Premium plugin v24.3 (Yoast SEO v27.4) - https:\/\/yoast.com\/product\/yoast-seo-premium-wordpress\/ -->\n<title>Edital Resid\u00eancia M\u00e9dica SURCE 2024 - Blog de Medcof: conte\u00fados, editais, revalida e mais!<\/title>\n<meta name=\"description\" content=\"Durante o feriado de 07 de setembro, a SURCE publicou o edital detalhado de cada programa de resid\u00eancia m\u00e9dica com ingresso em 2024.\" \/>\n<meta name=\"robots\" content=\"index, follow, max-snippet:-1, max-image-preview:large, max-video-preview:-1\" \/>\n<link rel=\"canonical\" href=\"https:\/\/www.grupomedcof.com.br\/blog\/edital-residencia-medica-surce-2024\/\" \/>\n<meta property=\"og:locale\" content=\"pt_BR\" \/>\n<meta property=\"og:type\" content=\"article\" \/>\n<meta property=\"og:title\" content=\"Edital Resid\u00eancia M\u00e9dica SURCE 2024\" \/>\n<meta property=\"og:description\" content=\"Durante o feriado de 07 de setembro, a SURCE publicou o edital detalhado de cada programa de resid\u00eancia m\u00e9dica com ingresso em 2024.\" \/>\n<meta property=\"og:url\" content=\"https:\/\/www.grupomedcof.com.br\/blog\/edital-residencia-medica-surce-2024\/\" \/>\n<meta property=\"og:site_name\" content=\"Blog de Medcof: conte\u00fados, editais, revalida e mais!\" \/>\n<meta property=\"article:publisher\" content=\"https:\/\/www.facebook.com\/MedCofQbank\/\" \/>\n<meta property=\"article:published_time\" content=\"2023-09-11T14:11:18+00:00\" \/>\n<meta property=\"og:image\" content=\"https:\/\/www.grupomedcof.com.br\/blog\/wp-content\/uploads\/2023\/09\/Blog-MedCof-17-1024x576.png\" \/>\n\t<meta property=\"og:image:width\" content=\"1024\" \/>\n\t<meta property=\"og:image:height\" content=\"576\" \/>\n\t<meta property=\"og:image:type\" content=\"image\/png\" \/>\n<meta name=\"author\" content=\"J\u00falia Moreira\" \/>\n<meta name=\"twitter:card\" content=\"summary_large_image\" \/>\n<meta name=\"twitter:label1\" content=\"Escrito por\" \/>\n\t<meta name=\"twitter:data1\" content=\"J\u00falia Moreira\" \/>\n\t<meta name=\"twitter:label2\" content=\"Est. tempo de leitura\" \/>\n\t<meta name=\"twitter:data2\" content=\"7 minutos\" \/>\n<script type=\"application\/ld+json\" class=\"yoast-schema-graph\">{\"@context\":\"https:\\\/\\\/schema.org\",\"@graph\":[{\"@type\":\"Article\",\"@id\":\"https:\\\/\\\/www.grupomedcof.com.br\\\/blog\\\/edital-residencia-medica-surce-2024\\\/#article\",\"isPartOf\":{\"@id\":\"https:\\\/\\\/www.grupomedcof.com.br\\\/blog\\\/edital-residencia-medica-surce-2024\\\/\"},\"author\":{\"name\":\"J\u00falia Moreira\",\"@id\":\"https:\\\/\\\/www.grupomedcof.com.br\\\/blog\\\/#\\\/schema\\\/person\\\/1375e0ce724529d7a1d8156ea7f8ceaa\"},\"headline\":\"Edital Resid\u00eancia M\u00e9dica SURCE 2024\",\"datePublished\":\"2023-09-11T14:11:18+00:00\",\"mainEntityOfPage\":{\"@id\":\"https:\\\/\\\/www.grupomedcof.com.br\\\/blog\\\/edital-residencia-medica-surce-2024\\\/\"},\"wordCount\":625,\"commentCount\":0,\"publisher\":{\"@id\":\"https:\\\/\\\/www.grupomedcof.com.br\\\/blog\\\/#organization\"},\"image\":{\"@id\":\"https:\\\/\\\/www.grupomedcof.com.br\\\/blog\\\/edital-residencia-medica-surce-2024\\\/#primaryimage\"},\"thumbnailUrl\":\"https:\\\/\\\/www.grupomedcof.com.br\\\/blog\\\/wp-content\\\/uploads\\\/2023\\\/09\\\/Blog-MedCof-17.png\",\"keywords\":[\"Acesso Direto\",\"Especialidades m\u00e9dicas\",\"Provas de Resid\u00eancia\",\"Resid\u00eancia M\u00e9dica\",\"SURCE\"],\"articleSection\":[\"Raio-X Editais\",\"Resid\u00eancia m\u00e9dica: editais, resultados, temas quentes e mais\"],\"inLanguage\":\"pt-BR\"},{\"@type\":\"WebPage\",\"@id\":\"https:\\\/\\\/www.grupomedcof.com.br\\\/blog\\\/edital-residencia-medica-surce-2024\\\/\",\"url\":\"https:\\\/\\\/www.grupomedcof.com.br\\\/blog\\\/edital-residencia-medica-surce-2024\\\/\",\"name\":\"Edital Resid\u00eancia M\u00e9dica SURCE 2024 - Blog de Medcof: conte\u00fados, editais, revalida e mais!\",\"isPartOf\":{\"@id\":\"https:\\\/\\\/www.grupomedcof.com.br\\\/blog\\\/#website\"},\"primaryImageOfPage\":{\"@id\":\"https:\\\/\\\/www.grupomedcof.com.br\\\/blog\\\/edital-residencia-medica-surce-2024\\\/#primaryimage\"},\"image\":{\"@id\":\"https:\\\/\\\/www.grupomedcof.com.br\\\/blog\\\/edital-residencia-medica-surce-2024\\\/#primaryimage\"},\"thumbnailUrl\":\"https:\\\/\\\/www.grupomedcof.com.br\\\/blog\\\/wp-content\\\/uploads\\\/2023\\\/09\\\/Blog-MedCof-17.png\",\"datePublished\":\"2023-09-11T14:11:18+00:00\",\"description\":\"Durante o feriado de 07 de setembro, a SURCE publicou o edital detalhado de cada programa de resid\u00eancia m\u00e9dica com ingresso em 2024.\",\"breadcrumb\":{\"@id\":\"https:\\\/\\\/www.grupomedcof.com.br\\\/blog\\\/edital-residencia-medica-surce-2024\\\/#breadcrumb\"},\"inLanguage\":\"pt-BR\",\"potentialAction\":[{\"@type\":\"ReadAction\",\"target\":[\"https:\\\/\\\/www.grupomedcof.com.br\\\/blog\\\/edital-residencia-medica-surce-2024\\\/\"]}]},{\"@type\":\"ImageObject\",\"inLanguage\":\"pt-BR\",\"@id\":\"https:\\\/\\\/www.grupomedcof.com.br\\\/blog\\\/edital-residencia-medica-surce-2024\\\/#primaryimage\",\"url\":\"https:\\\/\\\/www.grupomedcof.com.br\\\/blog\\\/wp-content\\\/uploads\\\/2023\\\/09\\\/Blog-MedCof-17.png\",\"contentUrl\":\"https:\\\/\\\/www.grupomedcof.com.br\\\/blog\\\/wp-content\\\/uploads\\\/2023\\\/09\\\/Blog-MedCof-17.png\",\"width\":2560,\"height\":1440,\"caption\":\"Durante o feriado de 07 de setembro, a SURCE publicou o edital detalhado de cada programa de resid\u00eancia m\u00e9dica com ingresso em 2024.\"},{\"@type\":\"BreadcrumbList\",\"@id\":\"https:\\\/\\\/www.grupomedcof.com.br\\\/blog\\\/edital-residencia-medica-surce-2024\\\/#breadcrumb\",\"itemListElement\":[{\"@type\":\"ListItem\",\"position\":1,\"name\":\"In\u00edcio\",\"item\":\"https:\\\/\\\/www.grupomedcof.com.br\\\/blog\\\/\"},{\"@type\":\"ListItem\",\"position\":2,\"name\":\"Edital Resid\u00eancia M\u00e9dica SURCE 2024\"}]},{\"@type\":\"WebSite\",\"@id\":\"https:\\\/\\\/www.grupomedcof.com.br\\\/blog\\\/#website\",\"url\":\"https:\\\/\\\/www.grupomedcof.com.br\\\/blog\\\/\",\"name\":\"Blog de Medcof: conte\u00fados, editais, revalida e mais!\",\"description\":\"Acesso o blog de MedCof! Seu portal de conte\u00fados sobre resid\u00eancia m\u00e9dica, an\u00e1lise e editais e muito mais. Clique e confira!\",\"publisher\":{\"@id\":\"https:\\\/\\\/www.grupomedcof.com.br\\\/blog\\\/#organization\"},\"alternateName\":\"Blog de Medcof: conte\u00fados, editais, revalida e mais!\",\"potentialAction\":[{\"@type\":\"SearchAction\",\"target\":{\"@type\":\"EntryPoint\",\"urlTemplate\":\"https:\\\/\\\/www.grupomedcof.com.br\\\/blog\\\/?s={search_term_string}\"},\"query-input\":{\"@type\":\"PropertyValueSpecification\",\"valueRequired\":true,\"valueName\":\"search_term_string\"}}],\"inLanguage\":\"pt-BR\"},{\"@type\":\"Organization\",\"@id\":\"https:\\\/\\\/www.grupomedcof.com.br\\\/blog\\\/#organization\",\"name\":\"Grupo MedCof\",\"url\":\"https:\\\/\\\/www.grupomedcof.com.br\\\/blog\\\/\",\"logo\":{\"@type\":\"ImageObject\",\"inLanguage\":\"pt-BR\",\"@id\":\"https:\\\/\\\/www.grupomedcof.com.br\\\/blog\\\/#\\\/schema\\\/logo\\\/image\\\/\",\"url\":\"https:\\\/\\\/www.grupomedcof.com.br\\\/blog\\\/wp-content\\\/uploads\\\/2022\\\/01\\\/logo-medcof.png\",\"contentUrl\":\"https:\\\/\\\/www.grupomedcof.com.br\\\/blog\\\/wp-content\\\/uploads\\\/2022\\\/01\\\/logo-medcof.png\",\"width\":768,\"height\":269,\"caption\":\"Grupo MedCof\"},\"image\":{\"@id\":\"https:\\\/\\\/www.grupomedcof.com.br\\\/blog\\\/#\\\/schema\\\/logo\\\/image\\\/\"},\"sameAs\":[\"https:\\\/\\\/www.facebook.com\\\/MedCofQbank\\\/\",\"https:\\\/\\\/www.instagram.com\\\/grupomedcof\\\/\",\"https:\\\/\\\/br.linkedin.com\\\/company\\\/medcof\",\"https:\\\/\\\/www.youtube.com\\\/channel\\\/UCdHMuOHKICxcHwecxN8P-AA\"]},{\"@type\":\"Person\",\"@id\":\"https:\\\/\\\/www.grupomedcof.com.br\\\/blog\\\/#\\\/schema\\\/person\\\/1375e0ce724529d7a1d8156ea7f8ceaa\",\"name\":\"J\u00falia Moreira\",\"image\":{\"@type\":\"ImageObject\",\"inLanguage\":\"pt-BR\",\"@id\":\"https:\\\/\\\/www.grupomedcof.com.br\\\/blog\\\/wp-content\\\/uploads\\\/2024\\\/12\\\/cropped-Captura-de-tela-2023-12-15-094946-96x96.png6a0083ac34a0445de97d55fae63a4a41\",\"url\":\"https:\\\/\\\/www.grupomedcof.com.br\\\/blog\\\/wp-content\\\/uploads\\\/2024\\\/12\\\/cropped-Captura-de-tela-2023-12-15-094946-96x96.png\",\"contentUrl\":\"https:\\\/\\\/www.grupomedcof.com.br\\\/blog\\\/wp-content\\\/uploads\\\/2024\\\/12\\\/cropped-Captura-de-tela-2023-12-15-094946-96x96.png\",\"caption\":\"J\u00falia Moreira\"},\"description\":\"Estudante do 8\u00ba semestre de Jornalismo na ECA-USP, f\u00e3 de filmes de terror e m\u00fasica popular sul-coreana.\",\"sameAs\":[\"https:\\\/\\\/www.grupomedcof.com.br\\\/\"],\"url\":\"https:\\\/\\\/www.grupomedcof.com.br\\\/blog\\\/author\\\/julia\\\/\"}]}<\/script>\n<!-- \/ Yoast SEO Premium plugin. -->","yoast_head_json":{"title":"Edital Resid\u00eancia M\u00e9dica SURCE 2024 - Blog de Medcof: conte\u00fados, editais, revalida e mais!","description":"Durante o feriado de 07 de setembro, a SURCE publicou o edital detalhado de cada programa de resid\u00eancia m\u00e9dica com ingresso em 2024.","robots":{"index":"index","follow":"follow","max-snippet":"max-snippet:-1","max-image-preview":"max-image-preview:large","max-video-preview":"max-video-preview:-1"},"canonical":"https:\/\/www.grupomedcof.com.br\/blog\/edital-residencia-medica-surce-2024\/","og_locale":"pt_BR","og_type":"article","og_title":"Edital Resid\u00eancia M\u00e9dica SURCE 2024","og_description":"Durante o feriado de 07 de setembro, a SURCE publicou o edital detalhado de cada programa de resid\u00eancia m\u00e9dica com ingresso em 2024.","og_url":"https:\/\/www.grupomedcof.com.br\/blog\/edital-residencia-medica-surce-2024\/","og_site_name":"Blog de Medcof: conte\u00fados, editais, revalida e mais!","article_publisher":"https:\/\/www.facebook.com\/MedCofQbank\/","article_published_time":"2023-09-11T14:11:18+00:00","og_image":[{"width":1024,"height":576,"url":"https:\/\/www.grupomedcof.com.br\/blog\/wp-content\/uploads\/2023\/09\/Blog-MedCof-17-1024x576.png","type":"image\/png"}],"author":"J\u00falia Moreira","twitter_card":"summary_large_image","twitter_misc":{"Escrito por":"J\u00falia Moreira","Est. tempo de leitura":"7 minutos"},"schema":{"@context":"https:\/\/schema.org","@graph":[{"@type":"Article","@id":"https:\/\/www.grupomedcof.com.br\/blog\/edital-residencia-medica-surce-2024\/#article","isPartOf":{"@id":"https:\/\/www.grupomedcof.com.br\/blog\/edital-residencia-medica-surce-2024\/"},"author":{"name":"J\u00falia Moreira","@id":"https:\/\/www.grupomedcof.com.br\/blog\/#\/schema\/person\/1375e0ce724529d7a1d8156ea7f8ceaa"},"headline":"Edital Resid\u00eancia M\u00e9dica SURCE 2024","datePublished":"2023-09-11T14:11:18+00:00","mainEntityOfPage":{"@id":"https:\/\/www.grupomedcof.com.br\/blog\/edital-residencia-medica-surce-2024\/"},"wordCount":625,"commentCount":0,"publisher":{"@id":"https:\/\/www.grupomedcof.com.br\/blog\/#organization"},"image":{"@id":"https:\/\/www.grupomedcof.com.br\/blog\/edital-residencia-medica-surce-2024\/#primaryimage"},"thumbnailUrl":"https:\/\/www.grupomedcof.com.br\/blog\/wp-content\/uploads\/2023\/09\/Blog-MedCof-17.png","keywords":["Acesso Direto","Especialidades m\u00e9dicas","Provas de Resid\u00eancia","Resid\u00eancia M\u00e9dica","SURCE"],"articleSection":["Raio-X Editais","Resid\u00eancia m\u00e9dica: editais, resultados, temas quentes e mais"],"inLanguage":"pt-BR"},{"@type":"WebPage","@id":"https:\/\/www.grupomedcof.com.br\/blog\/edital-residencia-medica-surce-2024\/","url":"https:\/\/www.grupomedcof.com.br\/blog\/edital-residencia-medica-surce-2024\/","name":"Edital Resid\u00eancia M\u00e9dica SURCE 2024 - Blog de Medcof: conte\u00fados, editais, revalida e mais!","isPartOf":{"@id":"https:\/\/www.grupomedcof.com.br\/blog\/#website"},"primaryImageOfPage":{"@id":"https:\/\/www.grupomedcof.com.br\/blog\/edital-residencia-medica-surce-2024\/#primaryimage"},"image":{"@id":"https:\/\/www.grupomedcof.com.br\/blog\/edital-residencia-medica-surce-2024\/#primaryimage"},"thumbnailUrl":"https:\/\/www.grupomedcof.com.br\/blog\/wp-content\/uploads\/2023\/09\/Blog-MedCof-17.png","datePublished":"2023-09-11T14:11:18+00:00","description":"Durante o feriado de 07 de setembro, a SURCE publicou o edital detalhado de cada programa de resid\u00eancia m\u00e9dica com ingresso em 2024.","breadcrumb":{"@id":"https:\/\/www.grupomedcof.com.br\/blog\/edital-residencia-medica-surce-2024\/#breadcrumb"},"inLanguage":"pt-BR","potentialAction":[{"@type":"ReadAction","target":["https:\/\/www.grupomedcof.com.br\/blog\/edital-residencia-medica-surce-2024\/"]}]},{"@type":"ImageObject","inLanguage":"pt-BR","@id":"https:\/\/www.grupomedcof.com.br\/blog\/edital-residencia-medica-surce-2024\/#primaryimage","url":"https:\/\/www.grupomedcof.com.br\/blog\/wp-content\/uploads\/2023\/09\/Blog-MedCof-17.png","contentUrl":"https:\/\/www.grupomedcof.com.br\/blog\/wp-content\/uploads\/2023\/09\/Blog-MedCof-17.png","width":2560,"height":1440,"caption":"Durante o feriado de 07 de setembro, a SURCE publicou o edital detalhado de cada programa de resid\u00eancia m\u00e9dica com ingresso em 2024."},{"@type":"BreadcrumbList","@id":"https:\/\/www.grupomedcof.com.br\/blog\/edital-residencia-medica-surce-2024\/#breadcrumb","itemListElement":[{"@type":"ListItem","position":1,"name":"In\u00edcio","item":"https:\/\/www.grupomedcof.com.br\/blog\/"},{"@type":"ListItem","position":2,"name":"Edital Resid\u00eancia M\u00e9dica SURCE 2024"}]},{"@type":"WebSite","@id":"https:\/\/www.grupomedcof.com.br\/blog\/#website","url":"https:\/\/www.grupomedcof.com.br\/blog\/","name":"Blog de Medcof: conte\u00fados, editais, revalida e mais!","description":"Acesso o blog de MedCof! Seu portal de conte\u00fados sobre resid\u00eancia m\u00e9dica, an\u00e1lise e editais e muito mais. Clique e confira!","publisher":{"@id":"https:\/\/www.grupomedcof.com.br\/blog\/#organization"},"alternateName":"Blog de Medcof: conte\u00fados, editais, revalida e mais!","potentialAction":[{"@type":"SearchAction","target":{"@type":"EntryPoint","urlTemplate":"https:\/\/www.grupomedcof.com.br\/blog\/?s={search_term_string}"},"query-input":{"@type":"PropertyValueSpecification","valueRequired":true,"valueName":"search_term_string"}}],"inLanguage":"pt-BR"},{"@type":"Organization","@id":"https:\/\/www.grupomedcof.com.br\/blog\/#organization","name":"Grupo MedCof","url":"https:\/\/www.grupomedcof.com.br\/blog\/","logo":{"@type":"ImageObject","inLanguage":"pt-BR","@id":"https:\/\/www.grupomedcof.com.br\/blog\/#\/schema\/logo\/image\/","url":"https:\/\/www.grupomedcof.com.br\/blog\/wp-content\/uploads\/2022\/01\/logo-medcof.png","contentUrl":"https:\/\/www.grupomedcof.com.br\/blog\/wp-content\/uploads\/2022\/01\/logo-medcof.png","width":768,"height":269,"caption":"Grupo MedCof"},"image":{"@id":"https:\/\/www.grupomedcof.com.br\/blog\/#\/schema\/logo\/image\/"},"sameAs":["https:\/\/www.facebook.com\/MedCofQbank\/","https:\/\/www.instagram.com\/grupomedcof\/","https:\/\/br.linkedin.com\/company\/medcof","https:\/\/www.youtube.com\/channel\/UCdHMuOHKICxcHwecxN8P-AA"]},{"@type":"Person","@id":"https:\/\/www.grupomedcof.com.br\/blog\/#\/schema\/person\/1375e0ce724529d7a1d8156ea7f8ceaa","name":"J\u00falia Moreira","image":{"@type":"ImageObject","inLanguage":"pt-BR","@id":"https:\/\/www.grupomedcof.com.br\/blog\/wp-content\/uploads\/2024\/12\/cropped-Captura-de-tela-2023-12-15-094946-96x96.png6a0083ac34a0445de97d55fae63a4a41","url":"https:\/\/www.grupomedcof.com.br\/blog\/wp-content\/uploads\/2024\/12\/cropped-Captura-de-tela-2023-12-15-094946-96x96.png","contentUrl":"https:\/\/www.grupomedcof.com.br\/blog\/wp-content\/uploads\/2024\/12\/cropped-Captura-de-tela-2023-12-15-094946-96x96.png","caption":"J\u00falia Moreira"},"description":"Estudante do 8\u00ba semestre de Jornalismo na ECA-USP, f\u00e3 de filmes de terror e m\u00fasica popular sul-coreana.","sameAs":["https:\/\/www.grupomedcof.com.br\/"],"url":"https:\/\/www.grupomedcof.com.br\/blog\/author\/julia\/"}]}},"authors":[{"term_id":3609,"user_id":6,"is_guest":0,"slug":"julia","display_name":"J\u00falia Moreira","avatar_url":"https:\/\/www.grupomedcof.com.br\/blog\/wp-content\/uploads\/2024\/12\/cropped-Captura-de-tela-2023-12-15-094946-96x96.png","0":null,"1":"","2":"","3":"","4":"","5":"","6":"","7":"","8":""}],"_links":{"self":[{"href":"https:\/\/www.grupomedcof.com.br\/blog\/wp-json\/wp\/v2\/posts\/12426","targetHints":{"allow":["GET"]}}],"collection":[{"href":"https:\/\/www.grupomedcof.com.br\/blog\/wp-json\/wp\/v2\/posts"}],"about":[{"href":"https:\/\/www.grupomedcof.com.br\/blog\/wp-json\/wp\/v2\/types\/post"}],"author":[{"embeddable":true,"href":"https:\/\/www.grupomedcof.com.br\/blog\/wp-json\/wp\/v2\/users\/6"}],"replies":[{"embeddable":true,"href":"https:\/\/www.grupomedcof.com.br\/blog\/wp-json\/wp\/v2\/comments?post=12426"}],"version-history":[{"count":0,"href":"https:\/\/www.grupomedcof.com.br\/blog\/wp-json\/wp\/v2\/posts\/12426\/revisions"}],"wp:featuredmedia":[{"embeddable":true,"href":"https:\/\/www.grupomedcof.com.br\/blog\/wp-json\/wp\/v2\/media\/12427"}],"wp:attachment":[{"href":"https:\/\/www.grupomedcof.com.br\/blog\/wp-json\/wp\/v2\/media?parent=12426"}],"wp:term":[{"taxonomy":"category","embeddable":true,"href":"https:\/\/www.grupomedcof.com.br\/blog\/wp-json\/wp\/v2\/categories?post=12426"},{"taxonomy":"post_tag","embeddable":true,"href":"https:\/\/www.grupomedcof.com.br\/blog\/wp-json\/wp\/v2\/tags?post=12426"},{"taxonomy":"author","embeddable":true,"href":"https:\/\/www.grupomedcof.com.br\/blog\/wp-json\/wp\/v2\/ppma_author?post=12426"}],"curies":[{"name":"wp","href":"https:\/\/api.w.org\/{rel}","templated":true}]}}