{"id":12787,"date":"2023-09-13T12:19:37","date_gmt":"2023-09-13T15:19:37","guid":{"rendered":"https:\/\/www.grupomedcof.com.br\/blog\/?p=12787"},"modified":"2024-08-13T13:18:10","modified_gmt":"2024-08-13T16:18:10","slug":"atualizacao-das-regras-para-publicidade-medica-pela-cfm","status":"publish","type":"post","link":"https:\/\/www.grupomedcof.com.br\/blog\/atualizacao-das-regras-para-publicidade-medica-pela-cfm\/","title":{"rendered":"Atualiza\u00e7\u00e3o das regras para publicidade m\u00e9dica pela CFM"},"content":{"rendered":"<div id=\"ez-toc-container\" class=\"ez-toc-v2_0_74 counter-hierarchy ez-toc-counter ez-toc-transparent ez-toc-container-direction\">\n<div class=\"ez-toc-title-container\">\n<p class=\"ez-toc-title\" style=\"cursor:inherit\">Sum\u00e1rio<\/p>\n<span class=\"ez-toc-title-toggle\"><a href=\"#\" class=\"ez-toc-pull-right ez-toc-btn ez-toc-btn-xs ez-toc-btn-default ez-toc-toggle\" aria-label=\"Alternar tabela de conte\u00fado\"><span class=\"ez-toc-js-icon-con\"><span class=\"\"><span class=\"eztoc-hide\" style=\"display:none;\">Toggle<\/span><span class=\"ez-toc-icon-toggle-span\"><svg style=\"fill: #999;color:#999\" xmlns=\"http:\/\/www.w3.org\/2000\/svg\" class=\"list-377408\" width=\"20px\" height=\"20px\" viewBox=\"0 0 24 24\" fill=\"none\"><path d=\"M6 6H4v2h2V6zm14 0H8v2h12V6zM4 11h2v2H4v-2zm16 0H8v2h12v-2zM4 16h2v2H4v-2zm16 0H8v2h12v-2z\" fill=\"currentColor\"><\/path><\/svg><svg style=\"fill: #999;color:#999\" class=\"arrow-unsorted-368013\" xmlns=\"http:\/\/www.w3.org\/2000\/svg\" width=\"10px\" height=\"10px\" viewBox=\"0 0 24 24\" version=\"1.2\" baseProfile=\"tiny\"><path d=\"M18.2 9.3l-6.2-6.3-6.2 6.3c-.2.2-.3.4-.3.7s.1.5.3.7c.2.2.4.3.7.3h11c.3 0 .5-.1.7-.3.2-.2.3-.5.3-.7s-.1-.5-.3-.7zM5.8 14.7l6.2 6.3 6.2-6.3c.2-.2.3-.5.3-.7s-.1-.5-.3-.7c-.2-.2-.4-.3-.7-.3h-11c-.3 0-.5.1-.7.3-.2.2-.3.5-.3.7s.1.5.3.7z\"\/><\/svg><\/span><\/span><\/span><\/a><\/span><\/div>\n<nav><ul class='ez-toc-list ez-toc-list-level-1 ' ><li class='ez-toc-page-1 ez-toc-heading-level-2'><a class=\"ez-toc-link ez-toc-heading-1\" href=\"https:\/\/www.grupomedcof.com.br\/blog\/atualizacao-das-regras-para-publicidade-medica-pela-cfm\/#Atualizacao_das_regras_para_publicidade_medica_pela_CFM\" >Atualiza\u00e7\u00e3o das regras para publicidade m\u00e9dica pela CFM<\/a><\/li><li class='ez-toc-page-1 ez-toc-heading-level-2'><a class=\"ez-toc-link ez-toc-heading-2\" href=\"https:\/\/www.grupomedcof.com.br\/blog\/atualizacao-das-regras-para-publicidade-medica-pela-cfm\/#Atualizacao_da_CFM_Sobre_o_uso_de_imagens_de_pacientes\" >Atualiza\u00e7\u00e3o da CFM: Sobre o uso de imagens de pacientes<\/a><ul class='ez-toc-list-level-3' ><li class='ez-toc-heading-level-3'><a class=\"ez-toc-link ez-toc-heading-3\" href=\"https:\/\/www.grupomedcof.com.br\/blog\/atualizacao-das-regras-para-publicidade-medica-pela-cfm\/#Banco_de_imagens_e_Acervo_Pessoal\" >Banco de imagens e Acervo Pessoal<\/a><\/li><\/ul><\/li><li class='ez-toc-page-1 ez-toc-heading-level-2'><a class=\"ez-toc-link ez-toc-heading-4\" href=\"https:\/\/www.grupomedcof.com.br\/blog\/atualizacao-das-regras-para-publicidade-medica-pela-cfm\/#Gravacao_de_procedimentos_medicos\" >Grava\u00e7\u00e3o de procedimentos m\u00e9dicos<\/a><\/li><li class='ez-toc-page-1 ez-toc-heading-level-2'><a class=\"ez-toc-link ez-toc-heading-5\" href=\"https:\/\/www.grupomedcof.com.br\/blog\/atualizacao-das-regras-para-publicidade-medica-pela-cfm\/#Divulgacao_de_especializacoes_medica\" >Divulga\u00e7\u00e3o de especializa\u00e7\u00f5es m\u00e9dica<\/a><\/li><li class='ez-toc-page-1 ez-toc-heading-level-2'><a class=\"ez-toc-link ez-toc-heading-6\" href=\"https:\/\/www.grupomedcof.com.br\/blog\/atualizacao-das-regras-para-publicidade-medica-pela-cfm\/#Atualizacao_da_CFM_Divulgacao_de_Cursos_e_Produtos\" >Atualiza\u00e7\u00e3o da CFM: Divulga\u00e7\u00e3o de Cursos e Produtos<\/a><\/li><li class='ez-toc-page-1 ez-toc-heading-level-2'><a class=\"ez-toc-link ez-toc-heading-7\" href=\"https:\/\/www.grupomedcof.com.br\/blog\/atualizacao-das-regras-para-publicidade-medica-pela-cfm\/#Entrevistas_e_Boletins_Medicos\" >Entrevistas e Boletins M\u00e9dicos<\/a><\/li><li class='ez-toc-page-1 ez-toc-heading-level-2'><a class=\"ez-toc-link ez-toc-heading-8\" href=\"https:\/\/www.grupomedcof.com.br\/blog\/atualizacao-das-regras-para-publicidade-medica-pela-cfm\/#Conquiste_a_aprovacao\" >Conquiste a aprova\u00e7\u00e3o<\/a><\/li><\/ul><\/nav><\/div>\n<p><img loading=\"lazy\" decoding=\"async\" src=\"https:\/\/www.grupomedcof.com.br\/blog\/wp-content\/uploads\/2023\/09\/Blog-MedCof-20-1024x576.png\" sizes=\"auto, (max-width: 800px) 100vw, 800px\" srcset=\"https:\/\/www.grupomedcof.com.br\/blog\/wp-content\/uploads\/2023\/09\/Blog-MedCof-20-1024x576.png 1024w, https:\/\/www.grupomedcof.com.br\/blog\/wp-content\/uploads\/2023\/09\/Blog-MedCof-20-300x169.png 300w, https:\/\/www.grupomedcof.com.br\/blog\/wp-content\/uploads\/2023\/09\/Blog-MedCof-20-768x432.png 768w, https:\/\/www.grupomedcof.com.br\/blog\/wp-content\/uploads\/2023\/09\/Blog-MedCof-20-1536x864.png 1536w, https:\/\/www.grupomedcof.com.br\/blog\/wp-content\/uploads\/2023\/09\/Blog-MedCof-20-2048x1152.png 2048w\" alt=\"Resolu\u00e7\u00e3o CFM n\u00ba 2.336\/2023, uso de imagens de pacientes, nova resolu\u00e7\u00e3o da cfm, cfm atualiza\u00e7ao publicidade medica, manual de publicidade m\u00e9dica, publicidade m\u00e9dica, propaganda medica, atualiza\u00e7\u00e3o da cfm, nova resilu\u00e7\u00e3o cfm, atualiza\u00e7ao da cfm sobre publicidade m\u00e9dica, marketing m\u00e9dico\" width=\"800\" height=\"450\" \/><\/p>\n<p>A\u00a0Resolu\u00e7\u00e3o CFM n\u00ba 2.336\/2023 com a\u00a0atualiza\u00e7\u00e3o das regras para publicidade m\u00e9dica\u00a0pela CFM entrar\u00e1 em vigor no dia 11 de mar\u00e7o de 2023.<\/p>\n<h2 style=\"font-family: Poppins, sans-serif; color: #7a7a7a;\"><span class=\"ez-toc-section\" id=\"Atualizacao_das_regras_para_publicidade_medica_pela_CFM\"><\/span><strong>Atualiza\u00e7\u00e3o das regras para publicidade m\u00e9dica pela CFM<\/strong><span class=\"ez-toc-section-end\"><\/span><\/h2>\n<p>O Conselho Federal de Medicina (CFM)<strong>\u00a0<\/strong><a href=\"https:\/\/portal.cfm.org.br\/noticias\/cfm-atualiza-resolucao-da-publicidade-medica\/\" target=\"_blank\" rel=\"nofollow noopener\"><strong>publicou as altera\u00e7\u00f5es<\/strong>\u00a0<\/a><strong>na Resolu\u00e7\u00e3o CFM n\u00ba 2.336\/2023<\/strong> atrav\u00e9s do Di\u00e1rio Oficial da Uni\u00e3o (DOU) do dia 13 de setembro de 2023.<\/p>\n<p>Ela \u00e9 o resultado de 3 anos de discuss\u00f5es, webin\u00e1rios, encontros entre sociedades m\u00e9dicas e a capta\u00e7\u00e3o de mais de 2.600 sugest\u00f5es que pudessem definir as <strong>novas regras para publicidade m\u00e9dica.<\/strong><\/p>\n<p><strong>\u00a0<\/strong><\/p>\n<p>Dessa forma, ap\u00f3s<strong>\u00a0<\/strong>180 dias da publica\u00e7\u00e3o, ser\u00e1 permitido que m\u00e9dicos fa\u00e7am:<\/p>\n<ul>\n<li>Promo\u00e7\u00e3o de seus servi\u00e7os m\u00e9dicos atrav\u00e9s das redes sociais,<\/li>\n<li>Divulga\u00e7\u00e3o dos equipamentos disponibilizados em seu atendimento<\/li>\n<li>Utiliza\u00e7\u00e3o de imagens de pacientes com fins educacionais e devida autoriza\u00e7\u00e3o<\/li>\n<li>Divulga\u00e7\u00e3o de pre\u00e7os para consultas<\/li>\n<li>Realiza\u00e7\u00e3o de campanhas promocionais<\/li>\n<li style=\"font-size: 16px;\">Investimentos em empreendimentos n\u00e3o relacionados \u00e0 \u00e1rea m\u00e9dica<\/li>\n<\/ul>\n<p><a href=\"https:\/\/www.grupomedcof.com.br\/hiit-target-2023-links\/\" target=\"_blank\" rel=\"noopener\"><br \/>\n<img loading=\"lazy\" decoding=\"async\" src=\"https:\/\/www.grupomedcof.com.br\/blog\/wp-content\/uploads\/2023\/09\/Blog-MedCof-22-1024x178.png\" sizes=\"auto, (max-width: 800px) 100vw, 800px\" srcset=\"https:\/\/www.grupomedcof.com.br\/blog\/wp-content\/uploads\/2023\/09\/Blog-MedCof-22-1024x178.png 1024w, https:\/\/www.grupomedcof.com.br\/blog\/wp-content\/uploads\/2023\/09\/Blog-MedCof-22-300x52.png 300w, https:\/\/www.grupomedcof.com.br\/blog\/wp-content\/uploads\/2023\/09\/Blog-MedCof-22-768x134.png 768w, https:\/\/www.grupomedcof.com.br\/blog\/wp-content\/uploads\/2023\/09\/Blog-MedCof-22-1536x267.png 1536w, https:\/\/www.grupomedcof.com.br\/blog\/wp-content\/uploads\/2023\/09\/Blog-MedCof-22-2048x356.png 2048w\" alt=\"medcof, medcof qbank, qbank medcof, medcof aulas, grupo medcof,\" width=\"800\" height=\"139\" \/> <\/a><\/p>\n<h2 id=\"h-atualizacao-da-cfm-sobre-o-uso-de-imagens-de-pacientes\" style=\"font-family: Poppins, sans-serif; color: #7a7a7a;\"><span class=\"ez-toc-section\" id=\"Atualizacao_da_CFM_Sobre_o_uso_de_imagens_de_pacientes\"><\/span><strong>Atualiza\u00e7\u00e3o da CFM: Sobre o uso de imagens de pacientes<\/strong><span class=\"ez-toc-section-end\"><\/span><\/h2>\n<p>De acordo com a Resolu\u00e7\u00e3o CFM n\u00ba 2.336\/23, a divulga\u00e7\u00e3o da imagem de pacientes dever\u00e1 ter\u00a0<strong>rela\u00e7\u00e3o com o registro m\u00e9dico do profissional e o acompanhamento de um texto did\u00e1tico<\/strong> que inclua as indica\u00e7\u00f5es e contraindica\u00e7\u00f5es terap\u00eauticas. Al\u00e9m disso, a imagem n\u00e3o <strong>poder\u00e1 revelar a identidade do paciente ou passar por altera\u00e7\u00f5es ou aprimoramento.<\/strong><\/p>\n<p><strong>\u00a0<\/strong><\/p>\n<p>Ademais, o m\u00e9dico tamb\u00e9m dever\u00e1 apresentar uma perspectiva do tratamento pode meio de\u00a0<strong style=\"background-color: transparent; color: var( --e-global-color-text ); font-family: var( --e-global-typography-text-font-family ), Sans-serif;\">diferentes biotipos,\u00a0<\/strong><strong style=\"background-color: transparent; color: var( --e-global-color-text ); font-family: var( --e-global-typography-text-font-family ), Sans-serif;\">\u00a0faixas et\u00e1rias e\u00a0<\/strong><strong style=\"background-color: transparent; color: var( --e-global-color-text ); font-family: var( --e-global-typography-text-font-family ), Sans-serif;\">te<\/strong><strong style=\"background-color: transparent; color: var( --e-global-color-text ); font-family: var( --e-global-typography-text-font-family ), Sans-serif;\">mpo de evolu\u00e7\u00e3o<\/strong>.\u00a0Assim, em apresenta\u00e7\u00f5es de antes e depois\u00a0o profissional ter\u00e1 que disponibilizar tanto as evolu\u00e7\u00f5es satisfat\u00f3rias quanto insatisfat\u00f3rias, poss\u00edveis complica\u00e7\u00f5es e interven\u00e7\u00f5es.<\/p>\n<p>Desse modo, se houver<strong style=\"color: var( --e-global-color-text ); font-family: var( --e-global-typography-text-font-family ), Sans-serif;\"> relatos referentes aos servi\u00e7os obtidos<\/strong>, a divulga\u00e7\u00e3o ocorrer\u00e1 contanto que eles sejam coerentes, n\u00e3o contenham adjetivos ou imputem superioridade ou resultados &#8220;milagrosos&#8221;.<\/p>\n<h3><span class=\"ez-toc-section\" id=\"Banco_de_imagens_e_Acervo_Pessoal\"><\/span><strong>Banco de imagens e Acervo Pessoal<\/strong><span class=\"ez-toc-section-end\"><\/span><\/h3>\n<p>Por fim, em caso de utiliza\u00e7\u00e3o de<strong> bancos de imagens<\/strong>, o m\u00e9dico dever\u00e1 seguir as regras de direitos autorais e citar o local de origem da imagem. Se os recursos forem de<strong>\u00a0acervo pessoal, <\/strong>exige-se a autoriza\u00e7\u00e3o, preserva\u00e7\u00e3o da identidade e privacidade do paciente.<\/p>\n<h2 id=\"h-gravacao-de-procedimentos-medicos\" style=\"font-family: Poppins, sans-serif; color: #7a7a7a;\"><span class=\"ez-toc-section\" id=\"Gravacao_de_procedimentos_medicos\"><\/span><strong>Grava\u00e7\u00e3o de procedimentos m\u00e9dicos<\/strong><span class=\"ez-toc-section-end\"><\/span><\/h2>\n<p>Ainda de acordo a nova resolu\u00e7\u00e3o da CFM, est\u00e1 <strong>proibida a grava\u00e7\u00e3o de procedimentos m\u00e9dicos por terceiros<\/strong>, salvo durante o parto. Apesar disso, a Resolu\u00e7\u00e3o 2.336\/23 permite que m\u00e9dicos gravem seus procedimentos como pe\u00e7as de divulga\u00e7\u00e3o, seguindo devidamente os crit\u00e9rios \u00e9ticos estabelecidos.<\/p>\n<p><a href=\"https:\/\/www.grupomedcof.com.br\/blog\/qbank-medcof\/\" target=\"_blank\" rel=\"noopener\"><br \/>\n<img loading=\"lazy\" decoding=\"async\" src=\"https:\/\/www.grupomedcof.com.br\/blog\/wp-content\/uploads\/2023\/07\/Blog-MedCof-2023-07-06T091657.858-1024x164.png\" sizes=\"auto, (max-width: 800px) 100vw, 800px\" srcset=\"https:\/\/www.grupomedcof.com.br\/blog\/wp-content\/uploads\/2023\/07\/Blog-MedCof-2023-07-06T091657.858-1024x164.png 1024w, https:\/\/www.grupomedcof.com.br\/blog\/wp-content\/uploads\/2023\/07\/Blog-MedCof-2023-07-06T091657.858-300x48.png 300w, https:\/\/www.grupomedcof.com.br\/blog\/wp-content\/uploads\/2023\/07\/Blog-MedCof-2023-07-06T091657.858-768x123.png 768w, https:\/\/www.grupomedcof.com.br\/blog\/wp-content\/uploads\/2023\/07\/Blog-MedCof-2023-07-06T091657.858-1536x246.png 1536w, https:\/\/www.grupomedcof.com.br\/blog\/wp-content\/uploads\/2023\/07\/Blog-MedCof-2023-07-06T091657.858-2048x327.png 2048w\" alt=\"medcof qbank, medcof aulas, grupo medcof, aulas medcof, qbank, banco de questoes medcof, medcof banco de questoes\" width=\"800\" height=\"128\" \/> <\/a><\/p>\n<h2 id=\"h-gravacao-de-procedimentos-medicos\" style=\"font-family: Poppins, sans-serif; color: #7a7a7a;\"><span class=\"ez-toc-section\" id=\"Divulgacao_de_especializacoes_medica\"><\/span><strong>Divulga\u00e7\u00e3o de especializa\u00e7\u00f5es m\u00e9dica<\/strong><span class=\"ez-toc-section-end\"><\/span><\/h2>\n<p>Sobre o cunho do termo\u00a0especialista, a nova resolu\u00e7\u00e3o da CFM determina que m\u00e9dicos com\u00a0p\u00f3s-gradua\u00e7\u00e3o<em>\u00a0lato sensu<\/em>\u00a0dever\u00e3o indicar em seus curr\u00edculos seu t\u00edtulo acompanhado de <strong>&#8220;N\u00c3O ESPECIALISTA&#8221;<\/strong>, em caixa alta. Al\u00e9m disso, eles n\u00e3o poder\u00e3o divulgar que tratam sistemas org\u00e2nicos, \u00f3rg\u00e3os ou doen\u00e7as espec\u00edficas, cuja compet\u00eancia \u00e9 exclusiva de um m\u00e9dico especialistas.<\/p>\n<p>Sendo assim, se considera m\u00e9dicos especialistas aqueles <strong>que conclu\u00edram a <a href=\"https:\/\/www.grupomedcof.com.br\/blog\/o-que-e-residencia-medica\/\" target=\"_blank\" rel=\"noopener\">resid\u00eancia m\u00e9dica<\/a><\/strong>, com registro na Comiss\u00e3o Nacional de Resid\u00eancia M\u00e9dica (CNRM) ou aprovados por sociedades filiadas \u00e0 Sociedade M\u00e9dica Brasileira (AMB). Desse modo, a divulga\u00e7\u00e3o de suas atribui\u00e7\u00f5es dever\u00e1 acompanhar o n\u00famero do Registro de Qualifica\u00e7\u00e3o de Especialista (RQE) com registro do CFM.<\/p>\n<h2 style=\"font-family: Poppins, sans-serif; color: #7a7a7a;\"><span class=\"ez-toc-section\" id=\"Atualizacao_da_CFM_Divulgacao_de_Cursos_e_Produtos\"><\/span><strong>Atualiza\u00e7\u00e3o da CFM: Divulga\u00e7\u00e3o de Cursos e Produtos<\/strong><span class=\"ez-toc-section-end\"><\/span><\/h2>\n<p>A Resolu\u00e7\u00e3o define a oferta de\u00a0cursos,\u00a0consultorias e\u00a0grupos de trabalho para discuss\u00e3o de casos e atualiza\u00e7\u00f5es apenas\u00a0para m\u00e9dicos com CRM.\u00a0Dessa forma, estudantes de medicina somente poder\u00e3o participar caso sejam devidamente identificados e sigam as normas e sigilo.<\/p>\n<p>Ademais, permite-se\u00a0 a organiza\u00e7\u00e3o de cursos e grupos de trabalhos educativos que divulguem seus valores\u00a0para leigos, mas proibindo a realiza\u00e7\u00e3o de consultas em grupos, bem como a transmiss\u00e3o de informa\u00e7\u00f5es que induzam a diagn\u00f3sticos e procedimentos.<\/p>\n<p>Por fim, fica sob responsabilidade das CODAMES a <strong>fiscaliza\u00e7\u00e3o e a organiza\u00e7\u00e3o de campanhas educativas <\/strong>para compreens\u00e3o das novas regras.<\/p>\n<p><a href=\"https:\/\/open.spotify.com\/show\/3MyFcLlKhKequpHll6qpue?si=d0519b77e5c04e2d\" target=\"_blank\" rel=\"noopener\"><br \/>\n<img loading=\"lazy\" decoding=\"async\" src=\"https:\/\/www.grupomedcof.com.br\/blog\/wp-content\/uploads\/2023\/08\/Blog-MedCof-2023-08-10T144038.525-1024x173.png\" sizes=\"auto, (max-width: 800px) 100vw, 800px\" srcset=\"https:\/\/www.grupomedcof.com.br\/blog\/wp-content\/uploads\/2023\/08\/Blog-MedCof-2023-08-10T144038.525-1024x173.png 1024w, https:\/\/www.grupomedcof.com.br\/blog\/wp-content\/uploads\/2023\/08\/Blog-MedCof-2023-08-10T144038.525-300x51.png 300w, https:\/\/www.grupomedcof.com.br\/blog\/wp-content\/uploads\/2023\/08\/Blog-MedCof-2023-08-10T144038.525-768x130.png 768w, https:\/\/www.grupomedcof.com.br\/blog\/wp-content\/uploads\/2023\/08\/Blog-MedCof-2023-08-10T144038.525-1536x259.png 1536w, https:\/\/www.grupomedcof.com.br\/blog\/wp-content\/uploads\/2023\/08\/Blog-MedCof-2023-08-10T144038.525-2048x345.png 2048w\" alt=\"medcof, medcof academy, hiit medcof, medcof derma, medcof hiit, medcof extensivo, medcof revalida\" width=\"800\" height=\"135\" \/> <\/a><\/p>\n<h2 id=\"h-entrevistas-e-boletins-medicos\" style=\"font-family: Poppins, sans-serif; color: #7a7a7a;\"><span class=\"ez-toc-section\" id=\"Entrevistas_e_Boletins_Medicos\"><\/span><strong>Entrevistas e Boletins M\u00e9dicos<\/strong><span class=\"ez-toc-section-end\"><\/span><\/h2>\n<p>O Conselho Federal de Medicina determina que o m\u00e9dico tem a <strong>obriga\u00e7\u00e3o de declarar conflito de interesse durante a entrevista<\/strong> . Assim, ele n\u00e3o poder\u00e1 divulgar nenhuma informa\u00e7\u00e3o sobre endere\u00e7os pessoais, seja f\u00edsico ou virtual.\u00a0\u00a0A responsabilidade da divulga\u00e7\u00e3o de boletins ser\u00e1 de m\u00e9dicos assistentes, diretores t\u00e9cnicos da institui\u00e7\u00e3o ou do CRM, de modo que preserve-se o sigilo m\u00e9dico, a veracidade e impessoalidade.<\/p>\n<p>Portanto, caso haja divulga\u00e7\u00e3o de informa\u00e7\u00f5es incorretas, o m\u00e9dico dever\u00e1 solicitar as corre\u00e7\u00f5es, al\u00e9m de informar o CFM quando houver a atribui\u00e7\u00e3o indevida de sua imagem.<\/p>\n<h2 style=\"font-family: Poppins, sans-serif; color: #7a7a7a;\"><span class=\"ez-toc-section\" id=\"Conquiste_a_aprovacao\"><\/span>Conquiste a aprova\u00e7\u00e3o<span class=\"ez-toc-section-end\"><\/span><\/h2>\n<p>A<strong> resid\u00eancia m\u00e9dica<\/strong> mais uma vez se afirma como um <strong>padr\u00e3o ouro<\/strong> para a especializa\u00e7\u00e3o m\u00e9dica. Se voc\u00ea vai participar de algum processo seletivo este ano ou quer se preparar para os pr\u00f3ximos, ent\u00e3o conhe\u00e7a o <a href=\"https:\/\/www.grupomedcof.com.br\/\" target=\"_blank\" rel=\"noopener\"><strong>Grupo MedCof!\u00a0 <\/strong><\/a>Nossa metodologia de estudos j\u00e1 aprovou mais de <strong>3 mil residentes pelo pa\u00eds.<a href=\"https:\/\/www.grupomedcof.com.br\/blog\/presenca-da-medcof-nas-aprovacoes-em-residencia-medica-no-brasil\/\" target=\"_blank\" rel=\"noopener\"> Saiba mais!<\/a><\/strong><\/p>\n<p><a href=\"https:\/\/www.grupomedcof.com.br\/\" target=\"_blank\" rel=\"noopener\"><br \/>\n<img loading=\"lazy\" decoding=\"async\" src=\"https:\/\/www.grupomedcof.com.br\/blog\/wp-content\/uploads\/2023\/08\/Captura-de-tela-2023-08-16-103405-e1692192957450-1024x484.png\" sizes=\"auto, (max-width: 800px) 100vw, 800px\" srcset=\"https:\/\/www.grupomedcof.com.br\/blog\/wp-content\/uploads\/2023\/08\/Captura-de-tela-2023-08-16-103405-e1692192957450-1024x484.png 1024w, https:\/\/www.grupomedcof.com.br\/blog\/wp-content\/uploads\/2023\/08\/Captura-de-tela-2023-08-16-103405-e1692192957450-300x142.png 300w, https:\/\/www.grupomedcof.com.br\/blog\/wp-content\/uploads\/2023\/08\/Captura-de-tela-2023-08-16-103405-e1692192957450-768x363.png 768w, https:\/\/www.grupomedcof.com.br\/blog\/wp-content\/uploads\/2023\/08\/Captura-de-tela-2023-08-16-103405-e1692192957450.png 1145w\" alt=\"medcof residencia medica, curso Intensivo para Resid\u00eancia M\u00e9dica, curso para resid\u00eancia m\u00e9dica, medcof hiit, aulas medcof,\" width=\"800\" height=\"378\" \/> <\/a><\/p>\n","protected":false},"excerpt":{"rendered":"<p>A atualiza\u00e7\u00e3o das regras para publicidade m\u00e9dica pela CFM entrar\u00e1 em vigor passados 180 dias da publica\u00e7\u00e3o, permitindo que m\u00e9dicos promovam seus servi\u00e7os nas redes socias, divulguem o pre\u00e7o das consultas, entre outros fatores.<\/p>\n","protected":false},"author":6,"featured_media":12788,"comment_status":"open","ping_status":"open","sticky":false,"template":"","format":"standard","meta":{"footnotes":""},"categories":[55,1802,173],"tags":[264,93,68],"ppma_author":[3609],"class_list":{"0":"post-12787","1":"post","2":"type-post","3":"status-publish","4":"format-standard","5":"has-post-thumbnail","7":"category-carreira-medica","8":"category-cfm","9":"category-novidades","10":"tag-cfm","11":"tag-especialidades-medicas","12":"tag-residencia-medica"},"yoast_head":"<!-- This site is optimized with the Yoast SEO Premium plugin v24.3 (Yoast SEO v27.5) - https:\/\/yoast.com\/product\/yoast-seo-premium-wordpress\/ -->\n<title>Atualiza\u00e7\u00e3o das regras para publicidade m\u00e9dica pela CFM - Blog de Medcof: conte\u00fados, editais, revalida e mais!<\/title>\n<meta name=\"description\" content=\"A atualiza\u00e7\u00e3o das regras para publicidade m\u00e9dica pela CFM entrar\u00e1 em vigor passados 180 dias da publica\u00e7\u00e3o, permitindo que m\u00e9dicos...\" \/>\n<meta name=\"robots\" content=\"index, follow, max-snippet:-1, max-image-preview:large, max-video-preview:-1\" \/>\n<link rel=\"canonical\" href=\"https:\/\/www.grupomedcof.com.br\/blog\/atualizacao-das-regras-para-publicidade-medica-pela-cfm\/\" \/>\n<meta property=\"og:locale\" content=\"pt_BR\" \/>\n<meta property=\"og:type\" content=\"article\" \/>\n<meta property=\"og:title\" content=\"Atualiza\u00e7\u00e3o das regras para publicidade m\u00e9dica pela CFM\" \/>\n<meta property=\"og:description\" content=\"A atualiza\u00e7\u00e3o das regras para publicidade m\u00e9dica pela CFM entrar\u00e1 em vigor passados 180 dias da publica\u00e7\u00e3o, permitindo que m\u00e9dicos...\" \/>\n<meta property=\"og:url\" content=\"https:\/\/www.grupomedcof.com.br\/blog\/atualizacao-das-regras-para-publicidade-medica-pela-cfm\/\" \/>\n<meta property=\"og:site_name\" content=\"Blog de Medcof: conte\u00fados, editais, revalida e mais!\" \/>\n<meta property=\"article:publisher\" content=\"https:\/\/www.facebook.com\/MedCofQbank\/\" \/>\n<meta property=\"article:published_time\" content=\"2023-09-13T15:19:37+00:00\" \/>\n<meta property=\"article:modified_time\" content=\"2024-08-13T16:18:10+00:00\" \/>\n<meta property=\"og:image\" content=\"https:\/\/www.grupomedcof.com.br\/blog\/wp-content\/uploads\/2023\/09\/Blog-MedCof-20.png\" \/>\n\t<meta property=\"og:image:width\" content=\"2560\" \/>\n\t<meta property=\"og:image:height\" content=\"1440\" \/>\n\t<meta property=\"og:image:type\" content=\"image\/png\" \/>\n<meta name=\"author\" content=\"J\u00falia Moreira\" \/>\n<meta name=\"twitter:card\" content=\"summary_large_image\" \/>\n<meta name=\"twitter:label1\" content=\"Escrito por\" \/>\n\t<meta name=\"twitter:data1\" content=\"J\u00falia Moreira\" \/>\n\t<meta name=\"twitter:label2\" content=\"Est. tempo de leitura\" \/>\n\t<meta name=\"twitter:data2\" content=\"6 minutos\" \/>\n<script type=\"application\/ld+json\" class=\"yoast-schema-graph\">{\"@context\":\"https:\\\/\\\/schema.org\",\"@graph\":[{\"@type\":\"Article\",\"@id\":\"https:\\\/\\\/www.grupomedcof.com.br\\\/blog\\\/atualizacao-das-regras-para-publicidade-medica-pela-cfm\\\/#article\",\"isPartOf\":{\"@id\":\"https:\\\/\\\/www.grupomedcof.com.br\\\/blog\\\/atualizacao-das-regras-para-publicidade-medica-pela-cfm\\\/\"},\"author\":{\"name\":\"J\u00falia Moreira\",\"@id\":\"https:\\\/\\\/www.grupomedcof.com.br\\\/blog\\\/#\\\/schema\\\/person\\\/1375e0ce724529d7a1d8156ea7f8ceaa\"},\"headline\":\"Atualiza\u00e7\u00e3o das regras para publicidade m\u00e9dica pela CFM\",\"datePublished\":\"2023-09-13T15:19:37+00:00\",\"dateModified\":\"2024-08-13T16:18:10+00:00\",\"mainEntityOfPage\":{\"@id\":\"https:\\\/\\\/www.grupomedcof.com.br\\\/blog\\\/atualizacao-das-regras-para-publicidade-medica-pela-cfm\\\/\"},\"wordCount\":885,\"commentCount\":0,\"publisher\":{\"@id\":\"https:\\\/\\\/www.grupomedcof.com.br\\\/blog\\\/#organization\"},\"image\":{\"@id\":\"https:\\\/\\\/www.grupomedcof.com.br\\\/blog\\\/atualizacao-das-regras-para-publicidade-medica-pela-cfm\\\/#primaryimage\"},\"thumbnailUrl\":\"https:\\\/\\\/www.grupomedcof.com.br\\\/blog\\\/wp-content\\\/uploads\\\/2023\\\/09\\\/Blog-MedCof-20.png\",\"keywords\":[\"CFM\",\"Especialidades m\u00e9dicas\",\"Resid\u00eancia M\u00e9dica\"],\"articleSection\":[\"Carreira M\u00e9dica\",\"CFM\",\"Novidades\"],\"inLanguage\":\"pt-BR\"},{\"@type\":\"WebPage\",\"@id\":\"https:\\\/\\\/www.grupomedcof.com.br\\\/blog\\\/atualizacao-das-regras-para-publicidade-medica-pela-cfm\\\/\",\"url\":\"https:\\\/\\\/www.grupomedcof.com.br\\\/blog\\\/atualizacao-das-regras-para-publicidade-medica-pela-cfm\\\/\",\"name\":\"Atualiza\u00e7\u00e3o das regras para publicidade m\u00e9dica pela CFM - Blog de Medcof: conte\u00fados, editais, revalida e mais!\",\"isPartOf\":{\"@id\":\"https:\\\/\\\/www.grupomedcof.com.br\\\/blog\\\/#website\"},\"primaryImageOfPage\":{\"@id\":\"https:\\\/\\\/www.grupomedcof.com.br\\\/blog\\\/atualizacao-das-regras-para-publicidade-medica-pela-cfm\\\/#primaryimage\"},\"image\":{\"@id\":\"https:\\\/\\\/www.grupomedcof.com.br\\\/blog\\\/atualizacao-das-regras-para-publicidade-medica-pela-cfm\\\/#primaryimage\"},\"thumbnailUrl\":\"https:\\\/\\\/www.grupomedcof.com.br\\\/blog\\\/wp-content\\\/uploads\\\/2023\\\/09\\\/Blog-MedCof-20.png\",\"datePublished\":\"2023-09-13T15:19:37+00:00\",\"dateModified\":\"2024-08-13T16:18:10+00:00\",\"description\":\"A atualiza\u00e7\u00e3o das regras para publicidade m\u00e9dica pela CFM entrar\u00e1 em vigor passados 180 dias da publica\u00e7\u00e3o, permitindo que m\u00e9dicos...\",\"breadcrumb\":{\"@id\":\"https:\\\/\\\/www.grupomedcof.com.br\\\/blog\\\/atualizacao-das-regras-para-publicidade-medica-pela-cfm\\\/#breadcrumb\"},\"inLanguage\":\"pt-BR\",\"potentialAction\":[{\"@type\":\"ReadAction\",\"target\":[\"https:\\\/\\\/www.grupomedcof.com.br\\\/blog\\\/atualizacao-das-regras-para-publicidade-medica-pela-cfm\\\/\"]}]},{\"@type\":\"ImageObject\",\"inLanguage\":\"pt-BR\",\"@id\":\"https:\\\/\\\/www.grupomedcof.com.br\\\/blog\\\/atualizacao-das-regras-para-publicidade-medica-pela-cfm\\\/#primaryimage\",\"url\":\"https:\\\/\\\/www.grupomedcof.com.br\\\/blog\\\/wp-content\\\/uploads\\\/2023\\\/09\\\/Blog-MedCof-20.png\",\"contentUrl\":\"https:\\\/\\\/www.grupomedcof.com.br\\\/blog\\\/wp-content\\\/uploads\\\/2023\\\/09\\\/Blog-MedCof-20.png\",\"width\":2560,\"height\":1440,\"caption\":\"A atualiza\u00e7\u00e3o das regras para publicidade m\u00e9dica pela CFM entrar\u00e1 em vigor passados 180 dias da publica\u00e7\u00e3o, permitindo que m\u00e9dicos...\"},{\"@type\":\"BreadcrumbList\",\"@id\":\"https:\\\/\\\/www.grupomedcof.com.br\\\/blog\\\/atualizacao-das-regras-para-publicidade-medica-pela-cfm\\\/#breadcrumb\",\"itemListElement\":[{\"@type\":\"ListItem\",\"position\":1,\"name\":\"In\u00edcio\",\"item\":\"https:\\\/\\\/www.grupomedcof.com.br\\\/blog\\\/\"},{\"@type\":\"ListItem\",\"position\":2,\"name\":\"Atualiza\u00e7\u00e3o das regras para publicidade m\u00e9dica pela CFM\"}]},{\"@type\":\"WebSite\",\"@id\":\"https:\\\/\\\/www.grupomedcof.com.br\\\/blog\\\/#website\",\"url\":\"https:\\\/\\\/www.grupomedcof.com.br\\\/blog\\\/\",\"name\":\"Blog de Medcof: conte\u00fados, editais, revalida e mais!\",\"description\":\"Acesso o blog de MedCof! Seu portal de conte\u00fados sobre resid\u00eancia m\u00e9dica, an\u00e1lise e editais e muito mais. Clique e confira!\",\"publisher\":{\"@id\":\"https:\\\/\\\/www.grupomedcof.com.br\\\/blog\\\/#organization\"},\"alternateName\":\"Blog de Medcof: conte\u00fados, editais, revalida e mais!\",\"potentialAction\":[{\"@type\":\"SearchAction\",\"target\":{\"@type\":\"EntryPoint\",\"urlTemplate\":\"https:\\\/\\\/www.grupomedcof.com.br\\\/blog\\\/?s={search_term_string}\"},\"query-input\":{\"@type\":\"PropertyValueSpecification\",\"valueRequired\":true,\"valueName\":\"search_term_string\"}}],\"inLanguage\":\"pt-BR\"},{\"@type\":\"Organization\",\"@id\":\"https:\\\/\\\/www.grupomedcof.com.br\\\/blog\\\/#organization\",\"name\":\"Grupo MedCof\",\"url\":\"https:\\\/\\\/www.grupomedcof.com.br\\\/blog\\\/\",\"logo\":{\"@type\":\"ImageObject\",\"inLanguage\":\"pt-BR\",\"@id\":\"https:\\\/\\\/www.grupomedcof.com.br\\\/blog\\\/#\\\/schema\\\/logo\\\/image\\\/\",\"url\":\"https:\\\/\\\/www.grupomedcof.com.br\\\/blog\\\/wp-content\\\/uploads\\\/2022\\\/01\\\/logo-medcof.png\",\"contentUrl\":\"https:\\\/\\\/www.grupomedcof.com.br\\\/blog\\\/wp-content\\\/uploads\\\/2022\\\/01\\\/logo-medcof.png\",\"width\":768,\"height\":269,\"caption\":\"Grupo MedCof\"},\"image\":{\"@id\":\"https:\\\/\\\/www.grupomedcof.com.br\\\/blog\\\/#\\\/schema\\\/logo\\\/image\\\/\"},\"sameAs\":[\"https:\\\/\\\/www.facebook.com\\\/MedCofQbank\\\/\",\"https:\\\/\\\/www.instagram.com\\\/grupomedcof\\\/\",\"https:\\\/\\\/br.linkedin.com\\\/company\\\/medcof\",\"https:\\\/\\\/www.youtube.com\\\/channel\\\/UCdHMuOHKICxcHwecxN8P-AA\"]},{\"@type\":\"Person\",\"@id\":\"https:\\\/\\\/www.grupomedcof.com.br\\\/blog\\\/#\\\/schema\\\/person\\\/1375e0ce724529d7a1d8156ea7f8ceaa\",\"name\":\"J\u00falia Moreira\",\"image\":{\"@type\":\"ImageObject\",\"inLanguage\":\"pt-BR\",\"@id\":\"https:\\\/\\\/www.grupomedcof.com.br\\\/blog\\\/wp-content\\\/uploads\\\/2024\\\/12\\\/cropped-Captura-de-tela-2023-12-15-094946-96x96.png6a0083ac34a0445de97d55fae63a4a41\",\"url\":\"https:\\\/\\\/www.grupomedcof.com.br\\\/blog\\\/wp-content\\\/uploads\\\/2024\\\/12\\\/cropped-Captura-de-tela-2023-12-15-094946-96x96.png\",\"contentUrl\":\"https:\\\/\\\/www.grupomedcof.com.br\\\/blog\\\/wp-content\\\/uploads\\\/2024\\\/12\\\/cropped-Captura-de-tela-2023-12-15-094946-96x96.png\",\"caption\":\"J\u00falia Moreira\"},\"description\":\"Estudante do 8\u00ba semestre de Jornalismo na ECA-USP, f\u00e3 de filmes de terror e m\u00fasica popular sul-coreana.\",\"sameAs\":[\"https:\\\/\\\/www.grupomedcof.com.br\\\/\"],\"url\":\"https:\\\/\\\/www.grupomedcof.com.br\\\/blog\\\/author\\\/julia\\\/\"}]}<\/script>\n<!-- \/ Yoast SEO Premium plugin. -->","yoast_head_json":{"title":"Atualiza\u00e7\u00e3o das regras para publicidade m\u00e9dica pela CFM - Blog de Medcof: conte\u00fados, editais, revalida e mais!","description":"A atualiza\u00e7\u00e3o das regras para publicidade m\u00e9dica pela CFM entrar\u00e1 em vigor passados 180 dias da publica\u00e7\u00e3o, permitindo que m\u00e9dicos...","robots":{"index":"index","follow":"follow","max-snippet":"max-snippet:-1","max-image-preview":"max-image-preview:large","max-video-preview":"max-video-preview:-1"},"canonical":"https:\/\/www.grupomedcof.com.br\/blog\/atualizacao-das-regras-para-publicidade-medica-pela-cfm\/","og_locale":"pt_BR","og_type":"article","og_title":"Atualiza\u00e7\u00e3o das regras para publicidade m\u00e9dica pela CFM","og_description":"A atualiza\u00e7\u00e3o das regras para publicidade m\u00e9dica pela CFM entrar\u00e1 em vigor passados 180 dias da publica\u00e7\u00e3o, permitindo que m\u00e9dicos...","og_url":"https:\/\/www.grupomedcof.com.br\/blog\/atualizacao-das-regras-para-publicidade-medica-pela-cfm\/","og_site_name":"Blog de Medcof: conte\u00fados, editais, revalida e mais!","article_publisher":"https:\/\/www.facebook.com\/MedCofQbank\/","article_published_time":"2023-09-13T15:19:37+00:00","article_modified_time":"2024-08-13T16:18:10+00:00","og_image":[{"width":2560,"height":1440,"url":"https:\/\/www.grupomedcof.com.br\/blog\/wp-content\/uploads\/2023\/09\/Blog-MedCof-20.png","type":"image\/png"}],"author":"J\u00falia Moreira","twitter_card":"summary_large_image","twitter_misc":{"Escrito por":"J\u00falia Moreira","Est. tempo de leitura":"6 minutos"},"schema":{"@context":"https:\/\/schema.org","@graph":[{"@type":"Article","@id":"https:\/\/www.grupomedcof.com.br\/blog\/atualizacao-das-regras-para-publicidade-medica-pela-cfm\/#article","isPartOf":{"@id":"https:\/\/www.grupomedcof.com.br\/blog\/atualizacao-das-regras-para-publicidade-medica-pela-cfm\/"},"author":{"name":"J\u00falia Moreira","@id":"https:\/\/www.grupomedcof.com.br\/blog\/#\/schema\/person\/1375e0ce724529d7a1d8156ea7f8ceaa"},"headline":"Atualiza\u00e7\u00e3o das regras para publicidade m\u00e9dica pela CFM","datePublished":"2023-09-13T15:19:37+00:00","dateModified":"2024-08-13T16:18:10+00:00","mainEntityOfPage":{"@id":"https:\/\/www.grupomedcof.com.br\/blog\/atualizacao-das-regras-para-publicidade-medica-pela-cfm\/"},"wordCount":885,"commentCount":0,"publisher":{"@id":"https:\/\/www.grupomedcof.com.br\/blog\/#organization"},"image":{"@id":"https:\/\/www.grupomedcof.com.br\/blog\/atualizacao-das-regras-para-publicidade-medica-pela-cfm\/#primaryimage"},"thumbnailUrl":"https:\/\/www.grupomedcof.com.br\/blog\/wp-content\/uploads\/2023\/09\/Blog-MedCof-20.png","keywords":["CFM","Especialidades m\u00e9dicas","Resid\u00eancia M\u00e9dica"],"articleSection":["Carreira M\u00e9dica","CFM","Novidades"],"inLanguage":"pt-BR"},{"@type":"WebPage","@id":"https:\/\/www.grupomedcof.com.br\/blog\/atualizacao-das-regras-para-publicidade-medica-pela-cfm\/","url":"https:\/\/www.grupomedcof.com.br\/blog\/atualizacao-das-regras-para-publicidade-medica-pela-cfm\/","name":"Atualiza\u00e7\u00e3o das regras para publicidade m\u00e9dica pela CFM - Blog de Medcof: conte\u00fados, editais, revalida e mais!","isPartOf":{"@id":"https:\/\/www.grupomedcof.com.br\/blog\/#website"},"primaryImageOfPage":{"@id":"https:\/\/www.grupomedcof.com.br\/blog\/atualizacao-das-regras-para-publicidade-medica-pela-cfm\/#primaryimage"},"image":{"@id":"https:\/\/www.grupomedcof.com.br\/blog\/atualizacao-das-regras-para-publicidade-medica-pela-cfm\/#primaryimage"},"thumbnailUrl":"https:\/\/www.grupomedcof.com.br\/blog\/wp-content\/uploads\/2023\/09\/Blog-MedCof-20.png","datePublished":"2023-09-13T15:19:37+00:00","dateModified":"2024-08-13T16:18:10+00:00","description":"A atualiza\u00e7\u00e3o das regras para publicidade m\u00e9dica pela CFM entrar\u00e1 em vigor passados 180 dias da publica\u00e7\u00e3o, permitindo que m\u00e9dicos...","breadcrumb":{"@id":"https:\/\/www.grupomedcof.com.br\/blog\/atualizacao-das-regras-para-publicidade-medica-pela-cfm\/#breadcrumb"},"inLanguage":"pt-BR","potentialAction":[{"@type":"ReadAction","target":["https:\/\/www.grupomedcof.com.br\/blog\/atualizacao-das-regras-para-publicidade-medica-pela-cfm\/"]}]},{"@type":"ImageObject","inLanguage":"pt-BR","@id":"https:\/\/www.grupomedcof.com.br\/blog\/atualizacao-das-regras-para-publicidade-medica-pela-cfm\/#primaryimage","url":"https:\/\/www.grupomedcof.com.br\/blog\/wp-content\/uploads\/2023\/09\/Blog-MedCof-20.png","contentUrl":"https:\/\/www.grupomedcof.com.br\/blog\/wp-content\/uploads\/2023\/09\/Blog-MedCof-20.png","width":2560,"height":1440,"caption":"A atualiza\u00e7\u00e3o das regras para publicidade m\u00e9dica pela CFM entrar\u00e1 em vigor passados 180 dias da publica\u00e7\u00e3o, permitindo que m\u00e9dicos..."},{"@type":"BreadcrumbList","@id":"https:\/\/www.grupomedcof.com.br\/blog\/atualizacao-das-regras-para-publicidade-medica-pela-cfm\/#breadcrumb","itemListElement":[{"@type":"ListItem","position":1,"name":"In\u00edcio","item":"https:\/\/www.grupomedcof.com.br\/blog\/"},{"@type":"ListItem","position":2,"name":"Atualiza\u00e7\u00e3o das regras para publicidade m\u00e9dica pela CFM"}]},{"@type":"WebSite","@id":"https:\/\/www.grupomedcof.com.br\/blog\/#website","url":"https:\/\/www.grupomedcof.com.br\/blog\/","name":"Blog de Medcof: conte\u00fados, editais, revalida e mais!","description":"Acesso o blog de MedCof! Seu portal de conte\u00fados sobre resid\u00eancia m\u00e9dica, an\u00e1lise e editais e muito mais. Clique e confira!","publisher":{"@id":"https:\/\/www.grupomedcof.com.br\/blog\/#organization"},"alternateName":"Blog de Medcof: conte\u00fados, editais, revalida e mais!","potentialAction":[{"@type":"SearchAction","target":{"@type":"EntryPoint","urlTemplate":"https:\/\/www.grupomedcof.com.br\/blog\/?s={search_term_string}"},"query-input":{"@type":"PropertyValueSpecification","valueRequired":true,"valueName":"search_term_string"}}],"inLanguage":"pt-BR"},{"@type":"Organization","@id":"https:\/\/www.grupomedcof.com.br\/blog\/#organization","name":"Grupo MedCof","url":"https:\/\/www.grupomedcof.com.br\/blog\/","logo":{"@type":"ImageObject","inLanguage":"pt-BR","@id":"https:\/\/www.grupomedcof.com.br\/blog\/#\/schema\/logo\/image\/","url":"https:\/\/www.grupomedcof.com.br\/blog\/wp-content\/uploads\/2022\/01\/logo-medcof.png","contentUrl":"https:\/\/www.grupomedcof.com.br\/blog\/wp-content\/uploads\/2022\/01\/logo-medcof.png","width":768,"height":269,"caption":"Grupo MedCof"},"image":{"@id":"https:\/\/www.grupomedcof.com.br\/blog\/#\/schema\/logo\/image\/"},"sameAs":["https:\/\/www.facebook.com\/MedCofQbank\/","https:\/\/www.instagram.com\/grupomedcof\/","https:\/\/br.linkedin.com\/company\/medcof","https:\/\/www.youtube.com\/channel\/UCdHMuOHKICxcHwecxN8P-AA"]},{"@type":"Person","@id":"https:\/\/www.grupomedcof.com.br\/blog\/#\/schema\/person\/1375e0ce724529d7a1d8156ea7f8ceaa","name":"J\u00falia Moreira","image":{"@type":"ImageObject","inLanguage":"pt-BR","@id":"https:\/\/www.grupomedcof.com.br\/blog\/wp-content\/uploads\/2024\/12\/cropped-Captura-de-tela-2023-12-15-094946-96x96.png6a0083ac34a0445de97d55fae63a4a41","url":"https:\/\/www.grupomedcof.com.br\/blog\/wp-content\/uploads\/2024\/12\/cropped-Captura-de-tela-2023-12-15-094946-96x96.png","contentUrl":"https:\/\/www.grupomedcof.com.br\/blog\/wp-content\/uploads\/2024\/12\/cropped-Captura-de-tela-2023-12-15-094946-96x96.png","caption":"J\u00falia Moreira"},"description":"Estudante do 8\u00ba semestre de Jornalismo na ECA-USP, f\u00e3 de filmes de terror e m\u00fasica popular sul-coreana.","sameAs":["https:\/\/www.grupomedcof.com.br\/"],"url":"https:\/\/www.grupomedcof.com.br\/blog\/author\/julia\/"}]}},"authors":[{"term_id":3609,"user_id":6,"is_guest":0,"slug":"julia","display_name":"J\u00falia Moreira","avatar_url":"https:\/\/www.grupomedcof.com.br\/blog\/wp-content\/uploads\/2024\/12\/cropped-Captura-de-tela-2023-12-15-094946-96x96.png","0":null,"1":"","2":"","3":"","4":"","5":"","6":"","7":"","8":""}],"_links":{"self":[{"href":"https:\/\/www.grupomedcof.com.br\/blog\/wp-json\/wp\/v2\/posts\/12787","targetHints":{"allow":["GET"]}}],"collection":[{"href":"https:\/\/www.grupomedcof.com.br\/blog\/wp-json\/wp\/v2\/posts"}],"about":[{"href":"https:\/\/www.grupomedcof.com.br\/blog\/wp-json\/wp\/v2\/types\/post"}],"author":[{"embeddable":true,"href":"https:\/\/www.grupomedcof.com.br\/blog\/wp-json\/wp\/v2\/users\/6"}],"replies":[{"embeddable":true,"href":"https:\/\/www.grupomedcof.com.br\/blog\/wp-json\/wp\/v2\/comments?post=12787"}],"version-history":[{"count":0,"href":"https:\/\/www.grupomedcof.com.br\/blog\/wp-json\/wp\/v2\/posts\/12787\/revisions"}],"wp:featuredmedia":[{"embeddable":true,"href":"https:\/\/www.grupomedcof.com.br\/blog\/wp-json\/wp\/v2\/media\/12788"}],"wp:attachment":[{"href":"https:\/\/www.grupomedcof.com.br\/blog\/wp-json\/wp\/v2\/media?parent=12787"}],"wp:term":[{"taxonomy":"category","embeddable":true,"href":"https:\/\/www.grupomedcof.com.br\/blog\/wp-json\/wp\/v2\/categories?post=12787"},{"taxonomy":"post_tag","embeddable":true,"href":"https:\/\/www.grupomedcof.com.br\/blog\/wp-json\/wp\/v2\/tags?post=12787"},{"taxonomy":"author","embeddable":true,"href":"https:\/\/www.grupomedcof.com.br\/blog\/wp-json\/wp\/v2\/ppma_author?post=12787"}],"curies":[{"name":"wp","href":"https:\/\/api.w.org\/{rel}","templated":true}]}}