{"id":12838,"date":"2025-10-23T12:01:47","date_gmt":"2025-10-23T15:01:47","guid":{"rendered":"https:\/\/www.grupomedcof.com.br\/blog\/?p=12838"},"modified":"2025-10-23T12:01:49","modified_gmt":"2025-10-23T15:01:49","slug":"edital-residencia-medica-santa-casa-de-alfenas","status":"publish","type":"post","link":"https:\/\/www.grupomedcof.com.br\/blog\/edital-residencia-medica-santa-casa-de-alfenas\/","title":{"rendered":"Edital Santa Casa de Alfenas para resid\u00eancia m\u00e9dica 2025\/2026"},"content":{"rendered":"<div id=\"ez-toc-container\" class=\"ez-toc-v2_0_74 counter-hierarchy ez-toc-counter ez-toc-transparent ez-toc-container-direction\">\n<div class=\"ez-toc-title-container\">\n<p class=\"ez-toc-title\" style=\"cursor:inherit\">Sum\u00e1rio<\/p>\n<span class=\"ez-toc-title-toggle\"><a href=\"#\" class=\"ez-toc-pull-right ez-toc-btn ez-toc-btn-xs ez-toc-btn-default ez-toc-toggle\" aria-label=\"Alternar tabela de conte\u00fado\"><span class=\"ez-toc-js-icon-con\"><span class=\"\"><span class=\"eztoc-hide\" style=\"display:none;\">Toggle<\/span><span class=\"ez-toc-icon-toggle-span\"><svg style=\"fill: #999;color:#999\" xmlns=\"http:\/\/www.w3.org\/2000\/svg\" class=\"list-377408\" width=\"20px\" height=\"20px\" viewBox=\"0 0 24 24\" fill=\"none\"><path d=\"M6 6H4v2h2V6zm14 0H8v2h12V6zM4 11h2v2H4v-2zm16 0H8v2h12v-2zM4 16h2v2H4v-2zm16 0H8v2h12v-2z\" fill=\"currentColor\"><\/path><\/svg><svg style=\"fill: #999;color:#999\" class=\"arrow-unsorted-368013\" xmlns=\"http:\/\/www.w3.org\/2000\/svg\" width=\"10px\" height=\"10px\" viewBox=\"0 0 24 24\" version=\"1.2\" baseProfile=\"tiny\"><path d=\"M18.2 9.3l-6.2-6.3-6.2 6.3c-.2.2-.3.4-.3.7s.1.5.3.7c.2.2.4.3.7.3h11c.3 0 .5-.1.7-.3.2-.2.3-.5.3-.7s-.1-.5-.3-.7zM5.8 14.7l6.2 6.3 6.2-6.3c.2-.2.3-.5.3-.7s-.1-.5-.3-.7c-.2-.2-.4-.3-.7-.3h-11c-.3 0-.5.1-.7.3-.2.2-.3.5-.3.7s.1.5.3.7z\"\/><\/svg><\/span><\/span><\/span><\/a><\/span><\/div>\n<nav><ul class='ez-toc-list ez-toc-list-level-1 ' ><li class='ez-toc-page-1 ez-toc-heading-level-2'><a class=\"ez-toc-link ez-toc-heading-1\" href=\"https:\/\/www.grupomedcof.com.br\/blog\/edital-residencia-medica-santa-casa-de-alfenas\/#Informacoes_edital_Santa_Casa_de_Alfenas_20252026\" >Informa\u00e7\u00f5es edital Santa Casa de Alfenas 2025\/2026<\/a><\/li><li class='ez-toc-page-1 ez-toc-heading-level-2'><a class=\"ez-toc-link ez-toc-heading-2\" href=\"https:\/\/www.grupomedcof.com.br\/blog\/edital-residencia-medica-santa-casa-de-alfenas\/#Vagas_ofertadas\" >Vagas ofertadas<\/a><\/li><li class='ez-toc-page-1 ez-toc-heading-level-2'><a class=\"ez-toc-link ez-toc-heading-3\" href=\"https:\/\/www.grupomedcof.com.br\/blog\/edital-residencia-medica-santa-casa-de-alfenas\/#Processo_Seletivo_Santa_Casa_de_Alfenas_20252026\" >Processo Seletivo Santa Casa de Alfenas 2025\/2026<\/a><\/li><li class='ez-toc-page-1 ez-toc-heading-level-2'><a class=\"ez-toc-link ez-toc-heading-4\" href=\"https:\/\/www.grupomedcof.com.br\/blog\/edital-residencia-medica-santa-casa-de-alfenas\/#Cronograma_Santa_Casa_de_Alfenas_20252026\" >Cronograma Santa Casa de Alfenas 2025\/2026<\/a><\/li><li class='ez-toc-page-1 ez-toc-heading-level-2'><a class=\"ez-toc-link ez-toc-heading-5\" href=\"https:\/\/www.grupomedcof.com.br\/blog\/edital-residencia-medica-santa-casa-de-alfenas\/#Edital_Santa_Casa_de_Alfenas_20252026\" >Edital Santa Casa de Alfenas 2025\/2026<\/a><\/li><li class='ez-toc-page-1 ez-toc-heading-level-2'><a class=\"ez-toc-link ez-toc-heading-6\" href=\"https:\/\/www.grupomedcof.com.br\/blog\/edital-residencia-medica-santa-casa-de-alfenas\/#O_metodo_que_te_aprova\" >O m\u00e9todo que te aprova!<\/a><\/li><\/ul><\/nav><\/div>\n\n<figure class=\"wp-block-image size-large\"><img loading=\"lazy\" decoding=\"async\" width=\"1024\" height=\"576\" src=\"https:\/\/www.grupomedcof.com.br\/blog\/wp-content\/uploads\/2024\/11\/Modelo-instituicoes-67-1024x576.png\" alt=\"\" class=\"wp-image-31544\" srcset=\"https:\/\/www.grupomedcof.com.br\/blog\/wp-content\/uploads\/2024\/11\/Modelo-instituicoes-67-1024x576.png 1024w, https:\/\/www.grupomedcof.com.br\/blog\/wp-content\/uploads\/2024\/11\/Modelo-instituicoes-67-300x169.png 300w, https:\/\/www.grupomedcof.com.br\/blog\/wp-content\/uploads\/2024\/11\/Modelo-instituicoes-67-768x432.png 768w, https:\/\/www.grupomedcof.com.br\/blog\/wp-content\/uploads\/2024\/11\/Modelo-instituicoes-67-1536x864.png 1536w, https:\/\/www.grupomedcof.com.br\/blog\/wp-content\/uploads\/2024\/11\/Modelo-instituicoes-67-2048x1152.png 2048w, https:\/\/www.grupomedcof.com.br\/blog\/wp-content\/uploads\/2024\/11\/Modelo-instituicoes-67-747x420.png 747w, https:\/\/www.grupomedcof.com.br\/blog\/wp-content\/uploads\/2024\/11\/Modelo-instituicoes-67-150x84.png 150w, https:\/\/www.grupomedcof.com.br\/blog\/wp-content\/uploads\/2024\/11\/Modelo-instituicoes-67-696x392.png 696w, https:\/\/www.grupomedcof.com.br\/blog\/wp-content\/uploads\/2024\/11\/Modelo-instituicoes-67-1068x601.png 1068w, https:\/\/www.grupomedcof.com.br\/blog\/wp-content\/uploads\/2024\/11\/Modelo-instituicoes-67-1920x1080.png 1920w\" sizes=\"auto, (max-width: 1024px) 100vw, 1024px\" \/><\/figure>\n\n\n\n<p>A <strong>Casa de Caridade de Alfenas Nossa Senhora do Perp\u00e9tuo Socorro \u2014 Santa Casa de Alfenas<\/strong> divulgou seu edital para resid\u00eancia m\u00e9dica, ofertando 23 vagas. Confira!<\/p>\n\n\n\n<h2 class=\"wp-block-heading\" id=\"h-informacoes-edital-santa-casa-de-alfenas-2025-2026\"><span class=\"ez-toc-section\" id=\"Informacoes_edital_Santa_Casa_de_Alfenas_20252026\"><\/span><strong>Informa\u00e7\u00f5es edital Santa Casa de Alfenas 2025\/2026<\/strong><span class=\"ez-toc-section-end\"><\/span><\/h2>\n\n\n\n<p>De acordo com o edital, o processo seletivo ter\u00e1 duas etapas: a <strong>prova objetiva<\/strong> e a <strong>an\u00e1lise curricular. <\/strong><\/p>\n\n\n\n<p>Assim, os candidatos ter\u00e3o que efetuar o pagamento da taxa de inscri\u00e7\u00e3o no valor de <strong>R$700,00<\/strong>, bem como realizar a inscri\u00e7\u00e3o entre os dias <strong>05 e 20 de janeiro de 2026.<\/strong><\/p>\n\n\n\n<h2 class=\"wp-block-heading\" id=\"h-vagas-ofertadas\"><span class=\"ez-toc-section\" id=\"Vagas_ofertadas\"><\/span><strong>Vagas ofertadas<\/strong><span class=\"ez-toc-section-end\"><\/span><\/h2>\n\n\n\n<figure class=\"wp-block-table\"><table class=\"has-fixed-layout\"><thead><tr><th><strong>Especialidade<\/strong>s<\/th><th><strong>Vagas<\/strong><\/th><\/tr><\/thead><tbody><tr><td>Anestesiologia<\/td><td>03<\/td><\/tr><tr><td>Cirurgia Geral<\/td><td>03<\/td><\/tr><tr><td>Cl\u00ednica M\u00e9dica<\/td><td>02<\/td><\/tr><tr><td>Ginecologia e Obstetr\u00edcia<\/td><td>02<\/td><\/tr><tr><td>Medicina de Fam\u00edlia e Comunidade<\/td><td>04<\/td><\/tr><tr><td>Medicina Intensiva<\/td><td>02<\/td><\/tr><tr><td>Radiologia e Diagn\u00f3stico por Imagem<\/td><td>02<\/td><\/tr><tr><td>Dor<\/td><td>02<\/td><\/tr><tr><td>Mastologia<\/td><td>01<\/td><\/tr><tr><td>Oncologia Cl\u00ednica<\/td><td>02<\/td><\/tr><\/tbody><\/table><\/figure>\n\n\n\n<figure class=\"wp-block-image size-large\"><a href=\"https:\/\/www.grupomedcof.com.br\/cofletters\/\"><img loading=\"lazy\" decoding=\"async\" width=\"1024\" height=\"366\" src=\"https:\/\/www.grupomedcof.com.br\/blog\/wp-content\/uploads\/2024\/10\/Capa-Eventos-MedCof-Plus-1-1024x366.png\" alt=\"\" class=\"wp-image-30896\" srcset=\"https:\/\/www.grupomedcof.com.br\/blog\/wp-content\/uploads\/2024\/10\/Capa-Eventos-MedCof-Plus-1-1024x366.png 1024w, https:\/\/www.grupomedcof.com.br\/blog\/wp-content\/uploads\/2024\/10\/Capa-Eventos-MedCof-Plus-1-300x107.png 300w, https:\/\/www.grupomedcof.com.br\/blog\/wp-content\/uploads\/2024\/10\/Capa-Eventos-MedCof-Plus-1-768x275.png 768w, https:\/\/www.grupomedcof.com.br\/blog\/wp-content\/uploads\/2024\/10\/Capa-Eventos-MedCof-Plus-1-1536x549.png 1536w, https:\/\/www.grupomedcof.com.br\/blog\/wp-content\/uploads\/2024\/10\/Capa-Eventos-MedCof-Plus-1-2048x732.png 2048w, https:\/\/www.grupomedcof.com.br\/blog\/wp-content\/uploads\/2024\/10\/Capa-Eventos-MedCof-Plus-1-1175x420.png 1175w, https:\/\/www.grupomedcof.com.br\/blog\/wp-content\/uploads\/2024\/10\/Capa-Eventos-MedCof-Plus-1-150x54.png 150w, https:\/\/www.grupomedcof.com.br\/blog\/wp-content\/uploads\/2024\/10\/Capa-Eventos-MedCof-Plus-1-696x249.png 696w, https:\/\/www.grupomedcof.com.br\/blog\/wp-content\/uploads\/2024\/10\/Capa-Eventos-MedCof-Plus-1-1068x382.png 1068w, https:\/\/www.grupomedcof.com.br\/blog\/wp-content\/uploads\/2024\/10\/Capa-Eventos-MedCof-Plus-1-1920x686.png 1920w\" sizes=\"auto, (max-width: 1024px) 100vw, 1024px\" \/><\/a><\/figure>\n\n\n\n<h2 class=\"wp-block-heading\" id=\"h-processo-seletivo-santa-casa-de-alfenas-2025-2026\"><span class=\"ez-toc-section\" id=\"Processo_Seletivo_Santa_Casa_de_Alfenas_20252026\"><\/span><strong>Processo Seletivo Santa Casa de Alfenas 2025\/2026<\/strong><span class=\"ez-toc-section-end\"><\/span><\/h2>\n\n\n\n<p>Para as especialidades de Acesso Direto, a prova objetiva ter\u00e1 90 quest\u00f5es de m\u00faltipla escolha que abranger\u00e1 os assuntos das cinco grandes \u00e1reas. Para Pr\u00e9-Requisito, a prova ter\u00e1 45 quest\u00f5es. Al\u00e9m disso, ser\u00e1 aplicada no dia <strong>28 de janeiro de 2026<\/strong>, das 8h30 \u00e0s 12h30.<\/p>\n\n\n\n<p>Desse modo, a segunda etapa ser\u00e1 composta pela An\u00e1lise Curricular que acontecer\u00e1 no dia <strong>30 de janeiro de 2026.<\/strong><\/p>\n\n\n\n<h2 class=\"wp-block-heading\" id=\"h-cronograma-santa-casa-de-alfenas-2025-2026\"><span class=\"ez-toc-section\" id=\"Cronograma_Santa_Casa_de_Alfenas_20252026\"><\/span><strong>Cronograma Santa Casa de Alfenas 2025\/2026<\/strong><span class=\"ez-toc-section-end\"><\/span><\/h2>\n\n\n\n<figure class=\"wp-block-table\"><table class=\"has-fixed-layout\"><tbody><tr><td><strong>Inscri\u00e7\u00f5es<\/strong><\/td><td>05 a 20\/01\/2026<\/td><\/tr><tr><td><strong>Taxa de inscri\u00e7\u00e3o<\/strong><\/td><td>R$ 700,00<\/td><\/tr><tr><td><strong>Prova Objetiva<\/strong><\/td><td>28\/01\/2026<\/td><\/tr><tr><td><strong>Resultado da primeira etapa<\/strong><\/td><td>29\/01\/2026<\/td><\/tr><tr><td><strong>An\u00e1lise Curricular\/Entrevista<\/strong><\/td><td>30\/01\/2026<\/td><\/tr><tr><td><strong>Resultado final<\/strong><\/td><td>02\/02\/2026<\/td><\/tr><tr><td><strong>Matr\u00edcula<\/strong><\/td><td>03 a 06\/02\/2026<\/td><\/tr><tr><td><strong>Chamada de candidatos \u00e0s vagas remanescentes<\/strong><\/td><td>09\/02\/2026<\/td><\/tr><tr><td><strong>Matr\u00edcula dos candidatos \u00e0s vagas remanescentes<\/strong><\/td><td>11\/02\/2026<\/td><\/tr><tr><td><strong>2\u00aa chamada de vagas remanescentes<\/strong><\/td><td>12\/02\/2026<\/td><\/tr><tr><td><strong>Matr\u00edcula da 2\u00aa chamada de candidatos \u00e0s vagas remanescentes<\/strong><\/td><td>13\/02\/2026<\/td><\/tr><tr><td><strong>In\u00edcio do Programa de Resid\u00eancia M\u00e9dica<\/strong><\/td><td>01\/03\/2026<\/td><\/tr><\/tbody><\/table><\/figure>\n\n\n\n<h2 class=\"wp-block-heading\" id=\"h-edital-santa-casa-de-alfenas-2025-2026\"><span class=\"ez-toc-section\" id=\"Edital_Santa_Casa_de_Alfenas_20252026\"><\/span><strong>Edital Santa Casa de Alfenas 2025\/2026<\/strong><span class=\"ez-toc-section-end\"><\/span><\/h2>\n\n\n\n<div data-wp-interactive=\"core\/file\" class=\"wp-block-file\"><object data-wp-bind--hidden=\"!state.hasPdfPreview\" hidden class=\"wp-block-file__embed\" data=\"https:\/\/www.grupomedcof.com.br\/blog\/wp-content\/uploads\/2024\/11\/Edital-Santa-Casa-de-Alfenas-2026.pdf\" type=\"application\/pdf\" style=\"width:100%;height:600px\" aria-label=\"Incorporado de Edital Santa Casa de Alfenas 2026.\"><\/object><a id=\"wp-block-file--media-46a6791d-01f8-4c79-bfce-4e8654738810\" href=\"https:\/\/www.grupomedcof.com.br\/blog\/wp-content\/uploads\/2024\/11\/Edital-Santa-Casa-de-Alfenas-2026.pdf\">Edital Santa Casa de Alfenas 2026<\/a><a href=\"https:\/\/www.grupomedcof.com.br\/blog\/wp-content\/uploads\/2024\/11\/Edital-Santa-Casa-de-Alfenas-2026.pdf\" class=\"wp-block-file__button wp-element-button\" download aria-describedby=\"wp-block-file--media-46a6791d-01f8-4c79-bfce-4e8654738810\">Baixar<\/a><\/div>\n\n\n\n<div class=\"wp-block-buttons is-layout-flex wp-block-buttons-is-layout-flex\">\n<div class=\"wp-block-button\"><a class=\"wp-block-button__link wp-element-button\" href=\"https:\/\/www.grupomedcof.com.br\/blog\/wp-content\/uploads\/2024\/11\/Avaliacao-Curricular-AD.pdf\" target=\"_blank\" rel=\"noreferrer noopener\">Avalia\u00e7\u00e3o Curricular AD<\/a><\/div>\n\n\n\n<div class=\"wp-block-button\"><a class=\"wp-block-button__link wp-element-button\" href=\"https:\/\/www.grupomedcof.com.br\/blog\/wp-content\/uploads\/2024\/11\/RM26ACPR.pdf\" target=\"_blank\" rel=\"noreferrer noopener\">Avalia\u00e7\u00e3o Curricular PR<\/a><\/div>\n<\/div>\n\n\n\n<h2 class=\"wp-block-heading\" id=\"o-m\u00e9todo-que-te-aprova\"><span class=\"ez-toc-section\" id=\"O_metodo_que_te_aprova\"><\/span><strong>O m\u00e9todo que te aprova!<\/strong><span class=\"ez-toc-section-end\"><\/span><\/h2>\n\n\n\n<p>Quer alcan\u00e7ar a aprova\u00e7\u00e3o nas provas de resid\u00eancia m\u00e9dica? Ent\u00e3o seja um\u00a0<a href=\"https:\/\/www.grupomedcof.com.br\/home\/\" target=\"_blank\" rel=\"noreferrer noopener\">MedCofer<\/a>! Aqui te ajudaremos na busca da aprova\u00e7\u00e3o com conte\u00fados de qualidade e uma\u00a0<a href=\"https:\/\/www.grupomedcof.com.br\/blog\/presenca-da-medcof-nas-aprovacoes-em-residencia-medica-no-brasil\/\" target=\"_blank\" rel=\"noreferrer noopener\">metodologia que j\u00e1 aprovou mais de 20 mil residentes no pa\u00eds!\u00a0<\/a>Por fim, acesse o nosso<a href=\"https:\/\/www.youtube.com\/@GrupoMedcof\/featured\" target=\"_blank\" rel=\"noreferrer noopener\">\u00a0<strong>canal do youtube\u00a0<\/strong><\/a>para ver o nosso material.<\/p>\n\n\n\n<figure class=\"wp-block-embed is-type-video is-provider-youtube wp-block-embed-youtube wp-embed-aspect-16-9 wp-has-aspect-ratio\"><div class=\"wp-block-embed__wrapper\">\n<div class=\"youtube-embed\" data-video_id=\"2Vn9UJA2xCw\"><iframe loading=\"lazy\" title=\"COFEXPRESS - HIV. Com Dra. Jackie Palazzo\" width=\"696\" height=\"392\" src=\"https:\/\/www.youtube.com\/embed\/2Vn9UJA2xCw?feature=oembed&#038;enablejsapi=1\" frameborder=\"0\" allow=\"accelerometer; autoplay; clipboard-write; encrypted-media; gyroscope; picture-in-picture; web-share\" referrerpolicy=\"strict-origin-when-cross-origin\" allowfullscreen><\/iframe><\/div>\n<\/div><\/figure>\n","protected":false},"excerpt":{"rendered":"<p>A Casa de Caridade de Alfenas Nossa Senhora do Perp\u00e9tuo Socorro, a Santa Casa de Alfenas divulga o edital para o seu processo seletivo de 2024.<\/p>\n","protected":false},"author":20,"featured_media":31544,"comment_status":"open","ping_status":"open","sticky":false,"template":"","format":"standard","meta":{"footnotes":""},"categories":[2023],"tags":[245,93,117,68],"ppma_author":[3616],"class_list":{"0":"post-12838","1":"post","2":"type-post","3":"status-publish","4":"format-standard","5":"has-post-thumbnail","7":"category-editais","8":"tag-acesso-direto","9":"tag-especialidades-medicas","10":"tag-provas-de-residencia","11":"tag-residencia-medica"},"yoast_head":"<!-- This site is optimized with the Yoast SEO Premium plugin v24.3 (Yoast SEO v27.5) - https:\/\/yoast.com\/product\/yoast-seo-premium-wordpress\/ -->\n<title>Edital Santa Casa de Alfenas para resid\u00eancia m\u00e9dica 2025\/2026 - Blog de Medcof: conte\u00fados, editais, revalida e mais!<\/title>\n<meta name=\"description\" content=\"A Santa Casa de Alfenas divulgou seu edital para resid\u00eancia m\u00e9dica, ofertando 21 vagas. As inscri\u00e7\u00f5es ser\u00e3o no dia\" \/>\n<meta name=\"robots\" content=\"index, follow, max-snippet:-1, max-image-preview:large, max-video-preview:-1\" \/>\n<link rel=\"canonical\" href=\"https:\/\/www.grupomedcof.com.br\/blog\/edital-residencia-medica-santa-casa-de-alfenas\/\" \/>\n<meta property=\"og:locale\" content=\"pt_BR\" \/>\n<meta property=\"og:type\" content=\"article\" \/>\n<meta property=\"og:title\" content=\"Edital Santa Casa de Alfenas para resid\u00eancia m\u00e9dica 2025\/2026\" \/>\n<meta property=\"og:description\" content=\"A Santa Casa de Alfenas divulgou seu edital para resid\u00eancia m\u00e9dica, ofertando 21 vagas. As inscri\u00e7\u00f5es ser\u00e3o no dia\" \/>\n<meta property=\"og:url\" content=\"https:\/\/www.grupomedcof.com.br\/blog\/edital-residencia-medica-santa-casa-de-alfenas\/\" \/>\n<meta property=\"og:site_name\" content=\"Blog de Medcof: conte\u00fados, editais, revalida e mais!\" \/>\n<meta property=\"article:publisher\" content=\"https:\/\/www.facebook.com\/MedCofQbank\/\" \/>\n<meta property=\"article:published_time\" content=\"2025-10-23T15:01:47+00:00\" \/>\n<meta property=\"article:modified_time\" content=\"2025-10-23T15:01:49+00:00\" \/>\n<meta property=\"og:image\" content=\"https:\/\/www.grupomedcof.com.br\/blog\/wp-content\/uploads\/2024\/11\/Modelo-instituicoes-67.png\" \/>\n\t<meta property=\"og:image:width\" content=\"5760\" \/>\n\t<meta property=\"og:image:height\" content=\"3240\" \/>\n\t<meta property=\"og:image:type\" content=\"image\/png\" \/>\n<meta name=\"author\" content=\"Leila Menzel\" \/>\n<meta name=\"twitter:card\" content=\"summary_large_image\" \/>\n<meta name=\"twitter:label1\" content=\"Escrito por\" \/>\n\t<meta name=\"twitter:data1\" content=\"Leila Menzel\" \/>\n\t<meta name=\"twitter:label2\" content=\"Est. tempo de leitura\" \/>\n\t<meta name=\"twitter:data2\" content=\"3 minutos\" \/>\n<script type=\"application\/ld+json\" class=\"yoast-schema-graph\">{\"@context\":\"https:\\\/\\\/schema.org\",\"@graph\":[{\"@type\":\"Article\",\"@id\":\"https:\\\/\\\/www.grupomedcof.com.br\\\/blog\\\/edital-residencia-medica-santa-casa-de-alfenas\\\/#article\",\"isPartOf\":{\"@id\":\"https:\\\/\\\/www.grupomedcof.com.br\\\/blog\\\/edital-residencia-medica-santa-casa-de-alfenas\\\/\"},\"author\":{\"name\":\"Leila Menzel\",\"@id\":\"https:\\\/\\\/www.grupomedcof.com.br\\\/blog\\\/#\\\/schema\\\/person\\\/9a44c2184a836bf5ae6967fdb3a1451e\"},\"headline\":\"Edital Santa Casa de Alfenas para resid\u00eancia m\u00e9dica 2025\\\/2026\",\"datePublished\":\"2025-10-23T15:01:47+00:00\",\"dateModified\":\"2025-10-23T15:01:49+00:00\",\"mainEntityOfPage\":{\"@id\":\"https:\\\/\\\/www.grupomedcof.com.br\\\/blog\\\/edital-residencia-medica-santa-casa-de-alfenas\\\/\"},\"wordCount\":352,\"commentCount\":0,\"publisher\":{\"@id\":\"https:\\\/\\\/www.grupomedcof.com.br\\\/blog\\\/#organization\"},\"image\":{\"@id\":\"https:\\\/\\\/www.grupomedcof.com.br\\\/blog\\\/edital-residencia-medica-santa-casa-de-alfenas\\\/#primaryimage\"},\"thumbnailUrl\":\"https:\\\/\\\/www.grupomedcof.com.br\\\/blog\\\/wp-content\\\/uploads\\\/2024\\\/11\\\/Modelo-instituicoes-67.png\",\"keywords\":[\"Acesso Direto\",\"Especialidades m\u00e9dicas\",\"Provas de Resid\u00eancia\",\"Resid\u00eancia M\u00e9dica\"],\"articleSection\":[\"Editais\"],\"inLanguage\":\"pt-BR\"},{\"@type\":\"WebPage\",\"@id\":\"https:\\\/\\\/www.grupomedcof.com.br\\\/blog\\\/edital-residencia-medica-santa-casa-de-alfenas\\\/\",\"url\":\"https:\\\/\\\/www.grupomedcof.com.br\\\/blog\\\/edital-residencia-medica-santa-casa-de-alfenas\\\/\",\"name\":\"Edital Santa Casa de Alfenas para resid\u00eancia m\u00e9dica 2025\\\/2026 - Blog de Medcof: conte\u00fados, editais, revalida e mais!\",\"isPartOf\":{\"@id\":\"https:\\\/\\\/www.grupomedcof.com.br\\\/blog\\\/#website\"},\"primaryImageOfPage\":{\"@id\":\"https:\\\/\\\/www.grupomedcof.com.br\\\/blog\\\/edital-residencia-medica-santa-casa-de-alfenas\\\/#primaryimage\"},\"image\":{\"@id\":\"https:\\\/\\\/www.grupomedcof.com.br\\\/blog\\\/edital-residencia-medica-santa-casa-de-alfenas\\\/#primaryimage\"},\"thumbnailUrl\":\"https:\\\/\\\/www.grupomedcof.com.br\\\/blog\\\/wp-content\\\/uploads\\\/2024\\\/11\\\/Modelo-instituicoes-67.png\",\"datePublished\":\"2025-10-23T15:01:47+00:00\",\"dateModified\":\"2025-10-23T15:01:49+00:00\",\"description\":\"A Santa Casa de Alfenas divulgou seu edital para resid\u00eancia m\u00e9dica, ofertando 21 vagas. As inscri\u00e7\u00f5es ser\u00e3o no dia\",\"breadcrumb\":{\"@id\":\"https:\\\/\\\/www.grupomedcof.com.br\\\/blog\\\/edital-residencia-medica-santa-casa-de-alfenas\\\/#breadcrumb\"},\"inLanguage\":\"pt-BR\",\"potentialAction\":[{\"@type\":\"ReadAction\",\"target\":[\"https:\\\/\\\/www.grupomedcof.com.br\\\/blog\\\/edital-residencia-medica-santa-casa-de-alfenas\\\/\"]}]},{\"@type\":\"ImageObject\",\"inLanguage\":\"pt-BR\",\"@id\":\"https:\\\/\\\/www.grupomedcof.com.br\\\/blog\\\/edital-residencia-medica-santa-casa-de-alfenas\\\/#primaryimage\",\"url\":\"https:\\\/\\\/www.grupomedcof.com.br\\\/blog\\\/wp-content\\\/uploads\\\/2024\\\/11\\\/Modelo-instituicoes-67.png\",\"contentUrl\":\"https:\\\/\\\/www.grupomedcof.com.br\\\/blog\\\/wp-content\\\/uploads\\\/2024\\\/11\\\/Modelo-instituicoes-67.png\",\"width\":5760,\"height\":3240},{\"@type\":\"BreadcrumbList\",\"@id\":\"https:\\\/\\\/www.grupomedcof.com.br\\\/blog\\\/edital-residencia-medica-santa-casa-de-alfenas\\\/#breadcrumb\",\"itemListElement\":[{\"@type\":\"ListItem\",\"position\":1,\"name\":\"In\u00edcio\",\"item\":\"https:\\\/\\\/www.grupomedcof.com.br\\\/blog\\\/\"},{\"@type\":\"ListItem\",\"position\":2,\"name\":\"Edital Santa Casa de Alfenas para resid\u00eancia m\u00e9dica 2025\\\/2026\"}]},{\"@type\":\"WebSite\",\"@id\":\"https:\\\/\\\/www.grupomedcof.com.br\\\/blog\\\/#website\",\"url\":\"https:\\\/\\\/www.grupomedcof.com.br\\\/blog\\\/\",\"name\":\"Blog de Medcof: conte\u00fados, editais, revalida e mais!\",\"description\":\"Acesso o blog de MedCof! Seu portal de conte\u00fados sobre resid\u00eancia m\u00e9dica, an\u00e1lise e editais e muito mais. Clique e confira!\",\"publisher\":{\"@id\":\"https:\\\/\\\/www.grupomedcof.com.br\\\/blog\\\/#organization\"},\"alternateName\":\"Blog de Medcof: conte\u00fados, editais, revalida e mais!\",\"potentialAction\":[{\"@type\":\"SearchAction\",\"target\":{\"@type\":\"EntryPoint\",\"urlTemplate\":\"https:\\\/\\\/www.grupomedcof.com.br\\\/blog\\\/?s={search_term_string}\"},\"query-input\":{\"@type\":\"PropertyValueSpecification\",\"valueRequired\":true,\"valueName\":\"search_term_string\"}}],\"inLanguage\":\"pt-BR\"},{\"@type\":\"Organization\",\"@id\":\"https:\\\/\\\/www.grupomedcof.com.br\\\/blog\\\/#organization\",\"name\":\"Grupo MedCof\",\"url\":\"https:\\\/\\\/www.grupomedcof.com.br\\\/blog\\\/\",\"logo\":{\"@type\":\"ImageObject\",\"inLanguage\":\"pt-BR\",\"@id\":\"https:\\\/\\\/www.grupomedcof.com.br\\\/blog\\\/#\\\/schema\\\/logo\\\/image\\\/\",\"url\":\"https:\\\/\\\/www.grupomedcof.com.br\\\/blog\\\/wp-content\\\/uploads\\\/2022\\\/01\\\/logo-medcof.png\",\"contentUrl\":\"https:\\\/\\\/www.grupomedcof.com.br\\\/blog\\\/wp-content\\\/uploads\\\/2022\\\/01\\\/logo-medcof.png\",\"width\":768,\"height\":269,\"caption\":\"Grupo MedCof\"},\"image\":{\"@id\":\"https:\\\/\\\/www.grupomedcof.com.br\\\/blog\\\/#\\\/schema\\\/logo\\\/image\\\/\"},\"sameAs\":[\"https:\\\/\\\/www.facebook.com\\\/MedCofQbank\\\/\",\"https:\\\/\\\/www.instagram.com\\\/grupomedcof\\\/\",\"https:\\\/\\\/br.linkedin.com\\\/company\\\/medcof\",\"https:\\\/\\\/www.youtube.com\\\/channel\\\/UCdHMuOHKICxcHwecxN8P-AA\"]},{\"@type\":\"Person\",\"@id\":\"https:\\\/\\\/www.grupomedcof.com.br\\\/blog\\\/#\\\/schema\\\/person\\\/9a44c2184a836bf5ae6967fdb3a1451e\",\"name\":\"Leila Menzel\",\"image\":{\"@type\":\"ImageObject\",\"inLanguage\":\"pt-BR\",\"@id\":\"https:\\\/\\\/www.grupomedcof.com.br\\\/blog\\\/wp-content\\\/uploads\\\/2025\\\/09\\\/cropped-eu-96x96.jpeg19a74936d997c0a8b3031618467fa1d0\",\"url\":\"https:\\\/\\\/www.grupomedcof.com.br\\\/blog\\\/wp-content\\\/uploads\\\/2025\\\/09\\\/cropped-eu-96x96.jpeg\",\"contentUrl\":\"https:\\\/\\\/www.grupomedcof.com.br\\\/blog\\\/wp-content\\\/uploads\\\/2025\\\/09\\\/cropped-eu-96x96.jpeg\",\"caption\":\"Leila Menzel\"},\"description\":\"Estudante do 6\u00b0 semestre de jornalismo, amo e escrevo poesias e viajo em livros de romances clich\u00eas.\",\"url\":\"https:\\\/\\\/www.grupomedcof.com.br\\\/blog\\\/author\\\/leila-menzel\\\/\"}]}<\/script>\n<!-- \/ Yoast SEO Premium plugin. -->","yoast_head_json":{"title":"Edital Santa Casa de Alfenas para resid\u00eancia m\u00e9dica 2025\/2026 - Blog de Medcof: conte\u00fados, editais, revalida e mais!","description":"A Santa Casa de Alfenas divulgou seu edital para resid\u00eancia m\u00e9dica, ofertando 21 vagas. As inscri\u00e7\u00f5es ser\u00e3o no dia","robots":{"index":"index","follow":"follow","max-snippet":"max-snippet:-1","max-image-preview":"max-image-preview:large","max-video-preview":"max-video-preview:-1"},"canonical":"https:\/\/www.grupomedcof.com.br\/blog\/edital-residencia-medica-santa-casa-de-alfenas\/","og_locale":"pt_BR","og_type":"article","og_title":"Edital Santa Casa de Alfenas para resid\u00eancia m\u00e9dica 2025\/2026","og_description":"A Santa Casa de Alfenas divulgou seu edital para resid\u00eancia m\u00e9dica, ofertando 21 vagas. As inscri\u00e7\u00f5es ser\u00e3o no dia","og_url":"https:\/\/www.grupomedcof.com.br\/blog\/edital-residencia-medica-santa-casa-de-alfenas\/","og_site_name":"Blog de Medcof: conte\u00fados, editais, revalida e mais!","article_publisher":"https:\/\/www.facebook.com\/MedCofQbank\/","article_published_time":"2025-10-23T15:01:47+00:00","article_modified_time":"2025-10-23T15:01:49+00:00","og_image":[{"width":5760,"height":3240,"url":"https:\/\/www.grupomedcof.com.br\/blog\/wp-content\/uploads\/2024\/11\/Modelo-instituicoes-67.png","type":"image\/png"}],"author":"Leila Menzel","twitter_card":"summary_large_image","twitter_misc":{"Escrito por":"Leila Menzel","Est. tempo de leitura":"3 minutos"},"schema":{"@context":"https:\/\/schema.org","@graph":[{"@type":"Article","@id":"https:\/\/www.grupomedcof.com.br\/blog\/edital-residencia-medica-santa-casa-de-alfenas\/#article","isPartOf":{"@id":"https:\/\/www.grupomedcof.com.br\/blog\/edital-residencia-medica-santa-casa-de-alfenas\/"},"author":{"name":"Leila Menzel","@id":"https:\/\/www.grupomedcof.com.br\/blog\/#\/schema\/person\/9a44c2184a836bf5ae6967fdb3a1451e"},"headline":"Edital Santa Casa de Alfenas para resid\u00eancia m\u00e9dica 2025\/2026","datePublished":"2025-10-23T15:01:47+00:00","dateModified":"2025-10-23T15:01:49+00:00","mainEntityOfPage":{"@id":"https:\/\/www.grupomedcof.com.br\/blog\/edital-residencia-medica-santa-casa-de-alfenas\/"},"wordCount":352,"commentCount":0,"publisher":{"@id":"https:\/\/www.grupomedcof.com.br\/blog\/#organization"},"image":{"@id":"https:\/\/www.grupomedcof.com.br\/blog\/edital-residencia-medica-santa-casa-de-alfenas\/#primaryimage"},"thumbnailUrl":"https:\/\/www.grupomedcof.com.br\/blog\/wp-content\/uploads\/2024\/11\/Modelo-instituicoes-67.png","keywords":["Acesso Direto","Especialidades m\u00e9dicas","Provas de Resid\u00eancia","Resid\u00eancia M\u00e9dica"],"articleSection":["Editais"],"inLanguage":"pt-BR"},{"@type":"WebPage","@id":"https:\/\/www.grupomedcof.com.br\/blog\/edital-residencia-medica-santa-casa-de-alfenas\/","url":"https:\/\/www.grupomedcof.com.br\/blog\/edital-residencia-medica-santa-casa-de-alfenas\/","name":"Edital Santa Casa de Alfenas para resid\u00eancia m\u00e9dica 2025\/2026 - Blog de Medcof: conte\u00fados, editais, revalida e mais!","isPartOf":{"@id":"https:\/\/www.grupomedcof.com.br\/blog\/#website"},"primaryImageOfPage":{"@id":"https:\/\/www.grupomedcof.com.br\/blog\/edital-residencia-medica-santa-casa-de-alfenas\/#primaryimage"},"image":{"@id":"https:\/\/www.grupomedcof.com.br\/blog\/edital-residencia-medica-santa-casa-de-alfenas\/#primaryimage"},"thumbnailUrl":"https:\/\/www.grupomedcof.com.br\/blog\/wp-content\/uploads\/2024\/11\/Modelo-instituicoes-67.png","datePublished":"2025-10-23T15:01:47+00:00","dateModified":"2025-10-23T15:01:49+00:00","description":"A Santa Casa de Alfenas divulgou seu edital para resid\u00eancia m\u00e9dica, ofertando 21 vagas. As inscri\u00e7\u00f5es ser\u00e3o no dia","breadcrumb":{"@id":"https:\/\/www.grupomedcof.com.br\/blog\/edital-residencia-medica-santa-casa-de-alfenas\/#breadcrumb"},"inLanguage":"pt-BR","potentialAction":[{"@type":"ReadAction","target":["https:\/\/www.grupomedcof.com.br\/blog\/edital-residencia-medica-santa-casa-de-alfenas\/"]}]},{"@type":"ImageObject","inLanguage":"pt-BR","@id":"https:\/\/www.grupomedcof.com.br\/blog\/edital-residencia-medica-santa-casa-de-alfenas\/#primaryimage","url":"https:\/\/www.grupomedcof.com.br\/blog\/wp-content\/uploads\/2024\/11\/Modelo-instituicoes-67.png","contentUrl":"https:\/\/www.grupomedcof.com.br\/blog\/wp-content\/uploads\/2024\/11\/Modelo-instituicoes-67.png","width":5760,"height":3240},{"@type":"BreadcrumbList","@id":"https:\/\/www.grupomedcof.com.br\/blog\/edital-residencia-medica-santa-casa-de-alfenas\/#breadcrumb","itemListElement":[{"@type":"ListItem","position":1,"name":"In\u00edcio","item":"https:\/\/www.grupomedcof.com.br\/blog\/"},{"@type":"ListItem","position":2,"name":"Edital Santa Casa de Alfenas para resid\u00eancia m\u00e9dica 2025\/2026"}]},{"@type":"WebSite","@id":"https:\/\/www.grupomedcof.com.br\/blog\/#website","url":"https:\/\/www.grupomedcof.com.br\/blog\/","name":"Blog de Medcof: conte\u00fados, editais, revalida e mais!","description":"Acesso o blog de MedCof! Seu portal de conte\u00fados sobre resid\u00eancia m\u00e9dica, an\u00e1lise e editais e muito mais. Clique e confira!","publisher":{"@id":"https:\/\/www.grupomedcof.com.br\/blog\/#organization"},"alternateName":"Blog de Medcof: conte\u00fados, editais, revalida e mais!","potentialAction":[{"@type":"SearchAction","target":{"@type":"EntryPoint","urlTemplate":"https:\/\/www.grupomedcof.com.br\/blog\/?s={search_term_string}"},"query-input":{"@type":"PropertyValueSpecification","valueRequired":true,"valueName":"search_term_string"}}],"inLanguage":"pt-BR"},{"@type":"Organization","@id":"https:\/\/www.grupomedcof.com.br\/blog\/#organization","name":"Grupo MedCof","url":"https:\/\/www.grupomedcof.com.br\/blog\/","logo":{"@type":"ImageObject","inLanguage":"pt-BR","@id":"https:\/\/www.grupomedcof.com.br\/blog\/#\/schema\/logo\/image\/","url":"https:\/\/www.grupomedcof.com.br\/blog\/wp-content\/uploads\/2022\/01\/logo-medcof.png","contentUrl":"https:\/\/www.grupomedcof.com.br\/blog\/wp-content\/uploads\/2022\/01\/logo-medcof.png","width":768,"height":269,"caption":"Grupo MedCof"},"image":{"@id":"https:\/\/www.grupomedcof.com.br\/blog\/#\/schema\/logo\/image\/"},"sameAs":["https:\/\/www.facebook.com\/MedCofQbank\/","https:\/\/www.instagram.com\/grupomedcof\/","https:\/\/br.linkedin.com\/company\/medcof","https:\/\/www.youtube.com\/channel\/UCdHMuOHKICxcHwecxN8P-AA"]},{"@type":"Person","@id":"https:\/\/www.grupomedcof.com.br\/blog\/#\/schema\/person\/9a44c2184a836bf5ae6967fdb3a1451e","name":"Leila Menzel","image":{"@type":"ImageObject","inLanguage":"pt-BR","@id":"https:\/\/www.grupomedcof.com.br\/blog\/wp-content\/uploads\/2025\/09\/cropped-eu-96x96.jpeg19a74936d997c0a8b3031618467fa1d0","url":"https:\/\/www.grupomedcof.com.br\/blog\/wp-content\/uploads\/2025\/09\/cropped-eu-96x96.jpeg","contentUrl":"https:\/\/www.grupomedcof.com.br\/blog\/wp-content\/uploads\/2025\/09\/cropped-eu-96x96.jpeg","caption":"Leila Menzel"},"description":"Estudante do 6\u00b0 semestre de jornalismo, amo e escrevo poesias e viajo em livros de romances clich\u00eas.","url":"https:\/\/www.grupomedcof.com.br\/blog\/author\/leila-menzel\/"}]}},"authors":[{"term_id":3616,"user_id":20,"is_guest":0,"slug":"leila-menzel","display_name":"Leila Menzel","avatar_url":"https:\/\/www.grupomedcof.com.br\/blog\/wp-content\/uploads\/2025\/09\/cropped-eu-96x96.jpeg","0":null,"1":"","2":"","3":"","4":"","5":"","6":"","7":"","8":""}],"_links":{"self":[{"href":"https:\/\/www.grupomedcof.com.br\/blog\/wp-json\/wp\/v2\/posts\/12838","targetHints":{"allow":["GET"]}}],"collection":[{"href":"https:\/\/www.grupomedcof.com.br\/blog\/wp-json\/wp\/v2\/posts"}],"about":[{"href":"https:\/\/www.grupomedcof.com.br\/blog\/wp-json\/wp\/v2\/types\/post"}],"author":[{"embeddable":true,"href":"https:\/\/www.grupomedcof.com.br\/blog\/wp-json\/wp\/v2\/users\/20"}],"replies":[{"embeddable":true,"href":"https:\/\/www.grupomedcof.com.br\/blog\/wp-json\/wp\/v2\/comments?post=12838"}],"version-history":[{"count":1,"href":"https:\/\/www.grupomedcof.com.br\/blog\/wp-json\/wp\/v2\/posts\/12838\/revisions"}],"predecessor-version":[{"id":38794,"href":"https:\/\/www.grupomedcof.com.br\/blog\/wp-json\/wp\/v2\/posts\/12838\/revisions\/38794"}],"wp:featuredmedia":[{"embeddable":true,"href":"https:\/\/www.grupomedcof.com.br\/blog\/wp-json\/wp\/v2\/media\/31544"}],"wp:attachment":[{"href":"https:\/\/www.grupomedcof.com.br\/blog\/wp-json\/wp\/v2\/media?parent=12838"}],"wp:term":[{"taxonomy":"category","embeddable":true,"href":"https:\/\/www.grupomedcof.com.br\/blog\/wp-json\/wp\/v2\/categories?post=12838"},{"taxonomy":"post_tag","embeddable":true,"href":"https:\/\/www.grupomedcof.com.br\/blog\/wp-json\/wp\/v2\/tags?post=12838"},{"taxonomy":"author","embeddable":true,"href":"https:\/\/www.grupomedcof.com.br\/blog\/wp-json\/wp\/v2\/ppma_author?post=12838"}],"curies":[{"name":"wp","href":"https:\/\/api.w.org\/{rel}","templated":true}]}}