{"id":12863,"date":"2023-09-13T16:41:41","date_gmt":"2023-09-13T19:41:41","guid":{"rendered":"https:\/\/www.grupomedcof.com.br\/blog\/?p=12863"},"modified":"2023-09-13T16:41:41","modified_gmt":"2023-09-13T19:41:41","slug":"sus-ba-2023-2024-inscricoes-abertas","status":"publish","type":"post","link":"https:\/\/www.grupomedcof.com.br\/blog\/sus-ba-2023-2024-inscricoes-abertas\/","title":{"rendered":"SUS-BA 2023\/2024: Inscri\u00e7\u00f5es abertas"},"content":{"rendered":"<div id=\"ez-toc-container\" class=\"ez-toc-v2_0_74 counter-hierarchy ez-toc-counter ez-toc-transparent ez-toc-container-direction\">\n<div class=\"ez-toc-title-container\">\n<p class=\"ez-toc-title\" style=\"cursor:inherit\">Sum\u00e1rio<\/p>\n<span class=\"ez-toc-title-toggle\"><a href=\"#\" class=\"ez-toc-pull-right ez-toc-btn ez-toc-btn-xs ez-toc-btn-default ez-toc-toggle\" aria-label=\"Alternar tabela de conte\u00fado\"><span class=\"ez-toc-js-icon-con\"><span class=\"\"><span class=\"eztoc-hide\" style=\"display:none;\">Toggle<\/span><span class=\"ez-toc-icon-toggle-span\"><svg style=\"fill: #999;color:#999\" xmlns=\"http:\/\/www.w3.org\/2000\/svg\" class=\"list-377408\" width=\"20px\" height=\"20px\" viewBox=\"0 0 24 24\" fill=\"none\"><path d=\"M6 6H4v2h2V6zm14 0H8v2h12V6zM4 11h2v2H4v-2zm16 0H8v2h12v-2zM4 16h2v2H4v-2zm16 0H8v2h12v-2z\" fill=\"currentColor\"><\/path><\/svg><svg style=\"fill: #999;color:#999\" class=\"arrow-unsorted-368013\" xmlns=\"http:\/\/www.w3.org\/2000\/svg\" width=\"10px\" height=\"10px\" viewBox=\"0 0 24 24\" version=\"1.2\" baseProfile=\"tiny\"><path d=\"M18.2 9.3l-6.2-6.3-6.2 6.3c-.2.2-.3.4-.3.7s.1.5.3.7c.2.2.4.3.7.3h11c.3 0 .5-.1.7-.3.2-.2.3-.5.3-.7s-.1-.5-.3-.7zM5.8 14.7l6.2 6.3 6.2-6.3c.2-.2.3-.5.3-.7s-.1-.5-.3-.7c-.2-.2-.4-.3-.7-.3h-11c-.3 0-.5.1-.7.3-.2.2-.3.5-.3.7s.1.5.3.7z\"\/><\/svg><\/span><\/span><\/span><\/a><\/span><\/div>\n<nav><ul class='ez-toc-list ez-toc-list-level-1 ' ><li class='ez-toc-page-1 ez-toc-heading-level-2'><a class=\"ez-toc-link ez-toc-heading-1\" href=\"https:\/\/www.grupomedcof.com.br\/blog\/sus-ba-2023-2024-inscricoes-abertas\/#Inscricoes_SUS-BA_20232024\" >Inscri\u00e7\u00f5es SUS-BA 2023\/2024<\/a><ul class='ez-toc-list-level-3' ><li class='ez-toc-heading-level-3'><a class=\"ez-toc-link ez-toc-heading-2\" href=\"https:\/\/www.grupomedcof.com.br\/blog\/sus-ba-2023-2024-inscricoes-abertas\/#Atendimento_especial\" >Atendimento especial<\/a><\/li><li class='ez-toc-page-1 ez-toc-heading-level-3'><a class=\"ez-toc-link ez-toc-heading-3\" href=\"https:\/\/www.grupomedcof.com.br\/blog\/sus-ba-2023-2024-inscricoes-abertas\/#Isencao\" >Isen\u00e7\u00e3o<\/a><\/li><li class='ez-toc-page-1 ez-toc-heading-level-3'><a class=\"ez-toc-link ez-toc-heading-4\" href=\"https:\/\/www.grupomedcof.com.br\/blog\/sus-ba-2023-2024-inscricoes-abertas\/#Pontuacao_Adicional\" >Pontua\u00e7\u00e3o Adicional<\/a><\/li><\/ul><\/li><li class='ez-toc-page-1 ez-toc-heading-level-2'><a class=\"ez-toc-link ez-toc-heading-5\" href=\"https:\/\/www.grupomedcof.com.br\/blog\/sus-ba-2023-2024-inscricoes-abertas\/#Cronograma_SUS-BA_20232024\" >Cronograma SUS-BA 2023\/2024<\/a><\/li><li class='ez-toc-page-1 ez-toc-heading-level-2'><a class=\"ez-toc-link ez-toc-heading-6\" href=\"https:\/\/www.grupomedcof.com.br\/blog\/sus-ba-2023-2024-inscricoes-abertas\/#Conquiste_a_aprovacao\" >Conquiste a aprova\u00e7\u00e3o<\/a><\/li><\/ul><\/nav><\/div>\n<p><img loading=\"lazy\" decoding=\"async\" width=\"800\" height=\"450\" src=\"https:\/\/www.grupomedcof.com.br\/blog\/wp-content\/uploads\/2023\/09\/Blog-MedCof-24-1024x576.png\" alt=\"edital sus bahia 2023, sus ba 2023, sus ba residencia medica 2023, strix sus ba, cerem ba 2023, residencia medica sus bahia 2023, sus bahia resid\u00eancia m\u00e9dica 2023\" srcset=\"https:\/\/www.grupomedcof.com.br\/blog\/wp-content\/uploads\/2023\/09\/Blog-MedCof-24-1024x576.png 1024w, https:\/\/www.grupomedcof.com.br\/blog\/wp-content\/uploads\/2023\/09\/Blog-MedCof-24-300x169.png 300w, https:\/\/www.grupomedcof.com.br\/blog\/wp-content\/uploads\/2023\/09\/Blog-MedCof-24-768x432.png 768w, https:\/\/www.grupomedcof.com.br\/blog\/wp-content\/uploads\/2023\/09\/Blog-MedCof-24-1536x864.png 1536w, https:\/\/www.grupomedcof.com.br\/blog\/wp-content\/uploads\/2023\/09\/Blog-MedCof-24-2048x1152.png 2048w\" sizes=\"auto, (max-width: 800px) 100vw, 800px\" \/>\t\t\t\t\t\t\t\t\t\t\t\t\t\t\t<\/p>\n<p>Entre os dia<strong>s 13 de setembro e 10 de outubro de 2023<\/strong> estar\u00e3o abertas as inscri\u00e7\u00f5es para os candidatos ao processo seletivo unificado do <strong>SUS-BA 2024.<\/strong><\/p>\n<h4>\n\t\t\t\tVeja a seguir\t\t\t<\/h4>\n<h2 id=\"h-inscricoes-sus-ba-2023-2024\" style=\"font-family: Poppins, sans-serif; color: #7a7a7a;\"><span class=\"ez-toc-section\" id=\"Inscricoes_SUS-BA_20232024\"><\/span><strong>Inscri\u00e7\u00f5es SUS-BA 2023\/2024<\/strong><span class=\"ez-toc-section-end\"><\/span><\/h2>\n<p>Assim como<a href=\"https:\/\/www.grupomedcof.com.br\/blog\/residencia-medica-sus-ba-2024-edital-publicado\/\"target=\"_blank\">\u00a0<strong>definido no edital<\/strong><\/a>, as inscri\u00e7\u00f5es do SUS-BA 2024 ocorrer\u00e3o entre os dias\u00a013 de setembro e 10 de outubro. Dessa forma, os candidatos interessados dever\u00e3o acessar o\u00a0<strong><a href=\"https:\/\/strix.strixeducacao.com.br\/inscricao\/2c6a18b84dba69207415edc487bbee102f1e1864bdcb28f7bd347c6ccbab0bdc?_ga=2.258836297.236286362.1694631226-1190090882.1688487548\"target=\"_blank\"rel=\"nofollow\">site da Strix Educa\u00e7\u00e3o<\/a><\/strong>, respons\u00e1vel pelo processo seletivo, e efetuar o pagamento da taxa no valor de\u00a0R$ 724,80.<\/p>\n<p>\t\t\t\t\t\t\t\t\t\t\t\t\t\t\t\t<a href=\"https:\/\/www.grupomedcof.com.br\/hiit-target-2023-links\/\" target=\"_blank\" rel=\"noopener\"><br \/>\n\t\t\t\t\t\t\t<img loading=\"lazy\" decoding=\"async\" width=\"800\" height=\"139\" src=\"https:\/\/www.grupomedcof.com.br\/blog\/wp-content\/uploads\/2023\/09\/Blog-MedCof-22-1024x178.png\" alt=\"medcof, medcof qbank, qbank medcof, medcof aulas, grupo medcof,\" srcset=\"https:\/\/www.grupomedcof.com.br\/blog\/wp-content\/uploads\/2023\/09\/Blog-MedCof-22-1024x178.png 1024w, https:\/\/www.grupomedcof.com.br\/blog\/wp-content\/uploads\/2023\/09\/Blog-MedCof-22-300x52.png 300w, https:\/\/www.grupomedcof.com.br\/blog\/wp-content\/uploads\/2023\/09\/Blog-MedCof-22-768x134.png 768w, https:\/\/www.grupomedcof.com.br\/blog\/wp-content\/uploads\/2023\/09\/Blog-MedCof-22-1536x267.png 1536w, https:\/\/www.grupomedcof.com.br\/blog\/wp-content\/uploads\/2023\/09\/Blog-MedCof-22-2048x356.png 2048w\" sizes=\"auto, (max-width: 800px) 100vw, 800px\" \/>\t\t\t\t\t\t\t\t<\/a><\/p>\n<h3><span class=\"ez-toc-section\" id=\"Atendimento_especial\"><\/span><strong>Atendimento especial<\/strong><span class=\"ez-toc-section-end\"><\/span><\/h3>\n<p>Al\u00e9m disso, a solicita\u00e7\u00e3o de atendimento especial para o SUS-BA 2024 j\u00e1 pode ser feita atrav\u00e9s do <strong>preenchimento do formul\u00e1rio dispon\u00edvel e envio dos documentos exigido<\/strong>s. Portanto, podem solicitar o atendimento:<\/p>\n<p>\u00a0<\/p>\n<ul>\n<li>Lactantes<\/li>\n<li>Candidatos com restri\u00e7\u00e3o tempor\u00e1ria para realiza\u00e7\u00e3o da prova em situa\u00e7\u00e3o regular, como candidatos com fraturas de membros inferiores ou superiores;Pessoas com Defici\u00eancia (PcD);<\/li>\n<li>Candidatos com Transtorno Global do Desenvolvimento Sem Outra Especifica\u00e7\u00e3o (TGDSOE) ou sem condi\u00e7\u00f5es de realizar as provas em situa\u00e7\u00e3o regular;<\/li>\n<li>Candidatos com defici\u00eancia auditiva e que necessitam utilizar aparelho auditivo; e<\/li>\n<li>Candidatos que necessitem de Tempo Adicional para a realiza\u00e7\u00e3o da prova, respeitando as situa\u00e7\u00f5es citadas acima.<\/li>\n<\/ul>\n<h3 id=\"h-isencao\" style=\"font-family: Poppins, sans-serif; color: #7a7a7a;\"><span class=\"ez-toc-section\" id=\"Isencao\"><\/span><strong>Isen\u00e7\u00e3o<\/strong><span class=\"ez-toc-section-end\"><\/span><\/h3>\n<p>Conforme o<a href=\"https:\/\/strixeducacao.com.br\/wp-content\/uploads\/2023\/08\/CEREM-BA_2024_Edital-de-Abertura-de-Inscricoes_20230823.pdf\" target=\"_blank\" rel=\"nofollow noopener\">\u00a0<strong>edital<\/strong><\/a>, o per\u00edodo para solicita\u00e7\u00e3o da isen\u00e7\u00e3o da taxa ser\u00e1 entre os dias<strong> 13 e 18 de setembro<\/strong> para os candidatos que tiverem inscri\u00e7\u00e3o no Cad\u00danico e\/ou sejam membros de fam\u00edlia de baixa renda.<\/p>\n<h3><span class=\"ez-toc-section\" id=\"Pontuacao_Adicional\"><\/span><strong>Pontua\u00e7\u00e3o Adicional<\/strong><span class=\"ez-toc-section-end\"><\/span><\/h3>\n<p>Ademais, os candidatos que conclu\u00edram o\u00a0Programa de Resid\u00eancia em Medicina Geral de Fam\u00edlia e Comunidade \u2013 PRMGFC, a partir de 2025, ter\u00e3o a<strong> adi\u00e7\u00e3o de 10% na nota final<\/strong> do processo seletivo do SUS-BA 2023\/2024<strong>.<\/strong>\u00a0Desse modo, com a solicita\u00e7\u00e3o da pontua\u00e7\u00e3o ocorrendo durante as inscri\u00e7\u00f5es, os candidatos podem<strong> enviar o certificado ou declara\u00e7\u00e3o de conclus\u00e3o do programa at\u00e9 o dia 03 de novembro de 2023,<\/strong> caso a documenta\u00e7\u00e3o ainda esteja em tramita\u00e7\u00e3o.<\/p>\n<h2 id=\"h-cronograma-sus-ba-2023-2024\" style=\"font-family: Poppins, sans-serif; color: #7a7a7a;\"><span class=\"ez-toc-section\" id=\"Cronograma_SUS-BA_20232024\"><\/span><strong>Cronograma SUS-BA 2023\/2024<\/strong><span class=\"ez-toc-section-end\"><\/span><\/h2>\n<ul>\n<li><strong>Isen\u00e7\u00e3o:<\/strong> 13 a 18\/09\/2023<\/li>\n<li><strong>Resultado das solicita\u00e7\u00f5es:<\/strong> 22\/09\/2023<\/li>\n<li><strong>Inscri\u00e7\u00f5es:<\/strong> 13\/09 a 10\/10\/2023<\/li>\n<li><strong>Locais de Prova:<\/strong> 10\/11\/2023<\/li>\n<li><strong>Prova Objetiva:<\/strong> 19\/11\/2023<\/li>\n<li><strong>Gabaritos preliminares e PEPs:<\/strong> 21\/11\/2023<\/li>\n<li><strong>Recursos:<\/strong> 21 a 22\/11\/2023<\/li>\n<li><strong>Gabaritos definitivos e notas:<\/strong> 23\/01\/2024<\/li>\n<li><strong>Recursos:<\/strong> 23 a 24\/01\/2023<\/li>\n<li><strong>Classifica\u00e7\u00e3o final:<\/strong> 07\/02\/2023<\/li>\n<li><strong>Matr\u00edculas para 1\u00aa chamada:<\/strong> 21 a 25\/02\/2024<\/li>\n<\/ul>\n<h2 style=\"font-family: Poppins, sans-serif; color: rgb(122, 122, 122);\"><span class=\"ez-toc-section\" id=\"Conquiste_a_aprovacao\"><\/span>Conquiste a aprova\u00e7\u00e3o<span class=\"ez-toc-section-end\"><\/span><\/h2>\n<\/p>\n<p>As provas de resid\u00eancia est\u00e3o cada vez mais perto! Se voc\u00ea quer<a href=\"https:\/\/www.grupomedcof.com.br\/blog\/presenca-da-medcof-nas-aprovacoes-em-residencia-medica-no-brasil\/\" target=\"_blank\" rel=\"noreferrer noopener\">&nbsp;ser mais&nbsp;um aprovado&nbsp;<\/a>nas melhores resid\u00eancias m\u00e9dicas do pa\u00eds, ent\u00e3o conhe\u00e7a o<a href=\"https:\/\/www.grupomedcof.com.br\/\" target=\"_blank\" rel=\"noreferrer noopener\">&nbsp;Grupo&nbsp;MedCof<\/a>!&nbsp;Temos um cat\u00e1logo repleto de cursos que te guiar\u00e3o na jornada para as provas de Resid\u00eancia M\u00e9dica que ocorrer\u00e3o em 2023\/2024!<\/p>\n<p>\t\t\t\t\t\t\t\t\t\t\t\t\t\t\t\t<a href=\"https:\/\/www.grupomedcof.com.br\/\" target=\"_blank\" rel=\"noopener\"><br \/>\n\t\t\t\t\t\t\t<img loading=\"lazy\" decoding=\"async\" width=\"800\" height=\"378\" src=\"https:\/\/www.grupomedcof.com.br\/blog\/wp-content\/uploads\/2023\/08\/Captura-de-tela-2023-08-16-103405-e1692192957450-1024x484.png\" alt=\"medcof residencia medica, curso Intensivo para Resid\u00eancia M\u00e9dica, curso para resid\u00eancia m\u00e9dica, medcof hiit, aulas medcof,\" srcset=\"https:\/\/www.grupomedcof.com.br\/blog\/wp-content\/uploads\/2023\/08\/Captura-de-tela-2023-08-16-103405-e1692192957450-1024x484.png 1024w, https:\/\/www.grupomedcof.com.br\/blog\/wp-content\/uploads\/2023\/08\/Captura-de-tela-2023-08-16-103405-e1692192957450-300x142.png 300w, https:\/\/www.grupomedcof.com.br\/blog\/wp-content\/uploads\/2023\/08\/Captura-de-tela-2023-08-16-103405-e1692192957450-768x363.png 768w, https:\/\/www.grupomedcof.com.br\/blog\/wp-content\/uploads\/2023\/08\/Captura-de-tela-2023-08-16-103405-e1692192957450.png 1145w\" sizes=\"auto, (max-width: 800px) 100vw, 800px\" \/>\t\t\t\t\t\t\t\t<\/a><\/p>\n","protected":false},"excerpt":{"rendered":"<p>Entre os dias 13 de setembro e 10 de outubro de 2023 estar\u00e3o abertas as inscri\u00e7\u00f5es para os candidatos ao processo seletivo do SUS-BA 2024.<\/p>\n","protected":false},"author":6,"featured_media":12864,"comment_status":"open","ping_status":"open","sticky":false,"template":"","format":"standard","meta":{"footnotes":""},"categories":[258,174],"tags":[117,68],"ppma_author":[3609],"class_list":{"0":"post-12863","1":"post","2":"type-post","3":"status-publish","4":"format-standard","5":"has-post-thumbnail","7":"category-atualizacoes","8":"category-residencia-medica","9":"tag-provas-de-residencia","10":"tag-residencia-medica"},"yoast_head":"<!-- This site is optimized with the Yoast SEO Premium plugin v24.3 (Yoast SEO v27.4) - https:\/\/yoast.com\/product\/yoast-seo-premium-wordpress\/ -->\n<title>SUS-BA 2023\/2024: Inscri\u00e7\u00f5es abertas - Blog de Medcof: conte\u00fados, editais, revalida e mais!<\/title>\n<meta name=\"description\" content=\"Entre os dias 13 de setembro e 10 de outubro de 2023 estar\u00e3o abertas as inscri\u00e7\u00f5es para os candidatos ao processo seletivo do SUS-BA 2024.\" \/>\n<meta name=\"robots\" content=\"index, follow, max-snippet:-1, max-image-preview:large, max-video-preview:-1\" \/>\n<link rel=\"canonical\" href=\"https:\/\/www.grupomedcof.com.br\/blog\/sus-ba-2023-2024-inscricoes-abertas\/\" \/>\n<meta property=\"og:locale\" content=\"pt_BR\" \/>\n<meta property=\"og:type\" content=\"article\" \/>\n<meta property=\"og:title\" content=\"SUS-BA 2023\/2024: Inscri\u00e7\u00f5es abertas\" \/>\n<meta property=\"og:description\" content=\"Entre os dias 13 de setembro e 10 de outubro de 2023 estar\u00e3o abertas as inscri\u00e7\u00f5es para os candidatos ao processo seletivo do SUS-BA 2024.\" \/>\n<meta property=\"og:url\" content=\"https:\/\/www.grupomedcof.com.br\/blog\/sus-ba-2023-2024-inscricoes-abertas\/\" \/>\n<meta property=\"og:site_name\" content=\"Blog de Medcof: conte\u00fados, editais, revalida e mais!\" \/>\n<meta property=\"article:publisher\" content=\"https:\/\/www.facebook.com\/MedCofQbank\/\" \/>\n<meta property=\"article:published_time\" content=\"2023-09-13T19:41:41+00:00\" \/>\n<meta property=\"og:image\" content=\"https:\/\/www.grupomedcof.com.br\/blog\/wp-content\/uploads\/2023\/09\/Blog-MedCof-24.png\" \/>\n\t<meta property=\"og:image:width\" content=\"2560\" \/>\n\t<meta property=\"og:image:height\" content=\"1440\" \/>\n\t<meta property=\"og:image:type\" content=\"image\/png\" \/>\n<meta name=\"author\" content=\"J\u00falia Moreira\" \/>\n<meta name=\"twitter:card\" content=\"summary_large_image\" \/>\n<meta name=\"twitter:label1\" content=\"Escrito por\" \/>\n\t<meta name=\"twitter:data1\" content=\"J\u00falia Moreira\" \/>\n\t<meta name=\"twitter:label2\" content=\"Est. tempo de leitura\" \/>\n\t<meta name=\"twitter:data2\" content=\"6 minutos\" \/>\n<script type=\"application\/ld+json\" class=\"yoast-schema-graph\">{\"@context\":\"https:\\\/\\\/schema.org\",\"@graph\":[{\"@type\":\"Article\",\"@id\":\"https:\\\/\\\/www.grupomedcof.com.br\\\/blog\\\/sus-ba-2023-2024-inscricoes-abertas\\\/#article\",\"isPartOf\":{\"@id\":\"https:\\\/\\\/www.grupomedcof.com.br\\\/blog\\\/sus-ba-2023-2024-inscricoes-abertas\\\/\"},\"author\":{\"name\":\"J\u00falia Moreira\",\"@id\":\"https:\\\/\\\/www.grupomedcof.com.br\\\/blog\\\/#\\\/schema\\\/person\\\/1375e0ce724529d7a1d8156ea7f8ceaa\"},\"headline\":\"SUS-BA 2023\\\/2024: Inscri\u00e7\u00f5es abertas\",\"datePublished\":\"2023-09-13T19:41:41+00:00\",\"mainEntityOfPage\":{\"@id\":\"https:\\\/\\\/www.grupomedcof.com.br\\\/blog\\\/sus-ba-2023-2024-inscricoes-abertas\\\/\"},\"wordCount\":435,\"commentCount\":0,\"publisher\":{\"@id\":\"https:\\\/\\\/www.grupomedcof.com.br\\\/blog\\\/#organization\"},\"image\":{\"@id\":\"https:\\\/\\\/www.grupomedcof.com.br\\\/blog\\\/sus-ba-2023-2024-inscricoes-abertas\\\/#primaryimage\"},\"thumbnailUrl\":\"https:\\\/\\\/www.grupomedcof.com.br\\\/blog\\\/wp-content\\\/uploads\\\/2023\\\/09\\\/Blog-MedCof-24.png\",\"keywords\":[\"Provas de Resid\u00eancia\",\"Resid\u00eancia M\u00e9dica\"],\"articleSection\":[\"Atualiza\u00e7\u00f5es\",\"Resid\u00eancia m\u00e9dica: editais, resultados, temas quentes e mais\"],\"inLanguage\":\"pt-BR\"},{\"@type\":\"WebPage\",\"@id\":\"https:\\\/\\\/www.grupomedcof.com.br\\\/blog\\\/sus-ba-2023-2024-inscricoes-abertas\\\/\",\"url\":\"https:\\\/\\\/www.grupomedcof.com.br\\\/blog\\\/sus-ba-2023-2024-inscricoes-abertas\\\/\",\"name\":\"SUS-BA 2023\\\/2024: Inscri\u00e7\u00f5es abertas - Blog de Medcof: conte\u00fados, editais, revalida e mais!\",\"isPartOf\":{\"@id\":\"https:\\\/\\\/www.grupomedcof.com.br\\\/blog\\\/#website\"},\"primaryImageOfPage\":{\"@id\":\"https:\\\/\\\/www.grupomedcof.com.br\\\/blog\\\/sus-ba-2023-2024-inscricoes-abertas\\\/#primaryimage\"},\"image\":{\"@id\":\"https:\\\/\\\/www.grupomedcof.com.br\\\/blog\\\/sus-ba-2023-2024-inscricoes-abertas\\\/#primaryimage\"},\"thumbnailUrl\":\"https:\\\/\\\/www.grupomedcof.com.br\\\/blog\\\/wp-content\\\/uploads\\\/2023\\\/09\\\/Blog-MedCof-24.png\",\"datePublished\":\"2023-09-13T19:41:41+00:00\",\"description\":\"Entre os dias 13 de setembro e 10 de outubro de 2023 estar\u00e3o abertas as inscri\u00e7\u00f5es para os candidatos ao processo seletivo do SUS-BA 2024.\",\"breadcrumb\":{\"@id\":\"https:\\\/\\\/www.grupomedcof.com.br\\\/blog\\\/sus-ba-2023-2024-inscricoes-abertas\\\/#breadcrumb\"},\"inLanguage\":\"pt-BR\",\"potentialAction\":[{\"@type\":\"ReadAction\",\"target\":[\"https:\\\/\\\/www.grupomedcof.com.br\\\/blog\\\/sus-ba-2023-2024-inscricoes-abertas\\\/\"]}]},{\"@type\":\"ImageObject\",\"inLanguage\":\"pt-BR\",\"@id\":\"https:\\\/\\\/www.grupomedcof.com.br\\\/blog\\\/sus-ba-2023-2024-inscricoes-abertas\\\/#primaryimage\",\"url\":\"https:\\\/\\\/www.grupomedcof.com.br\\\/blog\\\/wp-content\\\/uploads\\\/2023\\\/09\\\/Blog-MedCof-24.png\",\"contentUrl\":\"https:\\\/\\\/www.grupomedcof.com.br\\\/blog\\\/wp-content\\\/uploads\\\/2023\\\/09\\\/Blog-MedCof-24.png\",\"width\":2560,\"height\":1440,\"caption\":\"Entre os dias 13 de setembro e 10 de outubro de 2023 estar\u00e3o abertas as inscri\u00e7\u00f5es para os candidatos ao processo seletivo do SUS-BA 2024.\"},{\"@type\":\"BreadcrumbList\",\"@id\":\"https:\\\/\\\/www.grupomedcof.com.br\\\/blog\\\/sus-ba-2023-2024-inscricoes-abertas\\\/#breadcrumb\",\"itemListElement\":[{\"@type\":\"ListItem\",\"position\":1,\"name\":\"In\u00edcio\",\"item\":\"https:\\\/\\\/www.grupomedcof.com.br\\\/blog\\\/\"},{\"@type\":\"ListItem\",\"position\":2,\"name\":\"SUS-BA 2023\\\/2024: Inscri\u00e7\u00f5es abertas\"}]},{\"@type\":\"WebSite\",\"@id\":\"https:\\\/\\\/www.grupomedcof.com.br\\\/blog\\\/#website\",\"url\":\"https:\\\/\\\/www.grupomedcof.com.br\\\/blog\\\/\",\"name\":\"Blog de Medcof: conte\u00fados, editais, revalida e mais!\",\"description\":\"Acesso o blog de MedCof! Seu portal de conte\u00fados sobre resid\u00eancia m\u00e9dica, an\u00e1lise e editais e muito mais. Clique e confira!\",\"publisher\":{\"@id\":\"https:\\\/\\\/www.grupomedcof.com.br\\\/blog\\\/#organization\"},\"alternateName\":\"Blog de Medcof: conte\u00fados, editais, revalida e mais!\",\"potentialAction\":[{\"@type\":\"SearchAction\",\"target\":{\"@type\":\"EntryPoint\",\"urlTemplate\":\"https:\\\/\\\/www.grupomedcof.com.br\\\/blog\\\/?s={search_term_string}\"},\"query-input\":{\"@type\":\"PropertyValueSpecification\",\"valueRequired\":true,\"valueName\":\"search_term_string\"}}],\"inLanguage\":\"pt-BR\"},{\"@type\":\"Organization\",\"@id\":\"https:\\\/\\\/www.grupomedcof.com.br\\\/blog\\\/#organization\",\"name\":\"Grupo MedCof\",\"url\":\"https:\\\/\\\/www.grupomedcof.com.br\\\/blog\\\/\",\"logo\":{\"@type\":\"ImageObject\",\"inLanguage\":\"pt-BR\",\"@id\":\"https:\\\/\\\/www.grupomedcof.com.br\\\/blog\\\/#\\\/schema\\\/logo\\\/image\\\/\",\"url\":\"https:\\\/\\\/www.grupomedcof.com.br\\\/blog\\\/wp-content\\\/uploads\\\/2022\\\/01\\\/logo-medcof.png\",\"contentUrl\":\"https:\\\/\\\/www.grupomedcof.com.br\\\/blog\\\/wp-content\\\/uploads\\\/2022\\\/01\\\/logo-medcof.png\",\"width\":768,\"height\":269,\"caption\":\"Grupo MedCof\"},\"image\":{\"@id\":\"https:\\\/\\\/www.grupomedcof.com.br\\\/blog\\\/#\\\/schema\\\/logo\\\/image\\\/\"},\"sameAs\":[\"https:\\\/\\\/www.facebook.com\\\/MedCofQbank\\\/\",\"https:\\\/\\\/www.instagram.com\\\/grupomedcof\\\/\",\"https:\\\/\\\/br.linkedin.com\\\/company\\\/medcof\",\"https:\\\/\\\/www.youtube.com\\\/channel\\\/UCdHMuOHKICxcHwecxN8P-AA\"]},{\"@type\":\"Person\",\"@id\":\"https:\\\/\\\/www.grupomedcof.com.br\\\/blog\\\/#\\\/schema\\\/person\\\/1375e0ce724529d7a1d8156ea7f8ceaa\",\"name\":\"J\u00falia Moreira\",\"image\":{\"@type\":\"ImageObject\",\"inLanguage\":\"pt-BR\",\"@id\":\"https:\\\/\\\/www.grupomedcof.com.br\\\/blog\\\/wp-content\\\/uploads\\\/2024\\\/12\\\/cropped-Captura-de-tela-2023-12-15-094946-96x96.png6a0083ac34a0445de97d55fae63a4a41\",\"url\":\"https:\\\/\\\/www.grupomedcof.com.br\\\/blog\\\/wp-content\\\/uploads\\\/2024\\\/12\\\/cropped-Captura-de-tela-2023-12-15-094946-96x96.png\",\"contentUrl\":\"https:\\\/\\\/www.grupomedcof.com.br\\\/blog\\\/wp-content\\\/uploads\\\/2024\\\/12\\\/cropped-Captura-de-tela-2023-12-15-094946-96x96.png\",\"caption\":\"J\u00falia Moreira\"},\"description\":\"Estudante do 8\u00ba semestre de Jornalismo na ECA-USP, f\u00e3 de filmes de terror e m\u00fasica popular sul-coreana.\",\"sameAs\":[\"https:\\\/\\\/www.grupomedcof.com.br\\\/\"],\"url\":\"https:\\\/\\\/www.grupomedcof.com.br\\\/blog\\\/author\\\/julia\\\/\"}]}<\/script>\n<!-- \/ Yoast SEO Premium plugin. -->","yoast_head_json":{"title":"SUS-BA 2023\/2024: Inscri\u00e7\u00f5es abertas - Blog de Medcof: conte\u00fados, editais, revalida e mais!","description":"Entre os dias 13 de setembro e 10 de outubro de 2023 estar\u00e3o abertas as inscri\u00e7\u00f5es para os candidatos ao processo seletivo do SUS-BA 2024.","robots":{"index":"index","follow":"follow","max-snippet":"max-snippet:-1","max-image-preview":"max-image-preview:large","max-video-preview":"max-video-preview:-1"},"canonical":"https:\/\/www.grupomedcof.com.br\/blog\/sus-ba-2023-2024-inscricoes-abertas\/","og_locale":"pt_BR","og_type":"article","og_title":"SUS-BA 2023\/2024: Inscri\u00e7\u00f5es abertas","og_description":"Entre os dias 13 de setembro e 10 de outubro de 2023 estar\u00e3o abertas as inscri\u00e7\u00f5es para os candidatos ao processo seletivo do SUS-BA 2024.","og_url":"https:\/\/www.grupomedcof.com.br\/blog\/sus-ba-2023-2024-inscricoes-abertas\/","og_site_name":"Blog de Medcof: conte\u00fados, editais, revalida e mais!","article_publisher":"https:\/\/www.facebook.com\/MedCofQbank\/","article_published_time":"2023-09-13T19:41:41+00:00","og_image":[{"width":2560,"height":1440,"url":"https:\/\/www.grupomedcof.com.br\/blog\/wp-content\/uploads\/2023\/09\/Blog-MedCof-24.png","type":"image\/png"}],"author":"J\u00falia Moreira","twitter_card":"summary_large_image","twitter_misc":{"Escrito por":"J\u00falia Moreira","Est. tempo de leitura":"6 minutos"},"schema":{"@context":"https:\/\/schema.org","@graph":[{"@type":"Article","@id":"https:\/\/www.grupomedcof.com.br\/blog\/sus-ba-2023-2024-inscricoes-abertas\/#article","isPartOf":{"@id":"https:\/\/www.grupomedcof.com.br\/blog\/sus-ba-2023-2024-inscricoes-abertas\/"},"author":{"name":"J\u00falia Moreira","@id":"https:\/\/www.grupomedcof.com.br\/blog\/#\/schema\/person\/1375e0ce724529d7a1d8156ea7f8ceaa"},"headline":"SUS-BA 2023\/2024: Inscri\u00e7\u00f5es abertas","datePublished":"2023-09-13T19:41:41+00:00","mainEntityOfPage":{"@id":"https:\/\/www.grupomedcof.com.br\/blog\/sus-ba-2023-2024-inscricoes-abertas\/"},"wordCount":435,"commentCount":0,"publisher":{"@id":"https:\/\/www.grupomedcof.com.br\/blog\/#organization"},"image":{"@id":"https:\/\/www.grupomedcof.com.br\/blog\/sus-ba-2023-2024-inscricoes-abertas\/#primaryimage"},"thumbnailUrl":"https:\/\/www.grupomedcof.com.br\/blog\/wp-content\/uploads\/2023\/09\/Blog-MedCof-24.png","keywords":["Provas de Resid\u00eancia","Resid\u00eancia M\u00e9dica"],"articleSection":["Atualiza\u00e7\u00f5es","Resid\u00eancia m\u00e9dica: editais, resultados, temas quentes e mais"],"inLanguage":"pt-BR"},{"@type":"WebPage","@id":"https:\/\/www.grupomedcof.com.br\/blog\/sus-ba-2023-2024-inscricoes-abertas\/","url":"https:\/\/www.grupomedcof.com.br\/blog\/sus-ba-2023-2024-inscricoes-abertas\/","name":"SUS-BA 2023\/2024: Inscri\u00e7\u00f5es abertas - Blog de Medcof: conte\u00fados, editais, revalida e mais!","isPartOf":{"@id":"https:\/\/www.grupomedcof.com.br\/blog\/#website"},"primaryImageOfPage":{"@id":"https:\/\/www.grupomedcof.com.br\/blog\/sus-ba-2023-2024-inscricoes-abertas\/#primaryimage"},"image":{"@id":"https:\/\/www.grupomedcof.com.br\/blog\/sus-ba-2023-2024-inscricoes-abertas\/#primaryimage"},"thumbnailUrl":"https:\/\/www.grupomedcof.com.br\/blog\/wp-content\/uploads\/2023\/09\/Blog-MedCof-24.png","datePublished":"2023-09-13T19:41:41+00:00","description":"Entre os dias 13 de setembro e 10 de outubro de 2023 estar\u00e3o abertas as inscri\u00e7\u00f5es para os candidatos ao processo seletivo do SUS-BA 2024.","breadcrumb":{"@id":"https:\/\/www.grupomedcof.com.br\/blog\/sus-ba-2023-2024-inscricoes-abertas\/#breadcrumb"},"inLanguage":"pt-BR","potentialAction":[{"@type":"ReadAction","target":["https:\/\/www.grupomedcof.com.br\/blog\/sus-ba-2023-2024-inscricoes-abertas\/"]}]},{"@type":"ImageObject","inLanguage":"pt-BR","@id":"https:\/\/www.grupomedcof.com.br\/blog\/sus-ba-2023-2024-inscricoes-abertas\/#primaryimage","url":"https:\/\/www.grupomedcof.com.br\/blog\/wp-content\/uploads\/2023\/09\/Blog-MedCof-24.png","contentUrl":"https:\/\/www.grupomedcof.com.br\/blog\/wp-content\/uploads\/2023\/09\/Blog-MedCof-24.png","width":2560,"height":1440,"caption":"Entre os dias 13 de setembro e 10 de outubro de 2023 estar\u00e3o abertas as inscri\u00e7\u00f5es para os candidatos ao processo seletivo do SUS-BA 2024."},{"@type":"BreadcrumbList","@id":"https:\/\/www.grupomedcof.com.br\/blog\/sus-ba-2023-2024-inscricoes-abertas\/#breadcrumb","itemListElement":[{"@type":"ListItem","position":1,"name":"In\u00edcio","item":"https:\/\/www.grupomedcof.com.br\/blog\/"},{"@type":"ListItem","position":2,"name":"SUS-BA 2023\/2024: Inscri\u00e7\u00f5es abertas"}]},{"@type":"WebSite","@id":"https:\/\/www.grupomedcof.com.br\/blog\/#website","url":"https:\/\/www.grupomedcof.com.br\/blog\/","name":"Blog de Medcof: conte\u00fados, editais, revalida e mais!","description":"Acesso o blog de MedCof! Seu portal de conte\u00fados sobre resid\u00eancia m\u00e9dica, an\u00e1lise e editais e muito mais. Clique e confira!","publisher":{"@id":"https:\/\/www.grupomedcof.com.br\/blog\/#organization"},"alternateName":"Blog de Medcof: conte\u00fados, editais, revalida e mais!","potentialAction":[{"@type":"SearchAction","target":{"@type":"EntryPoint","urlTemplate":"https:\/\/www.grupomedcof.com.br\/blog\/?s={search_term_string}"},"query-input":{"@type":"PropertyValueSpecification","valueRequired":true,"valueName":"search_term_string"}}],"inLanguage":"pt-BR"},{"@type":"Organization","@id":"https:\/\/www.grupomedcof.com.br\/blog\/#organization","name":"Grupo MedCof","url":"https:\/\/www.grupomedcof.com.br\/blog\/","logo":{"@type":"ImageObject","inLanguage":"pt-BR","@id":"https:\/\/www.grupomedcof.com.br\/blog\/#\/schema\/logo\/image\/","url":"https:\/\/www.grupomedcof.com.br\/blog\/wp-content\/uploads\/2022\/01\/logo-medcof.png","contentUrl":"https:\/\/www.grupomedcof.com.br\/blog\/wp-content\/uploads\/2022\/01\/logo-medcof.png","width":768,"height":269,"caption":"Grupo MedCof"},"image":{"@id":"https:\/\/www.grupomedcof.com.br\/blog\/#\/schema\/logo\/image\/"},"sameAs":["https:\/\/www.facebook.com\/MedCofQbank\/","https:\/\/www.instagram.com\/grupomedcof\/","https:\/\/br.linkedin.com\/company\/medcof","https:\/\/www.youtube.com\/channel\/UCdHMuOHKICxcHwecxN8P-AA"]},{"@type":"Person","@id":"https:\/\/www.grupomedcof.com.br\/blog\/#\/schema\/person\/1375e0ce724529d7a1d8156ea7f8ceaa","name":"J\u00falia Moreira","image":{"@type":"ImageObject","inLanguage":"pt-BR","@id":"https:\/\/www.grupomedcof.com.br\/blog\/wp-content\/uploads\/2024\/12\/cropped-Captura-de-tela-2023-12-15-094946-96x96.png6a0083ac34a0445de97d55fae63a4a41","url":"https:\/\/www.grupomedcof.com.br\/blog\/wp-content\/uploads\/2024\/12\/cropped-Captura-de-tela-2023-12-15-094946-96x96.png","contentUrl":"https:\/\/www.grupomedcof.com.br\/blog\/wp-content\/uploads\/2024\/12\/cropped-Captura-de-tela-2023-12-15-094946-96x96.png","caption":"J\u00falia Moreira"},"description":"Estudante do 8\u00ba semestre de Jornalismo na ECA-USP, f\u00e3 de filmes de terror e m\u00fasica popular sul-coreana.","sameAs":["https:\/\/www.grupomedcof.com.br\/"],"url":"https:\/\/www.grupomedcof.com.br\/blog\/author\/julia\/"}]}},"authors":[{"term_id":3609,"user_id":6,"is_guest":0,"slug":"julia","display_name":"J\u00falia Moreira","avatar_url":"https:\/\/www.grupomedcof.com.br\/blog\/wp-content\/uploads\/2024\/12\/cropped-Captura-de-tela-2023-12-15-094946-96x96.png","0":null,"1":"","2":"","3":"","4":"","5":"","6":"","7":"","8":""}],"_links":{"self":[{"href":"https:\/\/www.grupomedcof.com.br\/blog\/wp-json\/wp\/v2\/posts\/12863","targetHints":{"allow":["GET"]}}],"collection":[{"href":"https:\/\/www.grupomedcof.com.br\/blog\/wp-json\/wp\/v2\/posts"}],"about":[{"href":"https:\/\/www.grupomedcof.com.br\/blog\/wp-json\/wp\/v2\/types\/post"}],"author":[{"embeddable":true,"href":"https:\/\/www.grupomedcof.com.br\/blog\/wp-json\/wp\/v2\/users\/6"}],"replies":[{"embeddable":true,"href":"https:\/\/www.grupomedcof.com.br\/blog\/wp-json\/wp\/v2\/comments?post=12863"}],"version-history":[{"count":0,"href":"https:\/\/www.grupomedcof.com.br\/blog\/wp-json\/wp\/v2\/posts\/12863\/revisions"}],"wp:featuredmedia":[{"embeddable":true,"href":"https:\/\/www.grupomedcof.com.br\/blog\/wp-json\/wp\/v2\/media\/12864"}],"wp:attachment":[{"href":"https:\/\/www.grupomedcof.com.br\/blog\/wp-json\/wp\/v2\/media?parent=12863"}],"wp:term":[{"taxonomy":"category","embeddable":true,"href":"https:\/\/www.grupomedcof.com.br\/blog\/wp-json\/wp\/v2\/categories?post=12863"},{"taxonomy":"post_tag","embeddable":true,"href":"https:\/\/www.grupomedcof.com.br\/blog\/wp-json\/wp\/v2\/tags?post=12863"},{"taxonomy":"author","embeddable":true,"href":"https:\/\/www.grupomedcof.com.br\/blog\/wp-json\/wp\/v2\/ppma_author?post=12863"}],"curies":[{"name":"wp","href":"https:\/\/api.w.org\/{rel}","templated":true}]}}