{"id":13164,"date":"2025-06-26T10:57:08","date_gmt":"2025-06-26T13:57:08","guid":{"rendered":"https:\/\/www.grupomedcof.com.br\/blog\/?p=13164"},"modified":"2025-08-22T11:55:30","modified_gmt":"2025-08-22T14:55:30","slug":"dia-nacional-da-diabetes-entenda-os-riscos-dessa-doenca","status":"publish","type":"post","link":"https:\/\/www.grupomedcof.com.br\/blog\/dia-nacional-da-diabetes-entenda-os-riscos-dessa-doenca\/","title":{"rendered":"Diabetes Mellitus: o que \u00e9, riscos, complica\u00e7\u00f5es e mais!"},"content":{"rendered":"<div id=\"ez-toc-container\" class=\"ez-toc-v2_0_74 counter-hierarchy ez-toc-counter ez-toc-transparent ez-toc-container-direction\">\n<div class=\"ez-toc-title-container\">\n<p class=\"ez-toc-title\" style=\"cursor:inherit\">Sum\u00e1rio<\/p>\n<span class=\"ez-toc-title-toggle\"><a href=\"#\" class=\"ez-toc-pull-right ez-toc-btn ez-toc-btn-xs ez-toc-btn-default ez-toc-toggle\" aria-label=\"Alternar tabela de conte\u00fado\"><span class=\"ez-toc-js-icon-con\"><span class=\"\"><span class=\"eztoc-hide\" style=\"display:none;\">Toggle<\/span><span class=\"ez-toc-icon-toggle-span\"><svg style=\"fill: #999;color:#999\" xmlns=\"http:\/\/www.w3.org\/2000\/svg\" class=\"list-377408\" width=\"20px\" height=\"20px\" viewBox=\"0 0 24 24\" fill=\"none\"><path d=\"M6 6H4v2h2V6zm14 0H8v2h12V6zM4 11h2v2H4v-2zm16 0H8v2h12v-2zM4 16h2v2H4v-2zm16 0H8v2h12v-2z\" fill=\"currentColor\"><\/path><\/svg><svg style=\"fill: #999;color:#999\" class=\"arrow-unsorted-368013\" xmlns=\"http:\/\/www.w3.org\/2000\/svg\" width=\"10px\" height=\"10px\" viewBox=\"0 0 24 24\" version=\"1.2\" baseProfile=\"tiny\"><path d=\"M18.2 9.3l-6.2-6.3-6.2 6.3c-.2.2-.3.4-.3.7s.1.5.3.7c.2.2.4.3.7.3h11c.3 0 .5-.1.7-.3.2-.2.3-.5.3-.7s-.1-.5-.3-.7zM5.8 14.7l6.2 6.3 6.2-6.3c.2-.2.3-.5.3-.7s-.1-.5-.3-.7c-.2-.2-.4-.3-.7-.3h-11c-.3 0-.5.1-.7.3-.2.2-.3.5-.3.7s.1.5.3.7z\"\/><\/svg><\/span><\/span><\/span><\/a><\/span><\/div>\n<nav><ul class='ez-toc-list ez-toc-list-level-1 ' ><li class='ez-toc-page-1 ez-toc-heading-level-2'><a class=\"ez-toc-link ez-toc-heading-1\" href=\"https:\/\/www.grupomedcof.com.br\/blog\/dia-nacional-da-diabetes-entenda-os-riscos-dessa-doenca\/#O_que_e_a_Diabetes\" >O que \u00e9 a Diabetes?&nbsp;&nbsp;<\/a><\/li><li class='ez-toc-page-1 ez-toc-heading-level-2'><a class=\"ez-toc-link ez-toc-heading-2\" href=\"https:\/\/www.grupomedcof.com.br\/blog\/dia-nacional-da-diabetes-entenda-os-riscos-dessa-doenca\/#Como_a_Glicose_e_Insulina_atuam_no_corpo\" >Como a Glicose e Insulina atuam no corpo?&nbsp;<\/a><\/li><li class='ez-toc-page-1 ez-toc-heading-level-2'><a class=\"ez-toc-link ez-toc-heading-3\" href=\"https:\/\/www.grupomedcof.com.br\/blog\/dia-nacional-da-diabetes-entenda-os-riscos-dessa-doenca\/#Quais_as_formas_de_Diabetes\" >Quais as formas de Diabetes?&nbsp;<\/a><\/li><li class='ez-toc-page-1 ez-toc-heading-level-2'><a class=\"ez-toc-link ez-toc-heading-4\" href=\"https:\/\/www.grupomedcof.com.br\/blog\/dia-nacional-da-diabetes-entenda-os-riscos-dessa-doenca\/#Quais_riscos_relacionados_a_Hiperglicemia\" >Quais riscos relacionados \u00e0 Hiperglicemia?&nbsp;&nbsp;<\/a><\/li><li class='ez-toc-page-1 ez-toc-heading-level-2'><a class=\"ez-toc-link ez-toc-heading-5\" href=\"https:\/\/www.grupomedcof.com.br\/blog\/dia-nacional-da-diabetes-entenda-os-riscos-dessa-doenca\/#E_o_que_fazer_entao\" >E o que fazer ent\u00e3o?&nbsp;&nbsp;<\/a><\/li><li class='ez-toc-page-1 ez-toc-heading-level-2'><a class=\"ez-toc-link ez-toc-heading-6\" href=\"https:\/\/www.grupomedcof.com.br\/blog\/dia-nacional-da-diabetes-entenda-os-riscos-dessa-doenca\/#Complicacoes_da_Diabetes_Mellitus\" >Complica\u00e7\u00f5es da Diabetes Mellitus<\/a><ul class='ez-toc-list-level-3' ><li class='ez-toc-heading-level-3'><a class=\"ez-toc-link ez-toc-heading-7\" href=\"https:\/\/www.grupomedcof.com.br\/blog\/dia-nacional-da-diabetes-entenda-os-riscos-dessa-doenca\/#Retinopatia_Diabetica_RD\" >Retinopatia Diab\u00e9tica (RD)<\/a><\/li><li class='ez-toc-page-1 ez-toc-heading-level-3'><a class=\"ez-toc-link ez-toc-heading-8\" href=\"https:\/\/www.grupomedcof.com.br\/blog\/dia-nacional-da-diabetes-entenda-os-riscos-dessa-doenca\/#Neuropatia_Diabetica\" >Neuropatia Diab\u00e9tica<\/a><\/li><\/ul><\/li><li class='ez-toc-page-1 ez-toc-heading-level-2'><a class=\"ez-toc-link ez-toc-heading-9\" href=\"https:\/\/www.grupomedcof.com.br\/blog\/dia-nacional-da-diabetes-entenda-os-riscos-dessa-doenca\/#Seja_um_MedCofer\" >Seja um MedCofer!<\/a><\/li><\/ul><\/nav><\/div>\n\n<figure class=\"wp-block-image size-large\"><img loading=\"lazy\" decoding=\"async\" width=\"1024\" height=\"576\" src=\"https:\/\/www.grupomedcof.com.br\/blog\/wp-content\/uploads\/2023\/09\/Blog-MedCof-2025-06-26T104951.602-1024x576.jpg\" alt=\"\" class=\"wp-image-36434\" srcset=\"https:\/\/www.grupomedcof.com.br\/blog\/wp-content\/uploads\/2023\/09\/Blog-MedCof-2025-06-26T104951.602-1024x576.jpg 1024w, https:\/\/www.grupomedcof.com.br\/blog\/wp-content\/uploads\/2023\/09\/Blog-MedCof-2025-06-26T104951.602-300x169.jpg 300w, https:\/\/www.grupomedcof.com.br\/blog\/wp-content\/uploads\/2023\/09\/Blog-MedCof-2025-06-26T104951.602-768x432.jpg 768w, https:\/\/www.grupomedcof.com.br\/blog\/wp-content\/uploads\/2023\/09\/Blog-MedCof-2025-06-26T104951.602-1536x864.jpg 1536w, https:\/\/www.grupomedcof.com.br\/blog\/wp-content\/uploads\/2023\/09\/Blog-MedCof-2025-06-26T104951.602-747x420.jpg 747w, https:\/\/www.grupomedcof.com.br\/blog\/wp-content\/uploads\/2023\/09\/Blog-MedCof-2025-06-26T104951.602-150x84.jpg 150w, https:\/\/www.grupomedcof.com.br\/blog\/wp-content\/uploads\/2023\/09\/Blog-MedCof-2025-06-26T104951.602-696x392.jpg 696w, https:\/\/www.grupomedcof.com.br\/blog\/wp-content\/uploads\/2023\/09\/Blog-MedCof-2025-06-26T104951.602-1068x601.jpg 1068w, https:\/\/www.grupomedcof.com.br\/blog\/wp-content\/uploads\/2023\/09\/Blog-MedCof-2025-06-26T104951.602.jpg 1920w\" sizes=\"auto, (max-width: 1024px) 100vw, 1024px\" \/><figcaption class=\"wp-element-caption\">Imagem: Canva.<\/figcaption><\/figure>\n\n\n\n<p>No <strong>Dia Nacional do Diabetes<\/strong>, \u00e9 fundamental revisitarmos uma das condi\u00e7\u00f5es cr\u00f4nicas mais prevalentes globalmente. Apesar de apresentar v\u00e1rios riscos, essa condi\u00e7\u00e3o ainda \u00e9 muito negligenciada pela popula\u00e7\u00e3o.&nbsp;<\/p>\n\n\n\n<h2 class=\"wp-block-heading\" id=\"h-o-que-e-a-diabetes-nbsp-nbsp\"><span class=\"ez-toc-section\" id=\"O_que_e_a_Diabetes\"><\/span><strong>O que \u00e9 a Diabetes?&nbsp;&nbsp;<\/strong><span class=\"ez-toc-section-end\"><\/span><\/h2>\n\n\n\n<p>O <strong>Diabetes Mellitus <\/strong>(DM) \u00e9 uma <strong>s\u00edndrome metab\u00f3lica de etiologia m\u00faltipla<\/strong>, decorrente da <strong>defici\u00eancia de produ\u00e7\u00e3o e\/ou de a\u00e7\u00e3o da insulina<\/strong>, que acarreta hiperglicemia persistente. Compreender sua fisiopatologia e os riscos associados \u00e9 crucial para a pr\u00e1tica cl\u00ednica e para a promo\u00e7\u00e3o da sa\u00fade.<\/p>\n\n\n\n<p>De acordo com a Sociedade Brasileira de Diabetes, <strong>uma parcela significativa da popula\u00e7\u00e3o com DM tipo 2 desconhece seu diagn\u00f3stico.<\/strong> Embora os sintomas cl\u00e1ssicos de <strong>hiperglicemia<\/strong> \u2014 como <strong>polidipsia, poli\u00faria e perda ponderal inexplic\u00e1vel<\/strong> \u2014 possam estar presentes, o car\u00e1ter muitas vezes assintom\u00e1tico da doen\u00e7a contribui para <strong>diagn\u00f3sticos tardios<\/strong> e, consequentemente, para o desenvolvimento de <strong>complica\u00e7\u00f5es cr\u00f4nicas.<\/strong><\/p>\n\n\n\n<h2 class=\"wp-block-heading\" id=\"h-como-a-glicose-e-insulina-atuam-no-corpo-nbsp\"><span class=\"ez-toc-section\" id=\"Como_a_Glicose_e_Insulina_atuam_no_corpo\"><\/span><strong>Como a Glicose e Insulina atuam no corpo?&nbsp;<\/strong><span class=\"ez-toc-section-end\"><\/span><\/h2>\n\n\n\n<p>Para contextualizar, os alimentos ricos em <strong>carboidratos s\u00e3o convertidos em glicose durante o processo digestivo.<\/strong> A glicose, uma vez na corrente sangu\u00ednea, \u00e9 a principal <strong>fonte de energia para as c\u00e9lulas do corpo<\/strong>. No entanto, sua entrada nas c\u00e9lulas depende da <strong>presen\u00e7a da insulina<\/strong>. Podemos caracterizar a insulina \u00e9 como \u201ca chave que abre a porta da c\u00e9lula para o a\u00e7\u00facar entrar e permitir o funcionamento e manuten\u00e7\u00e3o de todos os processos metab\u00f3licos do organismo&#8221;.<\/p>\n\n\n\n<figure class=\"wp-block-image size-full\"><img loading=\"lazy\" decoding=\"async\" width=\"650\" height=\"347\" src=\"https:\/\/www.grupomedcof.com.br\/blog\/wp-content\/uploads\/2023\/09\/image.png\" alt=\"\" class=\"wp-image-36435\" srcset=\"https:\/\/www.grupomedcof.com.br\/blog\/wp-content\/uploads\/2023\/09\/image.png 650w, https:\/\/www.grupomedcof.com.br\/blog\/wp-content\/uploads\/2023\/09\/image-300x160.png 300w, https:\/\/www.grupomedcof.com.br\/blog\/wp-content\/uploads\/2023\/09\/image-150x80.png 150w\" sizes=\"auto, (max-width: 650px) 100vw, 650px\" \/><figcaption class=\"wp-element-caption\">Mecanismo de libera\u00e7\u00e3o da Glicose conforme os n\u00edveis de glicose sangu\u00ednea. Fonte: Acervo de Ilustra\u00e7\u00f5es do Grupo MedCof<\/figcaption><\/figure>\n\n\n\n<h2 class=\"wp-block-heading\" id=\"h-quais-as-formas-de-diabetes-nbsp\"><span class=\"ez-toc-section\" id=\"Quais_as_formas_de_Diabetes\"><\/span><strong>Quais as formas de Diabetes?&nbsp;<\/strong><span class=\"ez-toc-section-end\"><\/span><\/h2>\n\n\n\n<p>Existem 2 formas de diabetes: <strong>Mellitus e Insipidus<\/strong>. A primeira tem uma maior relev\u00e2ncia cl\u00ednica no Brasil, por isso vamos explorar um pouco mais dos mecanismos fisiopatol\u00f3gicos dela.&nbsp;<\/p>\n\n\n\n<ol class=\"wp-block-list\">\n<li>Diabetes Tipo 1 (DM1)<\/li>\n<\/ol>\n\n\n\n<p>Caracteriza-se pela destrui\u00e7\u00e3o autoimune das c\u00e9lulas beta pancre\u00e1ticas, respons\u00e1veis pela produ\u00e7\u00e3o de insulina. Isso resulta em uma <strong>defici\u00eancia absoluta de insulina<\/strong>, tornando a <strong>insulinoterapia ex\u00f3gena uma necessidade vital para a sobrevida do paciente<\/strong>.<\/p>\n\n\n\n<ol start=\"2\" class=\"wp-block-list\">\n<li>Diabetes Tipo 2 (DM2)<\/li>\n<\/ol>\n\n\n\n<p>\u00c9 uma condi\u00e7\u00e3o complexa, marcada primariamente pela <strong>resist\u00eancia \u00e0 insulina,<\/strong> onde as c\u00e9lulas do corpo n\u00e3o respondem adequadamente ao horm\u00f4nio, e\/ou por uma <strong>secre\u00e7\u00e3o insuficiente de insulina pelo p\u00e2ncreas<\/strong> para compensar essa resist\u00eancia. Frequentemente, <strong>associa-se a comorbidades como hipertens\u00e3o arterial, dislipidemia e obesidade<\/strong>.<\/p>\n\n\n\n<p><strong><a href=\"https:\/\/www.grupomedcof.com.br\/blog\/novidades-no-diagnostico-de-diabetes-mellitus\/\" target=\"_blank\" rel=\"noreferrer noopener\">Acesse aqui algumas novidades diagn\u00f3sticas!<\/a><\/strong><\/p>\n\n\n\n<h2 class=\"wp-block-heading\" id=\"h-quais-riscos-relacionados-a-hiperglicemia-nbsp-nbsp\"><span class=\"ez-toc-section\" id=\"Quais_riscos_relacionados_a_Hiperglicemia\"><\/span><strong>Quais riscos relacionados \u00e0 Hiperglicemia?&nbsp;&nbsp;<\/strong><span class=\"ez-toc-section-end\"><\/span><\/h2>\n\n\n\n<p>A complica\u00e7\u00e3o central do DM n\u00e3o tratado \u00e9 a <strong>hiperglicemia cr\u00f4nica<\/strong>. A eleva\u00e7\u00e3o persistente dos n\u00edveis de glicose no sangue \u00e9 um <strong>agente lesivo para o endot\u00e9lio vascular<\/strong> e para os nervos, <strong>comprometendo a integridade de vasos sangu\u00edneos<\/strong> e a <strong>sensibilidade neural <\/strong>por todo o corpo. As consequ\u00eancias dessa agress\u00e3o sist\u00eamica s\u00e3o as temidas complica\u00e7\u00f5es <strong>micro e macrovasculares<\/strong>.<\/p>\n\n\n\n<ol class=\"wp-block-list\">\n<li><strong>Complica\u00e7\u00f5es Microvasculares:<\/strong><\/li>\n<\/ol>\n\n\n\n<ul class=\"wp-block-list\">\n<li>Retinopatia Diab\u00e9tica: O dano aos microvasos da retina pode levar a <strong>altera\u00e7\u00f5es visuais progressivas,<\/strong> culminando em cegueira se n\u00e3o tratada. O mapeamento de retina anual, com pupila dilatada, \u00e9 indispens\u00e1vel, mesmo na aus\u00eancia de queixas visuais.<\/li>\n<\/ul>\n\n\n\n<figure class=\"wp-block-image\"><img decoding=\"async\" src=\"https:\/\/lh7-rt.googleusercontent.com\/docsz\/AD_4nXcyVp4u2o7ioEy_XzXyor_07zhaypEmukYjVwt9rI2nOfTBHSG9JwUTSGkmSD8tzhJ8E6aYPJKto2zxceedYCNXFDhFFgTxVgwpuAGjWML2WE0wra1omcCWUAVV_hnZIPKlBdLq?key=B0mm6HNRX5M3QtgkJkvWgQ\" alt=\"\"\/><figcaption class=\"wp-element-caption\">Fundoscopia com achado de hemorragia por retinopatia diab\u00e9tica. Fonte: <a href=\"https:\/\/www.grupomedcof.com.br\/blog\/novidades-no-diagnostico-de-diabetes-mellitus\/\">https:\/\/www.grupomedcof.com.br\/blog\/novidades-no-diagnostico-de-diabetes-mellitus\/<\/a>&nbsp;<\/figcaption><\/figure>\n\n\n\n<ul class=\"wp-block-list\">\n<li>Nefropatia Diab\u00e9tica: Afeta os rins, manifestando-se inicialmente por <strong>microalbumin\u00faria<\/strong>, ou seja, a perda de pequenas quantidades de albumina pela urina. A detec\u00e7\u00e3o precoce atrav\u00e9s do exame anual de microalbumin\u00faria em urina de 24 horas \u00e9 vital, visto que os <strong>vasos da retina e dos rins s\u00e3o semelhantes<\/strong> e um comprometimento em um \u00f3rg\u00e3o frequentemente <strong>sinaliza risco no outro<\/strong>.<\/li>\n<\/ul>\n\n\n\n<ul class=\"wp-block-list\">\n<li>Neuropatia Diab\u00e9tica: Ocorre devido ao <strong>dano aos nervos<\/strong>. Nos membros inferiores, a neuropatia perif\u00e9rica pode causar <strong>perda de sensibilidade protetora<\/strong>, tornando os p\u00e9s <strong>vulner\u00e1veis a les\u00f5es<\/strong> que n\u00e3o s\u00e3o percebidas, resultando em \u00falceras de dif\u00edcil cicatriza\u00e7\u00e3o e, em casos graves, <strong>amputa\u00e7\u00f5es<\/strong>. O autoexame di\u00e1rio dos p\u00e9s e o teste de sensibilidade pela equipe de sa\u00fade s\u00e3o medidas preventivas cruciais.<\/li>\n<\/ul>\n\n\n\n<figure class=\"wp-block-image\"><img decoding=\"async\" src=\"https:\/\/lh7-rt.googleusercontent.com\/docsz\/AD_4nXf_FsO4An51HDiAZwBjb_lWqdqnTKarhXnlecQ8AnmPJb8xTU_tib5T69AaaQFVd2dUZ-T2y-Gtil6YZkwoIz3hOCeBboDHA9IxWJl5mb4ia1oyE4mPE6VLDi7h4f1bRI6K3O2m?key=B0mm6HNRX5M3QtgkJkvWgQ\" alt=\"\"\/><figcaption class=\"wp-element-caption\">PSP: Perda de sensibilidade protetora; DAP: Doen\u00e7a arterial perif\u00e9rica; *Incluindo temperatura da pele; **SN: Se necess\u00e1rio; DEF: Deformidade nos p\u00e9s; UP: \u00dalcera pr\u00e9via; AMP: Amputa\u00e7\u00e3o. Obs.: Na presen\u00e7a de sinais de alerta, o rastreamento deve ser realizado. Sistema de estratifica\u00e7\u00e3o de risco de ulcera\u00e7\u00e3o. Fonte: Sociedade Brasileira de Diabetes. (<a href=\"https:\/\/diretriz.diabetes.org.br\/diagnostico-e-prevencao-de-ulceras-no-pe-diabetico\/#introducao\">https:\/\/diretriz.diabetes.org.br\/diagnostico-e-prevencao-de-ulceras-no-pe-diabetico\/#introducao<\/a>).&nbsp;<\/figcaption><\/figure>\n\n\n\n<ol start=\"2\" class=\"wp-block-list\">\n<li><strong>Complica\u00e7\u00f5es Macrovasculares:<\/strong><\/li>\n<\/ol>\n\n\n\n<p>O diabetes aumenta substancialmente o risco de <strong>doen\u00e7as cardiovasculares<\/strong>, como <strong>infarto agudo do mioc\u00e1rdio e acidente vascular cerebral (AVC)<\/strong>. O controle rigoroso da glicemia, press\u00e3o arterial e dislipidemia, associado a um estilo de vida saud\u00e1vel, s\u00e3o pilares para a preven\u00e7\u00e3o dessas morbidades.<\/p>\n\n\n\n<h2 class=\"wp-block-heading\" id=\"h-e-o-que-fazer-entao-nbsp-nbsp\"><span class=\"ez-toc-section\" id=\"E_o_que_fazer_entao\"><\/span><strong>E o que fazer ent\u00e3o?&nbsp;&nbsp;<\/strong><span class=\"ez-toc-section-end\"><\/span><\/h2>\n\n\n\n<p>A natureza insidiosa do diabetes exige <strong>monitoramento cont\u00ednuo<\/strong>. <strong>A hemoglobina glicada (HbA1c)<\/strong> \u00e9 um exame fundamental que reflete a <strong>m\u00e9dia glic\u00eamica<\/strong> dos \u00faltimos tr\u00eas meses, fornecendo uma vis\u00e3o valiosa do controle do diabetes. Al\u00e9m disso, \u00e9 de fundamental import\u00e2ncia de uma <strong>alimenta\u00e7\u00e3o balanceada<\/strong>, <strong>atividade f\u00edsica regular e bem-estar emocional, <\/strong>acompanhado de um correto tratamento.&nbsp;<\/p>\n\n\n\n<h2 class=\"wp-block-heading\" id=\"h-complicacoes-da-diabetes-mellitus\"><span class=\"ez-toc-section\" id=\"Complicacoes_da_Diabetes_Mellitus\"><\/span><strong>Complica\u00e7\u00f5es da Diabetes Mellitus<\/strong><span class=\"ez-toc-section-end\"><\/span><\/h2>\n\n\n\n<h3 class=\"wp-block-heading\" id=\"h-retinopatia-diabetica-rd\"><span class=\"ez-toc-section\" id=\"Retinopatia_Diabetica_RD\"><\/span><strong>Retinopatia Diab\u00e9tica (RD)<\/strong><span class=\"ez-toc-section-end\"><\/span><\/h3>\n\n\n\n<p>A retinopatia diab\u00e9tica \u00e9 uma <strong>complica\u00e7\u00e3o microvascular<\/strong> comum e espec\u00edfica do DM. A sua presen\u00e7a aumenta a probabilidade de desenvolver <strong>doen\u00e7a renal do diabetes (DRD),<\/strong> sendo que a retinopatia geralmente <strong>precede a DRD. <\/strong>A RD tamb\u00e9m <strong>aumenta o risco de acidente vascular cerebral,<\/strong> doen\u00e7as cardiovasculares e doen\u00e7a arterial perif\u00e9rica. Em pacientes com DM1, a retinopatia \u00e9 mais frequente e grave.<\/p>\n\n\n\n<figure class=\"wp-block-image\"><img decoding=\"async\" src=\"https:\/\/lh7-rt.googleusercontent.com\/docsz\/AD_4nXdLEETCcKZc89UxDVGD9AORKF4xqo7q3VubvKGeYrnxDW3GtROviBtANfwSjzOfySfPw0jmbBszkZrBVMCmkhLqGlkWfyFkKyMsToM01rI0h96f3_EWfO7xEjkB2A3P69c40SpW?key=5CXlLc75_SI8IFJP_BrraQ\" alt=\"\"\/><figcaption class=\"wp-element-caption\">Rela\u00e7\u00e3o da Retinopatia Diab\u00e9tica \u00e9 a DRD. Fonte: Acervo de Aulas do Grupo MedCof.<\/figcaption><\/figure>\n\n\n\n<div class=\"wp-block-columns is-layout-flex wp-container-core-columns-is-layout-9d6595d7 wp-block-columns-is-layout-flex\">\n<div class=\"wp-block-column is-layout-flow wp-block-column-is-layout-flow\">\n<h4 class=\"wp-block-heading\" id=\"h-fisiopatologia-e-fatores-de-risco\"><strong>Fisiopatologia e Fatores de Risco<\/strong><\/h4>\n\n\n\n<p>A fisiopatologia envolve <strong>hiperglicemia cr\u00f4nica,<\/strong> que leva \u00e0 <strong>microangiopatia<\/strong> e <strong>oclus\u00e3o<\/strong> <strong>capilar<\/strong>. Isso resulta em hip\u00f3xia retiniana, aumento da permeabilidade vascular e, por fim, <strong>hemorragias e exsudatos<\/strong>. Os fatores de risco para o desenvolvimento da RD incluem longa dura\u00e7\u00e3o do DM, hipertens\u00e3o arterial sist\u00eamica (HAS), dislipidemia (DLP), doen\u00e7a renal cr\u00f4nica (DRC), tabagismo e obesidade.<\/p>\n<\/div>\n\n\n\n<div class=\"wp-block-column is-layout-flow wp-block-column-is-layout-flow\">\n<h4 class=\"wp-block-heading\" id=\"h-rastreamento-e-diagnostico\"><strong>Rastreamento e Diagn\u00f3stico<\/strong><\/h4>\n\n\n\n<p>O rastreamento da RD \u00e9 <strong>assintom\u00e1tico<\/strong> em seus est\u00e1gios iniciais, tornando crucial a realiza\u00e7\u00e3o de <strong>exames oftalmol\u00f3gicos completos<\/strong>. O rastreamento deve ser feito no momento do diagn\u00f3stico para pacientes com DM2 e cinco anos ap\u00f3s o diagn\u00f3stico para pacientes com DM1. Exames complementares incluem <strong>mapeamento de retina e fundoscopia.<\/strong> Outros exames de imagem de retina \u00fateis para triagem e diagn\u00f3stico incluem <strong>retinografia, angiofluoresceinografia e tomografia de coer\u00eancia \u00f3ptica<\/strong> (OCT).<\/p>\n<\/div>\n<\/div>\n\n\n\n<figure class=\"wp-block-image\"><img decoding=\"async\" src=\"https:\/\/lh7-rt.googleusercontent.com\/docsz\/AD_4nXfqhkhPsFGqvvd5-TNLAOC5vmu-WtJKQ4LjeWiF7NUzp4GljLOA2hVTyeKqnsaHeDCJG82cY3nWHrAAD58NBlnvuJcn8gCJk6FmXCDRqqvag0D2W9BuPfy8YM6AY6dujzAED7jGdQ?key=5CXlLc75_SI8IFJP_BrraQ\" alt=\"\"\/><\/figure>\n\n\n\n<h4 class=\"wp-block-heading\" id=\"h-classificacao-e-tratamento\"><strong>Classifica\u00e7\u00e3o e Tratamento<\/strong><\/h4>\n\n\n\n<p>A retinopatia \u00e9 classificada em <strong>aus\u00eancia de retinopatia, retinopatia diab\u00e9tica n\u00e3o proliferativa (RDNP)<\/strong> <strong>leve, moderada, grave e muito grave, e retinopatia diab\u00e9tica proliferativa (RDP).<\/strong> O tratamento abrange desde o controle rigoroso da glicemia, HAS, DLP e nefropatia at\u00e9 fotocoagula\u00e7\u00e3o a laser para danos significativos. Em casos mais avan\u00e7ados, podem ser utilizados <strong>antiangiog\u00eanicos<\/strong> e <strong>esteroides intrav\u00edtreos,<\/strong> bem como <strong>vitrectomia<\/strong> para hemorragias v\u00edtreas de longa dura\u00e7\u00e3o.<\/p>\n\n\n\n<h3 class=\"wp-block-heading\" id=\"h-neuropatia-diabetica\"><span class=\"ez-toc-section\" id=\"Neuropatia_Diabetica\"><\/span><strong>Neuropatia Diab\u00e9tica<\/strong><span class=\"ez-toc-section-end\"><\/span><\/h3>\n\n\n\n<p>A neuropatia diab\u00e9tica \u00e9 a complica\u00e7\u00e3o cr\u00f4nica <strong>mais prevalente<\/strong>, afetando cerca de 50% dos pacientes com DM. O diagn\u00f3stico \u00e9 cl\u00ednico e de <strong>exclus\u00e3o<\/strong>, requerendo a presen\u00e7a de <strong>sinais ou sintomas de disfun\u00e7\u00e3o dos nervos perif\u00e9ricos<\/strong> ap\u00f3s a exclus\u00e3o de outras poss\u00edveis causas.<strong> A aus\u00eancia de sintomas n\u00e3o exclui a neuropatia<\/strong>. O rastreamento deve ser feito no momento do diagn\u00f3stico para DM2 e 5 anos ap\u00f3s o diagn\u00f3stico para DM1, com reavalia\u00e7\u00e3o anual se o resultado for negativo.<\/p>\n\n\n\n<h4 class=\"wp-block-heading\" id=\"h-fisiopatologia-e-apresentacao-clinic\"><strong>Fisiopatologia e Apresenta\u00e7\u00e3o Cl\u00ednic<\/strong><\/h4>\n\n\n\n<p>A neuropatia diab\u00e9tica \u00e9 causada por <strong>hiperglicemia cr\u00f4nica<\/strong>, que ativa vias metab\u00f3licas que levam \u00e0 <strong>disfun\u00e7\u00e3o mitocondrial e apoptose neuronal<\/strong>. Hipertens\u00e3o e dislipidemia tamb\u00e9m contribuem para a disfun\u00e7\u00e3o neuronal. A apresenta\u00e7\u00e3o cl\u00ednica pode incluir:<\/p>\n\n\n\n<ul class=\"wp-block-list\">\n<li>Polineuropatia sensitivo-motora: \u00c9 a mais comum, com sintomas de parestesias, alodinia, c\u00e2imbras e fraqueza muscular, geralmente em padr\u00e3o de &#8220;bota e luva&#8221;.<\/li>\n\n\n\n<li>Neuropatia auton\u00f4mica: Afeta os sistemas nervoso simp\u00e1tico e parassimp\u00e1tico. Pode causar hipotens\u00e3o postural, taquicardia de repouso, gastroparesia, disfun\u00e7\u00e3o er\u00e9til e bexiga neurog\u00eanica.<\/li>\n\n\n\n<li>Mononeuropatia: Acomete apenas um nervo perif\u00e9rico, como o 3\u00ba par craniano, levando \u00e0 ptose palpebral.<\/li>\n\n\n\n<li>Radiculoneuropatia: Geralmente acomete um derm\u00e1tomo, sendo a neuropatia do plexo lombossacral a mais comum.<\/li>\n<\/ul>\n\n\n\n<figure class=\"wp-block-image\"><img decoding=\"async\" src=\"https:\/\/lh7-rt.googleusercontent.com\/docsz\/AD_4nXdeMo8rjeVhU9I63jmwgGE1bPlpSLtHzAOvJ6lNzeLGDYbgC_ZP-EUD_eQvnLbWCSglwcnotd1gV8Q9zRH4P1LYLIohwKok58VnXb_p7GO79mtadYoyz1ukZonPqnXmRYc5tkKwnw?key=5CXlLc75_SI8IFJP_BrraQ\" alt=\"\"\/><figcaption class=\"wp-element-caption\">Desenho esquem\u00e1tico &#8211; diferentes padr\u00f5es cl\u00ednicos da neuropatia diab\u00e9tica. A) Polineuropatia sim\u00e9trica distal, B) Radiculoplexopatias, C) Neuropatias focais compressivas, D) Neuropatia auton\u00f4mica. Fonte: <a href=\"https:\/\/doi.org\/10.5935\/1806-0013.20160047\">https:\/\/doi.org\/10.5935\/1806-0013.20160047<\/a>\u00a0<\/figcaption><\/figure>\n\n\n\n<h4 class=\"wp-block-heading\" id=\"h-diagnostico-e-tratamento\"><strong>Diagn\u00f3stico e Tratamento<\/strong><\/h4>\n\n\n\n<p>O diagn\u00f3stico envolve a <strong>avalia\u00e7\u00e3o de sensibilidade dolorosa, t\u00e9rmica e vibrat\u00f3ria, al\u00e9m do reflexo aquileu.<\/strong> O <strong>teste do monofilamento<\/strong> \u00e9 utilizado para avaliar o risco de \u00falceras no p\u00e9, n\u00e3o para diagn\u00f3stico. O tratamento de base foca no <strong>controle da glicemia, HAS, peso, dislipidemia e na cessa\u00e7\u00e3o de tabagismo e etilismo.<\/strong> O tratamento restaurador pode incluir fisioterapia, \u00e1cido alfa-lip\u00f3ico e reposi\u00e7\u00e3o de vitaminas. O tratamento sintom\u00e1tico para dor neurop\u00e1tica inclui medicamentos como <strong>gabapentinoides, antidepressivos tric\u00edclicos e inibidores da recapta\u00e7\u00e3o de serotonina e norepinefrina.<\/strong><\/p>\n\n\n\n<figure class=\"wp-block-image size-large\"><img loading=\"lazy\" decoding=\"async\" width=\"1024\" height=\"416\" src=\"https:\/\/www.grupomedcof.com.br\/blog\/wp-content\/uploads\/2025\/06\/image-5-1024x416.jpeg\" alt=\"\" class=\"wp-image-37274\" srcset=\"https:\/\/www.grupomedcof.com.br\/blog\/wp-content\/uploads\/2025\/06\/image-5-1024x416.jpeg 1024w, https:\/\/www.grupomedcof.com.br\/blog\/wp-content\/uploads\/2025\/06\/image-5-300x122.jpeg 300w, https:\/\/www.grupomedcof.com.br\/blog\/wp-content\/uploads\/2025\/06\/image-5-768x312.jpeg 768w, https:\/\/www.grupomedcof.com.br\/blog\/wp-content\/uploads\/2025\/06\/image-5-1034x420.jpeg 1034w, https:\/\/www.grupomedcof.com.br\/blog\/wp-content\/uploads\/2025\/06\/image-5-150x61.jpeg 150w, https:\/\/www.grupomedcof.com.br\/blog\/wp-content\/uploads\/2025\/06\/image-5-696x283.jpeg 696w, https:\/\/www.grupomedcof.com.br\/blog\/wp-content\/uploads\/2025\/06\/image-5.jpeg 1049w\" sizes=\"auto, (max-width: 1024px) 100vw, 1024px\" \/><figcaption class=\"wp-element-caption\">Avalia\u00e7\u00e3o da sensibilidade perif\u00e9rica, demonstrando pontos de avalia\u00e7\u00e3o e teste do monofilamento. | Fonte: Acervo de Ilustra\u00e7\u00f5es do Grupo MedCof.<\/figcaption><\/figure>\n\n\n\n<h2 class=\"wp-block-heading\"><span class=\"ez-toc-section\" id=\"Seja_um_MedCofer\"><\/span><strong>Seja um MedCofer!<\/strong><span class=\"ez-toc-section-end\"><\/span><\/h2>\n\n\n\n<p>Quer alcan\u00e7ar a aprova\u00e7\u00e3o nas provas de resid\u00eancia m\u00e9dica? Ent\u00e3o seja um&nbsp;<a href=\"https:\/\/www.grupomedcof.com.br\/home\/\" target=\"_blank\" rel=\"noreferrer noopener\"><strong>MedCofer<\/strong><\/a>! Aqui te ajudaremos na busca da aprova\u00e7\u00e3o com conte\u00fados de qualidade e uma metodologia que j\u00e1 aprovou mais de 10 mil residentes no pa\u00eds! Por fim, acesse o nosso<a href=\"https:\/\/www.youtube.com\/@GrupoMedcof\/featured\">&nbsp;<strong>canal do youtube&nbsp;<\/strong><\/a>para ver o nosso material.<\/p>\n\n\n\n<figure class=\"wp-block-embed is-type-video is-provider-youtube wp-block-embed-youtube wp-embed-aspect-16-9 wp-has-aspect-ratio\"><div class=\"wp-block-embed__wrapper\">\n<div class=\"youtube-embed\" data-video_id=\"uUY_6l60RTY\"><iframe loading=\"lazy\" title=\"Endocrinologia: Tratamentos do Diabetes com a Dra. Marina Ramos\" width=\"696\" height=\"392\" src=\"https:\/\/www.youtube.com\/embed\/uUY_6l60RTY?feature=oembed&#038;enablejsapi=1\" frameborder=\"0\" allow=\"accelerometer; autoplay; clipboard-write; encrypted-media; gyroscope; picture-in-picture; web-share\" referrerpolicy=\"strict-origin-when-cross-origin\" allowfullscreen><\/iframe><\/div>\n<\/div><\/figure>\n","protected":false},"excerpt":{"rendered":"<p>O Diabetes Mellitus (DM) \u00e9 uma s\u00edndrome metab\u00f3lica de etiologia m\u00faltipla, decorrente da defici\u00eancia de produ\u00e7\u00e3o e\/ou de a\u00e7\u00e3o da insulina.<\/p>\n","protected":false},"author":21,"featured_media":36434,"comment_status":"open","ping_status":"open","sticky":false,"template":"","format":"standard","meta":{"footnotes":""},"categories":[94],"tags":[241,96],"ppma_author":[3617],"class_list":{"0":"post-13164","1":"post","2":"type-post","3":"status-publish","4":"format-standard","5":"has-post-thumbnail","7":"category-endocrinologia","8":"tag-diabetes","9":"tag-diabetes-mellitus"},"yoast_head":"<!-- This site is optimized with the Yoast SEO Premium plugin v24.3 (Yoast SEO v27.4) - https:\/\/yoast.com\/product\/yoast-seo-premium-wordpress\/ -->\n<title>Diabetes Mellitus: o que \u00e9, riscos, complica\u00e7\u00f5es e mais! - Blog de Medcof: conte\u00fados, editais, revalida e mais!<\/title>\n<meta name=\"description\" content=\"O Diabetes Mellitus (DM) \u00e9 uma s\u00edndrome metab\u00f3lica de etiologia m\u00faltipla, decorrente da defici\u00eancia de produ\u00e7\u00e3o e\/ou de a\u00e7\u00e3o da insulina.\" \/>\n<meta name=\"robots\" content=\"index, follow, max-snippet:-1, max-image-preview:large, max-video-preview:-1\" \/>\n<link rel=\"canonical\" href=\"https:\/\/www.grupomedcof.com.br\/blog\/dia-nacional-da-diabetes-entenda-os-riscos-dessa-doenca\/\" \/>\n<meta property=\"og:locale\" content=\"pt_BR\" \/>\n<meta property=\"og:type\" content=\"article\" \/>\n<meta property=\"og:title\" content=\"Diabetes Mellitus: o que \u00e9, riscos, complica\u00e7\u00f5es e mais!\" \/>\n<meta property=\"og:description\" content=\"O Diabetes Mellitus (DM) \u00e9 uma s\u00edndrome metab\u00f3lica de etiologia m\u00faltipla, decorrente da defici\u00eancia de produ\u00e7\u00e3o e\/ou de a\u00e7\u00e3o da insulina.\" \/>\n<meta property=\"og:url\" content=\"https:\/\/www.grupomedcof.com.br\/blog\/dia-nacional-da-diabetes-entenda-os-riscos-dessa-doenca\/\" \/>\n<meta property=\"og:site_name\" content=\"Blog de Medcof: conte\u00fados, editais, revalida e mais!\" \/>\n<meta property=\"article:publisher\" content=\"https:\/\/www.facebook.com\/MedCofQbank\/\" \/>\n<meta property=\"article:published_time\" content=\"2025-06-26T13:57:08+00:00\" \/>\n<meta property=\"article:modified_time\" content=\"2025-08-22T14:55:30+00:00\" \/>\n<meta property=\"og:image\" content=\"https:\/\/www.grupomedcof.com.br\/blog\/wp-content\/uploads\/2023\/09\/Blog-MedCof-2025-06-26T104951.602.jpg\" \/>\n\t<meta property=\"og:image:width\" content=\"1920\" \/>\n\t<meta property=\"og:image:height\" content=\"1080\" \/>\n\t<meta property=\"og:image:type\" content=\"image\/jpeg\" \/>\n<meta name=\"author\" content=\"Kiara Adelino\" \/>\n<meta name=\"twitter:card\" content=\"summary_large_image\" \/>\n<meta name=\"twitter:label1\" content=\"Escrito por\" \/>\n\t<meta name=\"twitter:data1\" content=\"Kiara Adelino\" \/>\n\t<meta name=\"twitter:label2\" content=\"Est. tempo de leitura\" \/>\n\t<meta name=\"twitter:data2\" content=\"10 minutos\" \/>\n<script type=\"application\/ld+json\" class=\"yoast-schema-graph\">{\"@context\":\"https:\\\/\\\/schema.org\",\"@graph\":[{\"@type\":\"Article\",\"@id\":\"https:\\\/\\\/www.grupomedcof.com.br\\\/blog\\\/dia-nacional-da-diabetes-entenda-os-riscos-dessa-doenca\\\/#article\",\"isPartOf\":{\"@id\":\"https:\\\/\\\/www.grupomedcof.com.br\\\/blog\\\/dia-nacional-da-diabetes-entenda-os-riscos-dessa-doenca\\\/\"},\"author\":{\"name\":\"Kiara Adelino\",\"@id\":\"https:\\\/\\\/www.grupomedcof.com.br\\\/blog\\\/#\\\/schema\\\/person\\\/db19a651f86c5fc202d6eee744fd3292\"},\"headline\":\"Diabetes Mellitus: o que \u00e9, riscos, complica\u00e7\u00f5es e mais!\",\"datePublished\":\"2025-06-26T13:57:08+00:00\",\"dateModified\":\"2025-08-22T14:55:30+00:00\",\"mainEntityOfPage\":{\"@id\":\"https:\\\/\\\/www.grupomedcof.com.br\\\/blog\\\/dia-nacional-da-diabetes-entenda-os-riscos-dessa-doenca\\\/\"},\"wordCount\":1645,\"commentCount\":1,\"publisher\":{\"@id\":\"https:\\\/\\\/www.grupomedcof.com.br\\\/blog\\\/#organization\"},\"image\":{\"@id\":\"https:\\\/\\\/www.grupomedcof.com.br\\\/blog\\\/dia-nacional-da-diabetes-entenda-os-riscos-dessa-doenca\\\/#primaryimage\"},\"thumbnailUrl\":\"https:\\\/\\\/www.grupomedcof.com.br\\\/blog\\\/wp-content\\\/uploads\\\/2023\\\/09\\\/Blog-MedCof-2025-06-26T104951.602.jpg\",\"keywords\":[\"Diabetes\",\"Diabetes mellitus\"],\"articleSection\":[\"Endocrinologia\"],\"inLanguage\":\"pt-BR\"},{\"@type\":\"WebPage\",\"@id\":\"https:\\\/\\\/www.grupomedcof.com.br\\\/blog\\\/dia-nacional-da-diabetes-entenda-os-riscos-dessa-doenca\\\/\",\"url\":\"https:\\\/\\\/www.grupomedcof.com.br\\\/blog\\\/dia-nacional-da-diabetes-entenda-os-riscos-dessa-doenca\\\/\",\"name\":\"Diabetes Mellitus: o que \u00e9, riscos, complica\u00e7\u00f5es e mais! - Blog de Medcof: conte\u00fados, editais, revalida e mais!\",\"isPartOf\":{\"@id\":\"https:\\\/\\\/www.grupomedcof.com.br\\\/blog\\\/#website\"},\"primaryImageOfPage\":{\"@id\":\"https:\\\/\\\/www.grupomedcof.com.br\\\/blog\\\/dia-nacional-da-diabetes-entenda-os-riscos-dessa-doenca\\\/#primaryimage\"},\"image\":{\"@id\":\"https:\\\/\\\/www.grupomedcof.com.br\\\/blog\\\/dia-nacional-da-diabetes-entenda-os-riscos-dessa-doenca\\\/#primaryimage\"},\"thumbnailUrl\":\"https:\\\/\\\/www.grupomedcof.com.br\\\/blog\\\/wp-content\\\/uploads\\\/2023\\\/09\\\/Blog-MedCof-2025-06-26T104951.602.jpg\",\"datePublished\":\"2025-06-26T13:57:08+00:00\",\"dateModified\":\"2025-08-22T14:55:30+00:00\",\"description\":\"O Diabetes Mellitus (DM) \u00e9 uma s\u00edndrome metab\u00f3lica de etiologia m\u00faltipla, decorrente da defici\u00eancia de produ\u00e7\u00e3o e\\\/ou de a\u00e7\u00e3o da insulina.\",\"breadcrumb\":{\"@id\":\"https:\\\/\\\/www.grupomedcof.com.br\\\/blog\\\/dia-nacional-da-diabetes-entenda-os-riscos-dessa-doenca\\\/#breadcrumb\"},\"inLanguage\":\"pt-BR\",\"potentialAction\":[{\"@type\":\"ReadAction\",\"target\":[\"https:\\\/\\\/www.grupomedcof.com.br\\\/blog\\\/dia-nacional-da-diabetes-entenda-os-riscos-dessa-doenca\\\/\"]}]},{\"@type\":\"ImageObject\",\"inLanguage\":\"pt-BR\",\"@id\":\"https:\\\/\\\/www.grupomedcof.com.br\\\/blog\\\/dia-nacional-da-diabetes-entenda-os-riscos-dessa-doenca\\\/#primaryimage\",\"url\":\"https:\\\/\\\/www.grupomedcof.com.br\\\/blog\\\/wp-content\\\/uploads\\\/2023\\\/09\\\/Blog-MedCof-2025-06-26T104951.602.jpg\",\"contentUrl\":\"https:\\\/\\\/www.grupomedcof.com.br\\\/blog\\\/wp-content\\\/uploads\\\/2023\\\/09\\\/Blog-MedCof-2025-06-26T104951.602.jpg\",\"width\":1920,\"height\":1080,\"caption\":\"Imagem: Canva.\"},{\"@type\":\"BreadcrumbList\",\"@id\":\"https:\\\/\\\/www.grupomedcof.com.br\\\/blog\\\/dia-nacional-da-diabetes-entenda-os-riscos-dessa-doenca\\\/#breadcrumb\",\"itemListElement\":[{\"@type\":\"ListItem\",\"position\":1,\"name\":\"In\u00edcio\",\"item\":\"https:\\\/\\\/www.grupomedcof.com.br\\\/blog\\\/\"},{\"@type\":\"ListItem\",\"position\":2,\"name\":\"Diabetes Mellitus: o que \u00e9, riscos, complica\u00e7\u00f5es e mais!\"}]},{\"@type\":\"WebSite\",\"@id\":\"https:\\\/\\\/www.grupomedcof.com.br\\\/blog\\\/#website\",\"url\":\"https:\\\/\\\/www.grupomedcof.com.br\\\/blog\\\/\",\"name\":\"Blog de Medcof: conte\u00fados, editais, revalida e mais!\",\"description\":\"Acesso o blog de MedCof! Seu portal de conte\u00fados sobre resid\u00eancia m\u00e9dica, an\u00e1lise e editais e muito mais. Clique e confira!\",\"publisher\":{\"@id\":\"https:\\\/\\\/www.grupomedcof.com.br\\\/blog\\\/#organization\"},\"alternateName\":\"Blog de Medcof: conte\u00fados, editais, revalida e mais!\",\"potentialAction\":[{\"@type\":\"SearchAction\",\"target\":{\"@type\":\"EntryPoint\",\"urlTemplate\":\"https:\\\/\\\/www.grupomedcof.com.br\\\/blog\\\/?s={search_term_string}\"},\"query-input\":{\"@type\":\"PropertyValueSpecification\",\"valueRequired\":true,\"valueName\":\"search_term_string\"}}],\"inLanguage\":\"pt-BR\"},{\"@type\":\"Organization\",\"@id\":\"https:\\\/\\\/www.grupomedcof.com.br\\\/blog\\\/#organization\",\"name\":\"Grupo MedCof\",\"url\":\"https:\\\/\\\/www.grupomedcof.com.br\\\/blog\\\/\",\"logo\":{\"@type\":\"ImageObject\",\"inLanguage\":\"pt-BR\",\"@id\":\"https:\\\/\\\/www.grupomedcof.com.br\\\/blog\\\/#\\\/schema\\\/logo\\\/image\\\/\",\"url\":\"https:\\\/\\\/www.grupomedcof.com.br\\\/blog\\\/wp-content\\\/uploads\\\/2022\\\/01\\\/logo-medcof.png\",\"contentUrl\":\"https:\\\/\\\/www.grupomedcof.com.br\\\/blog\\\/wp-content\\\/uploads\\\/2022\\\/01\\\/logo-medcof.png\",\"width\":768,\"height\":269,\"caption\":\"Grupo MedCof\"},\"image\":{\"@id\":\"https:\\\/\\\/www.grupomedcof.com.br\\\/blog\\\/#\\\/schema\\\/logo\\\/image\\\/\"},\"sameAs\":[\"https:\\\/\\\/www.facebook.com\\\/MedCofQbank\\\/\",\"https:\\\/\\\/www.instagram.com\\\/grupomedcof\\\/\",\"https:\\\/\\\/br.linkedin.com\\\/company\\\/medcof\",\"https:\\\/\\\/www.youtube.com\\\/channel\\\/UCdHMuOHKICxcHwecxN8P-AA\"]},{\"@type\":\"Person\",\"@id\":\"https:\\\/\\\/www.grupomedcof.com.br\\\/blog\\\/#\\\/schema\\\/person\\\/db19a651f86c5fc202d6eee744fd3292\",\"name\":\"Kiara Adelino\",\"image\":{\"@type\":\"ImageObject\",\"inLanguage\":\"pt-BR\",\"@id\":\"https:\\\/\\\/www.grupomedcof.com.br\\\/blog\\\/wp-content\\\/uploads\\\/2024\\\/08\\\/cropped-Kiara-Adelino2-96x96.jpega85663bdda67261f8f06f86e555e1e49\",\"url\":\"https:\\\/\\\/www.grupomedcof.com.br\\\/blog\\\/wp-content\\\/uploads\\\/2024\\\/08\\\/cropped-Kiara-Adelino2-96x96.jpeg\",\"contentUrl\":\"https:\\\/\\\/www.grupomedcof.com.br\\\/blog\\\/wp-content\\\/uploads\\\/2024\\\/08\\\/cropped-Kiara-Adelino2-96x96.jpeg\",\"caption\":\"Kiara Adelino\"},\"description\":\"Estudante do 5\u00b0 semestre de Medicina. Gosto bastante de aprender coisas novas, principalmente na \u00e1rea de Neurologia e Anatomia humana.\",\"url\":\"https:\\\/\\\/www.grupomedcof.com.br\\\/blog\\\/author\\\/kiara-adelino\\\/\"}]}<\/script>\n<!-- \/ Yoast SEO Premium plugin. -->","yoast_head_json":{"title":"Diabetes Mellitus: o que \u00e9, riscos, complica\u00e7\u00f5es e mais! - Blog de Medcof: conte\u00fados, editais, revalida e mais!","description":"O Diabetes Mellitus (DM) \u00e9 uma s\u00edndrome metab\u00f3lica de etiologia m\u00faltipla, decorrente da defici\u00eancia de produ\u00e7\u00e3o e\/ou de a\u00e7\u00e3o da insulina.","robots":{"index":"index","follow":"follow","max-snippet":"max-snippet:-1","max-image-preview":"max-image-preview:large","max-video-preview":"max-video-preview:-1"},"canonical":"https:\/\/www.grupomedcof.com.br\/blog\/dia-nacional-da-diabetes-entenda-os-riscos-dessa-doenca\/","og_locale":"pt_BR","og_type":"article","og_title":"Diabetes Mellitus: o que \u00e9, riscos, complica\u00e7\u00f5es e mais!","og_description":"O Diabetes Mellitus (DM) \u00e9 uma s\u00edndrome metab\u00f3lica de etiologia m\u00faltipla, decorrente da defici\u00eancia de produ\u00e7\u00e3o e\/ou de a\u00e7\u00e3o da insulina.","og_url":"https:\/\/www.grupomedcof.com.br\/blog\/dia-nacional-da-diabetes-entenda-os-riscos-dessa-doenca\/","og_site_name":"Blog de Medcof: conte\u00fados, editais, revalida e mais!","article_publisher":"https:\/\/www.facebook.com\/MedCofQbank\/","article_published_time":"2025-06-26T13:57:08+00:00","article_modified_time":"2025-08-22T14:55:30+00:00","og_image":[{"width":1920,"height":1080,"url":"https:\/\/www.grupomedcof.com.br\/blog\/wp-content\/uploads\/2023\/09\/Blog-MedCof-2025-06-26T104951.602.jpg","type":"image\/jpeg"}],"author":"Kiara Adelino","twitter_card":"summary_large_image","twitter_misc":{"Escrito por":"Kiara Adelino","Est. tempo de leitura":"10 minutos"},"schema":{"@context":"https:\/\/schema.org","@graph":[{"@type":"Article","@id":"https:\/\/www.grupomedcof.com.br\/blog\/dia-nacional-da-diabetes-entenda-os-riscos-dessa-doenca\/#article","isPartOf":{"@id":"https:\/\/www.grupomedcof.com.br\/blog\/dia-nacional-da-diabetes-entenda-os-riscos-dessa-doenca\/"},"author":{"name":"Kiara Adelino","@id":"https:\/\/www.grupomedcof.com.br\/blog\/#\/schema\/person\/db19a651f86c5fc202d6eee744fd3292"},"headline":"Diabetes Mellitus: o que \u00e9, riscos, complica\u00e7\u00f5es e mais!","datePublished":"2025-06-26T13:57:08+00:00","dateModified":"2025-08-22T14:55:30+00:00","mainEntityOfPage":{"@id":"https:\/\/www.grupomedcof.com.br\/blog\/dia-nacional-da-diabetes-entenda-os-riscos-dessa-doenca\/"},"wordCount":1645,"commentCount":1,"publisher":{"@id":"https:\/\/www.grupomedcof.com.br\/blog\/#organization"},"image":{"@id":"https:\/\/www.grupomedcof.com.br\/blog\/dia-nacional-da-diabetes-entenda-os-riscos-dessa-doenca\/#primaryimage"},"thumbnailUrl":"https:\/\/www.grupomedcof.com.br\/blog\/wp-content\/uploads\/2023\/09\/Blog-MedCof-2025-06-26T104951.602.jpg","keywords":["Diabetes","Diabetes mellitus"],"articleSection":["Endocrinologia"],"inLanguage":"pt-BR"},{"@type":"WebPage","@id":"https:\/\/www.grupomedcof.com.br\/blog\/dia-nacional-da-diabetes-entenda-os-riscos-dessa-doenca\/","url":"https:\/\/www.grupomedcof.com.br\/blog\/dia-nacional-da-diabetes-entenda-os-riscos-dessa-doenca\/","name":"Diabetes Mellitus: o que \u00e9, riscos, complica\u00e7\u00f5es e mais! - Blog de Medcof: conte\u00fados, editais, revalida e mais!","isPartOf":{"@id":"https:\/\/www.grupomedcof.com.br\/blog\/#website"},"primaryImageOfPage":{"@id":"https:\/\/www.grupomedcof.com.br\/blog\/dia-nacional-da-diabetes-entenda-os-riscos-dessa-doenca\/#primaryimage"},"image":{"@id":"https:\/\/www.grupomedcof.com.br\/blog\/dia-nacional-da-diabetes-entenda-os-riscos-dessa-doenca\/#primaryimage"},"thumbnailUrl":"https:\/\/www.grupomedcof.com.br\/blog\/wp-content\/uploads\/2023\/09\/Blog-MedCof-2025-06-26T104951.602.jpg","datePublished":"2025-06-26T13:57:08+00:00","dateModified":"2025-08-22T14:55:30+00:00","description":"O Diabetes Mellitus (DM) \u00e9 uma s\u00edndrome metab\u00f3lica de etiologia m\u00faltipla, decorrente da defici\u00eancia de produ\u00e7\u00e3o e\/ou de a\u00e7\u00e3o da insulina.","breadcrumb":{"@id":"https:\/\/www.grupomedcof.com.br\/blog\/dia-nacional-da-diabetes-entenda-os-riscos-dessa-doenca\/#breadcrumb"},"inLanguage":"pt-BR","potentialAction":[{"@type":"ReadAction","target":["https:\/\/www.grupomedcof.com.br\/blog\/dia-nacional-da-diabetes-entenda-os-riscos-dessa-doenca\/"]}]},{"@type":"ImageObject","inLanguage":"pt-BR","@id":"https:\/\/www.grupomedcof.com.br\/blog\/dia-nacional-da-diabetes-entenda-os-riscos-dessa-doenca\/#primaryimage","url":"https:\/\/www.grupomedcof.com.br\/blog\/wp-content\/uploads\/2023\/09\/Blog-MedCof-2025-06-26T104951.602.jpg","contentUrl":"https:\/\/www.grupomedcof.com.br\/blog\/wp-content\/uploads\/2023\/09\/Blog-MedCof-2025-06-26T104951.602.jpg","width":1920,"height":1080,"caption":"Imagem: Canva."},{"@type":"BreadcrumbList","@id":"https:\/\/www.grupomedcof.com.br\/blog\/dia-nacional-da-diabetes-entenda-os-riscos-dessa-doenca\/#breadcrumb","itemListElement":[{"@type":"ListItem","position":1,"name":"In\u00edcio","item":"https:\/\/www.grupomedcof.com.br\/blog\/"},{"@type":"ListItem","position":2,"name":"Diabetes Mellitus: o que \u00e9, riscos, complica\u00e7\u00f5es e mais!"}]},{"@type":"WebSite","@id":"https:\/\/www.grupomedcof.com.br\/blog\/#website","url":"https:\/\/www.grupomedcof.com.br\/blog\/","name":"Blog de Medcof: conte\u00fados, editais, revalida e mais!","description":"Acesso o blog de MedCof! Seu portal de conte\u00fados sobre resid\u00eancia m\u00e9dica, an\u00e1lise e editais e muito mais. Clique e confira!","publisher":{"@id":"https:\/\/www.grupomedcof.com.br\/blog\/#organization"},"alternateName":"Blog de Medcof: conte\u00fados, editais, revalida e mais!","potentialAction":[{"@type":"SearchAction","target":{"@type":"EntryPoint","urlTemplate":"https:\/\/www.grupomedcof.com.br\/blog\/?s={search_term_string}"},"query-input":{"@type":"PropertyValueSpecification","valueRequired":true,"valueName":"search_term_string"}}],"inLanguage":"pt-BR"},{"@type":"Organization","@id":"https:\/\/www.grupomedcof.com.br\/blog\/#organization","name":"Grupo MedCof","url":"https:\/\/www.grupomedcof.com.br\/blog\/","logo":{"@type":"ImageObject","inLanguage":"pt-BR","@id":"https:\/\/www.grupomedcof.com.br\/blog\/#\/schema\/logo\/image\/","url":"https:\/\/www.grupomedcof.com.br\/blog\/wp-content\/uploads\/2022\/01\/logo-medcof.png","contentUrl":"https:\/\/www.grupomedcof.com.br\/blog\/wp-content\/uploads\/2022\/01\/logo-medcof.png","width":768,"height":269,"caption":"Grupo MedCof"},"image":{"@id":"https:\/\/www.grupomedcof.com.br\/blog\/#\/schema\/logo\/image\/"},"sameAs":["https:\/\/www.facebook.com\/MedCofQbank\/","https:\/\/www.instagram.com\/grupomedcof\/","https:\/\/br.linkedin.com\/company\/medcof","https:\/\/www.youtube.com\/channel\/UCdHMuOHKICxcHwecxN8P-AA"]},{"@type":"Person","@id":"https:\/\/www.grupomedcof.com.br\/blog\/#\/schema\/person\/db19a651f86c5fc202d6eee744fd3292","name":"Kiara Adelino","image":{"@type":"ImageObject","inLanguage":"pt-BR","@id":"https:\/\/www.grupomedcof.com.br\/blog\/wp-content\/uploads\/2024\/08\/cropped-Kiara-Adelino2-96x96.jpega85663bdda67261f8f06f86e555e1e49","url":"https:\/\/www.grupomedcof.com.br\/blog\/wp-content\/uploads\/2024\/08\/cropped-Kiara-Adelino2-96x96.jpeg","contentUrl":"https:\/\/www.grupomedcof.com.br\/blog\/wp-content\/uploads\/2024\/08\/cropped-Kiara-Adelino2-96x96.jpeg","caption":"Kiara Adelino"},"description":"Estudante do 5\u00b0 semestre de Medicina. Gosto bastante de aprender coisas novas, principalmente na \u00e1rea de Neurologia e Anatomia humana.","url":"https:\/\/www.grupomedcof.com.br\/blog\/author\/kiara-adelino\/"}]}},"authors":[{"term_id":3617,"user_id":21,"is_guest":0,"slug":"kiara-adelino","display_name":"Kiara Adelino","avatar_url":"https:\/\/www.grupomedcof.com.br\/blog\/wp-content\/uploads\/2024\/08\/cropped-Kiara-Adelino2-96x96.jpeg","0":null,"1":"","2":"","3":"","4":"","5":"","6":"","7":"","8":""}],"_links":{"self":[{"href":"https:\/\/www.grupomedcof.com.br\/blog\/wp-json\/wp\/v2\/posts\/13164","targetHints":{"allow":["GET"]}}],"collection":[{"href":"https:\/\/www.grupomedcof.com.br\/blog\/wp-json\/wp\/v2\/posts"}],"about":[{"href":"https:\/\/www.grupomedcof.com.br\/blog\/wp-json\/wp\/v2\/types\/post"}],"author":[{"embeddable":true,"href":"https:\/\/www.grupomedcof.com.br\/blog\/wp-json\/wp\/v2\/users\/21"}],"replies":[{"embeddable":true,"href":"https:\/\/www.grupomedcof.com.br\/blog\/wp-json\/wp\/v2\/comments?post=13164"}],"version-history":[{"count":2,"href":"https:\/\/www.grupomedcof.com.br\/blog\/wp-json\/wp\/v2\/posts\/13164\/revisions"}],"predecessor-version":[{"id":37275,"href":"https:\/\/www.grupomedcof.com.br\/blog\/wp-json\/wp\/v2\/posts\/13164\/revisions\/37275"}],"wp:featuredmedia":[{"embeddable":true,"href":"https:\/\/www.grupomedcof.com.br\/blog\/wp-json\/wp\/v2\/media\/36434"}],"wp:attachment":[{"href":"https:\/\/www.grupomedcof.com.br\/blog\/wp-json\/wp\/v2\/media?parent=13164"}],"wp:term":[{"taxonomy":"category","embeddable":true,"href":"https:\/\/www.grupomedcof.com.br\/blog\/wp-json\/wp\/v2\/categories?post=13164"},{"taxonomy":"post_tag","embeddable":true,"href":"https:\/\/www.grupomedcof.com.br\/blog\/wp-json\/wp\/v2\/tags?post=13164"},{"taxonomy":"author","embeddable":true,"href":"https:\/\/www.grupomedcof.com.br\/blog\/wp-json\/wp\/v2\/ppma_author?post=13164"}],"curies":[{"name":"wp","href":"https:\/\/api.w.org\/{rel}","templated":true}]}}