{"id":13263,"date":"2025-10-17T09:13:22","date_gmt":"2025-10-17T12:13:22","guid":{"rendered":"https:\/\/www.grupomedcof.com.br\/blog\/?p=13263"},"modified":"2026-02-09T11:39:33","modified_gmt":"2026-02-09T14:39:33","slug":"edital-residencia-medica-unesp","status":"publish","type":"post","link":"https:\/\/www.grupomedcof.com.br\/blog\/edital-residencia-medica-unesp\/","title":{"rendered":"Edital Unesp para resid\u00eancia m\u00e9dica 2025\/2026: Acesso Direto, \u00c1reas de Atua\u00e7\u00e3o, Pr\u00e9-Requisito"},"content":{"rendered":"<div id=\"ez-toc-container\" class=\"ez-toc-v2_0_74 counter-hierarchy ez-toc-counter ez-toc-transparent ez-toc-container-direction\">\n<div class=\"ez-toc-title-container\">\n<p class=\"ez-toc-title\" style=\"cursor:inherit\">Sum\u00e1rio<\/p>\n<span class=\"ez-toc-title-toggle\"><a href=\"#\" class=\"ez-toc-pull-right ez-toc-btn ez-toc-btn-xs ez-toc-btn-default ez-toc-toggle\" aria-label=\"Alternar tabela de conte\u00fado\"><span class=\"ez-toc-js-icon-con\"><span class=\"\"><span class=\"eztoc-hide\" style=\"display:none;\">Toggle<\/span><span class=\"ez-toc-icon-toggle-span\"><svg style=\"fill: #999;color:#999\" xmlns=\"http:\/\/www.w3.org\/2000\/svg\" class=\"list-377408\" width=\"20px\" height=\"20px\" viewBox=\"0 0 24 24\" fill=\"none\"><path d=\"M6 6H4v2h2V6zm14 0H8v2h12V6zM4 11h2v2H4v-2zm16 0H8v2h12v-2zM4 16h2v2H4v-2zm16 0H8v2h12v-2z\" fill=\"currentColor\"><\/path><\/svg><svg style=\"fill: #999;color:#999\" class=\"arrow-unsorted-368013\" xmlns=\"http:\/\/www.w3.org\/2000\/svg\" width=\"10px\" height=\"10px\" viewBox=\"0 0 24 24\" version=\"1.2\" baseProfile=\"tiny\"><path d=\"M18.2 9.3l-6.2-6.3-6.2 6.3c-.2.2-.3.4-.3.7s.1.5.3.7c.2.2.4.3.7.3h11c.3 0 .5-.1.7-.3.2-.2.3-.5.3-.7s-.1-.5-.3-.7zM5.8 14.7l6.2 6.3 6.2-6.3c.2-.2.3-.5.3-.7s-.1-.5-.3-.7c-.2-.2-.4-.3-.7-.3h-11c-.3 0-.5.1-.7.3-.2.2-.3.5-.3.7s.1.5.3.7z\"\/><\/svg><\/span><\/span><\/span><\/a><\/span><\/div>\n<nav><ul class='ez-toc-list ez-toc-list-level-1 ' ><li class='ez-toc-page-1 ez-toc-heading-level-2'><a class=\"ez-toc-link ez-toc-heading-1\" href=\"https:\/\/www.grupomedcof.com.br\/blog\/edital-residencia-medica-unesp\/#Sobre_a_Unesp\" >Sobre a Unesp<\/a><\/li><li class='ez-toc-page-1 ez-toc-heading-level-2'><a class=\"ez-toc-link ez-toc-heading-2\" href=\"https:\/\/www.grupomedcof.com.br\/blog\/edital-residencia-medica-unesp\/#Como_e_o_processo_seletivo_da_residencia_medica_da_Unesp\" >Como \u00e9 o processo seletivo da resid\u00eancia m\u00e9dica da Unesp?&nbsp;<\/a><ul class='ez-toc-list-level-3' ><li class='ez-toc-heading-level-3'><a class=\"ez-toc-link ez-toc-heading-3\" href=\"https:\/\/www.grupomedcof.com.br\/blog\/edital-residencia-medica-unesp\/#Inscricoes\" >Inscri\u00e7\u00f5es<\/a><\/li><li class='ez-toc-page-1 ez-toc-heading-level-3'><a class=\"ez-toc-link ez-toc-heading-4\" href=\"https:\/\/www.grupomedcof.com.br\/blog\/edital-residencia-medica-unesp\/#Prova_objetiva\" >Prova objetiva<\/a><\/li><li class='ez-toc-page-1 ez-toc-heading-level-3'><a class=\"ez-toc-link ez-toc-heading-5\" href=\"https:\/\/www.grupomedcof.com.br\/blog\/edital-residencia-medica-unesp\/#Analise_curricular\" >An\u00e1lise curricular<\/a><\/li><\/ul><\/li><li class='ez-toc-page-1 ez-toc-heading-level-2'><a class=\"ez-toc-link ez-toc-heading-6\" href=\"https:\/\/www.grupomedcof.com.br\/blog\/edital-residencia-medica-unesp\/#Especialidades_e_vagas_disponiveis\" >Especialidades e vagas dispon\u00edveis<\/a><ul class='ez-toc-list-level-3' ><li class='ez-toc-heading-level-3'><a class=\"ez-toc-link ez-toc-heading-7\" href=\"https:\/\/www.grupomedcof.com.br\/blog\/edital-residencia-medica-unesp\/#Acesso_Direto\" >Acesso Direto<\/a><\/li><li class='ez-toc-page-1 ez-toc-heading-level-3'><a class=\"ez-toc-link ez-toc-heading-8\" href=\"https:\/\/www.grupomedcof.com.br\/blog\/edital-residencia-medica-unesp\/#Pre-requisito\" >Pr\u00e9-requisito<\/a><\/li><\/ul><\/li><li class='ez-toc-page-1 ez-toc-heading-level-2'><a class=\"ez-toc-link ez-toc-heading-9\" href=\"https:\/\/www.grupomedcof.com.br\/blog\/edital-residencia-medica-unesp\/#Cronograma_Unesp_20252026\" >Cronograma Unesp 2025\/2026<\/a><\/li><li class='ez-toc-page-1 ez-toc-heading-level-2'><a class=\"ez-toc-link ez-toc-heading-10\" href=\"https:\/\/www.grupomedcof.com.br\/blog\/edital-residencia-medica-unesp\/#Edital_UNESP_20252026\" >Edital UNESP 2025\/2026<\/a><\/li><li class='ez-toc-page-1 ez-toc-heading-level-2'><a class=\"ez-toc-link ez-toc-heading-11\" href=\"https:\/\/www.grupomedcof.com.br\/blog\/edital-residencia-medica-unesp\/#Editais_UNESP_Area_de_Atuacao_e_Pre-Requisito_2025\" >Editais UNESP \u00c1rea de Atua\u00e7\u00e3o e Pr\u00e9-Requisito 2025<\/a><ul class='ez-toc-list-level-3' ><li class='ez-toc-heading-level-3'><a class=\"ez-toc-link ez-toc-heading-12\" href=\"https:\/\/www.grupomedcof.com.br\/blog\/edital-residencia-medica-unesp\/#Processo_Seletivo_UNESP_Area_de_Atuacao_20252026\" >Processo Seletivo UNESP \u00c1rea de Atua\u00e7\u00e3o 2025\/2026<\/a><\/li><\/ul><\/li><li class='ez-toc-page-1 ez-toc-heading-level-2'><a class=\"ez-toc-link ez-toc-heading-13\" href=\"https:\/\/www.grupomedcof.com.br\/blog\/edital-residencia-medica-unesp\/#Como_ser_aprovado_no_no_processo_seletivo_para_a_residencia_medica_da_UNESP_2026\" >Como ser aprovado no no processo seletivo para a resid\u00eancia m\u00e9dica da UNESP 2026<\/a><\/li><\/ul><\/nav><\/div>\n\n<figure class=\"wp-block-image size-large\"><img loading=\"lazy\" decoding=\"async\" width=\"1024\" height=\"576\" src=\"https:\/\/www.grupomedcof.com.br\/blog\/wp-content\/uploads\/2024\/09\/Modelo-instituicoes-5-1024x576.png\" alt=\"Logo escrito UNESP com a frase Edital divulgado abaixo. No canto inferior direito h\u00e1 o logo MedCof\" class=\"wp-image-29857\" srcset=\"https:\/\/www.grupomedcof.com.br\/blog\/wp-content\/uploads\/2024\/09\/Modelo-instituicoes-5-1024x576.png 1024w, https:\/\/www.grupomedcof.com.br\/blog\/wp-content\/uploads\/2024\/09\/Modelo-instituicoes-5-300x169.png 300w, https:\/\/www.grupomedcof.com.br\/blog\/wp-content\/uploads\/2024\/09\/Modelo-instituicoes-5-768x432.png 768w, https:\/\/www.grupomedcof.com.br\/blog\/wp-content\/uploads\/2024\/09\/Modelo-instituicoes-5-1536x864.png 1536w, https:\/\/www.grupomedcof.com.br\/blog\/wp-content\/uploads\/2024\/09\/Modelo-instituicoes-5-2048x1152.png 2048w, https:\/\/www.grupomedcof.com.br\/blog\/wp-content\/uploads\/2024\/09\/Modelo-instituicoes-5-747x420.png 747w, https:\/\/www.grupomedcof.com.br\/blog\/wp-content\/uploads\/2024\/09\/Modelo-instituicoes-5-150x84.png 150w, https:\/\/www.grupomedcof.com.br\/blog\/wp-content\/uploads\/2024\/09\/Modelo-instituicoes-5-696x392.png 696w, https:\/\/www.grupomedcof.com.br\/blog\/wp-content\/uploads\/2024\/09\/Modelo-instituicoes-5-1068x601.png 1068w, https:\/\/www.grupomedcof.com.br\/blog\/wp-content\/uploads\/2024\/09\/Modelo-instituicoes-5-1920x1080.png 1920w\" sizes=\"auto, (max-width: 1024px) 100vw, 1024px\" \/><\/figure>\n\n\n\n<p>O <strong>edital da Unesp 2025\/2026<\/strong> foi divulgado. Por isso, trouxemos todas as informa\u00e7\u00f5es que voc\u00ea precisa saber!<\/p>\n\n\n\n<h2 class=\"wp-block-heading\" id=\"h-sobre-a-unesp\"><span class=\"ez-toc-section\" id=\"Sobre_a_Unesp\"><\/span><strong>Sobre a Unesp<\/strong><span class=\"ez-toc-section-end\"><\/span><\/h2>\n\n\n\n<p>Criada em 1976, a <a href=\"https:\/\/www2.unesp.br\/portal#!\/sobre-a-unesp\/historico\/\"><strong>Universidade Estadual Paulista (UNESP)<\/strong><\/a> \u00e9 uma institui\u00e7\u00e3o que foi incorporada dos <strong>Institutos Isolados de Ensino Superior do Estado de S\u00e3o Paulo<\/strong>. A organiza\u00e7\u00e3o \u00e9 mantida pelo Governo do Estado de S\u00e3o Paulo e est\u00e1 presente em mais de 20 munic\u00edpios do estado, atrav\u00e9s de diferentes unidades.<\/p>\n\n\n\n<p>A universidade atua no ramo educacional, de extens\u00e3o e pesquisa, oferecendo cursos de gradua\u00e7\u00e3o, p\u00f3s-gradua\u00e7\u00e3o, mestrado, doutorados e de resid\u00eancias multiprofissionais voltados a diversas \u00e1reas de atua\u00e7\u00e3o. Al\u00e9m disso, a institui\u00e7\u00e3o configura ao ranking de melhores universidades da Am\u00e9rica Latina, ocupando o oitavo lugar da coloca\u00e7\u00e3o <a href=\"https:\/\/www.topuniversities.com\/latin-america-caribbean-overall\"><strong><em>QS World University Rankings: Latin America &amp; The Caribbean 2025<\/em><\/strong><\/a><\/p>\n\n\n\n<h2 class=\"wp-block-heading\" id=\"h-como-e-o-processo-seletivo-da-residencia-medica-da-unesp-nbsp\"><span class=\"ez-toc-section\" id=\"Como_e_o_processo_seletivo_da_residencia_medica_da_Unesp\"><\/span><strong><strong>Como \u00e9 o processo seletivo da resid\u00eancia m\u00e9dica da Unesp?&nbsp;<\/strong><\/strong><span class=\"ez-toc-section-end\"><\/span><\/h2>\n\n\n\n<p>Seguindo o padr\u00e3o de outras institui\u00e7\u00f5es, a edi\u00e7\u00e3o 2025\/2026 do processo seletivo da UNESP contar\u00e1 com duas fases, sendo a primeira delas a <strong>prova objetiva<\/strong>, enquanto a segunda ser\u00e1 a <strong>an\u00e1lise curricular<\/strong>.<\/p>\n\n\n\n<p>O edital apresentando as informa\u00e7\u00f5es aos candidatos foi divulgado no dia <strong>24 de setembro de 2025<\/strong>, por meio do <strong>Di\u00e1rio Oficial do Estado de S\u00e3o Paulo<\/strong>.<\/p>\n\n\n\n<h3 class=\"wp-block-heading\" id=\"h-inscricoes\"><span class=\"ez-toc-section\" id=\"Inscricoes\"><\/span><strong>Inscri\u00e7\u00f5es<\/strong><span class=\"ez-toc-section-end\"><\/span><\/h3>\n\n\n\n<p>Mediante o pagamento da taxa no valor de <strong>R$618,00<\/strong>, as inscri\u00e7\u00f5es ocorrer\u00e3o no per\u00edodo do dia <strong>09 ao dia 20 de outubro de 2025<\/strong>. <\/p>\n\n\n\n<h3 class=\"wp-block-heading\" id=\"h-prova-objetiva\"><span class=\"ez-toc-section\" id=\"Prova_objetiva\"><\/span><strong>Prova objetiva<\/strong><span class=\"ez-toc-section-end\"><\/span><\/h3>\n\n\n\n<p>A prova te\u00f3rico objetiva do processo seletivo da UNESP ser\u00e1 aplicada no dia<strong> 29 de novembro de 2025<\/strong>.<\/p>\n\n\n\n<p>A estrutura\u00e7\u00e3o das provas foi elaborada de acordo com o tipo de programa escolhido pelo participante. Confira abaixo as especifica\u00e7\u00f5es aplicadas a prova da UNESP:<\/p>\n\n\n\n<ul class=\"wp-block-list\">\n<li><strong>Acesso Direto:<\/strong> 100 quest\u00f5es abordando assuntos das 5 grandes \u00e1reas m\u00e9dicas;<\/li>\n\n\n\n<li><strong><a href=\"https:\/\/www.grupomedcof.com.br\/blog\/especialidades-com-pre-requisito\/\" target=\"_blank\" rel=\"noreferrer noopener\">Pr\u00e9-requisito<\/a>:<\/strong> 100 quest\u00f5es de m\u00faltipla escolha de acordo com a especialidade escolhida;<\/li>\n\n\n\n<li><strong>Mastologia (grupo 5):<\/strong> 25 quest\u00f5es de m\u00faltipla escolha com base no pr\u00e9-requisito exigido;<\/li>\n\n\n\n<li><strong>Endoscopia (grupo 3) e Cirurgia da M\u00e3o (grupo 4):<\/strong> 60 quest\u00f5es de m\u00faltipla escolha com base no pr\u00e9-requisito exigido<\/li>\n<\/ul>\n\n\n\n<h3 class=\"wp-block-heading\" id=\"h-analise-curricular\"><span class=\"ez-toc-section\" id=\"Analise_curricular\"><\/span><strong>An\u00e1lise curricular<\/strong><span class=\"ez-toc-section-end\"><\/span><\/h3>\n\n\n\n<p>A <strong>an\u00e1lise curricular<\/strong> ocorrer\u00e1 entre os dias <strong>10 e 15 de dezembro de 2025<\/strong>. Para que seja efetivada esta etapa, os participantes devem enviar toda a documenta\u00e7\u00e3o necess\u00e1ria entre os dias <strong>06 e 09 de dezembro de 2025.<\/strong><\/p>\n\n\n\n<p>Lembrando, foram convocados para essa segunda etapa somente os candidatos que obtiveram uma pontua\u00e7\u00e3o suficiente na prova objetiva. Vale lembrar que os programas de <strong>Ortopedia e Traumatologia, Cirurgia da M\u00e3o, Cirurgia Oncol\u00f3gica e Cirurgia Pl\u00e1stica<\/strong> <strong>n\u00e3o ter\u00e3o<\/strong> essa etapa, tendo apenas a <strong>prova objetiva<\/strong>.<\/p>\n\n\n\n<figure class=\"wp-block-image size-full\"><img loading=\"lazy\" decoding=\"async\" width=\"1024\" height=\"320\" src=\"https:\/\/www.grupomedcof.com.br\/blog\/wp-content\/uploads\/2025\/09\/image-46.png\" alt=\"\" class=\"wp-image-37880\" srcset=\"https:\/\/www.grupomedcof.com.br\/blog\/wp-content\/uploads\/2025\/09\/image-46.png 1024w, https:\/\/www.grupomedcof.com.br\/blog\/wp-content\/uploads\/2025\/09\/image-46-300x94.png 300w, https:\/\/www.grupomedcof.com.br\/blog\/wp-content\/uploads\/2025\/09\/image-46-768x240.png 768w, https:\/\/www.grupomedcof.com.br\/blog\/wp-content\/uploads\/2025\/09\/image-46-150x47.png 150w, https:\/\/www.grupomedcof.com.br\/blog\/wp-content\/uploads\/2025\/09\/image-46-696x218.png 696w\" sizes=\"auto, (max-width: 1024px) 100vw, 1024px\" \/><\/figure>\n\n\n\n<h2 class=\"wp-block-heading\" id=\"h-especialidades-e-vagas-disponiveis\"><span class=\"ez-toc-section\" id=\"Especialidades_e_vagas_disponiveis\"><\/span><strong>Especialidades e vagas dispon\u00edveis<\/strong><span class=\"ez-toc-section-end\"><\/span><\/h2>\n\n\n\n<p>Como j\u00e1 mencionado acima, a UNESP se tornou uma <a href=\"https:\/\/www.grupomedcof.com.br\/blog\/residencia-medica-2024-2025-calendario-de-provas\/\">institui\u00e7\u00e3o de grande procura de m\u00e9dicos formados<\/a> que est\u00e3o \u00e0 procura de uma especializa\u00e7\u00e3o. Na edi\u00e7\u00e3o passada, foram contabilizados ao todo <strong>3.076 candidatos inscritos<\/strong> e uma oferta de <strong>193 vagas<\/strong> no total.<\/p>\n\n\n\n<p>Portanto, segue abaixo as <strong>196 vagas<\/strong> ofertadas na sele\u00e7\u00e3o 2025\/2026:<\/p>\n\n\n\n<h3 class=\"wp-block-heading\" id=\"h-acesso-direto\"><span class=\"ez-toc-section\" id=\"Acesso_Direto\"><\/span><strong>Acesso Direto<\/strong><span class=\"ez-toc-section-end\"><\/span><\/h3>\n\n\n\n<figure class=\"wp-block-table\"><table class=\"has-fixed-layout\"><tbody><tr><td><strong>Especialidades<\/strong><\/td><td><strong>Vagas Previstas<\/strong><\/td><td><strong>Servi\u00e7o Militar<\/strong><\/td><td><strong>Reserva de Vagas PPI<\/strong><\/td><\/tr><tr><td>Anestesiologia<\/td><td>8<\/td><td>\u2013<\/td><td>2<\/td><\/tr><tr><td>Cirurgia Cardiovascular<\/td><td>2<\/td><td>\u2013<\/td><td>\u2013<\/td><\/tr><tr><td>Cirurgia Geral<\/td><td>13<\/td><td>\u2013<\/td><td>3<\/td><\/tr><tr><td>Cl\u00ednica M\u00e9dica<\/td><td>30<\/td><td>\u2013<\/td><td>6<\/td><\/tr><tr><td>Dermatologia<\/td><td>6<\/td><td>\u2013<\/td><td>1<\/td><\/tr><tr><td>Ginecologia e Obstetr\u00edcia<\/td><td>10<\/td><td>\u2013<\/td><td>2<\/td><\/tr><tr><td>Infectologia<\/td><td>4<\/td><td>\u2013<\/td><td>\u2013<\/td><\/tr><tr><td>Medicina de Emerg\u00eancia<\/td><td>4<\/td><td>\u2013<\/td><td>\u2013<\/td><\/tr><tr><td>Medicina de Fam\u00edlia e Comunidade<\/td><td>4<\/td><td>\u2013<\/td><td>\u2013<\/td><\/tr><tr><td>Medicina Intensiva<\/td><td>2<\/td><td>\u2013<\/td><td>\u2013<\/td><\/tr><tr><td>Medicina Nuclear<\/td><td>1<\/td><td>\u2013<\/td><td>\u2013<\/td><\/tr><tr><td>Neurocirurgia<\/td><td>2<\/td><td>\u2013<\/td><td>\u2013<\/td><\/tr><tr><td>Neurologia<\/td><td>5<\/td><td>3<\/td><td>1<\/td><\/tr><tr><td>Oftalmologia<\/td><td>7<\/td><td>\u2013<\/td><td>1<\/td><\/tr><tr><td>Ortopedia e Traumatologia<\/td><td>6<\/td><td>\u2013<\/td><td>1<\/td><\/tr><tr><td>Otorrinolaringologia<\/td><td>4<\/td><td>\u2013<\/td><td>\u2013<\/td><\/tr><tr><td>Patologia<\/td><td>3<\/td><td>\u2013<\/td><td>\u2013<\/td><\/tr><tr><td>Pediatria<\/td><td>17<\/td><td>3<\/td><td>3<\/td><\/tr><tr><td>Psiquiatria<\/td><td>6<\/td><td>\u2013<\/td><td>1<\/td><\/tr><tr><td>Radiologia e Diagn\u00f3stico por Imagem<\/td><td>7<\/td><td>\u2013<\/td><td>1<\/td><\/tr><\/tbody><\/table><\/figure>\n\n\n\n<h3 class=\"wp-block-heading\" id=\"h-pre-requisito\"><span class=\"ez-toc-section\" id=\"Pre-requisito\"><\/span><strong>Pr\u00e9-requisito<\/strong><span class=\"ez-toc-section-end\"><\/span><\/h3>\n\n\n\n<figure class=\"wp-block-table\"><table class=\"has-fixed-layout\"><tbody><tr><td><strong>Especialidades<\/strong><\/td><td><strong>Vagas Previstas<\/strong><\/td><td><strong>Reserva de Vagas PPI<\/strong><\/td><\/tr><tr><td>Cardiologia<\/td><td>7<\/td><td>1<\/td><\/tr><tr><td>Cirurgia da M\u00e3o<\/td><td>1<\/td><td>\u2013<\/td><\/tr><tr><td>Cirurgia do Aparelho Digestivo<\/td><td>4<\/td><td>\u2013<\/td><\/tr><tr><td>Cirurgia Oncol\u00f3gica<\/td><td>1<\/td><td>\u2013<\/td><\/tr><tr><td>Cirurgia Pedi\u00e1trica<\/td><td>1<\/td><td>\u2013<\/td><\/tr><tr><td>Cirurgia Pl\u00e1stica<\/td><td>2<\/td><td>\u2013<\/td><\/tr><tr><td>Cirurgia Tor\u00e1cica<\/td><td>1<\/td><td>\u2013<\/td><\/tr><tr><td>Cirurgia Vascular<\/td><td>3<\/td><td>\u2013<\/td><\/tr><tr><td>Endocrinologia e Metabologia<\/td><td>3<\/td><td>\u2013<\/td><\/tr><tr><td>Endoscopia<\/td><td>2<\/td><td>\u2013<\/td><\/tr><tr><td>Gastroenterologia<\/td><td>4<\/td><td>\u2013<\/td><\/tr><tr><td>Geriatria<\/td><td>4<\/td><td>\u2013<\/td><\/tr><tr><td>Hematologia e Hemoterapia<\/td><td>4<\/td><td>\u2013<\/td><\/tr><tr><td>Mastologia<\/td><td>2<\/td><td>\u2013<\/td><\/tr><tr><td>Nefrologia<\/td><td>8<\/td><td>2<\/td><\/tr><tr><td>Oncologia Cl\u00ednica<\/td><td>1<\/td><td>\u2013<\/td><\/tr><tr><td>Pneumologia<\/td><td>3<\/td><td>\u2013<\/td><\/tr><tr><td>Reumatologia<\/td><td>2<\/td><td>\u2013<\/td><\/tr><tr><td>Urologia<\/td><td>2<\/td><td>\u2013<\/td><\/tr><\/tbody><\/table><\/figure>\n\n\n\n<h2 class=\"wp-block-heading\" id=\"h-cronograma-unesp-2025-2026\"><span class=\"ez-toc-section\" id=\"Cronograma_Unesp_20252026\"><\/span><strong><strong>Cronograma Unesp 2025\/2026<\/strong><\/strong><span class=\"ez-toc-section-end\"><\/span><\/h2>\n\n\n\n<figure class=\"wp-block-table\"><table class=\"has-fixed-layout\"><tbody><tr><td><strong>Inscri\u00e7\u00f5es<\/strong><\/td><td>09\/10\/2025 (10h) a 20\/10\/2025 (16h)<\/td><\/tr><tr><td><strong>Taxa de inscri\u00e7\u00e3o<\/strong><\/td><td>R$ 618,00<\/td><\/tr><tr><td><strong>Pagamento<\/strong><\/td><td>At\u00e9 20\/10\/2025 (hor\u00e1rio banc\u00e1rio)<\/td><\/tr><tr><td><strong>Prova objetiva<\/strong><\/td><td>29\/11\/2025 (s\u00e1bado), \u00e0s 14h<\/td><\/tr><tr><td><strong>Gabarito preliminar<\/strong><\/td><td>01\/12\/2025<\/td><\/tr><tr><td><strong>Recursos ao gabarito<\/strong><\/td><td>02\/12\/2025 (9h) a 03\/12\/2025 (16h)<\/td><\/tr><tr><td><strong>Resultado da 1\u00aa etapa (convocados para 2\u00aa fase)<\/strong><\/td><td>05\/12\/2025 (a partir das 14h)<\/td><\/tr><tr><td><strong>Envio do curr\u00edculo<\/strong><\/td><td>06\/12\/2025 (9h) a 09\/12\/2025 (17h)<\/td><\/tr><tr><td><strong>An\u00e1lise curricular<\/strong><\/td><td>10 a 15\/12\/2025<\/td><\/tr><tr><td><strong>Resultado preliminar final (ampla concorr\u00eancia)<\/strong><\/td><td>At\u00e9 16\/01\/2026<\/td><\/tr><tr><td><strong>Recursos ampla<\/strong><\/td><td>19 e 20\/01\/2026<\/td><\/tr><tr><td><strong>Resultado preliminar final (PPI)<\/strong><\/td><td>23\/01\/2026<\/td><\/tr><tr><td><strong>Recursos PPI<\/strong><\/td><td>26 e 27\/01\/2026<\/td><\/tr><tr><td><strong>Resultado definitivo<\/strong><\/td><td>At\u00e9 30\/01\/2026<\/td><\/tr><tr><td><strong>Declara\u00e7\u00e3o de interesse em vagas remanescentes<\/strong><\/td><td>02\/02\/2026 (10h) a 05\/02\/2026 (16h)<\/td><\/tr><tr><td><strong>Matr\u00edcula (1\u00aa chamada)<\/strong><\/td><td>10 e 11\/02\/2026<\/td><\/tr><tr><td><strong>In\u00edcio da resid\u00eancia<\/strong><\/td><td>01\/03\/2026<\/td><\/tr><tr><td><strong>Etapas do processo seletivo<\/strong><\/td><td>Prova objetiva (peso 90%); An\u00e1lise curricular (peso 10%); Ortopedia e Traumatologia: apenas prova objetiva (peso 100%)<\/td><\/tr><\/tbody><\/table><\/figure>\n\n\n\n<h2 class=\"wp-block-heading\" id=\"h-edital-unesp-2025-2026\"><span class=\"ez-toc-section\" id=\"Edital_UNESP_20252026\"><\/span><strong>Edital UNESP 2025\/2026<\/strong><span class=\"ez-toc-section-end\"><\/span><\/h2>\n\n\n\n<div class=\"wp-block-buttons is-layout-flex wp-block-buttons-is-layout-flex\">\n<div class=\"wp-block-button\"><a class=\"wp-block-button__link wp-element-button\" href=\"https:\/\/www.grupomedcof.com.br\/blog\/wp-content\/uploads\/2025\/06\/Edital-Unesp-AD-2026.pdf\" target=\"_blank\" rel=\"noreferrer noopener\"><strong>Acesso Direto<\/strong><\/a><\/div>\n\n\n\n<div class=\"wp-block-button\"><a class=\"wp-block-button__link wp-element-button\" href=\"https:\/\/www.grupomedcof.com.br\/blog\/wp-content\/uploads\/2025\/06\/Edital-Unesp-PR-2026.pdf\" target=\"_blank\" rel=\"noreferrer noopener\"><strong>Pr\u00e9-requisito<\/strong><\/a><\/div>\n<\/div>\n\n\n\n<h2 class=\"wp-block-heading\" id=\"h-editais-unesp-area-de-atuacao-e-pre-requisito-2025\"><span class=\"ez-toc-section\" id=\"Editais_UNESP_Area_de_Atuacao_e_Pre-Requisito_2025\"><\/span><strong>Editais UNESP \u00c1rea de Atua\u00e7\u00e3o e Pr\u00e9-Requisito 2025<\/strong><span class=\"ez-toc-section-end\"><\/span><\/h2>\n\n\n\n<p>Foi divulgado no Di\u00e1rio Oficial do Estado de S\u00e3o Paulo, pela&nbsp;<strong>Faculdade de Medicina de Botucatu \u2013 UNESP<\/strong>, o edital para o processo seletivo da UNESP&nbsp;<strong>em especialidades de \u00e1rea de atua\u00e7\u00e3o.<\/strong><\/p>\n\n\n\n<h3 class=\"wp-block-heading\" id=\"h-processo-seletivo-unesp-area-de-atuacao-2025-2026\"><span class=\"ez-toc-section\" id=\"Processo_Seletivo_UNESP_Area_de_Atuacao_20252026\"><\/span><strong>Processo Seletivo UNESP \u00c1rea de Atua\u00e7\u00e3o 2025\/2026<\/strong><span class=\"ez-toc-section-end\"><\/span><\/h3>\n\n\n\n<p>Segundo o edital, a <strong>UNESP <\/strong>ofertar\u00e1 <strong>33 vagas<\/strong> e avaliar\u00e1 seus candidatos por meio de duas etapas: a prova objetiva e a an\u00e1lise curricular. Para se <a href=\"https:\/\/www.inscricoes.fmb.unesp.br\/\">inscrever<\/a> no processo seletivo, ser\u00e1 preciso efetuar o pagamento da taxa no valor de<strong> R$180,00<\/strong>, no per\u00edodo de <strong>12 e 17 de novembro de 2025<\/strong>.<\/p>\n\n\n\n<p>Assim, a prova objetiva para \u00e1rea de atua\u00e7\u00e3o da UNESP ser\u00e1 aplicada no dia <strong>04 de dezembro de 2025<\/strong>, \u00e0s 09 horas. A segunda etapa ser\u00e1 a an\u00e1lise curricular, que para participar, o candidato precisa enviar o documento entre os dias <strong>06 e 09 de dezembro de 2025.<\/strong><\/p>\n\n\n\n<h4 class=\"wp-block-heading\" id=\"h-vagas-ofertadas-area-de-atuacao\"><strong>Vagas ofertadas \u00c1rea de Atua\u00e7\u00e3o<\/strong><\/h4>\n\n\n\n<figure class=\"wp-block-table\"><table class=\"has-fixed-layout\"><thead><tr><th><strong>Programa \/ \u00c1rea de Atua\u00e7\u00e3o<\/strong><\/th><th><strong>Situa\u00e7\u00e3o CNRM<\/strong><\/th><th><strong>Dura\u00e7\u00e3o<\/strong><\/th><th><strong>Vagas<\/strong><\/th><th><strong>Reserva PPI<\/strong><\/th><th><strong>Pr\u00e9-requisito<\/strong><\/th><\/tr><\/thead><tbody><tr><td>Dor<\/td><td>Recredenciado<\/td><td>1 ano<\/td><td>4<\/td><td>&#8211;<\/td><td>Anestesiologia, Acupuntura, Cl\u00ednica M\u00e9dica, Medicina F\u00edsica e Reabilita\u00e7\u00e3o, Neurocirurgia, Neurologia, Ortopedia e Traumatologia ou Reumatologia<\/td><\/tr><tr><td>Ecocardiografia<\/td><td>Recredenciado<\/td><td>2 anos<\/td><td>1<\/td><td>&#8211;<\/td><td>Cardiologia<\/td><\/tr><tr><td>Infectologia Hospitalar<\/td><td>Recredenciado<\/td><td>1 ano<\/td><td>1<\/td><td>&#8211;<\/td><td>Infectologia<\/td><\/tr><tr><td>Neurofisiologia Cl\u00ednica<\/td><td>Recredenciado<\/td><td>2 anos<\/td><td>2<\/td><td>*<\/td><td>Neurologia<\/td><\/tr><tr><td>Neurorradiologia<\/td><td>Credenciamento provis\u00f3rio<\/td><td>2 anos<\/td><td>1<\/td><td>&#8211;<\/td><td>Neurologia, Neurocirurgia ou Radiologia e Diagn\u00f3stico por Imagem<\/td><\/tr><tr><td>Endoscopia Ginecol\u00f3gica<\/td><td>Recredenciado<\/td><td>1 ano<\/td><td>1<\/td><td>&#8211;<\/td><td>Ginecologia e Obstetr\u00edcia<\/td><\/tr><tr><td>Endocrinologia Pedi\u00e1trica<\/td><td>Recredenciado<\/td><td>2 anos<\/td><td>2<\/td><td>*<\/td><td>Pediatria<\/td><\/tr><tr><td>Gastroenterologia Pedi\u00e1trica<\/td><td>Recredenciado<\/td><td>2 anos<\/td><td>2<\/td><td>&#8211;<\/td><td>Pediatria<\/td><\/tr><tr><td>Medicina Intensiva Pedi\u00e1trica<\/td><td>Recredenciado<\/td><td>2 anos<\/td><td>5<\/td><td>1<\/td><td>Pediatria<\/td><\/tr><tr><td>Nefrologia Pedi\u00e1trica<\/td><td>Recredenciado<\/td><td>2 anos<\/td><td>2<\/td><td>*<\/td><td>Pediatria<\/td><\/tr><tr><td>Neonatologia<\/td><td>Recredenciado<\/td><td>2 anos<\/td><td>4<\/td><td>*<\/td><td>Pediatria<\/td><\/tr><tr><td>Pneumologia Pedi\u00e1trica<\/td><td>Recredenciado<\/td><td>2 anos<\/td><td>2<\/td><td>&#8211;<\/td><td>Pediatria<\/td><\/tr><tr><td>Reumatologia Pedi\u00e1trica<\/td><td>Recredenciado<\/td><td>2 anos<\/td><td>1<\/td><td>&#8211;<\/td><td>Pediatria<\/td><\/tr><tr><td>Neurologia Pedi\u00e1trica<\/td><td>Recredenciado<\/td><td>2 anos<\/td><td>5<\/td><td>1<\/td><td>Pediatria ou Neurologia<\/td><\/tr><tr><td>Angiorradiologia e Cirurgia Endovascular<\/td><td>Recredenciado<\/td><td>1 ano<\/td><td>1<\/td><td>&#8211;<\/td><td>Cirurgia Vascular<\/td><\/tr><tr><td>Ecografia Vascular com Doppler<\/td><td>Recredenciado<\/td><td>1 ano<\/td><td>&#8211;<\/td><td>&#8211;<\/td><td>Cirurgia Vascular<\/td><\/tr><\/tbody><\/table><\/figure>\n\n\n\n<h4 class=\"wp-block-heading\" id=\"h-cronograma-unesp-area-de-atuacao-2025-2026\"><strong>Cronograma UNESP \u00c1rea de Atua\u00e7\u00e3o 2025\/2026<\/strong><\/h4>\n\n\n\n<figure class=\"wp-block-table\"><table class=\"has-fixed-layout\"><tbody><tr><td><strong>Publica\u00e7\u00e3o do edital<\/strong><\/td><td>17\/12\/2025<\/td><\/tr><tr><td><strong>Inscri\u00e7\u00f5es via internet<\/strong><\/td><td>12 a 17\/12\/2025<\/td><\/tr><tr><td><strong>Pagamento da taxa de inscri\u00e7\u00e3o<\/strong><\/td><td>At\u00e9 17\/11\/2025<\/td><\/tr><tr><td><strong>Confirma\u00e7\u00e3o das inscri\u00e7\u00f5es no site<\/strong><\/td><td>A partir de 24\/11\/2025<\/td><\/tr><tr><td><strong>Prova Objetiva<\/strong><\/td><td>04\/12\/2025<\/td><\/tr><tr><td><strong>Divulga\u00e7\u00e3o do gabarito da prova objetiva<\/strong><\/td><td>05\/12\/2025<\/td><\/tr><tr><td><strong>Recursos ao gabarito<\/strong><\/td><td>08 e 09\/12\/2025<\/td><\/tr><tr><td><strong>Envio do Curr\u00edculo<\/strong><\/td><td>06 a 09\/12\/2025<\/td><\/tr><tr><td><strong>Resultado preliminar e convoca\u00e7\u00e3o para matr\u00edcula<\/strong><\/td><td>At\u00e9 16\/01\/2026<\/td><\/tr><tr><td><strong>Per\u00edodo de recursos contra resultado preliminar<\/strong><\/td><td>19 e 20\/01\/2026<\/td><\/tr><tr><td><strong>Divulga\u00e7\u00e3o da classifica\u00e7\u00e3o final definitiva<\/strong><\/td><td>30\/01\/2026<\/td><\/tr><tr><td><strong>Declara\u00e7\u00e3o de interesse em vaga remanescente<\/strong><\/td><td>02 a 05\/01\/2026<\/td><\/tr><tr><td><strong>In\u00edcio das convoca\u00e7\u00f5es de excedentes<\/strong><\/td><td>A partir de 13\/02\/2026<\/td><\/tr><\/tbody><\/table><\/figure>\n\n\n\n<h4 class=\"wp-block-heading\" id=\"h-edital-area-de-atuacao-unesp-2025-2026\"><strong>Edital \u00c1rea de Atua\u00e7\u00e3o UNESP 2025\/2026<\/strong><\/h4>\n\n\n\n<div class=\"wp-block-buttons is-layout-flex wp-block-buttons-is-layout-flex\">\n<div class=\"wp-block-button\"><a class=\"wp-block-button__link wp-element-button\" href=\"https:\/\/www.grupomedcof.com.br\/blog\/wp-content\/uploads\/2025\/09\/Edital-UNESP-AA-2026.pdf\" target=\"_blank\" rel=\"noreferrer noopener\">Edital AA UNESP 2026<\/a><\/div>\n<\/div>\n\n\n\n<h2 class=\"wp-block-heading\" id=\"h-como-ser-aprovado-no-no-processo-seletivo-para-a-residencia-medica-da-unesp-2026\"><span class=\"ez-toc-section\" id=\"Como_ser_aprovado_no_no_processo_seletivo_para_a_residencia_medica_da_UNESP_2026\"><\/span><strong><strong>Como ser aprovado no no processo seletivo para a resid\u00eancia m\u00e9dica da UNESP 2026<\/strong><\/strong><span class=\"ez-toc-section-end\"><\/span><\/h2>\n\n\n\n<p>Prepare-se para conquistar sua vaga na <strong>resid\u00eancia m\u00e9dica da UNESP!<\/strong> Com a MedCof voc\u00ea pode turbinar seus estudos para esta e as outras avalia\u00e7\u00f5es deste ano. Com uma <a href=\"https:\/\/www.grupomedcof.com.br\/blog\/presenca-da-medcof-nas-aprovacoes-em-residencia-medica-no-brasil\/\">metodologia exclusiva<\/a>, apresentamos a nossos alunos um banco de quest\u00f5es das mais variadas institui\u00e7\u00f5es do pa\u00eds.<\/p>\n\n\n\n<figure class=\"wp-block-embed is-type-video is-provider-youtube wp-block-embed-youtube wp-embed-aspect-16-9 wp-has-aspect-ratio\"><div class=\"wp-block-embed__wrapper\">\n<div class=\"youtube-embed\" data-video_id=\"ldLu07vZ4_w\"><iframe loading=\"lazy\" title=\"Corre\u00e7\u00e3o UNESP R1 2025 - Gabarito Prova de Resid\u00eancia M\u00e9dica  UNESP 2025 R1 Acesso Direto\" width=\"696\" height=\"392\" src=\"https:\/\/www.youtube.com\/embed\/ldLu07vZ4_w?feature=oembed&#038;enablejsapi=1\" frameborder=\"0\" allow=\"accelerometer; autoplay; clipboard-write; encrypted-media; gyroscope; picture-in-picture; web-share\" referrerpolicy=\"strict-origin-when-cross-origin\" allowfullscreen><\/iframe><\/div>\n<\/div><\/figure>\n","protected":false},"excerpt":{"rendered":"<p>O edital da UNESP foi divulgado, ofertando 196 vagas para Acesso Direto e Pr\u00e9-Requisito. Acesse o nosso blog e confira todos os detalhes!<\/p>\n","protected":false},"author":20,"featured_media":29857,"comment_status":"open","ping_status":"open","sticky":false,"template":"","format":"standard","meta":{"footnotes":""},"categories":[287,2023],"tags":[93,117,68,233],"ppma_author":[3616],"class_list":{"0":"post-13263","1":"post","2":"type-post","3":"status-publish","4":"format-standard","5":"has-post-thumbnail","7":"category-destaques-medcof","8":"category-editais","9":"tag-especialidades-medicas","10":"tag-provas-de-residencia","11":"tag-residencia-medica","12":"tag-unesp"},"yoast_head":"<!-- This site is optimized with the Yoast SEO Premium plugin v24.3 (Yoast SEO v27.4) - https:\/\/yoast.com\/product\/yoast-seo-premium-wordpress\/ -->\n<title>Edital Resid\u00eancia M\u00e9dia UNESP 2025\/2026<\/title>\n<meta name=\"description\" content=\"O edital da UNESP foi divulgado, ofertando 196 vagas para Acesso Direto e Pr\u00e9-Requisito. Acesse o nosso blog e confira todos os detalhes!\" \/>\n<meta name=\"robots\" content=\"index, follow, max-snippet:-1, max-image-preview:large, max-video-preview:-1\" \/>\n<link rel=\"canonical\" href=\"https:\/\/www.grupomedcof.com.br\/blog\/edital-residencia-medica-unesp\/\" \/>\n<meta property=\"og:locale\" content=\"pt_BR\" \/>\n<meta property=\"og:type\" content=\"article\" \/>\n<meta property=\"og:title\" content=\"Edital Unesp para resid\u00eancia m\u00e9dica 2025\/2026: Acesso Direto, \u00c1reas de Atua\u00e7\u00e3o, Pr\u00e9-Requisito\" \/>\n<meta property=\"og:description\" content=\"O edital da UNESP foi divulgado, ofertando 196 vagas para Acesso Direto e Pr\u00e9-Requisito. Acesse o nosso blog e confira todos os detalhes!\" \/>\n<meta property=\"og:url\" content=\"https:\/\/www.grupomedcof.com.br\/blog\/edital-residencia-medica-unesp\/\" \/>\n<meta property=\"og:site_name\" content=\"Blog de Medcof: conte\u00fados, editais, revalida e mais!\" \/>\n<meta property=\"article:publisher\" content=\"https:\/\/www.facebook.com\/MedCofQbank\/\" \/>\n<meta property=\"article:published_time\" content=\"2025-10-17T12:13:22+00:00\" \/>\n<meta property=\"article:modified_time\" content=\"2026-02-09T14:39:33+00:00\" \/>\n<meta property=\"og:image\" content=\"https:\/\/www.grupomedcof.com.br\/blog\/wp-content\/uploads\/2024\/09\/Modelo-instituicoes-5.png\" \/>\n\t<meta property=\"og:image:width\" content=\"2560\" \/>\n\t<meta property=\"og:image:height\" content=\"1440\" \/>\n\t<meta property=\"og:image:type\" content=\"image\/png\" \/>\n<meta name=\"author\" content=\"Leila Menzel\" \/>\n<meta name=\"twitter:card\" content=\"summary_large_image\" \/>\n<meta name=\"twitter:label1\" content=\"Escrito por\" \/>\n\t<meta name=\"twitter:data1\" content=\"Leila Menzel\" \/>\n\t<meta name=\"twitter:label2\" content=\"Est. tempo de leitura\" \/>\n\t<meta name=\"twitter:data2\" content=\"8 minutos\" \/>\n<script type=\"application\/ld+json\" class=\"yoast-schema-graph\">{\"@context\":\"https:\\\/\\\/schema.org\",\"@graph\":[{\"@type\":\"Article\",\"@id\":\"https:\\\/\\\/www.grupomedcof.com.br\\\/blog\\\/edital-residencia-medica-unesp\\\/#article\",\"isPartOf\":{\"@id\":\"https:\\\/\\\/www.grupomedcof.com.br\\\/blog\\\/edital-residencia-medica-unesp\\\/\"},\"author\":{\"name\":\"Leila Menzel\",\"@id\":\"https:\\\/\\\/www.grupomedcof.com.br\\\/blog\\\/#\\\/schema\\\/person\\\/9a44c2184a836bf5ae6967fdb3a1451e\"},\"headline\":\"Edital Unesp para resid\u00eancia m\u00e9dica 2025\\\/2026: Acesso Direto, \u00c1reas de Atua\u00e7\u00e3o, Pr\u00e9-Requisito\",\"datePublished\":\"2025-10-17T12:13:22+00:00\",\"dateModified\":\"2026-02-09T14:39:33+00:00\",\"mainEntityOfPage\":{\"@id\":\"https:\\\/\\\/www.grupomedcof.com.br\\\/blog\\\/edital-residencia-medica-unesp\\\/\"},\"wordCount\":1201,\"commentCount\":0,\"publisher\":{\"@id\":\"https:\\\/\\\/www.grupomedcof.com.br\\\/blog\\\/#organization\"},\"image\":{\"@id\":\"https:\\\/\\\/www.grupomedcof.com.br\\\/blog\\\/edital-residencia-medica-unesp\\\/#primaryimage\"},\"thumbnailUrl\":\"https:\\\/\\\/www.grupomedcof.com.br\\\/blog\\\/wp-content\\\/uploads\\\/2024\\\/09\\\/Modelo-instituicoes-5.png\",\"keywords\":[\"Especialidades m\u00e9dicas\",\"Provas de Resid\u00eancia\",\"Resid\u00eancia M\u00e9dica\",\"UNESP\"],\"articleSection\":[\"Destaques MedCof\",\"Editais\"],\"inLanguage\":\"pt-BR\"},{\"@type\":\"WebPage\",\"@id\":\"https:\\\/\\\/www.grupomedcof.com.br\\\/blog\\\/edital-residencia-medica-unesp\\\/\",\"url\":\"https:\\\/\\\/www.grupomedcof.com.br\\\/blog\\\/edital-residencia-medica-unesp\\\/\",\"name\":\"Edital Resid\u00eancia M\u00e9dia UNESP 2025\\\/2026\",\"isPartOf\":{\"@id\":\"https:\\\/\\\/www.grupomedcof.com.br\\\/blog\\\/#website\"},\"primaryImageOfPage\":{\"@id\":\"https:\\\/\\\/www.grupomedcof.com.br\\\/blog\\\/edital-residencia-medica-unesp\\\/#primaryimage\"},\"image\":{\"@id\":\"https:\\\/\\\/www.grupomedcof.com.br\\\/blog\\\/edital-residencia-medica-unesp\\\/#primaryimage\"},\"thumbnailUrl\":\"https:\\\/\\\/www.grupomedcof.com.br\\\/blog\\\/wp-content\\\/uploads\\\/2024\\\/09\\\/Modelo-instituicoes-5.png\",\"datePublished\":\"2025-10-17T12:13:22+00:00\",\"dateModified\":\"2026-02-09T14:39:33+00:00\",\"description\":\"O edital da UNESP foi divulgado, ofertando 196 vagas para Acesso Direto e Pr\u00e9-Requisito. Acesse o nosso blog e confira todos os detalhes!\",\"breadcrumb\":{\"@id\":\"https:\\\/\\\/www.grupomedcof.com.br\\\/blog\\\/edital-residencia-medica-unesp\\\/#breadcrumb\"},\"inLanguage\":\"pt-BR\",\"potentialAction\":[{\"@type\":\"ReadAction\",\"target\":[\"https:\\\/\\\/www.grupomedcof.com.br\\\/blog\\\/edital-residencia-medica-unesp\\\/\"]}]},{\"@type\":\"ImageObject\",\"inLanguage\":\"pt-BR\",\"@id\":\"https:\\\/\\\/www.grupomedcof.com.br\\\/blog\\\/edital-residencia-medica-unesp\\\/#primaryimage\",\"url\":\"https:\\\/\\\/www.grupomedcof.com.br\\\/blog\\\/wp-content\\\/uploads\\\/2024\\\/09\\\/Modelo-instituicoes-5.png\",\"contentUrl\":\"https:\\\/\\\/www.grupomedcof.com.br\\\/blog\\\/wp-content\\\/uploads\\\/2024\\\/09\\\/Modelo-instituicoes-5.png\",\"width\":2560,\"height\":1440,\"caption\":\"Logo escrito UNESP com a frase Edital divulgado abaixo. No canto inferior direito h\u00e1 o logo MedCof\"},{\"@type\":\"BreadcrumbList\",\"@id\":\"https:\\\/\\\/www.grupomedcof.com.br\\\/blog\\\/edital-residencia-medica-unesp\\\/#breadcrumb\",\"itemListElement\":[{\"@type\":\"ListItem\",\"position\":1,\"name\":\"In\u00edcio\",\"item\":\"https:\\\/\\\/www.grupomedcof.com.br\\\/blog\\\/\"},{\"@type\":\"ListItem\",\"position\":2,\"name\":\"Edital Unesp para resid\u00eancia m\u00e9dica 2025\\\/2026: Acesso Direto, \u00c1reas de Atua\u00e7\u00e3o, Pr\u00e9-Requisito\"}]},{\"@type\":\"WebSite\",\"@id\":\"https:\\\/\\\/www.grupomedcof.com.br\\\/blog\\\/#website\",\"url\":\"https:\\\/\\\/www.grupomedcof.com.br\\\/blog\\\/\",\"name\":\"Blog de Medcof: conte\u00fados, editais, revalida e mais!\",\"description\":\"Acesso o blog de MedCof! Seu portal de conte\u00fados sobre resid\u00eancia m\u00e9dica, an\u00e1lise e editais e muito mais. Clique e confira!\",\"publisher\":{\"@id\":\"https:\\\/\\\/www.grupomedcof.com.br\\\/blog\\\/#organization\"},\"alternateName\":\"Blog de Medcof: conte\u00fados, editais, revalida e mais!\",\"potentialAction\":[{\"@type\":\"SearchAction\",\"target\":{\"@type\":\"EntryPoint\",\"urlTemplate\":\"https:\\\/\\\/www.grupomedcof.com.br\\\/blog\\\/?s={search_term_string}\"},\"query-input\":{\"@type\":\"PropertyValueSpecification\",\"valueRequired\":true,\"valueName\":\"search_term_string\"}}],\"inLanguage\":\"pt-BR\"},{\"@type\":\"Organization\",\"@id\":\"https:\\\/\\\/www.grupomedcof.com.br\\\/blog\\\/#organization\",\"name\":\"Grupo MedCof\",\"url\":\"https:\\\/\\\/www.grupomedcof.com.br\\\/blog\\\/\",\"logo\":{\"@type\":\"ImageObject\",\"inLanguage\":\"pt-BR\",\"@id\":\"https:\\\/\\\/www.grupomedcof.com.br\\\/blog\\\/#\\\/schema\\\/logo\\\/image\\\/\",\"url\":\"https:\\\/\\\/www.grupomedcof.com.br\\\/blog\\\/wp-content\\\/uploads\\\/2022\\\/01\\\/logo-medcof.png\",\"contentUrl\":\"https:\\\/\\\/www.grupomedcof.com.br\\\/blog\\\/wp-content\\\/uploads\\\/2022\\\/01\\\/logo-medcof.png\",\"width\":768,\"height\":269,\"caption\":\"Grupo MedCof\"},\"image\":{\"@id\":\"https:\\\/\\\/www.grupomedcof.com.br\\\/blog\\\/#\\\/schema\\\/logo\\\/image\\\/\"},\"sameAs\":[\"https:\\\/\\\/www.facebook.com\\\/MedCofQbank\\\/\",\"https:\\\/\\\/www.instagram.com\\\/grupomedcof\\\/\",\"https:\\\/\\\/br.linkedin.com\\\/company\\\/medcof\",\"https:\\\/\\\/www.youtube.com\\\/channel\\\/UCdHMuOHKICxcHwecxN8P-AA\"]},{\"@type\":\"Person\",\"@id\":\"https:\\\/\\\/www.grupomedcof.com.br\\\/blog\\\/#\\\/schema\\\/person\\\/9a44c2184a836bf5ae6967fdb3a1451e\",\"name\":\"Leila Menzel\",\"image\":{\"@type\":\"ImageObject\",\"inLanguage\":\"pt-BR\",\"@id\":\"https:\\\/\\\/www.grupomedcof.com.br\\\/blog\\\/wp-content\\\/uploads\\\/2025\\\/09\\\/cropped-eu-96x96.jpeg19a74936d997c0a8b3031618467fa1d0\",\"url\":\"https:\\\/\\\/www.grupomedcof.com.br\\\/blog\\\/wp-content\\\/uploads\\\/2025\\\/09\\\/cropped-eu-96x96.jpeg\",\"contentUrl\":\"https:\\\/\\\/www.grupomedcof.com.br\\\/blog\\\/wp-content\\\/uploads\\\/2025\\\/09\\\/cropped-eu-96x96.jpeg\",\"caption\":\"Leila Menzel\"},\"description\":\"Estudante do 6\u00b0 semestre de jornalismo, amo e escrevo poesias e viajo em livros de romances clich\u00eas.\",\"url\":\"https:\\\/\\\/www.grupomedcof.com.br\\\/blog\\\/author\\\/leila-menzel\\\/\"}]}<\/script>\n<!-- \/ Yoast SEO Premium plugin. -->","yoast_head_json":{"title":"Edital Resid\u00eancia M\u00e9dia UNESP 2025\/2026","description":"O edital da UNESP foi divulgado, ofertando 196 vagas para Acesso Direto e Pr\u00e9-Requisito. Acesse o nosso blog e confira todos os detalhes!","robots":{"index":"index","follow":"follow","max-snippet":"max-snippet:-1","max-image-preview":"max-image-preview:large","max-video-preview":"max-video-preview:-1"},"canonical":"https:\/\/www.grupomedcof.com.br\/blog\/edital-residencia-medica-unesp\/","og_locale":"pt_BR","og_type":"article","og_title":"Edital Unesp para resid\u00eancia m\u00e9dica 2025\/2026: Acesso Direto, \u00c1reas de Atua\u00e7\u00e3o, Pr\u00e9-Requisito","og_description":"O edital da UNESP foi divulgado, ofertando 196 vagas para Acesso Direto e Pr\u00e9-Requisito. Acesse o nosso blog e confira todos os detalhes!","og_url":"https:\/\/www.grupomedcof.com.br\/blog\/edital-residencia-medica-unesp\/","og_site_name":"Blog de Medcof: conte\u00fados, editais, revalida e mais!","article_publisher":"https:\/\/www.facebook.com\/MedCofQbank\/","article_published_time":"2025-10-17T12:13:22+00:00","article_modified_time":"2026-02-09T14:39:33+00:00","og_image":[{"width":2560,"height":1440,"url":"https:\/\/www.grupomedcof.com.br\/blog\/wp-content\/uploads\/2024\/09\/Modelo-instituicoes-5.png","type":"image\/png"}],"author":"Leila Menzel","twitter_card":"summary_large_image","twitter_misc":{"Escrito por":"Leila Menzel","Est. tempo de leitura":"8 minutos"},"schema":{"@context":"https:\/\/schema.org","@graph":[{"@type":"Article","@id":"https:\/\/www.grupomedcof.com.br\/blog\/edital-residencia-medica-unesp\/#article","isPartOf":{"@id":"https:\/\/www.grupomedcof.com.br\/blog\/edital-residencia-medica-unesp\/"},"author":{"name":"Leila Menzel","@id":"https:\/\/www.grupomedcof.com.br\/blog\/#\/schema\/person\/9a44c2184a836bf5ae6967fdb3a1451e"},"headline":"Edital Unesp para resid\u00eancia m\u00e9dica 2025\/2026: Acesso Direto, \u00c1reas de Atua\u00e7\u00e3o, Pr\u00e9-Requisito","datePublished":"2025-10-17T12:13:22+00:00","dateModified":"2026-02-09T14:39:33+00:00","mainEntityOfPage":{"@id":"https:\/\/www.grupomedcof.com.br\/blog\/edital-residencia-medica-unesp\/"},"wordCount":1201,"commentCount":0,"publisher":{"@id":"https:\/\/www.grupomedcof.com.br\/blog\/#organization"},"image":{"@id":"https:\/\/www.grupomedcof.com.br\/blog\/edital-residencia-medica-unesp\/#primaryimage"},"thumbnailUrl":"https:\/\/www.grupomedcof.com.br\/blog\/wp-content\/uploads\/2024\/09\/Modelo-instituicoes-5.png","keywords":["Especialidades m\u00e9dicas","Provas de Resid\u00eancia","Resid\u00eancia M\u00e9dica","UNESP"],"articleSection":["Destaques MedCof","Editais"],"inLanguage":"pt-BR"},{"@type":"WebPage","@id":"https:\/\/www.grupomedcof.com.br\/blog\/edital-residencia-medica-unesp\/","url":"https:\/\/www.grupomedcof.com.br\/blog\/edital-residencia-medica-unesp\/","name":"Edital Resid\u00eancia M\u00e9dia UNESP 2025\/2026","isPartOf":{"@id":"https:\/\/www.grupomedcof.com.br\/blog\/#website"},"primaryImageOfPage":{"@id":"https:\/\/www.grupomedcof.com.br\/blog\/edital-residencia-medica-unesp\/#primaryimage"},"image":{"@id":"https:\/\/www.grupomedcof.com.br\/blog\/edital-residencia-medica-unesp\/#primaryimage"},"thumbnailUrl":"https:\/\/www.grupomedcof.com.br\/blog\/wp-content\/uploads\/2024\/09\/Modelo-instituicoes-5.png","datePublished":"2025-10-17T12:13:22+00:00","dateModified":"2026-02-09T14:39:33+00:00","description":"O edital da UNESP foi divulgado, ofertando 196 vagas para Acesso Direto e Pr\u00e9-Requisito. Acesse o nosso blog e confira todos os detalhes!","breadcrumb":{"@id":"https:\/\/www.grupomedcof.com.br\/blog\/edital-residencia-medica-unesp\/#breadcrumb"},"inLanguage":"pt-BR","potentialAction":[{"@type":"ReadAction","target":["https:\/\/www.grupomedcof.com.br\/blog\/edital-residencia-medica-unesp\/"]}]},{"@type":"ImageObject","inLanguage":"pt-BR","@id":"https:\/\/www.grupomedcof.com.br\/blog\/edital-residencia-medica-unesp\/#primaryimage","url":"https:\/\/www.grupomedcof.com.br\/blog\/wp-content\/uploads\/2024\/09\/Modelo-instituicoes-5.png","contentUrl":"https:\/\/www.grupomedcof.com.br\/blog\/wp-content\/uploads\/2024\/09\/Modelo-instituicoes-5.png","width":2560,"height":1440,"caption":"Logo escrito UNESP com a frase Edital divulgado abaixo. No canto inferior direito h\u00e1 o logo MedCof"},{"@type":"BreadcrumbList","@id":"https:\/\/www.grupomedcof.com.br\/blog\/edital-residencia-medica-unesp\/#breadcrumb","itemListElement":[{"@type":"ListItem","position":1,"name":"In\u00edcio","item":"https:\/\/www.grupomedcof.com.br\/blog\/"},{"@type":"ListItem","position":2,"name":"Edital Unesp para resid\u00eancia m\u00e9dica 2025\/2026: Acesso Direto, \u00c1reas de Atua\u00e7\u00e3o, Pr\u00e9-Requisito"}]},{"@type":"WebSite","@id":"https:\/\/www.grupomedcof.com.br\/blog\/#website","url":"https:\/\/www.grupomedcof.com.br\/blog\/","name":"Blog de Medcof: conte\u00fados, editais, revalida e mais!","description":"Acesso o blog de MedCof! Seu portal de conte\u00fados sobre resid\u00eancia m\u00e9dica, an\u00e1lise e editais e muito mais. Clique e confira!","publisher":{"@id":"https:\/\/www.grupomedcof.com.br\/blog\/#organization"},"alternateName":"Blog de Medcof: conte\u00fados, editais, revalida e mais!","potentialAction":[{"@type":"SearchAction","target":{"@type":"EntryPoint","urlTemplate":"https:\/\/www.grupomedcof.com.br\/blog\/?s={search_term_string}"},"query-input":{"@type":"PropertyValueSpecification","valueRequired":true,"valueName":"search_term_string"}}],"inLanguage":"pt-BR"},{"@type":"Organization","@id":"https:\/\/www.grupomedcof.com.br\/blog\/#organization","name":"Grupo MedCof","url":"https:\/\/www.grupomedcof.com.br\/blog\/","logo":{"@type":"ImageObject","inLanguage":"pt-BR","@id":"https:\/\/www.grupomedcof.com.br\/blog\/#\/schema\/logo\/image\/","url":"https:\/\/www.grupomedcof.com.br\/blog\/wp-content\/uploads\/2022\/01\/logo-medcof.png","contentUrl":"https:\/\/www.grupomedcof.com.br\/blog\/wp-content\/uploads\/2022\/01\/logo-medcof.png","width":768,"height":269,"caption":"Grupo MedCof"},"image":{"@id":"https:\/\/www.grupomedcof.com.br\/blog\/#\/schema\/logo\/image\/"},"sameAs":["https:\/\/www.facebook.com\/MedCofQbank\/","https:\/\/www.instagram.com\/grupomedcof\/","https:\/\/br.linkedin.com\/company\/medcof","https:\/\/www.youtube.com\/channel\/UCdHMuOHKICxcHwecxN8P-AA"]},{"@type":"Person","@id":"https:\/\/www.grupomedcof.com.br\/blog\/#\/schema\/person\/9a44c2184a836bf5ae6967fdb3a1451e","name":"Leila Menzel","image":{"@type":"ImageObject","inLanguage":"pt-BR","@id":"https:\/\/www.grupomedcof.com.br\/blog\/wp-content\/uploads\/2025\/09\/cropped-eu-96x96.jpeg19a74936d997c0a8b3031618467fa1d0","url":"https:\/\/www.grupomedcof.com.br\/blog\/wp-content\/uploads\/2025\/09\/cropped-eu-96x96.jpeg","contentUrl":"https:\/\/www.grupomedcof.com.br\/blog\/wp-content\/uploads\/2025\/09\/cropped-eu-96x96.jpeg","caption":"Leila Menzel"},"description":"Estudante do 6\u00b0 semestre de jornalismo, amo e escrevo poesias e viajo em livros de romances clich\u00eas.","url":"https:\/\/www.grupomedcof.com.br\/blog\/author\/leila-menzel\/"}]}},"authors":[{"term_id":3616,"user_id":20,"is_guest":0,"slug":"leila-menzel","display_name":"Leila Menzel","avatar_url":"https:\/\/www.grupomedcof.com.br\/blog\/wp-content\/uploads\/2025\/09\/cropped-eu-96x96.jpeg","0":null,"1":"","2":"","3":"","4":"","5":"","6":"","7":"","8":""}],"_links":{"self":[{"href":"https:\/\/www.grupomedcof.com.br\/blog\/wp-json\/wp\/v2\/posts\/13263","targetHints":{"allow":["GET"]}}],"collection":[{"href":"https:\/\/www.grupomedcof.com.br\/blog\/wp-json\/wp\/v2\/posts"}],"about":[{"href":"https:\/\/www.grupomedcof.com.br\/blog\/wp-json\/wp\/v2\/types\/post"}],"author":[{"embeddable":true,"href":"https:\/\/www.grupomedcof.com.br\/blog\/wp-json\/wp\/v2\/users\/20"}],"replies":[{"embeddable":true,"href":"https:\/\/www.grupomedcof.com.br\/blog\/wp-json\/wp\/v2\/comments?post=13263"}],"version-history":[{"count":10,"href":"https:\/\/www.grupomedcof.com.br\/blog\/wp-json\/wp\/v2\/posts\/13263\/revisions"}],"predecessor-version":[{"id":41643,"href":"https:\/\/www.grupomedcof.com.br\/blog\/wp-json\/wp\/v2\/posts\/13263\/revisions\/41643"}],"wp:featuredmedia":[{"embeddable":true,"href":"https:\/\/www.grupomedcof.com.br\/blog\/wp-json\/wp\/v2\/media\/29857"}],"wp:attachment":[{"href":"https:\/\/www.grupomedcof.com.br\/blog\/wp-json\/wp\/v2\/media?parent=13263"}],"wp:term":[{"taxonomy":"category","embeddable":true,"href":"https:\/\/www.grupomedcof.com.br\/blog\/wp-json\/wp\/v2\/categories?post=13263"},{"taxonomy":"post_tag","embeddable":true,"href":"https:\/\/www.grupomedcof.com.br\/blog\/wp-json\/wp\/v2\/tags?post=13263"},{"taxonomy":"author","embeddable":true,"href":"https:\/\/www.grupomedcof.com.br\/blog\/wp-json\/wp\/v2\/ppma_author?post=13263"}],"curies":[{"name":"wp","href":"https:\/\/api.w.org\/{rel}","templated":true}]}}