{"id":13383,"date":"2023-09-19T11:27:34","date_gmt":"2023-09-19T14:27:34","guid":{"rendered":"https:\/\/www.grupomedcof.com.br\/blog\/?p=13383"},"modified":"2023-09-19T11:27:34","modified_gmt":"2023-09-19T14:27:34","slug":"edital-residencia-medica-uerj-2023-2024","status":"publish","type":"post","link":"https:\/\/www.grupomedcof.com.br\/blog\/edital-residencia-medica-uerj-2023-2024\/","title":{"rendered":"Edital Resid\u00eancia M\u00e9dica UERJ 2023\/2024"},"content":{"rendered":"<div id=\"ez-toc-container\" class=\"ez-toc-v2_0_74 counter-hierarchy ez-toc-counter ez-toc-transparent ez-toc-container-direction\">\n<div class=\"ez-toc-title-container\">\n<p class=\"ez-toc-title\" style=\"cursor:inherit\">Sum\u00e1rio<\/p>\n<span class=\"ez-toc-title-toggle\"><a href=\"#\" class=\"ez-toc-pull-right ez-toc-btn ez-toc-btn-xs ez-toc-btn-default ez-toc-toggle\" aria-label=\"Alternar tabela de conte\u00fado\"><span class=\"ez-toc-js-icon-con\"><span class=\"\"><span class=\"eztoc-hide\" style=\"display:none;\">Toggle<\/span><span class=\"ez-toc-icon-toggle-span\"><svg style=\"fill: #999;color:#999\" xmlns=\"http:\/\/www.w3.org\/2000\/svg\" class=\"list-377408\" width=\"20px\" height=\"20px\" viewBox=\"0 0 24 24\" fill=\"none\"><path d=\"M6 6H4v2h2V6zm14 0H8v2h12V6zM4 11h2v2H4v-2zm16 0H8v2h12v-2zM4 16h2v2H4v-2zm16 0H8v2h12v-2z\" fill=\"currentColor\"><\/path><\/svg><svg style=\"fill: #999;color:#999\" class=\"arrow-unsorted-368013\" xmlns=\"http:\/\/www.w3.org\/2000\/svg\" width=\"10px\" height=\"10px\" viewBox=\"0 0 24 24\" version=\"1.2\" baseProfile=\"tiny\"><path d=\"M18.2 9.3l-6.2-6.3-6.2 6.3c-.2.2-.3.4-.3.7s.1.5.3.7c.2.2.4.3.7.3h11c.3 0 .5-.1.7-.3.2-.2.3-.5.3-.7s-.1-.5-.3-.7zM5.8 14.7l6.2 6.3 6.2-6.3c.2-.2.3-.5.3-.7s-.1-.5-.3-.7c-.2-.2-.4-.3-.7-.3h-11c-.3 0-.5.1-.7.3-.2.2-.3.5-.3.7s.1.5.3.7z\"\/><\/svg><\/span><\/span><\/span><\/a><\/span><\/div>\n<nav><ul class='ez-toc-list ez-toc-list-level-1 ' ><li class='ez-toc-page-1 ez-toc-heading-level-2'><a class=\"ez-toc-link ez-toc-heading-1\" href=\"https:\/\/www.grupomedcof.com.br\/blog\/edital-residencia-medica-uerj-2023-2024\/#Edital_Residencia_Medica_UERJ_2024\" >Edital Resid\u00eancia M\u00e9dica UERJ 2024<\/a><\/li><li class='ez-toc-page-1 ez-toc-heading-level-2'><a class=\"ez-toc-link ez-toc-heading-2\" href=\"https:\/\/www.grupomedcof.com.br\/blog\/edital-residencia-medica-uerj-2023-2024\/#Residencia_Medica_UERJ_2024_Vagas_ofertadas\" >Resid\u00eancia M\u00e9dica UERJ 2024: Vagas ofertadas<\/a><ul class='ez-toc-list-level-3' ><li class='ez-toc-heading-level-3'><a class=\"ez-toc-link ez-toc-heading-3\" href=\"https:\/\/www.grupomedcof.com.br\/blog\/edital-residencia-medica-uerj-2023-2024\/#Acesso_Direto\" >Acesso Direto<\/a><\/li><li class='ez-toc-page-1 ez-toc-heading-level-3'><a class=\"ez-toc-link ez-toc-heading-4\" href=\"https:\/\/www.grupomedcof.com.br\/blog\/edital-residencia-medica-uerj-2023-2024\/#Pre-Requisito\" >Pr\u00e9-Requisito<\/a><\/li><li class='ez-toc-page-1 ez-toc-heading-level-3'><a class=\"ez-toc-link ez-toc-heading-5\" href=\"https:\/\/www.grupomedcof.com.br\/blog\/edital-residencia-medica-uerj-2023-2024\/#Cirurgia_da_Mao_R3_e_R4\" >Cirurgia da M\u00e3o, R3 e R4<\/a><\/li><\/ul><\/li><li class='ez-toc-page-1 ez-toc-heading-level-2'><a class=\"ez-toc-link ez-toc-heading-6\" href=\"https:\/\/www.grupomedcof.com.br\/blog\/edital-residencia-medica-uerj-2023-2024\/#Residencia_Medica_UERJ_20232024_Cronograma\" >Resid\u00eancia M\u00e9dica UERJ 2023\/2024: Cronograma<\/a><\/li><li class='ez-toc-page-1 ez-toc-heading-level-2'><a class=\"ez-toc-link ez-toc-heading-7\" href=\"https:\/\/www.grupomedcof.com.br\/blog\/edital-residencia-medica-uerj-2023-2024\/#Conquiste_a_aprovacao\" >Conquiste a aprova\u00e7\u00e3o<\/a><\/li><\/ul><\/nav><\/div>\n<img loading=\"lazy\" decoding=\"async\" width=\"800\" height=\"450\" src=\"https:\/\/www.grupomedcof.com.br\/blog\/wp-content\/uploads\/2023\/09\/Blog-MedCof-37-1-1024x576.png\" alt=\"uerj resid\u00eancia m\u00e9dica 2023, resid\u00eancia m\u00e9dica uerj 2023, edital uerj 2023, uerj residencia medica 2023, uerj residencia medica 2024, vagas residencia medica uerj 2023, edital residencia medica uerj, edital uerj residencia, edital residencia uerj 2023,\" srcset=\"https:\/\/www.grupomedcof.com.br\/blog\/wp-content\/uploads\/2023\/09\/Blog-MedCof-37-1-1024x576.png 1024w, https:\/\/www.grupomedcof.com.br\/blog\/wp-content\/uploads\/2023\/09\/Blog-MedCof-37-1-300x169.png 300w, https:\/\/www.grupomedcof.com.br\/blog\/wp-content\/uploads\/2023\/09\/Blog-MedCof-37-1-768x432.png 768w, https:\/\/www.grupomedcof.com.br\/blog\/wp-content\/uploads\/2023\/09\/Blog-MedCof-37-1-1536x864.png 1536w, https:\/\/www.grupomedcof.com.br\/blog\/wp-content\/uploads\/2023\/09\/Blog-MedCof-37-1-2048x1152.png 2048w\" sizes=\"auto, (max-width: 800px) 100vw, 800px\" \/>\t\t\t\t\t\t\t\t\t\t\t\t\t\t\t\n\t\t<p>A&nbsp;Universidade do Estado do Rio de Janeiro&nbsp;(UERJ) divulgou o edital com&nbsp;286 vagas para resid\u00eancia m\u00e9dica&nbsp;2023\/2024.<br><\/p>\t\t\n\t\t\t<h4>\n\t\t\t\tVeja a seguir\t\t\t<\/h4>\n\t\t<h2 id=\"h-edital-residencia-medica-uerj-2024\" style=\"font-family: Poppins, sans-serif; color: #7a7a7a;\"><span class=\"ez-toc-section\" id=\"Edital_Residencia_Medica_UERJ_2024\"><\/span><strong>Edital Resid\u00eancia M\u00e9dica UERJ 2024<\/strong><span class=\"ez-toc-section-end\"><\/span><\/h2>\n<p>De acordo com o edital publicado no <strong><a href=\"https:\/\/www.cepuerj.uerj.br\/concursos2.php?concurso=S04597&amp;ano=2024\"target=\"_blank\"rel=\"nofollow\">site da institui\u00e7\u00e3o<\/a><\/strong>, as inscri\u00e7\u00f5es ocorrer\u00e3o entre os dias <strong>19 de setembro e 18 de outubro<\/strong> com o valor da taxa definido em <strong>R$ 380,00.<\/strong><\/p>\n<p>&nbsp;<\/p>\n<p>Al\u00e9m disso, o processo seletivo para resid\u00eancia m\u00e9dica da UERJ 2023\/2024 contar\u00e1 com <strong>apenas uma fase avaliativa.<\/strong> Marcada para o dia <strong>18 de novembro<\/strong>, a prova objetiva ter\u00e1<strong> 100 quest\u00f5es<\/strong> de m\u00faltipla escolha para os programas de Acesso Direto,<strong> 50 quest\u00f5es<\/strong> para os programas com pr\u00e9-requisito e <strong>4 quest\u00f5es<\/strong> para as especialidades R3, R4 e Cirurgia da M\u00e3o.<\/p>\t\t\n\t\t\t\t\t\t\t\t\t\t\t\t\t\t\t\t<a href=\"https:\/\/www.grupomedcof.com.br\/hiit-target-2023-links\/\" target=\"_blank\" rel=\"noopener\">\n\t\t\t\t\t\t\t<img loading=\"lazy\" decoding=\"async\" width=\"800\" height=\"139\" src=\"https:\/\/www.grupomedcof.com.br\/blog\/wp-content\/uploads\/2023\/09\/Blog-MedCof-22-1024x178.png\" alt=\"medcof, medcof qbank, qbank medcof, medcof aulas, grupo medcof,\" srcset=\"https:\/\/www.grupomedcof.com.br\/blog\/wp-content\/uploads\/2023\/09\/Blog-MedCof-22-1024x178.png 1024w, https:\/\/www.grupomedcof.com.br\/blog\/wp-content\/uploads\/2023\/09\/Blog-MedCof-22-300x52.png 300w, https:\/\/www.grupomedcof.com.br\/blog\/wp-content\/uploads\/2023\/09\/Blog-MedCof-22-768x134.png 768w, https:\/\/www.grupomedcof.com.br\/blog\/wp-content\/uploads\/2023\/09\/Blog-MedCof-22-1536x267.png 1536w, https:\/\/www.grupomedcof.com.br\/blog\/wp-content\/uploads\/2023\/09\/Blog-MedCof-22-2048x356.png 2048w\" sizes=\"auto, (max-width: 800px) 100vw, 800px\" \/>\t\t\t\t\t\t\t\t<\/a>\n\t\t<h2 id=\"h-residencia-medica-uerj-2024-vagas-ofertadas\" style=\"font-family: Poppins, sans-serif; color: #7a7a7a;\"><span class=\"ez-toc-section\" id=\"Residencia_Medica_UERJ_2024_Vagas_ofertadas\"><\/span><strong>Resid\u00eancia M\u00e9dica UERJ 2024: Vagas ofertadas<\/strong><span class=\"ez-toc-section-end\"><\/span><\/h2>\n<p>De acordo com cada edital, a UERJ ofertar\u00e1 <strong>286 vagas para resid\u00eancia m\u00e9dica<\/strong> em 2023\/2024, veja a seguir a distribui\u00e7\u00e3o por especialidade.<\/p><p><\/p>\n<p><\/p>\n<p><\/p>\n<h3 class=\"wp-block-heading\"><span class=\"ez-toc-section\" id=\"Acesso_Direto\"><\/span><strong>Acesso Direto<\/strong><span class=\"ez-toc-section-end\"><\/span><\/h3>\n<p><\/p>\n<p><\/p>\n<p>Conforme o edital para <a href=\"https:\/\/www.cepuerj.uerj.br\/uploads\/concursos\/169482618227023314d0b8391f5e5029ba80cbee78e7ee39a\/1046472266.pdf\"target=\"_blank\"rel=\"nofollow\"><strong>Acesso Direto<\/strong><\/a>, a UERJ ofertar\u00e1 <strong>113 vagas para resid\u00eancia m\u00e9dica <\/strong>em 2023\/2024.<\/p>\n<p>&nbsp;<\/p>\n<p><b>AC:\u00a0<\/b>Vagas de Ampla Concorr\u00eancia;<br \/><b>\u00a0I:<\/b> Vagas destinadas a candidatos\u00a0negros e ind\u00edgenas;<\/p>\n<p><b>II:<\/b>\u00a0Vagas destinadas a candidatos\u00a0de rede p\u00fablica e privada superior;<\/p>\n<p><b>III:<\/b> Candidatos com defici\u00eancia,\u00a0<\/p>\n<p><b>S<\/b><b>M:<\/b> Vagas reservadas para candidatos com Servi\u00e7o Militar obrigat\u00f3rio<\/p>\n<p>&nbsp;<\/p>\n<p><\/p>\n<p><\/p>\n<figure>\n<table>\n<tbody>\n<tr>\n<td><strong>Especialidades<\/strong><\/td>\n<td><b>Vagas Totais<\/b><\/td>\n<\/tr>\n<tr>\n<td>Anestesiologia<\/td>\n<td>07 (AC=05); (I=01); (II=1)<\/td>\n<\/tr>\n<tr>\n<td>Cirurgia Geral<\/td>\n<td>06 (SM=03)<\/td>\n<\/tr>\n<tr>\n<td>Cirurgia Cardiovascular<\/td>\n<td>02<\/td>\n<\/tr>\n<tr>\n<td>Cl\u00ednica M\u00e9dica<\/td>\n<td>20 (AC=13); (I=02); (II=02); (III=01); (SM=02)<\/td>\n<\/tr>\n<tr>\n<td>Dermatologia<\/td>\n<td>06 (AC=04); (I=01); (II=01)<\/td>\n<\/tr>\n<tr>\n<td>Ginecologia e Obstetr\u00edcia<\/td>\n<td>04<\/td>\n<\/tr>\n<tr>\n<td>Infectologia<\/td>\n<td>03<\/td>\n<\/tr>\n<tr>\n<td>Medicina de Fam\u00edlia e Comunidade<\/td>\n<td>20 (AC=13); (I=02); (II=02); (III=01); SM=(02)<\/td>\n<\/tr>\n<tr>\n<td>Medicina do Trabalho<\/td>\n<td>02<\/td>\n<\/tr>\n<tr>\n<td>Medicina F\u00edsica e Reabilita\u00e7\u00e3o<\/td>\n<td>02<\/td>\n<\/tr>\n<tr>\n<td>Medicina Intensiva<\/td>\n<td>03<\/td>\n<\/tr>\n<tr>\n<td>Neurocirurgia<\/td>\n<td>02<\/td>\n<\/tr>\n<tr>\n<td>Neurologia<\/td>\n<td>04 (AC=02); (SM=02)<\/td>\n<\/tr>\n<tr>\n<td>Oftalmologia<\/td>\n<td>05 (AC=03); (I=01), (II=0I)<\/td>\n<\/tr>\n<tr>\n<td>Ortopedia e Traumatologia<\/td>\n<td>04 ( AC=02); (SM=02)<\/td>\n<\/tr>\n<tr>\n<td>Otorrinolaringologia<\/td>\n<td>03<\/td>\n<\/tr>\n<tr>\n<td>Pediatria*<\/td>\n<td>12 (AC=07); (I=01); (II=01); (III=01); (SM=02)<\/td>\n<\/tr>\n<tr>\n<td>Psiquiatria<\/td>\n<td>05 (Ac=03); (I=01); (II=01)<\/td>\n<\/tr>\n<tr>\n<td>Radiologia e Diagn\u00f3stico por Imagem*<\/td>\n<td>06 (AC=04); (I=01); (II=01)<\/td>\n<\/tr>\n<\/tbody>\n<\/table>\n<\/figure>\n<figure><\/figure>\n<figure><\/figure>\n<p><\/p><h3 style=\"font-family: Poppins, sans-serif; color: #7a7a7a;\"><span class=\"ez-toc-section\" id=\"Pre-Requisito\"><\/span><strong>Pr\u00e9-Requisito<\/strong><span class=\"ez-toc-section-end\"><\/span><\/h3>\n<p>Conforme o edital para\u00a0<strong><a href=\"https:\/\/www.cepuerj.uerj.br\/uploads\/concursos\/169482618227023314d0b8391f5e5029ba80cbee78e7ee39a\/1046154979.pdf\"target=\"_blank\"rel=\"nofollow\">Pr\u00e9-Requisito<\/a><\/strong>, a UERJ ofertar\u00e1 mais de 50 vagas para resid\u00eancia m\u00e9dica em 2023\/2024.<\/p>\n<p>&nbsp;<\/p>\n<p>AC:\u00a0Vagas de Ampla Concorr\u00eancia;<br \/>\u00a0I:\u00a0Vagas destinadas a candidatos\u00a0negros e ind\u00edgenas;<\/p>\n<p>II:\u00a0Vagas destinadas a candidatos\u00a0de rede p\u00fablica e privada superior;<\/p>\n<p>III:\u00a0Candidatos com defici\u00eancia,\u00a0<\/p>\n<p>SM:\u00a0Vagas reservadas para candidatos com Servi\u00e7o Militar obrigat\u00f3rio<\/p>\n<p>&nbsp;<\/p>\n<figure>\n<table>\n<tbody>\n<tr>\n<td style=\"background-color: rgba(128, 128, 128, 0.07);\">Especialidades<\/td>\n<td style=\"background-color: rgba(128, 128, 128, 0.07);\">Vagas totais<\/td>\n<\/tr>\n<tr>\n<td>Angiologia<\/td>\n<td>02<\/td>\n<\/tr>\n<tr>\n<td style=\"background-color: rgba(128, 128, 128, 0.07);\">Cardiologia<\/td>\n<td style=\"background-color: rgba(128, 128, 128, 0.07);\">12 (AC=09); (I=01), (II=01), (III=01)<\/td>\n<\/tr>\n<tr>\n<td>Cirurgia Pedi\u00e1trica<\/td>\n<td>01<\/td>\n<\/tr>\n<tr>\n<td style=\"background-color: rgba(128, 128, 128, 0.07);\">Cirurgia Pl\u00e1stica<\/td>\n<td style=\"background-color: rgba(128, 128, 128, 0.07);\">01<\/td>\n<\/tr>\n<tr>\n<td>Cirurgia Tor\u00e1cica<\/td>\n<td>01<\/td>\n<\/tr>\n<tr>\n<td style=\"background-color: rgba(128, 128, 128, 0.07);\">Cirurgia Vascular<\/td>\n<td style=\"background-color: rgba(128, 128, 128, 0.07);\">03<\/td>\n<\/tr>\n<tr>\n<td>Coloproctologia<\/td>\n<td>02<\/td>\n<\/tr>\n<tr>\n<td style=\"background-color: rgba(128, 128, 128, 0.07);\">Endocrinologia<\/td>\n<td style=\"background-color: rgba(128, 128, 128, 0.07);\">06 ( AC=04); (I=01); (II=01)<\/td>\n<\/tr>\n<tr>\n<td>Gastroenterologia<\/td>\n<td>04<\/td>\n<\/tr>\n<tr>\n<td style=\"background-color: rgba(128, 128, 128, 0.07);\">Geriatria<\/td>\n<td style=\"background-color: rgba(128, 128, 128, 0.07);\">03<\/td>\n<\/tr>\n<tr>\n<td>Hematologia e Hemoterapia<\/td>\n<td>04<\/td>\n<\/tr>\n<tr>\n<td style=\"background-color: rgba(128, 128, 128, 0.07);\">Nefrologia<\/td>\n<td style=\"background-color: rgba(128, 128, 128, 0.07);\">06 ( AC=04); (I=01); (II=01)<\/td>\n<\/tr>\n<tr>\n<td>Pneumologia<\/td>\n<td>04<\/td>\n<\/tr>\n<tr>\n<td style=\"background-color: rgba(128, 128, 128, 0.07);\">Reumatologia<\/td>\n<td style=\"background-color: rgba(128, 128, 128, 0.07);\">05 ( AC=03); (I=01); (II=01)<\/td>\n<\/tr>\n<tr>\n<td>Urologia<\/td>\n<td>04<\/td>\n<\/tr>\n<\/tbody>\n<\/table>\n<\/figure>\t\t\n\t\t\t\t\t\t\t\t\t\t\t\t\t\t\t\t<a href=\"https:\/\/www.grupomedcof.com.br\/blog\/qbank-medcof\/\" target=\"_blank\" rel=\"noopener\">\n\t\t\t\t\t\t\t<img loading=\"lazy\" decoding=\"async\" width=\"800\" height=\"128\" src=\"https:\/\/www.grupomedcof.com.br\/blog\/wp-content\/uploads\/2023\/07\/Blog-MedCof-2023-07-06T091657.858-1024x164.png\" alt=\"medcof qbank, medcof aulas, grupo medcof, aulas medcof, qbank, banco de questoes medcof, medcof banco de questoes\" srcset=\"https:\/\/www.grupomedcof.com.br\/blog\/wp-content\/uploads\/2023\/07\/Blog-MedCof-2023-07-06T091657.858-1024x164.png 1024w, https:\/\/www.grupomedcof.com.br\/blog\/wp-content\/uploads\/2023\/07\/Blog-MedCof-2023-07-06T091657.858-300x48.png 300w, https:\/\/www.grupomedcof.com.br\/blog\/wp-content\/uploads\/2023\/07\/Blog-MedCof-2023-07-06T091657.858-768x123.png 768w, https:\/\/www.grupomedcof.com.br\/blog\/wp-content\/uploads\/2023\/07\/Blog-MedCof-2023-07-06T091657.858-1536x246.png 1536w, https:\/\/www.grupomedcof.com.br\/blog\/wp-content\/uploads\/2023\/07\/Blog-MedCof-2023-07-06T091657.858-2048x327.png 2048w\" sizes=\"auto, (max-width: 800px) 100vw, 800px\" \/>\t\t\t\t\t\t\t\t<\/a>\n\t\t<h3 style=\"font-family: Poppins, sans-serif; color: #7a7a7a;\"><span class=\"ez-toc-section\" id=\"Cirurgia_da_Mao_R3_e_R4\"><\/span><strong>Cirurgia da M\u00e3o, R3 e R4<\/strong><span class=\"ez-toc-section-end\"><\/span><\/h3>\n<p>De acordo com o edital, estas s\u00e3o as vagas de Ampla concorr\u00eancia das resid\u00eancias m\u00e9dicas\u00a0de<strong><a href=\"https:\/\/www.cepuerj.uerj.br\/uploads\/concursos\/169482618227023314d0b8391f5e5029ba80cbee78e7ee39a\/1045837691.pdf\" target=\"_blank\" rel=\"nofollow noopener\"> R3, R4 e Cirurgia de M\u00e3o<\/a>\u00a0<\/strong>da UERJ 2023\/2024.<\/p>\n<p>\u00a0<\/p>\n<p>AC:\u00a0Vagas de Ampla Concorr\u00eancia;<br \/>\u00a0I:\u00a0Vagas destinadas a candidatos\u00a0negros e ind\u00edgenas;<\/p>\n<p>II:\u00a0Vagas destinadas a candidatos\u00a0de rede p\u00fablica e privada superior;<\/p>\n<p>III:\u00a0Candidatos com defici\u00eancia,\u00a0<\/p>\n<p>SM:\u00a0Vagas reservadas para candidatos com Servi\u00e7o Militar obrigat\u00f3rio<\/p>\n<p>\u00a0<\/p>\n<p>\u00a0<\/p>\n<figure>\n<table>\n<tbody>\n<tr>\n<td style=\"background-color: rgba(128, 128, 128, 0.07);\">Especialidades<\/td>\n<td style=\"background-color: rgba(128, 128, 128, 0.07);\"><b>Vagas Totais<\/b><\/td>\n<\/tr>\n<tr>\n<td>Administra\u00e7\u00e3o em Sa\u00fade*<\/td>\n<td>20 (AC=15); (I=02); (II=02); (III=01)<\/td>\n<\/tr>\n<tr>\n<td style=\"background-color: rgba(128, 128, 128, 0.07);\">Angiologia e Cirurgia Endovascular<\/td>\n<td style=\"background-color: rgba(128, 128, 128, 0.07);\">03<\/td>\n<\/tr>\n<tr>\n<td>Cirurgia da M\u00e3o<\/td>\n<td>02<\/td>\n<\/tr>\n<tr>\n<td style=\"background-color: rgba(128, 128, 128, 0.07);\">Cirurgia Craniomaxilofacial<\/td>\n<td style=\"background-color: rgba(128, 128, 128, 0.07);\">01<\/td>\n<\/tr>\n<tr>\n<td>Cl\u00ednica M\u00e9dica<\/td>\n<td>02<\/td>\n<\/tr>\n<tr>\n<td style=\"background-color: rgba(128, 128, 128, 0.07);\">Ecografia Vascular com Doppler<\/td>\n<td style=\"background-color: rgba(128, 128, 128, 0.07);\">02<\/td>\n<\/tr>\n<tr>\n<td>Endocrinologia Pedi\u00e1trica<\/td>\n<td>02<\/td>\n<\/tr>\n<tr>\n<td style=\"background-color: rgba(128, 128, 128, 0.07);\">Endoscopia Ginecol\u00f3gica<\/td>\n<td style=\"background-color: rgba(128, 128, 128, 0.07);\">02<\/td>\n<\/tr>\n<tr>\n<td>Endoscopia Respirat\u00f3ria (Cirurgia Tor\u00e1cica)<\/td>\n<td>01<\/td>\n<\/tr>\n<tr>\n<td style=\"background-color: rgba(128, 128, 128, 0.07);\">Endoscopia Respirat\u00f3ria (Pneumologia)<\/td>\n<td style=\"background-color: rgba(128, 128, 128, 0.07);\">01<\/td>\n<\/tr>\n<tr>\n<td>Ecocardiografia<\/td>\n<td>02<\/td>\n<\/tr>\n<tr>\n<td style=\"background-color: rgba(128, 128, 128, 0.07);\">Hemodin\u00e2mica e Cardiologia Intervencionista<\/td>\n<td style=\"background-color: rgba(128, 128, 128, 0.07);\">01<\/td>\n<\/tr>\n<tr>\n<td>Medicina do Adolescente<\/td>\n<td>06 (AC=04); (I=01); (II=01)<\/td>\n<\/tr>\n<tr>\n<td style=\"background-color: rgba(128, 128, 128, 0.07);\">Medicina Intensiva Pedi\u00e1trica<\/td>\n<td style=\"background-color: rgba(128, 128, 128, 0.07);\">01<\/td>\n<\/tr>\n<tr>\n<td>Neonatologia<\/td>\n<td>04<\/td>\n<\/tr>\n<tr>\n<td style=\"background-color: rgba(128, 128, 128, 0.07);\">Neurofisiologia Cl\u00ednica<\/td>\n<td style=\"background-color: rgba(128, 128, 128, 0.07);\">02<\/td>\n<\/tr>\n<tr>\n<td>Transplante de Medula \u00d3ssea<\/td>\n<td>02<\/td>\n<\/tr>\n<tr>\n<td style=\"background-color: rgba(128, 128, 128, 0.07);\">Transplante Renal (Nefrologia)<\/td>\n<td style=\"background-color: rgba(128, 128, 128, 0.07);\">02<\/td>\n<\/tr>\n<tr>\n<td>Transplante Renal (Urologia)<\/td>\n<td>02<\/td>\n<\/tr>\n<tr>\n<td style=\"background-color: rgba(128, 128, 128, 0.07);\">Ultrassonografia<\/td>\n<td style=\"background-color: rgba(128, 128, 128, 0.07);\">01<\/td>\n<\/tr>\n<\/tbody>\n<\/table>\n<\/figure><h2 id=\"h-residencia-medica-uerj-2023-2024-cronograma\" style=\"font-family: Poppins, sans-serif; color: #7a7a7a;\"><span class=\"ez-toc-section\" id=\"Residencia_Medica_UERJ_20232024_Cronograma\"><\/span><strong>Resid\u00eancia M\u00e9dica UERJ 2023\/2024: Cronograma<\/strong><span class=\"ez-toc-section-end\"><\/span><\/h2>\n<ul>\n<li><strong>Isen\u00e7\u00e3o:<\/strong> 19 a 21\/09\/2023<\/li>\n<li><strong>Inscri\u00e7\u00f5es:<\/strong> 19\/09 a 18\/10\/2023<\/li>\n<li><strong>Envio dos documentos comprobat\u00f3rios:<\/strong> 19\/09 a 19\/10\/2023<\/li>\n<li><strong>Prova objetiva e Gabarito preliminar:<\/strong> 18\/11\/2023<\/li>\n<li><strong>Recursos:<\/strong> 19 a 21\/11\/2023<\/li>\n<li><strong>Resultado Final (Acesso Direto e Pr\u00e9-Requisito):<\/strong> 11\/01\/2024<\/li>\n<li><strong>Resultado Final (Cirurgia da M\u00e3o, R3 e R4):<\/strong> 30\/01\/2024<\/li>\n<li><strong>Confirma\u00e7\u00e3o de interesse na vaga:<\/strong> 05 a 07\/02\/2024<\/li>\n<li>L<strong>istagem de candidatos aptos para matr\u00edcula:<\/strong> 08\/02\/2024<\/li>\n<li><strong>Matr\u00edculas:<\/strong> 19 a 23\/02\/2024<\/li>\n<li><strong>In\u00edcio dos programas:<\/strong> 01\/03\/2024<\/li>\n<\/ul>\t\t\n\t\t<h2 id=\"h-conquiste-a-aprovacao\" style=\"font-family: Poppins, sans-serif; color: rgb(122, 122, 122);\"><span class=\"ez-toc-section\" id=\"Conquiste_a_aprovacao\"><\/span>Conquiste a aprova\u00e7\u00e3o<span class=\"ez-toc-section-end\"><\/span><\/h2><p><\/p><p><\/p><p>As provas de resid\u00eancia est\u00e3o cada vez mais \/perto! Se voc\u00ea<a href=\"https:\/\/www.grupomedcof.com.br\/blog\/presenca-da-medcof-nas-aprovacoes-em-residencia-medica-no-brasil\/\" target=\"_blank\" rel=\"noreferrer noopener\">&nbsp;quer&nbsp;ser mais&nbsp;um aprovado<\/a>&nbsp;nas melhores resid\u00eancias m\u00e9dicas do pa\u00eds, ent\u00e3o conhe\u00e7a o<a href=\"https:\/\/www.grupomedcof.com.br\/\" target=\"_blank\" rel=\"noreferrer noopener\">&nbsp;Grupo&nbsp;MedCof<\/a>!&nbsp;Temos um cat\u00e1logo repleto de cursos que te guiar\u00e3o na jornada para as provas de Resid\u00eancia M\u00e9dica que ocorrer\u00e3o em 2023\/2024!<\/p>\t\t\n\t\t\t\t\t\t\t\t\t\t\t\t\t\t\t\t<a href=\"https:\/\/www.grupomedcof.com.br\/\" target=\"_blank\" rel=\"noopener\">\n\t\t\t\t\t\t\t<img loading=\"lazy\" decoding=\"async\" width=\"800\" height=\"378\" src=\"https:\/\/www.grupomedcof.com.br\/blog\/wp-content\/uploads\/2023\/08\/Captura-de-tela-2023-08-16-103405-e1692192957450-1024x484.png\" alt=\"medcof residencia medica, curso Intensivo para Resid\u00eancia M\u00e9dica, curso para resid\u00eancia m\u00e9dica, medcof hiit, aulas medcof,\" srcset=\"https:\/\/www.grupomedcof.com.br\/blog\/wp-content\/uploads\/2023\/08\/Captura-de-tela-2023-08-16-103405-e1692192957450-1024x484.png 1024w, https:\/\/www.grupomedcof.com.br\/blog\/wp-content\/uploads\/2023\/08\/Captura-de-tela-2023-08-16-103405-e1692192957450-300x142.png 300w, https:\/\/www.grupomedcof.com.br\/blog\/wp-content\/uploads\/2023\/08\/Captura-de-tela-2023-08-16-103405-e1692192957450-768x363.png 768w, https:\/\/www.grupomedcof.com.br\/blog\/wp-content\/uploads\/2023\/08\/Captura-de-tela-2023-08-16-103405-e1692192957450.png 1145w\" sizes=\"auto, (max-width: 800px) 100vw, 800px\" \/>\t\t\t\t\t\t\t\t<\/a>","protected":false},"excerpt":{"rendered":"<p>A Universidade do Estado do Rio de Janeiro (UERJ) divulgou o edital com 286 vagas para resid\u00eancia m\u00e9dica 2023\/2024.<\/p>\n","protected":false},"author":6,"featured_media":13386,"comment_status":"open","ping_status":"open","sticky":false,"template":"","format":"standard","meta":{"footnotes":""},"categories":[10,174],"tags":[245,93,117,68,49],"ppma_author":[3609],"class_list":{"0":"post-13383","1":"post","2":"type-post","3":"status-publish","4":"format-standard","5":"has-post-thumbnail","7":"category-raio-x-editais","8":"category-residencia-medica","9":"tag-acesso-direto","10":"tag-especialidades-medicas","11":"tag-provas-de-residencia","12":"tag-residencia-medica","13":"tag-uerj"},"yoast_head":"<!-- This site is optimized with the Yoast SEO Premium plugin v24.3 (Yoast SEO v27.4) - https:\/\/yoast.com\/product\/yoast-seo-premium-wordpress\/ -->\n<title>Edital Resid\u00eancia M\u00e9dica UERJ 2023\/2024 - Blog de Medcof: conte\u00fados, editais, revalida e mais!<\/title>\n<meta name=\"description\" content=\"A Universidade do Estado do Rio de Janeiro (UERJ) divulgou o edital com 286 vagas para resid\u00eancia m\u00e9dica 2023\/2024.\" \/>\n<meta name=\"robots\" content=\"index, follow, max-snippet:-1, max-image-preview:large, max-video-preview:-1\" \/>\n<link rel=\"canonical\" href=\"https:\/\/www.grupomedcof.com.br\/blog\/edital-residencia-medica-uerj-2023-2024\/\" \/>\n<meta property=\"og:locale\" content=\"pt_BR\" \/>\n<meta property=\"og:type\" content=\"article\" \/>\n<meta property=\"og:title\" content=\"Edital Resid\u00eancia M\u00e9dica UERJ 2023\/2024\" \/>\n<meta property=\"og:description\" content=\"A Universidade do Estado do Rio de Janeiro (UERJ) divulgou o edital com 286 vagas para resid\u00eancia m\u00e9dica 2023\/2024.\" \/>\n<meta property=\"og:url\" content=\"https:\/\/www.grupomedcof.com.br\/blog\/edital-residencia-medica-uerj-2023-2024\/\" \/>\n<meta property=\"og:site_name\" content=\"Blog de Medcof: conte\u00fados, editais, revalida e mais!\" \/>\n<meta property=\"article:publisher\" content=\"https:\/\/www.facebook.com\/MedCofQbank\/\" \/>\n<meta property=\"article:published_time\" content=\"2023-09-19T14:27:34+00:00\" \/>\n<meta property=\"og:image\" content=\"https:\/\/www.grupomedcof.com.br\/blog\/wp-content\/uploads\/2023\/09\/Blog-MedCof-37-1-1024x576.png\" \/>\n\t<meta property=\"og:image:width\" content=\"1024\" \/>\n\t<meta property=\"og:image:height\" content=\"576\" \/>\n\t<meta property=\"og:image:type\" content=\"image\/png\" \/>\n<meta name=\"author\" content=\"J\u00falia Moreira\" \/>\n<meta name=\"twitter:card\" content=\"summary_large_image\" \/>\n<meta name=\"twitter:label1\" content=\"Escrito por\" \/>\n\t<meta name=\"twitter:data1\" content=\"J\u00falia Moreira\" \/>\n\t<meta name=\"twitter:label2\" content=\"Est. tempo de leitura\" \/>\n\t<meta name=\"twitter:data2\" content=\"8 minutos\" \/>\n<script type=\"application\/ld+json\" class=\"yoast-schema-graph\">{\"@context\":\"https:\\\/\\\/schema.org\",\"@graph\":[{\"@type\":\"Article\",\"@id\":\"https:\\\/\\\/www.grupomedcof.com.br\\\/blog\\\/edital-residencia-medica-uerj-2023-2024\\\/#article\",\"isPartOf\":{\"@id\":\"https:\\\/\\\/www.grupomedcof.com.br\\\/blog\\\/edital-residencia-medica-uerj-2023-2024\\\/\"},\"author\":{\"name\":\"J\u00falia Moreira\",\"@id\":\"https:\\\/\\\/www.grupomedcof.com.br\\\/blog\\\/#\\\/schema\\\/person\\\/1375e0ce724529d7a1d8156ea7f8ceaa\"},\"headline\":\"Edital Resid\u00eancia M\u00e9dica UERJ 2023\\\/2024\",\"datePublished\":\"2023-09-19T14:27:34+00:00\",\"mainEntityOfPage\":{\"@id\":\"https:\\\/\\\/www.grupomedcof.com.br\\\/blog\\\/edital-residencia-medica-uerj-2023-2024\\\/\"},\"wordCount\":706,\"commentCount\":0,\"publisher\":{\"@id\":\"https:\\\/\\\/www.grupomedcof.com.br\\\/blog\\\/#organization\"},\"image\":{\"@id\":\"https:\\\/\\\/www.grupomedcof.com.br\\\/blog\\\/edital-residencia-medica-uerj-2023-2024\\\/#primaryimage\"},\"thumbnailUrl\":\"https:\\\/\\\/www.grupomedcof.com.br\\\/blog\\\/wp-content\\\/uploads\\\/2023\\\/09\\\/Blog-MedCof-37-1.png\",\"keywords\":[\"Acesso Direto\",\"Especialidades m\u00e9dicas\",\"Provas de Resid\u00eancia\",\"Resid\u00eancia M\u00e9dica\",\"UERJ\"],\"articleSection\":[\"Raio-X Editais\",\"Resid\u00eancia m\u00e9dica: editais, resultados, temas quentes e mais\"],\"inLanguage\":\"pt-BR\"},{\"@type\":\"WebPage\",\"@id\":\"https:\\\/\\\/www.grupomedcof.com.br\\\/blog\\\/edital-residencia-medica-uerj-2023-2024\\\/\",\"url\":\"https:\\\/\\\/www.grupomedcof.com.br\\\/blog\\\/edital-residencia-medica-uerj-2023-2024\\\/\",\"name\":\"Edital Resid\u00eancia M\u00e9dica UERJ 2023\\\/2024 - Blog de Medcof: conte\u00fados, editais, revalida e mais!\",\"isPartOf\":{\"@id\":\"https:\\\/\\\/www.grupomedcof.com.br\\\/blog\\\/#website\"},\"primaryImageOfPage\":{\"@id\":\"https:\\\/\\\/www.grupomedcof.com.br\\\/blog\\\/edital-residencia-medica-uerj-2023-2024\\\/#primaryimage\"},\"image\":{\"@id\":\"https:\\\/\\\/www.grupomedcof.com.br\\\/blog\\\/edital-residencia-medica-uerj-2023-2024\\\/#primaryimage\"},\"thumbnailUrl\":\"https:\\\/\\\/www.grupomedcof.com.br\\\/blog\\\/wp-content\\\/uploads\\\/2023\\\/09\\\/Blog-MedCof-37-1.png\",\"datePublished\":\"2023-09-19T14:27:34+00:00\",\"description\":\"A Universidade do Estado do Rio de Janeiro (UERJ) divulgou o edital com 286 vagas para resid\u00eancia m\u00e9dica 2023\\\/2024.\",\"breadcrumb\":{\"@id\":\"https:\\\/\\\/www.grupomedcof.com.br\\\/blog\\\/edital-residencia-medica-uerj-2023-2024\\\/#breadcrumb\"},\"inLanguage\":\"pt-BR\",\"potentialAction\":[{\"@type\":\"ReadAction\",\"target\":[\"https:\\\/\\\/www.grupomedcof.com.br\\\/blog\\\/edital-residencia-medica-uerj-2023-2024\\\/\"]}]},{\"@type\":\"ImageObject\",\"inLanguage\":\"pt-BR\",\"@id\":\"https:\\\/\\\/www.grupomedcof.com.br\\\/blog\\\/edital-residencia-medica-uerj-2023-2024\\\/#primaryimage\",\"url\":\"https:\\\/\\\/www.grupomedcof.com.br\\\/blog\\\/wp-content\\\/uploads\\\/2023\\\/09\\\/Blog-MedCof-37-1.png\",\"contentUrl\":\"https:\\\/\\\/www.grupomedcof.com.br\\\/blog\\\/wp-content\\\/uploads\\\/2023\\\/09\\\/Blog-MedCof-37-1.png\",\"width\":2560,\"height\":1440,\"caption\":\"A Universidade do Estado do Rio de Janeiro (UERJ) divulgou o edital com 286 vagas para resid\u00eancia m\u00e9dica 2023\\\/2024.\"},{\"@type\":\"BreadcrumbList\",\"@id\":\"https:\\\/\\\/www.grupomedcof.com.br\\\/blog\\\/edital-residencia-medica-uerj-2023-2024\\\/#breadcrumb\",\"itemListElement\":[{\"@type\":\"ListItem\",\"position\":1,\"name\":\"In\u00edcio\",\"item\":\"https:\\\/\\\/www.grupomedcof.com.br\\\/blog\\\/\"},{\"@type\":\"ListItem\",\"position\":2,\"name\":\"Edital Resid\u00eancia M\u00e9dica UERJ 2023\\\/2024\"}]},{\"@type\":\"WebSite\",\"@id\":\"https:\\\/\\\/www.grupomedcof.com.br\\\/blog\\\/#website\",\"url\":\"https:\\\/\\\/www.grupomedcof.com.br\\\/blog\\\/\",\"name\":\"Blog de Medcof: conte\u00fados, editais, revalida e mais!\",\"description\":\"Acesso o blog de MedCof! Seu portal de conte\u00fados sobre resid\u00eancia m\u00e9dica, an\u00e1lise e editais e muito mais. Clique e confira!\",\"publisher\":{\"@id\":\"https:\\\/\\\/www.grupomedcof.com.br\\\/blog\\\/#organization\"},\"alternateName\":\"Blog de Medcof: conte\u00fados, editais, revalida e mais!\",\"potentialAction\":[{\"@type\":\"SearchAction\",\"target\":{\"@type\":\"EntryPoint\",\"urlTemplate\":\"https:\\\/\\\/www.grupomedcof.com.br\\\/blog\\\/?s={search_term_string}\"},\"query-input\":{\"@type\":\"PropertyValueSpecification\",\"valueRequired\":true,\"valueName\":\"search_term_string\"}}],\"inLanguage\":\"pt-BR\"},{\"@type\":\"Organization\",\"@id\":\"https:\\\/\\\/www.grupomedcof.com.br\\\/blog\\\/#organization\",\"name\":\"Grupo MedCof\",\"url\":\"https:\\\/\\\/www.grupomedcof.com.br\\\/blog\\\/\",\"logo\":{\"@type\":\"ImageObject\",\"inLanguage\":\"pt-BR\",\"@id\":\"https:\\\/\\\/www.grupomedcof.com.br\\\/blog\\\/#\\\/schema\\\/logo\\\/image\\\/\",\"url\":\"https:\\\/\\\/www.grupomedcof.com.br\\\/blog\\\/wp-content\\\/uploads\\\/2022\\\/01\\\/logo-medcof.png\",\"contentUrl\":\"https:\\\/\\\/www.grupomedcof.com.br\\\/blog\\\/wp-content\\\/uploads\\\/2022\\\/01\\\/logo-medcof.png\",\"width\":768,\"height\":269,\"caption\":\"Grupo MedCof\"},\"image\":{\"@id\":\"https:\\\/\\\/www.grupomedcof.com.br\\\/blog\\\/#\\\/schema\\\/logo\\\/image\\\/\"},\"sameAs\":[\"https:\\\/\\\/www.facebook.com\\\/MedCofQbank\\\/\",\"https:\\\/\\\/www.instagram.com\\\/grupomedcof\\\/\",\"https:\\\/\\\/br.linkedin.com\\\/company\\\/medcof\",\"https:\\\/\\\/www.youtube.com\\\/channel\\\/UCdHMuOHKICxcHwecxN8P-AA\"]},{\"@type\":\"Person\",\"@id\":\"https:\\\/\\\/www.grupomedcof.com.br\\\/blog\\\/#\\\/schema\\\/person\\\/1375e0ce724529d7a1d8156ea7f8ceaa\",\"name\":\"J\u00falia Moreira\",\"image\":{\"@type\":\"ImageObject\",\"inLanguage\":\"pt-BR\",\"@id\":\"https:\\\/\\\/www.grupomedcof.com.br\\\/blog\\\/wp-content\\\/uploads\\\/2024\\\/12\\\/cropped-Captura-de-tela-2023-12-15-094946-96x96.png6a0083ac34a0445de97d55fae63a4a41\",\"url\":\"https:\\\/\\\/www.grupomedcof.com.br\\\/blog\\\/wp-content\\\/uploads\\\/2024\\\/12\\\/cropped-Captura-de-tela-2023-12-15-094946-96x96.png\",\"contentUrl\":\"https:\\\/\\\/www.grupomedcof.com.br\\\/blog\\\/wp-content\\\/uploads\\\/2024\\\/12\\\/cropped-Captura-de-tela-2023-12-15-094946-96x96.png\",\"caption\":\"J\u00falia Moreira\"},\"description\":\"Estudante do 8\u00ba semestre de Jornalismo na ECA-USP, f\u00e3 de filmes de terror e m\u00fasica popular sul-coreana.\",\"sameAs\":[\"https:\\\/\\\/www.grupomedcof.com.br\\\/\"],\"url\":\"https:\\\/\\\/www.grupomedcof.com.br\\\/blog\\\/author\\\/julia\\\/\"}]}<\/script>\n<!-- \/ Yoast SEO Premium plugin. -->","yoast_head_json":{"title":"Edital Resid\u00eancia M\u00e9dica UERJ 2023\/2024 - Blog de Medcof: conte\u00fados, editais, revalida e mais!","description":"A Universidade do Estado do Rio de Janeiro (UERJ) divulgou o edital com 286 vagas para resid\u00eancia m\u00e9dica 2023\/2024.","robots":{"index":"index","follow":"follow","max-snippet":"max-snippet:-1","max-image-preview":"max-image-preview:large","max-video-preview":"max-video-preview:-1"},"canonical":"https:\/\/www.grupomedcof.com.br\/blog\/edital-residencia-medica-uerj-2023-2024\/","og_locale":"pt_BR","og_type":"article","og_title":"Edital Resid\u00eancia M\u00e9dica UERJ 2023\/2024","og_description":"A Universidade do Estado do Rio de Janeiro (UERJ) divulgou o edital com 286 vagas para resid\u00eancia m\u00e9dica 2023\/2024.","og_url":"https:\/\/www.grupomedcof.com.br\/blog\/edital-residencia-medica-uerj-2023-2024\/","og_site_name":"Blog de Medcof: conte\u00fados, editais, revalida e mais!","article_publisher":"https:\/\/www.facebook.com\/MedCofQbank\/","article_published_time":"2023-09-19T14:27:34+00:00","og_image":[{"width":1024,"height":576,"url":"https:\/\/www.grupomedcof.com.br\/blog\/wp-content\/uploads\/2023\/09\/Blog-MedCof-37-1-1024x576.png","type":"image\/png"}],"author":"J\u00falia Moreira","twitter_card":"summary_large_image","twitter_misc":{"Escrito por":"J\u00falia Moreira","Est. tempo de leitura":"8 minutos"},"schema":{"@context":"https:\/\/schema.org","@graph":[{"@type":"Article","@id":"https:\/\/www.grupomedcof.com.br\/blog\/edital-residencia-medica-uerj-2023-2024\/#article","isPartOf":{"@id":"https:\/\/www.grupomedcof.com.br\/blog\/edital-residencia-medica-uerj-2023-2024\/"},"author":{"name":"J\u00falia Moreira","@id":"https:\/\/www.grupomedcof.com.br\/blog\/#\/schema\/person\/1375e0ce724529d7a1d8156ea7f8ceaa"},"headline":"Edital Resid\u00eancia M\u00e9dica UERJ 2023\/2024","datePublished":"2023-09-19T14:27:34+00:00","mainEntityOfPage":{"@id":"https:\/\/www.grupomedcof.com.br\/blog\/edital-residencia-medica-uerj-2023-2024\/"},"wordCount":706,"commentCount":0,"publisher":{"@id":"https:\/\/www.grupomedcof.com.br\/blog\/#organization"},"image":{"@id":"https:\/\/www.grupomedcof.com.br\/blog\/edital-residencia-medica-uerj-2023-2024\/#primaryimage"},"thumbnailUrl":"https:\/\/www.grupomedcof.com.br\/blog\/wp-content\/uploads\/2023\/09\/Blog-MedCof-37-1.png","keywords":["Acesso Direto","Especialidades m\u00e9dicas","Provas de Resid\u00eancia","Resid\u00eancia M\u00e9dica","UERJ"],"articleSection":["Raio-X Editais","Resid\u00eancia m\u00e9dica: editais, resultados, temas quentes e mais"],"inLanguage":"pt-BR"},{"@type":"WebPage","@id":"https:\/\/www.grupomedcof.com.br\/blog\/edital-residencia-medica-uerj-2023-2024\/","url":"https:\/\/www.grupomedcof.com.br\/blog\/edital-residencia-medica-uerj-2023-2024\/","name":"Edital Resid\u00eancia M\u00e9dica UERJ 2023\/2024 - Blog de Medcof: conte\u00fados, editais, revalida e mais!","isPartOf":{"@id":"https:\/\/www.grupomedcof.com.br\/blog\/#website"},"primaryImageOfPage":{"@id":"https:\/\/www.grupomedcof.com.br\/blog\/edital-residencia-medica-uerj-2023-2024\/#primaryimage"},"image":{"@id":"https:\/\/www.grupomedcof.com.br\/blog\/edital-residencia-medica-uerj-2023-2024\/#primaryimage"},"thumbnailUrl":"https:\/\/www.grupomedcof.com.br\/blog\/wp-content\/uploads\/2023\/09\/Blog-MedCof-37-1.png","datePublished":"2023-09-19T14:27:34+00:00","description":"A Universidade do Estado do Rio de Janeiro (UERJ) divulgou o edital com 286 vagas para resid\u00eancia m\u00e9dica 2023\/2024.","breadcrumb":{"@id":"https:\/\/www.grupomedcof.com.br\/blog\/edital-residencia-medica-uerj-2023-2024\/#breadcrumb"},"inLanguage":"pt-BR","potentialAction":[{"@type":"ReadAction","target":["https:\/\/www.grupomedcof.com.br\/blog\/edital-residencia-medica-uerj-2023-2024\/"]}]},{"@type":"ImageObject","inLanguage":"pt-BR","@id":"https:\/\/www.grupomedcof.com.br\/blog\/edital-residencia-medica-uerj-2023-2024\/#primaryimage","url":"https:\/\/www.grupomedcof.com.br\/blog\/wp-content\/uploads\/2023\/09\/Blog-MedCof-37-1.png","contentUrl":"https:\/\/www.grupomedcof.com.br\/blog\/wp-content\/uploads\/2023\/09\/Blog-MedCof-37-1.png","width":2560,"height":1440,"caption":"A Universidade do Estado do Rio de Janeiro (UERJ) divulgou o edital com 286 vagas para resid\u00eancia m\u00e9dica 2023\/2024."},{"@type":"BreadcrumbList","@id":"https:\/\/www.grupomedcof.com.br\/blog\/edital-residencia-medica-uerj-2023-2024\/#breadcrumb","itemListElement":[{"@type":"ListItem","position":1,"name":"In\u00edcio","item":"https:\/\/www.grupomedcof.com.br\/blog\/"},{"@type":"ListItem","position":2,"name":"Edital Resid\u00eancia M\u00e9dica UERJ 2023\/2024"}]},{"@type":"WebSite","@id":"https:\/\/www.grupomedcof.com.br\/blog\/#website","url":"https:\/\/www.grupomedcof.com.br\/blog\/","name":"Blog de Medcof: conte\u00fados, editais, revalida e mais!","description":"Acesso o blog de MedCof! Seu portal de conte\u00fados sobre resid\u00eancia m\u00e9dica, an\u00e1lise e editais e muito mais. Clique e confira!","publisher":{"@id":"https:\/\/www.grupomedcof.com.br\/blog\/#organization"},"alternateName":"Blog de Medcof: conte\u00fados, editais, revalida e mais!","potentialAction":[{"@type":"SearchAction","target":{"@type":"EntryPoint","urlTemplate":"https:\/\/www.grupomedcof.com.br\/blog\/?s={search_term_string}"},"query-input":{"@type":"PropertyValueSpecification","valueRequired":true,"valueName":"search_term_string"}}],"inLanguage":"pt-BR"},{"@type":"Organization","@id":"https:\/\/www.grupomedcof.com.br\/blog\/#organization","name":"Grupo MedCof","url":"https:\/\/www.grupomedcof.com.br\/blog\/","logo":{"@type":"ImageObject","inLanguage":"pt-BR","@id":"https:\/\/www.grupomedcof.com.br\/blog\/#\/schema\/logo\/image\/","url":"https:\/\/www.grupomedcof.com.br\/blog\/wp-content\/uploads\/2022\/01\/logo-medcof.png","contentUrl":"https:\/\/www.grupomedcof.com.br\/blog\/wp-content\/uploads\/2022\/01\/logo-medcof.png","width":768,"height":269,"caption":"Grupo MedCof"},"image":{"@id":"https:\/\/www.grupomedcof.com.br\/blog\/#\/schema\/logo\/image\/"},"sameAs":["https:\/\/www.facebook.com\/MedCofQbank\/","https:\/\/www.instagram.com\/grupomedcof\/","https:\/\/br.linkedin.com\/company\/medcof","https:\/\/www.youtube.com\/channel\/UCdHMuOHKICxcHwecxN8P-AA"]},{"@type":"Person","@id":"https:\/\/www.grupomedcof.com.br\/blog\/#\/schema\/person\/1375e0ce724529d7a1d8156ea7f8ceaa","name":"J\u00falia Moreira","image":{"@type":"ImageObject","inLanguage":"pt-BR","@id":"https:\/\/www.grupomedcof.com.br\/blog\/wp-content\/uploads\/2024\/12\/cropped-Captura-de-tela-2023-12-15-094946-96x96.png6a0083ac34a0445de97d55fae63a4a41","url":"https:\/\/www.grupomedcof.com.br\/blog\/wp-content\/uploads\/2024\/12\/cropped-Captura-de-tela-2023-12-15-094946-96x96.png","contentUrl":"https:\/\/www.grupomedcof.com.br\/blog\/wp-content\/uploads\/2024\/12\/cropped-Captura-de-tela-2023-12-15-094946-96x96.png","caption":"J\u00falia Moreira"},"description":"Estudante do 8\u00ba semestre de Jornalismo na ECA-USP, f\u00e3 de filmes de terror e m\u00fasica popular sul-coreana.","sameAs":["https:\/\/www.grupomedcof.com.br\/"],"url":"https:\/\/www.grupomedcof.com.br\/blog\/author\/julia\/"}]}},"authors":[{"term_id":3609,"user_id":6,"is_guest":0,"slug":"julia","display_name":"J\u00falia Moreira","avatar_url":"https:\/\/www.grupomedcof.com.br\/blog\/wp-content\/uploads\/2024\/12\/cropped-Captura-de-tela-2023-12-15-094946-96x96.png","0":null,"1":"","2":"","3":"","4":"","5":"","6":"","7":"","8":""}],"_links":{"self":[{"href":"https:\/\/www.grupomedcof.com.br\/blog\/wp-json\/wp\/v2\/posts\/13383","targetHints":{"allow":["GET"]}}],"collection":[{"href":"https:\/\/www.grupomedcof.com.br\/blog\/wp-json\/wp\/v2\/posts"}],"about":[{"href":"https:\/\/www.grupomedcof.com.br\/blog\/wp-json\/wp\/v2\/types\/post"}],"author":[{"embeddable":true,"href":"https:\/\/www.grupomedcof.com.br\/blog\/wp-json\/wp\/v2\/users\/6"}],"replies":[{"embeddable":true,"href":"https:\/\/www.grupomedcof.com.br\/blog\/wp-json\/wp\/v2\/comments?post=13383"}],"version-history":[{"count":0,"href":"https:\/\/www.grupomedcof.com.br\/blog\/wp-json\/wp\/v2\/posts\/13383\/revisions"}],"wp:featuredmedia":[{"embeddable":true,"href":"https:\/\/www.grupomedcof.com.br\/blog\/wp-json\/wp\/v2\/media\/13386"}],"wp:attachment":[{"href":"https:\/\/www.grupomedcof.com.br\/blog\/wp-json\/wp\/v2\/media?parent=13383"}],"wp:term":[{"taxonomy":"category","embeddable":true,"href":"https:\/\/www.grupomedcof.com.br\/blog\/wp-json\/wp\/v2\/categories?post=13383"},{"taxonomy":"post_tag","embeddable":true,"href":"https:\/\/www.grupomedcof.com.br\/blog\/wp-json\/wp\/v2\/tags?post=13383"},{"taxonomy":"author","embeddable":true,"href":"https:\/\/www.grupomedcof.com.br\/blog\/wp-json\/wp\/v2\/ppma_author?post=13383"}],"curies":[{"name":"wp","href":"https:\/\/api.w.org\/{rel}","templated":true}]}}