{"id":13446,"date":"2026-02-20T15:47:04","date_gmt":"2026-02-20T18:47:04","guid":{"rendered":"https:\/\/www.grupomedcof.com.br\/blog\/?p=13446"},"modified":"2026-02-20T15:48:45","modified_gmt":"2026-02-20T18:48:45","slug":"triagem-auditiva-neonatal-tan","status":"publish","type":"post","link":"https:\/\/www.grupomedcof.com.br\/blog\/triagem-auditiva-neonatal-tan\/","title":{"rendered":"Minist\u00e9rio da Sa\u00fade publica novo Guia Nacional da Triagem Auditiva Neonatal"},"content":{"rendered":"<div id=\"ez-toc-container\" class=\"ez-toc-v2_0_74 counter-hierarchy ez-toc-counter ez-toc-transparent ez-toc-container-direction\">\n<div class=\"ez-toc-title-container\">\n<p class=\"ez-toc-title\" style=\"cursor:inherit\">Sum\u00e1rio<\/p>\n<span class=\"ez-toc-title-toggle\"><a href=\"#\" class=\"ez-toc-pull-right ez-toc-btn ez-toc-btn-xs ez-toc-btn-default ez-toc-toggle\" aria-label=\"Alternar tabela de conte\u00fado\"><span class=\"ez-toc-js-icon-con\"><span class=\"\"><span class=\"eztoc-hide\" style=\"display:none;\">Toggle<\/span><span class=\"ez-toc-icon-toggle-span\"><svg style=\"fill: #999;color:#999\" xmlns=\"http:\/\/www.w3.org\/2000\/svg\" class=\"list-377408\" width=\"20px\" height=\"20px\" viewBox=\"0 0 24 24\" fill=\"none\"><path d=\"M6 6H4v2h2V6zm14 0H8v2h12V6zM4 11h2v2H4v-2zm16 0H8v2h12v-2zM4 16h2v2H4v-2zm16 0H8v2h12v-2z\" fill=\"currentColor\"><\/path><\/svg><svg style=\"fill: #999;color:#999\" class=\"arrow-unsorted-368013\" xmlns=\"http:\/\/www.w3.org\/2000\/svg\" width=\"10px\" height=\"10px\" viewBox=\"0 0 24 24\" version=\"1.2\" baseProfile=\"tiny\"><path d=\"M18.2 9.3l-6.2-6.3-6.2 6.3c-.2.2-.3.4-.3.7s.1.5.3.7c.2.2.4.3.7.3h11c.3 0 .5-.1.7-.3.2-.2.3-.5.3-.7s-.1-.5-.3-.7zM5.8 14.7l6.2 6.3 6.2-6.3c.2-.2.3-.5.3-.7s-.1-.5-.3-.7c-.2-.2-.4-.3-.7-.3h-11c-.3 0-.5.1-.7.3-.2.2-.3.5-.3.7s.1.5.3.7z\"\/><\/svg><\/span><\/span><\/span><\/a><\/span><\/div>\n<nav><ul class='ez-toc-list ez-toc-list-level-1 ' ><li class='ez-toc-page-1 ez-toc-heading-level-2'><a class=\"ez-toc-link ez-toc-heading-1\" href=\"https:\/\/www.grupomedcof.com.br\/blog\/triagem-auditiva-neonatal-tan\/#Novo_Guia_para_Triagem_Auditiva_Neonatal\" >Novo Guia para Triagem Auditiva Neonatal<\/a><\/li><li class='ez-toc-page-1 ez-toc-heading-level-2'><a class=\"ez-toc-link ez-toc-heading-2\" href=\"https:\/\/www.grupomedcof.com.br\/blog\/triagem-auditiva-neonatal-tan\/#Fases_do_exame\" >Fases do exame<\/a><ul class='ez-toc-list-level-3' ><li class='ez-toc-heading-level-3'><a class=\"ez-toc-link ez-toc-heading-3\" href=\"https:\/\/www.grupomedcof.com.br\/blog\/triagem-auditiva-neonatal-tan\/#Emissoes_otoacusticas_EOA\" >Emiss\u00f5es otoac\u00fasticas (EOA)<\/a><\/li><li class='ez-toc-page-1 ez-toc-heading-level-3'><a class=\"ez-toc-link ez-toc-heading-4\" href=\"https:\/\/www.grupomedcof.com.br\/blog\/triagem-auditiva-neonatal-tan\/#Potencial_Evocado_Auditivo_de_Estado_Estavel_do_Tronco_Encefalico_PEATE\" >Potencial Evocado Auditivo de Estado Est\u00e1vel do Tronco Encef\u00e1lico (PEATE)<\/a><\/li><\/ul><\/li><li class='ez-toc-page-1 ez-toc-heading-level-2'><a class=\"ez-toc-link ez-toc-heading-5\" href=\"https:\/\/www.grupomedcof.com.br\/blog\/triagem-auditiva-neonatal-tan\/#Como_decidir_qual_exame_realizar\" >Como decidir qual exame realizar?<\/a><ul class='ez-toc-list-level-3' ><li class='ez-toc-heading-level-3'><a class=\"ez-toc-link ez-toc-heading-6\" href=\"https:\/\/www.grupomedcof.com.br\/blog\/triagem-auditiva-neonatal-tan\/#Indicadores_de_Risco_para_Deficiencia_Auditiva_1\" >Indicadores de Risco para Defici\u00eancia Auditiva 1<\/a><\/li><li class='ez-toc-page-1 ez-toc-heading-level-3'><a class=\"ez-toc-link ez-toc-heading-7\" href=\"https:\/\/www.grupomedcof.com.br\/blog\/triagem-auditiva-neonatal-tan\/#Indicadores_de_Risco_para_Deficiencia_Auditiva_2\" >Indicadores de Risco para Defici\u00eancia Auditiva 2<\/a><\/li><\/ul><\/li><li class='ez-toc-page-1 ez-toc-heading-level-2'><a class=\"ez-toc-link ez-toc-heading-8\" href=\"https:\/\/www.grupomedcof.com.br\/blog\/triagem-auditiva-neonatal-tan\/#Resumo_comparativo\" >Resumo comparativo<\/a><\/li><li class='ez-toc-page-1 ez-toc-heading-level-2'><a class=\"ez-toc-link ez-toc-heading-9\" href=\"https:\/\/www.grupomedcof.com.br\/blog\/triagem-auditiva-neonatal-tan\/#O_metodo_que_te_aprova\" >O m\u00e9todo que te aprova!<\/a><\/li><\/ul><\/nav><\/div>\n\n<figure class=\"wp-block-image size-large\"><img loading=\"lazy\" decoding=\"async\" width=\"1024\" height=\"576\" src=\"https:\/\/www.grupomedcof.com.br\/blog\/wp-content\/uploads\/2023\/09\/Blog-MedCof-44-1024x576.png\" alt=\"bera triagem, triagem auditiva, eoa exame, teste da orelhinha ate que idade, teste da orelhinha positivo, aparelho teste da orelhinha, teste da orelinha\" class=\"wp-image-13772\" srcset=\"https:\/\/www.grupomedcof.com.br\/blog\/wp-content\/uploads\/2023\/09\/Blog-MedCof-44-1024x576.png 1024w, https:\/\/www.grupomedcof.com.br\/blog\/wp-content\/uploads\/2023\/09\/Blog-MedCof-44-300x169.png 300w, https:\/\/www.grupomedcof.com.br\/blog\/wp-content\/uploads\/2023\/09\/Blog-MedCof-44-768x432.png 768w, https:\/\/www.grupomedcof.com.br\/blog\/wp-content\/uploads\/2023\/09\/Blog-MedCof-44-1536x864.png 1536w, https:\/\/www.grupomedcof.com.br\/blog\/wp-content\/uploads\/2023\/09\/Blog-MedCof-44-2048x1152.png 2048w\" sizes=\"auto, (max-width: 1024px) 100vw, 1024px\" \/><\/figure>\n\n\n\n<p>Em novembro de 2025, o Minist\u00e9rio da Sa\u00fade publicou um novo Guia Nacional da <strong>Triagem Auditiva Neonatal<\/strong>, popularmente conhecido como teste da Orelhinha. O documento atualiza crit\u00e9rios, orienta\u00e7\u00f5es e fluxos assistenciais para o cuidado auditivo de rec\u00e9m-nascidos em todo o pa\u00eds.<\/p>\n\n\n\n<h2 class=\"wp-block-heading\" id=\"h-novo-guia-para-triagem-auditiva-neonatal\"><span class=\"ez-toc-section\" id=\"Novo_Guia_para_Triagem_Auditiva_Neonatal\"><\/span><strong>Novo Guia para Triagem Auditiva Neonatal<\/strong><span class=\"ez-toc-section-end\"><\/span><\/h2>\n\n\n\n<p>O teste da orelhinha \u00e9 um exame r\u00e1pido, indolor e gratuito que tem como objetivo <strong>detectar precocemente defici\u00eancias auditivas em rec\u00e9m-nascidos. <\/strong><\/p>\n\n\n\n<p>De acordo com o documento atualizado pelo Minist\u00e9rio da Sa\u00fade, a Triagem Auditiva Neonatal fica recomendada para <strong>todo rec\u00e9m-nascido ainda na maternidade<\/strong> (entre 24 e 48 horas) ou no <strong>m\u00e1ximo at\u00e9 o primeiro m\u00eas de vida. <\/strong>Caso haja <strong>falha<\/strong>, \u00e9 preciso realizar o teste <strong>at\u00e9 o 15\u00ba dia de vida.<\/strong><\/p>\n\n\n\n<h2 class=\"wp-block-heading\" id=\"h-fases-do-exame\"><span class=\"ez-toc-section\" id=\"Fases_do_exame\"><\/span><strong>Fases do exame<\/strong><span class=\"ez-toc-section-end\"><\/span><\/h2>\n\n\n\n<p>Ainda, o documento estabelece uma nova meta:<\/p>\n\n\n\n<ul class=\"wp-block-list\">\n<li><strong>Primeiro m\u00eas de vida<\/strong>: realiza\u00e7\u00e3o da Triagem Auditiva Neonatal;<\/li>\n\n\n\n<li>At\u00e9 o segundo m\u00eas: confirma\u00e7\u00e3o da perda auditiva;<\/li>\n\n\n\n<li>No terceiro m\u00eas: interven\u00e7\u00e3o.<\/li>\n<\/ul>\n\n\n\n<p>Para isso, h\u00e1 dois exames poss\u00edveis:<\/p>\n\n\n\n<h3 class=\"wp-block-heading\" id=\"h-emissoes-otoacusticas-eoa\"><span class=\"ez-toc-section\" id=\"Emissoes_otoacusticas_EOA\"><\/span><strong>Emiss\u00f5es otoac\u00fasticas<\/strong> <strong>(EOA)<\/strong><span class=\"ez-toc-section-end\"><\/span><\/h3>\n\n\n\n<p>Este \u00e9 o primeiro teste realizado para detectar perda auditiva ou surdez, podendo ser realizado desde o nascimento. Ocorre por meio de emiss\u00f5es otoac\u00fasticas, com um receptor em cada orelha do paciente, detectando a viabilidade das c\u00e9lulas ciliadas externas.<\/p>\n\n\n\n<p>Dependendo da resposta dessas c\u00e9lulas, podem ser detectadas defici\u00eancias auditivas, por\u00e9m, n\u00e3o \u00e9 poss\u00edvel reconhecer o grau da perda auditiva.<\/p>\n\n\n\n<figure class=\"wp-block-image\"><img decoding=\"async\" src=\"https:\/\/www.grupomedcof.com.br\/blog\/wp-content\/uploads\/2023\/09\/TESTE_DA_ORELINHA_2.png\" alt=\"bera triagem, triagem auditiva, eoa exame, teste da orelhinha ate que idade, teste da orelhinha positivo, aparelho teste da orelhinha, teste da orelinha\"\/><figcaption class=\"wp-element-caption\">EOA (emiss\u00e3o otoac\u00fastica).<br>Fonte: Minist\u00e9rio da Sa\u00fade.<\/figcaption><\/figure>\n\n\n\n<h3 class=\"wp-block-heading\" id=\"h-potencial-evocado-auditivo-de-estado-estavel-do-tronco-encefalico-peate\"><span class=\"ez-toc-section\" id=\"Potencial_Evocado_Auditivo_de_Estado_Estavel_do_Tronco_Encefalico_PEATE\"><\/span><strong>Potencial Evocado Auditivo de Estado Est\u00e1vel do Tronco Encef\u00e1lico<\/strong> <strong>(PEATE)<\/strong><span class=\"ez-toc-section-end\"><\/span><\/h3>\n\n\n\n<p>Caso o primeiro teste demonstre altera\u00e7\u00f5es, deve-se proceder com este segundo teste que permite avaliar toda a via auditiva e medir o n\u00edvel da audi\u00e7\u00e3o, bem como o tipo de perda auditiva.<\/p>\n\n\n\n<p>O teste \u00e9 realizado enquanto o beb\u00ea estiver dormindo, para que o paciente permane\u00e7a im\u00f3vel para obter um resultado mais preciso. <\/p>\n\n\n\n<p>Ap\u00f3s a realiza\u00e7\u00e3o, \u00e9 poss\u00edvel concluir se h\u00e1 uma detec\u00e7\u00e3o completa de problemas auditivos. <\/p>\n\n\n\n<figure class=\"wp-block-image\"><img decoding=\"async\" src=\"https:\/\/www.grupomedcof.com.br\/blog\/wp-content\/uploads\/2023\/09\/Captura-de-tela-2023-09-21-165159.png\" alt=\"bera triagem, triagem auditiva, eoa exame, teste da orelhinha ate que idade, teste da orelhinha positivo, aparelho teste da orelhinha, teste da orelinha\"\/><figcaption class=\"wp-element-caption\">Fonte: BRAINSTEM EVOKED RESPONSE AUDIOMETRY (BERA) Dr. Meenesh Ravindra Juvekar<\/figcaption><\/figure>\n\n\n\n<h2 class=\"wp-block-heading\" id=\"h-como-decidir-qual-exame-realizar\"><span class=\"ez-toc-section\" id=\"Como_decidir_qual_exame_realizar\"><\/span><strong>Como decidir qual exame realizar?<\/strong><span class=\"ez-toc-section-end\"><\/span><\/h2>\n\n\n\n<p>Para decidir o exame ideal, deve-se avaliar a presen\u00e7a de indicadores de risco para defici\u00eancia auditiva. <\/p>\n\n\n\n<h3 class=\"wp-block-heading\" id=\"h-indicadores-de-risco-para-deficiencia-auditiva-1\"><span class=\"ez-toc-section\" id=\"Indicadores_de_Risco_para_Deficiencia_Auditiva_1\"><\/span><strong>Indicadores de Risco para Defici\u00eancia Auditiva 1<\/strong><span class=\"ez-toc-section-end\"><\/span><\/h3>\n\n\n\n<p>Esses indicadores (IRDA) s\u00e3o aqueles associados a maior ocorr\u00eancia de perdas auditivas cocleares:<\/p>\n\n\n\n<ul class=\"wp-block-list\">\n<li>Infec\u00e7\u00f5es cong\u00eanitas do grupo STORCH+Z, incluindo a s\u00edndrome cong\u00eanita do v\u00edrus Zika, mesmo que o diagn\u00f3stico ainda esteja em investiga\u00e7\u00e3o;<\/li>\n\n\n\n<li>Uso de medica\u00e7\u00f5es otot\u00f3xicas;<\/li>\n\n\n\n<li>Anomalias craniofaciais do primeiro e do segundo arcos branquiais, com o envolvimento da orelha e osso temporal, a exemplo de microtia\/atresia, ap\u00eandice pr\u00e9-auricular, f\u00edstula\/ coloboma auricular, fenda labiopalatina, microcefalia cong\u00eanita ou hidrocefalia adquirida;<\/li>\n\n\n\n<li>Hereditariedade (casos de surdez gen\u00e9tica na fam\u00edlia).<\/li>\n<\/ul>\n\n\n\n<p>Na inf\u00e2ncia, os seguintes indicadores devem ser considerados: <\/p>\n\n\n\n<ul class=\"wp-block-list\">\n<li>S\u00edndromes gen\u00e9ticas que usualmente expressam perda auditiva: Usher, Waardenburg, Alport, Pendred;<\/li>\n\n\n\n<li>Infec\u00e7\u00f5es bacterianas ou virais p\u00f3s-natais: meningites, sarampo, rub\u00e9ola, varicela, caxumba;<\/li>\n\n\n\n<li>Traumatismo Cranioencef\u00e1lico;<\/li>\n\n\n\n<li>Quimioterapia.<\/li>\n<\/ul>\n\n\n\n<p>Desse modo, sem IRDA ou com IRDA 1, o teste de escolha a ser realizado \u00e9 o de <strong>emiss\u00f5es otoac\u00fasticas<\/strong>, que possui alta sensibilidade e moderada especificidade, e permite identificar altera\u00e7\u00f5es de c\u00e9lulas ciliadas externas (CCE) &#8211; at\u00e9 perdas cocleares.<\/p>\n\n\n\n<h3 class=\"wp-block-heading\" id=\"h-indicadores-de-risco-para-deficiencia-auditiva-2\"><span class=\"ez-toc-section\" id=\"Indicadores_de_Risco_para_Deficiencia_Auditiva_2\"><\/span><strong>Indicadores de Risco para Defici\u00eancia Auditiva 2<\/strong><span class=\"ez-toc-section-end\"><\/span><\/h3>\n\n\n\n<p>J\u00e1 nesse caso, s\u00e3o associados \u00e0s perdas auditivas retrococleares e com o ENA (\u200b\u200bEspectro da Neuropatia Auditiva), mas tamb\u00e9m podem ocorrer perdas auditivas cocleares:<\/p>\n\n\n\n<ul class=\"wp-block-list\">\n<li>Perman\u00eancia em Utin por mais de cinco dias;<\/li>\n\n\n\n<li>Peso ao nascimento menor de 1.500 gramas;<\/li>\n\n\n\n<li>Hiperbilirrubinemia com exsanguineotransfus\u00e3o;&nbsp;<\/li>\n\n\n\n<li>Oxigena\u00e7\u00e3o por membrana extracorp\u00f3rea (ECMO);<\/li>\n\n\n\n<li>Ventila\u00e7\u00e3o mec\u00e2nica por mais de cinco dias;<\/li>\n\n\n\n<li>An\u00f3xia grave (Apgar 0-4 no 1\u00ba min ou de 0-6 no 5\u00ba min);<\/li>\n\n\n\n<li>Encefalopatia hip\u00f3xico-isqu\u00eamica;<\/li>\n\n\n\n<li>Hemorragia peri-ventricular.&nbsp;<\/li>\n<\/ul>\n\n\n\n<p>Na inf\u00e2ncia os seguintes indicadores devem ser considerados:<\/p>\n\n\n\n<ul class=\"wp-block-list\">\n<li>Dist\u00farbios Neurodegenerativos como: Ataxia de Friedreich, Doen\u00e7a de CharcotMarie-Tooth.<\/li>\n<\/ul>\n\n\n\n<p>Assim, com a presen\u00e7a de IRDA 2 deve-se realizar tanto o teste de <strong>emiss\u00f5es otoac\u00fasticas<\/strong>, como o <strong>Potencial Evocado Auditivo de Estado Est\u00e1vel do Tronco Encef\u00e1lico<\/strong>. <\/p>\n\n\n\n<figure class=\"wp-block-image size-large\"><img loading=\"lazy\" decoding=\"async\" width=\"1024\" height=\"1022\" src=\"https:\/\/www.grupomedcof.com.br\/blog\/wp-content\/uploads\/2023\/09\/image-2-1024x1022.png\" alt=\"\" class=\"wp-image-41948\" srcset=\"https:\/\/www.grupomedcof.com.br\/blog\/wp-content\/uploads\/2023\/09\/image-2-1024x1022.png 1024w, https:\/\/www.grupomedcof.com.br\/blog\/wp-content\/uploads\/2023\/09\/image-2-300x300.png 300w, https:\/\/www.grupomedcof.com.br\/blog\/wp-content\/uploads\/2023\/09\/image-2-150x150.png 150w, https:\/\/www.grupomedcof.com.br\/blog\/wp-content\/uploads\/2023\/09\/image-2-768x767.png 768w, https:\/\/www.grupomedcof.com.br\/blog\/wp-content\/uploads\/2023\/09\/image-2-421x420.png 421w, https:\/\/www.grupomedcof.com.br\/blog\/wp-content\/uploads\/2023\/09\/image-2-696x695.png 696w, https:\/\/www.grupomedcof.com.br\/blog\/wp-content\/uploads\/2023\/09\/image-2-1068x1066.png 1068w, https:\/\/www.grupomedcof.com.br\/blog\/wp-content\/uploads\/2023\/09\/image-2-96x96.png 96w, https:\/\/www.grupomedcof.com.br\/blog\/wp-content\/uploads\/2023\/09\/image-2.png 1356w\" sizes=\"auto, (max-width: 1024px) 100vw, 1024px\" \/><figcaption class=\"wp-element-caption\">Novo fluxograma para o Teste de Triagem Auditiva Neonatal | Grupo MedCof<\/figcaption><\/figure>\n\n\n\n<h2 class=\"wp-block-heading\" id=\"h-resumo-comparativo\"><span class=\"ez-toc-section\" id=\"Resumo_comparativo\"><\/span><strong>Resumo comparativo<\/strong><span class=\"ez-toc-section-end\"><\/span><\/h2>\n\n\n\n<figure class=\"wp-block-table\"><table class=\"has-fixed-layout\"><tbody><tr><td><\/td><td><strong>IRDA1<\/strong><\/td><td><strong>IRDA2<\/strong><\/td><\/tr><tr><td><strong>Risco de<\/strong><\/td><td>+ Perdas Cocleares<\/td><td>+ Perdas retrococleares e espectro da neuropatia auditiva, pode ter perda coclear<\/td><\/tr><tr><td><strong>Indicador<\/strong><\/td><td>\u2022Infec\u00e7\u00f5es cong\u00eanitas (STORCHZ)\u2022Medica\u00e7\u00f5es otot\u00f3xicas (aminoglicos\u00eddeo- amica, genta), furosemida\u2022Anomalias craniofaciais (orelha e osso temporal) \u2013 Coloboma, ap\u00eandice\u2022Surdez gen\u00e9tica (permanente iniciada na inf\u00e2ncia)\u2022Na inf\u00e2ncia: sd. gen\u00e9tica que curse com perda auditiva, infec\u00e7\u00f5es p\u00f3s-natais (meningites, sarampo, varicela&#8230;), TCE e QTX<\/td><td>\u2022UTIn + que 5 dias, VM por + 5 dias\u2022Pnasc &lt; 1500g\u2022Exsanguineotransfus\u00e3o (icter\u00edcia)\u2022ECMO\u2022Apgar 0-4 no 1\u00ba min ou de 0-6 no 5\u00ba min\u2022Encefalopatia hip\u00f3xico-isqu\u00eamica\u2022Hemorragia peri-ventricular\u2022Na inf\u00e2ncia: dist\u00farbios neurodegenerativos&nbsp;<\/td><\/tr><tr><td><strong>Exame<\/strong><\/td><td><strong>EOA<\/strong><\/td><td><strong>EOA + PEATE<\/strong><\/td><\/tr><\/tbody><\/table><\/figure>\n\n\n\n<figure class=\"wp-block-image size-large\"><a href=\"https:\/\/www.grupomedcof.com.br\/cofletters\/?clientId=&amp;utm_campaign=newsletter&amp;utm_medium=banner&amp;utm_source=blog&amp;utm_content=inscricao#https:\/\/www.grupomedcof.com.br\/blog\/\" target=\"_blank\" rel=\" noreferrer noopener\"><img loading=\"lazy\" decoding=\"async\" width=\"1024\" height=\"320\" src=\"https:\/\/www.grupomedcof.com.br\/blog\/wp-content\/uploads\/2025\/11\/Banner-MedCof-Plus-2200x460-11-1343x420-1-1024x320.png\" alt=\"\" class=\"wp-image-39227\" srcset=\"https:\/\/www.grupomedcof.com.br\/blog\/wp-content\/uploads\/2025\/11\/Banner-MedCof-Plus-2200x460-11-1343x420-1-1024x320.png 1024w, https:\/\/www.grupomedcof.com.br\/blog\/wp-content\/uploads\/2025\/11\/Banner-MedCof-Plus-2200x460-11-1343x420-1-300x94.png 300w, https:\/\/www.grupomedcof.com.br\/blog\/wp-content\/uploads\/2025\/11\/Banner-MedCof-Plus-2200x460-11-1343x420-1-768x240.png 768w, https:\/\/www.grupomedcof.com.br\/blog\/wp-content\/uploads\/2025\/11\/Banner-MedCof-Plus-2200x460-11-1343x420-1-150x47.png 150w, https:\/\/www.grupomedcof.com.br\/blog\/wp-content\/uploads\/2025\/11\/Banner-MedCof-Plus-2200x460-11-1343x420-1-696x218.png 696w, https:\/\/www.grupomedcof.com.br\/blog\/wp-content\/uploads\/2025\/11\/Banner-MedCof-Plus-2200x460-11-1343x420-1-1068x334.png 1068w, https:\/\/www.grupomedcof.com.br\/blog\/wp-content\/uploads\/2025\/11\/Banner-MedCof-Plus-2200x460-11-1343x420-1.png 1343w\" sizes=\"auto, (max-width: 1024px) 100vw, 1024px\" \/><\/a><\/figure>\n\n\n\n<h2 class=\"wp-block-heading\" id=\"o-m\u00e9todo-que-te-aprova\"><span class=\"ez-toc-section\" id=\"O_metodo_que_te_aprova\"><\/span><strong>O m\u00e9todo que te aprova!<\/strong><span class=\"ez-toc-section-end\"><\/span><\/h2>\n\n\n\n<p>Quer alcan\u00e7ar a aprova\u00e7\u00e3o nas provas de resid\u00eancia m\u00e9dica? Ent\u00e3o seja um&nbsp;<a href=\"https:\/\/www.grupomedcof.com.br\/home\/\" target=\"_blank\" rel=\"noreferrer noopener\">MedCoffer<\/a>! Aqui te ajudaremos na busca da aprova\u00e7\u00e3o com conte\u00fados de qualidade e uma&nbsp;<a href=\"https:\/\/www.grupomedcof.com.br\/blog\/presenca-da-medcof-nas-aprovacoes-em-residencia-medica-no-brasil\/\" target=\"_blank\" rel=\"noreferrer noopener\">metodologia que j\u00e1 aprovou mais de 35 mil residentes no pa\u00eds!&nbsp;<\/a>Por fim, acesse o nosso<a href=\"https:\/\/www.youtube.com\/@GrupoMedcof\/featured\" target=\"_blank\" rel=\"noreferrer noopener\">&nbsp;<strong>canal do youtube&nbsp;<\/strong><\/a>para ver o nosso material.<\/p>\n\n\n\n<figure class=\"wp-block-embed is-type-video is-provider-youtube wp-block-embed-youtube wp-embed-aspect-16-9 wp-has-aspect-ratio\"><div class=\"wp-block-embed__wrapper\">\n<div class=\"youtube-embed\" data-video_id=\"oz19F5ZEhoM\"><iframe loading=\"lazy\" title=\"Aula sobre Triagens Neonatais com Dra. Amira Saleh, Pediatra pela UNICAMP\" width=\"696\" height=\"392\" src=\"https:\/\/www.youtube.com\/embed\/oz19F5ZEhoM?feature=oembed&#038;enablejsapi=1\" frameborder=\"0\" allow=\"accelerometer; autoplay; clipboard-write; encrypted-media; gyroscope; picture-in-picture; web-share\" referrerpolicy=\"strict-origin-when-cross-origin\" allowfullscreen><\/iframe><\/div>\n<\/div><\/figure>\n","protected":false},"excerpt":{"rendered":"<p>Saiba os principais t\u00f3picos sobre o novo Guia Nacional de Triagem Auditiva Neonatal (TAN) publicado pelo Minist\u00e9rio da Sa\u00fade.<\/p>\n","protected":false},"author":20,"featured_media":13772,"comment_status":"open","ping_status":"open","sticky":false,"template":"","format":"standard","meta":{"footnotes":""},"categories":[173,120],"tags":[93,109,68],"ppma_author":[3616],"class_list":{"0":"post-13446","1":"post","2":"type-post","3":"status-publish","4":"format-standard","5":"has-post-thumbnail","7":"category-novidades","8":"category-pediatria","9":"tag-especialidades-medicas","10":"tag-pediatria","11":"tag-residencia-medica"},"yoast_head":"<!-- This site is optimized with the Yoast SEO Premium plugin v24.3 (Yoast SEO v27.4) - https:\/\/yoast.com\/product\/yoast-seo-premium-wordpress\/ -->\n<title>Minist\u00e9rio da Sa\u00fade publica novo Guia Nacional da Triagem Auditiva Neonatal - Blog de Medcof: conte\u00fados, editais, revalida e mais!<\/title>\n<meta name=\"description\" content=\"Saiba os principais t\u00f3picos sobre o novo Guia Nacional de Triagem Auditiva Neonatal (TAN) publicado pelo Minist\u00e9rio da Sa\u00fade.\" \/>\n<meta name=\"robots\" content=\"index, follow, max-snippet:-1, max-image-preview:large, max-video-preview:-1\" \/>\n<link rel=\"canonical\" href=\"https:\/\/www.grupomedcof.com.br\/blog\/triagem-auditiva-neonatal-tan\/\" \/>\n<meta property=\"og:locale\" content=\"pt_BR\" \/>\n<meta property=\"og:type\" content=\"article\" \/>\n<meta property=\"og:title\" content=\"Minist\u00e9rio da Sa\u00fade publica novo Guia Nacional da Triagem Auditiva Neonatal\" \/>\n<meta property=\"og:description\" content=\"Saiba os principais t\u00f3picos sobre o novo Guia Nacional de Triagem Auditiva Neonatal (TAN) publicado pelo Minist\u00e9rio da Sa\u00fade.\" \/>\n<meta property=\"og:url\" content=\"https:\/\/www.grupomedcof.com.br\/blog\/triagem-auditiva-neonatal-tan\/\" \/>\n<meta property=\"og:site_name\" content=\"Blog de Medcof: conte\u00fados, editais, revalida e mais!\" \/>\n<meta property=\"article:publisher\" content=\"https:\/\/www.facebook.com\/MedCofQbank\/\" \/>\n<meta property=\"article:published_time\" content=\"2026-02-20T18:47:04+00:00\" \/>\n<meta property=\"article:modified_time\" content=\"2026-02-20T18:48:45+00:00\" \/>\n<meta property=\"og:image\" content=\"https:\/\/www.grupomedcof.com.br\/blog\/wp-content\/uploads\/2023\/09\/Blog-MedCof-44-1024x576.png\" \/>\n\t<meta property=\"og:image:width\" content=\"1024\" \/>\n\t<meta property=\"og:image:height\" content=\"576\" \/>\n\t<meta property=\"og:image:type\" content=\"image\/png\" \/>\n<meta name=\"author\" content=\"Leila Menzel\" \/>\n<meta name=\"twitter:card\" content=\"summary_large_image\" \/>\n<meta name=\"twitter:label1\" content=\"Escrito por\" \/>\n\t<meta name=\"twitter:data1\" content=\"Leila Menzel\" \/>\n\t<meta name=\"twitter:label2\" content=\"Est. tempo de leitura\" \/>\n\t<meta name=\"twitter:data2\" content=\"6 minutos\" \/>\n<script type=\"application\/ld+json\" class=\"yoast-schema-graph\">{\"@context\":\"https:\\\/\\\/schema.org\",\"@graph\":[{\"@type\":\"Article\",\"@id\":\"https:\\\/\\\/www.grupomedcof.com.br\\\/blog\\\/triagem-auditiva-neonatal-tan\\\/#article\",\"isPartOf\":{\"@id\":\"https:\\\/\\\/www.grupomedcof.com.br\\\/blog\\\/triagem-auditiva-neonatal-tan\\\/\"},\"author\":{\"name\":\"Leila Menzel\",\"@id\":\"https:\\\/\\\/www.grupomedcof.com.br\\\/blog\\\/#\\\/schema\\\/person\\\/9a44c2184a836bf5ae6967fdb3a1451e\"},\"headline\":\"Minist\u00e9rio da Sa\u00fade publica novo Guia Nacional da Triagem Auditiva Neonatal\",\"datePublished\":\"2026-02-20T18:47:04+00:00\",\"dateModified\":\"2026-02-20T18:48:45+00:00\",\"mainEntityOfPage\":{\"@id\":\"https:\\\/\\\/www.grupomedcof.com.br\\\/blog\\\/triagem-auditiva-neonatal-tan\\\/\"},\"wordCount\":905,\"commentCount\":0,\"publisher\":{\"@id\":\"https:\\\/\\\/www.grupomedcof.com.br\\\/blog\\\/#organization\"},\"image\":{\"@id\":\"https:\\\/\\\/www.grupomedcof.com.br\\\/blog\\\/triagem-auditiva-neonatal-tan\\\/#primaryimage\"},\"thumbnailUrl\":\"https:\\\/\\\/www.grupomedcof.com.br\\\/blog\\\/wp-content\\\/uploads\\\/2023\\\/09\\\/Blog-MedCof-44.png\",\"keywords\":[\"Especialidades m\u00e9dicas\",\"Pediatria\",\"Resid\u00eancia M\u00e9dica\"],\"articleSection\":[\"Novidades\",\"Pediatria\"],\"inLanguage\":\"pt-BR\"},{\"@type\":\"WebPage\",\"@id\":\"https:\\\/\\\/www.grupomedcof.com.br\\\/blog\\\/triagem-auditiva-neonatal-tan\\\/\",\"url\":\"https:\\\/\\\/www.grupomedcof.com.br\\\/blog\\\/triagem-auditiva-neonatal-tan\\\/\",\"name\":\"Minist\u00e9rio da Sa\u00fade publica novo Guia Nacional da Triagem Auditiva Neonatal - Blog de Medcof: conte\u00fados, editais, revalida e mais!\",\"isPartOf\":{\"@id\":\"https:\\\/\\\/www.grupomedcof.com.br\\\/blog\\\/#website\"},\"primaryImageOfPage\":{\"@id\":\"https:\\\/\\\/www.grupomedcof.com.br\\\/blog\\\/triagem-auditiva-neonatal-tan\\\/#primaryimage\"},\"image\":{\"@id\":\"https:\\\/\\\/www.grupomedcof.com.br\\\/blog\\\/triagem-auditiva-neonatal-tan\\\/#primaryimage\"},\"thumbnailUrl\":\"https:\\\/\\\/www.grupomedcof.com.br\\\/blog\\\/wp-content\\\/uploads\\\/2023\\\/09\\\/Blog-MedCof-44.png\",\"datePublished\":\"2026-02-20T18:47:04+00:00\",\"dateModified\":\"2026-02-20T18:48:45+00:00\",\"description\":\"Saiba os principais t\u00f3picos sobre o novo Guia Nacional de Triagem Auditiva Neonatal (TAN) publicado pelo Minist\u00e9rio da Sa\u00fade.\",\"breadcrumb\":{\"@id\":\"https:\\\/\\\/www.grupomedcof.com.br\\\/blog\\\/triagem-auditiva-neonatal-tan\\\/#breadcrumb\"},\"inLanguage\":\"pt-BR\",\"potentialAction\":[{\"@type\":\"ReadAction\",\"target\":[\"https:\\\/\\\/www.grupomedcof.com.br\\\/blog\\\/triagem-auditiva-neonatal-tan\\\/\"]}]},{\"@type\":\"ImageObject\",\"inLanguage\":\"pt-BR\",\"@id\":\"https:\\\/\\\/www.grupomedcof.com.br\\\/blog\\\/triagem-auditiva-neonatal-tan\\\/#primaryimage\",\"url\":\"https:\\\/\\\/www.grupomedcof.com.br\\\/blog\\\/wp-content\\\/uploads\\\/2023\\\/09\\\/Blog-MedCof-44.png\",\"contentUrl\":\"https:\\\/\\\/www.grupomedcof.com.br\\\/blog\\\/wp-content\\\/uploads\\\/2023\\\/09\\\/Blog-MedCof-44.png\",\"width\":2560,\"height\":1440,\"caption\":\"Saiba os principais t\u00f3picos sobre a Triagem Auditiva Neonatal (TAN) e acerte este tema nas provas de resid\u00eancia m\u00e9dica.\"},{\"@type\":\"BreadcrumbList\",\"@id\":\"https:\\\/\\\/www.grupomedcof.com.br\\\/blog\\\/triagem-auditiva-neonatal-tan\\\/#breadcrumb\",\"itemListElement\":[{\"@type\":\"ListItem\",\"position\":1,\"name\":\"In\u00edcio\",\"item\":\"https:\\\/\\\/www.grupomedcof.com.br\\\/blog\\\/\"},{\"@type\":\"ListItem\",\"position\":2,\"name\":\"Minist\u00e9rio da Sa\u00fade publica novo Guia Nacional da Triagem Auditiva Neonatal\"}]},{\"@type\":\"WebSite\",\"@id\":\"https:\\\/\\\/www.grupomedcof.com.br\\\/blog\\\/#website\",\"url\":\"https:\\\/\\\/www.grupomedcof.com.br\\\/blog\\\/\",\"name\":\"Blog de Medcof: conte\u00fados, editais, revalida e mais!\",\"description\":\"Acesso o blog de MedCof! Seu portal de conte\u00fados sobre resid\u00eancia m\u00e9dica, an\u00e1lise e editais e muito mais. Clique e confira!\",\"publisher\":{\"@id\":\"https:\\\/\\\/www.grupomedcof.com.br\\\/blog\\\/#organization\"},\"alternateName\":\"Blog de Medcof: conte\u00fados, editais, revalida e mais!\",\"potentialAction\":[{\"@type\":\"SearchAction\",\"target\":{\"@type\":\"EntryPoint\",\"urlTemplate\":\"https:\\\/\\\/www.grupomedcof.com.br\\\/blog\\\/?s={search_term_string}\"},\"query-input\":{\"@type\":\"PropertyValueSpecification\",\"valueRequired\":true,\"valueName\":\"search_term_string\"}}],\"inLanguage\":\"pt-BR\"},{\"@type\":\"Organization\",\"@id\":\"https:\\\/\\\/www.grupomedcof.com.br\\\/blog\\\/#organization\",\"name\":\"Grupo MedCof\",\"url\":\"https:\\\/\\\/www.grupomedcof.com.br\\\/blog\\\/\",\"logo\":{\"@type\":\"ImageObject\",\"inLanguage\":\"pt-BR\",\"@id\":\"https:\\\/\\\/www.grupomedcof.com.br\\\/blog\\\/#\\\/schema\\\/logo\\\/image\\\/\",\"url\":\"https:\\\/\\\/www.grupomedcof.com.br\\\/blog\\\/wp-content\\\/uploads\\\/2022\\\/01\\\/logo-medcof.png\",\"contentUrl\":\"https:\\\/\\\/www.grupomedcof.com.br\\\/blog\\\/wp-content\\\/uploads\\\/2022\\\/01\\\/logo-medcof.png\",\"width\":768,\"height\":269,\"caption\":\"Grupo MedCof\"},\"image\":{\"@id\":\"https:\\\/\\\/www.grupomedcof.com.br\\\/blog\\\/#\\\/schema\\\/logo\\\/image\\\/\"},\"sameAs\":[\"https:\\\/\\\/www.facebook.com\\\/MedCofQbank\\\/\",\"https:\\\/\\\/www.instagram.com\\\/grupomedcof\\\/\",\"https:\\\/\\\/br.linkedin.com\\\/company\\\/medcof\",\"https:\\\/\\\/www.youtube.com\\\/channel\\\/UCdHMuOHKICxcHwecxN8P-AA\"]},{\"@type\":\"Person\",\"@id\":\"https:\\\/\\\/www.grupomedcof.com.br\\\/blog\\\/#\\\/schema\\\/person\\\/9a44c2184a836bf5ae6967fdb3a1451e\",\"name\":\"Leila Menzel\",\"image\":{\"@type\":\"ImageObject\",\"inLanguage\":\"pt-BR\",\"@id\":\"https:\\\/\\\/www.grupomedcof.com.br\\\/blog\\\/wp-content\\\/uploads\\\/2025\\\/09\\\/cropped-eu-96x96.jpeg19a74936d997c0a8b3031618467fa1d0\",\"url\":\"https:\\\/\\\/www.grupomedcof.com.br\\\/blog\\\/wp-content\\\/uploads\\\/2025\\\/09\\\/cropped-eu-96x96.jpeg\",\"contentUrl\":\"https:\\\/\\\/www.grupomedcof.com.br\\\/blog\\\/wp-content\\\/uploads\\\/2025\\\/09\\\/cropped-eu-96x96.jpeg\",\"caption\":\"Leila Menzel\"},\"description\":\"Estudante do 6\u00b0 semestre de jornalismo, amo e escrevo poesias e viajo em livros de romances clich\u00eas.\",\"url\":\"https:\\\/\\\/www.grupomedcof.com.br\\\/blog\\\/author\\\/leila-menzel\\\/\"}]}<\/script>\n<!-- \/ Yoast SEO Premium plugin. -->","yoast_head_json":{"title":"Minist\u00e9rio da Sa\u00fade publica novo Guia Nacional da Triagem Auditiva Neonatal - Blog de Medcof: conte\u00fados, editais, revalida e mais!","description":"Saiba os principais t\u00f3picos sobre o novo Guia Nacional de Triagem Auditiva Neonatal (TAN) publicado pelo Minist\u00e9rio da Sa\u00fade.","robots":{"index":"index","follow":"follow","max-snippet":"max-snippet:-1","max-image-preview":"max-image-preview:large","max-video-preview":"max-video-preview:-1"},"canonical":"https:\/\/www.grupomedcof.com.br\/blog\/triagem-auditiva-neonatal-tan\/","og_locale":"pt_BR","og_type":"article","og_title":"Minist\u00e9rio da Sa\u00fade publica novo Guia Nacional da Triagem Auditiva Neonatal","og_description":"Saiba os principais t\u00f3picos sobre o novo Guia Nacional de Triagem Auditiva Neonatal (TAN) publicado pelo Minist\u00e9rio da Sa\u00fade.","og_url":"https:\/\/www.grupomedcof.com.br\/blog\/triagem-auditiva-neonatal-tan\/","og_site_name":"Blog de Medcof: conte\u00fados, editais, revalida e mais!","article_publisher":"https:\/\/www.facebook.com\/MedCofQbank\/","article_published_time":"2026-02-20T18:47:04+00:00","article_modified_time":"2026-02-20T18:48:45+00:00","og_image":[{"width":1024,"height":576,"url":"https:\/\/www.grupomedcof.com.br\/blog\/wp-content\/uploads\/2023\/09\/Blog-MedCof-44-1024x576.png","type":"image\/png"}],"author":"Leila Menzel","twitter_card":"summary_large_image","twitter_misc":{"Escrito por":"Leila Menzel","Est. tempo de leitura":"6 minutos"},"schema":{"@context":"https:\/\/schema.org","@graph":[{"@type":"Article","@id":"https:\/\/www.grupomedcof.com.br\/blog\/triagem-auditiva-neonatal-tan\/#article","isPartOf":{"@id":"https:\/\/www.grupomedcof.com.br\/blog\/triagem-auditiva-neonatal-tan\/"},"author":{"name":"Leila Menzel","@id":"https:\/\/www.grupomedcof.com.br\/blog\/#\/schema\/person\/9a44c2184a836bf5ae6967fdb3a1451e"},"headline":"Minist\u00e9rio da Sa\u00fade publica novo Guia Nacional da Triagem Auditiva Neonatal","datePublished":"2026-02-20T18:47:04+00:00","dateModified":"2026-02-20T18:48:45+00:00","mainEntityOfPage":{"@id":"https:\/\/www.grupomedcof.com.br\/blog\/triagem-auditiva-neonatal-tan\/"},"wordCount":905,"commentCount":0,"publisher":{"@id":"https:\/\/www.grupomedcof.com.br\/blog\/#organization"},"image":{"@id":"https:\/\/www.grupomedcof.com.br\/blog\/triagem-auditiva-neonatal-tan\/#primaryimage"},"thumbnailUrl":"https:\/\/www.grupomedcof.com.br\/blog\/wp-content\/uploads\/2023\/09\/Blog-MedCof-44.png","keywords":["Especialidades m\u00e9dicas","Pediatria","Resid\u00eancia M\u00e9dica"],"articleSection":["Novidades","Pediatria"],"inLanguage":"pt-BR"},{"@type":"WebPage","@id":"https:\/\/www.grupomedcof.com.br\/blog\/triagem-auditiva-neonatal-tan\/","url":"https:\/\/www.grupomedcof.com.br\/blog\/triagem-auditiva-neonatal-tan\/","name":"Minist\u00e9rio da Sa\u00fade publica novo Guia Nacional da Triagem Auditiva Neonatal - Blog de Medcof: conte\u00fados, editais, revalida e mais!","isPartOf":{"@id":"https:\/\/www.grupomedcof.com.br\/blog\/#website"},"primaryImageOfPage":{"@id":"https:\/\/www.grupomedcof.com.br\/blog\/triagem-auditiva-neonatal-tan\/#primaryimage"},"image":{"@id":"https:\/\/www.grupomedcof.com.br\/blog\/triagem-auditiva-neonatal-tan\/#primaryimage"},"thumbnailUrl":"https:\/\/www.grupomedcof.com.br\/blog\/wp-content\/uploads\/2023\/09\/Blog-MedCof-44.png","datePublished":"2026-02-20T18:47:04+00:00","dateModified":"2026-02-20T18:48:45+00:00","description":"Saiba os principais t\u00f3picos sobre o novo Guia Nacional de Triagem Auditiva Neonatal (TAN) publicado pelo Minist\u00e9rio da Sa\u00fade.","breadcrumb":{"@id":"https:\/\/www.grupomedcof.com.br\/blog\/triagem-auditiva-neonatal-tan\/#breadcrumb"},"inLanguage":"pt-BR","potentialAction":[{"@type":"ReadAction","target":["https:\/\/www.grupomedcof.com.br\/blog\/triagem-auditiva-neonatal-tan\/"]}]},{"@type":"ImageObject","inLanguage":"pt-BR","@id":"https:\/\/www.grupomedcof.com.br\/blog\/triagem-auditiva-neonatal-tan\/#primaryimage","url":"https:\/\/www.grupomedcof.com.br\/blog\/wp-content\/uploads\/2023\/09\/Blog-MedCof-44.png","contentUrl":"https:\/\/www.grupomedcof.com.br\/blog\/wp-content\/uploads\/2023\/09\/Blog-MedCof-44.png","width":2560,"height":1440,"caption":"Saiba os principais t\u00f3picos sobre a Triagem Auditiva Neonatal (TAN) e acerte este tema nas provas de resid\u00eancia m\u00e9dica."},{"@type":"BreadcrumbList","@id":"https:\/\/www.grupomedcof.com.br\/blog\/triagem-auditiva-neonatal-tan\/#breadcrumb","itemListElement":[{"@type":"ListItem","position":1,"name":"In\u00edcio","item":"https:\/\/www.grupomedcof.com.br\/blog\/"},{"@type":"ListItem","position":2,"name":"Minist\u00e9rio da Sa\u00fade publica novo Guia Nacional da Triagem Auditiva Neonatal"}]},{"@type":"WebSite","@id":"https:\/\/www.grupomedcof.com.br\/blog\/#website","url":"https:\/\/www.grupomedcof.com.br\/blog\/","name":"Blog de Medcof: conte\u00fados, editais, revalida e mais!","description":"Acesso o blog de MedCof! Seu portal de conte\u00fados sobre resid\u00eancia m\u00e9dica, an\u00e1lise e editais e muito mais. Clique e confira!","publisher":{"@id":"https:\/\/www.grupomedcof.com.br\/blog\/#organization"},"alternateName":"Blog de Medcof: conte\u00fados, editais, revalida e mais!","potentialAction":[{"@type":"SearchAction","target":{"@type":"EntryPoint","urlTemplate":"https:\/\/www.grupomedcof.com.br\/blog\/?s={search_term_string}"},"query-input":{"@type":"PropertyValueSpecification","valueRequired":true,"valueName":"search_term_string"}}],"inLanguage":"pt-BR"},{"@type":"Organization","@id":"https:\/\/www.grupomedcof.com.br\/blog\/#organization","name":"Grupo MedCof","url":"https:\/\/www.grupomedcof.com.br\/blog\/","logo":{"@type":"ImageObject","inLanguage":"pt-BR","@id":"https:\/\/www.grupomedcof.com.br\/blog\/#\/schema\/logo\/image\/","url":"https:\/\/www.grupomedcof.com.br\/blog\/wp-content\/uploads\/2022\/01\/logo-medcof.png","contentUrl":"https:\/\/www.grupomedcof.com.br\/blog\/wp-content\/uploads\/2022\/01\/logo-medcof.png","width":768,"height":269,"caption":"Grupo MedCof"},"image":{"@id":"https:\/\/www.grupomedcof.com.br\/blog\/#\/schema\/logo\/image\/"},"sameAs":["https:\/\/www.facebook.com\/MedCofQbank\/","https:\/\/www.instagram.com\/grupomedcof\/","https:\/\/br.linkedin.com\/company\/medcof","https:\/\/www.youtube.com\/channel\/UCdHMuOHKICxcHwecxN8P-AA"]},{"@type":"Person","@id":"https:\/\/www.grupomedcof.com.br\/blog\/#\/schema\/person\/9a44c2184a836bf5ae6967fdb3a1451e","name":"Leila Menzel","image":{"@type":"ImageObject","inLanguage":"pt-BR","@id":"https:\/\/www.grupomedcof.com.br\/blog\/wp-content\/uploads\/2025\/09\/cropped-eu-96x96.jpeg19a74936d997c0a8b3031618467fa1d0","url":"https:\/\/www.grupomedcof.com.br\/blog\/wp-content\/uploads\/2025\/09\/cropped-eu-96x96.jpeg","contentUrl":"https:\/\/www.grupomedcof.com.br\/blog\/wp-content\/uploads\/2025\/09\/cropped-eu-96x96.jpeg","caption":"Leila Menzel"},"description":"Estudante do 6\u00b0 semestre de jornalismo, amo e escrevo poesias e viajo em livros de romances clich\u00eas.","url":"https:\/\/www.grupomedcof.com.br\/blog\/author\/leila-menzel\/"}]}},"authors":[{"term_id":3616,"user_id":20,"is_guest":0,"slug":"leila-menzel","display_name":"Leila Menzel","avatar_url":"https:\/\/www.grupomedcof.com.br\/blog\/wp-content\/uploads\/2025\/09\/cropped-eu-96x96.jpeg","0":null,"1":"","2":"","3":"","4":"","5":"","6":"","7":"","8":""}],"_links":{"self":[{"href":"https:\/\/www.grupomedcof.com.br\/blog\/wp-json\/wp\/v2\/posts\/13446","targetHints":{"allow":["GET"]}}],"collection":[{"href":"https:\/\/www.grupomedcof.com.br\/blog\/wp-json\/wp\/v2\/posts"}],"about":[{"href":"https:\/\/www.grupomedcof.com.br\/blog\/wp-json\/wp\/v2\/types\/post"}],"author":[{"embeddable":true,"href":"https:\/\/www.grupomedcof.com.br\/blog\/wp-json\/wp\/v2\/users\/20"}],"replies":[{"embeddable":true,"href":"https:\/\/www.grupomedcof.com.br\/blog\/wp-json\/wp\/v2\/comments?post=13446"}],"version-history":[{"count":2,"href":"https:\/\/www.grupomedcof.com.br\/blog\/wp-json\/wp\/v2\/posts\/13446\/revisions"}],"predecessor-version":[{"id":41950,"href":"https:\/\/www.grupomedcof.com.br\/blog\/wp-json\/wp\/v2\/posts\/13446\/revisions\/41950"}],"wp:featuredmedia":[{"embeddable":true,"href":"https:\/\/www.grupomedcof.com.br\/blog\/wp-json\/wp\/v2\/media\/13772"}],"wp:attachment":[{"href":"https:\/\/www.grupomedcof.com.br\/blog\/wp-json\/wp\/v2\/media?parent=13446"}],"wp:term":[{"taxonomy":"category","embeddable":true,"href":"https:\/\/www.grupomedcof.com.br\/blog\/wp-json\/wp\/v2\/categories?post=13446"},{"taxonomy":"post_tag","embeddable":true,"href":"https:\/\/www.grupomedcof.com.br\/blog\/wp-json\/wp\/v2\/tags?post=13446"},{"taxonomy":"author","embeddable":true,"href":"https:\/\/www.grupomedcof.com.br\/blog\/wp-json\/wp\/v2\/ppma_author?post=13446"}],"curies":[{"name":"wp","href":"https:\/\/api.w.org\/{rel}","templated":true}]}}