{"id":13552,"date":"2023-09-20T17:39:17","date_gmt":"2023-09-20T20:39:17","guid":{"rendered":"https:\/\/www.grupomedcof.com.br\/blog\/?p=13552"},"modified":"2026-04-24T17:10:04","modified_gmt":"2026-04-24T20:10:04","slug":"febre-sem-sinais-localizatorios-conduzindo-casos-sem-toxemia","status":"publish","type":"post","link":"https:\/\/www.grupomedcof.com.br\/blog\/febre-sem-sinais-localizatorios-conduzindo-casos-sem-toxemia\/","title":{"rendered":"Febre sem sinais localizat\u00f3rios: conduzindo casos sem toxemia"},"content":{"rendered":"<div id=\"ez-toc-container\" class=\"ez-toc-v2_0_74 counter-hierarchy ez-toc-counter ez-toc-transparent ez-toc-container-direction\">\n<div class=\"ez-toc-title-container\">\n<p class=\"ez-toc-title\" style=\"cursor:inherit\">Sum\u00e1rio<\/p>\n<span class=\"ez-toc-title-toggle\"><a href=\"#\" class=\"ez-toc-pull-right ez-toc-btn ez-toc-btn-xs ez-toc-btn-default ez-toc-toggle\" aria-label=\"Alternar tabela de conte\u00fado\"><span class=\"ez-toc-js-icon-con\"><span class=\"\"><span class=\"eztoc-hide\" style=\"display:none;\">Toggle<\/span><span class=\"ez-toc-icon-toggle-span\"><svg style=\"fill: #999;color:#999\" xmlns=\"http:\/\/www.w3.org\/2000\/svg\" class=\"list-377408\" width=\"20px\" height=\"20px\" viewBox=\"0 0 24 24\" fill=\"none\"><path d=\"M6 6H4v2h2V6zm14 0H8v2h12V6zM4 11h2v2H4v-2zm16 0H8v2h12v-2zM4 16h2v2H4v-2zm16 0H8v2h12v-2z\" fill=\"currentColor\"><\/path><\/svg><svg style=\"fill: #999;color:#999\" class=\"arrow-unsorted-368013\" xmlns=\"http:\/\/www.w3.org\/2000\/svg\" width=\"10px\" height=\"10px\" viewBox=\"0 0 24 24\" version=\"1.2\" baseProfile=\"tiny\"><path d=\"M18.2 9.3l-6.2-6.3-6.2 6.3c-.2.2-.3.4-.3.7s.1.5.3.7c.2.2.4.3.7.3h11c.3 0 .5-.1.7-.3.2-.2.3-.5.3-.7s-.1-.5-.3-.7zM5.8 14.7l6.2 6.3 6.2-6.3c.2-.2.3-.5.3-.7s-.1-.5-.3-.7c-.2-.2-.4-.3-.7-.3h-11c-.3 0-.5.1-.7.3-.2.2-.3.5-.3.7s.1.5.3.7z\"\/><\/svg><\/span><\/span><\/span><\/a><\/span><\/div>\n<nav><ul class='ez-toc-list ez-toc-list-level-1 ' ><li class='ez-toc-page-1 ez-toc-heading-level-2'><a class=\"ez-toc-link ez-toc-heading-1\" href=\"https:\/\/www.grupomedcof.com.br\/blog\/febre-sem-sinais-localizatorios-conduzindo-casos-sem-toxemia\/#Etiologia_da_febre_sem_sinais_localizatorios\" >Etiologia da febre sem sinais localizat\u00f3rios<\/a><\/li><li class='ez-toc-page-1 ez-toc-heading-level-2'><a class=\"ez-toc-link ez-toc-heading-2\" href=\"https:\/\/www.grupomedcof.com.br\/blog\/febre-sem-sinais-localizatorios-conduzindo-casos-sem-toxemia\/#Classificacao_por_idade\" >Classifica\u00e7\u00e3o por idade<\/a><ul class='ez-toc-list-level-3' ><li class='ez-toc-heading-level-3'><a class=\"ez-toc-link ez-toc-heading-3\" href=\"https:\/\/www.grupomedcof.com.br\/blog\/febre-sem-sinais-localizatorios-conduzindo-casos-sem-toxemia\/#FSSL_toxemia\" >FSSL + toxemia<\/a><\/li><li class='ez-toc-page-1 ez-toc-heading-level-3'><a class=\"ez-toc-link ez-toc-heading-4\" href=\"https:\/\/www.grupomedcof.com.br\/blog\/febre-sem-sinais-localizatorios-conduzindo-casos-sem-toxemia\/#FSSL_sem_toxemia_em_RN\" >FSSL sem toxemia em RN (&lt;30 dias)<\/a><\/li><li class='ez-toc-page-1 ez-toc-heading-level-3'><a class=\"ez-toc-link ez-toc-heading-5\" href=\"https:\/\/www.grupomedcof.com.br\/blog\/febre-sem-sinais-localizatorios-conduzindo-casos-sem-toxemia\/#FSSL_sem_toxemia_em_lactente_jovem_1_a_3_meses\" >FSSL sem toxemia em lactente jovem (1 a 3 meses)<\/a><\/li><li class='ez-toc-page-1 ez-toc-heading-level-3'><a class=\"ez-toc-link ez-toc-heading-6\" href=\"https:\/\/www.grupomedcof.com.br\/blog\/febre-sem-sinais-localizatorios-conduzindo-casos-sem-toxemia\/#FSSL_sem_toxemia_em_pacientes_de_3_a_36_meses\" >FSSL sem toxemia em pacientes de 3 a 36 meses<\/a><\/li><\/ul><\/li><li class='ez-toc-page-1 ez-toc-heading-level-2'><a class=\"ez-toc-link ez-toc-heading-7\" href=\"https:\/\/www.grupomedcof.com.br\/blog\/febre-sem-sinais-localizatorios-conduzindo-casos-sem-toxemia\/#Antitermicos\" >Antit\u00e9rmicos<\/a><\/li><li class='ez-toc-page-1 ez-toc-heading-level-2'><a class=\"ez-toc-link ez-toc-heading-8\" href=\"https:\/\/www.grupomedcof.com.br\/blog\/febre-sem-sinais-localizatorios-conduzindo-casos-sem-toxemia\/#Conquiste_a_aprovacao\" >Conquiste a aprova\u00e7\u00e3o<\/a><\/li><\/ul><\/nav><\/div>\n\n<figure class=\"wp-block-image size-large\"><img loading=\"lazy\" decoding=\"async\" width=\"1024\" height=\"576\" src=\"https:\/\/www.grupomedcof.com.br\/blog\/wp-content\/uploads\/2023\/09\/Blog-MedCof-91-1024x576.png\" alt=\"criterio de rochester febre, crit\u00e9rio de rochester febre, criterios de rochester febre, crit\u00e9rios de rochester febre, rochester criterios, rochester crit\u00e9rios, criterios de rochester, criterios rochester, crit\u00e9rios rochester, criterio de rochester, crit\u00e9rios de rochester, crit\u00e9rios de rochester, criterios de rochester pediatria, crit\u00e9rios de rochester pediatria, criterios de rochester pediatria, crit\u00e9rio de rochester pediatria, crit\u00e9rios de rochester pediatria, febre sem sinais localizatorios, febre sem foco, fssl pediatria, fssl, febre de origem indeterminada infantil, febre de origem indeterminada, sinais de toxemia, febre sem causa, febre sem causa aparente, febre em crian\u00e7a sem sintomas, febre em crianca sem sintomas, febre em crian\u00e7as sem sintomas, febre em criancas sem sintomas, febre sociedade brasileira de pediatria, febre toxemia, toxemia febre, febre toxemica, febre tox\u00eamica, febre nao toxemica, febre n\u00e3o tox\u00eamica, febre nao toxemica\" class=\"wp-image-13559\" srcset=\"https:\/\/www.grupomedcof.com.br\/blog\/wp-content\/uploads\/2023\/09\/Blog-MedCof-91-1024x576.png 1024w, https:\/\/www.grupomedcof.com.br\/blog\/wp-content\/uploads\/2023\/09\/Blog-MedCof-91-300x169.png 300w, https:\/\/www.grupomedcof.com.br\/blog\/wp-content\/uploads\/2023\/09\/Blog-MedCof-91-768x432.png 768w, https:\/\/www.grupomedcof.com.br\/blog\/wp-content\/uploads\/2023\/09\/Blog-MedCof-91-1536x864.png 1536w, https:\/\/www.grupomedcof.com.br\/blog\/wp-content\/uploads\/2023\/09\/Blog-MedCof-91-2048x1152.png 2048w\" sizes=\"auto, (max-width: 1024px) 100vw, 1024px\" \/><\/figure>\n\n\n\n<p>Os pacientes que apresentam <strong>FSSL<\/strong> e mant\u00e9m um estado geral bom s\u00e3o conduzidos de maneira diferente, atrav\u00e9s de uma <strong>classifica\u00e7\u00e3o por idade<\/strong>. Leia este texto at\u00e9 o final e saiba mais sobre a doen\u00e7a e o Crit\u00e9rio de Rochester.<\/p>\n\n\n\n<p>Febre sem sinais localizat\u00f3rios (FSSL) \u00e9 aquela que ocorre em crian\u00e7a previamente h\u00edgida, de at\u00e9 36 meses de idade, por menos de 7 dias e que a hist\u00f3rica cl\u00ednica e o exame f\u00edsico n\u00e3o revelam causa. <\/p>\n\n\n\n<figure class=\"wp-block-image\"><img decoding=\"async\" src=\"https:\/\/www.grupomedcof.com.br\/blog\/wp-content\/uploads\/2023\/09\/Blog-MedCof-95-e1695241257650-1024x111.png\" alt=\"criterio de rochester febre, crit\u00e9rio de rochester febre, criterios de rochester febre, crit\u00e9rios de rochester febre, rochester criterios, rochester crit\u00e9rios, criterios de rochester, criterios rochester, crit\u00e9rios rochester, criterio de rochester, crit\u00e9rios de rochester, crit\u00e9rios de rochester, criterios de rochester pediatria, crit\u00e9rios de rochester pediatria, criterios de rochester pediatria, crit\u00e9rio de rochester pediatria, crit\u00e9rios de rochester pediatria, febre sem sinais localizatorios, febre sem foco, fssl pediatria, fssl, febre de origem indeterminada infantil, febre de origem indeterminada, sinais de toxemia, febre sem causa, febre sem causa aparente, febre em crian\u00e7a sem sintomas, febre em crianca sem sintomas, febre em crian\u00e7as sem sintomas, febre em criancas sem sintomas, febre sociedade brasileira de pediatria, febre toxemia, toxemia febre, febre toxemica, febre tox\u00eamica, febre nao toxemica, febre n\u00e3o tox\u00eamica, febre nao toxemica\"\/><\/figure>\n\n\n\n<h2 class=\"wp-block-heading\" id=\"h-etiologia-da-febre-sem-sinais-localizatorios\"><span class=\"ez-toc-section\" id=\"Etiologia_da_febre_sem_sinais_localizatorios\"><\/span><strong>Etiologia da febre sem sinais localizat\u00f3rios<\/strong><span class=\"ez-toc-section-end\"><\/span><\/h2>\n\n\n\n<p>Sempre que estivermos diante de uma FSSL devemos lembrar das principais bact\u00e9rias causadoras de doen\u00e7a bacteriana grave (DBG).<\/p>\n\n\n\n<figure class=\"wp-block-table\"><table class=\"has-fixed-layout\"><tbody><tr><td>&lt; 3 meses<\/td><td>E. coli S. do grupo B S. pneumoniae Enterococos S. aureus Klebsiella Salmonella Listeria monocytogenes<\/td><\/tr><tr><td>&gt; 3 meses<\/td><td>E. coli Sorotipos de pneumo n\u00e3o contemplados pela vacina (19A) S. pyogenes Enterococos N. meningitidis H. influenza n\u00e3o tip\u00e1vel Moraxella catarrhalis Salmonella S. aureus<\/td><\/tr><\/tbody><\/table><\/figure>\n\n\n\n<h4 class=\"wp-block-heading\" id=\"h-principais-dbg-a-serem-investigadas\"><strong>Principais DBG a serem investigadas<\/strong><\/h4>\n\n\n\n<ul class=\"wp-block-list\">\n<li>Bacteremia oculta;<\/li>\n\n\n\n<li>Infec\u00e7\u00e3o do trato urin\u00e1rio;<\/li>\n\n\n\n<li>Meningoencefalite.<\/li>\n\n\n\n<li><\/li>\n<\/ul>\n\n\n\n<h2 class=\"wp-block-heading\"><span class=\"ez-toc-section\" id=\"Classificacao_por_idade\"><\/span><strong>Classifica\u00e7\u00e3o por idade<\/strong><span class=\"ez-toc-section-end\"><\/span><\/h2>\n\n\n\n<h3 class=\"wp-block-heading\"><span class=\"ez-toc-section\" id=\"FSSL_toxemia\"><\/span><strong>FSSL + toxemia<\/strong><span class=\"ez-toc-section-end\"><\/span><\/h3>\n\n\n\n<figure class=\"wp-block-image\"><img decoding=\"async\" src=\"https:\/\/www.grupomedcof.com.br\/blog\/wp-content\/uploads\/2023\/09\/Blog-MedCof-87-e1695155333614-1024x102.png\" alt=\"febre sem sinais localizatorios, febre sem foco, fssl pediatria, fssl, febre de origem indeterminada infantil, febre de origem indeterminada, sinais de toxemia, febre sem causa, febre sem causa aparente, febre em crian\u00e7a sem sintomas, febre em crianca sem sintomas, febre em crian\u00e7as sem sintomas, febre em criancas sem sintomas, febre sociedade brasileira de pediatria, febre toxemia, toxemia febre, febre toxemica, febre tox\u00eamica\"\/><\/figure>\n\n\n\n<p>Um ponto importante a se lembrar, tamb\u00e9m, \u00e9 que a avalia\u00e7\u00e3o da crian\u00e7a deve preferencialmente ser afebril, pois a febre pode gerar v\u00e1rios graus de prostra\u00e7\u00e3o e confundir o diagn\u00f3stico.<\/p>\n\n\n\n<figure class=\"wp-block-image\"><img decoding=\"async\" src=\"https:\/\/www.grupomedcof.com.br\/blog\/wp-content\/uploads\/2023\/09\/Blog-MedCof-90-e1695155255866-1024x124.png\" alt=\"febre sem sinais localizatorios, febre sem foco, fssl pediatria, fssl, febre de origem indeterminada infantil, febre de origem indeterminada, sinais de toxemia, febre sem causa, febre sem causa aparente, febre em crian\u00e7a sem sintomas, febre em crianca sem sintomas, febre em crian\u00e7as sem sintomas, febre em criancas sem sintomas, febre sociedade brasileira de pediatria, febre toxemia, toxemia febre, febre toxemica, febre tox\u00eamica\"\/><\/figure>\n\n\n\n<p>A crian\u00e7a com toxemia deve ser hospitalizada para&nbsp;<strong>investiga\u00e7\u00e3o de sepse<\/strong>&nbsp;e tratamento com&nbsp;<strong>antibioticoterapia emp\u00edrica.<\/strong>&nbsp;Os exames para investiga\u00e7\u00e3o de sepse s\u00e3o:<\/p>\n\n\n\n<ul class=\"wp-block-list\">\n<li>Hemograma completo + hemocultura;<\/li>\n\n\n\n<li>EAS + urocultura;<\/li>\n\n\n\n<li>LCR;<\/li>\n\n\n\n<li>Radiografia de t\u00f3rax.<\/li>\n<\/ul>\n\n\n\n<h3 class=\"wp-block-heading\" id=\"h-fssl-sem-toxemia-em-rn-lt-30-dias\"><span class=\"ez-toc-section\" id=\"FSSL_sem_toxemia_em_RN\"><\/span><strong>FSSL sem toxemia em RN (&lt;30 dias)<\/strong><span class=\"ez-toc-section-end\"><\/span><\/h3>\n\n\n\n<figure class=\"wp-block-image\"><img decoding=\"async\" src=\"https:\/\/www.grupomedcof.com.br\/blog\/wp-content\/uploads\/2023\/09\/Blog-MedCof-93-e1695241322198-1024x97.png\" alt=\"criterio de rochester febre, crit\u00e9rio de rochester febre, criterios de rochester febre, crit\u00e9rios de rochester febre, rochester criterios, rochester crit\u00e9rios, criterios de rochester, criterios rochester, crit\u00e9rios rochester, criterio de rochester, crit\u00e9rios de rochester, crit\u00e9rios de rochester, criterios de rochester pediatria, crit\u00e9rios de rochester pediatria, criterios de rochester pediatria, crit\u00e9rio de rochester pediatria, crit\u00e9rios de rochester pediatria, febre sem sinais localizatorios, febre sem foco, fssl pediatria, fssl, febre de origem indeterminada infantil, febre de origem indeterminada, sinais de toxemia, febre sem causa, febre sem causa aparente, febre em crian\u00e7a sem sintomas, febre em crianca sem sintomas, febre em crian\u00e7as sem sintomas, febre em criancas sem sintomas, febre sociedade brasileira de pediatria, febre toxemia, toxemia febre, febre toxemica, febre tox\u00eamica, febre nao toxemica, febre n\u00e3o tox\u00eamica, febre nao toxemica\"\/><\/figure>\n\n\n\n<p>Devemos sempre hospitalar os rec\u00e9m-nascidos com FSSL para investigar a presen\u00e7a de sepse. Para isso, coletamos: sangue, urina e LCR. At\u00e9 termos os resultados das culturas, devemos iniciar antibioticoterapia emp\u00edrica:<\/p>\n\n\n\n<p><strong>Ampicilina + cefalosporina de 3\u00aag (cefotaxima ou ceftriaxona).<\/strong><\/p>\n\n\n\n<h3 class=\"wp-block-heading\" id=\"h-fssl-sem-toxemia-em-lactente-jovem-1-a-3-meses\"><span class=\"ez-toc-section\" id=\"FSSL_sem_toxemia_em_lactente_jovem_1_a_3_meses\"><\/span><strong>FSSL sem toxemia em lactente jovem (1 a 3 meses)<\/strong><span class=\"ez-toc-section-end\"><\/span><\/h3>\n\n\n\n<p>Nas crian\u00e7as de 1 a 3 meses, devemos usar os crit\u00e9rios de Rochester para definir o risco de infec\u00e7\u00e3o bacteriana grave (IBG).<\/p>\n\n\n\n<p id=\"h-criterio-de-rochester-para-avaliacao-de-risco-em-criancas-febris-abaixo-dos-60-dias\">Crit\u00e9rio de Rochester para avalia\u00e7\u00e3o de risco em crian\u00e7as febris abaixo dos 60 dias<\/p>\n\n\n\n<p><strong>Crit\u00e9rios cl\u00ednicos de baixo risco para infec\u00e7\u00e3o bacteriana grave<\/strong><\/p>\n\n\n\n<ul class=\"wp-block-list\">\n<li>Previamente saud\u00e1vel;<\/li>\n\n\n\n<li>Nascido a termo e sem complica\u00e7\u00f5es durante hospitaliza\u00e7\u00e3o no ber\u00e7\u00e1rio;<\/li>\n\n\n\n<li>N\u00e3o tem apar\u00eancia t\u00f3xica;<\/li>\n\n\n\n<li>Sem evid\u00eancia de infec\u00e7\u00e3o bacteriana ao exame f\u00edsico;<\/li>\n\n\n\n<li>Sem doen\u00e7a cr\u00f4nica.<\/li>\n<\/ul>\n\n\n\n<p><strong>Crit\u00e9rio laboratoiais<\/strong><\/p>\n\n\n\n<ul class=\"wp-block-list\">\n<li>Contagem de leuc\u00f3citos entre 5 e 15 000\/mm3;<\/li>\n\n\n\n<li>Contagem absoluta de bastonetes &lt; 1.500\/mm3;<\/li>\n\n\n\n<li>Microscopia sedimento urin\u00e1rio com contagem \u2264 10 leuc\u00f3citos\/campo.<\/li>\n<\/ul>\n\n\n\n<p>Consideramos baixo risco quando o paciente preencher TODOS os crit\u00e9rios. Na presen\u00e7a de alto risco, devemos hospitalar o paciente, coletar exames (hemocultura, urocultura, LCR, RX de t\u00f3rax) e iniciar antibioticoterapia emp\u00edrica:<\/p>\n\n\n\n<p><strong>Cefalosporina de 3\u00aag (cefotaxima ou ceftriaxona).<\/strong><\/p>\n\n\n\n<p>Se estivermos diante da suspeita de meningite, devemos iniciar vancomicina para tratar poss\u00edvel S. pneumoniae resistente \u00e0 penicilina at\u00e9 obter o resultado dos exames.<\/p>\n\n\n\n<h3 class=\"wp-block-heading\" id=\"h-fssl-sem-toxemia-em-pacientes-de-3-a-36-meses\"><span class=\"ez-toc-section\" id=\"FSSL_sem_toxemia_em_pacientes_de_3_a_36_meses\"><\/span><strong>FSSL sem toxemia em pacientes de 3 a 36 meses<\/strong><span class=\"ez-toc-section-end\"><\/span><\/h3>\n\n\n\n<p>Na faixa et\u00e1ria de <strong>3 meses a 3 anos<\/strong>, temos maior preval\u00eancia de algumas infec\u00e7\u00f5es bacterianas importantes:<\/p>\n\n\n\n<ul class=\"wp-block-list\">\n<li>Otite m\u00e9dia aguda<\/li>\n\n\n\n<li>Sinusite<\/li>\n\n\n\n<li>Pneumonia<\/li>\n\n\n\n<li>Enterite<\/li>\n\n\n\n<li>Infec\u00e7\u00e3o do trato urin\u00e1rio (ITU)<\/li>\n\n\n\n<li>Osteomielite<\/li>\n\n\n\n<li>Meningite<\/li>\n<\/ul>\n\n\n\n<p>S\u00e3o considerados <strong>fatores de risco de maior probabilidade de bacteremia oculta:<\/strong><\/p>\n\n\n\n<ul class=\"wp-block-list\">\n<li>Temperatura \u2265 39\u00baC<\/li>\n\n\n\n<li>Leucometria \u2265 15.000\/microL<\/li>\n\n\n\n<li>Aumento da contagem absoluta de neutr\u00f3filos, bast\u00f5es<\/li>\n\n\n\n<li>Aumento de VHS e PCR<\/li>\n<\/ul>\n\n\n\n<p>A conduta de FSSL em crian\u00e7as de 3 a 36 meses varia de acordo com a febre. Em todos os casos, devemos afastar a hip\u00f3tese de ITU, atrav\u00e9s de EAS e urocultura. No caso de pacientes com &gt; 39\u00ba C, devemos adicionar alguns exames, como hemograma, hemocultura e provas de fase aguda.<\/p>\n\n\n\n<p>Nossa suspeita de bacteremia oculta \u00e9 maior na presen\u00e7a de: leuc\u00f3citos &gt; 20.000\/mm\u00b3 <strong>ou<\/strong> total de neutr\u00f3filos &gt; 10.000\/mm\u00b3 + radiografia de t\u00f3rax normal.<\/p>\n\n\n\n<p>Em crian\u00e7as <strong>sem vacina\u00e7\u00e3o completa<\/strong> para H. influenza, Streptococcus e Neisseria, devemos iniciar antibioticoterapia emp\u00edrica com cefalosporina de 3\u00aa gera\u00e7\u00e3o (ceftriaxona 50mg\/kg IM) e agendar retorno di\u00e1rio para reavalia\u00e7\u00e3o cl\u00ednica e verifica\u00e7\u00e3o do andamento da hemocultura. J\u00e1 as crian\u00e7as <strong>com vacina\u00e7\u00e3o completa,<\/strong> devem ser reavaliadas ambulatorialmente, sem necessidade de prescri\u00e7\u00e3o de antibiotico emp\u00edrico.<\/p>\n\n\n\n<p>Abaixo temos um fluxograma do SBP que aborda a condu\u00e7\u00e3o de casos de FSSL.<\/p>\n\n\n\n<figure class=\"wp-block-image wp-block-gallery has-nested-images columns-default is-cropped\"><img loading=\"lazy\" decoding=\"async\" width=\"1015\" height=\"1024\" src=\"https:\/\/www.grupomedcof.com.br\/blog\/wp-content\/uploads\/2024\/06\/imagem_2024-06-12_075433559-1015x1024.png\" alt=\"fluxograma do SBP que aborda a condu\u00e7\u00e3o de casos de FSSL.\" class=\"wp-image-26651\" srcset=\"https:\/\/www.grupomedcof.com.br\/blog\/wp-content\/uploads\/2024\/06\/imagem_2024-06-12_075433559-1015x1024.png 1015w, https:\/\/www.grupomedcof.com.br\/blog\/wp-content\/uploads\/2024\/06\/imagem_2024-06-12_075433559-297x300.png 297w, https:\/\/www.grupomedcof.com.br\/blog\/wp-content\/uploads\/2024\/06\/imagem_2024-06-12_075433559-150x151.png 150w, https:\/\/www.grupomedcof.com.br\/blog\/wp-content\/uploads\/2024\/06\/imagem_2024-06-12_075433559-768x775.png 768w, https:\/\/www.grupomedcof.com.br\/blog\/wp-content\/uploads\/2024\/06\/imagem_2024-06-12_075433559-1523x1536.png 1523w, https:\/\/www.grupomedcof.com.br\/blog\/wp-content\/uploads\/2024\/06\/imagem_2024-06-12_075433559-416x420.png 416w, https:\/\/www.grupomedcof.com.br\/blog\/wp-content\/uploads\/2024\/06\/imagem_2024-06-12_075433559-300x303.png 300w, https:\/\/www.grupomedcof.com.br\/blog\/wp-content\/uploads\/2024\/06\/imagem_2024-06-12_075433559-696x702.png 696w, https:\/\/www.grupomedcof.com.br\/blog\/wp-content\/uploads\/2024\/06\/imagem_2024-06-12_075433559-1068x1077.png 1068w, https:\/\/www.grupomedcof.com.br\/blog\/wp-content\/uploads\/2024\/06\/imagem_2024-06-12_075433559-1920x1936.png 1920w, https:\/\/www.grupomedcof.com.br\/blog\/wp-content\/uploads\/2024\/06\/imagem_2024-06-12_075433559.png 2000w\" sizes=\"auto, (max-width: 1015px) 100vw, 1015px\" \/><figcaption class=\"wp-element-caption\">Fonte: SBP, 2022<\/figcaption><\/figure>\n\n\n\n<h2 class=\"wp-block-heading\" id=\"h-antitermicos\"><span class=\"ez-toc-section\" id=\"Antitermicos\"><\/span><strong>Antit\u00e9rmicos<\/strong><span class=\"ez-toc-section-end\"><\/span><\/h2>\n\n\n\n<p>Antit\u00e9rmicos s\u00f3 devem ser utilizados na presen\u00e7a de desconforto devido \u00e0 febre, como irritabilidade, choro, letargia, inapet\u00eancia e dist\u00farbios do sono.<\/p>\n\n\n\n<p>Em menores de 30 dias, o \u00fanico antit\u00e9rmico indicado \u00e9 o paracetamol com ajuste de acordo com o peso em quilos.<\/p>\n\n\n\n<h2 class=\"wp-block-heading\" id=\"h-conquiste-a-aprovacao\"><span class=\"ez-toc-section\" id=\"Conquiste_a_aprovacao\"><\/span><strong>Conquiste a aprova\u00e7\u00e3o<\/strong><span class=\"ez-toc-section-end\"><\/span><\/h2>\n\n\n\n<p>As provas de resid\u00eancia est\u00e3o cada vez mais perto! Se voc\u00ea quer<a href=\"https:\/\/www.grupomedcof.com.br\/blog\/presenca-da-medcof-nas-aprovacoes-em-residencia-medica-no-brasil\/\"> <strong>ser mais um aprovado<\/strong> <\/a>nas melhores resid\u00eancias m\u00e9dicas do pa\u00eds, ent\u00e3o conhe\u00e7a o<a href=\"https:\/\/www.grupomedcof.com.br\/\"><strong> Grupo MedCof<\/strong><\/a><strong>!<\/strong> Temos um cat\u00e1logo repleto de cursos que te guiar\u00e3o na jornada para as provas de Resid\u00eancia M\u00e9dica que ocorrer\u00e3o em 2026!<\/p>\n\n\n\n<figure class=\"wp-block-embed is-type-video is-provider-youtube wp-block-embed-youtube wp-embed-aspect-16-9 wp-has-aspect-ratio\"><div class=\"wp-block-embed__wrapper\">\n<div class=\"youtube-embed\" data-video_id=\"\"><iframe loading=\"lazy\" title=\"C\u00d3DIGO DA APROVA\u00c7\u00c3O 2026 | Estrat\u00e9gia de Estudos 2026\" width=\"696\" height=\"392\" src=\"https:\/\/www.youtube.com\/embed\/DqIcZWO0lsQ?feature=oembed&#038;enablejsapi=1\" frameborder=\"0\" allow=\"accelerometer; autoplay; clipboard-write; encrypted-media; gyroscope; picture-in-picture; web-share\" referrerpolicy=\"strict-origin-when-cross-origin\" allowfullscreen><\/iframe><\/div>\n<\/div><\/figure>\n","protected":false},"excerpt":{"rendered":"<p>Os pacientes que apresentam FSSL e mant\u00e9m um estado geral bom s\u00e3o conduzidos de maneira diferente, atrav\u00e9s de uma classifica\u00e7\u00e3o por idade<\/p>\n","protected":false},"author":10,"featured_media":13559,"comment_status":"open","ping_status":"open","sticky":false,"template":"","format":"standard","meta":{"footnotes":""},"categories":[120],"tags":[109],"ppma_author":[3613],"class_list":{"0":"post-13552","1":"post","2":"type-post","3":"status-publish","4":"format-standard","5":"has-post-thumbnail","7":"category-pediatria","8":"tag-pediatria"},"yoast_head":"<!-- This site is optimized with the Yoast SEO Premium plugin v24.3 (Yoast SEO v27.4) - https:\/\/yoast.com\/product\/yoast-seo-premium-wordpress\/ -->\n<title>Febre Sem Sinais Localizat\u00f3rios em Casos de Toxemia | Medcof<\/title>\n<meta name=\"description\" content=\"Aprenda como conduzir casos de febre sem sinais localizat\u00f3rios em pacientes sem toxemia, incluindo a classifica\u00e7\u00e3o por faixa et\u00e1ria.\" \/>\n<meta name=\"robots\" content=\"index, follow, max-snippet:-1, max-image-preview:large, max-video-preview:-1\" \/>\n<link rel=\"canonical\" href=\"https:\/\/www.grupomedcof.com.br\/blog\/febre-sem-sinais-localizatorios-conduzindo-casos-sem-toxemia\/\" \/>\n<meta property=\"og:locale\" content=\"pt_BR\" \/>\n<meta property=\"og:type\" content=\"article\" \/>\n<meta property=\"og:title\" content=\"Febre sem sinais localizat\u00f3rios: conduzindo casos sem toxemia\" \/>\n<meta property=\"og:description\" content=\"Aprenda como conduzir casos de febre sem sinais localizat\u00f3rios em pacientes sem toxemia, incluindo a classifica\u00e7\u00e3o por faixa et\u00e1ria.\" \/>\n<meta property=\"og:url\" content=\"https:\/\/www.grupomedcof.com.br\/blog\/febre-sem-sinais-localizatorios-conduzindo-casos-sem-toxemia\/\" \/>\n<meta property=\"og:site_name\" content=\"Blog de Medcof: conte\u00fados, editais, revalida e mais!\" \/>\n<meta property=\"article:publisher\" content=\"https:\/\/www.facebook.com\/MedCofQbank\/\" \/>\n<meta property=\"article:published_time\" content=\"2023-09-20T20:39:17+00:00\" \/>\n<meta property=\"article:modified_time\" content=\"2026-04-24T20:10:04+00:00\" \/>\n<meta property=\"og:image\" content=\"https:\/\/www.grupomedcof.com.br\/blog\/wp-content\/uploads\/2023\/09\/Blog-MedCof-91-1024x576.png\" \/>\n\t<meta property=\"og:image:width\" content=\"1024\" \/>\n\t<meta property=\"og:image:height\" content=\"576\" \/>\n\t<meta property=\"og:image:type\" content=\"image\/png\" \/>\n<meta name=\"author\" content=\"Grupo MedCof\" \/>\n<meta name=\"twitter:card\" content=\"summary_large_image\" \/>\n<meta name=\"twitter:label1\" content=\"Escrito por\" \/>\n\t<meta name=\"twitter:data1\" content=\"Grupo MedCof\" \/>\n\t<meta name=\"twitter:label2\" content=\"Est. tempo de leitura\" \/>\n\t<meta name=\"twitter:data2\" content=\"6 minutos\" \/>\n<script type=\"application\/ld+json\" class=\"yoast-schema-graph\">{\"@context\":\"https:\\\/\\\/schema.org\",\"@graph\":[{\"@type\":\"Article\",\"@id\":\"https:\\\/\\\/www.grupomedcof.com.br\\\/blog\\\/febre-sem-sinais-localizatorios-conduzindo-casos-sem-toxemia\\\/#article\",\"isPartOf\":{\"@id\":\"https:\\\/\\\/www.grupomedcof.com.br\\\/blog\\\/febre-sem-sinais-localizatorios-conduzindo-casos-sem-toxemia\\\/\"},\"author\":{\"name\":\"Grupo MedCof\",\"@id\":\"https:\\\/\\\/www.grupomedcof.com.br\\\/blog\\\/#\\\/schema\\\/person\\\/5e56a3921255c01181f3d8c20d53f9c0\"},\"headline\":\"Febre sem sinais localizat\u00f3rios: conduzindo casos sem toxemia\",\"datePublished\":\"2023-09-20T20:39:17+00:00\",\"dateModified\":\"2026-04-24T20:10:04+00:00\",\"mainEntityOfPage\":{\"@id\":\"https:\\\/\\\/www.grupomedcof.com.br\\\/blog\\\/febre-sem-sinais-localizatorios-conduzindo-casos-sem-toxemia\\\/\"},\"wordCount\":851,\"commentCount\":0,\"publisher\":{\"@id\":\"https:\\\/\\\/www.grupomedcof.com.br\\\/blog\\\/#organization\"},\"image\":{\"@id\":\"https:\\\/\\\/www.grupomedcof.com.br\\\/blog\\\/febre-sem-sinais-localizatorios-conduzindo-casos-sem-toxemia\\\/#primaryimage\"},\"thumbnailUrl\":\"https:\\\/\\\/www.grupomedcof.com.br\\\/blog\\\/wp-content\\\/uploads\\\/2023\\\/09\\\/Blog-MedCof-91.png\",\"keywords\":[\"Pediatria\"],\"articleSection\":[\"Pediatria\"],\"inLanguage\":\"pt-BR\"},{\"@type\":\"WebPage\",\"@id\":\"https:\\\/\\\/www.grupomedcof.com.br\\\/blog\\\/febre-sem-sinais-localizatorios-conduzindo-casos-sem-toxemia\\\/\",\"url\":\"https:\\\/\\\/www.grupomedcof.com.br\\\/blog\\\/febre-sem-sinais-localizatorios-conduzindo-casos-sem-toxemia\\\/\",\"name\":\"Febre Sem Sinais Localizat\u00f3rios em Casos de Toxemia | Medcof\",\"isPartOf\":{\"@id\":\"https:\\\/\\\/www.grupomedcof.com.br\\\/blog\\\/#website\"},\"primaryImageOfPage\":{\"@id\":\"https:\\\/\\\/www.grupomedcof.com.br\\\/blog\\\/febre-sem-sinais-localizatorios-conduzindo-casos-sem-toxemia\\\/#primaryimage\"},\"image\":{\"@id\":\"https:\\\/\\\/www.grupomedcof.com.br\\\/blog\\\/febre-sem-sinais-localizatorios-conduzindo-casos-sem-toxemia\\\/#primaryimage\"},\"thumbnailUrl\":\"https:\\\/\\\/www.grupomedcof.com.br\\\/blog\\\/wp-content\\\/uploads\\\/2023\\\/09\\\/Blog-MedCof-91.png\",\"datePublished\":\"2023-09-20T20:39:17+00:00\",\"dateModified\":\"2026-04-24T20:10:04+00:00\",\"description\":\"Aprenda como conduzir casos de febre sem sinais localizat\u00f3rios em pacientes sem toxemia, incluindo a classifica\u00e7\u00e3o por faixa et\u00e1ria.\",\"breadcrumb\":{\"@id\":\"https:\\\/\\\/www.grupomedcof.com.br\\\/blog\\\/febre-sem-sinais-localizatorios-conduzindo-casos-sem-toxemia\\\/#breadcrumb\"},\"inLanguage\":\"pt-BR\",\"potentialAction\":[{\"@type\":\"ReadAction\",\"target\":[\"https:\\\/\\\/www.grupomedcof.com.br\\\/blog\\\/febre-sem-sinais-localizatorios-conduzindo-casos-sem-toxemia\\\/\"]}]},{\"@type\":\"ImageObject\",\"inLanguage\":\"pt-BR\",\"@id\":\"https:\\\/\\\/www.grupomedcof.com.br\\\/blog\\\/febre-sem-sinais-localizatorios-conduzindo-casos-sem-toxemia\\\/#primaryimage\",\"url\":\"https:\\\/\\\/www.grupomedcof.com.br\\\/blog\\\/wp-content\\\/uploads\\\/2023\\\/09\\\/Blog-MedCof-91.png\",\"contentUrl\":\"https:\\\/\\\/www.grupomedcof.com.br\\\/blog\\\/wp-content\\\/uploads\\\/2023\\\/09\\\/Blog-MedCof-91.png\",\"width\":2560,\"height\":1440,\"caption\":\"criterio de rochester febre, crit\u00e9rio de rochester febre, criterios de rochester febre, crit\u00e9rios de rochester febre, rochester criterios, rochester crit\u00e9rios, criterios de rochester, criterios rochester, crit\u00e9rios rochester, criterio de rochester, crit\u00e9rios de rochester, crit\u00e9rios de rochester, criterios de rochester pediatria, crit\u00e9rios de rochester pediatria, criterios de rochester pediatria, crit\u00e9rio de rochester pediatria, crit\u00e9rios de rochester pediatria, febre sem sinais localizatorios, febre sem foco, fssl pediatria, fssl, febre de origem indeterminada infantil, febre de origem indeterminada, sinais de toxemia, febre sem causa, febre sem causa aparente, febre em crian\u00e7a sem sintomas, febre em crianca sem sintomas, febre em crian\u00e7as sem sintomas, febre em criancas sem sintomas, febre sociedade brasileira de pediatria, febre toxemia, toxemia febre, febre toxemica, febre tox\u00eamica, febre nao toxemica, febre n\u00e3o tox\u00eamica, febre nao toxemica\"},{\"@type\":\"BreadcrumbList\",\"@id\":\"https:\\\/\\\/www.grupomedcof.com.br\\\/blog\\\/febre-sem-sinais-localizatorios-conduzindo-casos-sem-toxemia\\\/#breadcrumb\",\"itemListElement\":[{\"@type\":\"ListItem\",\"position\":1,\"name\":\"In\u00edcio\",\"item\":\"https:\\\/\\\/www.grupomedcof.com.br\\\/blog\\\/\"},{\"@type\":\"ListItem\",\"position\":2,\"name\":\"Febre sem sinais localizat\u00f3rios: conduzindo casos sem toxemia\"}]},{\"@type\":\"WebSite\",\"@id\":\"https:\\\/\\\/www.grupomedcof.com.br\\\/blog\\\/#website\",\"url\":\"https:\\\/\\\/www.grupomedcof.com.br\\\/blog\\\/\",\"name\":\"Blog de Medcof: conte\u00fados, editais, revalida e mais!\",\"description\":\"Acesso o blog de MedCof! Seu portal de conte\u00fados sobre resid\u00eancia m\u00e9dica, an\u00e1lise e editais e muito mais. Clique e confira!\",\"publisher\":{\"@id\":\"https:\\\/\\\/www.grupomedcof.com.br\\\/blog\\\/#organization\"},\"alternateName\":\"Blog de Medcof: conte\u00fados, editais, revalida e mais!\",\"potentialAction\":[{\"@type\":\"SearchAction\",\"target\":{\"@type\":\"EntryPoint\",\"urlTemplate\":\"https:\\\/\\\/www.grupomedcof.com.br\\\/blog\\\/?s={search_term_string}\"},\"query-input\":{\"@type\":\"PropertyValueSpecification\",\"valueRequired\":true,\"valueName\":\"search_term_string\"}}],\"inLanguage\":\"pt-BR\"},{\"@type\":\"Organization\",\"@id\":\"https:\\\/\\\/www.grupomedcof.com.br\\\/blog\\\/#organization\",\"name\":\"Grupo MedCof\",\"url\":\"https:\\\/\\\/www.grupomedcof.com.br\\\/blog\\\/\",\"logo\":{\"@type\":\"ImageObject\",\"inLanguage\":\"pt-BR\",\"@id\":\"https:\\\/\\\/www.grupomedcof.com.br\\\/blog\\\/#\\\/schema\\\/logo\\\/image\\\/\",\"url\":\"https:\\\/\\\/www.grupomedcof.com.br\\\/blog\\\/wp-content\\\/uploads\\\/2022\\\/01\\\/logo-medcof.png\",\"contentUrl\":\"https:\\\/\\\/www.grupomedcof.com.br\\\/blog\\\/wp-content\\\/uploads\\\/2022\\\/01\\\/logo-medcof.png\",\"width\":768,\"height\":269,\"caption\":\"Grupo MedCof\"},\"image\":{\"@id\":\"https:\\\/\\\/www.grupomedcof.com.br\\\/blog\\\/#\\\/schema\\\/logo\\\/image\\\/\"},\"sameAs\":[\"https:\\\/\\\/www.facebook.com\\\/MedCofQbank\\\/\",\"https:\\\/\\\/www.instagram.com\\\/grupomedcof\\\/\",\"https:\\\/\\\/br.linkedin.com\\\/company\\\/medcof\",\"https:\\\/\\\/www.youtube.com\\\/channel\\\/UCdHMuOHKICxcHwecxN8P-AA\"]},{\"@type\":\"Person\",\"@id\":\"https:\\\/\\\/www.grupomedcof.com.br\\\/blog\\\/#\\\/schema\\\/person\\\/5e56a3921255c01181f3d8c20d53f9c0\",\"name\":\"Grupo MedCof\",\"image\":{\"@type\":\"ImageObject\",\"inLanguage\":\"pt-BR\",\"@id\":\"https:\\\/\\\/www.grupomedcof.com.br\\\/blog\\\/wp-content\\\/uploads\\\/2023\\\/04\\\/cropped-cropped-cropped-cropped-logo-96x96.png28585d174f19c23095510da5f63bc127\",\"url\":\"https:\\\/\\\/www.grupomedcof.com.br\\\/blog\\\/wp-content\\\/uploads\\\/2023\\\/04\\\/cropped-cropped-cropped-cropped-logo-96x96.png\",\"contentUrl\":\"https:\\\/\\\/www.grupomedcof.com.br\\\/blog\\\/wp-content\\\/uploads\\\/2023\\\/04\\\/cropped-cropped-cropped-cropped-logo-96x96.png\",\"caption\":\"Grupo MedCof\"},\"description\":\"Tendo aulas baseadas em quest\u00f5es, + de 115 subespecialistas dispon\u00edveis e uma metodologia \u00fanica, voc\u00ea pode se juntar ao nosso time que conta com mais de 10 mil ...\",\"url\":\"https:\\\/\\\/www.grupomedcof.com.br\\\/blog\\\/author\\\/grupo-medcof\\\/\"}]}<\/script>\n<!-- \/ Yoast SEO Premium plugin. -->","yoast_head_json":{"title":"Febre Sem Sinais Localizat\u00f3rios em Casos de Toxemia | Medcof","description":"Aprenda como conduzir casos de febre sem sinais localizat\u00f3rios em pacientes sem toxemia, incluindo a classifica\u00e7\u00e3o por faixa et\u00e1ria.","robots":{"index":"index","follow":"follow","max-snippet":"max-snippet:-1","max-image-preview":"max-image-preview:large","max-video-preview":"max-video-preview:-1"},"canonical":"https:\/\/www.grupomedcof.com.br\/blog\/febre-sem-sinais-localizatorios-conduzindo-casos-sem-toxemia\/","og_locale":"pt_BR","og_type":"article","og_title":"Febre sem sinais localizat\u00f3rios: conduzindo casos sem toxemia","og_description":"Aprenda como conduzir casos de febre sem sinais localizat\u00f3rios em pacientes sem toxemia, incluindo a classifica\u00e7\u00e3o por faixa et\u00e1ria.","og_url":"https:\/\/www.grupomedcof.com.br\/blog\/febre-sem-sinais-localizatorios-conduzindo-casos-sem-toxemia\/","og_site_name":"Blog de Medcof: conte\u00fados, editais, revalida e mais!","article_publisher":"https:\/\/www.facebook.com\/MedCofQbank\/","article_published_time":"2023-09-20T20:39:17+00:00","article_modified_time":"2026-04-24T20:10:04+00:00","og_image":[{"width":1024,"height":576,"url":"https:\/\/www.grupomedcof.com.br\/blog\/wp-content\/uploads\/2023\/09\/Blog-MedCof-91-1024x576.png","type":"image\/png"}],"author":"Grupo MedCof","twitter_card":"summary_large_image","twitter_misc":{"Escrito por":"Grupo MedCof","Est. tempo de leitura":"6 minutos"},"schema":{"@context":"https:\/\/schema.org","@graph":[{"@type":"Article","@id":"https:\/\/www.grupomedcof.com.br\/blog\/febre-sem-sinais-localizatorios-conduzindo-casos-sem-toxemia\/#article","isPartOf":{"@id":"https:\/\/www.grupomedcof.com.br\/blog\/febre-sem-sinais-localizatorios-conduzindo-casos-sem-toxemia\/"},"author":{"name":"Grupo MedCof","@id":"https:\/\/www.grupomedcof.com.br\/blog\/#\/schema\/person\/5e56a3921255c01181f3d8c20d53f9c0"},"headline":"Febre sem sinais localizat\u00f3rios: conduzindo casos sem toxemia","datePublished":"2023-09-20T20:39:17+00:00","dateModified":"2026-04-24T20:10:04+00:00","mainEntityOfPage":{"@id":"https:\/\/www.grupomedcof.com.br\/blog\/febre-sem-sinais-localizatorios-conduzindo-casos-sem-toxemia\/"},"wordCount":851,"commentCount":0,"publisher":{"@id":"https:\/\/www.grupomedcof.com.br\/blog\/#organization"},"image":{"@id":"https:\/\/www.grupomedcof.com.br\/blog\/febre-sem-sinais-localizatorios-conduzindo-casos-sem-toxemia\/#primaryimage"},"thumbnailUrl":"https:\/\/www.grupomedcof.com.br\/blog\/wp-content\/uploads\/2023\/09\/Blog-MedCof-91.png","keywords":["Pediatria"],"articleSection":["Pediatria"],"inLanguage":"pt-BR"},{"@type":"WebPage","@id":"https:\/\/www.grupomedcof.com.br\/blog\/febre-sem-sinais-localizatorios-conduzindo-casos-sem-toxemia\/","url":"https:\/\/www.grupomedcof.com.br\/blog\/febre-sem-sinais-localizatorios-conduzindo-casos-sem-toxemia\/","name":"Febre Sem Sinais Localizat\u00f3rios em Casos de Toxemia | Medcof","isPartOf":{"@id":"https:\/\/www.grupomedcof.com.br\/blog\/#website"},"primaryImageOfPage":{"@id":"https:\/\/www.grupomedcof.com.br\/blog\/febre-sem-sinais-localizatorios-conduzindo-casos-sem-toxemia\/#primaryimage"},"image":{"@id":"https:\/\/www.grupomedcof.com.br\/blog\/febre-sem-sinais-localizatorios-conduzindo-casos-sem-toxemia\/#primaryimage"},"thumbnailUrl":"https:\/\/www.grupomedcof.com.br\/blog\/wp-content\/uploads\/2023\/09\/Blog-MedCof-91.png","datePublished":"2023-09-20T20:39:17+00:00","dateModified":"2026-04-24T20:10:04+00:00","description":"Aprenda como conduzir casos de febre sem sinais localizat\u00f3rios em pacientes sem toxemia, incluindo a classifica\u00e7\u00e3o por faixa et\u00e1ria.","breadcrumb":{"@id":"https:\/\/www.grupomedcof.com.br\/blog\/febre-sem-sinais-localizatorios-conduzindo-casos-sem-toxemia\/#breadcrumb"},"inLanguage":"pt-BR","potentialAction":[{"@type":"ReadAction","target":["https:\/\/www.grupomedcof.com.br\/blog\/febre-sem-sinais-localizatorios-conduzindo-casos-sem-toxemia\/"]}]},{"@type":"ImageObject","inLanguage":"pt-BR","@id":"https:\/\/www.grupomedcof.com.br\/blog\/febre-sem-sinais-localizatorios-conduzindo-casos-sem-toxemia\/#primaryimage","url":"https:\/\/www.grupomedcof.com.br\/blog\/wp-content\/uploads\/2023\/09\/Blog-MedCof-91.png","contentUrl":"https:\/\/www.grupomedcof.com.br\/blog\/wp-content\/uploads\/2023\/09\/Blog-MedCof-91.png","width":2560,"height":1440,"caption":"criterio de rochester febre, crit\u00e9rio de rochester febre, criterios de rochester febre, crit\u00e9rios de rochester febre, rochester criterios, rochester crit\u00e9rios, criterios de rochester, criterios rochester, crit\u00e9rios rochester, criterio de rochester, crit\u00e9rios de rochester, crit\u00e9rios de rochester, criterios de rochester pediatria, crit\u00e9rios de rochester pediatria, criterios de rochester pediatria, crit\u00e9rio de rochester pediatria, crit\u00e9rios de rochester pediatria, febre sem sinais localizatorios, febre sem foco, fssl pediatria, fssl, febre de origem indeterminada infantil, febre de origem indeterminada, sinais de toxemia, febre sem causa, febre sem causa aparente, febre em crian\u00e7a sem sintomas, febre em crianca sem sintomas, febre em crian\u00e7as sem sintomas, febre em criancas sem sintomas, febre sociedade brasileira de pediatria, febre toxemia, toxemia febre, febre toxemica, febre tox\u00eamica, febre nao toxemica, febre n\u00e3o tox\u00eamica, febre nao toxemica"},{"@type":"BreadcrumbList","@id":"https:\/\/www.grupomedcof.com.br\/blog\/febre-sem-sinais-localizatorios-conduzindo-casos-sem-toxemia\/#breadcrumb","itemListElement":[{"@type":"ListItem","position":1,"name":"In\u00edcio","item":"https:\/\/www.grupomedcof.com.br\/blog\/"},{"@type":"ListItem","position":2,"name":"Febre sem sinais localizat\u00f3rios: conduzindo casos sem toxemia"}]},{"@type":"WebSite","@id":"https:\/\/www.grupomedcof.com.br\/blog\/#website","url":"https:\/\/www.grupomedcof.com.br\/blog\/","name":"Blog de Medcof: conte\u00fados, editais, revalida e mais!","description":"Acesso o blog de MedCof! Seu portal de conte\u00fados sobre resid\u00eancia m\u00e9dica, an\u00e1lise e editais e muito mais. Clique e confira!","publisher":{"@id":"https:\/\/www.grupomedcof.com.br\/blog\/#organization"},"alternateName":"Blog de Medcof: conte\u00fados, editais, revalida e mais!","potentialAction":[{"@type":"SearchAction","target":{"@type":"EntryPoint","urlTemplate":"https:\/\/www.grupomedcof.com.br\/blog\/?s={search_term_string}"},"query-input":{"@type":"PropertyValueSpecification","valueRequired":true,"valueName":"search_term_string"}}],"inLanguage":"pt-BR"},{"@type":"Organization","@id":"https:\/\/www.grupomedcof.com.br\/blog\/#organization","name":"Grupo MedCof","url":"https:\/\/www.grupomedcof.com.br\/blog\/","logo":{"@type":"ImageObject","inLanguage":"pt-BR","@id":"https:\/\/www.grupomedcof.com.br\/blog\/#\/schema\/logo\/image\/","url":"https:\/\/www.grupomedcof.com.br\/blog\/wp-content\/uploads\/2022\/01\/logo-medcof.png","contentUrl":"https:\/\/www.grupomedcof.com.br\/blog\/wp-content\/uploads\/2022\/01\/logo-medcof.png","width":768,"height":269,"caption":"Grupo MedCof"},"image":{"@id":"https:\/\/www.grupomedcof.com.br\/blog\/#\/schema\/logo\/image\/"},"sameAs":["https:\/\/www.facebook.com\/MedCofQbank\/","https:\/\/www.instagram.com\/grupomedcof\/","https:\/\/br.linkedin.com\/company\/medcof","https:\/\/www.youtube.com\/channel\/UCdHMuOHKICxcHwecxN8P-AA"]},{"@type":"Person","@id":"https:\/\/www.grupomedcof.com.br\/blog\/#\/schema\/person\/5e56a3921255c01181f3d8c20d53f9c0","name":"Grupo MedCof","image":{"@type":"ImageObject","inLanguage":"pt-BR","@id":"https:\/\/www.grupomedcof.com.br\/blog\/wp-content\/uploads\/2023\/04\/cropped-cropped-cropped-cropped-logo-96x96.png28585d174f19c23095510da5f63bc127","url":"https:\/\/www.grupomedcof.com.br\/blog\/wp-content\/uploads\/2023\/04\/cropped-cropped-cropped-cropped-logo-96x96.png","contentUrl":"https:\/\/www.grupomedcof.com.br\/blog\/wp-content\/uploads\/2023\/04\/cropped-cropped-cropped-cropped-logo-96x96.png","caption":"Grupo MedCof"},"description":"Tendo aulas baseadas em quest\u00f5es, + de 115 subespecialistas dispon\u00edveis e uma metodologia \u00fanica, voc\u00ea pode se juntar ao nosso time que conta com mais de 10 mil ...","url":"https:\/\/www.grupomedcof.com.br\/blog\/author\/grupo-medcof\/"}]}},"authors":[{"term_id":3613,"user_id":10,"is_guest":0,"slug":"grupo-medcof","display_name":"Grupo MedCof","avatar_url":"https:\/\/www.grupomedcof.com.br\/blog\/wp-content\/uploads\/2023\/04\/cropped-cropped-cropped-cropped-logo-96x96.png","0":null,"1":"","2":"","3":"","4":"","5":"","6":"","7":"","8":""}],"_links":{"self":[{"href":"https:\/\/www.grupomedcof.com.br\/blog\/wp-json\/wp\/v2\/posts\/13552","targetHints":{"allow":["GET"]}}],"collection":[{"href":"https:\/\/www.grupomedcof.com.br\/blog\/wp-json\/wp\/v2\/posts"}],"about":[{"href":"https:\/\/www.grupomedcof.com.br\/blog\/wp-json\/wp\/v2\/types\/post"}],"author":[{"embeddable":true,"href":"https:\/\/www.grupomedcof.com.br\/blog\/wp-json\/wp\/v2\/users\/10"}],"replies":[{"embeddable":true,"href":"https:\/\/www.grupomedcof.com.br\/blog\/wp-json\/wp\/v2\/comments?post=13552"}],"version-history":[{"count":3,"href":"https:\/\/www.grupomedcof.com.br\/blog\/wp-json\/wp\/v2\/posts\/13552\/revisions"}],"predecessor-version":[{"id":40461,"href":"https:\/\/www.grupomedcof.com.br\/blog\/wp-json\/wp\/v2\/posts\/13552\/revisions\/40461"}],"wp:featuredmedia":[{"embeddable":true,"href":"https:\/\/www.grupomedcof.com.br\/blog\/wp-json\/wp\/v2\/media\/13559"}],"wp:attachment":[{"href":"https:\/\/www.grupomedcof.com.br\/blog\/wp-json\/wp\/v2\/media?parent=13552"}],"wp:term":[{"taxonomy":"category","embeddable":true,"href":"https:\/\/www.grupomedcof.com.br\/blog\/wp-json\/wp\/v2\/categories?post=13552"},{"taxonomy":"post_tag","embeddable":true,"href":"https:\/\/www.grupomedcof.com.br\/blog\/wp-json\/wp\/v2\/tags?post=13552"},{"taxonomy":"author","embeddable":true,"href":"https:\/\/www.grupomedcof.com.br\/blog\/wp-json\/wp\/v2\/ppma_author?post=13552"}],"curies":[{"name":"wp","href":"https:\/\/api.w.org\/{rel}","templated":true}]}}