{"id":13648,"date":"2025-09-22T08:33:31","date_gmt":"2025-09-22T11:33:31","guid":{"rendered":"https:\/\/www.grupomedcof.com.br\/blog\/?p=13648"},"modified":"2026-02-03T17:06:15","modified_gmt":"2026-02-03T20:06:15","slug":"edital-residencia-medica-usp-sp","status":"publish","type":"post","link":"https:\/\/www.grupomedcof.com.br\/blog\/edital-residencia-medica-usp-sp\/","title":{"rendered":"Edital USP-SP para resid\u00eancia m\u00e9dica 2025\/2026"},"content":{"rendered":"<div id=\"ez-toc-container\" class=\"ez-toc-v2_0_74 counter-hierarchy ez-toc-counter ez-toc-transparent ez-toc-container-direction\">\n<div class=\"ez-toc-title-container\">\n<p class=\"ez-toc-title\" style=\"cursor:inherit\">Sum\u00e1rio<\/p>\n<span class=\"ez-toc-title-toggle\"><a href=\"#\" class=\"ez-toc-pull-right ez-toc-btn ez-toc-btn-xs ez-toc-btn-default ez-toc-toggle\" aria-label=\"Alternar tabela de conte\u00fado\"><span class=\"ez-toc-js-icon-con\"><span class=\"\"><span class=\"eztoc-hide\" style=\"display:none;\">Toggle<\/span><span class=\"ez-toc-icon-toggle-span\"><svg style=\"fill: #999;color:#999\" xmlns=\"http:\/\/www.w3.org\/2000\/svg\" class=\"list-377408\" width=\"20px\" height=\"20px\" viewBox=\"0 0 24 24\" fill=\"none\"><path d=\"M6 6H4v2h2V6zm14 0H8v2h12V6zM4 11h2v2H4v-2zm16 0H8v2h12v-2zM4 16h2v2H4v-2zm16 0H8v2h12v-2z\" fill=\"currentColor\"><\/path><\/svg><svg style=\"fill: #999;color:#999\" class=\"arrow-unsorted-368013\" xmlns=\"http:\/\/www.w3.org\/2000\/svg\" width=\"10px\" height=\"10px\" viewBox=\"0 0 24 24\" version=\"1.2\" baseProfile=\"tiny\"><path d=\"M18.2 9.3l-6.2-6.3-6.2 6.3c-.2.2-.3.4-.3.7s.1.5.3.7c.2.2.4.3.7.3h11c.3 0 .5-.1.7-.3.2-.2.3-.5.3-.7s-.1-.5-.3-.7zM5.8 14.7l6.2 6.3 6.2-6.3c.2-.2.3-.5.3-.7s-.1-.5-.3-.7c-.2-.2-.4-.3-.7-.3h-11c-.3 0-.5.1-.7.3-.2.2-.3.5-.3.7s.1.5.3.7z\"\/><\/svg><\/span><\/span><\/span><\/a><\/span><\/div>\n<nav><ul class='ez-toc-list ez-toc-list-level-1 ' ><li class='ez-toc-page-1 ez-toc-heading-level-2'><a class=\"ez-toc-link ez-toc-heading-1\" href=\"https:\/\/www.grupomedcof.com.br\/blog\/edital-residencia-medica-usp-sp\/#Informacoes_edital_USP-SP_Residencia_Medica_20252026\" >Informa\u00e7\u00f5es edital USP-SP Resid\u00eancia M\u00e9dica 2025\/2026<\/a><ul class='ez-toc-list-level-3' ><li class='ez-toc-heading-level-3'><a class=\"ez-toc-link ez-toc-heading-2\" href=\"https:\/\/www.grupomedcof.com.br\/blog\/edital-residencia-medica-usp-sp\/#Inscricoes\" >Inscri\u00e7\u00f5es<\/a><\/li><\/ul><\/li><li class='ez-toc-page-1 ez-toc-heading-level-2'><a class=\"ez-toc-link ez-toc-heading-3\" href=\"https:\/\/www.grupomedcof.com.br\/blog\/edital-residencia-medica-usp-sp\/#Vagas_ofertadas\" >Vagas ofertadas<\/a><\/li><li class='ez-toc-page-1 ez-toc-heading-level-2'><a class=\"ez-toc-link ez-toc-heading-4\" href=\"https:\/\/www.grupomedcof.com.br\/blog\/edital-residencia-medica-usp-sp\/#Processo_Seletivo_USP-SP_20252026\" >Processo Seletivo USP-SP 2025\/2026<\/a><ul class='ez-toc-list-level-3' ><li class='ez-toc-heading-level-3'><a class=\"ez-toc-link ez-toc-heading-5\" href=\"https:\/\/www.grupomedcof.com.br\/blog\/edital-residencia-medica-usp-sp\/#Prova_Objetiva\" >Prova Objetiva<\/a><\/li><li class='ez-toc-page-1 ez-toc-heading-level-3'><a class=\"ez-toc-link ez-toc-heading-6\" href=\"https:\/\/www.grupomedcof.com.br\/blog\/edital-residencia-medica-usp-sp\/#Analise_Curricular\" >An\u00e1lise Curricular<\/a><\/li><\/ul><\/li><li class='ez-toc-page-1 ez-toc-heading-level-2'><a class=\"ez-toc-link ez-toc-heading-7\" href=\"https:\/\/www.grupomedcof.com.br\/blog\/edital-residencia-medica-usp-sp\/#Cronograma_USP-SP_20252026\" >Cronograma USP-SP 2025\/2026<\/a><\/li><li class='ez-toc-page-1 ez-toc-heading-level-2'><a class=\"ez-toc-link ez-toc-heading-8\" href=\"https:\/\/www.grupomedcof.com.br\/blog\/edital-residencia-medica-usp-sp\/#Edital_na_integra\" >Edital na \u00edntegra<\/a><\/li><li class='ez-toc-page-1 ez-toc-heading-level-2'><a class=\"ez-toc-link ez-toc-heading-9\" href=\"https:\/\/www.grupomedcof.com.br\/blog\/edital-residencia-medica-usp-sp\/#Garanta_sua_vaga_na_residencia_medica_com_o_melhor_preparatorio\" >Garanta sua vaga na resid\u00eancia m\u00e9dica com o melhor preparat\u00f3rio!<\/a><\/li><\/ul><\/nav><\/div>\n\n<figure class=\"wp-block-image size-large\"><img loading=\"lazy\" decoding=\"async\" width=\"1024\" height=\"576\" src=\"https:\/\/www.grupomedcof.com.br\/blog\/wp-content\/uploads\/2023\/09\/Modelo-instituicoes-2024-10-01T084526.640-1024x576.png\" alt=\"\" class=\"wp-image-30132\" srcset=\"https:\/\/www.grupomedcof.com.br\/blog\/wp-content\/uploads\/2023\/09\/Modelo-instituicoes-2024-10-01T084526.640-1024x576.png 1024w, https:\/\/www.grupomedcof.com.br\/blog\/wp-content\/uploads\/2023\/09\/Modelo-instituicoes-2024-10-01T084526.640-300x169.png 300w, https:\/\/www.grupomedcof.com.br\/blog\/wp-content\/uploads\/2023\/09\/Modelo-instituicoes-2024-10-01T084526.640-768x432.png 768w, https:\/\/www.grupomedcof.com.br\/blog\/wp-content\/uploads\/2023\/09\/Modelo-instituicoes-2024-10-01T084526.640-1536x864.png 1536w, https:\/\/www.grupomedcof.com.br\/blog\/wp-content\/uploads\/2023\/09\/Modelo-instituicoes-2024-10-01T084526.640-2048x1152.png 2048w, https:\/\/www.grupomedcof.com.br\/blog\/wp-content\/uploads\/2023\/09\/Modelo-instituicoes-2024-10-01T084526.640-747x420.png 747w, https:\/\/www.grupomedcof.com.br\/blog\/wp-content\/uploads\/2023\/09\/Modelo-instituicoes-2024-10-01T084526.640-150x84.png 150w, https:\/\/www.grupomedcof.com.br\/blog\/wp-content\/uploads\/2023\/09\/Modelo-instituicoes-2024-10-01T084526.640-696x392.png 696w, https:\/\/www.grupomedcof.com.br\/blog\/wp-content\/uploads\/2023\/09\/Modelo-instituicoes-2024-10-01T084526.640-1068x601.png 1068w, https:\/\/www.grupomedcof.com.br\/blog\/wp-content\/uploads\/2023\/09\/Modelo-instituicoes-2024-10-01T084526.640-1920x1080.png 1920w\" sizes=\"auto, (max-width: 1024px) 100vw, 1024px\" \/><\/figure>\n\n\n\n<p>Confira tudo sobre o <strong>edital 2025\/2026<\/strong> da resid\u00eancia m\u00e9dica da <strong>Universidade de S\u00e3o Paulo<\/strong> (USP-SP) e das edi\u00e7\u00f5es anteriores<\/p>\n\n\n\n<h2 class=\"wp-block-heading\" id=\"h-informacoes-edital-usp-sp-residencia-medica-2025-2026\"><span class=\"ez-toc-section\" id=\"Informacoes_edital_USP-SP_Residencia_Medica_20252026\"><\/span><strong><strong>Informa\u00e7\u00f5es edital USP-SP Resid\u00eancia M\u00e9dica 2025\/2026<\/strong><\/strong><span class=\"ez-toc-section-end\"><\/span><\/h2>\n\n\n\n<h3 class=\"wp-block-heading\" id=\"h-inscricoes\"><span class=\"ez-toc-section\" id=\"Inscricoes\"><\/span><strong>Inscri\u00e7\u00f5es<\/strong><span class=\"ez-toc-section-end\"><\/span><\/h3>\n\n\n\n<p>De acordo com o edital, as<a href=\"https:\/\/www.fuvest.br\/\" target=\"_blank\" rel=\"noreferrer noopener\"> inscri\u00e7\u00f5es <\/a>para o processo seletivo da USP-SP 2025\/2026 acontecer\u00e3o no per\u00edodo de <strong>07 e 29 de outubro de 2025<\/strong>, mediante pagamento da taxa no valor de <strong>R$620,00.<\/strong><\/p>\n\n\n\n<p>Ententanto, para aqueles que quiserem solicitar a isen\u00e7\u00e3o de 50% do valor da taxa, o per\u00edodo ser\u00e1 de <strong>24 a 25 de setembro de 2025.<\/strong><\/p>\n\n\n\n<figure class=\"wp-block-image size-large\"><a href=\"https:\/\/www.grupomedcof.com.br\/cofletters\/\"><img loading=\"lazy\" decoding=\"async\" width=\"1024\" height=\"366\" src=\"https:\/\/www.grupomedcof.com.br\/blog\/wp-content\/uploads\/2024\/08\/Capa-Eventos-MedCof-Plus-14-4-1024x366.png\" alt=\"\" class=\"wp-image-29290\" srcset=\"https:\/\/www.grupomedcof.com.br\/blog\/wp-content\/uploads\/2024\/08\/Capa-Eventos-MedCof-Plus-14-4-1024x366.png 1024w, https:\/\/www.grupomedcof.com.br\/blog\/wp-content\/uploads\/2024\/08\/Capa-Eventos-MedCof-Plus-14-4-300x107.png 300w, https:\/\/www.grupomedcof.com.br\/blog\/wp-content\/uploads\/2024\/08\/Capa-Eventos-MedCof-Plus-14-4-768x275.png 768w, https:\/\/www.grupomedcof.com.br\/blog\/wp-content\/uploads\/2024\/08\/Capa-Eventos-MedCof-Plus-14-4-1536x549.png 1536w, https:\/\/www.grupomedcof.com.br\/blog\/wp-content\/uploads\/2024\/08\/Capa-Eventos-MedCof-Plus-14-4-2048x732.png 2048w, https:\/\/www.grupomedcof.com.br\/blog\/wp-content\/uploads\/2024\/08\/Capa-Eventos-MedCof-Plus-14-4-1174x420.png 1174w, https:\/\/www.grupomedcof.com.br\/blog\/wp-content\/uploads\/2024\/08\/Capa-Eventos-MedCof-Plus-14-4-150x54.png 150w, https:\/\/www.grupomedcof.com.br\/blog\/wp-content\/uploads\/2024\/08\/Capa-Eventos-MedCof-Plus-14-4-696x249.png 696w, https:\/\/www.grupomedcof.com.br\/blog\/wp-content\/uploads\/2024\/08\/Capa-Eventos-MedCof-Plus-14-4-1068x382.png 1068w, https:\/\/www.grupomedcof.com.br\/blog\/wp-content\/uploads\/2024\/08\/Capa-Eventos-MedCof-Plus-14-4-1920x687.png 1920w\" sizes=\"auto, (max-width: 1024px) 100vw, 1024px\" \/><\/a><\/figure>\n\n\n\n<h2 class=\"wp-block-heading\" id=\"h-vagas-ofertadas\"><span class=\"ez-toc-section\" id=\"Vagas_ofertadas\"><\/span><strong>Vagas ofertadas<\/strong><span class=\"ez-toc-section-end\"><\/span><\/h2>\n\n\n\n<p>Nesta edi\u00e7\u00e3o, a USP-SP ofertar\u00e1 <strong>834 vagas <\/strong>distribu\u00eddas entre Acesso Direto, Pr\u00e9-Requisito, \u00c1reas de Atua\u00e7\u00e3o e Anos Adicionais.<\/p>\n\n\n\n<figure class=\"wp-block-table\"><table class=\"has-fixed-layout\"><thead><tr><th>Programas de Resid\u00eancia M\u00e9dica<\/th><th>Retorno For\u00e7as Armadas<\/th><th>Vagas Previstas<\/th><\/tr><\/thead><tbody><tr><td>Acupuntura<\/td><td>&#8211;<\/td><td>2<\/td><\/tr><tr><td>Alergia e Imunologia<\/td><td>&#8211;<\/td><td>3+1* = 4<\/td><\/tr><tr><td>Alergia e Imunologia \u2013 Ano Adicional<\/td><td>&#8211;<\/td><td>1<\/td><\/tr><tr><td>Alergia e Imunologia Pedi\u00e1trica<\/td><td>&#8211;<\/td><td>2+1* = 3<\/td><\/tr><tr><td>Anestesiologia<\/td><td>2<\/td><td>33<\/td><\/tr><tr><td>Cardiologia<\/td><td>&#8211;<\/td><td>48+4* = 52<\/td><\/tr><tr><td>Cardio-Oncologia<\/td><td>&#8211;<\/td><td>8*<\/td><\/tr><tr><td>Cardiologia Pedi\u00e1trica<\/td><td>&#8211;<\/td><td>5+7* = 12<\/td><\/tr><tr><td>Cirurgia Cardiovascular<\/td><td>2<\/td><td>2+6* = 8<\/td><\/tr><tr><td>Cirurgia da M\u00e3o<\/td><td>&#8211;<\/td><td>1<\/td><\/tr><tr><td>Cirurgia de Cabe\u00e7a e Pesco\u00e7o<\/td><td>&#8211;<\/td><td>5<\/td><\/tr><tr><td>Cirurgia do Aparelho Digestivo<\/td><td>&#8211;<\/td><td>4<\/td><\/tr><tr><td>Cirurgia Geral<\/td><td>2<\/td><td>22<\/td><\/tr><tr><td>Cirurgia Geral \u2013 Programa Avan\u00e7ado<\/td><td>&#8211;<\/td><td>1<\/td><\/tr><tr><td>Cirurgia Pedi\u00e1trica<\/td><td>&#8211;<\/td><td>2<\/td><\/tr><tr><td>Cirurgia Pl\u00e1stica<\/td><td>&#8211;<\/td><td>7<\/td><\/tr><tr><td>Cirurgia Tor\u00e1cica<\/td><td>&#8211;<\/td><td>4+2* = 6<\/td><\/tr><tr><td>Cirurgia Vascular<\/td><td>&#8211;<\/td><td>5<\/td><\/tr><tr><td>Cirurgia Videolaparoscopia<\/td><td>&#8211;<\/td><td>1<\/td><\/tr><tr><td>Cl\u00ednica M\u00e9dica<\/td><td>2+1* = 3<\/td><td>46+11* = 57<\/td><\/tr><tr><td>Cl\u00ednica M\u00e9dica \u2013 Ano Adicional<\/td><td>&#8211;<\/td><td>10*<\/td><\/tr><tr><td>Coloproctologia<\/td><td>&#8211;<\/td><td>3<\/td><\/tr><tr><td>Dermatologia<\/td><td>&#8211;<\/td><td>10<\/td><\/tr><tr><td>Dor<\/td><td>&#8211;<\/td><td>2+5* = 7<\/td><\/tr><tr><td>Eletrofisiologia Cl\u00ednica Invasiva<\/td><td>&#8211;<\/td><td>1<\/td><\/tr><tr><td>Emerg\u00eancia Pedi\u00e1trica<\/td><td>&#8211;<\/td><td>1+4* = 5<\/td><\/tr><tr><td>Endocrinologia<\/td><td>&#8211;<\/td><td>10<\/td><\/tr><tr><td>Endocrinologia e Metabologia \u2013 Ano Adicional<\/td><td>&#8211;<\/td><td>1<\/td><\/tr><tr><td>Endocrinologia Pedi\u00e1trica<\/td><td>&#8211;<\/td><td>1+2* = 3<\/td><\/tr><tr><td>Endoscopia<\/td><td>&#8211;<\/td><td>4+4* = 8<\/td><\/tr><tr><td>Endoscopia Digestiva<\/td><td>&#8211;<\/td><td>3+1* = 4<\/td><\/tr><tr><td>Endoscopia Ginecol\u00f3gica<\/td><td>&#8211;<\/td><td>2*<\/td><\/tr><tr><td>Gastroenterologia<\/td><td>&#8211;<\/td><td>4+4* = 8<\/td><\/tr><tr><td>Gastroenterologia Pedi\u00e1trica<\/td><td>&#8211;<\/td><td>2<\/td><\/tr><tr><td>Gen\u00e9tica M\u00e9dica<\/td><td>&#8211;<\/td><td>5*<\/td><\/tr><tr><td>Geriatria<\/td><td>&#8211;<\/td><td>10+6* = 16<\/td><\/tr><tr><td>Hematologia e Hemoterapia<\/td><td>&#8211;<\/td><td>6+6* = 12<\/td><\/tr><tr><td>Hematologia-Hemoterapia Pedi\u00e1trica<\/td><td>&#8211;<\/td><td>2*<\/td><\/tr><tr><td>Hemodin\u00e2mica e Cardiologia Intervencionista<\/td><td>&#8211;<\/td><td>6<\/td><\/tr><tr><td>Hepatologia<\/td><td>&#8211;<\/td><td>3*<\/td><\/tr><tr><td>Infectologia<\/td><td>&#8211;<\/td><td>6<\/td><\/tr><tr><td>Infectologia Pedi\u00e1trica<\/td><td>&#8211;<\/td><td>2<\/td><\/tr><tr><td>Mastologia<\/td><td>&#8211;<\/td><td>5<\/td><\/tr><tr><td>Medicina de Emerg\u00eancia<\/td><td>&#8211;<\/td><td>24<\/td><\/tr><tr><td>Medicina de Fam\u00edlia e Comunidade<\/td><td>&#8211;<\/td><td>10<\/td><\/tr><tr><td>Medicina do Adolescente<\/td><td>&#8211;<\/td><td>2<\/td><\/tr><tr><td>Medicina do Sono<\/td><td>&#8211;<\/td><td>2+4* = 6<\/td><\/tr><tr><td>Medicina do Trabalho<\/td><td>&#8211;<\/td><td>2<\/td><\/tr><tr><td>Medicina Esportiva<\/td><td>&#8211;<\/td><td>6<\/td><\/tr><tr><td>Medicina Fetal<\/td><td>&#8211;<\/td><td>2+2* = 4<\/td><\/tr><tr><td>Medicina F\u00edsica e Reabilita\u00e7\u00e3o<\/td><td>&#8211;<\/td><td>6<\/td><\/tr><tr><td>Medicina Intensiva<\/td><td>&#8211;<\/td><td>10<\/td><\/tr><tr><td>Medicina Intensiva Pedi\u00e1trica<\/td><td>&#8211;<\/td><td>4+4* = 8<\/td><\/tr><tr><td>Medicina Legal e Per\u00edcia M\u00e9dica<\/td><td>&#8211;<\/td><td>2+3* = 5<\/td><\/tr><tr><td>Medicina Nuclear<\/td><td>&#8211;<\/td><td>5<\/td><\/tr><tr><td>Medicina Nuclear \u2013 Ano Adicional<\/td><td>&#8211;<\/td><td>6*<\/td><\/tr><tr><td>Medicina Paliativa<\/td><td>&#8211;<\/td><td>2+1* = 3<\/td><\/tr><tr><td>Medicina Preventiva e Social<\/td><td>&#8211;<\/td><td>4<\/td><\/tr><tr><td>Medicina Tropical<\/td><td>&#8211;<\/td><td>4*<\/td><\/tr><tr><td>Nefrologia<\/td><td>&#8211;<\/td><td>8<\/td><\/tr><tr><td>Nefrologia Pedi\u00e1trica<\/td><td>&#8211;<\/td><td>2+5* = 7<\/td><\/tr><tr><td>Neonatologia<\/td><td>&#8211;<\/td><td>2+18* = 20<\/td><\/tr><tr><td>Neurocirurgia<\/td><td>&#8211;<\/td><td>2+4* = 6<\/td><\/tr><tr><td>Neurofisiologia Cl\u00ednica<\/td><td>&#8211;<\/td><td>1<\/td><\/tr><tr><td>Neurologia \u2013 Ano Adicional<\/td><td>&#8211;<\/td><td>1+10* = 11<\/td><\/tr><tr><td>Neurologia<\/td><td>1<\/td><td>9+8* = 17<\/td><\/tr><tr><td>Neurologia Pedi\u00e1trica<\/td><td>&#8211;<\/td><td>5<\/td><\/tr><tr><td>Neurorradiologia<\/td><td>&#8211;<\/td><td>1*<\/td><\/tr><tr><td>Nutrologia<\/td><td>&#8211;<\/td><td>2<\/td><\/tr><tr><td>Nutrologia Pedi\u00e1trica<\/td><td>&#8211;<\/td><td>1<\/td><\/tr><tr><td>Obstetr\u00edcia e Ginecologia<\/td><td>&#8211;<\/td><td>16<\/td><\/tr><tr><td>Obstetr\u00edcia e Ginecologia \u2013 Ano Adicional<\/td><td>&#8211;<\/td><td>6<\/td><\/tr><tr><td>Oftalmologia<\/td><td>2<\/td><td>13<\/td><\/tr><tr><td>Oncologia Cl\u00ednica<\/td><td>&#8211;<\/td><td>14<\/td><\/tr><tr><td>Oncologia Pedi\u00e1trica<\/td><td>&#8211;<\/td><td>4<\/td><\/tr><tr><td>Ortopedia e Traumatologia<\/td><td>&#8211;<\/td><td>16+2* = 18<\/td><\/tr><tr><td>Otorrinolaringologia<\/td><td>1<\/td><td>4<\/td><\/tr><tr><td>Patologia<\/td><td>&#8211;<\/td><td>9<\/td><\/tr><tr><td>Patologia Cl\u00ednica\/Medicina Laboratorial<\/td><td>&#8211;<\/td><td>2<\/td><\/tr><tr><td>Patologia Cl\u00ednica\/Medicina Laboratorial \u2013 Ano Adicional<\/td><td>&#8211;<\/td><td>1<\/td><\/tr><tr><td>Pediatria<\/td><td>&#8211;<\/td><td>40<\/td><\/tr><tr><td>Pediatria \u2013 Ano Adicional<\/td><td>&#8211;<\/td><td>2<\/td><\/tr><tr><td>Pneumologia<\/td><td>&#8211;<\/td><td>7+5* = 12<\/td><\/tr><tr><td>Pneumologia \u2013 Ano Adicional<\/td><td>&#8211;<\/td><td>1+1* = 2<\/td><\/tr><tr><td>Pneumologia Pedi\u00e1trica<\/td><td>&#8211;<\/td><td>3*<\/td><\/tr><tr><td>Psicogeriatria<\/td><td>&#8211;<\/td><td>4<\/td><\/tr><tr><td>Psicoterapia<\/td><td>&#8211;<\/td><td>2<\/td><\/tr><tr><td>Psiquiatria<\/td><td>2<\/td><td>18<\/td><\/tr><tr><td>Psiquiatria \u2013 Ano Adicional<\/td><td>&#8211;<\/td><td>2<\/td><\/tr><tr><td>Psiquiatria da Inf\u00e2ncia e da Adolesc\u00eancia<\/td><td>&#8211;<\/td><td>6<\/td><\/tr><tr><td>Psiquiatria Forense<\/td><td>&#8211;<\/td><td>2<\/td><\/tr><tr><td>Radiologia e Diagn\u00f3stico por Imagem<\/td><td>&#8211;<\/td><td>24<\/td><\/tr><tr><td>Radioterapia<\/td><td>&#8211;<\/td><td>6<\/td><\/tr><tr><td>Reprodu\u00e7\u00e3o Assistida<\/td><td>&#8211;<\/td><td>4*<\/td><\/tr><tr><td>Reumatologia<\/td><td>&#8211;<\/td><td>10+2* = 12<\/td><\/tr><tr><td>Reumatologia Pedi\u00e1trica<\/td><td>&#8211;<\/td><td>2<\/td><\/tr><tr><td>Transplante de Cora\u00e7\u00e3o \u2013 Cardiologia<\/td><td>&#8211;<\/td><td>3*<\/td><\/tr><tr><td>Transplante de Cora\u00e7\u00e3o \u2013 Cirurgia Cardiovascular<\/td><td>&#8211;<\/td><td>2*<\/td><\/tr><tr><td>Transplante de C\u00f3rnea \u2013 Oftalmologia<\/td><td>&#8211;<\/td><td>5<\/td><\/tr><tr><td>Transplante de F\u00edgado \u2013 Cirurgia Pedi\u00e1trica<\/td><td>&#8211;<\/td><td>1*<\/td><\/tr><tr><td>Transplante de F\u00edgado \u2013 Gastroenterologia<\/td><td>&#8211;<\/td><td>2*<\/td><\/tr><tr><td>Transplante de F\u00edgado \u2013 Cirurgia do Aparelho Digestivo<\/td><td>&#8211;<\/td><td>2*<\/td><\/tr><tr><td>Transplante de Medula \u00d3ssea \u2013 Hematologia e Hemoterapia<\/td><td>&#8211;<\/td><td>2*<\/td><\/tr><tr><td>Transplante de P\u00e2ncreas \u2013 Cirurgia do Aparelho Digestivo<\/td><td>&#8211;<\/td><td>1*<\/td><\/tr><tr><td>Transplante de Pulm\u00e3o \u2013 Cirurgia Tor\u00e1cica<\/td><td>&#8211;<\/td><td>1*<\/td><\/tr><tr><td>Transplante de Rim \u2013 Nefrologia<\/td><td>&#8211;<\/td><td>2*<\/td><\/tr><tr><td>Transplante de Rim \u2013 Pediatria<\/td><td>&#8211;<\/td><td>2*<\/td><\/tr><tr><td>Transplante de Rim \u2013 Urologia<\/td><td>&#8211;<\/td><td>2*<\/td><\/tr><tr><td>Urologia<\/td><td>&#8211;<\/td><td>5<\/td><\/tr><\/tbody><\/table><\/figure>\n\n\n\n<figure class=\"wp-block-image size-large\"><a href=\"https:\/\/extensivo.grupomedcof.com.br\/\" target=\"_blank\" rel=\" noreferrer noopener\"><img loading=\"lazy\" decoding=\"async\" width=\"1024\" height=\"214\" src=\"https:\/\/www.grupomedcof.com.br\/blog\/wp-content\/uploads\/2025\/09\/Banner-Blog-TEEM-1024x214.png\" alt=\"\" class=\"wp-image-39653\" srcset=\"https:\/\/www.grupomedcof.com.br\/blog\/wp-content\/uploads\/2025\/09\/Banner-Blog-TEEM-1024x214.png 1024w, https:\/\/www.grupomedcof.com.br\/blog\/wp-content\/uploads\/2025\/09\/Banner-Blog-TEEM-300x63.png 300w, https:\/\/www.grupomedcof.com.br\/blog\/wp-content\/uploads\/2025\/09\/Banner-Blog-TEEM-768x161.png 768w, https:\/\/www.grupomedcof.com.br\/blog\/wp-content\/uploads\/2025\/09\/Banner-Blog-TEEM-1536x321.png 1536w, https:\/\/www.grupomedcof.com.br\/blog\/wp-content\/uploads\/2025\/09\/Banner-Blog-TEEM-2048x428.png 2048w, https:\/\/www.grupomedcof.com.br\/blog\/wp-content\/uploads\/2025\/09\/Banner-Blog-TEEM-2009x420.png 2009w, https:\/\/www.grupomedcof.com.br\/blog\/wp-content\/uploads\/2025\/09\/Banner-Blog-TEEM-150x31.png 150w, https:\/\/www.grupomedcof.com.br\/blog\/wp-content\/uploads\/2025\/09\/Banner-Blog-TEEM-696x146.png 696w, https:\/\/www.grupomedcof.com.br\/blog\/wp-content\/uploads\/2025\/09\/Banner-Blog-TEEM-1068x223.png 1068w, https:\/\/www.grupomedcof.com.br\/blog\/wp-content\/uploads\/2025\/09\/Banner-Blog-TEEM-1920x401.png 1920w\" sizes=\"auto, (max-width: 1024px) 100vw, 1024px\" \/><\/a><\/figure>\n\n\n\n<h2 class=\"wp-block-heading\" id=\"h-processo-seletivo-usp-sp-2025-2026\"><span class=\"ez-toc-section\" id=\"Processo_Seletivo_USP-SP_20252026\"><\/span><strong>Processo Seletivo USP-SP 2025\/2026<\/strong><span class=\"ez-toc-section-end\"><\/span><\/h2>\n\n\n\n<p>Conforme publica\u00e7\u00e3o do edital, a sele\u00e7\u00e3o ser\u00e1 tradicionalmente composta pela<strong> prova objetiva e an\u00e1lise curricular.<\/strong><\/p>\n\n\n\n<h3 class=\"wp-block-heading\" id=\"h-prova-objetiva\"><span class=\"ez-toc-section\" id=\"Prova_Objetiva\"><\/span><strong>Prova Objetiva<\/strong><span class=\"ez-toc-section-end\"><\/span><\/h3>\n\n\n\n<p>A primeira etapa do avalia\u00e7\u00e3o ser\u00e1 a prova objetiva, marcada para o dia<strong> 07 de dezembro de 2025, a partir das 13h.<\/strong> Ser\u00e1 composta de <strong>120 quest\u00f5es<\/strong> de m\u00faltipla escolha, abordando conte\u00fados das cinco grandes \u00e1reas da medicina. <\/p>\n\n\n\n<p>Por\u00e9m, apenas para as especialidades dos programas de <strong>Ano Adicional e \u00c1rea de Atua\u00e7\u00e3o<\/strong>, a prova constituir\u00e1 de<strong> 40 ou 20 quest\u00f5es.<\/strong><\/p>\n\n\n\n<h3 class=\"wp-block-heading\" id=\"h-analise-curricular\"><span class=\"ez-toc-section\" id=\"Analise_Curricular\"><\/span><strong>An\u00e1lise Curricular<\/strong><span class=\"ez-toc-section-end\"><\/span><\/h3>\n\n\n\n<p>A segunda fase ser\u00e1 realizada pelos supervisores do Programa de Resid\u00eancia M\u00e9dica no per\u00edodo de<strong> 13 a 23 de janeiro de 2026. <\/strong>Para isso, os candidatos habilitados na primeira fase dever\u00e3o enviar o documento entre os dias<strong> 05 e 12 de janeiro de 2026.<\/strong><\/p>\n\n\n\n<h2 class=\"wp-block-heading\" id=\"h-cronograma-usp-sp-2025-2026\"><span class=\"ez-toc-section\" id=\"Cronograma_USP-SP_20252026\"><\/span><strong><strong>Cronograma USP-SP 2025\/2026<\/strong><\/strong><span class=\"ez-toc-section-end\"><\/span><\/h2>\n\n\n\n<figure class=\"wp-block-table\"><table class=\"has-fixed-layout\"><tbody><tr><td><strong>Solicita\u00e7\u00e3o de Isen\u00e7\u00e3o<\/strong><\/td><td>24 e 25\/10\/2025<\/td><\/tr><tr><td><strong>Inscri\u00e7\u00f5es<\/strong><\/td><td>07 a 29\/10\/2025<\/td><\/tr><tr><td><strong>Locais de prova<\/strong><\/td><td>20\/11\/2025<\/td><\/tr><tr><td><strong>Aplica\u00e7\u00e3o da prova objetiva<\/strong><\/td><td>07\/12\/2025<\/td><\/tr><tr><td><strong>Gabarito<\/strong><\/td><td>08\/12\/2025<\/td><\/tr><tr><td><strong>Recursos<\/strong><\/td><td>At\u00e9 o dia 10\/12\/2025<\/td><\/tr><tr><td><strong>Envio do curr\u00edculo<\/strong><\/td><td>05 a 12\/01\/2026<\/td><\/tr><tr><td><strong>Avalia\u00e7\u00e3o curricular<\/strong><\/td><td>13 a 23\/01\/2026<\/td><\/tr><tr><td><strong>Nota da 2\u00aa fase<\/strong><\/td><td>29\/01\/2026<\/td><\/tr><tr><td><strong>Convoca\u00e7\u00e3o para matr\u00edculas<\/strong><\/td><td>10\/02\/2026<\/td><\/tr><tr><td><strong>Matr\u00edculas<\/strong><\/td><td>A partir do dia 24\/02\/2026<\/td><\/tr><tr><td><strong>In\u00edcio dos programas<\/strong><\/td><td>01\/03\/2026<\/td><\/tr><\/tbody><\/table><\/figure>\n\n\n\n<h2 class=\"wp-block-heading\" id=\"h-edital-na-integra\"><span class=\"ez-toc-section\" id=\"Edital_na_integra\"><\/span><strong>Edital na \u00edntegra<\/strong><span class=\"ez-toc-section-end\"><\/span><\/h2>\n\n\n\n<div class=\"wp-block-buttons is-layout-flex wp-block-buttons-is-layout-flex\">\n<div class=\"wp-block-button\"><a class=\"wp-block-button__link wp-element-button\" href=\"https:\/\/www.grupomedcof.com.br\/blog\/wp-content\/uploads\/2025\/06\/Edital-USP-SP-2026_compressed.pdf\" target=\"_blank\" rel=\"noreferrer noopener\">Edital USP-SP 2026<\/a><\/div>\n\n\n\n<div class=\"wp-block-button\"><a class=\"wp-block-button__link wp-element-button\" href=\"https:\/\/doe.sp.gov.br\/executivo\/universidade-de-sao-paulo\/processo-seletivo-aos-programas-de-residencia-medica-da-faculdade-de-medicina-da-universidade-de-sao-paulo-2026-20250919134122261351380\" target=\"_blank\" rel=\"noreferrer noopener\">Edital USP-SP DOE<\/a><\/div>\n<\/div>\n\n\n\n<h2 class=\"wp-block-heading\" id=\"conquiste-a-aprova\u00e7\u00e3o\"><span class=\"ez-toc-section\" id=\"Garanta_sua_vaga_na_residencia_medica_com_o_melhor_preparatorio\"><\/span><strong><strong>Garanta sua vaga na resid\u00eancia m\u00e9dica com o melhor preparat\u00f3rio!<\/strong><\/strong><span class=\"ez-toc-section-end\"><\/span><\/h2>\n\n\n\n<p>Se voc\u00ea quer conquistar a vaga de resid\u00eancia m\u00e9dica dos sonhos, o <strong><a href=\"https:\/\/extensivo.grupomedcof.com.br\/extensivo-12-semanas\/r1-acesso-direto\" target=\"_blank\" rel=\"noreferrer noopener\">Extensivo 2.0 MedCof <\/a><\/strong>\u00e9 o caminho mais assertivo.<br>A <strong><a href=\"https:\/\/www.grupomedcof.com.br\/home\/\" target=\"_blank\" rel=\"noreferrer noopener\">MedCof <\/a><\/strong>te acompanha em cada etapa da prepara\u00e7\u00e3o, com m\u00e9todo, planejamento e foco em resultados.<\/p>\n\n\n\n<figure class=\"wp-block-embed is-type-video is-provider-youtube wp-block-embed-youtube wp-embed-aspect-16-9 wp-has-aspect-ratio\"><div class=\"wp-block-embed__wrapper\">\n<div class=\"youtube-embed\" data-video_id=\"pN3N48uTWJ4\"><iframe loading=\"lazy\" title=\"Extensivo 2.0 - Descubra as novidades que estar\u00e3o no preparat\u00f3rio l\u00edder em aprova\u00e7\u00e3o em 2026.\" width=\"696\" height=\"392\" src=\"https:\/\/www.youtube.com\/embed\/pN3N48uTWJ4?feature=oembed&#038;enablejsapi=1\" frameborder=\"0\" allow=\"accelerometer; autoplay; clipboard-write; encrypted-media; gyroscope; picture-in-picture; web-share\" referrerpolicy=\"strict-origin-when-cross-origin\" allowfullscreen><\/iframe><\/div>\n<\/div><\/figure>\n","protected":false},"excerpt":{"rendered":"<p>Acompanhe todas as atualiza\u00e7\u00f5es sobre o edital da Resid\u00eancia M\u00e9dica USP-SP 2025\/2026 e garanta a sua aprova\u00e7ao. Saiba mais blog da MedCof!<\/p>\n","protected":false},"author":20,"featured_media":30132,"comment_status":"open","ping_status":"open","sticky":false,"template":"","format":"standard","meta":{"footnotes":""},"categories":[287,2023],"tags":[93,1452,117,68,15,13],"ppma_author":[3616],"class_list":{"0":"post-13648","1":"post","2":"type-post","3":"status-publish","4":"format-standard","5":"has-post-thumbnail","7":"category-destaques-medcof","8":"category-editais","9":"tag-especialidades-medicas","10":"tag-provas","11":"tag-provas-de-residencia","12":"tag-residencia-medica","13":"tag-usp","14":"tag-usp-sp"},"yoast_head":"<!-- This site is optimized with the Yoast SEO Premium plugin v24.3 (Yoast SEO v27.4) - https:\/\/yoast.com\/product\/yoast-seo-premium-wordpress\/ -->\n<title>USP-SP edital para Resid\u00eancia M\u00e9dica 2025\/2026 | Confira!<\/title>\n<meta name=\"description\" content=\"Acompanhe todas as atualiza\u00e7\u00f5es sobre o edital da Resid\u00eancia M\u00e9dica USP-SP 2025\/2026 e garanta a sua aprova\u00e7ao. Saiba mais no blog da MedCof!\" \/>\n<meta name=\"robots\" content=\"index, follow, max-snippet:-1, max-image-preview:large, max-video-preview:-1\" \/>\n<link rel=\"canonical\" href=\"https:\/\/www.grupomedcof.com.br\/blog\/edital-residencia-medica-usp-sp\/\" \/>\n<meta property=\"og:locale\" content=\"pt_BR\" \/>\n<meta property=\"og:type\" content=\"article\" \/>\n<meta property=\"og:title\" content=\"Edital USP-SP para resid\u00eancia m\u00e9dica 2025\/2026\" \/>\n<meta property=\"og:description\" content=\"Acompanhe todas as atualiza\u00e7\u00f5es sobre o edital da Resid\u00eancia M\u00e9dica USP-SP 2025\/2026 e garanta a sua aprova\u00e7ao. Saiba mais no blog da MedCof!\" \/>\n<meta property=\"og:url\" content=\"https:\/\/www.grupomedcof.com.br\/blog\/edital-residencia-medica-usp-sp\/\" \/>\n<meta property=\"og:site_name\" content=\"Blog de Medcof: conte\u00fados, editais, revalida e mais!\" \/>\n<meta property=\"article:publisher\" content=\"https:\/\/www.facebook.com\/MedCofQbank\/\" \/>\n<meta property=\"article:published_time\" content=\"2025-09-22T11:33:31+00:00\" \/>\n<meta property=\"article:modified_time\" content=\"2026-02-03T20:06:15+00:00\" \/>\n<meta property=\"og:image\" content=\"https:\/\/www.grupomedcof.com.br\/blog\/wp-content\/uploads\/2023\/09\/Modelo-instituicoes-2024-10-01T084526.640.png\" \/>\n\t<meta property=\"og:image:width\" content=\"2560\" \/>\n\t<meta property=\"og:image:height\" content=\"1440\" \/>\n\t<meta property=\"og:image:type\" content=\"image\/png\" \/>\n<meta name=\"author\" content=\"Leila Menzel\" \/>\n<meta name=\"twitter:card\" content=\"summary_large_image\" \/>\n<meta name=\"twitter:label1\" content=\"Escrito por\" \/>\n\t<meta name=\"twitter:data1\" content=\"Leila Menzel\" \/>\n\t<meta name=\"twitter:label2\" content=\"Est. tempo de leitura\" \/>\n\t<meta name=\"twitter:data2\" content=\"6 minutos\" \/>\n<script type=\"application\/ld+json\" class=\"yoast-schema-graph\">{\"@context\":\"https:\\\/\\\/schema.org\",\"@graph\":[{\"@type\":\"Article\",\"@id\":\"https:\\\/\\\/www.grupomedcof.com.br\\\/blog\\\/edital-residencia-medica-usp-sp\\\/#article\",\"isPartOf\":{\"@id\":\"https:\\\/\\\/www.grupomedcof.com.br\\\/blog\\\/edital-residencia-medica-usp-sp\\\/\"},\"author\":{\"name\":\"Leila Menzel\",\"@id\":\"https:\\\/\\\/www.grupomedcof.com.br\\\/blog\\\/#\\\/schema\\\/person\\\/9a44c2184a836bf5ae6967fdb3a1451e\"},\"headline\":\"Edital USP-SP para resid\u00eancia m\u00e9dica 2025\\\/2026\",\"datePublished\":\"2025-09-22T11:33:31+00:00\",\"dateModified\":\"2026-02-03T20:06:15+00:00\",\"mainEntityOfPage\":{\"@id\":\"https:\\\/\\\/www.grupomedcof.com.br\\\/blog\\\/edital-residencia-medica-usp-sp\\\/\"},\"wordCount\":821,\"commentCount\":1,\"publisher\":{\"@id\":\"https:\\\/\\\/www.grupomedcof.com.br\\\/blog\\\/#organization\"},\"image\":{\"@id\":\"https:\\\/\\\/www.grupomedcof.com.br\\\/blog\\\/edital-residencia-medica-usp-sp\\\/#primaryimage\"},\"thumbnailUrl\":\"https:\\\/\\\/www.grupomedcof.com.br\\\/blog\\\/wp-content\\\/uploads\\\/2023\\\/09\\\/Modelo-instituicoes-2024-10-01T084526.640.png\",\"keywords\":[\"Especialidades m\u00e9dicas\",\"Provas\",\"Provas de Resid\u00eancia\",\"Resid\u00eancia M\u00e9dica\",\"USP\",\"USP-SP\"],\"articleSection\":[\"Destaques MedCof\",\"Editais\"],\"inLanguage\":\"pt-BR\"},{\"@type\":\"WebPage\",\"@id\":\"https:\\\/\\\/www.grupomedcof.com.br\\\/blog\\\/edital-residencia-medica-usp-sp\\\/\",\"url\":\"https:\\\/\\\/www.grupomedcof.com.br\\\/blog\\\/edital-residencia-medica-usp-sp\\\/\",\"name\":\"USP-SP edital para Resid\u00eancia M\u00e9dica 2025\\\/2026 | Confira!\",\"isPartOf\":{\"@id\":\"https:\\\/\\\/www.grupomedcof.com.br\\\/blog\\\/#website\"},\"primaryImageOfPage\":{\"@id\":\"https:\\\/\\\/www.grupomedcof.com.br\\\/blog\\\/edital-residencia-medica-usp-sp\\\/#primaryimage\"},\"image\":{\"@id\":\"https:\\\/\\\/www.grupomedcof.com.br\\\/blog\\\/edital-residencia-medica-usp-sp\\\/#primaryimage\"},\"thumbnailUrl\":\"https:\\\/\\\/www.grupomedcof.com.br\\\/blog\\\/wp-content\\\/uploads\\\/2023\\\/09\\\/Modelo-instituicoes-2024-10-01T084526.640.png\",\"datePublished\":\"2025-09-22T11:33:31+00:00\",\"dateModified\":\"2026-02-03T20:06:15+00:00\",\"description\":\"Acompanhe todas as atualiza\u00e7\u00f5es sobre o edital da Resid\u00eancia M\u00e9dica USP-SP 2025\\\/2026 e garanta a sua aprova\u00e7ao. Saiba mais no blog da MedCof!\",\"breadcrumb\":{\"@id\":\"https:\\\/\\\/www.grupomedcof.com.br\\\/blog\\\/edital-residencia-medica-usp-sp\\\/#breadcrumb\"},\"inLanguage\":\"pt-BR\",\"potentialAction\":[{\"@type\":\"ReadAction\",\"target\":[\"https:\\\/\\\/www.grupomedcof.com.br\\\/blog\\\/edital-residencia-medica-usp-sp\\\/\"]}]},{\"@type\":\"ImageObject\",\"inLanguage\":\"pt-BR\",\"@id\":\"https:\\\/\\\/www.grupomedcof.com.br\\\/blog\\\/edital-residencia-medica-usp-sp\\\/#primaryimage\",\"url\":\"https:\\\/\\\/www.grupomedcof.com.br\\\/blog\\\/wp-content\\\/uploads\\\/2023\\\/09\\\/Modelo-instituicoes-2024-10-01T084526.640.png\",\"contentUrl\":\"https:\\\/\\\/www.grupomedcof.com.br\\\/blog\\\/wp-content\\\/uploads\\\/2023\\\/09\\\/Modelo-instituicoes-2024-10-01T084526.640.png\",\"width\":2560,\"height\":1440},{\"@type\":\"BreadcrumbList\",\"@id\":\"https:\\\/\\\/www.grupomedcof.com.br\\\/blog\\\/edital-residencia-medica-usp-sp\\\/#breadcrumb\",\"itemListElement\":[{\"@type\":\"ListItem\",\"position\":1,\"name\":\"In\u00edcio\",\"item\":\"https:\\\/\\\/www.grupomedcof.com.br\\\/blog\\\/\"},{\"@type\":\"ListItem\",\"position\":2,\"name\":\"Edital USP-SP para resid\u00eancia m\u00e9dica 2025\\\/2026\"}]},{\"@type\":\"WebSite\",\"@id\":\"https:\\\/\\\/www.grupomedcof.com.br\\\/blog\\\/#website\",\"url\":\"https:\\\/\\\/www.grupomedcof.com.br\\\/blog\\\/\",\"name\":\"Blog de Medcof: conte\u00fados, editais, revalida e mais!\",\"description\":\"Acesso o blog de MedCof! Seu portal de conte\u00fados sobre resid\u00eancia m\u00e9dica, an\u00e1lise e editais e muito mais. Clique e confira!\",\"publisher\":{\"@id\":\"https:\\\/\\\/www.grupomedcof.com.br\\\/blog\\\/#organization\"},\"alternateName\":\"Blog de Medcof: conte\u00fados, editais, revalida e mais!\",\"potentialAction\":[{\"@type\":\"SearchAction\",\"target\":{\"@type\":\"EntryPoint\",\"urlTemplate\":\"https:\\\/\\\/www.grupomedcof.com.br\\\/blog\\\/?s={search_term_string}\"},\"query-input\":{\"@type\":\"PropertyValueSpecification\",\"valueRequired\":true,\"valueName\":\"search_term_string\"}}],\"inLanguage\":\"pt-BR\"},{\"@type\":\"Organization\",\"@id\":\"https:\\\/\\\/www.grupomedcof.com.br\\\/blog\\\/#organization\",\"name\":\"Grupo MedCof\",\"url\":\"https:\\\/\\\/www.grupomedcof.com.br\\\/blog\\\/\",\"logo\":{\"@type\":\"ImageObject\",\"inLanguage\":\"pt-BR\",\"@id\":\"https:\\\/\\\/www.grupomedcof.com.br\\\/blog\\\/#\\\/schema\\\/logo\\\/image\\\/\",\"url\":\"https:\\\/\\\/www.grupomedcof.com.br\\\/blog\\\/wp-content\\\/uploads\\\/2022\\\/01\\\/logo-medcof.png\",\"contentUrl\":\"https:\\\/\\\/www.grupomedcof.com.br\\\/blog\\\/wp-content\\\/uploads\\\/2022\\\/01\\\/logo-medcof.png\",\"width\":768,\"height\":269,\"caption\":\"Grupo MedCof\"},\"image\":{\"@id\":\"https:\\\/\\\/www.grupomedcof.com.br\\\/blog\\\/#\\\/schema\\\/logo\\\/image\\\/\"},\"sameAs\":[\"https:\\\/\\\/www.facebook.com\\\/MedCofQbank\\\/\",\"https:\\\/\\\/www.instagram.com\\\/grupomedcof\\\/\",\"https:\\\/\\\/br.linkedin.com\\\/company\\\/medcof\",\"https:\\\/\\\/www.youtube.com\\\/channel\\\/UCdHMuOHKICxcHwecxN8P-AA\"]},{\"@type\":\"Person\",\"@id\":\"https:\\\/\\\/www.grupomedcof.com.br\\\/blog\\\/#\\\/schema\\\/person\\\/9a44c2184a836bf5ae6967fdb3a1451e\",\"name\":\"Leila Menzel\",\"image\":{\"@type\":\"ImageObject\",\"inLanguage\":\"pt-BR\",\"@id\":\"https:\\\/\\\/www.grupomedcof.com.br\\\/blog\\\/wp-content\\\/uploads\\\/2025\\\/09\\\/cropped-eu-96x96.jpeg19a74936d997c0a8b3031618467fa1d0\",\"url\":\"https:\\\/\\\/www.grupomedcof.com.br\\\/blog\\\/wp-content\\\/uploads\\\/2025\\\/09\\\/cropped-eu-96x96.jpeg\",\"contentUrl\":\"https:\\\/\\\/www.grupomedcof.com.br\\\/blog\\\/wp-content\\\/uploads\\\/2025\\\/09\\\/cropped-eu-96x96.jpeg\",\"caption\":\"Leila Menzel\"},\"description\":\"Estudante do 6\u00b0 semestre de jornalismo, amo e escrevo poesias e viajo em livros de romances clich\u00eas.\",\"url\":\"https:\\\/\\\/www.grupomedcof.com.br\\\/blog\\\/author\\\/leila-menzel\\\/\"}]}<\/script>\n<!-- \/ Yoast SEO Premium plugin. -->","yoast_head_json":{"title":"USP-SP edital para Resid\u00eancia M\u00e9dica 2025\/2026 | Confira!","description":"Acompanhe todas as atualiza\u00e7\u00f5es sobre o edital da Resid\u00eancia M\u00e9dica USP-SP 2025\/2026 e garanta a sua aprova\u00e7ao. Saiba mais no blog da MedCof!","robots":{"index":"index","follow":"follow","max-snippet":"max-snippet:-1","max-image-preview":"max-image-preview:large","max-video-preview":"max-video-preview:-1"},"canonical":"https:\/\/www.grupomedcof.com.br\/blog\/edital-residencia-medica-usp-sp\/","og_locale":"pt_BR","og_type":"article","og_title":"Edital USP-SP para resid\u00eancia m\u00e9dica 2025\/2026","og_description":"Acompanhe todas as atualiza\u00e7\u00f5es sobre o edital da Resid\u00eancia M\u00e9dica USP-SP 2025\/2026 e garanta a sua aprova\u00e7ao. Saiba mais no blog da MedCof!","og_url":"https:\/\/www.grupomedcof.com.br\/blog\/edital-residencia-medica-usp-sp\/","og_site_name":"Blog de Medcof: conte\u00fados, editais, revalida e mais!","article_publisher":"https:\/\/www.facebook.com\/MedCofQbank\/","article_published_time":"2025-09-22T11:33:31+00:00","article_modified_time":"2026-02-03T20:06:15+00:00","og_image":[{"width":2560,"height":1440,"url":"https:\/\/www.grupomedcof.com.br\/blog\/wp-content\/uploads\/2023\/09\/Modelo-instituicoes-2024-10-01T084526.640.png","type":"image\/png"}],"author":"Leila Menzel","twitter_card":"summary_large_image","twitter_misc":{"Escrito por":"Leila Menzel","Est. tempo de leitura":"6 minutos"},"schema":{"@context":"https:\/\/schema.org","@graph":[{"@type":"Article","@id":"https:\/\/www.grupomedcof.com.br\/blog\/edital-residencia-medica-usp-sp\/#article","isPartOf":{"@id":"https:\/\/www.grupomedcof.com.br\/blog\/edital-residencia-medica-usp-sp\/"},"author":{"name":"Leila Menzel","@id":"https:\/\/www.grupomedcof.com.br\/blog\/#\/schema\/person\/9a44c2184a836bf5ae6967fdb3a1451e"},"headline":"Edital USP-SP para resid\u00eancia m\u00e9dica 2025\/2026","datePublished":"2025-09-22T11:33:31+00:00","dateModified":"2026-02-03T20:06:15+00:00","mainEntityOfPage":{"@id":"https:\/\/www.grupomedcof.com.br\/blog\/edital-residencia-medica-usp-sp\/"},"wordCount":821,"commentCount":1,"publisher":{"@id":"https:\/\/www.grupomedcof.com.br\/blog\/#organization"},"image":{"@id":"https:\/\/www.grupomedcof.com.br\/blog\/edital-residencia-medica-usp-sp\/#primaryimage"},"thumbnailUrl":"https:\/\/www.grupomedcof.com.br\/blog\/wp-content\/uploads\/2023\/09\/Modelo-instituicoes-2024-10-01T084526.640.png","keywords":["Especialidades m\u00e9dicas","Provas","Provas de Resid\u00eancia","Resid\u00eancia M\u00e9dica","USP","USP-SP"],"articleSection":["Destaques MedCof","Editais"],"inLanguage":"pt-BR"},{"@type":"WebPage","@id":"https:\/\/www.grupomedcof.com.br\/blog\/edital-residencia-medica-usp-sp\/","url":"https:\/\/www.grupomedcof.com.br\/blog\/edital-residencia-medica-usp-sp\/","name":"USP-SP edital para Resid\u00eancia M\u00e9dica 2025\/2026 | Confira!","isPartOf":{"@id":"https:\/\/www.grupomedcof.com.br\/blog\/#website"},"primaryImageOfPage":{"@id":"https:\/\/www.grupomedcof.com.br\/blog\/edital-residencia-medica-usp-sp\/#primaryimage"},"image":{"@id":"https:\/\/www.grupomedcof.com.br\/blog\/edital-residencia-medica-usp-sp\/#primaryimage"},"thumbnailUrl":"https:\/\/www.grupomedcof.com.br\/blog\/wp-content\/uploads\/2023\/09\/Modelo-instituicoes-2024-10-01T084526.640.png","datePublished":"2025-09-22T11:33:31+00:00","dateModified":"2026-02-03T20:06:15+00:00","description":"Acompanhe todas as atualiza\u00e7\u00f5es sobre o edital da Resid\u00eancia M\u00e9dica USP-SP 2025\/2026 e garanta a sua aprova\u00e7ao. Saiba mais no blog da MedCof!","breadcrumb":{"@id":"https:\/\/www.grupomedcof.com.br\/blog\/edital-residencia-medica-usp-sp\/#breadcrumb"},"inLanguage":"pt-BR","potentialAction":[{"@type":"ReadAction","target":["https:\/\/www.grupomedcof.com.br\/blog\/edital-residencia-medica-usp-sp\/"]}]},{"@type":"ImageObject","inLanguage":"pt-BR","@id":"https:\/\/www.grupomedcof.com.br\/blog\/edital-residencia-medica-usp-sp\/#primaryimage","url":"https:\/\/www.grupomedcof.com.br\/blog\/wp-content\/uploads\/2023\/09\/Modelo-instituicoes-2024-10-01T084526.640.png","contentUrl":"https:\/\/www.grupomedcof.com.br\/blog\/wp-content\/uploads\/2023\/09\/Modelo-instituicoes-2024-10-01T084526.640.png","width":2560,"height":1440},{"@type":"BreadcrumbList","@id":"https:\/\/www.grupomedcof.com.br\/blog\/edital-residencia-medica-usp-sp\/#breadcrumb","itemListElement":[{"@type":"ListItem","position":1,"name":"In\u00edcio","item":"https:\/\/www.grupomedcof.com.br\/blog\/"},{"@type":"ListItem","position":2,"name":"Edital USP-SP para resid\u00eancia m\u00e9dica 2025\/2026"}]},{"@type":"WebSite","@id":"https:\/\/www.grupomedcof.com.br\/blog\/#website","url":"https:\/\/www.grupomedcof.com.br\/blog\/","name":"Blog de Medcof: conte\u00fados, editais, revalida e mais!","description":"Acesso o blog de MedCof! Seu portal de conte\u00fados sobre resid\u00eancia m\u00e9dica, an\u00e1lise e editais e muito mais. Clique e confira!","publisher":{"@id":"https:\/\/www.grupomedcof.com.br\/blog\/#organization"},"alternateName":"Blog de Medcof: conte\u00fados, editais, revalida e mais!","potentialAction":[{"@type":"SearchAction","target":{"@type":"EntryPoint","urlTemplate":"https:\/\/www.grupomedcof.com.br\/blog\/?s={search_term_string}"},"query-input":{"@type":"PropertyValueSpecification","valueRequired":true,"valueName":"search_term_string"}}],"inLanguage":"pt-BR"},{"@type":"Organization","@id":"https:\/\/www.grupomedcof.com.br\/blog\/#organization","name":"Grupo MedCof","url":"https:\/\/www.grupomedcof.com.br\/blog\/","logo":{"@type":"ImageObject","inLanguage":"pt-BR","@id":"https:\/\/www.grupomedcof.com.br\/blog\/#\/schema\/logo\/image\/","url":"https:\/\/www.grupomedcof.com.br\/blog\/wp-content\/uploads\/2022\/01\/logo-medcof.png","contentUrl":"https:\/\/www.grupomedcof.com.br\/blog\/wp-content\/uploads\/2022\/01\/logo-medcof.png","width":768,"height":269,"caption":"Grupo MedCof"},"image":{"@id":"https:\/\/www.grupomedcof.com.br\/blog\/#\/schema\/logo\/image\/"},"sameAs":["https:\/\/www.facebook.com\/MedCofQbank\/","https:\/\/www.instagram.com\/grupomedcof\/","https:\/\/br.linkedin.com\/company\/medcof","https:\/\/www.youtube.com\/channel\/UCdHMuOHKICxcHwecxN8P-AA"]},{"@type":"Person","@id":"https:\/\/www.grupomedcof.com.br\/blog\/#\/schema\/person\/9a44c2184a836bf5ae6967fdb3a1451e","name":"Leila Menzel","image":{"@type":"ImageObject","inLanguage":"pt-BR","@id":"https:\/\/www.grupomedcof.com.br\/blog\/wp-content\/uploads\/2025\/09\/cropped-eu-96x96.jpeg19a74936d997c0a8b3031618467fa1d0","url":"https:\/\/www.grupomedcof.com.br\/blog\/wp-content\/uploads\/2025\/09\/cropped-eu-96x96.jpeg","contentUrl":"https:\/\/www.grupomedcof.com.br\/blog\/wp-content\/uploads\/2025\/09\/cropped-eu-96x96.jpeg","caption":"Leila Menzel"},"description":"Estudante do 6\u00b0 semestre de jornalismo, amo e escrevo poesias e viajo em livros de romances clich\u00eas.","url":"https:\/\/www.grupomedcof.com.br\/blog\/author\/leila-menzel\/"}]}},"authors":[{"term_id":3616,"user_id":20,"is_guest":0,"slug":"leila-menzel","display_name":"Leila Menzel","avatar_url":"https:\/\/www.grupomedcof.com.br\/blog\/wp-content\/uploads\/2025\/09\/cropped-eu-96x96.jpeg","0":null,"1":"","2":"","3":"","4":"","5":"","6":"","7":"","8":""}],"_links":{"self":[{"href":"https:\/\/www.grupomedcof.com.br\/blog\/wp-json\/wp\/v2\/posts\/13648","targetHints":{"allow":["GET"]}}],"collection":[{"href":"https:\/\/www.grupomedcof.com.br\/blog\/wp-json\/wp\/v2\/posts"}],"about":[{"href":"https:\/\/www.grupomedcof.com.br\/blog\/wp-json\/wp\/v2\/types\/post"}],"author":[{"embeddable":true,"href":"https:\/\/www.grupomedcof.com.br\/blog\/wp-json\/wp\/v2\/users\/20"}],"replies":[{"embeddable":true,"href":"https:\/\/www.grupomedcof.com.br\/blog\/wp-json\/wp\/v2\/comments?post=13648"}],"version-history":[{"count":10,"href":"https:\/\/www.grupomedcof.com.br\/blog\/wp-json\/wp\/v2\/posts\/13648\/revisions"}],"predecessor-version":[{"id":41486,"href":"https:\/\/www.grupomedcof.com.br\/blog\/wp-json\/wp\/v2\/posts\/13648\/revisions\/41486"}],"wp:featuredmedia":[{"embeddable":true,"href":"https:\/\/www.grupomedcof.com.br\/blog\/wp-json\/wp\/v2\/media\/30132"}],"wp:attachment":[{"href":"https:\/\/www.grupomedcof.com.br\/blog\/wp-json\/wp\/v2\/media?parent=13648"}],"wp:term":[{"taxonomy":"category","embeddable":true,"href":"https:\/\/www.grupomedcof.com.br\/blog\/wp-json\/wp\/v2\/categories?post=13648"},{"taxonomy":"post_tag","embeddable":true,"href":"https:\/\/www.grupomedcof.com.br\/blog\/wp-json\/wp\/v2\/tags?post=13648"},{"taxonomy":"author","embeddable":true,"href":"https:\/\/www.grupomedcof.com.br\/blog\/wp-json\/wp\/v2\/ppma_author?post=13648"}],"curies":[{"name":"wp","href":"https:\/\/api.w.org\/{rel}","templated":true}]}}