{"id":13859,"date":"2026-08-11T15:14:36","date_gmt":"2026-08-11T18:14:36","guid":{"rendered":"https:\/\/www.grupomedcof.com.br\/blog\/?p=13859"},"modified":"2026-08-11T15:14:38","modified_gmt":"2026-08-11T18:14:38","slug":"edital-residencia-medica-grupo-opty","status":"publish","type":"post","link":"https:\/\/www.grupomedcof.com.br\/blog\/edital-residencia-medica-grupo-opty\/","title":{"rendered":"Edital Grupo Opty para resid\u00eancia m\u00e9dica 2026\/2027"},"content":{"rendered":"\n<figure class=\"wp-block-image size-large\"><img loading=\"lazy\" decoding=\"async\" width=\"1024\" height=\"576\" src=\"https:\/\/www.grupomedcof.com.br\/blog\/wp-content\/uploads\/2024\/09\/Modelo-instituicoes-2024-09-11T074427.608-1024x576.png\" alt=\"\" class=\"wp-image-29700\" srcset=\"https:\/\/www.grupomedcof.com.br\/blog\/wp-content\/uploads\/2024\/09\/Modelo-instituicoes-2024-09-11T074427.608-1024x576.png 1024w, https:\/\/www.grupomedcof.com.br\/blog\/wp-content\/uploads\/2024\/09\/Modelo-instituicoes-2024-09-11T074427.608-300x169.png 300w, https:\/\/www.grupomedcof.com.br\/blog\/wp-content\/uploads\/2024\/09\/Modelo-instituicoes-2024-09-11T074427.608-768x432.png 768w, https:\/\/www.grupomedcof.com.br\/blog\/wp-content\/uploads\/2024\/09\/Modelo-instituicoes-2024-09-11T074427.608-1536x864.png 1536w, https:\/\/www.grupomedcof.com.br\/blog\/wp-content\/uploads\/2024\/09\/Modelo-instituicoes-2024-09-11T074427.608-2048x1152.png 2048w, https:\/\/www.grupomedcof.com.br\/blog\/wp-content\/uploads\/2024\/09\/Modelo-instituicoes-2024-09-11T074427.608-747x420.png 747w, https:\/\/www.grupomedcof.com.br\/blog\/wp-content\/uploads\/2024\/09\/Modelo-instituicoes-2024-09-11T074427.608-150x84.png 150w, https:\/\/www.grupomedcof.com.br\/blog\/wp-content\/uploads\/2024\/09\/Modelo-instituicoes-2024-09-11T074427.608-696x392.png 696w, https:\/\/www.grupomedcof.com.br\/blog\/wp-content\/uploads\/2024\/09\/Modelo-instituicoes-2024-09-11T074427.608-1068x601.png 1068w, https:\/\/www.grupomedcof.com.br\/blog\/wp-content\/uploads\/2024\/09\/Modelo-instituicoes-2024-09-11T074427.608-1920x1080.png 1920w\" sizes=\"auto, (max-width: 1024px) 100vw, 1024px\" \/><\/figure>\n\n\n\n<p class=\"wp-block-paragraph\">O<strong> edital de Resid\u00eancia M\u00e9dica em Oftalmologia de 2027 do Grupo Opty<\/strong> foi publicado com organiza\u00e7\u00e3o da Selecting \u2013 Concursos e Avalia\u00e7\u00f5es, em parceria com as comiss\u00f5es COREME das institui\u00e7\u00f5es participantes.<\/p>\n\n\n\n<p class=\"wp-block-paragraph\">Neste artigo, voc\u00ea encontra as principais informa\u00e7\u00f5es sobre <strong>inscri\u00e7\u00f5es, vagas, cronograma e processo seletivo,<\/strong> com os pontos mais relevantes para acompanhar o edital.<\/p>\n\n\n\n<h2 id=\"h-sobre-o-grupo-opty\" class=\"wp-block-heading\"><strong>Sobre o Grupo Opty<\/strong><\/h2>\n\n\n\n<p class=\"wp-block-paragraph\">O<strong> grupo Opty<\/strong> \u00e9 um dos maiores grupos de oftalmologia da Am\u00e9rica Latina, com 81 unidades de atendimento por todo o pa\u00eds. Com o objetivo de liderar as transforma\u00e7\u00f5es na oftalmologia e promover uma sa\u00fade ocular de qualidade, o Opty desenvolve projetos de inova\u00e7\u00e3o com foco no impacto social, utilizando a tecnologia a favor da sa\u00fade ocular.<\/p>\n\n\n\n<h2 id=\"h-criterios-de-selecao-e-etapas\" class=\"wp-block-heading\"><strong>Crit\u00e9rios de sele\u00e7\u00e3o e etapas<\/strong><\/h2>\n\n\n\n<p class=\"wp-block-paragraph\">O processo seletivo do Grupo Opty 2026\/2027 conta com duas etapas: a prova objetiva e a an\u00e1lise curricular e de conhecimento em ingl\u00eas. Al\u00e9m disso, as inscri\u00e7\u00f5es ser\u00e3o no per\u00edodo de 26 de agosto e 04 de outubro de 2026, mediante pagamento da taxa no valor de<strong> R$650,00.<\/strong><\/p>\n\n\n\n<h3 class=\"wp-block-heading\"><strong>Prova Objetiva<\/strong><\/h3>\n\n\n\n<p class=\"wp-block-paragraph\">Primeira fase, de car\u00e1ter eliminat\u00f3rio e classificat\u00f3rio, com 100 quest\u00f5es de m\u00faltipla escolha. Ser\u00e1 aplicada em<strong> 25 de outubro de 2026<\/strong>, no turno da tarde, nas cidades de Bras\u00edlia\/DF, Rio de Janeiro\/RJ e S\u00e3o Paulo\/SP. Para aprova\u00e7\u00e3o, o edital exige nota m\u00ednima de 46 pontos ou 50% de acertos.<\/p>\n\n\n\n<h3 class=\"wp-block-heading\"><strong>Entrevista e Avalia\u00e7\u00e3o de Conhecimento em L\u00edngua Inglesa<\/strong><\/h3>\n\n\n\n<p class=\"wp-block-paragraph\">Segunda fase, de car\u00e1ter classificat\u00f3rio, realizada de <strong>11 a 17 de novembro de 2026.<\/strong> A etapa ocorrer\u00e1 em formato online, com sorteio de datas, hor\u00e1rios e grupos; <strong>a entrevista do COSC ser\u00e1 presencial<\/strong>. A entrevista vale de 0 a 3 pontos e a avalia\u00e7\u00e3o de ingl\u00eas vale de 0 a 5 pontos.<\/p>\n\n\n\n<figure class=\"wp-block-image size-large\"><a href=\"https:\/\/www.grupomedcof.com.br\/cofletters\/\"><img loading=\"lazy\" decoding=\"async\" width=\"1024\" height=\"366\" src=\"https:\/\/www.grupomedcof.com.br\/blog\/wp-content\/uploads\/2024\/08\/Capa-Eventos-MedCof-Plus-14-4-1024x366.png\" alt=\"\" class=\"wp-image-29290\" srcset=\"https:\/\/www.grupomedcof.com.br\/blog\/wp-content\/uploads\/2024\/08\/Capa-Eventos-MedCof-Plus-14-4-1024x366.png 1024w, https:\/\/www.grupomedcof.com.br\/blog\/wp-content\/uploads\/2024\/08\/Capa-Eventos-MedCof-Plus-14-4-300x107.png 300w, https:\/\/www.grupomedcof.com.br\/blog\/wp-content\/uploads\/2024\/08\/Capa-Eventos-MedCof-Plus-14-4-768x275.png 768w, https:\/\/www.grupomedcof.com.br\/blog\/wp-content\/uploads\/2024\/08\/Capa-Eventos-MedCof-Plus-14-4-1536x549.png 1536w, https:\/\/www.grupomedcof.com.br\/blog\/wp-content\/uploads\/2024\/08\/Capa-Eventos-MedCof-Plus-14-4-2048x732.png 2048w, https:\/\/www.grupomedcof.com.br\/blog\/wp-content\/uploads\/2024\/08\/Capa-Eventos-MedCof-Plus-14-4-1174x420.png 1174w, https:\/\/www.grupomedcof.com.br\/blog\/wp-content\/uploads\/2024\/08\/Capa-Eventos-MedCof-Plus-14-4-150x54.png 150w, https:\/\/www.grupomedcof.com.br\/blog\/wp-content\/uploads\/2024\/08\/Capa-Eventos-MedCof-Plus-14-4-696x249.png 696w, https:\/\/www.grupomedcof.com.br\/blog\/wp-content\/uploads\/2024\/08\/Capa-Eventos-MedCof-Plus-14-4-1068x382.png 1068w, https:\/\/www.grupomedcof.com.br\/blog\/wp-content\/uploads\/2024\/08\/Capa-Eventos-MedCof-Plus-14-4-1920x687.png 1920w\" sizes=\"auto, (max-width: 1024px) 100vw, 1024px\" \/><\/a><\/figure>\n\n\n\n<div class=\"wp-block-group\"><div class=\"wp-block-group__inner-container is-layout-constrained wp-block-group-is-layout-constrained\">\n<h2 id=\"h-vagas-por-instituicao-e-especialidade\" class=\"wp-block-heading\"><strong>Vagas por institui\u00e7\u00e3o e especialidade<\/strong><\/h2>\n\n\n\n<h3 class=\"wp-block-heading\"><strong>Hospital Oftalmol\u00f3gico de Bras\u00edlia (HOB)<\/strong><\/h3>\n\n\n\n<figure class=\"wp-block-table\"><table class=\"has-fixed-layout\"><thead><tr><th class=\"has-text-align-left\" data-align=\"left\">Especialidade<\/th><th class=\"has-text-align-left\" data-align=\"left\">Vagas<\/th><th class=\"has-text-align-left\" data-align=\"left\">Situa\u00e7\u00e3o do Programa<\/th><th class=\"has-text-align-left\" data-align=\"left\">Taxa de Inscri\u00e7\u00e3o<\/th><th class=\"has-text-align-left\" data-align=\"left\">Dura\u00e7\u00e3o do Curso<\/th><th class=\"has-text-align-left\" data-align=\"left\">Bolsa<\/th><\/tr><\/thead><tbody><tr><td class=\"has-text-align-left\" data-align=\"left\">Oftalmologia<\/td><td class=\"has-text-align-left\" data-align=\"left\">4<\/td><td class=\"has-text-align-left\" data-align=\"left\">0<\/td><td class=\"has-text-align-left\" data-align=\"left\">0<\/td><td class=\"has-text-align-left\" data-align=\"left\">0<\/td><td class=\"has-text-align-left\" data-align=\"left\">0<\/td><\/tr><tr><td class=\"has-text-align-left\" data-align=\"left\">Oftalmologia<\/td><td class=\"has-text-align-left\" data-align=\"left\">6<\/td><td class=\"has-text-align-left\" data-align=\"left\">0<\/td><td class=\"has-text-align-left\" data-align=\"left\">0<\/td><td class=\"has-text-align-left\" data-align=\"left\">0<\/td><td class=\"has-text-align-left\" data-align=\"left\">0<\/td><\/tr><\/tbody><\/table><\/figure>\n\n\n\n<h3 class=\"wp-block-heading\"><strong>Cirurgia Ocular S\u00e3o Crist\u00f3v\u00e3o (COSC)<\/strong><\/h3>\n\n\n\n<figure class=\"wp-block-table\"><table class=\"has-fixed-layout\"><thead><tr><th class=\"has-text-align-left\" data-align=\"left\">Especialidade<\/th><th class=\"has-text-align-left\" data-align=\"left\">Vagas<\/th><th class=\"has-text-align-left\" data-align=\"left\">Situa\u00e7\u00e3o do Programa<\/th><th class=\"has-text-align-left\" data-align=\"left\">Taxa de Inscri\u00e7\u00e3o<\/th><th class=\"has-text-align-left\" data-align=\"left\">Dura\u00e7\u00e3o do Curso<\/th><th class=\"has-text-align-left\" data-align=\"left\">Bolsa<\/th><\/tr><\/thead><tbody><tr><td class=\"has-text-align-left\" data-align=\"left\">Oftalmologia<\/td><td class=\"has-text-align-left\" data-align=\"left\">3<\/td><td class=\"has-text-align-left\" data-align=\"left\">0<\/td><td class=\"has-text-align-left\" data-align=\"left\">0<\/td><td class=\"has-text-align-left\" data-align=\"left\">0<\/td><td class=\"has-text-align-left\" data-align=\"left\">0<\/td><\/tr><tr><td class=\"has-text-align-left\" data-align=\"left\">Oftalmologia<\/td><td class=\"has-text-align-left\" data-align=\"left\">6<\/td><td class=\"has-text-align-left\" data-align=\"left\">0<\/td><td class=\"has-text-align-left\" data-align=\"left\">0<\/td><td class=\"has-text-align-left\" data-align=\"left\">0<\/td><td class=\"has-text-align-left\" data-align=\"left\">0<\/td><\/tr><\/tbody><\/table><\/figure>\n\n\n\n<h3 class=\"wp-block-heading\"><strong>Hospital de Olhos Ruy Cunha (DayHORC)<\/strong><\/h3>\n\n\n\n<figure class=\"wp-block-table\"><table class=\"has-fixed-layout\"><thead><tr><th class=\"has-text-align-left\" data-align=\"left\">Especialidade<\/th><th class=\"has-text-align-left\" data-align=\"left\">Vagas<\/th><th class=\"has-text-align-left\" data-align=\"left\">Situa\u00e7\u00e3o do Programa<\/th><th class=\"has-text-align-left\" data-align=\"left\">Taxa de Inscri\u00e7\u00e3o<\/th><th class=\"has-text-align-left\" data-align=\"left\">Dura\u00e7\u00e3o do Curso<\/th><th class=\"has-text-align-left\" data-align=\"left\">Bolsa<\/th><\/tr><\/thead><tbody><tr><td class=\"has-text-align-left\" data-align=\"left\">Oftalmologia<\/td><td class=\"has-text-align-left\" data-align=\"left\">4<\/td><td class=\"has-text-align-left\" data-align=\"left\">0<\/td><td class=\"has-text-align-left\" data-align=\"left\">0<\/td><td class=\"has-text-align-left\" data-align=\"left\">0<\/td><td class=\"has-text-align-left\" data-align=\"left\">0<\/td><\/tr><tr><td class=\"has-text-align-left\" data-align=\"left\">Oftalmologia<\/td><td class=\"has-text-align-left\" data-align=\"left\">4<\/td><td class=\"has-text-align-left\" data-align=\"left\">0<\/td><td class=\"has-text-align-left\" data-align=\"left\">0<\/td><td class=\"has-text-align-left\" data-align=\"left\">0<\/td><td class=\"has-text-align-left\" data-align=\"left\">0<\/td><\/tr><\/tbody><\/table><\/figure>\n\n\n\n<h3 class=\"wp-block-heading\"><strong>Hospital Dia de S\u00e3o Paulo (UPO)<\/strong><\/h3>\n\n\n\n<figure class=\"wp-block-table\"><table class=\"has-fixed-layout\"><thead><tr><th class=\"has-text-align-left\" data-align=\"left\">Especialidade<\/th><th class=\"has-text-align-left\" data-align=\"left\">Vagas<\/th><th class=\"has-text-align-left\" data-align=\"left\">Situa\u00e7\u00e3o do Programa<\/th><th class=\"has-text-align-left\" data-align=\"left\">Taxa de Inscri\u00e7\u00e3o<\/th><th class=\"has-text-align-left\" data-align=\"left\">Dura\u00e7\u00e3o do Curso<\/th><th class=\"has-text-align-left\" data-align=\"left\">Bolsa<\/th><\/tr><\/thead><tbody><tr><td class=\"has-text-align-left\" data-align=\"left\">Oftalmologia<\/td><td class=\"has-text-align-left\" data-align=\"left\">3<\/td><td class=\"has-text-align-left\" data-align=\"left\">0<\/td><td class=\"has-text-align-left\" data-align=\"left\">0<\/td><td class=\"has-text-align-left\" data-align=\"left\">0<\/td><td class=\"has-text-align-left\" data-align=\"left\">0<\/td><\/tr><tr><td class=\"has-text-align-left\" data-align=\"left\">Oftalmologia<\/td><td class=\"has-text-align-left\" data-align=\"left\">4<\/td><td class=\"has-text-align-left\" data-align=\"left\">0<\/td><td class=\"has-text-align-left\" data-align=\"left\">0<\/td><td class=\"has-text-align-left\" data-align=\"left\">0<\/td><td class=\"has-text-align-left\" data-align=\"left\">0<\/td><\/tr><\/tbody><\/table><\/figure>\n<\/div><\/div>\n\n\n\n<h2 id=\"h-cronograma-grupo-opty-2026-2027\" class=\"wp-block-heading\"><strong>Cronograma Grupo Opty 2026\/2027<\/strong><\/h2>\n\n\n\n<figure class=\"wp-block-table\"><table class=\"has-fixed-layout\"><thead><tr><th class=\"has-text-align-left\" data-align=\"left\">Etapa<\/th><th class=\"has-text-align-left\" data-align=\"left\">Data<\/th><\/tr><\/thead><tbody><tr><td class=\"has-text-align-left\" data-align=\"left\">Divulga\u00e7\u00e3o do Edital<\/td><td class=\"has-text-align-left\" data-align=\"left\">11\/08\/2026<\/td><\/tr><tr><td class=\"has-text-align-left\" data-align=\"left\">Per\u00edodo de Inscri\u00e7\u00e3o<\/td><td class=\"has-text-align-left\" data-align=\"left\">26\/08 a 04\/10\/2026<\/td><\/tr><tr><td class=\"has-text-align-left\" data-align=\"left\">Per\u00edodo de envio de documenta\u00e7\u00e3o para bonifica\u00e7\u00e3o e solicita\u00e7\u00e3o de condi\u00e7\u00e3o especial<\/td><td class=\"has-text-align-left\" data-align=\"left\">26\/08 a 05\/10\/2026<\/td><\/tr><tr><td class=\"has-text-align-left\" data-align=\"left\">\u00daltimo dia para pagamento da taxa de Inscri\u00e7\u00e3o<\/td><td class=\"has-text-align-left\" data-align=\"left\">05\/10\/2026<\/td><\/tr><tr><td class=\"has-text-align-left\" data-align=\"left\">Per\u00edodo de an\u00e1lise dos documentos e solicita\u00e7\u00e3o de condi\u00e7\u00e3o especial<\/td><td class=\"has-text-align-left\" data-align=\"left\">06\/10 a 08\/10\/2026<\/td><\/tr><tr><td class=\"has-text-align-left\" data-align=\"left\">Divulga\u00e7\u00e3o da lista de candidatos com pagamento regularizado<\/td><td class=\"has-text-align-left\" data-align=\"left\">08\/10\/2026<\/td><\/tr><tr><td class=\"has-text-align-left\" data-align=\"left\">Divulga\u00e7\u00e3o da lista preliminar dos candidatos de solicita\u00e7\u00e3o de bonifica\u00e7\u00e3o e condi\u00e7\u00e3o especial<\/td><td class=\"has-text-align-left\" data-align=\"left\">09\/10\/2026<\/td><\/tr><tr><td class=\"has-text-align-left\" data-align=\"left\">Per\u00edodo de interposi\u00e7\u00e3o de recursos sobre envio de documentos de bonifica\u00e7\u00e3o e solicita\u00e7\u00e3o de condi\u00e7\u00e3o especial<\/td><td class=\"has-text-align-left\" data-align=\"left\">10\/10\/2026<\/td><\/tr><tr><td class=\"has-text-align-left\" data-align=\"left\">Disponibiliza\u00e7\u00e3o do resultado das an\u00e1lises de recursos de documentos de bonifica\u00e7\u00e3o e solicita\u00e7\u00e3o de condi\u00e7\u00e3o especial<\/td><td class=\"has-text-align-left\" data-align=\"left\">13\/10\/2026<\/td><\/tr><tr><td class=\"has-text-align-left\" data-align=\"left\">Divulga\u00e7\u00e3o das inscri\u00e7\u00f5es homologadas<\/td><td class=\"has-text-align-left\" data-align=\"left\">14\/10\/2026<\/td><\/tr><tr><td class=\"has-text-align-left\" data-align=\"left\">Divulga\u00e7\u00e3o do Edital de convoca\u00e7\u00e3o, local da prova e relat\u00f3rio de salas<\/td><td class=\"has-text-align-left\" data-align=\"left\">16\/10\/2026<\/td><\/tr><tr><td class=\"has-text-align-left\" data-align=\"left\">Aplica\u00e7\u00e3o da Prova Objetiva (1\u00aa Fase)<\/td><td class=\"has-text-align-left\" data-align=\"left\">25\/10\/2026<\/td><\/tr><tr><td class=\"has-text-align-left\" data-align=\"left\">Divulga\u00e7\u00e3o dos gabaritos preliminares e cadernos da Prova Objetiva (1\u00aa Fase)<\/td><td class=\"has-text-align-left\" data-align=\"left\">25\/10\/2026<\/td><\/tr><tr><td class=\"has-text-align-left\" data-align=\"left\">Per\u00edodo de interposi\u00e7\u00e3o de recursos sobre os gabaritos preliminares da Prova Objetiva (1\u00aa Fase)<\/td><td class=\"has-text-align-left\" data-align=\"left\">26\/10\/2026<\/td><\/tr><tr><td class=\"has-text-align-left\" data-align=\"left\">Disponibiliza\u00e7\u00e3o do resultado das an\u00e1lises dos recursos contra os gabaritos preliminares da Prova Objetiva (1\u00aa Fase)<\/td><td class=\"has-text-align-left\" data-align=\"left\">01\/11\/2026<\/td><\/tr><tr><td class=\"has-text-align-left\" data-align=\"left\">Divulga\u00e7\u00e3o do resultado preliminar e espelho da folha de respostas da Prova Objetiva (1\u00aa Fase)<\/td><td class=\"has-text-align-left\" data-align=\"left\">03\/11\/2026<\/td><\/tr><tr><td class=\"has-text-align-left\" data-align=\"left\">Per\u00edodo de interposi\u00e7\u00e3o de recursos em raz\u00e3o ao resultado preliminar da Prova Objetiva (1\u00aa Fase)<\/td><td class=\"has-text-align-left\" data-align=\"left\">04\/11\/2026<\/td><\/tr><tr><td class=\"has-text-align-left\" data-align=\"left\">Disponibiliza\u00e7\u00e3o do resultado das an\u00e1lises de recursos do resultado preliminar da Prova Objetiva (1\u00aa Fase)<\/td><td class=\"has-text-align-left\" data-align=\"left\">06\/11\/2026<\/td><\/tr><tr><td class=\"has-text-align-left\" data-align=\"left\">Divulga\u00e7\u00e3o do resultado final da Prova Objetiva (1\u00aa Fase)<\/td><td class=\"has-text-align-left\" data-align=\"left\">09\/11\/2026<\/td><\/tr><tr><td class=\"has-text-align-left\" data-align=\"left\">Divulga\u00e7\u00e3o da convoca\u00e7\u00e3o para a 2\u00aa Fase<\/td><td class=\"has-text-align-left\" data-align=\"left\">10\/11\/2026<\/td><\/tr><tr><td class=\"has-text-align-left\" data-align=\"left\">Per\u00edodo de realiza\u00e7\u00e3o da Entrevista e Avalia\u00e7\u00e3o de Conhecimentos em L\u00edngua Inglesa (2\u00aa Fase)<\/td><td class=\"has-text-align-left\" data-align=\"left\">11\/11 a 17\/11\/2026<\/td><\/tr><tr><td class=\"has-text-align-left\" data-align=\"left\">Resultado preliminar da 1\u00aa e 2\u00aa Fase<\/td><td class=\"has-text-align-left\" data-align=\"left\">23\/11\/2026<\/td><\/tr><tr><td class=\"has-text-align-left\" data-align=\"left\">Per\u00edodo de interposi\u00e7\u00e3o de recurso em raz\u00e3o ao resultado preliminar da 2\u00aa Fase<\/td><td class=\"has-text-align-left\" data-align=\"left\">24\/11\/2026<\/td><\/tr><tr><td class=\"has-text-align-left\" data-align=\"left\">Disponibiliza\u00e7\u00e3o do resultado das an\u00e1lises de recursos do resultado preliminar da 2\u00aa Fase<\/td><td class=\"has-text-align-left\" data-align=\"left\">02\/12\/2026<\/td><\/tr><tr><td class=\"has-text-align-left\" data-align=\"left\">Divulga\u00e7\u00e3o do resultado final da 1\u00aa e 2\u00aa Fase do processo seletivo<\/td><td class=\"has-text-align-left\" data-align=\"left\">04\/12\/2026<\/td><\/tr><tr><td class=\"has-text-align-left\" data-align=\"left\">Divulga\u00e7\u00e3o para a convoca\u00e7\u00e3o para matr\u00edcula dos residentes (1\u00aa chamada)<\/td><td class=\"has-text-align-left\" data-align=\"left\">05\/12\/2026<\/td><\/tr><tr><td class=\"has-text-align-left\" data-align=\"left\">Per\u00edodo de realiza\u00e7\u00e3o da matr\u00edcula dos residentes (1\u00aa chamada)<\/td><td class=\"has-text-align-left\" data-align=\"left\">07\/12 a 08\/12\/2026<\/td><\/tr><tr><td class=\"has-text-align-left\" data-align=\"left\">Divulga\u00e7\u00e3o para a convoca\u00e7\u00e3o para matr\u00edcula dos residentes (2\u00aa chamada)<\/td><td class=\"has-text-align-left\" data-align=\"left\">A definir<\/td><\/tr><tr><td class=\"has-text-align-left\" data-align=\"left\">Per\u00edodo de realiza\u00e7\u00e3o da matr\u00edcula dos residentes (2\u00aa chamada)<\/td><td class=\"has-text-align-left\" data-align=\"left\">A definir<\/td><\/tr><\/tbody><\/table><\/figure>\n\n\n\n<h2 id=\"h-edital-grupo-opty-2026\" class=\"wp-block-heading\"><strong>Edital Grupo Opty 2026<\/strong><\/h2>\n\n\n\n<div class=\"wp-block-buttons is-content-justification-center is-layout-flex wp-container-core-buttons-is-layout-fe48e5de wp-block-buttons-is-layout-flex\">\n<div class=\"wp-block-button\"><a class=\"wp-block-button__link wp-element-button\" href=\"https:\/\/www.grupomedcof.com.br\/blog\/wp-content\/uploads\/2025\/10\/Edital-Grupo-Opty-2027.pdf\" target=\"_blank\" rel=\"noreferrer noopener\">Edital Grupo Opty 2026\/2027<\/a><\/div>\n<\/div>\n\n\n\n<h2 id=\"o-m\u00e9todo-que-te-aprova\" class=\"wp-block-heading\"><strong>Quer garantir a sua vaga na resid\u00eancia dos sonhos?<\/strong><\/h2>\n\n\n\n<p class=\"wp-block-paragraph\">Quer alcan\u00e7ar a aprova\u00e7\u00e3o nas provas de resid\u00eancia m\u00e9dica? Ent\u00e3o seja um <a href=\"https:\/\/www.grupomedcof.com.br\/home\/\">MedCofer<\/a>! Aqui te ajudaremos na busca da aprova\u00e7\u00e3o com conte\u00fados de qualidade e uma <a href=\"https:\/\/www.grupomedcof.com.br\/blog\/presenca-da-medcof-nas-aprovacoes-em-residencia-medica-no-brasil\/\">metodologia que j\u00e1 aprovou mais de 35 mil residentes no pa\u00eds! <\/a>Por fim, acesse o nosso<a href=\"https:\/\/www.youtube.com\/@GrupoMedcof\/featured\"> <strong>canal do youtube <\/strong><\/a>para ver o nosso material.\u00a0<\/p>\n\n\n\n<figure class=\"wp-block-embed is-type-video is-provider-youtube wp-block-embed-youtube wp-embed-aspect-16-9 wp-has-aspect-ratio\"><div class=\"wp-block-embed__wrapper\">\n<div class=\"youtube-embed\" data-video_id=\"NmDr-bZgpw0\"><iframe loading=\"lazy\" title=\"R-Choices: Desafios e Benef\u00edcios da Oftalmologia\" width=\"696\" height=\"392\" src=\"https:\/\/www.youtube.com\/embed\/NmDr-bZgpw0?feature=oembed&#038;enablejsapi=1\" frameborder=\"0\" allow=\"accelerometer; autoplay; clipboard-write; encrypted-media; gyroscope; picture-in-picture; web-share\" referrerpolicy=\"strict-origin-when-cross-origin\" allowfullscreen><\/iframe><\/div>\n<\/div><\/figure>\n","protected":false},"excerpt":{"rendered":"<p>Veja o edital de resid\u00eancia m\u00e9dica do Grupo Opty e prepare-se para as pr\u00f3ximas oportunidades. Saiba mais no blog!<\/p>\n","protected":false},"author":20,"featured_media":29700,"comment_status":"open","ping_status":"open","sticky":false,"template":"","format":"standard","meta":{"footnotes":""},"categories":[287,2023],"tags":[2003,2002,1452,117,68],"ppma_author":[3616],"class_list":["post-13859","post","type-post","status-publish","format-standard","has-post-thumbnail","category-destaques-medcof","category-editais","tag-cosc","tag-hob","tag-provas","tag-provas-de-residencia","tag-residencia-medica"],"yoast_head":"<!-- This site is optimized with the Yoast SEO Premium plugin v28.1 (Yoast SEO v28.4) - https:\/\/yoast.com\/product\/yoast-seo-premium-wordpress\/ -->\n<title>GRUPO OPTY: edital para resid\u00eancia m\u00e9dica 2026\/2027<\/title>\n<meta name=\"description\" content=\"Veja o edital de resid\u00eancia m\u00e9dica do Grupo Opty e prepare-se para as pr\u00f3ximas oportunidades. Saiba mais no blog!\" \/>\n<meta name=\"robots\" content=\"index, follow, max-snippet:-1, max-image-preview:large, max-video-preview:-1\" \/>\n<link rel=\"canonical\" href=\"https:\/\/www.grupomedcof.com.br\/blog\/edital-residencia-medica-grupo-opty\/\" \/>\n<meta property=\"og:locale\" content=\"pt_BR\" \/>\n<meta property=\"og:type\" content=\"article\" \/>\n<meta property=\"og:title\" content=\"Edital Grupo Opty para resid\u00eancia m\u00e9dica 2026\/2027\" \/>\n<meta property=\"og:description\" content=\"Veja o edital de resid\u00eancia m\u00e9dica do Grupo Opty e prepare-se para as pr\u00f3ximas oportunidades. Saiba mais no blog!\" \/>\n<meta property=\"og:url\" content=\"https:\/\/www.grupomedcof.com.br\/blog\/edital-residencia-medica-grupo-opty\/\" \/>\n<meta property=\"og:site_name\" content=\"Blog de Medcof: conte\u00fados, editais, revalida e mais!\" \/>\n<meta property=\"article:publisher\" content=\"https:\/\/www.facebook.com\/MedCofQbank\/\" \/>\n<meta property=\"article:published_time\" content=\"2026-08-11T18:14:36+00:00\" \/>\n<meta property=\"article:modified_time\" content=\"2026-08-11T18:14:38+00:00\" \/>\n<meta property=\"og:image\" content=\"https:\/\/www.grupomedcof.com.br\/blog\/wp-content\/uploads\/2024\/09\/Modelo-instituicoes-2024-09-11T074427.608.png\" \/>\n\t<meta property=\"og:image:width\" content=\"2560\" \/>\n\t<meta property=\"og:image:height\" content=\"1440\" \/>\n\t<meta property=\"og:image:type\" content=\"image\/png\" \/>\n<meta name=\"author\" content=\"Leila Menzel\" \/>\n<meta name=\"twitter:card\" content=\"summary_large_image\" \/>\n<meta name=\"twitter:label1\" content=\"Escrito por\" \/>\n\t<meta name=\"twitter:data1\" content=\"Leila Menzel\" \/>\n\t<meta name=\"twitter:label2\" content=\"Est. tempo de leitura\" \/>\n\t<meta name=\"twitter:data2\" content=\"6 minutos\" \/>\n<script type=\"application\/ld+json\" class=\"yoast-schema-graph\">{\"@context\":\"https:\\\/\\\/schema.org\",\"@graph\":[{\"@type\":\"Article\",\"@id\":\"https:\\\/\\\/www.grupomedcof.com.br\\\/blog\\\/edital-residencia-medica-grupo-opty\\\/#article\",\"isPartOf\":{\"@id\":\"https:\\\/\\\/www.grupomedcof.com.br\\\/blog\\\/edital-residencia-medica-grupo-opty\\\/\"},\"author\":{\"name\":\"Leila Menzel\",\"@id\":\"https:\\\/\\\/www.grupomedcof.com.br\\\/blog\\\/#\\\/schema\\\/person\\\/6c9d76c2d1abb71d1cbff62ad7c6f83e\"},\"headline\":\"Edital Grupo Opty para resid\u00eancia m\u00e9dica 2026\\\/2027\",\"datePublished\":\"2026-08-11T18:14:36+00:00\",\"dateModified\":\"2026-08-11T18:14:38+00:00\",\"mainEntityOfPage\":{\"@id\":\"https:\\\/\\\/www.grupomedcof.com.br\\\/blog\\\/edital-residencia-medica-grupo-opty\\\/\"},\"wordCount\":864,\"commentCount\":0,\"publisher\":{\"@id\":\"https:\\\/\\\/www.grupomedcof.com.br\\\/blog\\\/#organization\"},\"image\":{\"@id\":\"https:\\\/\\\/www.grupomedcof.com.br\\\/blog\\\/edital-residencia-medica-grupo-opty\\\/#primaryimage\"},\"thumbnailUrl\":\"https:\\\/\\\/www.grupomedcof.com.br\\\/blog\\\/wp-content\\\/uploads\\\/2024\\\/09\\\/Modelo-instituicoes-2024-09-11T074427.608.png\",\"keywords\":[\"COSC\",\"HOB\",\"Provas\",\"Provas de Resid\u00eancia\",\"Resid\u00eancia M\u00e9dica\"],\"articleSection\":[\"Destaques MedCof\",\"Editais\"],\"inLanguage\":\"pt-BR\"},{\"@type\":\"WebPage\",\"@id\":\"https:\\\/\\\/www.grupomedcof.com.br\\\/blog\\\/edital-residencia-medica-grupo-opty\\\/\",\"url\":\"https:\\\/\\\/www.grupomedcof.com.br\\\/blog\\\/edital-residencia-medica-grupo-opty\\\/\",\"name\":\"GRUPO OPTY: edital para resid\u00eancia m\u00e9dica 2026\\\/2027\",\"isPartOf\":{\"@id\":\"https:\\\/\\\/www.grupomedcof.com.br\\\/blog\\\/#website\"},\"primaryImageOfPage\":{\"@id\":\"https:\\\/\\\/www.grupomedcof.com.br\\\/blog\\\/edital-residencia-medica-grupo-opty\\\/#primaryimage\"},\"image\":{\"@id\":\"https:\\\/\\\/www.grupomedcof.com.br\\\/blog\\\/edital-residencia-medica-grupo-opty\\\/#primaryimage\"},\"thumbnailUrl\":\"https:\\\/\\\/www.grupomedcof.com.br\\\/blog\\\/wp-content\\\/uploads\\\/2024\\\/09\\\/Modelo-instituicoes-2024-09-11T074427.608.png\",\"datePublished\":\"2026-08-11T18:14:36+00:00\",\"dateModified\":\"2026-08-11T18:14:38+00:00\",\"description\":\"Veja o edital de resid\u00eancia m\u00e9dica do Grupo Opty e prepare-se para as pr\u00f3ximas oportunidades. Saiba mais no blog!\",\"breadcrumb\":{\"@id\":\"https:\\\/\\\/www.grupomedcof.com.br\\\/blog\\\/edital-residencia-medica-grupo-opty\\\/#breadcrumb\"},\"inLanguage\":\"pt-BR\",\"potentialAction\":[{\"@type\":\"ReadAction\",\"target\":[\"https:\\\/\\\/www.grupomedcof.com.br\\\/blog\\\/edital-residencia-medica-grupo-opty\\\/\"]}]},{\"@type\":\"ImageObject\",\"inLanguage\":\"pt-BR\",\"@id\":\"https:\\\/\\\/www.grupomedcof.com.br\\\/blog\\\/edital-residencia-medica-grupo-opty\\\/#primaryimage\",\"url\":\"https:\\\/\\\/www.grupomedcof.com.br\\\/blog\\\/wp-content\\\/uploads\\\/2024\\\/09\\\/Modelo-instituicoes-2024-09-11T074427.608.png\",\"contentUrl\":\"https:\\\/\\\/www.grupomedcof.com.br\\\/blog\\\/wp-content\\\/uploads\\\/2024\\\/09\\\/Modelo-instituicoes-2024-09-11T074427.608.png\",\"width\":2560,\"height\":1440},{\"@type\":\"BreadcrumbList\",\"@id\":\"https:\\\/\\\/www.grupomedcof.com.br\\\/blog\\\/edital-residencia-medica-grupo-opty\\\/#breadcrumb\",\"itemListElement\":[{\"@type\":\"ListItem\",\"position\":1,\"name\":\"In\u00edcio\",\"item\":\"https:\\\/\\\/www.grupomedcof.com.br\\\/blog\\\/\"},{\"@type\":\"ListItem\",\"position\":2,\"name\":\"Edital Grupo Opty para resid\u00eancia m\u00e9dica 2026\\\/2027\"}]},{\"@type\":\"WebSite\",\"@id\":\"https:\\\/\\\/www.grupomedcof.com.br\\\/blog\\\/#website\",\"url\":\"https:\\\/\\\/www.grupomedcof.com.br\\\/blog\\\/\",\"name\":\"Blog de Medcof: conte\u00fados, editais, revalida e mais!\",\"description\":\"Acesso o blog de MedCof! Seu portal de conte\u00fados sobre resid\u00eancia m\u00e9dica, an\u00e1lise e editais e muito mais. Clique e confira!\",\"publisher\":{\"@id\":\"https:\\\/\\\/www.grupomedcof.com.br\\\/blog\\\/#organization\"},\"alternateName\":\"Blog de Medcof: conte\u00fados, editais, revalida e mais!\",\"potentialAction\":[{\"@type\":\"SearchAction\",\"target\":{\"@type\":\"EntryPoint\",\"urlTemplate\":\"https:\\\/\\\/www.grupomedcof.com.br\\\/blog\\\/?s={search_term_string}\"},\"query-input\":{\"@type\":\"PropertyValueSpecification\",\"valueRequired\":true,\"valueName\":\"search_term_string\"}}],\"inLanguage\":\"pt-BR\"},{\"@type\":\"Organization\",\"@id\":\"https:\\\/\\\/www.grupomedcof.com.br\\\/blog\\\/#organization\",\"name\":\"Grupo MedCof\",\"url\":\"https:\\\/\\\/www.grupomedcof.com.br\\\/blog\\\/\",\"logo\":{\"@type\":\"ImageObject\",\"inLanguage\":\"pt-BR\",\"@id\":\"https:\\\/\\\/www.grupomedcof.com.br\\\/blog\\\/#\\\/schema\\\/logo\\\/image\\\/\",\"url\":\"https:\\\/\\\/www.grupomedcof.com.br\\\/blog\\\/wp-content\\\/uploads\\\/2022\\\/01\\\/logo-medcof.png\",\"contentUrl\":\"https:\\\/\\\/www.grupomedcof.com.br\\\/blog\\\/wp-content\\\/uploads\\\/2022\\\/01\\\/logo-medcof.png\",\"width\":768,\"height\":269,\"caption\":\"Grupo MedCof\"},\"image\":{\"@id\":\"https:\\\/\\\/www.grupomedcof.com.br\\\/blog\\\/#\\\/schema\\\/logo\\\/image\\\/\"},\"sameAs\":[\"https:\\\/\\\/www.facebook.com\\\/MedCofQbank\\\/\",\"https:\\\/\\\/www.instagram.com\\\/grupomedcof\\\/\",\"https:\\\/\\\/br.linkedin.com\\\/company\\\/medcof\",\"https:\\\/\\\/www.youtube.com\\\/channel\\\/UCdHMuOHKICxcHwecxN8P-AA\"]},{\"@type\":\"Person\",\"@id\":\"https:\\\/\\\/www.grupomedcof.com.br\\\/blog\\\/#\\\/schema\\\/person\\\/6c9d76c2d1abb71d1cbff62ad7c6f83e\",\"name\":\"Leila Menzel\",\"image\":{\"@type\":\"ImageObject\",\"inLanguage\":\"pt-BR\",\"@id\":\"https:\\\/\\\/www.grupomedcof.com.br\\\/blog\\\/wp-content\\\/uploads\\\/2025\\\/09\\\/cropped-eu-96x96.jpeg19a74936d997c0a8b3031618467fa1d0\",\"url\":\"https:\\\/\\\/www.grupomedcof.com.br\\\/blog\\\/wp-content\\\/uploads\\\/2025\\\/09\\\/cropped-eu-96x96.jpeg\",\"contentUrl\":\"https:\\\/\\\/www.grupomedcof.com.br\\\/blog\\\/wp-content\\\/uploads\\\/2025\\\/09\\\/cropped-eu-96x96.jpeg\",\"caption\":\"Leila Menzel\"},\"description\":\"Leila Menzel \u00e9 estudante de Jornalismo na Anhanguera e atua na produ\u00e7\u00e3o de conte\u00fado jornal\u00edstico sobre sa\u00fade e educa\u00e7\u00e3o m\u00e9dica. Na MedCof, produz e atualiza conte\u00fados relacionados \u00e0 resid\u00eancia m\u00e9dica, processos seletivos, editais e especialidades m\u00e9dicas, acompanhando not\u00edcias e informa\u00e7\u00f5es relevantes para estudantes e m\u00e9dicos em prepara\u00e7\u00e3o para provas e processos seletivos.\",\"url\":\"https:\\\/\\\/www.grupomedcof.com.br\\\/blog\\\/author\\\/leila-menzel\\\/\"}]}<\/script>\n<!-- \/ Yoast SEO Premium plugin. -->","yoast_head_json":{"title":"GRUPO OPTY: edital para resid\u00eancia m\u00e9dica 2026\/2027","description":"Veja o edital de resid\u00eancia m\u00e9dica do Grupo Opty e prepare-se para as pr\u00f3ximas oportunidades. Saiba mais no blog!","robots":{"index":"index","follow":"follow","max-snippet":"max-snippet:-1","max-image-preview":"max-image-preview:large","max-video-preview":"max-video-preview:-1"},"canonical":"https:\/\/www.grupomedcof.com.br\/blog\/edital-residencia-medica-grupo-opty\/","og_locale":"pt_BR","og_type":"article","og_title":"Edital Grupo Opty para resid\u00eancia m\u00e9dica 2026\/2027","og_description":"Veja o edital de resid\u00eancia m\u00e9dica do Grupo Opty e prepare-se para as pr\u00f3ximas oportunidades. Saiba mais no blog!","og_url":"https:\/\/www.grupomedcof.com.br\/blog\/edital-residencia-medica-grupo-opty\/","og_site_name":"Blog de Medcof: conte\u00fados, editais, revalida e mais!","article_publisher":"https:\/\/www.facebook.com\/MedCofQbank\/","article_published_time":"2026-08-11T18:14:36+00:00","article_modified_time":"2026-08-11T18:14:38+00:00","og_image":[{"width":2560,"height":1440,"url":"https:\/\/www.grupomedcof.com.br\/blog\/wp-content\/uploads\/2024\/09\/Modelo-instituicoes-2024-09-11T074427.608.png","type":"image\/png"}],"author":"Leila Menzel","twitter_card":"summary_large_image","twitter_misc":{"Escrito por":"Leila Menzel","Est. tempo de leitura":"6 minutos"},"schema":{"@context":"https:\/\/schema.org","@graph":[{"@type":"Article","@id":"https:\/\/www.grupomedcof.com.br\/blog\/edital-residencia-medica-grupo-opty\/#article","isPartOf":{"@id":"https:\/\/www.grupomedcof.com.br\/blog\/edital-residencia-medica-grupo-opty\/"},"author":{"name":"Leila Menzel","@id":"https:\/\/www.grupomedcof.com.br\/blog\/#\/schema\/person\/6c9d76c2d1abb71d1cbff62ad7c6f83e"},"headline":"Edital Grupo Opty para resid\u00eancia m\u00e9dica 2026\/2027","datePublished":"2026-08-11T18:14:36+00:00","dateModified":"2026-08-11T18:14:38+00:00","mainEntityOfPage":{"@id":"https:\/\/www.grupomedcof.com.br\/blog\/edital-residencia-medica-grupo-opty\/"},"wordCount":864,"commentCount":0,"publisher":{"@id":"https:\/\/www.grupomedcof.com.br\/blog\/#organization"},"image":{"@id":"https:\/\/www.grupomedcof.com.br\/blog\/edital-residencia-medica-grupo-opty\/#primaryimage"},"thumbnailUrl":"https:\/\/www.grupomedcof.com.br\/blog\/wp-content\/uploads\/2024\/09\/Modelo-instituicoes-2024-09-11T074427.608.png","keywords":["COSC","HOB","Provas","Provas de Resid\u00eancia","Resid\u00eancia M\u00e9dica"],"articleSection":["Destaques MedCof","Editais"],"inLanguage":"pt-BR"},{"@type":"WebPage","@id":"https:\/\/www.grupomedcof.com.br\/blog\/edital-residencia-medica-grupo-opty\/","url":"https:\/\/www.grupomedcof.com.br\/blog\/edital-residencia-medica-grupo-opty\/","name":"GRUPO OPTY: edital para resid\u00eancia m\u00e9dica 2026\/2027","isPartOf":{"@id":"https:\/\/www.grupomedcof.com.br\/blog\/#website"},"primaryImageOfPage":{"@id":"https:\/\/www.grupomedcof.com.br\/blog\/edital-residencia-medica-grupo-opty\/#primaryimage"},"image":{"@id":"https:\/\/www.grupomedcof.com.br\/blog\/edital-residencia-medica-grupo-opty\/#primaryimage"},"thumbnailUrl":"https:\/\/www.grupomedcof.com.br\/blog\/wp-content\/uploads\/2024\/09\/Modelo-instituicoes-2024-09-11T074427.608.png","datePublished":"2026-08-11T18:14:36+00:00","dateModified":"2026-08-11T18:14:38+00:00","description":"Veja o edital de resid\u00eancia m\u00e9dica do Grupo Opty e prepare-se para as pr\u00f3ximas oportunidades. Saiba mais no blog!","breadcrumb":{"@id":"https:\/\/www.grupomedcof.com.br\/blog\/edital-residencia-medica-grupo-opty\/#breadcrumb"},"inLanguage":"pt-BR","potentialAction":[{"@type":"ReadAction","target":["https:\/\/www.grupomedcof.com.br\/blog\/edital-residencia-medica-grupo-opty\/"]}]},{"@type":"ImageObject","inLanguage":"pt-BR","@id":"https:\/\/www.grupomedcof.com.br\/blog\/edital-residencia-medica-grupo-opty\/#primaryimage","url":"https:\/\/www.grupomedcof.com.br\/blog\/wp-content\/uploads\/2024\/09\/Modelo-instituicoes-2024-09-11T074427.608.png","contentUrl":"https:\/\/www.grupomedcof.com.br\/blog\/wp-content\/uploads\/2024\/09\/Modelo-instituicoes-2024-09-11T074427.608.png","width":2560,"height":1440},{"@type":"BreadcrumbList","@id":"https:\/\/www.grupomedcof.com.br\/blog\/edital-residencia-medica-grupo-opty\/#breadcrumb","itemListElement":[{"@type":"ListItem","position":1,"name":"In\u00edcio","item":"https:\/\/www.grupomedcof.com.br\/blog\/"},{"@type":"ListItem","position":2,"name":"Edital Grupo Opty para resid\u00eancia m\u00e9dica 2026\/2027"}]},{"@type":"WebSite","@id":"https:\/\/www.grupomedcof.com.br\/blog\/#website","url":"https:\/\/www.grupomedcof.com.br\/blog\/","name":"Blog de Medcof: conte\u00fados, editais, revalida e mais!","description":"Acesso o blog de MedCof! Seu portal de conte\u00fados sobre resid\u00eancia m\u00e9dica, an\u00e1lise e editais e muito mais. Clique e confira!","publisher":{"@id":"https:\/\/www.grupomedcof.com.br\/blog\/#organization"},"alternateName":"Blog de Medcof: conte\u00fados, editais, revalida e mais!","potentialAction":[{"@type":"SearchAction","target":{"@type":"EntryPoint","urlTemplate":"https:\/\/www.grupomedcof.com.br\/blog\/?s={search_term_string}"},"query-input":{"@type":"PropertyValueSpecification","valueRequired":true,"valueName":"search_term_string"}}],"inLanguage":"pt-BR"},{"@type":"Organization","@id":"https:\/\/www.grupomedcof.com.br\/blog\/#organization","name":"Grupo MedCof","url":"https:\/\/www.grupomedcof.com.br\/blog\/","logo":{"@type":"ImageObject","inLanguage":"pt-BR","@id":"https:\/\/www.grupomedcof.com.br\/blog\/#\/schema\/logo\/image\/","url":"https:\/\/www.grupomedcof.com.br\/blog\/wp-content\/uploads\/2022\/01\/logo-medcof.png","contentUrl":"https:\/\/www.grupomedcof.com.br\/blog\/wp-content\/uploads\/2022\/01\/logo-medcof.png","width":768,"height":269,"caption":"Grupo MedCof"},"image":{"@id":"https:\/\/www.grupomedcof.com.br\/blog\/#\/schema\/logo\/image\/"},"sameAs":["https:\/\/www.facebook.com\/MedCofQbank\/","https:\/\/www.instagram.com\/grupomedcof\/","https:\/\/br.linkedin.com\/company\/medcof","https:\/\/www.youtube.com\/channel\/UCdHMuOHKICxcHwecxN8P-AA"]},{"@type":"Person","@id":"https:\/\/www.grupomedcof.com.br\/blog\/#\/schema\/person\/6c9d76c2d1abb71d1cbff62ad7c6f83e","name":"Leila Menzel","image":{"@type":"ImageObject","inLanguage":"pt-BR","@id":"https:\/\/www.grupomedcof.com.br\/blog\/wp-content\/uploads\/2025\/09\/cropped-eu-96x96.jpeg19a74936d997c0a8b3031618467fa1d0","url":"https:\/\/www.grupomedcof.com.br\/blog\/wp-content\/uploads\/2025\/09\/cropped-eu-96x96.jpeg","contentUrl":"https:\/\/www.grupomedcof.com.br\/blog\/wp-content\/uploads\/2025\/09\/cropped-eu-96x96.jpeg","caption":"Leila Menzel"},"description":"Leila Menzel \u00e9 estudante de Jornalismo na Anhanguera e atua na produ\u00e7\u00e3o de conte\u00fado jornal\u00edstico sobre sa\u00fade e educa\u00e7\u00e3o m\u00e9dica. Na MedCof, produz e atualiza conte\u00fados relacionados \u00e0 resid\u00eancia m\u00e9dica, processos seletivos, editais e especialidades m\u00e9dicas, acompanhando not\u00edcias e informa\u00e7\u00f5es relevantes para estudantes e m\u00e9dicos em prepara\u00e7\u00e3o para provas e processos seletivos.","url":"https:\/\/www.grupomedcof.com.br\/blog\/author\/leila-menzel\/"}]}},"authors":[{"term_id":3616,"user_id":20,"is_guest":0,"slug":"leila-menzel","display_name":"Leila Menzel","avatar_url":"https:\/\/www.grupomedcof.com.br\/blog\/wp-content\/uploads\/2025\/09\/cropped-eu-96x96.jpeg","0":null,"1":"","2":"","3":"","4":"","5":"","6":"","7":"","8":""}],"_links":{"self":[{"href":"https:\/\/www.grupomedcof.com.br\/blog\/wp-json\/wp\/v2\/posts\/13859","targetHints":{"allow":["GET"]}}],"collection":[{"href":"https:\/\/www.grupomedcof.com.br\/blog\/wp-json\/wp\/v2\/posts"}],"about":[{"href":"https:\/\/www.grupomedcof.com.br\/blog\/wp-json\/wp\/v2\/types\/post"}],"author":[{"embeddable":true,"href":"https:\/\/www.grupomedcof.com.br\/blog\/wp-json\/wp\/v2\/users\/20"}],"replies":[{"embeddable":true,"href":"https:\/\/www.grupomedcof.com.br\/blog\/wp-json\/wp\/v2\/comments?post=13859"}],"version-history":[{"count":8,"href":"https:\/\/www.grupomedcof.com.br\/blog\/wp-json\/wp\/v2\/posts\/13859\/revisions"}],"predecessor-version":[{"id":48222,"href":"https:\/\/www.grupomedcof.com.br\/blog\/wp-json\/wp\/v2\/posts\/13859\/revisions\/48222"}],"wp:featuredmedia":[{"embeddable":true,"href":"https:\/\/www.grupomedcof.com.br\/blog\/wp-json\/wp\/v2\/media\/29700"}],"wp:attachment":[{"href":"https:\/\/www.grupomedcof.com.br\/blog\/wp-json\/wp\/v2\/media?parent=13859"}],"wp:term":[{"taxonomy":"category","embeddable":true,"href":"https:\/\/www.grupomedcof.com.br\/blog\/wp-json\/wp\/v2\/categories?post=13859"},{"taxonomy":"post_tag","embeddable":true,"href":"https:\/\/www.grupomedcof.com.br\/blog\/wp-json\/wp\/v2\/tags?post=13859"},{"taxonomy":"author","embeddable":true,"href":"https:\/\/www.grupomedcof.com.br\/blog\/wp-json\/wp\/v2\/ppma_author?post=13859"}],"curies":[{"name":"wp","href":"https:\/\/api.w.org\/{rel}","templated":true}]}}