{"id":14109,"date":"2025-10-02T09:51:30","date_gmt":"2025-10-02T12:51:30","guid":{"rendered":"https:\/\/www.grupomedcof.com.br\/blog\/?p=14109"},"modified":"2025-10-02T10:12:07","modified_gmt":"2025-10-02T13:12:07","slug":"edital-residencia-medica-haoc","status":"publish","type":"post","link":"https:\/\/www.grupomedcof.com.br\/blog\/edital-residencia-medica-haoc\/","title":{"rendered":"Edital HAOC para resid\u00eancia m\u00e9dica 2025\/2026"},"content":{"rendered":"<div id=\"ez-toc-container\" class=\"ez-toc-v2_0_74 counter-hierarchy ez-toc-counter ez-toc-transparent ez-toc-container-direction\">\n<div class=\"ez-toc-title-container\">\n<p class=\"ez-toc-title\" style=\"cursor:inherit\">Sum\u00e1rio<\/p>\n<span class=\"ez-toc-title-toggle\"><a href=\"#\" class=\"ez-toc-pull-right ez-toc-btn ez-toc-btn-xs ez-toc-btn-default ez-toc-toggle\" aria-label=\"Alternar tabela de conte\u00fado\"><span class=\"ez-toc-js-icon-con\"><span class=\"\"><span class=\"eztoc-hide\" style=\"display:none;\">Toggle<\/span><span class=\"ez-toc-icon-toggle-span\"><svg style=\"fill: #999;color:#999\" xmlns=\"http:\/\/www.w3.org\/2000\/svg\" class=\"list-377408\" width=\"20px\" height=\"20px\" viewBox=\"0 0 24 24\" fill=\"none\"><path d=\"M6 6H4v2h2V6zm14 0H8v2h12V6zM4 11h2v2H4v-2zm16 0H8v2h12v-2zM4 16h2v2H4v-2zm16 0H8v2h12v-2z\" fill=\"currentColor\"><\/path><\/svg><svg style=\"fill: #999;color:#999\" class=\"arrow-unsorted-368013\" xmlns=\"http:\/\/www.w3.org\/2000\/svg\" width=\"10px\" height=\"10px\" viewBox=\"0 0 24 24\" version=\"1.2\" baseProfile=\"tiny\"><path d=\"M18.2 9.3l-6.2-6.3-6.2 6.3c-.2.2-.3.4-.3.7s.1.5.3.7c.2.2.4.3.7.3h11c.3 0 .5-.1.7-.3.2-.2.3-.5.3-.7s-.1-.5-.3-.7zM5.8 14.7l6.2 6.3 6.2-6.3c.2-.2.3-.5.3-.7s-.1-.5-.3-.7c-.2-.2-.4-.3-.7-.3h-11c-.3 0-.5.1-.7.3-.2.2-.3.5-.3.7s.1.5.3.7z\"\/><\/svg><\/span><\/span><\/span><\/a><\/span><\/div>\n<nav><ul class='ez-toc-list ez-toc-list-level-1 ' ><li class='ez-toc-page-1 ez-toc-heading-level-2'><a class=\"ez-toc-link ez-toc-heading-1\" href=\"https:\/\/www.grupomedcof.com.br\/blog\/edital-residencia-medica-haoc\/#Sobre_o_Hospital_Alemao_Oswaldo_Cruz\" >Sobre o Hospital Alem\u00e3o Oswaldo Cruz<\/a><\/li><li class='ez-toc-page-1 ez-toc-heading-level-2'><a class=\"ez-toc-link ez-toc-heading-2\" href=\"https:\/\/www.grupomedcof.com.br\/blog\/edital-residencia-medica-haoc\/#Criterios_de_selecao_e_etapas\" >Crit\u00e9rios de sele\u00e7\u00e3o e etapas<\/a><ul class='ez-toc-list-level-3' ><li class='ez-toc-heading-level-3'><a class=\"ez-toc-link ez-toc-heading-3\" href=\"https:\/\/www.grupomedcof.com.br\/blog\/edital-residencia-medica-haoc\/#Inscricoes\" >Inscri\u00e7\u00f5es<\/a><\/li><li class='ez-toc-page-1 ez-toc-heading-level-3'><a class=\"ez-toc-link ez-toc-heading-4\" href=\"https:\/\/www.grupomedcof.com.br\/blog\/edital-residencia-medica-haoc\/#Prova_objetiva\" >Prova objetiva<\/a><\/li><li class='ez-toc-page-1 ez-toc-heading-level-3'><a class=\"ez-toc-link ez-toc-heading-5\" href=\"https:\/\/www.grupomedcof.com.br\/blog\/edital-residencia-medica-haoc\/#Analise_curricular\" >An\u00e1lise curricular<\/a><\/li><\/ul><\/li><li class='ez-toc-page-1 ez-toc-heading-level-2'><a class=\"ez-toc-link ez-toc-heading-6\" href=\"https:\/\/www.grupomedcof.com.br\/blog\/edital-residencia-medica-haoc\/#Vagas_ofertadas\" >Vagas ofertadas<\/a><ul class='ez-toc-list-level-3' ><li class='ez-toc-heading-level-3'><a class=\"ez-toc-link ez-toc-heading-7\" href=\"https:\/\/www.grupomedcof.com.br\/blog\/edital-residencia-medica-haoc\/#Acesso_Direto\" >Acesso Direto<\/a><\/li><li class='ez-toc-page-1 ez-toc-heading-level-3'><a class=\"ez-toc-link ez-toc-heading-8\" href=\"https:\/\/www.grupomedcof.com.br\/blog\/edital-residencia-medica-haoc\/#Pre-Requisito\" >Pr\u00e9-Requisito<\/a><\/li><\/ul><\/li><li class='ez-toc-page-1 ez-toc-heading-level-2'><a class=\"ez-toc-link ez-toc-heading-9\" href=\"https:\/\/www.grupomedcof.com.br\/blog\/edital-residencia-medica-haoc\/#Edital_HAOC_2026\" >Edital HAOC 2026<\/a><\/li><li class='ez-toc-page-1 ez-toc-heading-level-2'><a class=\"ez-toc-link ez-toc-heading-10\" href=\"https:\/\/www.grupomedcof.com.br\/blog\/edital-residencia-medica-haoc\/#Cronograma_HAOC_20252026\" >Cronograma HAOC 2025\/2026<\/a><\/li><li class='ez-toc-page-1 ez-toc-heading-level-2'><a class=\"ez-toc-link ez-toc-heading-11\" href=\"https:\/\/www.grupomedcof.com.br\/blog\/edital-residencia-medica-haoc\/#Conquiste_sua_vaga_na_residencia_medica_da_HAOC_Prepare-se_com_os_melhores_cursos\" >Conquiste sua vaga na resid\u00eancia m\u00e9dica da HAOC: Prepare-se com os melhores cursos!<\/a><\/li><\/ul><\/nav><\/div>\n\n<figure class=\"wp-block-image size-large is-resized\"><img loading=\"lazy\" decoding=\"async\" width=\"1024\" height=\"576\" src=\"https:\/\/www.grupomedcof.com.br\/blog\/wp-content\/uploads\/2023\/09\/Modelo-instituicoes-3-1024x576.png\" alt=\"edital haoc 2023, edital resid\u00eancia m\u00e9dica oswaldo cruz 2024, residencia medica oswaldo cruz, hospital alemao oswaldo cruz residencia medica, oswaldo cruz residencia medica 2023, oswaldo cruz residencia, edital resid\u00eancia m\u00e9dica haoc\" class=\"wp-image-29781\" style=\"width:696px;height:auto\" srcset=\"https:\/\/www.grupomedcof.com.br\/blog\/wp-content\/uploads\/2023\/09\/Modelo-instituicoes-3-1024x576.png 1024w, https:\/\/www.grupomedcof.com.br\/blog\/wp-content\/uploads\/2023\/09\/Modelo-instituicoes-3-300x169.png 300w, https:\/\/www.grupomedcof.com.br\/blog\/wp-content\/uploads\/2023\/09\/Modelo-instituicoes-3-768x432.png 768w, https:\/\/www.grupomedcof.com.br\/blog\/wp-content\/uploads\/2023\/09\/Modelo-instituicoes-3-1536x864.png 1536w, https:\/\/www.grupomedcof.com.br\/blog\/wp-content\/uploads\/2023\/09\/Modelo-instituicoes-3-2048x1152.png 2048w, https:\/\/www.grupomedcof.com.br\/blog\/wp-content\/uploads\/2023\/09\/Modelo-instituicoes-3-747x420.png 747w, https:\/\/www.grupomedcof.com.br\/blog\/wp-content\/uploads\/2023\/09\/Modelo-instituicoes-3-150x84.png 150w, https:\/\/www.grupomedcof.com.br\/blog\/wp-content\/uploads\/2023\/09\/Modelo-instituicoes-3-696x392.png 696w, https:\/\/www.grupomedcof.com.br\/blog\/wp-content\/uploads\/2023\/09\/Modelo-instituicoes-3-1068x601.png 1068w, https:\/\/www.grupomedcof.com.br\/blog\/wp-content\/uploads\/2023\/09\/Modelo-instituicoes-3-1920x1080.png 1920w\" sizes=\"auto, (max-width: 1024px) 100vw, 1024px\" \/><\/figure>\n\n\n\n<h2 class=\"wp-block-heading\" id=\"h-sobre-o-hospital-alemao-oswaldo-cruz\"><span class=\"ez-toc-section\" id=\"Sobre_o_Hospital_Alemao_Oswaldo_Cruz\"><\/span><strong>Sobre o Hospital Alem\u00e3o Oswaldo Cruz<\/strong><span class=\"ez-toc-section-end\"><\/span><\/h2>\n\n\n\n<p>Inaugurado em 1897, o <strong>Hospital Alem\u00e3o Oswaldo Cruz <\/strong>foi fundado por um grupo de imigrantes alem\u00e3es, com o objetivo de constituir uma institui\u00e7\u00e3o de sa\u00fade que atendesse integrantes da col\u00f4nia e a popula\u00e7\u00e3o em geral, como forma de retribui\u00e7\u00e3o pelo acolhimento que receberam quando desembarcaram no Brasil.<\/p>\n\n\n\n<h2 class=\"wp-block-heading\" id=\"h-criterios-de-selecao-e-etapas\"><span class=\"ez-toc-section\" id=\"Criterios_de_selecao_e_etapas\"><\/span><strong>Crit\u00e9rios de sele\u00e7\u00e3o e etapas<\/strong><span class=\"ez-toc-section-end\"><\/span><\/h2>\n\n\n\n<h3 class=\"wp-block-heading\" id=\"h-inscricoes\"><span class=\"ez-toc-section\" id=\"Inscricoes\"><\/span><strong>Inscri\u00e7\u00f5es<\/strong><span class=\"ez-toc-section-end\"><\/span><\/h3>\n\n\n\n<p>De acordo com o edital divulgado, as<a href=\"https:\/\/www.tekyou.com.br\/haoc\/selecao2026\/\" target=\"_blank\" rel=\"noreferrer noopener\"> inscri\u00e7\u00f5es<\/a> ocorrer\u00e3o entre \u00e0s\u00a0<strong>9h do dia 17 de outubro<\/strong>\u00a0e \u00e0s\u00a0<strong>16h do dia 09 de dezembro de 2025<\/strong>.\u00a0A taxa foi estabelecida no valor de <strong>R$695,00<\/strong>.<\/p>\n\n\n\n<h3 class=\"wp-block-heading\" id=\"h-prova-objetiva\"><span class=\"ez-toc-section\" id=\"Prova_objetiva\"><\/span><strong>Prova objetiva<\/strong><span class=\"ez-toc-section-end\"><\/span><\/h3>\n\n\n\n<p>A prova objetiva ocorrer\u00e1 no dia <strong>04 de janeiro de 2026 <\/strong>e contar\u00e1 com <strong>50 quest\u00f5es<\/strong> de m\u00faltipla escolha para Acesso Direto e Pr\u00e9-Requisito. Al\u00e9m disso, ter\u00e1 dura\u00e7\u00e3o de 3 horas e abranger\u00e1 os temas das cinco grandes \u00e1reas da medicina para AD e conte\u00fados baseados nos programas de pr\u00e9-requisito.<\/p>\n\n\n\n<h3 class=\"wp-block-heading\" id=\"h-analise-curricular\"><span class=\"ez-toc-section\" id=\"Analise_curricular\"><\/span><strong>An\u00e1lise curricular<\/strong><span class=\"ez-toc-section-end\"><\/span><\/h3>\n\n\n\n<p>Para os candidatos habilitados na prova objetiva, ser\u00e1 disponibilizado um link no site <a href=\"http:\/\/www.tekyou.com.br\">www.tekyou.com.br<\/a> para envio dos curr\u00edculos entre os dias <strong>15 a 23 de janeiro de 2026. <\/strong>Veja os crit\u00e9rios de avalia\u00e7\u00e3o:<\/p>\n\n\n\n<figure class=\"wp-block-table\"><table class=\"has-fixed-layout\"><tbody><tr><td><strong>ID<\/strong><\/td><td><strong>Item avaliado<\/strong><\/td><td><strong>Pontua\u00e7\u00e3o M\u00e1x.<\/strong><\/td><td><strong>Metodologia de an\u00e1lise<\/strong><\/td><\/tr><tr><td>1<\/td><td>Hist\u00f3rico Escolar do Curso de Medicina<\/td><td>10 pontos<\/td><td>Soma de todas as notas obtidas durante a gradua\u00e7\u00e3o, dividida pelo n\u00famero total de disciplinas. Quando as notas do hist\u00f3rico escolar forem dadas sob a forma de conceito, as notas ser\u00e3o transformadas para o valor m\u00e9dio correspondente ao conceito.Disciplinas com reprova\u00e7\u00e3o, depend\u00eancia ou desist\u00eancia ter\u00e3o valor 0 (zero) e entrar\u00e3o na soma das disciplinas.<\/td><\/tr><tr><td>2<\/td><td>Monitoria oficial na gradua\u00e7\u00e3o<\/td><td>10 pontos<\/td><td>5 pontos por monitoria oficial<\/td><\/tr><tr><td>3<\/td><td>Bolsa de Estudo ou de Pesquisa<\/td><td>10 pontos<\/td><td>5 pontos por bolsa de estudos ou pesquisa<\/td><\/tr><tr><td>4<\/td><td>Trabalhos cient\u00edficos apresentados emcongressos, simp\u00f3sios, semin\u00e1rios eencontros estudantis e\/ou m\u00e9dicos naforma de apresenta\u00e7\u00e3o oral ou p\u00f4ster<\/td><td>2,5 pontos<\/td><td>Sim ou n\u00e3o independente da quantidade<\/td><\/tr><tr><td>5<\/td><td>Resumo de trabalho cient\u00edfico publicadoem anais de congresso<\/td><td>2,5 pontos<\/td><td>Sim ou n\u00e3o independente da quantidade<\/td><\/tr><tr><td>6<\/td><td>Artigo cientifico, publicado ou aceito emrevista indexada (PUBMED\/LILACS,ORCID, EMBASE, WEB OFSCIENCE,ETC). (Anexar DOI do artigo)<\/td><td>20 pontos<\/td><td>Como autor: 5 pontos por publica\u00e7\u00e3o.Como coautor: 2,5 pontos por publica\u00e7\u00e3o<\/td><\/tr><tr><td>7<\/td><td>Participa\u00e7\u00e3o em Liga Acad\u00eamica<\/td><td>5 pontos<\/td><td>0,5 pontos por liga<\/td><\/tr><tr><td>8<\/td><td>Est\u00e1gio em institui\u00e7\u00e3o de ensino p\u00fablicaou privada e\/ou hospitais al\u00e9m dosest\u00e1gios obrigat\u00f3rios de internato.<\/td><td>5 pontos<\/td><td>0,5 pontos por est\u00e1gio<\/td><\/tr><tr><td>9<\/td><td>Atividades comunit\u00e1rias (campanhaseducativas, de vacina\u00e7\u00e3o, coleta dedados, ministra\u00e7\u00e3o de palestras)<\/td><td>5 pontos<\/td><td>0,5 pontos por atividade<\/td><\/tr><tr><td>10<\/td><td>Resid\u00eancia M\u00e9dica em \u00e1rea distinta dapleiteada.<\/td><td>30 pontos<\/td><td>Sim ou n\u00e3o independente da quantidade<\/td><\/tr><\/tbody><\/table><\/figure>\n\n\n\n<h2 class=\"wp-block-heading\" id=\"h-vagas-ofertadas\"><span class=\"ez-toc-section\" id=\"Vagas_ofertadas\"><\/span><strong>Vagas ofertadas<\/strong><span class=\"ez-toc-section-end\"><\/span><\/h2>\n\n\n\n<p>Ao todo, ser\u00e3o ofertadas <strong>15 vagas<\/strong>, sendo <strong>10 para Acesso Direto e 5 para Pr\u00e9-Requisito. <\/strong>Veja:<\/p>\n\n\n\n<h3 class=\"wp-block-heading\" id=\"h-acesso-direto\"><span class=\"ez-toc-section\" id=\"Acesso_Direto\"><\/span><strong>Acesso Direto<\/strong><span class=\"ez-toc-section-end\"><\/span><\/h3>\n\n\n\n<figure class=\"wp-block-table\"><table class=\"has-fixed-layout\"><tbody><tr><td><strong>Especialidades<\/strong><\/td><td><strong>N\u00famero de vagas<\/strong><\/td><\/tr><tr><td>Anestesiologia<\/td><td>02<\/td><\/tr><tr><td>Cl\u00ednica M\u00e9dica<\/td><td>02<\/td><\/tr><tr><td>Medicina de Emerg\u00eancia<\/td><td>02<\/td><\/tr><tr><td>Medicina do Trabalho<\/td><td>02<\/td><\/tr><tr><td>Medicina Intensiva<\/td><td>02<\/td><\/tr><\/tbody><\/table><\/figure>\n\n\n\n<h3 class=\"wp-block-heading\" id=\"h-pre-requisito\"><span class=\"ez-toc-section\" id=\"Pre-Requisito\"><\/span><strong>Pr\u00e9-Requisito<\/strong><span class=\"ez-toc-section-end\"><\/span><\/h3>\n\n\n\n<figure class=\"wp-block-table\"><table class=\"has-fixed-layout\"><tbody><tr><td><strong>Especialidades<\/strong><\/td><td><strong>N\u00famero de vagas<\/strong><\/td><\/tr><tr><td>Cardiologia<\/td><td>1<\/td><\/tr><tr><td>Oncologia Cl\u00ednica<\/td><td>1<\/td><\/tr><tr><td>Endoscopia<\/td><td>2<\/td><\/tr><tr><td>Cirurgia Bari\u00e1trica<\/td><td>1<\/td><\/tr><\/tbody><\/table><\/figure>\n\n\n\n<h2 class=\"wp-block-heading\" id=\"h-edital-haoc-2026\"><span class=\"ez-toc-section\" id=\"Edital_HAOC_2026\"><\/span><strong>Edital HAOC 2026<\/strong><span class=\"ez-toc-section-end\"><\/span><\/h2>\n\n\n\n<div data-wp-interactive=\"core\/file\" class=\"wp-block-file\"><object data-wp-bind--hidden=\"!state.hasPdfPreview\" hidden class=\"wp-block-file__embed\" data=\"https:\/\/www.grupomedcof.com.br\/blog\/wp-content\/uploads\/2025\/07\/Edital-HAOC-2026.pdf\" type=\"application\/pdf\" style=\"width:100%;height:600px\" aria-label=\"Incorporado de Edital HAOC 2026.\"><\/object><a id=\"wp-block-file--media-1d3d91c0-1bb7-401e-9e07-35850a4cb5bf\" href=\"https:\/\/www.grupomedcof.com.br\/blog\/wp-content\/uploads\/2025\/07\/Edital-HAOC-2026.pdf\">Edital HAOC 2026<\/a><a href=\"https:\/\/www.grupomedcof.com.br\/blog\/wp-content\/uploads\/2025\/07\/Edital-HAOC-2026.pdf\" class=\"wp-block-file__button wp-element-button\" download aria-describedby=\"wp-block-file--media-1d3d91c0-1bb7-401e-9e07-35850a4cb5bf\">Baixar<\/a><\/div>\n\n\n\n<h2 class=\"wp-block-heading\" id=\"h-cronograma-haoc-2025-2026\"><span class=\"ez-toc-section\" id=\"Cronograma_HAOC_20252026\"><\/span><strong>Cronograma HAOC 2025\/2026<\/strong><span class=\"ez-toc-section-end\"><\/span><\/h2>\n\n\n\n<figure class=\"wp-block-table\"><table class=\"has-fixed-layout\"><tbody><tr><td><strong>Inscri\u00e7\u00f5es<\/strong><\/td><td>17\/10\/2025 a 09\/12\/2025<\/td><\/tr><tr><td><strong>Prova Objetiva (1\u00aa fase)<\/strong><\/td><td>04\/01\/2026<\/td><\/tr><tr><td><strong>Gabarito Preliminar<\/strong><\/td><td>05\/01\/2026<\/td><\/tr><tr><td><strong>Recursos<\/strong><\/td><td>06\/01\/2026 e 07\/01\/2026<\/td><\/tr><tr><td><strong>Resultado Preliminar da 1\u00aa fase<\/strong><\/td><td>09\/01\/2026<\/td><\/tr><tr><td><strong>Recursos<\/strong><\/td><td>12\/01\/2026 e 13\/01\/2026<\/td><\/tr><tr><td><strong>Resultado Final da 1\u00aa fase<\/strong><\/td><td>14\/01\/2026<\/td><\/tr><tr><td><strong>Envio dos Curr\u00edculos<\/strong><\/td><td>15\/01\/2026 a 23\/01\/2026<\/td><\/tr><tr><td><strong>Resultado Preliminar do Processo Seletivo<\/strong><\/td><td>30\/01\/2026<\/td><\/tr><tr><td><strong>Recursos<\/strong><\/td><td>02\/02\/2026 e 03\/02\/2026<\/td><\/tr><tr><td><strong>Resultado Final<\/strong><\/td><td>09\/02\/2026<\/td><\/tr><tr><td><strong>Matr\u00edculas<\/strong><\/td><td>10\/02\/2026<\/td><\/tr><\/tbody><\/table><\/figure>\n\n\n\n<p>Confira tamb\u00e9m nosso <strong><a href=\"https:\/\/www.grupomedcof.com.br\/blog\/residencia-medica-2024-2025-calendario-de-provas\/\" target=\"_blank\" rel=\"noreferrer noopener\">calend\u00e1rio de provas<\/a><\/strong> para ficar por dentro dos prazos e nosso post sobre a<strong><a href=\"https:\/\/www.grupomedcof.com.br\/blog\/residencia-medica-oswaldo-cruz-2024-saiba-sobre-a-ultima-edicao\/\" target=\"_blank\" rel=\"noreferrer noopener\"> \u00faltima edi\u00e7\u00e3o do HAOC!<\/a><\/strong><\/p>\n\n\n\n<h2 class=\"wp-block-heading\" id=\"h-conquiste-sua-vaga-na-residencia-medica-da-haoc-prepare-se-com-os-melhores-cursos\"><span class=\"ez-toc-section\" id=\"Conquiste_sua_vaga_na_residencia_medica_da_HAOC_Prepare-se_com_os_melhores_cursos\"><\/span><strong>Conquiste sua vaga na resid\u00eancia m\u00e9dica da HAOC: Prepare-se com os melhores cursos!<\/strong><span class=\"ez-toc-section-end\"><\/span><\/h2>\n\n\n\n<p>Est\u00e1 se preparando para as provas de resid\u00eancia m\u00e9dica? Ent\u00e3o o Grupo MedCof ser\u00e1 o seu melhor companheiro! Aqui temos uma <a href=\"https:\/\/www.grupomedcof.com.br\/blog\/saiba-como-utilizar-a-nossa-metodologia\/\">metodologia<\/a> que j\u00e1 aprovou mais de <a href=\"https:\/\/www.grupomedcof.com.br\/blog\/presenca-da-medcof-nas-aprovacoes-em-residencia-medica-no-brasil\/\">20 mil candidatos<\/a>, com foco em quest\u00f5es do nosso <a href=\"https:\/\/www.grupomedcof.com.br\/blog\/qbank-medcof\/\">Qbank.<\/a> Seja um MedCoffer e conquiste a sua aprova\u00e7\u00e3o nas resid\u00eancias!<br><\/p>\n\n\n\n<figure class=\"wp-block-embed is-type-video is-provider-youtube wp-block-embed-youtube wp-embed-aspect-16-9 wp-has-aspect-ratio\"><div class=\"wp-block-embed__wrapper\">\n<div class=\"youtube-embed\" data-video_id=\"8h8e6sGkdko\"><iframe loading=\"lazy\" title=\"Intensivo resid\u00eancia m\u00e9dica - MedCof HIIT Documento Confidencial\" width=\"696\" height=\"392\" src=\"https:\/\/www.youtube.com\/embed\/8h8e6sGkdko?feature=oembed&#038;enablejsapi=1\" frameborder=\"0\" allow=\"accelerometer; autoplay; clipboard-write; encrypted-media; gyroscope; picture-in-picture; web-share\" referrerpolicy=\"strict-origin-when-cross-origin\" allowfullscreen><\/iframe><\/div>\n<\/div><\/figure>\n","protected":false},"excerpt":{"rendered":"<p>Participe do edital da resid\u00eancia m\u00e9dica do HAOC! Inscreva-se e tenha a oportunidade de se desenvolver em um dos melhores programas de forma\u00e7\u00e3o da sa\u00fade.<\/p>\n","protected":false},"author":20,"featured_media":29781,"comment_status":"open","ping_status":"open","sticky":false,"template":"","format":"standard","meta":{"footnotes":""},"categories":[287,2023],"tags":[93,2021,119,117,68],"ppma_author":[3616],"class_list":{"0":"post-14109","1":"post","2":"type-post","3":"status-publish","4":"format-standard","5":"has-post-thumbnail","7":"category-destaques-medcof","8":"category-editais","9":"tag-especialidades-medicas","10":"tag-haoc","11":"tag-oswaldo-cruz","12":"tag-provas-de-residencia","13":"tag-residencia-medica"},"yoast_head":"<!-- This site is optimized with the Yoast SEO Premium plugin v24.3 (Yoast SEO v27.4) - https:\/\/yoast.com\/product\/yoast-seo-premium-wordpress\/ -->\n<title>Hospital Alem\u00e3o Oswaldo Cruz: edital 2026- Residencia M\u00e9dica<\/title>\n<meta name=\"description\" content=\"Acompanhe o edital da resid\u00eancia m\u00e9dica do HAOC! Inscreva-se e tenha a oportunidade de se desenvolver em um dos melhores programas de forma\u00e7\u00e3o da sa\u00fade.\" \/>\n<meta name=\"robots\" content=\"index, follow, max-snippet:-1, max-image-preview:large, max-video-preview:-1\" \/>\n<link rel=\"canonical\" href=\"https:\/\/www.grupomedcof.com.br\/blog\/edital-residencia-medica-haoc\/\" \/>\n<meta property=\"og:locale\" content=\"pt_BR\" \/>\n<meta property=\"og:type\" content=\"article\" \/>\n<meta property=\"og:title\" content=\"Edital HAOC para resid\u00eancia m\u00e9dica 2025\/2026\" \/>\n<meta property=\"og:description\" content=\"Acompanhe o edital da resid\u00eancia m\u00e9dica do HAOC! Inscreva-se e tenha a oportunidade de se desenvolver em um dos melhores programas de forma\u00e7\u00e3o da sa\u00fade.\" \/>\n<meta property=\"og:url\" content=\"https:\/\/www.grupomedcof.com.br\/blog\/edital-residencia-medica-haoc\/\" \/>\n<meta property=\"og:site_name\" content=\"Blog de Medcof: conte\u00fados, editais, revalida e mais!\" \/>\n<meta property=\"article:publisher\" content=\"https:\/\/www.facebook.com\/MedCofQbank\/\" \/>\n<meta property=\"article:published_time\" content=\"2025-10-02T12:51:30+00:00\" \/>\n<meta property=\"article:modified_time\" content=\"2025-10-02T13:12:07+00:00\" \/>\n<meta property=\"og:image\" content=\"https:\/\/www.grupomedcof.com.br\/blog\/wp-content\/uploads\/2023\/09\/Modelo-instituicoes-3.png\" \/>\n\t<meta property=\"og:image:width\" content=\"2560\" \/>\n\t<meta property=\"og:image:height\" content=\"1440\" \/>\n\t<meta property=\"og:image:type\" content=\"image\/png\" \/>\n<meta name=\"author\" content=\"Leila Menzel\" \/>\n<meta name=\"twitter:card\" content=\"summary_large_image\" \/>\n<meta name=\"twitter:label1\" content=\"Escrito por\" \/>\n\t<meta name=\"twitter:data1\" content=\"Leila Menzel\" \/>\n\t<meta name=\"twitter:label2\" content=\"Est. tempo de leitura\" \/>\n\t<meta name=\"twitter:data2\" content=\"4 minutos\" \/>\n<script type=\"application\/ld+json\" class=\"yoast-schema-graph\">{\"@context\":\"https:\\\/\\\/schema.org\",\"@graph\":[{\"@type\":\"Article\",\"@id\":\"https:\\\/\\\/www.grupomedcof.com.br\\\/blog\\\/edital-residencia-medica-haoc\\\/#article\",\"isPartOf\":{\"@id\":\"https:\\\/\\\/www.grupomedcof.com.br\\\/blog\\\/edital-residencia-medica-haoc\\\/\"},\"author\":{\"name\":\"Leila Menzel\",\"@id\":\"https:\\\/\\\/www.grupomedcof.com.br\\\/blog\\\/#\\\/schema\\\/person\\\/9a44c2184a836bf5ae6967fdb3a1451e\"},\"headline\":\"Edital HAOC para resid\u00eancia m\u00e9dica 2025\\\/2026\",\"datePublished\":\"2025-10-02T12:51:30+00:00\",\"dateModified\":\"2025-10-02T13:12:07+00:00\",\"mainEntityOfPage\":{\"@id\":\"https:\\\/\\\/www.grupomedcof.com.br\\\/blog\\\/edital-residencia-medica-haoc\\\/\"},\"wordCount\":655,\"commentCount\":0,\"publisher\":{\"@id\":\"https:\\\/\\\/www.grupomedcof.com.br\\\/blog\\\/#organization\"},\"image\":{\"@id\":\"https:\\\/\\\/www.grupomedcof.com.br\\\/blog\\\/edital-residencia-medica-haoc\\\/#primaryimage\"},\"thumbnailUrl\":\"https:\\\/\\\/www.grupomedcof.com.br\\\/blog\\\/wp-content\\\/uploads\\\/2023\\\/09\\\/Modelo-instituicoes-3.png\",\"keywords\":[\"Especialidades m\u00e9dicas\",\"HAOC\",\"Oswaldo Cruz\",\"Provas de Resid\u00eancia\",\"Resid\u00eancia M\u00e9dica\"],\"articleSection\":[\"Destaques MedCof\",\"Editais\"],\"inLanguage\":\"pt-BR\"},{\"@type\":\"WebPage\",\"@id\":\"https:\\\/\\\/www.grupomedcof.com.br\\\/blog\\\/edital-residencia-medica-haoc\\\/\",\"url\":\"https:\\\/\\\/www.grupomedcof.com.br\\\/blog\\\/edital-residencia-medica-haoc\\\/\",\"name\":\"Hospital Alem\u00e3o Oswaldo Cruz: edital 2026- Residencia M\u00e9dica\",\"isPartOf\":{\"@id\":\"https:\\\/\\\/www.grupomedcof.com.br\\\/blog\\\/#website\"},\"primaryImageOfPage\":{\"@id\":\"https:\\\/\\\/www.grupomedcof.com.br\\\/blog\\\/edital-residencia-medica-haoc\\\/#primaryimage\"},\"image\":{\"@id\":\"https:\\\/\\\/www.grupomedcof.com.br\\\/blog\\\/edital-residencia-medica-haoc\\\/#primaryimage\"},\"thumbnailUrl\":\"https:\\\/\\\/www.grupomedcof.com.br\\\/blog\\\/wp-content\\\/uploads\\\/2023\\\/09\\\/Modelo-instituicoes-3.png\",\"datePublished\":\"2025-10-02T12:51:30+00:00\",\"dateModified\":\"2025-10-02T13:12:07+00:00\",\"description\":\"Acompanhe o edital da resid\u00eancia m\u00e9dica do HAOC! Inscreva-se e tenha a oportunidade de se desenvolver em um dos melhores programas de forma\u00e7\u00e3o da sa\u00fade.\",\"breadcrumb\":{\"@id\":\"https:\\\/\\\/www.grupomedcof.com.br\\\/blog\\\/edital-residencia-medica-haoc\\\/#breadcrumb\"},\"inLanguage\":\"pt-BR\",\"potentialAction\":[{\"@type\":\"ReadAction\",\"target\":[\"https:\\\/\\\/www.grupomedcof.com.br\\\/blog\\\/edital-residencia-medica-haoc\\\/\"]}]},{\"@type\":\"ImageObject\",\"inLanguage\":\"pt-BR\",\"@id\":\"https:\\\/\\\/www.grupomedcof.com.br\\\/blog\\\/edital-residencia-medica-haoc\\\/#primaryimage\",\"url\":\"https:\\\/\\\/www.grupomedcof.com.br\\\/blog\\\/wp-content\\\/uploads\\\/2023\\\/09\\\/Modelo-instituicoes-3.png\",\"contentUrl\":\"https:\\\/\\\/www.grupomedcof.com.br\\\/blog\\\/wp-content\\\/uploads\\\/2023\\\/09\\\/Modelo-instituicoes-3.png\",\"width\":2560,\"height\":1440,\"caption\":\"Resid\u00eancia m\u00e9dica Hospital Alem\u00e3o Oswaldo Cruz\"},{\"@type\":\"BreadcrumbList\",\"@id\":\"https:\\\/\\\/www.grupomedcof.com.br\\\/blog\\\/edital-residencia-medica-haoc\\\/#breadcrumb\",\"itemListElement\":[{\"@type\":\"ListItem\",\"position\":1,\"name\":\"In\u00edcio\",\"item\":\"https:\\\/\\\/www.grupomedcof.com.br\\\/blog\\\/\"},{\"@type\":\"ListItem\",\"position\":2,\"name\":\"Edital HAOC para resid\u00eancia m\u00e9dica 2025\\\/2026\"}]},{\"@type\":\"WebSite\",\"@id\":\"https:\\\/\\\/www.grupomedcof.com.br\\\/blog\\\/#website\",\"url\":\"https:\\\/\\\/www.grupomedcof.com.br\\\/blog\\\/\",\"name\":\"Blog de Medcof: conte\u00fados, editais, revalida e mais!\",\"description\":\"Acesso o blog de MedCof! Seu portal de conte\u00fados sobre resid\u00eancia m\u00e9dica, an\u00e1lise e editais e muito mais. Clique e confira!\",\"publisher\":{\"@id\":\"https:\\\/\\\/www.grupomedcof.com.br\\\/blog\\\/#organization\"},\"alternateName\":\"Blog de Medcof: conte\u00fados, editais, revalida e mais!\",\"potentialAction\":[{\"@type\":\"SearchAction\",\"target\":{\"@type\":\"EntryPoint\",\"urlTemplate\":\"https:\\\/\\\/www.grupomedcof.com.br\\\/blog\\\/?s={search_term_string}\"},\"query-input\":{\"@type\":\"PropertyValueSpecification\",\"valueRequired\":true,\"valueName\":\"search_term_string\"}}],\"inLanguage\":\"pt-BR\"},{\"@type\":\"Organization\",\"@id\":\"https:\\\/\\\/www.grupomedcof.com.br\\\/blog\\\/#organization\",\"name\":\"Grupo MedCof\",\"url\":\"https:\\\/\\\/www.grupomedcof.com.br\\\/blog\\\/\",\"logo\":{\"@type\":\"ImageObject\",\"inLanguage\":\"pt-BR\",\"@id\":\"https:\\\/\\\/www.grupomedcof.com.br\\\/blog\\\/#\\\/schema\\\/logo\\\/image\\\/\",\"url\":\"https:\\\/\\\/www.grupomedcof.com.br\\\/blog\\\/wp-content\\\/uploads\\\/2022\\\/01\\\/logo-medcof.png\",\"contentUrl\":\"https:\\\/\\\/www.grupomedcof.com.br\\\/blog\\\/wp-content\\\/uploads\\\/2022\\\/01\\\/logo-medcof.png\",\"width\":768,\"height\":269,\"caption\":\"Grupo MedCof\"},\"image\":{\"@id\":\"https:\\\/\\\/www.grupomedcof.com.br\\\/blog\\\/#\\\/schema\\\/logo\\\/image\\\/\"},\"sameAs\":[\"https:\\\/\\\/www.facebook.com\\\/MedCofQbank\\\/\",\"https:\\\/\\\/www.instagram.com\\\/grupomedcof\\\/\",\"https:\\\/\\\/br.linkedin.com\\\/company\\\/medcof\",\"https:\\\/\\\/www.youtube.com\\\/channel\\\/UCdHMuOHKICxcHwecxN8P-AA\"]},{\"@type\":\"Person\",\"@id\":\"https:\\\/\\\/www.grupomedcof.com.br\\\/blog\\\/#\\\/schema\\\/person\\\/9a44c2184a836bf5ae6967fdb3a1451e\",\"name\":\"Leila Menzel\",\"image\":{\"@type\":\"ImageObject\",\"inLanguage\":\"pt-BR\",\"@id\":\"https:\\\/\\\/www.grupomedcof.com.br\\\/blog\\\/wp-content\\\/uploads\\\/2025\\\/09\\\/cropped-eu-96x96.jpeg19a74936d997c0a8b3031618467fa1d0\",\"url\":\"https:\\\/\\\/www.grupomedcof.com.br\\\/blog\\\/wp-content\\\/uploads\\\/2025\\\/09\\\/cropped-eu-96x96.jpeg\",\"contentUrl\":\"https:\\\/\\\/www.grupomedcof.com.br\\\/blog\\\/wp-content\\\/uploads\\\/2025\\\/09\\\/cropped-eu-96x96.jpeg\",\"caption\":\"Leila Menzel\"},\"description\":\"Estudante do 6\u00b0 semestre de jornalismo, amo e escrevo poesias e viajo em livros de romances clich\u00eas.\",\"url\":\"https:\\\/\\\/www.grupomedcof.com.br\\\/blog\\\/author\\\/leila-menzel\\\/\"}]}<\/script>\n<!-- \/ Yoast SEO Premium plugin. -->","yoast_head_json":{"title":"Hospital Alem\u00e3o Oswaldo Cruz: edital 2026- Residencia M\u00e9dica","description":"Acompanhe o edital da resid\u00eancia m\u00e9dica do HAOC! Inscreva-se e tenha a oportunidade de se desenvolver em um dos melhores programas de forma\u00e7\u00e3o da sa\u00fade.","robots":{"index":"index","follow":"follow","max-snippet":"max-snippet:-1","max-image-preview":"max-image-preview:large","max-video-preview":"max-video-preview:-1"},"canonical":"https:\/\/www.grupomedcof.com.br\/blog\/edital-residencia-medica-haoc\/","og_locale":"pt_BR","og_type":"article","og_title":"Edital HAOC para resid\u00eancia m\u00e9dica 2025\/2026","og_description":"Acompanhe o edital da resid\u00eancia m\u00e9dica do HAOC! Inscreva-se e tenha a oportunidade de se desenvolver em um dos melhores programas de forma\u00e7\u00e3o da sa\u00fade.","og_url":"https:\/\/www.grupomedcof.com.br\/blog\/edital-residencia-medica-haoc\/","og_site_name":"Blog de Medcof: conte\u00fados, editais, revalida e mais!","article_publisher":"https:\/\/www.facebook.com\/MedCofQbank\/","article_published_time":"2025-10-02T12:51:30+00:00","article_modified_time":"2025-10-02T13:12:07+00:00","og_image":[{"width":2560,"height":1440,"url":"https:\/\/www.grupomedcof.com.br\/blog\/wp-content\/uploads\/2023\/09\/Modelo-instituicoes-3.png","type":"image\/png"}],"author":"Leila Menzel","twitter_card":"summary_large_image","twitter_misc":{"Escrito por":"Leila Menzel","Est. tempo de leitura":"4 minutos"},"schema":{"@context":"https:\/\/schema.org","@graph":[{"@type":"Article","@id":"https:\/\/www.grupomedcof.com.br\/blog\/edital-residencia-medica-haoc\/#article","isPartOf":{"@id":"https:\/\/www.grupomedcof.com.br\/blog\/edital-residencia-medica-haoc\/"},"author":{"name":"Leila Menzel","@id":"https:\/\/www.grupomedcof.com.br\/blog\/#\/schema\/person\/9a44c2184a836bf5ae6967fdb3a1451e"},"headline":"Edital HAOC para resid\u00eancia m\u00e9dica 2025\/2026","datePublished":"2025-10-02T12:51:30+00:00","dateModified":"2025-10-02T13:12:07+00:00","mainEntityOfPage":{"@id":"https:\/\/www.grupomedcof.com.br\/blog\/edital-residencia-medica-haoc\/"},"wordCount":655,"commentCount":0,"publisher":{"@id":"https:\/\/www.grupomedcof.com.br\/blog\/#organization"},"image":{"@id":"https:\/\/www.grupomedcof.com.br\/blog\/edital-residencia-medica-haoc\/#primaryimage"},"thumbnailUrl":"https:\/\/www.grupomedcof.com.br\/blog\/wp-content\/uploads\/2023\/09\/Modelo-instituicoes-3.png","keywords":["Especialidades m\u00e9dicas","HAOC","Oswaldo Cruz","Provas de Resid\u00eancia","Resid\u00eancia M\u00e9dica"],"articleSection":["Destaques MedCof","Editais"],"inLanguage":"pt-BR"},{"@type":"WebPage","@id":"https:\/\/www.grupomedcof.com.br\/blog\/edital-residencia-medica-haoc\/","url":"https:\/\/www.grupomedcof.com.br\/blog\/edital-residencia-medica-haoc\/","name":"Hospital Alem\u00e3o Oswaldo Cruz: edital 2026- Residencia M\u00e9dica","isPartOf":{"@id":"https:\/\/www.grupomedcof.com.br\/blog\/#website"},"primaryImageOfPage":{"@id":"https:\/\/www.grupomedcof.com.br\/blog\/edital-residencia-medica-haoc\/#primaryimage"},"image":{"@id":"https:\/\/www.grupomedcof.com.br\/blog\/edital-residencia-medica-haoc\/#primaryimage"},"thumbnailUrl":"https:\/\/www.grupomedcof.com.br\/blog\/wp-content\/uploads\/2023\/09\/Modelo-instituicoes-3.png","datePublished":"2025-10-02T12:51:30+00:00","dateModified":"2025-10-02T13:12:07+00:00","description":"Acompanhe o edital da resid\u00eancia m\u00e9dica do HAOC! Inscreva-se e tenha a oportunidade de se desenvolver em um dos melhores programas de forma\u00e7\u00e3o da sa\u00fade.","breadcrumb":{"@id":"https:\/\/www.grupomedcof.com.br\/blog\/edital-residencia-medica-haoc\/#breadcrumb"},"inLanguage":"pt-BR","potentialAction":[{"@type":"ReadAction","target":["https:\/\/www.grupomedcof.com.br\/blog\/edital-residencia-medica-haoc\/"]}]},{"@type":"ImageObject","inLanguage":"pt-BR","@id":"https:\/\/www.grupomedcof.com.br\/blog\/edital-residencia-medica-haoc\/#primaryimage","url":"https:\/\/www.grupomedcof.com.br\/blog\/wp-content\/uploads\/2023\/09\/Modelo-instituicoes-3.png","contentUrl":"https:\/\/www.grupomedcof.com.br\/blog\/wp-content\/uploads\/2023\/09\/Modelo-instituicoes-3.png","width":2560,"height":1440,"caption":"Resid\u00eancia m\u00e9dica Hospital Alem\u00e3o Oswaldo Cruz"},{"@type":"BreadcrumbList","@id":"https:\/\/www.grupomedcof.com.br\/blog\/edital-residencia-medica-haoc\/#breadcrumb","itemListElement":[{"@type":"ListItem","position":1,"name":"In\u00edcio","item":"https:\/\/www.grupomedcof.com.br\/blog\/"},{"@type":"ListItem","position":2,"name":"Edital HAOC para resid\u00eancia m\u00e9dica 2025\/2026"}]},{"@type":"WebSite","@id":"https:\/\/www.grupomedcof.com.br\/blog\/#website","url":"https:\/\/www.grupomedcof.com.br\/blog\/","name":"Blog de Medcof: conte\u00fados, editais, revalida e mais!","description":"Acesso o blog de MedCof! Seu portal de conte\u00fados sobre resid\u00eancia m\u00e9dica, an\u00e1lise e editais e muito mais. Clique e confira!","publisher":{"@id":"https:\/\/www.grupomedcof.com.br\/blog\/#organization"},"alternateName":"Blog de Medcof: conte\u00fados, editais, revalida e mais!","potentialAction":[{"@type":"SearchAction","target":{"@type":"EntryPoint","urlTemplate":"https:\/\/www.grupomedcof.com.br\/blog\/?s={search_term_string}"},"query-input":{"@type":"PropertyValueSpecification","valueRequired":true,"valueName":"search_term_string"}}],"inLanguage":"pt-BR"},{"@type":"Organization","@id":"https:\/\/www.grupomedcof.com.br\/blog\/#organization","name":"Grupo MedCof","url":"https:\/\/www.grupomedcof.com.br\/blog\/","logo":{"@type":"ImageObject","inLanguage":"pt-BR","@id":"https:\/\/www.grupomedcof.com.br\/blog\/#\/schema\/logo\/image\/","url":"https:\/\/www.grupomedcof.com.br\/blog\/wp-content\/uploads\/2022\/01\/logo-medcof.png","contentUrl":"https:\/\/www.grupomedcof.com.br\/blog\/wp-content\/uploads\/2022\/01\/logo-medcof.png","width":768,"height":269,"caption":"Grupo MedCof"},"image":{"@id":"https:\/\/www.grupomedcof.com.br\/blog\/#\/schema\/logo\/image\/"},"sameAs":["https:\/\/www.facebook.com\/MedCofQbank\/","https:\/\/www.instagram.com\/grupomedcof\/","https:\/\/br.linkedin.com\/company\/medcof","https:\/\/www.youtube.com\/channel\/UCdHMuOHKICxcHwecxN8P-AA"]},{"@type":"Person","@id":"https:\/\/www.grupomedcof.com.br\/blog\/#\/schema\/person\/9a44c2184a836bf5ae6967fdb3a1451e","name":"Leila Menzel","image":{"@type":"ImageObject","inLanguage":"pt-BR","@id":"https:\/\/www.grupomedcof.com.br\/blog\/wp-content\/uploads\/2025\/09\/cropped-eu-96x96.jpeg19a74936d997c0a8b3031618467fa1d0","url":"https:\/\/www.grupomedcof.com.br\/blog\/wp-content\/uploads\/2025\/09\/cropped-eu-96x96.jpeg","contentUrl":"https:\/\/www.grupomedcof.com.br\/blog\/wp-content\/uploads\/2025\/09\/cropped-eu-96x96.jpeg","caption":"Leila Menzel"},"description":"Estudante do 6\u00b0 semestre de jornalismo, amo e escrevo poesias e viajo em livros de romances clich\u00eas.","url":"https:\/\/www.grupomedcof.com.br\/blog\/author\/leila-menzel\/"}]}},"authors":[{"term_id":3616,"user_id":20,"is_guest":0,"slug":"leila-menzel","display_name":"Leila Menzel","avatar_url":"https:\/\/www.grupomedcof.com.br\/blog\/wp-content\/uploads\/2025\/09\/cropped-eu-96x96.jpeg","0":null,"1":"","2":"","3":"","4":"","5":"","6":"","7":"","8":""}],"_links":{"self":[{"href":"https:\/\/www.grupomedcof.com.br\/blog\/wp-json\/wp\/v2\/posts\/14109","targetHints":{"allow":["GET"]}}],"collection":[{"href":"https:\/\/www.grupomedcof.com.br\/blog\/wp-json\/wp\/v2\/posts"}],"about":[{"href":"https:\/\/www.grupomedcof.com.br\/blog\/wp-json\/wp\/v2\/types\/post"}],"author":[{"embeddable":true,"href":"https:\/\/www.grupomedcof.com.br\/blog\/wp-json\/wp\/v2\/users\/20"}],"replies":[{"embeddable":true,"href":"https:\/\/www.grupomedcof.com.br\/blog\/wp-json\/wp\/v2\/comments?post=14109"}],"version-history":[{"count":2,"href":"https:\/\/www.grupomedcof.com.br\/blog\/wp-json\/wp\/v2\/posts\/14109\/revisions"}],"predecessor-version":[{"id":38304,"href":"https:\/\/www.grupomedcof.com.br\/blog\/wp-json\/wp\/v2\/posts\/14109\/revisions\/38304"}],"wp:featuredmedia":[{"embeddable":true,"href":"https:\/\/www.grupomedcof.com.br\/blog\/wp-json\/wp\/v2\/media\/29781"}],"wp:attachment":[{"href":"https:\/\/www.grupomedcof.com.br\/blog\/wp-json\/wp\/v2\/media?parent=14109"}],"wp:term":[{"taxonomy":"category","embeddable":true,"href":"https:\/\/www.grupomedcof.com.br\/blog\/wp-json\/wp\/v2\/categories?post=14109"},{"taxonomy":"post_tag","embeddable":true,"href":"https:\/\/www.grupomedcof.com.br\/blog\/wp-json\/wp\/v2\/tags?post=14109"},{"taxonomy":"author","embeddable":true,"href":"https:\/\/www.grupomedcof.com.br\/blog\/wp-json\/wp\/v2\/ppma_author?post=14109"}],"curies":[{"name":"wp","href":"https:\/\/api.w.org\/{rel}","templated":true}]}}