{"id":14285,"date":"2023-09-26T17:48:07","date_gmt":"2023-09-26T20:48:07","guid":{"rendered":"https:\/\/www.grupomedcof.com.br\/blog\/?p=14285"},"modified":"2024-05-03T16:54:29","modified_gmt":"2024-05-03T19:54:29","slug":"edital-de-residencia-medica-sms-santos-2023-2024","status":"publish","type":"post","link":"https:\/\/www.grupomedcof.com.br\/blog\/edital-de-residencia-medica-sms-santos-2023-2024\/","title":{"rendered":"Edital de Resid\u00eancia M\u00e9dica SMS-Santos 2023\/2024"},"content":{"rendered":"<div id=\"ez-toc-container\" class=\"ez-toc-v2_0_74 counter-hierarchy ez-toc-counter ez-toc-transparent ez-toc-container-direction\">\n<div class=\"ez-toc-title-container\">\n<p class=\"ez-toc-title\" style=\"cursor:inherit\">Sum\u00e1rio<\/p>\n<span class=\"ez-toc-title-toggle\"><a href=\"#\" class=\"ez-toc-pull-right ez-toc-btn ez-toc-btn-xs ez-toc-btn-default ez-toc-toggle\" aria-label=\"Alternar tabela de conte\u00fado\"><span class=\"ez-toc-js-icon-con\"><span class=\"\"><span class=\"eztoc-hide\" style=\"display:none;\">Toggle<\/span><span class=\"ez-toc-icon-toggle-span\"><svg style=\"fill: #999;color:#999\" xmlns=\"http:\/\/www.w3.org\/2000\/svg\" class=\"list-377408\" width=\"20px\" height=\"20px\" viewBox=\"0 0 24 24\" fill=\"none\"><path d=\"M6 6H4v2h2V6zm14 0H8v2h12V6zM4 11h2v2H4v-2zm16 0H8v2h12v-2zM4 16h2v2H4v-2zm16 0H8v2h12v-2z\" fill=\"currentColor\"><\/path><\/svg><svg style=\"fill: #999;color:#999\" class=\"arrow-unsorted-368013\" xmlns=\"http:\/\/www.w3.org\/2000\/svg\" width=\"10px\" height=\"10px\" viewBox=\"0 0 24 24\" version=\"1.2\" baseProfile=\"tiny\"><path d=\"M18.2 9.3l-6.2-6.3-6.2 6.3c-.2.2-.3.4-.3.7s.1.5.3.7c.2.2.4.3.7.3h11c.3 0 .5-.1.7-.3.2-.2.3-.5.3-.7s-.1-.5-.3-.7zM5.8 14.7l6.2 6.3 6.2-6.3c.2-.2.3-.5.3-.7s-.1-.5-.3-.7c-.2-.2-.4-.3-.7-.3h-11c-.3 0-.5.1-.7.3-.2.2-.3.5-.3.7s.1.5.3.7z\"\/><\/svg><\/span><\/span><\/span><\/a><\/span><\/div>\n<nav><ul class='ez-toc-list ez-toc-list-level-1 ' ><li class='ez-toc-page-1 ez-toc-heading-level-2'><a class=\"ez-toc-link ez-toc-heading-1\" href=\"https:\/\/www.grupomedcof.com.br\/blog\/edital-de-residencia-medica-sms-santos-2023-2024\/#Edital_de_Residencia_Medica_SMS-Santos_20232024\" >Edital de Resid\u00eancia M\u00e9dica SMS-Santos 2023\/2024<\/a><\/li><li class='ez-toc-page-1 ez-toc-heading-level-2'><a class=\"ez-toc-link ez-toc-heading-2\" href=\"https:\/\/www.grupomedcof.com.br\/blog\/edital-de-residencia-medica-sms-santos-2023-2024\/#Inscricao_Edital_Residencia_Medica_SMS-Santos_20232024\" >Inscri\u00e7\u00e3o Edital Resid\u00eancia M\u00e9dica SMS-Santos 2023\/2024<\/a><\/li><li class='ez-toc-page-1 ez-toc-heading-level-2'><a class=\"ez-toc-link ez-toc-heading-3\" href=\"https:\/\/www.grupomedcof.com.br\/blog\/edital-de-residencia-medica-sms-santos-2023-2024\/#Vagas\" >Vagas<\/a><\/li><li class='ez-toc-page-1 ez-toc-heading-level-2'><a class=\"ez-toc-link ez-toc-heading-4\" href=\"https:\/\/www.grupomedcof.com.br\/blog\/edital-de-residencia-medica-sms-santos-2023-2024\/#Processo_seletivo_Residencia_Medica_SMS-Santos_20232024\" >Processo seletivo Resid\u00eancia M\u00e9dica SMS-Santos 2023\/2024<\/a><\/li><li class='ez-toc-page-1 ez-toc-heading-level-2'><a class=\"ez-toc-link ez-toc-heading-5\" href=\"https:\/\/www.grupomedcof.com.br\/blog\/edital-de-residencia-medica-sms-santos-2023-2024\/#Resultado\" >Resultado<\/a><\/li><li class='ez-toc-page-1 ez-toc-heading-level-2'><a class=\"ez-toc-link ez-toc-heading-6\" href=\"https:\/\/www.grupomedcof.com.br\/blog\/edital-de-residencia-medica-sms-santos-2023-2024\/#Cronograma_Residencia_Medica_SMS-Santos_20232024\" >Cronograma Resid\u00eancia M\u00e9dica SMS-Santos 2023\/2024<\/a><\/li><li class='ez-toc-page-1 ez-toc-heading-level-2'><a class=\"ez-toc-link ez-toc-heading-7\" href=\"https:\/\/www.grupomedcof.com.br\/blog\/edital-de-residencia-medica-sms-santos-2023-2024\/#Conquiste_a_aprovacao\" >Conquiste a aprova\u00e7\u00e3o<\/a><\/li><\/ul><\/nav><\/div>\n<img loading=\"lazy\" decoding=\"async\" src=\"https:\/\/www.grupomedcof.com.br\/blog\/wp-content\/uploads\/2023\/09\/Blog-MedCof-2023-09-26T171028.496-1024x576.png\" sizes=\"auto, (max-width: 800px) 100vw, 800px\" srcset=\"https:\/\/www.grupomedcof.com.br\/blog\/wp-content\/uploads\/2023\/09\/Blog-MedCof-2023-09-26T171028.496-1024x576.png 1024w, https:\/\/www.grupomedcof.com.br\/blog\/wp-content\/uploads\/2023\/09\/Blog-MedCof-2023-09-26T171028.496-300x169.png 300w, https:\/\/www.grupomedcof.com.br\/blog\/wp-content\/uploads\/2023\/09\/Blog-MedCof-2023-09-26T171028.496-768x432.png 768w, https:\/\/www.grupomedcof.com.br\/blog\/wp-content\/uploads\/2023\/09\/Blog-MedCof-2023-09-26T171028.496-1536x864.png 1536w, https:\/\/www.grupomedcof.com.br\/blog\/wp-content\/uploads\/2023\/09\/Blog-MedCof-2023-09-26T171028.496-2048x1152.png 2048w\" alt=\"Resid\u00eancia Medica SMS-santos, Residencia M\u00e9dica SMS-santos, Residencia Medica SMS-santos, sms santos, santos sms residencia, sms santos resid\u00eancia, instituto mais prefeitura de santos, instituto mais santos 2023, secretaria municipal de sa\u00fade santos - sp, secretaria municipal de saude santos - sp, secretaria municipal de sa\u00fade santos sp, m\u00e9dicos da secretaria municipal de sa\u00fade santos sp, medicos da secretaria municipal de sa\u00fade santos sp, m\u00e9dicos da secretaria municipal de saude santos sp, m\u00e9dico da secretaria municipal de sa\u00fade santos sp, medico da secretaria municipal de sa\u00fade santos sp, m\u00e9dico da secretaria municipal de saude santos sp, sms santos resid\u00eancia m\u00e9dica, sms santos residencia medica, sms santos resid\u00eancia medica, sms santos residencia m\u00e9dica\" width=\"800\" height=\"450\" \/>\n\nInscri\u00e7\u00f5es para os programas de resid\u00eancia da <strong>SMS de Santos<\/strong> estar\u00e3o abertas do dia 02\/10 a 09\/11\/2023.\n<h2 id=\"h-edital-de-residencia-medica-sms-santos-2023-2024\"><span class=\"ez-toc-section\" id=\"Edital_de_Residencia_Medica_SMS-Santos_20232024\"><\/span><strong>Edital de Resid\u00eancia M\u00e9dica SMS-Santos 2023\/2024<\/strong><span class=\"ez-toc-section-end\"><\/span><\/h2>\n<!-- \/wp:post-content --><!-- wp:paragraph -->\n\n<!-- \/wp:paragraph --><!-- wp:paragraph -->\n\nA Secretaria Municipal de Sa\u00fade (SMS) de Santos divulgou o edital do programa de resid\u00eancia m\u00e9dica de 2023! Ao todo s\u00e3o <strong>05 vagas<\/strong> \u2014 sem pr\u00e9-requisito \u2014 para atuar em <strong>Medicina de Fam\u00edlia e Comunidade<\/strong> no sistema p\u00fablico de sa\u00fade da cidade.\n\n<!-- \/wp:paragraph --><!-- wp:heading -->\n<h2 id=\"h-inscricao-edital-residencia-medica-sms-santos-2023-2024\"><span class=\"ez-toc-section\" id=\"Inscricao_Edital_Residencia_Medica_SMS-Santos_20232024\"><\/span><strong>Inscri\u00e7\u00e3o Edital Resid\u00eancia M\u00e9dica <\/strong><strong>SMS-Santos 2023\/2024<\/strong><span class=\"ez-toc-section-end\"><\/span><\/h2>\n<!-- \/wp:heading --><!-- wp:paragraph -->\n\nAs inscri\u00e7\u00f5es ocorrer\u00e3o entre os dias <strong>02 de outubro e 09 de novembro de 2023<\/strong>, atrav\u00e9s do\u00a0 site do <strong><a href=\"https:\/\/www.institutomais.org.br\/Concursos\/Detalhe\/496\" target=\"_blank\" rel=\"noopener\">Instituto Mais (IMAIS)<\/a>,<\/strong> mediante o pagamento de uma taxa de <strong>R$ 90,00.<\/strong>\n\n<!-- \/wp:paragraph --><!-- wp:paragraph -->\n<h2><span class=\"ez-toc-section\" id=\"Vagas\"><\/span><strong>Vagas<\/strong><span class=\"ez-toc-section-end\"><\/span><\/h2>\n<!-- \/wp:paragraph --><!-- wp:table -->\n<figure>\n<table>\n<tbody>\n<tr>\n<td><strong>Programa<\/strong><\/td>\n<td><strong>Vagas<\/strong><\/td>\n<\/tr>\n<tr>\n<td>Medicina de Fam\u00edlia e Comunidade<\/td>\n<td>5<\/td>\n<\/tr>\n<\/tbody>\n<\/table>\n<\/figure>\n<!-- \/wp:table --><!-- wp:paragraph -->\n\nUma das vagas \u00e9 reservada a pessoas com defici\u00eancia (PCD).\n\n<a href=\"https:\/\/www.grupomedcof.com.br\/links-extensivos-2024\/\" target=\"_blank\" rel=\"noopener\">\n<img loading=\"lazy\" decoding=\"async\" src=\"https:\/\/www.grupomedcof.com.br\/blog\/wp-content\/uploads\/2023\/09\/Captura-de-tela-2023-09-25-085840-1024x163.png\" sizes=\"auto, (max-width: 800px) 100vw, 800px\" srcset=\"https:\/\/www.grupomedcof.com.br\/blog\/wp-content\/uploads\/2023\/09\/Captura-de-tela-2023-09-25-085840-1024x163.png 1024w, https:\/\/www.grupomedcof.com.br\/blog\/wp-content\/uploads\/2023\/09\/Captura-de-tela-2023-09-25-085840-300x48.png 300w, https:\/\/www.grupomedcof.com.br\/blog\/wp-content\/uploads\/2023\/09\/Captura-de-tela-2023-09-25-085840-768x122.png 768w, https:\/\/www.grupomedcof.com.br\/blog\/wp-content\/uploads\/2023\/09\/Captura-de-tela-2023-09-25-085840-1536x244.png 1536w, https:\/\/www.grupomedcof.com.br\/blog\/wp-content\/uploads\/2023\/09\/Captura-de-tela-2023-09-25-085840-2048x325.png 2048w\" alt=\"aulas medcof, grupo medcof, medcof aulas,\" width=\"800\" height=\"127\" \/> <\/a>\n<!-- wp:heading \/--><!-- wp:heading -->\n<h2 id=\"h-processo-seletivo-residencia-medica-sms-santos-2023-2024\"><span class=\"ez-toc-section\" id=\"Processo_seletivo_Residencia_Medica_SMS-Santos_20232024\"><\/span><strong>Processo seletivo Resid\u00eancia M\u00e9dica <\/strong><strong>SMS-Santos 2023\/2024<\/strong><span class=\"ez-toc-section-end\"><\/span><\/h2>\n<!-- \/wp:heading --><!-- wp:paragraph -->\n\nO processo seletivo ser\u00e1 composto por <strong>apenas uma prova objetiva com 40 quest\u00f5es de m\u00faltipla escolha<\/strong>, 20 sobre o SUS e Pol\u00edticas P\u00fablicas de Sa\u00fade e 20 sobre Conhecimentos Espec\u00edficos. Cada quest\u00e3o valer\u00e1 1 ponto, ou seja, a pontua\u00e7\u00e3o m\u00e1xima \u00e9 de 40.\n\n<!-- \/wp:paragraph --><!-- wp:paragraph -->\n\nA realiza\u00e7\u00e3o da prova ser\u00e1 na manh\u00e3 do dia<strong> 03 de dezembro de 2023,<\/strong> em Santos, com limite m\u00e1ximo de tempo de 3h.\n\n<!-- \/wp:paragraph --><!-- wp:heading -->\n<h2 id=\"h-resultado\"><span class=\"ez-toc-section\" id=\"Resultado\"><\/span><strong>Resultado<\/strong><span class=\"ez-toc-section-end\"><\/span><\/h2>\n<!-- \/wp:heading --><!-- wp:paragraph -->\n\nPor \u00faltimo, a publica\u00e7\u00e3o do<strong> resultado final ser\u00e1 no dia 23 de janeiro de 2024<\/strong> no Di\u00e1rio Oficial de Santos, bem como no site do IMAIS.\n\nEm caso de empate, os <strong>crit\u00e9rios de desempate<\/strong> s\u00e3o, respectivamente:\n\n<!-- \/wp:paragraph --><!-- wp:paragraph \/--><!-- wp:list -->\n<ul>\n \t<li style=\"list-style-type: none;\">\n<ul><!-- wp:list-item -->\n \t<li>Tiver idade superior a 60 (sessenta) anos at\u00e9 o \u00faltimo dia das inscri\u00e7\u00f5es;<\/li>\n<\/ul>\n<\/li>\n<\/ul>\n<!-- \/wp:list-item --><!-- wp:list-item -->\n<ul>\n \t<li style=\"list-style-type: none;\">\n<ul>\n \t<li>Obtiver maior n\u00famero de acertos na Prova de Conhecimentos Espec\u00edficos;<\/li>\n<\/ul>\n<\/li>\n<\/ul>\n<!-- \/wp:list-item --><!-- wp:list-item -->\n<ul>\n \t<li style=\"list-style-type: none;\">\n<ul>\n \t<li>Obtiver maior n\u00famero de acertos na Prova de SUS e Pol\u00edticas P\u00fablicas de Sa\u00fade;<\/li>\n<\/ul>\n<\/li>\n<\/ul>\n<!-- \/wp:list-item --><!-- wp:list-item -->\n<ul>\n \t<li style=\"list-style-type: none;\">\n<ul>\n \t<li>Maior idade inferior a 60 (sessenta) anos at\u00e9 o \u00faltimo dia das inscri\u00e7\u00f5es;<\/li>\n<\/ul>\n<\/li>\n<\/ul>\n<!-- \/wp:list-item --><!-- wp:list-item -->\n<ul>\n \t<li style=\"list-style-type: none;\">\n<ul>\n \t<li>Maior n\u00famero de filhos.<\/li>\n<\/ul>\n<\/li>\n<\/ul>\n<!-- \/wp:list-item -->\n\n<!-- \/wp:list --><!-- wp:paragraph -->\n<h2><span class=\"ez-toc-section\" id=\"Cronograma_Residencia_Medica_SMS-Santos_20232024\"><\/span><strong>Cronograma Resid\u00eancia M\u00e9dica <\/strong><strong>SMS-Santos 2023\/2024<\/strong><span class=\"ez-toc-section-end\"><\/span><\/h2>\n<!-- \/wp:paragraph --><!-- wp:list -->\n<ul>\n \t<li style=\"list-style-type: none;\">\n<ul><!-- wp:list-item -->\n \t<li><strong>Inscri\u00e7\u00f5es:<\/strong> 02\/10 a 09\/11\/2023<\/li>\n<\/ul>\n<\/li>\n<\/ul>\n<!-- \/wp:list-item --><!-- wp:list-item -->\n<ul>\n \t<li style=\"list-style-type: none;\">\n<ul>\n \t<li><strong>Isen\u00e7\u00e3o:<\/strong> 02\/10 a 03\/10<\/li>\n<\/ul>\n<\/li>\n<\/ul>\n<!-- \/wp:list-item --><!-- wp:list-item -->\n<ul>\n \t<li style=\"list-style-type: none;\">\n<ul>\n \t<li><strong>Prova:<\/strong> 03\/12\/2023<\/li>\n<\/ul>\n<\/li>\n<\/ul>\n<!-- \/wp:list-item --><!-- wp:list-item -->\n<ul>\n \t<li style=\"list-style-type: none;\">\n<ul>\n \t<li><strong>Gabarito:<\/strong> 05\/12\/2023<\/li>\n<\/ul>\n<\/li>\n<\/ul>\n<!-- \/wp:list-item --><!-- wp:list-item -->\n<ul>\n \t<li style=\"list-style-type: none;\">\n<ul>\n \t<li><strong>Resultado<\/strong>: 23\/01\/2024<\/li>\n<\/ul>\n<\/li>\n<\/ul>\n<!-- \/wp:list-item --><!-- wp:list-item -->\n<ul>\n \t<li style=\"list-style-type: none;\">\n<ul>\n \t<li><strong>In\u00edcio das atividades:<\/strong> 01\/03\/2024<\/li>\n<\/ul>\n<\/li>\n<\/ul>\n<!-- \/wp:list-item -->\n\n<!-- \/wp:list --><!-- wp:paragraph -->\n\nPara ver o cronograma completo e conferir as informa\u00e7\u00f5es, acesse o<strong> <a href=\"https:\/\/www.institutomais.org.br\/ckfinder\/userfiles\/files\/EDITAL%20%e2%80%93%20Programa%20de%20Resid%c3%aancia%20M%c3%a9dica.pdf\" target=\"_blank\" rel=\"noopener\">edital aqui<\/a>!<\/strong>\n\n<!-- \/wp:paragraph --><!-- wp:paragraph \/--><!-- wp:heading \/-->\n<h2 id=\"h-conquiste-a-aprovacao\"><span class=\"ez-toc-section\" id=\"Conquiste_a_aprovacao\"><\/span><strong>Conquiste a aprova\u00e7\u00e3o<\/strong><span class=\"ez-toc-section-end\"><\/span><\/h2>\n<!-- \/wp:paragraph --><!-- wp:paragraph -->\n\nAs provas de resid\u00eancia m\u00e9dica est\u00e3o cada vez mais perto! Se voc\u00ea quer<strong><a href=\"https:\/\/www.grupomedcof.com.br\/blog\/presenca-da-medcof-nas-aprovacoes-em-residencia-medica-no-brasil\/\" target=\"_blank\" rel=\"noreferrer noopener\">\u00a0ser mais\u00a0um aprovado\u00a0<\/a><\/strong>nas vagas das melhores institui\u00e7\u00f5es do pa\u00eds, ent\u00e3o conhe\u00e7a o<strong><a href=\"https:\/\/www.grupomedcof.com.br\/\" target=\"_blank\" rel=\"noreferrer noopener\">\u00a0Grupo\u00a0MedCof<\/a>!\u00a0<\/strong>Temos um cat\u00e1logo repleto de cursos que te guiar\u00e3o na jornada para as provas de Resid\u00eancia M\u00e9dica que ocorrer\u00e3o em 2023\/2024!\n\n<a href=\"https:\/\/www.grupomedcof.com.br\/\" target=\"_blank\" rel=\"noopener\">\n<img loading=\"lazy\" decoding=\"async\" src=\"https:\/\/www.grupomedcof.com.br\/blog\/wp-content\/uploads\/2023\/08\/Captura-de-tela-2023-08-16-103405-e1692192957450-1024x484.png\" sizes=\"auto, (max-width: 800px) 100vw, 800px\" srcset=\"https:\/\/www.grupomedcof.com.br\/blog\/wp-content\/uploads\/2023\/08\/Captura-de-tela-2023-08-16-103405-e1692192957450-1024x484.png 1024w, https:\/\/www.grupomedcof.com.br\/blog\/wp-content\/uploads\/2023\/08\/Captura-de-tela-2023-08-16-103405-e1692192957450-300x142.png 300w, https:\/\/www.grupomedcof.com.br\/blog\/wp-content\/uploads\/2023\/08\/Captura-de-tela-2023-08-16-103405-e1692192957450-768x363.png 768w, https:\/\/www.grupomedcof.com.br\/blog\/wp-content\/uploads\/2023\/08\/Captura-de-tela-2023-08-16-103405-e1692192957450.png 1145w\" alt=\"medcof residencia medica, curso Intensivo para Resid\u00eancia M\u00e9dica, curso para resid\u00eancia m\u00e9dica, medcof hiit, aulas medcof,\" width=\"800\" height=\"378\" \/> <\/a>","protected":false},"excerpt":{"rendered":"<p>A Secretaria Municipal de Sa\u00fade de Santos divulgou o edital do programa de resid\u00eancia m\u00e9dica de 2023. S\u00e3o 05 vagas para atuar em Medicina de Fam\u00edlia e Comunidade.<\/p>\n","protected":false},"author":10,"featured_media":14291,"comment_status":"open","ping_status":"open","sticky":false,"template":"","format":"standard","meta":{"footnotes":""},"categories":[10],"tags":[92],"ppma_author":[3613],"class_list":{"0":"post-14285","1":"post","2":"type-post","3":"status-publish","4":"format-standard","5":"has-post-thumbnail","7":"category-raio-x-editais","8":"tag-raio-x-editais-2023"},"yoast_head":"<!-- This site is optimized with the Yoast SEO Premium plugin v24.3 (Yoast SEO v27.4) - https:\/\/yoast.com\/product\/yoast-seo-premium-wordpress\/ -->\n<title>Edital de Resid\u00eancia M\u00e9dica SMS-Santos 2023\/2024 - Blog de Medcof: conte\u00fados, editais, revalida e mais!<\/title>\n<meta name=\"description\" content=\"Secretaria Municipal de Sa\u00fade (SMS) de Santos divulgou o edital do programa de resid\u00eancia m\u00e9dica de 2023\/2024!\" \/>\n<meta name=\"robots\" content=\"index, follow, max-snippet:-1, max-image-preview:large, max-video-preview:-1\" \/>\n<link rel=\"canonical\" href=\"https:\/\/www.grupomedcof.com.br\/blog\/edital-de-residencia-medica-sms-santos-2023-2024\/\" \/>\n<meta property=\"og:locale\" content=\"pt_BR\" \/>\n<meta property=\"og:type\" content=\"article\" \/>\n<meta property=\"og:title\" content=\"Edital de Resid\u00eancia M\u00e9dica SMS-Santos 2023\/2024\" \/>\n<meta property=\"og:description\" content=\"Secretaria Municipal de Sa\u00fade (SMS) de Santos divulgou o edital do programa de resid\u00eancia m\u00e9dica de 2023\/2024!\" \/>\n<meta property=\"og:url\" content=\"https:\/\/www.grupomedcof.com.br\/blog\/edital-de-residencia-medica-sms-santos-2023-2024\/\" \/>\n<meta property=\"og:site_name\" content=\"Blog de Medcof: conte\u00fados, editais, revalida e mais!\" \/>\n<meta property=\"article:publisher\" content=\"https:\/\/www.facebook.com\/MedCofQbank\/\" \/>\n<meta property=\"article:published_time\" content=\"2023-09-26T20:48:07+00:00\" \/>\n<meta property=\"article:modified_time\" content=\"2024-05-03T19:54:29+00:00\" \/>\n<meta property=\"og:image\" content=\"https:\/\/www.grupomedcof.com.br\/blog\/wp-content\/uploads\/2023\/09\/Blog-MedCof-2023-09-26T171028.496-1024x576.png\" \/>\n\t<meta property=\"og:image:width\" content=\"1024\" \/>\n\t<meta property=\"og:image:height\" content=\"576\" \/>\n\t<meta property=\"og:image:type\" content=\"image\/png\" \/>\n<meta name=\"author\" content=\"Grupo MedCof\" \/>\n<meta name=\"twitter:card\" content=\"summary_large_image\" \/>\n<meta name=\"twitter:label1\" content=\"Escrito por\" \/>\n\t<meta name=\"twitter:data1\" content=\"Grupo MedCof\" \/>\n\t<meta name=\"twitter:label2\" content=\"Est. tempo de leitura\" \/>\n\t<meta name=\"twitter:data2\" content=\"3 minutos\" \/>\n<script type=\"application\/ld+json\" class=\"yoast-schema-graph\">{\"@context\":\"https:\\\/\\\/schema.org\",\"@graph\":[{\"@type\":\"Article\",\"@id\":\"https:\\\/\\\/www.grupomedcof.com.br\\\/blog\\\/edital-de-residencia-medica-sms-santos-2023-2024\\\/#article\",\"isPartOf\":{\"@id\":\"https:\\\/\\\/www.grupomedcof.com.br\\\/blog\\\/edital-de-residencia-medica-sms-santos-2023-2024\\\/\"},\"author\":{\"name\":\"Grupo MedCof\",\"@id\":\"https:\\\/\\\/www.grupomedcof.com.br\\\/blog\\\/#\\\/schema\\\/person\\\/5e56a3921255c01181f3d8c20d53f9c0\"},\"headline\":\"Edital de Resid\u00eancia M\u00e9dica SMS-Santos 2023\\\/2024\",\"datePublished\":\"2023-09-26T20:48:07+00:00\",\"dateModified\":\"2024-05-03T19:54:29+00:00\",\"mainEntityOfPage\":{\"@id\":\"https:\\\/\\\/www.grupomedcof.com.br\\\/blog\\\/edital-de-residencia-medica-sms-santos-2023-2024\\\/\"},\"wordCount\":409,\"commentCount\":0,\"publisher\":{\"@id\":\"https:\\\/\\\/www.grupomedcof.com.br\\\/blog\\\/#organization\"},\"image\":{\"@id\":\"https:\\\/\\\/www.grupomedcof.com.br\\\/blog\\\/edital-de-residencia-medica-sms-santos-2023-2024\\\/#primaryimage\"},\"thumbnailUrl\":\"https:\\\/\\\/www.grupomedcof.com.br\\\/blog\\\/wp-content\\\/uploads\\\/2023\\\/09\\\/Blog-MedCof-2023-09-26T171028.496.png\",\"keywords\":[\"Raio-X Editais 2023\"],\"articleSection\":[\"Raio-X Editais\"],\"inLanguage\":\"pt-BR\"},{\"@type\":\"WebPage\",\"@id\":\"https:\\\/\\\/www.grupomedcof.com.br\\\/blog\\\/edital-de-residencia-medica-sms-santos-2023-2024\\\/\",\"url\":\"https:\\\/\\\/www.grupomedcof.com.br\\\/blog\\\/edital-de-residencia-medica-sms-santos-2023-2024\\\/\",\"name\":\"Edital de Resid\u00eancia M\u00e9dica SMS-Santos 2023\\\/2024 - Blog de Medcof: conte\u00fados, editais, revalida e mais!\",\"isPartOf\":{\"@id\":\"https:\\\/\\\/www.grupomedcof.com.br\\\/blog\\\/#website\"},\"primaryImageOfPage\":{\"@id\":\"https:\\\/\\\/www.grupomedcof.com.br\\\/blog\\\/edital-de-residencia-medica-sms-santos-2023-2024\\\/#primaryimage\"},\"image\":{\"@id\":\"https:\\\/\\\/www.grupomedcof.com.br\\\/blog\\\/edital-de-residencia-medica-sms-santos-2023-2024\\\/#primaryimage\"},\"thumbnailUrl\":\"https:\\\/\\\/www.grupomedcof.com.br\\\/blog\\\/wp-content\\\/uploads\\\/2023\\\/09\\\/Blog-MedCof-2023-09-26T171028.496.png\",\"datePublished\":\"2023-09-26T20:48:07+00:00\",\"dateModified\":\"2024-05-03T19:54:29+00:00\",\"description\":\"Secretaria Municipal de Sa\u00fade (SMS) de Santos divulgou o edital do programa de resid\u00eancia m\u00e9dica de 2023\\\/2024!\",\"breadcrumb\":{\"@id\":\"https:\\\/\\\/www.grupomedcof.com.br\\\/blog\\\/edital-de-residencia-medica-sms-santos-2023-2024\\\/#breadcrumb\"},\"inLanguage\":\"pt-BR\",\"potentialAction\":[{\"@type\":\"ReadAction\",\"target\":[\"https:\\\/\\\/www.grupomedcof.com.br\\\/blog\\\/edital-de-residencia-medica-sms-santos-2023-2024\\\/\"]}]},{\"@type\":\"ImageObject\",\"inLanguage\":\"pt-BR\",\"@id\":\"https:\\\/\\\/www.grupomedcof.com.br\\\/blog\\\/edital-de-residencia-medica-sms-santos-2023-2024\\\/#primaryimage\",\"url\":\"https:\\\/\\\/www.grupomedcof.com.br\\\/blog\\\/wp-content\\\/uploads\\\/2023\\\/09\\\/Blog-MedCof-2023-09-26T171028.496.png\",\"contentUrl\":\"https:\\\/\\\/www.grupomedcof.com.br\\\/blog\\\/wp-content\\\/uploads\\\/2023\\\/09\\\/Blog-MedCof-2023-09-26T171028.496.png\",\"width\":2560,\"height\":1440,\"caption\":\"Resid\u00eancia Medica SMS-santos, Residencia M\u00e9dica SMS-santos, Residencia Medica SMS-santos, sms santos, santos sms residencia, sms santos resid\u00eancia, instituto mais prefeitura de santos, instituto mais santos 2023, secretaria municipal de sa\u00fade santos - sp, secretaria municipal de saude santos - sp, secretaria municipal de sa\u00fade santos sp, m\u00e9dicos da secretaria municipal de sa\u00fade santos sp, medicos da secretaria municipal de sa\u00fade santos sp, m\u00e9dicos da secretaria municipal de saude santos sp, m\u00e9dico da secretaria municipal de sa\u00fade santos sp, medico da secretaria municipal de sa\u00fade santos sp, m\u00e9dico da secretaria municipal de saude santos sp, sms santos resid\u00eancia m\u00e9dica, sms santos residencia medica, sms santos resid\u00eancia medica, sms santos residencia m\u00e9dica\"},{\"@type\":\"BreadcrumbList\",\"@id\":\"https:\\\/\\\/www.grupomedcof.com.br\\\/blog\\\/edital-de-residencia-medica-sms-santos-2023-2024\\\/#breadcrumb\",\"itemListElement\":[{\"@type\":\"ListItem\",\"position\":1,\"name\":\"In\u00edcio\",\"item\":\"https:\\\/\\\/www.grupomedcof.com.br\\\/blog\\\/\"},{\"@type\":\"ListItem\",\"position\":2,\"name\":\"Edital de Resid\u00eancia M\u00e9dica SMS-Santos 2023\\\/2024\"}]},{\"@type\":\"WebSite\",\"@id\":\"https:\\\/\\\/www.grupomedcof.com.br\\\/blog\\\/#website\",\"url\":\"https:\\\/\\\/www.grupomedcof.com.br\\\/blog\\\/\",\"name\":\"Blog de Medcof: conte\u00fados, editais, revalida e mais!\",\"description\":\"Acesso o blog de MedCof! Seu portal de conte\u00fados sobre resid\u00eancia m\u00e9dica, an\u00e1lise e editais e muito mais. Clique e confira!\",\"publisher\":{\"@id\":\"https:\\\/\\\/www.grupomedcof.com.br\\\/blog\\\/#organization\"},\"alternateName\":\"Blog de Medcof: conte\u00fados, editais, revalida e mais!\",\"potentialAction\":[{\"@type\":\"SearchAction\",\"target\":{\"@type\":\"EntryPoint\",\"urlTemplate\":\"https:\\\/\\\/www.grupomedcof.com.br\\\/blog\\\/?s={search_term_string}\"},\"query-input\":{\"@type\":\"PropertyValueSpecification\",\"valueRequired\":true,\"valueName\":\"search_term_string\"}}],\"inLanguage\":\"pt-BR\"},{\"@type\":\"Organization\",\"@id\":\"https:\\\/\\\/www.grupomedcof.com.br\\\/blog\\\/#organization\",\"name\":\"Grupo MedCof\",\"url\":\"https:\\\/\\\/www.grupomedcof.com.br\\\/blog\\\/\",\"logo\":{\"@type\":\"ImageObject\",\"inLanguage\":\"pt-BR\",\"@id\":\"https:\\\/\\\/www.grupomedcof.com.br\\\/blog\\\/#\\\/schema\\\/logo\\\/image\\\/\",\"url\":\"https:\\\/\\\/www.grupomedcof.com.br\\\/blog\\\/wp-content\\\/uploads\\\/2022\\\/01\\\/logo-medcof.png\",\"contentUrl\":\"https:\\\/\\\/www.grupomedcof.com.br\\\/blog\\\/wp-content\\\/uploads\\\/2022\\\/01\\\/logo-medcof.png\",\"width\":768,\"height\":269,\"caption\":\"Grupo MedCof\"},\"image\":{\"@id\":\"https:\\\/\\\/www.grupomedcof.com.br\\\/blog\\\/#\\\/schema\\\/logo\\\/image\\\/\"},\"sameAs\":[\"https:\\\/\\\/www.facebook.com\\\/MedCofQbank\\\/\",\"https:\\\/\\\/www.instagram.com\\\/grupomedcof\\\/\",\"https:\\\/\\\/br.linkedin.com\\\/company\\\/medcof\",\"https:\\\/\\\/www.youtube.com\\\/channel\\\/UCdHMuOHKICxcHwecxN8P-AA\"]},{\"@type\":\"Person\",\"@id\":\"https:\\\/\\\/www.grupomedcof.com.br\\\/blog\\\/#\\\/schema\\\/person\\\/5e56a3921255c01181f3d8c20d53f9c0\",\"name\":\"Grupo MedCof\",\"image\":{\"@type\":\"ImageObject\",\"inLanguage\":\"pt-BR\",\"@id\":\"https:\\\/\\\/www.grupomedcof.com.br\\\/blog\\\/wp-content\\\/uploads\\\/2023\\\/04\\\/cropped-cropped-cropped-cropped-logo-96x96.png28585d174f19c23095510da5f63bc127\",\"url\":\"https:\\\/\\\/www.grupomedcof.com.br\\\/blog\\\/wp-content\\\/uploads\\\/2023\\\/04\\\/cropped-cropped-cropped-cropped-logo-96x96.png\",\"contentUrl\":\"https:\\\/\\\/www.grupomedcof.com.br\\\/blog\\\/wp-content\\\/uploads\\\/2023\\\/04\\\/cropped-cropped-cropped-cropped-logo-96x96.png\",\"caption\":\"Grupo MedCof\"},\"description\":\"Tendo aulas baseadas em quest\u00f5es, + de 115 subespecialistas dispon\u00edveis e uma metodologia \u00fanica, voc\u00ea pode se juntar ao nosso time que conta com mais de 10 mil ...\",\"url\":\"https:\\\/\\\/www.grupomedcof.com.br\\\/blog\\\/author\\\/grupo-medcof\\\/\"}]}<\/script>\n<!-- \/ Yoast SEO Premium plugin. -->","yoast_head_json":{"title":"Edital de Resid\u00eancia M\u00e9dica SMS-Santos 2023\/2024 - Blog de Medcof: conte\u00fados, editais, revalida e mais!","description":"Secretaria Municipal de Sa\u00fade (SMS) de Santos divulgou o edital do programa de resid\u00eancia m\u00e9dica de 2023\/2024!","robots":{"index":"index","follow":"follow","max-snippet":"max-snippet:-1","max-image-preview":"max-image-preview:large","max-video-preview":"max-video-preview:-1"},"canonical":"https:\/\/www.grupomedcof.com.br\/blog\/edital-de-residencia-medica-sms-santos-2023-2024\/","og_locale":"pt_BR","og_type":"article","og_title":"Edital de Resid\u00eancia M\u00e9dica SMS-Santos 2023\/2024","og_description":"Secretaria Municipal de Sa\u00fade (SMS) de Santos divulgou o edital do programa de resid\u00eancia m\u00e9dica de 2023\/2024!","og_url":"https:\/\/www.grupomedcof.com.br\/blog\/edital-de-residencia-medica-sms-santos-2023-2024\/","og_site_name":"Blog de Medcof: conte\u00fados, editais, revalida e mais!","article_publisher":"https:\/\/www.facebook.com\/MedCofQbank\/","article_published_time":"2023-09-26T20:48:07+00:00","article_modified_time":"2024-05-03T19:54:29+00:00","og_image":[{"width":1024,"height":576,"url":"https:\/\/www.grupomedcof.com.br\/blog\/wp-content\/uploads\/2023\/09\/Blog-MedCof-2023-09-26T171028.496-1024x576.png","type":"image\/png"}],"author":"Grupo MedCof","twitter_card":"summary_large_image","twitter_misc":{"Escrito por":"Grupo MedCof","Est. tempo de leitura":"3 minutos"},"schema":{"@context":"https:\/\/schema.org","@graph":[{"@type":"Article","@id":"https:\/\/www.grupomedcof.com.br\/blog\/edital-de-residencia-medica-sms-santos-2023-2024\/#article","isPartOf":{"@id":"https:\/\/www.grupomedcof.com.br\/blog\/edital-de-residencia-medica-sms-santos-2023-2024\/"},"author":{"name":"Grupo MedCof","@id":"https:\/\/www.grupomedcof.com.br\/blog\/#\/schema\/person\/5e56a3921255c01181f3d8c20d53f9c0"},"headline":"Edital de Resid\u00eancia M\u00e9dica SMS-Santos 2023\/2024","datePublished":"2023-09-26T20:48:07+00:00","dateModified":"2024-05-03T19:54:29+00:00","mainEntityOfPage":{"@id":"https:\/\/www.grupomedcof.com.br\/blog\/edital-de-residencia-medica-sms-santos-2023-2024\/"},"wordCount":409,"commentCount":0,"publisher":{"@id":"https:\/\/www.grupomedcof.com.br\/blog\/#organization"},"image":{"@id":"https:\/\/www.grupomedcof.com.br\/blog\/edital-de-residencia-medica-sms-santos-2023-2024\/#primaryimage"},"thumbnailUrl":"https:\/\/www.grupomedcof.com.br\/blog\/wp-content\/uploads\/2023\/09\/Blog-MedCof-2023-09-26T171028.496.png","keywords":["Raio-X Editais 2023"],"articleSection":["Raio-X Editais"],"inLanguage":"pt-BR"},{"@type":"WebPage","@id":"https:\/\/www.grupomedcof.com.br\/blog\/edital-de-residencia-medica-sms-santos-2023-2024\/","url":"https:\/\/www.grupomedcof.com.br\/blog\/edital-de-residencia-medica-sms-santos-2023-2024\/","name":"Edital de Resid\u00eancia M\u00e9dica SMS-Santos 2023\/2024 - Blog de Medcof: conte\u00fados, editais, revalida e mais!","isPartOf":{"@id":"https:\/\/www.grupomedcof.com.br\/blog\/#website"},"primaryImageOfPage":{"@id":"https:\/\/www.grupomedcof.com.br\/blog\/edital-de-residencia-medica-sms-santos-2023-2024\/#primaryimage"},"image":{"@id":"https:\/\/www.grupomedcof.com.br\/blog\/edital-de-residencia-medica-sms-santos-2023-2024\/#primaryimage"},"thumbnailUrl":"https:\/\/www.grupomedcof.com.br\/blog\/wp-content\/uploads\/2023\/09\/Blog-MedCof-2023-09-26T171028.496.png","datePublished":"2023-09-26T20:48:07+00:00","dateModified":"2024-05-03T19:54:29+00:00","description":"Secretaria Municipal de Sa\u00fade (SMS) de Santos divulgou o edital do programa de resid\u00eancia m\u00e9dica de 2023\/2024!","breadcrumb":{"@id":"https:\/\/www.grupomedcof.com.br\/blog\/edital-de-residencia-medica-sms-santos-2023-2024\/#breadcrumb"},"inLanguage":"pt-BR","potentialAction":[{"@type":"ReadAction","target":["https:\/\/www.grupomedcof.com.br\/blog\/edital-de-residencia-medica-sms-santos-2023-2024\/"]}]},{"@type":"ImageObject","inLanguage":"pt-BR","@id":"https:\/\/www.grupomedcof.com.br\/blog\/edital-de-residencia-medica-sms-santos-2023-2024\/#primaryimage","url":"https:\/\/www.grupomedcof.com.br\/blog\/wp-content\/uploads\/2023\/09\/Blog-MedCof-2023-09-26T171028.496.png","contentUrl":"https:\/\/www.grupomedcof.com.br\/blog\/wp-content\/uploads\/2023\/09\/Blog-MedCof-2023-09-26T171028.496.png","width":2560,"height":1440,"caption":"Resid\u00eancia Medica SMS-santos, Residencia M\u00e9dica SMS-santos, Residencia Medica SMS-santos, sms santos, santos sms residencia, sms santos resid\u00eancia, instituto mais prefeitura de santos, instituto mais santos 2023, secretaria municipal de sa\u00fade santos - sp, secretaria municipal de saude santos - sp, secretaria municipal de sa\u00fade santos sp, m\u00e9dicos da secretaria municipal de sa\u00fade santos sp, medicos da secretaria municipal de sa\u00fade santos sp, m\u00e9dicos da secretaria municipal de saude santos sp, m\u00e9dico da secretaria municipal de sa\u00fade santos sp, medico da secretaria municipal de sa\u00fade santos sp, m\u00e9dico da secretaria municipal de saude santos sp, sms santos resid\u00eancia m\u00e9dica, sms santos residencia medica, sms santos resid\u00eancia medica, sms santos residencia m\u00e9dica"},{"@type":"BreadcrumbList","@id":"https:\/\/www.grupomedcof.com.br\/blog\/edital-de-residencia-medica-sms-santos-2023-2024\/#breadcrumb","itemListElement":[{"@type":"ListItem","position":1,"name":"In\u00edcio","item":"https:\/\/www.grupomedcof.com.br\/blog\/"},{"@type":"ListItem","position":2,"name":"Edital de Resid\u00eancia M\u00e9dica SMS-Santos 2023\/2024"}]},{"@type":"WebSite","@id":"https:\/\/www.grupomedcof.com.br\/blog\/#website","url":"https:\/\/www.grupomedcof.com.br\/blog\/","name":"Blog de Medcof: conte\u00fados, editais, revalida e mais!","description":"Acesso o blog de MedCof! Seu portal de conte\u00fados sobre resid\u00eancia m\u00e9dica, an\u00e1lise e editais e muito mais. Clique e confira!","publisher":{"@id":"https:\/\/www.grupomedcof.com.br\/blog\/#organization"},"alternateName":"Blog de Medcof: conte\u00fados, editais, revalida e mais!","potentialAction":[{"@type":"SearchAction","target":{"@type":"EntryPoint","urlTemplate":"https:\/\/www.grupomedcof.com.br\/blog\/?s={search_term_string}"},"query-input":{"@type":"PropertyValueSpecification","valueRequired":true,"valueName":"search_term_string"}}],"inLanguage":"pt-BR"},{"@type":"Organization","@id":"https:\/\/www.grupomedcof.com.br\/blog\/#organization","name":"Grupo MedCof","url":"https:\/\/www.grupomedcof.com.br\/blog\/","logo":{"@type":"ImageObject","inLanguage":"pt-BR","@id":"https:\/\/www.grupomedcof.com.br\/blog\/#\/schema\/logo\/image\/","url":"https:\/\/www.grupomedcof.com.br\/blog\/wp-content\/uploads\/2022\/01\/logo-medcof.png","contentUrl":"https:\/\/www.grupomedcof.com.br\/blog\/wp-content\/uploads\/2022\/01\/logo-medcof.png","width":768,"height":269,"caption":"Grupo MedCof"},"image":{"@id":"https:\/\/www.grupomedcof.com.br\/blog\/#\/schema\/logo\/image\/"},"sameAs":["https:\/\/www.facebook.com\/MedCofQbank\/","https:\/\/www.instagram.com\/grupomedcof\/","https:\/\/br.linkedin.com\/company\/medcof","https:\/\/www.youtube.com\/channel\/UCdHMuOHKICxcHwecxN8P-AA"]},{"@type":"Person","@id":"https:\/\/www.grupomedcof.com.br\/blog\/#\/schema\/person\/5e56a3921255c01181f3d8c20d53f9c0","name":"Grupo MedCof","image":{"@type":"ImageObject","inLanguage":"pt-BR","@id":"https:\/\/www.grupomedcof.com.br\/blog\/wp-content\/uploads\/2023\/04\/cropped-cropped-cropped-cropped-logo-96x96.png28585d174f19c23095510da5f63bc127","url":"https:\/\/www.grupomedcof.com.br\/blog\/wp-content\/uploads\/2023\/04\/cropped-cropped-cropped-cropped-logo-96x96.png","contentUrl":"https:\/\/www.grupomedcof.com.br\/blog\/wp-content\/uploads\/2023\/04\/cropped-cropped-cropped-cropped-logo-96x96.png","caption":"Grupo MedCof"},"description":"Tendo aulas baseadas em quest\u00f5es, + de 115 subespecialistas dispon\u00edveis e uma metodologia \u00fanica, voc\u00ea pode se juntar ao nosso time que conta com mais de 10 mil ...","url":"https:\/\/www.grupomedcof.com.br\/blog\/author\/grupo-medcof\/"}]}},"authors":[{"term_id":3613,"user_id":10,"is_guest":0,"slug":"grupo-medcof","display_name":"Grupo MedCof","avatar_url":"https:\/\/www.grupomedcof.com.br\/blog\/wp-content\/uploads\/2023\/04\/cropped-cropped-cropped-cropped-logo-96x96.png","0":null,"1":"","2":"","3":"","4":"","5":"","6":"","7":"","8":""}],"_links":{"self":[{"href":"https:\/\/www.grupomedcof.com.br\/blog\/wp-json\/wp\/v2\/posts\/14285","targetHints":{"allow":["GET"]}}],"collection":[{"href":"https:\/\/www.grupomedcof.com.br\/blog\/wp-json\/wp\/v2\/posts"}],"about":[{"href":"https:\/\/www.grupomedcof.com.br\/blog\/wp-json\/wp\/v2\/types\/post"}],"author":[{"embeddable":true,"href":"https:\/\/www.grupomedcof.com.br\/blog\/wp-json\/wp\/v2\/users\/10"}],"replies":[{"embeddable":true,"href":"https:\/\/www.grupomedcof.com.br\/blog\/wp-json\/wp\/v2\/comments?post=14285"}],"version-history":[{"count":0,"href":"https:\/\/www.grupomedcof.com.br\/blog\/wp-json\/wp\/v2\/posts\/14285\/revisions"}],"wp:featuredmedia":[{"embeddable":true,"href":"https:\/\/www.grupomedcof.com.br\/blog\/wp-json\/wp\/v2\/media\/14291"}],"wp:attachment":[{"href":"https:\/\/www.grupomedcof.com.br\/blog\/wp-json\/wp\/v2\/media?parent=14285"}],"wp:term":[{"taxonomy":"category","embeddable":true,"href":"https:\/\/www.grupomedcof.com.br\/blog\/wp-json\/wp\/v2\/categories?post=14285"},{"taxonomy":"post_tag","embeddable":true,"href":"https:\/\/www.grupomedcof.com.br\/blog\/wp-json\/wp\/v2\/tags?post=14285"},{"taxonomy":"author","embeddable":true,"href":"https:\/\/www.grupomedcof.com.br\/blog\/wp-json\/wp\/v2\/ppma_author?post=14285"}],"curies":[{"name":"wp","href":"https:\/\/api.w.org\/{rel}","templated":true}]}}