{"id":14335,"date":"2023-09-27T13:48:34","date_gmt":"2023-09-27T16:48:34","guid":{"rendered":"https:\/\/www.grupomedcof.com.br\/blog\/?p=14335"},"modified":"2024-05-03T16:51:49","modified_gmt":"2024-05-03T19:51:49","slug":"cancer-de-pele-rastreio-dos-canceres-mais-prevalentes","status":"publish","type":"post","link":"https:\/\/www.grupomedcof.com.br\/blog\/cancer-de-pele-rastreio-dos-canceres-mais-prevalentes\/","title":{"rendered":"C\u00e2ncer de pele: rastreio dos c\u00e2nceres mais prevalentes"},"content":{"rendered":"<div id=\"ez-toc-container\" class=\"ez-toc-v2_0_74 counter-hierarchy ez-toc-counter ez-toc-transparent ez-toc-container-direction\">\n<div class=\"ez-toc-title-container\">\n<p class=\"ez-toc-title\" style=\"cursor:inherit\">Sum\u00e1rio<\/p>\n<span class=\"ez-toc-title-toggle\"><a href=\"#\" class=\"ez-toc-pull-right ez-toc-btn ez-toc-btn-xs ez-toc-btn-default ez-toc-toggle\" aria-label=\"Alternar tabela de conte\u00fado\"><span class=\"ez-toc-js-icon-con\"><span class=\"\"><span class=\"eztoc-hide\" style=\"display:none;\">Toggle<\/span><span class=\"ez-toc-icon-toggle-span\"><svg style=\"fill: #999;color:#999\" xmlns=\"http:\/\/www.w3.org\/2000\/svg\" class=\"list-377408\" width=\"20px\" height=\"20px\" viewBox=\"0 0 24 24\" fill=\"none\"><path d=\"M6 6H4v2h2V6zm14 0H8v2h12V6zM4 11h2v2H4v-2zm16 0H8v2h12v-2zM4 16h2v2H4v-2zm16 0H8v2h12v-2z\" fill=\"currentColor\"><\/path><\/svg><svg style=\"fill: #999;color:#999\" class=\"arrow-unsorted-368013\" xmlns=\"http:\/\/www.w3.org\/2000\/svg\" width=\"10px\" height=\"10px\" viewBox=\"0 0 24 24\" version=\"1.2\" baseProfile=\"tiny\"><path d=\"M18.2 9.3l-6.2-6.3-6.2 6.3c-.2.2-.3.4-.3.7s.1.5.3.7c.2.2.4.3.7.3h11c.3 0 .5-.1.7-.3.2-.2.3-.5.3-.7s-.1-.5-.3-.7zM5.8 14.7l6.2 6.3 6.2-6.3c.2-.2.3-.5.3-.7s-.1-.5-.3-.7c-.2-.2-.4-.3-.7-.3h-11c-.3 0-.5.1-.7.3-.2.2-.3.5-.3.7s.1.5.3.7z\"\/><\/svg><\/span><\/span><\/span><\/a><\/span><\/div>\n<nav><ul class='ez-toc-list ez-toc-list-level-1 ' ><li class='ez-toc-page-1 ez-toc-heading-level-2'><a class=\"ez-toc-link ez-toc-heading-1\" href=\"https:\/\/www.grupomedcof.com.br\/blog\/cancer-de-pele-rastreio-dos-canceres-mais-prevalentes\/#O_que_e_cancer_de_pele\" >O que \u00e9 c\u00e2ncer de pele?<\/a><\/li><li class='ez-toc-page-1 ez-toc-heading-level-2'><a class=\"ez-toc-link ez-toc-heading-2\" href=\"https:\/\/www.grupomedcof.com.br\/blog\/cancer-de-pele-rastreio-dos-canceres-mais-prevalentes\/#Prevencao_do_cancer_de_pele\" >Preven\u00e7\u00e3o do c\u00e2ncer de pele<\/a><\/li><li class='ez-toc-page-1 ez-toc-heading-level-2'><a class=\"ez-toc-link ez-toc-heading-3\" href=\"https:\/\/www.grupomedcof.com.br\/blog\/cancer-de-pele-rastreio-dos-canceres-mais-prevalentes\/#Diagnostico_precoce_e_rastreamento\" >Diagn\u00f3stico precoce e rastreamento<\/a><\/li><li class='ez-toc-page-1 ez-toc-heading-level-2'><a class=\"ez-toc-link ez-toc-heading-4\" href=\"https:\/\/www.grupomedcof.com.br\/blog\/cancer-de-pele-rastreio-dos-canceres-mais-prevalentes\/#Conquiste_a_aprovacao\" >Conquiste a aprova\u00e7\u00e3o<\/a><\/li><\/ul><\/nav><\/div>\n<p><img loading=\"lazy\" decoding=\"async\" src=\"https:\/\/www.grupomedcof.com.br\/blog\/wp-content\/uploads\/2023\/09\/Blog-MedCof-2023-09-27T131926.515-1024x576.png\" sizes=\"auto, (max-width: 800px) 100vw, 800px\" srcset=\"https:\/\/www.grupomedcof.com.br\/blog\/wp-content\/uploads\/2023\/09\/Blog-MedCof-2023-09-27T131926.515-1024x576.png 1024w, https:\/\/www.grupomedcof.com.br\/blog\/wp-content\/uploads\/2023\/09\/Blog-MedCof-2023-09-27T131926.515-300x169.png 300w, https:\/\/www.grupomedcof.com.br\/blog\/wp-content\/uploads\/2023\/09\/Blog-MedCof-2023-09-27T131926.515-768x432.png 768w, https:\/\/www.grupomedcof.com.br\/blog\/wp-content\/uploads\/2023\/09\/Blog-MedCof-2023-09-27T131926.515-1536x864.png 1536w, https:\/\/www.grupomedcof.com.br\/blog\/wp-content\/uploads\/2023\/09\/Blog-MedCof-2023-09-27T131926.515-2048x1152.png 2048w\" alt=\"abcde, diretrizes cancer de pele sociedade brasileira de dermatologia, diretrizes c\u00e2ncer de pele sociedade brasileira de dermatologia, sociedade brasileira de dermatologia cancer de pele, sociedade brasileira de dermatologia c\u00e2ncer de pele, cancer de pele sociedade brasileira de dermatologia, c\u00e2ncer de pele sociedade brasileira de dermatologia, cancer de pele abcd, c\u00e2ncer de pele abcd, c\u00e2ncer basocelular, cancer basocelular, c\u00e2ncer espinocelular, cancer espinocelular, regra abcde cancer de pele, regra abcde c\u00e2ncer de pele, regra do abcde cancer de pele, regra do abcde c\u00e2ncer de pele, abcde cancer de pele, abcde c\u00e2ncer de pele, abcde do cancer de pele, abcde do c\u00e2ncer de pele, abcd cancer de pele, abcd c\u00e2ncer de pele, rastreamento de c\u00e2ncer de pele, rastreamento de cancer de pele, quem pode fazer o rastreamento para o c\u00e2ncer de pele, quem pode fazer o rastreamento para o cancer de pele, rastreio cancer de pele, rastreio c\u00e2ncer de pele, rastreio do cancer de pele, rastreio do c\u00e2ncer de pele, rastreio de cancer de pele, rastreio de c\u00e2ncer de pele\" width=\"800\" height=\"450\" \/><\/p>\n<p>Veja as recomenda\u00e7\u00f5es da Sociedade Brasileira de Dermatologia e da American Cancer Society.<\/p>\n\n\n<p><h2><span class=\"ez-toc-section\" id=\"O_que_e_cancer_de_pele\"><\/span><strong>O que \u00e9 c\u00e2ncer de pele?<\/strong><span class=\"ez-toc-section-end\"><\/span><\/h2>\n<p>Em primeiro lugar, o c\u00e2ncer de pele \u00e9 o tipo de c\u00e2ncer mais comum&nbsp; no mundo. Pode ser dividido em melanoma e n\u00e3o melanoma, que \u00e9 o tipo mais comum no Brasil, correspondendo a 25% de todos os casos registrados de c\u00e2nceres.<br><br><\/p><\/p>\n\n\n\n<h2 class=\"wp-block-heading\" id=\"h-prevencao-do-cancer-de-pele\"><span class=\"ez-toc-section\" id=\"Prevencao_do_cancer_de_pele\"><\/span><strong>Preven\u00e7\u00e3o do c\u00e2ncer de pele<\/strong><span class=\"ez-toc-section-end\"><\/span><\/h2>\n\n\n\n<ul class=\"wp-block-list\">\n<li>Evitar exposi\u00e7\u00e3o ao sol nos hor\u00e1rios mais intensos \u2014 entre 10 e 16 horas;<\/li>\n\n\n\n<li>Usar \u00f3culos de sol com prote\u00e7\u00e3o UV, roupas que protegem o corpo, chap\u00e9us de abas largas, sombrinhas e guarda-sol;<\/li>\n\n\n\n<li>Usar filtro solar com \u2265 FPS 15 e reaplicar corretamente;<\/li>\n\n\n\n<li>Usar protetor labial.<\/li>\n<\/ul>\n\n\n\n<ul>\n\n\n<\/ul>\n<p><!-- \/wp:post-content --><!-- wp:heading \/--><br \/>\n\t\t\t\t\t\t\t\t\t\t\t\t\t\t\t\t<a href=\"https:\/\/www.grupomedcof.com.br\/hiit-target-2023-links\/\" target=\"_blank\" rel=\"noopener\"><br \/>\n\t\t\t\t\t\t\t<img loading=\"lazy\" decoding=\"async\" width=\"800\" height=\"139\" src=\"https:\/\/www.grupomedcof.com.br\/blog\/wp-content\/uploads\/2023\/09\/Blog-MedCof-22-1024x178.png\" alt=\"medcof, medcof qbank, qbank medcof, medcof aulas, grupo medcof,\" srcset=\"https:\/\/www.grupomedcof.com.br\/blog\/wp-content\/uploads\/2023\/09\/Blog-MedCof-22-1024x178.png 1024w, https:\/\/www.grupomedcof.com.br\/blog\/wp-content\/uploads\/2023\/09\/Blog-MedCof-22-300x52.png 300w, https:\/\/www.grupomedcof.com.br\/blog\/wp-content\/uploads\/2023\/09\/Blog-MedCof-22-768x134.png 768w, https:\/\/www.grupomedcof.com.br\/blog\/wp-content\/uploads\/2023\/09\/Blog-MedCof-22-1536x267.png 1536w, https:\/\/www.grupomedcof.com.br\/blog\/wp-content\/uploads\/2023\/09\/Blog-MedCof-22-2048x356.png 2048w\" sizes=\"auto, (max-width: 800px) 100vw, 800px\" \/>\t\t\t\t\t\t\t\t<\/a><\/p>\n<h2 id=\"h-diagnostico-precoce-e-rastreamento\"><span class=\"ez-toc-section\" id=\"Diagnostico_precoce_e_rastreamento\"><\/span><strong>Diagn\u00f3stico precoce e rastreamento<\/strong><span class=\"ez-toc-section-end\"><\/span><\/h2>\n<p><!-- \/wp:heading --><!-- wp:paragraph --><\/p>\n<p>Atualmente, <strong>n\u00e3o h\u00e1 consenso quanto ao rastreamento<\/strong> populacional para o c\u00e2ncer de pele. Pois, as evid\u00eancias mundiais s\u00e3o insuficientes para garantir sua recomenda\u00e7\u00e3o.<\/p>\n<p><!-- \/wp:paragraph --><!-- wp:paragraph --><\/p>\n<p>Por isso, para pacientes considerados de maior risco, como quem tem hist\u00f3rico pessoal ou familiar, sugere-se o acompanhamento per\u00edodo com um m\u00e9dico dermatologista.<\/p>\n<p><!-- \/wp:paragraph --><!-- wp:paragraph --><\/p>\n<p><strong><br \/>REGRA DO ABCDE \u2014<\/strong> sugerida pela Sociedade Brasileira de Dermatologia e a American Cancer Society para padronizar a observa\u00e7\u00e3o das caracter\u00edsticas dos nevos e identificar poss\u00edveis altera\u00e7\u00f5es.<\/p>\n<p><!-- \/wp:paragraph --><!-- wp:paragraph --><\/p>\n<p>Entretanto, esse m\u00e9todo possui menor sensibilidade no caso de pequenas les\u00f5es, que geralmente n\u00e3o apresentam caracter\u00edsticas claras. Al\u00e9m disso, nevos melanoc\u00edticos benignos podem ter caracter\u00edsticas at\u00edpicas, tornando o m\u00e9todo ABCDE menos sens\u00edvel.<\/p>\n<p><!-- \/wp:paragraph --><!-- wp:paragraph --><\/p>\n<p>Atualmente, al\u00e9m do uso da regre do ABCDE, recomenda-se atentar ao sinais de c\u00e2ncer basocelular e espinocelular:<\/p>\n<p><!-- \/wp:paragraph --><!-- wp:list --><\/p>\n<ul><!-- wp:list-item --><\/p>\n<li>Manchas pruriginosas, descamativas ou que sangram.<\/li>\n<p><!-- \/wp:list-item --><!-- wp:list-item --><\/p>\n<li>Feridas que n\u00e3o cicatrizam em at\u00e9 4 semanas.<\/li>\n<\/ul>\n<h2 id=\"h-conquiste-a-aprovacao\"><span class=\"ez-toc-section\" id=\"Conquiste_a_aprovacao\"><\/span><strong>Conquiste a aprova\u00e7\u00e3o<\/strong><span class=\"ez-toc-section-end\"><\/span><\/h2>\n<p><!-- \/wp:heading --><!-- wp:paragraph --><\/p>\n<p>As provas de resid\u00eancia m\u00e9dica est\u00e3o cada vez mais perto! Se voc\u00ea quer<strong><a href=\"https:\/\/www.grupomedcof.com.br\/blog\/presenca-da-medcof-nas-aprovacoes-em-residencia-medica-no-brasil\/\" target=\"_blank\" rel=\"noreferrer noopener\">\u00a0ser mais\u00a0um aprovado\u00a0<\/a><\/strong>nas vagas das melhores institui\u00e7\u00f5es do pa\u00eds, ent\u00e3o conhe\u00e7a o<strong><a href=\"https:\/\/www.grupomedcof.com.br\/\" target=\"_blank\" rel=\"noreferrer noopener\">\u00a0Grupo\u00a0MedCof<\/a>!\u00a0<\/strong>Temos um cat\u00e1logo repleto de cursos que te guiar\u00e3o na jornada para as provas de Resid\u00eancia M\u00e9dica que ocorrer\u00e3o em 2023\/2024!<\/p>\n<p>\t\t\t\t\t\t\t\t\t\t\t\t\t\t\t\t<a href=\"https:\/\/www.grupomedcof.com.br\/\" target=\"_blank\" rel=\"noopener\"><br \/>\n\t\t\t\t\t\t\t<img loading=\"lazy\" decoding=\"async\" width=\"800\" height=\"378\" src=\"https:\/\/www.grupomedcof.com.br\/blog\/wp-content\/uploads\/2023\/08\/Captura-de-tela-2023-08-16-103405-e1692192957450-1024x484.png\" alt=\"medcof residencia medica, curso Intensivo para Resid\u00eancia M\u00e9dica, curso para resid\u00eancia m\u00e9dica, medcof hiit, aulas medcof,\" srcset=\"https:\/\/www.grupomedcof.com.br\/blog\/wp-content\/uploads\/2023\/08\/Captura-de-tela-2023-08-16-103405-e1692192957450-1024x484.png 1024w, https:\/\/www.grupomedcof.com.br\/blog\/wp-content\/uploads\/2023\/08\/Captura-de-tela-2023-08-16-103405-e1692192957450-300x142.png 300w, https:\/\/www.grupomedcof.com.br\/blog\/wp-content\/uploads\/2023\/08\/Captura-de-tela-2023-08-16-103405-e1692192957450-768x363.png 768w, https:\/\/www.grupomedcof.com.br\/blog\/wp-content\/uploads\/2023\/08\/Captura-de-tela-2023-08-16-103405-e1692192957450.png 1145w\" sizes=\"auto, (max-width: 800px) 100vw, 800px\" \/>\t\t\t\t\t\t\t\t<\/a><\/p>","protected":false},"excerpt":{"rendered":"<p>O c\u00e2ncer de pele \u00e9 o tipo de c\u00e2ncer no mundo, pode ser dividido em melanoma e n\u00e3o melanoma, que \u00e9 o tipo mais comum no Brasil.<\/p>\n","protected":false},"author":10,"featured_media":14346,"comment_status":"open","ping_status":"open","sticky":false,"template":"","format":"standard","meta":{"footnotes":""},"categories":[217,203,74],"tags":[208,204,112],"ppma_author":[3613],"class_list":{"0":"post-14335","1":"post","2":"type-post","3":"status-publish","4":"format-standard","5":"has-post-thumbnail","7":"category-aps","8":"category-dermatologia","9":"category-oncologia","10":"tag-aps","11":"tag-dermatologia","12":"tag-oncologia"},"yoast_head":"<!-- This site is optimized with the Yoast SEO Premium plugin v24.3 (Yoast SEO v27.4) - https:\/\/yoast.com\/product\/yoast-seo-premium-wordpress\/ -->\n<title>C\u00e2ncer de pele: rastreio dos c\u00e2nceres mais prevalentes - Blog de Medcof: conte\u00fados, editais, revalida e mais!<\/title>\n<meta name=\"description\" content=\"Veja as sugest\u00f5es da Sociedade Brasileira de Dermatologia e a American Cancer Society para o rastreio do c\u00e2ncer de pele\" \/>\n<meta name=\"robots\" content=\"index, follow, max-snippet:-1, max-image-preview:large, max-video-preview:-1\" \/>\n<link rel=\"canonical\" href=\"https:\/\/www.grupomedcof.com.br\/blog\/cancer-de-pele-rastreio-dos-canceres-mais-prevalentes\/\" \/>\n<meta property=\"og:locale\" content=\"pt_BR\" \/>\n<meta property=\"og:type\" content=\"article\" \/>\n<meta property=\"og:title\" content=\"C\u00e2ncer de pele: rastreio dos c\u00e2nceres mais prevalentes\" \/>\n<meta property=\"og:description\" content=\"Veja as sugest\u00f5es da Sociedade Brasileira de Dermatologia e a American Cancer Society para o rastreio do c\u00e2ncer de pele\" \/>\n<meta property=\"og:url\" content=\"https:\/\/www.grupomedcof.com.br\/blog\/cancer-de-pele-rastreio-dos-canceres-mais-prevalentes\/\" \/>\n<meta property=\"og:site_name\" content=\"Blog de Medcof: conte\u00fados, editais, revalida e mais!\" \/>\n<meta property=\"article:publisher\" content=\"https:\/\/www.facebook.com\/MedCofQbank\/\" \/>\n<meta property=\"article:published_time\" content=\"2023-09-27T16:48:34+00:00\" \/>\n<meta property=\"article:modified_time\" content=\"2024-05-03T19:51:49+00:00\" \/>\n<meta property=\"og:image\" content=\"https:\/\/www.grupomedcof.com.br\/blog\/wp-content\/uploads\/2023\/09\/Blog-MedCof-2023-09-27T124636.987-1024x576.png\" \/>\n\t<meta property=\"og:image:width\" content=\"1024\" \/>\n\t<meta property=\"og:image:height\" content=\"576\" \/>\n\t<meta property=\"og:image:type\" content=\"image\/png\" \/>\n<meta name=\"author\" content=\"Grupo MedCof\" \/>\n<meta name=\"twitter:card\" content=\"summary_large_image\" \/>\n<meta name=\"twitter:label1\" content=\"Escrito por\" \/>\n\t<meta name=\"twitter:data1\" content=\"Grupo MedCof\" \/>\n\t<meta name=\"twitter:label2\" content=\"Est. tempo de leitura\" \/>\n\t<meta name=\"twitter:data2\" content=\"3 minutos\" \/>\n<script type=\"application\/ld+json\" class=\"yoast-schema-graph\">{\"@context\":\"https:\\\/\\\/schema.org\",\"@graph\":[{\"@type\":\"Article\",\"@id\":\"https:\\\/\\\/www.grupomedcof.com.br\\\/blog\\\/cancer-de-pele-rastreio-dos-canceres-mais-prevalentes\\\/#article\",\"isPartOf\":{\"@id\":\"https:\\\/\\\/www.grupomedcof.com.br\\\/blog\\\/cancer-de-pele-rastreio-dos-canceres-mais-prevalentes\\\/\"},\"author\":{\"name\":\"Grupo MedCof\",\"@id\":\"https:\\\/\\\/www.grupomedcof.com.br\\\/blog\\\/#\\\/schema\\\/person\\\/5e56a3921255c01181f3d8c20d53f9c0\"},\"headline\":\"C\u00e2ncer de pele: rastreio dos c\u00e2nceres mais prevalentes\",\"datePublished\":\"2023-09-27T16:48:34+00:00\",\"dateModified\":\"2024-05-03T19:51:49+00:00\",\"mainEntityOfPage\":{\"@id\":\"https:\\\/\\\/www.grupomedcof.com.br\\\/blog\\\/cancer-de-pele-rastreio-dos-canceres-mais-prevalentes\\\/\"},\"wordCount\":355,\"commentCount\":0,\"publisher\":{\"@id\":\"https:\\\/\\\/www.grupomedcof.com.br\\\/blog\\\/#organization\"},\"image\":{\"@id\":\"https:\\\/\\\/www.grupomedcof.com.br\\\/blog\\\/cancer-de-pele-rastreio-dos-canceres-mais-prevalentes\\\/#primaryimage\"},\"thumbnailUrl\":\"https:\\\/\\\/www.grupomedcof.com.br\\\/blog\\\/wp-content\\\/uploads\\\/2023\\\/09\\\/Blog-MedCof-2023-09-27T124636.987.png\",\"keywords\":[\"APS\",\"Dermatologia\",\"Oncologia\"],\"articleSection\":[\"APS\",\"Dermatologia\",\"Oncologia\"],\"inLanguage\":\"pt-BR\"},{\"@type\":\"WebPage\",\"@id\":\"https:\\\/\\\/www.grupomedcof.com.br\\\/blog\\\/cancer-de-pele-rastreio-dos-canceres-mais-prevalentes\\\/\",\"url\":\"https:\\\/\\\/www.grupomedcof.com.br\\\/blog\\\/cancer-de-pele-rastreio-dos-canceres-mais-prevalentes\\\/\",\"name\":\"C\u00e2ncer de pele: rastreio dos c\u00e2nceres mais prevalentes - Blog de Medcof: conte\u00fados, editais, revalida e mais!\",\"isPartOf\":{\"@id\":\"https:\\\/\\\/www.grupomedcof.com.br\\\/blog\\\/#website\"},\"primaryImageOfPage\":{\"@id\":\"https:\\\/\\\/www.grupomedcof.com.br\\\/blog\\\/cancer-de-pele-rastreio-dos-canceres-mais-prevalentes\\\/#primaryimage\"},\"image\":{\"@id\":\"https:\\\/\\\/www.grupomedcof.com.br\\\/blog\\\/cancer-de-pele-rastreio-dos-canceres-mais-prevalentes\\\/#primaryimage\"},\"thumbnailUrl\":\"https:\\\/\\\/www.grupomedcof.com.br\\\/blog\\\/wp-content\\\/uploads\\\/2023\\\/09\\\/Blog-MedCof-2023-09-27T124636.987.png\",\"datePublished\":\"2023-09-27T16:48:34+00:00\",\"dateModified\":\"2024-05-03T19:51:49+00:00\",\"description\":\"Veja as sugest\u00f5es da Sociedade Brasileira de Dermatologia e a American Cancer Society para o rastreio do c\u00e2ncer de pele\",\"breadcrumb\":{\"@id\":\"https:\\\/\\\/www.grupomedcof.com.br\\\/blog\\\/cancer-de-pele-rastreio-dos-canceres-mais-prevalentes\\\/#breadcrumb\"},\"inLanguage\":\"pt-BR\",\"potentialAction\":[{\"@type\":\"ReadAction\",\"target\":[\"https:\\\/\\\/www.grupomedcof.com.br\\\/blog\\\/cancer-de-pele-rastreio-dos-canceres-mais-prevalentes\\\/\"]}]},{\"@type\":\"ImageObject\",\"inLanguage\":\"pt-BR\",\"@id\":\"https:\\\/\\\/www.grupomedcof.com.br\\\/blog\\\/cancer-de-pele-rastreio-dos-canceres-mais-prevalentes\\\/#primaryimage\",\"url\":\"https:\\\/\\\/www.grupomedcof.com.br\\\/blog\\\/wp-content\\\/uploads\\\/2023\\\/09\\\/Blog-MedCof-2023-09-27T124636.987.png\",\"contentUrl\":\"https:\\\/\\\/www.grupomedcof.com.br\\\/blog\\\/wp-content\\\/uploads\\\/2023\\\/09\\\/Blog-MedCof-2023-09-27T124636.987.png\",\"width\":2560,\"height\":1440,\"caption\":\"abcde, diretrizes cancer de pele sociedade brasileira de dermatologia, diretrizes c\u00e2ncer de pele sociedade brasileira de dermatologia, sociedade brasileira de dermatologia cancer de pele, sociedade brasileira de dermatologia c\u00e2ncer de pele, cancer de pele sociedade brasileira de dermatologia, c\u00e2ncer de pele sociedade brasileira de dermatologia, cancer de pele abcd, c\u00e2ncer de pele abcd, c\u00e2ncer basocelular, cancer basocelular, c\u00e2ncer espinocelular, cancer espinocelular, regra abcde cancer de pele, regra abcde c\u00e2ncer de pele, regra do abcde cancer de pele, regra do abcde c\u00e2ncer de pele, abcde cancer de pele, abcde c\u00e2ncer de pele, abcde do cancer de pele, abcde do c\u00e2ncer de pele, abcd cancer de pele, abcd c\u00e2ncer de pele, rastreamento de c\u00e2ncer de pele, rastreamento de cancer de pele, quem pode fazer o rastreamento para o c\u00e2ncer de pele, quem pode fazer o rastreamento para o cancer de pele, rastreio cancer de pele, rastreio c\u00e2ncer de pele, rastreio do cancer de pele, rastreio do c\u00e2ncer de pele, rastreio de cancer de pele, rastreio de c\u00e2ncer de pele\"},{\"@type\":\"BreadcrumbList\",\"@id\":\"https:\\\/\\\/www.grupomedcof.com.br\\\/blog\\\/cancer-de-pele-rastreio-dos-canceres-mais-prevalentes\\\/#breadcrumb\",\"itemListElement\":[{\"@type\":\"ListItem\",\"position\":1,\"name\":\"In\u00edcio\",\"item\":\"https:\\\/\\\/www.grupomedcof.com.br\\\/blog\\\/\"},{\"@type\":\"ListItem\",\"position\":2,\"name\":\"C\u00e2ncer de pele: rastreio dos c\u00e2nceres mais prevalentes\"}]},{\"@type\":\"WebSite\",\"@id\":\"https:\\\/\\\/www.grupomedcof.com.br\\\/blog\\\/#website\",\"url\":\"https:\\\/\\\/www.grupomedcof.com.br\\\/blog\\\/\",\"name\":\"Blog de Medcof: conte\u00fados, editais, revalida e mais!\",\"description\":\"Acesso o blog de MedCof! Seu portal de conte\u00fados sobre resid\u00eancia m\u00e9dica, an\u00e1lise e editais e muito mais. Clique e confira!\",\"publisher\":{\"@id\":\"https:\\\/\\\/www.grupomedcof.com.br\\\/blog\\\/#organization\"},\"alternateName\":\"Blog de Medcof: conte\u00fados, editais, revalida e mais!\",\"potentialAction\":[{\"@type\":\"SearchAction\",\"target\":{\"@type\":\"EntryPoint\",\"urlTemplate\":\"https:\\\/\\\/www.grupomedcof.com.br\\\/blog\\\/?s={search_term_string}\"},\"query-input\":{\"@type\":\"PropertyValueSpecification\",\"valueRequired\":true,\"valueName\":\"search_term_string\"}}],\"inLanguage\":\"pt-BR\"},{\"@type\":\"Organization\",\"@id\":\"https:\\\/\\\/www.grupomedcof.com.br\\\/blog\\\/#organization\",\"name\":\"Grupo MedCof\",\"url\":\"https:\\\/\\\/www.grupomedcof.com.br\\\/blog\\\/\",\"logo\":{\"@type\":\"ImageObject\",\"inLanguage\":\"pt-BR\",\"@id\":\"https:\\\/\\\/www.grupomedcof.com.br\\\/blog\\\/#\\\/schema\\\/logo\\\/image\\\/\",\"url\":\"https:\\\/\\\/www.grupomedcof.com.br\\\/blog\\\/wp-content\\\/uploads\\\/2022\\\/01\\\/logo-medcof.png\",\"contentUrl\":\"https:\\\/\\\/www.grupomedcof.com.br\\\/blog\\\/wp-content\\\/uploads\\\/2022\\\/01\\\/logo-medcof.png\",\"width\":768,\"height\":269,\"caption\":\"Grupo MedCof\"},\"image\":{\"@id\":\"https:\\\/\\\/www.grupomedcof.com.br\\\/blog\\\/#\\\/schema\\\/logo\\\/image\\\/\"},\"sameAs\":[\"https:\\\/\\\/www.facebook.com\\\/MedCofQbank\\\/\",\"https:\\\/\\\/www.instagram.com\\\/grupomedcof\\\/\",\"https:\\\/\\\/br.linkedin.com\\\/company\\\/medcof\",\"https:\\\/\\\/www.youtube.com\\\/channel\\\/UCdHMuOHKICxcHwecxN8P-AA\"]},{\"@type\":\"Person\",\"@id\":\"https:\\\/\\\/www.grupomedcof.com.br\\\/blog\\\/#\\\/schema\\\/person\\\/5e56a3921255c01181f3d8c20d53f9c0\",\"name\":\"Grupo MedCof\",\"image\":{\"@type\":\"ImageObject\",\"inLanguage\":\"pt-BR\",\"@id\":\"https:\\\/\\\/www.grupomedcof.com.br\\\/blog\\\/wp-content\\\/uploads\\\/2023\\\/04\\\/cropped-cropped-cropped-cropped-logo-96x96.png28585d174f19c23095510da5f63bc127\",\"url\":\"https:\\\/\\\/www.grupomedcof.com.br\\\/blog\\\/wp-content\\\/uploads\\\/2023\\\/04\\\/cropped-cropped-cropped-cropped-logo-96x96.png\",\"contentUrl\":\"https:\\\/\\\/www.grupomedcof.com.br\\\/blog\\\/wp-content\\\/uploads\\\/2023\\\/04\\\/cropped-cropped-cropped-cropped-logo-96x96.png\",\"caption\":\"Grupo MedCof\"},\"description\":\"Tendo aulas baseadas em quest\u00f5es, + de 115 subespecialistas dispon\u00edveis e uma metodologia \u00fanica, voc\u00ea pode se juntar ao nosso time que conta com mais de 10 mil ...\",\"url\":\"https:\\\/\\\/www.grupomedcof.com.br\\\/blog\\\/author\\\/grupo-medcof\\\/\"}]}<\/script>\n<!-- \/ Yoast SEO Premium plugin. -->","yoast_head_json":{"title":"C\u00e2ncer de pele: rastreio dos c\u00e2nceres mais prevalentes - Blog de Medcof: conte\u00fados, editais, revalida e mais!","description":"Veja as sugest\u00f5es da Sociedade Brasileira de Dermatologia e a American Cancer Society para o rastreio do c\u00e2ncer de pele","robots":{"index":"index","follow":"follow","max-snippet":"max-snippet:-1","max-image-preview":"max-image-preview:large","max-video-preview":"max-video-preview:-1"},"canonical":"https:\/\/www.grupomedcof.com.br\/blog\/cancer-de-pele-rastreio-dos-canceres-mais-prevalentes\/","og_locale":"pt_BR","og_type":"article","og_title":"C\u00e2ncer de pele: rastreio dos c\u00e2nceres mais prevalentes","og_description":"Veja as sugest\u00f5es da Sociedade Brasileira de Dermatologia e a American Cancer Society para o rastreio do c\u00e2ncer de pele","og_url":"https:\/\/www.grupomedcof.com.br\/blog\/cancer-de-pele-rastreio-dos-canceres-mais-prevalentes\/","og_site_name":"Blog de Medcof: conte\u00fados, editais, revalida e mais!","article_publisher":"https:\/\/www.facebook.com\/MedCofQbank\/","article_published_time":"2023-09-27T16:48:34+00:00","article_modified_time":"2024-05-03T19:51:49+00:00","og_image":[{"width":1024,"height":576,"url":"https:\/\/www.grupomedcof.com.br\/blog\/wp-content\/uploads\/2023\/09\/Blog-MedCof-2023-09-27T124636.987-1024x576.png","type":"image\/png"}],"author":"Grupo MedCof","twitter_card":"summary_large_image","twitter_misc":{"Escrito por":"Grupo MedCof","Est. tempo de leitura":"3 minutos"},"schema":{"@context":"https:\/\/schema.org","@graph":[{"@type":"Article","@id":"https:\/\/www.grupomedcof.com.br\/blog\/cancer-de-pele-rastreio-dos-canceres-mais-prevalentes\/#article","isPartOf":{"@id":"https:\/\/www.grupomedcof.com.br\/blog\/cancer-de-pele-rastreio-dos-canceres-mais-prevalentes\/"},"author":{"name":"Grupo MedCof","@id":"https:\/\/www.grupomedcof.com.br\/blog\/#\/schema\/person\/5e56a3921255c01181f3d8c20d53f9c0"},"headline":"C\u00e2ncer de pele: rastreio dos c\u00e2nceres mais prevalentes","datePublished":"2023-09-27T16:48:34+00:00","dateModified":"2024-05-03T19:51:49+00:00","mainEntityOfPage":{"@id":"https:\/\/www.grupomedcof.com.br\/blog\/cancer-de-pele-rastreio-dos-canceres-mais-prevalentes\/"},"wordCount":355,"commentCount":0,"publisher":{"@id":"https:\/\/www.grupomedcof.com.br\/blog\/#organization"},"image":{"@id":"https:\/\/www.grupomedcof.com.br\/blog\/cancer-de-pele-rastreio-dos-canceres-mais-prevalentes\/#primaryimage"},"thumbnailUrl":"https:\/\/www.grupomedcof.com.br\/blog\/wp-content\/uploads\/2023\/09\/Blog-MedCof-2023-09-27T124636.987.png","keywords":["APS","Dermatologia","Oncologia"],"articleSection":["APS","Dermatologia","Oncologia"],"inLanguage":"pt-BR"},{"@type":"WebPage","@id":"https:\/\/www.grupomedcof.com.br\/blog\/cancer-de-pele-rastreio-dos-canceres-mais-prevalentes\/","url":"https:\/\/www.grupomedcof.com.br\/blog\/cancer-de-pele-rastreio-dos-canceres-mais-prevalentes\/","name":"C\u00e2ncer de pele: rastreio dos c\u00e2nceres mais prevalentes - Blog de Medcof: conte\u00fados, editais, revalida e mais!","isPartOf":{"@id":"https:\/\/www.grupomedcof.com.br\/blog\/#website"},"primaryImageOfPage":{"@id":"https:\/\/www.grupomedcof.com.br\/blog\/cancer-de-pele-rastreio-dos-canceres-mais-prevalentes\/#primaryimage"},"image":{"@id":"https:\/\/www.grupomedcof.com.br\/blog\/cancer-de-pele-rastreio-dos-canceres-mais-prevalentes\/#primaryimage"},"thumbnailUrl":"https:\/\/www.grupomedcof.com.br\/blog\/wp-content\/uploads\/2023\/09\/Blog-MedCof-2023-09-27T124636.987.png","datePublished":"2023-09-27T16:48:34+00:00","dateModified":"2024-05-03T19:51:49+00:00","description":"Veja as sugest\u00f5es da Sociedade Brasileira de Dermatologia e a American Cancer Society para o rastreio do c\u00e2ncer de pele","breadcrumb":{"@id":"https:\/\/www.grupomedcof.com.br\/blog\/cancer-de-pele-rastreio-dos-canceres-mais-prevalentes\/#breadcrumb"},"inLanguage":"pt-BR","potentialAction":[{"@type":"ReadAction","target":["https:\/\/www.grupomedcof.com.br\/blog\/cancer-de-pele-rastreio-dos-canceres-mais-prevalentes\/"]}]},{"@type":"ImageObject","inLanguage":"pt-BR","@id":"https:\/\/www.grupomedcof.com.br\/blog\/cancer-de-pele-rastreio-dos-canceres-mais-prevalentes\/#primaryimage","url":"https:\/\/www.grupomedcof.com.br\/blog\/wp-content\/uploads\/2023\/09\/Blog-MedCof-2023-09-27T124636.987.png","contentUrl":"https:\/\/www.grupomedcof.com.br\/blog\/wp-content\/uploads\/2023\/09\/Blog-MedCof-2023-09-27T124636.987.png","width":2560,"height":1440,"caption":"abcde, diretrizes cancer de pele sociedade brasileira de dermatologia, diretrizes c\u00e2ncer de pele sociedade brasileira de dermatologia, sociedade brasileira de dermatologia cancer de pele, sociedade brasileira de dermatologia c\u00e2ncer de pele, cancer de pele sociedade brasileira de dermatologia, c\u00e2ncer de pele sociedade brasileira de dermatologia, cancer de pele abcd, c\u00e2ncer de pele abcd, c\u00e2ncer basocelular, cancer basocelular, c\u00e2ncer espinocelular, cancer espinocelular, regra abcde cancer de pele, regra abcde c\u00e2ncer de pele, regra do abcde cancer de pele, regra do abcde c\u00e2ncer de pele, abcde cancer de pele, abcde c\u00e2ncer de pele, abcde do cancer de pele, abcde do c\u00e2ncer de pele, abcd cancer de pele, abcd c\u00e2ncer de pele, rastreamento de c\u00e2ncer de pele, rastreamento de cancer de pele, quem pode fazer o rastreamento para o c\u00e2ncer de pele, quem pode fazer o rastreamento para o cancer de pele, rastreio cancer de pele, rastreio c\u00e2ncer de pele, rastreio do cancer de pele, rastreio do c\u00e2ncer de pele, rastreio de cancer de pele, rastreio de c\u00e2ncer de pele"},{"@type":"BreadcrumbList","@id":"https:\/\/www.grupomedcof.com.br\/blog\/cancer-de-pele-rastreio-dos-canceres-mais-prevalentes\/#breadcrumb","itemListElement":[{"@type":"ListItem","position":1,"name":"In\u00edcio","item":"https:\/\/www.grupomedcof.com.br\/blog\/"},{"@type":"ListItem","position":2,"name":"C\u00e2ncer de pele: rastreio dos c\u00e2nceres mais prevalentes"}]},{"@type":"WebSite","@id":"https:\/\/www.grupomedcof.com.br\/blog\/#website","url":"https:\/\/www.grupomedcof.com.br\/blog\/","name":"Blog de Medcof: conte\u00fados, editais, revalida e mais!","description":"Acesso o blog de MedCof! Seu portal de conte\u00fados sobre resid\u00eancia m\u00e9dica, an\u00e1lise e editais e muito mais. Clique e confira!","publisher":{"@id":"https:\/\/www.grupomedcof.com.br\/blog\/#organization"},"alternateName":"Blog de Medcof: conte\u00fados, editais, revalida e mais!","potentialAction":[{"@type":"SearchAction","target":{"@type":"EntryPoint","urlTemplate":"https:\/\/www.grupomedcof.com.br\/blog\/?s={search_term_string}"},"query-input":{"@type":"PropertyValueSpecification","valueRequired":true,"valueName":"search_term_string"}}],"inLanguage":"pt-BR"},{"@type":"Organization","@id":"https:\/\/www.grupomedcof.com.br\/blog\/#organization","name":"Grupo MedCof","url":"https:\/\/www.grupomedcof.com.br\/blog\/","logo":{"@type":"ImageObject","inLanguage":"pt-BR","@id":"https:\/\/www.grupomedcof.com.br\/blog\/#\/schema\/logo\/image\/","url":"https:\/\/www.grupomedcof.com.br\/blog\/wp-content\/uploads\/2022\/01\/logo-medcof.png","contentUrl":"https:\/\/www.grupomedcof.com.br\/blog\/wp-content\/uploads\/2022\/01\/logo-medcof.png","width":768,"height":269,"caption":"Grupo MedCof"},"image":{"@id":"https:\/\/www.grupomedcof.com.br\/blog\/#\/schema\/logo\/image\/"},"sameAs":["https:\/\/www.facebook.com\/MedCofQbank\/","https:\/\/www.instagram.com\/grupomedcof\/","https:\/\/br.linkedin.com\/company\/medcof","https:\/\/www.youtube.com\/channel\/UCdHMuOHKICxcHwecxN8P-AA"]},{"@type":"Person","@id":"https:\/\/www.grupomedcof.com.br\/blog\/#\/schema\/person\/5e56a3921255c01181f3d8c20d53f9c0","name":"Grupo MedCof","image":{"@type":"ImageObject","inLanguage":"pt-BR","@id":"https:\/\/www.grupomedcof.com.br\/blog\/wp-content\/uploads\/2023\/04\/cropped-cropped-cropped-cropped-logo-96x96.png28585d174f19c23095510da5f63bc127","url":"https:\/\/www.grupomedcof.com.br\/blog\/wp-content\/uploads\/2023\/04\/cropped-cropped-cropped-cropped-logo-96x96.png","contentUrl":"https:\/\/www.grupomedcof.com.br\/blog\/wp-content\/uploads\/2023\/04\/cropped-cropped-cropped-cropped-logo-96x96.png","caption":"Grupo MedCof"},"description":"Tendo aulas baseadas em quest\u00f5es, + de 115 subespecialistas dispon\u00edveis e uma metodologia \u00fanica, voc\u00ea pode se juntar ao nosso time que conta com mais de 10 mil ...","url":"https:\/\/www.grupomedcof.com.br\/blog\/author\/grupo-medcof\/"}]}},"authors":[{"term_id":3613,"user_id":10,"is_guest":0,"slug":"grupo-medcof","display_name":"Grupo MedCof","avatar_url":"https:\/\/www.grupomedcof.com.br\/blog\/wp-content\/uploads\/2023\/04\/cropped-cropped-cropped-cropped-logo-96x96.png","0":null,"1":"","2":"","3":"","4":"","5":"","6":"","7":"","8":""}],"_links":{"self":[{"href":"https:\/\/www.grupomedcof.com.br\/blog\/wp-json\/wp\/v2\/posts\/14335","targetHints":{"allow":["GET"]}}],"collection":[{"href":"https:\/\/www.grupomedcof.com.br\/blog\/wp-json\/wp\/v2\/posts"}],"about":[{"href":"https:\/\/www.grupomedcof.com.br\/blog\/wp-json\/wp\/v2\/types\/post"}],"author":[{"embeddable":true,"href":"https:\/\/www.grupomedcof.com.br\/blog\/wp-json\/wp\/v2\/users\/10"}],"replies":[{"embeddable":true,"href":"https:\/\/www.grupomedcof.com.br\/blog\/wp-json\/wp\/v2\/comments?post=14335"}],"version-history":[{"count":0,"href":"https:\/\/www.grupomedcof.com.br\/blog\/wp-json\/wp\/v2\/posts\/14335\/revisions"}],"wp:featuredmedia":[{"embeddable":true,"href":"https:\/\/www.grupomedcof.com.br\/blog\/wp-json\/wp\/v2\/media\/14346"}],"wp:attachment":[{"href":"https:\/\/www.grupomedcof.com.br\/blog\/wp-json\/wp\/v2\/media?parent=14335"}],"wp:term":[{"taxonomy":"category","embeddable":true,"href":"https:\/\/www.grupomedcof.com.br\/blog\/wp-json\/wp\/v2\/categories?post=14335"},{"taxonomy":"post_tag","embeddable":true,"href":"https:\/\/www.grupomedcof.com.br\/blog\/wp-json\/wp\/v2\/tags?post=14335"},{"taxonomy":"author","embeddable":true,"href":"https:\/\/www.grupomedcof.com.br\/blog\/wp-json\/wp\/v2\/ppma_author?post=14335"}],"curies":[{"name":"wp","href":"https:\/\/api.w.org\/{rel}","templated":true}]}}