{"id":14445,"date":"2024-09-09T08:45:15","date_gmt":"2024-09-09T11:45:15","guid":{"rendered":"https:\/\/www.grupomedcof.com.br\/blog\/?p=14445"},"modified":"2024-09-17T17:13:33","modified_gmt":"2024-09-17T20:13:33","slug":"edital-residencia-medica-santa-casa-de-marilia","status":"publish","type":"post","link":"https:\/\/www.grupomedcof.com.br\/blog\/edital-residencia-medica-santa-casa-de-marilia\/","title":{"rendered":"Santa Casa de Mar\u00edlia divulga edital para Resid\u00eancia M\u00e9dica 2024\/2025"},"content":{"rendered":"<div id=\"ez-toc-container\" class=\"ez-toc-v2_0_74 counter-hierarchy ez-toc-counter ez-toc-transparent ez-toc-container-direction\">\n<div class=\"ez-toc-title-container\">\n<p class=\"ez-toc-title\" style=\"cursor:inherit\">Sum\u00e1rio<\/p>\n<span class=\"ez-toc-title-toggle\"><a href=\"#\" class=\"ez-toc-pull-right ez-toc-btn ez-toc-btn-xs ez-toc-btn-default ez-toc-toggle\" aria-label=\"Alternar tabela de conte\u00fado\"><span class=\"ez-toc-js-icon-con\"><span class=\"\"><span class=\"eztoc-hide\" style=\"display:none;\">Toggle<\/span><span class=\"ez-toc-icon-toggle-span\"><svg style=\"fill: #999;color:#999\" xmlns=\"http:\/\/www.w3.org\/2000\/svg\" class=\"list-377408\" width=\"20px\" height=\"20px\" viewBox=\"0 0 24 24\" fill=\"none\"><path d=\"M6 6H4v2h2V6zm14 0H8v2h12V6zM4 11h2v2H4v-2zm16 0H8v2h12v-2zM4 16h2v2H4v-2zm16 0H8v2h12v-2z\" fill=\"currentColor\"><\/path><\/svg><svg style=\"fill: #999;color:#999\" class=\"arrow-unsorted-368013\" xmlns=\"http:\/\/www.w3.org\/2000\/svg\" width=\"10px\" height=\"10px\" viewBox=\"0 0 24 24\" version=\"1.2\" baseProfile=\"tiny\"><path d=\"M18.2 9.3l-6.2-6.3-6.2 6.3c-.2.2-.3.4-.3.7s.1.5.3.7c.2.2.4.3.7.3h11c.3 0 .5-.1.7-.3.2-.2.3-.5.3-.7s-.1-.5-.3-.7zM5.8 14.7l6.2 6.3 6.2-6.3c.2-.2.3-.5.3-.7s-.1-.5-.3-.7c-.2-.2-.4-.3-.7-.3h-11c-.3 0-.5.1-.7.3-.2.2-.3.5-.3.7s.1.5.3.7z\"\/><\/svg><\/span><\/span><\/span><\/a><\/span><\/div>\n<nav><ul class='ez-toc-list ez-toc-list-level-1 ' ><li class='ez-toc-page-1 ez-toc-heading-level-2'><a class=\"ez-toc-link ez-toc-heading-1\" href=\"https:\/\/www.grupomedcof.com.br\/blog\/edital-residencia-medica-santa-casa-de-marilia\/#Informacoes_edital_Santa_Casa_de_Marilia_20242025\" >Informa\u00e7\u00f5es edital Santa Casa de Mar\u00edlia 2024\/2025<\/a><\/li><li class='ez-toc-page-1 ez-toc-heading-level-2'><a class=\"ez-toc-link ez-toc-heading-2\" href=\"https:\/\/www.grupomedcof.com.br\/blog\/edital-residencia-medica-santa-casa-de-marilia\/#Cronograma_Santa_Casa_de_Marilia_20242025\" >Cronograma Santa Casa de Mar\u00edlia 2024\/2025<\/a><\/li><li class='ez-toc-page-1 ez-toc-heading-level-2'><a class=\"ez-toc-link ez-toc-heading-3\" href=\"https:\/\/www.grupomedcof.com.br\/blog\/edital-residencia-medica-santa-casa-de-marilia\/#Vagas_ofertadas\" >Vagas ofertadas<\/a><\/li><li class='ez-toc-page-1 ez-toc-heading-level-2'><a class=\"ez-toc-link ez-toc-heading-4\" href=\"https:\/\/www.grupomedcof.com.br\/blog\/edital-residencia-medica-santa-casa-de-marilia\/#O_processo_seletivo\" >O processo seletivo<\/a><ul class='ez-toc-list-level-3' ><li class='ez-toc-heading-level-3'><a class=\"ez-toc-link ez-toc-heading-5\" href=\"https:\/\/www.grupomedcof.com.br\/blog\/edital-residencia-medica-santa-casa-de-marilia\/#Prova_objetiva\" >Prova objetiva<\/a><\/li><li class='ez-toc-page-1 ez-toc-heading-level-3'><a class=\"ez-toc-link ez-toc-heading-6\" href=\"https:\/\/www.grupomedcof.com.br\/blog\/edital-residencia-medica-santa-casa-de-marilia\/#Analise_Curricular\" >An\u00e1lise Curricular<\/a><\/li><\/ul><\/li><li class='ez-toc-page-1 ez-toc-heading-level-2'><a class=\"ez-toc-link ez-toc-heading-7\" href=\"https:\/\/www.grupomedcof.com.br\/blog\/edital-residencia-medica-santa-casa-de-marilia\/#Edital_Santa_Casa_de_Marilia_20242025\" >Edital Santa Casa de Mar\u00edlia 2024\/2025<\/a><\/li><li class='ez-toc-page-1 ez-toc-heading-level-2'><a class=\"ez-toc-link ez-toc-heading-8\" href=\"https:\/\/www.grupomedcof.com.br\/blog\/edital-residencia-medica-santa-casa-de-marilia\/#Editais_anteriores\" >Editais anteriores<\/a><ul class='ez-toc-list-level-3' ><li class='ez-toc-heading-level-3'><a class=\"ez-toc-link ez-toc-heading-9\" href=\"https:\/\/www.grupomedcof.com.br\/blog\/edital-residencia-medica-santa-casa-de-marilia\/#Edital_20232024\" >Edital 2023\/2024<\/a><\/li><li class='ez-toc-page-1 ez-toc-heading-level-3'><a class=\"ez-toc-link ez-toc-heading-10\" href=\"https:\/\/www.grupomedcof.com.br\/blog\/edital-residencia-medica-santa-casa-de-marilia\/#Edital_20222023\" >Edital 2022\/2023<\/a><\/li><\/ul><\/li><li class='ez-toc-page-1 ez-toc-heading-level-2'><a class=\"ez-toc-link ez-toc-heading-11\" href=\"https:\/\/www.grupomedcof.com.br\/blog\/edital-residencia-medica-santa-casa-de-marilia\/#O_metodo_que_te_aprova\" >O m\u00e9todo que te aprova!<\/a><\/li><\/ul><\/nav><\/div>\n\n<figure class=\"wp-block-image size-large\"><img loading=\"lazy\" decoding=\"async\" width=\"1024\" height=\"576\" src=\"https:\/\/www.grupomedcof.com.br\/blog\/wp-content\/uploads\/2023\/09\/Modelo-instituicoes-2024-09-09T084406.424-1024x576.png\" alt=\"\" class=\"wp-image-29596\" srcset=\"https:\/\/www.grupomedcof.com.br\/blog\/wp-content\/uploads\/2023\/09\/Modelo-instituicoes-2024-09-09T084406.424-1024x576.png 1024w, https:\/\/www.grupomedcof.com.br\/blog\/wp-content\/uploads\/2023\/09\/Modelo-instituicoes-2024-09-09T084406.424-300x169.png 300w, https:\/\/www.grupomedcof.com.br\/blog\/wp-content\/uploads\/2023\/09\/Modelo-instituicoes-2024-09-09T084406.424-768x432.png 768w, https:\/\/www.grupomedcof.com.br\/blog\/wp-content\/uploads\/2023\/09\/Modelo-instituicoes-2024-09-09T084406.424-1536x864.png 1536w, https:\/\/www.grupomedcof.com.br\/blog\/wp-content\/uploads\/2023\/09\/Modelo-instituicoes-2024-09-09T084406.424-2048x1152.png 2048w, https:\/\/www.grupomedcof.com.br\/blog\/wp-content\/uploads\/2023\/09\/Modelo-instituicoes-2024-09-09T084406.424-747x420.png 747w, https:\/\/www.grupomedcof.com.br\/blog\/wp-content\/uploads\/2023\/09\/Modelo-instituicoes-2024-09-09T084406.424-150x84.png 150w, https:\/\/www.grupomedcof.com.br\/blog\/wp-content\/uploads\/2023\/09\/Modelo-instituicoes-2024-09-09T084406.424-696x392.png 696w, https:\/\/www.grupomedcof.com.br\/blog\/wp-content\/uploads\/2023\/09\/Modelo-instituicoes-2024-09-09T084406.424-1068x601.png 1068w, https:\/\/www.grupomedcof.com.br\/blog\/wp-content\/uploads\/2023\/09\/Modelo-instituicoes-2024-09-09T084406.424-1920x1080.png 1920w\" sizes=\"auto, (max-width: 1024px) 100vw, 1024px\" \/><\/figure>\n\n\n\n<p>A Santa Casa de Miseric\u00f3rdia de Mar\u00edlia divulgou, no dia 6 de setembro, o edital para o processo seletivo de resid\u00eancia m\u00e9dica. As inscri\u00e7\u00f5es come\u00e7am no dia <strong>23 de setembro<\/strong> e v\u00e3o at\u00e9 o dia <strong>17 de novembro de 2024.<\/strong> Confira!<\/p>\n\n\n\n<h2 class=\"wp-block-heading\" id=\"h-informacoes-edital-santa-casa-de-marilia-2024-2025\"><span class=\"ez-toc-section\" id=\"Informacoes_edital_Santa_Casa_de_Marilia_20242025\"><\/span><strong>Informa\u00e7\u00f5es edital Santa Casa de Mar\u00edlia 2024\/2025<\/strong><span class=\"ez-toc-section-end\"><\/span><\/h2>\n\n\n\n<p>Segundo o edital disponibilizado, os candidatos ser\u00e3o avaliados a partir de duas etapas: a prova objetiva, prevista para o dia <strong>9 de dezembro<\/strong> <strong>de 2024<\/strong>, que ser\u00e1 de responsabilidade da CONSESP, e a an\u00e1lise curricular, organizada pela pr\u00f3pria institui\u00e7\u00e3o. O processo contar\u00e1 com <strong>16 vagas<\/strong>, distribu\u00eddas entre Acesso Direto e Pr\u00e9-Requisito. Al\u00e9m disso, \u00e9 necess\u00e1rio realizar o pagamento da taxa de inscri\u00e7\u00e3o no valor de <strong>R$ 550,00.<\/strong><\/p>\n\n\n\n<h2 class=\"wp-block-heading\" id=\"cronograma-fubog-2024-2025\"><span class=\"ez-toc-section\" id=\"Cronograma_Santa_Casa_de_Marilia_20242025\"><\/span><strong>Cronograma Santa Casa de Mar\u00edlia 2024\/2025<\/strong><span class=\"ez-toc-section-end\"><\/span><\/h2>\n\n\n\n<figure class=\"wp-block-table\"><table class=\"has-fixed-layout\"><tbody><tr><td>Inscri\u00e7\u00e3o<\/td><td><strong>23\/09 a 17\/11\/2024<\/strong><\/td><\/tr><tr><td>Prova Objetiva<\/td><td><strong>09\/12\/2024<\/strong><\/td><\/tr><tr><td>Taxa de inscri\u00e7\u00e3o<\/td><td><strong>R$550,00<\/strong><\/td><\/tr><tr><td>Envio do curr\u00edculo<\/td><td><strong>08 a 09\/01\/2025<\/strong><\/td><\/tr><tr><td>Gabarito preliminar<\/td><td><strong>09\/12\/2024<\/strong><\/td><\/tr><tr><td>Recursos contra o gabarito preliminar<\/td><td><strong>09 a 11\/12\/2024<\/strong><\/td><\/tr><tr><td>Resultado da prova e convoca\u00e7\u00e3o para a segunda etapa<\/td><td><strong>20\/12\/2024<\/strong><\/td><\/tr><tr><td>Recursos contra resultado<\/td><td><strong>21 e 22\/12\/2024<\/strong><\/td><\/tr><tr><td>Realiza\u00e7\u00e3o da segunda etapa<\/td><td><strong>08 a 09\/01\/2025<\/strong><\/td><\/tr><tr><td>Resultado preliminar<\/td><td><strong>20\/01\/2025<\/strong><\/td><\/tr><tr><td>Recursos<\/td><td><strong>21 e 22\/01\/2025<\/strong><\/td><\/tr><tr><td>Resultado final e convoca\u00e7\u00e3o da matr\u00edcula<\/td><td><strong>13\/02\/2025<\/strong><\/td><\/tr><\/tbody><\/table><\/figure>\n\n\n\n<figure class=\"wp-block-image size-large\"><a href=\"https:\/\/www.grupomedcof.com.br\/cofletters\/\"><img loading=\"lazy\" decoding=\"async\" width=\"1024\" height=\"366\" src=\"https:\/\/www.grupomedcof.com.br\/blog\/wp-content\/uploads\/2024\/08\/Capa-Eventos-MedCof-Plus-14-4-1024x366.png\" alt=\"\" class=\"wp-image-29290\" srcset=\"https:\/\/www.grupomedcof.com.br\/blog\/wp-content\/uploads\/2024\/08\/Capa-Eventos-MedCof-Plus-14-4-1024x366.png 1024w, https:\/\/www.grupomedcof.com.br\/blog\/wp-content\/uploads\/2024\/08\/Capa-Eventos-MedCof-Plus-14-4-300x107.png 300w, https:\/\/www.grupomedcof.com.br\/blog\/wp-content\/uploads\/2024\/08\/Capa-Eventos-MedCof-Plus-14-4-768x275.png 768w, https:\/\/www.grupomedcof.com.br\/blog\/wp-content\/uploads\/2024\/08\/Capa-Eventos-MedCof-Plus-14-4-1536x549.png 1536w, https:\/\/www.grupomedcof.com.br\/blog\/wp-content\/uploads\/2024\/08\/Capa-Eventos-MedCof-Plus-14-4-2048x732.png 2048w, https:\/\/www.grupomedcof.com.br\/blog\/wp-content\/uploads\/2024\/08\/Capa-Eventos-MedCof-Plus-14-4-1174x420.png 1174w, https:\/\/www.grupomedcof.com.br\/blog\/wp-content\/uploads\/2024\/08\/Capa-Eventos-MedCof-Plus-14-4-150x54.png 150w, https:\/\/www.grupomedcof.com.br\/blog\/wp-content\/uploads\/2024\/08\/Capa-Eventos-MedCof-Plus-14-4-696x249.png 696w, https:\/\/www.grupomedcof.com.br\/blog\/wp-content\/uploads\/2024\/08\/Capa-Eventos-MedCof-Plus-14-4-1068x382.png 1068w, https:\/\/www.grupomedcof.com.br\/blog\/wp-content\/uploads\/2024\/08\/Capa-Eventos-MedCof-Plus-14-4-1920x687.png 1920w\" sizes=\"auto, (max-width: 1024px) 100vw, 1024px\" \/><\/a><\/figure>\n\n\n\n<div class=\"wp-block-group\"><div class=\"wp-block-group__inner-container is-layout-constrained wp-block-group-is-layout-constrained\">\n<h2 class=\"wp-block-heading\" id=\"h-vagas-ofertadas\"><span class=\"ez-toc-section\" id=\"Vagas_ofertadas\"><\/span><strong>Vagas ofertadas<\/strong><span class=\"ez-toc-section-end\"><\/span><\/h2>\n\n\n\n<p>Veja as vagas ofertadas pela Santa Casa de Mar\u00edlia, distribu\u00eddas entre Acesso Direto e Pr\u00e9-Requisito!<\/p>\n\n\n\n<figure class=\"wp-block-table\"><table class=\"has-fixed-layout\"><tbody><tr><td><strong>Especialidades<\/strong><\/td><td><strong>Vagas<\/strong><\/td><\/tr><tr><td>Anestesiologia<\/td><td>4<\/td><\/tr><tr><td>Medicina Intensiva<\/td><td>2<\/td><\/tr><tr><td>Ortopedia e Traumatologia<\/td><td>3<\/td><\/tr><tr><td>Cardiologia*<\/td><td>3<\/td><\/tr><\/tbody><\/table><figcaption class=\"wp-element-caption\">*Pr\u00e9-Requisito<\/figcaption><\/figure>\n<\/div><\/div>\n\n\n\n<h2 class=\"wp-block-heading\" id=\"h-o-processo-seletivo\"><span class=\"ez-toc-section\" id=\"O_processo_seletivo\"><\/span><strong>O processo seletivo<\/strong><span class=\"ez-toc-section-end\"><\/span><\/h2>\n\n\n\n<p>Os candidatos ser\u00e3o avaliados por meio de duas fases, a prova objetiva e a an\u00e1lise curricular. <\/p>\n\n\n\n<h3 class=\"wp-block-heading\" id=\"h-prova-objetiva\"><span class=\"ez-toc-section\" id=\"Prova_objetiva\"><\/span><strong>Prova objetiva<\/strong><span class=\"ez-toc-section-end\"><\/span><\/h3>\n\n\n\n<p>Tendo dura\u00e7\u00e3o de 3 horas, a prova objetiva ser\u00e1 realizada no dia 09 de dezembro de 2024, \u00e0s 9h. A prova ser\u00e1 composta de quest\u00f5es de m\u00faltipla escolha. Ademais, essa fase valer\u00e1 90 pontos.<\/p>\n\n\n\n<p>Para todas as vagas das especialidades de Acesso Direto, as\u00a0<strong>50 quest\u00f5es<\/strong>\u00a0ser\u00e3o distribu\u00eddas igualmente entre as \u00e1reas:<strong> Cl\u00ednica M\u00e9dica, Cirurgia Geral, Pediatria, Ginecologia e Obstetr\u00edcia e Medicina Preventiva.<\/strong><\/p>\n\n\n\n<p>J\u00e1 para as vagas da especialidade com pr\u00e9-requisito, Cardiologia, as quest\u00f5es avaliar\u00e3o os conhecimentos dos candidatos sobre <strong>Cl\u00ednica M\u00e9dica.<\/strong><\/p>\n\n\n\n<h3 class=\"wp-block-heading\" id=\"h-analise-curricular\"><span class=\"ez-toc-section\" id=\"Analise_Curricular\"><\/span><strong>An\u00e1lise Curricular<\/strong><span class=\"ez-toc-section-end\"><\/span><\/h3>\n\n\n\n<p>Esta fase ser\u00e1 realizada entre os dias 8 e 9 de janeiro de 2025 e valer\u00e1 10 pontos. O local e hor\u00e1rio ser\u00e3o divulgados junto ao resultado da primeira fase no dia\u00a0<strong>20 de dezembro de 2024<\/strong>.<\/p>\n\n\n\n<p>Ser\u00e3o crit\u00e9rios de an\u00e1lise:<\/p>\n\n\n\n<figure class=\"wp-block-table\"><table class=\"has-fixed-layout\"><tbody><tr><td><strong>Item Avaliado<\/strong><\/td><td><strong>Pontua\u00e7\u00e3o M\u00e1xima<\/strong><\/td><td><strong>Metodologia de An\u00e1lise<\/strong><\/td><\/tr><tr><td>Hist\u00f3rico Escolar do Curso de Medicina<\/td><td>3,5 (tr\u00eas v\u00edrgula cinco) pontos<\/td><td>\u2022<br>Soma de todas as notas obtidas durante a gradua\u00e7\u00e3o, dividida pelo n\u00famero total de disciplinas. Quando as notas do hist\u00f3rico escolar forem dadas sob a forma de conceito, as notas ser\u00e3o transformadas para o valor m\u00e9dio correspondente ao conceito.<br>\u2022<br>Disciplinas com reprova\u00e7\u00e3o, depend\u00eancia ou desist\u00eancia ter\u00e3o valor 0 (zero) e entrar\u00e3o na soma das disciplinas<\/td><\/tr><tr><td>Monitoria oficial em disciplinas da gradua\u00e7\u00e3o<\/td><td>2,0 (dois) pontos<\/td><td>\u2022<br>0,5 (zero v\u00edrgula cinco) pontos por monitoria oficial<\/td><\/tr><tr><td>Bolsa de Estudo ou de Pesquisa<\/td><td>1,0 (um) ponto<\/td><td>\u2022<br>0,5 (zero v\u00edrgula cinco) pontos por bolsa de estudos ou pesquisa.<\/td><\/tr><tr><td>Trabalhos cient\u00edficos apresentados em congressos, simp\u00f3sios, semin\u00e1rios e encontros estudantis e\/ou m\u00e9dicos na forma de apresenta\u00e7\u00e3o oral ou p\u00f4ster<\/td><td>1,0 (um) ponto<\/td><td>\u2022<br>A pontua\u00e7\u00e3o \u00e9 contada por trabalho e n\u00e3o por evento.<br>\u2022<br>Como autor: 0,1 (zero v\u00edrgula um) ponto por trabalho<br>\u2022<br>Como coautor: 0,05 (zero v\u00edrgula zero cinco) pontos por trabalho.<\/td><\/tr><tr><td>Resumo de trabalho cient\u00edfico publicado em anais de congresso<\/td><td>0,5 (zero v\u00edrgula cinco) ponto<\/td><td>\u2022<br>A pontua\u00e7\u00e3o \u00e9 contada por trabalho e n\u00e3o por evento.<br>\u2022<br>Como autor: 0,05 (zero v\u00edrgula zero cinco) pontos por trabalho<br>\u2022<br>Como coautor: 0,025 (zero v\u00edrgula zero vinte e cinco) pontos por trabalho.<\/td><\/tr><tr><td>Publica\u00e7\u00f5es de artigos cient\u00edficos em revistas ou peri\u00f3dicos com corpo editorial<\/td><td>1,0 (um) ponto<\/td><td>\u25cf Como autor: 0,5 (zero v\u00edrgula cinco) pontos por publica\u00e7\u00e3o.<br>\u25cf Como coautor: 0,25 (zero v\u00edrgula vinte e cinco) pontos por publica\u00e7\u00e3o.<\/td><\/tr><tr><td>Participa\u00e7\u00e3o em Liga Acad\u00eamica<\/td><td>0,5 (zero v\u00edrgula cinco) ponto<\/td><td>\u2022<br>0,125 (zero v\u00edrgula cento e vinte e cinco) pontos<\/td><\/tr><tr><td>Est\u00e1gio em institui\u00e7\u00e3o de ensino p\u00fablica ou privada e\/ou hospitais<\/td><td>0,25 (zero v\u00edrgula vinte e cinco) ponto<\/td><td>\u2022<br>0,125 (zero v\u00edrgula cento e vinte e cinco) pontos<\/td><\/tr><tr><td>Atividades comunit\u00e1rias (campanhas educativas, de vacina\u00e7\u00e3o, coleta de dados, ministra\u00e7\u00e3o de palestras)<\/td><td>0,25 (zero v\u00edrgula vinte e cinco) ponto<\/td><td>\u2022<br>0,125 (zero v\u00edrgula cento e vinte e cinco) pontos<\/td><\/tr><\/tbody><\/table><\/figure>\n\n\n\n<h2 class=\"wp-block-heading\" id=\"h-edital-santa-casa-de-marilia-2024-2025\"><span class=\"ez-toc-section\" id=\"Edital_Santa_Casa_de_Marilia_20242025\"><\/span><strong>Edital Santa Casa de Mar\u00edlia 2024\/2025<\/strong><span class=\"ez-toc-section-end\"><\/span><\/h2>\n\n\n\n<p>Desse modo, confira o edital para mais informa\u00e7\u00f5es!<\/p>\n\n\n\n<div data-wp-interactive=\"core\/file\" class=\"wp-block-file\"><object data-wp-bind--hidden=\"!state.hasPdfPreview\" hidden class=\"wp-block-file__embed\" data=\"https:\/\/www.grupomedcof.com.br\/blog\/wp-content\/uploads\/2024\/09\/Edital-Santa-Casa-de-Marilia-2025.pdf\" type=\"application\/pdf\" style=\"width:100%;height:600px\" aria-label=\"Incorporado de Edital Santa Casa de Mar\u00edlia 2025.\"><\/object><a id=\"wp-block-file--media-d22be7b0-d455-41df-a62d-40dbf0c8a02e\" href=\"https:\/\/www.grupomedcof.com.br\/blog\/wp-content\/uploads\/2024\/09\/Edital-Santa-Casa-de-Marilia-2025.pdf\">Edital Santa Casa de Mar\u00edlia 2025<\/a><a href=\"https:\/\/www.grupomedcof.com.br\/blog\/wp-content\/uploads\/2024\/09\/Edital-Santa-Casa-de-Marilia-2025.pdf\" class=\"wp-block-file__button wp-element-button\" download aria-describedby=\"wp-block-file--media-d22be7b0-d455-41df-a62d-40dbf0c8a02e\">Baixar<\/a><\/div>\n\n\n\n<h2 class=\"wp-block-heading\" id=\"h-editais-anteriores\"><span class=\"ez-toc-section\" id=\"Editais_anteriores\"><\/span><strong>Editais anteriores<\/strong><span class=\"ez-toc-section-end\"><\/span><\/h2>\n\n\n\n<h3 class=\"wp-block-heading\" id=\"h-edital-2023-2024\"><span class=\"ez-toc-section\" id=\"Edital_20232024\"><\/span><strong>Edital 2023\/2024<\/strong><span class=\"ez-toc-section-end\"><\/span><\/h3>\n\n\n\n<p>Na edi\u00e7\u00e3o 2023\/2024 da Santa Casa de Mar\u00edlia, o edital foi divulgado no dia <strong>20 de setembro de 2023.<\/strong> A institui\u00e7\u00e3o tamb\u00e9m ofertou 16 vagas, distribu\u00eddas entre Acesso Direto e Pr\u00e9-Requisito, e o <strong>per\u00edodo de inscri\u00e7\u00f5es ocorreu entre os dias 6 de outubro e 12 de novembro de 2023<\/strong>. Ademais, a prova ocorreu no dia <strong>07 de dezembro de 2023.<\/strong><\/p>\n\n\n\n<h3 class=\"wp-block-heading\" id=\"h-edital-2022-2023\"><span class=\"ez-toc-section\" id=\"Edital_20222023\"><\/span><strong>Edital 2022\/2023<\/strong><span class=\"ez-toc-section-end\"><\/span><\/h3>\n\n\n\n<p>Diferentemente das outras edi\u00e7\u00f5es, o edital de 2022\/2023, divulgado no dia 30 de setembro de 2022, ofertou <strong>18 vagas<\/strong>, distribu\u00eddas entre Acesso Direto e Pr\u00e9-Requisito. A prova ocorreu no dia 07 de dezembro de 2022, e os candidatos tiveram o per\u00edodo de <strong>15 de outubro<\/strong> a <strong>29 de novembro de 2022<\/strong> para realizar a inscri\u00e7\u00e3o.<\/p>\n\n\n\n<h2 class=\"wp-block-heading\" id=\"o-m\u00e9todo-que-te-aprova\"><span class=\"ez-toc-section\" id=\"O_metodo_que_te_aprova\"><\/span><strong>O m\u00e9todo que te aprova!<\/strong><span class=\"ez-toc-section-end\"><\/span><\/h2>\n\n\n\n<p>Quer alcan\u00e7ar a aprova\u00e7\u00e3o nas provas de resid\u00eancia m\u00e9dica? Ent\u00e3o seja um&nbsp;<a href=\"https:\/\/www.grupomedcof.com.br\/home\/\" target=\"_blank\" rel=\"noreferrer noopener\">MedCoffer<\/a>! Aqui te ajudaremos na busca da aprova\u00e7\u00e3o com conte\u00fados de qualidade e uma&nbsp;<a href=\"https:\/\/www.grupomedcof.com.br\/blog\/presenca-da-medcof-nas-aprovacoes-em-residencia-medica-no-brasil\/\" target=\"_blank\" rel=\"noreferrer noopener\">metodologia que j\u00e1 aprovou mais de 10 mil residentes no pa\u00eds!&nbsp;<\/a>Por fim, acesse o nosso<a href=\"https:\/\/www.youtube.com\/@GrupoMedcof\/featured\" target=\"_blank\" rel=\"noreferrer noopener\">&nbsp;<strong>canal do youtube&nbsp;<\/strong><\/a>para ver o nosso material.<\/p>\n\n\n\n<figure class=\"wp-block-embed is-type-video is-provider-youtube wp-block-embed-youtube wp-embed-aspect-16-9 wp-has-aspect-ratio\"><div class=\"wp-block-embed__wrapper\">\n<div class=\"youtube-embed\" data-video_id=\"sJXb3tcW0N0\"><iframe loading=\"lazy\" title=\"Papo de M\u00e9dico - Como funciona a Resid\u00eancia em Emerg\u00eancia ? - Parte 5.\" width=\"696\" height=\"392\" src=\"https:\/\/www.youtube.com\/embed\/sJXb3tcW0N0?feature=oembed&#038;enablejsapi=1\" frameborder=\"0\" allow=\"accelerometer; autoplay; clipboard-write; encrypted-media; gyroscope; picture-in-picture; web-share\" referrerpolicy=\"strict-origin-when-cross-origin\" allowfullscreen><\/iframe><\/div>\n<\/div><\/figure>\n","protected":false},"excerpt":{"rendered":"<p>Santa Casa de Mar\u00edlia publica edital com 16 vagas para resid\u00eancia m\u00e9dica para 2024.<\/p>\n","protected":false},"author":20,"featured_media":29596,"comment_status":"open","ping_status":"open","sticky":false,"template":"","format":"standard","meta":{"footnotes":""},"categories":[287,2023,174],"tags":[245,160,93,1452,117,68],"ppma_author":[3616],"class_list":{"0":"post-14445","1":"post","2":"type-post","3":"status-publish","4":"format-standard","5":"has-post-thumbnail","7":"category-destaques-medcof","8":"category-editais","9":"category-residencia-medica","10":"tag-acesso-direto","11":"tag-especialidades-cirurgicas","12":"tag-especialidades-medicas","13":"tag-provas","14":"tag-provas-de-residencia","15":"tag-residencia-medica"},"yoast_head":"<!-- This site is optimized with the Yoast SEO Premium plugin v24.3 (Yoast SEO v27.4) - https:\/\/yoast.com\/product\/yoast-seo-premium-wordpress\/ -->\n<title>Santa Casa de Mar\u00edlia divulga edital para Resid\u00eancia M\u00e9dica 2024\/2025 - Blog de Medcof: conte\u00fados, editais, revalida e mais!<\/title>\n<meta name=\"description\" content=\"A Santa Casa de Mar\u00edlia divulgou seu edital de resid\u00eancia m\u00e9dica, ofertando 16 vagas para os candidatos. Veja!\" \/>\n<meta name=\"robots\" content=\"index, follow, max-snippet:-1, max-image-preview:large, max-video-preview:-1\" \/>\n<link rel=\"canonical\" href=\"https:\/\/www.grupomedcof.com.br\/blog\/edital-residencia-medica-santa-casa-de-marilia\/\" \/>\n<meta property=\"og:locale\" content=\"pt_BR\" \/>\n<meta property=\"og:type\" content=\"article\" \/>\n<meta property=\"og:title\" content=\"Santa Casa de Mar\u00edlia divulga edital para Resid\u00eancia M\u00e9dica 2024\/2025\" \/>\n<meta property=\"og:description\" content=\"A Santa Casa de Mar\u00edlia divulgou seu edital de resid\u00eancia m\u00e9dica, ofertando 16 vagas para os candidatos. Veja!\" \/>\n<meta property=\"og:url\" content=\"https:\/\/www.grupomedcof.com.br\/blog\/edital-residencia-medica-santa-casa-de-marilia\/\" \/>\n<meta property=\"og:site_name\" content=\"Blog de Medcof: conte\u00fados, editais, revalida e mais!\" \/>\n<meta property=\"article:publisher\" content=\"https:\/\/www.facebook.com\/MedCofQbank\/\" \/>\n<meta property=\"article:published_time\" content=\"2024-09-09T11:45:15+00:00\" \/>\n<meta property=\"article:modified_time\" content=\"2024-09-17T20:13:33+00:00\" \/>\n<meta property=\"og:image\" content=\"https:\/\/www.grupomedcof.com.br\/blog\/wp-content\/uploads\/2023\/09\/Modelo-instituicoes-2024-09-09T084406.424-1024x576.png\" \/>\n\t<meta property=\"og:image:width\" content=\"1024\" \/>\n\t<meta property=\"og:image:height\" content=\"576\" \/>\n\t<meta property=\"og:image:type\" content=\"image\/png\" \/>\n<meta name=\"author\" content=\"Leila Menzel\" \/>\n<meta name=\"twitter:card\" content=\"summary_large_image\" \/>\n<meta name=\"twitter:label1\" content=\"Escrito por\" \/>\n\t<meta name=\"twitter:data1\" content=\"Leila Menzel\" \/>\n\t<meta name=\"twitter:label2\" content=\"Est. tempo de leitura\" \/>\n\t<meta name=\"twitter:data2\" content=\"6 minutos\" \/>\n<script type=\"application\/ld+json\" class=\"yoast-schema-graph\">{\"@context\":\"https:\\\/\\\/schema.org\",\"@graph\":[{\"@type\":\"Article\",\"@id\":\"https:\\\/\\\/www.grupomedcof.com.br\\\/blog\\\/edital-residencia-medica-santa-casa-de-marilia\\\/#article\",\"isPartOf\":{\"@id\":\"https:\\\/\\\/www.grupomedcof.com.br\\\/blog\\\/edital-residencia-medica-santa-casa-de-marilia\\\/\"},\"author\":{\"name\":\"Leila Menzel\",\"@id\":\"https:\\\/\\\/www.grupomedcof.com.br\\\/blog\\\/#\\\/schema\\\/person\\\/9a44c2184a836bf5ae6967fdb3a1451e\"},\"headline\":\"Santa Casa de Mar\u00edlia divulga edital para Resid\u00eancia M\u00e9dica 2024\\\/2025\",\"datePublished\":\"2024-09-09T11:45:15+00:00\",\"dateModified\":\"2024-09-17T20:13:33+00:00\",\"mainEntityOfPage\":{\"@id\":\"https:\\\/\\\/www.grupomedcof.com.br\\\/blog\\\/edital-residencia-medica-santa-casa-de-marilia\\\/\"},\"wordCount\":945,\"commentCount\":1,\"publisher\":{\"@id\":\"https:\\\/\\\/www.grupomedcof.com.br\\\/blog\\\/#organization\"},\"image\":{\"@id\":\"https:\\\/\\\/www.grupomedcof.com.br\\\/blog\\\/edital-residencia-medica-santa-casa-de-marilia\\\/#primaryimage\"},\"thumbnailUrl\":\"https:\\\/\\\/www.grupomedcof.com.br\\\/blog\\\/wp-content\\\/uploads\\\/2023\\\/09\\\/Modelo-instituicoes-2024-09-09T084406.424.png\",\"keywords\":[\"Acesso Direto\",\"Especialidades cir\u00fargicas\",\"Especialidades m\u00e9dicas\",\"Provas\",\"Provas de Resid\u00eancia\",\"Resid\u00eancia M\u00e9dica\"],\"articleSection\":[\"Destaques MedCof\",\"Editais\",\"Resid\u00eancia m\u00e9dica: editais, resultados, temas quentes e mais\"],\"inLanguage\":\"pt-BR\"},{\"@type\":\"WebPage\",\"@id\":\"https:\\\/\\\/www.grupomedcof.com.br\\\/blog\\\/edital-residencia-medica-santa-casa-de-marilia\\\/\",\"url\":\"https:\\\/\\\/www.grupomedcof.com.br\\\/blog\\\/edital-residencia-medica-santa-casa-de-marilia\\\/\",\"name\":\"Santa Casa de Mar\u00edlia divulga edital para Resid\u00eancia M\u00e9dica 2024\\\/2025 - Blog de Medcof: conte\u00fados, editais, revalida e mais!\",\"isPartOf\":{\"@id\":\"https:\\\/\\\/www.grupomedcof.com.br\\\/blog\\\/#website\"},\"primaryImageOfPage\":{\"@id\":\"https:\\\/\\\/www.grupomedcof.com.br\\\/blog\\\/edital-residencia-medica-santa-casa-de-marilia\\\/#primaryimage\"},\"image\":{\"@id\":\"https:\\\/\\\/www.grupomedcof.com.br\\\/blog\\\/edital-residencia-medica-santa-casa-de-marilia\\\/#primaryimage\"},\"thumbnailUrl\":\"https:\\\/\\\/www.grupomedcof.com.br\\\/blog\\\/wp-content\\\/uploads\\\/2023\\\/09\\\/Modelo-instituicoes-2024-09-09T084406.424.png\",\"datePublished\":\"2024-09-09T11:45:15+00:00\",\"dateModified\":\"2024-09-17T20:13:33+00:00\",\"description\":\"A Santa Casa de Mar\u00edlia divulgou seu edital de resid\u00eancia m\u00e9dica, ofertando 16 vagas para os candidatos. Veja!\",\"breadcrumb\":{\"@id\":\"https:\\\/\\\/www.grupomedcof.com.br\\\/blog\\\/edital-residencia-medica-santa-casa-de-marilia\\\/#breadcrumb\"},\"inLanguage\":\"pt-BR\",\"potentialAction\":[{\"@type\":\"ReadAction\",\"target\":[\"https:\\\/\\\/www.grupomedcof.com.br\\\/blog\\\/edital-residencia-medica-santa-casa-de-marilia\\\/\"]}]},{\"@type\":\"ImageObject\",\"inLanguage\":\"pt-BR\",\"@id\":\"https:\\\/\\\/www.grupomedcof.com.br\\\/blog\\\/edital-residencia-medica-santa-casa-de-marilia\\\/#primaryimage\",\"url\":\"https:\\\/\\\/www.grupomedcof.com.br\\\/blog\\\/wp-content\\\/uploads\\\/2023\\\/09\\\/Modelo-instituicoes-2024-09-09T084406.424.png\",\"contentUrl\":\"https:\\\/\\\/www.grupomedcof.com.br\\\/blog\\\/wp-content\\\/uploads\\\/2023\\\/09\\\/Modelo-instituicoes-2024-09-09T084406.424.png\",\"width\":2560,\"height\":1440},{\"@type\":\"BreadcrumbList\",\"@id\":\"https:\\\/\\\/www.grupomedcof.com.br\\\/blog\\\/edital-residencia-medica-santa-casa-de-marilia\\\/#breadcrumb\",\"itemListElement\":[{\"@type\":\"ListItem\",\"position\":1,\"name\":\"In\u00edcio\",\"item\":\"https:\\\/\\\/www.grupomedcof.com.br\\\/blog\\\/\"},{\"@type\":\"ListItem\",\"position\":2,\"name\":\"Santa Casa de Mar\u00edlia divulga edital para Resid\u00eancia M\u00e9dica 2024\\\/2025\"}]},{\"@type\":\"WebSite\",\"@id\":\"https:\\\/\\\/www.grupomedcof.com.br\\\/blog\\\/#website\",\"url\":\"https:\\\/\\\/www.grupomedcof.com.br\\\/blog\\\/\",\"name\":\"Blog de Medcof: conte\u00fados, editais, revalida e mais!\",\"description\":\"Acesso o blog de MedCof! Seu portal de conte\u00fados sobre resid\u00eancia m\u00e9dica, an\u00e1lise e editais e muito mais. Clique e confira!\",\"publisher\":{\"@id\":\"https:\\\/\\\/www.grupomedcof.com.br\\\/blog\\\/#organization\"},\"alternateName\":\"Blog de Medcof: conte\u00fados, editais, revalida e mais!\",\"potentialAction\":[{\"@type\":\"SearchAction\",\"target\":{\"@type\":\"EntryPoint\",\"urlTemplate\":\"https:\\\/\\\/www.grupomedcof.com.br\\\/blog\\\/?s={search_term_string}\"},\"query-input\":{\"@type\":\"PropertyValueSpecification\",\"valueRequired\":true,\"valueName\":\"search_term_string\"}}],\"inLanguage\":\"pt-BR\"},{\"@type\":\"Organization\",\"@id\":\"https:\\\/\\\/www.grupomedcof.com.br\\\/blog\\\/#organization\",\"name\":\"Grupo MedCof\",\"url\":\"https:\\\/\\\/www.grupomedcof.com.br\\\/blog\\\/\",\"logo\":{\"@type\":\"ImageObject\",\"inLanguage\":\"pt-BR\",\"@id\":\"https:\\\/\\\/www.grupomedcof.com.br\\\/blog\\\/#\\\/schema\\\/logo\\\/image\\\/\",\"url\":\"https:\\\/\\\/www.grupomedcof.com.br\\\/blog\\\/wp-content\\\/uploads\\\/2022\\\/01\\\/logo-medcof.png\",\"contentUrl\":\"https:\\\/\\\/www.grupomedcof.com.br\\\/blog\\\/wp-content\\\/uploads\\\/2022\\\/01\\\/logo-medcof.png\",\"width\":768,\"height\":269,\"caption\":\"Grupo MedCof\"},\"image\":{\"@id\":\"https:\\\/\\\/www.grupomedcof.com.br\\\/blog\\\/#\\\/schema\\\/logo\\\/image\\\/\"},\"sameAs\":[\"https:\\\/\\\/www.facebook.com\\\/MedCofQbank\\\/\",\"https:\\\/\\\/www.instagram.com\\\/grupomedcof\\\/\",\"https:\\\/\\\/br.linkedin.com\\\/company\\\/medcof\",\"https:\\\/\\\/www.youtube.com\\\/channel\\\/UCdHMuOHKICxcHwecxN8P-AA\"]},{\"@type\":\"Person\",\"@id\":\"https:\\\/\\\/www.grupomedcof.com.br\\\/blog\\\/#\\\/schema\\\/person\\\/9a44c2184a836bf5ae6967fdb3a1451e\",\"name\":\"Leila Menzel\",\"image\":{\"@type\":\"ImageObject\",\"inLanguage\":\"pt-BR\",\"@id\":\"https:\\\/\\\/www.grupomedcof.com.br\\\/blog\\\/wp-content\\\/uploads\\\/2025\\\/09\\\/cropped-eu-96x96.jpeg19a74936d997c0a8b3031618467fa1d0\",\"url\":\"https:\\\/\\\/www.grupomedcof.com.br\\\/blog\\\/wp-content\\\/uploads\\\/2025\\\/09\\\/cropped-eu-96x96.jpeg\",\"contentUrl\":\"https:\\\/\\\/www.grupomedcof.com.br\\\/blog\\\/wp-content\\\/uploads\\\/2025\\\/09\\\/cropped-eu-96x96.jpeg\",\"caption\":\"Leila Menzel\"},\"description\":\"Estudante do 6\u00b0 semestre de jornalismo, amo e escrevo poesias e viajo em livros de romances clich\u00eas.\",\"url\":\"https:\\\/\\\/www.grupomedcof.com.br\\\/blog\\\/author\\\/leila-menzel\\\/\"}]}<\/script>\n<!-- \/ Yoast SEO Premium plugin. -->","yoast_head_json":{"title":"Santa Casa de Mar\u00edlia divulga edital para Resid\u00eancia M\u00e9dica 2024\/2025 - Blog de Medcof: conte\u00fados, editais, revalida e mais!","description":"A Santa Casa de Mar\u00edlia divulgou seu edital de resid\u00eancia m\u00e9dica, ofertando 16 vagas para os candidatos. Veja!","robots":{"index":"index","follow":"follow","max-snippet":"max-snippet:-1","max-image-preview":"max-image-preview:large","max-video-preview":"max-video-preview:-1"},"canonical":"https:\/\/www.grupomedcof.com.br\/blog\/edital-residencia-medica-santa-casa-de-marilia\/","og_locale":"pt_BR","og_type":"article","og_title":"Santa Casa de Mar\u00edlia divulga edital para Resid\u00eancia M\u00e9dica 2024\/2025","og_description":"A Santa Casa de Mar\u00edlia divulgou seu edital de resid\u00eancia m\u00e9dica, ofertando 16 vagas para os candidatos. Veja!","og_url":"https:\/\/www.grupomedcof.com.br\/blog\/edital-residencia-medica-santa-casa-de-marilia\/","og_site_name":"Blog de Medcof: conte\u00fados, editais, revalida e mais!","article_publisher":"https:\/\/www.facebook.com\/MedCofQbank\/","article_published_time":"2024-09-09T11:45:15+00:00","article_modified_time":"2024-09-17T20:13:33+00:00","og_image":[{"width":1024,"height":576,"url":"https:\/\/www.grupomedcof.com.br\/blog\/wp-content\/uploads\/2023\/09\/Modelo-instituicoes-2024-09-09T084406.424-1024x576.png","type":"image\/png"}],"author":"Leila Menzel","twitter_card":"summary_large_image","twitter_misc":{"Escrito por":"Leila Menzel","Est. tempo de leitura":"6 minutos"},"schema":{"@context":"https:\/\/schema.org","@graph":[{"@type":"Article","@id":"https:\/\/www.grupomedcof.com.br\/blog\/edital-residencia-medica-santa-casa-de-marilia\/#article","isPartOf":{"@id":"https:\/\/www.grupomedcof.com.br\/blog\/edital-residencia-medica-santa-casa-de-marilia\/"},"author":{"name":"Leila Menzel","@id":"https:\/\/www.grupomedcof.com.br\/blog\/#\/schema\/person\/9a44c2184a836bf5ae6967fdb3a1451e"},"headline":"Santa Casa de Mar\u00edlia divulga edital para Resid\u00eancia M\u00e9dica 2024\/2025","datePublished":"2024-09-09T11:45:15+00:00","dateModified":"2024-09-17T20:13:33+00:00","mainEntityOfPage":{"@id":"https:\/\/www.grupomedcof.com.br\/blog\/edital-residencia-medica-santa-casa-de-marilia\/"},"wordCount":945,"commentCount":1,"publisher":{"@id":"https:\/\/www.grupomedcof.com.br\/blog\/#organization"},"image":{"@id":"https:\/\/www.grupomedcof.com.br\/blog\/edital-residencia-medica-santa-casa-de-marilia\/#primaryimage"},"thumbnailUrl":"https:\/\/www.grupomedcof.com.br\/blog\/wp-content\/uploads\/2023\/09\/Modelo-instituicoes-2024-09-09T084406.424.png","keywords":["Acesso Direto","Especialidades cir\u00fargicas","Especialidades m\u00e9dicas","Provas","Provas de Resid\u00eancia","Resid\u00eancia M\u00e9dica"],"articleSection":["Destaques MedCof","Editais","Resid\u00eancia m\u00e9dica: editais, resultados, temas quentes e mais"],"inLanguage":"pt-BR"},{"@type":"WebPage","@id":"https:\/\/www.grupomedcof.com.br\/blog\/edital-residencia-medica-santa-casa-de-marilia\/","url":"https:\/\/www.grupomedcof.com.br\/blog\/edital-residencia-medica-santa-casa-de-marilia\/","name":"Santa Casa de Mar\u00edlia divulga edital para Resid\u00eancia M\u00e9dica 2024\/2025 - Blog de Medcof: conte\u00fados, editais, revalida e mais!","isPartOf":{"@id":"https:\/\/www.grupomedcof.com.br\/blog\/#website"},"primaryImageOfPage":{"@id":"https:\/\/www.grupomedcof.com.br\/blog\/edital-residencia-medica-santa-casa-de-marilia\/#primaryimage"},"image":{"@id":"https:\/\/www.grupomedcof.com.br\/blog\/edital-residencia-medica-santa-casa-de-marilia\/#primaryimage"},"thumbnailUrl":"https:\/\/www.grupomedcof.com.br\/blog\/wp-content\/uploads\/2023\/09\/Modelo-instituicoes-2024-09-09T084406.424.png","datePublished":"2024-09-09T11:45:15+00:00","dateModified":"2024-09-17T20:13:33+00:00","description":"A Santa Casa de Mar\u00edlia divulgou seu edital de resid\u00eancia m\u00e9dica, ofertando 16 vagas para os candidatos. Veja!","breadcrumb":{"@id":"https:\/\/www.grupomedcof.com.br\/blog\/edital-residencia-medica-santa-casa-de-marilia\/#breadcrumb"},"inLanguage":"pt-BR","potentialAction":[{"@type":"ReadAction","target":["https:\/\/www.grupomedcof.com.br\/blog\/edital-residencia-medica-santa-casa-de-marilia\/"]}]},{"@type":"ImageObject","inLanguage":"pt-BR","@id":"https:\/\/www.grupomedcof.com.br\/blog\/edital-residencia-medica-santa-casa-de-marilia\/#primaryimage","url":"https:\/\/www.grupomedcof.com.br\/blog\/wp-content\/uploads\/2023\/09\/Modelo-instituicoes-2024-09-09T084406.424.png","contentUrl":"https:\/\/www.grupomedcof.com.br\/blog\/wp-content\/uploads\/2023\/09\/Modelo-instituicoes-2024-09-09T084406.424.png","width":2560,"height":1440},{"@type":"BreadcrumbList","@id":"https:\/\/www.grupomedcof.com.br\/blog\/edital-residencia-medica-santa-casa-de-marilia\/#breadcrumb","itemListElement":[{"@type":"ListItem","position":1,"name":"In\u00edcio","item":"https:\/\/www.grupomedcof.com.br\/blog\/"},{"@type":"ListItem","position":2,"name":"Santa Casa de Mar\u00edlia divulga edital para Resid\u00eancia M\u00e9dica 2024\/2025"}]},{"@type":"WebSite","@id":"https:\/\/www.grupomedcof.com.br\/blog\/#website","url":"https:\/\/www.grupomedcof.com.br\/blog\/","name":"Blog de Medcof: conte\u00fados, editais, revalida e mais!","description":"Acesso o blog de MedCof! Seu portal de conte\u00fados sobre resid\u00eancia m\u00e9dica, an\u00e1lise e editais e muito mais. Clique e confira!","publisher":{"@id":"https:\/\/www.grupomedcof.com.br\/blog\/#organization"},"alternateName":"Blog de Medcof: conte\u00fados, editais, revalida e mais!","potentialAction":[{"@type":"SearchAction","target":{"@type":"EntryPoint","urlTemplate":"https:\/\/www.grupomedcof.com.br\/blog\/?s={search_term_string}"},"query-input":{"@type":"PropertyValueSpecification","valueRequired":true,"valueName":"search_term_string"}}],"inLanguage":"pt-BR"},{"@type":"Organization","@id":"https:\/\/www.grupomedcof.com.br\/blog\/#organization","name":"Grupo MedCof","url":"https:\/\/www.grupomedcof.com.br\/blog\/","logo":{"@type":"ImageObject","inLanguage":"pt-BR","@id":"https:\/\/www.grupomedcof.com.br\/blog\/#\/schema\/logo\/image\/","url":"https:\/\/www.grupomedcof.com.br\/blog\/wp-content\/uploads\/2022\/01\/logo-medcof.png","contentUrl":"https:\/\/www.grupomedcof.com.br\/blog\/wp-content\/uploads\/2022\/01\/logo-medcof.png","width":768,"height":269,"caption":"Grupo MedCof"},"image":{"@id":"https:\/\/www.grupomedcof.com.br\/blog\/#\/schema\/logo\/image\/"},"sameAs":["https:\/\/www.facebook.com\/MedCofQbank\/","https:\/\/www.instagram.com\/grupomedcof\/","https:\/\/br.linkedin.com\/company\/medcof","https:\/\/www.youtube.com\/channel\/UCdHMuOHKICxcHwecxN8P-AA"]},{"@type":"Person","@id":"https:\/\/www.grupomedcof.com.br\/blog\/#\/schema\/person\/9a44c2184a836bf5ae6967fdb3a1451e","name":"Leila Menzel","image":{"@type":"ImageObject","inLanguage":"pt-BR","@id":"https:\/\/www.grupomedcof.com.br\/blog\/wp-content\/uploads\/2025\/09\/cropped-eu-96x96.jpeg19a74936d997c0a8b3031618467fa1d0","url":"https:\/\/www.grupomedcof.com.br\/blog\/wp-content\/uploads\/2025\/09\/cropped-eu-96x96.jpeg","contentUrl":"https:\/\/www.grupomedcof.com.br\/blog\/wp-content\/uploads\/2025\/09\/cropped-eu-96x96.jpeg","caption":"Leila Menzel"},"description":"Estudante do 6\u00b0 semestre de jornalismo, amo e escrevo poesias e viajo em livros de romances clich\u00eas.","url":"https:\/\/www.grupomedcof.com.br\/blog\/author\/leila-menzel\/"}]}},"authors":[{"term_id":3616,"user_id":20,"is_guest":0,"slug":"leila-menzel","display_name":"Leila Menzel","avatar_url":"https:\/\/www.grupomedcof.com.br\/blog\/wp-content\/uploads\/2025\/09\/cropped-eu-96x96.jpeg","0":null,"1":"","2":"","3":"","4":"","5":"","6":"","7":"","8":""}],"_links":{"self":[{"href":"https:\/\/www.grupomedcof.com.br\/blog\/wp-json\/wp\/v2\/posts\/14445","targetHints":{"allow":["GET"]}}],"collection":[{"href":"https:\/\/www.grupomedcof.com.br\/blog\/wp-json\/wp\/v2\/posts"}],"about":[{"href":"https:\/\/www.grupomedcof.com.br\/blog\/wp-json\/wp\/v2\/types\/post"}],"author":[{"embeddable":true,"href":"https:\/\/www.grupomedcof.com.br\/blog\/wp-json\/wp\/v2\/users\/20"}],"replies":[{"embeddable":true,"href":"https:\/\/www.grupomedcof.com.br\/blog\/wp-json\/wp\/v2\/comments?post=14445"}],"version-history":[{"count":0,"href":"https:\/\/www.grupomedcof.com.br\/blog\/wp-json\/wp\/v2\/posts\/14445\/revisions"}],"wp:featuredmedia":[{"embeddable":true,"href":"https:\/\/www.grupomedcof.com.br\/blog\/wp-json\/wp\/v2\/media\/29596"}],"wp:attachment":[{"href":"https:\/\/www.grupomedcof.com.br\/blog\/wp-json\/wp\/v2\/media?parent=14445"}],"wp:term":[{"taxonomy":"category","embeddable":true,"href":"https:\/\/www.grupomedcof.com.br\/blog\/wp-json\/wp\/v2\/categories?post=14445"},{"taxonomy":"post_tag","embeddable":true,"href":"https:\/\/www.grupomedcof.com.br\/blog\/wp-json\/wp\/v2\/tags?post=14445"},{"taxonomy":"author","embeddable":true,"href":"https:\/\/www.grupomedcof.com.br\/blog\/wp-json\/wp\/v2\/ppma_author?post=14445"}],"curies":[{"name":"wp","href":"https:\/\/api.w.org\/{rel}","templated":true}]}}