{"id":14462,"date":"2026-04-10T13:53:07","date_gmt":"2026-04-10T16:53:07","guid":{"rendered":"https:\/\/www.grupomedcof.com.br\/blog\/?p=14462"},"modified":"2026-04-10T13:53:09","modified_gmt":"2026-04-10T16:53:09","slug":"edital-residencia-medica-dante-pazzanese","status":"publish","type":"post","link":"https:\/\/www.grupomedcof.com.br\/blog\/edital-residencia-medica-dante-pazzanese\/","title":{"rendered":"Resid\u00eancia M\u00e9dica Dante Pazzanese 2025\/2026: data, vagas e resultado final"},"content":{"rendered":"<div id=\"ez-toc-container\" class=\"ez-toc-v2_0_74 counter-hierarchy ez-toc-counter ez-toc-transparent ez-toc-container-direction\">\n<div class=\"ez-toc-title-container\">\n<p class=\"ez-toc-title\" style=\"cursor:inherit\">Sum\u00e1rio<\/p>\n<span class=\"ez-toc-title-toggle\"><a href=\"#\" class=\"ez-toc-pull-right ez-toc-btn ez-toc-btn-xs ez-toc-btn-default ez-toc-toggle\" aria-label=\"Alternar tabela de conte\u00fado\"><span class=\"ez-toc-js-icon-con\"><span class=\"\"><span class=\"eztoc-hide\" style=\"display:none;\">Toggle<\/span><span class=\"ez-toc-icon-toggle-span\"><svg style=\"fill: #999;color:#999\" xmlns=\"http:\/\/www.w3.org\/2000\/svg\" class=\"list-377408\" width=\"20px\" height=\"20px\" viewBox=\"0 0 24 24\" fill=\"none\"><path d=\"M6 6H4v2h2V6zm14 0H8v2h12V6zM4 11h2v2H4v-2zm16 0H8v2h12v-2zM4 16h2v2H4v-2zm16 0H8v2h12v-2z\" fill=\"currentColor\"><\/path><\/svg><svg style=\"fill: #999;color:#999\" class=\"arrow-unsorted-368013\" xmlns=\"http:\/\/www.w3.org\/2000\/svg\" width=\"10px\" height=\"10px\" viewBox=\"0 0 24 24\" version=\"1.2\" baseProfile=\"tiny\"><path d=\"M18.2 9.3l-6.2-6.3-6.2 6.3c-.2.2-.3.4-.3.7s.1.5.3.7c.2.2.4.3.7.3h11c.3 0 .5-.1.7-.3.2-.2.3-.5.3-.7s-.1-.5-.3-.7zM5.8 14.7l6.2 6.3 6.2-6.3c.2-.2.3-.5.3-.7s-.1-.5-.3-.7c-.2-.2-.4-.3-.7-.3h-11c-.3 0-.5.1-.7.3-.2.2-.3.5-.3.7s.1.5.3.7z\"\/><\/svg><\/span><\/span><\/span><\/a><\/span><\/div>\n<nav><ul class='ez-toc-list ez-toc-list-level-1 ' ><li class='ez-toc-page-1 ez-toc-heading-level-2'><a class=\"ez-toc-link ez-toc-heading-1\" href=\"https:\/\/www.grupomedcof.com.br\/blog\/edital-residencia-medica-dante-pazzanese\/#Informacoes_edital_Instituto_Dante_Pazzanese_20252026\" >Informa\u00e7\u00f5es edital Instituto Dante Pazzanese 2025\/2026<\/a><\/li><li class='ez-toc-page-1 ez-toc-heading-level-2'><a class=\"ez-toc-link ez-toc-heading-2\" href=\"https:\/\/www.grupomedcof.com.br\/blog\/edital-residencia-medica-dante-pazzanese\/#Processo_Seletivo_Dante_Pazzanese_20252026\" >Processo Seletivo Dante Pazzanese 2025\/2026<\/a><ul class='ez-toc-list-level-3' ><li class='ez-toc-heading-level-3'><a class=\"ez-toc-link ez-toc-heading-3\" href=\"https:\/\/www.grupomedcof.com.br\/blog\/edital-residencia-medica-dante-pazzanese\/#Prova_Objetiva\" >Prova Objetiva<\/a><\/li><li class='ez-toc-page-1 ez-toc-heading-level-3'><a class=\"ez-toc-link ez-toc-heading-4\" href=\"https:\/\/www.grupomedcof.com.br\/blog\/edital-residencia-medica-dante-pazzanese\/#Analise_Curricular\" >An\u00e1lise Curricular<\/a><\/li><\/ul><\/li><li class='ez-toc-page-1 ez-toc-heading-level-2'><a class=\"ez-toc-link ez-toc-heading-5\" href=\"https:\/\/www.grupomedcof.com.br\/blog\/edital-residencia-medica-dante-pazzanese\/#Vagas_residencia_medica_Dante_Pazzanese\" >Vagas resid\u00eancia m\u00e9dica Dante Pazzanese<\/a><ul class='ez-toc-list-level-3' ><li class='ez-toc-heading-level-3'><a class=\"ez-toc-link ez-toc-heading-6\" href=\"https:\/\/www.grupomedcof.com.br\/blog\/edital-residencia-medica-dante-pazzanese\/#Acesso_direto_e_Pre-Requisito\" >Acesso direto e Pr\u00e9-Requisito<\/a><\/li><li class='ez-toc-page-1 ez-toc-heading-level-3'><a class=\"ez-toc-link ez-toc-heading-7\" href=\"https:\/\/www.grupomedcof.com.br\/blog\/edital-residencia-medica-dante-pazzanese\/#Areas_de_Atuacao\" >\u00c1reas de Atua\u00e7\u00e3o<\/a><\/li><\/ul><\/li><li class='ez-toc-page-1 ez-toc-heading-level-2'><a class=\"ez-toc-link ez-toc-heading-8\" href=\"https:\/\/www.grupomedcof.com.br\/blog\/edital-residencia-medica-dante-pazzanese\/#Cronograma_Dante_Pazzanese\" >Cronograma Dante Pazzanese<\/a><ul class='ez-toc-list-level-3' ><li class='ez-toc-heading-level-3'><a class=\"ez-toc-link ez-toc-heading-9\" href=\"https:\/\/www.grupomedcof.com.br\/blog\/edital-residencia-medica-dante-pazzanese\/#Edital_Acesso_Direto_e_Pre-Requisito\" >Edital Acesso Direto e Pr\u00e9-Requisito<\/a><\/li><li class='ez-toc-page-1 ez-toc-heading-level-3'><a class=\"ez-toc-link ez-toc-heading-10\" href=\"https:\/\/www.grupomedcof.com.br\/blog\/edital-residencia-medica-dante-pazzanese\/#Edital_Area_de_Atuacao\" >Edital \u00c1rea de Atua\u00e7\u00e3o<\/a><\/li><\/ul><\/li><li class='ez-toc-page-1 ez-toc-heading-level-2'><a class=\"ez-toc-link ez-toc-heading-11\" href=\"https:\/\/www.grupomedcof.com.br\/blog\/edital-residencia-medica-dante-pazzanese\/#Convocacao_para_a_2a_etapa\" >Convoca\u00e7\u00e3o para a 2\u00aa etapa&nbsp;<\/a><\/li><li class='ez-toc-page-1 ez-toc-heading-level-2'><a class=\"ez-toc-link ez-toc-heading-12\" href=\"https:\/\/www.grupomedcof.com.br\/blog\/edital-residencia-medica-dante-pazzanese\/#Resultado_Final_Dante_Pazzanese_20252026\" >Resultado Final Dante Pazzanese 2025\/2026<\/a><\/li><li class='ez-toc-page-1 ez-toc-heading-level-2'><a class=\"ez-toc-link ez-toc-heading-13\" href=\"https:\/\/www.grupomedcof.com.br\/blog\/edital-residencia-medica-dante-pazzanese\/#Nota_de_Corte_de_residencia_medica_Dante_Pazzanese_20252026\" >Nota de Corte de resid\u00eancia m\u00e9dica Dante Pazzanese 2025\/2026<\/a><\/li><li class='ez-toc-page-1 ez-toc-heading-level-2'><a class=\"ez-toc-link ez-toc-heading-14\" href=\"https:\/\/www.grupomedcof.com.br\/blog\/edital-residencia-medica-dante-pazzanese\/#Conquiste_a_Aprovacao_no_Dante_Pazzanese\" >Conquiste a Aprova\u00e7\u00e3o no Dante Pazzanese!<\/a><\/li><\/ul><\/nav><\/div>\n\n<figure class=\"wp-block-image size-large\"><img loading=\"lazy\" decoding=\"async\" width=\"1024\" height=\"576\" src=\"https:\/\/www.grupomedcof.com.br\/blog\/wp-content\/uploads\/2023\/09\/Modelo-instituicoes-8-1024x576.png\" alt=\"Logo escrito Dante Pazzanese no canto inferior direito h\u00e1 o logo MedCof\" class=\"wp-image-29887\" srcset=\"https:\/\/www.grupomedcof.com.br\/blog\/wp-content\/uploads\/2023\/09\/Modelo-instituicoes-8-1024x576.png 1024w, https:\/\/www.grupomedcof.com.br\/blog\/wp-content\/uploads\/2023\/09\/Modelo-instituicoes-8-300x169.png 300w, https:\/\/www.grupomedcof.com.br\/blog\/wp-content\/uploads\/2023\/09\/Modelo-instituicoes-8-768x432.png 768w, https:\/\/www.grupomedcof.com.br\/blog\/wp-content\/uploads\/2023\/09\/Modelo-instituicoes-8-1536x864.png 1536w, https:\/\/www.grupomedcof.com.br\/blog\/wp-content\/uploads\/2023\/09\/Modelo-instituicoes-8-2048x1152.png 2048w, https:\/\/www.grupomedcof.com.br\/blog\/wp-content\/uploads\/2023\/09\/Modelo-instituicoes-8-747x420.png 747w, https:\/\/www.grupomedcof.com.br\/blog\/wp-content\/uploads\/2023\/09\/Modelo-instituicoes-8-150x84.png 150w, https:\/\/www.grupomedcof.com.br\/blog\/wp-content\/uploads\/2023\/09\/Modelo-instituicoes-8-696x392.png 696w, https:\/\/www.grupomedcof.com.br\/blog\/wp-content\/uploads\/2023\/09\/Modelo-instituicoes-8-1068x601.png 1068w, https:\/\/www.grupomedcof.com.br\/blog\/wp-content\/uploads\/2023\/09\/Modelo-instituicoes-8-1920x1080.png 1920w\" sizes=\"auto, (max-width: 1024px) 100vw, 1024px\" \/><\/figure>\n\n\n\n<p>Confira as principais informa\u00e7\u00f5es do <strong>processo seletivo de resid\u00eancia m\u00e9dica<\/strong> do <strong>Dante Pazzanese de 2025\/2026<\/strong>.<\/p>\n\n\n\n<h2 class=\"wp-block-heading\" id=\"h-informacoes-edital-instituto-dante-pazzanese-2025-2026\"><span class=\"ez-toc-section\" id=\"Informacoes_edital_Instituto_Dante_Pazzanese_20252026\"><\/span><strong>Informa\u00e7\u00f5es edital Instituto Dante Pazzanese 2025\/2026<\/strong><span class=\"ez-toc-section-end\"><\/span><\/h2>\n\n\n\n<p>O <strong>Instituto Dante Pazzanese<\/strong> divulgou no dia 17 de setembro de 2025, os editais de 2025\/2026 para as especialidades de Acesso Direto, Pr\u00e9-Requisito e \u00c1reas de Atua\u00e7\u00e3o em resid\u00eancia m\u00e9dica. Ao todo, mais de <strong>100 vagas<\/strong> <strong>s\u00e3o ofertadas.<\/strong><\/p>\n\n\n\n<p>De acordo com os documentos dispon\u00edveis no <strong>site da institui\u00e7\u00e3o<\/strong>, as inscri\u00e7\u00f5es para o processo seletivo ocorreram a partir das <strong>10 horas do dia 06 de outubro e encerraram \u00e0s 16 horas do dia 12 de novembro de 2025<\/strong>. Assim, os candidatos preencheram o formul\u00e1rio de inscri\u00e7\u00e3o e efetuaram o pagamento da taxa no valor de <strong>R$600,00.<\/strong><\/p>\n\n\n\n<h2 class=\"wp-block-heading\" id=\"h-processo-seletivo-dante-pazzanese-2025-2026\"><span class=\"ez-toc-section\" id=\"Processo_Seletivo_Dante_Pazzanese_20252026\"><\/span><strong>Processo Seletivo Dante Pazzanese 2025\/2026<\/strong><span class=\"ez-toc-section-end\"><\/span><\/h2>\n\n\n\n<p>Segundo a publica\u00e7\u00e3o, o processo seletivo para resid\u00eancia m\u00e9dica 2025\/2026 do Instituto Dante Pazzanese ter\u00e1 <strong>duas fases avaliativas.<\/strong><\/p>\n\n\n\n<h3 class=\"wp-block-heading\" id=\"h-prova-objetiva\"><span class=\"ez-toc-section\" id=\"Prova_Objetiva\"><\/span><strong>Prova Objetiva<\/strong><span class=\"ez-toc-section-end\"><\/span><\/h3>\n\n\n\n<p>A primeira fase consistiu na aplica\u00e7\u00e3o da <strong>prova objetiva no dia 23 de novembro de 2025, <\/strong>no Col\u00e9gio S\u00e3o Lu\u00eds na Av. Dr. Dante Pazzanese, 295 &#8211; Vila Mariana, S\u00e3o Paulo &#8211; SP. Entretanto, ela conteve composi\u00e7\u00f5es diferentes, confira:<\/p>\n\n\n\n<p>Para os candidatos de <strong>Acesso Direto\/Pr\u00e9-requisito<\/strong>, a prova contou com <strong>80 quest\u00f5es <\/strong>de m\u00faltipla escolha e <strong>04 horas de dura\u00e7\u00e3o<\/strong>, ocorrendo <strong>das 08h \u00e0s 12h <\/strong>(hor\u00e1rio de Bras\u00edlia).<\/p>\n\n\n\n<p>Para <strong>\u00c1reas de Atua\u00e7\u00e3o<\/strong>, os candidatos realizaram a prova em <strong>03 horas, tendo in\u00edcio \u00e0s 13h e t\u00e9rmino \u00e0s 16h<\/strong> (hor\u00e1rio de Bras\u00edlia).<\/p>\n\n\n\n<h3 class=\"wp-block-heading\" id=\"h-analise-curricular\"><span class=\"ez-toc-section\" id=\"Analise_Curricular\"><\/span><strong>An\u00e1lise Curricular<\/strong><span class=\"ez-toc-section-end\"><\/span><\/h3>\n\n\n\n<p>J\u00e1 a segunda fase foi a realiza\u00e7\u00e3o de uma <strong>Avalia\u00e7\u00e3o Curricular <\/strong>para os candidatos que <strong>obterem nota igual ou superior a 50 pontos na prova.<\/strong><\/p>\n\n\n\n<p>Para <strong>Acesso Direto e Pr\u00e9-Requisito, ela ocorreu no dia 05 de dezembro.<\/strong> Para <strong>\u00c1reas de Atua\u00e7\u00e3o, a An\u00e1lise ocorrer\u00e1 entre os dias 28 e 30 de janeiro de 2026<\/strong>.<\/p>\n\n\n\n<h2 class=\"wp-block-heading\" id=\"h-vagas-residencia-medica-dante-pazzanese\"><span class=\"ez-toc-section\" id=\"Vagas_residencia_medica_Dante_Pazzanese\"><\/span><strong>Vagas resid\u00eancia m\u00e9dica Dante Pazzanese<\/strong><span class=\"ez-toc-section-end\"><\/span><\/h2>\n\n\n\n<h3 class=\"wp-block-heading\" id=\"h-acesso-direto-e-pre-requisito\"><span class=\"ez-toc-section\" id=\"Acesso_direto_e_Pre-Requisito\"><\/span><strong>Acesso direto e Pr\u00e9-Requisito<\/strong><span class=\"ez-toc-section-end\"><\/span><\/h3>\n\n\n\n<figure class=\"wp-block-table\"><table class=\"has-fixed-layout\"><tbody><tr><td><strong>Especialidade<\/strong><\/td><td><strong>N\u00ba de vagas ofertadas<\/strong><\/td><\/tr><tr><td>Cardiologia*<\/td><td>60<\/td><\/tr><tr><td>Cirurgia Cardiovascular<\/td><td>06<\/td><\/tr><tr><td>Cirurgia Vascular*<\/td><td>04<\/td><\/tr><\/tbody><\/table><figcaption class=\"wp-element-caption\">*Pr\u00e9-Requisito exigido.<\/figcaption><\/figure>\n\n\n\n<h3 class=\"wp-block-heading\" id=\"h-areas-de-atuacao\"><span class=\"ez-toc-section\" id=\"Areas_de_Atuacao\"><\/span><strong>\u00c1reas de Atua\u00e7\u00e3o<\/strong><span class=\"ez-toc-section-end\"><\/span><\/h3>\n\n\n\n<figure class=\"wp-block-table\"><table class=\"has-fixed-layout\"><tbody><tr><td><strong>Especialidades<\/strong><\/td><td><strong>N\u00ba de vagas<\/strong><\/td><\/tr><tr><td>Cardiologia Pedi\u00e1trica<\/td><td>12<\/td><\/tr><tr><td>Cardiointensivismo<\/td><td>02<\/td><\/tr><tr><td>Cirurgia Endovascular<\/td><td>04<\/td><\/tr><tr><td>Ecocardiografia<\/td><td>09<\/td><\/tr><tr><td>Ecografia Vascular Doppler<\/td><td>02<\/td><\/tr><tr><td>Eletrofisiologia Cl\u00ednica e Invasiva<\/td><td>03<\/td><\/tr><tr><td>Ergometria<\/td><td>03<\/td><\/tr><tr><td>Hemodin\u00e2mica e Cardiologia Intervencionista&nbsp;<\/td><td>06<\/td><\/tr><tr><td>Transplante de Cora\u00e7\u00e3o\/Cardiologia<\/td><td>02<\/td><\/tr><\/tbody><\/table><\/figure>\n\n\n\n<h2 class=\"wp-block-heading\" id=\"h-cronograma-dante-pazzanese\"><span class=\"ez-toc-section\" id=\"Cronograma_Dante_Pazzanese\"><\/span><strong>Cronograma Dante Pazzanese<\/strong><span class=\"ez-toc-section-end\"><\/span><\/h2>\n\n\n\n<p>Por fim, confira o resumo de cada edital com as principais datas do processo seletivo para resid\u00eancia m\u00e9dica com ingresso em 2026.<\/p>\n\n\n\n<figure class=\"wp-block-table\"><table class=\"has-fixed-layout\"><tbody><tr><td><strong>Inscri\u00e7\u00f5es<\/strong><\/td><td>06\/10 a 12\/11\/2025<\/td><\/tr><tr><td><strong>Prova Objetiva (1\u00aa fase)<\/strong><\/td><td>23\/11\/2025<\/td><\/tr><tr><td><strong>Gabarito<\/strong><\/td><td>23\/11\/2025<\/td><\/tr><tr><td><strong>Resultado da 1\u00aa fase e convoca\u00e7\u00e3o para Avalia\u00e7\u00e3o Curricular (2\u00aa fase)<\/strong><\/td><td><strong>Acesso Direto e Pr\u00e9-Requisito<\/strong>: 02\/12\/2025<br><strong>\u00c1reas de Atua\u00e7\u00e3o<\/strong>: 19\/01\/2026<\/td><\/tr><tr><td><strong>Avalia\u00e7\u00e3o Curricular<\/strong><\/td><td><strong>Acesso Direto e Pr\u00e9-Requisito<\/strong>: 05\/12\/2025<br><strong>\u00c1reas de Atua\u00e7\u00e3o<\/strong>: 28 a 30\/01\/2025<\/td><\/tr><tr><td><strong>Resultado Final<\/strong><\/td><td><strong>Acesso Direto e Pr\u00e9-Requisito<\/strong>: 15\/12\/2025<br><strong>\u00c1reas de Atua\u00e7\u00e3o<\/strong>: 09\/02\/2026<\/td><\/tr><tr><td><strong>Matr\u00edcula<\/strong><\/td><td><strong>Acesso Direto e Pr\u00e9-Requisito<\/strong>:20 a 30\/01\/2026<br><strong>\u00c1reas de Atua\u00e7\u00e3o<\/strong>: 11 a 13\/02\/2026<\/td><\/tr><\/tbody><\/table><\/figure>\n\n\n\n<h3 class=\"wp-block-heading\" id=\"h-edital-acesso-direto-e-pre-requisito\"><span class=\"ez-toc-section\" id=\"Edital_Acesso_Direto_e_Pre-Requisito\"><\/span><strong>Edital Acesso Direto e Pr\u00e9-Requisito<\/strong><span class=\"ez-toc-section-end\"><\/span><\/h3>\n\n\n\n<div class=\"wp-block-buttons is-content-justification-center is-layout-flex wp-container-core-buttons-is-layout-16018d1d wp-block-buttons-is-layout-flex\">\n<div class=\"wp-block-button\"><a class=\"wp-block-button__link wp-element-button\" href=\"https:\/\/doe.sp.gov.br\/executivo\/secretaria-da-saude\/comunicado-de-16-de-setembro-de-2025-202509161136141171991341336\" target=\"_blank\" rel=\"noreferrer noopener\">Clique e confira!<\/a><\/div>\n<\/div>\n\n\n\n<h3 class=\"wp-block-heading\" id=\"h-edital-area-de-atuacao\"><span class=\"ez-toc-section\" id=\"Edital_Area_de_Atuacao\"><\/span><strong>Edital \u00c1rea de Atua\u00e7\u00e3o<\/strong><span class=\"ez-toc-section-end\"><\/span><\/h3>\n\n\n\n<div class=\"wp-block-buttons is-content-justification-center is-layout-flex wp-container-core-buttons-is-layout-16018d1d wp-block-buttons-is-layout-flex\">\n<div class=\"wp-block-button\"><a class=\"wp-block-button__link wp-element-button\" href=\"https:\/\/www.grupomedcof.com.br\/blog\/wp-content\/uploads\/2024\/12\/Edital-Dante-Pazzanese-2026-AA_compressed.pdf\" target=\"_blank\" rel=\"noreferrer noopener\">Clique e confira!<\/a><\/div>\n<\/div>\n\n\n\n<figure class=\"wp-block-image size-large\"><img loading=\"lazy\" decoding=\"async\" width=\"1024\" height=\"366\" src=\"https:\/\/www.grupomedcof.com.br\/blog\/wp-content\/uploads\/2024\/10\/Capa-Eventos-MedCof-Plus-1-1024x366.png\" alt=\"\" class=\"wp-image-30896\" srcset=\"https:\/\/www.grupomedcof.com.br\/blog\/wp-content\/uploads\/2024\/10\/Capa-Eventos-MedCof-Plus-1-1024x366.png 1024w, https:\/\/www.grupomedcof.com.br\/blog\/wp-content\/uploads\/2024\/10\/Capa-Eventos-MedCof-Plus-1-300x107.png 300w, https:\/\/www.grupomedcof.com.br\/blog\/wp-content\/uploads\/2024\/10\/Capa-Eventos-MedCof-Plus-1-768x275.png 768w, https:\/\/www.grupomedcof.com.br\/blog\/wp-content\/uploads\/2024\/10\/Capa-Eventos-MedCof-Plus-1-1536x549.png 1536w, https:\/\/www.grupomedcof.com.br\/blog\/wp-content\/uploads\/2024\/10\/Capa-Eventos-MedCof-Plus-1-2048x732.png 2048w, https:\/\/www.grupomedcof.com.br\/blog\/wp-content\/uploads\/2024\/10\/Capa-Eventos-MedCof-Plus-1-1175x420.png 1175w, https:\/\/www.grupomedcof.com.br\/blog\/wp-content\/uploads\/2024\/10\/Capa-Eventos-MedCof-Plus-1-150x54.png 150w, https:\/\/www.grupomedcof.com.br\/blog\/wp-content\/uploads\/2024\/10\/Capa-Eventos-MedCof-Plus-1-696x249.png 696w, https:\/\/www.grupomedcof.com.br\/blog\/wp-content\/uploads\/2024\/10\/Capa-Eventos-MedCof-Plus-1-1068x382.png 1068w, https:\/\/www.grupomedcof.com.br\/blog\/wp-content\/uploads\/2024\/10\/Capa-Eventos-MedCof-Plus-1-1920x686.png 1920w\" sizes=\"auto, (max-width: 1024px) 100vw, 1024px\" \/><\/figure>\n\n\n\n<h2 class=\"wp-block-heading\" id=\"h-convocacao-para-a-2\u00aa-etapa-nbsp\"><span class=\"ez-toc-section\" id=\"Convocacao_para_a_2a_etapa\"><\/span><strong>Convoca\u00e7\u00e3o para a 2\u00aa etapa&nbsp;<\/strong><span class=\"ez-toc-section-end\"><\/span><\/h2>\n\n\n\n<p>A <strong>convoca\u00e7\u00e3o para a an\u00e1lise curricular<\/strong> ocorreu no dia <strong>02 de dezembro<\/strong>, junto do<strong> resultado definitivo da prova objetiva<\/strong>. Para conferir o desempenho, \u00e9 necess\u00e1rio acessar o site a seguir:<\/p>\n\n\n\n<div class=\"wp-block-buttons is-layout-flex wp-block-buttons-is-layout-flex\">\n<div class=\"wp-block-button\"><a class=\"wp-block-button__link wp-element-button\" href=\"https:\/\/www.edudata.com.br\/dantepazzanese26\/dantepazzanese26_portal.asp?p=res1_pos\" target=\"_blank\" rel=\"noreferrer noopener\">Consulte o resultado da primeira fase!<\/a><\/div>\n<\/div>\n\n\n\n<p>Al\u00e9m disso, tamb\u00e9m \u00e9 poss\u00edvel consultar o local, data e hor\u00e1rio da segunda fase:<\/p>\n\n\n\n<div class=\"wp-block-buttons is-layout-flex wp-block-buttons-is-layout-flex\">\n<div class=\"wp-block-button\"><a class=\"wp-block-button__link wp-element-button\" href=\"https:\/\/www.edudata.com.br\/dantepazzanese26\/dantepazzanese26_portal.asp?p=av_curr\" target=\"_blank\" rel=\"noreferrer noopener\">Consulte o local de prova e sala da segunda fase!<\/a><\/div>\n<\/div>\n\n\n\n<p>O candidato convocado para a segunda etapa teve o curr\u00edculo avaliado no dia <strong>05 de dezembro de 2025<\/strong>, e em seguida, no dia 10, foi divulgado o resultado preliminar. Ainda, o\u00a0<strong>resultado final p\u00f3s-recursos e convoca\u00e7\u00e3o para a matr\u00edcula<\/strong>\u00a0nos programas ofertados foram divulgados, respectivamente,\u00a0<strong>15 e 18 de dezembro de 2025<\/strong>.<\/p>\n\n\n\n<p>Para os programas de\u00a0<strong>\u00e1reas de atua\u00e7\u00e3o<\/strong>\u00a0como Cardiologia Pedi\u00e1trica, Ecocardiografia e outros, o processo seletivo<strong>\u00a0seguiu um <a href=\"https:\/\/www.edudata.com.br\/dantepazzanese26\/dantepazzanese26_portal.asp?p=crono\" target=\"_blank\" rel=\"noreferrer noopener\">cronograma a parte<\/a><\/strong>, com a divulga\u00e7\u00f5es acontecendo\u00a0<strong>apenas em janeiro de 2026<\/strong>.<\/p>\n\n\n\n<h2 class=\"wp-block-heading\" id=\"h-resultado-final-dante-pazzanese-2025-2026\"><span class=\"ez-toc-section\" id=\"Resultado_Final_Dante_Pazzanese_20252026\"><\/span><strong>Resultado Final Dante Pazzanese 2025\/2026<\/strong><span class=\"ez-toc-section-end\"><\/span><\/h2>\n\n\n\n<p>O <strong>resultado final da sele\u00e7\u00e3o<\/strong> foi divulgado no dia <strong>15 de dezembro<\/strong> para as especialidades de <strong>Acesso Direto e Pr\u00e9-Requisito<\/strong>. Assim, os candidatos aprovados tiveram o per\u00edodo de <strong>20 a 30 de janeiro de 2026 para concluir a matr\u00edcula.<\/strong><\/p>\n\n\n\n<div class=\"wp-block-buttons is-layout-flex wp-block-buttons-is-layout-flex\">\n<div class=\"wp-block-button\"><a class=\"wp-block-button__link wp-element-button\" href=\"https:\/\/www.edudata.com.br\/dantepazzanese26\/dantepazzanese26_result_final.asp\" target=\"_blank\" rel=\"noreferrer noopener\">Resultado Final Acesso Direto e Pr\u00e9-Requisito<\/a><\/div>\n<\/div>\n\n\n\n<p>J\u00e1 no dia <strong>09 de fevereiro de 2026<\/strong> foi divulgado o resultado final para as especialidades de <strong><a href=\"https:\/\/www.edudata.com.br\/dantepazzanese26\/dantepazzanese26_result_final_aa.asp\" target=\"_blank\" rel=\"noreferrer noopener\">\u00c1rea de Atua\u00e7\u00e3o.<\/a><\/strong><\/p>\n\n\n\n<h2 class=\"wp-block-heading\" id=\"h-nota-de-corte-de-residencia-medica-dante-pazzanese-2025-2026\"><span class=\"ez-toc-section\" id=\"Nota_de_Corte_de_residencia_medica_Dante_Pazzanese_20252026\"><\/span><strong>Nota de Corte de resid\u00eancia m\u00e9dica Dante Pazzanese 2025\/2026<\/strong><span class=\"ez-toc-section-end\"><\/span><\/h2>\n\n\n\n<figure class=\"wp-block-table\"><table class=\"has-fixed-layout\"><tbody><tr><td><strong>Especialidade<\/strong><\/td><td><strong>Nota de Corte 2025<\/strong><\/td><td><strong>Nota de corte 2026<\/strong><\/td><\/tr><tr><td>Cirurgia Cardiovascular<\/td><td>8,52<\/td><td>8,50<\/td><\/tr><tr><td>Cardiologia<\/td><td>7,74<\/td><td>7,50<\/td><\/tr><tr><td>Cirurgia Vascular<\/td><td>9,26<\/td><td>9,38<\/td><\/tr><tr><td>Cardiologia Pedi\u00e1trica<\/td><td>8,84<\/td><td>6,57<\/td><\/tr><tr><td>Ecocardiografia<\/td><td>8,56<\/td><td>7,71<\/td><\/tr><tr><td>Cirurgia Endovascular<\/td><td>8,25<\/td><td>7,29<\/td><\/tr><tr><td>Ecografia Vascular Doppler<\/td><td>9,44<\/td><td>8,67<\/td><\/tr><tr><td>Cardiointensivismo<\/td><td>8,21<\/td><td>6,86<\/td><\/tr><tr><td>Eletrofisiologia Cl\u00ednica e Invasiva<\/td><td>8,85<\/td><td>8,57<\/td><\/tr><tr><td>Ergometria<\/td><td>7,95<\/td><td>6,71<\/td><\/tr><tr><td>Hemodin\u00e2mica e Cardiologia Intervencionista<\/td><td>8,65<\/td><td>8,29<\/td><\/tr><tr><td>Transplante de Cora\u00e7\u00e3o\/Cardiologia<\/td><td>7,39<\/td><td>6,71<\/td><\/tr><\/tbody><\/table><\/figure>\n\n\n\n<h2 class=\"wp-block-heading\" id=\"h-conquiste-a-aprovacao-no-dante-pazzanese\"><span class=\"ez-toc-section\" id=\"Conquiste_a_Aprovacao_no_Dante_Pazzanese\"><\/span><strong>Conquiste a Aprova\u00e7\u00e3o no Dante Pazzanese!<\/strong><span class=\"ez-toc-section-end\"><\/span><\/h2>\n\n\n\n<p>As provas de resid\u00eancia m\u00e9dica est\u00e3o cada vez mais perto e para garantir a sua aprova\u00e7\u00e3o, acesse o site do<a href=\"https:\/\/www.grupomedcof.com.br\/#cursos\" target=\"_blank\" rel=\"noreferrer noopener\">&nbsp;<strong>Grupo MedCof<\/strong><\/a><strong>&nbsp;<\/strong>e conhe\u00e7a a metodologia que j\u00e1 aprovou<strong>&nbsp;<a href=\"https:\/\/www.grupomedcof.com.br\/blog\/presenca-da-medcof-nas-aprovacoes-em-residencia-medica-no-brasil\/\" target=\"_blank\" rel=\"noreferrer noopener\">35 mil residentes em todo o pa\u00eds!<\/a><\/strong><\/p>\n\n\n\n<figure class=\"wp-block-embed is-type-video is-provider-youtube wp-block-embed-youtube wp-embed-aspect-16-9 wp-has-aspect-ratio\"><div class=\"wp-block-embed__wrapper\">\n<div class=\"youtube-embed\" data-video_id=\"hCzXTMvDySQ\"><iframe loading=\"lazy\" title=\"Corre\u00e7\u00e3o DANTE R+ CM 2025 - Gabarito Prova de Resid\u00eancia M\u00e9dica DANTE 2025 R+ Cl\u00ednica M\u00e9dica\" width=\"696\" height=\"392\" src=\"https:\/\/www.youtube.com\/embed\/hCzXTMvDySQ?feature=oembed&#038;enablejsapi=1\" frameborder=\"0\" allow=\"accelerometer; autoplay; clipboard-write; encrypted-media; gyroscope; picture-in-picture; web-share\" referrerpolicy=\"strict-origin-when-cross-origin\" allowfullscreen><\/iframe><\/div>\n<\/div><\/figure>\n","protected":false},"excerpt":{"rendered":"<p>Entenda tudo sobre o processo seletivo do Dante Pazzanese de 2025 para se preparar para a resid\u00eancia m\u00e9dica!<\/p>\n","protected":false},"author":20,"featured_media":29887,"comment_status":"open","ping_status":"open","sticky":false,"template":"","format":"standard","meta":{"footnotes":""},"categories":[2023],"tags":[2034,2035,117,68],"ppma_author":[3616],"class_list":{"0":"post-14462","1":"post","2":"type-post","3":"status-publish","4":"format-standard","5":"has-post-thumbnail","7":"category-editais","8":"tag-dante","9":"tag-dante-pazzanese","10":"tag-provas-de-residencia","11":"tag-residencia-medica"},"yoast_head":"<!-- This site is optimized with the Yoast SEO Premium plugin v24.3 (Yoast SEO v27.4) - https:\/\/yoast.com\/product\/yoast-seo-premium-wordpress\/ -->\n<title>Dante Pazzanese publica editais para resid\u00eancia m\u00e9dica de 2025<\/title>\n<meta name=\"description\" content=\"Confira tudo sobre o processo seletivo do Dante Pazzanese de 2025 atrav\u00e9s do edital e prepara-se para a resid\u00eancia m\u00e9dica!\" \/>\n<meta name=\"robots\" content=\"index, follow, max-snippet:-1, max-image-preview:large, max-video-preview:-1\" \/>\n<link rel=\"canonical\" href=\"https:\/\/www.grupomedcof.com.br\/blog\/edital-residencia-medica-dante-pazzanese\/\" \/>\n<meta property=\"og:locale\" content=\"pt_BR\" \/>\n<meta property=\"og:type\" content=\"article\" \/>\n<meta property=\"og:title\" content=\"Resid\u00eancia M\u00e9dica Dante Pazzanese 2025\/2026: data, vagas e resultado final\" \/>\n<meta property=\"og:description\" content=\"Confira tudo sobre o processo seletivo do Dante Pazzanese de 2025 atrav\u00e9s do edital e prepara-se para a resid\u00eancia m\u00e9dica!\" \/>\n<meta property=\"og:url\" content=\"https:\/\/www.grupomedcof.com.br\/blog\/edital-residencia-medica-dante-pazzanese\/\" \/>\n<meta property=\"og:site_name\" content=\"Blog de Medcof: conte\u00fados, editais, revalida e mais!\" \/>\n<meta property=\"article:publisher\" content=\"https:\/\/www.facebook.com\/MedCofQbank\/\" \/>\n<meta property=\"article:published_time\" content=\"2026-04-10T16:53:07+00:00\" \/>\n<meta property=\"article:modified_time\" content=\"2026-04-10T16:53:09+00:00\" \/>\n<meta property=\"og:image\" content=\"https:\/\/www.grupomedcof.com.br\/blog\/wp-content\/uploads\/2023\/09\/Modelo-instituicoes-8.png\" \/>\n\t<meta property=\"og:image:width\" content=\"2560\" \/>\n\t<meta property=\"og:image:height\" content=\"1440\" \/>\n\t<meta property=\"og:image:type\" content=\"image\/png\" \/>\n<meta name=\"author\" content=\"Leila Menzel\" \/>\n<meta name=\"twitter:card\" content=\"summary_large_image\" \/>\n<meta name=\"twitter:label1\" content=\"Escrito por\" \/>\n\t<meta name=\"twitter:data1\" content=\"Leila Menzel\" \/>\n\t<meta name=\"twitter:label2\" content=\"Est. tempo de leitura\" \/>\n\t<meta name=\"twitter:data2\" content=\"5 minutos\" \/>\n<script type=\"application\/ld+json\" class=\"yoast-schema-graph\">{\"@context\":\"https:\\\/\\\/schema.org\",\"@graph\":[{\"@type\":\"Article\",\"@id\":\"https:\\\/\\\/www.grupomedcof.com.br\\\/blog\\\/edital-residencia-medica-dante-pazzanese\\\/#article\",\"isPartOf\":{\"@id\":\"https:\\\/\\\/www.grupomedcof.com.br\\\/blog\\\/edital-residencia-medica-dante-pazzanese\\\/\"},\"author\":{\"name\":\"Leila Menzel\",\"@id\":\"https:\\\/\\\/www.grupomedcof.com.br\\\/blog\\\/#\\\/schema\\\/person\\\/9a44c2184a836bf5ae6967fdb3a1451e\"},\"headline\":\"Resid\u00eancia M\u00e9dica Dante Pazzanese 2025\\\/2026: data, vagas e resultado final\",\"datePublished\":\"2026-04-10T16:53:07+00:00\",\"dateModified\":\"2026-04-10T16:53:09+00:00\",\"mainEntityOfPage\":{\"@id\":\"https:\\\/\\\/www.grupomedcof.com.br\\\/blog\\\/edital-residencia-medica-dante-pazzanese\\\/\"},\"wordCount\":809,\"commentCount\":1,\"publisher\":{\"@id\":\"https:\\\/\\\/www.grupomedcof.com.br\\\/blog\\\/#organization\"},\"image\":{\"@id\":\"https:\\\/\\\/www.grupomedcof.com.br\\\/blog\\\/edital-residencia-medica-dante-pazzanese\\\/#primaryimage\"},\"thumbnailUrl\":\"https:\\\/\\\/www.grupomedcof.com.br\\\/blog\\\/wp-content\\\/uploads\\\/2023\\\/09\\\/Modelo-instituicoes-8.png\",\"keywords\":[\"Dante\",\"Dante Pazzanese\",\"Provas de Resid\u00eancia\",\"Resid\u00eancia M\u00e9dica\"],\"articleSection\":[\"Editais\"],\"inLanguage\":\"pt-BR\"},{\"@type\":\"WebPage\",\"@id\":\"https:\\\/\\\/www.grupomedcof.com.br\\\/blog\\\/edital-residencia-medica-dante-pazzanese\\\/\",\"url\":\"https:\\\/\\\/www.grupomedcof.com.br\\\/blog\\\/edital-residencia-medica-dante-pazzanese\\\/\",\"name\":\"Dante Pazzanese publica editais para resid\u00eancia m\u00e9dica de 2025\",\"isPartOf\":{\"@id\":\"https:\\\/\\\/www.grupomedcof.com.br\\\/blog\\\/#website\"},\"primaryImageOfPage\":{\"@id\":\"https:\\\/\\\/www.grupomedcof.com.br\\\/blog\\\/edital-residencia-medica-dante-pazzanese\\\/#primaryimage\"},\"image\":{\"@id\":\"https:\\\/\\\/www.grupomedcof.com.br\\\/blog\\\/edital-residencia-medica-dante-pazzanese\\\/#primaryimage\"},\"thumbnailUrl\":\"https:\\\/\\\/www.grupomedcof.com.br\\\/blog\\\/wp-content\\\/uploads\\\/2023\\\/09\\\/Modelo-instituicoes-8.png\",\"datePublished\":\"2026-04-10T16:53:07+00:00\",\"dateModified\":\"2026-04-10T16:53:09+00:00\",\"description\":\"Confira tudo sobre o processo seletivo do Dante Pazzanese de 2025 atrav\u00e9s do edital e prepara-se para a resid\u00eancia m\u00e9dica!\",\"breadcrumb\":{\"@id\":\"https:\\\/\\\/www.grupomedcof.com.br\\\/blog\\\/edital-residencia-medica-dante-pazzanese\\\/#breadcrumb\"},\"inLanguage\":\"pt-BR\",\"potentialAction\":[{\"@type\":\"ReadAction\",\"target\":[\"https:\\\/\\\/www.grupomedcof.com.br\\\/blog\\\/edital-residencia-medica-dante-pazzanese\\\/\"]}]},{\"@type\":\"ImageObject\",\"inLanguage\":\"pt-BR\",\"@id\":\"https:\\\/\\\/www.grupomedcof.com.br\\\/blog\\\/edital-residencia-medica-dante-pazzanese\\\/#primaryimage\",\"url\":\"https:\\\/\\\/www.grupomedcof.com.br\\\/blog\\\/wp-content\\\/uploads\\\/2023\\\/09\\\/Modelo-instituicoes-8.png\",\"contentUrl\":\"https:\\\/\\\/www.grupomedcof.com.br\\\/blog\\\/wp-content\\\/uploads\\\/2023\\\/09\\\/Modelo-instituicoes-8.png\",\"width\":2560,\"height\":1440,\"caption\":\"Logo escrito Dante Pazzanese no canto inferior direito h\u00e1 o logo MedCof\"},{\"@type\":\"BreadcrumbList\",\"@id\":\"https:\\\/\\\/www.grupomedcof.com.br\\\/blog\\\/edital-residencia-medica-dante-pazzanese\\\/#breadcrumb\",\"itemListElement\":[{\"@type\":\"ListItem\",\"position\":1,\"name\":\"In\u00edcio\",\"item\":\"https:\\\/\\\/www.grupomedcof.com.br\\\/blog\\\/\"},{\"@type\":\"ListItem\",\"position\":2,\"name\":\"Resid\u00eancia M\u00e9dica Dante Pazzanese 2025\\\/2026: data, vagas e resultado final\"}]},{\"@type\":\"WebSite\",\"@id\":\"https:\\\/\\\/www.grupomedcof.com.br\\\/blog\\\/#website\",\"url\":\"https:\\\/\\\/www.grupomedcof.com.br\\\/blog\\\/\",\"name\":\"Blog de Medcof: conte\u00fados, editais, revalida e mais!\",\"description\":\"Acesso o blog de MedCof! Seu portal de conte\u00fados sobre resid\u00eancia m\u00e9dica, an\u00e1lise e editais e muito mais. Clique e confira!\",\"publisher\":{\"@id\":\"https:\\\/\\\/www.grupomedcof.com.br\\\/blog\\\/#organization\"},\"alternateName\":\"Blog de Medcof: conte\u00fados, editais, revalida e mais!\",\"potentialAction\":[{\"@type\":\"SearchAction\",\"target\":{\"@type\":\"EntryPoint\",\"urlTemplate\":\"https:\\\/\\\/www.grupomedcof.com.br\\\/blog\\\/?s={search_term_string}\"},\"query-input\":{\"@type\":\"PropertyValueSpecification\",\"valueRequired\":true,\"valueName\":\"search_term_string\"}}],\"inLanguage\":\"pt-BR\"},{\"@type\":\"Organization\",\"@id\":\"https:\\\/\\\/www.grupomedcof.com.br\\\/blog\\\/#organization\",\"name\":\"Grupo MedCof\",\"url\":\"https:\\\/\\\/www.grupomedcof.com.br\\\/blog\\\/\",\"logo\":{\"@type\":\"ImageObject\",\"inLanguage\":\"pt-BR\",\"@id\":\"https:\\\/\\\/www.grupomedcof.com.br\\\/blog\\\/#\\\/schema\\\/logo\\\/image\\\/\",\"url\":\"https:\\\/\\\/www.grupomedcof.com.br\\\/blog\\\/wp-content\\\/uploads\\\/2022\\\/01\\\/logo-medcof.png\",\"contentUrl\":\"https:\\\/\\\/www.grupomedcof.com.br\\\/blog\\\/wp-content\\\/uploads\\\/2022\\\/01\\\/logo-medcof.png\",\"width\":768,\"height\":269,\"caption\":\"Grupo MedCof\"},\"image\":{\"@id\":\"https:\\\/\\\/www.grupomedcof.com.br\\\/blog\\\/#\\\/schema\\\/logo\\\/image\\\/\"},\"sameAs\":[\"https:\\\/\\\/www.facebook.com\\\/MedCofQbank\\\/\",\"https:\\\/\\\/www.instagram.com\\\/grupomedcof\\\/\",\"https:\\\/\\\/br.linkedin.com\\\/company\\\/medcof\",\"https:\\\/\\\/www.youtube.com\\\/channel\\\/UCdHMuOHKICxcHwecxN8P-AA\"]},{\"@type\":\"Person\",\"@id\":\"https:\\\/\\\/www.grupomedcof.com.br\\\/blog\\\/#\\\/schema\\\/person\\\/9a44c2184a836bf5ae6967fdb3a1451e\",\"name\":\"Leila Menzel\",\"image\":{\"@type\":\"ImageObject\",\"inLanguage\":\"pt-BR\",\"@id\":\"https:\\\/\\\/www.grupomedcof.com.br\\\/blog\\\/wp-content\\\/uploads\\\/2025\\\/09\\\/cropped-eu-96x96.jpeg19a74936d997c0a8b3031618467fa1d0\",\"url\":\"https:\\\/\\\/www.grupomedcof.com.br\\\/blog\\\/wp-content\\\/uploads\\\/2025\\\/09\\\/cropped-eu-96x96.jpeg\",\"contentUrl\":\"https:\\\/\\\/www.grupomedcof.com.br\\\/blog\\\/wp-content\\\/uploads\\\/2025\\\/09\\\/cropped-eu-96x96.jpeg\",\"caption\":\"Leila Menzel\"},\"description\":\"Estudante do 6\u00b0 semestre de jornalismo, amo e escrevo poesias e viajo em livros de romances clich\u00eas.\",\"url\":\"https:\\\/\\\/www.grupomedcof.com.br\\\/blog\\\/author\\\/leila-menzel\\\/\"}]}<\/script>\n<!-- \/ Yoast SEO Premium plugin. -->","yoast_head_json":{"title":"Dante Pazzanese publica editais para resid\u00eancia m\u00e9dica de 2025","description":"Confira tudo sobre o processo seletivo do Dante Pazzanese de 2025 atrav\u00e9s do edital e prepara-se para a resid\u00eancia m\u00e9dica!","robots":{"index":"index","follow":"follow","max-snippet":"max-snippet:-1","max-image-preview":"max-image-preview:large","max-video-preview":"max-video-preview:-1"},"canonical":"https:\/\/www.grupomedcof.com.br\/blog\/edital-residencia-medica-dante-pazzanese\/","og_locale":"pt_BR","og_type":"article","og_title":"Resid\u00eancia M\u00e9dica Dante Pazzanese 2025\/2026: data, vagas e resultado final","og_description":"Confira tudo sobre o processo seletivo do Dante Pazzanese de 2025 atrav\u00e9s do edital e prepara-se para a resid\u00eancia m\u00e9dica!","og_url":"https:\/\/www.grupomedcof.com.br\/blog\/edital-residencia-medica-dante-pazzanese\/","og_site_name":"Blog de Medcof: conte\u00fados, editais, revalida e mais!","article_publisher":"https:\/\/www.facebook.com\/MedCofQbank\/","article_published_time":"2026-04-10T16:53:07+00:00","article_modified_time":"2026-04-10T16:53:09+00:00","og_image":[{"width":2560,"height":1440,"url":"https:\/\/www.grupomedcof.com.br\/blog\/wp-content\/uploads\/2023\/09\/Modelo-instituicoes-8.png","type":"image\/png"}],"author":"Leila Menzel","twitter_card":"summary_large_image","twitter_misc":{"Escrito por":"Leila Menzel","Est. tempo de leitura":"5 minutos"},"schema":{"@context":"https:\/\/schema.org","@graph":[{"@type":"Article","@id":"https:\/\/www.grupomedcof.com.br\/blog\/edital-residencia-medica-dante-pazzanese\/#article","isPartOf":{"@id":"https:\/\/www.grupomedcof.com.br\/blog\/edital-residencia-medica-dante-pazzanese\/"},"author":{"name":"Leila Menzel","@id":"https:\/\/www.grupomedcof.com.br\/blog\/#\/schema\/person\/9a44c2184a836bf5ae6967fdb3a1451e"},"headline":"Resid\u00eancia M\u00e9dica Dante Pazzanese 2025\/2026: data, vagas e resultado final","datePublished":"2026-04-10T16:53:07+00:00","dateModified":"2026-04-10T16:53:09+00:00","mainEntityOfPage":{"@id":"https:\/\/www.grupomedcof.com.br\/blog\/edital-residencia-medica-dante-pazzanese\/"},"wordCount":809,"commentCount":1,"publisher":{"@id":"https:\/\/www.grupomedcof.com.br\/blog\/#organization"},"image":{"@id":"https:\/\/www.grupomedcof.com.br\/blog\/edital-residencia-medica-dante-pazzanese\/#primaryimage"},"thumbnailUrl":"https:\/\/www.grupomedcof.com.br\/blog\/wp-content\/uploads\/2023\/09\/Modelo-instituicoes-8.png","keywords":["Dante","Dante Pazzanese","Provas de Resid\u00eancia","Resid\u00eancia M\u00e9dica"],"articleSection":["Editais"],"inLanguage":"pt-BR"},{"@type":"WebPage","@id":"https:\/\/www.grupomedcof.com.br\/blog\/edital-residencia-medica-dante-pazzanese\/","url":"https:\/\/www.grupomedcof.com.br\/blog\/edital-residencia-medica-dante-pazzanese\/","name":"Dante Pazzanese publica editais para resid\u00eancia m\u00e9dica de 2025","isPartOf":{"@id":"https:\/\/www.grupomedcof.com.br\/blog\/#website"},"primaryImageOfPage":{"@id":"https:\/\/www.grupomedcof.com.br\/blog\/edital-residencia-medica-dante-pazzanese\/#primaryimage"},"image":{"@id":"https:\/\/www.grupomedcof.com.br\/blog\/edital-residencia-medica-dante-pazzanese\/#primaryimage"},"thumbnailUrl":"https:\/\/www.grupomedcof.com.br\/blog\/wp-content\/uploads\/2023\/09\/Modelo-instituicoes-8.png","datePublished":"2026-04-10T16:53:07+00:00","dateModified":"2026-04-10T16:53:09+00:00","description":"Confira tudo sobre o processo seletivo do Dante Pazzanese de 2025 atrav\u00e9s do edital e prepara-se para a resid\u00eancia m\u00e9dica!","breadcrumb":{"@id":"https:\/\/www.grupomedcof.com.br\/blog\/edital-residencia-medica-dante-pazzanese\/#breadcrumb"},"inLanguage":"pt-BR","potentialAction":[{"@type":"ReadAction","target":["https:\/\/www.grupomedcof.com.br\/blog\/edital-residencia-medica-dante-pazzanese\/"]}]},{"@type":"ImageObject","inLanguage":"pt-BR","@id":"https:\/\/www.grupomedcof.com.br\/blog\/edital-residencia-medica-dante-pazzanese\/#primaryimage","url":"https:\/\/www.grupomedcof.com.br\/blog\/wp-content\/uploads\/2023\/09\/Modelo-instituicoes-8.png","contentUrl":"https:\/\/www.grupomedcof.com.br\/blog\/wp-content\/uploads\/2023\/09\/Modelo-instituicoes-8.png","width":2560,"height":1440,"caption":"Logo escrito Dante Pazzanese no canto inferior direito h\u00e1 o logo MedCof"},{"@type":"BreadcrumbList","@id":"https:\/\/www.grupomedcof.com.br\/blog\/edital-residencia-medica-dante-pazzanese\/#breadcrumb","itemListElement":[{"@type":"ListItem","position":1,"name":"In\u00edcio","item":"https:\/\/www.grupomedcof.com.br\/blog\/"},{"@type":"ListItem","position":2,"name":"Resid\u00eancia M\u00e9dica Dante Pazzanese 2025\/2026: data, vagas e resultado final"}]},{"@type":"WebSite","@id":"https:\/\/www.grupomedcof.com.br\/blog\/#website","url":"https:\/\/www.grupomedcof.com.br\/blog\/","name":"Blog de Medcof: conte\u00fados, editais, revalida e mais!","description":"Acesso o blog de MedCof! Seu portal de conte\u00fados sobre resid\u00eancia m\u00e9dica, an\u00e1lise e editais e muito mais. Clique e confira!","publisher":{"@id":"https:\/\/www.grupomedcof.com.br\/blog\/#organization"},"alternateName":"Blog de Medcof: conte\u00fados, editais, revalida e mais!","potentialAction":[{"@type":"SearchAction","target":{"@type":"EntryPoint","urlTemplate":"https:\/\/www.grupomedcof.com.br\/blog\/?s={search_term_string}"},"query-input":{"@type":"PropertyValueSpecification","valueRequired":true,"valueName":"search_term_string"}}],"inLanguage":"pt-BR"},{"@type":"Organization","@id":"https:\/\/www.grupomedcof.com.br\/blog\/#organization","name":"Grupo MedCof","url":"https:\/\/www.grupomedcof.com.br\/blog\/","logo":{"@type":"ImageObject","inLanguage":"pt-BR","@id":"https:\/\/www.grupomedcof.com.br\/blog\/#\/schema\/logo\/image\/","url":"https:\/\/www.grupomedcof.com.br\/blog\/wp-content\/uploads\/2022\/01\/logo-medcof.png","contentUrl":"https:\/\/www.grupomedcof.com.br\/blog\/wp-content\/uploads\/2022\/01\/logo-medcof.png","width":768,"height":269,"caption":"Grupo MedCof"},"image":{"@id":"https:\/\/www.grupomedcof.com.br\/blog\/#\/schema\/logo\/image\/"},"sameAs":["https:\/\/www.facebook.com\/MedCofQbank\/","https:\/\/www.instagram.com\/grupomedcof\/","https:\/\/br.linkedin.com\/company\/medcof","https:\/\/www.youtube.com\/channel\/UCdHMuOHKICxcHwecxN8P-AA"]},{"@type":"Person","@id":"https:\/\/www.grupomedcof.com.br\/blog\/#\/schema\/person\/9a44c2184a836bf5ae6967fdb3a1451e","name":"Leila Menzel","image":{"@type":"ImageObject","inLanguage":"pt-BR","@id":"https:\/\/www.grupomedcof.com.br\/blog\/wp-content\/uploads\/2025\/09\/cropped-eu-96x96.jpeg19a74936d997c0a8b3031618467fa1d0","url":"https:\/\/www.grupomedcof.com.br\/blog\/wp-content\/uploads\/2025\/09\/cropped-eu-96x96.jpeg","contentUrl":"https:\/\/www.grupomedcof.com.br\/blog\/wp-content\/uploads\/2025\/09\/cropped-eu-96x96.jpeg","caption":"Leila Menzel"},"description":"Estudante do 6\u00b0 semestre de jornalismo, amo e escrevo poesias e viajo em livros de romances clich\u00eas.","url":"https:\/\/www.grupomedcof.com.br\/blog\/author\/leila-menzel\/"}]}},"authors":[{"term_id":3616,"user_id":20,"is_guest":0,"slug":"leila-menzel","display_name":"Leila Menzel","avatar_url":"https:\/\/www.grupomedcof.com.br\/blog\/wp-content\/uploads\/2025\/09\/cropped-eu-96x96.jpeg","0":null,"1":"","2":"","3":"","4":"","5":"","6":"","7":"","8":""}],"_links":{"self":[{"href":"https:\/\/www.grupomedcof.com.br\/blog\/wp-json\/wp\/v2\/posts\/14462","targetHints":{"allow":["GET"]}}],"collection":[{"href":"https:\/\/www.grupomedcof.com.br\/blog\/wp-json\/wp\/v2\/posts"}],"about":[{"href":"https:\/\/www.grupomedcof.com.br\/blog\/wp-json\/wp\/v2\/types\/post"}],"author":[{"embeddable":true,"href":"https:\/\/www.grupomedcof.com.br\/blog\/wp-json\/wp\/v2\/users\/20"}],"replies":[{"embeddable":true,"href":"https:\/\/www.grupomedcof.com.br\/blog\/wp-json\/wp\/v2\/comments?post=14462"}],"version-history":[{"count":9,"href":"https:\/\/www.grupomedcof.com.br\/blog\/wp-json\/wp\/v2\/posts\/14462\/revisions"}],"predecessor-version":[{"id":42935,"href":"https:\/\/www.grupomedcof.com.br\/blog\/wp-json\/wp\/v2\/posts\/14462\/revisions\/42935"}],"wp:featuredmedia":[{"embeddable":true,"href":"https:\/\/www.grupomedcof.com.br\/blog\/wp-json\/wp\/v2\/media\/29887"}],"wp:attachment":[{"href":"https:\/\/www.grupomedcof.com.br\/blog\/wp-json\/wp\/v2\/media?parent=14462"}],"wp:term":[{"taxonomy":"category","embeddable":true,"href":"https:\/\/www.grupomedcof.com.br\/blog\/wp-json\/wp\/v2\/categories?post=14462"},{"taxonomy":"post_tag","embeddable":true,"href":"https:\/\/www.grupomedcof.com.br\/blog\/wp-json\/wp\/v2\/tags?post=14462"},{"taxonomy":"author","embeddable":true,"href":"https:\/\/www.grupomedcof.com.br\/blog\/wp-json\/wp\/v2\/ppma_author?post=14462"}],"curies":[{"name":"wp","href":"https:\/\/api.w.org\/{rel}","templated":true}]}}