{"id":14809,"date":"2026-04-14T11:50:22","date_gmt":"2026-04-14T14:50:22","guid":{"rendered":"https:\/\/www.grupomedcof.com.br\/blog\/?p=14809"},"modified":"2026-04-14T13:57:00","modified_gmt":"2026-04-14T16:57:00","slug":"edital-residencia-medica-ufrj","status":"publish","type":"post","link":"https:\/\/www.grupomedcof.com.br\/blog\/edital-residencia-medica-ufrj\/","title":{"rendered":"Edital UFRJ para Resid\u00eancia M\u00e9dica 2025\/2026"},"content":{"rendered":"<div id=\"ez-toc-container\" class=\"ez-toc-v2_0_74 counter-hierarchy ez-toc-counter ez-toc-transparent ez-toc-container-direction\">\n<div class=\"ez-toc-title-container\">\n<p class=\"ez-toc-title\" style=\"cursor:inherit\">Sum\u00e1rio<\/p>\n<span class=\"ez-toc-title-toggle\"><a href=\"#\" class=\"ez-toc-pull-right ez-toc-btn ez-toc-btn-xs ez-toc-btn-default ez-toc-toggle\" aria-label=\"Alternar tabela de conte\u00fado\"><span class=\"ez-toc-js-icon-con\"><span class=\"\"><span class=\"eztoc-hide\" style=\"display:none;\">Toggle<\/span><span class=\"ez-toc-icon-toggle-span\"><svg style=\"fill: #999;color:#999\" xmlns=\"http:\/\/www.w3.org\/2000\/svg\" class=\"list-377408\" width=\"20px\" height=\"20px\" viewBox=\"0 0 24 24\" fill=\"none\"><path d=\"M6 6H4v2h2V6zm14 0H8v2h12V6zM4 11h2v2H4v-2zm16 0H8v2h12v-2zM4 16h2v2H4v-2zm16 0H8v2h12v-2z\" fill=\"currentColor\"><\/path><\/svg><svg style=\"fill: #999;color:#999\" class=\"arrow-unsorted-368013\" xmlns=\"http:\/\/www.w3.org\/2000\/svg\" width=\"10px\" height=\"10px\" viewBox=\"0 0 24 24\" version=\"1.2\" baseProfile=\"tiny\"><path d=\"M18.2 9.3l-6.2-6.3-6.2 6.3c-.2.2-.3.4-.3.7s.1.5.3.7c.2.2.4.3.7.3h11c.3 0 .5-.1.7-.3.2-.2.3-.5.3-.7s-.1-.5-.3-.7zM5.8 14.7l6.2 6.3 6.2-6.3c.2-.2.3-.5.3-.7s-.1-.5-.3-.7c-.2-.2-.4-.3-.7-.3h-11c-.3 0-.5.1-.7.3-.2.2-.3.5-.3.7s.1.5.3.7z\"\/><\/svg><\/span><\/span><\/span><\/a><\/span><\/div>\n<nav><ul class='ez-toc-list ez-toc-list-level-1 ' ><li class='ez-toc-page-1 ez-toc-heading-level-2'><a class=\"ez-toc-link ez-toc-heading-1\" href=\"https:\/\/www.grupomedcof.com.br\/blog\/edital-residencia-medica-ufrj\/#Edital_UFRJ_20252026\" >Edital UFRJ 2025\/2026<\/a><\/li><li class='ez-toc-page-1 ez-toc-heading-level-2'><a class=\"ez-toc-link ez-toc-heading-2\" href=\"https:\/\/www.grupomedcof.com.br\/blog\/edital-residencia-medica-ufrj\/#Vagas_ofertadas\" >Vagas ofertadas<\/a><ul class='ez-toc-list-level-3' ><li class='ez-toc-heading-level-3'><a class=\"ez-toc-link ez-toc-heading-3\" href=\"https:\/\/www.grupomedcof.com.br\/blog\/edital-residencia-medica-ufrj\/#Acesso_Direto\" >Acesso Direto<\/a><\/li><li class='ez-toc-page-1 ez-toc-heading-level-3'><a class=\"ez-toc-link ez-toc-heading-4\" href=\"https:\/\/www.grupomedcof.com.br\/blog\/edital-residencia-medica-ufrj\/#Ano_Adicional\" >Ano Adicional<\/a><\/li><li class='ez-toc-page-1 ez-toc-heading-level-3'><a class=\"ez-toc-link ez-toc-heading-5\" href=\"https:\/\/www.grupomedcof.com.br\/blog\/edital-residencia-medica-ufrj\/#Pre-requisito\" >Pr\u00e9-requisito<\/a><\/li><li class='ez-toc-page-1 ez-toc-heading-level-3'><a class=\"ez-toc-link ez-toc-heading-6\" href=\"https:\/\/www.grupomedcof.com.br\/blog\/edital-residencia-medica-ufrj\/#Area_de_Atuacao\" >\u00c1rea de Atua\u00e7\u00e3o<\/a><\/li><\/ul><\/li><li class='ez-toc-page-1 ez-toc-heading-level-2'><a class=\"ez-toc-link ez-toc-heading-7\" href=\"https:\/\/www.grupomedcof.com.br\/blog\/edital-residencia-medica-ufrj\/#Cronograma_Enare\" >Cronograma Enare<\/a><\/li><li class='ez-toc-page-1 ez-toc-heading-level-2'><a class=\"ez-toc-link ez-toc-heading-8\" href=\"https:\/\/www.grupomedcof.com.br\/blog\/edital-residencia-medica-ufrj\/#Cronograma_UFRJ_20252026\" >Cronograma UFRJ 2025\/2026<\/a><\/li><li class='ez-toc-page-1 ez-toc-heading-level-2'><a class=\"ez-toc-link ez-toc-heading-9\" href=\"https:\/\/www.grupomedcof.com.br\/blog\/edital-residencia-medica-ufrj\/#Edital_na_integra\" >Edital na \u00edntegra<\/a><\/li><li class='ez-toc-page-1 ez-toc-heading-level-2'><a class=\"ez-toc-link ez-toc-heading-10\" href=\"https:\/\/www.grupomedcof.com.br\/blog\/edital-residencia-medica-ufrj\/#Edicoes_anteriores\" >Edi\u00e7\u00f5es anteriores<\/a><ul class='ez-toc-list-level-3' ><li class='ez-toc-heading-level-3'><a class=\"ez-toc-link ez-toc-heading-11\" href=\"https:\/\/www.grupomedcof.com.br\/blog\/edital-residencia-medica-ufrj\/#Edicao_20222023\" >Edi\u00e7\u00e3o 2022\/2023<\/a><\/li><li class='ez-toc-page-1 ez-toc-heading-level-3'><a class=\"ez-toc-link ez-toc-heading-12\" href=\"https:\/\/www.grupomedcof.com.br\/blog\/edital-residencia-medica-ufrj\/#Edicao_de_20232024\" >Edi\u00e7\u00e3o de 2023\/2024<\/a><\/li><li class='ez-toc-page-1 ez-toc-heading-level-3'><a class=\"ez-toc-link ez-toc-heading-13\" href=\"https:\/\/www.grupomedcof.com.br\/blog\/edital-residencia-medica-ufrj\/#Edicao_de_20242025\" >Edi\u00e7\u00e3o de 2024\/2025<\/a><\/li><\/ul><\/li><li class='ez-toc-page-1 ez-toc-heading-level-2'><a class=\"ez-toc-link ez-toc-heading-14\" href=\"https:\/\/www.grupomedcof.com.br\/blog\/edital-residencia-medica-ufrj\/#Prepare-se_conosco\" >Prepare-se conosco!<\/a><\/li><\/ul><\/nav><\/div>\n\n<figure class=\"wp-block-image size-large\"><img loading=\"lazy\" decoding=\"async\" width=\"1024\" height=\"576\" src=\"https:\/\/www.grupomedcof.com.br\/blog\/wp-content\/uploads\/2023\/10\/Modelo-instituicoes-4-1024x576.png\" alt=\"UFRJ divulgou edital para Resid\u00eancia M\u00e9dica 2025\/2026\" class=\"wp-image-30559\" srcset=\"https:\/\/www.grupomedcof.com.br\/blog\/wp-content\/uploads\/2023\/10\/Modelo-instituicoes-4-1024x576.png 1024w, https:\/\/www.grupomedcof.com.br\/blog\/wp-content\/uploads\/2023\/10\/Modelo-instituicoes-4-300x169.png 300w, https:\/\/www.grupomedcof.com.br\/blog\/wp-content\/uploads\/2023\/10\/Modelo-instituicoes-4-768x432.png 768w, https:\/\/www.grupomedcof.com.br\/blog\/wp-content\/uploads\/2023\/10\/Modelo-instituicoes-4-1536x864.png 1536w, https:\/\/www.grupomedcof.com.br\/blog\/wp-content\/uploads\/2023\/10\/Modelo-instituicoes-4-2048x1152.png 2048w, https:\/\/www.grupomedcof.com.br\/blog\/wp-content\/uploads\/2023\/10\/Modelo-instituicoes-4-747x420.png 747w, https:\/\/www.grupomedcof.com.br\/blog\/wp-content\/uploads\/2023\/10\/Modelo-instituicoes-4-150x84.png 150w, https:\/\/www.grupomedcof.com.br\/blog\/wp-content\/uploads\/2023\/10\/Modelo-instituicoes-4-696x392.png 696w, https:\/\/www.grupomedcof.com.br\/blog\/wp-content\/uploads\/2023\/10\/Modelo-instituicoes-4-1068x601.png 1068w, https:\/\/www.grupomedcof.com.br\/blog\/wp-content\/uploads\/2023\/10\/Modelo-instituicoes-4-1920x1080.png 1920w\" sizes=\"auto, (max-width: 1024px) 100vw, 1024px\" \/><\/figure>\n\n\n\n<p>A\u00a0<strong>Universidade Federal do Rio de Janeiro (UFRJ)<\/strong>\u00a0divulgou que o processo seletivo para a <strong>resid\u00eancia m\u00e9dica no ciclo de 2025\/2026<\/strong> seria realizado totalmente atrav\u00e9s do <a href=\"https:\/\/www.grupomedcof.com.br\/blog\/tag\/enare-2026\/\" type=\"post_tag\" id=\"3094\">Enare<\/a>.<\/p>\n\n\n\n<p>Ainda no <strong>processo seletivo de 2024\/2025<\/strong>, a institui\u00e7\u00e3o j\u00e1 tinha oferecido uma parte das vagas para candidatos do <strong>Enare<\/strong>. Assim, na \u00faltima edi\u00e7\u00e3o, a Universidade aderiu totalmente ao exame. <\/p>\n\n\n\n<p>Al\u00e9m disso, at\u00e9 o momento desta publica\u00e7\u00e3o, <strong>ainda n\u00e3o foi informado se o ciclo de 2026\/2027 seguir\u00e1 o mesmo padr\u00e3o.<\/strong><\/p>\n\n\n\n<h2 class=\"wp-block-heading\" id=\"h-edital-ufrj-2025-2026\"><span class=\"ez-toc-section\" id=\"Edital_UFRJ_20252026\"><\/span><strong>Edital UFRJ 2025\/2026<\/strong><span class=\"ez-toc-section-end\"><\/span><\/h2>\n\n\n\n<p>De acordo com o <a href=\"https:\/\/enare2025-ebserh.conhecimento.fgv.br\/mapa-de-vagas\/\" type=\"link\" id=\"https:\/\/enare2025-ebserh.conhecimento.fgv.br\/mapa-de-vagas\/\">mapa de vagas do Enare<\/a>, a institui\u00e7\u00e3o ofertou mais de <strong>200 vagas<\/strong>. Sendo assim, os candidatos foram avaliados por meio de uma fase \u00fanica, a <strong>prova escrita objetiva<\/strong> do <strong><a href=\"https:\/\/www.grupomedcof.com.br\/blog\/edital-enare-publicado\/\" target=\"_blank\" rel=\"noreferrer noopener\">ENARE<\/a><\/strong>, <strong>que equivaleu 100% da nota final dos candidatos. <\/strong><\/p>\n\n\n\n<p>O <strong>Instituto Nacional de Estudos e Pesquisas Educacionais An\u00edsio Teixeira (Inep)<\/strong> \u00e9 o respons\u00e1vel pelas provas do <strong>programa de Acesso Direto<\/strong>, integradas ao Exame Nacional de Avalia\u00e7\u00e3o da Forma\u00e7\u00e3o M\u00e9dica (Enamed).<\/p>\n\n\n\n<p>No caso dos programas de <strong>Pr\u00e9-Requisito<\/strong>, <strong>Ano Adicional e \u00c1rea de Atua\u00e7\u00e3o<\/strong>, as provas s\u00e3o de responsabilidade de uma banca selecionada apenas para esses processos (FGV).<\/p>\n\n\n\n<p>Ademais, a taxa de inscri\u00e7\u00e3o do Enare foi no valor de <strong>R$ 330,00<\/strong>. A sele\u00e7\u00e3o&nbsp;<strong>UFRJ 2025\/2026<\/strong>&nbsp;de resid\u00eancia m\u00e9dica&nbsp;<strong>conta tamb\u00e9m com vagas dispon\u00edveis<\/strong>&nbsp;para atua\u00e7\u00e3o em outras institui\u00e7\u00f5es do estado do Rio de Janeiro, como:<\/p>\n\n\n\n<ul class=\"wp-block-list\">\n<li>Hospital Universit\u00e1rio Clementino Fraga Filho &#8211; HUCFF<\/li>\n\n\n\n<li>Secretaria Municipal do Rio de Janeiro<\/li>\n<\/ul>\n\n\n\n<figure class=\"wp-block-image size-large\"><a href=\"https:\/\/www.grupomedcof.com.br\/cofletters\/\"><img loading=\"lazy\" decoding=\"async\" width=\"1024\" height=\"366\" src=\"https:\/\/www.grupomedcof.com.br\/blog\/wp-content\/uploads\/2024\/08\/Capa-Eventos-MedCof-Plus-14-4-1024x366.png\" alt=\"\" class=\"wp-image-29290\" srcset=\"https:\/\/www.grupomedcof.com.br\/blog\/wp-content\/uploads\/2024\/08\/Capa-Eventos-MedCof-Plus-14-4-1024x366.png 1024w, https:\/\/www.grupomedcof.com.br\/blog\/wp-content\/uploads\/2024\/08\/Capa-Eventos-MedCof-Plus-14-4-300x107.png 300w, https:\/\/www.grupomedcof.com.br\/blog\/wp-content\/uploads\/2024\/08\/Capa-Eventos-MedCof-Plus-14-4-768x275.png 768w, https:\/\/www.grupomedcof.com.br\/blog\/wp-content\/uploads\/2024\/08\/Capa-Eventos-MedCof-Plus-14-4-1536x549.png 1536w, https:\/\/www.grupomedcof.com.br\/blog\/wp-content\/uploads\/2024\/08\/Capa-Eventos-MedCof-Plus-14-4-2048x732.png 2048w, https:\/\/www.grupomedcof.com.br\/blog\/wp-content\/uploads\/2024\/08\/Capa-Eventos-MedCof-Plus-14-4-1174x420.png 1174w, https:\/\/www.grupomedcof.com.br\/blog\/wp-content\/uploads\/2024\/08\/Capa-Eventos-MedCof-Plus-14-4-150x54.png 150w, https:\/\/www.grupomedcof.com.br\/blog\/wp-content\/uploads\/2024\/08\/Capa-Eventos-MedCof-Plus-14-4-696x249.png 696w, https:\/\/www.grupomedcof.com.br\/blog\/wp-content\/uploads\/2024\/08\/Capa-Eventos-MedCof-Plus-14-4-1068x382.png 1068w, https:\/\/www.grupomedcof.com.br\/blog\/wp-content\/uploads\/2024\/08\/Capa-Eventos-MedCof-Plus-14-4-1920x687.png 1920w\" sizes=\"auto, (max-width: 1024px) 100vw, 1024px\" \/><\/a><\/figure>\n\n\n\n<h2 class=\"wp-block-heading\" id=\"h-vagas-ofertadas\"><span class=\"ez-toc-section\" id=\"Vagas_ofertadas\"><\/span><strong>Vagas ofertadas<\/strong><span class=\"ez-toc-section-end\"><\/span><\/h2>\n\n\n\n<h3 class=\"wp-block-heading\" id=\"h-acesso-direto\"><span class=\"ez-toc-section\" id=\"Acesso_Direto\"><\/span><strong>Acesso Direto<\/strong><span class=\"ez-toc-section-end\"><\/span><\/h3>\n\n\n\n<figure class=\"wp-block-table\"><table class=\"has-fixed-layout\"><tbody><tr><td><strong>Especialidades<\/strong><\/td><td><strong>Vagas<\/strong><\/td><\/tr><tr><td>Anestesiologia<\/td><td>7<\/td><\/tr><tr><td>Cirurgia Geral<\/td><td>4<\/td><\/tr><tr><td>Cirurgia Cardiovascular<\/td><td>1<\/td><\/tr><tr><td>Cl\u00ednica M\u00e9dica<\/td><td>18<\/td><\/tr><tr><td>Dermatologia<\/td><td>3<\/td><\/tr><tr><td>Ginecologia e Obstetr\u00edcia<\/td><td>10<\/td><\/tr><tr><td>Infectologia<\/td><td>5<\/td><\/tr><tr><td>Medicina da Fam\u00edlia e Comunidade<\/td><td>8<\/td><\/tr><tr><td>Medicina Intensiva<\/td><td>4<\/td><\/tr><tr><td>Medicina Nuclear<\/td><td>2<\/td><\/tr><tr><td>Neurocirurgia<\/td><td>1<\/td><\/tr><tr><td>Neurologia<\/td><td>7<\/td><\/tr><tr><td>Otorrinolaringologia<\/td><td>3<\/td><\/tr><tr><td>Oftalmologia<\/td><td>4<\/td><\/tr><tr><td>Ortopedia e Traumatologia <\/td><td>5<\/td><\/tr><tr><td>Patologia<\/td><td>2<\/td><\/tr><tr><td>Pediatria<\/td><td>14<\/td><\/tr><tr><td>Psiquiatria<\/td><td>18<\/td><\/tr><tr><td>Radiologia e Diagn\u00f3stico por Imagem<\/td><td>8<\/td><\/tr><\/tbody><\/table><\/figure>\n\n\n\n<h3 class=\"wp-block-heading\" id=\"h-ano-adicional\"><span class=\"ez-toc-section\" id=\"Ano_Adicional\"><\/span><strong>Ano Adicional<\/strong><span class=\"ez-toc-section-end\"><\/span><\/h3>\n\n\n\n<figure class=\"wp-block-table\"><table class=\"has-fixed-layout\"><tbody><tr><td><strong>Especialidade<\/strong><\/td><td><strong>Vagas<\/strong><\/td><\/tr><tr><td>Cl\u00ednica M\u00e9dica<\/td><td>2<\/td><\/tr><\/tbody><\/table><\/figure>\n\n\n\n<h3 class=\"wp-block-heading\" id=\"h-pre-requisito\"><span class=\"ez-toc-section\" id=\"Pre-requisito\"><\/span><strong>Pr\u00e9-requisito<\/strong><span class=\"ez-toc-section-end\"><\/span><\/h3>\n\n\n\n<figure class=\"wp-block-table\"><table class=\"has-fixed-layout\"><tbody><tr><td><strong>Especialidade<\/strong><\/td><td><strong>Vagas<\/strong><\/td><\/tr><tr><td>Endocrinologia e metabologia<\/td><td>6<\/td><\/tr><tr><td>Gastroenterologia<\/td><td>3<\/td><\/tr><tr><td>Urologia<\/td><td>2<\/td><\/tr><tr><td>Cirurgia Pl\u00e1stica<\/td><td>2<\/td><\/tr><tr><td>Cirurgia Vascular<\/td><td>2<\/td><\/tr><tr><td>Geriatria<\/td><td>2<\/td><\/tr><tr><td>Pneumologia<\/td><td>4<\/td><\/tr><tr><td>Coloproctologia<\/td><td>2<\/td><\/tr><tr><td>Cirurgia Pedi\u00e1trica<\/td><td>1<\/td><\/tr><tr><td>Nefrologia<\/td><td>8<\/td><\/tr><tr><td>Oncologia Cl\u00ednica<\/td><td>3<\/td><\/tr><tr><td>Reumatologia<\/td><td>4<\/td><\/tr><tr><td>Cardiologia<\/td><td>5<\/td><\/tr><tr><td>Hematologia e hemoterapia<\/td><td>4<\/td><\/tr><\/tbody><\/table><\/figure>\n\n\n\n<h3 class=\"wp-block-heading\" id=\"h-area-de-atuacao\"><span class=\"ez-toc-section\" id=\"Area_de_Atuacao\"><\/span><strong>\u00c1rea de Atua\u00e7\u00e3o<\/strong><span class=\"ez-toc-section-end\"><\/span><\/h3>\n\n\n\n<figure class=\"wp-block-table\"><table class=\"has-fixed-layout\"><tbody><tr><td><strong>Especialidade<\/strong><\/td><td><strong>Vagas<\/strong><\/td><\/tr><tr><td>Neurologia pedi\u00e1trica<\/td><td>4<\/td><\/tr><tr><td>Reumatologia pedi\u00e1trica<\/td><td>2<\/td><\/tr><tr><td>Ultrassonografia em ginecologia e obstetr\u00edcia<\/td><td>3<\/td><\/tr><tr><td>Hepatologia<\/td><td>2<\/td><\/tr><tr><td>Infectologia pedi\u00e1trica<\/td><td>2<\/td><\/tr><tr><td>Gastroenterologia pedi\u00e1trica<\/td><td>4<\/td><\/tr><tr><td>Eletrofisiologia cl\u00ednica invasiva<\/td><td>1<\/td><\/tr><tr><td>Neonatologia<\/td><td>3<\/td><\/tr><tr><td>Endoscopia respirat\u00f3ria<\/td><td>2<\/td><\/tr><tr><td>Ecocardiografia<\/td><td>2<\/td><\/tr><tr><td>Nutrologia pedi\u00e1trica<\/td><td>2<\/td><\/tr><tr><td>Medicina Fetal<\/td><td>2<\/td><\/tr><tr><td>Angiorradiologia e cirurgia endovascular<\/td><td>2<\/td><\/tr><tr><td>Transplante de medula \u00f3ssea<\/td><td>2<\/td><\/tr><tr><td>Pneumologia pedi\u00e1trica<\/td><td>2<\/td><\/tr><\/tbody><\/table><\/figure>\n\n\n\n<h2 class=\"wp-block-heading\" id=\"h-cronograma-enare\"><span class=\"ez-toc-section\" id=\"Cronograma_Enare\"><\/span><strong>Cronograma Enare<\/strong><span class=\"ez-toc-section-end\"><\/span><\/h2>\n\n\n\n<figure class=\"wp-block-table\"><table class=\"has-fixed-layout\"><tbody><tr><td><strong>Prazo para pagamento da taxa de inscri\u00e7\u00e3o<\/strong><\/td><td>At\u00e9 dia <strong>1\u00b0 de agosto<\/strong><\/td><\/tr><tr><td><strong>Solicita\u00e7\u00e3o de isen\u00e7\u00e3o<\/strong><\/td><td>07 a 09\/07\/2025<\/td><\/tr><tr><td><strong>Reabertura do per\u00edodo de isen\u00e7\u00e3o o e envio da documenta\u00e7\u00e3o comprobat\u00f3ria<\/strong><\/td><td>16h de 15\/07\/25 a 23h59 de 17\/07\/2025<\/td><\/tr><tr><td><strong>Resultado preliminar da isen\u00e7\u00e3o<\/strong><\/td><td>23\/07\/2025<\/td><\/tr><tr><td><strong>Recurso contra resultado preliminar da isen\u00e7\u00e3o<\/strong><\/td><td>24\/07 a 25\/07\/2025<\/td><\/tr><tr><td><strong>Resultado definitivo de isen\u00e7\u00e3o<\/strong><\/td><td>31\/07\/2025<\/td><\/tr><tr><td><strong>Inscri\u00e7\u00f5es&nbsp;<\/strong><\/td><td>Das 10h do dia 07\/07 at\u00e9 \u00e0s 23h59 do dia <strong>30\/07\/2025<\/strong><\/td><\/tr><tr><td><strong>Divulga\u00e7\u00e3o do Edital de Inscri\u00e7\u00f5es Preliminares<\/strong><\/td><td>15\/08\/2025<\/td><\/tr><tr><td><strong>Per\u00edodo para interposi\u00e7\u00e3o de recurso contra o Edital de Inscri\u00e7\u00f5es Preliminares<\/strong><\/td><td>18\/08 e 19\/08\/2025<\/td><\/tr><tr><td><strong>Divulga\u00e7\u00e3o do Edital de Inscri\u00e7\u00f5es Definitivas<\/strong><\/td><td>02\/09\/2025<\/td><\/tr><tr><td><strong>Divulga\u00e7\u00e3o do hor\u00e1rio e local do exame atrav\u00e9s de Cart\u00e3o de Informa\u00e7\u00e3o do Candidato (pr\u00e9-requisito)<\/strong><\/td><td>13\/10\/2025<\/td><\/tr><tr><td><strong>Data da prova<\/strong><\/td><td><strong>19\/10\/2025<\/strong><\/td><\/tr><tr><td><strong>Gabarito preliminar<\/strong><\/td><td>21\/10\/2025<\/td><\/tr><tr><td><strong>Recursos ao gabarito<\/strong><\/td><td>22 a 23\/10\/2025<\/td><\/tr><tr><td><strong>Resultado final da 1\u00aa etapa&nbsp;<\/strong><\/td><td>14\/11\/2025<\/td><\/tr><tr><td><strong>Nota final e classifica\u00e7\u00e3o geral dos candidatos<\/strong><\/td><td>21\/01\/2026<\/td><\/tr><tr><td><strong>1\u00aa Escolha de vagas<\/strong><\/td><td>22 a 23\/01\/2026<\/td><\/tr><tr><td><strong>Resultado final da 1\u00aa chance de escolha de vagas<\/strong><\/td><td>26\/01\/2026<\/td><\/tr><tr><td><strong>2\u00aa Escolha de vagas<\/strong><\/td><td>27 a 28\/01\/2026<\/td><\/tr><tr><td><strong>Resultado final da 2\u00aa chance de escolha de vagas<\/strong><\/td><td>30\/01\/2026<\/td><\/tr><tr><td><strong>3\u00aa Escolha de vagas<\/strong><\/td><td>02 a 03\/02\/2026<\/td><\/tr><tr><td><strong>Matr\u00edcula dos aprovados<\/strong><\/td><td>A partir de 10\/02 a 31\/03\/2026<\/td><\/tr><tr><td><strong>In\u00edcio dos programas<\/strong><\/td><td><strong>Mar\u00e7o de 2026<\/strong><\/td><\/tr><\/tbody><\/table><\/figure>\n\n\n\n<h2 class=\"wp-block-heading\" id=\"cronograma-ses-rj-2024-2025\"><span class=\"ez-toc-section\" id=\"Cronograma_UFRJ_20252026\"><\/span><strong>Cronograma UFRJ 2025\/2026<\/strong><span class=\"ez-toc-section-end\"><\/span><\/h2>\n\n\n\n<figure class=\"wp-block-table\"><table class=\"has-fixed-layout\"><tbody><tr><td><strong>Pr\u00e9-matr\u00edcula<\/strong><\/td><td>06 a<br>08\/02\/2026<\/td><\/tr><tr><td><strong>Efetiva\u00e7\u00e3o da matr\u00edcula<\/strong><\/td><td>10, 11 e<br>12\/02\/2026<br>das 8:30 a\u0300s<br>14:30 horas<\/td><\/tr><tr><td><strong>Reclassificac\u0327a\u0303o<\/strong><\/td><td>A partir de<br>12\/02\/2026<\/td><\/tr><tr><td><strong>Recepc\u0327a\u0303o aos Me\u0301dicos Residentes<\/strong><\/td><td>24\/02\/2026<\/td><\/tr><tr><td><strong>Ini\u0301cio dos Programas de Reside\u0302ncia Me\u0301dica<\/strong><\/td><td>01\/03\/2026<\/td><\/tr><\/tbody><\/table><\/figure>\n\n\n\n<h2 class=\"wp-block-heading\" id=\"h-edital-na-integra\"><span class=\"ez-toc-section\" id=\"Edital_na_integra\"><\/span><strong>Edital na \u00edntegra<\/strong><span class=\"ez-toc-section-end\"><\/span><\/h2>\n\n\n\n<div data-wp-interactive=\"core\/file\" class=\"wp-block-file\"><object data-wp-bind--hidden=\"!state.hasPdfPreview\" hidden class=\"wp-block-file__embed\" data=\"https:\/\/www.grupomedcof.com.br\/blog\/wp-content\/uploads\/2024\/10\/Edital_de_Matricula_HUCFF.pdf\" type=\"application\/pdf\" style=\"width:100%;height:600px\" aria-label=\"Incorporado de Edital_de_Matricula_HUCFF.\"><\/object><a id=\"wp-block-file--media-561d1fa9-faa5-40ec-8cdf-e4b0acb26dbd\" href=\"https:\/\/www.grupomedcof.com.br\/blog\/wp-content\/uploads\/2024\/10\/Edital_de_Matricula_HUCFF.pdf\">Edital_de_Matricula_HUCFF<\/a><a href=\"https:\/\/www.grupomedcof.com.br\/blog\/wp-content\/uploads\/2024\/10\/Edital_de_Matricula_HUCFF.pdf\" class=\"wp-block-file__button wp-element-button\" download aria-describedby=\"wp-block-file--media-561d1fa9-faa5-40ec-8cdf-e4b0acb26dbd\">Baixar<\/a><\/div>\n\n\n\n<h2 class=\"wp-block-heading\" id=\"h-edicoes-anteriores\"><span class=\"ez-toc-section\" id=\"Edicoes_anteriores\"><\/span><strong>Edi\u00e7\u00f5es anteriores<\/strong><span class=\"ez-toc-section-end\"><\/span><\/h2>\n\n\n\n<h3 class=\"wp-block-heading\" id=\"h-edicao-2022-2023\"><span class=\"ez-toc-section\" id=\"Edicao_20222023\"><\/span><strong>Edi\u00e7\u00e3o 2022\/2023<\/strong><span class=\"ez-toc-section-end\"><\/span><\/h3>\n\n\n\n<p>Na edi\u00e7\u00e3o de 2022\/2023, o edital foi divulgado no dia 17 de outubro de 2022. A taxa de inscri\u00e7\u00e3o foi no valor de R$ 570,00 e a institui\u00e7\u00e3o aplicou a prova no dia 04 de dezembro de 2022.<\/p>\n\n\n\n<h3 class=\"wp-block-heading\" id=\"h-edicao-de-2023-2024\"><span class=\"ez-toc-section\" id=\"Edicao_de_20232024\"><\/span><strong>Edi\u00e7\u00e3o de 2023\/2024<\/strong><span class=\"ez-toc-section-end\"><\/span><\/h3>\n\n\n\n<p>Ofertando 413 vagas, os candidatos realizaram a prova no dia 19 de novembro de 2023, com uma taxa de <strong>R$ 620,00.<\/strong> <\/p>\n\n\n\n<h3 class=\"wp-block-heading\" id=\"h-edicao-de-2024-2025\"><span class=\"ez-toc-section\" id=\"Edicao_de_20242025\"><\/span><strong>Edi\u00e7\u00e3o de 2024\/2025<\/strong><span class=\"ez-toc-section-end\"><\/span><\/h3>\n\n\n\n<p>Ofertando mais de <strong>200 vagas<\/strong>, a prova ocorreu em novembro de 2024, a taxa de inscri\u00e7\u00e3o foi de de <strong>R$ 620,00<\/strong>.<\/p>\n\n\n\n<h2 class=\"wp-block-heading\" id=\"prepare-se-conosco\"><span class=\"ez-toc-section\" id=\"Prepare-se_conosco\"><\/span><strong>Prepare-se conosco!<\/strong><span class=\"ez-toc-section-end\"><\/span><\/h2>\n\n\n\n<p>Quer se preparar para as provas de resid\u00eancia m\u00e9dica de 2027? Ent\u00e3o prepare-se com o\u00a0<a href=\"https:\/\/www.grupomedcof.com.br\/home\/\" target=\"_blank\" rel=\"noreferrer noopener\">Grupo MedCof<\/a>\u00a0e confira o v\u00eddeo no qual nossos especialistas tiram d\u00favidas sobre as\u00a0<a href=\"https:\/\/www.grupomedcof.com.br\/blog\/presenca-da-medcof-nas-aprovacoes-em-residencia-medica-no-brasil\/\" target=\"_blank\" rel=\"noreferrer noopener\">principais resid\u00eancias!<\/a><\/p>\n\n\n\n<figure class=\"wp-block-embed is-type-video is-provider-youtube wp-block-embed-youtube wp-embed-aspect-16-9 wp-has-aspect-ratio\"><div class=\"wp-block-embed__wrapper\">\n<div class=\"youtube-embed\" data-video_id=\"DW2f-MTnMU0\"><iframe loading=\"lazy\" title=\"Gabarito Resid\u00eancia M\u00e9dica UFRJ 2024 - Corre\u00e7\u00e3o P\u00f3s-Prova - Ao Vivo\" width=\"696\" height=\"392\" src=\"https:\/\/www.youtube.com\/embed\/DW2f-MTnMU0?feature=oembed&#038;enablejsapi=1\" frameborder=\"0\" allow=\"accelerometer; autoplay; clipboard-write; encrypted-media; gyroscope; picture-in-picture; web-share\" referrerpolicy=\"strict-origin-when-cross-origin\" allowfullscreen><\/iframe><\/div>\n<\/div><\/figure>\n","protected":false},"excerpt":{"rendered":"<p>Confira o edital da Universidade Federal do Rio de Janeiro, que ofertar\u00e1 mais de 200 vagas. Inscri\u00e7\u00f5es abrem dia 25 de outubro!<\/p>\n","protected":false},"author":20,"featured_media":30559,"comment_status":"open","ping_status":"open","sticky":false,"template":"","format":"standard","meta":{"footnotes":""},"categories":[2023],"tags":[1568,93,1452,117,68,48],"ppma_author":[3616],"class_list":{"0":"post-14809","1":"post","2":"type-post","3":"status-publish","4":"format-standard","5":"has-post-thumbnail","7":"category-editais","8":"tag-edital","9":"tag-especialidades-medicas","10":"tag-provas","11":"tag-provas-de-residencia","12":"tag-residencia-medica","13":"tag-ufrj"},"yoast_head":"<!-- This site is optimized with the Yoast SEO Premium plugin v24.3 (Yoast SEO v27.4) - https:\/\/yoast.com\/product\/yoast-seo-premium-wordpress\/ -->\n<title>Edital UFRJ para Resid\u00eancia M\u00e9dica 2025\/2026 - Blog de Medcof: conte\u00fados, editais, revalida e mais!<\/title>\n<meta name=\"description\" content=\"Confira o edital da resid\u00eancia m\u00e9dica da UFRJ, que ofertar\u00e1 mais de 200 vagas. Inscri\u00e7\u00f5es abrem dia 25 de outubro!\" \/>\n<meta name=\"robots\" content=\"index, follow, max-snippet:-1, max-image-preview:large, max-video-preview:-1\" \/>\n<link rel=\"canonical\" href=\"https:\/\/www.grupomedcof.com.br\/blog\/edital-residencia-medica-ufrj\/\" \/>\n<meta property=\"og:locale\" content=\"pt_BR\" \/>\n<meta property=\"og:type\" content=\"article\" \/>\n<meta property=\"og:title\" content=\"Edital UFRJ para Resid\u00eancia M\u00e9dica 2025\/2026\" \/>\n<meta property=\"og:description\" content=\"Confira o edital da resid\u00eancia m\u00e9dica da UFRJ, que ofertar\u00e1 mais de 200 vagas. Inscri\u00e7\u00f5es abrem dia 25 de outubro!\" \/>\n<meta property=\"og:url\" content=\"https:\/\/www.grupomedcof.com.br\/blog\/edital-residencia-medica-ufrj\/\" \/>\n<meta property=\"og:site_name\" content=\"Blog de Medcof: conte\u00fados, editais, revalida e mais!\" \/>\n<meta property=\"article:publisher\" content=\"https:\/\/www.facebook.com\/MedCofQbank\/\" \/>\n<meta property=\"article:published_time\" content=\"2026-04-14T14:50:22+00:00\" \/>\n<meta property=\"article:modified_time\" content=\"2026-04-14T16:57:00+00:00\" \/>\n<meta property=\"og:image\" content=\"https:\/\/www.grupomedcof.com.br\/blog\/wp-content\/uploads\/2023\/10\/Modelo-instituicoes-4.png\" \/>\n\t<meta property=\"og:image:width\" content=\"2560\" \/>\n\t<meta property=\"og:image:height\" content=\"1440\" \/>\n\t<meta property=\"og:image:type\" content=\"image\/png\" \/>\n<meta name=\"author\" content=\"Leila Menzel\" \/>\n<meta name=\"twitter:card\" content=\"summary_large_image\" \/>\n<meta name=\"twitter:label1\" content=\"Escrito por\" \/>\n\t<meta name=\"twitter:data1\" content=\"Leila Menzel\" \/>\n\t<meta name=\"twitter:label2\" content=\"Est. tempo de leitura\" \/>\n\t<meta name=\"twitter:data2\" content=\"5 minutos\" \/>\n<script type=\"application\/ld+json\" class=\"yoast-schema-graph\">{\"@context\":\"https:\\\/\\\/schema.org\",\"@graph\":[{\"@type\":\"Article\",\"@id\":\"https:\\\/\\\/www.grupomedcof.com.br\\\/blog\\\/edital-residencia-medica-ufrj\\\/#article\",\"isPartOf\":{\"@id\":\"https:\\\/\\\/www.grupomedcof.com.br\\\/blog\\\/edital-residencia-medica-ufrj\\\/\"},\"author\":{\"name\":\"Leila Menzel\",\"@id\":\"https:\\\/\\\/www.grupomedcof.com.br\\\/blog\\\/#\\\/schema\\\/person\\\/9a44c2184a836bf5ae6967fdb3a1451e\"},\"headline\":\"Edital UFRJ para Resid\u00eancia M\u00e9dica 2025\\\/2026\",\"datePublished\":\"2026-04-14T14:50:22+00:00\",\"dateModified\":\"2026-04-14T16:57:00+00:00\",\"mainEntityOfPage\":{\"@id\":\"https:\\\/\\\/www.grupomedcof.com.br\\\/blog\\\/edital-residencia-medica-ufrj\\\/\"},\"wordCount\":752,\"commentCount\":2,\"publisher\":{\"@id\":\"https:\\\/\\\/www.grupomedcof.com.br\\\/blog\\\/#organization\"},\"image\":{\"@id\":\"https:\\\/\\\/www.grupomedcof.com.br\\\/blog\\\/edital-residencia-medica-ufrj\\\/#primaryimage\"},\"thumbnailUrl\":\"https:\\\/\\\/www.grupomedcof.com.br\\\/blog\\\/wp-content\\\/uploads\\\/2023\\\/10\\\/Modelo-instituicoes-4.png\",\"keywords\":[\"Edital\",\"Especialidades m\u00e9dicas\",\"Provas\",\"Provas de Resid\u00eancia\",\"Resid\u00eancia M\u00e9dica\",\"UFRJ\"],\"articleSection\":[\"Editais\"],\"inLanguage\":\"pt-BR\"},{\"@type\":\"WebPage\",\"@id\":\"https:\\\/\\\/www.grupomedcof.com.br\\\/blog\\\/edital-residencia-medica-ufrj\\\/\",\"url\":\"https:\\\/\\\/www.grupomedcof.com.br\\\/blog\\\/edital-residencia-medica-ufrj\\\/\",\"name\":\"Edital UFRJ para Resid\u00eancia M\u00e9dica 2025\\\/2026 - Blog de Medcof: conte\u00fados, editais, revalida e mais!\",\"isPartOf\":{\"@id\":\"https:\\\/\\\/www.grupomedcof.com.br\\\/blog\\\/#website\"},\"primaryImageOfPage\":{\"@id\":\"https:\\\/\\\/www.grupomedcof.com.br\\\/blog\\\/edital-residencia-medica-ufrj\\\/#primaryimage\"},\"image\":{\"@id\":\"https:\\\/\\\/www.grupomedcof.com.br\\\/blog\\\/edital-residencia-medica-ufrj\\\/#primaryimage\"},\"thumbnailUrl\":\"https:\\\/\\\/www.grupomedcof.com.br\\\/blog\\\/wp-content\\\/uploads\\\/2023\\\/10\\\/Modelo-instituicoes-4.png\",\"datePublished\":\"2026-04-14T14:50:22+00:00\",\"dateModified\":\"2026-04-14T16:57:00+00:00\",\"description\":\"Confira o edital da resid\u00eancia m\u00e9dica da UFRJ, que ofertar\u00e1 mais de 200 vagas. Inscri\u00e7\u00f5es abrem dia 25 de outubro!\",\"breadcrumb\":{\"@id\":\"https:\\\/\\\/www.grupomedcof.com.br\\\/blog\\\/edital-residencia-medica-ufrj\\\/#breadcrumb\"},\"inLanguage\":\"pt-BR\",\"potentialAction\":[{\"@type\":\"ReadAction\",\"target\":[\"https:\\\/\\\/www.grupomedcof.com.br\\\/blog\\\/edital-residencia-medica-ufrj\\\/\"]}]},{\"@type\":\"ImageObject\",\"inLanguage\":\"pt-BR\",\"@id\":\"https:\\\/\\\/www.grupomedcof.com.br\\\/blog\\\/edital-residencia-medica-ufrj\\\/#primaryimage\",\"url\":\"https:\\\/\\\/www.grupomedcof.com.br\\\/blog\\\/wp-content\\\/uploads\\\/2023\\\/10\\\/Modelo-instituicoes-4.png\",\"contentUrl\":\"https:\\\/\\\/www.grupomedcof.com.br\\\/blog\\\/wp-content\\\/uploads\\\/2023\\\/10\\\/Modelo-instituicoes-4.png\",\"width\":2560,\"height\":1440,\"caption\":\"UFRJ divulgou edital para Resid\u00eancia M\u00e9dica 2025\\\/2026\"},{\"@type\":\"BreadcrumbList\",\"@id\":\"https:\\\/\\\/www.grupomedcof.com.br\\\/blog\\\/edital-residencia-medica-ufrj\\\/#breadcrumb\",\"itemListElement\":[{\"@type\":\"ListItem\",\"position\":1,\"name\":\"In\u00edcio\",\"item\":\"https:\\\/\\\/www.grupomedcof.com.br\\\/blog\\\/\"},{\"@type\":\"ListItem\",\"position\":2,\"name\":\"Edital UFRJ para Resid\u00eancia M\u00e9dica 2025\\\/2026\"}]},{\"@type\":\"WebSite\",\"@id\":\"https:\\\/\\\/www.grupomedcof.com.br\\\/blog\\\/#website\",\"url\":\"https:\\\/\\\/www.grupomedcof.com.br\\\/blog\\\/\",\"name\":\"Blog de Medcof: conte\u00fados, editais, revalida e mais!\",\"description\":\"Acesso o blog de MedCof! Seu portal de conte\u00fados sobre resid\u00eancia m\u00e9dica, an\u00e1lise e editais e muito mais. Clique e confira!\",\"publisher\":{\"@id\":\"https:\\\/\\\/www.grupomedcof.com.br\\\/blog\\\/#organization\"},\"alternateName\":\"Blog de Medcof: conte\u00fados, editais, revalida e mais!\",\"potentialAction\":[{\"@type\":\"SearchAction\",\"target\":{\"@type\":\"EntryPoint\",\"urlTemplate\":\"https:\\\/\\\/www.grupomedcof.com.br\\\/blog\\\/?s={search_term_string}\"},\"query-input\":{\"@type\":\"PropertyValueSpecification\",\"valueRequired\":true,\"valueName\":\"search_term_string\"}}],\"inLanguage\":\"pt-BR\"},{\"@type\":\"Organization\",\"@id\":\"https:\\\/\\\/www.grupomedcof.com.br\\\/blog\\\/#organization\",\"name\":\"Grupo MedCof\",\"url\":\"https:\\\/\\\/www.grupomedcof.com.br\\\/blog\\\/\",\"logo\":{\"@type\":\"ImageObject\",\"inLanguage\":\"pt-BR\",\"@id\":\"https:\\\/\\\/www.grupomedcof.com.br\\\/blog\\\/#\\\/schema\\\/logo\\\/image\\\/\",\"url\":\"https:\\\/\\\/www.grupomedcof.com.br\\\/blog\\\/wp-content\\\/uploads\\\/2022\\\/01\\\/logo-medcof.png\",\"contentUrl\":\"https:\\\/\\\/www.grupomedcof.com.br\\\/blog\\\/wp-content\\\/uploads\\\/2022\\\/01\\\/logo-medcof.png\",\"width\":768,\"height\":269,\"caption\":\"Grupo MedCof\"},\"image\":{\"@id\":\"https:\\\/\\\/www.grupomedcof.com.br\\\/blog\\\/#\\\/schema\\\/logo\\\/image\\\/\"},\"sameAs\":[\"https:\\\/\\\/www.facebook.com\\\/MedCofQbank\\\/\",\"https:\\\/\\\/www.instagram.com\\\/grupomedcof\\\/\",\"https:\\\/\\\/br.linkedin.com\\\/company\\\/medcof\",\"https:\\\/\\\/www.youtube.com\\\/channel\\\/UCdHMuOHKICxcHwecxN8P-AA\"]},{\"@type\":\"Person\",\"@id\":\"https:\\\/\\\/www.grupomedcof.com.br\\\/blog\\\/#\\\/schema\\\/person\\\/9a44c2184a836bf5ae6967fdb3a1451e\",\"name\":\"Leila Menzel\",\"image\":{\"@type\":\"ImageObject\",\"inLanguage\":\"pt-BR\",\"@id\":\"https:\\\/\\\/www.grupomedcof.com.br\\\/blog\\\/wp-content\\\/uploads\\\/2025\\\/09\\\/cropped-eu-96x96.jpeg19a74936d997c0a8b3031618467fa1d0\",\"url\":\"https:\\\/\\\/www.grupomedcof.com.br\\\/blog\\\/wp-content\\\/uploads\\\/2025\\\/09\\\/cropped-eu-96x96.jpeg\",\"contentUrl\":\"https:\\\/\\\/www.grupomedcof.com.br\\\/blog\\\/wp-content\\\/uploads\\\/2025\\\/09\\\/cropped-eu-96x96.jpeg\",\"caption\":\"Leila Menzel\"},\"description\":\"Estudante do 6\u00b0 semestre de jornalismo, amo e escrevo poesias e viajo em livros de romances clich\u00eas.\",\"url\":\"https:\\\/\\\/www.grupomedcof.com.br\\\/blog\\\/author\\\/leila-menzel\\\/\"}]}<\/script>\n<!-- \/ Yoast SEO Premium plugin. -->","yoast_head_json":{"title":"Edital UFRJ para Resid\u00eancia M\u00e9dica 2025\/2026 - Blog de Medcof: conte\u00fados, editais, revalida e mais!","description":"Confira o edital da resid\u00eancia m\u00e9dica da UFRJ, que ofertar\u00e1 mais de 200 vagas. Inscri\u00e7\u00f5es abrem dia 25 de outubro!","robots":{"index":"index","follow":"follow","max-snippet":"max-snippet:-1","max-image-preview":"max-image-preview:large","max-video-preview":"max-video-preview:-1"},"canonical":"https:\/\/www.grupomedcof.com.br\/blog\/edital-residencia-medica-ufrj\/","og_locale":"pt_BR","og_type":"article","og_title":"Edital UFRJ para Resid\u00eancia M\u00e9dica 2025\/2026","og_description":"Confira o edital da resid\u00eancia m\u00e9dica da UFRJ, que ofertar\u00e1 mais de 200 vagas. Inscri\u00e7\u00f5es abrem dia 25 de outubro!","og_url":"https:\/\/www.grupomedcof.com.br\/blog\/edital-residencia-medica-ufrj\/","og_site_name":"Blog de Medcof: conte\u00fados, editais, revalida e mais!","article_publisher":"https:\/\/www.facebook.com\/MedCofQbank\/","article_published_time":"2026-04-14T14:50:22+00:00","article_modified_time":"2026-04-14T16:57:00+00:00","og_image":[{"width":2560,"height":1440,"url":"https:\/\/www.grupomedcof.com.br\/blog\/wp-content\/uploads\/2023\/10\/Modelo-instituicoes-4.png","type":"image\/png"}],"author":"Leila Menzel","twitter_card":"summary_large_image","twitter_misc":{"Escrito por":"Leila Menzel","Est. tempo de leitura":"5 minutos"},"schema":{"@context":"https:\/\/schema.org","@graph":[{"@type":"Article","@id":"https:\/\/www.grupomedcof.com.br\/blog\/edital-residencia-medica-ufrj\/#article","isPartOf":{"@id":"https:\/\/www.grupomedcof.com.br\/blog\/edital-residencia-medica-ufrj\/"},"author":{"name":"Leila Menzel","@id":"https:\/\/www.grupomedcof.com.br\/blog\/#\/schema\/person\/9a44c2184a836bf5ae6967fdb3a1451e"},"headline":"Edital UFRJ para Resid\u00eancia M\u00e9dica 2025\/2026","datePublished":"2026-04-14T14:50:22+00:00","dateModified":"2026-04-14T16:57:00+00:00","mainEntityOfPage":{"@id":"https:\/\/www.grupomedcof.com.br\/blog\/edital-residencia-medica-ufrj\/"},"wordCount":752,"commentCount":2,"publisher":{"@id":"https:\/\/www.grupomedcof.com.br\/blog\/#organization"},"image":{"@id":"https:\/\/www.grupomedcof.com.br\/blog\/edital-residencia-medica-ufrj\/#primaryimage"},"thumbnailUrl":"https:\/\/www.grupomedcof.com.br\/blog\/wp-content\/uploads\/2023\/10\/Modelo-instituicoes-4.png","keywords":["Edital","Especialidades m\u00e9dicas","Provas","Provas de Resid\u00eancia","Resid\u00eancia M\u00e9dica","UFRJ"],"articleSection":["Editais"],"inLanguage":"pt-BR"},{"@type":"WebPage","@id":"https:\/\/www.grupomedcof.com.br\/blog\/edital-residencia-medica-ufrj\/","url":"https:\/\/www.grupomedcof.com.br\/blog\/edital-residencia-medica-ufrj\/","name":"Edital UFRJ para Resid\u00eancia M\u00e9dica 2025\/2026 - Blog de Medcof: conte\u00fados, editais, revalida e mais!","isPartOf":{"@id":"https:\/\/www.grupomedcof.com.br\/blog\/#website"},"primaryImageOfPage":{"@id":"https:\/\/www.grupomedcof.com.br\/blog\/edital-residencia-medica-ufrj\/#primaryimage"},"image":{"@id":"https:\/\/www.grupomedcof.com.br\/blog\/edital-residencia-medica-ufrj\/#primaryimage"},"thumbnailUrl":"https:\/\/www.grupomedcof.com.br\/blog\/wp-content\/uploads\/2023\/10\/Modelo-instituicoes-4.png","datePublished":"2026-04-14T14:50:22+00:00","dateModified":"2026-04-14T16:57:00+00:00","description":"Confira o edital da resid\u00eancia m\u00e9dica da UFRJ, que ofertar\u00e1 mais de 200 vagas. Inscri\u00e7\u00f5es abrem dia 25 de outubro!","breadcrumb":{"@id":"https:\/\/www.grupomedcof.com.br\/blog\/edital-residencia-medica-ufrj\/#breadcrumb"},"inLanguage":"pt-BR","potentialAction":[{"@type":"ReadAction","target":["https:\/\/www.grupomedcof.com.br\/blog\/edital-residencia-medica-ufrj\/"]}]},{"@type":"ImageObject","inLanguage":"pt-BR","@id":"https:\/\/www.grupomedcof.com.br\/blog\/edital-residencia-medica-ufrj\/#primaryimage","url":"https:\/\/www.grupomedcof.com.br\/blog\/wp-content\/uploads\/2023\/10\/Modelo-instituicoes-4.png","contentUrl":"https:\/\/www.grupomedcof.com.br\/blog\/wp-content\/uploads\/2023\/10\/Modelo-instituicoes-4.png","width":2560,"height":1440,"caption":"UFRJ divulgou edital para Resid\u00eancia M\u00e9dica 2025\/2026"},{"@type":"BreadcrumbList","@id":"https:\/\/www.grupomedcof.com.br\/blog\/edital-residencia-medica-ufrj\/#breadcrumb","itemListElement":[{"@type":"ListItem","position":1,"name":"In\u00edcio","item":"https:\/\/www.grupomedcof.com.br\/blog\/"},{"@type":"ListItem","position":2,"name":"Edital UFRJ para Resid\u00eancia M\u00e9dica 2025\/2026"}]},{"@type":"WebSite","@id":"https:\/\/www.grupomedcof.com.br\/blog\/#website","url":"https:\/\/www.grupomedcof.com.br\/blog\/","name":"Blog de Medcof: conte\u00fados, editais, revalida e mais!","description":"Acesso o blog de MedCof! Seu portal de conte\u00fados sobre resid\u00eancia m\u00e9dica, an\u00e1lise e editais e muito mais. Clique e confira!","publisher":{"@id":"https:\/\/www.grupomedcof.com.br\/blog\/#organization"},"alternateName":"Blog de Medcof: conte\u00fados, editais, revalida e mais!","potentialAction":[{"@type":"SearchAction","target":{"@type":"EntryPoint","urlTemplate":"https:\/\/www.grupomedcof.com.br\/blog\/?s={search_term_string}"},"query-input":{"@type":"PropertyValueSpecification","valueRequired":true,"valueName":"search_term_string"}}],"inLanguage":"pt-BR"},{"@type":"Organization","@id":"https:\/\/www.grupomedcof.com.br\/blog\/#organization","name":"Grupo MedCof","url":"https:\/\/www.grupomedcof.com.br\/blog\/","logo":{"@type":"ImageObject","inLanguage":"pt-BR","@id":"https:\/\/www.grupomedcof.com.br\/blog\/#\/schema\/logo\/image\/","url":"https:\/\/www.grupomedcof.com.br\/blog\/wp-content\/uploads\/2022\/01\/logo-medcof.png","contentUrl":"https:\/\/www.grupomedcof.com.br\/blog\/wp-content\/uploads\/2022\/01\/logo-medcof.png","width":768,"height":269,"caption":"Grupo MedCof"},"image":{"@id":"https:\/\/www.grupomedcof.com.br\/blog\/#\/schema\/logo\/image\/"},"sameAs":["https:\/\/www.facebook.com\/MedCofQbank\/","https:\/\/www.instagram.com\/grupomedcof\/","https:\/\/br.linkedin.com\/company\/medcof","https:\/\/www.youtube.com\/channel\/UCdHMuOHKICxcHwecxN8P-AA"]},{"@type":"Person","@id":"https:\/\/www.grupomedcof.com.br\/blog\/#\/schema\/person\/9a44c2184a836bf5ae6967fdb3a1451e","name":"Leila Menzel","image":{"@type":"ImageObject","inLanguage":"pt-BR","@id":"https:\/\/www.grupomedcof.com.br\/blog\/wp-content\/uploads\/2025\/09\/cropped-eu-96x96.jpeg19a74936d997c0a8b3031618467fa1d0","url":"https:\/\/www.grupomedcof.com.br\/blog\/wp-content\/uploads\/2025\/09\/cropped-eu-96x96.jpeg","contentUrl":"https:\/\/www.grupomedcof.com.br\/blog\/wp-content\/uploads\/2025\/09\/cropped-eu-96x96.jpeg","caption":"Leila Menzel"},"description":"Estudante do 6\u00b0 semestre de jornalismo, amo e escrevo poesias e viajo em livros de romances clich\u00eas.","url":"https:\/\/www.grupomedcof.com.br\/blog\/author\/leila-menzel\/"}]}},"authors":[{"term_id":3616,"user_id":20,"is_guest":0,"slug":"leila-menzel","display_name":"Leila Menzel","avatar_url":"https:\/\/www.grupomedcof.com.br\/blog\/wp-content\/uploads\/2025\/09\/cropped-eu-96x96.jpeg","0":null,"1":"","2":"","3":"","4":"","5":"","6":"","7":"","8":""}],"_links":{"self":[{"href":"https:\/\/www.grupomedcof.com.br\/blog\/wp-json\/wp\/v2\/posts\/14809","targetHints":{"allow":["GET"]}}],"collection":[{"href":"https:\/\/www.grupomedcof.com.br\/blog\/wp-json\/wp\/v2\/posts"}],"about":[{"href":"https:\/\/www.grupomedcof.com.br\/blog\/wp-json\/wp\/v2\/types\/post"}],"author":[{"embeddable":true,"href":"https:\/\/www.grupomedcof.com.br\/blog\/wp-json\/wp\/v2\/users\/20"}],"replies":[{"embeddable":true,"href":"https:\/\/www.grupomedcof.com.br\/blog\/wp-json\/wp\/v2\/comments?post=14809"}],"version-history":[{"count":3,"href":"https:\/\/www.grupomedcof.com.br\/blog\/wp-json\/wp\/v2\/posts\/14809\/revisions"}],"predecessor-version":[{"id":43027,"href":"https:\/\/www.grupomedcof.com.br\/blog\/wp-json\/wp\/v2\/posts\/14809\/revisions\/43027"}],"wp:featuredmedia":[{"embeddable":true,"href":"https:\/\/www.grupomedcof.com.br\/blog\/wp-json\/wp\/v2\/media\/30559"}],"wp:attachment":[{"href":"https:\/\/www.grupomedcof.com.br\/blog\/wp-json\/wp\/v2\/media?parent=14809"}],"wp:term":[{"taxonomy":"category","embeddable":true,"href":"https:\/\/www.grupomedcof.com.br\/blog\/wp-json\/wp\/v2\/categories?post=14809"},{"taxonomy":"post_tag","embeddable":true,"href":"https:\/\/www.grupomedcof.com.br\/blog\/wp-json\/wp\/v2\/tags?post=14809"},{"taxonomy":"author","embeddable":true,"href":"https:\/\/www.grupomedcof.com.br\/blog\/wp-json\/wp\/v2\/ppma_author?post=14809"}],"curies":[{"name":"wp","href":"https:\/\/api.w.org\/{rel}","templated":true}]}}