{"id":14823,"date":"2024-12-11T10:45:23","date_gmt":"2024-12-11T13:45:23","guid":{"rendered":"https:\/\/www.grupomedcof.com.br\/blog\/?p=14823"},"modified":"2025-03-14T15:46:55","modified_gmt":"2025-03-14T18:46:55","slug":"residencia-medica-ufrj","status":"publish","type":"post","link":"https:\/\/www.grupomedcof.com.br\/blog\/residencia-medica-ufrj\/","title":{"rendered":"Resid\u00eancia M\u00e9dica UFRJ 2025: Confira as notas finais da prova objetiva!"},"content":{"rendered":"<div id=\"ez-toc-container\" class=\"ez-toc-v2_0_74 counter-hierarchy ez-toc-counter ez-toc-transparent ez-toc-container-direction\">\n<div class=\"ez-toc-title-container\">\n<p class=\"ez-toc-title\" style=\"cursor:inherit\">Sum\u00e1rio<\/p>\n<span class=\"ez-toc-title-toggle\"><a href=\"#\" class=\"ez-toc-pull-right ez-toc-btn ez-toc-btn-xs ez-toc-btn-default ez-toc-toggle\" aria-label=\"Alternar tabela de conte\u00fado\"><span class=\"ez-toc-js-icon-con\"><span class=\"\"><span class=\"eztoc-hide\" style=\"display:none;\">Toggle<\/span><span class=\"ez-toc-icon-toggle-span\"><svg style=\"fill: #999;color:#999\" xmlns=\"http:\/\/www.w3.org\/2000\/svg\" class=\"list-377408\" width=\"20px\" height=\"20px\" viewBox=\"0 0 24 24\" fill=\"none\"><path d=\"M6 6H4v2h2V6zm14 0H8v2h12V6zM4 11h2v2H4v-2zm16 0H8v2h12v-2zM4 16h2v2H4v-2zm16 0H8v2h12v-2z\" fill=\"currentColor\"><\/path><\/svg><svg style=\"fill: #999;color:#999\" class=\"arrow-unsorted-368013\" xmlns=\"http:\/\/www.w3.org\/2000\/svg\" width=\"10px\" height=\"10px\" viewBox=\"0 0 24 24\" version=\"1.2\" baseProfile=\"tiny\"><path d=\"M18.2 9.3l-6.2-6.3-6.2 6.3c-.2.2-.3.4-.3.7s.1.5.3.7c.2.2.4.3.7.3h11c.3 0 .5-.1.7-.3.2-.2.3-.5.3-.7s-.1-.5-.3-.7zM5.8 14.7l6.2 6.3 6.2-6.3c.2-.2.3-.5.3-.7s-.1-.5-.3-.7c-.2-.2-.4-.3-.7-.3h-11c-.3 0-.5.1-.7.3-.2.2-.3.5-.3.7s.1.5.3.7z\"\/><\/svg><\/span><\/span><\/span><\/a><\/span><\/div>\n<nav><ul class='ez-toc-list ez-toc-list-level-1 ' ><li class='ez-toc-page-1 ez-toc-heading-level-2'><a class=\"ez-toc-link ez-toc-heading-1\" href=\"https:\/\/www.grupomedcof.com.br\/blog\/residencia-medica-ufrj\/#A_selecao_20242025_da_UFRJ_sera_pelo_Enare\" >A sele\u00e7\u00e3o 2024\/2025 da UFRJ ser\u00e1 pelo Enare?<\/a><\/li><li class='ez-toc-page-1 ez-toc-heading-level-2'><a class=\"ez-toc-link ez-toc-heading-2\" href=\"https:\/\/www.grupomedcof.com.br\/blog\/residencia-medica-ufrj\/#Edital_UFRJ_20242025\" >Edital UFRJ 2024\/2025<\/a><\/li><li class='ez-toc-page-1 ez-toc-heading-level-2'><a class=\"ez-toc-link ez-toc-heading-3\" href=\"https:\/\/www.grupomedcof.com.br\/blog\/residencia-medica-ufrj\/#Processo_Seletivo_Residencia_Medica_20242025\" >Processo Seletivo Resid\u00eancia M\u00e9dica 2024\/2025<\/a><\/li><li class='ez-toc-page-1 ez-toc-heading-level-2'><a class=\"ez-toc-link ez-toc-heading-4\" href=\"https:\/\/www.grupomedcof.com.br\/blog\/residencia-medica-ufrj\/#Residencia_Medica_UFRJ_Vagas_para_Acesso_Direto\" >Resid\u00eancia M\u00e9dica UFRJ: Vagas para Acesso Direto<\/a><\/li><li class='ez-toc-page-1 ez-toc-heading-level-2'><a class=\"ez-toc-link ez-toc-heading-5\" href=\"https:\/\/www.grupomedcof.com.br\/blog\/residencia-medica-ufrj\/#Residencia_Medica_UFRJ_20242025_Vagas_com_pre-requisito\" >Resid\u00eancia M\u00e9dica UFRJ 2024\/2025: Vagas com pr\u00e9-requisito<\/a><\/li><li class='ez-toc-page-1 ez-toc-heading-level-2'><a class=\"ez-toc-link ez-toc-heading-6\" href=\"https:\/\/www.grupomedcof.com.br\/blog\/residencia-medica-ufrj\/#Residencia_Medica_UFRJ_20242025_Vagas_para_Area_de_Atuacao\" >Resid\u00eancia M\u00e9dica UFRJ 2024\/2025: Vagas para \u00c1rea de Atua\u00e7\u00e3o<\/a><\/li><li class='ez-toc-page-1 ez-toc-heading-level-2'><a class=\"ez-toc-link ez-toc-heading-7\" href=\"https:\/\/www.grupomedcof.com.br\/blog\/residencia-medica-ufrj\/#Nota_de_corte_residencia_UFRJ\" >Nota de corte resid\u00eancia UFRJ<\/a><ul class='ez-toc-list-level-3' ><li class='ez-toc-heading-level-3'><a class=\"ez-toc-link ez-toc-heading-8\" href=\"https:\/\/www.grupomedcof.com.br\/blog\/residencia-medica-ufrj\/#Acesso_Direto\" >Acesso Direto<\/a><\/li><li class='ez-toc-page-1 ez-toc-heading-level-3'><a class=\"ez-toc-link ez-toc-heading-9\" href=\"https:\/\/www.grupomedcof.com.br\/blog\/residencia-medica-ufrj\/#Pre-Requisito\" >Pr\u00e9-Requisito<\/a><\/li><\/ul><\/li><li class='ez-toc-page-1 ez-toc-heading-level-2'><a class=\"ez-toc-link ez-toc-heading-10\" href=\"https:\/\/www.grupomedcof.com.br\/blog\/residencia-medica-ufrj\/#Notas_Finais_da_Prova_Objetiva_UFRJ_2025\" >Notas Finais da Prova Objetiva UFRJ 2025<\/a><\/li><li class='ez-toc-page-1 ez-toc-heading-level-2'><a class=\"ez-toc-link ez-toc-heading-11\" href=\"https:\/\/www.grupomedcof.com.br\/blog\/residencia-medica-ufrj\/#Cronograma_UFRJ_20242025\" >Cronograma UFRJ 2024\/2025:<\/a><\/li><li class='ez-toc-page-1 ez-toc-heading-level-2'><a class=\"ez-toc-link ez-toc-heading-12\" href=\"https:\/\/www.grupomedcof.com.br\/blog\/residencia-medica-ufrj\/#Conquiste_a_Aprovacao\" >Conquiste a Aprova\u00e7\u00e3o<\/a><\/li><\/ul><\/nav><\/div>\n\n<figure class=\"wp-block-image size-large\"><img loading=\"lazy\" decoding=\"async\" width=\"1024\" height=\"576\" src=\"https:\/\/www.grupomedcof.com.br\/blog\/wp-content\/uploads\/2023\/10\/Modelo-instituicoes-10-1024x576.jpg\" alt=\"\" class=\"wp-image-30576\" srcset=\"https:\/\/www.grupomedcof.com.br\/blog\/wp-content\/uploads\/2023\/10\/Modelo-instituicoes-10-1024x576.jpg 1024w, https:\/\/www.grupomedcof.com.br\/blog\/wp-content\/uploads\/2023\/10\/Modelo-instituicoes-10-300x169.jpg 300w, https:\/\/www.grupomedcof.com.br\/blog\/wp-content\/uploads\/2023\/10\/Modelo-instituicoes-10-768x432.jpg 768w, https:\/\/www.grupomedcof.com.br\/blog\/wp-content\/uploads\/2023\/10\/Modelo-instituicoes-10-1536x864.jpg 1536w, https:\/\/www.grupomedcof.com.br\/blog\/wp-content\/uploads\/2023\/10\/Modelo-instituicoes-10-2048x1152.jpg 2048w, https:\/\/www.grupomedcof.com.br\/blog\/wp-content\/uploads\/2023\/10\/Modelo-instituicoes-10-747x420.jpg 747w, https:\/\/www.grupomedcof.com.br\/blog\/wp-content\/uploads\/2023\/10\/Modelo-instituicoes-10-150x84.jpg 150w, https:\/\/www.grupomedcof.com.br\/blog\/wp-content\/uploads\/2023\/10\/Modelo-instituicoes-10-696x392.jpg 696w, https:\/\/www.grupomedcof.com.br\/blog\/wp-content\/uploads\/2023\/10\/Modelo-instituicoes-10-1068x601.jpg 1068w, https:\/\/www.grupomedcof.com.br\/blog\/wp-content\/uploads\/2023\/10\/Modelo-instituicoes-10-1920x1080.jpg 1920w\" sizes=\"auto, (max-width: 1024px) 100vw, 1024px\" \/><\/figure>\n\n\n\n<p><span style=\"font-weight: 400;\">A <\/span><a href=\"https:\/\/www.grupomedcof.com.br\/blog\/residencia-medica-ufrj-2024\/\"><b>Universidade Federal do Rio de Janeiro (UFRJ)<\/b><\/a><span style=\"font-weight: 400;\"> \u00e9 uma das institui\u00e7\u00f5es mais renomadas do pa\u00eds, ocupando o <\/span><b>terceiro lugar de melhores universidades<\/b><span style=\"font-weight: 400;\"> no ranking nacional, tornando-a uma institui\u00e7\u00e3o de grande procura para o acesso a programas de <\/span><b>resid\u00eancia m\u00e9dica<\/b><span style=\"font-weight: 400;\">.<\/span><\/p>\n\n\n\n<p><span style=\"font-weight: 400;\">Confira abaixo os dados sobre <\/span><b>vagas, editais, especialidades da institui\u00e7\u00e3o<\/b> <strong>e mais!<\/strong><\/p>\n\n\n\n<h2 class=\"wp-block-heading\" id=\"h-a-selecao-2024-2025-da-ufrj-sera-pelo-enare\"><span class=\"ez-toc-section\" id=\"A_selecao_20242025_da_UFRJ_sera_pelo_Enare\"><\/span><strong>A sele\u00e7\u00e3o 2024\/2025 da UFRJ ser\u00e1 pelo Enare?<\/strong><span class=\"ez-toc-section-end\"><\/span><\/h2>\n\n\n\n<p><span style=\"font-weight: 400;\">Uma das novidades da edi\u00e7\u00e3o de 2025, foi a ades\u00e3o parcial da <\/span><a href=\"https:\/\/www.grupomedcof.com.br\/blog\/ufrj-2024-temas-quentes\/\"><b>UFRJ<\/b><\/a> <span style=\"font-weight: 400;\">ao processo seletivo do <\/span><a href=\"https:\/\/www.grupomedcof.com.br\/blog\/o-que-e-enare\/\"><b>ENARE<\/b><\/a><span style=\"font-weight: 400;\">. Mas, \u00e9 de grande import\u00e2ncia enfatizar que <\/span><b>n\u00e3o foram todas as vagas dos programas da UFRJ<\/b><span style=\"font-weight: 400;\"> adicionadas ao exame nacional, sendo assim, somente alguns programas ser\u00e3o ofertados no processo.<\/span><\/p>\n\n\n\n<p><span style=\"font-weight: 400;\">Segundo informa\u00e7\u00f5es publicadas no in\u00edcio de julho de 2024, somente vagas de <\/span><b>7 especialidades<\/b><span style=\"font-weight: 400;\"> foram ofertadas pela ENARE, enquanto os outros programas continuaram sendo de responsabilidade da pr\u00f3pria UFRJ. Confira abaixo as \u00e1reas ofertadas no ENARE 2024\/2025:<\/span><\/p>\n\n\n\n<ul class=\"wp-block-list\">\n<li><span style=\"font-weight: 400;\">Endoscopia respirat\u00f3ria<\/span><\/li>\n\n\n\n<li><span style=\"font-weight: 400;\">Nefrologia<\/span><\/li>\n\n\n\n<li><span style=\"font-weight: 400;\">Oftalmologia<\/span><\/li>\n\n\n\n<li><span style=\"font-weight: 400;\">Ortopedia<\/span><\/li>\n\n\n\n<li><span style=\"font-weight: 400;\">Pneumologia<\/span><\/li>\n\n\n\n<li><span style=\"font-weight: 400;\">Reumatologia<\/span><\/li>\n\n\n\n<li><span style=\"font-weight: 400;\">Urologia<\/span><\/li>\n<\/ul>\n\n\n\n<h2 class=\"wp-block-heading\"><span class=\"ez-toc-section\" id=\"Edital_UFRJ_20242025\"><\/span><span style=\"font-weight: 400;\"><strong>Edital UFRJ 2024\/2025<\/strong><\/span><span class=\"ez-toc-section-end\"><\/span><\/h2>\n\n\n\n<p><span style=\"font-weight: 400;\">O <strong><a href=\"https:\/\/www.grupomedcof.com.br\/blog\/edital-residencia-medica-ufrj\/\" target=\"_blank\" rel=\"noreferrer noopener\">edital <\/a><\/strong>do processo seletivo da UFRJ 2024\/2025 foi divulgado em <\/span><b>11 de outubro de 2024<\/b><span style=\"font-weight: 400;\">, nele constam as informa\u00e7\u00f5es necess\u00e1rias para que o candidato se prepare e tenha conhecimento de todo o processo.<\/span><\/p>\n\n\n\n<p><span style=\"font-weight: 400;\">As inscri\u00e7\u00f5es ocorreram <strong>entre os dia<\/strong><\/span><b><strong>s<\/strong> 25 de outubro e 5 de novembro de 2024<\/b><span style=\"font-weight: 400;\">, enquanto a prova objetiva ocorreu no dia <\/span><b>24 de novembro de 2024<\/b><span style=\"font-weight: 400;\">.<\/span><\/p>\n\n\n\n<h2 class=\"wp-block-heading\"><span class=\"ez-toc-section\" id=\"Processo_Seletivo_Residencia_Medica_20242025\"><\/span><strong>Processo Seletivo Resid\u00eancia M\u00e9dica 2024\/2025<\/strong><span class=\"ez-toc-section-end\"><\/span><\/h2>\n\n\n\n<p><span style=\"font-weight: 400;\">De acordo com o edital publicado pela UFRJ, o processo seletivo para resid\u00eancia m\u00e9dica de 2024\/2025 <\/span><b>contou com uma \u00fanica fase avaliativa<\/b><span style=\"font-weight: 400;\">. Sendo assim, a aplica\u00e7\u00e3o ocorreu no dia <\/span><b>24 de novembro<\/b><span style=\"font-weight: 400;\">, entretanto, tanto a composi\u00e7\u00e3o quanto a dura\u00e7\u00e3o p\u00f4de variar:<\/span><\/p>\n\n\n\n<ul class=\"wp-block-list\">\n<li><b>Acesso Direto:<\/b><span style=\"font-weight: 400;\"> Prova Objetiva com 150 quest\u00f5es de m\u00faltipla escolha sobre as 5 grandes \u00e1reas m\u00e9dicas, 5 horas de dura\u00e7\u00e3o;<\/span><\/li>\n\n\n\n<li><b>Pr\u00e9-Requisito: <\/b><span style=\"font-weight: 400;\">Prova Objetiva com 50 quest\u00f5es de acordo com o pr\u00e9-requisito, 2h de dura\u00e7\u00e3o;<\/span><\/li>\n\n\n\n<li><b>\u00c1reas de Atua\u00e7\u00e3o\/Ano Adicional:<\/b><span style=\"font-weight: 400;\"> Prova Discursiva com 5 quest\u00f5es, 2h de dura\u00e7\u00e3o.<\/span><\/li>\n<\/ul>\n\n\n\n<p><span style=\"font-weight: 400;\">Por fim, o resultado final do processo seletivo ter\u00e1 divulga\u00e7\u00e3o no dia <\/span><b>31 de dezembro de 2024<\/b><span style=\"font-weight: 400;\">, ap\u00f3s os devidos prazos de interposi\u00e7\u00e3o dos recursos e divulga\u00e7\u00f5es preliminare<\/span>s.<\/p>\n\n\n\n<figure class=\"wp-block-image\"><img decoding=\"async\" src=\"https:\/\/www.grupomedcof.com.br\/blog\/wp-content\/uploads\/2023\/09\/Captura-de-tela-2023-09-25-085840-1024x163.png\" alt=\"aulas medcof, grupo medcof, medcof aulas,\"\/><\/figure>\n\n\n\n<h2 class=\"wp-block-heading\" id=\"h-residencia-medica-ufrj-vagas-para-acesso-direto\"><span class=\"ez-toc-section\" id=\"Residencia_Medica_UFRJ_Vagas_para_Acesso_Direto\"><\/span><strong>Resid\u00eancia M\u00e9dica UFRJ: Vagas para Acesso Direto<\/strong><span class=\"ez-toc-section-end\"><\/span><\/h2>\n\n\n\n<p><span style=\"font-weight: 400;\">De acordo com o <\/span><b>edital dispon\u00edvel,<\/b><span style=\"font-weight: 400;\"> o processo seletivo da UFRJ 2024\/2025 ofertou<\/span> <span style=\"font-weight: 400;\">mais de<\/span><b> 74 vagas<\/b><span style=\"font-weight: 400;\"> para resid\u00eancia m\u00e9dica destinadas \u00e0s especialidades de <\/span><b>Acesso Direto<\/b><span style=\"font-weight: 400;\">.<\/span><\/p>\n\n\n\n<figure class=\"wp-block-table\"><table class=\"has-fixed-layout\"><tbody><tr><td>\n<p><b>Especialidades<\/b><\/p>\n<\/td><td>\n<p><b>Vagas<\/b><\/p>\n<\/td><\/tr><tr><td>\n<p><span style=\"font-weight: 400;\">Anestesiologia<\/span><\/p>\n<\/td><td>\n<p><span style=\"font-weight: 400;\">4<\/span><\/p>\n<\/td><\/tr><tr><td>\n<p><span style=\"font-weight: 400;\">Cirurgia Geral<\/span><\/p>\n<\/td><td>\n<p><span style=\"font-weight: 400;\">3<\/span><\/p>\n<\/td><\/tr><tr><td>\n<p><span style=\"font-weight: 400;\">Cirurgia Cardiovascular<\/span><\/p>\n<\/td><td>\n<p><span style=\"font-weight: 400;\">1<\/span><\/p>\n<\/td><\/tr><tr><td>\n<p><span style=\"font-weight: 400;\">Cl\u00ednica M\u00e9dica<\/span><\/p>\n<\/td><td>\n<p><span style=\"font-weight: 400;\">13<\/span><\/p>\n<\/td><\/tr><tr><td>\n<p><span style=\"font-weight: 400;\">Dermatologia<\/span><\/p>\n<\/td><td>\n<p><span style=\"font-weight: 400;\">2<\/span><\/p>\n<\/td><\/tr><tr><td>\n<p><span style=\"font-weight: 400;\">Ginecologia e Obstetr\u00edcia<\/span><\/p>\n<\/td><td>\n<p><span style=\"font-weight: 400;\">6<\/span><\/p>\n<\/td><\/tr><tr><td>\n<p><span style=\"font-weight: 400;\">Infectologia<\/span><\/p>\n<\/td><td>\n<p><span style=\"font-weight: 400;\">3<\/span><\/p>\n<\/td><\/tr><tr><td>\n<p><span style=\"font-weight: 400;\">Medicina da Fam\u00edlia e Comunidade<\/span><\/p>\n<\/td><td>\n<p><span style=\"font-weight: 400;\">7<\/span><\/p>\n<\/td><\/tr><tr><td>\n<p><span style=\"font-weight: 400;\">Medicina Intensiva<\/span><\/p>\n<\/td><td>\n<p><span style=\"font-weight: 400;\">3<\/span><\/p>\n<\/td><\/tr><tr><td>\n<p><span style=\"font-weight: 400;\">Medicina Nuclear<\/span><\/p>\n<\/td><td>\n<p><span style=\"font-weight: 400;\">2<\/span><\/p>\n<\/td><\/tr><tr><td>\n<p><span style=\"font-weight: 400;\">Neurocirurgia<\/span><\/p>\n<\/td><td>\n<p><span style=\"font-weight: 400;\">1<\/span><\/p>\n<\/td><\/tr><tr><td>\n<p><span style=\"font-weight: 400;\">Neurologia<\/span><\/p>\n<\/td><td>\n<p><span style=\"font-weight: 400;\">3<\/span><\/p>\n<\/td><\/tr><tr><td>\n<p><span style=\"font-weight: 400;\">Otorrinolaringologia<\/span><\/p>\n<\/td><td>\n<p><span style=\"font-weight: 400;\">2<\/span><\/p>\n<\/td><\/tr><tr><td>\n<p><span style=\"font-weight: 400;\">Patologia<\/span><\/p>\n<\/td><td>\n<p><span style=\"font-weight: 400;\">2<\/span><\/p>\n<\/td><\/tr><tr><td>\n<p><span style=\"font-weight: 400;\">Pediatria<\/span><\/p>\n<\/td><td>\n<p><span style=\"font-weight: 400;\">7<\/span><\/p>\n<\/td><\/tr><tr><td>\n<p><span style=\"font-weight: 400;\">Psiquiatria<\/span><\/p>\n<\/td><td>\n<p><span style=\"font-weight: 400;\">10<\/span><\/p>\n<\/td><\/tr><tr><td>\n<p><span style=\"font-weight: 400;\">Radiologia e Diagn\u00f3stico por Imagem<\/span><\/p>\n<\/td><td>\n<p><span style=\"font-weight: 400;\">5<\/span><\/p>\n<\/td><\/tr><\/tbody><\/table><\/figure>\n\n\n\n<figure class=\"wp-block-image\"><img decoding=\"async\" src=\"https:\/\/www.grupomedcof.com.br\/blog\/wp-content\/uploads\/2023\/09\/Blog-MedCof-22-1024x178.png\" alt=\"medcof, medcof qbank, qbank medcof, medcof aulas, grupo medcof,\"\/><\/figure>\n\n\n\n<p><a href=\"https:\/\/www.grupomedcof.com.br\/hiit-target-2023-links\/\" target=\"_blank\" rel=\"noopener\"><br> <\/a><\/p>\n\n\n\n<h2 class=\"wp-block-heading\" id=\"h-residencia-medica-ufrj-2024-2025-vagas-com-pre-requisito\"><span class=\"ez-toc-section\" id=\"Residencia_Medica_UFRJ_20242025_Vagas_com_pre-requisito\"><\/span><strong>Resid\u00eancia M\u00e9dica UFRJ 2024\/2025: Vagas com pr\u00e9-requisito<\/strong><span class=\"ez-toc-section-end\"><\/span><\/h2>\n\n\n\n<p>Para as especialidades com necessidade de pr\u00e9-requisito para a entrada, a UFRJ ofereceu&nbsp;<strong>23 vagas<\/strong>. Confira abaixo o n\u00famero de vagas separados por especialidade:<\/p>\n\n\n\n<figure class=\"wp-block-table\"><table class=\"has-fixed-layout\"><tbody><tr><td>\n<p><b>Especialidades<\/b><\/p>\n<\/td><td>\n<p><b>Vagas<\/b><\/p>\n<\/td><\/tr><tr><td>\n<p><span style=\"font-weight: 400;\">Cirurgia Geral \u2013 Programa Avan\u00e7ado<\/span><\/p>\n<\/td><td>\n<p><span style=\"font-weight: 400;\">0<\/span><\/p>\n<\/td><\/tr><tr><td>\n<p><span style=\"font-weight: 400;\">Cirurgia Pedi\u00e1trica<\/span><\/p>\n<\/td><td>\n<p><span style=\"font-weight: 400;\">1<\/span><\/p>\n<\/td><\/tr><tr><td>\n<p><span style=\"font-weight: 400;\">Cirurgia Pl\u00e1stica<\/span><\/p>\n<\/td><td>\n<p><span style=\"font-weight: 400;\">2<\/span><\/p>\n<\/td><\/tr><tr><td>\n<p><span style=\"font-weight: 400;\">Cirurgia Vascular<\/span><\/p>\n<\/td><td>\n<p><span style=\"font-weight: 400;\">2<\/span><\/p>\n<\/td><\/tr><tr><td>\n<p><span style=\"font-weight: 400;\">Coloproctologia<\/span><\/p>\n<\/td><td>\n<p><span style=\"font-weight: 400;\">2<\/span><\/p>\n<\/td><\/tr><tr><td>\n<p><span style=\"font-weight: 400;\">Cardiologia<\/span><\/p>\n<\/td><td>\n<p><span style=\"font-weight: 400;\">3<\/span><\/p>\n<\/td><\/tr><tr><td>\n<p><span style=\"font-weight: 400;\">Endocrinologia<\/span><\/p>\n<\/td><td>\n<p><span style=\"font-weight: 400;\">3<\/span><\/p>\n<\/td><\/tr><tr><td>\n<p><span style=\"font-weight: 400;\">Gastroenterologia<\/span><\/p>\n<\/td><td>\n<p><span style=\"font-weight: 400;\">2<\/span><\/p>\n<\/td><\/tr><tr><td>\n<p><span style=\"font-weight: 400;\">Geriatria e Gerontologia<\/span><\/p>\n<\/td><td>\n<p><span style=\"font-weight: 400;\">3<\/span><\/p>\n<\/td><\/tr><tr><td>\n<p><span style=\"font-weight: 400;\">Hematologia e Hemoterapia<\/span><\/p>\n<\/td><td>\n<p><span style=\"font-weight: 400;\">3<\/span><\/p>\n<\/td><\/tr><tr><td>\n<p><span style=\"font-weight: 400;\">Oncologia Cl\u00ednica<\/span><\/p>\n<\/td><td>\n<p><span style=\"font-weight: 400;\">2<\/span><\/p>\n<\/td><\/tr><\/tbody><\/table><\/figure>\n\n\n\n<h2 class=\"wp-block-heading\"><span class=\"ez-toc-section\" id=\"Residencia_Medica_UFRJ_20242025_Vagas_para_Area_de_Atuacao\"><\/span><strong>Resid\u00eancia M\u00e9dica UFRJ 2024\/2025: Vagas para \u00c1rea de Atua\u00e7\u00e3o<\/strong><span class=\"ez-toc-section-end\"><\/span><\/h2>\n\n\n\n<p><span style=\"font-weight: 400;\">Al\u00e9m das especialidades de acesso direto e de pr\u00e9-requisitos, nesta edi\u00e7\u00e3o a UFRJ ofertou tamb\u00e9m vagas para \u00c1rea de Atua\u00e7\u00e3o, confira na tabela abaixo, como foram distribu\u00eddas as <\/span><b>22 vagas<\/b><span style=\"font-weight: 400;\"> e a especialidade de cada uma:<\/span><\/p>\n\n\n\n<figure class=\"wp-block-table\"><table class=\"has-fixed-layout\"><tbody><tr><td>\n<p><b>Especialidades<\/b><\/p>\n<\/td><td>\n<p><b>Vagas<\/b><\/p>\n<\/td><\/tr><tr><td>\n<p><span style=\"font-weight: 400;\">Endocrinologia Pedi\u00e1trica<\/span><\/p>\n<\/td><td>\n<p><span style=\"font-weight: 400;\">2<\/span><\/p>\n<\/td><\/tr><tr><td>\n<p><span style=\"font-weight: 400;\">Gastroenterologia Pedi\u00e1trica<\/span><\/p>\n<\/td><td>\n<p><span style=\"font-weight: 400;\">3<\/span><\/p>\n<\/td><\/tr><tr><td>\n<p><span style=\"font-weight: 400;\">Hematologia e Hemoterapia<\/span><\/p>\n<p><span style=\"font-weight: 400;\">Pedi\u00e1trica<\/span><\/p>\n<\/td><td>\n<p><span style=\"font-weight: 400;\">2<\/span><\/p>\n<\/td><\/tr><tr><td>\n<p><span style=\"font-weight: 400;\">Infectologia Pedi\u00e1trica<\/span><\/p>\n<\/td><td>\n<p><span style=\"font-weight: 400;\">2<\/span><\/p>\n<\/td><\/tr><tr><td>\n<p><span style=\"font-weight: 400;\">Medicina Intensiva Pedi\u00e1trica<\/span><\/p>\n<\/td><td>\n<p><span style=\"font-weight: 400;\">2<\/span><\/p>\n<\/td><\/tr><tr><td>\n<p><span style=\"font-weight: 400;\">Neonatologia<\/span><\/p>\n<\/td><td>\n<p><span style=\"font-weight: 400;\">2<\/span><\/p>\n<\/td><\/tr><tr><td>\n<p><span style=\"font-weight: 400;\">Neurologia Pedi\u00e1trica<\/span><\/p>\n<\/td><td>\n<p><span style=\"font-weight: 400;\">3<\/span><\/p>\n<\/td><\/tr><tr><td>\n<p><span style=\"font-weight: 400;\">Nutrologia Pedi\u00e1trica<\/span><\/p>\n<\/td><td>\n<p><span style=\"font-weight: 400;\">2<\/span><\/p>\n<\/td><\/tr><tr><td>\n<p><span style=\"font-weight: 400;\">Pneumologia Pedi\u00e1trica<\/span><\/p>\n<\/td><td>\n<p><span style=\"font-weight: 400;\">2<\/span><\/p>\n<\/td><\/tr><tr><td>\n<p><span style=\"font-weight: 400;\">Reumatologia Pedi\u00e1trica<\/span><\/p>\n<\/td><td>\n<p><span style=\"font-weight: 400;\">2<\/span><\/p>\n<\/td><\/tr><\/tbody><\/table><\/figure>\n\n\n\n<h2 class=\"wp-block-heading\"><span class=\"ez-toc-section\" id=\"Nota_de_corte_residencia_UFRJ\"><\/span><strong>Nota de corte resid\u00eancia UFRJ<\/strong><span class=\"ez-toc-section-end\"><\/span><\/h2>\n\n\n\n<p><span style=\"font-weight: 400;\">As notas de corte desempenham um papel fundamental no processo de sele\u00e7\u00e3o para institui\u00e7\u00f5es, servindo como um crit\u00e9rio essencial para uma no\u00e7\u00e3o maior em rela\u00e7\u00e3o \u00e0 especialidade escolhida por cada candidato.<\/span><\/p>\n\n\n\n<p><span style=\"font-weight: 400;\">Portanto, confira abaixo a rela\u00e7\u00e3o de nota de corte por especialidade dos programas de resid\u00eancia m\u00e9dica da <\/span><b>UFRJ em 2023\/2024<\/b><span style=\"font-weight: 400;\">.<\/span><\/p>\n\n\n\n<h3 class=\"wp-block-heading\"><span class=\"ez-toc-section\" id=\"Acesso_Direto\"><\/span><b>Acesso Direto<\/b><span class=\"ez-toc-section-end\"><\/span><\/h3>\n\n\n\n<figure class=\"wp-block-table\"><table class=\"has-fixed-layout\"><tbody><tr><td>\n<p><b>Especialidade<\/b><\/p>\n<\/td><td>\n<p><b>Nota de Corte<\/b><\/p>\n<\/td><\/tr><tr><td>\n<p><span style=\"font-weight: 400;\">Anestesiologia<\/span><\/p>\n<\/td><td>\n<p><span style=\"font-weight: 400;\">105.0<\/span><\/p>\n<\/td><\/tr><tr><td>\n<p><span style=\"font-weight: 400;\">Cirurgia Cardiovascular<\/span><\/p>\n<\/td><td>\n<p><span style=\"font-weight: 400;\">90.0<\/span><\/p>\n<\/td><\/tr><tr><td>\n<p><span style=\"font-weight: 400;\">Cirurgia Geral<\/span><\/p>\n<\/td><td>\n<p><span style=\"font-weight: 400;\">100.0<\/span><\/p>\n<\/td><\/tr><tr><td>\n<p><span style=\"font-weight: 400;\">Cl\u00ednica M\u00e9dica<\/span><\/p>\n<\/td><td>\n<p><span style=\"font-weight: 400;\">106.0<\/span><\/p>\n<\/td><\/tr><tr><td>\n<p><span style=\"font-weight: 400;\">Dermatologia<\/span><\/p>\n<\/td><td>\n<p><span style=\"font-weight: 400;\">110.0<\/span><\/p>\n<\/td><\/tr><tr><td>\n<p><span style=\"font-weight: 400;\">Ginecologia e Obstetr\u00edcia<\/span><\/p>\n<\/td><td>\n<p><span style=\"font-weight: 400;\">103.0<\/span><\/p>\n<\/td><\/tr><tr><td>\n<p><span style=\"font-weight: 400;\">Infectologia<\/span><\/p>\n<\/td><td>\n<p><span style=\"font-weight: 400;\">90.0<\/span><\/p>\n<\/td><\/tr><tr><td>\n<p><span style=\"font-weight: 400;\">Medicina de Fam\u00edlia e Comunidade<\/span><\/p>\n<\/td><td>\n<p><span style=\"font-weight: 400;\">86.0<\/span><\/p>\n<\/td><\/tr><tr><td>\n<p><span style=\"font-weight: 400;\">Medicina Intensiva<\/span><\/p>\n<\/td><td>\n<p><span style=\"font-weight: 400;\">82.0<\/span><\/p>\n<\/td><\/tr><tr><td>\n<p><span style=\"font-weight: 400;\">Neurocirurgia<\/span><\/p>\n<\/td><td>\n<p><span style=\"font-weight: 400;\">110.0<\/span><\/p>\n<\/td><\/tr><tr><td>\n<p><span style=\"font-weight: 400;\">Oftalmologia<\/span><\/p>\n<\/td><td>\n<p><span style=\"font-weight: 400;\">97.0<\/span><\/p>\n<\/td><\/tr><tr><td>\n<p><span style=\"font-weight: 400;\">Ortopedia e Traumatologia<\/span><\/p>\n<\/td><td>\n<p><span style=\"font-weight: 400;\">91.0<\/span><\/p>\n<\/td><\/tr><tr><td>\n<p><span style=\"font-weight: 400;\">Otorrinolaringologia<\/span><\/p>\n<\/td><td>\n<p><span style=\"font-weight: 400;\">95.0<\/span><\/p>\n<\/td><\/tr><tr><td>\n<p><span style=\"font-weight: 400;\">Patologia<\/span><\/p>\n<\/td><td>\n<p><span style=\"font-weight: 400;\">93.0<\/span><\/p>\n<\/td><\/tr><tr><td>\n<p><span style=\"font-weight: 400;\">Pediatria<\/span><\/p>\n<\/td><td>\n<p><span style=\"font-weight: 400;\">94.0<\/span><\/p>\n<\/td><\/tr><tr><td>\n<p><span style=\"font-weight: 400;\">Psiquiatria<\/span><\/p>\n<\/td><td>\n<p><span style=\"font-weight: 400;\">103.0<\/span><\/p>\n<\/td><\/tr><tr><td>\n<p><span style=\"font-weight: 400;\">Radiologia e Diagn\u00f3stico por Imagem<\/span><\/p>\n<\/td><td>\n<p><span style=\"font-weight: 400;\">99.0<\/span><\/p>\n<\/td><\/tr><\/tbody><\/table><\/figure>\n\n\n\n<h3 class=\"wp-block-heading\"><span class=\"ez-toc-section\" id=\"Pre-Requisito\"><\/span><b>Pr\u00e9-Requisito<\/b><span class=\"ez-toc-section-end\"><\/span><\/h3>\n\n\n\n<figure class=\"wp-block-table\"><table class=\"has-fixed-layout\"><tbody><tr><td>\n<p><b>Especialidade<\/b><\/p>\n<\/td><td>\n<p><b>Nota de Corte<\/b><\/p>\n<\/td><\/tr><tr><td>\n<p><span style=\"font-weight: 400;\">Cardiologia<\/span><\/p>\n<\/td><td>\n<p><span style=\"font-weight: 400;\">7.2<\/span><\/p>\n<\/td><\/tr><tr><td>\n<p><span style=\"font-weight: 400;\">Cirurgia Pedi\u00e1trica<\/span><\/p>\n<\/td><td>\n<p><span style=\"font-weight: 400;\">8.0<\/span><\/p>\n<\/td><\/tr><tr><td>\n<p><span style=\"font-weight: 400;\">Cirurgia Pl\u00e1stica<\/span><\/p>\n<\/td><td>\n<p><span style=\"font-weight: 400;\">8.4<\/span><\/p>\n<\/td><\/tr><tr><td>\n<p><span style=\"font-weight: 400;\">Cirurgia Vascular<\/span><\/p>\n<\/td><td>\n<p><span style=\"font-weight: 400;\">7.4<\/span><\/p>\n<\/td><\/tr><tr><td>\n<p><span style=\"font-weight: 400;\">Coloproctologia<\/span><\/p>\n<\/td><td>\n<p><span style=\"font-weight: 400;\">7.8<\/span><\/p>\n<\/td><\/tr><tr><td>\n<p><span style=\"font-weight: 400;\">Endocrinologia<\/span><\/p>\n<\/td><td>\n<p><span style=\"font-weight: 400;\">7.8<\/span><\/p>\n<\/td><\/tr><tr><td>\n<p><span style=\"font-weight: 400;\">Gastroenterologia<\/span><\/p>\n<\/td><td>\n<p><span style=\"font-weight: 400;\">8.2<\/span><\/p>\n<\/td><\/tr><tr><td>\n<p><span style=\"font-weight: 400;\">Geriatria e Gerontologia<\/span><\/p>\n<\/td><td>\n<p><span style=\"font-weight: 400;\">7.4<\/span><\/p>\n<\/td><\/tr><tr><td>\n<p><span style=\"font-weight: 400;\">Hematologia e Hemoterapia<\/span><\/p>\n<\/td><td>\n<p><span style=\"font-weight: 400;\">8.0<\/span><\/p>\n<\/td><\/tr><tr><td>\n<p><span style=\"font-weight: 400;\">Hepatologia<\/span><\/p>\n<\/td><td>\n<p><span style=\"font-weight: 400;\">7.2<\/span><\/p>\n<\/td><\/tr><tr><td>\n<p><span style=\"font-weight: 400;\">Nefrologia<\/span><\/p>\n<\/td><td>\n<p><span style=\"font-weight: 400;\">6.2<\/span><\/p>\n<\/td><\/tr><tr><td>\n<p><span style=\"font-weight: 400;\">Oncologia Cl\u00ednica<\/span><\/p>\n<\/td><td>\n<p><span style=\"font-weight: 400;\">8.6<\/span><\/p>\n<\/td><\/tr><tr><td>\n<p><span style=\"font-weight: 400;\">Alergia e Imunologia Pedi\u00e1trica<\/span><\/p>\n<\/td><td>\n<p><span style=\"font-weight: 400;\">7.2<\/span><\/p>\n<\/td><\/tr><tr><td>\n<p><span style=\"font-weight: 400;\">Endocrinologia Pedi\u00e1trica<\/span><\/p>\n<\/td><td>\n<p><span style=\"font-weight: 400;\">6.6<\/span><\/p>\n<\/td><\/tr><tr><td>\n<p><span style=\"font-weight: 400;\">Gastroenterologia Pedi\u00e1trica<\/span><\/p>\n<\/td><td>\n<p><span style=\"font-weight: 400;\">5.6<\/span><\/p>\n<\/td><\/tr><tr><td>\n<p><span style=\"font-weight: 400;\">Hematologia e Hemoterapia Pedi\u00e1trica<\/span><\/p>\n<\/td><td>\n<p><span style=\"font-weight: 400;\">7.6<\/span><\/p>\n<\/td><\/tr><tr><td>\n<p><span style=\"font-weight: 400;\">Infectologia Pedi\u00e1trica<\/span><\/p>\n<\/td><td>\n<p><span style=\"font-weight: 400;\">5.0<\/span><\/p>\n<\/td><\/tr><tr><td>\n<p><span style=\"font-weight: 400;\">Medicina Intensiva Pedi\u00e1trica<\/span><\/p>\n<\/td><td>\n<p><span style=\"font-weight: 400;\">6.6<\/span><\/p>\n<\/td><\/tr><tr><td>\n<p><span style=\"font-weight: 400;\">Neonatologia<\/span><\/p>\n<\/td><td>\n<p><span style=\"font-weight: 400;\">6.2<\/span><\/p>\n<\/td><\/tr><tr><td>\n<p><span style=\"font-weight: 400;\">Neurologia Pedi\u00e1trica<\/span><\/p>\n<\/td><td>\n<p><span style=\"font-weight: 400;\">7.2<\/span><\/p>\n<\/td><\/tr><tr><td>\n<p><span style=\"font-weight: 400;\">Nutrologia Pedi\u00e1trica<\/span><\/p>\n<\/td><td>\n<p><span style=\"font-weight: 400;\">7.4<\/span><\/p>\n<\/td><\/tr><tr><td>\n<p><span style=\"font-weight: 400;\">Pneumologia Pedi\u00e1trica<\/span><\/p>\n<\/td><td>\n<p><span style=\"font-weight: 400;\">6.6<\/span><\/p>\n<\/td><\/tr><tr><td>\n<p><span style=\"font-weight: 400;\">Reumatologia Pedi\u00e1trica<\/span><\/p>\n<\/td><td>\n<p><span style=\"font-weight: 400;\">7.6<\/span><\/p>\n<\/td><\/tr><tr><td>\n<p><span style=\"font-weight: 400;\">Pneumologia<\/span><\/p>\n<\/td><td>\n<p><span style=\"font-weight: 400;\">7.6<\/span><\/p>\n<\/td><\/tr><tr><td>\n<p><span style=\"font-weight: 400;\">Reumatologia<\/span><\/p>\n<\/td><td>\n<p><span style=\"font-weight: 400;\">6.0<\/span><\/p>\n<\/td><\/tr><tr><td>\n<p><span style=\"font-weight: 400;\">Urologia<\/span><\/p>\n<\/td><td>\n<p><span style=\"font-weight: 400;\">7.4<\/span><\/p>\n<\/td><\/tr><\/tbody><\/table><\/figure>\n\n\n\n<div class=\"wp-block-group\"><div class=\"wp-block-group__inner-container is-layout-constrained wp-block-group-is-layout-constrained\">\n<h2 class=\"wp-block-heading\" id=\"h-notas-finais-da-prova-objetiva-ufrj-2025\"><span class=\"ez-toc-section\" id=\"Notas_Finais_da_Prova_Objetiva_UFRJ_2025\"><\/span><strong>Notas Finais da Prova Objetiva UFRJ 2025<\/strong><span class=\"ez-toc-section-end\"><\/span><\/h2>\n\n\n\n<p>As notas finais da prova objetiva foram divulgadas no dia 10 de dezembro de 2024. O documento traz a <strong>rela\u00e7\u00e3o completa de aprovados e reprovados na etapa \u00fanica<\/strong>, bem&nbsp;<strong>como as notas finais obtidas pelos candidatos<\/strong>.<\/p>\n\n\n\n<div class=\"wp-block-buttons is-layout-flex wp-block-buttons-is-layout-flex\">\n<div class=\"wp-block-button\"><a class=\"wp-block-button__link wp-element-button\" href=\"https:\/\/www.grupomedcof.com.br\/blog\/wp-content\/uploads\/2024\/12\/Notas_PO_Q1-1.pdf\" target=\"_blank\" rel=\"noreferrer noopener\">Aprovados &#8211; I<\/a><\/div>\n\n\n\n<div class=\"wp-block-button\"><a class=\"wp-block-button__link wp-element-button\" href=\"https:\/\/www.grupomedcof.com.br\/blog\/wp-content\/uploads\/2024\/12\/Notas_PO_Q2-1.pdf\" target=\"_blank\" rel=\"noreferrer noopener\">Aprovados &#8211; II<\/a><\/div>\n\n\n\n<div class=\"wp-block-button\"><a class=\"wp-block-button__link wp-element-button\" href=\"https:\/\/www.grupomedcof.com.br\/blog\/wp-content\/uploads\/2024\/12\/Notas_PD_Q3.pdf\" target=\"_blank\" rel=\"noreferrer noopener\">Aprovados &#8211; III<\/a><\/div>\n<\/div>\n<\/div><\/div>\n\n\n\n<h2 class=\"wp-block-heading\"><span class=\"ez-toc-section\" id=\"Cronograma_UFRJ_20242025\"><\/span><span style=\"font-weight: 400;\"><strong>Cronograma UFRJ 2024\/2025:<\/strong><\/span><span class=\"ez-toc-section-end\"><\/span><\/h2>\n\n\n\n<p><span style=\"font-weight: 400;\">Por fim, confira as principais datas do processo seletivo para resid\u00eancia m\u00e9dica da UFRJ 2024\/2025:<\/span><\/p>\n\n\n\n<figure class=\"wp-block-table\"><table class=\"has-fixed-layout\"><tbody><tr><td>\n<p><b>Inscri\u00e7\u00e3o<\/b><\/p>\n<\/td><td>\n<p><span style=\"font-weight: 400;\">25\/10 a 05\/11\/2024<\/span><\/p>\n<\/td><\/tr><tr><td>\n<p><b>Prova Objetiva<\/b><\/p>\n<\/td><td>\n<p><span style=\"font-weight: 400;\">24\/11\/2024<\/span><\/p>\n<\/td><\/tr><tr><td>\n<p><b>Gabarito preliminar<\/b><\/p>\n<\/td><td>\n<p><span style=\"font-weight: 400;\">24\/11\/2024<\/span><\/p>\n<\/td><\/tr><tr><td>\n<p><b>Recursos<\/b><\/p>\n<\/td><td>\n<p><span style=\"font-weight: 400;\">25\/11\/2024<\/span><\/p>\n<\/td><\/tr><tr><td>\n<p><b>Gabarito definitivo<\/b><\/p>\n<\/td><td>\n<p><span style=\"font-weight: 400;\">04\/12\/2024<\/span><\/p>\n<\/td><\/tr><tr><td>\n<p><b>Resultado preliminar<\/b><\/p>\n<\/td><td>\n<p><span style=\"font-weight: 400;\">06\/12\/2024<\/span><\/p>\n<\/td><\/tr><tr><td>\n<p><b>Resultado final<\/b><\/p>\n<\/td><td>\n<p><span style=\"font-weight: 400;\">At\u00e9 31\/12\/2024<\/span><\/p>\n<\/td><\/tr><\/tbody><\/table><\/figure>\n\n\n\n<h2 class=\"wp-block-heading\"><span class=\"ez-toc-section\" id=\"Conquiste_a_Aprovacao\"><\/span><strong>Conquiste a Aprova\u00e7\u00e3o<\/strong><span class=\"ez-toc-section-end\"><\/span><\/h2>\n\n\n\n<p>As provas de resid\u00eancia m\u00e9dica est\u00e3o cada vez mais perto e para garantir a sua aprova\u00e7\u00e3o, n\u00f3s criamos uma&nbsp;nova modalidade de<a href=\"https:\/\/www.grupomedcof.com.br\/blog\/hiit-medcof-o-curso-intensivo-para-residencia-medica\/\" target=\"_blank\" rel=\"noreferrer noopener\">&nbsp;intensivo<\/a>&nbsp;que \u00e9 capaz de revisar todo conte\u00fado necess\u00e1rio em apenas&nbsp;04 semanas! O<a href=\"https:\/\/www.grupomedcof.com.br\/hiit-target-2023-links\/\" target=\"_blank\" rel=\"noreferrer noopener\">&nbsp;HIIT Target<\/a>&nbsp;\u00e9 mais novo preparat\u00f3rio com conte\u00fado focado na institui\u00e7\u00e3o de seu interesse.<\/p>\n\n\n\n<p>Acesse o site do<a href=\"https:\/\/www.grupomedcof.com.br\/#cursos\" target=\"_blank\" rel=\"noreferrer noopener\">&nbsp;Grupo MedCof&nbsp;<\/a>e&nbsp;conhe\u00e7a a metodologia que j\u00e1 aprovou&nbsp;<a href=\"https:\/\/www.grupomedcof.com.br\/blog\/presenca-da-medcof-nas-aprovacoes-em-residencia-medica-no-brasil\/\" target=\"_blank\" rel=\"noreferrer noopener\">10 mil residentes em todo o pa\u00eds!<\/a><\/p>\n\n\n\n<figure class=\"wp-block-image\"><img decoding=\"async\" src=\"https:\/\/www.grupomedcof.com.br\/blog\/wp-content\/uploads\/2023\/09\/Blog-MedCof-4-1-1024x576.png\" alt=\"medcof, medcof qbank, qbank medcof, medcof aulas, grupo medcof,\"\/><\/figure>\n\n\n\n<p><a href=\"https:\/\/www.grupomedcof.com.br\/\" target=\"_blank\" rel=\"noopener\"><br> <\/a><\/p>\n","protected":false},"excerpt":{"rendered":"<p>A UFRJ publicou o edital de 2024 com 413 vagas para resid\u00eancia m\u00e9dica divididas entre as especialidades de Acesso Direto, Pr\u00e9-Requisito&#8230;<\/p>\n","protected":false},"author":22,"featured_media":30576,"comment_status":"open","ping_status":"open","sticky":false,"template":"","format":"standard","meta":{"footnotes":""},"categories":[287,10,174],"tags":[245,93,117,68,48],"ppma_author":[3621],"class_list":{"0":"post-14823","1":"post","2":"type-post","3":"status-publish","4":"format-standard","5":"has-post-thumbnail","7":"category-destaques-medcof","8":"category-raio-x-editais","9":"category-residencia-medica","10":"tag-acesso-direto","11":"tag-especialidades-medicas","12":"tag-provas-de-residencia","13":"tag-residencia-medica","14":"tag-ufrj"},"yoast_head":"<!-- This site is optimized with the Yoast SEO Premium plugin v24.3 (Yoast SEO v27.4) - https:\/\/yoast.com\/product\/yoast-seo-premium-wordpress\/ -->\n<title>Resid\u00eancia M\u00e9dica UFRJ: editais, vagas e novidades<\/title>\n<meta name=\"description\" content=\"Acompanhe o processo seletivo da resid\u00eancia m\u00e9dica UFRJ, uma das mais requisitadas do Brasil. Confira os editais, informa\u00e7\u00f5es e novidades no Blog MedCof.\" \/>\n<meta name=\"robots\" content=\"index, follow, max-snippet:-1, max-image-preview:large, max-video-preview:-1\" \/>\n<link rel=\"canonical\" href=\"https:\/\/www.grupomedcof.com.br\/blog\/residencia-medica-ufrj\/\" \/>\n<meta property=\"og:locale\" content=\"pt_BR\" \/>\n<meta property=\"og:type\" content=\"article\" \/>\n<meta property=\"og:title\" content=\"Resid\u00eancia M\u00e9dica UFRJ 2025: Confira as notas finais da prova objetiva!\" \/>\n<meta property=\"og:description\" content=\"Acompanhe o processo seletivo da resid\u00eancia m\u00e9dica UFRJ, uma das mais requisitadas do Brasil. Confira os editais, informa\u00e7\u00f5es e novidades no Blog MedCof.\" \/>\n<meta property=\"og:url\" content=\"https:\/\/www.grupomedcof.com.br\/blog\/residencia-medica-ufrj\/\" \/>\n<meta property=\"og:site_name\" content=\"Blog de Medcof: conte\u00fados, editais, revalida e mais!\" \/>\n<meta property=\"article:publisher\" content=\"https:\/\/www.facebook.com\/MedCofQbank\/\" \/>\n<meta property=\"article:published_time\" content=\"2024-12-11T13:45:23+00:00\" \/>\n<meta property=\"article:modified_time\" content=\"2025-03-14T18:46:55+00:00\" \/>\n<meta property=\"og:image\" content=\"https:\/\/www.grupomedcof.com.br\/blog\/wp-content\/uploads\/2023\/10\/Modelo-instituicoes-10-scaled.jpg\" \/>\n\t<meta property=\"og:image:width\" content=\"2560\" \/>\n\t<meta property=\"og:image:height\" content=\"1440\" \/>\n\t<meta property=\"og:image:type\" content=\"image\/jpeg\" \/>\n<meta name=\"author\" content=\"Ettore Falcone\" \/>\n<meta name=\"twitter:card\" content=\"summary_large_image\" \/>\n<meta name=\"twitter:label1\" content=\"Escrito por\" \/>\n\t<meta name=\"twitter:data1\" content=\"Ettore Falcone\" \/>\n\t<meta name=\"twitter:label2\" content=\"Est. tempo de leitura\" \/>\n\t<meta name=\"twitter:data2\" content=\"7 minutos\" \/>\n<script type=\"application\/ld+json\" class=\"yoast-schema-graph\">{\"@context\":\"https:\\\/\\\/schema.org\",\"@graph\":[{\"@type\":\"Article\",\"@id\":\"https:\\\/\\\/www.grupomedcof.com.br\\\/blog\\\/residencia-medica-ufrj\\\/#article\",\"isPartOf\":{\"@id\":\"https:\\\/\\\/www.grupomedcof.com.br\\\/blog\\\/residencia-medica-ufrj\\\/\"},\"author\":{\"name\":\"Ettore Falcone\",\"@id\":\"https:\\\/\\\/www.grupomedcof.com.br\\\/blog\\\/#\\\/schema\\\/person\\\/ad0add4bd130988a15b8256e3db09359\"},\"headline\":\"Resid\u00eancia M\u00e9dica UFRJ 2025: Confira as notas finais da prova objetiva!\",\"datePublished\":\"2024-12-11T13:45:23+00:00\",\"dateModified\":\"2025-03-14T18:46:55+00:00\",\"mainEntityOfPage\":{\"@id\":\"https:\\\/\\\/www.grupomedcof.com.br\\\/blog\\\/residencia-medica-ufrj\\\/\"},\"wordCount\":940,\"commentCount\":0,\"publisher\":{\"@id\":\"https:\\\/\\\/www.grupomedcof.com.br\\\/blog\\\/#organization\"},\"image\":{\"@id\":\"https:\\\/\\\/www.grupomedcof.com.br\\\/blog\\\/residencia-medica-ufrj\\\/#primaryimage\"},\"thumbnailUrl\":\"https:\\\/\\\/www.grupomedcof.com.br\\\/blog\\\/wp-content\\\/uploads\\\/2023\\\/10\\\/Modelo-instituicoes-10-scaled.jpg\",\"keywords\":[\"Acesso Direto\",\"Especialidades m\u00e9dicas\",\"Provas de Resid\u00eancia\",\"Resid\u00eancia M\u00e9dica\",\"UFRJ\"],\"articleSection\":[\"Destaques MedCof\",\"Raio-X Editais\",\"Resid\u00eancia m\u00e9dica: editais, resultados, temas quentes e mais\"],\"inLanguage\":\"pt-BR\"},{\"@type\":\"WebPage\",\"@id\":\"https:\\\/\\\/www.grupomedcof.com.br\\\/blog\\\/residencia-medica-ufrj\\\/\",\"url\":\"https:\\\/\\\/www.grupomedcof.com.br\\\/blog\\\/residencia-medica-ufrj\\\/\",\"name\":\"Resid\u00eancia M\u00e9dica UFRJ: editais, vagas e novidades\",\"isPartOf\":{\"@id\":\"https:\\\/\\\/www.grupomedcof.com.br\\\/blog\\\/#website\"},\"primaryImageOfPage\":{\"@id\":\"https:\\\/\\\/www.grupomedcof.com.br\\\/blog\\\/residencia-medica-ufrj\\\/#primaryimage\"},\"image\":{\"@id\":\"https:\\\/\\\/www.grupomedcof.com.br\\\/blog\\\/residencia-medica-ufrj\\\/#primaryimage\"},\"thumbnailUrl\":\"https:\\\/\\\/www.grupomedcof.com.br\\\/blog\\\/wp-content\\\/uploads\\\/2023\\\/10\\\/Modelo-instituicoes-10-scaled.jpg\",\"datePublished\":\"2024-12-11T13:45:23+00:00\",\"dateModified\":\"2025-03-14T18:46:55+00:00\",\"description\":\"Acompanhe o processo seletivo da resid\u00eancia m\u00e9dica UFRJ, uma das mais requisitadas do Brasil. Confira os editais, informa\u00e7\u00f5es e novidades no Blog MedCof.\",\"breadcrumb\":{\"@id\":\"https:\\\/\\\/www.grupomedcof.com.br\\\/blog\\\/residencia-medica-ufrj\\\/#breadcrumb\"},\"inLanguage\":\"pt-BR\",\"potentialAction\":[{\"@type\":\"ReadAction\",\"target\":[\"https:\\\/\\\/www.grupomedcof.com.br\\\/blog\\\/residencia-medica-ufrj\\\/\"]}]},{\"@type\":\"ImageObject\",\"inLanguage\":\"pt-BR\",\"@id\":\"https:\\\/\\\/www.grupomedcof.com.br\\\/blog\\\/residencia-medica-ufrj\\\/#primaryimage\",\"url\":\"https:\\\/\\\/www.grupomedcof.com.br\\\/blog\\\/wp-content\\\/uploads\\\/2023\\\/10\\\/Modelo-instituicoes-10-scaled.jpg\",\"contentUrl\":\"https:\\\/\\\/www.grupomedcof.com.br\\\/blog\\\/wp-content\\\/uploads\\\/2023\\\/10\\\/Modelo-instituicoes-10-scaled.jpg\",\"width\":2560,\"height\":1440},{\"@type\":\"BreadcrumbList\",\"@id\":\"https:\\\/\\\/www.grupomedcof.com.br\\\/blog\\\/residencia-medica-ufrj\\\/#breadcrumb\",\"itemListElement\":[{\"@type\":\"ListItem\",\"position\":1,\"name\":\"In\u00edcio\",\"item\":\"https:\\\/\\\/www.grupomedcof.com.br\\\/blog\\\/\"},{\"@type\":\"ListItem\",\"position\":2,\"name\":\"Resid\u00eancia M\u00e9dica UFRJ 2025: Confira as notas finais da prova objetiva!\"}]},{\"@type\":\"WebSite\",\"@id\":\"https:\\\/\\\/www.grupomedcof.com.br\\\/blog\\\/#website\",\"url\":\"https:\\\/\\\/www.grupomedcof.com.br\\\/blog\\\/\",\"name\":\"Blog de Medcof: conte\u00fados, editais, revalida e mais!\",\"description\":\"Acesso o blog de MedCof! Seu portal de conte\u00fados sobre resid\u00eancia m\u00e9dica, an\u00e1lise e editais e muito mais. Clique e confira!\",\"publisher\":{\"@id\":\"https:\\\/\\\/www.grupomedcof.com.br\\\/blog\\\/#organization\"},\"alternateName\":\"Blog de Medcof: conte\u00fados, editais, revalida e mais!\",\"potentialAction\":[{\"@type\":\"SearchAction\",\"target\":{\"@type\":\"EntryPoint\",\"urlTemplate\":\"https:\\\/\\\/www.grupomedcof.com.br\\\/blog\\\/?s={search_term_string}\"},\"query-input\":{\"@type\":\"PropertyValueSpecification\",\"valueRequired\":true,\"valueName\":\"search_term_string\"}}],\"inLanguage\":\"pt-BR\"},{\"@type\":\"Organization\",\"@id\":\"https:\\\/\\\/www.grupomedcof.com.br\\\/blog\\\/#organization\",\"name\":\"Grupo MedCof\",\"url\":\"https:\\\/\\\/www.grupomedcof.com.br\\\/blog\\\/\",\"logo\":{\"@type\":\"ImageObject\",\"inLanguage\":\"pt-BR\",\"@id\":\"https:\\\/\\\/www.grupomedcof.com.br\\\/blog\\\/#\\\/schema\\\/logo\\\/image\\\/\",\"url\":\"https:\\\/\\\/www.grupomedcof.com.br\\\/blog\\\/wp-content\\\/uploads\\\/2022\\\/01\\\/logo-medcof.png\",\"contentUrl\":\"https:\\\/\\\/www.grupomedcof.com.br\\\/blog\\\/wp-content\\\/uploads\\\/2022\\\/01\\\/logo-medcof.png\",\"width\":768,\"height\":269,\"caption\":\"Grupo MedCof\"},\"image\":{\"@id\":\"https:\\\/\\\/www.grupomedcof.com.br\\\/blog\\\/#\\\/schema\\\/logo\\\/image\\\/\"},\"sameAs\":[\"https:\\\/\\\/www.facebook.com\\\/MedCofQbank\\\/\",\"https:\\\/\\\/www.instagram.com\\\/grupomedcof\\\/\",\"https:\\\/\\\/br.linkedin.com\\\/company\\\/medcof\",\"https:\\\/\\\/www.youtube.com\\\/channel\\\/UCdHMuOHKICxcHwecxN8P-AA\"]},{\"@type\":\"Person\",\"@id\":\"https:\\\/\\\/www.grupomedcof.com.br\\\/blog\\\/#\\\/schema\\\/person\\\/ad0add4bd130988a15b8256e3db09359\",\"name\":\"Ettore Falcone\",\"image\":{\"@type\":\"ImageObject\",\"inLanguage\":\"pt-BR\",\"@id\":\"https:\\\/\\\/www.grupomedcof.com.br\\\/blog\\\/wp-content\\\/uploads\\\/2025\\\/11\\\/cropped-Imagem-do-WhatsApp-de-2025-11-27-as-10.40.59_de7ecb99-96x96.jpgcf2a84df9a5145806f5b1e554c54b779\",\"url\":\"https:\\\/\\\/www.grupomedcof.com.br\\\/blog\\\/wp-content\\\/uploads\\\/2025\\\/11\\\/cropped-Imagem-do-WhatsApp-de-2025-11-27-as-10.40.59_de7ecb99-96x96.jpg\",\"contentUrl\":\"https:\\\/\\\/www.grupomedcof.com.br\\\/blog\\\/wp-content\\\/uploads\\\/2025\\\/11\\\/cropped-Imagem-do-WhatsApp-de-2025-11-27-as-10.40.59_de7ecb99-96x96.jpg\",\"caption\":\"Ettore Falcone\"},\"description\":\"Jornalista formado, apaixonado por gastronomia, cinema e literatura. Sempre interessado em aprender algo novo e descobrir coisas novas todos os dias.\",\"url\":\"https:\\\/\\\/www.grupomedcof.com.br\\\/blog\\\/author\\\/ettore-falcone\\\/\"}]}<\/script>\n<!-- \/ Yoast SEO Premium plugin. -->","yoast_head_json":{"title":"Resid\u00eancia M\u00e9dica UFRJ: editais, vagas e novidades","description":"Acompanhe o processo seletivo da resid\u00eancia m\u00e9dica UFRJ, uma das mais requisitadas do Brasil. Confira os editais, informa\u00e7\u00f5es e novidades no Blog MedCof.","robots":{"index":"index","follow":"follow","max-snippet":"max-snippet:-1","max-image-preview":"max-image-preview:large","max-video-preview":"max-video-preview:-1"},"canonical":"https:\/\/www.grupomedcof.com.br\/blog\/residencia-medica-ufrj\/","og_locale":"pt_BR","og_type":"article","og_title":"Resid\u00eancia M\u00e9dica UFRJ 2025: Confira as notas finais da prova objetiva!","og_description":"Acompanhe o processo seletivo da resid\u00eancia m\u00e9dica UFRJ, uma das mais requisitadas do Brasil. Confira os editais, informa\u00e7\u00f5es e novidades no Blog MedCof.","og_url":"https:\/\/www.grupomedcof.com.br\/blog\/residencia-medica-ufrj\/","og_site_name":"Blog de Medcof: conte\u00fados, editais, revalida e mais!","article_publisher":"https:\/\/www.facebook.com\/MedCofQbank\/","article_published_time":"2024-12-11T13:45:23+00:00","article_modified_time":"2025-03-14T18:46:55+00:00","og_image":[{"width":2560,"height":1440,"url":"https:\/\/www.grupomedcof.com.br\/blog\/wp-content\/uploads\/2023\/10\/Modelo-instituicoes-10-scaled.jpg","type":"image\/jpeg"}],"author":"Ettore Falcone","twitter_card":"summary_large_image","twitter_misc":{"Escrito por":"Ettore Falcone","Est. tempo de leitura":"7 minutos"},"schema":{"@context":"https:\/\/schema.org","@graph":[{"@type":"Article","@id":"https:\/\/www.grupomedcof.com.br\/blog\/residencia-medica-ufrj\/#article","isPartOf":{"@id":"https:\/\/www.grupomedcof.com.br\/blog\/residencia-medica-ufrj\/"},"author":{"name":"Ettore Falcone","@id":"https:\/\/www.grupomedcof.com.br\/blog\/#\/schema\/person\/ad0add4bd130988a15b8256e3db09359"},"headline":"Resid\u00eancia M\u00e9dica UFRJ 2025: Confira as notas finais da prova objetiva!","datePublished":"2024-12-11T13:45:23+00:00","dateModified":"2025-03-14T18:46:55+00:00","mainEntityOfPage":{"@id":"https:\/\/www.grupomedcof.com.br\/blog\/residencia-medica-ufrj\/"},"wordCount":940,"commentCount":0,"publisher":{"@id":"https:\/\/www.grupomedcof.com.br\/blog\/#organization"},"image":{"@id":"https:\/\/www.grupomedcof.com.br\/blog\/residencia-medica-ufrj\/#primaryimage"},"thumbnailUrl":"https:\/\/www.grupomedcof.com.br\/blog\/wp-content\/uploads\/2023\/10\/Modelo-instituicoes-10-scaled.jpg","keywords":["Acesso Direto","Especialidades m\u00e9dicas","Provas de Resid\u00eancia","Resid\u00eancia M\u00e9dica","UFRJ"],"articleSection":["Destaques MedCof","Raio-X Editais","Resid\u00eancia m\u00e9dica: editais, resultados, temas quentes e mais"],"inLanguage":"pt-BR"},{"@type":"WebPage","@id":"https:\/\/www.grupomedcof.com.br\/blog\/residencia-medica-ufrj\/","url":"https:\/\/www.grupomedcof.com.br\/blog\/residencia-medica-ufrj\/","name":"Resid\u00eancia M\u00e9dica UFRJ: editais, vagas e novidades","isPartOf":{"@id":"https:\/\/www.grupomedcof.com.br\/blog\/#website"},"primaryImageOfPage":{"@id":"https:\/\/www.grupomedcof.com.br\/blog\/residencia-medica-ufrj\/#primaryimage"},"image":{"@id":"https:\/\/www.grupomedcof.com.br\/blog\/residencia-medica-ufrj\/#primaryimage"},"thumbnailUrl":"https:\/\/www.grupomedcof.com.br\/blog\/wp-content\/uploads\/2023\/10\/Modelo-instituicoes-10-scaled.jpg","datePublished":"2024-12-11T13:45:23+00:00","dateModified":"2025-03-14T18:46:55+00:00","description":"Acompanhe o processo seletivo da resid\u00eancia m\u00e9dica UFRJ, uma das mais requisitadas do Brasil. Confira os editais, informa\u00e7\u00f5es e novidades no Blog MedCof.","breadcrumb":{"@id":"https:\/\/www.grupomedcof.com.br\/blog\/residencia-medica-ufrj\/#breadcrumb"},"inLanguage":"pt-BR","potentialAction":[{"@type":"ReadAction","target":["https:\/\/www.grupomedcof.com.br\/blog\/residencia-medica-ufrj\/"]}]},{"@type":"ImageObject","inLanguage":"pt-BR","@id":"https:\/\/www.grupomedcof.com.br\/blog\/residencia-medica-ufrj\/#primaryimage","url":"https:\/\/www.grupomedcof.com.br\/blog\/wp-content\/uploads\/2023\/10\/Modelo-instituicoes-10-scaled.jpg","contentUrl":"https:\/\/www.grupomedcof.com.br\/blog\/wp-content\/uploads\/2023\/10\/Modelo-instituicoes-10-scaled.jpg","width":2560,"height":1440},{"@type":"BreadcrumbList","@id":"https:\/\/www.grupomedcof.com.br\/blog\/residencia-medica-ufrj\/#breadcrumb","itemListElement":[{"@type":"ListItem","position":1,"name":"In\u00edcio","item":"https:\/\/www.grupomedcof.com.br\/blog\/"},{"@type":"ListItem","position":2,"name":"Resid\u00eancia M\u00e9dica UFRJ 2025: Confira as notas finais da prova objetiva!"}]},{"@type":"WebSite","@id":"https:\/\/www.grupomedcof.com.br\/blog\/#website","url":"https:\/\/www.grupomedcof.com.br\/blog\/","name":"Blog de Medcof: conte\u00fados, editais, revalida e mais!","description":"Acesso o blog de MedCof! Seu portal de conte\u00fados sobre resid\u00eancia m\u00e9dica, an\u00e1lise e editais e muito mais. Clique e confira!","publisher":{"@id":"https:\/\/www.grupomedcof.com.br\/blog\/#organization"},"alternateName":"Blog de Medcof: conte\u00fados, editais, revalida e mais!","potentialAction":[{"@type":"SearchAction","target":{"@type":"EntryPoint","urlTemplate":"https:\/\/www.grupomedcof.com.br\/blog\/?s={search_term_string}"},"query-input":{"@type":"PropertyValueSpecification","valueRequired":true,"valueName":"search_term_string"}}],"inLanguage":"pt-BR"},{"@type":"Organization","@id":"https:\/\/www.grupomedcof.com.br\/blog\/#organization","name":"Grupo MedCof","url":"https:\/\/www.grupomedcof.com.br\/blog\/","logo":{"@type":"ImageObject","inLanguage":"pt-BR","@id":"https:\/\/www.grupomedcof.com.br\/blog\/#\/schema\/logo\/image\/","url":"https:\/\/www.grupomedcof.com.br\/blog\/wp-content\/uploads\/2022\/01\/logo-medcof.png","contentUrl":"https:\/\/www.grupomedcof.com.br\/blog\/wp-content\/uploads\/2022\/01\/logo-medcof.png","width":768,"height":269,"caption":"Grupo MedCof"},"image":{"@id":"https:\/\/www.grupomedcof.com.br\/blog\/#\/schema\/logo\/image\/"},"sameAs":["https:\/\/www.facebook.com\/MedCofQbank\/","https:\/\/www.instagram.com\/grupomedcof\/","https:\/\/br.linkedin.com\/company\/medcof","https:\/\/www.youtube.com\/channel\/UCdHMuOHKICxcHwecxN8P-AA"]},{"@type":"Person","@id":"https:\/\/www.grupomedcof.com.br\/blog\/#\/schema\/person\/ad0add4bd130988a15b8256e3db09359","name":"Ettore Falcone","image":{"@type":"ImageObject","inLanguage":"pt-BR","@id":"https:\/\/www.grupomedcof.com.br\/blog\/wp-content\/uploads\/2025\/11\/cropped-Imagem-do-WhatsApp-de-2025-11-27-as-10.40.59_de7ecb99-96x96.jpgcf2a84df9a5145806f5b1e554c54b779","url":"https:\/\/www.grupomedcof.com.br\/blog\/wp-content\/uploads\/2025\/11\/cropped-Imagem-do-WhatsApp-de-2025-11-27-as-10.40.59_de7ecb99-96x96.jpg","contentUrl":"https:\/\/www.grupomedcof.com.br\/blog\/wp-content\/uploads\/2025\/11\/cropped-Imagem-do-WhatsApp-de-2025-11-27-as-10.40.59_de7ecb99-96x96.jpg","caption":"Ettore Falcone"},"description":"Jornalista formado, apaixonado por gastronomia, cinema e literatura. Sempre interessado em aprender algo novo e descobrir coisas novas todos os dias.","url":"https:\/\/www.grupomedcof.com.br\/blog\/author\/ettore-falcone\/"}]}},"authors":[{"term_id":3621,"user_id":22,"is_guest":0,"slug":"ettore-falcone","display_name":"Ettore Falcone","avatar_url":"https:\/\/www.grupomedcof.com.br\/blog\/wp-content\/uploads\/2025\/11\/cropped-Imagem-do-WhatsApp-de-2025-11-27-as-10.40.59_de7ecb99-96x96.jpg","0":null,"1":"","2":"","3":"","4":"","5":"","6":"","7":"","8":""}],"_links":{"self":[{"href":"https:\/\/www.grupomedcof.com.br\/blog\/wp-json\/wp\/v2\/posts\/14823","targetHints":{"allow":["GET"]}}],"collection":[{"href":"https:\/\/www.grupomedcof.com.br\/blog\/wp-json\/wp\/v2\/posts"}],"about":[{"href":"https:\/\/www.grupomedcof.com.br\/blog\/wp-json\/wp\/v2\/types\/post"}],"author":[{"embeddable":true,"href":"https:\/\/www.grupomedcof.com.br\/blog\/wp-json\/wp\/v2\/users\/22"}],"replies":[{"embeddable":true,"href":"https:\/\/www.grupomedcof.com.br\/blog\/wp-json\/wp\/v2\/comments?post=14823"}],"version-history":[{"count":0,"href":"https:\/\/www.grupomedcof.com.br\/blog\/wp-json\/wp\/v2\/posts\/14823\/revisions"}],"wp:featuredmedia":[{"embeddable":true,"href":"https:\/\/www.grupomedcof.com.br\/blog\/wp-json\/wp\/v2\/media\/30576"}],"wp:attachment":[{"href":"https:\/\/www.grupomedcof.com.br\/blog\/wp-json\/wp\/v2\/media?parent=14823"}],"wp:term":[{"taxonomy":"category","embeddable":true,"href":"https:\/\/www.grupomedcof.com.br\/blog\/wp-json\/wp\/v2\/categories?post=14823"},{"taxonomy":"post_tag","embeddable":true,"href":"https:\/\/www.grupomedcof.com.br\/blog\/wp-json\/wp\/v2\/tags?post=14823"},{"taxonomy":"author","embeddable":true,"href":"https:\/\/www.grupomedcof.com.br\/blog\/wp-json\/wp\/v2\/ppma_author?post=14823"}],"curies":[{"name":"wp","href":"https:\/\/api.w.org\/{rel}","templated":true}]}}