{"id":14986,"date":"2023-10-06T10:11:32","date_gmt":"2023-10-06T13:11:32","guid":{"rendered":"https:\/\/www.grupomedcof.com.br\/blog\/?p=14986"},"modified":"2023-10-06T10:11:32","modified_gmt":"2023-10-06T13:11:32","slug":"inscricoes-residencia-medica-usp-rp-2023-2024","status":"publish","type":"post","link":"https:\/\/www.grupomedcof.com.br\/blog\/inscricoes-residencia-medica-usp-rp-2023-2024\/","title":{"rendered":"Inscri\u00e7\u00f5es resid\u00eancia m\u00e9dica USP-RP 2023\/2024"},"content":{"rendered":"<div id=\"ez-toc-container\" class=\"ez-toc-v2_0_74 counter-hierarchy ez-toc-counter ez-toc-transparent ez-toc-container-direction\">\n<div class=\"ez-toc-title-container\">\n<p class=\"ez-toc-title\" style=\"cursor:inherit\">Sum\u00e1rio<\/p>\n<span class=\"ez-toc-title-toggle\"><a href=\"#\" class=\"ez-toc-pull-right ez-toc-btn ez-toc-btn-xs ez-toc-btn-default ez-toc-toggle\" aria-label=\"Alternar tabela de conte\u00fado\"><span class=\"ez-toc-js-icon-con\"><span class=\"\"><span class=\"eztoc-hide\" style=\"display:none;\">Toggle<\/span><span class=\"ez-toc-icon-toggle-span\"><svg style=\"fill: #999;color:#999\" xmlns=\"http:\/\/www.w3.org\/2000\/svg\" class=\"list-377408\" width=\"20px\" height=\"20px\" viewBox=\"0 0 24 24\" fill=\"none\"><path d=\"M6 6H4v2h2V6zm14 0H8v2h12V6zM4 11h2v2H4v-2zm16 0H8v2h12v-2zM4 16h2v2H4v-2zm16 0H8v2h12v-2z\" fill=\"currentColor\"><\/path><\/svg><svg style=\"fill: #999;color:#999\" class=\"arrow-unsorted-368013\" xmlns=\"http:\/\/www.w3.org\/2000\/svg\" width=\"10px\" height=\"10px\" viewBox=\"0 0 24 24\" version=\"1.2\" baseProfile=\"tiny\"><path d=\"M18.2 9.3l-6.2-6.3-6.2 6.3c-.2.2-.3.4-.3.7s.1.5.3.7c.2.2.4.3.7.3h11c.3 0 .5-.1.7-.3.2-.2.3-.5.3-.7s-.1-.5-.3-.7zM5.8 14.7l6.2 6.3 6.2-6.3c.2-.2.3-.5.3-.7s-.1-.5-.3-.7c-.2-.2-.4-.3-.7-.3h-11c-.3 0-.5.1-.7.3-.2.2-.3.5-.3.7s.1.5.3.7z\"\/><\/svg><\/span><\/span><\/span><\/a><\/span><\/div>\n<nav><ul class='ez-toc-list ez-toc-list-level-1 ' ><li class='ez-toc-page-1 ez-toc-heading-level-2'><a class=\"ez-toc-link ez-toc-heading-1\" href=\"https:\/\/www.grupomedcof.com.br\/blog\/inscricoes-residencia-medica-usp-rp-2023-2024\/#Inscricoes_residencia_medica_USP-RP_20232024\" >Inscri\u00e7\u00f5es resid\u00eancia m\u00e9dica USP-RP 2023\/2024<\/a><ul class='ez-toc-list-level-3' ><li class='ez-toc-heading-level-3'><a class=\"ez-toc-link ez-toc-heading-2\" href=\"https:\/\/www.grupomedcof.com.br\/blog\/inscricoes-residencia-medica-usp-rp-2023-2024\/#USP-RP_20232024_Isencao_da_taxa\" >USP-RP 2023\/2024: Isen\u00e7\u00e3o da taxa<\/a><\/li><li class='ez-toc-page-1 ez-toc-heading-level-3'><a class=\"ez-toc-link ez-toc-heading-3\" href=\"https:\/\/www.grupomedcof.com.br\/blog\/inscricoes-residencia-medica-usp-rp-2023-2024\/#Pontuacao_Adicional\" >Pontua\u00e7\u00e3o Adicional<\/a><\/li><\/ul><\/li><li class='ez-toc-page-1 ez-toc-heading-level-2'><a class=\"ez-toc-link ez-toc-heading-4\" href=\"https:\/\/www.grupomedcof.com.br\/blog\/inscricoes-residencia-medica-usp-rp-2023-2024\/#USP-RP_20232024_Cronograma\" >USP-RP 2023\/2024: Cronograma<\/a><\/li><li class='ez-toc-page-1 ez-toc-heading-level-2'><a class=\"ez-toc-link ez-toc-heading-5\" href=\"https:\/\/www.grupomedcof.com.br\/blog\/inscricoes-residencia-medica-usp-rp-2023-2024\/#Conquiste_a_Aprovacao\" >Conquiste a Aprova\u00e7\u00e3o<\/a><\/li><\/ul><\/nav><\/div>\n<p><img loading=\"lazy\" decoding=\"async\" width=\"800\" height=\"450\" src=\"https:\/\/www.grupomedcof.com.br\/blog\/wp-content\/uploads\/2023\/10\/Blog-MedCof-26-1024x576.png\" alt=\"resid\u00eancia m\u00e9dica usp rp 2023, inscri\u00e7ao usp rp 2023, inscri\u00e7\u00e3o usp rp, usp rp resid\u00eancia m\u00e9dica 2023, resid\u00eancia m\u00e9dica usp rp, usp rp residencia medica 2023, edital usp rp residencia medica 2023, inscri\u00e7\u00e3o residencia medica usp rp, residencia medica usp rp 2023,\" srcset=\"https:\/\/www.grupomedcof.com.br\/blog\/wp-content\/uploads\/2023\/10\/Blog-MedCof-26-1024x576.png 1024w, https:\/\/www.grupomedcof.com.br\/blog\/wp-content\/uploads\/2023\/10\/Blog-MedCof-26-300x169.png 300w, https:\/\/www.grupomedcof.com.br\/blog\/wp-content\/uploads\/2023\/10\/Blog-MedCof-26-768x432.png 768w, https:\/\/www.grupomedcof.com.br\/blog\/wp-content\/uploads\/2023\/10\/Blog-MedCof-26-1536x864.png 1536w, https:\/\/www.grupomedcof.com.br\/blog\/wp-content\/uploads\/2023\/10\/Blog-MedCof-26-2048x1152.png 2048w\" sizes=\"auto, (max-width: 800px) 100vw, 800px\" \/>\t\t\t\t\t\t\t\t\t\t\t\t\t\t\t<\/p>\n<p>Est\u00e3o abertas as inscri\u00e7\u00f5es para o processo seletivo para <strong>resid\u00eancia m\u00e9dica da USP-RP 2023\/2024<\/strong>. Candidatos t\u00eam <strong>at\u00e9 o dia 25 de outubro para realizar a inscri\u00e7\u00e3o.<\/strong><\/p>\n<h4>\n\t\t\t\tVeja a seguir\t\t\t<\/h4>\n<h2 style=\"font-family: Poppins, sans-serif; color: #7a7a7a;\"><span class=\"ez-toc-section\" id=\"Inscricoes_residencia_medica_USP-RP_20232024\"><\/span><strong>Inscri\u00e7\u00f5es resid\u00eancia m\u00e9dica USP-RP 2023\/2024<\/strong><span class=\"ez-toc-section-end\"><\/span><\/h2>\n<p>Entre os dias <strong>05 e 25 (at\u00e9 as 16h) de outubro<\/strong> estar\u00e3o abertas as inscri\u00e7\u00f5es para concorrer as mais de<b> 370 vagas destinadas ao HCFMRP-USP <\/b>(Hospital das Cl\u00ednicas da Faculdade de Medicina de Ribeir\u00e3o Preto da Universidade de S\u00e3o Paulo).<\/p>\n<p>\u00a0<\/p>\n<p>Para se inscrever os candidatos devem acessar o\u00a0<strong><a href=\"https:\/\/site.hcrp.usp.br\/residenciamedica\/\" target=\"_blank\" rel=\"noopener\">site\u00a0<\/a>do HCFMRP-USP<\/strong>, preencher o formul\u00e1rio de inscri\u00e7\u00e3o e efetuar o pagamento da taxa no valor de <strong>R$ 800,00.<\/strong><\/p>\n<p>\t\t\t\t\t\t\t\t\t\t\t\t\t\t\t\t<a href=\"https:\/\/www.grupomedcof.com.br\/hands-on-curso\/\" target=\"_blank\" rel=\"noopener\"><br \/>\n\t\t\t\t\t\t\t<img loading=\"lazy\" decoding=\"async\" width=\"800\" height=\"101\" src=\"https:\/\/www.grupomedcof.com.br\/blog\/wp-content\/uploads\/2023\/08\/Blog-MedCof-2023-08-03T155030.071-1024x129.png\" alt=\"medcof residencia medica, curso Intensivo para Resid\u00eancia M\u00e9dica, curso para resid\u00eancia m\u00e9dica, medcof reta final dominada, reta final dominada, aulas medcof,\" srcset=\"https:\/\/www.grupomedcof.com.br\/blog\/wp-content\/uploads\/2023\/08\/Blog-MedCof-2023-08-03T155030.071-1024x129.png 1024w, https:\/\/www.grupomedcof.com.br\/blog\/wp-content\/uploads\/2023\/08\/Blog-MedCof-2023-08-03T155030.071-300x38.png 300w, https:\/\/www.grupomedcof.com.br\/blog\/wp-content\/uploads\/2023\/08\/Blog-MedCof-2023-08-03T155030.071-768x97.png 768w, https:\/\/www.grupomedcof.com.br\/blog\/wp-content\/uploads\/2023\/08\/Blog-MedCof-2023-08-03T155030.071-1536x193.png 1536w, https:\/\/www.grupomedcof.com.br\/blog\/wp-content\/uploads\/2023\/08\/Blog-MedCof-2023-08-03T155030.071-2048x258.png 2048w\" sizes=\"auto, (max-width: 800px) 100vw, 800px\" \/>\t\t\t\t\t\t\t\t<\/a><\/p>\n<h3 id=\"h-usp-rp-2023-2024-isencao-da-taxa\" style=\"font-family: Poppins, sans-serif; color: #7a7a7a;\"><span class=\"ez-toc-section\" id=\"USP-RP_20232024_Isencao_da_taxa\"><\/span><strong>USP-RP 2023\/2024: Isen\u00e7\u00e3o da taxa<\/strong><span class=\"ez-toc-section-end\"><\/span><\/h3>\n<p>De acordo com o edital do <strong><a href=\"https:\/\/www.grupomedcof.com.br\/blog\/edital-residencia-medica-usp-rp-2023-2024\/\" target=\"_blank\" rel=\"noopener\">processo seletivo<\/a><\/strong> da USP-RP 2023\/2024,<strong> as solicita\u00e7\u00f5es de isen\u00e7\u00e3o da taxa ocorrer\u00e3o at\u00e9 o dia 11 de outubro<\/strong>. Para isso o candidatos devem enviar o formul\u00e1rio dispon\u00edvel no<strong> anexo I do edital<\/strong> e os documentos que comprovem as suas condi\u00e7\u00f5es. Assim, ambos devem ser digitalizados em formato PDF e enviados no e-mail <strong>coreme@hcrp.usp.br<\/strong><\/p>\n<p>Desse modo, ser\u00e3o comtemplados os candidatos em que:<\/p>\n<\/p>\n<ul style=\"font-size: 16px; background-color: rgb(255, 255, 255);\">\n<li style=\"font-size: 16px;\">A taxa de inscri\u00e7\u00e3o for superior a 30% do vencimento\/sal\u00e1rio mensal e ele n\u00e3o tiver dependentes;<\/li>\n<\/p>\n<li style=\"font-size: 16px;\">A taxa de inscri\u00e7\u00e3o for superior a 20% do vencimento\/sal\u00e1rio mensal e ele tiver at\u00e9 dois dependentes;<\/li>\n<\/p>\n<li style=\"font-size: 16px;\">A taxa for superior a 10% do vencimento\/sal\u00e1rio mensal e ele e tiver mais que dois dependentes;<\/li>\n<\/p>\n<li style=\"font-size: 16px;\">declarar-se impossibilitado de arcar com o pagamento da taxa de inscri\u00e7\u00e3o e comprovar renda familiar mensal ou inferior a tr\u00eas sal\u00e1rios m\u00ednimos;<\/li>\n<\/p>\n<li style=\"font-size: 16px;\">inscri\u00e7\u00e3o no Cadastro \u00danico para Programas Sociais do Governo Federal (Cad\u00danico) de que trata o Decreto n\u00ba 6.135, de 26 de junho de 2007, devendo indicar o N\u00famero de Identifica\u00e7\u00e3o Social \u2013 NIS, atribu\u00eddo pelo Cad\u00danico; e<\/li>\n<\/p>\n<li style=\"font-size: 16px;\">comprovar ser membro de fam\u00edlia de baixa renda, nos termos do Decreto Federal n\u00ba 6.135\/2007.<\/li>\n<\/ul>\n<p>Al\u00e9m disso, poder\u00e1 haver <strong>redu\u00e7\u00e3o de 50% da taxa<\/strong> para aqueles que estiverem matriculados em um curso superior como gradua\u00e7\u00e3o ou p\u00f3s-gradua\u00e7\u00e3o e<strong> comprovarem ter renda mensal inferior a dois sal\u00e1rios m\u00ednimos ou estarem desempregados.<\/strong> Para esta op\u00e7\u00e3o, os candidatos as vagas da USP-RP devem preencher o formul\u00e1rio dispon\u00edvel no<strong> anexo II do edital.<\/strong><\/p>\n<h3 id=\"h-pontuacao-adicional\" style=\"font-family: Poppins, sans-serif; color: #7a7a7a;\"><span class=\"ez-toc-section\" id=\"Pontuacao_Adicional\"><\/span><strong>Pontua\u00e7\u00e3o Adicional<\/strong><span class=\"ez-toc-section-end\"><\/span><\/h3>\n<p>Ademais, ainda h\u00e1 a possibilidade de solicitar a<strong> pontua\u00e7\u00e3o adicional de 10%<\/strong> na nota do processo seletivo para resid\u00eancia m\u00e9dica da USP-RP 2023\/2024. Esta oportunidade comtempla os candidatos que ingressaram em <strong>Programas de Resid\u00eancia M\u00e9dica em Medicina de Fam\u00edlia e Comunidade\/Medicina Geral de Fam\u00edlia e Comunidade (PRMGFC)<\/strong> a partir de 2015 e com conclus\u00e3o efetiva at\u00e9 fevereiro de 2024.<\/p>\n<p>\u00a0<\/p>\n<p>Desse modo, o<strong> certificado de conclus\u00e3o ou o comprovante de participa\u00e7\u00e3o em 2023<\/strong> devem ser anexados durante o per\u00edodo de inscri\u00e7\u00e3o.<\/p>\n<p>\t\t\t\t\t\t\t\t\t\t\t\t\t\t\t\t<a href=\"https:\/\/www.grupomedcof.com.br\/hiit-target-2023-links\/\" target=\"_blank\" rel=\"noopener\"><br \/>\n\t\t\t\t\t\t\t<img loading=\"lazy\" decoding=\"async\" width=\"800\" height=\"139\" src=\"https:\/\/www.grupomedcof.com.br\/blog\/wp-content\/uploads\/2023\/09\/Blog-MedCof-22-1024x178.png\" alt=\"medcof, medcof qbank, qbank medcof, medcof aulas, grupo medcof,\" srcset=\"https:\/\/www.grupomedcof.com.br\/blog\/wp-content\/uploads\/2023\/09\/Blog-MedCof-22-1024x178.png 1024w, https:\/\/www.grupomedcof.com.br\/blog\/wp-content\/uploads\/2023\/09\/Blog-MedCof-22-300x52.png 300w, https:\/\/www.grupomedcof.com.br\/blog\/wp-content\/uploads\/2023\/09\/Blog-MedCof-22-768x134.png 768w, https:\/\/www.grupomedcof.com.br\/blog\/wp-content\/uploads\/2023\/09\/Blog-MedCof-22-1536x267.png 1536w, https:\/\/www.grupomedcof.com.br\/blog\/wp-content\/uploads\/2023\/09\/Blog-MedCof-22-2048x356.png 2048w\" sizes=\"auto, (max-width: 800px) 100vw, 800px\" \/>\t\t\t\t\t\t\t\t<\/a><\/p>\n<h2 id=\"h-residencia-medica-usp-rp-2023-2024-cronograma\" style=\"font-family: Poppins, sans-serif; color: #7a7a7a;\"><span class=\"ez-toc-section\" id=\"USP-RP_20232024_Cronograma\"><\/span>USP-RP 2023\/2024: Cronograma<span class=\"ez-toc-section-end\"><\/span><\/h2>\n<p>Por fim, confira as\u00a0principais datas do processo seletivo\u00a0para resid\u00eancia m\u00e9dica da\u00a0USP-RP 2023\/2024:<\/p>\n<p>\u00a0<\/p>\n<ul>\n<li>Inscri\u00e7\u00f5es:\u00a005 a 25\/10\/2023<\/li>\n<li>Isen\u00e7\u00e3o: 05 a 10\/10\/2023<\/li>\n<li>Concorr\u00eancia da sele\u00e7\u00e3o:\u00a008\/11\/2023<\/li>\n<li>Prova Objetiva (1\u00aa fase) e Gabarito Preliminar:\u00a015\/11\/2023<\/li>\n<li>Recursos:\u00a0at\u00e9 2 dias \u00fateis ap\u00f3s o Gabarito<\/li>\n<li>Classificados na 1\u00aa fase:\u00a022\/11\/2023<\/li>\n<li>Envio do Curr\u00edculo para An\u00e1lise:\u00a023 a 27\/11\/2023<\/li>\n<li>Prova Pr\u00e1tica:\u00a002\/12\/2023<\/li>\n<li>Resultado Preliminar da 2\u00aa fase:\u00a004\/12\/2023<\/li>\n<li>Resultado Final:\u00a012\/12\/2023<\/li>\n<li>Matr\u00edculas:\u00a014 a 28\/02\/202<\/li>\n<\/ul>\n<h2 style=\"font-family: Poppins, sans-serif; color: #7a7a7a;\"><span class=\"ez-toc-section\" id=\"Conquiste_a_Aprovacao\"><\/span><strong>Conquiste a Aprova\u00e7\u00e3o<\/strong><span class=\"ez-toc-section-end\"><\/span><\/h2>\n<p>As provas de resid\u00eancia m\u00e9dica est\u00e3o cada vez mais perto e para garantir a sua aprova\u00e7\u00e3o, n\u00f3s criamos uma\u00a0nova modalidade de<a href=\"https:\/\/www.grupomedcof.com.br\/blog\/hiit-medcof-o-curso-intensivo-para-residencia-medica\/\" target=\"_blank\" rel=\"noreferrer noopener\">\u00a0intensivo<\/a>\u00a0que \u00e9 capaz de revisar todo conte\u00fado necess\u00e1rio em apenas\u00a004 semanas! O<a href=\"https:\/\/www.grupomedcof.com.br\/hiit-target-2023-links\/\" target=\"_blank\" rel=\"noreferrer noopener\">\u00a0HIIT Target<\/a>\u00a0\u00e9 mais novo preparat\u00f3rio com conte\u00fado focado na institui\u00e7\u00e3o de seu interesse.<\/p>\n<p>\u00a0<\/p>\n<p>Acesse o site\u00a0o Grupo MedCof\u00a0e conhe\u00e7a a metodologia que j\u00e1 aprovou\u00a0<a href=\"https:\/\/www.grupomedcof.com.br\/blog\/presenca-da-medcof-nas-aprovacoes-em-residencia-medica-no-brasil\/\" target=\"_blank\" rel=\"noreferrer noopener\">10 mil residentes em todo o pa\u00eds!<\/a><\/p>\n<p>\t\t\t\t\t\t\t\t\t\t\t\t\t\t\t\t<a href=\"https:\/\/www.grupomedcof.com.br\/\" target=\"_blank\" rel=\"noopener\"><br \/>\n\t\t\t\t\t\t\t<img loading=\"lazy\" decoding=\"async\" width=\"800\" height=\"378\" src=\"https:\/\/www.grupomedcof.com.br\/blog\/wp-content\/uploads\/2023\/08\/Captura-de-tela-2023-08-16-103405-e1692192957450-1024x484.png\" alt=\"medcof residencia medica, curso Intensivo para Resid\u00eancia M\u00e9dica, curso para resid\u00eancia m\u00e9dica, medcof hiit, aulas medcof,\" srcset=\"https:\/\/www.grupomedcof.com.br\/blog\/wp-content\/uploads\/2023\/08\/Captura-de-tela-2023-08-16-103405-e1692192957450-1024x484.png 1024w, https:\/\/www.grupomedcof.com.br\/blog\/wp-content\/uploads\/2023\/08\/Captura-de-tela-2023-08-16-103405-e1692192957450-300x142.png 300w, https:\/\/www.grupomedcof.com.br\/blog\/wp-content\/uploads\/2023\/08\/Captura-de-tela-2023-08-16-103405-e1692192957450-768x363.png 768w, https:\/\/www.grupomedcof.com.br\/blog\/wp-content\/uploads\/2023\/08\/Captura-de-tela-2023-08-16-103405-e1692192957450.png 1145w\" sizes=\"auto, (max-width: 800px) 100vw, 800px\" \/>\t\t\t\t\t\t\t\t<\/a><\/p>\n","protected":false},"excerpt":{"rendered":"<p>Est\u00e3o abertas as inscri\u00e7\u00f5es para o processo seletivo para resid\u00eancia m\u00e9dica da USP-RP 2023\/2024. Candidatos t\u00eam at\u00e9 o dia 25 de outubro&#8230;<\/p>\n","protected":false},"author":6,"featured_media":14987,"comment_status":"open","ping_status":"open","sticky":false,"template":"","format":"standard","meta":{"footnotes":""},"categories":[10,174],"tags":[245,117,68,15,14],"ppma_author":[3609],"class_list":{"0":"post-14986","1":"post","2":"type-post","3":"status-publish","4":"format-standard","5":"has-post-thumbnail","7":"category-raio-x-editais","8":"category-residencia-medica","9":"tag-acesso-direto","10":"tag-provas-de-residencia","11":"tag-residencia-medica","12":"tag-usp","13":"tag-usp-rp"},"yoast_head":"<!-- This site is optimized with the Yoast SEO Premium plugin v24.3 (Yoast SEO v27.5) - https:\/\/yoast.com\/product\/yoast-seo-premium-wordpress\/ -->\n<title>Inscri\u00e7\u00f5es resid\u00eancia m\u00e9dica USP-RP 2023\/2024 - Blog de Medcof: conte\u00fados, editais, revalida e mais!<\/title>\n<meta name=\"description\" content=\"Est\u00e3o abertas as inscri\u00e7\u00f5es para o processo seletivo para resid\u00eancia m\u00e9dica da USP-RP 2023\/2024. Candidatos t\u00eam at\u00e9 o dia 25 de outubro...\" \/>\n<meta name=\"robots\" content=\"index, follow, max-snippet:-1, max-image-preview:large, max-video-preview:-1\" \/>\n<link rel=\"canonical\" href=\"https:\/\/www.grupomedcof.com.br\/blog\/inscricoes-residencia-medica-usp-rp-2023-2024\/\" \/>\n<meta property=\"og:locale\" content=\"pt_BR\" \/>\n<meta property=\"og:type\" content=\"article\" \/>\n<meta property=\"og:title\" content=\"Inscri\u00e7\u00f5es resid\u00eancia m\u00e9dica USP-RP 2023\/2024\" \/>\n<meta property=\"og:description\" content=\"Est\u00e3o abertas as inscri\u00e7\u00f5es para o processo seletivo para resid\u00eancia m\u00e9dica da USP-RP 2023\/2024. Candidatos t\u00eam at\u00e9 o dia 25 de outubro...\" \/>\n<meta property=\"og:url\" content=\"https:\/\/www.grupomedcof.com.br\/blog\/inscricoes-residencia-medica-usp-rp-2023-2024\/\" \/>\n<meta property=\"og:site_name\" content=\"Blog de Medcof: conte\u00fados, editais, revalida e mais!\" \/>\n<meta property=\"article:publisher\" content=\"https:\/\/www.facebook.com\/MedCofQbank\/\" \/>\n<meta property=\"article:published_time\" content=\"2023-10-06T13:11:32+00:00\" \/>\n<meta property=\"og:image\" content=\"https:\/\/www.grupomedcof.com.br\/blog\/wp-content\/uploads\/2023\/10\/Blog-MedCof-26.png\" \/>\n\t<meta property=\"og:image:width\" content=\"2560\" \/>\n\t<meta property=\"og:image:height\" content=\"1440\" \/>\n\t<meta property=\"og:image:type\" content=\"image\/png\" \/>\n<meta name=\"author\" content=\"J\u00falia Moreira\" \/>\n<meta name=\"twitter:card\" content=\"summary_large_image\" \/>\n<meta name=\"twitter:label1\" content=\"Escrito por\" \/>\n\t<meta name=\"twitter:data1\" content=\"J\u00falia Moreira\" \/>\n\t<meta name=\"twitter:label2\" content=\"Est. tempo de leitura\" \/>\n\t<meta name=\"twitter:data2\" content=\"7 minutos\" \/>\n<script type=\"application\/ld+json\" class=\"yoast-schema-graph\">{\"@context\":\"https:\\\/\\\/schema.org\",\"@graph\":[{\"@type\":\"Article\",\"@id\":\"https:\\\/\\\/www.grupomedcof.com.br\\\/blog\\\/inscricoes-residencia-medica-usp-rp-2023-2024\\\/#article\",\"isPartOf\":{\"@id\":\"https:\\\/\\\/www.grupomedcof.com.br\\\/blog\\\/inscricoes-residencia-medica-usp-rp-2023-2024\\\/\"},\"author\":{\"name\":\"J\u00falia Moreira\",\"@id\":\"https:\\\/\\\/www.grupomedcof.com.br\\\/blog\\\/#\\\/schema\\\/person\\\/1375e0ce724529d7a1d8156ea7f8ceaa\"},\"headline\":\"Inscri\u00e7\u00f5es resid\u00eancia m\u00e9dica USP-RP 2023\\\/2024\",\"datePublished\":\"2023-10-06T13:11:32+00:00\",\"mainEntityOfPage\":{\"@id\":\"https:\\\/\\\/www.grupomedcof.com.br\\\/blog\\\/inscricoes-residencia-medica-usp-rp-2023-2024\\\/\"},\"wordCount\":635,\"commentCount\":0,\"publisher\":{\"@id\":\"https:\\\/\\\/www.grupomedcof.com.br\\\/blog\\\/#organization\"},\"image\":{\"@id\":\"https:\\\/\\\/www.grupomedcof.com.br\\\/blog\\\/inscricoes-residencia-medica-usp-rp-2023-2024\\\/#primaryimage\"},\"thumbnailUrl\":\"https:\\\/\\\/www.grupomedcof.com.br\\\/blog\\\/wp-content\\\/uploads\\\/2023\\\/10\\\/Blog-MedCof-26.png\",\"keywords\":[\"Acesso Direto\",\"Provas de Resid\u00eancia\",\"Resid\u00eancia M\u00e9dica\",\"USP\",\"USP-RP\"],\"articleSection\":[\"Raio-X Editais\",\"Resid\u00eancia m\u00e9dica: editais, resultados, temas quentes e mais\"],\"inLanguage\":\"pt-BR\"},{\"@type\":\"WebPage\",\"@id\":\"https:\\\/\\\/www.grupomedcof.com.br\\\/blog\\\/inscricoes-residencia-medica-usp-rp-2023-2024\\\/\",\"url\":\"https:\\\/\\\/www.grupomedcof.com.br\\\/blog\\\/inscricoes-residencia-medica-usp-rp-2023-2024\\\/\",\"name\":\"Inscri\u00e7\u00f5es resid\u00eancia m\u00e9dica USP-RP 2023\\\/2024 - Blog de Medcof: conte\u00fados, editais, revalida e mais!\",\"isPartOf\":{\"@id\":\"https:\\\/\\\/www.grupomedcof.com.br\\\/blog\\\/#website\"},\"primaryImageOfPage\":{\"@id\":\"https:\\\/\\\/www.grupomedcof.com.br\\\/blog\\\/inscricoes-residencia-medica-usp-rp-2023-2024\\\/#primaryimage\"},\"image\":{\"@id\":\"https:\\\/\\\/www.grupomedcof.com.br\\\/blog\\\/inscricoes-residencia-medica-usp-rp-2023-2024\\\/#primaryimage\"},\"thumbnailUrl\":\"https:\\\/\\\/www.grupomedcof.com.br\\\/blog\\\/wp-content\\\/uploads\\\/2023\\\/10\\\/Blog-MedCof-26.png\",\"datePublished\":\"2023-10-06T13:11:32+00:00\",\"description\":\"Est\u00e3o abertas as inscri\u00e7\u00f5es para o processo seletivo para resid\u00eancia m\u00e9dica da USP-RP 2023\\\/2024. Candidatos t\u00eam at\u00e9 o dia 25 de outubro...\",\"breadcrumb\":{\"@id\":\"https:\\\/\\\/www.grupomedcof.com.br\\\/blog\\\/inscricoes-residencia-medica-usp-rp-2023-2024\\\/#breadcrumb\"},\"inLanguage\":\"pt-BR\",\"potentialAction\":[{\"@type\":\"ReadAction\",\"target\":[\"https:\\\/\\\/www.grupomedcof.com.br\\\/blog\\\/inscricoes-residencia-medica-usp-rp-2023-2024\\\/\"]}]},{\"@type\":\"ImageObject\",\"inLanguage\":\"pt-BR\",\"@id\":\"https:\\\/\\\/www.grupomedcof.com.br\\\/blog\\\/inscricoes-residencia-medica-usp-rp-2023-2024\\\/#primaryimage\",\"url\":\"https:\\\/\\\/www.grupomedcof.com.br\\\/blog\\\/wp-content\\\/uploads\\\/2023\\\/10\\\/Blog-MedCof-26.png\",\"contentUrl\":\"https:\\\/\\\/www.grupomedcof.com.br\\\/blog\\\/wp-content\\\/uploads\\\/2023\\\/10\\\/Blog-MedCof-26.png\",\"width\":2560,\"height\":1440,\"caption\":\"Est\u00e3o abertas as inscri\u00e7\u00f5es para o processo seletivo para resid\u00eancia m\u00e9dica da USP-RP 2023\\\/2024. Candidatos t\u00eam at\u00e9 o dia 25 de outubro...\"},{\"@type\":\"BreadcrumbList\",\"@id\":\"https:\\\/\\\/www.grupomedcof.com.br\\\/blog\\\/inscricoes-residencia-medica-usp-rp-2023-2024\\\/#breadcrumb\",\"itemListElement\":[{\"@type\":\"ListItem\",\"position\":1,\"name\":\"In\u00edcio\",\"item\":\"https:\\\/\\\/www.grupomedcof.com.br\\\/blog\\\/\"},{\"@type\":\"ListItem\",\"position\":2,\"name\":\"Inscri\u00e7\u00f5es resid\u00eancia m\u00e9dica USP-RP 2023\\\/2024\"}]},{\"@type\":\"WebSite\",\"@id\":\"https:\\\/\\\/www.grupomedcof.com.br\\\/blog\\\/#website\",\"url\":\"https:\\\/\\\/www.grupomedcof.com.br\\\/blog\\\/\",\"name\":\"Blog de Medcof: conte\u00fados, editais, revalida e mais!\",\"description\":\"Acesso o blog de MedCof! Seu portal de conte\u00fados sobre resid\u00eancia m\u00e9dica, an\u00e1lise e editais e muito mais. Clique e confira!\",\"publisher\":{\"@id\":\"https:\\\/\\\/www.grupomedcof.com.br\\\/blog\\\/#organization\"},\"alternateName\":\"Blog de Medcof: conte\u00fados, editais, revalida e mais!\",\"potentialAction\":[{\"@type\":\"SearchAction\",\"target\":{\"@type\":\"EntryPoint\",\"urlTemplate\":\"https:\\\/\\\/www.grupomedcof.com.br\\\/blog\\\/?s={search_term_string}\"},\"query-input\":{\"@type\":\"PropertyValueSpecification\",\"valueRequired\":true,\"valueName\":\"search_term_string\"}}],\"inLanguage\":\"pt-BR\"},{\"@type\":\"Organization\",\"@id\":\"https:\\\/\\\/www.grupomedcof.com.br\\\/blog\\\/#organization\",\"name\":\"Grupo MedCof\",\"url\":\"https:\\\/\\\/www.grupomedcof.com.br\\\/blog\\\/\",\"logo\":{\"@type\":\"ImageObject\",\"inLanguage\":\"pt-BR\",\"@id\":\"https:\\\/\\\/www.grupomedcof.com.br\\\/blog\\\/#\\\/schema\\\/logo\\\/image\\\/\",\"url\":\"https:\\\/\\\/www.grupomedcof.com.br\\\/blog\\\/wp-content\\\/uploads\\\/2022\\\/01\\\/logo-medcof.png\",\"contentUrl\":\"https:\\\/\\\/www.grupomedcof.com.br\\\/blog\\\/wp-content\\\/uploads\\\/2022\\\/01\\\/logo-medcof.png\",\"width\":768,\"height\":269,\"caption\":\"Grupo MedCof\"},\"image\":{\"@id\":\"https:\\\/\\\/www.grupomedcof.com.br\\\/blog\\\/#\\\/schema\\\/logo\\\/image\\\/\"},\"sameAs\":[\"https:\\\/\\\/www.facebook.com\\\/MedCofQbank\\\/\",\"https:\\\/\\\/www.instagram.com\\\/grupomedcof\\\/\",\"https:\\\/\\\/br.linkedin.com\\\/company\\\/medcof\",\"https:\\\/\\\/www.youtube.com\\\/channel\\\/UCdHMuOHKICxcHwecxN8P-AA\"]},{\"@type\":\"Person\",\"@id\":\"https:\\\/\\\/www.grupomedcof.com.br\\\/blog\\\/#\\\/schema\\\/person\\\/1375e0ce724529d7a1d8156ea7f8ceaa\",\"name\":\"J\u00falia Moreira\",\"image\":{\"@type\":\"ImageObject\",\"inLanguage\":\"pt-BR\",\"@id\":\"https:\\\/\\\/www.grupomedcof.com.br\\\/blog\\\/wp-content\\\/uploads\\\/2024\\\/12\\\/cropped-Captura-de-tela-2023-12-15-094946-96x96.png6a0083ac34a0445de97d55fae63a4a41\",\"url\":\"https:\\\/\\\/www.grupomedcof.com.br\\\/blog\\\/wp-content\\\/uploads\\\/2024\\\/12\\\/cropped-Captura-de-tela-2023-12-15-094946-96x96.png\",\"contentUrl\":\"https:\\\/\\\/www.grupomedcof.com.br\\\/blog\\\/wp-content\\\/uploads\\\/2024\\\/12\\\/cropped-Captura-de-tela-2023-12-15-094946-96x96.png\",\"caption\":\"J\u00falia Moreira\"},\"description\":\"Estudante do 8\u00ba semestre de Jornalismo na ECA-USP, f\u00e3 de filmes de terror e m\u00fasica popular sul-coreana.\",\"sameAs\":[\"https:\\\/\\\/www.grupomedcof.com.br\\\/\"],\"url\":\"https:\\\/\\\/www.grupomedcof.com.br\\\/blog\\\/author\\\/julia\\\/\"}]}<\/script>\n<!-- \/ Yoast SEO Premium plugin. -->","yoast_head_json":{"title":"Inscri\u00e7\u00f5es resid\u00eancia m\u00e9dica USP-RP 2023\/2024 - Blog de Medcof: conte\u00fados, editais, revalida e mais!","description":"Est\u00e3o abertas as inscri\u00e7\u00f5es para o processo seletivo para resid\u00eancia m\u00e9dica da USP-RP 2023\/2024. Candidatos t\u00eam at\u00e9 o dia 25 de outubro...","robots":{"index":"index","follow":"follow","max-snippet":"max-snippet:-1","max-image-preview":"max-image-preview:large","max-video-preview":"max-video-preview:-1"},"canonical":"https:\/\/www.grupomedcof.com.br\/blog\/inscricoes-residencia-medica-usp-rp-2023-2024\/","og_locale":"pt_BR","og_type":"article","og_title":"Inscri\u00e7\u00f5es resid\u00eancia m\u00e9dica USP-RP 2023\/2024","og_description":"Est\u00e3o abertas as inscri\u00e7\u00f5es para o processo seletivo para resid\u00eancia m\u00e9dica da USP-RP 2023\/2024. Candidatos t\u00eam at\u00e9 o dia 25 de outubro...","og_url":"https:\/\/www.grupomedcof.com.br\/blog\/inscricoes-residencia-medica-usp-rp-2023-2024\/","og_site_name":"Blog de Medcof: conte\u00fados, editais, revalida e mais!","article_publisher":"https:\/\/www.facebook.com\/MedCofQbank\/","article_published_time":"2023-10-06T13:11:32+00:00","og_image":[{"width":2560,"height":1440,"url":"https:\/\/www.grupomedcof.com.br\/blog\/wp-content\/uploads\/2023\/10\/Blog-MedCof-26.png","type":"image\/png"}],"author":"J\u00falia Moreira","twitter_card":"summary_large_image","twitter_misc":{"Escrito por":"J\u00falia Moreira","Est. tempo de leitura":"7 minutos"},"schema":{"@context":"https:\/\/schema.org","@graph":[{"@type":"Article","@id":"https:\/\/www.grupomedcof.com.br\/blog\/inscricoes-residencia-medica-usp-rp-2023-2024\/#article","isPartOf":{"@id":"https:\/\/www.grupomedcof.com.br\/blog\/inscricoes-residencia-medica-usp-rp-2023-2024\/"},"author":{"name":"J\u00falia Moreira","@id":"https:\/\/www.grupomedcof.com.br\/blog\/#\/schema\/person\/1375e0ce724529d7a1d8156ea7f8ceaa"},"headline":"Inscri\u00e7\u00f5es resid\u00eancia m\u00e9dica USP-RP 2023\/2024","datePublished":"2023-10-06T13:11:32+00:00","mainEntityOfPage":{"@id":"https:\/\/www.grupomedcof.com.br\/blog\/inscricoes-residencia-medica-usp-rp-2023-2024\/"},"wordCount":635,"commentCount":0,"publisher":{"@id":"https:\/\/www.grupomedcof.com.br\/blog\/#organization"},"image":{"@id":"https:\/\/www.grupomedcof.com.br\/blog\/inscricoes-residencia-medica-usp-rp-2023-2024\/#primaryimage"},"thumbnailUrl":"https:\/\/www.grupomedcof.com.br\/blog\/wp-content\/uploads\/2023\/10\/Blog-MedCof-26.png","keywords":["Acesso Direto","Provas de Resid\u00eancia","Resid\u00eancia M\u00e9dica","USP","USP-RP"],"articleSection":["Raio-X Editais","Resid\u00eancia m\u00e9dica: editais, resultados, temas quentes e mais"],"inLanguage":"pt-BR"},{"@type":"WebPage","@id":"https:\/\/www.grupomedcof.com.br\/blog\/inscricoes-residencia-medica-usp-rp-2023-2024\/","url":"https:\/\/www.grupomedcof.com.br\/blog\/inscricoes-residencia-medica-usp-rp-2023-2024\/","name":"Inscri\u00e7\u00f5es resid\u00eancia m\u00e9dica USP-RP 2023\/2024 - Blog de Medcof: conte\u00fados, editais, revalida e mais!","isPartOf":{"@id":"https:\/\/www.grupomedcof.com.br\/blog\/#website"},"primaryImageOfPage":{"@id":"https:\/\/www.grupomedcof.com.br\/blog\/inscricoes-residencia-medica-usp-rp-2023-2024\/#primaryimage"},"image":{"@id":"https:\/\/www.grupomedcof.com.br\/blog\/inscricoes-residencia-medica-usp-rp-2023-2024\/#primaryimage"},"thumbnailUrl":"https:\/\/www.grupomedcof.com.br\/blog\/wp-content\/uploads\/2023\/10\/Blog-MedCof-26.png","datePublished":"2023-10-06T13:11:32+00:00","description":"Est\u00e3o abertas as inscri\u00e7\u00f5es para o processo seletivo para resid\u00eancia m\u00e9dica da USP-RP 2023\/2024. Candidatos t\u00eam at\u00e9 o dia 25 de outubro...","breadcrumb":{"@id":"https:\/\/www.grupomedcof.com.br\/blog\/inscricoes-residencia-medica-usp-rp-2023-2024\/#breadcrumb"},"inLanguage":"pt-BR","potentialAction":[{"@type":"ReadAction","target":["https:\/\/www.grupomedcof.com.br\/blog\/inscricoes-residencia-medica-usp-rp-2023-2024\/"]}]},{"@type":"ImageObject","inLanguage":"pt-BR","@id":"https:\/\/www.grupomedcof.com.br\/blog\/inscricoes-residencia-medica-usp-rp-2023-2024\/#primaryimage","url":"https:\/\/www.grupomedcof.com.br\/blog\/wp-content\/uploads\/2023\/10\/Blog-MedCof-26.png","contentUrl":"https:\/\/www.grupomedcof.com.br\/blog\/wp-content\/uploads\/2023\/10\/Blog-MedCof-26.png","width":2560,"height":1440,"caption":"Est\u00e3o abertas as inscri\u00e7\u00f5es para o processo seletivo para resid\u00eancia m\u00e9dica da USP-RP 2023\/2024. Candidatos t\u00eam at\u00e9 o dia 25 de outubro..."},{"@type":"BreadcrumbList","@id":"https:\/\/www.grupomedcof.com.br\/blog\/inscricoes-residencia-medica-usp-rp-2023-2024\/#breadcrumb","itemListElement":[{"@type":"ListItem","position":1,"name":"In\u00edcio","item":"https:\/\/www.grupomedcof.com.br\/blog\/"},{"@type":"ListItem","position":2,"name":"Inscri\u00e7\u00f5es resid\u00eancia m\u00e9dica USP-RP 2023\/2024"}]},{"@type":"WebSite","@id":"https:\/\/www.grupomedcof.com.br\/blog\/#website","url":"https:\/\/www.grupomedcof.com.br\/blog\/","name":"Blog de Medcof: conte\u00fados, editais, revalida e mais!","description":"Acesso o blog de MedCof! Seu portal de conte\u00fados sobre resid\u00eancia m\u00e9dica, an\u00e1lise e editais e muito mais. Clique e confira!","publisher":{"@id":"https:\/\/www.grupomedcof.com.br\/blog\/#organization"},"alternateName":"Blog de Medcof: conte\u00fados, editais, revalida e mais!","potentialAction":[{"@type":"SearchAction","target":{"@type":"EntryPoint","urlTemplate":"https:\/\/www.grupomedcof.com.br\/blog\/?s={search_term_string}"},"query-input":{"@type":"PropertyValueSpecification","valueRequired":true,"valueName":"search_term_string"}}],"inLanguage":"pt-BR"},{"@type":"Organization","@id":"https:\/\/www.grupomedcof.com.br\/blog\/#organization","name":"Grupo MedCof","url":"https:\/\/www.grupomedcof.com.br\/blog\/","logo":{"@type":"ImageObject","inLanguage":"pt-BR","@id":"https:\/\/www.grupomedcof.com.br\/blog\/#\/schema\/logo\/image\/","url":"https:\/\/www.grupomedcof.com.br\/blog\/wp-content\/uploads\/2022\/01\/logo-medcof.png","contentUrl":"https:\/\/www.grupomedcof.com.br\/blog\/wp-content\/uploads\/2022\/01\/logo-medcof.png","width":768,"height":269,"caption":"Grupo MedCof"},"image":{"@id":"https:\/\/www.grupomedcof.com.br\/blog\/#\/schema\/logo\/image\/"},"sameAs":["https:\/\/www.facebook.com\/MedCofQbank\/","https:\/\/www.instagram.com\/grupomedcof\/","https:\/\/br.linkedin.com\/company\/medcof","https:\/\/www.youtube.com\/channel\/UCdHMuOHKICxcHwecxN8P-AA"]},{"@type":"Person","@id":"https:\/\/www.grupomedcof.com.br\/blog\/#\/schema\/person\/1375e0ce724529d7a1d8156ea7f8ceaa","name":"J\u00falia Moreira","image":{"@type":"ImageObject","inLanguage":"pt-BR","@id":"https:\/\/www.grupomedcof.com.br\/blog\/wp-content\/uploads\/2024\/12\/cropped-Captura-de-tela-2023-12-15-094946-96x96.png6a0083ac34a0445de97d55fae63a4a41","url":"https:\/\/www.grupomedcof.com.br\/blog\/wp-content\/uploads\/2024\/12\/cropped-Captura-de-tela-2023-12-15-094946-96x96.png","contentUrl":"https:\/\/www.grupomedcof.com.br\/blog\/wp-content\/uploads\/2024\/12\/cropped-Captura-de-tela-2023-12-15-094946-96x96.png","caption":"J\u00falia Moreira"},"description":"Estudante do 8\u00ba semestre de Jornalismo na ECA-USP, f\u00e3 de filmes de terror e m\u00fasica popular sul-coreana.","sameAs":["https:\/\/www.grupomedcof.com.br\/"],"url":"https:\/\/www.grupomedcof.com.br\/blog\/author\/julia\/"}]}},"authors":[{"term_id":3609,"user_id":6,"is_guest":0,"slug":"julia","display_name":"J\u00falia Moreira","avatar_url":"https:\/\/www.grupomedcof.com.br\/blog\/wp-content\/uploads\/2024\/12\/cropped-Captura-de-tela-2023-12-15-094946-96x96.png","0":null,"1":"","2":"","3":"","4":"","5":"","6":"","7":"","8":""}],"_links":{"self":[{"href":"https:\/\/www.grupomedcof.com.br\/blog\/wp-json\/wp\/v2\/posts\/14986","targetHints":{"allow":["GET"]}}],"collection":[{"href":"https:\/\/www.grupomedcof.com.br\/blog\/wp-json\/wp\/v2\/posts"}],"about":[{"href":"https:\/\/www.grupomedcof.com.br\/blog\/wp-json\/wp\/v2\/types\/post"}],"author":[{"embeddable":true,"href":"https:\/\/www.grupomedcof.com.br\/blog\/wp-json\/wp\/v2\/users\/6"}],"replies":[{"embeddable":true,"href":"https:\/\/www.grupomedcof.com.br\/blog\/wp-json\/wp\/v2\/comments?post=14986"}],"version-history":[{"count":0,"href":"https:\/\/www.grupomedcof.com.br\/blog\/wp-json\/wp\/v2\/posts\/14986\/revisions"}],"wp:featuredmedia":[{"embeddable":true,"href":"https:\/\/www.grupomedcof.com.br\/blog\/wp-json\/wp\/v2\/media\/14987"}],"wp:attachment":[{"href":"https:\/\/www.grupomedcof.com.br\/blog\/wp-json\/wp\/v2\/media?parent=14986"}],"wp:term":[{"taxonomy":"category","embeddable":true,"href":"https:\/\/www.grupomedcof.com.br\/blog\/wp-json\/wp\/v2\/categories?post=14986"},{"taxonomy":"post_tag","embeddable":true,"href":"https:\/\/www.grupomedcof.com.br\/blog\/wp-json\/wp\/v2\/tags?post=14986"},{"taxonomy":"author","embeddable":true,"href":"https:\/\/www.grupomedcof.com.br\/blog\/wp-json\/wp\/v2\/ppma_author?post=14986"}],"curies":[{"name":"wp","href":"https:\/\/api.w.org\/{rel}","templated":true}]}}