{"id":15099,"date":"2023-10-09T16:27:46","date_gmt":"2023-10-09T19:27:46","guid":{"rendered":"https:\/\/www.grupomedcof.com.br\/blog\/?p=15099"},"modified":"2023-10-09T16:27:46","modified_gmt":"2023-10-09T19:27:46","slug":"edital-residencia-medica-hospital-asmigo-2024","status":"publish","type":"post","link":"https:\/\/www.grupomedcof.com.br\/blog\/edital-residencia-medica-hospital-asmigo-2024\/","title":{"rendered":"Edital Resid\u00eancia M\u00e9dica Hospital Asmigo 2024"},"content":{"rendered":"<div id=\"ez-toc-container\" class=\"ez-toc-v2_0_74 counter-hierarchy ez-toc-counter ez-toc-transparent ez-toc-container-direction\">\n<div class=\"ez-toc-title-container\">\n<p class=\"ez-toc-title\" style=\"cursor:inherit\">Sum\u00e1rio<\/p>\n<span class=\"ez-toc-title-toggle\"><a href=\"#\" class=\"ez-toc-pull-right ez-toc-btn ez-toc-btn-xs ez-toc-btn-default ez-toc-toggle\" aria-label=\"Alternar tabela de conte\u00fado\"><span class=\"ez-toc-js-icon-con\"><span class=\"\"><span class=\"eztoc-hide\" style=\"display:none;\">Toggle<\/span><span class=\"ez-toc-icon-toggle-span\"><svg style=\"fill: #999;color:#999\" xmlns=\"http:\/\/www.w3.org\/2000\/svg\" class=\"list-377408\" width=\"20px\" height=\"20px\" viewBox=\"0 0 24 24\" fill=\"none\"><path d=\"M6 6H4v2h2V6zm14 0H8v2h12V6zM4 11h2v2H4v-2zm16 0H8v2h12v-2zM4 16h2v2H4v-2zm16 0H8v2h12v-2z\" fill=\"currentColor\"><\/path><\/svg><svg style=\"fill: #999;color:#999\" class=\"arrow-unsorted-368013\" xmlns=\"http:\/\/www.w3.org\/2000\/svg\" width=\"10px\" height=\"10px\" viewBox=\"0 0 24 24\" version=\"1.2\" baseProfile=\"tiny\"><path d=\"M18.2 9.3l-6.2-6.3-6.2 6.3c-.2.2-.3.4-.3.7s.1.5.3.7c.2.2.4.3.7.3h11c.3 0 .5-.1.7-.3.2-.2.3-.5.3-.7s-.1-.5-.3-.7zM5.8 14.7l6.2 6.3 6.2-6.3c.2-.2.3-.5.3-.7s-.1-.5-.3-.7c-.2-.2-.4-.3-.7-.3h-11c-.3 0-.5.1-.7.3-.2.2-.3.5-.3.7s.1.5.3.7z\"\/><\/svg><\/span><\/span><\/span><\/a><\/span><\/div>\n<nav><ul class='ez-toc-list ez-toc-list-level-1 ' ><li class='ez-toc-page-1 ez-toc-heading-level-2'><a class=\"ez-toc-link ez-toc-heading-1\" href=\"https:\/\/www.grupomedcof.com.br\/blog\/edital-residencia-medica-hospital-asmigo-2024\/#Edital_Residencia_Medica_Asmigo_2024\" >Edital Resid\u00eancia M\u00e9dica Asmigo 2024<\/a><\/li><li class='ez-toc-page-1 ez-toc-heading-level-2'><a class=\"ez-toc-link ez-toc-heading-2\" href=\"https:\/\/www.grupomedcof.com.br\/blog\/edital-residencia-medica-hospital-asmigo-2024\/#Vagas\" >Vagas<\/a><\/li><li class='ez-toc-page-1 ez-toc-heading-level-2'><a class=\"ez-toc-link ez-toc-heading-3\" href=\"https:\/\/www.grupomedcof.com.br\/blog\/edital-residencia-medica-hospital-asmigo-2024\/#Processo_seletivo\" >Processo seletivo<\/a><\/li><li class='ez-toc-page-1 ez-toc-heading-level-2'><a class=\"ez-toc-link ez-toc-heading-4\" href=\"https:\/\/www.grupomedcof.com.br\/blog\/edital-residencia-medica-hospital-asmigo-2024\/#Resultado_Asmigo_2024\" >Resultado Asmigo 2024<\/a><\/li><li class='ez-toc-page-1 ez-toc-heading-level-2'><a class=\"ez-toc-link ez-toc-heading-5\" href=\"https:\/\/www.grupomedcof.com.br\/blog\/edital-residencia-medica-hospital-asmigo-2024\/#Cronograma_residencia_medica_Asmigo_2024\" >Cronograma resid\u00eancia m\u00e9dica Asmigo 2024<\/a><\/li><li class='ez-toc-page-1 ez-toc-heading-level-2'><a class=\"ez-toc-link ez-toc-heading-6\" href=\"https:\/\/www.grupomedcof.com.br\/blog\/edital-residencia-medica-hospital-asmigo-2024\/#Conquiste_a_aprovacao\" >Conquiste a aprova\u00e7\u00e3o<\/a><\/li><\/ul><\/nav><\/div>\n<img loading=\"lazy\" decoding=\"async\" width=\"800\" height=\"450\" src=\"https:\/\/www.grupomedcof.com.br\/blog\/wp-content\/uploads\/2023\/10\/Blog-MedCof-2023-10-09T160320.826-1024x576.png\" alt=\"resid\u00eancia m\u00e9dica Asmigo 2024, resid\u00eancia medica Asmigo 2024, residencia m\u00e9dica Asmigo 2024, residencia medica Asmigo 2024, resid\u00eancia m\u00e9dica Hospital Asmigo 2024, resid\u00eancia medica Hospital Asmigo 2024, residencia m\u00e9dica Hospital Asmigo 2024, asmigo hospital, hospital asmigo, asmigo, asmigo resid\u00eancia m\u00e9dica 2023, asmigo residencia medica 2023, asmigo resid\u00eancia medica 2023, asmigo residencia m\u00e9dica 2023, coreme asmigo, residencia medica psiquiatria, resid\u00eancia medica psiquiatria, resid\u00eancia m\u00e9dica psiquiatria\" srcset=\"https:\/\/www.grupomedcof.com.br\/blog\/wp-content\/uploads\/2023\/10\/Blog-MedCof-2023-10-09T160320.826-1024x576.png 1024w, https:\/\/www.grupomedcof.com.br\/blog\/wp-content\/uploads\/2023\/10\/Blog-MedCof-2023-10-09T160320.826-300x169.png 300w, https:\/\/www.grupomedcof.com.br\/blog\/wp-content\/uploads\/2023\/10\/Blog-MedCof-2023-10-09T160320.826-768x432.png 768w, https:\/\/www.grupomedcof.com.br\/blog\/wp-content\/uploads\/2023\/10\/Blog-MedCof-2023-10-09T160320.826-1536x864.png 1536w, https:\/\/www.grupomedcof.com.br\/blog\/wp-content\/uploads\/2023\/10\/Blog-MedCof-2023-10-09T160320.826-2048x1152.png 2048w\" sizes=\"auto, (max-width: 800px) 100vw, 800px\" \/>\t\t\t\t\t\t\t\t\t\t\t\t\t\t\t\n\t\t<p>Inscri\u00e7\u00f5es para o processo seletivo se encerram no dia <strong>11 de outubro de 2023<\/strong><\/p>\t\t\n\t\t\t<h4>\n\t\t\t\tConfira as informa\u00e7\u00f5es mais importantes\t\t\t<\/h4>\n\t\t<h2 id=\"h-edital-residencia-medica-asmigo-2024\"><span class=\"ez-toc-section\" id=\"Edital_Residencia_Medica_Asmigo_2024\"><\/span><strong>Edital Resid\u00eancia M\u00e9dica Asmigo 2024<\/strong><span class=\"ez-toc-section-end\"><\/span><\/h2>\n<p><!-- \/wp:post-content --><!-- wp:paragraph --><\/p>\n<p>As inscri\u00e7\u00f5es do edital de resid\u00eancia m\u00e9dica do Hospital da Associa\u00e7\u00e3o de Sa\u00fade Mental de Goi\u00e1s (Asmigo) de 2024 est\u00e3o abertas at\u00e9 o dia <strong>11 de outubro de 2023.<\/strong> O ato de inscri\u00e7\u00e3o \u00e9 feito atrav\u00e9s do site da Comiss\u00e3o Estadual de Resid\u00eancia M\u00e9dica de Goi\u00e1s (www.ceremgoias.org.br\/processo-seletivo\/inscricao\/edital-de-selecao-2024-hospital-asmigo) e custa <strong>R$ 600,00<\/strong>.<\/p>\t\t\n\t\t<!-- wp:paragraph \/--><!-- wp:heading -->\n<h2 id=\"h-vagas\"><span class=\"ez-toc-section\" id=\"Vagas\"><\/span><strong>Vagas<\/strong><span class=\"ez-toc-section-end\"><\/span><\/h2>\n<!-- \/wp:heading --><!-- wp:heading {\"level\":3} -->\n<h4 id=\"h-programa-de-acesso-direto\"><strong>Programa de acesso Direto<\/strong><\/h4>\n<!-- \/wp:heading --><!-- wp:table -->\n<figure>\n<table>\n<tbody>\n<tr>\n<td><strong>Programa<\/strong><\/td>\n<td><strong>Vagas<\/strong><\/td>\n<\/tr>\n<tr>\n<td>Psiquiatria\u00a0<\/td>\n<td>4<\/td>\n<\/tr>\n<\/tbody>\n<\/table>\n<\/figure>\n<!-- \/wp:table --><!-- wp:heading {\"level\":3} -->\n<h4 id=\"h-programas-com-pre-requisito\"><strong>Programas com pr\u00e9-requisito<\/strong><\/h4>\n<!-- \/wp:heading --><!-- wp:table -->\n<figure>\n<table>\n<tbody>\n<tr>\n<td><strong>Programa<\/strong><\/td>\n<td><strong>Vagas<\/strong><\/td>\n<\/tr>\n<tr>\n<td>Psiquiatria da Inf\u00e2ncia e Adolesc\u00eancia<\/td>\n<td>4<\/td>\n<\/tr>\n<tr>\n<td>Psiquiatria Geri\u00e1trica<\/td>\n<td>2<\/td>\n<\/tr>\n<\/tbody>\n<\/table>\n<\/figure>\n<!-- \/wp:table --><!-- wp:heading \/--><!-- wp:heading \/--><!-- wp:heading \/--><h2 id=\"h-processo-seletivo\"><span class=\"ez-toc-section\" id=\"Processo_seletivo\"><\/span><strong>Processo seletivo<\/strong><span class=\"ez-toc-section-end\"><\/span><\/h2>\n<p><!-- \/wp:paragraph --><!-- wp:paragraph --><\/p>\n<p>A sele\u00e7\u00e3o da resid\u00eancia m\u00e9dica do Hospital Asmigo ter\u00e1 apenas uma etapa, que consiste em prova escrita e objetiva, com op\u00e7\u00e3o de fazer uma prova pr\u00e1tica n\u00e3o obrigat\u00f3ria. Al\u00e9m dos temas das provas de programas com pr\u00e9-requisitos, as quest\u00f5es gerais versar\u00e3o sobre Cl\u00ednica M\u00e9dica, Cirurgia Geral, Pediatria, Obstetr\u00edcia e Ginecologia e Medicina Geral de Fam\u00edlia e Comunidade\/Medicina Preventiva e Social.<\/p>\t\t\n\t\t<h2 id=\"h-resultado-asmigo-2024\"><span class=\"ez-toc-section\" id=\"Resultado_Asmigo_2024\"><\/span><strong>Resultado Asmigo 2024<\/strong><span class=\"ez-toc-section-end\"><\/span><\/h2>\n<p><!-- \/wp:paragraph --><!-- wp:paragraph --><\/p>\n<p>Por fim, o resultado final ser\u00e1 divulgado no dia <strong>06 de novembro de 2023<\/strong>, no site (www.ceremgoias.org.br) e na sede da Coreme Asmigo.<br \/><br \/><\/p>\n<p><!-- \/wp:paragraph --><!-- wp:paragraph --><\/p>\n<p>Os crit\u00e9rios de desempate s\u00e3o, de modo respectivo:\u00a0<\/p>\n<p><!-- \/wp:paragraph --><!-- wp:paragraph --><\/p>\n<p>1. Produ\u00e7\u00e3o cient\u00edfica: publica\u00e7\u00e3o de trabalhos cient\u00edficos, apresenta\u00e7\u00e3o de trabalhos cient\u00edficos, artigos em revistas cient\u00edficas, cap\u00edtulos em livros cient\u00edficos, publica\u00e7\u00f5es de tesestrabalhos de conclus\u00e3o de curso, mestrado, doutorado;<\/p>\n<p><!-- \/wp:paragraph --><!-- wp:paragraph --><\/p>\n<p>2. P\u00f3s-Gradua\u00e7\u00f5es Strictu Sensu, Latu Sensu;<\/p>\n<p><!-- \/wp:paragraph --><!-- wp:paragraph --><\/p>\n<p>3. Funda\u00e7\u00e3o de Ligas Acad\u00eamicas;<\/p>\n<p><!-- \/wp:paragraph --><!-- wp:paragraph --><\/p>\n<p>4. Administra\u00e7\u00e3o de Ligas Acad\u00eamicas;<\/p>\n<p><!-- \/wp:paragraph --><!-- wp:paragraph --><\/p>\n<p>5. Anos de participa\u00e7\u00e3o em Ligas Acad\u00eamicas.<\/p>\n<p><!-- \/wp:paragraph --><!-- wp:paragraph --><\/p>\n<p>6. Tempo de atua\u00e7\u00e3o m\u00e9dica em servi\u00e7os de psiquiatria;<\/p>\n<p><!-- \/wp:paragraph --><!-- wp:paragraph --><\/p>\n<p>7. Idade cronol\u00f3gica;<\/p>\n<p><!-- \/wp:paragraph --><!-- wp:paragraph --><\/p>\n<p>8. Tempo de formatura.<\/p>\t\t\n\t\t<h2 id=\"h-cronograma-residencia-medica-asmigo-2024\"><span class=\"ez-toc-section\" id=\"Cronograma_residencia_medica_Asmigo_2024\"><\/span><strong>Cronograma resid\u00eancia m\u00e9dica Asmigo 2024<\/strong><span class=\"ez-toc-section-end\"><\/span><\/h2>\n<p><!-- \/wp:paragraph --><!-- wp:paragraph --><\/p>\n<ul>\n<li><strong>Inscri\u00e7\u00f5es: <\/strong>04\/10\/2023 a 11\/10\/2023<!-- \/wp:paragraph --><!-- wp:paragraph --><\/li>\n<li><strong>Prova: <\/strong>30\/10\/2023\u00a0<!-- \/wp:paragraph --><!-- wp:paragraph --><\/li>\n<li><strong>Resultado final: <\/strong>06\/11\/2024<!-- \/wp:paragraph --><!-- wp:paragraph --><\/li>\n<li><strong>In\u00edcio das atividades: <\/strong>01\/03\/2024<!-- \/wp:paragraph --><!-- wp:paragraph --><\/li>\n<\/ul>\n<p>\u00a0<\/p>\n<p>Para visualizar o cronograma completo e obter informa\u00e7\u00f5es complementares sobre o edital, <strong><a href=\"https:\/\/www.ceremgoias.org.br\/dados\/editais\/edt0000165.pdf?cache=82353f4fc47128d5132d54bb8ecf6bbc\" target=\"_blank\" rel=\"noopener\">clique aqui<\/a><\/strong>!<\/p>\n<p><!-- \/wp:paragraph --><!-- wp:heading --><\/p>\t\t\n\t\t<h2 id=\"h-conquiste-a-aprovacao\"><span class=\"ez-toc-section\" id=\"Conquiste_a_aprovacao\"><\/span><strong>Conquiste a aprova\u00e7\u00e3o<\/strong><span class=\"ez-toc-section-end\"><\/span><\/h2>\n<p><!-- \/wp:heading --><!-- wp:paragraph --><\/p>\n<p>As provas de resid\u00eancia m\u00e9dica est\u00e3o cada vez mais perto! Se voc\u00ea quer<strong><a href=\"https:\/\/www.grupomedcof.com.br\/blog\/presenca-da-medcof-nas-aprovacoes-em-residencia-medica-no-brasil\/\" target=\"_blank\" rel=\"noreferrer noopener\">\u00a0ser mais\u00a0um aprovado\u00a0<\/a><\/strong>nas vagas das melhores institui\u00e7\u00f5es do pa\u00eds, ent\u00e3o conhe\u00e7a o<strong><a href=\"https:\/\/www.grupomedcof.com.br\/\" target=\"_blank\" rel=\"noreferrer noopener\">\u00a0Grupo\u00a0MedCof<\/a>!\u00a0<\/strong>Temos um cat\u00e1logo repleto de cursos que te guiar\u00e3o na jornada para as provas de Resid\u00eancia M\u00e9dica que ocorrer\u00e3o em 2023\/2024!<\/p>\t\t\n\t\t\t\t\t\t\t\t\t\t\t\t\t\t\t\t<a href=\"https:\/\/www.grupomedcof.com.br\/hiit-target-2023-links\/\" target=\"_blank\" rel=\"noopener\">\n\t\t\t\t\t\t\t<img loading=\"lazy\" decoding=\"async\" width=\"800\" height=\"450\" src=\"https:\/\/www.grupomedcof.com.br\/blog\/wp-content\/uploads\/2023\/09\/Blog-MedCof-4-1-1024x576.png\" alt=\"medcof, medcof qbank, qbank medcof, medcof aulas, grupo medcof,\" srcset=\"https:\/\/www.grupomedcof.com.br\/blog\/wp-content\/uploads\/2023\/09\/Blog-MedCof-4-1-1024x576.png 1024w, https:\/\/www.grupomedcof.com.br\/blog\/wp-content\/uploads\/2023\/09\/Blog-MedCof-4-1-300x169.png 300w, https:\/\/www.grupomedcof.com.br\/blog\/wp-content\/uploads\/2023\/09\/Blog-MedCof-4-1-768x432.png 768w, https:\/\/www.grupomedcof.com.br\/blog\/wp-content\/uploads\/2023\/09\/Blog-MedCof-4-1-1536x864.png 1536w, https:\/\/www.grupomedcof.com.br\/blog\/wp-content\/uploads\/2023\/09\/Blog-MedCof-4-1-2048x1152.png 2048w\" sizes=\"auto, (max-width: 800px) 100vw, 800px\" \/>\t\t\t\t\t\t\t\t<\/a>","protected":false},"excerpt":{"rendered":"<p>As inscri\u00e7\u00f5es do edital de resid\u00eancia m\u00e9dica do Hospital da Associa\u00e7\u00e3o de Sa\u00fade Mental de Goi\u00e1s (Asmigo) de 2024 est\u00e3o abertas at\u00e9 o dia 11 de outubro de 2023.<\/p>\n","protected":false},"author":10,"featured_media":15149,"comment_status":"open","ping_status":"open","sticky":false,"template":"","format":"standard","meta":{"footnotes":""},"categories":[10],"tags":[92],"ppma_author":[3613],"class_list":{"0":"post-15099","1":"post","2":"type-post","3":"status-publish","4":"format-standard","5":"has-post-thumbnail","7":"category-raio-x-editais","8":"tag-raio-x-editais-2023"},"yoast_head":"<!-- This site is optimized with the Yoast SEO Premium plugin v24.3 (Yoast SEO v27.4) - https:\/\/yoast.com\/product\/yoast-seo-premium-wordpress\/ -->\n<title>Edital Resid\u00eancia M\u00e9dica Hospital Asmigo 2024 - Blog de Medcof: conte\u00fados, editais, revalida e mais!<\/title>\n<meta name=\"description\" content=\"As inscri\u00e7\u00f5es do edital de resid\u00eancia m\u00e9dica do Hospital da Associa\u00e7\u00e3o de Sa\u00fade Mental de Goi\u00e1s (Asmigo) de 2024 est\u00e3o abertas at\u00e9 o dia 11\/10\" \/>\n<meta name=\"robots\" content=\"index, follow, max-snippet:-1, max-image-preview:large, max-video-preview:-1\" \/>\n<link rel=\"canonical\" href=\"https:\/\/www.grupomedcof.com.br\/blog\/edital-residencia-medica-hospital-asmigo-2024\/\" \/>\n<meta property=\"og:locale\" content=\"pt_BR\" \/>\n<meta property=\"og:type\" content=\"article\" \/>\n<meta property=\"og:title\" content=\"Edital Resid\u00eancia M\u00e9dica Hospital Asmigo 2024\" \/>\n<meta property=\"og:description\" content=\"As inscri\u00e7\u00f5es do edital de resid\u00eancia m\u00e9dica do Hospital da Associa\u00e7\u00e3o de Sa\u00fade Mental de Goi\u00e1s (Asmigo) de 2024 est\u00e3o abertas at\u00e9 o dia 11\/10\" \/>\n<meta property=\"og:url\" content=\"https:\/\/www.grupomedcof.com.br\/blog\/edital-residencia-medica-hospital-asmigo-2024\/\" \/>\n<meta property=\"og:site_name\" content=\"Blog de Medcof: conte\u00fados, editais, revalida e mais!\" \/>\n<meta property=\"article:publisher\" content=\"https:\/\/www.facebook.com\/MedCofQbank\/\" \/>\n<meta property=\"article:published_time\" content=\"2023-10-09T19:27:46+00:00\" \/>\n<meta property=\"og:image\" content=\"https:\/\/www.grupomedcof.com.br\/blog\/wp-content\/uploads\/2023\/10\/Blog-MedCof-2023-10-09T160320.826-1024x576.png\" \/>\n\t<meta property=\"og:image:width\" content=\"1024\" \/>\n\t<meta property=\"og:image:height\" content=\"576\" \/>\n\t<meta property=\"og:image:type\" content=\"image\/png\" \/>\n<meta name=\"author\" content=\"Grupo MedCof\" \/>\n<meta name=\"twitter:card\" content=\"summary_large_image\" \/>\n<meta name=\"twitter:label1\" content=\"Escrito por\" \/>\n\t<meta name=\"twitter:data1\" content=\"Grupo MedCof\" \/>\n\t<meta name=\"twitter:label2\" content=\"Est. tempo de leitura\" \/>\n\t<meta name=\"twitter:data2\" content=\"5 minutos\" \/>\n<script type=\"application\/ld+json\" class=\"yoast-schema-graph\">{\"@context\":\"https:\\\/\\\/schema.org\",\"@graph\":[{\"@type\":\"Article\",\"@id\":\"https:\\\/\\\/www.grupomedcof.com.br\\\/blog\\\/edital-residencia-medica-hospital-asmigo-2024\\\/#article\",\"isPartOf\":{\"@id\":\"https:\\\/\\\/www.grupomedcof.com.br\\\/blog\\\/edital-residencia-medica-hospital-asmigo-2024\\\/\"},\"author\":{\"name\":\"Grupo MedCof\",\"@id\":\"https:\\\/\\\/www.grupomedcof.com.br\\\/blog\\\/#\\\/schema\\\/person\\\/5e56a3921255c01181f3d8c20d53f9c0\"},\"headline\":\"Edital Resid\u00eancia M\u00e9dica Hospital Asmigo 2024\",\"datePublished\":\"2023-10-09T19:27:46+00:00\",\"mainEntityOfPage\":{\"@id\":\"https:\\\/\\\/www.grupomedcof.com.br\\\/blog\\\/edital-residencia-medica-hospital-asmigo-2024\\\/\"},\"wordCount\":414,\"commentCount\":0,\"publisher\":{\"@id\":\"https:\\\/\\\/www.grupomedcof.com.br\\\/blog\\\/#organization\"},\"image\":{\"@id\":\"https:\\\/\\\/www.grupomedcof.com.br\\\/blog\\\/edital-residencia-medica-hospital-asmigo-2024\\\/#primaryimage\"},\"thumbnailUrl\":\"https:\\\/\\\/www.grupomedcof.com.br\\\/blog\\\/wp-content\\\/uploads\\\/2023\\\/10\\\/Blog-MedCof-2023-10-09T160320.826.png\",\"keywords\":[\"Raio-X Editais 2023\"],\"articleSection\":[\"Raio-X Editais\"],\"inLanguage\":\"pt-BR\"},{\"@type\":\"WebPage\",\"@id\":\"https:\\\/\\\/www.grupomedcof.com.br\\\/blog\\\/edital-residencia-medica-hospital-asmigo-2024\\\/\",\"url\":\"https:\\\/\\\/www.grupomedcof.com.br\\\/blog\\\/edital-residencia-medica-hospital-asmigo-2024\\\/\",\"name\":\"Edital Resid\u00eancia M\u00e9dica Hospital Asmigo 2024 - Blog de Medcof: conte\u00fados, editais, revalida e mais!\",\"isPartOf\":{\"@id\":\"https:\\\/\\\/www.grupomedcof.com.br\\\/blog\\\/#website\"},\"primaryImageOfPage\":{\"@id\":\"https:\\\/\\\/www.grupomedcof.com.br\\\/blog\\\/edital-residencia-medica-hospital-asmigo-2024\\\/#primaryimage\"},\"image\":{\"@id\":\"https:\\\/\\\/www.grupomedcof.com.br\\\/blog\\\/edital-residencia-medica-hospital-asmigo-2024\\\/#primaryimage\"},\"thumbnailUrl\":\"https:\\\/\\\/www.grupomedcof.com.br\\\/blog\\\/wp-content\\\/uploads\\\/2023\\\/10\\\/Blog-MedCof-2023-10-09T160320.826.png\",\"datePublished\":\"2023-10-09T19:27:46+00:00\",\"description\":\"As inscri\u00e7\u00f5es do edital de resid\u00eancia m\u00e9dica do Hospital da Associa\u00e7\u00e3o de Sa\u00fade Mental de Goi\u00e1s (Asmigo) de 2024 est\u00e3o abertas at\u00e9 o dia 11\\\/10\",\"breadcrumb\":{\"@id\":\"https:\\\/\\\/www.grupomedcof.com.br\\\/blog\\\/edital-residencia-medica-hospital-asmigo-2024\\\/#breadcrumb\"},\"inLanguage\":\"pt-BR\",\"potentialAction\":[{\"@type\":\"ReadAction\",\"target\":[\"https:\\\/\\\/www.grupomedcof.com.br\\\/blog\\\/edital-residencia-medica-hospital-asmigo-2024\\\/\"]}]},{\"@type\":\"ImageObject\",\"inLanguage\":\"pt-BR\",\"@id\":\"https:\\\/\\\/www.grupomedcof.com.br\\\/blog\\\/edital-residencia-medica-hospital-asmigo-2024\\\/#primaryimage\",\"url\":\"https:\\\/\\\/www.grupomedcof.com.br\\\/blog\\\/wp-content\\\/uploads\\\/2023\\\/10\\\/Blog-MedCof-2023-10-09T160320.826.png\",\"contentUrl\":\"https:\\\/\\\/www.grupomedcof.com.br\\\/blog\\\/wp-content\\\/uploads\\\/2023\\\/10\\\/Blog-MedCof-2023-10-09T160320.826.png\",\"width\":2560,\"height\":1440,\"caption\":\"resid\u00eancia m\u00e9dica Asmigo 2024, resid\u00eancia medica Asmigo 2024, residencia m\u00e9dica Asmigo 2024, residencia medica Asmigo 2024, resid\u00eancia m\u00e9dica Hospital Asmigo 2024, resid\u00eancia medica Hospital Asmigo 2024, residencia m\u00e9dica Hospital Asmigo 2024, asmigo hospital, hospital asmigo, asmigo, asmigo resid\u00eancia m\u00e9dica 2023, asmigo residencia medica 2023, asmigo resid\u00eancia medica 2023, asmigo residencia m\u00e9dica 2023, coreme asmigo, residencia medica psiquiatria, resid\u00eancia medica psiquiatria, resid\u00eancia m\u00e9dica psiquiatria\"},{\"@type\":\"BreadcrumbList\",\"@id\":\"https:\\\/\\\/www.grupomedcof.com.br\\\/blog\\\/edital-residencia-medica-hospital-asmigo-2024\\\/#breadcrumb\",\"itemListElement\":[{\"@type\":\"ListItem\",\"position\":1,\"name\":\"In\u00edcio\",\"item\":\"https:\\\/\\\/www.grupomedcof.com.br\\\/blog\\\/\"},{\"@type\":\"ListItem\",\"position\":2,\"name\":\"Edital Resid\u00eancia M\u00e9dica Hospital Asmigo 2024\"}]},{\"@type\":\"WebSite\",\"@id\":\"https:\\\/\\\/www.grupomedcof.com.br\\\/blog\\\/#website\",\"url\":\"https:\\\/\\\/www.grupomedcof.com.br\\\/blog\\\/\",\"name\":\"Blog de Medcof: conte\u00fados, editais, revalida e mais!\",\"description\":\"Acesso o blog de MedCof! Seu portal de conte\u00fados sobre resid\u00eancia m\u00e9dica, an\u00e1lise e editais e muito mais. Clique e confira!\",\"publisher\":{\"@id\":\"https:\\\/\\\/www.grupomedcof.com.br\\\/blog\\\/#organization\"},\"alternateName\":\"Blog de Medcof: conte\u00fados, editais, revalida e mais!\",\"potentialAction\":[{\"@type\":\"SearchAction\",\"target\":{\"@type\":\"EntryPoint\",\"urlTemplate\":\"https:\\\/\\\/www.grupomedcof.com.br\\\/blog\\\/?s={search_term_string}\"},\"query-input\":{\"@type\":\"PropertyValueSpecification\",\"valueRequired\":true,\"valueName\":\"search_term_string\"}}],\"inLanguage\":\"pt-BR\"},{\"@type\":\"Organization\",\"@id\":\"https:\\\/\\\/www.grupomedcof.com.br\\\/blog\\\/#organization\",\"name\":\"Grupo MedCof\",\"url\":\"https:\\\/\\\/www.grupomedcof.com.br\\\/blog\\\/\",\"logo\":{\"@type\":\"ImageObject\",\"inLanguage\":\"pt-BR\",\"@id\":\"https:\\\/\\\/www.grupomedcof.com.br\\\/blog\\\/#\\\/schema\\\/logo\\\/image\\\/\",\"url\":\"https:\\\/\\\/www.grupomedcof.com.br\\\/blog\\\/wp-content\\\/uploads\\\/2022\\\/01\\\/logo-medcof.png\",\"contentUrl\":\"https:\\\/\\\/www.grupomedcof.com.br\\\/blog\\\/wp-content\\\/uploads\\\/2022\\\/01\\\/logo-medcof.png\",\"width\":768,\"height\":269,\"caption\":\"Grupo MedCof\"},\"image\":{\"@id\":\"https:\\\/\\\/www.grupomedcof.com.br\\\/blog\\\/#\\\/schema\\\/logo\\\/image\\\/\"},\"sameAs\":[\"https:\\\/\\\/www.facebook.com\\\/MedCofQbank\\\/\",\"https:\\\/\\\/www.instagram.com\\\/grupomedcof\\\/\",\"https:\\\/\\\/br.linkedin.com\\\/company\\\/medcof\",\"https:\\\/\\\/www.youtube.com\\\/channel\\\/UCdHMuOHKICxcHwecxN8P-AA\"]},{\"@type\":\"Person\",\"@id\":\"https:\\\/\\\/www.grupomedcof.com.br\\\/blog\\\/#\\\/schema\\\/person\\\/5e56a3921255c01181f3d8c20d53f9c0\",\"name\":\"Grupo MedCof\",\"image\":{\"@type\":\"ImageObject\",\"inLanguage\":\"pt-BR\",\"@id\":\"https:\\\/\\\/www.grupomedcof.com.br\\\/blog\\\/wp-content\\\/uploads\\\/2023\\\/04\\\/cropped-cropped-cropped-cropped-logo-96x96.png28585d174f19c23095510da5f63bc127\",\"url\":\"https:\\\/\\\/www.grupomedcof.com.br\\\/blog\\\/wp-content\\\/uploads\\\/2023\\\/04\\\/cropped-cropped-cropped-cropped-logo-96x96.png\",\"contentUrl\":\"https:\\\/\\\/www.grupomedcof.com.br\\\/blog\\\/wp-content\\\/uploads\\\/2023\\\/04\\\/cropped-cropped-cropped-cropped-logo-96x96.png\",\"caption\":\"Grupo MedCof\"},\"description\":\"Tendo aulas baseadas em quest\u00f5es, + de 115 subespecialistas dispon\u00edveis e uma metodologia \u00fanica, voc\u00ea pode se juntar ao nosso time que conta com mais de 10 mil ...\",\"url\":\"https:\\\/\\\/www.grupomedcof.com.br\\\/blog\\\/author\\\/grupo-medcof\\\/\"}]}<\/script>\n<!-- \/ Yoast SEO Premium plugin. -->","yoast_head_json":{"title":"Edital Resid\u00eancia M\u00e9dica Hospital Asmigo 2024 - Blog de Medcof: conte\u00fados, editais, revalida e mais!","description":"As inscri\u00e7\u00f5es do edital de resid\u00eancia m\u00e9dica do Hospital da Associa\u00e7\u00e3o de Sa\u00fade Mental de Goi\u00e1s (Asmigo) de 2024 est\u00e3o abertas at\u00e9 o dia 11\/10","robots":{"index":"index","follow":"follow","max-snippet":"max-snippet:-1","max-image-preview":"max-image-preview:large","max-video-preview":"max-video-preview:-1"},"canonical":"https:\/\/www.grupomedcof.com.br\/blog\/edital-residencia-medica-hospital-asmigo-2024\/","og_locale":"pt_BR","og_type":"article","og_title":"Edital Resid\u00eancia M\u00e9dica Hospital Asmigo 2024","og_description":"As inscri\u00e7\u00f5es do edital de resid\u00eancia m\u00e9dica do Hospital da Associa\u00e7\u00e3o de Sa\u00fade Mental de Goi\u00e1s (Asmigo) de 2024 est\u00e3o abertas at\u00e9 o dia 11\/10","og_url":"https:\/\/www.grupomedcof.com.br\/blog\/edital-residencia-medica-hospital-asmigo-2024\/","og_site_name":"Blog de Medcof: conte\u00fados, editais, revalida e mais!","article_publisher":"https:\/\/www.facebook.com\/MedCofQbank\/","article_published_time":"2023-10-09T19:27:46+00:00","og_image":[{"width":1024,"height":576,"url":"https:\/\/www.grupomedcof.com.br\/blog\/wp-content\/uploads\/2023\/10\/Blog-MedCof-2023-10-09T160320.826-1024x576.png","type":"image\/png"}],"author":"Grupo MedCof","twitter_card":"summary_large_image","twitter_misc":{"Escrito por":"Grupo MedCof","Est. tempo de leitura":"5 minutos"},"schema":{"@context":"https:\/\/schema.org","@graph":[{"@type":"Article","@id":"https:\/\/www.grupomedcof.com.br\/blog\/edital-residencia-medica-hospital-asmigo-2024\/#article","isPartOf":{"@id":"https:\/\/www.grupomedcof.com.br\/blog\/edital-residencia-medica-hospital-asmigo-2024\/"},"author":{"name":"Grupo MedCof","@id":"https:\/\/www.grupomedcof.com.br\/blog\/#\/schema\/person\/5e56a3921255c01181f3d8c20d53f9c0"},"headline":"Edital Resid\u00eancia M\u00e9dica Hospital Asmigo 2024","datePublished":"2023-10-09T19:27:46+00:00","mainEntityOfPage":{"@id":"https:\/\/www.grupomedcof.com.br\/blog\/edital-residencia-medica-hospital-asmigo-2024\/"},"wordCount":414,"commentCount":0,"publisher":{"@id":"https:\/\/www.grupomedcof.com.br\/blog\/#organization"},"image":{"@id":"https:\/\/www.grupomedcof.com.br\/blog\/edital-residencia-medica-hospital-asmigo-2024\/#primaryimage"},"thumbnailUrl":"https:\/\/www.grupomedcof.com.br\/blog\/wp-content\/uploads\/2023\/10\/Blog-MedCof-2023-10-09T160320.826.png","keywords":["Raio-X Editais 2023"],"articleSection":["Raio-X Editais"],"inLanguage":"pt-BR"},{"@type":"WebPage","@id":"https:\/\/www.grupomedcof.com.br\/blog\/edital-residencia-medica-hospital-asmigo-2024\/","url":"https:\/\/www.grupomedcof.com.br\/blog\/edital-residencia-medica-hospital-asmigo-2024\/","name":"Edital Resid\u00eancia M\u00e9dica Hospital Asmigo 2024 - Blog de Medcof: conte\u00fados, editais, revalida e mais!","isPartOf":{"@id":"https:\/\/www.grupomedcof.com.br\/blog\/#website"},"primaryImageOfPage":{"@id":"https:\/\/www.grupomedcof.com.br\/blog\/edital-residencia-medica-hospital-asmigo-2024\/#primaryimage"},"image":{"@id":"https:\/\/www.grupomedcof.com.br\/blog\/edital-residencia-medica-hospital-asmigo-2024\/#primaryimage"},"thumbnailUrl":"https:\/\/www.grupomedcof.com.br\/blog\/wp-content\/uploads\/2023\/10\/Blog-MedCof-2023-10-09T160320.826.png","datePublished":"2023-10-09T19:27:46+00:00","description":"As inscri\u00e7\u00f5es do edital de resid\u00eancia m\u00e9dica do Hospital da Associa\u00e7\u00e3o de Sa\u00fade Mental de Goi\u00e1s (Asmigo) de 2024 est\u00e3o abertas at\u00e9 o dia 11\/10","breadcrumb":{"@id":"https:\/\/www.grupomedcof.com.br\/blog\/edital-residencia-medica-hospital-asmigo-2024\/#breadcrumb"},"inLanguage":"pt-BR","potentialAction":[{"@type":"ReadAction","target":["https:\/\/www.grupomedcof.com.br\/blog\/edital-residencia-medica-hospital-asmigo-2024\/"]}]},{"@type":"ImageObject","inLanguage":"pt-BR","@id":"https:\/\/www.grupomedcof.com.br\/blog\/edital-residencia-medica-hospital-asmigo-2024\/#primaryimage","url":"https:\/\/www.grupomedcof.com.br\/blog\/wp-content\/uploads\/2023\/10\/Blog-MedCof-2023-10-09T160320.826.png","contentUrl":"https:\/\/www.grupomedcof.com.br\/blog\/wp-content\/uploads\/2023\/10\/Blog-MedCof-2023-10-09T160320.826.png","width":2560,"height":1440,"caption":"resid\u00eancia m\u00e9dica Asmigo 2024, resid\u00eancia medica Asmigo 2024, residencia m\u00e9dica Asmigo 2024, residencia medica Asmigo 2024, resid\u00eancia m\u00e9dica Hospital Asmigo 2024, resid\u00eancia medica Hospital Asmigo 2024, residencia m\u00e9dica Hospital Asmigo 2024, asmigo hospital, hospital asmigo, asmigo, asmigo resid\u00eancia m\u00e9dica 2023, asmigo residencia medica 2023, asmigo resid\u00eancia medica 2023, asmigo residencia m\u00e9dica 2023, coreme asmigo, residencia medica psiquiatria, resid\u00eancia medica psiquiatria, resid\u00eancia m\u00e9dica psiquiatria"},{"@type":"BreadcrumbList","@id":"https:\/\/www.grupomedcof.com.br\/blog\/edital-residencia-medica-hospital-asmigo-2024\/#breadcrumb","itemListElement":[{"@type":"ListItem","position":1,"name":"In\u00edcio","item":"https:\/\/www.grupomedcof.com.br\/blog\/"},{"@type":"ListItem","position":2,"name":"Edital Resid\u00eancia M\u00e9dica Hospital Asmigo 2024"}]},{"@type":"WebSite","@id":"https:\/\/www.grupomedcof.com.br\/blog\/#website","url":"https:\/\/www.grupomedcof.com.br\/blog\/","name":"Blog de Medcof: conte\u00fados, editais, revalida e mais!","description":"Acesso o blog de MedCof! Seu portal de conte\u00fados sobre resid\u00eancia m\u00e9dica, an\u00e1lise e editais e muito mais. Clique e confira!","publisher":{"@id":"https:\/\/www.grupomedcof.com.br\/blog\/#organization"},"alternateName":"Blog de Medcof: conte\u00fados, editais, revalida e mais!","potentialAction":[{"@type":"SearchAction","target":{"@type":"EntryPoint","urlTemplate":"https:\/\/www.grupomedcof.com.br\/blog\/?s={search_term_string}"},"query-input":{"@type":"PropertyValueSpecification","valueRequired":true,"valueName":"search_term_string"}}],"inLanguage":"pt-BR"},{"@type":"Organization","@id":"https:\/\/www.grupomedcof.com.br\/blog\/#organization","name":"Grupo MedCof","url":"https:\/\/www.grupomedcof.com.br\/blog\/","logo":{"@type":"ImageObject","inLanguage":"pt-BR","@id":"https:\/\/www.grupomedcof.com.br\/blog\/#\/schema\/logo\/image\/","url":"https:\/\/www.grupomedcof.com.br\/blog\/wp-content\/uploads\/2022\/01\/logo-medcof.png","contentUrl":"https:\/\/www.grupomedcof.com.br\/blog\/wp-content\/uploads\/2022\/01\/logo-medcof.png","width":768,"height":269,"caption":"Grupo MedCof"},"image":{"@id":"https:\/\/www.grupomedcof.com.br\/blog\/#\/schema\/logo\/image\/"},"sameAs":["https:\/\/www.facebook.com\/MedCofQbank\/","https:\/\/www.instagram.com\/grupomedcof\/","https:\/\/br.linkedin.com\/company\/medcof","https:\/\/www.youtube.com\/channel\/UCdHMuOHKICxcHwecxN8P-AA"]},{"@type":"Person","@id":"https:\/\/www.grupomedcof.com.br\/blog\/#\/schema\/person\/5e56a3921255c01181f3d8c20d53f9c0","name":"Grupo MedCof","image":{"@type":"ImageObject","inLanguage":"pt-BR","@id":"https:\/\/www.grupomedcof.com.br\/blog\/wp-content\/uploads\/2023\/04\/cropped-cropped-cropped-cropped-logo-96x96.png28585d174f19c23095510da5f63bc127","url":"https:\/\/www.grupomedcof.com.br\/blog\/wp-content\/uploads\/2023\/04\/cropped-cropped-cropped-cropped-logo-96x96.png","contentUrl":"https:\/\/www.grupomedcof.com.br\/blog\/wp-content\/uploads\/2023\/04\/cropped-cropped-cropped-cropped-logo-96x96.png","caption":"Grupo MedCof"},"description":"Tendo aulas baseadas em quest\u00f5es, + de 115 subespecialistas dispon\u00edveis e uma metodologia \u00fanica, voc\u00ea pode se juntar ao nosso time que conta com mais de 10 mil ...","url":"https:\/\/www.grupomedcof.com.br\/blog\/author\/grupo-medcof\/"}]}},"authors":[{"term_id":3613,"user_id":10,"is_guest":0,"slug":"grupo-medcof","display_name":"Grupo MedCof","avatar_url":"https:\/\/www.grupomedcof.com.br\/blog\/wp-content\/uploads\/2023\/04\/cropped-cropped-cropped-cropped-logo-96x96.png","0":null,"1":"","2":"","3":"","4":"","5":"","6":"","7":"","8":""}],"_links":{"self":[{"href":"https:\/\/www.grupomedcof.com.br\/blog\/wp-json\/wp\/v2\/posts\/15099","targetHints":{"allow":["GET"]}}],"collection":[{"href":"https:\/\/www.grupomedcof.com.br\/blog\/wp-json\/wp\/v2\/posts"}],"about":[{"href":"https:\/\/www.grupomedcof.com.br\/blog\/wp-json\/wp\/v2\/types\/post"}],"author":[{"embeddable":true,"href":"https:\/\/www.grupomedcof.com.br\/blog\/wp-json\/wp\/v2\/users\/10"}],"replies":[{"embeddable":true,"href":"https:\/\/www.grupomedcof.com.br\/blog\/wp-json\/wp\/v2\/comments?post=15099"}],"version-history":[{"count":0,"href":"https:\/\/www.grupomedcof.com.br\/blog\/wp-json\/wp\/v2\/posts\/15099\/revisions"}],"wp:featuredmedia":[{"embeddable":true,"href":"https:\/\/www.grupomedcof.com.br\/blog\/wp-json\/wp\/v2\/media\/15149"}],"wp:attachment":[{"href":"https:\/\/www.grupomedcof.com.br\/blog\/wp-json\/wp\/v2\/media?parent=15099"}],"wp:term":[{"taxonomy":"category","embeddable":true,"href":"https:\/\/www.grupomedcof.com.br\/blog\/wp-json\/wp\/v2\/categories?post=15099"},{"taxonomy":"post_tag","embeddable":true,"href":"https:\/\/www.grupomedcof.com.br\/blog\/wp-json\/wp\/v2\/tags?post=15099"},{"taxonomy":"author","embeddable":true,"href":"https:\/\/www.grupomedcof.com.br\/blog\/wp-json\/wp\/v2\/ppma_author?post=15099"}],"curies":[{"name":"wp","href":"https:\/\/api.w.org\/{rel}","templated":true}]}}