{"id":15226,"date":"2023-10-11T12:02:44","date_gmt":"2023-10-11T15:02:44","guid":{"rendered":"https:\/\/www.grupomedcof.com.br\/blog\/?p=15226"},"modified":"2024-12-03T17:18:25","modified_gmt":"2024-12-03T20:18:25","slug":"saiba-as-principais-atualizacoes-vacinais-deste-ano","status":"publish","type":"post","link":"https:\/\/www.grupomedcof.com.br\/blog\/saiba-as-principais-atualizacoes-vacinais-deste-ano\/","title":{"rendered":"Saiba as principais atualiza\u00e7\u00f5es vacinais deste ano"},"content":{"rendered":"<div id=\"ez-toc-container\" class=\"ez-toc-v2_0_74 counter-hierarchy ez-toc-counter ez-toc-transparent ez-toc-container-direction\">\n<div class=\"ez-toc-title-container\">\n<p class=\"ez-toc-title\" style=\"cursor:inherit\">Sum\u00e1rio<\/p>\n<span class=\"ez-toc-title-toggle\"><a href=\"#\" class=\"ez-toc-pull-right ez-toc-btn ez-toc-btn-xs ez-toc-btn-default ez-toc-toggle\" aria-label=\"Alternar tabela de conte\u00fado\"><span class=\"ez-toc-js-icon-con\"><span class=\"\"><span class=\"eztoc-hide\" style=\"display:none;\">Toggle<\/span><span class=\"ez-toc-icon-toggle-span\"><svg style=\"fill: #999;color:#999\" xmlns=\"http:\/\/www.w3.org\/2000\/svg\" class=\"list-377408\" width=\"20px\" height=\"20px\" viewBox=\"0 0 24 24\" fill=\"none\"><path d=\"M6 6H4v2h2V6zm14 0H8v2h12V6zM4 11h2v2H4v-2zm16 0H8v2h12v-2zM4 16h2v2H4v-2zm16 0H8v2h12v-2z\" fill=\"currentColor\"><\/path><\/svg><svg style=\"fill: #999;color:#999\" class=\"arrow-unsorted-368013\" xmlns=\"http:\/\/www.w3.org\/2000\/svg\" width=\"10px\" height=\"10px\" viewBox=\"0 0 24 24\" version=\"1.2\" baseProfile=\"tiny\"><path d=\"M18.2 9.3l-6.2-6.3-6.2 6.3c-.2.2-.3.4-.3.7s.1.5.3.7c.2.2.4.3.7.3h11c.3 0 .5-.1.7-.3.2-.2.3-.5.3-.7s-.1-.5-.3-.7zM5.8 14.7l6.2 6.3 6.2-6.3c.2-.2.3-.5.3-.7s-.1-.5-.3-.7c-.2-.2-.4-.3-.7-.3h-11c-.3 0-.5.1-.7.3-.2.2-.3.5-.3.7s.1.5.3.7z\"\/><\/svg><\/span><\/span><\/span><\/a><\/span><\/div>\n<nav><ul class='ez-toc-list ez-toc-list-level-1 ' ><li class='ez-toc-page-1 ez-toc-heading-level-2'><a class=\"ez-toc-link ez-toc-heading-1\" href=\"https:\/\/www.grupomedcof.com.br\/blog\/saiba-as-principais-atualizacoes-vacinais-deste-ano\/#Principais_atualizacoes_vacinais\" >Principais atualiza\u00e7\u00f5es vacinais<\/a><ul class='ez-toc-list-level-3' ><li class='ez-toc-heading-level-3'><a class=\"ez-toc-link ez-toc-heading-2\" href=\"https:\/\/www.grupomedcof.com.br\/blog\/saiba-as-principais-atualizacoes-vacinais-deste-ano\/#Reforcos_contra_a_poliomielite\" >Refor\u00e7os contra a poliomielite<\/a><\/li><li class='ez-toc-page-1 ez-toc-heading-level-3'><a class=\"ez-toc-link ez-toc-heading-3\" href=\"https:\/\/www.grupomedcof.com.br\/blog\/saiba-as-principais-atualizacoes-vacinais-deste-ano\/#Nova_vacina_contra_a_dengue\" >Nova vacina contra a dengue<\/a><\/li><li class='ez-toc-page-1 ez-toc-heading-level-3'><a class=\"ez-toc-link ez-toc-heading-4\" href=\"https:\/\/www.grupomedcof.com.br\/blog\/saiba-as-principais-atualizacoes-vacinais-deste-ano\/#Vacina_do_HPV_para_novos_sorotipos\" >Vacina do HPV para novos sorotipos<\/a><\/li><\/ul><\/li><li class='ez-toc-page-1 ez-toc-heading-level-2'><a class=\"ez-toc-link ez-toc-heading-5\" href=\"https:\/\/www.grupomedcof.com.br\/blog\/saiba-as-principais-atualizacoes-vacinais-deste-ano\/#Saiba_as_principais_atualizacoes_vacinais_deste_ano\" >Saiba as principais atualiza\u00e7\u00f5es vacinais deste ano<\/a><\/li><li class='ez-toc-page-1 ez-toc-heading-level-2'><a class=\"ez-toc-link ez-toc-heading-6\" href=\"https:\/\/www.grupomedcof.com.br\/blog\/saiba-as-principais-atualizacoes-vacinais-deste-ano\/#Conquiste_a_Aprovacao\" >Conquiste a Aprova\u00e7\u00e3o<\/a><\/li><\/ul><\/nav><\/div>\n<img loading=\"lazy\" decoding=\"async\" width=\"800\" height=\"450\" src=\"https:\/\/www.grupomedcof.com.br\/blog\/wp-content\/uploads\/2023\/10\/Blog-MedCof-36-1024x576.png\" alt=\"\" srcset=\"https:\/\/www.grupomedcof.com.br\/blog\/wp-content\/uploads\/2023\/10\/Blog-MedCof-36-1024x576.png 1024w, https:\/\/www.grupomedcof.com.br\/blog\/wp-content\/uploads\/2023\/10\/Blog-MedCof-36-300x169.png 300w, https:\/\/www.grupomedcof.com.br\/blog\/wp-content\/uploads\/2023\/10\/Blog-MedCof-36-768x432.png 768w, https:\/\/www.grupomedcof.com.br\/blog\/wp-content\/uploads\/2023\/10\/Blog-MedCof-36-1536x864.png 1536w, https:\/\/www.grupomedcof.com.br\/blog\/wp-content\/uploads\/2023\/10\/Blog-MedCof-36-2048x1152.png 2048w\" sizes=\"auto, (max-width: 800px) 100vw, 800px\" \/>\t\t\t\t\t\t\t\t\t\t\t\t\t\t\t\n\t\t<p>Neste ano tiveram algumas <strong>atualiza\u00e7\u00f5es vacinais<\/strong> que buscam garantir a imuniza\u00e7\u00e3o da popula\u00e7\u00e3o e evitar novos surtos, voc\u00ea sabe quais s\u00e3o?<\/p>\t\t\n\t\t\t<h4>\n\t\t\t\tVeja a seguir\t\t\t<\/h4>\n\t\t<h2 id=\"h-principais-atualizacoes-vacinais\" style=\"font-family: Poppins, sans-serif; color: #7a7a7a;\"><span class=\"ez-toc-section\" id=\"Principais_atualizacoes_vacinais\"><\/span><strong>Principais atualiza\u00e7\u00f5es vacinais<\/strong><span class=\"ez-toc-section-end\"><\/span><\/h2>\n<p>Neste ano, tanto o <strong>calend\u00e1rio vacinal particular<\/strong>, regido pela Sociedade Brasileira de Imuniza\u00e7\u00e3o (SBIm), quanto o definido <strong>Minist\u00e9rio da Sa\u00fade<\/strong>, sofreram altera\u00e7\u00f5es. Se voc\u00ea n\u00e3o quer correr o risco de errar alguma quest\u00e3o sobre o tema, ent\u00e3o este post at\u00e9 o final!<\/p>\t\t\n\t\t\t\t\t\t\t\t\t\t\t\t\t\t\t\t<a href=\"https:\/\/www.grupomedcof.com.br\/links-extensivos-2024\/\" target=\"_blank\" rel=\"noopener\">\n\t\t\t\t\t\t\t<img loading=\"lazy\" decoding=\"async\" width=\"800\" height=\"127\" src=\"https:\/\/www.grupomedcof.com.br\/blog\/wp-content\/uploads\/2023\/09\/Captura-de-tela-2023-09-25-085840-1024x163.png\" alt=\"aulas medcof, grupo medcof, medcof aulas,\" srcset=\"https:\/\/www.grupomedcof.com.br\/blog\/wp-content\/uploads\/2023\/09\/Captura-de-tela-2023-09-25-085840-1024x163.png 1024w, https:\/\/www.grupomedcof.com.br\/blog\/wp-content\/uploads\/2023\/09\/Captura-de-tela-2023-09-25-085840-300x48.png 300w, https:\/\/www.grupomedcof.com.br\/blog\/wp-content\/uploads\/2023\/09\/Captura-de-tela-2023-09-25-085840-768x122.png 768w, https:\/\/www.grupomedcof.com.br\/blog\/wp-content\/uploads\/2023\/09\/Captura-de-tela-2023-09-25-085840-1536x244.png 1536w, https:\/\/www.grupomedcof.com.br\/blog\/wp-content\/uploads\/2023\/09\/Captura-de-tela-2023-09-25-085840-2048x325.png 2048w\" sizes=\"auto, (max-width: 800px) 100vw, 800px\" \/>\t\t\t\t\t\t\t\t<\/a>\n\t\t<h3 id=\"h-reforcos-contra-a-poliomielite\" style=\"font-family: Poppins, sans-serif; color: #7a7a7a;\"><span class=\"ez-toc-section\" id=\"Reforcos_contra_a_poliomielite\"><\/span>Refor\u00e7os contra a poliomielite<span class=\"ez-toc-section-end\"><\/span><\/h3>\n<p>No \u00faltimo ano, o pa\u00eds<strong> n\u00e3o atingiu a meta de 95% de cobertura vacinal contra a poliomielite<\/strong>, registrando novos casos da doen\u00e7a que j\u00e1 era considerada erradicada no pa\u00eds.<\/p>\n<p>\u00a0<\/p>\n<p>Assim, com intuito de retomar os antigos patamares de cobertura vacinal, no dia 07 de julho, a ministra da sa\u00fade N\u00edsia Trindade juntamente com a Sociedade Brasileira de Pediatria (SBP), anunciou a ado\u00e7\u00e3o da <strong>Vacina Inativada Poliomielite, a VIP injet\u00e1vel,<\/strong> como forma exclusiva de imuniza\u00e7\u00e3o a partir de 2024.<\/p><p><\/p>\n<h3><span class=\"ez-toc-section\" id=\"Nova_vacina_contra_a_dengue\"><\/span><strong style=\"color: inherit; font-family: inherit; font-size: 1.75rem;\">Nova vacina contra a dengue<\/strong><span class=\"ez-toc-section-end\"><\/span><\/h3>\n<p><\/p>\n<p><\/p>\n<p>O Brasil n\u00e3o \u00e9 o \u00fanico pa\u00eds que sofre com as consequ\u00eancias do v\u00edrus da dengue. Segundo informa\u00e7\u00f5es da OPAS (Organiza\u00e7\u00e3o Pan-Americana de Sa\u00fade), estima-se que 500 milh\u00f5es de pessoas que residem na am\u00e9rica latina corram o risco de contrair a doen\u00e7a viral transmitida pelo mosquito.<\/p>\n<p>\u00a0<\/p>\n<p><\/p>\n<p><\/p>\n<p>Pensando nisso, a <strong>vacina Qdenga<\/strong>, imunizante japon\u00eas aprovado este ano pela ANVISA, entra como uma <strong>nova atualiza\u00e7\u00e3o do calend\u00e1rio particular de vacina\u00e7\u00e3o!<\/strong><\/p>\n<p><\/p>\t\t\n\t\t<h3 id=\"h-vacina-do-hpv-para-novos-sorotipos\" style=\"font-family: Poppins, sans-serif; color: #7a7a7a;\"><span class=\"ez-toc-section\" id=\"Vacina_do_HPV_para_novos_sorotipos\"><\/span>Vacina do HPV para novos sorotipos<span class=\"ez-toc-section-end\"><\/span><\/h3>\n<p>De acordo com dados do Minist\u00e9rio da Sa\u00fade, estima-se que 30 mil novos casos de doen\u00e7as relacionadas \u00e0 contra\u00e7\u00e3o do v\u00edrus sejam registrados no pa\u00eds.<\/p>\n<p>\u00a0<\/p>\n<p>Desse modo, como <strong>outra atualiza\u00e7\u00e3o do calend\u00e1rio particular<\/strong> de vacina\u00e7\u00e3o, a nova vacina do HPV promete garantir a <strong>imuniza\u00e7\u00e3o de novos sorotipos<\/strong>, bem como um intervalo preconizado que garanta o cumprimento do esquema vacinal.<\/p>\t\t\n\t\t\t\t\t\t\t\t\t\t\t\t\t\t\t\t<a href=\"https:\/\/www.grupomedcof.com.br\/hiit-target-2023-links\/\" target=\"_blank\" rel=\"noopener\">\n\t\t\t\t\t\t\t<img loading=\"lazy\" decoding=\"async\" width=\"800\" height=\"139\" src=\"https:\/\/www.grupomedcof.com.br\/blog\/wp-content\/uploads\/2023\/09\/Blog-MedCof-22-1024x178.png\" alt=\"medcof, medcof qbank, qbank medcof, medcof aulas, grupo medcof,\" srcset=\"https:\/\/www.grupomedcof.com.br\/blog\/wp-content\/uploads\/2023\/09\/Blog-MedCof-22-1024x178.png 1024w, https:\/\/www.grupomedcof.com.br\/blog\/wp-content\/uploads\/2023\/09\/Blog-MedCof-22-300x52.png 300w, https:\/\/www.grupomedcof.com.br\/blog\/wp-content\/uploads\/2023\/09\/Blog-MedCof-22-768x134.png 768w, https:\/\/www.grupomedcof.com.br\/blog\/wp-content\/uploads\/2023\/09\/Blog-MedCof-22-1536x267.png 1536w, https:\/\/www.grupomedcof.com.br\/blog\/wp-content\/uploads\/2023\/09\/Blog-MedCof-22-2048x356.png 2048w\" sizes=\"auto, (max-width: 800px) 100vw, 800px\" \/>\t\t\t\t\t\t\t\t<\/a>\n\t\t<h2 style=\"font-family: Poppins, sans-serif; color: #7a7a7a;\"><span class=\"ez-toc-section\" id=\"Saiba_as_principais_atualizacoes_vacinais_deste_ano\"><\/span><b>Saiba as principais atualiza\u00e7\u00f5es vacinais deste ano<\/b><span class=\"ez-toc-section-end\"><\/span><\/h2>\n<p>Quer saber mais sobre as atualiza\u00e7\u00f5es vacinais deste ano? Ent\u00e3o <strong>clique no bot\u00e3o abaixo<\/strong> e veja o reels que a <a href=\"https:\/\/www.grupomedcof.com.br\/blog\/febre-em-criancas-um-guia-pratico-para-familias\/\" target=\"_blank\" rel=\"noopener\"><strong>Dra. Amira Saleh<\/strong> <\/a>gravou contando sobre as principais mudan\u00e7as!<\/p>\n<p>&nbsp;<\/p>\n<p>Ademais acessando o<strong><a href=\"https:\/\/www.gov.br\/saude\/pt-br\/assuntos\/saude-de-a-a-z\/c\/calendario-nacional-de-vacinacao\"target=\"_blank\">\u00a0site<\/a>\u00a0do Minist\u00e9rio da Sa\u00fade<\/strong>, voc\u00ea pode ter acesso ao <strong>calend\u00e1rio atualizado para cada faixa et\u00e1ria<\/strong>. J\u00e1 para o <strong>calend\u00e1rio particular,<\/strong> basta acessar o<a href=\"https:\/\/sbim.org.br\/calendarios-de-vacinacao\" target=\"_blank\" rel=\"noopener\">\u00a0<strong>site<\/strong><\/a><strong>\u00a0da SBIm<\/strong> e escolher a vers\u00e3o unificada ou para cada faixa et\u00e1ria.<\/p>\t\t\n\t\t\t<a href=\"https:\/\/www.instagram.com\/reel\/CvK-xyoItjV\/\" target=\"_blank\" rel=\"noopener\">\n\t\t\t\t\t\tSobre as atualiza\u00e7\u00f5es\n\t\t\t\t\t<\/a>\n\t\t<h2 id=\"h-conquiste-a-aprovacao\" style=\"font-family: Poppins, sans-serif; color: #7a7a7a;\"><span class=\"ez-toc-section\" id=\"Conquiste_a_Aprovacao\"><\/span>Conquiste a Aprova\u00e7\u00e3o<span class=\"ez-toc-section-end\"><\/span><\/h2>\n<p>As provas de resid\u00eancia m\u00e9dica est\u00e3o cada vez mais perto e para garantir a sua aprova\u00e7\u00e3o, n\u00f3s criamos uma\u00a0nova modalidade de<strong><a href=\"https:\/\/www.grupomedcof.com.br\/blog\/hiit-medcof-o-curso-intensivo-para-residencia-medica\/\" target=\"_blank\" rel=\"noreferrer noopener\">\u00a0intensivo<\/a>\u00a0<\/strong>que \u00e9 capaz de revisar todo conte\u00fado necess\u00e1rio em apenas\u00a004 semanas! O<strong><a href=\"https:\/\/www.grupomedcof.com.br\/hiit-target-2023-links\/\" target=\"_blank\" rel=\"noreferrer noopener\">\u00a0HIIT Target<\/a>\u00a0<\/strong>\u00e9 mais novo preparat\u00f3rio com conte\u00fado focado na institui\u00e7\u00e3o de seu interesse.<\/p>\n<p>\u00a0<\/p>\n<p>Acesse o site do\u00a0Grupo MedCof\u00a0e\u00a0conhe\u00e7a a metodologia que j\u00e1 aprovou\u00a0<strong><a href=\"https:\/\/www.grupomedcof.com.br\/blog\/presenca-da-medcof-nas-aprovacoes-em-residencia-medica-no-brasil\/\" target=\"_blank\" rel=\"noreferrer noopener\">10 mil residentes em todo o pa\u00eds!<\/a><\/strong><\/p>\t\t\n\t\t\t\t\t\t\t\t\t\t\t\t\t\t\t\t<a href=\"https:\/\/www.grupomedcof.com.br\/\" target=\"_blank\" rel=\"noopener\">\n\t\t\t\t\t\t\t<img loading=\"lazy\" decoding=\"async\" width=\"800\" height=\"378\" src=\"https:\/\/www.grupomedcof.com.br\/blog\/wp-content\/uploads\/2023\/08\/Captura-de-tela-2023-08-16-103405-e1692192957450-1024x484.png\" alt=\"medcof residencia medica, curso Intensivo para Resid\u00eancia M\u00e9dica, curso para resid\u00eancia m\u00e9dica, medcof hiit, aulas medcof,\" srcset=\"https:\/\/www.grupomedcof.com.br\/blog\/wp-content\/uploads\/2023\/08\/Captura-de-tela-2023-08-16-103405-e1692192957450-1024x484.png 1024w, https:\/\/www.grupomedcof.com.br\/blog\/wp-content\/uploads\/2023\/08\/Captura-de-tela-2023-08-16-103405-e1692192957450-300x142.png 300w, https:\/\/www.grupomedcof.com.br\/blog\/wp-content\/uploads\/2023\/08\/Captura-de-tela-2023-08-16-103405-e1692192957450-768x363.png 768w, https:\/\/www.grupomedcof.com.br\/blog\/wp-content\/uploads\/2023\/08\/Captura-de-tela-2023-08-16-103405-e1692192957450.png 1145w\" sizes=\"auto, (max-width: 800px) 100vw, 800px\" \/>\t\t\t\t\t\t\t\t<\/a>","protected":false},"excerpt":{"rendered":"<p>Neste ano tiveram algumas atualiza\u00e7\u00f5es vacinais que buscam garantir a imuniza\u00e7\u00e3o da popula\u00e7\u00e3o e evitar novos surtos, voc\u00ea sabe quais s\u00e3o?<\/p>\n","protected":false},"author":10,"featured_media":15260,"comment_status":"open","ping_status":"open","sticky":false,"template":"","format":"standard","meta":{"footnotes":""},"categories":[258],"tags":[235,109,117,277,140],"ppma_author":[3613],"class_list":{"0":"post-15226","1":"post","2":"type-post","3":"status-publish","4":"format-standard","5":"has-post-thumbnail","7":"category-atualizacoes","8":"tag-ministerio-da-saude","9":"tag-pediatria","10":"tag-provas-de-residencia","11":"tag-sbi","12":"tag-vacina"},"yoast_head":"<!-- This site is optimized with the Yoast SEO Premium plugin v24.3 (Yoast SEO v27.4) - https:\/\/yoast.com\/product\/yoast-seo-premium-wordpress\/ -->\n<title>Saiba as principais atualiza\u00e7\u00f5es vacinais deste ano - Blog de Medcof: conte\u00fados, editais, revalida e mais!<\/title>\n<meta name=\"description\" content=\"Neste ano tiveram algumas atualiza\u00e7\u00f5es vacinais que buscam garantir a imuniza\u00e7\u00e3o da popula\u00e7\u00e3o e evitar novos surtos, voc\u00ea sabe quais s\u00e3o?\" \/>\n<meta name=\"robots\" content=\"index, follow, max-snippet:-1, max-image-preview:large, max-video-preview:-1\" \/>\n<link rel=\"canonical\" href=\"https:\/\/www.grupomedcof.com.br\/blog\/saiba-as-principais-atualizacoes-vacinais-deste-ano\/\" \/>\n<meta property=\"og:locale\" content=\"pt_BR\" \/>\n<meta property=\"og:type\" content=\"article\" \/>\n<meta property=\"og:title\" content=\"Saiba as principais atualiza\u00e7\u00f5es vacinais deste ano\" \/>\n<meta property=\"og:description\" content=\"Neste ano tiveram algumas atualiza\u00e7\u00f5es vacinais que buscam garantir a imuniza\u00e7\u00e3o da popula\u00e7\u00e3o e evitar novos surtos, voc\u00ea sabe quais s\u00e3o?\" \/>\n<meta property=\"og:url\" content=\"https:\/\/www.grupomedcof.com.br\/blog\/saiba-as-principais-atualizacoes-vacinais-deste-ano\/\" \/>\n<meta property=\"og:site_name\" content=\"Blog de Medcof: conte\u00fados, editais, revalida e mais!\" \/>\n<meta property=\"article:publisher\" content=\"https:\/\/www.facebook.com\/MedCofQbank\/\" \/>\n<meta property=\"article:published_time\" content=\"2023-10-11T15:02:44+00:00\" \/>\n<meta property=\"article:modified_time\" content=\"2024-12-03T20:18:25+00:00\" \/>\n<meta property=\"og:image\" content=\"https:\/\/www.grupomedcof.com.br\/blog\/wp-content\/uploads\/2023\/10\/Blog-MedCof-37-1024x576.png\" \/>\n\t<meta property=\"og:image:width\" content=\"1024\" \/>\n\t<meta property=\"og:image:height\" content=\"576\" \/>\n\t<meta property=\"og:image:type\" content=\"image\/png\" \/>\n<meta name=\"author\" content=\"Grupo MedCof\" \/>\n<meta name=\"twitter:card\" content=\"summary_large_image\" \/>\n<meta name=\"twitter:label1\" content=\"Escrito por\" \/>\n\t<meta name=\"twitter:data1\" content=\"Grupo MedCof\" \/>\n\t<meta name=\"twitter:label2\" content=\"Est. tempo de leitura\" \/>\n\t<meta name=\"twitter:data2\" content=\"6 minutos\" \/>\n<script type=\"application\/ld+json\" class=\"yoast-schema-graph\">{\"@context\":\"https:\\\/\\\/schema.org\",\"@graph\":[{\"@type\":\"Article\",\"@id\":\"https:\\\/\\\/www.grupomedcof.com.br\\\/blog\\\/saiba-as-principais-atualizacoes-vacinais-deste-ano\\\/#article\",\"isPartOf\":{\"@id\":\"https:\\\/\\\/www.grupomedcof.com.br\\\/blog\\\/saiba-as-principais-atualizacoes-vacinais-deste-ano\\\/\"},\"author\":{\"name\":\"Grupo MedCof\",\"@id\":\"https:\\\/\\\/www.grupomedcof.com.br\\\/blog\\\/#\\\/schema\\\/person\\\/5e56a3921255c01181f3d8c20d53f9c0\"},\"headline\":\"Saiba as principais atualiza\u00e7\u00f5es vacinais deste ano\",\"datePublished\":\"2023-10-11T15:02:44+00:00\",\"dateModified\":\"2024-12-03T20:18:25+00:00\",\"mainEntityOfPage\":{\"@id\":\"https:\\\/\\\/www.grupomedcof.com.br\\\/blog\\\/saiba-as-principais-atualizacoes-vacinais-deste-ano\\\/\"},\"wordCount\":512,\"commentCount\":2,\"publisher\":{\"@id\":\"https:\\\/\\\/www.grupomedcof.com.br\\\/blog\\\/#organization\"},\"image\":{\"@id\":\"https:\\\/\\\/www.grupomedcof.com.br\\\/blog\\\/saiba-as-principais-atualizacoes-vacinais-deste-ano\\\/#primaryimage\"},\"thumbnailUrl\":\"https:\\\/\\\/www.grupomedcof.com.br\\\/blog\\\/wp-content\\\/uploads\\\/2023\\\/10\\\/Blog-MedCof-37.png\",\"keywords\":[\"Minist\u00e9rio da Sa\u00fade\",\"Pediatria\",\"Provas de Resid\u00eancia\",\"SBI\",\"Vacina\"],\"articleSection\":[\"Atualiza\u00e7\u00f5es\"],\"inLanguage\":\"pt-BR\"},{\"@type\":\"WebPage\",\"@id\":\"https:\\\/\\\/www.grupomedcof.com.br\\\/blog\\\/saiba-as-principais-atualizacoes-vacinais-deste-ano\\\/\",\"url\":\"https:\\\/\\\/www.grupomedcof.com.br\\\/blog\\\/saiba-as-principais-atualizacoes-vacinais-deste-ano\\\/\",\"name\":\"Saiba as principais atualiza\u00e7\u00f5es vacinais deste ano - Blog de Medcof: conte\u00fados, editais, revalida e mais!\",\"isPartOf\":{\"@id\":\"https:\\\/\\\/www.grupomedcof.com.br\\\/blog\\\/#website\"},\"primaryImageOfPage\":{\"@id\":\"https:\\\/\\\/www.grupomedcof.com.br\\\/blog\\\/saiba-as-principais-atualizacoes-vacinais-deste-ano\\\/#primaryimage\"},\"image\":{\"@id\":\"https:\\\/\\\/www.grupomedcof.com.br\\\/blog\\\/saiba-as-principais-atualizacoes-vacinais-deste-ano\\\/#primaryimage\"},\"thumbnailUrl\":\"https:\\\/\\\/www.grupomedcof.com.br\\\/blog\\\/wp-content\\\/uploads\\\/2023\\\/10\\\/Blog-MedCof-37.png\",\"datePublished\":\"2023-10-11T15:02:44+00:00\",\"dateModified\":\"2024-12-03T20:18:25+00:00\",\"description\":\"Neste ano tiveram algumas atualiza\u00e7\u00f5es vacinais que buscam garantir a imuniza\u00e7\u00e3o da popula\u00e7\u00e3o e evitar novos surtos, voc\u00ea sabe quais s\u00e3o?\",\"breadcrumb\":{\"@id\":\"https:\\\/\\\/www.grupomedcof.com.br\\\/blog\\\/saiba-as-principais-atualizacoes-vacinais-deste-ano\\\/#breadcrumb\"},\"inLanguage\":\"pt-BR\",\"potentialAction\":[{\"@type\":\"ReadAction\",\"target\":[\"https:\\\/\\\/www.grupomedcof.com.br\\\/blog\\\/saiba-as-principais-atualizacoes-vacinais-deste-ano\\\/\"]}]},{\"@type\":\"ImageObject\",\"inLanguage\":\"pt-BR\",\"@id\":\"https:\\\/\\\/www.grupomedcof.com.br\\\/blog\\\/saiba-as-principais-atualizacoes-vacinais-deste-ano\\\/#primaryimage\",\"url\":\"https:\\\/\\\/www.grupomedcof.com.br\\\/blog\\\/wp-content\\\/uploads\\\/2023\\\/10\\\/Blog-MedCof-37.png\",\"contentUrl\":\"https:\\\/\\\/www.grupomedcof.com.br\\\/blog\\\/wp-content\\\/uploads\\\/2023\\\/10\\\/Blog-MedCof-37.png\",\"width\":2560,\"height\":1440,\"caption\":\"Neste ano tiveram algumas atualiza\u00e7\u00f5es vacinais que buscam garantir a imuniza\u00e7\u00e3o da popula\u00e7\u00e3o e evitar novos surtos, voc\u00ea sabe quais s\u00e3o?\"},{\"@type\":\"BreadcrumbList\",\"@id\":\"https:\\\/\\\/www.grupomedcof.com.br\\\/blog\\\/saiba-as-principais-atualizacoes-vacinais-deste-ano\\\/#breadcrumb\",\"itemListElement\":[{\"@type\":\"ListItem\",\"position\":1,\"name\":\"In\u00edcio\",\"item\":\"https:\\\/\\\/www.grupomedcof.com.br\\\/blog\\\/\"},{\"@type\":\"ListItem\",\"position\":2,\"name\":\"Saiba as principais atualiza\u00e7\u00f5es vacinais deste ano\"}]},{\"@type\":\"WebSite\",\"@id\":\"https:\\\/\\\/www.grupomedcof.com.br\\\/blog\\\/#website\",\"url\":\"https:\\\/\\\/www.grupomedcof.com.br\\\/blog\\\/\",\"name\":\"Blog de Medcof: conte\u00fados, editais, revalida e mais!\",\"description\":\"Acesso o blog de MedCof! Seu portal de conte\u00fados sobre resid\u00eancia m\u00e9dica, an\u00e1lise e editais e muito mais. Clique e confira!\",\"publisher\":{\"@id\":\"https:\\\/\\\/www.grupomedcof.com.br\\\/blog\\\/#organization\"},\"alternateName\":\"Blog de Medcof: conte\u00fados, editais, revalida e mais!\",\"potentialAction\":[{\"@type\":\"SearchAction\",\"target\":{\"@type\":\"EntryPoint\",\"urlTemplate\":\"https:\\\/\\\/www.grupomedcof.com.br\\\/blog\\\/?s={search_term_string}\"},\"query-input\":{\"@type\":\"PropertyValueSpecification\",\"valueRequired\":true,\"valueName\":\"search_term_string\"}}],\"inLanguage\":\"pt-BR\"},{\"@type\":\"Organization\",\"@id\":\"https:\\\/\\\/www.grupomedcof.com.br\\\/blog\\\/#organization\",\"name\":\"Grupo MedCof\",\"url\":\"https:\\\/\\\/www.grupomedcof.com.br\\\/blog\\\/\",\"logo\":{\"@type\":\"ImageObject\",\"inLanguage\":\"pt-BR\",\"@id\":\"https:\\\/\\\/www.grupomedcof.com.br\\\/blog\\\/#\\\/schema\\\/logo\\\/image\\\/\",\"url\":\"https:\\\/\\\/www.grupomedcof.com.br\\\/blog\\\/wp-content\\\/uploads\\\/2022\\\/01\\\/logo-medcof.png\",\"contentUrl\":\"https:\\\/\\\/www.grupomedcof.com.br\\\/blog\\\/wp-content\\\/uploads\\\/2022\\\/01\\\/logo-medcof.png\",\"width\":768,\"height\":269,\"caption\":\"Grupo MedCof\"},\"image\":{\"@id\":\"https:\\\/\\\/www.grupomedcof.com.br\\\/blog\\\/#\\\/schema\\\/logo\\\/image\\\/\"},\"sameAs\":[\"https:\\\/\\\/www.facebook.com\\\/MedCofQbank\\\/\",\"https:\\\/\\\/www.instagram.com\\\/grupomedcof\\\/\",\"https:\\\/\\\/br.linkedin.com\\\/company\\\/medcof\",\"https:\\\/\\\/www.youtube.com\\\/channel\\\/UCdHMuOHKICxcHwecxN8P-AA\"]},{\"@type\":\"Person\",\"@id\":\"https:\\\/\\\/www.grupomedcof.com.br\\\/blog\\\/#\\\/schema\\\/person\\\/5e56a3921255c01181f3d8c20d53f9c0\",\"name\":\"Grupo MedCof\",\"image\":{\"@type\":\"ImageObject\",\"inLanguage\":\"pt-BR\",\"@id\":\"https:\\\/\\\/www.grupomedcof.com.br\\\/blog\\\/wp-content\\\/uploads\\\/2023\\\/04\\\/cropped-cropped-cropped-cropped-logo-96x96.png28585d174f19c23095510da5f63bc127\",\"url\":\"https:\\\/\\\/www.grupomedcof.com.br\\\/blog\\\/wp-content\\\/uploads\\\/2023\\\/04\\\/cropped-cropped-cropped-cropped-logo-96x96.png\",\"contentUrl\":\"https:\\\/\\\/www.grupomedcof.com.br\\\/blog\\\/wp-content\\\/uploads\\\/2023\\\/04\\\/cropped-cropped-cropped-cropped-logo-96x96.png\",\"caption\":\"Grupo MedCof\"},\"description\":\"Tendo aulas baseadas em quest\u00f5es, + de 115 subespecialistas dispon\u00edveis e uma metodologia \u00fanica, voc\u00ea pode se juntar ao nosso time que conta com mais de 10 mil ...\",\"url\":\"https:\\\/\\\/www.grupomedcof.com.br\\\/blog\\\/author\\\/grupo-medcof\\\/\"}]}<\/script>\n<!-- \/ Yoast SEO Premium plugin. -->","yoast_head_json":{"title":"Saiba as principais atualiza\u00e7\u00f5es vacinais deste ano - Blog de Medcof: conte\u00fados, editais, revalida e mais!","description":"Neste ano tiveram algumas atualiza\u00e7\u00f5es vacinais que buscam garantir a imuniza\u00e7\u00e3o da popula\u00e7\u00e3o e evitar novos surtos, voc\u00ea sabe quais s\u00e3o?","robots":{"index":"index","follow":"follow","max-snippet":"max-snippet:-1","max-image-preview":"max-image-preview:large","max-video-preview":"max-video-preview:-1"},"canonical":"https:\/\/www.grupomedcof.com.br\/blog\/saiba-as-principais-atualizacoes-vacinais-deste-ano\/","og_locale":"pt_BR","og_type":"article","og_title":"Saiba as principais atualiza\u00e7\u00f5es vacinais deste ano","og_description":"Neste ano tiveram algumas atualiza\u00e7\u00f5es vacinais que buscam garantir a imuniza\u00e7\u00e3o da popula\u00e7\u00e3o e evitar novos surtos, voc\u00ea sabe quais s\u00e3o?","og_url":"https:\/\/www.grupomedcof.com.br\/blog\/saiba-as-principais-atualizacoes-vacinais-deste-ano\/","og_site_name":"Blog de Medcof: conte\u00fados, editais, revalida e mais!","article_publisher":"https:\/\/www.facebook.com\/MedCofQbank\/","article_published_time":"2023-10-11T15:02:44+00:00","article_modified_time":"2024-12-03T20:18:25+00:00","og_image":[{"width":1024,"height":576,"url":"https:\/\/www.grupomedcof.com.br\/blog\/wp-content\/uploads\/2023\/10\/Blog-MedCof-37-1024x576.png","type":"image\/png"}],"author":"Grupo MedCof","twitter_card":"summary_large_image","twitter_misc":{"Escrito por":"Grupo MedCof","Est. tempo de leitura":"6 minutos"},"schema":{"@context":"https:\/\/schema.org","@graph":[{"@type":"Article","@id":"https:\/\/www.grupomedcof.com.br\/blog\/saiba-as-principais-atualizacoes-vacinais-deste-ano\/#article","isPartOf":{"@id":"https:\/\/www.grupomedcof.com.br\/blog\/saiba-as-principais-atualizacoes-vacinais-deste-ano\/"},"author":{"name":"Grupo MedCof","@id":"https:\/\/www.grupomedcof.com.br\/blog\/#\/schema\/person\/5e56a3921255c01181f3d8c20d53f9c0"},"headline":"Saiba as principais atualiza\u00e7\u00f5es vacinais deste ano","datePublished":"2023-10-11T15:02:44+00:00","dateModified":"2024-12-03T20:18:25+00:00","mainEntityOfPage":{"@id":"https:\/\/www.grupomedcof.com.br\/blog\/saiba-as-principais-atualizacoes-vacinais-deste-ano\/"},"wordCount":512,"commentCount":2,"publisher":{"@id":"https:\/\/www.grupomedcof.com.br\/blog\/#organization"},"image":{"@id":"https:\/\/www.grupomedcof.com.br\/blog\/saiba-as-principais-atualizacoes-vacinais-deste-ano\/#primaryimage"},"thumbnailUrl":"https:\/\/www.grupomedcof.com.br\/blog\/wp-content\/uploads\/2023\/10\/Blog-MedCof-37.png","keywords":["Minist\u00e9rio da Sa\u00fade","Pediatria","Provas de Resid\u00eancia","SBI","Vacina"],"articleSection":["Atualiza\u00e7\u00f5es"],"inLanguage":"pt-BR"},{"@type":"WebPage","@id":"https:\/\/www.grupomedcof.com.br\/blog\/saiba-as-principais-atualizacoes-vacinais-deste-ano\/","url":"https:\/\/www.grupomedcof.com.br\/blog\/saiba-as-principais-atualizacoes-vacinais-deste-ano\/","name":"Saiba as principais atualiza\u00e7\u00f5es vacinais deste ano - Blog de Medcof: conte\u00fados, editais, revalida e mais!","isPartOf":{"@id":"https:\/\/www.grupomedcof.com.br\/blog\/#website"},"primaryImageOfPage":{"@id":"https:\/\/www.grupomedcof.com.br\/blog\/saiba-as-principais-atualizacoes-vacinais-deste-ano\/#primaryimage"},"image":{"@id":"https:\/\/www.grupomedcof.com.br\/blog\/saiba-as-principais-atualizacoes-vacinais-deste-ano\/#primaryimage"},"thumbnailUrl":"https:\/\/www.grupomedcof.com.br\/blog\/wp-content\/uploads\/2023\/10\/Blog-MedCof-37.png","datePublished":"2023-10-11T15:02:44+00:00","dateModified":"2024-12-03T20:18:25+00:00","description":"Neste ano tiveram algumas atualiza\u00e7\u00f5es vacinais que buscam garantir a imuniza\u00e7\u00e3o da popula\u00e7\u00e3o e evitar novos surtos, voc\u00ea sabe quais s\u00e3o?","breadcrumb":{"@id":"https:\/\/www.grupomedcof.com.br\/blog\/saiba-as-principais-atualizacoes-vacinais-deste-ano\/#breadcrumb"},"inLanguage":"pt-BR","potentialAction":[{"@type":"ReadAction","target":["https:\/\/www.grupomedcof.com.br\/blog\/saiba-as-principais-atualizacoes-vacinais-deste-ano\/"]}]},{"@type":"ImageObject","inLanguage":"pt-BR","@id":"https:\/\/www.grupomedcof.com.br\/blog\/saiba-as-principais-atualizacoes-vacinais-deste-ano\/#primaryimage","url":"https:\/\/www.grupomedcof.com.br\/blog\/wp-content\/uploads\/2023\/10\/Blog-MedCof-37.png","contentUrl":"https:\/\/www.grupomedcof.com.br\/blog\/wp-content\/uploads\/2023\/10\/Blog-MedCof-37.png","width":2560,"height":1440,"caption":"Neste ano tiveram algumas atualiza\u00e7\u00f5es vacinais que buscam garantir a imuniza\u00e7\u00e3o da popula\u00e7\u00e3o e evitar novos surtos, voc\u00ea sabe quais s\u00e3o?"},{"@type":"BreadcrumbList","@id":"https:\/\/www.grupomedcof.com.br\/blog\/saiba-as-principais-atualizacoes-vacinais-deste-ano\/#breadcrumb","itemListElement":[{"@type":"ListItem","position":1,"name":"In\u00edcio","item":"https:\/\/www.grupomedcof.com.br\/blog\/"},{"@type":"ListItem","position":2,"name":"Saiba as principais atualiza\u00e7\u00f5es vacinais deste ano"}]},{"@type":"WebSite","@id":"https:\/\/www.grupomedcof.com.br\/blog\/#website","url":"https:\/\/www.grupomedcof.com.br\/blog\/","name":"Blog de Medcof: conte\u00fados, editais, revalida e mais!","description":"Acesso o blog de MedCof! Seu portal de conte\u00fados sobre resid\u00eancia m\u00e9dica, an\u00e1lise e editais e muito mais. Clique e confira!","publisher":{"@id":"https:\/\/www.grupomedcof.com.br\/blog\/#organization"},"alternateName":"Blog de Medcof: conte\u00fados, editais, revalida e mais!","potentialAction":[{"@type":"SearchAction","target":{"@type":"EntryPoint","urlTemplate":"https:\/\/www.grupomedcof.com.br\/blog\/?s={search_term_string}"},"query-input":{"@type":"PropertyValueSpecification","valueRequired":true,"valueName":"search_term_string"}}],"inLanguage":"pt-BR"},{"@type":"Organization","@id":"https:\/\/www.grupomedcof.com.br\/blog\/#organization","name":"Grupo MedCof","url":"https:\/\/www.grupomedcof.com.br\/blog\/","logo":{"@type":"ImageObject","inLanguage":"pt-BR","@id":"https:\/\/www.grupomedcof.com.br\/blog\/#\/schema\/logo\/image\/","url":"https:\/\/www.grupomedcof.com.br\/blog\/wp-content\/uploads\/2022\/01\/logo-medcof.png","contentUrl":"https:\/\/www.grupomedcof.com.br\/blog\/wp-content\/uploads\/2022\/01\/logo-medcof.png","width":768,"height":269,"caption":"Grupo MedCof"},"image":{"@id":"https:\/\/www.grupomedcof.com.br\/blog\/#\/schema\/logo\/image\/"},"sameAs":["https:\/\/www.facebook.com\/MedCofQbank\/","https:\/\/www.instagram.com\/grupomedcof\/","https:\/\/br.linkedin.com\/company\/medcof","https:\/\/www.youtube.com\/channel\/UCdHMuOHKICxcHwecxN8P-AA"]},{"@type":"Person","@id":"https:\/\/www.grupomedcof.com.br\/blog\/#\/schema\/person\/5e56a3921255c01181f3d8c20d53f9c0","name":"Grupo MedCof","image":{"@type":"ImageObject","inLanguage":"pt-BR","@id":"https:\/\/www.grupomedcof.com.br\/blog\/wp-content\/uploads\/2023\/04\/cropped-cropped-cropped-cropped-logo-96x96.png28585d174f19c23095510da5f63bc127","url":"https:\/\/www.grupomedcof.com.br\/blog\/wp-content\/uploads\/2023\/04\/cropped-cropped-cropped-cropped-logo-96x96.png","contentUrl":"https:\/\/www.grupomedcof.com.br\/blog\/wp-content\/uploads\/2023\/04\/cropped-cropped-cropped-cropped-logo-96x96.png","caption":"Grupo MedCof"},"description":"Tendo aulas baseadas em quest\u00f5es, + de 115 subespecialistas dispon\u00edveis e uma metodologia \u00fanica, voc\u00ea pode se juntar ao nosso time que conta com mais de 10 mil ...","url":"https:\/\/www.grupomedcof.com.br\/blog\/author\/grupo-medcof\/"}]}},"authors":[{"term_id":3613,"user_id":10,"is_guest":0,"slug":"grupo-medcof","display_name":"Grupo MedCof","avatar_url":"https:\/\/www.grupomedcof.com.br\/blog\/wp-content\/uploads\/2023\/04\/cropped-cropped-cropped-cropped-logo-96x96.png","0":null,"1":"","2":"","3":"","4":"","5":"","6":"","7":"","8":""}],"_links":{"self":[{"href":"https:\/\/www.grupomedcof.com.br\/blog\/wp-json\/wp\/v2\/posts\/15226","targetHints":{"allow":["GET"]}}],"collection":[{"href":"https:\/\/www.grupomedcof.com.br\/blog\/wp-json\/wp\/v2\/posts"}],"about":[{"href":"https:\/\/www.grupomedcof.com.br\/blog\/wp-json\/wp\/v2\/types\/post"}],"author":[{"embeddable":true,"href":"https:\/\/www.grupomedcof.com.br\/blog\/wp-json\/wp\/v2\/users\/10"}],"replies":[{"embeddable":true,"href":"https:\/\/www.grupomedcof.com.br\/blog\/wp-json\/wp\/v2\/comments?post=15226"}],"version-history":[{"count":0,"href":"https:\/\/www.grupomedcof.com.br\/blog\/wp-json\/wp\/v2\/posts\/15226\/revisions"}],"wp:featuredmedia":[{"embeddable":true,"href":"https:\/\/www.grupomedcof.com.br\/blog\/wp-json\/wp\/v2\/media\/15260"}],"wp:attachment":[{"href":"https:\/\/www.grupomedcof.com.br\/blog\/wp-json\/wp\/v2\/media?parent=15226"}],"wp:term":[{"taxonomy":"category","embeddable":true,"href":"https:\/\/www.grupomedcof.com.br\/blog\/wp-json\/wp\/v2\/categories?post=15226"},{"taxonomy":"post_tag","embeddable":true,"href":"https:\/\/www.grupomedcof.com.br\/blog\/wp-json\/wp\/v2\/tags?post=15226"},{"taxonomy":"author","embeddable":true,"href":"https:\/\/www.grupomedcof.com.br\/blog\/wp-json\/wp\/v2\/ppma_author?post=15226"}],"curies":[{"name":"wp","href":"https:\/\/api.w.org\/{rel}","templated":true}]}}