{"id":15344,"date":"2023-10-18T10:47:52","date_gmt":"2023-10-18T13:47:52","guid":{"rendered":"https:\/\/www.grupomedcof.com.br\/blog\/?p=15344"},"modified":"2024-12-03T17:18:11","modified_gmt":"2024-12-03T20:18:11","slug":"contratura-de-dupuytren-tudo-o-que-voce-precisa-saber","status":"publish","type":"post","link":"https:\/\/www.grupomedcof.com.br\/blog\/contratura-de-dupuytren-tudo-o-que-voce-precisa-saber\/","title":{"rendered":"Contratura de Dupuytren: tudo o que voc\u00ea precisa saber"},"content":{"rendered":"<div id=\"ez-toc-container\" class=\"ez-toc-v2_0_74 counter-hierarchy ez-toc-counter ez-toc-transparent ez-toc-container-direction\">\n<div class=\"ez-toc-title-container\">\n<p class=\"ez-toc-title\" style=\"cursor:inherit\">Sum\u00e1rio<\/p>\n<span class=\"ez-toc-title-toggle\"><a href=\"#\" class=\"ez-toc-pull-right ez-toc-btn ez-toc-btn-xs ez-toc-btn-default ez-toc-toggle\" aria-label=\"Alternar tabela de conte\u00fado\"><span class=\"ez-toc-js-icon-con\"><span class=\"\"><span class=\"eztoc-hide\" style=\"display:none;\">Toggle<\/span><span class=\"ez-toc-icon-toggle-span\"><svg style=\"fill: #999;color:#999\" xmlns=\"http:\/\/www.w3.org\/2000\/svg\" class=\"list-377408\" width=\"20px\" height=\"20px\" viewBox=\"0 0 24 24\" fill=\"none\"><path d=\"M6 6H4v2h2V6zm14 0H8v2h12V6zM4 11h2v2H4v-2zm16 0H8v2h12v-2zM4 16h2v2H4v-2zm16 0H8v2h12v-2z\" fill=\"currentColor\"><\/path><\/svg><svg style=\"fill: #999;color:#999\" class=\"arrow-unsorted-368013\" xmlns=\"http:\/\/www.w3.org\/2000\/svg\" width=\"10px\" height=\"10px\" viewBox=\"0 0 24 24\" version=\"1.2\" baseProfile=\"tiny\"><path d=\"M18.2 9.3l-6.2-6.3-6.2 6.3c-.2.2-.3.4-.3.7s.1.5.3.7c.2.2.4.3.7.3h11c.3 0 .5-.1.7-.3.2-.2.3-.5.3-.7s-.1-.5-.3-.7zM5.8 14.7l6.2 6.3 6.2-6.3c.2-.2.3-.5.3-.7s-.1-.5-.3-.7c-.2-.2-.4-.3-.7-.3h-11c-.3 0-.5.1-.7.3-.2.2-.3.5-.3.7s.1.5.3.7z\"\/><\/svg><\/span><\/span><\/span><\/a><\/span><\/div>\n<nav><ul class='ez-toc-list ez-toc-list-level-1 ' ><li class='ez-toc-page-1 ez-toc-heading-level-2'><a class=\"ez-toc-link ez-toc-heading-1\" href=\"https:\/\/www.grupomedcof.com.br\/blog\/contratura-de-dupuytren-tudo-o-que-voce-precisa-saber\/#Contratura_de_Dupuytren_tudo_o_que_voce_precisa_saber\" >Contratura de Dupuytren: tudo o que voc\u00ea precisa saber<\/a><\/li><li class='ez-toc-page-1 ez-toc-heading-level-2'><a class=\"ez-toc-link ez-toc-heading-2\" href=\"https:\/\/www.grupomedcof.com.br\/blog\/contratura-de-dupuytren-tudo-o-que-voce-precisa-saber\/#Clinica_e_diagnostico\" >Cl\u00ednica e diagn\u00f3stico<\/a><\/li><li class='ez-toc-page-1 ez-toc-heading-level-2'><a class=\"ez-toc-link ez-toc-heading-3\" href=\"https:\/\/www.grupomedcof.com.br\/blog\/contratura-de-dupuytren-tudo-o-que-voce-precisa-saber\/#Contratura_de_Dupuytren_Conduta\" >Contratura de Dupuytren: Conduta<\/a><\/li><li class='ez-toc-page-1 ez-toc-heading-level-2'><a class=\"ez-toc-link ez-toc-heading-4\" href=\"https:\/\/www.grupomedcof.com.br\/blog\/contratura-de-dupuytren-tudo-o-que-voce-precisa-saber\/#Conquiste_a_aprovacao\" >Conquiste a aprova\u00e7\u00e3o<\/a><\/li><\/ul><\/nav><\/div>\n<img loading=\"lazy\" decoding=\"async\" width=\"800\" height=\"450\" src=\"https:\/\/www.grupomedcof.com.br\/blog\/wp-content\/uploads\/2023\/10\/Blog-MedCof-41-1024x576.png\" alt=\"fibromatose palmar, mol\u00e9stia de dupuytren, contratura palmar de dupuytren, contraturas de dupuytren, contratura palmar de dupuytren, doenca de dupuytren,\" srcset=\"https:\/\/www.grupomedcof.com.br\/blog\/wp-content\/uploads\/2023\/10\/Blog-MedCof-41-1024x576.png 1024w, https:\/\/www.grupomedcof.com.br\/blog\/wp-content\/uploads\/2023\/10\/Blog-MedCof-41-300x169.png 300w, https:\/\/www.grupomedcof.com.br\/blog\/wp-content\/uploads\/2023\/10\/Blog-MedCof-41-768x432.png 768w, https:\/\/www.grupomedcof.com.br\/blog\/wp-content\/uploads\/2023\/10\/Blog-MedCof-41-1536x864.png 1536w, https:\/\/www.grupomedcof.com.br\/blog\/wp-content\/uploads\/2023\/10\/Blog-MedCof-41-2048x1152.png 2048w\" sizes=\"auto, (max-width: 800px) 100vw, 800px\" \/>\t\t\t\t\t\t\t\t\t\t\t\t\t\t\t\n\t\t<p>J\u00e1 ouviu falar da <strong>Contratura de Dupuytren<\/strong>? Se a resposta for n\u00e3o, ent\u00e3o \u00e9 s\u00f3 continuar lendo o post abaixo.<\/p>\t\t\n\t\t\t<h4>\n\t\t\t\tSaiba mais\t\t\t<\/h4>\n\t\t<p><\/p>\n<h2><span class=\"ez-toc-section\" id=\"Contratura_de_Dupuytren_tudo_o_que_voce_precisa_saber\"><\/span><strong>Contratura de Dupuytren: tudo o que voc\u00ea precisa saber<\/strong><span class=\"ez-toc-section-end\"><\/span><\/h2>\n<p><\/p>\n<p><\/p>\n<p>A Contratura de Dupuytren (CD) ou fibromatose palmar \u00e9 o <strong>enrijecimento progressivo das f\u00e1scias no interior das palmas das m\u00e3os<\/strong>, gerando contra\u00e7\u00e3o dos dedos e, consequentemente, m\u00e3o em garra. Sendo assim, nesse post iremos abordar os pontos principais dessa condi\u00e7\u00e3o para que voc\u00ea n\u00e3o erre nas provas de resid\u00eancia m\u00e9dica.<\/p>\n<p>\u00a0<\/p>\n<p><\/p>\n<p><\/p>\n<p>A CD ocorre, principalmente, <strong>ap\u00f3s os 45 anos<\/strong> e \u00e9 uma doen\u00e7a heredit\u00e1ria comum, ou seja, se desenvolve em pessoas predispostas geneticamente. Por\u00e9m, ainda n\u00e3o houve identifica\u00e7\u00e3o dos fatores causais espec\u00edficos. Em 50% dos casos, a Contratura de Dupuytren afeta as duas m\u00e3os. Nos casos de acometimento unilateral, a m\u00e3o direita costuma ser mais acometida.<\/p>\n<p><\/p>\t\t\n\t\t\t\t\t\t\t\t\t\t\t\t<figure>\n\t\t\t\t\t\t\t\t\t\t<img loading=\"lazy\" decoding=\"async\" width=\"800\" height=\"409\" src=\"https:\/\/www.grupomedcof.com.br\/blog\/wp-content\/uploads\/2023\/10\/Untitled.png\" alt=\"fibromatose palmar, mol\u00e9stia de dupuytren, contratura palmar de dupuytren, contraturas de dupuytren, contratura palmar de dupuytren, doenca de dupuytren,\" srcset=\"https:\/\/www.grupomedcof.com.br\/blog\/wp-content\/uploads\/2023\/10\/Untitled.png 1024w, https:\/\/www.grupomedcof.com.br\/blog\/wp-content\/uploads\/2023\/10\/Untitled-300x153.png 300w, https:\/\/www.grupomedcof.com.br\/blog\/wp-content\/uploads\/2023\/10\/Untitled-768x392.png 768w\" sizes=\"auto, (max-width: 800px) 100vw, 800px\" \/>\t\t\t\t\t\t\t\t\t\t\t<figcaption>(Fonte: Google imagens).<\/figcaption>\n\t\t\t\t\t\t\t\t\t\t<\/figure>\n\t\t<h2 id=\"h-clinica-e-diagnostico\" style=\"font-family: Poppins, sans-serif; color: #7a7a7a;\"><span class=\"ez-toc-section\" id=\"Clinica_e_diagnostico\"><\/span><strong>Cl\u00ednica e diagn\u00f3stico<\/strong><span class=\"ez-toc-section-end\"><\/span><\/h2>\n<p>\u00c9 comum que o primeiro sintoma da Contratura de Dupuytren seja a presen\u00e7a de\u00a0n\u00f3dulo palmar sens\u00edvel, geralmente em dedo anelar ou m\u00ednimo (4\u00ba e 5\u00ba quirod\u00e1ctilos). No in\u00edcio, pode ser doloroso mas tende a se tornar indolor. Em seguida, os\u00a0dedos passam a se curvar\u00a0mantendo uma posi\u00e7\u00e3o em garra.<\/p>\n<p>\u00a0<\/p>\n<p>Al\u00e9m disso, o\u00a0diagn\u00f3stico \u00e9 cl\u00ednico\u00a0e n\u00e3o requer exames de imagem para confirma\u00e7\u00e3o.<\/p>\t\t\n\t\t\t\t\t\t\t\t\t\t\t\t<figure>\n\t\t\t\t\t\t\t\t\t\t<img loading=\"lazy\" decoding=\"async\" width=\"800\" height=\"600\" src=\"https:\/\/www.grupomedcof.com.br\/blog\/wp-content\/uploads\/2023\/10\/Untitled-1-1024x768.png\" alt=\"ibromatose palmar, mol\u00e9stia de dupuytren, contratura palmar de dupuytren, contraturas de dupuytren, contratura palmar de dupuytren, doenca de dupuytren,\" srcset=\"https:\/\/www.grupomedcof.com.br\/blog\/wp-content\/uploads\/2023\/10\/Untitled-1-1024x768.png 1024w, https:\/\/www.grupomedcof.com.br\/blog\/wp-content\/uploads\/2023\/10\/Untitled-1-300x225.png 300w, https:\/\/www.grupomedcof.com.br\/blog\/wp-content\/uploads\/2023\/10\/Untitled-1-768x576.png 768w, https:\/\/www.grupomedcof.com.br\/blog\/wp-content\/uploads\/2023\/10\/Untitled-1.png 1200w\" sizes=\"auto, (max-width: 800px) 100vw, 800px\" \/>\t\t\t\t\t\t\t\t\t\t\t<figcaption>(Fonte: Google imagens).<\/figcaption>\n\t\t\t\t\t\t\t\t\t\t<\/figure>\n\t\t<h2 style=\"font-family: Poppins, sans-serif; color: #7a7a7a;\"><span class=\"ez-toc-section\" id=\"Contratura_de_Dupuytren_Conduta\"><\/span><strong>Contratura de Dupuytren: Conduta<\/strong><span class=\"ez-toc-section-end\"><\/span><\/h2>\n<p>Em n\u00f3dulos recentes, quando os dedos ainda n\u00e3o come\u00e7aram a contrair,\u00a0inje\u00e7\u00e3o local de corticoide\u00a0ajuda a diminuir a sensibilidade de maneira mais r\u00e1pida, tornando a les\u00e3o indolor. Por\u00e9m, o corticoide n\u00e3o retarda a progress\u00e3o do quadro.<\/p>\n<p>\u00a0<\/p>\n<p>Em n\u00f3dulos j\u00e1 cicatrizados,\u00a0inje\u00e7\u00f5es de colagenase\u00a0podem romper o tecido cicatricial formado, recuperando parcialmente ou totalmente a movimenta\u00e7\u00e3o do dedo acometido. Em casos mais graves da Contratura de Dupuytren, pode ser feita a\u00a0aponeurotomia com agulha\u00a0ou a\u00a0fasciectomia.<\/p>\t\t\n\t\t<h2 id=\"h-conquiste-a-aprovacao\" style=\"font-family: Poppins, sans-serif; color: #7a7a7a;\"><span class=\"ez-toc-section\" id=\"Conquiste_a_aprovacao\"><\/span>Conquiste a aprova\u00e7\u00e3o<span class=\"ez-toc-section-end\"><\/span><\/h2>\n<p>As provas de resid\u00eancia m\u00e9dica j\u00e1 come\u00e7aram!\u00a0Se voc\u00ea quer garantir a sua aprova\u00e7\u00e3o nesta resta final, ent\u00e3o conhe\u00e7a o\u00a0Grupo MedCof\u00a0e a metodologia que j\u00e1 aprovou mais de<a href=\"https:\/\/www.grupomedcof.com.br\/blog\/presenca-da-medcof-nas-aprovacoes-em-residencia-medica-no-brasil\/\" target=\"_blank\" rel=\"noreferrer noopener\">\u00a0<strong>10 mil residentes pelo pa\u00eds.<\/strong>\u00a0<\/a>Al\u00e9m disso, voc\u00ea pode acessar o nosso<strong>\u00a0<a href=\"https:\/\/www.youtube.com\/@GrupoMedcof\/featured\" target=\"_blank\" rel=\"noreferrer noopener\">canal do youtube<\/a>\u00a0<\/strong>e ver o nosso material de revis\u00e3o e corre\u00e7\u00e3o.<\/p>","protected":false},"excerpt":{"rendered":"<p>A contratura de Dupuytren (CD) ou fibromatose palmar \u00e9 o enrijecimento progressivo das f\u00e1scias no interior das palmas das m\u00e3os<\/p>\n","protected":false},"author":10,"featured_media":15345,"comment_status":"open","ping_status":"open","sticky":false,"template":"","format":"standard","meta":{"footnotes":""},"categories":[217,135],"tags":[208,118,279,117],"ppma_author":[3613],"class_list":{"0":"post-15344","1":"post","2":"type-post","3":"status-publish","4":"format-standard","5":"has-post-thumbnail","7":"category-aps","8":"category-cirurgia-geral","9":"tag-aps","10":"tag-cirurgia-geral","11":"tag-contratura-de-dupuytren","12":"tag-provas-de-residencia"},"yoast_head":"<!-- This site is optimized with the Yoast SEO Premium plugin v24.3 (Yoast SEO v27.4) - https:\/\/yoast.com\/product\/yoast-seo-premium-wordpress\/ -->\n<title>Contratura de Dupuytren: tudo o que voc\u00ea precisa saber - Blog de Medcof: conte\u00fados, editais, revalida e mais!<\/title>\n<meta name=\"description\" content=\"A Contratura de Dupuytren (CD) ou fibromatose palmar \u00e9 o enrijecimento progressivo das f\u00e1scias no interior das palmas das m\u00e3os...\" \/>\n<meta name=\"robots\" content=\"index, follow, max-snippet:-1, max-image-preview:large, max-video-preview:-1\" \/>\n<link rel=\"canonical\" href=\"https:\/\/www.grupomedcof.com.br\/blog\/contratura-de-dupuytren-tudo-o-que-voce-precisa-saber\/\" \/>\n<meta property=\"og:locale\" content=\"pt_BR\" \/>\n<meta property=\"og:type\" content=\"article\" \/>\n<meta property=\"og:title\" content=\"Contratura de Dupuytren: tudo o que voc\u00ea precisa saber\" \/>\n<meta property=\"og:description\" content=\"A Contratura de Dupuytren (CD) ou fibromatose palmar \u00e9 o enrijecimento progressivo das f\u00e1scias no interior das palmas das m\u00e3os...\" \/>\n<meta property=\"og:url\" content=\"https:\/\/www.grupomedcof.com.br\/blog\/contratura-de-dupuytren-tudo-o-que-voce-precisa-saber\/\" \/>\n<meta property=\"og:site_name\" content=\"Blog de Medcof: conte\u00fados, editais, revalida e mais!\" \/>\n<meta property=\"article:publisher\" content=\"https:\/\/www.facebook.com\/MedCofQbank\/\" \/>\n<meta property=\"article:published_time\" content=\"2023-10-18T13:47:52+00:00\" \/>\n<meta property=\"article:modified_time\" content=\"2024-12-03T20:18:11+00:00\" \/>\n<meta property=\"og:image\" content=\"https:\/\/www.grupomedcof.com.br\/blog\/wp-content\/uploads\/2023\/10\/Blog-MedCof-40-1024x576.png\" \/>\n\t<meta property=\"og:image:width\" content=\"1024\" \/>\n\t<meta property=\"og:image:height\" content=\"576\" \/>\n\t<meta property=\"og:image:type\" content=\"image\/png\" \/>\n<meta name=\"author\" content=\"Grupo MedCof\" \/>\n<meta name=\"twitter:card\" content=\"summary_large_image\" \/>\n<meta name=\"twitter:label1\" content=\"Escrito por\" \/>\n\t<meta name=\"twitter:data1\" content=\"Grupo MedCof\" \/>\n\t<meta name=\"twitter:label2\" content=\"Est. tempo de leitura\" \/>\n\t<meta name=\"twitter:data2\" content=\"5 minutos\" \/>\n<script type=\"application\/ld+json\" class=\"yoast-schema-graph\">{\"@context\":\"https:\\\/\\\/schema.org\",\"@graph\":[{\"@type\":\"Article\",\"@id\":\"https:\\\/\\\/www.grupomedcof.com.br\\\/blog\\\/contratura-de-dupuytren-tudo-o-que-voce-precisa-saber\\\/#article\",\"isPartOf\":{\"@id\":\"https:\\\/\\\/www.grupomedcof.com.br\\\/blog\\\/contratura-de-dupuytren-tudo-o-que-voce-precisa-saber\\\/\"},\"author\":{\"name\":\"Grupo MedCof\",\"@id\":\"https:\\\/\\\/www.grupomedcof.com.br\\\/blog\\\/#\\\/schema\\\/person\\\/5e56a3921255c01181f3d8c20d53f9c0\"},\"headline\":\"Contratura de Dupuytren: tudo o que voc\u00ea precisa saber\",\"datePublished\":\"2023-10-18T13:47:52+00:00\",\"dateModified\":\"2024-12-03T20:18:11+00:00\",\"mainEntityOfPage\":{\"@id\":\"https:\\\/\\\/www.grupomedcof.com.br\\\/blog\\\/contratura-de-dupuytren-tudo-o-que-voce-precisa-saber\\\/\"},\"wordCount\":403,\"commentCount\":0,\"publisher\":{\"@id\":\"https:\\\/\\\/www.grupomedcof.com.br\\\/blog\\\/#organization\"},\"image\":{\"@id\":\"https:\\\/\\\/www.grupomedcof.com.br\\\/blog\\\/contratura-de-dupuytren-tudo-o-que-voce-precisa-saber\\\/#primaryimage\"},\"thumbnailUrl\":\"https:\\\/\\\/www.grupomedcof.com.br\\\/blog\\\/wp-content\\\/uploads\\\/2023\\\/10\\\/Blog-MedCof-40.png\",\"keywords\":[\"APS\",\"Cirurgia Geral\",\"Contratura de Dupuytren\",\"Provas de Resid\u00eancia\"],\"articleSection\":[\"APS\",\"Cirurgia Geral\"],\"inLanguage\":\"pt-BR\"},{\"@type\":\"WebPage\",\"@id\":\"https:\\\/\\\/www.grupomedcof.com.br\\\/blog\\\/contratura-de-dupuytren-tudo-o-que-voce-precisa-saber\\\/\",\"url\":\"https:\\\/\\\/www.grupomedcof.com.br\\\/blog\\\/contratura-de-dupuytren-tudo-o-que-voce-precisa-saber\\\/\",\"name\":\"Contratura de Dupuytren: tudo o que voc\u00ea precisa saber - Blog de Medcof: conte\u00fados, editais, revalida e mais!\",\"isPartOf\":{\"@id\":\"https:\\\/\\\/www.grupomedcof.com.br\\\/blog\\\/#website\"},\"primaryImageOfPage\":{\"@id\":\"https:\\\/\\\/www.grupomedcof.com.br\\\/blog\\\/contratura-de-dupuytren-tudo-o-que-voce-precisa-saber\\\/#primaryimage\"},\"image\":{\"@id\":\"https:\\\/\\\/www.grupomedcof.com.br\\\/blog\\\/contratura-de-dupuytren-tudo-o-que-voce-precisa-saber\\\/#primaryimage\"},\"thumbnailUrl\":\"https:\\\/\\\/www.grupomedcof.com.br\\\/blog\\\/wp-content\\\/uploads\\\/2023\\\/10\\\/Blog-MedCof-40.png\",\"datePublished\":\"2023-10-18T13:47:52+00:00\",\"dateModified\":\"2024-12-03T20:18:11+00:00\",\"description\":\"A Contratura de Dupuytren (CD) ou fibromatose palmar \u00e9 o enrijecimento progressivo das f\u00e1scias no interior das palmas das m\u00e3os...\",\"breadcrumb\":{\"@id\":\"https:\\\/\\\/www.grupomedcof.com.br\\\/blog\\\/contratura-de-dupuytren-tudo-o-que-voce-precisa-saber\\\/#breadcrumb\"},\"inLanguage\":\"pt-BR\",\"potentialAction\":[{\"@type\":\"ReadAction\",\"target\":[\"https:\\\/\\\/www.grupomedcof.com.br\\\/blog\\\/contratura-de-dupuytren-tudo-o-que-voce-precisa-saber\\\/\"]}]},{\"@type\":\"ImageObject\",\"inLanguage\":\"pt-BR\",\"@id\":\"https:\\\/\\\/www.grupomedcof.com.br\\\/blog\\\/contratura-de-dupuytren-tudo-o-que-voce-precisa-saber\\\/#primaryimage\",\"url\":\"https:\\\/\\\/www.grupomedcof.com.br\\\/blog\\\/wp-content\\\/uploads\\\/2023\\\/10\\\/Blog-MedCof-40.png\",\"contentUrl\":\"https:\\\/\\\/www.grupomedcof.com.br\\\/blog\\\/wp-content\\\/uploads\\\/2023\\\/10\\\/Blog-MedCof-40.png\",\"width\":2560,\"height\":1440,\"caption\":\"A Contratura de Dupuytren (CD) ou fibromatose palmar \u00e9 o enrijecimento progressivo das f\u00e1scias no interior das palmas das m\u00e3os...\"},{\"@type\":\"BreadcrumbList\",\"@id\":\"https:\\\/\\\/www.grupomedcof.com.br\\\/blog\\\/contratura-de-dupuytren-tudo-o-que-voce-precisa-saber\\\/#breadcrumb\",\"itemListElement\":[{\"@type\":\"ListItem\",\"position\":1,\"name\":\"In\u00edcio\",\"item\":\"https:\\\/\\\/www.grupomedcof.com.br\\\/blog\\\/\"},{\"@type\":\"ListItem\",\"position\":2,\"name\":\"Contratura de Dupuytren: tudo o que voc\u00ea precisa saber\"}]},{\"@type\":\"WebSite\",\"@id\":\"https:\\\/\\\/www.grupomedcof.com.br\\\/blog\\\/#website\",\"url\":\"https:\\\/\\\/www.grupomedcof.com.br\\\/blog\\\/\",\"name\":\"Blog de Medcof: conte\u00fados, editais, revalida e mais!\",\"description\":\"Acesso o blog de MedCof! Seu portal de conte\u00fados sobre resid\u00eancia m\u00e9dica, an\u00e1lise e editais e muito mais. Clique e confira!\",\"publisher\":{\"@id\":\"https:\\\/\\\/www.grupomedcof.com.br\\\/blog\\\/#organization\"},\"alternateName\":\"Blog de Medcof: conte\u00fados, editais, revalida e mais!\",\"potentialAction\":[{\"@type\":\"SearchAction\",\"target\":{\"@type\":\"EntryPoint\",\"urlTemplate\":\"https:\\\/\\\/www.grupomedcof.com.br\\\/blog\\\/?s={search_term_string}\"},\"query-input\":{\"@type\":\"PropertyValueSpecification\",\"valueRequired\":true,\"valueName\":\"search_term_string\"}}],\"inLanguage\":\"pt-BR\"},{\"@type\":\"Organization\",\"@id\":\"https:\\\/\\\/www.grupomedcof.com.br\\\/blog\\\/#organization\",\"name\":\"Grupo MedCof\",\"url\":\"https:\\\/\\\/www.grupomedcof.com.br\\\/blog\\\/\",\"logo\":{\"@type\":\"ImageObject\",\"inLanguage\":\"pt-BR\",\"@id\":\"https:\\\/\\\/www.grupomedcof.com.br\\\/blog\\\/#\\\/schema\\\/logo\\\/image\\\/\",\"url\":\"https:\\\/\\\/www.grupomedcof.com.br\\\/blog\\\/wp-content\\\/uploads\\\/2022\\\/01\\\/logo-medcof.png\",\"contentUrl\":\"https:\\\/\\\/www.grupomedcof.com.br\\\/blog\\\/wp-content\\\/uploads\\\/2022\\\/01\\\/logo-medcof.png\",\"width\":768,\"height\":269,\"caption\":\"Grupo MedCof\"},\"image\":{\"@id\":\"https:\\\/\\\/www.grupomedcof.com.br\\\/blog\\\/#\\\/schema\\\/logo\\\/image\\\/\"},\"sameAs\":[\"https:\\\/\\\/www.facebook.com\\\/MedCofQbank\\\/\",\"https:\\\/\\\/www.instagram.com\\\/grupomedcof\\\/\",\"https:\\\/\\\/br.linkedin.com\\\/company\\\/medcof\",\"https:\\\/\\\/www.youtube.com\\\/channel\\\/UCdHMuOHKICxcHwecxN8P-AA\"]},{\"@type\":\"Person\",\"@id\":\"https:\\\/\\\/www.grupomedcof.com.br\\\/blog\\\/#\\\/schema\\\/person\\\/5e56a3921255c01181f3d8c20d53f9c0\",\"name\":\"Grupo MedCof\",\"image\":{\"@type\":\"ImageObject\",\"inLanguage\":\"pt-BR\",\"@id\":\"https:\\\/\\\/www.grupomedcof.com.br\\\/blog\\\/wp-content\\\/uploads\\\/2023\\\/04\\\/cropped-cropped-cropped-cropped-logo-96x96.png28585d174f19c23095510da5f63bc127\",\"url\":\"https:\\\/\\\/www.grupomedcof.com.br\\\/blog\\\/wp-content\\\/uploads\\\/2023\\\/04\\\/cropped-cropped-cropped-cropped-logo-96x96.png\",\"contentUrl\":\"https:\\\/\\\/www.grupomedcof.com.br\\\/blog\\\/wp-content\\\/uploads\\\/2023\\\/04\\\/cropped-cropped-cropped-cropped-logo-96x96.png\",\"caption\":\"Grupo MedCof\"},\"description\":\"Tendo aulas baseadas em quest\u00f5es, + de 115 subespecialistas dispon\u00edveis e uma metodologia \u00fanica, voc\u00ea pode se juntar ao nosso time que conta com mais de 10 mil ...\",\"url\":\"https:\\\/\\\/www.grupomedcof.com.br\\\/blog\\\/author\\\/grupo-medcof\\\/\"}]}<\/script>\n<!-- \/ Yoast SEO Premium plugin. -->","yoast_head_json":{"title":"Contratura de Dupuytren: tudo o que voc\u00ea precisa saber - Blog de Medcof: conte\u00fados, editais, revalida e mais!","description":"A Contratura de Dupuytren (CD) ou fibromatose palmar \u00e9 o enrijecimento progressivo das f\u00e1scias no interior das palmas das m\u00e3os...","robots":{"index":"index","follow":"follow","max-snippet":"max-snippet:-1","max-image-preview":"max-image-preview:large","max-video-preview":"max-video-preview:-1"},"canonical":"https:\/\/www.grupomedcof.com.br\/blog\/contratura-de-dupuytren-tudo-o-que-voce-precisa-saber\/","og_locale":"pt_BR","og_type":"article","og_title":"Contratura de Dupuytren: tudo o que voc\u00ea precisa saber","og_description":"A Contratura de Dupuytren (CD) ou fibromatose palmar \u00e9 o enrijecimento progressivo das f\u00e1scias no interior das palmas das m\u00e3os...","og_url":"https:\/\/www.grupomedcof.com.br\/blog\/contratura-de-dupuytren-tudo-o-que-voce-precisa-saber\/","og_site_name":"Blog de Medcof: conte\u00fados, editais, revalida e mais!","article_publisher":"https:\/\/www.facebook.com\/MedCofQbank\/","article_published_time":"2023-10-18T13:47:52+00:00","article_modified_time":"2024-12-03T20:18:11+00:00","og_image":[{"width":1024,"height":576,"url":"https:\/\/www.grupomedcof.com.br\/blog\/wp-content\/uploads\/2023\/10\/Blog-MedCof-40-1024x576.png","type":"image\/png"}],"author":"Grupo MedCof","twitter_card":"summary_large_image","twitter_misc":{"Escrito por":"Grupo MedCof","Est. tempo de leitura":"5 minutos"},"schema":{"@context":"https:\/\/schema.org","@graph":[{"@type":"Article","@id":"https:\/\/www.grupomedcof.com.br\/blog\/contratura-de-dupuytren-tudo-o-que-voce-precisa-saber\/#article","isPartOf":{"@id":"https:\/\/www.grupomedcof.com.br\/blog\/contratura-de-dupuytren-tudo-o-que-voce-precisa-saber\/"},"author":{"name":"Grupo MedCof","@id":"https:\/\/www.grupomedcof.com.br\/blog\/#\/schema\/person\/5e56a3921255c01181f3d8c20d53f9c0"},"headline":"Contratura de Dupuytren: tudo o que voc\u00ea precisa saber","datePublished":"2023-10-18T13:47:52+00:00","dateModified":"2024-12-03T20:18:11+00:00","mainEntityOfPage":{"@id":"https:\/\/www.grupomedcof.com.br\/blog\/contratura-de-dupuytren-tudo-o-que-voce-precisa-saber\/"},"wordCount":403,"commentCount":0,"publisher":{"@id":"https:\/\/www.grupomedcof.com.br\/blog\/#organization"},"image":{"@id":"https:\/\/www.grupomedcof.com.br\/blog\/contratura-de-dupuytren-tudo-o-que-voce-precisa-saber\/#primaryimage"},"thumbnailUrl":"https:\/\/www.grupomedcof.com.br\/blog\/wp-content\/uploads\/2023\/10\/Blog-MedCof-40.png","keywords":["APS","Cirurgia Geral","Contratura de Dupuytren","Provas de Resid\u00eancia"],"articleSection":["APS","Cirurgia Geral"],"inLanguage":"pt-BR"},{"@type":"WebPage","@id":"https:\/\/www.grupomedcof.com.br\/blog\/contratura-de-dupuytren-tudo-o-que-voce-precisa-saber\/","url":"https:\/\/www.grupomedcof.com.br\/blog\/contratura-de-dupuytren-tudo-o-que-voce-precisa-saber\/","name":"Contratura de Dupuytren: tudo o que voc\u00ea precisa saber - Blog de Medcof: conte\u00fados, editais, revalida e mais!","isPartOf":{"@id":"https:\/\/www.grupomedcof.com.br\/blog\/#website"},"primaryImageOfPage":{"@id":"https:\/\/www.grupomedcof.com.br\/blog\/contratura-de-dupuytren-tudo-o-que-voce-precisa-saber\/#primaryimage"},"image":{"@id":"https:\/\/www.grupomedcof.com.br\/blog\/contratura-de-dupuytren-tudo-o-que-voce-precisa-saber\/#primaryimage"},"thumbnailUrl":"https:\/\/www.grupomedcof.com.br\/blog\/wp-content\/uploads\/2023\/10\/Blog-MedCof-40.png","datePublished":"2023-10-18T13:47:52+00:00","dateModified":"2024-12-03T20:18:11+00:00","description":"A Contratura de Dupuytren (CD) ou fibromatose palmar \u00e9 o enrijecimento progressivo das f\u00e1scias no interior das palmas das m\u00e3os...","breadcrumb":{"@id":"https:\/\/www.grupomedcof.com.br\/blog\/contratura-de-dupuytren-tudo-o-que-voce-precisa-saber\/#breadcrumb"},"inLanguage":"pt-BR","potentialAction":[{"@type":"ReadAction","target":["https:\/\/www.grupomedcof.com.br\/blog\/contratura-de-dupuytren-tudo-o-que-voce-precisa-saber\/"]}]},{"@type":"ImageObject","inLanguage":"pt-BR","@id":"https:\/\/www.grupomedcof.com.br\/blog\/contratura-de-dupuytren-tudo-o-que-voce-precisa-saber\/#primaryimage","url":"https:\/\/www.grupomedcof.com.br\/blog\/wp-content\/uploads\/2023\/10\/Blog-MedCof-40.png","contentUrl":"https:\/\/www.grupomedcof.com.br\/blog\/wp-content\/uploads\/2023\/10\/Blog-MedCof-40.png","width":2560,"height":1440,"caption":"A Contratura de Dupuytren (CD) ou fibromatose palmar \u00e9 o enrijecimento progressivo das f\u00e1scias no interior das palmas das m\u00e3os..."},{"@type":"BreadcrumbList","@id":"https:\/\/www.grupomedcof.com.br\/blog\/contratura-de-dupuytren-tudo-o-que-voce-precisa-saber\/#breadcrumb","itemListElement":[{"@type":"ListItem","position":1,"name":"In\u00edcio","item":"https:\/\/www.grupomedcof.com.br\/blog\/"},{"@type":"ListItem","position":2,"name":"Contratura de Dupuytren: tudo o que voc\u00ea precisa saber"}]},{"@type":"WebSite","@id":"https:\/\/www.grupomedcof.com.br\/blog\/#website","url":"https:\/\/www.grupomedcof.com.br\/blog\/","name":"Blog de Medcof: conte\u00fados, editais, revalida e mais!","description":"Acesso o blog de MedCof! Seu portal de conte\u00fados sobre resid\u00eancia m\u00e9dica, an\u00e1lise e editais e muito mais. Clique e confira!","publisher":{"@id":"https:\/\/www.grupomedcof.com.br\/blog\/#organization"},"alternateName":"Blog de Medcof: conte\u00fados, editais, revalida e mais!","potentialAction":[{"@type":"SearchAction","target":{"@type":"EntryPoint","urlTemplate":"https:\/\/www.grupomedcof.com.br\/blog\/?s={search_term_string}"},"query-input":{"@type":"PropertyValueSpecification","valueRequired":true,"valueName":"search_term_string"}}],"inLanguage":"pt-BR"},{"@type":"Organization","@id":"https:\/\/www.grupomedcof.com.br\/blog\/#organization","name":"Grupo MedCof","url":"https:\/\/www.grupomedcof.com.br\/blog\/","logo":{"@type":"ImageObject","inLanguage":"pt-BR","@id":"https:\/\/www.grupomedcof.com.br\/blog\/#\/schema\/logo\/image\/","url":"https:\/\/www.grupomedcof.com.br\/blog\/wp-content\/uploads\/2022\/01\/logo-medcof.png","contentUrl":"https:\/\/www.grupomedcof.com.br\/blog\/wp-content\/uploads\/2022\/01\/logo-medcof.png","width":768,"height":269,"caption":"Grupo MedCof"},"image":{"@id":"https:\/\/www.grupomedcof.com.br\/blog\/#\/schema\/logo\/image\/"},"sameAs":["https:\/\/www.facebook.com\/MedCofQbank\/","https:\/\/www.instagram.com\/grupomedcof\/","https:\/\/br.linkedin.com\/company\/medcof","https:\/\/www.youtube.com\/channel\/UCdHMuOHKICxcHwecxN8P-AA"]},{"@type":"Person","@id":"https:\/\/www.grupomedcof.com.br\/blog\/#\/schema\/person\/5e56a3921255c01181f3d8c20d53f9c0","name":"Grupo MedCof","image":{"@type":"ImageObject","inLanguage":"pt-BR","@id":"https:\/\/www.grupomedcof.com.br\/blog\/wp-content\/uploads\/2023\/04\/cropped-cropped-cropped-cropped-logo-96x96.png28585d174f19c23095510da5f63bc127","url":"https:\/\/www.grupomedcof.com.br\/blog\/wp-content\/uploads\/2023\/04\/cropped-cropped-cropped-cropped-logo-96x96.png","contentUrl":"https:\/\/www.grupomedcof.com.br\/blog\/wp-content\/uploads\/2023\/04\/cropped-cropped-cropped-cropped-logo-96x96.png","caption":"Grupo MedCof"},"description":"Tendo aulas baseadas em quest\u00f5es, + de 115 subespecialistas dispon\u00edveis e uma metodologia \u00fanica, voc\u00ea pode se juntar ao nosso time que conta com mais de 10 mil ...","url":"https:\/\/www.grupomedcof.com.br\/blog\/author\/grupo-medcof\/"}]}},"authors":[{"term_id":3613,"user_id":10,"is_guest":0,"slug":"grupo-medcof","display_name":"Grupo MedCof","avatar_url":"https:\/\/www.grupomedcof.com.br\/blog\/wp-content\/uploads\/2023\/04\/cropped-cropped-cropped-cropped-logo-96x96.png","0":null,"1":"","2":"","3":"","4":"","5":"","6":"","7":"","8":""}],"_links":{"self":[{"href":"https:\/\/www.grupomedcof.com.br\/blog\/wp-json\/wp\/v2\/posts\/15344","targetHints":{"allow":["GET"]}}],"collection":[{"href":"https:\/\/www.grupomedcof.com.br\/blog\/wp-json\/wp\/v2\/posts"}],"about":[{"href":"https:\/\/www.grupomedcof.com.br\/blog\/wp-json\/wp\/v2\/types\/post"}],"author":[{"embeddable":true,"href":"https:\/\/www.grupomedcof.com.br\/blog\/wp-json\/wp\/v2\/users\/10"}],"replies":[{"embeddable":true,"href":"https:\/\/www.grupomedcof.com.br\/blog\/wp-json\/wp\/v2\/comments?post=15344"}],"version-history":[{"count":0,"href":"https:\/\/www.grupomedcof.com.br\/blog\/wp-json\/wp\/v2\/posts\/15344\/revisions"}],"wp:featuredmedia":[{"embeddable":true,"href":"https:\/\/www.grupomedcof.com.br\/blog\/wp-json\/wp\/v2\/media\/15345"}],"wp:attachment":[{"href":"https:\/\/www.grupomedcof.com.br\/blog\/wp-json\/wp\/v2\/media?parent=15344"}],"wp:term":[{"taxonomy":"category","embeddable":true,"href":"https:\/\/www.grupomedcof.com.br\/blog\/wp-json\/wp\/v2\/categories?post=15344"},{"taxonomy":"post_tag","embeddable":true,"href":"https:\/\/www.grupomedcof.com.br\/blog\/wp-json\/wp\/v2\/tags?post=15344"},{"taxonomy":"author","embeddable":true,"href":"https:\/\/www.grupomedcof.com.br\/blog\/wp-json\/wp\/v2\/ppma_author?post=15344"}],"curies":[{"name":"wp","href":"https:\/\/api.w.org\/{rel}","templated":true}]}}