{"id":1553,"date":"2022-08-05T09:07:20","date_gmt":"2022-08-05T12:07:20","guid":{"rendered":"https:\/\/www.grupomedcof.com.br\/blog\/?p=1553"},"modified":"2022-08-05T09:07:20","modified_gmt":"2022-08-05T12:07:20","slug":"oswaldo-cruz-150-anos-de-seu-nascimento","status":"publish","type":"post","link":"https:\/\/www.grupomedcof.com.br\/blog\/oswaldo-cruz-150-anos-de-seu-nascimento\/","title":{"rendered":"Oswaldo Cruz: 150 anos de seu nascimento."},"content":{"rendered":"<ul>\n<li><a data-sharer=\"facebook\" data-url=\"https:\/\/www.grupomedcof.com.br\/blog\/oswaldo-cruz-150-anos-de-seu-nascimento\/\" data-hashtags=\"\" data-title=\"\" data-image=\"\" data-to=\"\" data-subject=\"\">\u00a0<\/a><\/li>\n<li><a data-sharer=\"twitter\" data-url=\"https:\/\/www.grupomedcof.com.br\/blog\/oswaldo-cruz-150-anos-de-seu-nascimento\/\" data-hashtags=\"\" data-title=\"\" data-image=\"\" data-to=\"\" data-subject=\"\">\u00a0<\/a><\/li>\n<li><a data-sharer=\"linkedin\" data-url=\"https:\/\/www.grupomedcof.com.br\/blog\/oswaldo-cruz-150-anos-de-seu-nascimento\/\" data-hashtags=\"\" data-title=\"\" data-image=\"\" data-to=\"\" data-subject=\"\">\u00a0<\/a><\/li>\n<li><a data-sharer=\"whatsapp\" data-url=\"https:\/\/www.grupomedcof.com.br\/blog\/oswaldo-cruz-150-anos-de-seu-nascimento\/\" data-hashtags=\"\" data-title=\"\" data-image=\"\" data-to=\"\" data-subject=\"\">\u00a0<\/a><\/li>\n<\/ul>\n<h2>Oswaldo Cruz: 150 anos de seu nascimento<\/h2>\n<p><img loading=\"lazy\" decoding=\"async\" src=\"https:\/\/www.grupomedcof.com.br\/blog\/wp-content\/uploads\/2022\/08\/OSWALDO-CRUZ-150-ANOS-1-1-1-1-1-1-1-768x432.png\" sizes=\"auto, (max-width: 768px) 100vw, 768px\" srcset=\"https:\/\/www.grupomedcof.com.br\/blog\/wp-content\/uploads\/2022\/08\/OSWALDO-CRUZ-150-ANOS-1-1-1-1-1-1-1-768x432.png 768w, https:\/\/www.grupomedcof.com.br\/blog\/wp-content\/uploads\/2022\/08\/OSWALDO-CRUZ-150-ANOS-1-1-1-1-1-1-1-300x169.png 300w, https:\/\/www.grupomedcof.com.br\/blog\/wp-content\/uploads\/2022\/08\/OSWALDO-CRUZ-150-ANOS-1-1-1-1-1-1-1-1024x576.png 1024w, https:\/\/www.grupomedcof.com.br\/blog\/wp-content\/uploads\/2022\/08\/OSWALDO-CRUZ-150-ANOS-1-1-1-1-1-1-1-1536x864.png 1536w, https:\/\/www.grupomedcof.com.br\/blog\/wp-content\/uploads\/2022\/08\/OSWALDO-CRUZ-150-ANOS-1-1-1-1-1-1-1-2048x1152.png 2048w\" alt=\"Oswaldo Cruz\" width=\"768\" height=\"432\" \/><\/p>\n<p>No dia 05 de agosto \u00e9 comemorado o <strong>Dia Nacional da Sa\u00fade<\/strong>, data escolhida em homenagem a <strong>Oswaldo Cruz<\/strong>. Mas quem foi ele e qual a sua import\u00e2ncia para a sa\u00fade no Brasil?<\/p>\n<p>Oswaldo Gon\u00e7alves Cruz foi um m\u00e9dico bacteriologista, epidemiologista e sanitarista com estudos pioneiros das doen\u00e7as tropicais no Brasil e hoje completam-se 150 anos de seu nascimento.<\/p>\n<p>O m\u00e9dico nasceu em 05 de agosto de 1872 em S\u00e3o Luiz do Paraitinga, S\u00e3o Paulo. Em 1892 formou-se em Medicina na Faculdade de Medicina do Rio de Janeiro, onde apresentou sua tese sobre veicula\u00e7\u00e3o microbiana pelas \u00e1guas.<\/p>\n<p>Esse interesse por microbiologia levou o m\u00e9dico e cientista a montar um laborat\u00f3rio no por\u00e3o de sua casa. Em 1897, o mesmo viajou at\u00e9 Paris, onde deu continuidade aos seus estudos na \u00e1rea da microbiologia, al\u00e9m de soroterapia e imunologia &#8211; atrav\u00e9s do Instituto Pasteur &#8211; e medicina legal &#8211; no Instituto de Toxicologia.<\/p>\n<p>Ao retornar para o Brasil iniciou suas atividades como diretor t\u00e9cnico do Instituto Soroter\u00e1pico Nacional, onde posteriormente trabalhou em uma campanha sanit\u00e1ria visando o combate \u00e0s principais doen\u00e7as presentes na capital na \u00e9poca, como a febre amarela, a peste bub\u00f4nica e a var\u00edola, isolando os doentes, capturando os vetores das enfermidades e desinfectando as resid\u00eancias nas \u00e1reas de foco.<\/p>\n<p>Sofreu violenta oposi\u00e7\u00e3o popular ao implementar uma nova perspectiva de combate \u00e0 febre amarela, focando nas medidas sanit\u00e1rias dos arredores para eliminar focos de insetos, ao inv\u00e9s de seguir com a linha de pensamento que se acreditava at\u00e9 ent\u00e3o \u2013 que a transmiss\u00e3o se devia ao contato com roupas e secre\u00e7\u00f5es das pessoas doentes, ao inv\u00e9s da picada de um mosquito.<\/p>\n<p>Em 1904, com o aumento dos surtos de var\u00edola, o m\u00e9dico tentou incentivar a vacina\u00e7\u00e3o em massa, por\u00e9m jornais lan\u00e7aram uma campanha contra as medidas propostas levando a uma rebeli\u00e3o popular na semana de 10 a 16 de novembro, conhecida como a Revolta da Vacina, que acabou por suspender a obrigatoriedade da vacina. A febre amarela foi erradicada do Rio de Janeiro em 1907, por\u00e9m no ano seguinte houve uma nova epidemia que levou \u00e0 procura das vacinas nos postos pela popula\u00e7\u00e3o.<\/p>\n<p>Oswaldo Cruz recebeu uma medalha de ouro no 14\u00ba Congresso Internacional de Higiene e Demografia de Berlim, reformou o C\u00f3digo Sanit\u00e1rio e reestruturou os \u00f3rg\u00e3os de sa\u00fade e higiene de todo o pa\u00eds. Foi recepcionado como her\u00f3i nacional e o Instituto Soroter\u00e1pico Nacional passou a ser chama de Instituto Oswaldo Cruz.<\/p>\n<figure><img loading=\"lazy\" decoding=\"async\" src=\"https:\/\/www.grupomedcof.com.br\/blog\/wp-content\/uploads\/2022\/08\/FOCOC4-5-1-768x551.jpg\" sizes=\"auto, (max-width: 768px) 100vw, 768px\" srcset=\"https:\/\/www.grupomedcof.com.br\/blog\/wp-content\/uploads\/2022\/08\/FOCOC4-5-1-768x551.jpg 768w, https:\/\/www.grupomedcof.com.br\/blog\/wp-content\/uploads\/2022\/08\/FOCOC4-5-1-300x215.jpg 300w, https:\/\/www.grupomedcof.com.br\/blog\/wp-content\/uploads\/2022\/08\/FOCOC4-5-1.jpg 1024w\" alt=\"Oswaldo Cruz\" width=\"768\" height=\"551\" \/><figcaption>Cientistas reunidos no Instituto Oswaldo Cruz. Fonte: Funda\u00e7\u00e3o Oswaldo Cruz.<\/figcaption><\/figure>\n<p>Foi eleito para a Academia Brasileira de Letras em 1913, cavalheiro da Legi\u00e3o de Honra da Fran\u00e7a e em 1916 ajudou a fundar a Academia Brasileira de Ci\u00eancias, mesmo ano em que elegeu-se prefeito de Petr\u00f3polis, deixando a dire\u00e7\u00e3o do Instituto Oswaldo Cruz por motivos de sa\u00fade e focando nos planos de urbaniza\u00e7\u00e3o da cidade, por\u00e9m n\u00e3o conseguiu ver esses planos concretizados, vindo a falecer em fevereiro de 1917 devido a uma crise de insufici\u00eancia renal.<\/p>\n<p>Quer ser avisado sempre que sair um novo post? Inscreva-se na nossa <em>newsletter<\/em>!<\/p>\n","protected":false},"excerpt":{"rendered":"<p>\u00a0 \u00a0 \u00a0 \u00a0 Oswaldo Cruz: 150 anos de seu nascimento No dia 05 de agosto \u00e9 comemorado o Dia Nacional da Sa\u00fade, data escolhida em homenagem a Oswaldo Cruz. Mas quem foi ele e qual a sua import\u00e2ncia para a sa\u00fade no Brasil? Oswaldo Gon\u00e7alves Cruz foi um m\u00e9dico bacteriologista, epidemiologista e sanitarista com [&hellip;]<\/p>\n","protected":false},"author":2,"featured_media":1558,"comment_status":"open","ping_status":"open","sticky":false,"template":"","format":"standard","meta":{"footnotes":""},"categories":[21],"tags":[63,119],"ppma_author":[3612],"class_list":{"0":"post-1553","1":"post","2":"type-post","3":"status-publish","4":"format-standard","5":"has-post-thumbnail","7":"category-historia-cultura-comportamento","8":"tag-figuras-historicas-da-medicina","9":"tag-oswaldo-cruz"},"yoast_head":"<!-- This site is optimized with the Yoast SEO Premium plugin v24.3 (Yoast SEO v27.4) - https:\/\/yoast.com\/product\/yoast-seo-premium-wordpress\/ -->\n<title>Oswaldo Cruz: 150 anos de seu nascimento. - Blog de Medcof: conte\u00fados, editais, revalida e mais!<\/title>\n<meta name=\"description\" content=\"Oswaldo Cruz foi um m\u00e9dico bacteriologista, epidemiologista e sanitarista e hoje completam-se 150 anos de seu nascimento. Conhe\u00e7a mais!\" \/>\n<meta name=\"robots\" content=\"index, follow, max-snippet:-1, max-image-preview:large, max-video-preview:-1\" \/>\n<link rel=\"canonical\" href=\"https:\/\/www.grupomedcof.com.br\/blog\/oswaldo-cruz-150-anos-de-seu-nascimento\/\" \/>\n<meta property=\"og:locale\" content=\"pt_BR\" \/>\n<meta property=\"og:type\" content=\"article\" \/>\n<meta property=\"og:title\" content=\"Oswaldo Cruz: 150 anos de seu nascimento.\" \/>\n<meta property=\"og:description\" content=\"Oswaldo Cruz foi um m\u00e9dico bacteriologista, epidemiologista e sanitarista e hoje completam-se 150 anos de seu nascimento. Conhe\u00e7a mais!\" \/>\n<meta property=\"og:url\" content=\"https:\/\/www.grupomedcof.com.br\/blog\/oswaldo-cruz-150-anos-de-seu-nascimento\/\" \/>\n<meta property=\"og:site_name\" content=\"Blog de Medcof: conte\u00fados, editais, revalida e mais!\" \/>\n<meta property=\"article:publisher\" content=\"https:\/\/www.facebook.com\/MedCofQbank\/\" \/>\n<meta property=\"article:published_time\" content=\"2022-08-05T12:07:20+00:00\" \/>\n<meta property=\"og:image\" content=\"https:\/\/www.grupomedcof.com.br\/blog\/wp-content\/uploads\/2022\/08\/OSWALDO-CRUZ-150-ANOS-1-1-1-1-1-1-1.png\" \/>\n\t<meta property=\"og:image:width\" content=\"2240\" \/>\n\t<meta property=\"og:image:height\" content=\"1260\" \/>\n\t<meta property=\"og:image:type\" content=\"image\/png\" \/>\n<meta name=\"author\" content=\"Patr\u00edcia Oliveira\" \/>\n<meta name=\"twitter:card\" content=\"summary_large_image\" \/>\n<meta name=\"twitter:label1\" content=\"Escrito por\" \/>\n\t<meta name=\"twitter:data1\" content=\"Patr\u00edcia Oliveira\" \/>\n\t<meta name=\"twitter:label2\" content=\"Est. tempo de leitura\" \/>\n\t<meta name=\"twitter:data2\" content=\"4 minutos\" \/>\n<script type=\"application\/ld+json\" class=\"yoast-schema-graph\">{\"@context\":\"https:\\\/\\\/schema.org\",\"@graph\":[{\"@type\":\"Article\",\"@id\":\"https:\\\/\\\/www.grupomedcof.com.br\\\/blog\\\/oswaldo-cruz-150-anos-de-seu-nascimento\\\/#article\",\"isPartOf\":{\"@id\":\"https:\\\/\\\/www.grupomedcof.com.br\\\/blog\\\/oswaldo-cruz-150-anos-de-seu-nascimento\\\/\"},\"author\":{\"name\":\"Patr\u00edcia Oliveira\",\"@id\":\"https:\\\/\\\/www.grupomedcof.com.br\\\/blog\\\/#\\\/schema\\\/person\\\/7a655db4c3da9796e0166bf55a9ea53a\"},\"headline\":\"Oswaldo Cruz: 150 anos de seu nascimento.\",\"datePublished\":\"2022-08-05T12:07:20+00:00\",\"mainEntityOfPage\":{\"@id\":\"https:\\\/\\\/www.grupomedcof.com.br\\\/blog\\\/oswaldo-cruz-150-anos-de-seu-nascimento\\\/\"},\"wordCount\":552,\"commentCount\":0,\"publisher\":{\"@id\":\"https:\\\/\\\/www.grupomedcof.com.br\\\/blog\\\/#organization\"},\"image\":{\"@id\":\"https:\\\/\\\/www.grupomedcof.com.br\\\/blog\\\/oswaldo-cruz-150-anos-de-seu-nascimento\\\/#primaryimage\"},\"thumbnailUrl\":\"https:\\\/\\\/www.grupomedcof.com.br\\\/blog\\\/wp-content\\\/uploads\\\/2022\\\/08\\\/OSWALDO-CRUZ-150-ANOS-1-1-1-1-1-1-1.png\",\"keywords\":[\"Figuras Hist\u00f3ricas da Medicina\",\"Oswaldo Cruz\"],\"articleSection\":[\"Hist\u00f3ria\\\/Cultura\\\/Comportamento\"],\"inLanguage\":\"pt-BR\"},{\"@type\":\"WebPage\",\"@id\":\"https:\\\/\\\/www.grupomedcof.com.br\\\/blog\\\/oswaldo-cruz-150-anos-de-seu-nascimento\\\/\",\"url\":\"https:\\\/\\\/www.grupomedcof.com.br\\\/blog\\\/oswaldo-cruz-150-anos-de-seu-nascimento\\\/\",\"name\":\"Oswaldo Cruz: 150 anos de seu nascimento. - Blog de Medcof: conte\u00fados, editais, revalida e mais!\",\"isPartOf\":{\"@id\":\"https:\\\/\\\/www.grupomedcof.com.br\\\/blog\\\/#website\"},\"primaryImageOfPage\":{\"@id\":\"https:\\\/\\\/www.grupomedcof.com.br\\\/blog\\\/oswaldo-cruz-150-anos-de-seu-nascimento\\\/#primaryimage\"},\"image\":{\"@id\":\"https:\\\/\\\/www.grupomedcof.com.br\\\/blog\\\/oswaldo-cruz-150-anos-de-seu-nascimento\\\/#primaryimage\"},\"thumbnailUrl\":\"https:\\\/\\\/www.grupomedcof.com.br\\\/blog\\\/wp-content\\\/uploads\\\/2022\\\/08\\\/OSWALDO-CRUZ-150-ANOS-1-1-1-1-1-1-1.png\",\"datePublished\":\"2022-08-05T12:07:20+00:00\",\"description\":\"Oswaldo Cruz foi um m\u00e9dico bacteriologista, epidemiologista e sanitarista e hoje completam-se 150 anos de seu nascimento. Conhe\u00e7a mais!\",\"breadcrumb\":{\"@id\":\"https:\\\/\\\/www.grupomedcof.com.br\\\/blog\\\/oswaldo-cruz-150-anos-de-seu-nascimento\\\/#breadcrumb\"},\"inLanguage\":\"pt-BR\",\"potentialAction\":[{\"@type\":\"ReadAction\",\"target\":[\"https:\\\/\\\/www.grupomedcof.com.br\\\/blog\\\/oswaldo-cruz-150-anos-de-seu-nascimento\\\/\"]}]},{\"@type\":\"ImageObject\",\"inLanguage\":\"pt-BR\",\"@id\":\"https:\\\/\\\/www.grupomedcof.com.br\\\/blog\\\/oswaldo-cruz-150-anos-de-seu-nascimento\\\/#primaryimage\",\"url\":\"https:\\\/\\\/www.grupomedcof.com.br\\\/blog\\\/wp-content\\\/uploads\\\/2022\\\/08\\\/OSWALDO-CRUZ-150-ANOS-1-1-1-1-1-1-1.png\",\"contentUrl\":\"https:\\\/\\\/www.grupomedcof.com.br\\\/blog\\\/wp-content\\\/uploads\\\/2022\\\/08\\\/OSWALDO-CRUZ-150-ANOS-1-1-1-1-1-1-1.png\",\"width\":2240,\"height\":1260,\"caption\":\"Oswaldo Cruz\"},{\"@type\":\"BreadcrumbList\",\"@id\":\"https:\\\/\\\/www.grupomedcof.com.br\\\/blog\\\/oswaldo-cruz-150-anos-de-seu-nascimento\\\/#breadcrumb\",\"itemListElement\":[{\"@type\":\"ListItem\",\"position\":1,\"name\":\"In\u00edcio\",\"item\":\"https:\\\/\\\/www.grupomedcof.com.br\\\/blog\\\/\"},{\"@type\":\"ListItem\",\"position\":2,\"name\":\"Oswaldo Cruz: 150 anos de seu nascimento.\"}]},{\"@type\":\"WebSite\",\"@id\":\"https:\\\/\\\/www.grupomedcof.com.br\\\/blog\\\/#website\",\"url\":\"https:\\\/\\\/www.grupomedcof.com.br\\\/blog\\\/\",\"name\":\"Blog de Medcof: conte\u00fados, editais, revalida e mais!\",\"description\":\"Acesso o blog de MedCof! Seu portal de conte\u00fados sobre resid\u00eancia m\u00e9dica, an\u00e1lise e editais e muito mais. Clique e confira!\",\"publisher\":{\"@id\":\"https:\\\/\\\/www.grupomedcof.com.br\\\/blog\\\/#organization\"},\"alternateName\":\"Blog de Medcof: conte\u00fados, editais, revalida e mais!\",\"potentialAction\":[{\"@type\":\"SearchAction\",\"target\":{\"@type\":\"EntryPoint\",\"urlTemplate\":\"https:\\\/\\\/www.grupomedcof.com.br\\\/blog\\\/?s={search_term_string}\"},\"query-input\":{\"@type\":\"PropertyValueSpecification\",\"valueRequired\":true,\"valueName\":\"search_term_string\"}}],\"inLanguage\":\"pt-BR\"},{\"@type\":\"Organization\",\"@id\":\"https:\\\/\\\/www.grupomedcof.com.br\\\/blog\\\/#organization\",\"name\":\"Grupo MedCof\",\"url\":\"https:\\\/\\\/www.grupomedcof.com.br\\\/blog\\\/\",\"logo\":{\"@type\":\"ImageObject\",\"inLanguage\":\"pt-BR\",\"@id\":\"https:\\\/\\\/www.grupomedcof.com.br\\\/blog\\\/#\\\/schema\\\/logo\\\/image\\\/\",\"url\":\"https:\\\/\\\/www.grupomedcof.com.br\\\/blog\\\/wp-content\\\/uploads\\\/2022\\\/01\\\/logo-medcof.png\",\"contentUrl\":\"https:\\\/\\\/www.grupomedcof.com.br\\\/blog\\\/wp-content\\\/uploads\\\/2022\\\/01\\\/logo-medcof.png\",\"width\":768,\"height\":269,\"caption\":\"Grupo MedCof\"},\"image\":{\"@id\":\"https:\\\/\\\/www.grupomedcof.com.br\\\/blog\\\/#\\\/schema\\\/logo\\\/image\\\/\"},\"sameAs\":[\"https:\\\/\\\/www.facebook.com\\\/MedCofQbank\\\/\",\"https:\\\/\\\/www.instagram.com\\\/grupomedcof\\\/\",\"https:\\\/\\\/br.linkedin.com\\\/company\\\/medcof\",\"https:\\\/\\\/www.youtube.com\\\/channel\\\/UCdHMuOHKICxcHwecxN8P-AA\"]},{\"@type\":\"Person\",\"@id\":\"https:\\\/\\\/www.grupomedcof.com.br\\\/blog\\\/#\\\/schema\\\/person\\\/7a655db4c3da9796e0166bf55a9ea53a\",\"name\":\"Patr\u00edcia Oliveira\",\"image\":{\"@type\":\"ImageObject\",\"inLanguage\":\"pt-BR\",\"@id\":\"https:\\\/\\\/www.grupomedcof.com.br\\\/blog\\\/wp-content\\\/uploads\\\/2022\\\/03\\\/furacao-96x96.png19e0d43e5696aaa42a3bb896953b331f\",\"url\":\"https:\\\/\\\/www.grupomedcof.com.br\\\/blog\\\/wp-content\\\/uploads\\\/2022\\\/03\\\/furacao-96x96.png\",\"contentUrl\":\"https:\\\/\\\/www.grupomedcof.com.br\\\/blog\\\/wp-content\\\/uploads\\\/2022\\\/03\\\/furacao-96x96.png\",\"caption\":\"Patr\u00edcia Oliveira\"},\"sameAs\":[\"https:\\\/\\\/www.grupomedcof.com.br\\\/\"],\"url\":\"https:\\\/\\\/www.grupomedcof.com.br\\\/blog\\\/author\\\/patricia\\\/\"}]}<\/script>\n<!-- \/ Yoast SEO Premium plugin. -->","yoast_head_json":{"title":"Oswaldo Cruz: 150 anos de seu nascimento. - Blog de Medcof: conte\u00fados, editais, revalida e mais!","description":"Oswaldo Cruz foi um m\u00e9dico bacteriologista, epidemiologista e sanitarista e hoje completam-se 150 anos de seu nascimento. Conhe\u00e7a mais!","robots":{"index":"index","follow":"follow","max-snippet":"max-snippet:-1","max-image-preview":"max-image-preview:large","max-video-preview":"max-video-preview:-1"},"canonical":"https:\/\/www.grupomedcof.com.br\/blog\/oswaldo-cruz-150-anos-de-seu-nascimento\/","og_locale":"pt_BR","og_type":"article","og_title":"Oswaldo Cruz: 150 anos de seu nascimento.","og_description":"Oswaldo Cruz foi um m\u00e9dico bacteriologista, epidemiologista e sanitarista e hoje completam-se 150 anos de seu nascimento. Conhe\u00e7a mais!","og_url":"https:\/\/www.grupomedcof.com.br\/blog\/oswaldo-cruz-150-anos-de-seu-nascimento\/","og_site_name":"Blog de Medcof: conte\u00fados, editais, revalida e mais!","article_publisher":"https:\/\/www.facebook.com\/MedCofQbank\/","article_published_time":"2022-08-05T12:07:20+00:00","og_image":[{"width":2240,"height":1260,"url":"https:\/\/www.grupomedcof.com.br\/blog\/wp-content\/uploads\/2022\/08\/OSWALDO-CRUZ-150-ANOS-1-1-1-1-1-1-1.png","type":"image\/png"}],"author":"Patr\u00edcia Oliveira","twitter_card":"summary_large_image","twitter_misc":{"Escrito por":"Patr\u00edcia Oliveira","Est. tempo de leitura":"4 minutos"},"schema":{"@context":"https:\/\/schema.org","@graph":[{"@type":"Article","@id":"https:\/\/www.grupomedcof.com.br\/blog\/oswaldo-cruz-150-anos-de-seu-nascimento\/#article","isPartOf":{"@id":"https:\/\/www.grupomedcof.com.br\/blog\/oswaldo-cruz-150-anos-de-seu-nascimento\/"},"author":{"name":"Patr\u00edcia Oliveira","@id":"https:\/\/www.grupomedcof.com.br\/blog\/#\/schema\/person\/7a655db4c3da9796e0166bf55a9ea53a"},"headline":"Oswaldo Cruz: 150 anos de seu nascimento.","datePublished":"2022-08-05T12:07:20+00:00","mainEntityOfPage":{"@id":"https:\/\/www.grupomedcof.com.br\/blog\/oswaldo-cruz-150-anos-de-seu-nascimento\/"},"wordCount":552,"commentCount":0,"publisher":{"@id":"https:\/\/www.grupomedcof.com.br\/blog\/#organization"},"image":{"@id":"https:\/\/www.grupomedcof.com.br\/blog\/oswaldo-cruz-150-anos-de-seu-nascimento\/#primaryimage"},"thumbnailUrl":"https:\/\/www.grupomedcof.com.br\/blog\/wp-content\/uploads\/2022\/08\/OSWALDO-CRUZ-150-ANOS-1-1-1-1-1-1-1.png","keywords":["Figuras Hist\u00f3ricas da Medicina","Oswaldo Cruz"],"articleSection":["Hist\u00f3ria\/Cultura\/Comportamento"],"inLanguage":"pt-BR"},{"@type":"WebPage","@id":"https:\/\/www.grupomedcof.com.br\/blog\/oswaldo-cruz-150-anos-de-seu-nascimento\/","url":"https:\/\/www.grupomedcof.com.br\/blog\/oswaldo-cruz-150-anos-de-seu-nascimento\/","name":"Oswaldo Cruz: 150 anos de seu nascimento. - Blog de Medcof: conte\u00fados, editais, revalida e mais!","isPartOf":{"@id":"https:\/\/www.grupomedcof.com.br\/blog\/#website"},"primaryImageOfPage":{"@id":"https:\/\/www.grupomedcof.com.br\/blog\/oswaldo-cruz-150-anos-de-seu-nascimento\/#primaryimage"},"image":{"@id":"https:\/\/www.grupomedcof.com.br\/blog\/oswaldo-cruz-150-anos-de-seu-nascimento\/#primaryimage"},"thumbnailUrl":"https:\/\/www.grupomedcof.com.br\/blog\/wp-content\/uploads\/2022\/08\/OSWALDO-CRUZ-150-ANOS-1-1-1-1-1-1-1.png","datePublished":"2022-08-05T12:07:20+00:00","description":"Oswaldo Cruz foi um m\u00e9dico bacteriologista, epidemiologista e sanitarista e hoje completam-se 150 anos de seu nascimento. Conhe\u00e7a mais!","breadcrumb":{"@id":"https:\/\/www.grupomedcof.com.br\/blog\/oswaldo-cruz-150-anos-de-seu-nascimento\/#breadcrumb"},"inLanguage":"pt-BR","potentialAction":[{"@type":"ReadAction","target":["https:\/\/www.grupomedcof.com.br\/blog\/oswaldo-cruz-150-anos-de-seu-nascimento\/"]}]},{"@type":"ImageObject","inLanguage":"pt-BR","@id":"https:\/\/www.grupomedcof.com.br\/blog\/oswaldo-cruz-150-anos-de-seu-nascimento\/#primaryimage","url":"https:\/\/www.grupomedcof.com.br\/blog\/wp-content\/uploads\/2022\/08\/OSWALDO-CRUZ-150-ANOS-1-1-1-1-1-1-1.png","contentUrl":"https:\/\/www.grupomedcof.com.br\/blog\/wp-content\/uploads\/2022\/08\/OSWALDO-CRUZ-150-ANOS-1-1-1-1-1-1-1.png","width":2240,"height":1260,"caption":"Oswaldo Cruz"},{"@type":"BreadcrumbList","@id":"https:\/\/www.grupomedcof.com.br\/blog\/oswaldo-cruz-150-anos-de-seu-nascimento\/#breadcrumb","itemListElement":[{"@type":"ListItem","position":1,"name":"In\u00edcio","item":"https:\/\/www.grupomedcof.com.br\/blog\/"},{"@type":"ListItem","position":2,"name":"Oswaldo Cruz: 150 anos de seu nascimento."}]},{"@type":"WebSite","@id":"https:\/\/www.grupomedcof.com.br\/blog\/#website","url":"https:\/\/www.grupomedcof.com.br\/blog\/","name":"Blog de Medcof: conte\u00fados, editais, revalida e mais!","description":"Acesso o blog de MedCof! Seu portal de conte\u00fados sobre resid\u00eancia m\u00e9dica, an\u00e1lise e editais e muito mais. Clique e confira!","publisher":{"@id":"https:\/\/www.grupomedcof.com.br\/blog\/#organization"},"alternateName":"Blog de Medcof: conte\u00fados, editais, revalida e mais!","potentialAction":[{"@type":"SearchAction","target":{"@type":"EntryPoint","urlTemplate":"https:\/\/www.grupomedcof.com.br\/blog\/?s={search_term_string}"},"query-input":{"@type":"PropertyValueSpecification","valueRequired":true,"valueName":"search_term_string"}}],"inLanguage":"pt-BR"},{"@type":"Organization","@id":"https:\/\/www.grupomedcof.com.br\/blog\/#organization","name":"Grupo MedCof","url":"https:\/\/www.grupomedcof.com.br\/blog\/","logo":{"@type":"ImageObject","inLanguage":"pt-BR","@id":"https:\/\/www.grupomedcof.com.br\/blog\/#\/schema\/logo\/image\/","url":"https:\/\/www.grupomedcof.com.br\/blog\/wp-content\/uploads\/2022\/01\/logo-medcof.png","contentUrl":"https:\/\/www.grupomedcof.com.br\/blog\/wp-content\/uploads\/2022\/01\/logo-medcof.png","width":768,"height":269,"caption":"Grupo MedCof"},"image":{"@id":"https:\/\/www.grupomedcof.com.br\/blog\/#\/schema\/logo\/image\/"},"sameAs":["https:\/\/www.facebook.com\/MedCofQbank\/","https:\/\/www.instagram.com\/grupomedcof\/","https:\/\/br.linkedin.com\/company\/medcof","https:\/\/www.youtube.com\/channel\/UCdHMuOHKICxcHwecxN8P-AA"]},{"@type":"Person","@id":"https:\/\/www.grupomedcof.com.br\/blog\/#\/schema\/person\/7a655db4c3da9796e0166bf55a9ea53a","name":"Patr\u00edcia Oliveira","image":{"@type":"ImageObject","inLanguage":"pt-BR","@id":"https:\/\/www.grupomedcof.com.br\/blog\/wp-content\/uploads\/2022\/03\/furacao-96x96.png19e0d43e5696aaa42a3bb896953b331f","url":"https:\/\/www.grupomedcof.com.br\/blog\/wp-content\/uploads\/2022\/03\/furacao-96x96.png","contentUrl":"https:\/\/www.grupomedcof.com.br\/blog\/wp-content\/uploads\/2022\/03\/furacao-96x96.png","caption":"Patr\u00edcia Oliveira"},"sameAs":["https:\/\/www.grupomedcof.com.br\/"],"url":"https:\/\/www.grupomedcof.com.br\/blog\/author\/patricia\/"}]}},"authors":[{"term_id":3612,"user_id":2,"is_guest":0,"slug":"patricia","display_name":"Patr\u00edcia Oliveira","avatar_url":"https:\/\/www.grupomedcof.com.br\/blog\/wp-content\/uploads\/2022\/03\/furacao-96x96.png","0":null,"1":"","2":"","3":"","4":"","5":"","6":"","7":"","8":""}],"_links":{"self":[{"href":"https:\/\/www.grupomedcof.com.br\/blog\/wp-json\/wp\/v2\/posts\/1553","targetHints":{"allow":["GET"]}}],"collection":[{"href":"https:\/\/www.grupomedcof.com.br\/blog\/wp-json\/wp\/v2\/posts"}],"about":[{"href":"https:\/\/www.grupomedcof.com.br\/blog\/wp-json\/wp\/v2\/types\/post"}],"author":[{"embeddable":true,"href":"https:\/\/www.grupomedcof.com.br\/blog\/wp-json\/wp\/v2\/users\/2"}],"replies":[{"embeddable":true,"href":"https:\/\/www.grupomedcof.com.br\/blog\/wp-json\/wp\/v2\/comments?post=1553"}],"version-history":[{"count":0,"href":"https:\/\/www.grupomedcof.com.br\/blog\/wp-json\/wp\/v2\/posts\/1553\/revisions"}],"wp:featuredmedia":[{"embeddable":true,"href":"https:\/\/www.grupomedcof.com.br\/blog\/wp-json\/wp\/v2\/media\/1558"}],"wp:attachment":[{"href":"https:\/\/www.grupomedcof.com.br\/blog\/wp-json\/wp\/v2\/media?parent=1553"}],"wp:term":[{"taxonomy":"category","embeddable":true,"href":"https:\/\/www.grupomedcof.com.br\/blog\/wp-json\/wp\/v2\/categories?post=1553"},{"taxonomy":"post_tag","embeddable":true,"href":"https:\/\/www.grupomedcof.com.br\/blog\/wp-json\/wp\/v2\/tags?post=1553"},{"taxonomy":"author","embeddable":true,"href":"https:\/\/www.grupomedcof.com.br\/blog\/wp-json\/wp\/v2\/ppma_author?post=1553"}],"curies":[{"name":"wp","href":"https:\/\/api.w.org\/{rel}","templated":true}]}}