{"id":15538,"date":"2023-10-20T11:49:24","date_gmt":"2023-10-20T14:49:24","guid":{"rendered":"https:\/\/www.grupomedcof.com.br\/blog\/?p=15538"},"modified":"2023-10-20T11:49:24","modified_gmt":"2023-10-20T14:49:24","slug":"residencia-medica-albert-einstein-2024-concorrencia","status":"publish","type":"post","link":"https:\/\/www.grupomedcof.com.br\/blog\/residencia-medica-albert-einstein-2024-concorrencia\/","title":{"rendered":"Resid\u00eancia M\u00e9dica Albert Einstein 2024: Concorr\u00eancia"},"content":{"rendered":"<div id=\"ez-toc-container\" class=\"ez-toc-v2_0_74 counter-hierarchy ez-toc-counter ez-toc-transparent ez-toc-container-direction\">\n<div class=\"ez-toc-title-container\">\n<p class=\"ez-toc-title\" style=\"cursor:inherit\">Sum\u00e1rio<\/p>\n<span class=\"ez-toc-title-toggle\"><a href=\"#\" class=\"ez-toc-pull-right ez-toc-btn ez-toc-btn-xs ez-toc-btn-default ez-toc-toggle\" aria-label=\"Alternar tabela de conte\u00fado\"><span class=\"ez-toc-js-icon-con\"><span class=\"\"><span class=\"eztoc-hide\" style=\"display:none;\">Toggle<\/span><span class=\"ez-toc-icon-toggle-span\"><svg style=\"fill: #999;color:#999\" xmlns=\"http:\/\/www.w3.org\/2000\/svg\" class=\"list-377408\" width=\"20px\" height=\"20px\" viewBox=\"0 0 24 24\" fill=\"none\"><path d=\"M6 6H4v2h2V6zm14 0H8v2h12V6zM4 11h2v2H4v-2zm16 0H8v2h12v-2zM4 16h2v2H4v-2zm16 0H8v2h12v-2z\" fill=\"currentColor\"><\/path><\/svg><svg style=\"fill: #999;color:#999\" class=\"arrow-unsorted-368013\" xmlns=\"http:\/\/www.w3.org\/2000\/svg\" width=\"10px\" height=\"10px\" viewBox=\"0 0 24 24\" version=\"1.2\" baseProfile=\"tiny\"><path d=\"M18.2 9.3l-6.2-6.3-6.2 6.3c-.2.2-.3.4-.3.7s.1.5.3.7c.2.2.4.3.7.3h11c.3 0 .5-.1.7-.3.2-.2.3-.5.3-.7s-.1-.5-.3-.7zM5.8 14.7l6.2 6.3 6.2-6.3c.2-.2.3-.5.3-.7s-.1-.5-.3-.7c-.2-.2-.4-.3-.7-.3h-11c-.3 0-.5.1-.7.3-.2.2-.3.5-.3.7s.1.5.3.7z\"\/><\/svg><\/span><\/span><\/span><\/a><\/span><\/div>\n<nav><ul class='ez-toc-list ez-toc-list-level-1 ' ><li class='ez-toc-page-1 ez-toc-heading-level-2'><a class=\"ez-toc-link ez-toc-heading-1\" href=\"https:\/\/www.grupomedcof.com.br\/blog\/residencia-medica-albert-einstein-2024-concorrencia\/#Processo_Seletivo_Albert_Einstein_2024\" >Processo Seletivo Albert Einstein\u00a02024<\/a><ul class='ez-toc-list-level-3' ><li class='ez-toc-heading-level-3'><a class=\"ez-toc-link ez-toc-heading-2\" href=\"https:\/\/www.grupomedcof.com.br\/blog\/residencia-medica-albert-einstein-2024-concorrencia\/#Prova_Objetiva\" >Prova Objetiva<\/a><\/li><li class='ez-toc-page-1 ez-toc-heading-level-3'><a class=\"ez-toc-link ez-toc-heading-3\" href=\"https:\/\/www.grupomedcof.com.br\/blog\/residencia-medica-albert-einstein-2024-concorrencia\/#Prova_Pratica\" >Prova Pr\u00e1tica<\/a><\/li><li class='ez-toc-page-1 ez-toc-heading-level-3'><a class=\"ez-toc-link ez-toc-heading-4\" href=\"https:\/\/www.grupomedcof.com.br\/blog\/residencia-medica-albert-einstein-2024-concorrencia\/#Analise_Curricular\" >An\u00e1lise Curricular<\/a><\/li><\/ul><\/li><li class='ez-toc-page-1 ez-toc-heading-level-2'><a class=\"ez-toc-link ez-toc-heading-5\" href=\"https:\/\/www.grupomedcof.com.br\/blog\/residencia-medica-albert-einstein-2024-concorrencia\/#Cronograma_residencia_medica_Einstein_20232024\" >Cronograma resid\u00eancia m\u00e9dica Einstein 2023\/2024<\/a><\/li><li class='ez-toc-page-1 ez-toc-heading-level-2'><a class=\"ez-toc-link ez-toc-heading-6\" href=\"https:\/\/www.grupomedcof.com.br\/blog\/residencia-medica-albert-einstein-2024-concorrencia\/#Conquiste_a_aprovacao\" >Conquiste a aprova\u00e7\u00e3o<\/a><\/li><\/ul><\/nav><\/div>\n<img loading=\"lazy\" decoding=\"async\" width=\"800\" height=\"450\" src=\"https:\/\/www.grupomedcof.com.br\/blog\/wp-content\/uploads\/2023\/10\/Blog-MedCof-56-1024x576.png\" alt=\"hiae residencia medica 2023, resid\u00eancia m\u00e9dica einstein, resid\u00eancia m\u00e9dica albert einstein, residencia albert einstein, residencia einstein, concorr\u00eancia einstein 2023, concorrencia einstein 2023, concorrencia residencia medica 2023,\" srcset=\"https:\/\/www.grupomedcof.com.br\/blog\/wp-content\/uploads\/2023\/10\/Blog-MedCof-56-1024x576.png 1024w, https:\/\/www.grupomedcof.com.br\/blog\/wp-content\/uploads\/2023\/10\/Blog-MedCof-56-300x169.png 300w, https:\/\/www.grupomedcof.com.br\/blog\/wp-content\/uploads\/2023\/10\/Blog-MedCof-56-768x432.png 768w, https:\/\/www.grupomedcof.com.br\/blog\/wp-content\/uploads\/2023\/10\/Blog-MedCof-56-1536x864.png 1536w, https:\/\/www.grupomedcof.com.br\/blog\/wp-content\/uploads\/2023\/10\/Blog-MedCof-56-2048x1152.png 2048w\" sizes=\"auto, (max-width: 800px) 100vw, 800px\" \/>\t\t\t\t\t\t\t\t\t\t\t\t\t\t\t\n\t\t<p><p style=\"box-sizing: border-box; margin-top: 0px; margin-bottom: 0px; color: rgb(122, 122, 122); font-family: Poppins, sans-serif; font-size: 16px; font-style: normal; font-variant-ligatures: normal; font-variant-caps: normal; font-weight: 400; letter-spacing: normal; orphans: 2; text-align: left; text-indent: 0px; text-transform: none; widows: 2; word-spacing: 0px; -webkit-text-stroke-width: 0px; white-space: normal; background-color: rgb(255, 255, 255); text-decoration-thickness: initial; text-decoration-style: initial; text-decoration-color: initial;\"><\/p><p style=\"box-sizing: border-box; margin-top: 0px; margin-bottom: 0px; color: rgb(122, 122, 122); font-family: Poppins, sans-serif; font-size: 16px; font-style: normal; font-variant-ligatures: normal; font-variant-caps: normal; font-weight: 400; letter-spacing: normal; orphans: 2; text-align: left; text-indent: 0px; text-transform: none; widows: 2; word-spacing: 0px; -webkit-text-stroke-width: 0px; white-space: normal; background-color: rgb(255, 255, 255); text-decoration-thickness: initial; text-decoration-style: initial; text-decoration-color: initial;\"><\/p><\/p><p style=\"box-sizing: border-box; margin-top: 0px; margin-bottom: 0px; color: rgb(122, 122, 122); font-family: Poppins, sans-serif; font-size: 16px; font-style: normal; font-variant-ligatures: normal; font-variant-caps: normal; font-weight: 400; letter-spacing: normal; orphans: 2; text-align: left; text-indent: 0px; text-transform: none; widows: 2; word-spacing: 0px; -webkit-text-stroke-width: 0px; white-space: normal; background-color: rgb(255, 255, 255); text-decoration-thickness: initial; text-decoration-style: initial; text-decoration-color: initial;\"><strong style=\"box-sizing: border-box; font-weight: bolder;\">Concorr\u00eancia Albert Einstein:<\/strong>&nbsp;A Funda\u00e7\u00e3o Carlos Chagas, respons\u00e1vel pelo processo seletivo de resid\u00eancia m\u00e9dica do Einstein 2024, publicou documento com a&nbsp;<strong style=\"box-sizing: border-box; font-weight: bolder;\">quantidade de inscritos por especialidade.<\/strong><\/p>\t\t\n\t\t\t<h4>\n\t\t\t\tConfira a seguir\t\t\t<\/h4>\n\t\t<p><strong>Resid\u00eancia M\u00e9dica Einstein 2024: Concorr\u00eancia<\/strong><\/p>\n<p>&nbsp;<\/p>\n<p>Dispon\u00edvel atrav\u00e9s do site da Funda\u00e7\u00e3o Chagas, a<a href=\"https:\/\/www.concursosfcc.com.br\/concursos\/alber123\/estatistica_geral.pdf\" target=\"_blank\" rel=\"noopener\">\u00a0Estat\u00edstica de Candidatos por Op\u00e7\u00e3o<\/a>\u00a0do Hospital Israelita Albert Einstein 2024 (HIAE) soma\u00a04.126 inscritos para as 99 vagas\u00a0para resid\u00eancia m\u00e9dica dispon\u00edveis. Sendo assim, confira abaixo a concorr\u00eancia para cada especialidade.<\/p>\n<p>&nbsp;<\/p>\n<figure>\n<table>\n<tbody>\n<tr>\n<td style=\"background-color: rgba(128, 128, 128, 0.07);\">Especialidade<\/td>\n<td style=\"background-color: rgba(128, 128, 128, 0.07);\">Candidato\/Vaga<\/td>\n<\/tr>\n<tr>\n<td>Anestesiologia<\/td>\n<td>76,5<\/td>\n<\/tr>\n<tr>\n<td style=\"background-color: rgba(128, 128, 128, 0.07);\">Cardiologia<\/td>\n<td style=\"background-color: rgba(128, 128, 128, 0.07);\">34,33<\/td>\n<\/tr>\n<tr>\n<td>Cirurgia Geral<\/td>\n<td>125,66<\/td>\n<\/tr>\n<tr>\n<td style=\"background-color: rgba(128, 128, 128, 0.07);\">Cirurgia Vascular<\/td>\n<td style=\"background-color: rgba(128, 128, 128, 0.07);\">14,5<\/td>\n<\/tr>\n<tr>\n<td>Cl\u00ednica M\u00e9dica<\/td>\n<td>51,75<\/td>\n<\/tr>\n<tr>\n<td style=\"background-color: rgba(128, 128, 128, 0.07);\">Geriatria<\/td>\n<td style=\"background-color: rgba(128, 128, 128, 0.07);\">28,5<\/td>\n<\/tr>\n<tr>\n<td>Ginecologia e Obstetr\u00edcia<\/td>\n<td>78,57<\/td>\n<\/tr>\n<tr>\n<td style=\"background-color: rgba(128, 128, 128, 0.07);\">Hematologia e Hemoterapia<\/td>\n<td style=\"background-color: rgba(128, 128, 128, 0.07);\">19,66<\/td>\n<\/tr>\n<tr>\n<td>Medicina de Emerg\u00eancia<\/td>\n<td>17<\/td>\n<\/tr>\n<tr>\n<td style=\"background-color: rgba(128, 128, 128, 0.07);\">Medicina de Fam\u00edlia e Comunidade<\/td>\n<td style=\"background-color: rgba(128, 128, 128, 0.07);\">7,8<\/td>\n<\/tr>\n<tr>\n<td>Medicina Intensiva<\/td>\n<td>20,4<\/td>\n<\/tr>\n<tr>\n<td style=\"background-color: rgba(128, 128, 128, 0.07);\">Medicina Intensiva Pedi\u00e1trica<\/td>\n<td style=\"background-color: rgba(128, 128, 128, 0.07);\">3<\/td>\n<\/tr>\n<tr>\n<td>Nefrologia<\/td>\n<td>15,33<\/td>\n<\/tr>\n<tr>\n<td style=\"background-color: rgba(128, 128, 128, 0.07);\">Neonatologia<\/td>\n<td style=\"background-color: rgba(128, 128, 128, 0.07);\">5,5<\/td>\n<\/tr>\n<tr>\n<td>Neurologia<\/td>\n<td>53,33<\/td>\n<\/tr>\n<tr>\n<td style=\"background-color: rgba(128, 128, 128, 0.07);\">Oncologia Cl\u00ednica<\/td>\n<td style=\"background-color: rgba(128, 128, 128, 0.07);\">25,25<\/td>\n<\/tr>\n<tr>\n<td>Ortopedia e Traumatologia<\/td>\n<td>51<\/td>\n<\/tr>\n<tr>\n<td style=\"background-color: rgba(128, 128, 128, 0.07);\">Patologia Cl\u00ednica e Medicina Laboratorial<\/td>\n<td style=\"background-color: rgba(128, 128, 128, 0.07);\">7<\/td>\n<\/tr>\n<tr>\n<td>Pediatria<\/td>\n<td>30,25<\/td>\n<\/tr>\n<tr>\n<td style=\"background-color: rgba(128, 128, 128, 0.07);\">Psiquiatria<\/td>\n<td style=\"background-color: rgba(128, 128, 128, 0.07);\">93,75<\/td>\n<\/tr>\n<tr>\n<td>Radiologia e Diagn\u00f3stico por Imagem<\/td>\n<td>35,33<\/td>\n<\/tr>\n<tr>\n<td style=\"background-color: rgba(128, 128, 128, 0.07);\">Transplante de Medula \u00d3ssea<\/td>\n<td style=\"background-color: rgba(128, 128, 128, 0.07);\">10,5<\/td>\n<\/tr>\n<tr>\n<td>Urologia<\/td>\n<td>41<\/td>\n<\/tr>\n<\/tbody>\n<\/table>\n<\/figure>\t\t\n\t\t\t\t\t\t\t\t\t\t\t\t\t\t\t\t<a href=\"https:\/\/www.grupomedcof.com.br\/hands-on-curso\/\" target=\"_blank\" rel=\"noopener\">\n\t\t\t\t\t\t\t<img loading=\"lazy\" decoding=\"async\" width=\"800\" height=\"101\" src=\"https:\/\/www.grupomedcof.com.br\/blog\/wp-content\/uploads\/2023\/08\/Blog-MedCof-2023-08-03T155030.071-1024x129.png\" alt=\"medcof residencia medica, curso Intensivo para Resid\u00eancia M\u00e9dica, curso para resid\u00eancia m\u00e9dica, medcof reta final dominada, reta final dominada, aulas medcof,\" srcset=\"https:\/\/www.grupomedcof.com.br\/blog\/wp-content\/uploads\/2023\/08\/Blog-MedCof-2023-08-03T155030.071-1024x129.png 1024w, https:\/\/www.grupomedcof.com.br\/blog\/wp-content\/uploads\/2023\/08\/Blog-MedCof-2023-08-03T155030.071-300x38.png 300w, https:\/\/www.grupomedcof.com.br\/blog\/wp-content\/uploads\/2023\/08\/Blog-MedCof-2023-08-03T155030.071-768x97.png 768w, https:\/\/www.grupomedcof.com.br\/blog\/wp-content\/uploads\/2023\/08\/Blog-MedCof-2023-08-03T155030.071-1536x193.png 1536w, https:\/\/www.grupomedcof.com.br\/blog\/wp-content\/uploads\/2023\/08\/Blog-MedCof-2023-08-03T155030.071-2048x258.png 2048w\" sizes=\"auto, (max-width: 800px) 100vw, 800px\" \/>\t\t\t\t\t\t\t\t<\/a>\n\t\t<h2 id=\"h-processo-seletivo-albert-einstein-2024\" style=\"font-family: Poppins, sans-serif; color: #7a7a7a;\"><span class=\"ez-toc-section\" id=\"Processo_Seletivo_Albert_Einstein_2024\"><\/span>Processo Seletivo Albert Einstein\u00a0<strong>2024<\/strong><span class=\"ez-toc-section-end\"><\/span><\/h2>\n<p>Assim como nas\u00a0<strong><a href=\"https:\/\/www.grupomedcof.com.br\/blog\/veja-como-foi-o-ultimo-edital-de-residencia-no-albert-einstein-2023\/\" target=\"_blank\" rel=\"noreferrer noopener\">\u00faltimas edi\u00e7\u00f5es<\/a><\/strong>,\u00a0o processo seletivo para resid\u00eancia m\u00e9dica do Albert Einstein de 2024 contar\u00e1 com\u00a0duas fases avaliativas.<\/p>\n<p>\u00a0<\/p>\n<h3 id=\"h-prova-objetiva\" style=\"font-family: Poppins, sans-serif; color: #7a7a7a;\"><span class=\"ez-toc-section\" id=\"Prova_Objetiva\"><\/span>Prova Objetiva<span class=\"ez-toc-section-end\"><\/span><\/h3>\n<p>De acordo com o\u00a0<a href=\"https:\/\/www.grupomedcof.com.br\/blog\/edital-residencia-medica-einstein-2023-2024\/\" target=\"_blank\" rel=\"noopener\">edital<\/a>\u00a0do Einstein, a 1\u00aa fase ser\u00e1 a aplica\u00e7\u00e3o de uma\u00a0prova objetiva no\u00a029 de outubro de 2023\u00a0no per\u00edodo na manh\u00e3. Al\u00e9m disso, ela ter\u00e1 composi\u00e7\u00f5es diferentes a depender do programa escolhido, veja a seguir:<\/p>\n<p>\u00a0<\/p>\n<p>Acesso Direto:\u00a075 quest\u00f5es de m\u00faltipla escolha divididas entre as 5 grandes \u00e1reas m\u00e9dicas e com 4 horas de dura\u00e7\u00e3o.<\/p>\n<p>\u00a0<\/p>\n<p>Pr\u00e9-Requisito:\u00a050 quest\u00f5es de m\u00faltipla escolha de acordo com o pr\u00e9-requisito da especialidade escolhida e com dura\u00e7\u00e3o m\u00e1xima de 2 horas e 30 minutos.<\/p><p><\/p>\n<p><\/p>\n<p><\/p>\n<h3 class=\"wp-block-heading\" id=\"h-prova-pratica\"><span class=\"ez-toc-section\" id=\"Prova_Pratica\"><\/span><strong>Prova Pr\u00e1tica<\/strong><span class=\"ez-toc-section-end\"><\/span><\/h3>\n<p><\/p>\n<p><\/p>\n<p>Por tradi\u00e7\u00e3o, o processo seletivo do Hospital Albert Einstein conta com uma <strong><a href=\"https:\/\/www.grupomedcof.com.br\/blog\/residencia-medica-albert-einstein-hiae-prepare-se-para-a-prova-pratica\/\" target=\"_blank\" rel=\"noopener\">prova pr\u00e1tica<\/a><\/strong> com entrevista e an\u00e1lise curricular na 2\u00aa fase. Dessa forma, a primeira parte da 2\u00aa fase ser\u00e1 a realiza\u00e7\u00e3o da prova pr\u00e1tica<\/p>\n<p>\u00a0<\/p>\n<p><\/p>\n<p><\/p>\n<p><strong>Acesso Direto:<\/strong>\u00a0Ocorrendo entre os dias <strong>15 e 19 de dezembro<\/strong>, a prova abordar\u00e1 conte\u00fados das 5 grandes \u00e1reas m\u00e9dicas, sendo ao todo: 5 esta\u00e7\u00f5es cl\u00ednicas com 8 minutos cada e\u00a0 2 esta\u00e7\u00f5es de habilidades, procedimentos, diagn\u00f3sticos ou terap\u00eauticos, com 4 minutos cada.<\/p>\n<p>\u00a0<\/p>\n<p><\/p>\n<p><\/p>\n<p><strong>Pr\u00e9-Requisito:\u00a0<\/strong>Prevista para o dia <strong>21 de dezembro<\/strong> e com exce\u00e7\u00e3o do programa de Transplante de Medula \u00d3ssea, ser\u00e3o 5 esta\u00e7\u00f5es cl\u00ednicas com 8 minutos cada e 2 esta\u00e7\u00f5es de habilidades, procedimentos, diagn\u00f3sticos ou terap\u00eauticos, com 4 minutos cada.<\/p>\n<p><\/p>\t\t\n\t\t\t\t\t\t\t\t\t\t\t\t\t\t\t\t<a href=\"https:\/\/www.grupomedcof.com.br\/links-extensivos-2024\/\" target=\"_blank\" rel=\"noopener\">\n\t\t\t\t\t\t\t<img loading=\"lazy\" decoding=\"async\" width=\"800\" height=\"127\" src=\"https:\/\/www.grupomedcof.com.br\/blog\/wp-content\/uploads\/2023\/09\/Captura-de-tela-2023-09-25-085840-1024x163.png\" alt=\"aulas medcof, grupo medcof, medcof aulas,\" srcset=\"https:\/\/www.grupomedcof.com.br\/blog\/wp-content\/uploads\/2023\/09\/Captura-de-tela-2023-09-25-085840-1024x163.png 1024w, https:\/\/www.grupomedcof.com.br\/blog\/wp-content\/uploads\/2023\/09\/Captura-de-tela-2023-09-25-085840-300x48.png 300w, https:\/\/www.grupomedcof.com.br\/blog\/wp-content\/uploads\/2023\/09\/Captura-de-tela-2023-09-25-085840-768x122.png 768w, https:\/\/www.grupomedcof.com.br\/blog\/wp-content\/uploads\/2023\/09\/Captura-de-tela-2023-09-25-085840-1536x244.png 1536w, https:\/\/www.grupomedcof.com.br\/blog\/wp-content\/uploads\/2023\/09\/Captura-de-tela-2023-09-25-085840-2048x325.png 2048w\" sizes=\"auto, (max-width: 800px) 100vw, 800px\" \/>\t\t\t\t\t\t\t\t<\/a>\n\t\t<h3 id=\"h-analise-curricular\" style=\"font-family: Poppins, sans-serif; color: #7a7a7a;\"><span class=\"ez-toc-section\" id=\"Analise_Curricular\"><\/span>An\u00e1lise Curricular<span class=\"ez-toc-section-end\"><\/span><\/h3>\n<p>Na segunda parte da segunda fase do processo seletivo do HIAE 2024, os candidatos ter\u00e3o os curr\u00edculos analisados. Dessa forma, os candidatos que obterem o\u00a0m\u00ednimo de 50 pontos na primeira fase,\u00a0receber\u00e3o um link por email, no qual dever\u00e1 ocorrer o envio\u00a0at\u00e9 o dia 08 de dezembro de 2023.<\/p>\n<p>&nbsp;<\/p>\n<p>Sendo assim, a banca avaliar\u00e1 os seguintes t\u00f3picos:<\/p>\n<figure>\n<table>\n<thead>\n<tr>\n<th style=\"border-top-color: rgba(128, 128, 128, 0.5);\">Crit\u00e9rio Analisado<\/th>\n<th style=\"border-top-color: rgba(128, 128, 128, 0.5);\">Pontua\u00e7\u00e3o M\u00e1xima<\/th>\n<\/tr>\n<\/thead>\n<tbody>\n<tr>\n<td style=\"background-color: rgba(128, 128, 128, 0.07);\">Est\u00e1gios Acad\u00eamicos e Experi\u00eancia Cl\u00ednica<\/td>\n<td style=\"background-color: rgba(128, 128, 128, 0.07);\">30<\/td>\n<\/tr>\n<tr>\n<td>Produ\u00e7\u00e3o Cient\u00edfica<\/td>\n<td>40<\/td>\n<\/tr>\n<tr>\n<td style=\"background-color: rgba(128, 128, 128, 0.07);\">Atividades de Voluntariado<\/td>\n<td style=\"background-color: rgba(128, 128, 128, 0.07);\">30<\/td>\n<\/tr>\n<tr>\n<td>M\u00e1ximo de pontos<\/td>\n<td>100<\/td>\n<\/tr>\n<\/tbody>\n<\/table>\n<\/figure><h2 id=\"h-cronograma-residencia-medica-einstein-2023-2024\" style=\"font-family: Poppins, sans-serif; color: #7a7a7a;\"><span class=\"ez-toc-section\" id=\"Cronograma_residencia_medica_Einstein_20232024\"><\/span><strong>Cronograma resid\u00eancia m\u00e9dica Einstein 2023\/2024<\/strong><span class=\"ez-toc-section-end\"><\/span><\/h2>\n<p>Por fim, confira as<strong> principais datas<\/strong> do processo seletivo para resid\u00eancia m\u00e9dica do Albert Einstein de 2023\/2024.<\/p>\t\t\n\t\t\t\t\t\t\t\t\t\t\t\t\t\t\t<img loading=\"lazy\" decoding=\"async\" width=\"800\" height=\"674\" src=\"https:\/\/www.grupomedcof.com.br\/blog\/wp-content\/uploads\/2023\/09\/Blog-MedCof-10-e1693921566614-1024x863.png\" alt=\"hospital albert einstein, HIAE 2023, HIAE 2024, edital einstein 2023, hiae residencia medica 2023, residencia medica albert einstein 2023, residencia albert einstein 2023, edital residencia einstein 2023, residencia einstein 2023, residencia medica einstein 2023, einstein residencia medica 2023, edital einstein residencia 2023, edital residencia medica einstein 2023\" srcset=\"https:\/\/www.grupomedcof.com.br\/blog\/wp-content\/uploads\/2023\/09\/Blog-MedCof-10-e1693921566614-1024x863.png 1024w, https:\/\/www.grupomedcof.com.br\/blog\/wp-content\/uploads\/2023\/09\/Blog-MedCof-10-e1693921566614-300x253.png 300w, https:\/\/www.grupomedcof.com.br\/blog\/wp-content\/uploads\/2023\/09\/Blog-MedCof-10-e1693921566614-768x648.png 768w, https:\/\/www.grupomedcof.com.br\/blog\/wp-content\/uploads\/2023\/09\/Blog-MedCof-10-e1693921566614-1536x1295.png 1536w, https:\/\/www.grupomedcof.com.br\/blog\/wp-content\/uploads\/2023\/09\/Blog-MedCof-10-e1693921566614.png 1703w\" sizes=\"auto, (max-width: 800px) 100vw, 800px\" \/>\t\t\t\t\t\t\t\t\t\t\t\t\t\t\t\n\t\t<h2 style=\"font-family: Poppins, sans-serif; color: #7a7a7a;\"><span class=\"ez-toc-section\" id=\"Conquiste_a_aprovacao\"><\/span><strong>Conquiste a aprova\u00e7\u00e3o<\/strong><span class=\"ez-toc-section-end\"><\/span><\/h2>\n<p>Sabia que os alunos MedCof n\u00e3o enfrentam qualquer concorr\u00eancia? Para saber como isso \u00e9 poss\u00edvel, o\u00a0Grupo MedCof\u00a0e a metodologia que j\u00e1 aprovou mais de<a href=\"https:\/\/www.grupomedcof.com.br\/blog\/presenca-da-medcof-nas-aprovacoes-em-residencia-medica-no-brasil\/\" target=\"_blank\" rel=\"noreferrer noopener\">\u00a010 mil residentes pelo pa\u00eds.\u00a0<\/a>\u00a0Al\u00e9m disso, atrav\u00e9s do nosso\u00a0<a href=\"https:\/\/www.youtube.com\/@GrupoMedcof\/featured\" target=\"_blank\" rel=\"noreferrer noopener\">canal do youtube<\/a>, voc\u00ea pode ver diversos materiais de revis\u00e3o e corre\u00e7\u00e3o para resid\u00eancia m\u00e9dica.<\/p>","protected":false},"excerpt":{"rendered":"<p>Concorr\u00eancia Einstein: A Funda\u00e7\u00e3o Carlos Chagas, respons\u00e1vel pelo processo seletivo de resid\u00eancia m\u00e9dica do Einstein 2024..<\/p>\n","protected":false},"author":6,"featured_media":15540,"comment_status":"open","ping_status":"open","sticky":false,"template":"","format":"standard","meta":{"footnotes":""},"categories":[10,174],"tags":[117,92,68],"ppma_author":[3609],"class_list":{"0":"post-15538","1":"post","2":"type-post","3":"status-publish","4":"format-standard","5":"has-post-thumbnail","7":"category-raio-x-editais","8":"category-residencia-medica","9":"tag-provas-de-residencia","10":"tag-raio-x-editais-2023","11":"tag-residencia-medica"},"yoast_head":"<!-- This site is optimized with the Yoast SEO Premium plugin v24.3 (Yoast SEO v27.4) - https:\/\/yoast.com\/product\/yoast-seo-premium-wordpress\/ -->\n<title>Resid\u00eancia M\u00e9dica Albert Einstein 2024: Concorr\u00eancia - Blog de Medcof: conte\u00fados, editais, revalida e mais!<\/title>\n<meta name=\"description\" content=\"Concorr\u00eancia Albert Einstein: A Funda\u00e7\u00e3o Carlos Chagas, respons\u00e1vel pelo processo seletivo de resid\u00eancia m\u00e9dica do Einstein 2024..\" \/>\n<meta name=\"robots\" content=\"index, follow, max-snippet:-1, max-image-preview:large, max-video-preview:-1\" \/>\n<link rel=\"canonical\" href=\"https:\/\/www.grupomedcof.com.br\/blog\/residencia-medica-albert-einstein-2024-concorrencia\/\" \/>\n<meta property=\"og:locale\" content=\"pt_BR\" \/>\n<meta property=\"og:type\" content=\"article\" \/>\n<meta property=\"og:title\" content=\"Resid\u00eancia M\u00e9dica Albert Einstein 2024: Concorr\u00eancia\" \/>\n<meta property=\"og:description\" content=\"Concorr\u00eancia Albert Einstein: A Funda\u00e7\u00e3o Carlos Chagas, respons\u00e1vel pelo processo seletivo de resid\u00eancia m\u00e9dica do Einstein 2024..\" \/>\n<meta property=\"og:url\" content=\"https:\/\/www.grupomedcof.com.br\/blog\/residencia-medica-albert-einstein-2024-concorrencia\/\" \/>\n<meta property=\"og:site_name\" content=\"Blog de Medcof: conte\u00fados, editais, revalida e mais!\" \/>\n<meta property=\"article:publisher\" content=\"https:\/\/www.facebook.com\/MedCofQbank\/\" \/>\n<meta property=\"article:published_time\" content=\"2023-10-20T14:49:24+00:00\" \/>\n<meta property=\"og:image\" content=\"https:\/\/www.grupomedcof.com.br\/blog\/wp-content\/uploads\/2023\/10\/Blog-MedCof-56.png\" \/>\n\t<meta property=\"og:image:width\" content=\"2560\" \/>\n\t<meta property=\"og:image:height\" content=\"1440\" \/>\n\t<meta property=\"og:image:type\" content=\"image\/png\" \/>\n<meta name=\"author\" content=\"J\u00falia Moreira\" \/>\n<meta name=\"twitter:card\" content=\"summary_large_image\" \/>\n<meta name=\"twitter:label1\" content=\"Escrito por\" \/>\n\t<meta name=\"twitter:data1\" content=\"J\u00falia Moreira\" \/>\n\t<meta name=\"twitter:label2\" content=\"Est. tempo de leitura\" \/>\n\t<meta name=\"twitter:data2\" content=\"7 minutos\" \/>\n<script type=\"application\/ld+json\" class=\"yoast-schema-graph\">{\"@context\":\"https:\\\/\\\/schema.org\",\"@graph\":[{\"@type\":\"Article\",\"@id\":\"https:\\\/\\\/www.grupomedcof.com.br\\\/blog\\\/residencia-medica-albert-einstein-2024-concorrencia\\\/#article\",\"isPartOf\":{\"@id\":\"https:\\\/\\\/www.grupomedcof.com.br\\\/blog\\\/residencia-medica-albert-einstein-2024-concorrencia\\\/\"},\"author\":{\"name\":\"J\u00falia Moreira\",\"@id\":\"https:\\\/\\\/www.grupomedcof.com.br\\\/blog\\\/#\\\/schema\\\/person\\\/1375e0ce724529d7a1d8156ea7f8ceaa\"},\"headline\":\"Resid\u00eancia M\u00e9dica Albert Einstein 2024: Concorr\u00eancia\",\"datePublished\":\"2023-10-20T14:49:24+00:00\",\"mainEntityOfPage\":{\"@id\":\"https:\\\/\\\/www.grupomedcof.com.br\\\/blog\\\/residencia-medica-albert-einstein-2024-concorrencia\\\/\"},\"wordCount\":587,\"commentCount\":1,\"publisher\":{\"@id\":\"https:\\\/\\\/www.grupomedcof.com.br\\\/blog\\\/#organization\"},\"image\":{\"@id\":\"https:\\\/\\\/www.grupomedcof.com.br\\\/blog\\\/residencia-medica-albert-einstein-2024-concorrencia\\\/#primaryimage\"},\"thumbnailUrl\":\"https:\\\/\\\/www.grupomedcof.com.br\\\/blog\\\/wp-content\\\/uploads\\\/2023\\\/10\\\/Blog-MedCof-56.png\",\"keywords\":[\"Provas de Resid\u00eancia\",\"Raio-X Editais 2023\",\"Resid\u00eancia M\u00e9dica\"],\"articleSection\":[\"Raio-X Editais\",\"Resid\u00eancia m\u00e9dica: editais, resultados, temas quentes e mais\"],\"inLanguage\":\"pt-BR\"},{\"@type\":\"WebPage\",\"@id\":\"https:\\\/\\\/www.grupomedcof.com.br\\\/blog\\\/residencia-medica-albert-einstein-2024-concorrencia\\\/\",\"url\":\"https:\\\/\\\/www.grupomedcof.com.br\\\/blog\\\/residencia-medica-albert-einstein-2024-concorrencia\\\/\",\"name\":\"Resid\u00eancia M\u00e9dica Albert Einstein 2024: Concorr\u00eancia - Blog de Medcof: conte\u00fados, editais, revalida e mais!\",\"isPartOf\":{\"@id\":\"https:\\\/\\\/www.grupomedcof.com.br\\\/blog\\\/#website\"},\"primaryImageOfPage\":{\"@id\":\"https:\\\/\\\/www.grupomedcof.com.br\\\/blog\\\/residencia-medica-albert-einstein-2024-concorrencia\\\/#primaryimage\"},\"image\":{\"@id\":\"https:\\\/\\\/www.grupomedcof.com.br\\\/blog\\\/residencia-medica-albert-einstein-2024-concorrencia\\\/#primaryimage\"},\"thumbnailUrl\":\"https:\\\/\\\/www.grupomedcof.com.br\\\/blog\\\/wp-content\\\/uploads\\\/2023\\\/10\\\/Blog-MedCof-56.png\",\"datePublished\":\"2023-10-20T14:49:24+00:00\",\"description\":\"Concorr\u00eancia Albert Einstein: A Funda\u00e7\u00e3o Carlos Chagas, respons\u00e1vel pelo processo seletivo de resid\u00eancia m\u00e9dica do Einstein 2024..\",\"breadcrumb\":{\"@id\":\"https:\\\/\\\/www.grupomedcof.com.br\\\/blog\\\/residencia-medica-albert-einstein-2024-concorrencia\\\/#breadcrumb\"},\"inLanguage\":\"pt-BR\",\"potentialAction\":[{\"@type\":\"ReadAction\",\"target\":[\"https:\\\/\\\/www.grupomedcof.com.br\\\/blog\\\/residencia-medica-albert-einstein-2024-concorrencia\\\/\"]}]},{\"@type\":\"ImageObject\",\"inLanguage\":\"pt-BR\",\"@id\":\"https:\\\/\\\/www.grupomedcof.com.br\\\/blog\\\/residencia-medica-albert-einstein-2024-concorrencia\\\/#primaryimage\",\"url\":\"https:\\\/\\\/www.grupomedcof.com.br\\\/blog\\\/wp-content\\\/uploads\\\/2023\\\/10\\\/Blog-MedCof-56.png\",\"contentUrl\":\"https:\\\/\\\/www.grupomedcof.com.br\\\/blog\\\/wp-content\\\/uploads\\\/2023\\\/10\\\/Blog-MedCof-56.png\",\"width\":2560,\"height\":1440,\"caption\":\"Concorr\u00eancia Einstein: A Funda\u00e7\u00e3o Carlos Chagas, respons\u00e1vel pelo processo seletivo de resid\u00eancia m\u00e9dica do Einstein 2024..\"},{\"@type\":\"BreadcrumbList\",\"@id\":\"https:\\\/\\\/www.grupomedcof.com.br\\\/blog\\\/residencia-medica-albert-einstein-2024-concorrencia\\\/#breadcrumb\",\"itemListElement\":[{\"@type\":\"ListItem\",\"position\":1,\"name\":\"In\u00edcio\",\"item\":\"https:\\\/\\\/www.grupomedcof.com.br\\\/blog\\\/\"},{\"@type\":\"ListItem\",\"position\":2,\"name\":\"Resid\u00eancia M\u00e9dica Albert Einstein 2024: Concorr\u00eancia\"}]},{\"@type\":\"WebSite\",\"@id\":\"https:\\\/\\\/www.grupomedcof.com.br\\\/blog\\\/#website\",\"url\":\"https:\\\/\\\/www.grupomedcof.com.br\\\/blog\\\/\",\"name\":\"Blog de Medcof: conte\u00fados, editais, revalida e mais!\",\"description\":\"Acesso o blog de MedCof! Seu portal de conte\u00fados sobre resid\u00eancia m\u00e9dica, an\u00e1lise e editais e muito mais. Clique e confira!\",\"publisher\":{\"@id\":\"https:\\\/\\\/www.grupomedcof.com.br\\\/blog\\\/#organization\"},\"alternateName\":\"Blog de Medcof: conte\u00fados, editais, revalida e mais!\",\"potentialAction\":[{\"@type\":\"SearchAction\",\"target\":{\"@type\":\"EntryPoint\",\"urlTemplate\":\"https:\\\/\\\/www.grupomedcof.com.br\\\/blog\\\/?s={search_term_string}\"},\"query-input\":{\"@type\":\"PropertyValueSpecification\",\"valueRequired\":true,\"valueName\":\"search_term_string\"}}],\"inLanguage\":\"pt-BR\"},{\"@type\":\"Organization\",\"@id\":\"https:\\\/\\\/www.grupomedcof.com.br\\\/blog\\\/#organization\",\"name\":\"Grupo MedCof\",\"url\":\"https:\\\/\\\/www.grupomedcof.com.br\\\/blog\\\/\",\"logo\":{\"@type\":\"ImageObject\",\"inLanguage\":\"pt-BR\",\"@id\":\"https:\\\/\\\/www.grupomedcof.com.br\\\/blog\\\/#\\\/schema\\\/logo\\\/image\\\/\",\"url\":\"https:\\\/\\\/www.grupomedcof.com.br\\\/blog\\\/wp-content\\\/uploads\\\/2022\\\/01\\\/logo-medcof.png\",\"contentUrl\":\"https:\\\/\\\/www.grupomedcof.com.br\\\/blog\\\/wp-content\\\/uploads\\\/2022\\\/01\\\/logo-medcof.png\",\"width\":768,\"height\":269,\"caption\":\"Grupo MedCof\"},\"image\":{\"@id\":\"https:\\\/\\\/www.grupomedcof.com.br\\\/blog\\\/#\\\/schema\\\/logo\\\/image\\\/\"},\"sameAs\":[\"https:\\\/\\\/www.facebook.com\\\/MedCofQbank\\\/\",\"https:\\\/\\\/www.instagram.com\\\/grupomedcof\\\/\",\"https:\\\/\\\/br.linkedin.com\\\/company\\\/medcof\",\"https:\\\/\\\/www.youtube.com\\\/channel\\\/UCdHMuOHKICxcHwecxN8P-AA\"]},{\"@type\":\"Person\",\"@id\":\"https:\\\/\\\/www.grupomedcof.com.br\\\/blog\\\/#\\\/schema\\\/person\\\/1375e0ce724529d7a1d8156ea7f8ceaa\",\"name\":\"J\u00falia Moreira\",\"image\":{\"@type\":\"ImageObject\",\"inLanguage\":\"pt-BR\",\"@id\":\"https:\\\/\\\/www.grupomedcof.com.br\\\/blog\\\/wp-content\\\/uploads\\\/2024\\\/12\\\/cropped-Captura-de-tela-2023-12-15-094946-96x96.png6a0083ac34a0445de97d55fae63a4a41\",\"url\":\"https:\\\/\\\/www.grupomedcof.com.br\\\/blog\\\/wp-content\\\/uploads\\\/2024\\\/12\\\/cropped-Captura-de-tela-2023-12-15-094946-96x96.png\",\"contentUrl\":\"https:\\\/\\\/www.grupomedcof.com.br\\\/blog\\\/wp-content\\\/uploads\\\/2024\\\/12\\\/cropped-Captura-de-tela-2023-12-15-094946-96x96.png\",\"caption\":\"J\u00falia Moreira\"},\"description\":\"Estudante do 8\u00ba semestre de Jornalismo na ECA-USP, f\u00e3 de filmes de terror e m\u00fasica popular sul-coreana.\",\"sameAs\":[\"https:\\\/\\\/www.grupomedcof.com.br\\\/\"],\"url\":\"https:\\\/\\\/www.grupomedcof.com.br\\\/blog\\\/author\\\/julia\\\/\"}]}<\/script>\n<!-- \/ Yoast SEO Premium plugin. -->","yoast_head_json":{"title":"Resid\u00eancia M\u00e9dica Albert Einstein 2024: Concorr\u00eancia - Blog de Medcof: conte\u00fados, editais, revalida e mais!","description":"Concorr\u00eancia Albert Einstein: A Funda\u00e7\u00e3o Carlos Chagas, respons\u00e1vel pelo processo seletivo de resid\u00eancia m\u00e9dica do Einstein 2024..","robots":{"index":"index","follow":"follow","max-snippet":"max-snippet:-1","max-image-preview":"max-image-preview:large","max-video-preview":"max-video-preview:-1"},"canonical":"https:\/\/www.grupomedcof.com.br\/blog\/residencia-medica-albert-einstein-2024-concorrencia\/","og_locale":"pt_BR","og_type":"article","og_title":"Resid\u00eancia M\u00e9dica Albert Einstein 2024: Concorr\u00eancia","og_description":"Concorr\u00eancia Albert Einstein: A Funda\u00e7\u00e3o Carlos Chagas, respons\u00e1vel pelo processo seletivo de resid\u00eancia m\u00e9dica do Einstein 2024..","og_url":"https:\/\/www.grupomedcof.com.br\/blog\/residencia-medica-albert-einstein-2024-concorrencia\/","og_site_name":"Blog de Medcof: conte\u00fados, editais, revalida e mais!","article_publisher":"https:\/\/www.facebook.com\/MedCofQbank\/","article_published_time":"2023-10-20T14:49:24+00:00","og_image":[{"width":2560,"height":1440,"url":"https:\/\/www.grupomedcof.com.br\/blog\/wp-content\/uploads\/2023\/10\/Blog-MedCof-56.png","type":"image\/png"}],"author":"J\u00falia Moreira","twitter_card":"summary_large_image","twitter_misc":{"Escrito por":"J\u00falia Moreira","Est. tempo de leitura":"7 minutos"},"schema":{"@context":"https:\/\/schema.org","@graph":[{"@type":"Article","@id":"https:\/\/www.grupomedcof.com.br\/blog\/residencia-medica-albert-einstein-2024-concorrencia\/#article","isPartOf":{"@id":"https:\/\/www.grupomedcof.com.br\/blog\/residencia-medica-albert-einstein-2024-concorrencia\/"},"author":{"name":"J\u00falia Moreira","@id":"https:\/\/www.grupomedcof.com.br\/blog\/#\/schema\/person\/1375e0ce724529d7a1d8156ea7f8ceaa"},"headline":"Resid\u00eancia M\u00e9dica Albert Einstein 2024: Concorr\u00eancia","datePublished":"2023-10-20T14:49:24+00:00","mainEntityOfPage":{"@id":"https:\/\/www.grupomedcof.com.br\/blog\/residencia-medica-albert-einstein-2024-concorrencia\/"},"wordCount":587,"commentCount":1,"publisher":{"@id":"https:\/\/www.grupomedcof.com.br\/blog\/#organization"},"image":{"@id":"https:\/\/www.grupomedcof.com.br\/blog\/residencia-medica-albert-einstein-2024-concorrencia\/#primaryimage"},"thumbnailUrl":"https:\/\/www.grupomedcof.com.br\/blog\/wp-content\/uploads\/2023\/10\/Blog-MedCof-56.png","keywords":["Provas de Resid\u00eancia","Raio-X Editais 2023","Resid\u00eancia M\u00e9dica"],"articleSection":["Raio-X Editais","Resid\u00eancia m\u00e9dica: editais, resultados, temas quentes e mais"],"inLanguage":"pt-BR"},{"@type":"WebPage","@id":"https:\/\/www.grupomedcof.com.br\/blog\/residencia-medica-albert-einstein-2024-concorrencia\/","url":"https:\/\/www.grupomedcof.com.br\/blog\/residencia-medica-albert-einstein-2024-concorrencia\/","name":"Resid\u00eancia M\u00e9dica Albert Einstein 2024: Concorr\u00eancia - Blog de Medcof: conte\u00fados, editais, revalida e mais!","isPartOf":{"@id":"https:\/\/www.grupomedcof.com.br\/blog\/#website"},"primaryImageOfPage":{"@id":"https:\/\/www.grupomedcof.com.br\/blog\/residencia-medica-albert-einstein-2024-concorrencia\/#primaryimage"},"image":{"@id":"https:\/\/www.grupomedcof.com.br\/blog\/residencia-medica-albert-einstein-2024-concorrencia\/#primaryimage"},"thumbnailUrl":"https:\/\/www.grupomedcof.com.br\/blog\/wp-content\/uploads\/2023\/10\/Blog-MedCof-56.png","datePublished":"2023-10-20T14:49:24+00:00","description":"Concorr\u00eancia Albert Einstein: A Funda\u00e7\u00e3o Carlos Chagas, respons\u00e1vel pelo processo seletivo de resid\u00eancia m\u00e9dica do Einstein 2024..","breadcrumb":{"@id":"https:\/\/www.grupomedcof.com.br\/blog\/residencia-medica-albert-einstein-2024-concorrencia\/#breadcrumb"},"inLanguage":"pt-BR","potentialAction":[{"@type":"ReadAction","target":["https:\/\/www.grupomedcof.com.br\/blog\/residencia-medica-albert-einstein-2024-concorrencia\/"]}]},{"@type":"ImageObject","inLanguage":"pt-BR","@id":"https:\/\/www.grupomedcof.com.br\/blog\/residencia-medica-albert-einstein-2024-concorrencia\/#primaryimage","url":"https:\/\/www.grupomedcof.com.br\/blog\/wp-content\/uploads\/2023\/10\/Blog-MedCof-56.png","contentUrl":"https:\/\/www.grupomedcof.com.br\/blog\/wp-content\/uploads\/2023\/10\/Blog-MedCof-56.png","width":2560,"height":1440,"caption":"Concorr\u00eancia Einstein: A Funda\u00e7\u00e3o Carlos Chagas, respons\u00e1vel pelo processo seletivo de resid\u00eancia m\u00e9dica do Einstein 2024.."},{"@type":"BreadcrumbList","@id":"https:\/\/www.grupomedcof.com.br\/blog\/residencia-medica-albert-einstein-2024-concorrencia\/#breadcrumb","itemListElement":[{"@type":"ListItem","position":1,"name":"In\u00edcio","item":"https:\/\/www.grupomedcof.com.br\/blog\/"},{"@type":"ListItem","position":2,"name":"Resid\u00eancia M\u00e9dica Albert Einstein 2024: Concorr\u00eancia"}]},{"@type":"WebSite","@id":"https:\/\/www.grupomedcof.com.br\/blog\/#website","url":"https:\/\/www.grupomedcof.com.br\/blog\/","name":"Blog de Medcof: conte\u00fados, editais, revalida e mais!","description":"Acesso o blog de MedCof! Seu portal de conte\u00fados sobre resid\u00eancia m\u00e9dica, an\u00e1lise e editais e muito mais. Clique e confira!","publisher":{"@id":"https:\/\/www.grupomedcof.com.br\/blog\/#organization"},"alternateName":"Blog de Medcof: conte\u00fados, editais, revalida e mais!","potentialAction":[{"@type":"SearchAction","target":{"@type":"EntryPoint","urlTemplate":"https:\/\/www.grupomedcof.com.br\/blog\/?s={search_term_string}"},"query-input":{"@type":"PropertyValueSpecification","valueRequired":true,"valueName":"search_term_string"}}],"inLanguage":"pt-BR"},{"@type":"Organization","@id":"https:\/\/www.grupomedcof.com.br\/blog\/#organization","name":"Grupo MedCof","url":"https:\/\/www.grupomedcof.com.br\/blog\/","logo":{"@type":"ImageObject","inLanguage":"pt-BR","@id":"https:\/\/www.grupomedcof.com.br\/blog\/#\/schema\/logo\/image\/","url":"https:\/\/www.grupomedcof.com.br\/blog\/wp-content\/uploads\/2022\/01\/logo-medcof.png","contentUrl":"https:\/\/www.grupomedcof.com.br\/blog\/wp-content\/uploads\/2022\/01\/logo-medcof.png","width":768,"height":269,"caption":"Grupo MedCof"},"image":{"@id":"https:\/\/www.grupomedcof.com.br\/blog\/#\/schema\/logo\/image\/"},"sameAs":["https:\/\/www.facebook.com\/MedCofQbank\/","https:\/\/www.instagram.com\/grupomedcof\/","https:\/\/br.linkedin.com\/company\/medcof","https:\/\/www.youtube.com\/channel\/UCdHMuOHKICxcHwecxN8P-AA"]},{"@type":"Person","@id":"https:\/\/www.grupomedcof.com.br\/blog\/#\/schema\/person\/1375e0ce724529d7a1d8156ea7f8ceaa","name":"J\u00falia Moreira","image":{"@type":"ImageObject","inLanguage":"pt-BR","@id":"https:\/\/www.grupomedcof.com.br\/blog\/wp-content\/uploads\/2024\/12\/cropped-Captura-de-tela-2023-12-15-094946-96x96.png6a0083ac34a0445de97d55fae63a4a41","url":"https:\/\/www.grupomedcof.com.br\/blog\/wp-content\/uploads\/2024\/12\/cropped-Captura-de-tela-2023-12-15-094946-96x96.png","contentUrl":"https:\/\/www.grupomedcof.com.br\/blog\/wp-content\/uploads\/2024\/12\/cropped-Captura-de-tela-2023-12-15-094946-96x96.png","caption":"J\u00falia Moreira"},"description":"Estudante do 8\u00ba semestre de Jornalismo na ECA-USP, f\u00e3 de filmes de terror e m\u00fasica popular sul-coreana.","sameAs":["https:\/\/www.grupomedcof.com.br\/"],"url":"https:\/\/www.grupomedcof.com.br\/blog\/author\/julia\/"}]}},"authors":[{"term_id":3609,"user_id":6,"is_guest":0,"slug":"julia","display_name":"J\u00falia Moreira","avatar_url":"https:\/\/www.grupomedcof.com.br\/blog\/wp-content\/uploads\/2024\/12\/cropped-Captura-de-tela-2023-12-15-094946-96x96.png","0":null,"1":"","2":"","3":"","4":"","5":"","6":"","7":"","8":""}],"_links":{"self":[{"href":"https:\/\/www.grupomedcof.com.br\/blog\/wp-json\/wp\/v2\/posts\/15538","targetHints":{"allow":["GET"]}}],"collection":[{"href":"https:\/\/www.grupomedcof.com.br\/blog\/wp-json\/wp\/v2\/posts"}],"about":[{"href":"https:\/\/www.grupomedcof.com.br\/blog\/wp-json\/wp\/v2\/types\/post"}],"author":[{"embeddable":true,"href":"https:\/\/www.grupomedcof.com.br\/blog\/wp-json\/wp\/v2\/users\/6"}],"replies":[{"embeddable":true,"href":"https:\/\/www.grupomedcof.com.br\/blog\/wp-json\/wp\/v2\/comments?post=15538"}],"version-history":[{"count":0,"href":"https:\/\/www.grupomedcof.com.br\/blog\/wp-json\/wp\/v2\/posts\/15538\/revisions"}],"wp:featuredmedia":[{"embeddable":true,"href":"https:\/\/www.grupomedcof.com.br\/blog\/wp-json\/wp\/v2\/media\/15540"}],"wp:attachment":[{"href":"https:\/\/www.grupomedcof.com.br\/blog\/wp-json\/wp\/v2\/media?parent=15538"}],"wp:term":[{"taxonomy":"category","embeddable":true,"href":"https:\/\/www.grupomedcof.com.br\/blog\/wp-json\/wp\/v2\/categories?post=15538"},{"taxonomy":"post_tag","embeddable":true,"href":"https:\/\/www.grupomedcof.com.br\/blog\/wp-json\/wp\/v2\/tags?post=15538"},{"taxonomy":"author","embeddable":true,"href":"https:\/\/www.grupomedcof.com.br\/blog\/wp-json\/wp\/v2\/ppma_author?post=15538"}],"curies":[{"name":"wp","href":"https:\/\/api.w.org\/{rel}","templated":true}]}}