{"id":15655,"date":"2023-10-24T15:57:56","date_gmt":"2023-10-24T18:57:56","guid":{"rendered":"https:\/\/www.grupomedcof.com.br\/blog\/?p=15655"},"modified":"2023-10-24T15:57:56","modified_gmt":"2023-10-24T18:57:56","slug":"concorrencia-residencia-medica-uerj-2024","status":"publish","type":"post","link":"https:\/\/www.grupomedcof.com.br\/blog\/concorrencia-residencia-medica-uerj-2024\/","title":{"rendered":"Concorr\u00eancia resid\u00eancia m\u00e9dica UERJ 2024"},"content":{"rendered":"<div id=\"ez-toc-container\" class=\"ez-toc-v2_0_74 counter-hierarchy ez-toc-counter ez-toc-transparent ez-toc-container-direction\">\n<div class=\"ez-toc-title-container\">\n<p class=\"ez-toc-title\" style=\"cursor:inherit\">Sum\u00e1rio<\/p>\n<span class=\"ez-toc-title-toggle\"><a href=\"#\" class=\"ez-toc-pull-right ez-toc-btn ez-toc-btn-xs ez-toc-btn-default ez-toc-toggle\" aria-label=\"Alternar tabela de conte\u00fado\"><span class=\"ez-toc-js-icon-con\"><span class=\"\"><span class=\"eztoc-hide\" style=\"display:none;\">Toggle<\/span><span class=\"ez-toc-icon-toggle-span\"><svg style=\"fill: #999;color:#999\" xmlns=\"http:\/\/www.w3.org\/2000\/svg\" class=\"list-377408\" width=\"20px\" height=\"20px\" viewBox=\"0 0 24 24\" fill=\"none\"><path d=\"M6 6H4v2h2V6zm14 0H8v2h12V6zM4 11h2v2H4v-2zm16 0H8v2h12v-2zM4 16h2v2H4v-2zm16 0H8v2h12v-2z\" fill=\"currentColor\"><\/path><\/svg><svg style=\"fill: #999;color:#999\" class=\"arrow-unsorted-368013\" xmlns=\"http:\/\/www.w3.org\/2000\/svg\" width=\"10px\" height=\"10px\" viewBox=\"0 0 24 24\" version=\"1.2\" baseProfile=\"tiny\"><path d=\"M18.2 9.3l-6.2-6.3-6.2 6.3c-.2.2-.3.4-.3.7s.1.5.3.7c.2.2.4.3.7.3h11c.3 0 .5-.1.7-.3.2-.2.3-.5.3-.7s-.1-.5-.3-.7zM5.8 14.7l6.2 6.3 6.2-6.3c.2-.2.3-.5.3-.7s-.1-.5-.3-.7c-.2-.2-.4-.3-.7-.3h-11c-.3 0-.5.1-.7.3-.2.2-.3.5-.3.7s.1.5.3.7z\"\/><\/svg><\/span><\/span><\/span><\/a><\/span><\/div>\n<nav><ul class='ez-toc-list ez-toc-list-level-1 ' ><li class='ez-toc-page-1 ez-toc-heading-level-2'><a class=\"ez-toc-link ez-toc-heading-1\" href=\"https:\/\/www.grupomedcof.com.br\/blog\/concorrencia-residencia-medica-uerj-2024\/#Concorrencia_residencia_medica_UERJ_2024\" >Concorr\u00eancia resid\u00eancia m\u00e9dica UERJ 2024<\/a><ul class='ez-toc-list-level-3' ><li class='ez-toc-heading-level-3'><a class=\"ez-toc-link ez-toc-heading-2\" href=\"https:\/\/www.grupomedcof.com.br\/blog\/concorrencia-residencia-medica-uerj-2024\/#Acesso_Direto\" >Acesso Direto<\/a><\/li><li class='ez-toc-page-1 ez-toc-heading-level-3'><a class=\"ez-toc-link ez-toc-heading-3\" href=\"https:\/\/www.grupomedcof.com.br\/blog\/concorrencia-residencia-medica-uerj-2024\/#Pre-Requisito\" >Pr\u00e9-Requisito<\/a><\/li><\/ul><\/li><li class='ez-toc-page-1 ez-toc-heading-level-2'><a class=\"ez-toc-link ez-toc-heading-4\" href=\"https:\/\/www.grupomedcof.com.br\/blog\/concorrencia-residencia-medica-uerj-2024\/#Processo_seletivo_UERJ_2024\" >Processo seletivo UERJ 2024<\/a><\/li><li class='ez-toc-page-1 ez-toc-heading-level-2'><a class=\"ez-toc-link ez-toc-heading-5\" href=\"https:\/\/www.grupomedcof.com.br\/blog\/concorrencia-residencia-medica-uerj-2024\/#Residencia_Medica_UERJ_20232024_Cronograma\" >Resid\u00eancia M\u00e9dica UERJ 2023\/2024: Cronograma<\/a><\/li><li class='ez-toc-page-1 ez-toc-heading-level-2'><a class=\"ez-toc-link ez-toc-heading-6\" href=\"https:\/\/www.grupomedcof.com.br\/blog\/concorrencia-residencia-medica-uerj-2024\/#Conquiste_a_aprovacao\" >Conquiste a aprova\u00e7\u00e3o<\/a><\/li><\/ul><\/nav><\/div>\n<img loading=\"lazy\" decoding=\"async\" width=\"800\" height=\"450\" src=\"https:\/\/www.grupomedcof.com.br\/blog\/wp-content\/uploads\/2023\/10\/Blog-MedCof-70-1024x576.png\" alt=\"residencia medica uerj, residencia medica uerj 2023, resid\u00eancia m\u00e9dica uerj, concorr\u00eancia uerj 2023, uerj resid\u00eancia m\u00e9dica concorr\u00eancia, uerj concorrencia residencia medica, residencia medica uerj concorrencia, resid~encia m\u00e9dica uerj 2023, uerj resid\u00eancia m\u00e9dica 2023\" srcset=\"https:\/\/www.grupomedcof.com.br\/blog\/wp-content\/uploads\/2023\/10\/Blog-MedCof-70-1024x576.png 1024w, https:\/\/www.grupomedcof.com.br\/blog\/wp-content\/uploads\/2023\/10\/Blog-MedCof-70-300x169.png 300w, https:\/\/www.grupomedcof.com.br\/blog\/wp-content\/uploads\/2023\/10\/Blog-MedCof-70-768x432.png 768w, https:\/\/www.grupomedcof.com.br\/blog\/wp-content\/uploads\/2023\/10\/Blog-MedCof-70-1536x864.png 1536w, https:\/\/www.grupomedcof.com.br\/blog\/wp-content\/uploads\/2023\/10\/Blog-MedCof-70-2048x1152.png 2048w\" sizes=\"auto, (max-width: 800px) 100vw, 800px\" \/>\t\t\t\t\t\t\t\t\t\t\t\t\t\t\t\n\t\t<p>O CEPUERJ (Centro de Produ\u00e7\u00e3o da UERJ) divulgou a quantidade de&nbsp;candidatos inscritos por vaga da UERJ 2024, confira a concorr\u00eancia para cada resid\u00eancia m\u00e9dica.<br><\/p>\t\t\n\t\t\t<h4>\n\t\t\t\tVeja a seguir\t\t\t<\/h4>\n\t\t<h2 id=\"h-concorrencia-residencia-medica-uerj-2024\" style=\"font-family: Poppins, sans-serif; color: #7a7a7a;\"><span class=\"ez-toc-section\" id=\"Concorrencia_residencia_medica_UERJ_2024\"><\/span><strong>Concorr\u00eancia resid\u00eancia m\u00e9dica UERJ 2024<\/strong><span class=\"ez-toc-section-end\"><\/span><\/h2>\n<p>De acordo com a<strong><a href=\"https:\/\/www.cepuerj.uerj.br\/uploads\/concursos\/169809154070729674d0b8391f5e5029ba80cbee78e7ee39a\/610899986.pdf\" target=\"_blank\" rel=\"noopener\">\u00a0publica\u00e7\u00e3o<\/a><\/strong>, esta edi\u00e7\u00e3o contar\u00e1 com\u00a03.298 candidatos inscritos para as 230 vagas ofertadas. Sendo uma das institui\u00e7\u00f5es mais concorridas do pa\u00eds, algumas especialidades somam mais de 60 candidatos por vaga, veja abaixo a distribui\u00e7\u00e3o com base no n\u00famero de vagas totais:<\/p>\n<p>\u00a0<\/p>\n<h3 id=\"h-acesso-direto\" style=\"font-family: Poppins, sans-serif; color: #7a7a7a;\"><span class=\"ez-toc-section\" id=\"Acesso_Direto\"><\/span><strong>Acesso Direto<\/strong><span class=\"ez-toc-section-end\"><\/span><\/h3>\n<figure>\n<table style=\"width: 800px;\">\n<tbody>\n<tr>\n<td style=\"background-color: rgba(128, 128, 128, 0.07);\">Especialidade<\/td>\n<td style=\"background-color: rgba(128, 128, 128, 0.07);\">Candidato\/Vaga<\/td>\n<\/tr>\n<tr>\n<td>Anestesiologia<\/td>\n<td>41,57<\/td>\n<\/tr>\n<tr>\n<td style=\"background-color: rgba(128, 128, 128, 0.07);\">Cirurgia Geral<\/td>\n<td style=\"background-color: rgba(128, 128, 128, 0.07);\">93,33<\/td>\n<\/tr>\n<tr>\n<td>Cirurgia Cardiovascular<\/td>\n<td>13,50<\/td>\n<\/tr>\n<tr>\n<td style=\"background-color: rgba(128, 128, 128, 0.07);\">Cl\u00ednica M\u00e9dica<\/td>\n<td style=\"background-color: rgba(128, 128, 128, 0.07);\">25,27<\/td>\n<\/tr>\n<tr>\n<td>Dermatologia<\/td>\n<td>38,16<\/td>\n<\/tr>\n<tr>\n<td style=\"background-color: rgba(128, 128, 128, 0.07);\">Ginecologia e Obstetr\u00edcia<\/td>\n<td style=\"background-color: rgba(128, 128, 128, 0.07);\">65,50<\/td>\n<\/tr>\n<tr>\n<td>Infectologia<\/td>\n<td>5,66<\/td>\n<\/tr>\n<tr>\n<td style=\"background-color: rgba(128, 128, 128, 0.07);\">Medicina de Fam\u00edlia e Comunidade<\/td>\n<td style=\"background-color: rgba(128, 128, 128, 0.07);\">5,66<\/td>\n<\/tr>\n<tr>\n<td>Medicina do Trabalho<\/td>\n<td>6,50<\/td>\n<\/tr>\n<tr>\n<td style=\"background-color: rgba(128, 128, 128, 0.07);\">Medicina F\u00edsica e Reabilita\u00e7\u00e3o<\/td>\n<td style=\"background-color: rgba(128, 128, 128, 0.07);\">2,50<\/td>\n<\/tr>\n<tr>\n<td>Medicina Intensiva<\/td>\n<td>10,66<\/td>\n<\/tr>\n<tr>\n<td style=\"background-color: rgba(128, 128, 128, 0.07);\">Neurocirurgia<\/td>\n<td style=\"background-color: rgba(128, 128, 128, 0.07);\">38<\/td>\n<\/tr>\n<tr>\n<td>Neurologia<\/td>\n<td>21,25<\/td>\n<\/tr>\n<tr>\n<td style=\"background-color: rgba(128, 128, 128, 0.07);\">Oftalmologia<\/td>\n<td style=\"background-color: rgba(128, 128, 128, 0.07);\">32<\/td>\n<\/tr>\n<tr>\n<td>Ortopedia e Traumatologia<\/td>\n<td>22<\/td>\n<\/tr>\n<tr>\n<td style=\"background-color: rgba(128, 128, 128, 0.07);\">Otorrinolaringologia<\/td>\n<td style=\"background-color: rgba(128, 128, 128, 0.07);\">39,66<\/td>\n<\/tr>\n<tr>\n<td>Pediatria<\/td>\n<td>20<\/td>\n<\/tr>\n<tr>\n<td style=\"background-color: rgba(128, 128, 128, 0.07);\">Psiquiatria<\/td>\n<td style=\"background-color: rgba(128, 128, 128, 0.07);\">47,80<\/td>\n<\/tr>\n<tr>\n<td>Radiologia e Diagn\u00f3stico por Imagem<\/td>\n<td>15,83<\/td>\n<\/tr>\n<\/tbody>\n<\/table>\n<figcaption>A defini\u00e7\u00e3o da concorr\u00eancia teve como base no n\u00famero de vagas totais, desconsiderando as vagas reservadas para candidatos autodeclarados negros, em servi\u00e7o militar ou PcDs, entre outros.<\/figcaption>\n<\/figure>\t\t\n\t\t\t\t\t\t\t\t\t\t\t\t\t\t\t\t<a href=\"https:\/\/www.grupomedcof.com.br\/links-extensivos-2024\/\" target=\"_blank\" rel=\"noopener\">\n\t\t\t\t\t\t\t<img loading=\"lazy\" decoding=\"async\" width=\"800\" height=\"127\" src=\"https:\/\/www.grupomedcof.com.br\/blog\/wp-content\/uploads\/2023\/09\/Captura-de-tela-2023-09-25-085840-1024x163.png\" alt=\"aulas medcof, grupo medcof, medcof aulas,\" srcset=\"https:\/\/www.grupomedcof.com.br\/blog\/wp-content\/uploads\/2023\/09\/Captura-de-tela-2023-09-25-085840-1024x163.png 1024w, https:\/\/www.grupomedcof.com.br\/blog\/wp-content\/uploads\/2023\/09\/Captura-de-tela-2023-09-25-085840-300x48.png 300w, https:\/\/www.grupomedcof.com.br\/blog\/wp-content\/uploads\/2023\/09\/Captura-de-tela-2023-09-25-085840-768x122.png 768w, https:\/\/www.grupomedcof.com.br\/blog\/wp-content\/uploads\/2023\/09\/Captura-de-tela-2023-09-25-085840-1536x244.png 1536w, https:\/\/www.grupomedcof.com.br\/blog\/wp-content\/uploads\/2023\/09\/Captura-de-tela-2023-09-25-085840-2048x325.png 2048w\" sizes=\"auto, (max-width: 800px) 100vw, 800px\" \/>\t\t\t\t\t\t\t\t<\/a>\n\t\t<p><\/p>\n<h3><span class=\"ez-toc-section\" id=\"Pre-Requisito\"><\/span><strong>Pr\u00e9-Requisito<\/strong><span class=\"ez-toc-section-end\"><\/span><\/h3>\n<p><\/p>\n<p><\/p>\n<figure>\n<table>\n<tbody>\n<tr>\n<td><strong>Especialidade<\/strong><\/td>\n<td><strong>Candidato\/Vaga<\/strong><\/td>\n<\/tr>\n<tr>\n<td>Administra\u00e7\u00e3o em Sa\u00fade<\/td>\n<td>2,84<\/td>\n<\/tr>\n<tr>\n<td>Angiologia<\/td>\n<td>01<\/td>\n<\/tr>\n<tr>\n<td>Angiologia e Cirurgia Endovascular<\/td>\n<td>2,66<\/td>\n<\/tr>\n<tr>\n<td>Cardiologia<\/td>\n<td>6,27<\/td>\n<\/tr>\n<tr>\n<td>Cirurgia Craniomaxilofacial<\/td>\n<td>01<\/td>\n<\/tr>\n<tr>\n<td>Cirurgia da M\u00e3o<\/td>\n<td>12<\/td>\n<\/tr>\n<tr>\n<td>Cirurgia Pedi\u00e1trica<\/td>\n<td>03<\/td>\n<\/tr>\n<tr>\n<td>Cirurgia Pl\u00e1stica<\/td>\n<td>68<\/td>\n<\/tr>\n<tr>\n<td>Cirurgia Tor\u00e1cica<\/td>\n<td>06<\/td>\n<\/tr>\n<tr>\n<td>Cirurgia Vascular<\/td>\n<td>07<\/td>\n<\/tr>\n<tr>\n<td>Cl\u00ednica M\u00e9dica \u2013 R3<\/td>\n<td>1,50<\/td>\n<\/tr>\n<tr>\n<td>Coloproctologia<\/td>\n<td>07<\/td>\n<\/tr>\n<tr>\n<td>Ecocardiografia<\/td>\n<td>1,50<\/td>\n<\/tr>\n<tr>\n<td>Ecografia Vascular com Doppler<\/td>\n<td>04<\/td>\n<\/tr>\n<tr>\n<td>Endocrinologia<\/td>\n<td>6,33<\/td>\n<\/tr>\n<tr>\n<td>Endocrinologia Pedi\u00e1trica<\/td>\n<td>1,50<\/td>\n<\/tr>\n<tr>\n<td>Endoscopia Ginecol\u00f3gica<\/td>\n<td>9,50<\/td>\n<\/tr>\n<tr>\n<td>Endoscopia Respirat\u00f3ria (Cirurgia Tor\u00e1cica)<\/td>\n<td>01<\/td>\n<\/tr>\n<tr>\n<td>Endoscopia Respirat\u00f3ria (Pneumologia)<\/td>\n<td>02<\/td>\n<\/tr>\n<tr>\n<td>Gastroenterologia<\/td>\n<td>9,75<\/td>\n<\/tr>\n<tr>\n<td>Geriatria<\/td>\n<td>09<\/td>\n<\/tr>\n<tr>\n<td>Hematologia e Hemoterapia<\/td>\n<td>6,75<\/td>\n<\/tr>\n<tr>\n<td>Hemodin\u00e2mica e Cardiologia Intervencionista<\/td>\n<td>02<\/td>\n<\/tr>\n<tr>\n<td>Medicina do Adolescente<\/td>\n<td>0,16<\/td>\n<\/tr>\n<tr>\n<td>Medicina Intensiva Pedi\u00e1trica<\/td>\n<td>04<\/td>\n<\/tr>\n<tr>\n<td>Nefrologia<\/td>\n<td>3,16<\/td>\n<\/tr>\n<tr>\n<td>Neonatologia<\/td>\n<td>1,25<\/td>\n<\/tr>\n<tr>\n<td>Neurofisiologia Cl\u00ednica<\/td>\n<td>1,50<\/td>\n<\/tr>\n<tr>\n<td>Pneumologia<\/td>\n<td>04<\/td>\n<\/tr>\n<tr>\n<td>Reumatologia<\/td>\n<td>3,20<\/td>\n<\/tr>\n<tr>\n<td>Transplante de Medula \u00d3ssea<\/td>\n<td>5,50<\/td>\n<\/tr>\n<tr>\n<td>Transplante Renal (Nefrologia)<\/td>\n<td>01<\/td>\n<\/tr>\n<tr>\n<td>Transplante Renal (Urologia)<\/td>\n<td>3,50<\/td>\n<\/tr>\n<tr>\n<td>Ultrassonografia<\/td>\n<td>16<\/td>\n<\/tr>\n<tr>\n<td>Urologia<\/td>\n<td>7,25<\/td>\n<\/tr>\n<\/tbody>\n<\/table>\n<figcaption>A defini\u00e7\u00e3o da concorr\u00eancia teve como base no n\u00famero de vagas totais, desconsiderando as vagas reservadas para candidatos autodeclarados negros, em servi\u00e7o militar ou PcDs, entre outros.<\/figcaption>\n<\/figure>\n<p><\/p>\t\t\n\t\t\t\t\t\t\t\t\t\t\t\t\t\t\t\t<a href=\"https:\/\/www.grupomedcof.com.br\/blog\/qbank-medcof\/\" target=\"_blank\" rel=\"noopener\">\n\t\t\t\t\t\t\t<img loading=\"lazy\" decoding=\"async\" width=\"800\" height=\"128\" src=\"https:\/\/www.grupomedcof.com.br\/blog\/wp-content\/uploads\/2023\/07\/Blog-MedCof-2023-07-06T091657.858-1024x164.png\" alt=\"medcof qbank, medcof aulas, grupo medcof, aulas medcof, qbank, banco de questoes medcof, medcof banco de questoes\" srcset=\"https:\/\/www.grupomedcof.com.br\/blog\/wp-content\/uploads\/2023\/07\/Blog-MedCof-2023-07-06T091657.858-1024x164.png 1024w, https:\/\/www.grupomedcof.com.br\/blog\/wp-content\/uploads\/2023\/07\/Blog-MedCof-2023-07-06T091657.858-300x48.png 300w, https:\/\/www.grupomedcof.com.br\/blog\/wp-content\/uploads\/2023\/07\/Blog-MedCof-2023-07-06T091657.858-768x123.png 768w, https:\/\/www.grupomedcof.com.br\/blog\/wp-content\/uploads\/2023\/07\/Blog-MedCof-2023-07-06T091657.858-1536x246.png 1536w, https:\/\/www.grupomedcof.com.br\/blog\/wp-content\/uploads\/2023\/07\/Blog-MedCof-2023-07-06T091657.858-2048x327.png 2048w\" sizes=\"auto, (max-width: 800px) 100vw, 800px\" \/>\t\t\t\t\t\t\t\t<\/a>\n\t\t<h2 id=\"h-processo-seletivo-uerj-2024\" style=\"font-family: Poppins, sans-serif; color: #7a7a7a;\"><span class=\"ez-toc-section\" id=\"Processo_seletivo_UERJ_2024\"><\/span><strong>Processo seletivo UERJ 2024<\/strong><span class=\"ez-toc-section-end\"><\/span><\/h2>\n<p>De acordo com o\u00a0<a href=\"https:\/\/www.grupomedcof.com.br\/blog\/edital-residencia-medica-uerj-2023-2024\/\" target=\"_blank\" rel=\"noopener\">edital\u00a0<\/a>da UERJ 2024, o processo seletivo contar\u00e1 com\u00a0apenas uma fase avaliativa.\u00a0Marcada para o dia\u00a018 de novembro, a prova objetiva ter\u00e1\u00a0100 quest\u00f5es\u00a0de m\u00faltipla escolha para os programas de Acesso Direto,\u00a050 quest\u00f5es\u00a0para os programas com pr\u00e9-requisito e\u00a04 quest\u00f5es\u00a0para as especialidades R3, R4 e Cirurgia da M\u00e3o.<\/p>\t\t\n\t\t<h2 id=\"h-residencia-medica-uerj-2023-2024-cronograma\" style=\"font-family: Poppins, sans-serif; color: #7a7a7a;\"><span class=\"ez-toc-section\" id=\"Residencia_Medica_UERJ_20232024_Cronograma\"><\/span>Resid\u00eancia M\u00e9dica UERJ 2023\/2024: Cronograma<span class=\"ez-toc-section-end\"><\/span><\/h2>\n<p>\u00a0<\/p>\n<p>Por fim, confira as principais datas do processo seletivo para resid\u00eancia m\u00e9dica da UERJ 2023\/2024:<\/p>\n<p>\u00a0<\/p>\n<ul>\n<li>Isen\u00e7\u00e3o: 19 a 21\/09\/2023<\/li>\n<li>Inscri\u00e7\u00f5es: 19\/09 a 18\/10\/2023<\/li>\n<li>Envio dos documentos comprobat\u00f3rios: 19\/09 a 19\/10\/2023<\/li>\n<li>Prova objetiva e Gabarito preliminar: 18\/11\/2023<\/li>\n<li>Recursos: 19 a 21\/11\/2023<\/li>\n<li>Resultado Final (Acesso Direto e Pr\u00e9-Requisito): 11\/01\/2024<\/li>\n<li>Resultado Final (Cirurgia da M\u00e3o, R3 e R4): 30\/01\/2024<\/li>\n<li>Confirma\u00e7\u00e3o de interesse na vaga: 05 a 07\/02\/2024<\/li>\n<li><b>L<\/b>istagem de candidatos aptos para matr\u00edcula: 08\/02\/2024<\/li>\n<li>Matr\u00edculas: 19 a 23\/02\/2024<\/li>\n<li>In\u00edcio dos programas:\u00a001\/03\/2024<\/li>\n<\/ul>\t\t\n\t\t<h2 style=\"font-family: Poppins, sans-serif; color: rgb(122, 122, 122);\"><span class=\"ez-toc-section\" id=\"Conquiste_a_aprovacao\"><\/span>Conquiste a aprova\u00e7\u00e3o<span class=\"ez-toc-section-end\"><\/span><\/h2><p><\/p><p><\/p><p>Sabia que os alunos MedCof n\u00e3o enfrentam qualquer concorr\u00eancia? Para saber como isso \u00e9 poss\u00edvel, o&nbsp;Grupo MedCof&nbsp;e a metodologia que j\u00e1 aprovou mais de<a href=\"https:\/\/www.grupomedcof.com.br\/blog\/presenca-da-medcof-nas-aprovacoes-em-residencia-medica-no-brasil\/\" target=\"_blank\" rel=\"noreferrer noopener\">&nbsp;<\/a><a href=\"https:\/\/www.grupomedcof.com.br\/blog\/presenca-da-medcof-nas-aprovacoes-em-residencia-medica-no-brasil\/\" target=\"_blank\" rel=\"noreferrer noopener\">10 mil residentes pelo pa\u00eds.&nbsp;<\/a>&nbsp;Al\u00e9m disso, atrav\u00e9s do nosso&nbsp;<a href=\"https:\/\/www.youtube.com\/@GrupoMedcof\/featured\" target=\"_blank\" rel=\"noreferrer noopener\">canal do youtube<\/a>, voc\u00ea pode ver diversos materiais de revis\u00e3o e corre\u00e7\u00e3o para resid\u00eancia m\u00e9dica.<\/p>","protected":false},"excerpt":{"rendered":"<p>O CEPUERJ divulgou a quantidade de candidatos inscritos por vaga da UERJ 2024, confira a concorr\u00eancia para cada resid\u00eancia m\u00e9dica.<\/p>\n","protected":false},"author":6,"featured_media":15674,"comment_status":"open","ping_status":"open","sticky":false,"template":"","format":"standard","meta":{"footnotes":""},"categories":[174],"tags":[93,117,68],"ppma_author":[3609],"class_list":{"0":"post-15655","1":"post","2":"type-post","3":"status-publish","4":"format-standard","5":"has-post-thumbnail","7":"category-residencia-medica","8":"tag-especialidades-medicas","9":"tag-provas-de-residencia","10":"tag-residencia-medica"},"yoast_head":"<!-- This site is optimized with the Yoast SEO Premium plugin v24.3 (Yoast SEO v27.5) - https:\/\/yoast.com\/product\/yoast-seo-premium-wordpress\/ -->\n<title>Concorr\u00eancia resid\u00eancia m\u00e9dica UERJ 2024 - Blog de Medcof: conte\u00fados, editais, revalida e mais!<\/title>\n<meta name=\"description\" content=\"O CEPUERJ divulgou a quantidade de candidatos inscritos por vaga da UERJ 2024, confira a concorr\u00eancia para cada resid\u00eancia m\u00e9dica.\" \/>\n<meta name=\"robots\" content=\"index, follow, max-snippet:-1, max-image-preview:large, max-video-preview:-1\" \/>\n<link rel=\"canonical\" href=\"https:\/\/www.grupomedcof.com.br\/blog\/concorrencia-residencia-medica-uerj-2024\/\" \/>\n<meta property=\"og:locale\" content=\"pt_BR\" \/>\n<meta property=\"og:type\" content=\"article\" \/>\n<meta property=\"og:title\" content=\"Concorr\u00eancia resid\u00eancia m\u00e9dica UERJ 2024\" \/>\n<meta property=\"og:description\" content=\"O CEPUERJ divulgou a quantidade de candidatos inscritos por vaga da UERJ 2024, confira a concorr\u00eancia para cada resid\u00eancia m\u00e9dica.\" \/>\n<meta property=\"og:url\" content=\"https:\/\/www.grupomedcof.com.br\/blog\/concorrencia-residencia-medica-uerj-2024\/\" \/>\n<meta property=\"og:site_name\" content=\"Blog de Medcof: conte\u00fados, editais, revalida e mais!\" \/>\n<meta property=\"article:publisher\" content=\"https:\/\/www.facebook.com\/MedCofQbank\/\" \/>\n<meta property=\"article:published_time\" content=\"2023-10-24T18:57:56+00:00\" \/>\n<meta property=\"og:image\" content=\"https:\/\/www.grupomedcof.com.br\/blog\/wp-content\/uploads\/2023\/10\/Blog-MedCof-70.png\" \/>\n\t<meta property=\"og:image:width\" content=\"2560\" \/>\n\t<meta property=\"og:image:height\" content=\"1440\" \/>\n\t<meta property=\"og:image:type\" content=\"image\/png\" \/>\n<meta name=\"author\" content=\"J\u00falia Moreira\" \/>\n<meta name=\"twitter:card\" content=\"summary_large_image\" \/>\n<meta name=\"twitter:label1\" content=\"Escrito por\" \/>\n\t<meta name=\"twitter:data1\" content=\"J\u00falia Moreira\" \/>\n\t<meta name=\"twitter:label2\" content=\"Est. tempo de leitura\" \/>\n\t<meta name=\"twitter:data2\" content=\"6 minutos\" \/>\n<script type=\"application\/ld+json\" class=\"yoast-schema-graph\">{\"@context\":\"https:\\\/\\\/schema.org\",\"@graph\":[{\"@type\":\"Article\",\"@id\":\"https:\\\/\\\/www.grupomedcof.com.br\\\/blog\\\/concorrencia-residencia-medica-uerj-2024\\\/#article\",\"isPartOf\":{\"@id\":\"https:\\\/\\\/www.grupomedcof.com.br\\\/blog\\\/concorrencia-residencia-medica-uerj-2024\\\/\"},\"author\":{\"name\":\"J\u00falia Moreira\",\"@id\":\"https:\\\/\\\/www.grupomedcof.com.br\\\/blog\\\/#\\\/schema\\\/person\\\/1375e0ce724529d7a1d8156ea7f8ceaa\"},\"headline\":\"Concorr\u00eancia resid\u00eancia m\u00e9dica UERJ 2024\",\"datePublished\":\"2023-10-24T18:57:56+00:00\",\"mainEntityOfPage\":{\"@id\":\"https:\\\/\\\/www.grupomedcof.com.br\\\/blog\\\/concorrencia-residencia-medica-uerj-2024\\\/\"},\"wordCount\":514,\"commentCount\":0,\"publisher\":{\"@id\":\"https:\\\/\\\/www.grupomedcof.com.br\\\/blog\\\/#organization\"},\"image\":{\"@id\":\"https:\\\/\\\/www.grupomedcof.com.br\\\/blog\\\/concorrencia-residencia-medica-uerj-2024\\\/#primaryimage\"},\"thumbnailUrl\":\"https:\\\/\\\/www.grupomedcof.com.br\\\/blog\\\/wp-content\\\/uploads\\\/2023\\\/10\\\/Blog-MedCof-70.png\",\"keywords\":[\"Especialidades m\u00e9dicas\",\"Provas de Resid\u00eancia\",\"Resid\u00eancia M\u00e9dica\"],\"articleSection\":[\"Resid\u00eancia m\u00e9dica: editais, resultados, temas quentes e mais\"],\"inLanguage\":\"pt-BR\"},{\"@type\":\"WebPage\",\"@id\":\"https:\\\/\\\/www.grupomedcof.com.br\\\/blog\\\/concorrencia-residencia-medica-uerj-2024\\\/\",\"url\":\"https:\\\/\\\/www.grupomedcof.com.br\\\/blog\\\/concorrencia-residencia-medica-uerj-2024\\\/\",\"name\":\"Concorr\u00eancia resid\u00eancia m\u00e9dica UERJ 2024 - Blog de Medcof: conte\u00fados, editais, revalida e mais!\",\"isPartOf\":{\"@id\":\"https:\\\/\\\/www.grupomedcof.com.br\\\/blog\\\/#website\"},\"primaryImageOfPage\":{\"@id\":\"https:\\\/\\\/www.grupomedcof.com.br\\\/blog\\\/concorrencia-residencia-medica-uerj-2024\\\/#primaryimage\"},\"image\":{\"@id\":\"https:\\\/\\\/www.grupomedcof.com.br\\\/blog\\\/concorrencia-residencia-medica-uerj-2024\\\/#primaryimage\"},\"thumbnailUrl\":\"https:\\\/\\\/www.grupomedcof.com.br\\\/blog\\\/wp-content\\\/uploads\\\/2023\\\/10\\\/Blog-MedCof-70.png\",\"datePublished\":\"2023-10-24T18:57:56+00:00\",\"description\":\"O CEPUERJ divulgou a quantidade de candidatos inscritos por vaga da UERJ 2024, confira a concorr\u00eancia para cada resid\u00eancia m\u00e9dica.\",\"breadcrumb\":{\"@id\":\"https:\\\/\\\/www.grupomedcof.com.br\\\/blog\\\/concorrencia-residencia-medica-uerj-2024\\\/#breadcrumb\"},\"inLanguage\":\"pt-BR\",\"potentialAction\":[{\"@type\":\"ReadAction\",\"target\":[\"https:\\\/\\\/www.grupomedcof.com.br\\\/blog\\\/concorrencia-residencia-medica-uerj-2024\\\/\"]}]},{\"@type\":\"ImageObject\",\"inLanguage\":\"pt-BR\",\"@id\":\"https:\\\/\\\/www.grupomedcof.com.br\\\/blog\\\/concorrencia-residencia-medica-uerj-2024\\\/#primaryimage\",\"url\":\"https:\\\/\\\/www.grupomedcof.com.br\\\/blog\\\/wp-content\\\/uploads\\\/2023\\\/10\\\/Blog-MedCof-70.png\",\"contentUrl\":\"https:\\\/\\\/www.grupomedcof.com.br\\\/blog\\\/wp-content\\\/uploads\\\/2023\\\/10\\\/Blog-MedCof-70.png\",\"width\":2560,\"height\":1440,\"caption\":\"O CEPUERJ divulgou a quantidade de candidatos inscritos por vaga da UERJ 2024, confira a concorr\u00eancia para cada resid\u00eancia m\u00e9dica.\"},{\"@type\":\"BreadcrumbList\",\"@id\":\"https:\\\/\\\/www.grupomedcof.com.br\\\/blog\\\/concorrencia-residencia-medica-uerj-2024\\\/#breadcrumb\",\"itemListElement\":[{\"@type\":\"ListItem\",\"position\":1,\"name\":\"In\u00edcio\",\"item\":\"https:\\\/\\\/www.grupomedcof.com.br\\\/blog\\\/\"},{\"@type\":\"ListItem\",\"position\":2,\"name\":\"Concorr\u00eancia resid\u00eancia m\u00e9dica UERJ 2024\"}]},{\"@type\":\"WebSite\",\"@id\":\"https:\\\/\\\/www.grupomedcof.com.br\\\/blog\\\/#website\",\"url\":\"https:\\\/\\\/www.grupomedcof.com.br\\\/blog\\\/\",\"name\":\"Blog de Medcof: conte\u00fados, editais, revalida e mais!\",\"description\":\"Acesso o blog de MedCof! Seu portal de conte\u00fados sobre resid\u00eancia m\u00e9dica, an\u00e1lise e editais e muito mais. Clique e confira!\",\"publisher\":{\"@id\":\"https:\\\/\\\/www.grupomedcof.com.br\\\/blog\\\/#organization\"},\"alternateName\":\"Blog de Medcof: conte\u00fados, editais, revalida e mais!\",\"potentialAction\":[{\"@type\":\"SearchAction\",\"target\":{\"@type\":\"EntryPoint\",\"urlTemplate\":\"https:\\\/\\\/www.grupomedcof.com.br\\\/blog\\\/?s={search_term_string}\"},\"query-input\":{\"@type\":\"PropertyValueSpecification\",\"valueRequired\":true,\"valueName\":\"search_term_string\"}}],\"inLanguage\":\"pt-BR\"},{\"@type\":\"Organization\",\"@id\":\"https:\\\/\\\/www.grupomedcof.com.br\\\/blog\\\/#organization\",\"name\":\"Grupo MedCof\",\"url\":\"https:\\\/\\\/www.grupomedcof.com.br\\\/blog\\\/\",\"logo\":{\"@type\":\"ImageObject\",\"inLanguage\":\"pt-BR\",\"@id\":\"https:\\\/\\\/www.grupomedcof.com.br\\\/blog\\\/#\\\/schema\\\/logo\\\/image\\\/\",\"url\":\"https:\\\/\\\/www.grupomedcof.com.br\\\/blog\\\/wp-content\\\/uploads\\\/2022\\\/01\\\/logo-medcof.png\",\"contentUrl\":\"https:\\\/\\\/www.grupomedcof.com.br\\\/blog\\\/wp-content\\\/uploads\\\/2022\\\/01\\\/logo-medcof.png\",\"width\":768,\"height\":269,\"caption\":\"Grupo MedCof\"},\"image\":{\"@id\":\"https:\\\/\\\/www.grupomedcof.com.br\\\/blog\\\/#\\\/schema\\\/logo\\\/image\\\/\"},\"sameAs\":[\"https:\\\/\\\/www.facebook.com\\\/MedCofQbank\\\/\",\"https:\\\/\\\/www.instagram.com\\\/grupomedcof\\\/\",\"https:\\\/\\\/br.linkedin.com\\\/company\\\/medcof\",\"https:\\\/\\\/www.youtube.com\\\/channel\\\/UCdHMuOHKICxcHwecxN8P-AA\"]},{\"@type\":\"Person\",\"@id\":\"https:\\\/\\\/www.grupomedcof.com.br\\\/blog\\\/#\\\/schema\\\/person\\\/1375e0ce724529d7a1d8156ea7f8ceaa\",\"name\":\"J\u00falia Moreira\",\"image\":{\"@type\":\"ImageObject\",\"inLanguage\":\"pt-BR\",\"@id\":\"https:\\\/\\\/www.grupomedcof.com.br\\\/blog\\\/wp-content\\\/uploads\\\/2024\\\/12\\\/cropped-Captura-de-tela-2023-12-15-094946-96x96.png6a0083ac34a0445de97d55fae63a4a41\",\"url\":\"https:\\\/\\\/www.grupomedcof.com.br\\\/blog\\\/wp-content\\\/uploads\\\/2024\\\/12\\\/cropped-Captura-de-tela-2023-12-15-094946-96x96.png\",\"contentUrl\":\"https:\\\/\\\/www.grupomedcof.com.br\\\/blog\\\/wp-content\\\/uploads\\\/2024\\\/12\\\/cropped-Captura-de-tela-2023-12-15-094946-96x96.png\",\"caption\":\"J\u00falia Moreira\"},\"description\":\"Estudante do 8\u00ba semestre de Jornalismo na ECA-USP, f\u00e3 de filmes de terror e m\u00fasica popular sul-coreana.\",\"sameAs\":[\"https:\\\/\\\/www.grupomedcof.com.br\\\/\"],\"url\":\"https:\\\/\\\/www.grupomedcof.com.br\\\/blog\\\/author\\\/julia\\\/\"}]}<\/script>\n<!-- \/ Yoast SEO Premium plugin. -->","yoast_head_json":{"title":"Concorr\u00eancia resid\u00eancia m\u00e9dica UERJ 2024 - Blog de Medcof: conte\u00fados, editais, revalida e mais!","description":"O CEPUERJ divulgou a quantidade de candidatos inscritos por vaga da UERJ 2024, confira a concorr\u00eancia para cada resid\u00eancia m\u00e9dica.","robots":{"index":"index","follow":"follow","max-snippet":"max-snippet:-1","max-image-preview":"max-image-preview:large","max-video-preview":"max-video-preview:-1"},"canonical":"https:\/\/www.grupomedcof.com.br\/blog\/concorrencia-residencia-medica-uerj-2024\/","og_locale":"pt_BR","og_type":"article","og_title":"Concorr\u00eancia resid\u00eancia m\u00e9dica UERJ 2024","og_description":"O CEPUERJ divulgou a quantidade de candidatos inscritos por vaga da UERJ 2024, confira a concorr\u00eancia para cada resid\u00eancia m\u00e9dica.","og_url":"https:\/\/www.grupomedcof.com.br\/blog\/concorrencia-residencia-medica-uerj-2024\/","og_site_name":"Blog de Medcof: conte\u00fados, editais, revalida e mais!","article_publisher":"https:\/\/www.facebook.com\/MedCofQbank\/","article_published_time":"2023-10-24T18:57:56+00:00","og_image":[{"width":2560,"height":1440,"url":"https:\/\/www.grupomedcof.com.br\/blog\/wp-content\/uploads\/2023\/10\/Blog-MedCof-70.png","type":"image\/png"}],"author":"J\u00falia Moreira","twitter_card":"summary_large_image","twitter_misc":{"Escrito por":"J\u00falia Moreira","Est. tempo de leitura":"6 minutos"},"schema":{"@context":"https:\/\/schema.org","@graph":[{"@type":"Article","@id":"https:\/\/www.grupomedcof.com.br\/blog\/concorrencia-residencia-medica-uerj-2024\/#article","isPartOf":{"@id":"https:\/\/www.grupomedcof.com.br\/blog\/concorrencia-residencia-medica-uerj-2024\/"},"author":{"name":"J\u00falia Moreira","@id":"https:\/\/www.grupomedcof.com.br\/blog\/#\/schema\/person\/1375e0ce724529d7a1d8156ea7f8ceaa"},"headline":"Concorr\u00eancia resid\u00eancia m\u00e9dica UERJ 2024","datePublished":"2023-10-24T18:57:56+00:00","mainEntityOfPage":{"@id":"https:\/\/www.grupomedcof.com.br\/blog\/concorrencia-residencia-medica-uerj-2024\/"},"wordCount":514,"commentCount":0,"publisher":{"@id":"https:\/\/www.grupomedcof.com.br\/blog\/#organization"},"image":{"@id":"https:\/\/www.grupomedcof.com.br\/blog\/concorrencia-residencia-medica-uerj-2024\/#primaryimage"},"thumbnailUrl":"https:\/\/www.grupomedcof.com.br\/blog\/wp-content\/uploads\/2023\/10\/Blog-MedCof-70.png","keywords":["Especialidades m\u00e9dicas","Provas de Resid\u00eancia","Resid\u00eancia M\u00e9dica"],"articleSection":["Resid\u00eancia m\u00e9dica: editais, resultados, temas quentes e mais"],"inLanguage":"pt-BR"},{"@type":"WebPage","@id":"https:\/\/www.grupomedcof.com.br\/blog\/concorrencia-residencia-medica-uerj-2024\/","url":"https:\/\/www.grupomedcof.com.br\/blog\/concorrencia-residencia-medica-uerj-2024\/","name":"Concorr\u00eancia resid\u00eancia m\u00e9dica UERJ 2024 - Blog de Medcof: conte\u00fados, editais, revalida e mais!","isPartOf":{"@id":"https:\/\/www.grupomedcof.com.br\/blog\/#website"},"primaryImageOfPage":{"@id":"https:\/\/www.grupomedcof.com.br\/blog\/concorrencia-residencia-medica-uerj-2024\/#primaryimage"},"image":{"@id":"https:\/\/www.grupomedcof.com.br\/blog\/concorrencia-residencia-medica-uerj-2024\/#primaryimage"},"thumbnailUrl":"https:\/\/www.grupomedcof.com.br\/blog\/wp-content\/uploads\/2023\/10\/Blog-MedCof-70.png","datePublished":"2023-10-24T18:57:56+00:00","description":"O CEPUERJ divulgou a quantidade de candidatos inscritos por vaga da UERJ 2024, confira a concorr\u00eancia para cada resid\u00eancia m\u00e9dica.","breadcrumb":{"@id":"https:\/\/www.grupomedcof.com.br\/blog\/concorrencia-residencia-medica-uerj-2024\/#breadcrumb"},"inLanguage":"pt-BR","potentialAction":[{"@type":"ReadAction","target":["https:\/\/www.grupomedcof.com.br\/blog\/concorrencia-residencia-medica-uerj-2024\/"]}]},{"@type":"ImageObject","inLanguage":"pt-BR","@id":"https:\/\/www.grupomedcof.com.br\/blog\/concorrencia-residencia-medica-uerj-2024\/#primaryimage","url":"https:\/\/www.grupomedcof.com.br\/blog\/wp-content\/uploads\/2023\/10\/Blog-MedCof-70.png","contentUrl":"https:\/\/www.grupomedcof.com.br\/blog\/wp-content\/uploads\/2023\/10\/Blog-MedCof-70.png","width":2560,"height":1440,"caption":"O CEPUERJ divulgou a quantidade de candidatos inscritos por vaga da UERJ 2024, confira a concorr\u00eancia para cada resid\u00eancia m\u00e9dica."},{"@type":"BreadcrumbList","@id":"https:\/\/www.grupomedcof.com.br\/blog\/concorrencia-residencia-medica-uerj-2024\/#breadcrumb","itemListElement":[{"@type":"ListItem","position":1,"name":"In\u00edcio","item":"https:\/\/www.grupomedcof.com.br\/blog\/"},{"@type":"ListItem","position":2,"name":"Concorr\u00eancia resid\u00eancia m\u00e9dica UERJ 2024"}]},{"@type":"WebSite","@id":"https:\/\/www.grupomedcof.com.br\/blog\/#website","url":"https:\/\/www.grupomedcof.com.br\/blog\/","name":"Blog de Medcof: conte\u00fados, editais, revalida e mais!","description":"Acesso o blog de MedCof! Seu portal de conte\u00fados sobre resid\u00eancia m\u00e9dica, an\u00e1lise e editais e muito mais. Clique e confira!","publisher":{"@id":"https:\/\/www.grupomedcof.com.br\/blog\/#organization"},"alternateName":"Blog de Medcof: conte\u00fados, editais, revalida e mais!","potentialAction":[{"@type":"SearchAction","target":{"@type":"EntryPoint","urlTemplate":"https:\/\/www.grupomedcof.com.br\/blog\/?s={search_term_string}"},"query-input":{"@type":"PropertyValueSpecification","valueRequired":true,"valueName":"search_term_string"}}],"inLanguage":"pt-BR"},{"@type":"Organization","@id":"https:\/\/www.grupomedcof.com.br\/blog\/#organization","name":"Grupo MedCof","url":"https:\/\/www.grupomedcof.com.br\/blog\/","logo":{"@type":"ImageObject","inLanguage":"pt-BR","@id":"https:\/\/www.grupomedcof.com.br\/blog\/#\/schema\/logo\/image\/","url":"https:\/\/www.grupomedcof.com.br\/blog\/wp-content\/uploads\/2022\/01\/logo-medcof.png","contentUrl":"https:\/\/www.grupomedcof.com.br\/blog\/wp-content\/uploads\/2022\/01\/logo-medcof.png","width":768,"height":269,"caption":"Grupo MedCof"},"image":{"@id":"https:\/\/www.grupomedcof.com.br\/blog\/#\/schema\/logo\/image\/"},"sameAs":["https:\/\/www.facebook.com\/MedCofQbank\/","https:\/\/www.instagram.com\/grupomedcof\/","https:\/\/br.linkedin.com\/company\/medcof","https:\/\/www.youtube.com\/channel\/UCdHMuOHKICxcHwecxN8P-AA"]},{"@type":"Person","@id":"https:\/\/www.grupomedcof.com.br\/blog\/#\/schema\/person\/1375e0ce724529d7a1d8156ea7f8ceaa","name":"J\u00falia Moreira","image":{"@type":"ImageObject","inLanguage":"pt-BR","@id":"https:\/\/www.grupomedcof.com.br\/blog\/wp-content\/uploads\/2024\/12\/cropped-Captura-de-tela-2023-12-15-094946-96x96.png6a0083ac34a0445de97d55fae63a4a41","url":"https:\/\/www.grupomedcof.com.br\/blog\/wp-content\/uploads\/2024\/12\/cropped-Captura-de-tela-2023-12-15-094946-96x96.png","contentUrl":"https:\/\/www.grupomedcof.com.br\/blog\/wp-content\/uploads\/2024\/12\/cropped-Captura-de-tela-2023-12-15-094946-96x96.png","caption":"J\u00falia Moreira"},"description":"Estudante do 8\u00ba semestre de Jornalismo na ECA-USP, f\u00e3 de filmes de terror e m\u00fasica popular sul-coreana.","sameAs":["https:\/\/www.grupomedcof.com.br\/"],"url":"https:\/\/www.grupomedcof.com.br\/blog\/author\/julia\/"}]}},"authors":[{"term_id":3609,"user_id":6,"is_guest":0,"slug":"julia","display_name":"J\u00falia Moreira","avatar_url":"https:\/\/www.grupomedcof.com.br\/blog\/wp-content\/uploads\/2024\/12\/cropped-Captura-de-tela-2023-12-15-094946-96x96.png","0":null,"1":"","2":"","3":"","4":"","5":"","6":"","7":"","8":""}],"_links":{"self":[{"href":"https:\/\/www.grupomedcof.com.br\/blog\/wp-json\/wp\/v2\/posts\/15655","targetHints":{"allow":["GET"]}}],"collection":[{"href":"https:\/\/www.grupomedcof.com.br\/blog\/wp-json\/wp\/v2\/posts"}],"about":[{"href":"https:\/\/www.grupomedcof.com.br\/blog\/wp-json\/wp\/v2\/types\/post"}],"author":[{"embeddable":true,"href":"https:\/\/www.grupomedcof.com.br\/blog\/wp-json\/wp\/v2\/users\/6"}],"replies":[{"embeddable":true,"href":"https:\/\/www.grupomedcof.com.br\/blog\/wp-json\/wp\/v2\/comments?post=15655"}],"version-history":[{"count":0,"href":"https:\/\/www.grupomedcof.com.br\/blog\/wp-json\/wp\/v2\/posts\/15655\/revisions"}],"wp:featuredmedia":[{"embeddable":true,"href":"https:\/\/www.grupomedcof.com.br\/blog\/wp-json\/wp\/v2\/media\/15674"}],"wp:attachment":[{"href":"https:\/\/www.grupomedcof.com.br\/blog\/wp-json\/wp\/v2\/media?parent=15655"}],"wp:term":[{"taxonomy":"category","embeddable":true,"href":"https:\/\/www.grupomedcof.com.br\/blog\/wp-json\/wp\/v2\/categories?post=15655"},{"taxonomy":"post_tag","embeddable":true,"href":"https:\/\/www.grupomedcof.com.br\/blog\/wp-json\/wp\/v2\/tags?post=15655"},{"taxonomy":"author","embeddable":true,"href":"https:\/\/www.grupomedcof.com.br\/blog\/wp-json\/wp\/v2\/ppma_author?post=15655"}],"curies":[{"name":"wp","href":"https:\/\/api.w.org\/{rel}","templated":true}]}}