{"id":15720,"date":"2025-10-31T11:54:13","date_gmt":"2025-10-31T14:54:13","guid":{"rendered":"https:\/\/www.grupomedcof.com.br\/blog\/?p=15720"},"modified":"2026-02-09T12:09:08","modified_gmt":"2026-02-09T15:09:08","slug":"edital-residencia-medica-scmsp","status":"publish","type":"post","link":"https:\/\/www.grupomedcof.com.br\/blog\/edital-residencia-medica-scmsp\/","title":{"rendered":"SCMSP 2025\/2026: Confira o edital do processo seletivo para resid\u00eancia m\u00e9dica"},"content":{"rendered":"<div id=\"ez-toc-container\" class=\"ez-toc-v2_0_74 counter-hierarchy ez-toc-counter ez-toc-transparent ez-toc-container-direction\">\n<div class=\"ez-toc-title-container\">\n<p class=\"ez-toc-title\" style=\"cursor:inherit\">Sum\u00e1rio<\/p>\n<span class=\"ez-toc-title-toggle\"><a href=\"#\" class=\"ez-toc-pull-right ez-toc-btn ez-toc-btn-xs ez-toc-btn-default ez-toc-toggle\" aria-label=\"Alternar tabela de conte\u00fado\"><span class=\"ez-toc-js-icon-con\"><span class=\"\"><span class=\"eztoc-hide\" style=\"display:none;\">Toggle<\/span><span class=\"ez-toc-icon-toggle-span\"><svg style=\"fill: #999;color:#999\" xmlns=\"http:\/\/www.w3.org\/2000\/svg\" class=\"list-377408\" width=\"20px\" height=\"20px\" viewBox=\"0 0 24 24\" fill=\"none\"><path d=\"M6 6H4v2h2V6zm14 0H8v2h12V6zM4 11h2v2H4v-2zm16 0H8v2h12v-2zM4 16h2v2H4v-2zm16 0H8v2h12v-2z\" fill=\"currentColor\"><\/path><\/svg><svg style=\"fill: #999;color:#999\" class=\"arrow-unsorted-368013\" xmlns=\"http:\/\/www.w3.org\/2000\/svg\" width=\"10px\" height=\"10px\" viewBox=\"0 0 24 24\" version=\"1.2\" baseProfile=\"tiny\"><path d=\"M18.2 9.3l-6.2-6.3-6.2 6.3c-.2.2-.3.4-.3.7s.1.5.3.7c.2.2.4.3.7.3h11c.3 0 .5-.1.7-.3.2-.2.3-.5.3-.7s-.1-.5-.3-.7zM5.8 14.7l6.2 6.3 6.2-6.3c.2-.2.3-.5.3-.7s-.1-.5-.3-.7c-.2-.2-.4-.3-.7-.3h-11c-.3 0-.5.1-.7.3-.2.2-.3.5-.3.7s.1.5.3.7z\"\/><\/svg><\/span><\/span><\/span><\/a><\/span><\/div>\n<nav><ul class='ez-toc-list ez-toc-list-level-1 ' ><li class='ez-toc-page-1 ez-toc-heading-level-2'><a class=\"ez-toc-link ez-toc-heading-1\" href=\"https:\/\/www.grupomedcof.com.br\/blog\/edital-residencia-medica-scmsp\/#Sobre_a_Irmandade_Santa_Casa_de_Misericordia_de_Sao_Paulo_ISCMSP\" >Sobre a Irmandade Santa Casa de Miseric\u00f3rdia de S\u00e3o Paulo (ISCMSP)<\/a><\/li><li class='ez-toc-page-1 ez-toc-heading-level-2'><a class=\"ez-toc-link ez-toc-heading-2\" href=\"https:\/\/www.grupomedcof.com.br\/blog\/edital-residencia-medica-scmsp\/#Criterios_de_selecao_e_etapa\" >Crit\u00e9rios de sele\u00e7\u00e3o e etapa<\/a><ul class='ez-toc-list-level-3' ><li class='ez-toc-heading-level-3'><a class=\"ez-toc-link ez-toc-heading-3\" href=\"https:\/\/www.grupomedcof.com.br\/blog\/edital-residencia-medica-scmsp\/#Inscricoes\" >Inscri\u00e7\u00f5es<\/a><\/li><li class='ez-toc-page-1 ez-toc-heading-level-3'><a class=\"ez-toc-link ez-toc-heading-4\" href=\"https:\/\/www.grupomedcof.com.br\/blog\/edital-residencia-medica-scmsp\/#Prova_objetiva\" >Prova objetiva<\/a><\/li><li class='ez-toc-page-1 ez-toc-heading-level-3'><a class=\"ez-toc-link ez-toc-heading-5\" href=\"https:\/\/www.grupomedcof.com.br\/blog\/edital-residencia-medica-scmsp\/#Analise_curricular\" >An\u00e1lise curricular<\/a><\/li><\/ul><\/li><li class='ez-toc-page-1 ez-toc-heading-level-2'><a class=\"ez-toc-link ez-toc-heading-6\" href=\"https:\/\/www.grupomedcof.com.br\/blog\/edital-residencia-medica-scmsp\/#Vagas_disponiveis\" >Vagas dispon\u00edveis<\/a><ul class='ez-toc-list-level-3' ><li class='ez-toc-heading-level-3'><a class=\"ez-toc-link ez-toc-heading-7\" href=\"https:\/\/www.grupomedcof.com.br\/blog\/edital-residencia-medica-scmsp\/#Acesso_Direto\" >Acesso Direto<\/a><\/li><li class='ez-toc-page-1 ez-toc-heading-level-3'><a class=\"ez-toc-link ez-toc-heading-8\" href=\"https:\/\/www.grupomedcof.com.br\/blog\/edital-residencia-medica-scmsp\/#Pre-requisito\" >Pr\u00e9-requisito<\/a><\/li><\/ul><\/li><li class='ez-toc-page-1 ez-toc-heading-level-2'><a class=\"ez-toc-link ez-toc-heading-9\" href=\"https:\/\/www.grupomedcof.com.br\/blog\/edital-residencia-medica-scmsp\/#Cronograma_SCMSP_20252026\" >Cronograma SCMSP 2025\/2026<\/a><\/li><li class='ez-toc-page-1 ez-toc-heading-level-2'><a class=\"ez-toc-link ez-toc-heading-10\" href=\"https:\/\/www.grupomedcof.com.br\/blog\/edital-residencia-medica-scmsp\/#Edital_na_integra\" >Edital na \u00edntegra<\/a><\/li><li class='ez-toc-page-1 ez-toc-heading-level-2'><a class=\"ez-toc-link ez-toc-heading-11\" href=\"https:\/\/www.grupomedcof.com.br\/blog\/edital-residencia-medica-scmsp\/#Conquiste_a_aprovacao_na_Santa_Casa_de_Sao_Paulo\" >Conquiste a aprova\u00e7\u00e3o na Santa Casa de S\u00e3o Paulo<\/a><\/li><\/ul><\/nav><\/div>\n\n<figure class=\"wp-block-image size-large\"><img loading=\"lazy\" decoding=\"async\" width=\"1024\" height=\"576\" src=\"https:\/\/www.grupomedcof.com.br\/blog\/wp-content\/uploads\/2023\/10\/Modelo-instituicoes-1-1024x576.png\" alt=\"Logo escrito SCMSP no canto inferior direito h\u00e1 o logo MedCof\" class=\"wp-image-30016\" srcset=\"https:\/\/www.grupomedcof.com.br\/blog\/wp-content\/uploads\/2023\/10\/Modelo-instituicoes-1-1024x576.png 1024w, https:\/\/www.grupomedcof.com.br\/blog\/wp-content\/uploads\/2023\/10\/Modelo-instituicoes-1-300x169.png 300w, https:\/\/www.grupomedcof.com.br\/blog\/wp-content\/uploads\/2023\/10\/Modelo-instituicoes-1-768x432.png 768w, https:\/\/www.grupomedcof.com.br\/blog\/wp-content\/uploads\/2023\/10\/Modelo-instituicoes-1-1536x864.png 1536w, https:\/\/www.grupomedcof.com.br\/blog\/wp-content\/uploads\/2023\/10\/Modelo-instituicoes-1-2048x1152.png 2048w, https:\/\/www.grupomedcof.com.br\/blog\/wp-content\/uploads\/2023\/10\/Modelo-instituicoes-1-747x420.png 747w, https:\/\/www.grupomedcof.com.br\/blog\/wp-content\/uploads\/2023\/10\/Modelo-instituicoes-1-150x84.png 150w, https:\/\/www.grupomedcof.com.br\/blog\/wp-content\/uploads\/2023\/10\/Modelo-instituicoes-1-696x392.png 696w, https:\/\/www.grupomedcof.com.br\/blog\/wp-content\/uploads\/2023\/10\/Modelo-instituicoes-1-1068x601.png 1068w, https:\/\/www.grupomedcof.com.br\/blog\/wp-content\/uploads\/2023\/10\/Modelo-instituicoes-1-1920x1080.png 1920w\" sizes=\"auto, (max-width: 1024px) 100vw, 1024px\" \/><\/figure>\n\n\n\n<p>A Santa Casa de S\u00e3o Paulo (SCMSP), divulgou o edital do processo seletivo para resid\u00eancia m\u00e9dica no dia 16 de setembro. Confira as principais informa\u00e7\u00f5es a seguir:<\/p>\n\n\n\n<h2 class=\"wp-block-heading\" id=\"h-sobre-a-irmandade-santa-casa-de-misericordia-de-sao-paulo-iscmsp\"><span class=\"ez-toc-section\" id=\"Sobre_a_Irmandade_Santa_Casa_de_Misericordia_de_Sao_Paulo_ISCMSP\"><\/span><strong>Sobre a Irmandade Santa Casa de Miseric\u00f3rdia de S\u00e3o Paulo (ISCMSP)<\/strong><span class=\"ez-toc-section-end\"><\/span><\/h2>\n\n\n\n<p>A <a href=\"https:\/\/www.grupomedcof.com.br\/blog\/residencia-medica-scmsp\/\" target=\"_blank\" rel=\"noreferrer noopener\">Irmandade Santa Casa de Miseric\u00f3rdia<\/a> foi fundada h\u00e1 460 anos, e \u00e9 uma institui\u00e7\u00e3o filantr\u00f3pica, privada e laica, considerada um dos mais importantes centros de refer\u00eancia hospitalar do Brasil.<\/p>\n\n\n\n<h2 class=\"wp-block-heading\" id=\"h-criterios-de-selecao-e-etapa\"><span class=\"ez-toc-section\" id=\"Criterios_de_selecao_e_etapa\"><\/span><strong>Crit\u00e9rios de sele\u00e7\u00e3o e etapa<\/strong><span class=\"ez-toc-section-end\"><\/span><\/h2>\n\n\n\n<h3 class=\"wp-block-heading\" id=\"h-inscricoes\"><span class=\"ez-toc-section\" id=\"Inscricoes\"><\/span><strong>Inscri\u00e7\u00f5es<\/strong><span class=\"ez-toc-section-end\"><\/span><\/h3>\n\n\n\n<p>As <strong><a href=\"https:\/\/www.concursosfcc.com.br\/\" target=\"_blank\" rel=\"noreferrer noopener nofollow\">inscri\u00e7\u00f5es<\/a> <\/strong>foram prorrogadas e agora ir\u00e3o ocorrer entre os dias <strong>1\u00b0 de outubro e 04 de novembro de 2025<\/strong>, mediante pagamento da taxa de inscri\u00e7\u00e3o no valor de <strong>R$680,00<\/strong>, que dever\u00e1 ser feito at\u00e9 o dia 05 do mesmo m\u00eas.<\/p>\n\n\n\n<h3 class=\"wp-block-heading\" id=\"h-prova-objetiva\"><span class=\"ez-toc-section\" id=\"Prova_objetiva\"><\/span><strong>Prova objetiva<\/strong><span class=\"ez-toc-section-end\"><\/span><\/h3>\n\n\n\n<p>A primeira fase ser\u00e1 a aplica\u00e7\u00e3o de uma prova objetiva no dia <strong>06 de dezembro de 2025,<\/strong> no per\u00edodo da tarde, e ser\u00e1 composta de <strong>100 quest\u00f5es de m\u00faltipla escolha para Acesso Direto e 50 quest\u00f5es para Pr\u00e9-Requisito.&nbsp;<\/strong><\/p>\n\n\n\n<h3 class=\"wp-block-heading\" id=\"h-analise-curricular\"><span class=\"ez-toc-section\" id=\"Analise_curricular\"><\/span><strong>An\u00e1lise curricular<\/strong><span class=\"ez-toc-section-end\"><\/span><\/h3>\n\n\n\n<p>Assim, sem a tradicional prova pr\u00e1tica no processo seletivo, a 2\u00aa fase avaliativa da Santa Casa de S\u00e3o Paulo 2025 ser\u00e1 a realiza\u00e7\u00e3o da <strong>an\u00e1lise curricular, com envio dos documentos entre os dias 12 e 13 de janeiro de 2026<\/strong>.<\/p>\n\n\n\n<div class=\"wp-block-buttons is-layout-flex wp-block-buttons-is-layout-flex\">\n<div class=\"wp-block-button\"><a class=\"wp-block-button__link wp-element-button\" href=\"https:\/\/www.grupomedcof.com.br\/blog\/residencia-medica-scmsp\/\" target=\"_blank\" rel=\"noreferrer noopener\">Resid\u00eancia M\u00e9dica SCMSP: Um guia completo do processo seletivo<\/a><\/div>\n<\/div>\n\n\n\n<h2 class=\"wp-block-heading\" id=\"h-vagas-disponiveis\"><span class=\"ez-toc-section\" id=\"Vagas_disponiveis\"><\/span><strong>Vagas dispon\u00edveis<\/strong><span class=\"ez-toc-section-end\"><\/span><\/h2>\n\n\n\n<h3 class=\"wp-block-heading\" id=\"h-acesso-direto\"><span class=\"ez-toc-section\" id=\"Acesso_Direto\"><\/span><strong>Acesso Direto<\/strong><span class=\"ez-toc-section-end\"><\/span><\/h3>\n\n\n\n<figure class=\"wp-block-table\"><table class=\"has-fixed-layout\"><tbody><tr><td><strong>Programa<\/strong><\/td><td><strong>Total de Vagas (AD + Cotas)<\/strong><\/td><td><strong>Vagas AC<\/strong><\/td><td><strong>Vagas Negros e Ind\u00edgenas<\/strong><\/td><\/tr><tr><td>Anestesiologia<\/td><td>16<\/td><td>13<\/td><td>3<\/td><\/tr><tr><td>Cirurgia Cardiovascular<\/td><td>2<\/td><td>2<\/td><td>0<\/td><\/tr><tr><td>Cirurgia Geral<\/td><td>18<\/td><td>14<\/td><td>4<\/td><\/tr><tr><td>Cl\u00ednica M\u00e9dica<\/td><td>47<\/td><td>38<\/td><td>9<\/td><\/tr><tr><td>Dermatologia<\/td><td>2<\/td><td>2<\/td><td>0<\/td><\/tr><tr><td>Ginecologia e Obstetr\u00edcia<\/td><td>20<\/td><td>16<\/td><td>4<\/td><\/tr><tr><td>Infectologia<\/td><td>2<\/td><td>2<\/td><td>0<\/td><\/tr><tr><td>Medicina F\u00edsica e Reabilita\u00e7\u00e3o<\/td><td>1<\/td><td>1<\/td><td>0<\/td><\/tr><tr><td>Medicina de Emerg\u00eancia<\/td><td>3<\/td><td>2<\/td><td>1<\/td><\/tr><tr><td>Medicina do Trabalho<\/td><td>1<\/td><td>1<\/td><td>0<\/td><\/tr><tr><td>Medicina Esportiva<\/td><td>2<\/td><td>2<\/td><td>0<\/td><\/tr><tr><td>Medicina Intensiva<\/td><td>3<\/td><td>2<\/td><td>1<\/td><\/tr><tr><td>Neurocirurgia<\/td><td>3<\/td><td>2<\/td><td>1<\/td><\/tr><tr><td>Neurologia<\/td><td>5<\/td><td>4<\/td><td>1<\/td><\/tr><tr><td>Oftalmologia<\/td><td>3<\/td><td>2<\/td><td>1<\/td><\/tr><tr><td>Ortopedia e Traumatologia<\/td><td>15<\/td><td>12<\/td><td>3<\/td><\/tr><tr><td>Otorrinolaringologia<\/td><td>4<\/td><td>3<\/td><td>1<\/td><\/tr><tr><td>Pediatria<\/td><td>26<\/td><td>21<\/td><td>5<\/td><\/tr><tr><td>Psiquiatria<\/td><td>6<\/td><td>5<\/td><td>1<\/td><\/tr><tr><td>Radiologia e Diagn\u00f3stico por Imagem<\/td><td>10<\/td><td>8<\/td><td>2<\/td><\/tr><\/tbody><\/table><\/figure>\n\n\n\n<h3 class=\"wp-block-heading\" id=\"h-pre-requisito\"><span class=\"ez-toc-section\" id=\"Pre-requisito\"><\/span><strong>Pr\u00e9-requisito<\/strong><span class=\"ez-toc-section-end\"><\/span><\/h3>\n\n\n\n<figure class=\"wp-block-table\"><table class=\"has-fixed-layout\"><tbody><tr><td><strong>Programa<\/strong><\/td><td><strong>Total de Vagas (AC + Cotas)<\/strong><\/td><td><strong>Vagas AC<\/strong><\/td><td><strong>Vagas Negros e Ind\u00edgenas<\/strong><\/td><\/tr><tr><td>Administra\u00e7\u00e3o em Sa\u00fade<\/td><td>3<\/td><td>2<\/td><td>1<\/td><\/tr><tr><td>Angiorradiologia e Cirurgia Endovascular<\/td><td>3<\/td><td>2<\/td><td>1<\/td><\/tr><tr><td>Cirurgia da M\u00e3o<\/td><td>3<\/td><td>2<\/td><td>1<\/td><\/tr><tr><td>Cirurgia de Cabe\u00e7a e Pesco\u00e7o<\/td><td>2<\/td><td>2<\/td><td>0<\/td><\/tr><tr><td>Cirurgia do Aparelho Digestivo<\/td><td>3<\/td><td>2<\/td><td>1<\/td><\/tr><tr><td>Cirurgia Pedi\u00e1trica<\/td><td>2<\/td><td>2<\/td><td>0<\/td><\/tr><tr><td>Cirurgia Pl\u00e1stica<\/td><td>2<\/td><td>2<\/td><td>0<\/td><\/tr><tr><td>Cirurgia Tor\u00e1cica<\/td><td>1<\/td><td>1<\/td><td>0<\/td><\/tr><tr><td>Cirurgia Vascular<\/td><td>4<\/td><td>3<\/td><td>1<\/td><\/tr><tr><td>Coloproctologia<\/td><td>1<\/td><td>1<\/td><td>0<\/td><\/tr><tr><td>Emerg\u00eancia Pedi\u00e1trica<\/td><td>3<\/td><td>2<\/td><td>1<\/td><\/tr><tr><td>Endocrinologia e Metabologia<\/td><td>2<\/td><td>2<\/td><td>0<\/td><\/tr><tr><td>Endocrinologia Pedi\u00e1trica<\/td><td>2<\/td><td>2<\/td><td>0<\/td><\/tr><tr><td>Endoscopia<\/td><td>2<\/td><td>2<\/td><td>0<\/td><\/tr><tr><td>Endoscopia Ginecol\u00f3gica<\/td><td>2<\/td><td>2<\/td><td>0<\/td><\/tr><tr><td>Gastroenterologia<\/td><td>1<\/td><td>1<\/td><td>0<\/td><\/tr><tr><td>Gastroenterologia Pedi\u00e1trica<\/td><td>1<\/td><td>1<\/td><td>0<\/td><\/tr><tr><td>Geriatria<\/td><td>2<\/td><td>2<\/td><td>0<\/td><\/tr><tr><td>Hematologia e Hemoterapia<\/td><td>3<\/td><td>2<\/td><td>1<\/td><\/tr><tr><td>Infectologia Pedi\u00e1trica<\/td><td>2<\/td><td>2<\/td><td>0<\/td><\/tr><tr><td>Mastologia<\/td><td>1<\/td><td>1<\/td><td>0<\/td><\/tr><tr><td>Medicina Intensiva Pedi\u00e1trica<\/td><td>3<\/td><td>2<\/td><td>1<\/td><\/tr><tr><td>Neonatologia<\/td><td>5<\/td><td>4<\/td><td>1<\/td><\/tr><tr><td>Neurologia Pedi\u00e1trica<\/td><td>3<\/td><td>2<\/td><td>1<\/td><\/tr><tr><td>Neurorradiologia<\/td><td>1<\/td><td>1<\/td><td>0<\/td><\/tr><tr><td>Oncologia Cl\u00ednica<\/td><td>2<\/td><td>2<\/td><td>0<\/td><\/tr><tr><td>Pneumologia<\/td><td>1<\/td><td>1<\/td><td>0<\/td><\/tr><tr><td>Reumatologia<\/td><td>2<\/td><td>2<\/td><td>0<\/td><\/tr><tr><td>Reumatologia Pedi\u00e1trica<\/td><td>1<\/td><td>1<\/td><td>0<\/td><\/tr><tr><td>Urologia<\/td><td>2<\/td><td>2<\/td><td>0<\/td><\/tr><\/tbody><\/table><\/figure>\n\n\n\n<figure class=\"wp-block-image size-large\"><a href=\"https:\/\/www.grupomedcof.com.br\/cofletters\/\"><img loading=\"lazy\" decoding=\"async\" width=\"1024\" height=\"320\" src=\"https:\/\/www.grupomedcof.com.br\/blog\/wp-content\/uploads\/2025\/02\/Banner-MedCof-Plus-2200x460-11-1024x320.png\" alt=\"Banner de inscri\u00e7\u00e3o para recebimento da newsletter do Grupo MedCof, a Cofletter. Ela traz as principais not\u00edcias da \u00e1rea da sa\u00fade e dos processos seletivos para resid\u00eancia m\u00e9dica.\" class=\"wp-image-33723\" srcset=\"https:\/\/www.grupomedcof.com.br\/blog\/wp-content\/uploads\/2025\/02\/Banner-MedCof-Plus-2200x460-11-1024x320.png 1024w, https:\/\/www.grupomedcof.com.br\/blog\/wp-content\/uploads\/2025\/02\/Banner-MedCof-Plus-2200x460-11-300x94.png 300w, https:\/\/www.grupomedcof.com.br\/blog\/wp-content\/uploads\/2025\/02\/Banner-MedCof-Plus-2200x460-11-768x240.png 768w, https:\/\/www.grupomedcof.com.br\/blog\/wp-content\/uploads\/2025\/02\/Banner-MedCof-Plus-2200x460-11-1536x480.png 1536w, https:\/\/www.grupomedcof.com.br\/blog\/wp-content\/uploads\/2025\/02\/Banner-MedCof-Plus-2200x460-11-2048x640.png 2048w, https:\/\/www.grupomedcof.com.br\/blog\/wp-content\/uploads\/2025\/02\/Banner-MedCof-Plus-2200x460-11-1343x420.png 1343w, https:\/\/www.grupomedcof.com.br\/blog\/wp-content\/uploads\/2025\/02\/Banner-MedCof-Plus-2200x460-11-150x47.png 150w, https:\/\/www.grupomedcof.com.br\/blog\/wp-content\/uploads\/2025\/02\/Banner-MedCof-Plus-2200x460-11-696x218.png 696w, https:\/\/www.grupomedcof.com.br\/blog\/wp-content\/uploads\/2025\/02\/Banner-MedCof-Plus-2200x460-11-1068x334.png 1068w, https:\/\/www.grupomedcof.com.br\/blog\/wp-content\/uploads\/2025\/02\/Banner-MedCof-Plus-2200x460-11-1920x600.png 1920w\" sizes=\"auto, (max-width: 1024px) 100vw, 1024px\" \/><\/a><\/figure>\n\n\n\n<h2 class=\"wp-block-heading\" id=\"h-cronograma-scmsp-2025-2026\"><span class=\"ez-toc-section\" id=\"Cronograma_SCMSP_20252026\"><\/span><strong>Cronograma SCMSP 2025\/2026<\/strong><span class=\"ez-toc-section-end\"><\/span><\/h2>\n\n\n\n<figure class=\"wp-block-table\"><table class=\"has-fixed-layout\"><tbody><tr><td><strong>Inscri\u00e7\u00f5es<\/strong><\/td><td>01\/10 a 04\/11\/2025*<\/td><\/tr><tr><td><strong>Aplica\u00e7\u00e3o da prova objetiva<\/strong><\/td><td>06\/12\/2025<\/td><\/tr><tr><td><strong>Gabarito Preliminar<\/strong><\/td><td>08\/12\/2025<\/td><\/tr><tr><td><strong>Recursos<\/strong><\/td><td>09\/12\/2025<\/td><\/tr><tr><td><strong>Resultado da prova objetiva<\/strong><\/td><td>08\/01\/2026<\/td><\/tr><tr><td><strong>Envio da documenta\u00e7\u00e3o para An\u00e1lise Curricular<\/strong><\/td><td>12 a<br>13\/01\/2026<\/td><\/tr><tr><td><strong>Resultado preliminar<\/strong><\/td><td>28\/01\/2026<\/td><\/tr><tr><td><strong>Recursos<\/strong><\/td><td>29\/01\/2026<\/td><\/tr><tr><td><strong>Resultado definitivo da An\u00e1lise Curricular<\/strong><\/td><td>13\/02\/2026<\/td><\/tr><tr><td><strong>Resultado Final<\/strong> <strong>e Convoca\u00e7\u00e3o para matr\u00edcula<\/strong><\/td><td>13\/02\/2026<\/td><\/tr><tr><td><strong>Per\u00edodo para matr\u00edcula<\/strong><\/td><td>19\/02 a<br>23\/02\/2026<\/td><\/tr><\/tbody><\/table><figcaption class=\"wp-element-caption\"><a href=\"https:\/\/www.concursosfcc.com.br\/concursos\/scmsp125\/index.html\">Inscri\u00e7\u00f5es prorrogadas*<\/a><\/figcaption><\/figure>\n\n\n\n<h2 class=\"wp-block-heading\" id=\"h-edital-na-integra\"><span class=\"ez-toc-section\" id=\"Edital_na_integra\"><\/span><strong>Edital na \u00edntegra<\/strong><span class=\"ez-toc-section-end\"><\/span><\/h2>\n\n\n\n<div data-wp-interactive=\"core\/file\" class=\"wp-block-file\"><object data-wp-bind--hidden=\"!state.hasPdfPreview\" hidden class=\"wp-block-file__embed\" data=\"https:\/\/www.grupomedcof.com.br\/blog\/wp-content\/uploads\/2024\/12\/ISCMSP-2026.pdf\" type=\"application\/pdf\" style=\"width:100%;height:600px\" aria-label=\"Incorporado de ISCMSP 2026.\"><\/object><a id=\"wp-block-file--media-abc4068c-fea6-4888-8a8f-00b9f5ed184c\" href=\"https:\/\/www.grupomedcof.com.br\/blog\/wp-content\/uploads\/2024\/12\/ISCMSP-2026.pdf\">ISCMSP 2026<\/a><a href=\"https:\/\/www.grupomedcof.com.br\/blog\/wp-content\/uploads\/2024\/12\/ISCMSP-2026.pdf\" class=\"wp-block-file__button wp-element-button\" download aria-describedby=\"wp-block-file--media-abc4068c-fea6-4888-8a8f-00b9f5ed184c\">Baixar<\/a><\/div>\n\n\n\n<h2 class=\"wp-block-heading\" id=\"h-conquiste-a-aprovacao-na-santa-casa-de-sao-paulo\"><span class=\"ez-toc-section\" id=\"Conquiste_a_aprovacao_na_Santa_Casa_de_Sao_Paulo\"><\/span><strong>Conquiste a aprova\u00e7\u00e3o<\/strong> <strong>na Santa Casa de S\u00e3o Paulo<\/strong><span class=\"ez-toc-section-end\"><\/span><\/h2>\n\n\n\n<p>Se ser residente na Irmandade Santa Casa de Miseric\u00f3rdia de S\u00e3o Paulo est\u00e1 nos seus planos, o Grupo MedCof pode ajudar! Conhe\u00e7a o Extensivo 2.0 e a metodologia que j\u00e1 aprovou mais de <strong>35 mil residentes em todo pa\u00eds!<\/strong><\/p>\n\n\n\n<figure class=\"wp-block-embed is-type-video is-provider-youtube wp-block-embed-youtube wp-embed-aspect-16-9 wp-has-aspect-ratio\"><div class=\"wp-block-embed__wrapper\">\n<div class=\"youtube-embed\" data-video_id=\"DqIcZWO0lsQ\"><iframe loading=\"lazy\" title=\"C\u00d3DIGO DA APROVA\u00c7\u00c3O 2026 | Estrat\u00e9gia de Estudos 2026\" width=\"696\" height=\"392\" src=\"https:\/\/www.youtube.com\/embed\/DqIcZWO0lsQ?feature=oembed&#038;enablejsapi=1\" frameborder=\"0\" allow=\"accelerometer; autoplay; clipboard-write; encrypted-media; gyroscope; picture-in-picture; web-share\" referrerpolicy=\"strict-origin-when-cross-origin\" allowfullscreen><\/iframe><\/div>\n<\/div><\/figure>\n","protected":false},"excerpt":{"rendered":"<p>Confira o edital da resid\u00eancia m\u00e9dica Santa Casa-SP 2025\/2026 e prepare-se para uma carreira de excel\u00eancia na sa\u00fade. Inscreva-se e garanta sua vaga!<\/p>\n","protected":false},"author":20,"featured_media":30016,"comment_status":"open","ping_status":"open","sticky":false,"template":"","format":"standard","meta":{"footnotes":""},"categories":[287,2023],"tags":[2053,93,2055,117,68,25,284],"ppma_author":[3616],"class_list":{"0":"post-15720","1":"post","2":"type-post","3":"status-publish","4":"format-standard","5":"has-post-thumbnail","7":"category-destaques-medcof","8":"category-editais","9":"tag-edital-scmsp","10":"tag-especialidades-medicas","11":"tag-fcc","12":"tag-provas-de-residencia","13":"tag-residencia-medica","14":"tag-santa-casa-sp","15":"tag-scmsp"},"yoast_head":"<!-- This site is optimized with the Yoast SEO Premium plugin v24.3 (Yoast SEO v27.4) - https:\/\/yoast.com\/product\/yoast-seo-premium-wordpress\/ -->\n<title>Resid\u00eancia M\u00e9dica ISCMSP 2025\/2026: confira o edital!<\/title>\n<meta name=\"description\" content=\"Confira o edital para resid\u00eancia m\u00e9dica publicado pela Santa Casa de S\u00e3o Paulo (SCMSP) e garanta sua vaga ainda em 2025!\" \/>\n<meta name=\"robots\" content=\"index, follow, max-snippet:-1, max-image-preview:large, max-video-preview:-1\" \/>\n<link rel=\"canonical\" href=\"https:\/\/www.grupomedcof.com.br\/blog\/edital-residencia-medica-scmsp\/\" \/>\n<meta property=\"og:locale\" content=\"pt_BR\" \/>\n<meta property=\"og:type\" content=\"article\" \/>\n<meta property=\"og:title\" content=\"SCMSP 2025\/2026: Confira o edital do processo seletivo para resid\u00eancia m\u00e9dica\" \/>\n<meta property=\"og:description\" content=\"Confira o edital para resid\u00eancia m\u00e9dica publicado pela Santa Casa de S\u00e3o Paulo (SCMSP) e garanta sua vaga ainda em 2025!\" \/>\n<meta property=\"og:url\" content=\"https:\/\/www.grupomedcof.com.br\/blog\/edital-residencia-medica-scmsp\/\" \/>\n<meta property=\"og:site_name\" content=\"Blog de Medcof: conte\u00fados, editais, revalida e mais!\" \/>\n<meta property=\"article:publisher\" content=\"https:\/\/www.facebook.com\/MedCofQbank\/\" \/>\n<meta property=\"article:published_time\" content=\"2025-10-31T14:54:13+00:00\" \/>\n<meta property=\"article:modified_time\" content=\"2026-02-09T15:09:08+00:00\" \/>\n<meta property=\"og:image\" content=\"https:\/\/www.grupomedcof.com.br\/blog\/wp-content\/uploads\/2023\/10\/Modelo-instituicoes-1.png\" \/>\n\t<meta property=\"og:image:width\" content=\"2560\" \/>\n\t<meta property=\"og:image:height\" content=\"1440\" \/>\n\t<meta property=\"og:image:type\" content=\"image\/png\" \/>\n<meta name=\"author\" content=\"Leila Menzel\" \/>\n<meta name=\"twitter:card\" content=\"summary_large_image\" \/>\n<meta name=\"twitter:label1\" content=\"Escrito por\" \/>\n\t<meta name=\"twitter:data1\" content=\"Leila Menzel\" \/>\n\t<meta name=\"twitter:label2\" content=\"Est. tempo de leitura\" \/>\n\t<meta name=\"twitter:data2\" content=\"4 minutos\" \/>\n<script type=\"application\/ld+json\" class=\"yoast-schema-graph\">{\"@context\":\"https:\\\/\\\/schema.org\",\"@graph\":[{\"@type\":\"Article\",\"@id\":\"https:\\\/\\\/www.grupomedcof.com.br\\\/blog\\\/edital-residencia-medica-scmsp\\\/#article\",\"isPartOf\":{\"@id\":\"https:\\\/\\\/www.grupomedcof.com.br\\\/blog\\\/edital-residencia-medica-scmsp\\\/\"},\"author\":{\"name\":\"Leila Menzel\",\"@id\":\"https:\\\/\\\/www.grupomedcof.com.br\\\/blog\\\/#\\\/schema\\\/person\\\/9a44c2184a836bf5ae6967fdb3a1451e\"},\"headline\":\"SCMSP 2025\\\/2026: Confira o edital do processo seletivo para resid\u00eancia m\u00e9dica\",\"datePublished\":\"2025-10-31T14:54:13+00:00\",\"dateModified\":\"2026-02-09T15:09:08+00:00\",\"mainEntityOfPage\":{\"@id\":\"https:\\\/\\\/www.grupomedcof.com.br\\\/blog\\\/edital-residencia-medica-scmsp\\\/\"},\"wordCount\":510,\"commentCount\":3,\"publisher\":{\"@id\":\"https:\\\/\\\/www.grupomedcof.com.br\\\/blog\\\/#organization\"},\"image\":{\"@id\":\"https:\\\/\\\/www.grupomedcof.com.br\\\/blog\\\/edital-residencia-medica-scmsp\\\/#primaryimage\"},\"thumbnailUrl\":\"https:\\\/\\\/www.grupomedcof.com.br\\\/blog\\\/wp-content\\\/uploads\\\/2023\\\/10\\\/Modelo-instituicoes-1.png\",\"keywords\":[\"Edital SCMSP\",\"Especialidades m\u00e9dicas\",\"FCC\",\"Provas de Resid\u00eancia\",\"Resid\u00eancia M\u00e9dica\",\"Santa Casa SP\",\"SCMSP\"],\"articleSection\":[\"Destaques MedCof\",\"Editais\"],\"inLanguage\":\"pt-BR\"},{\"@type\":\"WebPage\",\"@id\":\"https:\\\/\\\/www.grupomedcof.com.br\\\/blog\\\/edital-residencia-medica-scmsp\\\/\",\"url\":\"https:\\\/\\\/www.grupomedcof.com.br\\\/blog\\\/edital-residencia-medica-scmsp\\\/\",\"name\":\"Resid\u00eancia M\u00e9dica ISCMSP 2025\\\/2026: confira o edital!\",\"isPartOf\":{\"@id\":\"https:\\\/\\\/www.grupomedcof.com.br\\\/blog\\\/#website\"},\"primaryImageOfPage\":{\"@id\":\"https:\\\/\\\/www.grupomedcof.com.br\\\/blog\\\/edital-residencia-medica-scmsp\\\/#primaryimage\"},\"image\":{\"@id\":\"https:\\\/\\\/www.grupomedcof.com.br\\\/blog\\\/edital-residencia-medica-scmsp\\\/#primaryimage\"},\"thumbnailUrl\":\"https:\\\/\\\/www.grupomedcof.com.br\\\/blog\\\/wp-content\\\/uploads\\\/2023\\\/10\\\/Modelo-instituicoes-1.png\",\"datePublished\":\"2025-10-31T14:54:13+00:00\",\"dateModified\":\"2026-02-09T15:09:08+00:00\",\"description\":\"Confira o edital para resid\u00eancia m\u00e9dica publicado pela Santa Casa de S\u00e3o Paulo (SCMSP) e garanta sua vaga ainda em 2025!\",\"breadcrumb\":{\"@id\":\"https:\\\/\\\/www.grupomedcof.com.br\\\/blog\\\/edital-residencia-medica-scmsp\\\/#breadcrumb\"},\"inLanguage\":\"pt-BR\",\"potentialAction\":[{\"@type\":\"ReadAction\",\"target\":[\"https:\\\/\\\/www.grupomedcof.com.br\\\/blog\\\/edital-residencia-medica-scmsp\\\/\"]}]},{\"@type\":\"ImageObject\",\"inLanguage\":\"pt-BR\",\"@id\":\"https:\\\/\\\/www.grupomedcof.com.br\\\/blog\\\/edital-residencia-medica-scmsp\\\/#primaryimage\",\"url\":\"https:\\\/\\\/www.grupomedcof.com.br\\\/blog\\\/wp-content\\\/uploads\\\/2023\\\/10\\\/Modelo-instituicoes-1.png\",\"contentUrl\":\"https:\\\/\\\/www.grupomedcof.com.br\\\/blog\\\/wp-content\\\/uploads\\\/2023\\\/10\\\/Modelo-instituicoes-1.png\",\"width\":2560,\"height\":1440,\"caption\":\"Logo escrito SCMSP no canto inferior direito h\u00e1 o logo MedCof\"},{\"@type\":\"BreadcrumbList\",\"@id\":\"https:\\\/\\\/www.grupomedcof.com.br\\\/blog\\\/edital-residencia-medica-scmsp\\\/#breadcrumb\",\"itemListElement\":[{\"@type\":\"ListItem\",\"position\":1,\"name\":\"In\u00edcio\",\"item\":\"https:\\\/\\\/www.grupomedcof.com.br\\\/blog\\\/\"},{\"@type\":\"ListItem\",\"position\":2,\"name\":\"SCMSP 2025\\\/2026: Confira o edital do processo seletivo para resid\u00eancia m\u00e9dica\"}]},{\"@type\":\"WebSite\",\"@id\":\"https:\\\/\\\/www.grupomedcof.com.br\\\/blog\\\/#website\",\"url\":\"https:\\\/\\\/www.grupomedcof.com.br\\\/blog\\\/\",\"name\":\"Blog de Medcof: conte\u00fados, editais, revalida e mais!\",\"description\":\"Acesso o blog de MedCof! Seu portal de conte\u00fados sobre resid\u00eancia m\u00e9dica, an\u00e1lise e editais e muito mais. Clique e confira!\",\"publisher\":{\"@id\":\"https:\\\/\\\/www.grupomedcof.com.br\\\/blog\\\/#organization\"},\"alternateName\":\"Blog de Medcof: conte\u00fados, editais, revalida e mais!\",\"potentialAction\":[{\"@type\":\"SearchAction\",\"target\":{\"@type\":\"EntryPoint\",\"urlTemplate\":\"https:\\\/\\\/www.grupomedcof.com.br\\\/blog\\\/?s={search_term_string}\"},\"query-input\":{\"@type\":\"PropertyValueSpecification\",\"valueRequired\":true,\"valueName\":\"search_term_string\"}}],\"inLanguage\":\"pt-BR\"},{\"@type\":\"Organization\",\"@id\":\"https:\\\/\\\/www.grupomedcof.com.br\\\/blog\\\/#organization\",\"name\":\"Grupo MedCof\",\"url\":\"https:\\\/\\\/www.grupomedcof.com.br\\\/blog\\\/\",\"logo\":{\"@type\":\"ImageObject\",\"inLanguage\":\"pt-BR\",\"@id\":\"https:\\\/\\\/www.grupomedcof.com.br\\\/blog\\\/#\\\/schema\\\/logo\\\/image\\\/\",\"url\":\"https:\\\/\\\/www.grupomedcof.com.br\\\/blog\\\/wp-content\\\/uploads\\\/2022\\\/01\\\/logo-medcof.png\",\"contentUrl\":\"https:\\\/\\\/www.grupomedcof.com.br\\\/blog\\\/wp-content\\\/uploads\\\/2022\\\/01\\\/logo-medcof.png\",\"width\":768,\"height\":269,\"caption\":\"Grupo MedCof\"},\"image\":{\"@id\":\"https:\\\/\\\/www.grupomedcof.com.br\\\/blog\\\/#\\\/schema\\\/logo\\\/image\\\/\"},\"sameAs\":[\"https:\\\/\\\/www.facebook.com\\\/MedCofQbank\\\/\",\"https:\\\/\\\/www.instagram.com\\\/grupomedcof\\\/\",\"https:\\\/\\\/br.linkedin.com\\\/company\\\/medcof\",\"https:\\\/\\\/www.youtube.com\\\/channel\\\/UCdHMuOHKICxcHwecxN8P-AA\"]},{\"@type\":\"Person\",\"@id\":\"https:\\\/\\\/www.grupomedcof.com.br\\\/blog\\\/#\\\/schema\\\/person\\\/9a44c2184a836bf5ae6967fdb3a1451e\",\"name\":\"Leila Menzel\",\"image\":{\"@type\":\"ImageObject\",\"inLanguage\":\"pt-BR\",\"@id\":\"https:\\\/\\\/www.grupomedcof.com.br\\\/blog\\\/wp-content\\\/uploads\\\/2025\\\/09\\\/cropped-eu-96x96.jpeg19a74936d997c0a8b3031618467fa1d0\",\"url\":\"https:\\\/\\\/www.grupomedcof.com.br\\\/blog\\\/wp-content\\\/uploads\\\/2025\\\/09\\\/cropped-eu-96x96.jpeg\",\"contentUrl\":\"https:\\\/\\\/www.grupomedcof.com.br\\\/blog\\\/wp-content\\\/uploads\\\/2025\\\/09\\\/cropped-eu-96x96.jpeg\",\"caption\":\"Leila Menzel\"},\"description\":\"Estudante do 6\u00b0 semestre de jornalismo, amo e escrevo poesias e viajo em livros de romances clich\u00eas.\",\"url\":\"https:\\\/\\\/www.grupomedcof.com.br\\\/blog\\\/author\\\/leila-menzel\\\/\"}]}<\/script>\n<!-- \/ Yoast SEO Premium plugin. -->","yoast_head_json":{"title":"Resid\u00eancia M\u00e9dica ISCMSP 2025\/2026: confira o edital!","description":"Confira o edital para resid\u00eancia m\u00e9dica publicado pela Santa Casa de S\u00e3o Paulo (SCMSP) e garanta sua vaga ainda em 2025!","robots":{"index":"index","follow":"follow","max-snippet":"max-snippet:-1","max-image-preview":"max-image-preview:large","max-video-preview":"max-video-preview:-1"},"canonical":"https:\/\/www.grupomedcof.com.br\/blog\/edital-residencia-medica-scmsp\/","og_locale":"pt_BR","og_type":"article","og_title":"SCMSP 2025\/2026: Confira o edital do processo seletivo para resid\u00eancia m\u00e9dica","og_description":"Confira o edital para resid\u00eancia m\u00e9dica publicado pela Santa Casa de S\u00e3o Paulo (SCMSP) e garanta sua vaga ainda em 2025!","og_url":"https:\/\/www.grupomedcof.com.br\/blog\/edital-residencia-medica-scmsp\/","og_site_name":"Blog de Medcof: conte\u00fados, editais, revalida e mais!","article_publisher":"https:\/\/www.facebook.com\/MedCofQbank\/","article_published_time":"2025-10-31T14:54:13+00:00","article_modified_time":"2026-02-09T15:09:08+00:00","og_image":[{"width":2560,"height":1440,"url":"https:\/\/www.grupomedcof.com.br\/blog\/wp-content\/uploads\/2023\/10\/Modelo-instituicoes-1.png","type":"image\/png"}],"author":"Leila Menzel","twitter_card":"summary_large_image","twitter_misc":{"Escrito por":"Leila Menzel","Est. tempo de leitura":"4 minutos"},"schema":{"@context":"https:\/\/schema.org","@graph":[{"@type":"Article","@id":"https:\/\/www.grupomedcof.com.br\/blog\/edital-residencia-medica-scmsp\/#article","isPartOf":{"@id":"https:\/\/www.grupomedcof.com.br\/blog\/edital-residencia-medica-scmsp\/"},"author":{"name":"Leila Menzel","@id":"https:\/\/www.grupomedcof.com.br\/blog\/#\/schema\/person\/9a44c2184a836bf5ae6967fdb3a1451e"},"headline":"SCMSP 2025\/2026: Confira o edital do processo seletivo para resid\u00eancia m\u00e9dica","datePublished":"2025-10-31T14:54:13+00:00","dateModified":"2026-02-09T15:09:08+00:00","mainEntityOfPage":{"@id":"https:\/\/www.grupomedcof.com.br\/blog\/edital-residencia-medica-scmsp\/"},"wordCount":510,"commentCount":3,"publisher":{"@id":"https:\/\/www.grupomedcof.com.br\/blog\/#organization"},"image":{"@id":"https:\/\/www.grupomedcof.com.br\/blog\/edital-residencia-medica-scmsp\/#primaryimage"},"thumbnailUrl":"https:\/\/www.grupomedcof.com.br\/blog\/wp-content\/uploads\/2023\/10\/Modelo-instituicoes-1.png","keywords":["Edital SCMSP","Especialidades m\u00e9dicas","FCC","Provas de Resid\u00eancia","Resid\u00eancia M\u00e9dica","Santa Casa SP","SCMSP"],"articleSection":["Destaques MedCof","Editais"],"inLanguage":"pt-BR"},{"@type":"WebPage","@id":"https:\/\/www.grupomedcof.com.br\/blog\/edital-residencia-medica-scmsp\/","url":"https:\/\/www.grupomedcof.com.br\/blog\/edital-residencia-medica-scmsp\/","name":"Resid\u00eancia M\u00e9dica ISCMSP 2025\/2026: confira o edital!","isPartOf":{"@id":"https:\/\/www.grupomedcof.com.br\/blog\/#website"},"primaryImageOfPage":{"@id":"https:\/\/www.grupomedcof.com.br\/blog\/edital-residencia-medica-scmsp\/#primaryimage"},"image":{"@id":"https:\/\/www.grupomedcof.com.br\/blog\/edital-residencia-medica-scmsp\/#primaryimage"},"thumbnailUrl":"https:\/\/www.grupomedcof.com.br\/blog\/wp-content\/uploads\/2023\/10\/Modelo-instituicoes-1.png","datePublished":"2025-10-31T14:54:13+00:00","dateModified":"2026-02-09T15:09:08+00:00","description":"Confira o edital para resid\u00eancia m\u00e9dica publicado pela Santa Casa de S\u00e3o Paulo (SCMSP) e garanta sua vaga ainda em 2025!","breadcrumb":{"@id":"https:\/\/www.grupomedcof.com.br\/blog\/edital-residencia-medica-scmsp\/#breadcrumb"},"inLanguage":"pt-BR","potentialAction":[{"@type":"ReadAction","target":["https:\/\/www.grupomedcof.com.br\/blog\/edital-residencia-medica-scmsp\/"]}]},{"@type":"ImageObject","inLanguage":"pt-BR","@id":"https:\/\/www.grupomedcof.com.br\/blog\/edital-residencia-medica-scmsp\/#primaryimage","url":"https:\/\/www.grupomedcof.com.br\/blog\/wp-content\/uploads\/2023\/10\/Modelo-instituicoes-1.png","contentUrl":"https:\/\/www.grupomedcof.com.br\/blog\/wp-content\/uploads\/2023\/10\/Modelo-instituicoes-1.png","width":2560,"height":1440,"caption":"Logo escrito SCMSP no canto inferior direito h\u00e1 o logo MedCof"},{"@type":"BreadcrumbList","@id":"https:\/\/www.grupomedcof.com.br\/blog\/edital-residencia-medica-scmsp\/#breadcrumb","itemListElement":[{"@type":"ListItem","position":1,"name":"In\u00edcio","item":"https:\/\/www.grupomedcof.com.br\/blog\/"},{"@type":"ListItem","position":2,"name":"SCMSP 2025\/2026: Confira o edital do processo seletivo para resid\u00eancia m\u00e9dica"}]},{"@type":"WebSite","@id":"https:\/\/www.grupomedcof.com.br\/blog\/#website","url":"https:\/\/www.grupomedcof.com.br\/blog\/","name":"Blog de Medcof: conte\u00fados, editais, revalida e mais!","description":"Acesso o blog de MedCof! Seu portal de conte\u00fados sobre resid\u00eancia m\u00e9dica, an\u00e1lise e editais e muito mais. Clique e confira!","publisher":{"@id":"https:\/\/www.grupomedcof.com.br\/blog\/#organization"},"alternateName":"Blog de Medcof: conte\u00fados, editais, revalida e mais!","potentialAction":[{"@type":"SearchAction","target":{"@type":"EntryPoint","urlTemplate":"https:\/\/www.grupomedcof.com.br\/blog\/?s={search_term_string}"},"query-input":{"@type":"PropertyValueSpecification","valueRequired":true,"valueName":"search_term_string"}}],"inLanguage":"pt-BR"},{"@type":"Organization","@id":"https:\/\/www.grupomedcof.com.br\/blog\/#organization","name":"Grupo MedCof","url":"https:\/\/www.grupomedcof.com.br\/blog\/","logo":{"@type":"ImageObject","inLanguage":"pt-BR","@id":"https:\/\/www.grupomedcof.com.br\/blog\/#\/schema\/logo\/image\/","url":"https:\/\/www.grupomedcof.com.br\/blog\/wp-content\/uploads\/2022\/01\/logo-medcof.png","contentUrl":"https:\/\/www.grupomedcof.com.br\/blog\/wp-content\/uploads\/2022\/01\/logo-medcof.png","width":768,"height":269,"caption":"Grupo MedCof"},"image":{"@id":"https:\/\/www.grupomedcof.com.br\/blog\/#\/schema\/logo\/image\/"},"sameAs":["https:\/\/www.facebook.com\/MedCofQbank\/","https:\/\/www.instagram.com\/grupomedcof\/","https:\/\/br.linkedin.com\/company\/medcof","https:\/\/www.youtube.com\/channel\/UCdHMuOHKICxcHwecxN8P-AA"]},{"@type":"Person","@id":"https:\/\/www.grupomedcof.com.br\/blog\/#\/schema\/person\/9a44c2184a836bf5ae6967fdb3a1451e","name":"Leila Menzel","image":{"@type":"ImageObject","inLanguage":"pt-BR","@id":"https:\/\/www.grupomedcof.com.br\/blog\/wp-content\/uploads\/2025\/09\/cropped-eu-96x96.jpeg19a74936d997c0a8b3031618467fa1d0","url":"https:\/\/www.grupomedcof.com.br\/blog\/wp-content\/uploads\/2025\/09\/cropped-eu-96x96.jpeg","contentUrl":"https:\/\/www.grupomedcof.com.br\/blog\/wp-content\/uploads\/2025\/09\/cropped-eu-96x96.jpeg","caption":"Leila Menzel"},"description":"Estudante do 6\u00b0 semestre de jornalismo, amo e escrevo poesias e viajo em livros de romances clich\u00eas.","url":"https:\/\/www.grupomedcof.com.br\/blog\/author\/leila-menzel\/"}]}},"authors":[{"term_id":3616,"user_id":20,"is_guest":0,"slug":"leila-menzel","display_name":"Leila Menzel","avatar_url":"https:\/\/www.grupomedcof.com.br\/blog\/wp-content\/uploads\/2025\/09\/cropped-eu-96x96.jpeg","0":null,"1":"","2":"","3":"","4":"","5":"","6":"","7":"","8":""}],"_links":{"self":[{"href":"https:\/\/www.grupomedcof.com.br\/blog\/wp-json\/wp\/v2\/posts\/15720","targetHints":{"allow":["GET"]}}],"collection":[{"href":"https:\/\/www.grupomedcof.com.br\/blog\/wp-json\/wp\/v2\/posts"}],"about":[{"href":"https:\/\/www.grupomedcof.com.br\/blog\/wp-json\/wp\/v2\/types\/post"}],"author":[{"embeddable":true,"href":"https:\/\/www.grupomedcof.com.br\/blog\/wp-json\/wp\/v2\/users\/20"}],"replies":[{"embeddable":true,"href":"https:\/\/www.grupomedcof.com.br\/blog\/wp-json\/wp\/v2\/comments?post=15720"}],"version-history":[{"count":8,"href":"https:\/\/www.grupomedcof.com.br\/blog\/wp-json\/wp\/v2\/posts\/15720\/revisions"}],"predecessor-version":[{"id":41659,"href":"https:\/\/www.grupomedcof.com.br\/blog\/wp-json\/wp\/v2\/posts\/15720\/revisions\/41659"}],"wp:featuredmedia":[{"embeddable":true,"href":"https:\/\/www.grupomedcof.com.br\/blog\/wp-json\/wp\/v2\/media\/30016"}],"wp:attachment":[{"href":"https:\/\/www.grupomedcof.com.br\/blog\/wp-json\/wp\/v2\/media?parent=15720"}],"wp:term":[{"taxonomy":"category","embeddable":true,"href":"https:\/\/www.grupomedcof.com.br\/blog\/wp-json\/wp\/v2\/categories?post=15720"},{"taxonomy":"post_tag","embeddable":true,"href":"https:\/\/www.grupomedcof.com.br\/blog\/wp-json\/wp\/v2\/tags?post=15720"},{"taxonomy":"author","embeddable":true,"href":"https:\/\/www.grupomedcof.com.br\/blog\/wp-json\/wp\/v2\/ppma_author?post=15720"}],"curies":[{"name":"wp","href":"https:\/\/api.w.org\/{rel}","templated":true}]}}