{"id":15781,"date":"2023-10-26T17:17:23","date_gmt":"2023-10-26T20:17:23","guid":{"rendered":"https:\/\/www.grupomedcof.com.br\/blog\/?p=15781"},"modified":"2025-04-15T11:15:57","modified_gmt":"2025-04-15T14:15:57","slug":"residencia-medica-inca-2023-2024","status":"publish","type":"post","link":"https:\/\/www.grupomedcof.com.br\/blog\/residencia-medica-inca-2023-2024\/","title":{"rendered":"Resid\u00eancia M\u00e9dica INCA 2023\/2024"},"content":{"rendered":"<div id=\"ez-toc-container\" class=\"ez-toc-v2_0_74 counter-hierarchy ez-toc-counter ez-toc-transparent ez-toc-container-direction\">\n<div class=\"ez-toc-title-container\">\n<p class=\"ez-toc-title\" style=\"cursor:inherit\">Sum\u00e1rio<\/p>\n<span class=\"ez-toc-title-toggle\"><a href=\"#\" class=\"ez-toc-pull-right ez-toc-btn ez-toc-btn-xs ez-toc-btn-default ez-toc-toggle\" aria-label=\"Alternar tabela de conte\u00fado\"><span class=\"ez-toc-js-icon-con\"><span class=\"\"><span class=\"eztoc-hide\" style=\"display:none;\">Toggle<\/span><span class=\"ez-toc-icon-toggle-span\"><svg style=\"fill: #999;color:#999\" xmlns=\"http:\/\/www.w3.org\/2000\/svg\" class=\"list-377408\" width=\"20px\" height=\"20px\" viewBox=\"0 0 24 24\" fill=\"none\"><path d=\"M6 6H4v2h2V6zm14 0H8v2h12V6zM4 11h2v2H4v-2zm16 0H8v2h12v-2zM4 16h2v2H4v-2zm16 0H8v2h12v-2z\" fill=\"currentColor\"><\/path><\/svg><svg style=\"fill: #999;color:#999\" class=\"arrow-unsorted-368013\" xmlns=\"http:\/\/www.w3.org\/2000\/svg\" width=\"10px\" height=\"10px\" viewBox=\"0 0 24 24\" version=\"1.2\" baseProfile=\"tiny\"><path d=\"M18.2 9.3l-6.2-6.3-6.2 6.3c-.2.2-.3.4-.3.7s.1.5.3.7c.2.2.4.3.7.3h11c.3 0 .5-.1.7-.3.2-.2.3-.5.3-.7s-.1-.5-.3-.7zM5.8 14.7l6.2 6.3 6.2-6.3c.2-.2.3-.5.3-.7s-.1-.5-.3-.7c-.2-.2-.4-.3-.7-.3h-11c-.3 0-.5.1-.7.3-.2.2-.3.5-.3.7s.1.5.3.7z\"\/><\/svg><\/span><\/span><\/span><\/a><\/span><\/div>\n<nav><ul class='ez-toc-list ez-toc-list-level-1 ' ><li class='ez-toc-page-1 ez-toc-heading-level-2'><a class=\"ez-toc-link ez-toc-heading-1\" href=\"https:\/\/www.grupomedcof.com.br\/blog\/residencia-medica-inca-2023-2024\/#Residencia_Medica_INCA_20232024\" >Resid\u00eancia M\u00e9dica INCA 2023\/2024<\/a><\/li><li class='ez-toc-page-1 ez-toc-heading-level-2'><a class=\"ez-toc-link ez-toc-heading-2\" href=\"https:\/\/www.grupomedcof.com.br\/blog\/residencia-medica-inca-2023-2024\/#INCA_20232024_vagas_para_residencia_medica\" >INCA 2023\/2024: vagas para resid\u00eancia m\u00e9dica<\/a><\/li><li class='ez-toc-page-1 ez-toc-heading-level-2'><a class=\"ez-toc-link ez-toc-heading-3\" href=\"https:\/\/www.grupomedcof.com.br\/blog\/residencia-medica-inca-2023-2024\/#Pre-Requisito\" >Pr\u00e9-Requisito<\/a><ul class='ez-toc-list-level-3' ><li class='ez-toc-heading-level-3'><a class=\"ez-toc-link ez-toc-heading-4\" href=\"https:\/\/www.grupomedcof.com.br\/blog\/residencia-medica-inca-2023-2024\/#Areas_de_Atuacao\" >\u00c1reas de Atua\u00e7\u00e3o<\/a><\/li><\/ul><\/li><li class='ez-toc-page-1 ez-toc-heading-level-2'><a class=\"ez-toc-link ez-toc-heading-5\" href=\"https:\/\/www.grupomedcof.com.br\/blog\/residencia-medica-inca-2023-2024\/#Processo_seletivo\" >Processo seletivo<\/a><\/li><li class='ez-toc-page-1 ez-toc-heading-level-2'><a class=\"ez-toc-link ez-toc-heading-6\" href=\"https:\/\/www.grupomedcof.com.br\/blog\/residencia-medica-inca-2023-2024\/#Cronograma_INCA_20232024\" >Cronograma INCA 2023\/2024:<\/a><\/li><li class='ez-toc-page-1 ez-toc-heading-level-2'><a class=\"ez-toc-link ez-toc-heading-7\" href=\"https:\/\/www.grupomedcof.com.br\/blog\/residencia-medica-inca-2023-2024\/#Conquiste_a_aprovacao\" >Conquiste a aprova\u00e7\u00e3o<\/a><\/li><\/ul><\/nav><\/div>\n<div class=\"wp-block-image\">\n<figure class=\"aligncenter\"><img decoding=\"async\" src=\"https:\/\/www.grupomedcof.com.br\/blog\/wp-content\/uploads\/2023\/10\/Blog-MedCof-81-1024x576.png\" alt=\"inca resid\u00eancia m\u00e9dica 2023, resid\u00eancia m\u00e9dica inca 2023, residencia medica inca, inca residencia medica, edital resid\u00eancia m\u00e9dica inca, vagas para residencia medica inca, inca vagas para residencia media 2023, residencia medica inca 2024, inca residencia medica 2024\"\/><\/figure>\n<\/div>\n\n\n<p>Contemplado pelo processo seletivo da UFRJ 2023\/2024, o&nbsp;Instituto Nacional do C\u00e2ncer (INCA)&nbsp;oferta mais de 80 vagas para resid\u00eancia m\u00e9dica.<\/p>\n\n\n\n<h2 class=\"wp-block-heading\" id=\"h-residencia-medica-inca-2023-2024\"><span class=\"ez-toc-section\" id=\"Residencia_Medica_INCA_20232024\"><\/span><strong>Resid\u00eancia M\u00e9dica INCA 2023\/2024<\/strong><span class=\"ez-toc-section-end\"><\/span><\/h2>\n\n\n\n<p>De acordo com o&nbsp;<a href=\"https:\/\/www.grupomedcof.com.br\/blog\/edital-residencia-medica-ufrj-2023-2024\/\" target=\"_blank\" rel=\"noopener\">edital da UFRJ<\/a><a href=\"https:\/\/www.grupomedcof.com.br\/blog\/edital-residencia-medica-ufrj-2023-2024\/\">&nbsp;<\/a>publicado no come\u00e7o do m\u00eas, o cronograma e a composi\u00e7\u00e3o do processo seletivo do INCA ser\u00e1 o mesmo que das outras institui\u00e7\u00f5es participantes. Dessa forma, os candidatos interessados puderam se inscrever entre os dias&nbsp;17 e 25 de outubro, mediante o pagamento da taxa no valor de&nbsp;R$ 620,00.<\/p>\n\n\n\n<p>Al\u00e9m disso, o processo seletivo conta com apenas uma&nbsp;\u00fanica fase avaliativa, que \u00e9 a aplica\u00e7\u00e3o de uma&nbsp;prova objetiva no dia 19 de novembro de 2023.<\/p>\n\n\n\n<figure class=\"wp-block-image\"><img decoding=\"async\" src=\"https:\/\/www.grupomedcof.com.br\/blog\/wp-content\/uploads\/2023\/09\/Captura-de-tela-2023-09-25-085840-1024x163.png\" alt=\"aulas medcof, grupo medcof, medcof aulas,\"\/><\/figure>\n\n\n\n<h2 class=\"wp-block-heading\" id=\"h-inca-2023-2024-vagas-para-residencia-medica\"><span class=\"ez-toc-section\" id=\"INCA_20232024_vagas_para_residencia_medica\"><\/span><a href=\"https:\/\/www.grupomedcof.com.br\/links-extensivos-2024\/\" target=\"_blank\" rel=\"noopener\"> <\/a><strong>INCA 2023\/2024: vagas para resid\u00eancia m\u00e9dica<\/strong><span class=\"ez-toc-section-end\"><\/span><\/h2>\n\n\n\n<p>Conforme as informa\u00e7\u00f5es do edital, o Instituto Nacional do C\u00e2ncer ofertar\u00e1 88 vagas para resid\u00eancia m\u00e9dica em 2024:<\/p>\n\n\n\n<figure class=\"wp-block-table\"><table class=\"has-fixed-layout\"><tbody><tr><td><strong>Especialidade<\/strong><\/td><td><strong>N\u00ba de vagas<\/strong><\/td><\/tr><tr><td>Anestesiologia*<\/td><td>06<\/td><\/tr><tr><td>Medicina do Trabalho<\/td><td>02<\/td><\/tr><tr><td>Medicina Intensiva<\/td><td>02<\/td><\/tr><tr><td>Patologia*<\/td><td>07<\/td><\/tr><tr><td>Radiologia e Diagn\u00f3stico Por Imagem<\/td><td>08<\/td><\/tr><tr><td>Radioterapia<\/td><td>06<\/td><\/tr><\/tbody><\/table><figcaption class=\"wp-element-caption\">* 1 vaga reservada para Servi\u00e7o Militar<\/figcaption><\/figure>\n\n\n\n<h2 class=\"wp-block-heading\" id=\"h-pre-requisito\"><span class=\"ez-toc-section\" id=\"Pre-Requisito\"><\/span><strong>Pr\u00e9-Requisito<\/strong><span class=\"ez-toc-section-end\"><\/span><\/h2>\n\n\n\n<figure class=\"wp-block-table\"><table class=\"has-fixed-layout\"><tbody><tr><td><strong>Especialidade<\/strong><\/td><td><strong>N\u00ba de vagas<\/strong><\/td><\/tr><tr><td>Cirurgia de Cabe\u00e7a e Pesco\u00e7o<\/td><td>04<\/td><\/tr><tr><td>Cirurgia Oncol\u00f3gica<\/td><td>09<\/td><\/tr><tr><td>Cirurgia Pl\u00e1stica<\/td><td>04<\/td><\/tr><tr><td>Endoscopia<\/td><td>02<\/td><\/tr><tr><td>Hematologia e Hemoterapia<\/td><td>04<\/td><\/tr><tr><td>Hematologia e Hemoterapia Pedi\u00e1trica<\/td><td>02<\/td><\/tr><tr><td>Mastologia<\/td><td>04<\/td><\/tr><tr><td>Oncologia Cl\u00ednica<\/td><td>10<\/td><\/tr><tr><td>Oncologia Pedi\u00e1trica<\/td><td>02<\/td><\/tr><tr><td>Medicina Intensiva Pedi\u00e1trica<\/td><td>02<\/td><\/tr><tr><td>Medicina Paliativa<\/td><td>02<\/td><\/tr><\/tbody><\/table><\/figure>\n\n\n\n<h3 class=\"wp-block-heading\"><span class=\"ez-toc-section\" id=\"Areas_de_Atuacao\"><\/span><strong>\u00c1reas de Atua\u00e7\u00e3o<\/strong><span class=\"ez-toc-section-end\"><\/span><\/h3>\n\n\n\n<figure class=\"wp-block-table\"><table class=\"has-fixed-layout\"><tbody><tr><td><strong>Especialidade<\/strong><\/td><td><strong>N\u00ba de vagas<\/strong><\/td><\/tr><tr><td>Cirurgia de Cabe\u00e7a e Pesco\u00e7o com \u00eanfase em Cirurgias de Grande Porte<\/td><td>04<\/td><\/tr><tr><td>Transplante de Medula \u00d3ssea<\/td><td>03<\/td><\/tr><tr><td>Citopatologia<\/td><td>02<\/td><\/tr><tr><td>Patologia com \u00canfase em Patologia Cir\u00fargica Oncol\u00f3gica<\/td><td>02<\/td><\/tr><tr><td>Patologia com \u00canfase em Hematopatologia<\/td><td>01<\/td><\/tr><\/tbody><\/table><\/figure>\n\n\n\n<h2 class=\"wp-block-heading\" id=\"h-processo-seletivo\"><span class=\"ez-toc-section\" id=\"Processo_seletivo\"><\/span><strong>Processo seletivo<\/strong><span class=\"ez-toc-section-end\"><\/span><\/h2>\n\n\n\n<p>Conforme o documento publicado, a prova objetiva para as especialidades de&nbsp;Acesso Direto ter\u00e1 5h de dura\u00e7\u00e3o&nbsp;com&nbsp;in\u00edcio \u00e0s 9h e t\u00e9rmino \u00e0s 14h. Assim, ela contar\u00e1 com&nbsp;150 quest\u00f5es de m\u00faltipla escolha, dividas igualmente entre as 5 grandes \u00e1reas m\u00e9dicas.<\/p>\n\n\n\n<p>J\u00e1 para os programas com&nbsp;pr\u00e9-requisito ser\u00e3o 2h de dura\u00e7\u00e3o&nbsp;com o&nbsp;in\u00edcio das provas as 9h e t\u00e9rmino \u00e0s 11h. Desse modo, os candidatos enfrentar\u00e3o 50 quest\u00f5es de acordo com a especialidade escolhida.<\/p>\n\n\n\n<h2 class=\"wp-block-heading\"><span class=\"ez-toc-section\" id=\"Cronograma_INCA_20232024\"><\/span><strong>Cronograma INCA 2023\/2024:<\/strong><span class=\"ez-toc-section-end\"><\/span><\/h2>\n\n\n\n<p>Por fim, confira as&nbsp;principais datas&nbsp;do processo seletivo para resid\u00eancia m\u00e9dica da UFRJ 2023\/2024 e, consequentemente, do INCA:<\/p>\n\n\n\n<ul class=\"wp-block-list\">\n<li>Inscri\u00e7\u00f5es:\u00a017 a 25\/10\/2023<\/li>\n\n\n\n<li>Isen\u00e7\u00e3o:\u00a017 a 18\/10\/2023<\/li>\n\n\n\n<li>Prova Objetiva e Gabarito Preliminar:\u00a019\/11\/2023<\/li>\n\n\n\n<li>Recursos:\u00a021\/11\/2023<\/li>\n\n\n\n<li>Gabarito Definitivo:\u00a028\/11\/2023<\/li>\n\n\n\n<li>Resultado Preliminar:\u00a001\/12\/2023<\/li>\n\n\n\n<li>Resultado Final:\u00a0at\u00e9 15\/12\/2023<\/li>\n<\/ul>\n\n\n\n<h2 class=\"wp-block-heading\"><span class=\"ez-toc-section\" id=\"Conquiste_a_aprovacao\"><\/span><strong>Conquiste a aprova\u00e7\u00e3o<\/strong><span class=\"ez-toc-section-end\"><\/span><\/h2>\n\n\n\n<p>As provas de resid\u00eancia m\u00e9dica j\u00e1 come\u00e7aram! Se voc\u00ea quer garantir a sua aprova\u00e7\u00e3o nesta resta final, ent\u00e3o conhe\u00e7a o Grupo MedCof e a metodologia que j\u00e1 aprovou<a href=\"https:\/\/www.grupomedcof.com.br\/blog\/presenca-da-medcof-nas-aprovacoes-em-residencia-medica-no-brasil\/\" target=\"_blank\" rel=\"noreferrer noopener\">&nbsp;mais de 10 mil residentes&nbsp;<\/a>pelo pa\u00eds. Por fim, voc\u00ea pode acessar o nosso<a href=\"https:\/\/www.youtube.com\/@GrupoMedcof\/featured\" target=\"_blank\" rel=\"noreferrer noopener\">&nbsp;canal do youtube&nbsp;<\/a>e ver o nosso material de revis\u00e3o e corre\u00e7\u00e3o.<\/p>\n","protected":false},"excerpt":{"rendered":"<p>Contemplado pelo processo seletivo da UFRJ 2023\/2024, o Instituto Nacional de C\u00e2ncer (INCA) oferta mais de 80 vagas para resid\u00eancia m\u00e9dica.<\/p>\n","protected":false},"author":6,"featured_media":15782,"comment_status":"open","ping_status":"open","sticky":false,"template":"","format":"standard","meta":{"footnotes":""},"categories":[10,174],"tags":[93,288,117,68],"ppma_author":[3609],"class_list":{"0":"post-15781","1":"post","2":"type-post","3":"status-publish","4":"format-standard","5":"has-post-thumbnail","7":"category-raio-x-editais","8":"category-residencia-medica","9":"tag-especialidades-medicas","10":"tag-inca","11":"tag-provas-de-residencia","12":"tag-residencia-medica"},"yoast_head":"<!-- This site is optimized with the Yoast SEO Premium plugin v24.3 (Yoast SEO v27.4) - https:\/\/yoast.com\/product\/yoast-seo-premium-wordpress\/ -->\n<title>Resid\u00eancia M\u00e9dica INCA 2023\/2024 - Blog de Medcof: conte\u00fados, editais, revalida e mais!<\/title>\n<meta name=\"description\" content=\"Contemplado pelo processo seletivo da UFRJ 2023\/2024, o Instituto Nacional de C\u00e2ncer (INCA) oferta mais de 80 vagas para resid\u00eancia m\u00e9dica.\" \/>\n<meta name=\"robots\" content=\"index, follow, max-snippet:-1, max-image-preview:large, max-video-preview:-1\" \/>\n<link rel=\"canonical\" href=\"https:\/\/www.grupomedcof.com.br\/blog\/residencia-medica-inca-2023-2024\/\" \/>\n<meta property=\"og:locale\" content=\"pt_BR\" \/>\n<meta property=\"og:type\" content=\"article\" \/>\n<meta property=\"og:title\" content=\"Resid\u00eancia M\u00e9dica INCA 2023\/2024\" \/>\n<meta property=\"og:description\" content=\"Contemplado pelo processo seletivo da UFRJ 2023\/2024, o Instituto Nacional de C\u00e2ncer (INCA) oferta mais de 80 vagas para resid\u00eancia m\u00e9dica.\" \/>\n<meta property=\"og:url\" content=\"https:\/\/www.grupomedcof.com.br\/blog\/residencia-medica-inca-2023-2024\/\" \/>\n<meta property=\"og:site_name\" content=\"Blog de Medcof: conte\u00fados, editais, revalida e mais!\" \/>\n<meta property=\"article:publisher\" content=\"https:\/\/www.facebook.com\/MedCofQbank\/\" \/>\n<meta property=\"article:published_time\" content=\"2023-10-26T20:17:23+00:00\" \/>\n<meta property=\"article:modified_time\" content=\"2025-04-15T14:15:57+00:00\" \/>\n<meta property=\"og:image\" content=\"https:\/\/www.grupomedcof.com.br\/blog\/wp-content\/uploads\/2023\/10\/Blog-MedCof-81-1024x576.png\" \/>\n\t<meta property=\"og:image:width\" content=\"1024\" \/>\n\t<meta property=\"og:image:height\" content=\"576\" \/>\n\t<meta property=\"og:image:type\" content=\"image\/png\" \/>\n<meta name=\"author\" content=\"J\u00falia Moreira\" \/>\n<meta name=\"twitter:card\" content=\"summary_large_image\" \/>\n<meta name=\"twitter:label1\" content=\"Escrito por\" \/>\n\t<meta name=\"twitter:data1\" content=\"J\u00falia Moreira\" \/>\n\t<meta name=\"twitter:label2\" content=\"Est. tempo de leitura\" \/>\n\t<meta name=\"twitter:data2\" content=\"3 minutos\" \/>\n<script type=\"application\/ld+json\" class=\"yoast-schema-graph\">{\"@context\":\"https:\\\/\\\/schema.org\",\"@graph\":[{\"@type\":\"Article\",\"@id\":\"https:\\\/\\\/www.grupomedcof.com.br\\\/blog\\\/residencia-medica-inca-2023-2024\\\/#article\",\"isPartOf\":{\"@id\":\"https:\\\/\\\/www.grupomedcof.com.br\\\/blog\\\/residencia-medica-inca-2023-2024\\\/\"},\"author\":{\"name\":\"J\u00falia Moreira\",\"@id\":\"https:\\\/\\\/www.grupomedcof.com.br\\\/blog\\\/#\\\/schema\\\/person\\\/1375e0ce724529d7a1d8156ea7f8ceaa\"},\"headline\":\"Resid\u00eancia M\u00e9dica INCA 2023\\\/2024\",\"datePublished\":\"2023-10-26T20:17:23+00:00\",\"dateModified\":\"2025-04-15T14:15:57+00:00\",\"mainEntityOfPage\":{\"@id\":\"https:\\\/\\\/www.grupomedcof.com.br\\\/blog\\\/residencia-medica-inca-2023-2024\\\/\"},\"wordCount\":464,\"commentCount\":0,\"publisher\":{\"@id\":\"https:\\\/\\\/www.grupomedcof.com.br\\\/blog\\\/#organization\"},\"image\":{\"@id\":\"https:\\\/\\\/www.grupomedcof.com.br\\\/blog\\\/residencia-medica-inca-2023-2024\\\/#primaryimage\"},\"thumbnailUrl\":\"https:\\\/\\\/www.grupomedcof.com.br\\\/blog\\\/wp-content\\\/uploads\\\/2023\\\/10\\\/Blog-MedCof-81.png\",\"keywords\":[\"Especialidades m\u00e9dicas\",\"INCA\",\"Provas de Resid\u00eancia\",\"Resid\u00eancia M\u00e9dica\"],\"articleSection\":[\"Raio-X Editais\",\"Resid\u00eancia m\u00e9dica: editais, resultados, temas quentes e mais\"],\"inLanguage\":\"pt-BR\"},{\"@type\":\"WebPage\",\"@id\":\"https:\\\/\\\/www.grupomedcof.com.br\\\/blog\\\/residencia-medica-inca-2023-2024\\\/\",\"url\":\"https:\\\/\\\/www.grupomedcof.com.br\\\/blog\\\/residencia-medica-inca-2023-2024\\\/\",\"name\":\"Resid\u00eancia M\u00e9dica INCA 2023\\\/2024 - Blog de Medcof: conte\u00fados, editais, revalida e mais!\",\"isPartOf\":{\"@id\":\"https:\\\/\\\/www.grupomedcof.com.br\\\/blog\\\/#website\"},\"primaryImageOfPage\":{\"@id\":\"https:\\\/\\\/www.grupomedcof.com.br\\\/blog\\\/residencia-medica-inca-2023-2024\\\/#primaryimage\"},\"image\":{\"@id\":\"https:\\\/\\\/www.grupomedcof.com.br\\\/blog\\\/residencia-medica-inca-2023-2024\\\/#primaryimage\"},\"thumbnailUrl\":\"https:\\\/\\\/www.grupomedcof.com.br\\\/blog\\\/wp-content\\\/uploads\\\/2023\\\/10\\\/Blog-MedCof-81.png\",\"datePublished\":\"2023-10-26T20:17:23+00:00\",\"dateModified\":\"2025-04-15T14:15:57+00:00\",\"description\":\"Contemplado pelo processo seletivo da UFRJ 2023\\\/2024, o Instituto Nacional de C\u00e2ncer (INCA) oferta mais de 80 vagas para resid\u00eancia m\u00e9dica.\",\"breadcrumb\":{\"@id\":\"https:\\\/\\\/www.grupomedcof.com.br\\\/blog\\\/residencia-medica-inca-2023-2024\\\/#breadcrumb\"},\"inLanguage\":\"pt-BR\",\"potentialAction\":[{\"@type\":\"ReadAction\",\"target\":[\"https:\\\/\\\/www.grupomedcof.com.br\\\/blog\\\/residencia-medica-inca-2023-2024\\\/\"]}]},{\"@type\":\"ImageObject\",\"inLanguage\":\"pt-BR\",\"@id\":\"https:\\\/\\\/www.grupomedcof.com.br\\\/blog\\\/residencia-medica-inca-2023-2024\\\/#primaryimage\",\"url\":\"https:\\\/\\\/www.grupomedcof.com.br\\\/blog\\\/wp-content\\\/uploads\\\/2023\\\/10\\\/Blog-MedCof-81.png\",\"contentUrl\":\"https:\\\/\\\/www.grupomedcof.com.br\\\/blog\\\/wp-content\\\/uploads\\\/2023\\\/10\\\/Blog-MedCof-81.png\",\"width\":2560,\"height\":1440,\"caption\":\"Contemplado pelo processo seletivo da UFRJ 2023\\\/2024, o Instituto Nacional de C\u00e2ncer (INCA) oferta mais de 80 vagas para resid\u00eancia m\u00e9dica.\"},{\"@type\":\"BreadcrumbList\",\"@id\":\"https:\\\/\\\/www.grupomedcof.com.br\\\/blog\\\/residencia-medica-inca-2023-2024\\\/#breadcrumb\",\"itemListElement\":[{\"@type\":\"ListItem\",\"position\":1,\"name\":\"In\u00edcio\",\"item\":\"https:\\\/\\\/www.grupomedcof.com.br\\\/blog\\\/\"},{\"@type\":\"ListItem\",\"position\":2,\"name\":\"Resid\u00eancia M\u00e9dica INCA 2023\\\/2024\"}]},{\"@type\":\"WebSite\",\"@id\":\"https:\\\/\\\/www.grupomedcof.com.br\\\/blog\\\/#website\",\"url\":\"https:\\\/\\\/www.grupomedcof.com.br\\\/blog\\\/\",\"name\":\"Blog de Medcof: conte\u00fados, editais, revalida e mais!\",\"description\":\"Acesso o blog de MedCof! Seu portal de conte\u00fados sobre resid\u00eancia m\u00e9dica, an\u00e1lise e editais e muito mais. Clique e confira!\",\"publisher\":{\"@id\":\"https:\\\/\\\/www.grupomedcof.com.br\\\/blog\\\/#organization\"},\"alternateName\":\"Blog de Medcof: conte\u00fados, editais, revalida e mais!\",\"potentialAction\":[{\"@type\":\"SearchAction\",\"target\":{\"@type\":\"EntryPoint\",\"urlTemplate\":\"https:\\\/\\\/www.grupomedcof.com.br\\\/blog\\\/?s={search_term_string}\"},\"query-input\":{\"@type\":\"PropertyValueSpecification\",\"valueRequired\":true,\"valueName\":\"search_term_string\"}}],\"inLanguage\":\"pt-BR\"},{\"@type\":\"Organization\",\"@id\":\"https:\\\/\\\/www.grupomedcof.com.br\\\/blog\\\/#organization\",\"name\":\"Grupo MedCof\",\"url\":\"https:\\\/\\\/www.grupomedcof.com.br\\\/blog\\\/\",\"logo\":{\"@type\":\"ImageObject\",\"inLanguage\":\"pt-BR\",\"@id\":\"https:\\\/\\\/www.grupomedcof.com.br\\\/blog\\\/#\\\/schema\\\/logo\\\/image\\\/\",\"url\":\"https:\\\/\\\/www.grupomedcof.com.br\\\/blog\\\/wp-content\\\/uploads\\\/2022\\\/01\\\/logo-medcof.png\",\"contentUrl\":\"https:\\\/\\\/www.grupomedcof.com.br\\\/blog\\\/wp-content\\\/uploads\\\/2022\\\/01\\\/logo-medcof.png\",\"width\":768,\"height\":269,\"caption\":\"Grupo MedCof\"},\"image\":{\"@id\":\"https:\\\/\\\/www.grupomedcof.com.br\\\/blog\\\/#\\\/schema\\\/logo\\\/image\\\/\"},\"sameAs\":[\"https:\\\/\\\/www.facebook.com\\\/MedCofQbank\\\/\",\"https:\\\/\\\/www.instagram.com\\\/grupomedcof\\\/\",\"https:\\\/\\\/br.linkedin.com\\\/company\\\/medcof\",\"https:\\\/\\\/www.youtube.com\\\/channel\\\/UCdHMuOHKICxcHwecxN8P-AA\"]},{\"@type\":\"Person\",\"@id\":\"https:\\\/\\\/www.grupomedcof.com.br\\\/blog\\\/#\\\/schema\\\/person\\\/1375e0ce724529d7a1d8156ea7f8ceaa\",\"name\":\"J\u00falia Moreira\",\"image\":{\"@type\":\"ImageObject\",\"inLanguage\":\"pt-BR\",\"@id\":\"https:\\\/\\\/www.grupomedcof.com.br\\\/blog\\\/wp-content\\\/uploads\\\/2024\\\/12\\\/cropped-Captura-de-tela-2023-12-15-094946-96x96.png6a0083ac34a0445de97d55fae63a4a41\",\"url\":\"https:\\\/\\\/www.grupomedcof.com.br\\\/blog\\\/wp-content\\\/uploads\\\/2024\\\/12\\\/cropped-Captura-de-tela-2023-12-15-094946-96x96.png\",\"contentUrl\":\"https:\\\/\\\/www.grupomedcof.com.br\\\/blog\\\/wp-content\\\/uploads\\\/2024\\\/12\\\/cropped-Captura-de-tela-2023-12-15-094946-96x96.png\",\"caption\":\"J\u00falia Moreira\"},\"description\":\"Estudante do 8\u00ba semestre de Jornalismo na ECA-USP, f\u00e3 de filmes de terror e m\u00fasica popular sul-coreana.\",\"sameAs\":[\"https:\\\/\\\/www.grupomedcof.com.br\\\/\"],\"url\":\"https:\\\/\\\/www.grupomedcof.com.br\\\/blog\\\/author\\\/julia\\\/\"}]}<\/script>\n<!-- \/ Yoast SEO Premium plugin. -->","yoast_head_json":{"title":"Resid\u00eancia M\u00e9dica INCA 2023\/2024 - Blog de Medcof: conte\u00fados, editais, revalida e mais!","description":"Contemplado pelo processo seletivo da UFRJ 2023\/2024, o Instituto Nacional de C\u00e2ncer (INCA) oferta mais de 80 vagas para resid\u00eancia m\u00e9dica.","robots":{"index":"index","follow":"follow","max-snippet":"max-snippet:-1","max-image-preview":"max-image-preview:large","max-video-preview":"max-video-preview:-1"},"canonical":"https:\/\/www.grupomedcof.com.br\/blog\/residencia-medica-inca-2023-2024\/","og_locale":"pt_BR","og_type":"article","og_title":"Resid\u00eancia M\u00e9dica INCA 2023\/2024","og_description":"Contemplado pelo processo seletivo da UFRJ 2023\/2024, o Instituto Nacional de C\u00e2ncer (INCA) oferta mais de 80 vagas para resid\u00eancia m\u00e9dica.","og_url":"https:\/\/www.grupomedcof.com.br\/blog\/residencia-medica-inca-2023-2024\/","og_site_name":"Blog de Medcof: conte\u00fados, editais, revalida e mais!","article_publisher":"https:\/\/www.facebook.com\/MedCofQbank\/","article_published_time":"2023-10-26T20:17:23+00:00","article_modified_time":"2025-04-15T14:15:57+00:00","og_image":[{"width":1024,"height":576,"url":"https:\/\/www.grupomedcof.com.br\/blog\/wp-content\/uploads\/2023\/10\/Blog-MedCof-81-1024x576.png","type":"image\/png"}],"author":"J\u00falia Moreira","twitter_card":"summary_large_image","twitter_misc":{"Escrito por":"J\u00falia Moreira","Est. tempo de leitura":"3 minutos"},"schema":{"@context":"https:\/\/schema.org","@graph":[{"@type":"Article","@id":"https:\/\/www.grupomedcof.com.br\/blog\/residencia-medica-inca-2023-2024\/#article","isPartOf":{"@id":"https:\/\/www.grupomedcof.com.br\/blog\/residencia-medica-inca-2023-2024\/"},"author":{"name":"J\u00falia Moreira","@id":"https:\/\/www.grupomedcof.com.br\/blog\/#\/schema\/person\/1375e0ce724529d7a1d8156ea7f8ceaa"},"headline":"Resid\u00eancia M\u00e9dica INCA 2023\/2024","datePublished":"2023-10-26T20:17:23+00:00","dateModified":"2025-04-15T14:15:57+00:00","mainEntityOfPage":{"@id":"https:\/\/www.grupomedcof.com.br\/blog\/residencia-medica-inca-2023-2024\/"},"wordCount":464,"commentCount":0,"publisher":{"@id":"https:\/\/www.grupomedcof.com.br\/blog\/#organization"},"image":{"@id":"https:\/\/www.grupomedcof.com.br\/blog\/residencia-medica-inca-2023-2024\/#primaryimage"},"thumbnailUrl":"https:\/\/www.grupomedcof.com.br\/blog\/wp-content\/uploads\/2023\/10\/Blog-MedCof-81.png","keywords":["Especialidades m\u00e9dicas","INCA","Provas de Resid\u00eancia","Resid\u00eancia M\u00e9dica"],"articleSection":["Raio-X Editais","Resid\u00eancia m\u00e9dica: editais, resultados, temas quentes e mais"],"inLanguage":"pt-BR"},{"@type":"WebPage","@id":"https:\/\/www.grupomedcof.com.br\/blog\/residencia-medica-inca-2023-2024\/","url":"https:\/\/www.grupomedcof.com.br\/blog\/residencia-medica-inca-2023-2024\/","name":"Resid\u00eancia M\u00e9dica INCA 2023\/2024 - Blog de Medcof: conte\u00fados, editais, revalida e mais!","isPartOf":{"@id":"https:\/\/www.grupomedcof.com.br\/blog\/#website"},"primaryImageOfPage":{"@id":"https:\/\/www.grupomedcof.com.br\/blog\/residencia-medica-inca-2023-2024\/#primaryimage"},"image":{"@id":"https:\/\/www.grupomedcof.com.br\/blog\/residencia-medica-inca-2023-2024\/#primaryimage"},"thumbnailUrl":"https:\/\/www.grupomedcof.com.br\/blog\/wp-content\/uploads\/2023\/10\/Blog-MedCof-81.png","datePublished":"2023-10-26T20:17:23+00:00","dateModified":"2025-04-15T14:15:57+00:00","description":"Contemplado pelo processo seletivo da UFRJ 2023\/2024, o Instituto Nacional de C\u00e2ncer (INCA) oferta mais de 80 vagas para resid\u00eancia m\u00e9dica.","breadcrumb":{"@id":"https:\/\/www.grupomedcof.com.br\/blog\/residencia-medica-inca-2023-2024\/#breadcrumb"},"inLanguage":"pt-BR","potentialAction":[{"@type":"ReadAction","target":["https:\/\/www.grupomedcof.com.br\/blog\/residencia-medica-inca-2023-2024\/"]}]},{"@type":"ImageObject","inLanguage":"pt-BR","@id":"https:\/\/www.grupomedcof.com.br\/blog\/residencia-medica-inca-2023-2024\/#primaryimage","url":"https:\/\/www.grupomedcof.com.br\/blog\/wp-content\/uploads\/2023\/10\/Blog-MedCof-81.png","contentUrl":"https:\/\/www.grupomedcof.com.br\/blog\/wp-content\/uploads\/2023\/10\/Blog-MedCof-81.png","width":2560,"height":1440,"caption":"Contemplado pelo processo seletivo da UFRJ 2023\/2024, o Instituto Nacional de C\u00e2ncer (INCA) oferta mais de 80 vagas para resid\u00eancia m\u00e9dica."},{"@type":"BreadcrumbList","@id":"https:\/\/www.grupomedcof.com.br\/blog\/residencia-medica-inca-2023-2024\/#breadcrumb","itemListElement":[{"@type":"ListItem","position":1,"name":"In\u00edcio","item":"https:\/\/www.grupomedcof.com.br\/blog\/"},{"@type":"ListItem","position":2,"name":"Resid\u00eancia M\u00e9dica INCA 2023\/2024"}]},{"@type":"WebSite","@id":"https:\/\/www.grupomedcof.com.br\/blog\/#website","url":"https:\/\/www.grupomedcof.com.br\/blog\/","name":"Blog de Medcof: conte\u00fados, editais, revalida e mais!","description":"Acesso o blog de MedCof! Seu portal de conte\u00fados sobre resid\u00eancia m\u00e9dica, an\u00e1lise e editais e muito mais. Clique e confira!","publisher":{"@id":"https:\/\/www.grupomedcof.com.br\/blog\/#organization"},"alternateName":"Blog de Medcof: conte\u00fados, editais, revalida e mais!","potentialAction":[{"@type":"SearchAction","target":{"@type":"EntryPoint","urlTemplate":"https:\/\/www.grupomedcof.com.br\/blog\/?s={search_term_string}"},"query-input":{"@type":"PropertyValueSpecification","valueRequired":true,"valueName":"search_term_string"}}],"inLanguage":"pt-BR"},{"@type":"Organization","@id":"https:\/\/www.grupomedcof.com.br\/blog\/#organization","name":"Grupo MedCof","url":"https:\/\/www.grupomedcof.com.br\/blog\/","logo":{"@type":"ImageObject","inLanguage":"pt-BR","@id":"https:\/\/www.grupomedcof.com.br\/blog\/#\/schema\/logo\/image\/","url":"https:\/\/www.grupomedcof.com.br\/blog\/wp-content\/uploads\/2022\/01\/logo-medcof.png","contentUrl":"https:\/\/www.grupomedcof.com.br\/blog\/wp-content\/uploads\/2022\/01\/logo-medcof.png","width":768,"height":269,"caption":"Grupo MedCof"},"image":{"@id":"https:\/\/www.grupomedcof.com.br\/blog\/#\/schema\/logo\/image\/"},"sameAs":["https:\/\/www.facebook.com\/MedCofQbank\/","https:\/\/www.instagram.com\/grupomedcof\/","https:\/\/br.linkedin.com\/company\/medcof","https:\/\/www.youtube.com\/channel\/UCdHMuOHKICxcHwecxN8P-AA"]},{"@type":"Person","@id":"https:\/\/www.grupomedcof.com.br\/blog\/#\/schema\/person\/1375e0ce724529d7a1d8156ea7f8ceaa","name":"J\u00falia Moreira","image":{"@type":"ImageObject","inLanguage":"pt-BR","@id":"https:\/\/www.grupomedcof.com.br\/blog\/wp-content\/uploads\/2024\/12\/cropped-Captura-de-tela-2023-12-15-094946-96x96.png6a0083ac34a0445de97d55fae63a4a41","url":"https:\/\/www.grupomedcof.com.br\/blog\/wp-content\/uploads\/2024\/12\/cropped-Captura-de-tela-2023-12-15-094946-96x96.png","contentUrl":"https:\/\/www.grupomedcof.com.br\/blog\/wp-content\/uploads\/2024\/12\/cropped-Captura-de-tela-2023-12-15-094946-96x96.png","caption":"J\u00falia Moreira"},"description":"Estudante do 8\u00ba semestre de Jornalismo na ECA-USP, f\u00e3 de filmes de terror e m\u00fasica popular sul-coreana.","sameAs":["https:\/\/www.grupomedcof.com.br\/"],"url":"https:\/\/www.grupomedcof.com.br\/blog\/author\/julia\/"}]}},"authors":[{"term_id":3609,"user_id":6,"is_guest":0,"slug":"julia","display_name":"J\u00falia Moreira","avatar_url":"https:\/\/www.grupomedcof.com.br\/blog\/wp-content\/uploads\/2024\/12\/cropped-Captura-de-tela-2023-12-15-094946-96x96.png","0":null,"1":"","2":"","3":"","4":"","5":"","6":"","7":"","8":""}],"_links":{"self":[{"href":"https:\/\/www.grupomedcof.com.br\/blog\/wp-json\/wp\/v2\/posts\/15781","targetHints":{"allow":["GET"]}}],"collection":[{"href":"https:\/\/www.grupomedcof.com.br\/blog\/wp-json\/wp\/v2\/posts"}],"about":[{"href":"https:\/\/www.grupomedcof.com.br\/blog\/wp-json\/wp\/v2\/types\/post"}],"author":[{"embeddable":true,"href":"https:\/\/www.grupomedcof.com.br\/blog\/wp-json\/wp\/v2\/users\/6"}],"replies":[{"embeddable":true,"href":"https:\/\/www.grupomedcof.com.br\/blog\/wp-json\/wp\/v2\/comments?post=15781"}],"version-history":[{"count":0,"href":"https:\/\/www.grupomedcof.com.br\/blog\/wp-json\/wp\/v2\/posts\/15781\/revisions"}],"wp:featuredmedia":[{"embeddable":true,"href":"https:\/\/www.grupomedcof.com.br\/blog\/wp-json\/wp\/v2\/media\/15782"}],"wp:attachment":[{"href":"https:\/\/www.grupomedcof.com.br\/blog\/wp-json\/wp\/v2\/media?parent=15781"}],"wp:term":[{"taxonomy":"category","embeddable":true,"href":"https:\/\/www.grupomedcof.com.br\/blog\/wp-json\/wp\/v2\/categories?post=15781"},{"taxonomy":"post_tag","embeddable":true,"href":"https:\/\/www.grupomedcof.com.br\/blog\/wp-json\/wp\/v2\/tags?post=15781"},{"taxonomy":"author","embeddable":true,"href":"https:\/\/www.grupomedcof.com.br\/blog\/wp-json\/wp\/v2\/ppma_author?post=15781"}],"curies":[{"name":"wp","href":"https:\/\/api.w.org\/{rel}","templated":true}]}}