{"id":16022,"date":"2025-10-02T09:09:07","date_gmt":"2025-10-02T12:09:07","guid":{"rendered":"https:\/\/www.grupomedcof.com.br\/blog\/?p=16022"},"modified":"2025-10-02T09:09:08","modified_gmt":"2025-10-02T12:09:08","slug":"doencas-exantematicas-sarampo","status":"publish","type":"post","link":"https:\/\/www.grupomedcof.com.br\/blog\/doencas-exantematicas-sarampo\/","title":{"rendered":"Sarampo: Situa\u00e7\u00e3o global, vacina\u00e7\u00e3o, transmiss\u00e3o e mais!"},"content":{"rendered":"<div id=\"ez-toc-container\" class=\"ez-toc-v2_0_74 counter-hierarchy ez-toc-counter ez-toc-transparent ez-toc-container-direction\">\n<div class=\"ez-toc-title-container\">\n<p class=\"ez-toc-title\" style=\"cursor:inherit\">Sum\u00e1rio<\/p>\n<span class=\"ez-toc-title-toggle\"><a href=\"#\" class=\"ez-toc-pull-right ez-toc-btn ez-toc-btn-xs ez-toc-btn-default ez-toc-toggle\" aria-label=\"Alternar tabela de conte\u00fado\"><span class=\"ez-toc-js-icon-con\"><span class=\"\"><span class=\"eztoc-hide\" style=\"display:none;\">Toggle<\/span><span class=\"ez-toc-icon-toggle-span\"><svg style=\"fill: #999;color:#999\" xmlns=\"http:\/\/www.w3.org\/2000\/svg\" class=\"list-377408\" width=\"20px\" height=\"20px\" viewBox=\"0 0 24 24\" fill=\"none\"><path d=\"M6 6H4v2h2V6zm14 0H8v2h12V6zM4 11h2v2H4v-2zm16 0H8v2h12v-2zM4 16h2v2H4v-2zm16 0H8v2h12v-2z\" fill=\"currentColor\"><\/path><\/svg><svg style=\"fill: #999;color:#999\" class=\"arrow-unsorted-368013\" xmlns=\"http:\/\/www.w3.org\/2000\/svg\" width=\"10px\" height=\"10px\" viewBox=\"0 0 24 24\" version=\"1.2\" baseProfile=\"tiny\"><path d=\"M18.2 9.3l-6.2-6.3-6.2 6.3c-.2.2-.3.4-.3.7s.1.5.3.7c.2.2.4.3.7.3h11c.3 0 .5-.1.7-.3.2-.2.3-.5.3-.7s-.1-.5-.3-.7zM5.8 14.7l6.2 6.3 6.2-6.3c.2-.2.3-.5.3-.7s-.1-.5-.3-.7c-.2-.2-.4-.3-.7-.3h-11c-.3 0-.5.1-.7.3-.2.2-.3.5-.3.7s.1.5.3.7z\"\/><\/svg><\/span><\/span><\/span><\/a><\/span><\/div>\n<nav><ul class='ez-toc-list ez-toc-list-level-1 ' ><li class='ez-toc-page-1 ez-toc-heading-level-2'><a class=\"ez-toc-link ez-toc-heading-1\" href=\"https:\/\/www.grupomedcof.com.br\/blog\/doencas-exantematicas-sarampo\/#Por_que_isso_aconteceu\" >Por que isso aconteceu?\u00a0<\/a><\/li><li class='ez-toc-page-1 ez-toc-heading-level-2'><a class=\"ez-toc-link ez-toc-heading-2\" href=\"https:\/\/www.grupomedcof.com.br\/blog\/doencas-exantematicas-sarampo\/#A_Situacao_Global_Uma_Crise_de_Imunizacao\" >A Situa\u00e7\u00e3o Global: Uma Crise de Imuniza\u00e7\u00e3o<\/a><\/li><li class='ez-toc-page-1 ez-toc-heading-level-2'><a class=\"ez-toc-link ez-toc-heading-3\" href=\"https:\/\/www.grupomedcof.com.br\/blog\/doencas-exantematicas-sarampo\/#O_Panorama_nas_Americas_A_Fragilidade_da_Eliminacao\" >O Panorama nas Am\u00e9ricas: A Fragilidade da Elimina\u00e7\u00e3o<\/a><\/li><li class='ez-toc-page-1 ez-toc-heading-level-2'><a class=\"ez-toc-link ez-toc-heading-4\" href=\"https:\/\/www.grupomedcof.com.br\/blog\/doencas-exantematicas-sarampo\/#Brasil_Entre_a_Certificacao_e_a_Vigilancia_Constante\" >Brasil: Entre a Certifica\u00e7\u00e3o e a Vigil\u00e2ncia Constante<\/a><\/li><li class='ez-toc-page-1 ez-toc-heading-level-2'><a class=\"ez-toc-link ez-toc-heading-5\" href=\"https:\/\/www.grupomedcof.com.br\/blog\/doencas-exantematicas-sarampo\/#Patogenese_e_Transmissao\" >Patog\u00eanese e Transmiss\u00e3o<\/a><\/li><li class='ez-toc-page-1 ez-toc-heading-level-2'><a class=\"ez-toc-link ez-toc-heading-6\" href=\"https:\/\/www.grupomedcof.com.br\/blog\/doencas-exantematicas-sarampo\/#Apresentacao_Clinica_e_Evolucao_da_Doenca\" >Apresenta\u00e7\u00e3o Cl\u00ednica e Evolu\u00e7\u00e3o da Doen\u00e7a<\/a><\/li><li class='ez-toc-page-1 ez-toc-heading-level-2'><a class=\"ez-toc-link ez-toc-heading-7\" href=\"https:\/\/www.grupomedcof.com.br\/blog\/doencas-exantematicas-sarampo\/#Abordagem_Diagnostica\" >Abordagem Diagn\u00f3stica<\/a><\/li><li class='ez-toc-page-1 ez-toc-heading-level-2'><a class=\"ez-toc-link ez-toc-heading-8\" href=\"https:\/\/www.grupomedcof.com.br\/blog\/doencas-exantematicas-sarampo\/#Quais_as_possiveis_complicacoes\" >Quais as poss\u00edveis complica\u00e7\u00f5es?<\/a><ul class='ez-toc-list-level-3' ><li class='ez-toc-heading-level-3'><a class=\"ez-toc-link ez-toc-heading-9\" href=\"https:\/\/www.grupomedcof.com.br\/blog\/doencas-exantematicas-sarampo\/#A_Respiratorias\" >A. Respirat\u00f3rias<\/a><\/li><li class='ez-toc-page-1 ez-toc-heading-level-3'><a class=\"ez-toc-link ez-toc-heading-10\" href=\"https:\/\/www.grupomedcof.com.br\/blog\/doencas-exantematicas-sarampo\/#B_Complicacoes_Neurologicas\" >B. Complica\u00e7\u00f5es Neurol\u00f3gicas<\/a><\/li><li class='ez-toc-page-1 ez-toc-heading-level-3'><a class=\"ez-toc-link ez-toc-heading-11\" href=\"https:\/\/www.grupomedcof.com.br\/blog\/doencas-exantematicas-sarampo\/#C_Outras_Complicacoes_Comuns\" >C. Outras Complica\u00e7\u00f5es Comuns<\/a><\/li><\/ul><\/li><li class='ez-toc-page-1 ez-toc-heading-level-2'><a class=\"ez-toc-link ez-toc-heading-12\" href=\"https:\/\/www.grupomedcof.com.br\/blog\/doencas-exantematicas-sarampo\/#Manejo_Clinico_e_Tratamento\" >Manejo Cl\u00ednico e Tratamento<\/a><\/li><li class='ez-toc-page-1 ez-toc-heading-level-2'><a class=\"ez-toc-link ez-toc-heading-13\" href=\"https:\/\/www.grupomedcof.com.br\/blog\/doencas-exantematicas-sarampo\/#Prevencao_e_Controle\" >Preven\u00e7\u00e3o e Controle<\/a><ul class='ez-toc-list-level-3' ><li class='ez-toc-heading-level-3'><a class=\"ez-toc-link ez-toc-heading-14\" href=\"https:\/\/www.grupomedcof.com.br\/blog\/doencas-exantematicas-sarampo\/#Esquema_Vacinal_no_Brasil_Programa_Nacional_de_Imunizacoes_%E2%80%93_PNI\" >Esquema Vacinal no Brasil (Programa Nacional de Imuniza\u00e7\u00f5es &#8211; PNI)<\/a><\/li><\/ul><\/li><li class='ez-toc-page-1 ez-toc-heading-level-2'><a class=\"ez-toc-link ez-toc-heading-15\" href=\"https:\/\/www.grupomedcof.com.br\/blog\/doencas-exantematicas-sarampo\/#Conquiste_a_aprovacao\" >Conquiste a aprova\u00e7\u00e3o<\/a><\/li><\/ul><\/nav><\/div>\n\n<figure class=\"wp-block-image\"><img decoding=\"async\" src=\"https:\/\/www.grupomedcof.com.br\/blog\/wp-content\/uploads\/2023\/11\/Blog-MedCof-1024x576.png\" alt=\"sarampo, sarampo sintomas, sintomas de sarampo, manchas de koplik, v\u00edrus do sarampo, doen\u00e7as exantematicas, exantema\"\/><\/figure>\n\n\n\n<p>O<strong> sarampo<\/strong> representa um exemplo paradigm\u00e1tico de um desafio de sa\u00fade p\u00fablica do s\u00e9culo XXI. Trata-se de uma doen\u00e7a viral de alta morbimortalidade que \u00e9, no entanto, inteiramente preven\u00edvel por meio de uma vacina segura e eficaz, dispon\u00edvel h\u00e1 d\u00e9cadas.<\/p>\n\n\n\n<h2 class=\"wp-block-heading\" id=\"h-por-que-isso-aconteceu\"><span class=\"ez-toc-section\" id=\"Por_que_isso_aconteceu\"><\/span><strong>Por que isso aconteceu?\u00a0<\/strong><span class=\"ez-toc-section-end\"><\/span><\/h2>\n\n\n\n<p>O seu ressurgimento em escala global n\u00e3o reflete uma falha da ci\u00eancia m\u00e9dica, mas sim das estrat\u00e9gias de implementa\u00e7\u00e3o de sa\u00fade p\u00fablica, sendo um marcador direto da <strong>queda nas coberturas vacinais e da fragilidade dos sistemas de vigil\u00e2ncia<\/strong>. A reemerg\u00eancia do sarampo, mesmo em pa\u00edses que haviam alcan\u00e7ado sua elimina\u00e7\u00e3o, serve como um alerta contundente sobre a necessidade de vigil\u00e2ncia cont\u00ednua e do combate \u00e0 desinforma\u00e7\u00e3o que mina a confian\u00e7a nas vacinas.<\/p>\n\n\n\n<h2 class=\"wp-block-heading\" id=\"h-a-situacao-global-uma-crise-de-imunizacao\"><span class=\"ez-toc-section\" id=\"A_Situacao_Global_Uma_Crise_de_Imunizacao\"><\/span><strong>A Situa\u00e7\u00e3o Global: Uma Crise de Imuniza\u00e7\u00e3o<\/strong><span class=\"ez-toc-section-end\"><\/span><\/h2>\n\n\n\n<p>A <strong>circula\u00e7\u00e3o do v\u00edrus do sarampo em n\u00edvel global \u00e9 extensa e persistente.<\/strong> Em 2025, at\u00e9 9 de setembro, foram notificados 360.321 casos suspeitos em 173 pa\u00edses, dos quais 164.582 (45,6%) foram confirmados laboratorialmente. Esta dissemina\u00e7\u00e3o geogr\u00e1fica ampla indica a exist\u00eancia de m\u00faltiplos bols\u00f5es de popula\u00e7\u00f5es suscet\u00edveis.\u00a0<\/p>\n\n\n\n<h2 class=\"wp-block-heading\" id=\"h-o-panorama-nas-americas-a-fragilidade-da-eliminacao\"><span class=\"ez-toc-section\" id=\"O_Panorama_nas_Americas_A_Fragilidade_da_Eliminacao\"><\/span><strong>O Panorama nas Am\u00e9ricas: A Fragilidade da Elimina\u00e7\u00e3o<\/strong><span class=\"ez-toc-section-end\"><\/span><\/h2>\n\n\n\n<p>A Regi\u00e3o das Am\u00e9ricas, que j\u00e1 foi um exemplo de sucesso no controle do sarampo, enfrenta um ressurgimento dram\u00e1tico. Em 2025, at\u00e9 a <strong>Semana Epidemiol\u00f3gica (SE)<\/strong> 37, foram confirmados 11.313 casos e 23 \u00f3bitos na regi\u00e3o. Este n\u00famero representa um aumento exponencial de 31 vezes em compara\u00e7\u00e3o com os 358 casos notificados no mesmo per\u00edodo de 2024, evidenciando uma r\u00e1pida deteriora\u00e7\u00e3o do controle da doen\u00e7a. Os pa\u00edses mais afetados s\u00e3o o Canad\u00e1 (4.849 casos), o M\u00e9xico (4.553 casos) e os Estados Unidos (1.454 casos), na\u00e7\u00f5es que anteriormente haviam eliminado a transmiss\u00e3o end\u00eamica.<\/p>\n\n\n\n<p>A <strong>OPAS<\/strong> atribui este cen\u00e1rio a uma conflu\u00eancia de fatores de risco. A cont\u00ednua circula\u00e7\u00e3o global do v\u00edrus garante a importa\u00e7\u00e3o constante de casos. Internamente, a queda na cobertura vacinal criou <strong>&#8220;bols\u00f5es de suscetibilidade&#8221;<\/strong> em comunidades espec\u00edficas, como menonitas e popula\u00e7\u00f5es ind\u00edgenas, que t\u00eam sido desproporcionalmente afetadas. O aumento da mobilidade populacional facilita a dissemina\u00e7\u00e3o do v\u00edrus entre essas <strong>comunidades vulner\u00e1veis,<\/strong> e a semelhan\u00e7a dos sintomas com outras doen\u00e7as end\u00eamicas, como a dengue, pode atrasar o diagn\u00f3stico e a implementa\u00e7\u00e3o de medidas de controle. Os dados epidemiol\u00f3gicos confirmam a causa raiz do problema: 71% dos casos ocorreram em pessoas n\u00e3o vacinadas, e em 18% o status vacinal era desconhecido, sublinhando que a vacina\u00e7\u00e3o \u00e9 o principal e mais eficaz fator de prote\u00e7\u00e3o.<\/p>\n\n\n\n<h2 class=\"wp-block-heading\" id=\"h-brasil-entre-a-certificacao-e-a-vigilancia-constante\"><span class=\"ez-toc-section\" id=\"Brasil_Entre_a_Certificacao_e_a_Vigilancia_Constante\"><\/span><strong>Brasil: Entre a Certifica\u00e7\u00e3o e a Vigil\u00e2ncia Constante<\/strong><span class=\"ez-toc-section-end\"><\/span><\/h2>\n\n\n\n<p>O Brasil vivencia um ciclo de elimina\u00e7\u00e3o e reintrodu\u00e7\u00e3o que ilustra a precariedade do controle do sarampo na aus\u00eancia de altas coberturas vacinais. O pa\u00eds recebeu a <strong>certifica\u00e7\u00e3o de elimina\u00e7\u00e3o do v\u00edrus em 2016<\/strong>, mas a <strong>perdeu em 2019<\/strong> ap\u00f3s um surto de grandes propor\u00e7\u00f5es, com mais de 20.000 casos causados pela circula\u00e7\u00e3o sustentada do gen\u00f3tipo D8. Ap\u00f3s intensos esfor\u00e7os de vacina\u00e7\u00e3o e vigil\u00e2ncia, o Brasil recuperou a certifica\u00e7\u00e3o em novembro de 2024.<\/p>\n\n\n\n<figure class=\"wp-block-image size-full is-resized\"><img loading=\"lazy\" decoding=\"async\" width=\"736\" height=\"981\" src=\"https:\/\/www.grupomedcof.com.br\/blog\/wp-content\/uploads\/2023\/11\/image-1.png\" alt=\"\" class=\"wp-image-38294\" style=\"width:482px;height:auto\" srcset=\"https:\/\/www.grupomedcof.com.br\/blog\/wp-content\/uploads\/2023\/11\/image-1.png 736w, https:\/\/www.grupomedcof.com.br\/blog\/wp-content\/uploads\/2023\/11\/image-1-225x300.png 225w, https:\/\/www.grupomedcof.com.br\/blog\/wp-content\/uploads\/2023\/11\/image-1-315x420.png 315w, https:\/\/www.grupomedcof.com.br\/blog\/wp-content\/uploads\/2023\/11\/image-1-150x200.png 150w, https:\/\/www.grupomedcof.com.br\/blog\/wp-content\/uploads\/2023\/11\/image-1-300x400.png 300w, https:\/\/www.grupomedcof.com.br\/blog\/wp-content\/uploads\/2023\/11\/image-1-696x928.png 696w, https:\/\/www.grupomedcof.com.br\/blog\/wp-content\/uploads\/2023\/11\/image-1-640x853.png 640w\" sizes=\"auto, (max-width: 736px) 100vw, 736px\" \/><figcaption class=\"wp-element-caption\">Imagem ilustrativa da vacina\u00e7\u00e3o contra sarampo. Fonte: Pinterest<\/figcaption><\/figure>\n\n\n\n<p>Apesar da recertifica\u00e7\u00e3o, o risco de reintrodu\u00e7\u00e3o permanece elevado. Em 2024, foram confirmados cinco casos, a maioria importados. O cen\u00e1rio de 2025 demonstra a <strong>cont\u00ednua vulnerabilidade:<\/strong> at\u00e9 a SE 35, foram confirmados 24 casos espor\u00e1dicos, distribu\u00eddos no Distrito Federal, Rio de Janeiro, S\u00e3o Paulo, Rio Grande do Sul, e um surto significativo com 19 casos em uma comunidade no munic\u00edpio de Campos Lindos, Tocantins. A vigil\u00e2ncia gen\u00f4mica tem sido uma ferramenta epidemiol\u00f3gica crucial, identificando o gen\u00f3tipo B3 em um caso com hist\u00f3rico de viagem ao Paquist\u00e3o e o gen\u00f3tipo D8 em casos com hist\u00f3rico de viagem \u00e0 Europa. Isso confirma a<strong> origem externa das infec\u00e7\u00f5es<\/strong> e refor\u00e7a a necessidade de uma<strong> vigil\u00e2ncia robusta em portos, aeroportos e fronteiras.<\/strong><\/p>\n\n\n\n<h2 class=\"wp-block-heading\" id=\"h-patogenese-e-transmissao\"><span class=\"ez-toc-section\" id=\"Patogenese_e_Transmissao\"><\/span><strong>Patog\u00eanese e Transmiss\u00e3o<\/strong><span class=\"ez-toc-section-end\"><\/span><\/h2>\n\n\n\n<p>N\u00f3s j\u00e1 discutimos um pouco sobre o diagn\u00f3stico diferencial de algumas doen\u00e7as exantem\u00e1ticas <a href=\"https:\/\/www.grupomedcof.com.br\/blog\/identificando-as-diferentes-doencas-exantematicas\/\">aqui!<\/a> Mas a efici\u00eancia de transmiss\u00e3o do sarampo e seu profundo impacto no sistema imunol\u00f3gico do hospedeiro evidenciam a import\u00e2ncia de compreender essa grave doen\u00e7a e explorar a necessidade imperativa da vacina\u00e7\u00e3o.<\/p>\n\n\n\n<ol class=\"wp-block-list\">\n<li><strong><strong>O Agente Etiol\u00f3gico e Mecanismos de Entrada<\/strong><\/strong><\/li>\n<\/ol>\n\n\n\n<p>O sarampo \u00e9 causado por um v\u00edrus <strong>RNA de fita simples e envelope<\/strong>, pertencente ao g\u00eanero <em>Morbillivirus<\/em> e \u00e0 fam\u00edlia <em>Paramyxoviridae<\/em>. O ser humano \u00e9 o <strong>\u00fanico reservat\u00f3rio <\/strong>natural conhecido, o que, em teoria, torna a doen\u00e7a <strong>erradic\u00e1vel<\/strong>, desde que a imunidade populacional seja mantida em n\u00edveis elevados. A porta de entrada do v\u00edrus \u00e9 a <strong>mucosa do trato respirat\u00f3rio superior ou conjuntiva, <\/strong>ap\u00f3s a inala\u00e7\u00e3o de<strong> got\u00edculas ou aeross\u00f3is contaminados.<\/strong><\/p>\n\n\n\n<p>O v\u00edrus n\u00e3o infecta indiscriminadamente as c\u00e9lulas epiteliais. Sua adsor\u00e7\u00e3o \u00e9 mediada pela glicoprote\u00edna de <strong>superf\u00edcie viral hemaglutinina (H)<\/strong>, que se liga com alta afinidade a receptores espec\u00edficos na c\u00e9lula hospedeira. Um dos principais receptores \u00e9 a prote\u00edna CD150 (tamb\u00e9m conhecida como <strong>SLAMF1<\/strong>), que \u00e9 expressa predominantemente em c\u00e9lulas do sistema imunol\u00f3gico, como linf\u00f3citos T e B, macr\u00f3fagos e c\u00e9lulas dendr\u00edticas. Esse tropismo celular inicial explica por que o<strong> sistema linfoide<\/strong> \u00e9 o primeiro e principal alvo do v\u00edrus, um fato com profundas implica\u00e7\u00f5es para a patog\u00eanese da doen\u00e7a.<\/p>\n\n\n\n<figure class=\"wp-block-image size-full\"><img loading=\"lazy\" decoding=\"async\" width=\"780\" height=\"525\" src=\"https:\/\/www.grupomedcof.com.br\/blog\/wp-content\/uploads\/2023\/11\/image-3.png\" alt=\"\" class=\"wp-image-38296\" srcset=\"https:\/\/www.grupomedcof.com.br\/blog\/wp-content\/uploads\/2023\/11\/image-3.png 780w, https:\/\/www.grupomedcof.com.br\/blog\/wp-content\/uploads\/2023\/11\/image-3-300x202.png 300w, https:\/\/www.grupomedcof.com.br\/blog\/wp-content\/uploads\/2023\/11\/image-3-768x517.png 768w, https:\/\/www.grupomedcof.com.br\/blog\/wp-content\/uploads\/2023\/11\/image-3-624x420.png 624w, https:\/\/www.grupomedcof.com.br\/blog\/wp-content\/uploads\/2023\/11\/image-3-150x101.png 150w, https:\/\/www.grupomedcof.com.br\/blog\/wp-content\/uploads\/2023\/11\/image-3-696x468.png 696w\" sizes=\"auto, (max-width: 780px) 100vw, 780px\" \/><\/figure>\n\n\n\n<p>Citopatol\u00f3gico de infec\u00e7\u00e3o por <em>Morbillivirus. <\/em>Fonte:<em> <\/em><a href=\"https:\/\/share.google\/images\/3mlenSRt7sftpMWcD\">https:\/\/share.google\/images\/3mlenSRt7sftpMWcD<\/a>&nbsp;<\/p>\n\n\n\n<ol start=\"2\" class=\"wp-block-list\">\n<li><strong>Viremia e Dissemina\u00e7\u00e3o Sist\u00eamica<\/strong><\/li>\n<\/ol>\n\n\n\n<p>Ap\u00f3s a infec\u00e7\u00e3o inicial das c\u00e9lulas imunes no epit\u00e9lio respirat\u00f3rio, o v\u00edrus se dissemina para os linfonodos regionais, onde ocorre uma intensa replica\u00e7\u00e3o. Essa amplifica\u00e7\u00e3o local \u00e9 seguida por uma <strong>viremia prim\u00e1ria<\/strong>, na qual o v\u00edrus, transportado dentro de linf\u00f3citos infectados, se espalha por todo o corpo. Ele<strong> atinge tecidos linfoides secund\u00e1rios<\/strong> como o ba\u00e7o, a medula \u00f3ssea e o timo, al\u00e9m de se disseminar para m\u00faltiplos \u00f3rg\u00e3os, incluindo pele, rins, f\u00edgado e trato gastrointestinal.<\/p>\n\n\n\n<p>Uma caracter\u00edstica central da patog\u00eanese do sarampo \u00e9 a infec\u00e7\u00e3o das c\u00e9lulas endoteliais (que revestem os vasos sangu\u00edneos) e epiteliais em diversos locais. Isso resulta em uma <strong>vasculite generalizada,<\/strong> uma inflama\u00e7\u00e3o dos pequenos vasos sangu\u00edneos, que \u00e9 a base fisiopatol\u00f3gica para muitas das manifesta\u00e7\u00f5es cl\u00ednicas da doen\u00e7a, incluindo o exantema cut\u00e2neo caracter\u00edstico e as <strong>manchas de Koplik na mucosa oral<\/strong>.<\/p>\n\n\n\n<figure class=\"wp-block-image size-full\"><img loading=\"lazy\" decoding=\"async\" width=\"733\" height=\"547\" src=\"https:\/\/www.grupomedcof.com.br\/blog\/wp-content\/uploads\/2023\/11\/image-4.png\" alt=\"\" class=\"wp-image-38297\" srcset=\"https:\/\/www.grupomedcof.com.br\/blog\/wp-content\/uploads\/2023\/11\/image-4.png 733w, https:\/\/www.grupomedcof.com.br\/blog\/wp-content\/uploads\/2023\/11\/image-4-300x224.png 300w, https:\/\/www.grupomedcof.com.br\/blog\/wp-content\/uploads\/2023\/11\/image-4-563x420.png 563w, https:\/\/www.grupomedcof.com.br\/blog\/wp-content\/uploads\/2023\/11\/image-4-80x60.png 80w, https:\/\/www.grupomedcof.com.br\/blog\/wp-content\/uploads\/2023\/11\/image-4-150x112.png 150w, https:\/\/www.grupomedcof.com.br\/blog\/wp-content\/uploads\/2023\/11\/image-4-696x519.png 696w\" sizes=\"auto, (max-width: 733px) 100vw, 733px\" \/><\/figure>\n\n\n\n<p>Manchas de Koplik. Fonte: <a href=\"https:\/\/share.google\/images\/h5CKJB0AUgCbkzkwm\">https:\/\/share.google\/images\/h5CKJB0AUgCbkzkwm<\/a>&nbsp;<\/p>\n\n\n\n<ol start=\"3\" class=\"wp-block-list\">\n<li><strong>Imunossupress\u00e3o Profunda e Transit\u00f3ria<\/strong><\/li>\n<\/ol>\n\n\n\n<p>O sarampo induz um estado paradoxal de forte resposta imune, que \u00e9 necess\u00e1ria para eliminar o v\u00edrus e confere<strong> imunidade vital\u00edcia<\/strong>, mas ao mesmo tempo causa uma <strong>imunossupress\u00e3o profunda e clinicamente significativa<\/strong>. O mecanismo central dessa imunossupress\u00e3o \u00e9 a infec\u00e7\u00e3o direta e a destrui\u00e7\u00e3o de linf\u00f3citos T (tanto CD4+ quanto CD8+) e c\u00e9lulas apresentadoras de ant\u00edgenos, como as c\u00e9lulas dendr\u00edticas. Isso leva a uma <strong>linfopenia acentuada e a uma supress\u00e3o da hipersensibilidade do tipo tardia,<\/strong> prejudicando a capacidade do corpo de responder a outros pat\u00f3genos.<\/p>\n\n\n\n<p>Este fen\u00f4meno, por vezes chamado de &#8220;amn\u00e9sia imunol\u00f3gica&#8221;, \u00e9 a principal causa da alta morbimortalidade associada ao sarampo. A imunossupress\u00e3o predisp\u00f5e os pacientes a infec\u00e7\u00f5es bacterianas secund\u00e1rias graves, que s\u00e3o as complica\u00e7\u00f5es mais comuns e letais da doen\u00e7a.<\/p>\n\n\n\n<ol start=\"4\" class=\"wp-block-list\">\n<li><strong>Din\u00e2mica de Transmiss\u00e3o<\/strong><\/li>\n<\/ol>\n\n\n\n<p>A transmiss\u00e3o do sarampo ocorre de pessoa a pessoa, por <strong>via a\u00e9rea,<\/strong> atrav\u00e9s de got\u00edculas respirat\u00f3rias e, crucialmente, por aeross\u00f3is que s\u00e3o expelidos ao tossir, espirrar ou falar. O v\u00edrus \u00e9 notavelmente resistente no ambiente, podendo permanecer vi\u00e1vel e infeccioso em aeross\u00f3is por at\u00e9 <strong>duas horas em um ambiente fechado<\/strong>. Isso permite a transmiss\u00e3o mesmo sem contato direto com a pessoa infectada, bastando compartilhar o mesmo espa\u00e7o a\u00e9reo.<\/p>\n\n\n\n<h2 class=\"wp-block-heading\" id=\"h-apresentacao-clinica-e-evolucao-da-doenca\"><span class=\"ez-toc-section\" id=\"Apresentacao_Clinica_e_Evolucao_da_Doenca\"><\/span><strong>Apresenta\u00e7\u00e3o Cl\u00ednica e Evolu\u00e7\u00e3o da Doen\u00e7a<\/strong><span class=\"ez-toc-section-end\"><\/span><\/h2>\n\n\n\n<p>O sarampo cl\u00e1ssico segue uma progress\u00e3o cl\u00ednica <strong>previs\u00edvel e bem definida,<\/strong> dividida em fases distintas. O reconhecimento dessa cronologia \u00e9 uma ferramenta diagn\u00f3stica poderosa para o cl\u00ednico.<\/p>\n\n\n\n<ol class=\"wp-block-list\">\n<li><strong>Per\u00edodo de Incuba\u00e7\u00e3o<\/strong><\/li>\n<\/ol>\n\n\n\n<p>Ap\u00f3s a exposi\u00e7\u00e3o ao v\u00edrus, segue-se um per\u00edodo de incuba\u00e7\u00e3o que varia de 7 a 21 dias, com uma m\u00e9dia de 10 a 12 dias, at\u00e9 o in\u00edcio dos primeiros sintomas. Durante esta fase, o paciente est\u00e1 assintom\u00e1tico, mas o v\u00edrus est\u00e1 se replicando ativamente no sistema reticuloendotelial.<\/p>\n\n\n\n<ol start=\"2\" class=\"wp-block-list\">\n<li><strong>Fase Prodr\u00f4mica (Catarral)<\/strong><\/li>\n<\/ol>\n\n\n\n<p>Esta fase dura de 2 a 8 dias, com uma m\u00e9dia de 6 dias, e precede o aparecimento do exantema. \u00c9 caracterizada por sintoma<strong>s sist\u00eamicos e o envolvimento das mucosas<\/strong>. A sintomatologia cl\u00e1ssica inclui:&nbsp;<\/p>\n\n\n\n<ul class=\"wp-block-list\">\n<li>Febre<\/li>\n\n\n\n<li>Mal-estar<\/li>\n\n\n\n<li>A Tr\u00edade Cl\u00e1ssica (&#8220;3 Cs&#8221;):Cough (Tosse),Coryza (Coriza),Conjunctivitis (Conjuntivite)<\/li>\n<\/ul>\n\n\n\n<p>A combina\u00e7\u00e3o desses achados confere ao paciente uma apar\u00eancia caracter\u00edstica, descrita classicamente como <strong>&#8220;f\u00e1cies sarampenta&#8221;.<\/strong><\/p>\n\n\n\n<ol start=\"3\" class=\"wp-block-list\">\n<li><strong>O Sinal de Koplik: O Enantema Patognom\u00f4nico<\/strong><\/li>\n<\/ol>\n\n\n\n<p>Durante a <strong>fase prodr\u00f4mica tardia<\/strong>, um achado patognom\u00f4nico do sarampo pode ser observado: o sinal de Koplik. S\u00e3o pequenas manchas branco-azuladas, com cerca de 1 a 2 mm de di\u00e2metro, sobre uma base eritematosa, que se assemelham a &#8220;gr\u00e3os de areia&#8221;. Localizam-se tipicamente na <strong>mucosa jugal (parte interna das bochechas<\/strong>), na altura dos segundos molares inferiores. Este enantema surge 24 a 48 horas <em>antes<\/em> do in\u00edcio do exantema cut\u00e2neo e geralmente desaparece 1 a 2 dias ap\u00f3s o rash aparecer. Sua identifica\u00e7\u00e3o \u00e9 de grande valor cl\u00ednico, pois permite um diagn\u00f3stico presuntivo precoce e o in\u00edcio imediato de medidas de sa\u00fade p\u00fablica.<\/p>\n\n\n\n<figure class=\"wp-block-image size-full\"><img loading=\"lazy\" decoding=\"async\" width=\"385\" height=\"261\" src=\"https:\/\/www.grupomedcof.com.br\/blog\/wp-content\/uploads\/2023\/11\/image-5.png\" alt=\"\" class=\"wp-image-38298\" srcset=\"https:\/\/www.grupomedcof.com.br\/blog\/wp-content\/uploads\/2023\/11\/image-5.png 385w, https:\/\/www.grupomedcof.com.br\/blog\/wp-content\/uploads\/2023\/11\/image-5-300x203.png 300w, https:\/\/www.grupomedcof.com.br\/blog\/wp-content\/uploads\/2023\/11\/image-5-150x102.png 150w\" sizes=\"auto, (max-width: 385px) 100vw, 385px\" \/><figcaption class=\"wp-element-caption\">Manchas de Koplik. Fonte: <a href=\"https:\/\/share.google\/images\/vTC8FEGHYID0hPDdZ\">https:\/\/share.google\/images\/vTC8FEGHYID0hPDdZ<\/a>\u00a0<\/figcaption><\/figure>\n\n\n\n<ol start=\"4\" class=\"wp-block-list\">\n<li><strong>\u00a0Fase Exantem\u00e1tica<\/strong><\/li>\n<\/ol>\n\n\n\n<p>O exantema maculopapular eritematoso surge aproximadamente 2 a 4 dias ap\u00f3s o in\u00edcio da febre. A sua progress\u00e3o \u00e9 altamente caracter\u00edstica:<\/p>\n\n\n\n<ul class=\"wp-block-list\">\n<li><strong>In\u00edcio:<\/strong> Come\u00e7a na face, tipicamente na regi\u00e3o retroauricular e ao longo da linha de implanta\u00e7\u00e3o do cabelo.<\/li>\n\n\n\n<li><strong>Progress\u00e3o:<\/strong> Espalha-se em dire\u00e7\u00e3o craniocaudal e centr\u00edfuga, atingindo o pesco\u00e7o, o tronco, os membros superiores e, por fim, os membros inferiores ao longo de 2 a 3 dias. As les\u00f5es podem se tornar confluentes, especialmente na face e no tronco.<\/li>\n<\/ul>\n\n\n\n<p>O pico da doen\u00e7a ocorre no segundo ou terceiro dia do exantema. Neste momento, a febre atinge seu valor m\u00e1ximo (podendo ultrapassar ), o rash \u00e9 exuberante e confluente, e o paciente apresenta prostra\u00e7\u00e3o intensa.<\/p>\n\n\n\n<ol start=\"5\" class=\"wp-block-list\">\n<li><strong>\u00a0Per\u00edodo de Convalescen\u00e7a (Descama\u00e7\u00e3o)<\/strong><\/li>\n<\/ol>\n\n\n\n<p>Ap\u00f3s 3 a 5 dias do in\u00edcio do exantema, a <strong>febre come\u00e7a a ceder <\/strong>e os <strong>sintomas regridem<\/strong>. <strong>O exantema come\u00e7a a desaparecer<\/strong> na mesma ordem em que surgiu (craniocaudal). \u00c0 medida que as les\u00f5es regridem, elas deixam uma colora\u00e7\u00e3o acastanhada transit\u00f3ria (hiperpigmenta\u00e7\u00e3o p\u00f3s-inflamat\u00f3ria) e uma descama\u00e7\u00e3o fina, semelhante a farelo, conhecida como &#8220;<strong>descama\u00e7\u00e3o<\/strong> <strong>furfur\u00e1cea<\/strong>&#8220;. Um sinal cl\u00ednico de alerta importante \u00e9 a persist\u00eancia da febre por mais de 3 a 4 dias ap\u00f3s o in\u00edcio do exantema. Este achado n\u00e3o faz parte da evolu\u00e7\u00e3o natural da doen\u00e7a e sugere fortemente a presen\u00e7a de uma complica\u00e7\u00e3o, como pneumonia ou otite m\u00e9dia bacteriana secund\u00e1ria.<\/p>\n\n\n\n<figure class=\"wp-block-image size-full\"><img loading=\"lazy\" decoding=\"async\" width=\"567\" height=\"362\" src=\"https:\/\/www.grupomedcof.com.br\/blog\/wp-content\/uploads\/2023\/11\/image-6.png\" alt=\"\" class=\"wp-image-38299\" srcset=\"https:\/\/www.grupomedcof.com.br\/blog\/wp-content\/uploads\/2023\/11\/image-6.png 567w, https:\/\/www.grupomedcof.com.br\/blog\/wp-content\/uploads\/2023\/11\/image-6-300x192.png 300w, https:\/\/www.grupomedcof.com.br\/blog\/wp-content\/uploads\/2023\/11\/image-6-150x96.png 150w\" sizes=\"auto, (max-width: 567px) 100vw, 567px\" \/><figcaption class=\"wp-element-caption\">Descama\u00e7\u00e3o Furfur\u00e1cea. Fonte: <a href=\"https:\/\/odontologia.ufrj.br\/wp-content\/uploads\/2022\/06\/991_reemergencia_do_sarampo.pdf\">https:\/\/odontologia.ufrj.br\/wp-content\/uploads\/2022\/06\/991_reemergencia_do_sarampo.pdf<\/a>\u00a0<\/figcaption><\/figure>\n\n\n\n<h2 class=\"wp-block-heading\" id=\"h-abordagem-diagnostica\"><span class=\"ez-toc-section\" id=\"Abordagem_Diagnostica\"><\/span><strong>Abordagem Diagn\u00f3stica<\/strong><span class=\"ez-toc-section-end\"><\/span><\/h2>\n\n\n\n<p>O diagn\u00f3stico do sarampo envolve uma abordagem escalonada, come\u00e7ando com a suspeita cl\u00ednica baseada na apresenta\u00e7\u00e3o cl\u00e1ssica e culminando na confirma\u00e7\u00e3o por m\u00e9todos laboratoriais, que s\u00e3o o padr\u00e3o-ouro.<\/p>\n\n\n\n<p>Um caso suspeito de sarampo \u00e9 definido como:<\/p>\n\n\n\n<ul class=\"wp-block-list\">\n<li><strong>Todo paciente que apresentar febre e exantema maculopapular, acompanhados de um ou mais dos seguintes sinais e sintomas: tosse, coriza ou conjuntivite, independentemente da idade e da situa\u00e7\u00e3o vacinal<\/strong>.<\/li>\n<\/ul>\n\n\n\n<p>Devido ao seu potencial para causar surtos, todo caso suspeito de sarampo \u00e9 de <strong>notifica\u00e7\u00e3o compuls\u00f3ria e imediata<\/strong>.<\/p>\n\n\n\n<p>Embora o diagn\u00f3stico cl\u00ednico seja sugestivo, a confirma\u00e7\u00e3o laboratorial \u00e9 fundamental para a vigil\u00e2ncia epidemiol\u00f3gica, especialmente em cen\u00e1rios de baixa incid\u00eancia, onde outras doen\u00e7as exantem\u00e1ticas s\u00e3o mais comuns. As amostras para an\u00e1lise devem ser coletadas idealmente no primeiro contato com o paciente.<\/p>\n\n\n\n<ul class=\"wp-block-list\">\n<li><strong>Sorologia (T\u00e9cnica ELISA):<\/strong> A detec\u00e7\u00e3o de anticorpos espec\u00edficos \u00e9 um pilar do diagn\u00f3stico.<\/li>\n\n\n\n<li><strong>Detec\u00e7\u00e3o Molecular (RT-PCR):<\/strong>\n<ul class=\"wp-block-list\">\n<li>A Rea\u00e7\u00e3o em Cadeia da Polimerase com Transcri\u00e7\u00e3o Reversa (RT-PCR)\u00a0<\/li>\n\n\n\n<li>As amostras de escolha s\u00e3o swabs combinados de nasofaringe e orofaringe, ou amostras de urina, coletadas preferencialmente nos primeiros dias da doen\u00e7a.<\/li>\n\n\n\n<li>Al\u00e9m da confirma\u00e7\u00e3o diagn\u00f3stica, o RT-PCR \u00e9 essencial para a vigil\u00e2ncia gen\u00f4mica.\u00a0<\/li>\n<\/ul>\n<\/li>\n<\/ul>\n\n\n\n<h2 class=\"wp-block-heading\" id=\"h-quais-as-possiveis-complicacoes\"><span class=\"ez-toc-section\" id=\"Quais_as_possiveis_complicacoes\"><\/span><strong>Quais as poss\u00edveis complica\u00e7\u00f5es?<\/strong><span class=\"ez-toc-section-end\"><\/span><\/h2>\n\n\n\n<h3 class=\"wp-block-heading\" id=\"h-a-respiratorias\"><span class=\"ez-toc-section\" id=\"A_Respiratorias\"><\/span><strong>A. Respirat\u00f3rias<\/strong><span class=\"ez-toc-section-end\"><\/span><\/h3>\n\n\n\n<ul class=\"wp-block-list\">\n<li><strong>Pneumonia:<\/strong> \u00c9 a complica\u00e7\u00e3o mais frequente e a principal causa de morte associada ao sarampo em crian\u00e7as. Pode se apresentar de duas formas principais:\n<ul class=\"wp-block-list\">\n<li><strong>Pneumonia Intersticial Viral Prim\u00e1ria:<\/strong> Causada pela replica\u00e7\u00e3o direta do v\u00edrus do sarampo no par\u00eanquima pulmonar.<\/li>\n\n\n\n<li><strong>Pneumonia Bacteriana Secund\u00e1ria:<\/strong> Mais comum, \u00e9 uma consequ\u00eancia direta da imunossupress\u00e3o induzida pelo v\u00edrus. Os agentes etiol\u00f3gicos mais frequentes s\u00e3o <em>Streptococcus pneumoniae<\/em>, <em>Haemophilus influenzae<\/em> e <em>Staphylococcus aureus<\/em>.<\/li>\n<\/ul>\n<\/li>\n\n\n\n<li><strong>Laringotraqueobronquite (Crupe):<\/strong> A inflama\u00e7\u00e3o da laringe, traqueia e br\u00f4nquios pode levar \u00e0 obstru\u00e7\u00e3o das vias a\u00e9reas superiores, causando estridor e insufici\u00eancia respirat\u00f3ria.<\/li>\n<\/ul>\n\n\n\n<h3 class=\"wp-block-heading\"><span class=\"ez-toc-section\" id=\"B_Complicacoes_Neurologicas\"><\/span><strong>B. Complica\u00e7\u00f5es Neurol\u00f3gicas<\/strong><span class=\"ez-toc-section-end\"><\/span><\/h3>\n\n\n\n<p>O envolvimento do sistema nervoso central (SNC) pelo sarampo pode ser devastador.<\/p>\n\n\n\n<ul class=\"wp-block-list\">\n<li><strong>Encefalite Aguda P\u00f3s-Infecciosa (Encefalomielite Disseminada Aguda &#8211; ADEM):<\/strong> Clinicamente, manifesta-se dias ap\u00f3s o in\u00edcio do exantema com febre, cefaleia, convuls\u00f5es e altera\u00e7\u00e3o do n\u00edvel de consci\u00eancia. A mortalidade \u00e9 significativa, e cerca de 25% dos sobreviventes podem apresentar sequelas neurol\u00f3gicas permanentes.<\/li>\n\n\n\n<li><strong>Panencefalite Esclerosante Subaguda (PEES):<\/strong> Esta \u00e9 uma complica\u00e7\u00e3o rara, tardia e invariavelmente fatal. Trata-se de uma doen\u00e7a neurodegenerativa progressiva causada pela persist\u00eancia de um v\u00edrus do sarampo defectivo no SNC.<\/li>\n<\/ul>\n\n\n\n<h3 class=\"wp-block-heading\"><span class=\"ez-toc-section\" id=\"C_Outras_Complicacoes_Comuns\"><\/span><strong>C. Outras Complica\u00e7\u00f5es Comuns<\/strong><span class=\"ez-toc-section-end\"><\/span><\/h3>\n\n\n\n<ul class=\"wp-block-list\">\n<li><strong>Otite M\u00e9dia Aguda<\/strong><\/li>\n\n\n\n<li><strong>Diarreia e Desidrata\u00e7\u00e3o<\/strong><\/li>\n\n\n\n<li><strong>Ceratoconjuntivite e Cegueira<\/strong><\/li>\n<\/ul>\n\n\n\n<h2 class=\"wp-block-heading\" id=\"h-manejo-clinico-e-tratamento\"><span class=\"ez-toc-section\" id=\"Manejo_Clinico_e_Tratamento\"><\/span><strong>Manejo Cl\u00ednico e Tratamento<\/strong><span class=\"ez-toc-section-end\"><\/span><\/h2>\n\n\n\n<p>Atualmente, n\u00e3o existe uma terapia antiviral espec\u00edfica para o sarampo. Portanto, o manejo cl\u00ednico \u00e9 primariamente de <strong>suporte, com foco no al\u00edvio dos sintomas, <\/strong>na manuten\u00e7\u00e3o do estado geral do paciente e na preven\u00e7\u00e3o, detec\u00e7\u00e3o e tratamento precoce das complica\u00e7\u00f5es.<\/p>\n\n\n\n<p>O tratamento de suporte \u00e9 a base do manejo de casos n\u00e3o complicados de sarampo e inclui:<\/p>\n\n\n\n<ul class=\"wp-block-list\">\n<li><strong>Hidrata\u00e7\u00e3o e Nutri\u00e7\u00e3o<\/strong><\/li>\n\n\n\n<li><strong>Controle da Febre e do Mal-Estar<\/strong><\/li>\n\n\n\n<li><strong>Manejo dos Sintomas Respirat\u00f3rios<\/strong><\/li>\n<\/ul>\n\n\n\n<p>A Organiza\u00e7\u00e3o Mundial da Sa\u00fade (OMS) e o Minist\u00e9rio da Sa\u00fade do Brasil recomendam a administra\u00e7\u00e3o de vitamina A para todas as crian\u00e7as diagnosticadas com sarampo, independentemente de seu estado nutricional aparente. O esquema posol\u00f3gico recomendado consiste em duas doses orais, administradas com 24 horas de intervalo:<\/p>\n\n\n\n<ul class=\"wp-block-list\">\n<li><strong>Crian\u00e7as menores de 6 meses:<\/strong> 50.000 UI por dia, por 2 dias.<\/li>\n\n\n\n<li><strong>Crian\u00e7as de 6 a 11 meses:<\/strong> 100.000 UI por dia, por 2 dias.<\/li>\n\n\n\n<li><strong>Crian\u00e7as com 12 meses ou mais:<\/strong> 200.000 UI por dia, por 2 dias.<\/li>\n<\/ul>\n\n\n\n<p>No Brasil, o Minist\u00e9rio da Sa\u00fade organiza a log\u00edstica de distribui\u00e7\u00e3o de c\u00e1psulas de vitamina A para os estados que enfrentam surtos, com protocolos que preveem a administra\u00e7\u00e3o da primeira dose na unidade de sa\u00fade e a segunda em domic\u00edlio, para minimizar o risco de transmiss\u00e3o.<\/p>\n\n\n\n<h2 class=\"wp-block-heading\" id=\"h-prevencao-e-controle\"><span class=\"ez-toc-section\" id=\"Prevencao_e_Controle\"><\/span><strong>Preven\u00e7\u00e3o e Controle<\/strong><span class=\"ez-toc-section-end\"><\/span><\/h2>\n\n\n\n<p>A estrat\u00e9gia mais eficaz, segura e custo-efetiva para o controle do sarampo \u00e9 a <strong>imuniza\u00e7\u00e3o em massa<\/strong>. A vacina\u00e7\u00e3o \u00e9 a pedra angular da preven\u00e7\u00e3o e a \u00fanica ferramenta capaz de levar \u00e0 elimina\u00e7\u00e3o da doen\u00e7a.<\/p>\n\n\n\n<p>As vacinas dispon\u00edveis no Programa Nacional de Imuniza\u00e7\u00f5es (PNI) do Brasil s\u00e3o:<\/p>\n\n\n\n<ul class=\"wp-block-list\">\n<li><strong>Tr\u00edplice Viral (SCR):<\/strong> Protege contra Sarampo, Caxumba e Rub\u00e9ola.<\/li>\n\n\n\n<li><strong>Tetra Viral (SCR-V):<\/strong> Protege contra Sarampo, Caxumba, Rub\u00e9ola e Varicela.<\/li>\n<\/ul>\n\n\n\n<h3 class=\"wp-block-heading\" id=\"h-esquema-vacinal-no-brasil-programa-nacional-de-imunizacoes-pni\"><span class=\"ez-toc-section\" id=\"Esquema_Vacinal_no_Brasil_Programa_Nacional_de_Imunizacoes_%E2%80%93_PNI\"><\/span><strong>Esquema Vacinal no Brasil (Programa Nacional de Imuniza\u00e7\u00f5es &#8211; PNI)<\/strong><span class=\"ez-toc-section-end\"><\/span><\/h3>\n\n\n\n<p>O esquema vacinal do PNI \u00e9 uma estrat\u00e9gia populacional din\u00e2mica, projetada para proteger indiv\u00edduos em diferentes fases da vida e se adaptar a cen\u00e1rios epidemiol\u00f3gicos vari\u00e1veis.<\/p>\n\n\n\n<ul class=\"wp-block-list\">\n<li><strong>Esquema Padr\u00e3o para Crian\u00e7as:<\/strong>\n<ul class=\"wp-block-list\">\n<li><strong>Primeira dose:<\/strong> Aos 12 meses de idade, com a vacina Tr\u00edplice Viral (SCR).<\/li>\n\n\n\n<li><strong>Segunda dose:<\/strong> Aos 15 meses de idade, com a vacina Tetra Viral (SCR-V), que funciona como refor\u00e7o para SCR e primeira dose para varicela.<\/li>\n<\/ul>\n<\/li>\n\n\n\n<li><strong>&#8220;Dose Zero&#8221;:<\/strong> Em situa\u00e7\u00f5es de surto de sarampo, o Minist\u00e9rio da Sa\u00fade pode recomendar a administra\u00e7\u00e3o de uma dose da vacina Tr\u00edplice Viral para crian\u00e7as entre 6 e 11 meses de idade. Esta dose visa oferecer prote\u00e7\u00e3o precoce aos lactentes jovens, que s\u00e3o particularmente vulner\u00e1veis a complica\u00e7\u00f5es. \u00c9 importante ressaltar que esta &#8220;dose zero&#8221; n\u00e3o substitui as doses do calend\u00e1rio de rotina; a crian\u00e7a ainda dever\u00e1 receber as vacinas aos 12 e 15 meses.<\/li>\n\n\n\n<li><strong>Vacina\u00e7\u00e3o de Adolescentes e Adultos (Catch-up):<\/strong> Para fechar as lacunas de imunidade em coortes mais velhas, o PNI estabelece:\n<ul class=\"wp-block-list\">\n<li><strong>Pessoas de 1 a 29 anos:<\/strong> Devem ter duas doses da vacina Tr\u00edplice Viral comprovadas, com um intervalo m\u00ednimo de 30 dias entre elas.<\/li>\n\n\n\n<li><strong>Pessoas de 30 a 59 anos:<\/strong> Devem ter uma dose da vacina Tr\u00edplice Viral comprovada.<\/li>\n\n\n\n<li><strong>Profissionais de Sa\u00fade:<\/strong> Devido ao maior risco de exposi\u00e7\u00e3o e transmiss\u00e3o, devem ter duas doses da vacina comprovadas, independentemente da idade.<\/li>\n<\/ul>\n<\/li>\n<\/ul>\n\n\n\n<h2 class=\"wp-block-heading\" id=\"h-conquiste-a-aprovacao\"><span class=\"ez-toc-section\" id=\"Conquiste_a_aprovacao\"><\/span><strong>Conquiste a aprova\u00e7\u00e3o<\/strong><span class=\"ez-toc-section-end\"><\/span><\/h2>\n\n\n\n<p>As provas de resid\u00eancia m\u00e9dica j\u00e1 come\u00e7aram! Se voc\u00ea quer garantir a sua aprova\u00e7\u00e3o nesta resta final, ent\u00e3o conhe\u00e7a o Grupo MedCof e a metodologia que j\u00e1 aprovou<a href=\"https:\/\/www.grupomedcof.com.br\/blog\/presenca-da-medcof-nas-aprovacoes-em-residencia-medica-no-brasil\/\" target=\"_blank\" rel=\"noreferrer noopener\">\u00a0<strong>mais de 20 mil residentes<\/strong>\u00a0<\/a>pelo pa\u00eds. Por fim, voc\u00ea pode acessar o nosso<a href=\"https:\/\/www.youtube.com\/@GrupoMedcof\/featured\" target=\"_blank\" rel=\"noreferrer noopener\"><strong>\u00a0canal do youtube<\/strong>\u00a0<\/a>e ver o nosso material de revis\u00e3o e corre\u00e7\u00e3o.<\/p>\n\n\n\n<figure class=\"wp-block-embed is-type-video is-provider-youtube wp-block-embed-youtube wp-embed-aspect-16-9 wp-has-aspect-ratio\"><div class=\"wp-block-embed__wrapper\">\n<div class=\"youtube-embed\" data-video_id=\"IafAd9Rjuzg\"><iframe loading=\"lazy\" title=\"USP-RP 2024 - R+ Pediatria  - Revis\u00e3o de V\u00e9spera Dominada - Prepare-se para a prova de resid\u00eancia\" width=\"696\" height=\"392\" src=\"https:\/\/www.youtube.com\/embed\/IafAd9Rjuzg?feature=oembed&#038;enablejsapi=1\" frameborder=\"0\" allow=\"accelerometer; autoplay; clipboard-write; encrypted-media; gyroscope; picture-in-picture; web-share\" referrerpolicy=\"strict-origin-when-cross-origin\" allowfullscreen><\/iframe><\/div>\n<\/div><\/figure>\n","protected":false},"excerpt":{"rendered":"<p>Doen\u00e7as exantem\u00e1ticas s\u00e3o s\u00edndromes infecciosas de origem viral, em sua maioria. Conhe\u00e7a mais sobre uma delas: o sarampo.<\/p>\n","protected":false},"author":21,"featured_media":16056,"comment_status":"open","ping_status":"open","sticky":false,"template":"","format":"standard","meta":{"footnotes":""},"categories":[120],"tags":[93,109,117,64],"ppma_author":[3617],"class_list":{"0":"post-16022","1":"post","2":"type-post","3":"status-publish","4":"format-standard","5":"has-post-thumbnail","7":"category-pediatria","8":"tag-especialidades-medicas","9":"tag-pediatria","10":"tag-provas-de-residencia","11":"tag-sarampo"},"yoast_head":"<!-- This site is optimized with the Yoast SEO Premium plugin v24.3 (Yoast SEO v27.4) - https:\/\/yoast.com\/product\/yoast-seo-premium-wordpress\/ -->\n<title>Sarampo: Situa\u00e7\u00e3o global, vacina\u00e7\u00e3o, transmiss\u00e3o e mais! - Blog de Medcof: conte\u00fados, editais, revalida e mais!<\/title>\n<meta name=\"description\" content=\"Doen\u00e7as exantem\u00e1ticas s\u00e3o s\u00edndromes infecciosas de origem viral, em sua maioria. Conhe\u00e7a mais sobre uma delas: o sarampo.\" \/>\n<meta name=\"robots\" content=\"index, follow, max-snippet:-1, max-image-preview:large, max-video-preview:-1\" \/>\n<link rel=\"canonical\" href=\"https:\/\/www.grupomedcof.com.br\/blog\/doencas-exantematicas-sarampo\/\" \/>\n<meta property=\"og:locale\" content=\"pt_BR\" \/>\n<meta property=\"og:type\" content=\"article\" \/>\n<meta property=\"og:title\" content=\"Sarampo: Situa\u00e7\u00e3o global, vacina\u00e7\u00e3o, transmiss\u00e3o e mais!\" \/>\n<meta property=\"og:description\" content=\"Doen\u00e7as exantem\u00e1ticas s\u00e3o s\u00edndromes infecciosas de origem viral, em sua maioria. Conhe\u00e7a mais sobre uma delas: o sarampo.\" \/>\n<meta property=\"og:url\" content=\"https:\/\/www.grupomedcof.com.br\/blog\/doencas-exantematicas-sarampo\/\" \/>\n<meta property=\"og:site_name\" content=\"Blog de Medcof: conte\u00fados, editais, revalida e mais!\" \/>\n<meta property=\"article:publisher\" content=\"https:\/\/www.facebook.com\/MedCofQbank\/\" \/>\n<meta property=\"article:published_time\" content=\"2025-10-02T12:09:07+00:00\" \/>\n<meta property=\"article:modified_time\" content=\"2025-10-02T12:09:08+00:00\" \/>\n<meta property=\"og:image\" content=\"https:\/\/www.grupomedcof.com.br\/blog\/wp-content\/uploads\/2023\/11\/Blog-MedCof-2023-11-06T125945.471-1024x576.png\" \/>\n\t<meta property=\"og:image:width\" content=\"1024\" \/>\n\t<meta property=\"og:image:height\" content=\"576\" \/>\n\t<meta property=\"og:image:type\" content=\"image\/png\" \/>\n<meta name=\"author\" content=\"Kiara Adelino\" \/>\n<meta name=\"twitter:card\" content=\"summary_large_image\" \/>\n<meta name=\"twitter:label1\" content=\"Escrito por\" \/>\n\t<meta name=\"twitter:data1\" content=\"Kiara Adelino\" \/>\n\t<meta name=\"twitter:label2\" content=\"Est. tempo de leitura\" \/>\n\t<meta name=\"twitter:data2\" content=\"16 minutos\" \/>\n<script type=\"application\/ld+json\" class=\"yoast-schema-graph\">{\"@context\":\"https:\\\/\\\/schema.org\",\"@graph\":[{\"@type\":\"Article\",\"@id\":\"https:\\\/\\\/www.grupomedcof.com.br\\\/blog\\\/doencas-exantematicas-sarampo\\\/#article\",\"isPartOf\":{\"@id\":\"https:\\\/\\\/www.grupomedcof.com.br\\\/blog\\\/doencas-exantematicas-sarampo\\\/\"},\"author\":{\"name\":\"Kiara Adelino\",\"@id\":\"https:\\\/\\\/www.grupomedcof.com.br\\\/blog\\\/#\\\/schema\\\/person\\\/db19a651f86c5fc202d6eee744fd3292\"},\"headline\":\"Sarampo: Situa\u00e7\u00e3o global, vacina\u00e7\u00e3o, transmiss\u00e3o e mais!\",\"datePublished\":\"2025-10-02T12:09:07+00:00\",\"dateModified\":\"2025-10-02T12:09:08+00:00\",\"mainEntityOfPage\":{\"@id\":\"https:\\\/\\\/www.grupomedcof.com.br\\\/blog\\\/doencas-exantematicas-sarampo\\\/\"},\"wordCount\":3015,\"commentCount\":2,\"publisher\":{\"@id\":\"https:\\\/\\\/www.grupomedcof.com.br\\\/blog\\\/#organization\"},\"image\":{\"@id\":\"https:\\\/\\\/www.grupomedcof.com.br\\\/blog\\\/doencas-exantematicas-sarampo\\\/#primaryimage\"},\"thumbnailUrl\":\"https:\\\/\\\/www.grupomedcof.com.br\\\/blog\\\/wp-content\\\/uploads\\\/2023\\\/11\\\/Blog-MedCof-2023-11-06T125945.471.png\",\"keywords\":[\"Especialidades m\u00e9dicas\",\"Pediatria\",\"Provas de Resid\u00eancia\",\"Sarampo\"],\"articleSection\":[\"Pediatria\"],\"inLanguage\":\"pt-BR\"},{\"@type\":\"WebPage\",\"@id\":\"https:\\\/\\\/www.grupomedcof.com.br\\\/blog\\\/doencas-exantematicas-sarampo\\\/\",\"url\":\"https:\\\/\\\/www.grupomedcof.com.br\\\/blog\\\/doencas-exantematicas-sarampo\\\/\",\"name\":\"Sarampo: Situa\u00e7\u00e3o global, vacina\u00e7\u00e3o, transmiss\u00e3o e mais! - Blog de Medcof: conte\u00fados, editais, revalida e mais!\",\"isPartOf\":{\"@id\":\"https:\\\/\\\/www.grupomedcof.com.br\\\/blog\\\/#website\"},\"primaryImageOfPage\":{\"@id\":\"https:\\\/\\\/www.grupomedcof.com.br\\\/blog\\\/doencas-exantematicas-sarampo\\\/#primaryimage\"},\"image\":{\"@id\":\"https:\\\/\\\/www.grupomedcof.com.br\\\/blog\\\/doencas-exantematicas-sarampo\\\/#primaryimage\"},\"thumbnailUrl\":\"https:\\\/\\\/www.grupomedcof.com.br\\\/blog\\\/wp-content\\\/uploads\\\/2023\\\/11\\\/Blog-MedCof-2023-11-06T125945.471.png\",\"datePublished\":\"2025-10-02T12:09:07+00:00\",\"dateModified\":\"2025-10-02T12:09:08+00:00\",\"description\":\"Doen\u00e7as exantem\u00e1ticas s\u00e3o s\u00edndromes infecciosas de origem viral, em sua maioria. Conhe\u00e7a mais sobre uma delas: o sarampo.\",\"breadcrumb\":{\"@id\":\"https:\\\/\\\/www.grupomedcof.com.br\\\/blog\\\/doencas-exantematicas-sarampo\\\/#breadcrumb\"},\"inLanguage\":\"pt-BR\",\"potentialAction\":[{\"@type\":\"ReadAction\",\"target\":[\"https:\\\/\\\/www.grupomedcof.com.br\\\/blog\\\/doencas-exantematicas-sarampo\\\/\"]}]},{\"@type\":\"ImageObject\",\"inLanguage\":\"pt-BR\",\"@id\":\"https:\\\/\\\/www.grupomedcof.com.br\\\/blog\\\/doencas-exantematicas-sarampo\\\/#primaryimage\",\"url\":\"https:\\\/\\\/www.grupomedcof.com.br\\\/blog\\\/wp-content\\\/uploads\\\/2023\\\/11\\\/Blog-MedCof-2023-11-06T125945.471.png\",\"contentUrl\":\"https:\\\/\\\/www.grupomedcof.com.br\\\/blog\\\/wp-content\\\/uploads\\\/2023\\\/11\\\/Blog-MedCof-2023-11-06T125945.471.png\",\"width\":2560,\"height\":1440,\"caption\":\"Aprenda sobre as principais doen\u00e7as exantematicas e como diferenci\u00e1-las\"},{\"@type\":\"BreadcrumbList\",\"@id\":\"https:\\\/\\\/www.grupomedcof.com.br\\\/blog\\\/doencas-exantematicas-sarampo\\\/#breadcrumb\",\"itemListElement\":[{\"@type\":\"ListItem\",\"position\":1,\"name\":\"In\u00edcio\",\"item\":\"https:\\\/\\\/www.grupomedcof.com.br\\\/blog\\\/\"},{\"@type\":\"ListItem\",\"position\":2,\"name\":\"Sarampo: Situa\u00e7\u00e3o global, vacina\u00e7\u00e3o, transmiss\u00e3o e mais!\"}]},{\"@type\":\"WebSite\",\"@id\":\"https:\\\/\\\/www.grupomedcof.com.br\\\/blog\\\/#website\",\"url\":\"https:\\\/\\\/www.grupomedcof.com.br\\\/blog\\\/\",\"name\":\"Blog de Medcof: conte\u00fados, editais, revalida e mais!\",\"description\":\"Acesso o blog de MedCof! Seu portal de conte\u00fados sobre resid\u00eancia m\u00e9dica, an\u00e1lise e editais e muito mais. Clique e confira!\",\"publisher\":{\"@id\":\"https:\\\/\\\/www.grupomedcof.com.br\\\/blog\\\/#organization\"},\"alternateName\":\"Blog de Medcof: conte\u00fados, editais, revalida e mais!\",\"potentialAction\":[{\"@type\":\"SearchAction\",\"target\":{\"@type\":\"EntryPoint\",\"urlTemplate\":\"https:\\\/\\\/www.grupomedcof.com.br\\\/blog\\\/?s={search_term_string}\"},\"query-input\":{\"@type\":\"PropertyValueSpecification\",\"valueRequired\":true,\"valueName\":\"search_term_string\"}}],\"inLanguage\":\"pt-BR\"},{\"@type\":\"Organization\",\"@id\":\"https:\\\/\\\/www.grupomedcof.com.br\\\/blog\\\/#organization\",\"name\":\"Grupo MedCof\",\"url\":\"https:\\\/\\\/www.grupomedcof.com.br\\\/blog\\\/\",\"logo\":{\"@type\":\"ImageObject\",\"inLanguage\":\"pt-BR\",\"@id\":\"https:\\\/\\\/www.grupomedcof.com.br\\\/blog\\\/#\\\/schema\\\/logo\\\/image\\\/\",\"url\":\"https:\\\/\\\/www.grupomedcof.com.br\\\/blog\\\/wp-content\\\/uploads\\\/2022\\\/01\\\/logo-medcof.png\",\"contentUrl\":\"https:\\\/\\\/www.grupomedcof.com.br\\\/blog\\\/wp-content\\\/uploads\\\/2022\\\/01\\\/logo-medcof.png\",\"width\":768,\"height\":269,\"caption\":\"Grupo MedCof\"},\"image\":{\"@id\":\"https:\\\/\\\/www.grupomedcof.com.br\\\/blog\\\/#\\\/schema\\\/logo\\\/image\\\/\"},\"sameAs\":[\"https:\\\/\\\/www.facebook.com\\\/MedCofQbank\\\/\",\"https:\\\/\\\/www.instagram.com\\\/grupomedcof\\\/\",\"https:\\\/\\\/br.linkedin.com\\\/company\\\/medcof\",\"https:\\\/\\\/www.youtube.com\\\/channel\\\/UCdHMuOHKICxcHwecxN8P-AA\"]},{\"@type\":\"Person\",\"@id\":\"https:\\\/\\\/www.grupomedcof.com.br\\\/blog\\\/#\\\/schema\\\/person\\\/db19a651f86c5fc202d6eee744fd3292\",\"name\":\"Kiara Adelino\",\"image\":{\"@type\":\"ImageObject\",\"inLanguage\":\"pt-BR\",\"@id\":\"https:\\\/\\\/www.grupomedcof.com.br\\\/blog\\\/wp-content\\\/uploads\\\/2024\\\/08\\\/cropped-Kiara-Adelino2-96x96.jpega85663bdda67261f8f06f86e555e1e49\",\"url\":\"https:\\\/\\\/www.grupomedcof.com.br\\\/blog\\\/wp-content\\\/uploads\\\/2024\\\/08\\\/cropped-Kiara-Adelino2-96x96.jpeg\",\"contentUrl\":\"https:\\\/\\\/www.grupomedcof.com.br\\\/blog\\\/wp-content\\\/uploads\\\/2024\\\/08\\\/cropped-Kiara-Adelino2-96x96.jpeg\",\"caption\":\"Kiara Adelino\"},\"description\":\"Estudante do 5\u00b0 semestre de Medicina. Gosto bastante de aprender coisas novas, principalmente na \u00e1rea de Neurologia e Anatomia humana.\",\"url\":\"https:\\\/\\\/www.grupomedcof.com.br\\\/blog\\\/author\\\/kiara-adelino\\\/\"}]}<\/script>\n<!-- \/ Yoast SEO Premium plugin. -->","yoast_head_json":{"title":"Sarampo: Situa\u00e7\u00e3o global, vacina\u00e7\u00e3o, transmiss\u00e3o e mais! - Blog de Medcof: conte\u00fados, editais, revalida e mais!","description":"Doen\u00e7as exantem\u00e1ticas s\u00e3o s\u00edndromes infecciosas de origem viral, em sua maioria. Conhe\u00e7a mais sobre uma delas: o sarampo.","robots":{"index":"index","follow":"follow","max-snippet":"max-snippet:-1","max-image-preview":"max-image-preview:large","max-video-preview":"max-video-preview:-1"},"canonical":"https:\/\/www.grupomedcof.com.br\/blog\/doencas-exantematicas-sarampo\/","og_locale":"pt_BR","og_type":"article","og_title":"Sarampo: Situa\u00e7\u00e3o global, vacina\u00e7\u00e3o, transmiss\u00e3o e mais!","og_description":"Doen\u00e7as exantem\u00e1ticas s\u00e3o s\u00edndromes infecciosas de origem viral, em sua maioria. Conhe\u00e7a mais sobre uma delas: o sarampo.","og_url":"https:\/\/www.grupomedcof.com.br\/blog\/doencas-exantematicas-sarampo\/","og_site_name":"Blog de Medcof: conte\u00fados, editais, revalida e mais!","article_publisher":"https:\/\/www.facebook.com\/MedCofQbank\/","article_published_time":"2025-10-02T12:09:07+00:00","article_modified_time":"2025-10-02T12:09:08+00:00","og_image":[{"width":1024,"height":576,"url":"https:\/\/www.grupomedcof.com.br\/blog\/wp-content\/uploads\/2023\/11\/Blog-MedCof-2023-11-06T125945.471-1024x576.png","type":"image\/png"}],"author":"Kiara Adelino","twitter_card":"summary_large_image","twitter_misc":{"Escrito por":"Kiara Adelino","Est. tempo de leitura":"16 minutos"},"schema":{"@context":"https:\/\/schema.org","@graph":[{"@type":"Article","@id":"https:\/\/www.grupomedcof.com.br\/blog\/doencas-exantematicas-sarampo\/#article","isPartOf":{"@id":"https:\/\/www.grupomedcof.com.br\/blog\/doencas-exantematicas-sarampo\/"},"author":{"name":"Kiara Adelino","@id":"https:\/\/www.grupomedcof.com.br\/blog\/#\/schema\/person\/db19a651f86c5fc202d6eee744fd3292"},"headline":"Sarampo: Situa\u00e7\u00e3o global, vacina\u00e7\u00e3o, transmiss\u00e3o e mais!","datePublished":"2025-10-02T12:09:07+00:00","dateModified":"2025-10-02T12:09:08+00:00","mainEntityOfPage":{"@id":"https:\/\/www.grupomedcof.com.br\/blog\/doencas-exantematicas-sarampo\/"},"wordCount":3015,"commentCount":2,"publisher":{"@id":"https:\/\/www.grupomedcof.com.br\/blog\/#organization"},"image":{"@id":"https:\/\/www.grupomedcof.com.br\/blog\/doencas-exantematicas-sarampo\/#primaryimage"},"thumbnailUrl":"https:\/\/www.grupomedcof.com.br\/blog\/wp-content\/uploads\/2023\/11\/Blog-MedCof-2023-11-06T125945.471.png","keywords":["Especialidades m\u00e9dicas","Pediatria","Provas de Resid\u00eancia","Sarampo"],"articleSection":["Pediatria"],"inLanguage":"pt-BR"},{"@type":"WebPage","@id":"https:\/\/www.grupomedcof.com.br\/blog\/doencas-exantematicas-sarampo\/","url":"https:\/\/www.grupomedcof.com.br\/blog\/doencas-exantematicas-sarampo\/","name":"Sarampo: Situa\u00e7\u00e3o global, vacina\u00e7\u00e3o, transmiss\u00e3o e mais! - Blog de Medcof: conte\u00fados, editais, revalida e mais!","isPartOf":{"@id":"https:\/\/www.grupomedcof.com.br\/blog\/#website"},"primaryImageOfPage":{"@id":"https:\/\/www.grupomedcof.com.br\/blog\/doencas-exantematicas-sarampo\/#primaryimage"},"image":{"@id":"https:\/\/www.grupomedcof.com.br\/blog\/doencas-exantematicas-sarampo\/#primaryimage"},"thumbnailUrl":"https:\/\/www.grupomedcof.com.br\/blog\/wp-content\/uploads\/2023\/11\/Blog-MedCof-2023-11-06T125945.471.png","datePublished":"2025-10-02T12:09:07+00:00","dateModified":"2025-10-02T12:09:08+00:00","description":"Doen\u00e7as exantem\u00e1ticas s\u00e3o s\u00edndromes infecciosas de origem viral, em sua maioria. Conhe\u00e7a mais sobre uma delas: o sarampo.","breadcrumb":{"@id":"https:\/\/www.grupomedcof.com.br\/blog\/doencas-exantematicas-sarampo\/#breadcrumb"},"inLanguage":"pt-BR","potentialAction":[{"@type":"ReadAction","target":["https:\/\/www.grupomedcof.com.br\/blog\/doencas-exantematicas-sarampo\/"]}]},{"@type":"ImageObject","inLanguage":"pt-BR","@id":"https:\/\/www.grupomedcof.com.br\/blog\/doencas-exantematicas-sarampo\/#primaryimage","url":"https:\/\/www.grupomedcof.com.br\/blog\/wp-content\/uploads\/2023\/11\/Blog-MedCof-2023-11-06T125945.471.png","contentUrl":"https:\/\/www.grupomedcof.com.br\/blog\/wp-content\/uploads\/2023\/11\/Blog-MedCof-2023-11-06T125945.471.png","width":2560,"height":1440,"caption":"Aprenda sobre as principais doen\u00e7as exantematicas e como diferenci\u00e1-las"},{"@type":"BreadcrumbList","@id":"https:\/\/www.grupomedcof.com.br\/blog\/doencas-exantematicas-sarampo\/#breadcrumb","itemListElement":[{"@type":"ListItem","position":1,"name":"In\u00edcio","item":"https:\/\/www.grupomedcof.com.br\/blog\/"},{"@type":"ListItem","position":2,"name":"Sarampo: Situa\u00e7\u00e3o global, vacina\u00e7\u00e3o, transmiss\u00e3o e mais!"}]},{"@type":"WebSite","@id":"https:\/\/www.grupomedcof.com.br\/blog\/#website","url":"https:\/\/www.grupomedcof.com.br\/blog\/","name":"Blog de Medcof: conte\u00fados, editais, revalida e mais!","description":"Acesso o blog de MedCof! Seu portal de conte\u00fados sobre resid\u00eancia m\u00e9dica, an\u00e1lise e editais e muito mais. Clique e confira!","publisher":{"@id":"https:\/\/www.grupomedcof.com.br\/blog\/#organization"},"alternateName":"Blog de Medcof: conte\u00fados, editais, revalida e mais!","potentialAction":[{"@type":"SearchAction","target":{"@type":"EntryPoint","urlTemplate":"https:\/\/www.grupomedcof.com.br\/blog\/?s={search_term_string}"},"query-input":{"@type":"PropertyValueSpecification","valueRequired":true,"valueName":"search_term_string"}}],"inLanguage":"pt-BR"},{"@type":"Organization","@id":"https:\/\/www.grupomedcof.com.br\/blog\/#organization","name":"Grupo MedCof","url":"https:\/\/www.grupomedcof.com.br\/blog\/","logo":{"@type":"ImageObject","inLanguage":"pt-BR","@id":"https:\/\/www.grupomedcof.com.br\/blog\/#\/schema\/logo\/image\/","url":"https:\/\/www.grupomedcof.com.br\/blog\/wp-content\/uploads\/2022\/01\/logo-medcof.png","contentUrl":"https:\/\/www.grupomedcof.com.br\/blog\/wp-content\/uploads\/2022\/01\/logo-medcof.png","width":768,"height":269,"caption":"Grupo MedCof"},"image":{"@id":"https:\/\/www.grupomedcof.com.br\/blog\/#\/schema\/logo\/image\/"},"sameAs":["https:\/\/www.facebook.com\/MedCofQbank\/","https:\/\/www.instagram.com\/grupomedcof\/","https:\/\/br.linkedin.com\/company\/medcof","https:\/\/www.youtube.com\/channel\/UCdHMuOHKICxcHwecxN8P-AA"]},{"@type":"Person","@id":"https:\/\/www.grupomedcof.com.br\/blog\/#\/schema\/person\/db19a651f86c5fc202d6eee744fd3292","name":"Kiara Adelino","image":{"@type":"ImageObject","inLanguage":"pt-BR","@id":"https:\/\/www.grupomedcof.com.br\/blog\/wp-content\/uploads\/2024\/08\/cropped-Kiara-Adelino2-96x96.jpega85663bdda67261f8f06f86e555e1e49","url":"https:\/\/www.grupomedcof.com.br\/blog\/wp-content\/uploads\/2024\/08\/cropped-Kiara-Adelino2-96x96.jpeg","contentUrl":"https:\/\/www.grupomedcof.com.br\/blog\/wp-content\/uploads\/2024\/08\/cropped-Kiara-Adelino2-96x96.jpeg","caption":"Kiara Adelino"},"description":"Estudante do 5\u00b0 semestre de Medicina. Gosto bastante de aprender coisas novas, principalmente na \u00e1rea de Neurologia e Anatomia humana.","url":"https:\/\/www.grupomedcof.com.br\/blog\/author\/kiara-adelino\/"}]}},"authors":[{"term_id":3617,"user_id":21,"is_guest":0,"slug":"kiara-adelino","display_name":"Kiara Adelino","avatar_url":"https:\/\/www.grupomedcof.com.br\/blog\/wp-content\/uploads\/2024\/08\/cropped-Kiara-Adelino2-96x96.jpeg","0":null,"1":"","2":"","3":"","4":"","5":"","6":"","7":"","8":""}],"_links":{"self":[{"href":"https:\/\/www.grupomedcof.com.br\/blog\/wp-json\/wp\/v2\/posts\/16022","targetHints":{"allow":["GET"]}}],"collection":[{"href":"https:\/\/www.grupomedcof.com.br\/blog\/wp-json\/wp\/v2\/posts"}],"about":[{"href":"https:\/\/www.grupomedcof.com.br\/blog\/wp-json\/wp\/v2\/types\/post"}],"author":[{"embeddable":true,"href":"https:\/\/www.grupomedcof.com.br\/blog\/wp-json\/wp\/v2\/users\/21"}],"replies":[{"embeddable":true,"href":"https:\/\/www.grupomedcof.com.br\/blog\/wp-json\/wp\/v2\/comments?post=16022"}],"version-history":[{"count":1,"href":"https:\/\/www.grupomedcof.com.br\/blog\/wp-json\/wp\/v2\/posts\/16022\/revisions"}],"predecessor-version":[{"id":38300,"href":"https:\/\/www.grupomedcof.com.br\/blog\/wp-json\/wp\/v2\/posts\/16022\/revisions\/38300"}],"wp:featuredmedia":[{"embeddable":true,"href":"https:\/\/www.grupomedcof.com.br\/blog\/wp-json\/wp\/v2\/media\/16056"}],"wp:attachment":[{"href":"https:\/\/www.grupomedcof.com.br\/blog\/wp-json\/wp\/v2\/media?parent=16022"}],"wp:term":[{"taxonomy":"category","embeddable":true,"href":"https:\/\/www.grupomedcof.com.br\/blog\/wp-json\/wp\/v2\/categories?post=16022"},{"taxonomy":"post_tag","embeddable":true,"href":"https:\/\/www.grupomedcof.com.br\/blog\/wp-json\/wp\/v2\/tags?post=16022"},{"taxonomy":"author","embeddable":true,"href":"https:\/\/www.grupomedcof.com.br\/blog\/wp-json\/wp\/v2\/ppma_author?post=16022"}],"curies":[{"name":"wp","href":"https:\/\/api.w.org\/{rel}","templated":true}]}}